{"id":29551,"date":"2019-06-29T12:21:40","date_gmt":"2019-06-29T15:21:40","guid":{"rendered":"https:\/\/www.suno.com.br\/noticias\/?p=29551"},"modified":"2021-06-13T23:43:01","modified_gmt":"2021-06-14T02:43:01","slug":"guerra-comercial-nova-tregua","status":"publish","type":"post","link":"https:\/\/www.suno.com.br\/noticias\/guerra-comercial-nova-tregua\/","title":{"rendered":"Guerra comercial tem nova tr\u00e9gua ap\u00f3s encontro entre Trump e Xi"},"content":{"rendered":"<p>Os presidentes dos EUA,<strong> <a href=\"https:\/\/www.suno.com.br\/tudo-sobre\/donald-trump\/\">Donald Trump<\/a><\/strong>, e da China, <strong>Xi Jinping<\/strong>, tiveram o esperado encontro neste s\u00e1bado (29) durante a c\u00fapula do <a href=\"https:\/\/www.suno.com.br\/artigos\/g20\/\">G20<\/a>. Na reuni\u00e3o, os mandat\u00e1rios concordaram com uma <strong>nova tr\u00e9gua<\/strong> na guerra comercial.\u00a0As informa\u00e7\u00f5es s\u00e3o da ag\u00eancia &#8220;Ansa&#8221;.<\/p>\t<div class=\"wrapper-featured-image\">\n\t\t<figure class=\"spotlightImg\">\n\n\t\t\t<picture>\n\t\t\t\t<source media=\"(max-width: 768px)\" srcset=\"https:\/\/files.sunoresearch.com.br\/n\/uploads\/2019\/05\/722a6961-donald_trump_ao_lado_de_xi_jinping_em_novembro_de_2017-jpg.webp\">\n\t\t\t\t<img loading=\"lazy\" decoding=\"async\" class=\"newsContent__article__imgCapa lazyloadDisabled newsContent__article__imgCapa--noCaption\" src=\"https:\/\/files.sunoresearch.com.br\/n\/uploads\/2019\/05\/722a6961-donald_trump_ao_lado_de_xi_jinping_em_novembro_de_2017-jpg.webp\" width=\"800\" height=\"450\" alt=\"Guerra comercial tem nova tr\u00e9gua ap\u00f3s encontro entre Trump e Xi\" fetchpriority=high \/>\n\t\t\t<\/picture>\n\n\t\t\t<figcaption class=\"wp-caption-text wp-caption-text--hide\">Os l\u00edderes dos EUA e da China, Donald Trump e Xi Jinping, respectivamente. (divulga\u00e7\u00e3o)<\/figcaption>\n\t\t<\/figure>\n\t<\/div>\n\n\n<p>A <strong>China<\/strong> e os <strong>EUA<\/strong> tamb\u00e9m concordaram com o retorno das <strong>negocia\u00e7\u00f5es<\/strong>. Assim, demonstram engajamento para que as na\u00e7\u00f5es cheguem a um acordo e encerrem a <strong>guerra comercial<\/strong>. A nova <strong>tr\u00e9gua<\/strong> n\u00e3o tem per\u00edodo definido.<\/p>\n<p>A reuni\u00e3o durou cerca de 80 minutos em Osaka, no Jap\u00e3o, na <strong>14\u00aa c\u00fapula do G20<\/strong>. Esta \u00e9 a segunda <strong>tr\u00e9gua<\/strong> acordada entre os pa\u00edses.<\/p>\n\t<p>\n\t\t<a href=\"https:\/\/lp.suno.com.br\/4-emissao-snel11\/\" target=\"_blank\" data-element=\"shortcode-suno-banner\" title=\"Banner SUNO, clique e saiba mais\">\n\t\t\t<picture>\n\t\t\t\t<source media=\"(max-width: 500px)\" srcset=\"https:\/\/files.sunoresearch.com.br\/n\/uploads\/2025\/07\/400x300-Mobile-Artigos-7.webp\">\n\t\t\t\t<img class=\"newsContent__article__imgCapa newsContent__article__imgCapa--banner\"\n\t\t\t\t\tsrc=\"https:\/\/files.sunoresearch.com.br\/n\/uploads\/2025\/07\/1420x240-Banner-Artigos-1-_-Banner-Materias-5.webp\"\n\t\t\t\t\tdata-promo-id=\"613822\"\t\t\t\t\t\t\t\t\t\twidth='1420' height='240'\t\t\t\t\talt=\"https:\/\/files.sunoresearch.com.br\/n\/uploads\/2025\/07\/1420x240-Banner-Artigos-1-_-Banner-Materias-5.webp\"\n\t\t\t\t>\n\t\t\t<\/picture>\n\t\t<\/a>\n\t<\/p>\n\n\n<p>\u201cTivemos uma \u00f3tima reuni\u00e3o com o presidente chin\u00eas, Xi [\u2026]. Diria que foi excelente. Voltamos a um bom caminho\u201d, disse o mandat\u00e1rio dos <strong>EUA<\/strong>.<\/p>\n<p>&#8220;Por enquanto, n\u00e3o haver\u00e1 novos aumentos de <strong>impostos<\/strong>, mas as <strong>negocia\u00e7\u00f5es<\/strong> ser\u00e3o retomadas&#8221;, afirmou <strong>Trump<\/strong>.\u00a0Em adendo, o mandat\u00e1rio tamb\u00e9m liberou a <strong>Huawei<\/strong>, gigante chinesa de tecnologia, para comprar de fornecedores norte-americanos &#8220;onde n\u00e3o houver grandes problemas com a seguran\u00e7a nacional&#8221;.<\/p>\n<p>Conforme a ag\u00eancia &#8220;Xinhua&#8221;, a retomada das negocia\u00e7\u00f5es ser\u00e1\u00a0\u00a0\u201csobre a base da igualdade e do <strong>respeito m\u00fatuo<\/strong>\u201d.<\/p>\n<p><a href=\"https:\/\/www.suno.com.br\/noticias\/g20-encontro-trump-xi-jinping\/\">Saiba mais &#8211;\u00a0G20: Encontro de Trump e Xi Jinping \u00e9 o mais esperado da reuni\u00e3o<\/a><\/p>\n<h2>Huawei e a guerra comercial<\/h2>\n<p>A <strong>Huawei<\/strong> entrou na &#8220;lista negra&#8221; de <strong>Trump<\/strong>, como uma empresa que possivelmente estaria ligada \u00e0 espionagem. Isto devido ao trabalho de implanta\u00e7\u00e3o da rede\u00a0<strong>5G<\/strong> e de seus contratos com empresas do <strong>Ir\u00e3<\/strong>.<\/p>\n<p>Deste modo, a <strong>Huawei<\/strong> teve os neg\u00f3cios com o <strong>Google<\/strong> suspensos. O buscador do <strong>Grupo Alphabet<\/strong> fornecia o uso de seu sistema operacional <strong>Android<\/strong> para smartphones da Huawei. Ap\u00f3s a quebra da rela\u00e7\u00e3o, a Huawei decidiu desenvolver o pr\u00f3prio sistema.<\/p>\n<p>Por conta da suspeita de que a <strong>Huawei<\/strong> estaria realizando servi\u00e7os de espionagem nos Estados Unidos, a filha do fundador da chinesa Ren Zhengfei, e tamb\u00e9m CFO da gigante, Meng Wanzhou, foi presa no Canad\u00e1 em 5 de dezembro de 2018.<\/p>\n<p>Assim teve in\u00edcio um <strong>conflito diplom\u00e1tico<\/strong> entre <strong>EUA<\/strong> e <strong>China<\/strong>.<\/p>\n<p><a href=\"https:\/\/www.suno.com.br\/noticias\/huawei-google-suspende-trump-lista-negra\/\">Saiba mais &#8211;\u00a0Google suspende neg\u00f3cios com Huawei ap\u00f3s lista negra de Trump<\/a><\/p>\n<h2>Hist\u00f3ria entre as na\u00e7\u00f5es<\/h2>\n<p>No in\u00edcio da reuni\u00e3o, Xi comentou com Trump que ambos estavam sentados perto do local onde 48 anos atr\u00e1s atletas chineses e norte-americanos se enfrentaram no t\u00eanis de mesa e abriram a porta para a\u00a0\u201c<strong>diplomacia do ping-pong<\/strong>\u201d entre as duas pot\u00eancias.<\/p>\n<h2>Antes da reuni\u00e3o entre Trump e Xi<\/h2>\n<p>Antes do encontro, <strong>Trump<\/strong> declarou que \u201cseria hist\u00f3rico se pud\u00e9ssemos alcan\u00e7ar um <strong>acordo comercial<\/strong> justo\u201d. E completou que estava \u201ctotalmente aberto a isto\u201d. Por sua vez, Xi opinou que \u201co di\u00e1logo\u201d \u00e9 prefer\u00edvel \u00e0 \u201cconfronta\u00e7\u00e3o\u201d.<\/p>\n\t<p>\n\t\t<a href=\"https:\/\/lp.suno.com.br\/ebook-como-analisar-uma-acao\/\" target=\"_blank\" data-element=\"shortcode-suno-banner\" title=\"Banner SUNO, clique e saiba mais\">\n\t\t\t<picture>\n\t\t\t\t<source media=\"(max-width: 500px)\" srcset=\"https:\/\/files.sunoresearch.com.br\/n\/uploads\/2023\/03\/Ebook-Acoes-Mobile-1.jpg\">\n\t\t\t\t<img class=\"newsContent__article__imgCapa newsContent__article__imgCapa--banner\"\n\t\t\t\t\tsrc=\"https:\/\/files.sunoresearch.com.br\/n\/uploads\/2023\/03\/Ebook-Acoes-Desktop-1.jpg\"\n\t\t\t\t\tdata-promo-id=\"171998\"\t\t\t\t\t\t\t\t\t\twidth='1420' height='286'\t\t\t\t\talt=\"https:\/\/files.sunoresearch.com.br\/n\/uploads\/2023\/03\/Ebook-Acoes-Desktop-1.jpg\"\n\t\t\t\t>\n\t\t\t<\/picture>\n\t\t<\/a>\n\t<\/p>\n\n\n<p>Al\u00e9m disso, o presidente dos EUA manteve postura otimista antes da reuni\u00e3o, dizendo que esperava que a mesma fosse\u00a0\u201cprodutiva\u201d. Alinhado com <strong>Trump<\/strong>, Xi tamb\u00e9m mostrou postura semelhante, e alegou que esperava\u00a0\u201cresultados positivos\u201d, contanto que <strong>Washington<\/strong> entendesse as\u00a0\u201cpreocupa\u00e7\u00f5es leg\u00edtimas\u201d de <strong>Pequim<\/strong>.<\/p>\n<h2>Guerra comercial em 2019<\/h2>\n<p>A primeira <strong>tr\u00e9gua<\/strong> estabelecida entre a China e os EUA ocorreu na<strong> 13\u00aa c\u00fapula do G20<\/strong> em Buenos Aires, na Argentina. Em 1\u00ba de dezembro de 2018, os presidentes Trump e Xi definiram que n\u00e3o aplicariam tarifas alfandeg\u00e1rias sobre a importa\u00e7\u00e3o do pa\u00eds oposto pelo per\u00edodo de <strong>90 dias<\/strong>.<\/p>\n<p>A <strong>tr\u00e9gua<\/strong> foi cumprida, e teve fim em 1\u00ba de mar\u00e7o deste ano. Assim, no in\u00edcio de maio, <strong>Trump<\/strong> voltou a amea\u00e7ar a <strong>China<\/strong> com novas taxas sobre a importa\u00e7\u00e3o de produtos de alta tecnologia, por conta das dificuldades em se chegar em um acordo comercial com o pa\u00eds asi\u00e1tico.<\/p>\n<p><a href=\"https:\/\/www.suno.com.br\/noticias\/trump-eleva-tarifas-em-us-200-bilhoes-china-afirma-retaliar\/\">Saiba mais &#8211;\u00a0Trump eleva tarifas em US$ 200 bilh\u00f5es; China afirma retaliar\u00a0<\/a><\/p>\n<p>Em 10 de maio, a <strong>amea\u00e7a<\/strong> foi cumprida. E Trump elevou as <strong>tarifas alfandeg\u00e1rias<\/strong> de 10% para 25% sobre cerca de US$ 200 bilh\u00f5es de produtos importados chineses.<\/p>\n<p>Como retalia\u00e7\u00e3o, e dando g\u00e1s \u00e0\u00a0<strong>guerra comercial<\/strong>, a China imp\u00f4s taxas de 20% a 25% sobre US% 60 bilh\u00f5es da importa\u00e7\u00e3o norte-americana, tr\u00eas dias depois.<\/p>\n","protected":false},"excerpt":{"rendered":"<p>Os presidentes dos EUA, Donald Trump, e da China, Xi Jinping, tiveram o esperado encontro neste s\u00e1bado (29) durante a c\u00fapula do G20. Na reuni\u00e3o, os mandat\u00e1rios concordaram com uma nova tr\u00e9gua na guerra comercial.\u00a0As informa\u00e7\u00f5es s\u00e3o da ag\u00eancia &#8220;Ansa&#8221;. Os l\u00edderes dos EUA e da China, Donald Trump e Xi Jinping, respectivamente. (divulga\u00e7\u00e3o) A [&hellip;]<\/p>\n","protected":false},"author":12,"featured_media":24211,"comment_status":"closed","ping_status":"closed","sticky":false,"template":"","format":"standard","meta":[],"categories":[63],"tags":[711,793,980],"suno_strategy":[],"class_list":["post-29551","post","type-post","status-publish","format-standard","has-post-thumbnail","hentry","category-internacional","tag-china","tag-estados-unidos-eua","tag-guerra-comercial"],"yoast_head":"<!-- This site is optimized with the Yoast SEO plugin v24.4 - https:\/\/yoast.com\/wordpress\/plugins\/seo\/ -->\n<title>Guerra comercial tem nova tr\u00e9gua ap\u00f3s encontro entre Trump e Xi<\/title>\n<meta name=\"description\" content=\"A guerra comercial ganhou uma nova tr\u00e9gua e a retomada das negocia\u00e7\u00f5es entre seus protagonistas: a China e os EUA. Clique para saber mais.\" \/>\n<meta name=\"robots\" content=\"index, follow, max-snippet:-1, max-image-preview:large, max-video-preview:-1\" \/>\n<link rel=\"canonical\" href=\"https:\/\/www.suno.com.br\/noticias\/guerra-comercial-nova-tregua\/\" \/>\n<meta property=\"og:locale\" content=\"pt_BR\" \/>\n<meta property=\"og:type\" content=\"article\" \/>\n<meta property=\"og:title\" content=\"Guerra comercial tem nova tr\u00e9gua ap\u00f3s encontro entre Trump e Xi\" \/>\n<meta property=\"og:description\" content=\"A guerra comercial ganhou uma nova tr\u00e9gua e a retomada das negocia\u00e7\u00f5es entre seus protagonistas: a China e os EUA. Clique para saber mais.\" \/>\n<meta property=\"og:url\" content=\"https:\/\/www.suno.com.br\/noticias\/guerra-comercial-nova-tregua\/\" \/>\n<meta property=\"og:site_name\" content=\"Suno Not\u00edcias\" \/>\n<meta property=\"article:publisher\" content=\"https:\/\/facebook.com\/sunoresearch\" \/>\n<meta property=\"og:image\" content=\"https:\/\/files.sunoresearch.com.br\/n\/uploads\/2019\/05\/722a6961-donald_trump_ao_lado_de_xi_jinping_em_novembro_de_2017.jpg\" \/>\n\t<meta property=\"og:image:width\" content=\"382\" \/>\n\t<meta property=\"og:image:height\" content=\"416\" \/>\n\t<meta property=\"og:image:type\" content=\"image\/jpeg\" \/>\n<meta name=\"author\" content=\"Amanda Gushiken\" \/>\n<meta name=\"twitter:card\" content=\"summary_large_image\" \/>\n<meta name=\"twitter:creator\" content=\"@sunoresearch\" \/>\n<meta name=\"twitter:site\" content=\"@sunoresearch\" \/>\n<meta name=\"twitter:label1\" content=\"Escrito por\" \/>\n\t<meta name=\"twitter:data1\" content=\"Amanda Gushiken\" \/>\n\t<meta name=\"twitter:label2\" content=\"Est. tempo de leitura\" \/>\n\t<meta name=\"twitter:data2\" content=\"4 minutos\" \/>\n<script type=\"application\/ld+json\" class=\"yoast-schema-graph\">{\"@context\":\"https:\/\/schema.org\",\"@graph\":[{\"@type\":\"NewsArticle\",\"@id\":\"https:\/\/www.suno.com.br\/noticias\/guerra-comercial-nova-tregua\/#article\",\"isPartOf\":{\"@id\":\"https:\/\/www.suno.com.br\/noticias\/guerra-comercial-nova-tregua\/\"},\"author\":{\"name\":\"Amanda Gushiken\",\"@id\":\"https:\/\/www.suno.com.br\/noticias\/#\/schema\/person\/a5b06fa4e879d8e8e119c6ed3cd630d1\"},\"headline\":\"Guerra comercial tem nova tr\u00e9gua ap\u00f3s encontro entre Trump e Xi\",\"datePublished\":\"2019-06-29T15:21:40+00:00\",\"dateModified\":\"2021-06-14T02:43:01+00:00\",\"mainEntityOfPage\":{\"@id\":\"https:\/\/www.suno.com.br\/noticias\/guerra-comercial-nova-tregua\/\"},\"wordCount\":723,\"publisher\":{\"@id\":\"https:\/\/www.suno.com.br\/noticias\/#organization\"},\"image\":{\"@id\":\"https:\/\/www.suno.com.br\/noticias\/guerra-comercial-nova-tregua\/#primaryimage\"},\"thumbnailUrl\":\"https:\/\/files.sunoresearch.com.br\/n\/uploads\/2019\/05\/722a6961-donald_trump_ao_lado_de_xi_jinping_em_novembro_de_2017-jpg.webp\",\"keywords\":[\"China\",\"Estados Unidos (EUA)\",\"guerra comercial\"],\"articleSection\":[\"Internacional\"],\"inLanguage\":\"pt-BR\"},{\"@type\":\"WebPage\",\"@id\":\"https:\/\/www.suno.com.br\/noticias\/guerra-comercial-nova-tregua\/\",\"url\":\"https:\/\/www.suno.com.br\/noticias\/guerra-comercial-nova-tregua\/\",\"name\":\"Guerra comercial tem nova tr\u00e9gua ap\u00f3s encontro entre Trump e Xi\",\"isPartOf\":{\"@id\":\"https:\/\/www.suno.com.br\/noticias\/#website\"},\"primaryImageOfPage\":{\"@id\":\"https:\/\/www.suno.com.br\/noticias\/guerra-comercial-nova-tregua\/#primaryimage\"},\"image\":{\"@id\":\"https:\/\/www.suno.com.br\/noticias\/guerra-comercial-nova-tregua\/#primaryimage\"},\"thumbnailUrl\":\"https:\/\/files.sunoresearch.com.br\/n\/uploads\/2019\/05\/722a6961-donald_trump_ao_lado_de_xi_jinping_em_novembro_de_2017-jpg.webp\",\"datePublished\":\"2019-06-29T15:21:40+00:00\",\"dateModified\":\"2021-06-14T02:43:01+00:00\",\"description\":\"A guerra comercial ganhou uma nova tr\u00e9gua e a retomada das negocia\u00e7\u00f5es entre seus protagonistas: a China e os EUA. Clique para saber mais.\",\"breadcrumb\":{\"@id\":\"https:\/\/www.suno.com.br\/noticias\/guerra-comercial-nova-tregua\/#breadcrumb\"},\"inLanguage\":\"pt-BR\",\"potentialAction\":[{\"@type\":\"ReadAction\",\"target\":[\"https:\/\/www.suno.com.br\/noticias\/guerra-comercial-nova-tregua\/\"]}]},{\"@type\":\"ImageObject\",\"inLanguage\":\"pt-BR\",\"@id\":\"https:\/\/www.suno.com.br\/noticias\/guerra-comercial-nova-tregua\/#primaryimage\",\"url\":\"https:\/\/files.sunoresearch.com.br\/n\/uploads\/2019\/05\/722a6961-donald_trump_ao_lado_de_xi_jinping_em_novembro_de_2017-jpg.webp\",\"contentUrl\":\"https:\/\/files.sunoresearch.com.br\/n\/uploads\/2019\/05\/722a6961-donald_trump_ao_lado_de_xi_jinping_em_novembro_de_2017-jpg.webp\",\"width\":382,\"height\":416,\"caption\":\"Os l\u00edderes dos EUA e da China, Donald Trump e Xi Jinping, respectivamente. (divulga\u00e7\u00e3o)\"},{\"@type\":\"BreadcrumbList\",\"@id\":\"https:\/\/www.suno.com.br\/noticias\/guerra-comercial-nova-tregua\/#breadcrumb\",\"itemListElement\":[{\"@type\":\"ListItem\",\"position\":1,\"name\":\"Not\u00edcias\",\"item\":\"https:\/\/www.suno.com.br\/noticias\/\"},{\"@type\":\"ListItem\",\"position\":2,\"name\":\"Internacional\",\"item\":\"https:\/\/www.suno.com.br\/noticias\/internacional\/\"},{\"@type\":\"ListItem\",\"position\":3,\"name\":\"Guerra comercial tem nova tr\u00e9gua ap\u00f3s encontro entre Trump e Xi\"}]},{\"@type\":\"WebSite\",\"@id\":\"https:\/\/www.suno.com.br\/noticias\/#website\",\"url\":\"https:\/\/www.suno.com.br\/noticias\/\",\"name\":\"Suno Not\u00edcias\",\"description\":\"Seu portal de informa\u00e7\u00e3o sobre o mundo dos investimentos\",\"publisher\":{\"@id\":\"https:\/\/www.suno.com.br\/noticias\/#organization\"},\"potentialAction\":[{\"@type\":\"SearchAction\",\"target\":{\"@type\":\"EntryPoint\",\"urlTemplate\":\"https:\/\/www.suno.com.br\/noticias\/?s={search_term_string}\"},\"query-input\":{\"@type\":\"PropertyValueSpecification\",\"valueRequired\":true,\"valueName\":\"search_term_string\"}}],\"inLanguage\":\"pt-BR\"},{\"@type\":\"Organization\",\"@id\":\"https:\/\/www.suno.com.br\/noticias\/#organization\",\"name\":\"Suno Not\u00edcias\",\"url\":\"https:\/\/www.suno.com.br\/noticias\/\",\"logo\":{\"@type\":\"ImageObject\",\"inLanguage\":\"pt-BR\",\"@id\":\"https:\/\/www.suno.com.br\/noticias\/#\/schema\/logo\/image\/\",\"url\":\"https:\/\/files.sunoresearch.com.br\/n\/uploads\/2021\/09\/suno-logo.png\",\"contentUrl\":\"https:\/\/files.sunoresearch.com.br\/n\/uploads\/2021\/09\/suno-logo.png\",\"width\":180,\"height\":180,\"caption\":\"Suno Not\u00edcias\"},\"image\":{\"@id\":\"https:\/\/www.suno.com.br\/noticias\/#\/schema\/logo\/image\/\"},\"sameAs\":[\"https:\/\/facebook.com\/sunoresearch\",\"https:\/\/x.com\/sunoresearch\",\"https:\/\/www.instagram.com\/suno\",\"https:\/\/www.linkedin.com\/company\/suno-research\/\",\"https:\/\/www.youtube.com\/c\/sunoresearch\"]},{\"@type\":\"Person\",\"@id\":\"https:\/\/www.suno.com.br\/noticias\/#\/schema\/person\/a5b06fa4e879d8e8e119c6ed3cd630d1\",\"name\":\"Amanda Gushiken\",\"image\":{\"@type\":\"ImageObject\",\"inLanguage\":\"pt-BR\",\"@id\":\"https:\/\/www.suno.com.br\/noticias\/#\/schema\/person\/image\/\",\"url\":\"https:\/\/secure.gravatar.com\/avatar\/ecd84705e6b65e3685ae80d725501fbe?s=96&r=g\",\"contentUrl\":\"https:\/\/secure.gravatar.com\/avatar\/ecd84705e6b65e3685ae80d725501fbe?s=96&r=g\",\"caption\":\"Amanda Gushiken\"},\"description\":\"Amanda Sayuri Gushiken escreve sobre finan\u00e7as e neg\u00f3cios para o portal Suno Not\u00edcias. Antes, trabalhou selecionando not\u00edcias da imprensa para clientes do mercado financeiro. Tamb\u00e9m desenvolveu pesquisa acad\u00eamica pela Universidade Anhembi Morumbi na \u00e1rea de Teorias da Comunica\u00e7\u00e3o e \u00e9 fot\u00f3grafa nas horas vagas.\",\"url\":\"https:\/\/www.suno.com.br\/noticias\/author\/amanda\/\"}]}<\/script>\n<!-- \/ Yoast SEO plugin. -->","yoast_head_json":{"title":"Guerra comercial tem nova tr\u00e9gua ap\u00f3s encontro entre Trump e Xi","description":"A guerra comercial ganhou uma nova tr\u00e9gua e a retomada das negocia\u00e7\u00f5es entre seus protagonistas: a China e os EUA. Clique para saber mais.","robots":{"index":"index","follow":"follow","max-snippet":"max-snippet:-1","max-image-preview":"max-image-preview:large","max-video-preview":"max-video-preview:-1"},"canonical":"https:\/\/www.suno.com.br\/noticias\/guerra-comercial-nova-tregua\/","og_locale":"pt_BR","og_type":"article","og_title":"Guerra comercial tem nova tr\u00e9gua ap\u00f3s encontro entre Trump e Xi","og_description":"A guerra comercial ganhou uma nova tr\u00e9gua e a retomada das negocia\u00e7\u00f5es entre seus protagonistas: a China e os EUA. Clique para saber mais.","og_url":"https:\/\/www.suno.com.br\/noticias\/guerra-comercial-nova-tregua\/","og_site_name":"Suno Not\u00edcias","article_publisher":"https:\/\/facebook.com\/sunoresearch","og_image":[{"width":382,"height":416,"url":"https:\/\/files.sunoresearch.com.br\/n\/uploads\/2019\/05\/722a6961-donald_trump_ao_lado_de_xi_jinping_em_novembro_de_2017.jpg","type":"image\/jpeg"}],"author":"Amanda Gushiken","twitter_card":"summary_large_image","twitter_creator":"@sunoresearch","twitter_site":"@sunoresearch","twitter_misc":{"Escrito por":"Amanda Gushiken","Est. tempo de leitura":"4 minutos"},"schema":{"@context":"https:\/\/schema.org","@graph":[{"@type":"NewsArticle","@id":"https:\/\/www.suno.com.br\/noticias\/guerra-comercial-nova-tregua\/#article","isPartOf":{"@id":"https:\/\/www.suno.com.br\/noticias\/guerra-comercial-nova-tregua\/"},"author":{"name":"Amanda Gushiken","@id":"https:\/\/www.suno.com.br\/noticias\/#\/schema\/person\/a5b06fa4e879d8e8e119c6ed3cd630d1"},"headline":"Guerra comercial tem nova tr\u00e9gua ap\u00f3s encontro entre Trump e Xi","datePublished":"2019-06-29T15:21:40+00:00","dateModified":"2021-06-14T02:43:01+00:00","mainEntityOfPage":{"@id":"https:\/\/www.suno.com.br\/noticias\/guerra-comercial-nova-tregua\/"},"wordCount":723,"publisher":{"@id":"https:\/\/www.suno.com.br\/noticias\/#organization"},"image":{"@id":"https:\/\/www.suno.com.br\/noticias\/guerra-comercial-nova-tregua\/#primaryimage"},"thumbnailUrl":"https:\/\/files.sunoresearch.com.br\/n\/uploads\/2019\/05\/722a6961-donald_trump_ao_lado_de_xi_jinping_em_novembro_de_2017-jpg.webp","keywords":["China","Estados Unidos (EUA)","guerra comercial"],"articleSection":["Internacional"],"inLanguage":"pt-BR"},{"@type":"WebPage","@id":"https:\/\/www.suno.com.br\/noticias\/guerra-comercial-nova-tregua\/","url":"https:\/\/www.suno.com.br\/noticias\/guerra-comercial-nova-tregua\/","name":"Guerra comercial tem nova tr\u00e9gua ap\u00f3s encontro entre Trump e Xi","isPartOf":{"@id":"https:\/\/www.suno.com.br\/noticias\/#website"},"primaryImageOfPage":{"@id":"https:\/\/www.suno.com.br\/noticias\/guerra-comercial-nova-tregua\/#primaryimage"},"image":{"@id":"https:\/\/www.suno.com.br\/noticias\/guerra-comercial-nova-tregua\/#primaryimage"},"thumbnailUrl":"https:\/\/files.sunoresearch.com.br\/n\/uploads\/2019\/05\/722a6961-donald_trump_ao_lado_de_xi_jinping_em_novembro_de_2017-jpg.webp","datePublished":"2019-06-29T15:21:40+00:00","dateModified":"2021-06-14T02:43:01+00:00","description":"A guerra comercial ganhou uma nova tr\u00e9gua e a retomada das negocia\u00e7\u00f5es entre seus protagonistas: a China e os EUA. Clique para saber mais.","breadcrumb":{"@id":"https:\/\/www.suno.com.br\/noticias\/guerra-comercial-nova-tregua\/#breadcrumb"},"inLanguage":"pt-BR","potentialAction":[{"@type":"ReadAction","target":["https:\/\/www.suno.com.br\/noticias\/guerra-comercial-nova-tregua\/"]}]},{"@type":"ImageObject","inLanguage":"pt-BR","@id":"https:\/\/www.suno.com.br\/noticias\/guerra-comercial-nova-tregua\/#primaryimage","url":"https:\/\/files.sunoresearch.com.br\/n\/uploads\/2019\/05\/722a6961-donald_trump_ao_lado_de_xi_jinping_em_novembro_de_2017-jpg.webp","contentUrl":"https:\/\/files.sunoresearch.com.br\/n\/uploads\/2019\/05\/722a6961-donald_trump_ao_lado_de_xi_jinping_em_novembro_de_2017-jpg.webp","width":382,"height":416,"caption":"Os l\u00edderes dos EUA e da China, Donald Trump e Xi Jinping, respectivamente. (divulga\u00e7\u00e3o)"},{"@type":"BreadcrumbList","@id":"https:\/\/www.suno.com.br\/noticias\/guerra-comercial-nova-tregua\/#breadcrumb","itemListElement":[{"@type":"ListItem","position":1,"name":"Not\u00edcias","item":"https:\/\/www.suno.com.br\/noticias\/"},{"@type":"ListItem","position":2,"name":"Internacional","item":"https:\/\/www.suno.com.br\/noticias\/internacional\/"},{"@type":"ListItem","position":3,"name":"Guerra comercial tem nova tr\u00e9gua ap\u00f3s encontro entre Trump e Xi"}]},{"@type":"WebSite","@id":"https:\/\/www.suno.com.br\/noticias\/#website","url":"https:\/\/www.suno.com.br\/noticias\/","name":"Suno Not\u00edcias","description":"Seu portal de informa\u00e7\u00e3o sobre o mundo dos investimentos","publisher":{"@id":"https:\/\/www.suno.com.br\/noticias\/#organization"},"potentialAction":[{"@type":"SearchAction","target":{"@type":"EntryPoint","urlTemplate":"https:\/\/www.suno.com.br\/noticias\/?s={search_term_string}"},"query-input":{"@type":"PropertyValueSpecification","valueRequired":true,"valueName":"search_term_string"}}],"inLanguage":"pt-BR"},{"@type":"Organization","@id":"https:\/\/www.suno.com.br\/noticias\/#organization","name":"Suno Not\u00edcias","url":"https:\/\/www.suno.com.br\/noticias\/","logo":{"@type":"ImageObject","inLanguage":"pt-BR","@id":"https:\/\/www.suno.com.br\/noticias\/#\/schema\/logo\/image\/","url":"https:\/\/files.sunoresearch.com.br\/n\/uploads\/2021\/09\/suno-logo.png","contentUrl":"https:\/\/files.sunoresearch.com.br\/n\/uploads\/2021\/09\/suno-logo.png","width":180,"height":180,"caption":"Suno Not\u00edcias"},"image":{"@id":"https:\/\/www.suno.com.br\/noticias\/#\/schema\/logo\/image\/"},"sameAs":["https:\/\/facebook.com\/sunoresearch","https:\/\/x.com\/sunoresearch","https:\/\/www.instagram.com\/suno","https:\/\/www.linkedin.com\/company\/suno-research\/","https:\/\/www.youtube.com\/c\/sunoresearch"]},{"@type":"Person","@id":"https:\/\/www.suno.com.br\/noticias\/#\/schema\/person\/a5b06fa4e879d8e8e119c6ed3cd630d1","name":"Amanda Gushiken","image":{"@type":"ImageObject","inLanguage":"pt-BR","@id":"https:\/\/www.suno.com.br\/noticias\/#\/schema\/person\/image\/","url":"https:\/\/secure.gravatar.com\/avatar\/ecd84705e6b65e3685ae80d725501fbe?s=96&r=g","contentUrl":"https:\/\/secure.gravatar.com\/avatar\/ecd84705e6b65e3685ae80d725501fbe?s=96&r=g","caption":"Amanda Gushiken"},"description":"Amanda Sayuri Gushiken escreve sobre finan\u00e7as e neg\u00f3cios para o portal Suno Not\u00edcias. Antes, trabalhou selecionando not\u00edcias da imprensa para clientes do mercado financeiro. Tamb\u00e9m desenvolveu pesquisa acad\u00eamica pela Universidade Anhembi Morumbi na \u00e1rea de Teorias da Comunica\u00e7\u00e3o e \u00e9 fot\u00f3grafa nas horas vagas.","url":"https:\/\/www.suno.com.br\/noticias\/author\/amanda\/"}]}},"default_loop_html":"<div class=\"cardsPage__listCard__boxs\"><div class=\"cardsPage__listCard__boxs__img\"><a href=\"https:\/\/www.suno.com.br\/noticias\/guerra-comercial-nova-tregua\/\"><img class=\"mask\" src=\"https:\/\/www.suno.com.br\/noticias\/wp-content\/themes\/suno\/resources\/images\/spotlight\/spotlight1img\/bg-mask.png\" alt=\"Image Mask\"\/><img src=\"https:\/\/files.sunoresearch.com.br\/n\/uploads\/2019\/05\/722a6961-donald_trump_ao_lado_de_xi_jinping_em_novembro_de_2017-jpg.webp\" alt=\"Guerra comercial tem nova tr\u00e9gua ap\u00f3s encontro entre Trump e Xi\"\/><\/a><span class=\"spotlightCategory\"><a href=\"https:\/\/www.suno.com.br\/noticias\/internacional\/\">Internacional<\/a><\/span><\/div><div class=\"cardsPage__listCard__boxs__content\"><a href=\"https:\/\/www.suno.com.br\/noticias\/guerra-comercial-nova-tregua\/\"><h2 class=\"content__title\">Guerra comercial tem nova tr\u00e9gua ap\u00f3s encontro entre Trump e Xi<\/h2><\/a><div class=\"newsContent__article__meta\"><div class=\"newsContent__article__meta__authorBox\"><a href=\"https:\/\/www.suno.com.br\/noticias\/author\/amanda\/\" class=\"authorBox__avatar noMobi\"><img src=\"https:\/\/files.sunoresearch.com.br\/n\/uploads\/2018\/11\/c6ad30be-amanda-150x150.webp\" alt=\"Amanda Gushiken\"><\/a><div class=\"authorBox__name\"><span>por\n\t\t\t<a href=\"https:\/\/www.suno.com.br\/noticias\/author\/amanda\/\"><span itemprop=\"author\">Amanda Gushiken<\/span><\/a><\/span><time datetime=\"2019-06-29T12:21:40-03:00\" itemprop=\"datePublished\">29\/06\/2019 12:21<\/time><\/div><\/div><\/div><\/div><\/div>","single_layout":"posts","amp_enabled":true,"_links":{"self":[{"href":"https:\/\/www.suno.com.br\/noticias\/wp-json\/wp\/v2\/posts\/29551"}],"collection":[{"href":"https:\/\/www.suno.com.br\/noticias\/wp-json\/wp\/v2\/posts"}],"about":[{"href":"https:\/\/www.suno.com.br\/noticias\/wp-json\/wp\/v2\/types\/post"}],"author":[{"embeddable":true,"href":"https:\/\/www.suno.com.br\/noticias\/wp-json\/wp\/v2\/users\/12"}],"replies":[{"embeddable":true,"href":"https:\/\/www.suno.com.br\/noticias\/wp-json\/wp\/v2\/comments?post=29551"}],"version-history":[{"count":1,"href":"https:\/\/www.suno.com.br\/noticias\/wp-json\/wp\/v2\/posts\/29551\/revisions"}],"predecessor-version":[{"id":157314,"href":"https:\/\/www.suno.com.br\/noticias\/wp-json\/wp\/v2\/posts\/29551\/revisions\/157314"}],"wp:featuredmedia":[{"embeddable":true,"href":"https:\/\/www.suno.com.br\/noticias\/wp-json\/wp\/v2\/media\/24211"}],"wp:attachment":[{"href":"https:\/\/www.suno.com.br\/noticias\/wp-json\/wp\/v2\/media?parent=29551"}],"wp:term":[{"taxonomy":"category","embeddable":true,"href":"https:\/\/www.suno.com.br\/noticias\/wp-json\/wp\/v2\/categories?post=29551"},{"taxonomy":"post_tag","embeddable":true,"href":"https:\/\/www.suno.com.br\/noticias\/wp-json\/wp\/v2\/tags?post=29551"},{"taxonomy":"suno_strategy","embeddable":true,"href":"https:\/\/www.suno.com.br\/noticias\/wp-json\/wp\/v2\/suno_strategy?post=29551"}],"curies":[{"name":"wp","href":"https:\/\/api.w.org\/{rel}","templated":true}]}}