{"id":295420,"date":"2022-09-09T09:18:44","date_gmt":"2022-09-09T12:18:44","guid":{"rendered":"https:\/\/www.suno.com.br\/noticias\/?p=295420"},"modified":"2022-09-09T11:48:49","modified_gmt":"2022-09-09T14:48:49","slug":"ipca-agosto-deflacao-mensal","status":"publish","type":"post","link":"https:\/\/www.suno.com.br\/noticias\/ipca-agosto-deflacao-mensal\/","title":{"rendered":"IPCA: Agosto tem defla\u00e7\u00e3o de 0,36% com queda de pre\u00e7o da gasolina"},"content":{"rendered":"<p>O <a href=\"https:\/\/www.suno.com.br\/guias\/ipca\/\">\u00cdndice de Pre\u00e7os ao Consumidor Amplo<\/a>, o <strong>IPCA<\/strong>, mostrou uma retra\u00e7\u00e3o de 0,36% no acumulado do m\u00eas de agosto, conforme dados divulgados pelo <a class=\"suno-keyword\" href=\"https:\/\/www.suno.com.br\/artigos\/ibge\/\" target=\"_blank\" rel=\"noopener\" data-force=\"no\" data-priority=\"3\">Instituto Brasileiro de Geografia e Estat\u00edstica (IBGE)<\/a> nesta sexta-feira (9). O resultado \u00e9 o menor para o m\u00eas desde 1998.<\/p><div class=\"videoFull \">\n\t\t\t<div class=\"videoWrapper yt-lazyload center\"\n\t\t\t\tdata-width=\"960\"\n\t\t\t\tdata-height=\"540\"\n\t\t\t\tdata-id=\"IjMa6P8Lbmo\"\n\t\t\t\tdata-alt=\"V\u00eddeo do YouTube - clique para reproduzir\"\n\t\t\t\tdata-logo=\"3\"\n\t\t\t\tdata-imagequality=\"maxres\">\n\t\t\t<\/div>\n\t\t<\/div><script type=\"application\/ld+json\">{\"@context\":\"https:\/\/schema.org\",\"@type\":\"VideoObject\",\"name\":\"IPCA de agosto | Aux\u00edlio Brasil em R$ 800? | IRB (IRBR3): \u2018D\u00e1 para investir, mas n\u00e3o agora\u2019\",\"description\":\"IPCA de agosto | Aux\u00edlio Brasil em R$ 800? | IRB (IRBR3): \u2018D\u00e1 para investir, mas n\u00e3o agora\u2019 Na manh\u00e3 desta sexta-feira (9), os \u00edndices futuros de Nova York e bolsas europeias operam em alta, apesar da repercuss\u00e3o do \u2014 esperado, mas raro \u2014 aumento da taxa de juros pelo Banco Central Europeu (BCE). Nesta\u2026\",\"duration\":\"PT26M8S\",\"embedUrl\":\"https:\/\/www.youtube.com\/embed\/IjMa6P8Lbmo\",\"regionsAllowed\":\"pt-BR\",\"interactionStatistic\":{\"@type\":\"InteractionCounter\",\"interactionType\":{\"@type\":\"WatchAction\"},\"userInteractionCount\":2490},\"thumbnailUrl\":\"https:\/\/i.ytimg.com\/vi\/IjMa6P8Lbmo\/default.jpg\",\"uploadDate\":\"2022-09-09T12:29:36Z\"}<\/script>\n\n\t<p>\n\t\t<a href=\"\" target=\"_blank\" data-element=\"shortcode-suno-banner\" title=\"Banner SUNO, clique e saiba mais\">\n\t\t\t<picture>\n\t\t\t\t<source media=\"(max-width: 500px)\" srcset=\"\">\n\t\t\t\t<img class=\"newsContent__article__imgCapa newsContent__article__imgCapa--banner\"\n\t\t\t\t\tsrc=\"\"\n\t\t\t\t\tdata-promo-id=\"240038\"\t\t\t\t\t\t\t\t\t\t\t\t\t\t\talt=\"\"\n\t\t\t\t>\n\t\t\t<\/picture>\n\t\t<\/a>\n\t<\/p>\n\n\n<p>Com a divulga\u00e7\u00e3o do <strong>IPCA de agosto<\/strong>, o acumulado dos \u00faltimos fica em 8,73%. Trata-se do segundo m\u00eas consecutivo de defla\u00e7\u00e3o.<\/p>\n<p>O <a href=\"https:\/\/www.suno.com.br\/artigos\/cnpi\/\">analista CNPI<\/a> e fundador da Eu Me Banco, Fabio Louzada, destaca que o dado veio em linha com as proje\u00e7\u00f5es de mercado.<\/p>\n<p>&#8220;A expectativa do mercado girava em torno de defla\u00e7\u00e3o de -0,40%. Essa defla\u00e7\u00e3o ainda \u00e9 decorrente da decis\u00e3o do governo em rela\u00e7\u00e3o \u00e0 redu\u00e7\u00e3o do ICMS sobre combust\u00edveis e energia. Trata-se de um al\u00edvio tempor\u00e1rio que se d\u00e1 por conta dessas medidas que pro\u00edbem estados de cobrarem taxa superior \u00e0 al\u00edquota geral de ICMS, que varia de 17% a 18% dependendo do local&#8221;, analisa.<\/p>\n<p>O especialista comenta que a expectativa \u00e9 que o IPCA encerre o ano a 6,61%, acima tanto da meta de 3,5% como do teto de 5%.<\/p>\n<p>Segundo o gerente da pesquisa, Pedro Kislanov, o a <a href=\"https:\/\/www.suno.com.br\/artigos\/deflacao\/\"><strong>defla\u00e7\u00e3o<\/strong><\/a> de 1,27% em energia el\u00e9trica, por conta da redu\u00e7\u00e3o das al\u00edquotas de ICMS, explica, essa <strong>queda do IPCA<\/strong>.<\/p>\n\n\t<div data-element=\"shortcode-read-more\" class=\"readToo\">\n\t\t\t\t<span class=\"readToo__title\">Leia mais<\/span>\n\t\t\t\t<ul class=\"readToo__list\">\n\t\t\t<li><a href=\"https:\/\/www.suno.com.br\/noticias\/eike-batista-oferta-btg-pactual-bpac11\/\">Eike Batista e credores se desagradam com oferta do BTG Pactual (BPAC11) por d\u00edvida da MMX<\/a><\/li><li><a href=\"https:\/\/www.suno.com.br\/noticias\/gerdau-ggbr4-dividendos-analistas\/\">Gerdau (GGBR4): Com fortes dividendos, empresa \u00e9 &#8216;favorita do setor&#8217; de min\u00e9rio em meio \u00e0s incertezas<\/a><\/li><li><a href=\"https:\/\/www.suno.com.br\/noticias\/eletrobras-elet3-justica-bilionario-acoes-compra\/\">Eletrobras (ELET3): apesar de a\u00e7\u00e3o bilion\u00e1ria na Justi\u00e7a, Goldman Sachs recomenda compra<\/a><\/li>\t\t<\/ul>\n\t<\/div>\n\n\n<p>&#8220;Tamb\u00e9m houve acelera\u00e7\u00e3o [da infla\u00e7\u00e3o] de alguns grupos, como sa\u00fade e cuidados pessoais (1,31%) e vestu\u00e1rio (1,69%), e a queda menos forte do grupo de <a href=\"https:\/\/www.suno.com.br\/noticias\/reducao-de-preco-nos-combustiveis-pode-custar-mais-de-r-50-bi-em-2022\/\">transportes em agosto<\/a>. No m\u00eas anterior, os pre\u00e7os da gasolina, que \u00e9 o item de maior peso no grupo, tinham ca\u00eddo 15,48% e, em agosto, a retra\u00e7\u00e3o foi menor (de 11,64%)\u201d, comenta.<\/p>\n<p>Segundo os dados oficiais, o segmento de transportes foi o que pesou mais sobre o <strong>\u00edndice de infla\u00e7\u00e3o<\/strong>, dada a retra\u00e7\u00e3o de 3,37% no m\u00eas. O IBGE revela que o segmento contribuiu com 0,72 ponto percentual do IPCA.<\/p>\n<p>Al\u00e9m da <a href=\"https:\/\/www.suno.com.br\/noticias\/petrobras-petr4-anuncia-nova-reducao-no-preco-da-gasolina\/\"><strong>queda de pre\u00e7o da gasolina<\/strong><\/a>, outros combust\u00edveis apresentaram retra\u00e7\u00e3o com as medidas recentes. No acumulado de agosto, o g\u00e1s veicular caiu 2,12%, enquanto o \u00f3leo diesel caiu 3,76% e o etanol, 8,67%.<\/p>\n<h3>Veja as varia\u00e7\u00f5es do IPCA em agosto por segmento<\/h3>\n<ul>\n<li>Alimenta\u00e7\u00e3o e bebidas: 0,24%<\/li>\n<li>Habita\u00e7\u00e3o: 0,10%<\/li>\n<li>Artigos de Resid\u00eancia: 0,42%<\/li>\n<li>Vestu\u00e1rio: 1,69%<\/li>\n<li>Transportes: -3,37%<\/li>\n<li>Sa\u00fade e Cuidados Pessoais: 1,31%<\/li>\n<li>Despesas Pessoais: 0,54%<\/li>\n<li>Educa\u00e7\u00e3o: 0,61%<\/li>\n<li>Comunica\u00e7\u00e3o: 1,10%<\/li>\n<\/ul>\n<p>Louzada aponta que, dentre os segmentos, h\u00e1 influ\u00eancias de produtos espec\u00edficos. No caso da <a href=\"https:\/\/www.suno.com.br\/noticias\/brasileitos-inadimplencia-gasto-alimentacao\/\"><strong>alimenta\u00e7\u00e3o<\/strong><\/a>, foi registrada uma mudan\u00e7a nos pre\u00e7os do leite longa vida, ao passo que as passagens a\u00e9reas ca\u00edram 10,8% com fatores recentes e sazonais.<\/p>\n<p>&#8220;O pre\u00e7o do leite longa vida caiu 1,78%, sendo um produto que subiu muito nos \u00faltimos meses, mas agora desacelerou. Com o fim da entressafra, os pre\u00e7os podem melhorar ainda mais. Por mais que os pre\u00e7os tenham ca\u00eddo, ainda seguem altos&#8221;, comenta.<\/p>\n<p>&#8220;O mesmo aconteceu com o pre\u00e7o das <a href=\"https:\/\/www.suno.com.br\/noticias\/inflacao-passagens-aereas-maiores-altas-12-meses\/\">passagens a\u00e9reas<\/a>, que haviam subido muito nos \u00faltimos meses, principalmente em julho, m\u00eas de f\u00e9rias escolares. A queda do querosene da avia\u00e7\u00e3o [feita pela Petrobras, nas \u00faltimas semanas] tamb\u00e9m influenciou &#8220;, completa.<\/p>\n\t<p>\n\t\t<a href=\"https:\/\/lp.suno.com.br\/planilha-controle-gastos\/\" target=\"_blank\" data-element=\"shortcode-suno-banner\" title=\"Banner SUNO, clique e saiba mais\">\n\t\t\t<picture>\n\t\t\t\t<source media=\"(max-width: 500px)\" srcset=\"https:\/\/files.sunoresearch.com.br\/n\/uploads\/2023\/03\/400x300-Planilha-controle-de-gastos.png\">\n\t\t\t\t<img class=\"newsContent__article__imgCapa newsContent__article__imgCapa--banner\"\n\t\t\t\t\tsrc=\"https:\/\/files.sunoresearch.com.br\/n\/uploads\/2023\/03\/1420x240-Planilha-controle-de-gastos.png\"\n\t\t\t\t\tdata-promo-id=\"101751\"\t\t\t\t\t\t\t\t\t\twidth='1420' height='240'\t\t\t\t\talt=\"https:\/\/files.sunoresearch.com.br\/n\/uploads\/2023\/03\/1420x240-Planilha-controle-de-gastos.png\"\n\t\t\t\t>\n\t\t\t<\/picture>\n\t\t<\/a>\n\t<\/p>\n\n\n<h2>Queda de pre\u00e7o da gasolina segue em setembro<\/h2>\n<p>Com retra\u00e7\u00e3o nos pre\u00e7os do petr\u00f3leo, a queda no pre\u00e7o da gasolina segue em setembro. Ainda no dia 1\u00ba do m\u00eas a Petrobras (<a href=\"https:\/\/www.suno.com.br\/acoes\/petr4\/\">PETR4<\/a>) anunciou uma nova redu\u00e7\u00e3o.<\/p>\n<p>O <a href=\"https:\/\/www.suno.com.br\/noticias\/petrobras-petr4-reducao-combustivel\/\"><strong>pre\u00e7o do combust\u00edvel<\/strong><\/a> vendido \u00e0s distribuidoras foi reduzido em 7,08%, sendo praticado desde sexta (2). Agora, o litro custa R$ 3,28 para as distribuidoras, ante um pre\u00e7o anterior de R$ 3,53 &#8211; uma redu\u00e7\u00e3o de R$ 0,25.<\/p>\n<p>Assim, al\u00e9m dos cortes nos impostos aos combust\u00edveis, que impactaram o <strong>IPCA<\/strong>, o pre\u00e7o de repasse \u00e0s distribuidoras tamb\u00e9m segue tend\u00eancia de queda.<\/p>\n\t<p>\n\t\t<a href=\"https:\/\/lp.suno.com.br\/planilha-da-vida-financeira\/\" target=\"_blank\" data-element=\"shortcode-suno-banner\" title=\"Banner SUNO, clique e saiba mais\">\n\t\t\t<picture>\n\t\t\t\t<source media=\"(max-width: 500px)\" srcset=\"https:\/\/files.sunoresearch.com.br\/n\/uploads\/2023\/04\/400x300-Planilha-vida-financeira-true.png\">\n\t\t\t\t<img class=\"newsContent__article__imgCapa newsContent__article__imgCapa--banner\"\n\t\t\t\t\tsrc=\"https:\/\/files.sunoresearch.com.br\/n\/uploads\/2023\/04\/1420x240-Planilha-vida-financeira-true.png\"\n\t\t\t\t\tdata-promo-id=\"106682\"\t\t\t\t\t\t\t\t\t\twidth='1420' height='240'\t\t\t\t\talt=\"https:\/\/files.sunoresearch.com.br\/n\/uploads\/2023\/04\/1420x240-Planilha-vida-financeira-true.png\"\n\t\t\t\t>\n\t\t\t<\/picture>\n\t\t<\/a>\n\t<\/p>\n\n\n","protected":false},"excerpt":{"rendered":"<p>O \u00cdndice de Pre\u00e7os ao Consumidor Amplo, o IPCA, mostrou uma retra\u00e7\u00e3o de 0,36% no acumulado do m\u00eas de agosto, conforme dados divulgados pelo Instituto Brasileiro de Geografia e Estat\u00edstica (IBGE) nesta sexta-feira (9). O resultado \u00e9 o menor para o m\u00eas desde 1998. Com a divulga\u00e7\u00e3o do IPCA de agosto, o acumulado dos \u00faltimos [&hellip;]<\/p>\n","protected":false},"author":73,"featured_media":295460,"comment_status":"closed","ping_status":"closed","sticky":false,"template":"","format":"standard","meta":[],"categories":[62],"tags":[105816,850,966],"suno_strategy":[],"class_list":["post-295420","post","type-post","status-publish","format-standard","has-post-thumbnail","hentry","category-economia","tag-especialistas","tag-inflacao","tag-ipca"],"yoast_head":"<!-- This site is optimized with the Yoast SEO plugin v24.4 - https:\/\/yoast.com\/wordpress\/plugins\/seo\/ -->\n<title>IPCA: Agosto tem defla\u00e7\u00e3o de 0,36% com queda de pre\u00e7o da gasolina<\/title>\n<meta name=\"description\" content=\"Com corte de impostos nos combust\u00edveis, IPCA cai pelo segundo m\u00eas seguido e deixa o acumulado de 12 meses da infla\u00e7\u00e3o na casa dos 8%. Confira!\" \/>\n<meta name=\"robots\" content=\"index, follow, max-snippet:-1, max-image-preview:large, max-video-preview:-1\" \/>\n<link rel=\"canonical\" href=\"https:\/\/www.suno.com.br\/noticias\/ipca-agosto-deflacao-mensal\/\" \/>\n<meta property=\"og:locale\" content=\"pt_BR\" \/>\n<meta property=\"og:type\" content=\"article\" \/>\n<meta property=\"og:title\" content=\"IPCA: Agosto tem defla\u00e7\u00e3o de 0,36% com queda de pre\u00e7o da gasolina\" \/>\n<meta property=\"og:description\" content=\"Com corte de impostos nos combust\u00edveis, IPCA cai pelo segundo m\u00eas seguido e deixa o acumulado de 12 meses da infla\u00e7\u00e3o na casa dos 8%. Confira!\" \/>\n<meta property=\"og:url\" content=\"https:\/\/www.suno.com.br\/noticias\/ipca-agosto-deflacao-mensal\/\" \/>\n<meta property=\"og:site_name\" content=\"Suno Not\u00edcias\" \/>\n<meta property=\"article:publisher\" content=\"https:\/\/facebook.com\/sunoresearch\" \/>\n<meta property=\"og:image\" content=\"https:\/\/files.sunoresearch.com.br\/n\/uploads\/2022\/09\/ipca-gasolina-scaled.jpg\" \/>\n\t<meta property=\"og:image:width\" content=\"2560\" \/>\n\t<meta property=\"og:image:height\" content=\"1707\" \/>\n\t<meta property=\"og:image:type\" content=\"image\/jpeg\" \/>\n<meta name=\"author\" content=\"Eduardo Vargas\" \/>\n<meta name=\"twitter:card\" content=\"summary_large_image\" \/>\n<meta name=\"twitter:creator\" content=\"@sunoresearch\" \/>\n<meta name=\"twitter:site\" content=\"@sunoresearch\" \/>\n<meta name=\"twitter:label1\" content=\"Escrito por\" \/>\n\t<meta name=\"twitter:data1\" content=\"Eduardo Vargas\" \/>\n\t<meta name=\"twitter:label2\" content=\"Est. tempo de leitura\" \/>\n\t<meta name=\"twitter:data2\" content=\"4 minutos\" \/>\n<script type=\"application\/ld+json\" class=\"yoast-schema-graph\">{\"@context\":\"https:\/\/schema.org\",\"@graph\":[{\"@type\":\"NewsArticle\",\"@id\":\"https:\/\/www.suno.com.br\/noticias\/ipca-agosto-deflacao-mensal\/#article\",\"isPartOf\":{\"@id\":\"https:\/\/www.suno.com.br\/noticias\/ipca-agosto-deflacao-mensal\/\"},\"author\":{\"name\":\"Eduardo Vargas\",\"@id\":\"https:\/\/www.suno.com.br\/noticias\/#\/schema\/person\/7f4d362bf3518e76090143ae77bb49a5\"},\"headline\":\"IPCA: Agosto tem defla\u00e7\u00e3o de 0,36% com queda de pre\u00e7o da gasolina\",\"datePublished\":\"2022-09-09T12:18:44+00:00\",\"dateModified\":\"2022-09-09T14:48:49+00:00\",\"mainEntityOfPage\":{\"@id\":\"https:\/\/www.suno.com.br\/noticias\/ipca-agosto-deflacao-mensal\/\"},\"wordCount\":654,\"publisher\":{\"@id\":\"https:\/\/www.suno.com.br\/noticias\/#organization\"},\"image\":{\"@id\":\"https:\/\/www.suno.com.br\/noticias\/ipca-agosto-deflacao-mensal\/#primaryimage\"},\"thumbnailUrl\":\"https:\/\/files.sunoresearch.com.br\/n\/uploads\/2022\/09\/ipca-gasolina-scaled.jpg\",\"keywords\":[\"Especialistas\",\"infla\u00e7\u00e3o\",\"IPCA\"],\"articleSection\":[\"Economia\"],\"inLanguage\":\"pt-BR\"},{\"@type\":\"WebPage\",\"@id\":\"https:\/\/www.suno.com.br\/noticias\/ipca-agosto-deflacao-mensal\/\",\"url\":\"https:\/\/www.suno.com.br\/noticias\/ipca-agosto-deflacao-mensal\/\",\"name\":\"IPCA: Agosto tem defla\u00e7\u00e3o de 0,36% com queda de pre\u00e7o da gasolina\",\"isPartOf\":{\"@id\":\"https:\/\/www.suno.com.br\/noticias\/#website\"},\"primaryImageOfPage\":{\"@id\":\"https:\/\/www.suno.com.br\/noticias\/ipca-agosto-deflacao-mensal\/#primaryimage\"},\"image\":{\"@id\":\"https:\/\/www.suno.com.br\/noticias\/ipca-agosto-deflacao-mensal\/#primaryimage\"},\"thumbnailUrl\":\"https:\/\/files.sunoresearch.com.br\/n\/uploads\/2022\/09\/ipca-gasolina-scaled.jpg\",\"datePublished\":\"2022-09-09T12:18:44+00:00\",\"dateModified\":\"2022-09-09T14:48:49+00:00\",\"description\":\"Com corte de impostos nos combust\u00edveis, IPCA cai pelo segundo m\u00eas seguido e deixa o acumulado de 12 meses da infla\u00e7\u00e3o na casa dos 8%. Confira!\",\"breadcrumb\":{\"@id\":\"https:\/\/www.suno.com.br\/noticias\/ipca-agosto-deflacao-mensal\/#breadcrumb\"},\"inLanguage\":\"pt-BR\",\"potentialAction\":[{\"@type\":\"ReadAction\",\"target\":[\"https:\/\/www.suno.com.br\/noticias\/ipca-agosto-deflacao-mensal\/\"]}]},{\"@type\":\"ImageObject\",\"inLanguage\":\"pt-BR\",\"@id\":\"https:\/\/www.suno.com.br\/noticias\/ipca-agosto-deflacao-mensal\/#primaryimage\",\"url\":\"https:\/\/files.sunoresearch.com.br\/n\/uploads\/2022\/09\/ipca-gasolina-scaled.jpg\",\"contentUrl\":\"https:\/\/files.sunoresearch.com.br\/n\/uploads\/2022\/09\/ipca-gasolina-scaled.jpg\",\"width\":2560,\"height\":1707,\"caption\":\"Infla\u00e7\u00e3o- Foto: Marcello Casal jr\/Ag\u00eancia Senado\"},{\"@type\":\"BreadcrumbList\",\"@id\":\"https:\/\/www.suno.com.br\/noticias\/ipca-agosto-deflacao-mensal\/#breadcrumb\",\"itemListElement\":[{\"@type\":\"ListItem\",\"position\":1,\"name\":\"Not\u00edcias\",\"item\":\"https:\/\/www.suno.com.br\/noticias\/\"},{\"@type\":\"ListItem\",\"position\":2,\"name\":\"Economia\",\"item\":\"https:\/\/www.suno.com.br\/noticias\/economia\/\"},{\"@type\":\"ListItem\",\"position\":3,\"name\":\"IPCA: Agosto tem defla\u00e7\u00e3o de 0,36% com queda de pre\u00e7o da gasolina\"}]},{\"@type\":\"WebSite\",\"@id\":\"https:\/\/www.suno.com.br\/noticias\/#website\",\"url\":\"https:\/\/www.suno.com.br\/noticias\/\",\"name\":\"Suno Not\u00edcias\",\"description\":\"Seu portal de informa\u00e7\u00e3o sobre o mundo dos investimentos\",\"publisher\":{\"@id\":\"https:\/\/www.suno.com.br\/noticias\/#organization\"},\"potentialAction\":[{\"@type\":\"SearchAction\",\"target\":{\"@type\":\"EntryPoint\",\"urlTemplate\":\"https:\/\/www.suno.com.br\/noticias\/?s={search_term_string}\"},\"query-input\":{\"@type\":\"PropertyValueSpecification\",\"valueRequired\":true,\"valueName\":\"search_term_string\"}}],\"inLanguage\":\"pt-BR\"},{\"@type\":\"Organization\",\"@id\":\"https:\/\/www.suno.com.br\/noticias\/#organization\",\"name\":\"Suno Not\u00edcias\",\"url\":\"https:\/\/www.suno.com.br\/noticias\/\",\"logo\":{\"@type\":\"ImageObject\",\"inLanguage\":\"pt-BR\",\"@id\":\"https:\/\/www.suno.com.br\/noticias\/#\/schema\/logo\/image\/\",\"url\":\"https:\/\/files.sunoresearch.com.br\/n\/uploads\/2021\/09\/suno-logo.png\",\"contentUrl\":\"https:\/\/files.sunoresearch.com.br\/n\/uploads\/2021\/09\/suno-logo.png\",\"width\":180,\"height\":180,\"caption\":\"Suno Not\u00edcias\"},\"image\":{\"@id\":\"https:\/\/www.suno.com.br\/noticias\/#\/schema\/logo\/image\/\"},\"sameAs\":[\"https:\/\/facebook.com\/sunoresearch\",\"https:\/\/x.com\/sunoresearch\",\"https:\/\/www.instagram.com\/suno\",\"https:\/\/www.linkedin.com\/company\/suno-research\/\",\"https:\/\/www.youtube.com\/c\/sunoresearch\"]},{\"@type\":\"Person\",\"@id\":\"https:\/\/www.suno.com.br\/noticias\/#\/schema\/person\/7f4d362bf3518e76090143ae77bb49a5\",\"name\":\"Eduardo Vargas\",\"image\":{\"@type\":\"ImageObject\",\"inLanguage\":\"pt-BR\",\"@id\":\"https:\/\/www.suno.com.br\/noticias\/#\/schema\/person\/image\/\",\"url\":\"https:\/\/secure.gravatar.com\/avatar\/dac340933427a22924c9f99d1eb2e3f2?s=96&r=g\",\"contentUrl\":\"https:\/\/secure.gravatar.com\/avatar\/dac340933427a22924c9f99d1eb2e3f2?s=96&r=g\",\"caption\":\"Eduardo Vargas\"},\"description\":\"Jornalista formado pela UFSC, cobre macroeconomia, neg\u00f3cios e startups para o Suno Not\u00edcias, escrevendo principalmente not\u00edcias sobre o mercado financeiro e a bolsa de valores. No YouTube e no Instagram, \u00e9 respons\u00e1vel pela produ\u00e7\u00e3o de Reels e Shorts do Suno Not\u00edcias. Anteriormente, trabalhou cobrindo economia e cotidiano no ND+ e para o ND, maior jornal impresso de Santa Catarina. Cursou um semestre letivo de Estudos de M\u00eddia na Universidad de Buenos Aires.\",\"url\":\"https:\/\/www.suno.com.br\/noticias\/author\/eduardo-vargas\/\"}]}<\/script>\n<!-- \/ Yoast SEO plugin. -->","yoast_head_json":{"title":"IPCA: Agosto tem defla\u00e7\u00e3o de 0,36% com queda de pre\u00e7o da gasolina","description":"Com corte de impostos nos combust\u00edveis, IPCA cai pelo segundo m\u00eas seguido e deixa o acumulado de 12 meses da infla\u00e7\u00e3o na casa dos 8%. Confira!","robots":{"index":"index","follow":"follow","max-snippet":"max-snippet:-1","max-image-preview":"max-image-preview:large","max-video-preview":"max-video-preview:-1"},"canonical":"https:\/\/www.suno.com.br\/noticias\/ipca-agosto-deflacao-mensal\/","og_locale":"pt_BR","og_type":"article","og_title":"IPCA: Agosto tem defla\u00e7\u00e3o de 0,36% com queda de pre\u00e7o da gasolina","og_description":"Com corte de impostos nos combust\u00edveis, IPCA cai pelo segundo m\u00eas seguido e deixa o acumulado de 12 meses da infla\u00e7\u00e3o na casa dos 8%. Confira!","og_url":"https:\/\/www.suno.com.br\/noticias\/ipca-agosto-deflacao-mensal\/","og_site_name":"Suno Not\u00edcias","article_publisher":"https:\/\/facebook.com\/sunoresearch","og_image":[{"width":2560,"height":1707,"url":"https:\/\/files.sunoresearch.com.br\/n\/uploads\/2022\/09\/ipca-gasolina-scaled.jpg","type":"image\/jpeg"}],"author":"Eduardo Vargas","twitter_card":"summary_large_image","twitter_creator":"@sunoresearch","twitter_site":"@sunoresearch","twitter_misc":{"Escrito por":"Eduardo Vargas","Est. tempo de leitura":"4 minutos"},"schema":{"@context":"https:\/\/schema.org","@graph":[{"@type":"NewsArticle","@id":"https:\/\/www.suno.com.br\/noticias\/ipca-agosto-deflacao-mensal\/#article","isPartOf":{"@id":"https:\/\/www.suno.com.br\/noticias\/ipca-agosto-deflacao-mensal\/"},"author":{"name":"Eduardo Vargas","@id":"https:\/\/www.suno.com.br\/noticias\/#\/schema\/person\/7f4d362bf3518e76090143ae77bb49a5"},"headline":"IPCA: Agosto tem defla\u00e7\u00e3o de 0,36% com queda de pre\u00e7o da gasolina","datePublished":"2022-09-09T12:18:44+00:00","dateModified":"2022-09-09T14:48:49+00:00","mainEntityOfPage":{"@id":"https:\/\/www.suno.com.br\/noticias\/ipca-agosto-deflacao-mensal\/"},"wordCount":654,"publisher":{"@id":"https:\/\/www.suno.com.br\/noticias\/#organization"},"image":{"@id":"https:\/\/www.suno.com.br\/noticias\/ipca-agosto-deflacao-mensal\/#primaryimage"},"thumbnailUrl":"https:\/\/files.sunoresearch.com.br\/n\/uploads\/2022\/09\/ipca-gasolina-scaled.jpg","keywords":["Especialistas","infla\u00e7\u00e3o","IPCA"],"articleSection":["Economia"],"inLanguage":"pt-BR"},{"@type":"WebPage","@id":"https:\/\/www.suno.com.br\/noticias\/ipca-agosto-deflacao-mensal\/","url":"https:\/\/www.suno.com.br\/noticias\/ipca-agosto-deflacao-mensal\/","name":"IPCA: Agosto tem defla\u00e7\u00e3o de 0,36% com queda de pre\u00e7o da gasolina","isPartOf":{"@id":"https:\/\/www.suno.com.br\/noticias\/#website"},"primaryImageOfPage":{"@id":"https:\/\/www.suno.com.br\/noticias\/ipca-agosto-deflacao-mensal\/#primaryimage"},"image":{"@id":"https:\/\/www.suno.com.br\/noticias\/ipca-agosto-deflacao-mensal\/#primaryimage"},"thumbnailUrl":"https:\/\/files.sunoresearch.com.br\/n\/uploads\/2022\/09\/ipca-gasolina-scaled.jpg","datePublished":"2022-09-09T12:18:44+00:00","dateModified":"2022-09-09T14:48:49+00:00","description":"Com corte de impostos nos combust\u00edveis, IPCA cai pelo segundo m\u00eas seguido e deixa o acumulado de 12 meses da infla\u00e7\u00e3o na casa dos 8%. Confira!","breadcrumb":{"@id":"https:\/\/www.suno.com.br\/noticias\/ipca-agosto-deflacao-mensal\/#breadcrumb"},"inLanguage":"pt-BR","potentialAction":[{"@type":"ReadAction","target":["https:\/\/www.suno.com.br\/noticias\/ipca-agosto-deflacao-mensal\/"]}]},{"@type":"ImageObject","inLanguage":"pt-BR","@id":"https:\/\/www.suno.com.br\/noticias\/ipca-agosto-deflacao-mensal\/#primaryimage","url":"https:\/\/files.sunoresearch.com.br\/n\/uploads\/2022\/09\/ipca-gasolina-scaled.jpg","contentUrl":"https:\/\/files.sunoresearch.com.br\/n\/uploads\/2022\/09\/ipca-gasolina-scaled.jpg","width":2560,"height":1707,"caption":"Infla\u00e7\u00e3o- Foto: Marcello Casal jr\/Ag\u00eancia Senado"},{"@type":"BreadcrumbList","@id":"https:\/\/www.suno.com.br\/noticias\/ipca-agosto-deflacao-mensal\/#breadcrumb","itemListElement":[{"@type":"ListItem","position":1,"name":"Not\u00edcias","item":"https:\/\/www.suno.com.br\/noticias\/"},{"@type":"ListItem","position":2,"name":"Economia","item":"https:\/\/www.suno.com.br\/noticias\/economia\/"},{"@type":"ListItem","position":3,"name":"IPCA: Agosto tem defla\u00e7\u00e3o de 0,36% com queda de pre\u00e7o da gasolina"}]},{"@type":"WebSite","@id":"https:\/\/www.suno.com.br\/noticias\/#website","url":"https:\/\/www.suno.com.br\/noticias\/","name":"Suno Not\u00edcias","description":"Seu portal de informa\u00e7\u00e3o sobre o mundo dos investimentos","publisher":{"@id":"https:\/\/www.suno.com.br\/noticias\/#organization"},"potentialAction":[{"@type":"SearchAction","target":{"@type":"EntryPoint","urlTemplate":"https:\/\/www.suno.com.br\/noticias\/?s={search_term_string}"},"query-input":{"@type":"PropertyValueSpecification","valueRequired":true,"valueName":"search_term_string"}}],"inLanguage":"pt-BR"},{"@type":"Organization","@id":"https:\/\/www.suno.com.br\/noticias\/#organization","name":"Suno Not\u00edcias","url":"https:\/\/www.suno.com.br\/noticias\/","logo":{"@type":"ImageObject","inLanguage":"pt-BR","@id":"https:\/\/www.suno.com.br\/noticias\/#\/schema\/logo\/image\/","url":"https:\/\/files.sunoresearch.com.br\/n\/uploads\/2021\/09\/suno-logo.png","contentUrl":"https:\/\/files.sunoresearch.com.br\/n\/uploads\/2021\/09\/suno-logo.png","width":180,"height":180,"caption":"Suno Not\u00edcias"},"image":{"@id":"https:\/\/www.suno.com.br\/noticias\/#\/schema\/logo\/image\/"},"sameAs":["https:\/\/facebook.com\/sunoresearch","https:\/\/x.com\/sunoresearch","https:\/\/www.instagram.com\/suno","https:\/\/www.linkedin.com\/company\/suno-research\/","https:\/\/www.youtube.com\/c\/sunoresearch"]},{"@type":"Person","@id":"https:\/\/www.suno.com.br\/noticias\/#\/schema\/person\/7f4d362bf3518e76090143ae77bb49a5","name":"Eduardo Vargas","image":{"@type":"ImageObject","inLanguage":"pt-BR","@id":"https:\/\/www.suno.com.br\/noticias\/#\/schema\/person\/image\/","url":"https:\/\/secure.gravatar.com\/avatar\/dac340933427a22924c9f99d1eb2e3f2?s=96&r=g","contentUrl":"https:\/\/secure.gravatar.com\/avatar\/dac340933427a22924c9f99d1eb2e3f2?s=96&r=g","caption":"Eduardo Vargas"},"description":"Jornalista formado pela UFSC, cobre macroeconomia, neg\u00f3cios e startups para o Suno Not\u00edcias, escrevendo principalmente not\u00edcias sobre o mercado financeiro e a bolsa de valores. No YouTube e no Instagram, \u00e9 respons\u00e1vel pela produ\u00e7\u00e3o de Reels e Shorts do Suno Not\u00edcias. Anteriormente, trabalhou cobrindo economia e cotidiano no ND+ e para o ND, maior jornal impresso de Santa Catarina. Cursou um semestre letivo de Estudos de M\u00eddia na Universidad de Buenos Aires.","url":"https:\/\/www.suno.com.br\/noticias\/author\/eduardo-vargas\/"}]}},"default_loop_html":"<div class=\"cardsPage__listCard__boxs\"><div class=\"cardsPage__listCard__boxs__img\"><a href=\"https:\/\/www.suno.com.br\/noticias\/eletrobras-elet3-justica-bilionario-acoes-compra\/\"><img class=\"mask\" src=\"https:\/\/www.suno.com.br\/noticias\/wp-content\/themes\/suno\/resources\/images\/spotlight\/spotlight1img\/bg-mask.png\" alt=\"Image Mask\"\/><img src=\"https:\/\/files.sunoresearch.com.br\/n\/uploads\/2021\/02\/c3b3f26a-eletrobras-400x200.webp\" alt=\"Eletrobras (ELET3): apesar de a\u00e7\u00e3o bilion\u00e1ria na Justi\u00e7a, Goldman Sachs recomenda compra\"\/><\/a><span class=\"spotlightCategory\"><a href=\"https:\/\/www.suno.com.br\/noticias\/negocios\/\">Neg\u00f3cios<\/a><\/span><\/div><div class=\"cardsPage__listCard__boxs__content\"><a href=\"https:\/\/www.suno.com.br\/noticias\/eletrobras-elet3-justica-bilionario-acoes-compra\/\"><h2 class=\"content__title\">Eletrobras (ELET3): apesar de a\u00e7\u00e3o bilion\u00e1ria na Justi\u00e7a, Goldman Sachs recomenda compra<\/h2><\/a><div class=\"newsContent__article__meta\"><div class=\"newsContent__article__meta__authorBox\"><a href=\"https:\/\/www.suno.com.br\/noticias\/author\/eduardo-vargas\/\" class=\"authorBox__avatar noMobi\"><img src=\"https:\/\/secure.gravatar.com\/avatar\/dac340933427a22924c9f99d1eb2e3f2?s=96&#038;r=g\" alt=\"Eduardo Vargas\"><\/a><div class=\"authorBox__name\"><span>por\n\t\t\t<a href=\"https:\/\/www.suno.com.br\/noticias\/author\/eduardo-vargas\/\"><span itemprop=\"author\">Eduardo Vargas<\/span><\/a><\/span><time datetime=\"2022-09-08T15:41:11-03:00\" itemprop=\"datePublished\">08\/09\/2022 15:41<\/time><\/div><\/div><\/div><\/div><\/div>","single_layout":"posts","amp_enabled":true,"_links":{"self":[{"href":"https:\/\/www.suno.com.br\/noticias\/wp-json\/wp\/v2\/posts\/295420"}],"collection":[{"href":"https:\/\/www.suno.com.br\/noticias\/wp-json\/wp\/v2\/posts"}],"about":[{"href":"https:\/\/www.suno.com.br\/noticias\/wp-json\/wp\/v2\/types\/post"}],"author":[{"embeddable":true,"href":"https:\/\/www.suno.com.br\/noticias\/wp-json\/wp\/v2\/users\/73"}],"replies":[{"embeddable":true,"href":"https:\/\/www.suno.com.br\/noticias\/wp-json\/wp\/v2\/comments?post=295420"}],"version-history":[{"count":3,"href":"https:\/\/www.suno.com.br\/noticias\/wp-json\/wp\/v2\/posts\/295420\/revisions"}],"predecessor-version":[{"id":295561,"href":"https:\/\/www.suno.com.br\/noticias\/wp-json\/wp\/v2\/posts\/295420\/revisions\/295561"}],"wp:featuredmedia":[{"embeddable":true,"href":"https:\/\/www.suno.com.br\/noticias\/wp-json\/wp\/v2\/media\/295460"}],"wp:attachment":[{"href":"https:\/\/www.suno.com.br\/noticias\/wp-json\/wp\/v2\/media?parent=295420"}],"wp:term":[{"taxonomy":"category","embeddable":true,"href":"https:\/\/www.suno.com.br\/noticias\/wp-json\/wp\/v2\/categories?post=295420"},{"taxonomy":"post_tag","embeddable":true,"href":"https:\/\/www.suno.com.br\/noticias\/wp-json\/wp\/v2\/tags?post=295420"},{"taxonomy":"suno_strategy","embeddable":true,"href":"https:\/\/www.suno.com.br\/noticias\/wp-json\/wp\/v2\/suno_strategy?post=295420"}],"curies":[{"name":"wp","href":"https:\/\/api.w.org\/{rel}","templated":true}]}}