{"id":295380,"date":"2022-09-09T08:44:30","date_gmt":"2022-09-09T11:44:30","guid":{"rendered":"https:\/\/www.suno.com.br\/noticias\/?p=295380"},"modified":"2022-09-09T08:44:30","modified_gmt":"2022-09-09T11:44:30","slug":"eike-batista-oferta-btg-pactual-bpac11","status":"publish","type":"post","link":"https:\/\/www.suno.com.br\/noticias\/eike-batista-oferta-btg-pactual-bpac11\/","title":{"rendered":"Eike Batista e credores se desagradam com oferta do BTG Pactual (BPAC11) por d\u00edvida da MMX"},"content":{"rendered":"<p>Tanto <strong><a class=\"suno-keyword\" href=\"https:\/\/www.suno.com.br\/tudo-sobre\/eike-batista\/\" target=\"_blank\" rel=\"noopener\" data-force=\"no\" data-priority=\"2\">Eike Batista<\/a> <\/strong>quanto seus credores, agora, est\u00e3o do mesmo lado. Ambos est\u00e3o desagradados com a oferta feita pelo <a class=\"suno-keyword\" href=\"https:\/\/www.suno.com.br\/acoes\/BPAC11\/\" target=\"_blank\" rel=\"noopener\" data-force=\"yes\" data-priority=\"2\">BTG Pactual (BPAC11)<\/a> aos t\u00edtulos de d\u00edvida da Anglo American e detidos pela MMX. Segundo apura\u00e7\u00e3o do Estad\u00e3o\/Broadcast, ambos devem ir \u00e0 Justi\u00e7a contra a solu\u00e7\u00e3o proposta pelo banco para comprar as deb\u00eantures.<\/p><div class=\"videoFull \">\n\t\t\t<div class=\"videoWrapper yt-lazyload center\"\n\t\t\t\tdata-width=\"960\"\n\t\t\t\tdata-height=\"540\"\n\t\t\t\tdata-id=\"IjMa6P8Lbmo\"\n\t\t\t\tdata-alt=\"V\u00eddeo do YouTube - clique para reproduzir\"\n\t\t\t\tdata-logo=\"3\"\n\t\t\t\tdata-imagequality=\"maxres\">\n\t\t\t<\/div>\n\t\t<\/div><script type=\"application\/ld+json\">{\"@context\":\"https:\/\/schema.org\",\"@type\":\"VideoObject\",\"name\":\"IPCA de agosto | Aux\u00edlio Brasil em R$ 800? | IRB (IRBR3): \u2018D\u00e1 para investir, mas n\u00e3o agora\u2019\",\"description\":\"IPCA de agosto | Aux\u00edlio Brasil em R$ 800? | IRB (IRBR3): \u2018D\u00e1 para investir, mas n\u00e3o agora\u2019 Na manh\u00e3 desta sexta-feira (9), os \u00edndices futuros de Nova York e bolsas europeias operam em alta, apesar da repercuss\u00e3o do \u2014 esperado, mas raro \u2014 aumento da taxa de juros pelo Banco Central Europeu (BCE). Nesta\u2026\",\"duration\":\"PT26M8S\",\"embedUrl\":\"https:\/\/www.youtube.com\/embed\/IjMa6P8Lbmo\",\"regionsAllowed\":\"pt-BR\",\"interactionStatistic\":{\"@type\":\"InteractionCounter\",\"interactionType\":{\"@type\":\"WatchAction\"},\"userInteractionCount\":2490},\"thumbnailUrl\":\"https:\/\/i.ytimg.com\/vi\/IjMa6P8Lbmo\/default.jpg\",\"uploadDate\":\"2022-09-09T12:29:36Z\"}<\/script>\n\n\t<p>\n\t\t<a href=\"\" target=\"_blank\" data-element=\"shortcode-suno-banner\" title=\"Banner SUNO, clique e saiba mais\">\n\t\t\t<picture>\n\t\t\t\t<source media=\"(max-width: 500px)\" srcset=\"\">\n\t\t\t\t<img class=\"newsContent__article__imgCapa newsContent__article__imgCapa--banner\"\n\t\t\t\t\tsrc=\"\"\n\t\t\t\t\tdata-promo-id=\"138420\"\t\t\t\t\t\t\t\t\t\t\t\t\t\t\talt=\"\"\n\t\t\t\t>\n\t\t\t<\/picture>\n\t\t<\/a>\n\t<\/p>\n\n\n<p>A mineradora de Eike Batista est\u00e1 realizando o leil\u00e3o das <a href=\"https:\/\/www.suno.com.br\/guias\/debentures\/\">deb\u00eantures a fim de reduzir a d\u00edvida<\/a>, integrando o processo de recupera\u00e7\u00e3o judicial da empresa.<\/p>\n<p>O entendimento de <strong>Eike e dos credores \u00e9 de que o BTG est\u00e1 sendo favorecido<\/strong>, pois o banco apresentou proposta no dia seguinte \u00e0 divulga\u00e7\u00e3o das novas condi\u00e7\u00f5es para a venda das deb\u00eantures pela Ju\u00edza Claudia Helena Batista, da 1.\u00aa Vara Empresarial de Belo Horizonte.<\/p>\n<p>A decis\u00e3o elimina a hip\u00f3tese de novo <a href=\"https:\/\/www.suno.com.br\/artigos\/leilao-de-acoes\/\"><strong>leil\u00e3o<\/strong><\/a>, que chegou a ser marcado para segunda (12), <a href=\"https:\/\/www.suno.com.br\/noticias\/eike-batista-divida-mmx-leilao\/\">conforme reportado pelo Suno Not\u00edcias<\/a>.<\/p>\n<p>Al\u00e9m disso, o prazo para apresenta\u00e7\u00e3o de propostas seria de tr\u00eas dias \u00fateis, contados a partir das 18h de segunda (12). A ideia era garantir a venda por pelo menos R$ 360 milh\u00f5es.<\/p>\n<p>Conforme documentos obtidos pela reportagem, o BTG apresentou proposta na ter\u00e7a (6), que foi prontamente aceita pelo administrador judicial da MMX. A XP Asset e o Banco Modal manifestaram interesse em entrar no processo ontem.<\/p>\n\n\t<div data-element=\"shortcode-read-more\" class=\"readToo\">\n\t\t\t\t<span class=\"readToo__title\">Leia mais<\/span>\n\t\t\t\t<ul class=\"readToo__list\">\n\t\t\t<li><a href=\"https:\/\/www.suno.com.br\/noticias\/eletrobras-elet3-justica-bilionario-acoes-compra\/\">Eletrobras (ELET3): apesar de a\u00e7\u00e3o bilion\u00e1ria na Justi\u00e7a, Goldman Sachs recomenda compra<\/a><\/li><li><a href=\"https:\/\/www.suno.com.br\/noticias\/banco-do-brasil-bbas3-dividendos-analistas\/\">Banco do Brasil (BBAS3) pagar\u00e1 ainda mais dividendos? Veja an\u00e1lises<\/a><\/li><li><a href=\"https:\/\/www.suno.com.br\/noticias\/argentina-novo-emprestimo-banco-mundial\/\">Argentina atinge US$ 2 bilh\u00f5es em empr\u00e9stimos com o Banco Mundial<\/a><\/li>\t\t<\/ul>\n\t<\/div>\n\n\n<p>No entanto, como a proposta do BTG j\u00e1 foi aceita pelo administrador, os demais proponentes teriam de apresentar oferta 1% superior aos R$ 360 milh\u00f5es e mais 3% sobre a oferta para custeio da due dilligence (investiga\u00e7\u00e3o pr\u00e9via) feita pelo BTG para aquisi\u00e7\u00e3o do ativo.<\/p>\n<p>Segundo o colunista Lauro Jardim, contudo, a\u00a0<strong>oferta feita pelo BTG Pactual<\/strong> foi na condi\u00e7\u00e3o de &#8216;<a class=\"suno-keyword\" href=\"https:\/\/www.suno.com.br\/artigos\/stalking-horse\/\" target=\"_blank\" rel=\"noopener\" data-force=\"no\" data-priority=\"1\">stalking horse<\/a>&#8216; &#8211; quando uma proposta \u00e9 feita, mas deixa em aberto a possibilidade para que outras propostas tamb\u00e9m possam ser feitas.<\/p>\n<p>Fontes a par do assunto tamb\u00e9m citam que o Credit Suisse participar\u00e1 do leil\u00e3o, assim como as gestoras OakTree e Royalty, e a tamb\u00e9m corretora Argenta Securities.<\/p>\n<p>No caso da Argenta, foi feita uma proposta de cerca de R$ 612 milh\u00f5es no \u00faltimo leil\u00e3o, ficando abaixo do pre\u00e7o m\u00ednimo estabelecido, de R$ 1,25 bilh\u00e3o. Com isso, o leil\u00e3o foi postergado.<\/p>\n<p>Os recursos arrecadados v\u00e3o para a <strong>redu\u00e7\u00e3o da d\u00edvida da MMX<\/strong>, incluindo o acordo de dela\u00e7\u00e3o que a empresa fechou com o <a href=\"https:\/\/portal.stf.jus.br\/\">Supremo Tribunal Federal (STF)<\/a>.<\/p>\n<p>Procurados, BTG e XP n\u00e3o se pronunciaram at\u00e9 o fechamento desta reportagem.<\/p>\n\t<p>\n\t\t<a href=\"https:\/\/lp.suno.com.br\/planilha-controle-gastos\/\" target=\"_blank\" data-element=\"shortcode-suno-banner\" title=\"Banner SUNO, clique e saiba mais\">\n\t\t\t<picture>\n\t\t\t\t<source media=\"(max-width: 500px)\" srcset=\"https:\/\/files.sunoresearch.com.br\/n\/uploads\/2023\/03\/400x300-Planilha-controle-de-gastos.png\">\n\t\t\t\t<img class=\"newsContent__article__imgCapa newsContent__article__imgCapa--banner\"\n\t\t\t\t\tsrc=\"https:\/\/files.sunoresearch.com.br\/n\/uploads\/2023\/03\/1420x240-Planilha-controle-de-gastos.png\"\n\t\t\t\t\tdata-promo-id=\"101751\"\t\t\t\t\t\t\t\t\t\twidth='1420' height='240'\t\t\t\t\talt=\"https:\/\/files.sunoresearch.com.br\/n\/uploads\/2023\/03\/1420x240-Planilha-controle-de-gastos.png\"\n\t\t\t\t>\n\t\t\t<\/picture>\n\t\t<\/a>\n\t<\/p>\n\n\n<h2>Entenda o leil\u00e3o da mineradora de Eike Batista<\/h2>\n<p>O leil\u00e3o marcado para a segunda-feira (12) \u00e9 das deb\u00eantures participativas que eram detidas <a href=\"https:\/\/statusinvest.com.br\/acoes\/mmxm3\">pela MMX, <strong>mineradora da EBX<\/strong><\/a>, o conglomerado empresarial de Eike Batista.<\/p>\n<p>Os pap\u00e9is remontam transa\u00e7\u00f5es da d\u00e9cada passada, j\u00e1 que est\u00e3o envolvidos na opera\u00e7\u00e3o de venda da antiga Minas-Rio \u00e0 Anglo American em meados de 2008.<\/p>\n<p>Os valores discutidos atualmente, de cerca de R$ 360 milh\u00f5es, ficam bem abaixo dos lances m\u00ednimos das tentativas anteriores. Isso pois, em leil\u00f5es anteriores dos t\u00edtulos, a exig\u00eancia era de R$ 1,2 bilh\u00e3o.<\/p>\n<p>Na primeira tentativa de vender a d\u00edvida da empresa de <strong>Eike Batista<\/strong>, o lance m\u00ednimo era de R$ 1,8 bilh\u00e3o.<\/p>\n<p class=\"newsProviderSignature\">Com Estad\u00e3o Conte\u00fado<\/p>\n\t<p>\n\t\t<a href=\"https:\/\/lp.suno.com.br\/planilha-da-vida-financeira\/\" target=\"_blank\" data-element=\"shortcode-suno-banner\" title=\"Banner SUNO, clique e saiba mais\">\n\t\t\t<picture>\n\t\t\t\t<source media=\"(max-width: 500px)\" srcset=\"https:\/\/files.sunoresearch.com.br\/n\/uploads\/2023\/04\/400x300-Planilha-vida-financeira-true.png\">\n\t\t\t\t<img class=\"newsContent__article__imgCapa newsContent__article__imgCapa--banner\"\n\t\t\t\t\tsrc=\"https:\/\/files.sunoresearch.com.br\/n\/uploads\/2023\/04\/1420x240-Planilha-vida-financeira-true.png\"\n\t\t\t\t\tdata-promo-id=\"106682\"\t\t\t\t\t\t\t\t\t\twidth='1420' height='240'\t\t\t\t\talt=\"https:\/\/files.sunoresearch.com.br\/n\/uploads\/2023\/04\/1420x240-Planilha-vida-financeira-true.png\"\n\t\t\t\t>\n\t\t\t<\/picture>\n\t\t<\/a>\n\t<\/p>\n\n\n","protected":false},"excerpt":{"rendered":"<p>Tanto Eike Batista quanto seus credores, agora, est\u00e3o do mesmo lado. Ambos est\u00e3o desagradados com a oferta feita pelo BTG Pactual (BPAC11) aos t\u00edtulos de d\u00edvida da Anglo American e detidos pela MMX. Segundo apura\u00e7\u00e3o do Estad\u00e3o\/Broadcast, ambos devem ir \u00e0 Justi\u00e7a contra a solu\u00e7\u00e3o proposta pelo banco para comprar as deb\u00eantures. A mineradora de [&hellip;]<\/p>\n","protected":false},"author":73,"featured_media":167300,"comment_status":"closed","ping_status":"closed","sticky":false,"template":"","format":"standard","meta":[],"categories":[64],"tags":[106444,399,1415],"suno_strategy":[],"class_list":["post-295380","post","type-post","status-publish","format-standard","has-post-thumbnail","hentry","category-negocios","tag-agencias","tag-btg-pactual-bpac11-bpac3-bpac5","tag-eike-batista"],"yoast_head":"<!-- This site is optimized with the Yoast SEO plugin v24.4 - https:\/\/yoast.com\/wordpress\/plugins\/seo\/ -->\n<title>Eike Batista e credores se desagradam com oferta do BTG (BPAC11)<\/title>\n<meta name=\"description\" content=\"Empresa de Eike Batista fez tentativas sucessivas de vender t\u00edtulos de d\u00edvida por pre\u00e7os bilion\u00e1rios, mas sem sucesso. Clique e confira!\" \/>\n<meta name=\"robots\" content=\"index, follow, max-snippet:-1, max-image-preview:large, max-video-preview:-1\" \/>\n<link rel=\"canonical\" href=\"https:\/\/www.suno.com.br\/noticias\/eike-batista-oferta-btg-pactual-bpac11\/\" \/>\n<meta property=\"og:locale\" content=\"pt_BR\" \/>\n<meta property=\"og:type\" content=\"article\" \/>\n<meta property=\"og:title\" content=\"Eike Batista e credores se desagradam com oferta do BTG (BPAC11)\" \/>\n<meta property=\"og:description\" content=\"Empresa de Eike Batista fez tentativas sucessivas de vender t\u00edtulos de d\u00edvida por pre\u00e7os bilion\u00e1rios, mas sem sucesso. Clique e confira!\" \/>\n<meta property=\"og:url\" content=\"https:\/\/www.suno.com.br\/noticias\/eike-batista-oferta-btg-pactual-bpac11\/\" \/>\n<meta property=\"og:site_name\" content=\"Suno Not\u00edcias\" \/>\n<meta property=\"article:publisher\" content=\"https:\/\/facebook.com\/sunoresearch\" \/>\n<meta property=\"og:image\" content=\"https:\/\/files.sunoresearch.com.br\/n\/uploads\/2021\/07\/45dfd9a4-1099562-wdoli_abr_112920175803_1-scaled.jpg\" \/>\n\t<meta property=\"og:image:width\" content=\"2560\" \/>\n\t<meta property=\"og:image:height\" content=\"1707\" \/>\n\t<meta property=\"og:image:type\" content=\"image\/jpeg\" \/>\n<meta name=\"author\" content=\"Eduardo Vargas\" \/>\n<meta name=\"twitter:card\" content=\"summary_large_image\" \/>\n<meta name=\"twitter:creator\" content=\"@sunoresearch\" \/>\n<meta name=\"twitter:site\" content=\"@sunoresearch\" \/>\n<meta name=\"twitter:label1\" content=\"Escrito por\" \/>\n\t<meta name=\"twitter:data1\" content=\"Eduardo Vargas\" \/>\n\t<meta name=\"twitter:label2\" content=\"Est. tempo de leitura\" \/>\n\t<meta name=\"twitter:data2\" content=\"3 minutos\" \/>\n<script type=\"application\/ld+json\" class=\"yoast-schema-graph\">{\"@context\":\"https:\/\/schema.org\",\"@graph\":[{\"@type\":\"NewsArticle\",\"@id\":\"https:\/\/www.suno.com.br\/noticias\/eike-batista-oferta-btg-pactual-bpac11\/#article\",\"isPartOf\":{\"@id\":\"https:\/\/www.suno.com.br\/noticias\/eike-batista-oferta-btg-pactual-bpac11\/\"},\"author\":{\"name\":\"Eduardo Vargas\",\"@id\":\"https:\/\/www.suno.com.br\/noticias\/#\/schema\/person\/7f4d362bf3518e76090143ae77bb49a5\"},\"headline\":\"Eike Batista e credores se desagradam com oferta do BTG Pactual (BPAC11) por d\u00edvida da MMX\",\"datePublished\":\"2022-09-09T11:44:30+00:00\",\"mainEntityOfPage\":{\"@id\":\"https:\/\/www.suno.com.br\/noticias\/eike-batista-oferta-btg-pactual-bpac11\/\"},\"wordCount\":584,\"publisher\":{\"@id\":\"https:\/\/www.suno.com.br\/noticias\/#organization\"},\"image\":{\"@id\":\"https:\/\/www.suno.com.br\/noticias\/eike-batista-oferta-btg-pactual-bpac11\/#primaryimage\"},\"thumbnailUrl\":\"https:\/\/files.sunoresearch.com.br\/n\/uploads\/2021\/07\/45dfd9a4-1099562-wdoli_abr_112920175803_1-scaled.jpg\",\"keywords\":[\"Ag\u00eancias\",\"BTG Pactual (BPAC11\/BPAC3\/BPAC5)\",\"Eike Batista\"],\"articleSection\":[\"Neg\u00f3cios\"],\"inLanguage\":\"pt-BR\"},{\"@type\":\"WebPage\",\"@id\":\"https:\/\/www.suno.com.br\/noticias\/eike-batista-oferta-btg-pactual-bpac11\/\",\"url\":\"https:\/\/www.suno.com.br\/noticias\/eike-batista-oferta-btg-pactual-bpac11\/\",\"name\":\"Eike Batista e credores se desagradam com oferta do BTG (BPAC11)\",\"isPartOf\":{\"@id\":\"https:\/\/www.suno.com.br\/noticias\/#website\"},\"primaryImageOfPage\":{\"@id\":\"https:\/\/www.suno.com.br\/noticias\/eike-batista-oferta-btg-pactual-bpac11\/#primaryimage\"},\"image\":{\"@id\":\"https:\/\/www.suno.com.br\/noticias\/eike-batista-oferta-btg-pactual-bpac11\/#primaryimage\"},\"thumbnailUrl\":\"https:\/\/files.sunoresearch.com.br\/n\/uploads\/2021\/07\/45dfd9a4-1099562-wdoli_abr_112920175803_1-scaled.jpg\",\"datePublished\":\"2022-09-09T11:44:30+00:00\",\"description\":\"Empresa de Eike Batista fez tentativas sucessivas de vender t\u00edtulos de d\u00edvida por pre\u00e7os bilion\u00e1rios, mas sem sucesso. Clique e confira!\",\"breadcrumb\":{\"@id\":\"https:\/\/www.suno.com.br\/noticias\/eike-batista-oferta-btg-pactual-bpac11\/#breadcrumb\"},\"inLanguage\":\"pt-BR\",\"potentialAction\":[{\"@type\":\"ReadAction\",\"target\":[\"https:\/\/www.suno.com.br\/noticias\/eike-batista-oferta-btg-pactual-bpac11\/\"]}]},{\"@type\":\"ImageObject\",\"inLanguage\":\"pt-BR\",\"@id\":\"https:\/\/www.suno.com.br\/noticias\/eike-batista-oferta-btg-pactual-bpac11\/#primaryimage\",\"url\":\"https:\/\/files.sunoresearch.com.br\/n\/uploads\/2021\/07\/45dfd9a4-1099562-wdoli_abr_112920175803_1-scaled.jpg\",\"contentUrl\":\"https:\/\/files.sunoresearch.com.br\/n\/uploads\/2021\/07\/45dfd9a4-1099562-wdoli_abr_112920175803_1-scaled.jpg\",\"width\":2560,\"height\":1707,\"caption\":\"Eike Batista. Foto: Wilson Dias\/Ag\u00eancia Brasil.\"},{\"@type\":\"BreadcrumbList\",\"@id\":\"https:\/\/www.suno.com.br\/noticias\/eike-batista-oferta-btg-pactual-bpac11\/#breadcrumb\",\"itemListElement\":[{\"@type\":\"ListItem\",\"position\":1,\"name\":\"Not\u00edcias\",\"item\":\"https:\/\/www.suno.com.br\/noticias\/\"},{\"@type\":\"ListItem\",\"position\":2,\"name\":\"Neg\u00f3cios\",\"item\":\"https:\/\/www.suno.com.br\/noticias\/negocios\/\"},{\"@type\":\"ListItem\",\"position\":3,\"name\":\"Eike Batista e credores se desagradam com oferta do BTG Pactual (BPAC11) por d\u00edvida da MMX\"}]},{\"@type\":\"WebSite\",\"@id\":\"https:\/\/www.suno.com.br\/noticias\/#website\",\"url\":\"https:\/\/www.suno.com.br\/noticias\/\",\"name\":\"Suno Not\u00edcias\",\"description\":\"Seu portal de informa\u00e7\u00e3o sobre o mundo dos investimentos\",\"publisher\":{\"@id\":\"https:\/\/www.suno.com.br\/noticias\/#organization\"},\"potentialAction\":[{\"@type\":\"SearchAction\",\"target\":{\"@type\":\"EntryPoint\",\"urlTemplate\":\"https:\/\/www.suno.com.br\/noticias\/?s={search_term_string}\"},\"query-input\":{\"@type\":\"PropertyValueSpecification\",\"valueRequired\":true,\"valueName\":\"search_term_string\"}}],\"inLanguage\":\"pt-BR\"},{\"@type\":\"Organization\",\"@id\":\"https:\/\/www.suno.com.br\/noticias\/#organization\",\"name\":\"Suno Not\u00edcias\",\"url\":\"https:\/\/www.suno.com.br\/noticias\/\",\"logo\":{\"@type\":\"ImageObject\",\"inLanguage\":\"pt-BR\",\"@id\":\"https:\/\/www.suno.com.br\/noticias\/#\/schema\/logo\/image\/\",\"url\":\"https:\/\/files.sunoresearch.com.br\/n\/uploads\/2021\/09\/suno-logo.png\",\"contentUrl\":\"https:\/\/files.sunoresearch.com.br\/n\/uploads\/2021\/09\/suno-logo.png\",\"width\":180,\"height\":180,\"caption\":\"Suno Not\u00edcias\"},\"image\":{\"@id\":\"https:\/\/www.suno.com.br\/noticias\/#\/schema\/logo\/image\/\"},\"sameAs\":[\"https:\/\/facebook.com\/sunoresearch\",\"https:\/\/x.com\/sunoresearch\",\"https:\/\/www.instagram.com\/suno\",\"https:\/\/www.linkedin.com\/company\/suno-research\/\",\"https:\/\/www.youtube.com\/c\/sunoresearch\"]},{\"@type\":\"Person\",\"@id\":\"https:\/\/www.suno.com.br\/noticias\/#\/schema\/person\/7f4d362bf3518e76090143ae77bb49a5\",\"name\":\"Eduardo Vargas\",\"image\":{\"@type\":\"ImageObject\",\"inLanguage\":\"pt-BR\",\"@id\":\"https:\/\/www.suno.com.br\/noticias\/#\/schema\/person\/image\/\",\"url\":\"https:\/\/secure.gravatar.com\/avatar\/dac340933427a22924c9f99d1eb2e3f2?s=96&r=g\",\"contentUrl\":\"https:\/\/secure.gravatar.com\/avatar\/dac340933427a22924c9f99d1eb2e3f2?s=96&r=g\",\"caption\":\"Eduardo Vargas\"},\"description\":\"Jornalista formado pela UFSC, cobre macroeconomia, neg\u00f3cios e startups para o Suno Not\u00edcias, escrevendo principalmente not\u00edcias sobre o mercado financeiro e a bolsa de valores. No YouTube e no Instagram, \u00e9 respons\u00e1vel pela produ\u00e7\u00e3o de Reels e Shorts do Suno Not\u00edcias. Anteriormente, trabalhou cobrindo economia e cotidiano no ND+ e para o ND, maior jornal impresso de Santa Catarina. Cursou um semestre letivo de Estudos de M\u00eddia na Universidad de Buenos Aires.\",\"url\":\"https:\/\/www.suno.com.br\/noticias\/author\/eduardo-vargas\/\"}]}<\/script>\n<!-- \/ Yoast SEO plugin. -->","yoast_head_json":{"title":"Eike Batista e credores se desagradam com oferta do BTG (BPAC11)","description":"Empresa de Eike Batista fez tentativas sucessivas de vender t\u00edtulos de d\u00edvida por pre\u00e7os bilion\u00e1rios, mas sem sucesso. Clique e confira!","robots":{"index":"index","follow":"follow","max-snippet":"max-snippet:-1","max-image-preview":"max-image-preview:large","max-video-preview":"max-video-preview:-1"},"canonical":"https:\/\/www.suno.com.br\/noticias\/eike-batista-oferta-btg-pactual-bpac11\/","og_locale":"pt_BR","og_type":"article","og_title":"Eike Batista e credores se desagradam com oferta do BTG (BPAC11)","og_description":"Empresa de Eike Batista fez tentativas sucessivas de vender t\u00edtulos de d\u00edvida por pre\u00e7os bilion\u00e1rios, mas sem sucesso. Clique e confira!","og_url":"https:\/\/www.suno.com.br\/noticias\/eike-batista-oferta-btg-pactual-bpac11\/","og_site_name":"Suno Not\u00edcias","article_publisher":"https:\/\/facebook.com\/sunoresearch","og_image":[{"width":2560,"height":1707,"url":"https:\/\/files.sunoresearch.com.br\/n\/uploads\/2021\/07\/45dfd9a4-1099562-wdoli_abr_112920175803_1-scaled.jpg","type":"image\/jpeg"}],"author":"Eduardo Vargas","twitter_card":"summary_large_image","twitter_creator":"@sunoresearch","twitter_site":"@sunoresearch","twitter_misc":{"Escrito por":"Eduardo Vargas","Est. tempo de leitura":"3 minutos"},"schema":{"@context":"https:\/\/schema.org","@graph":[{"@type":"NewsArticle","@id":"https:\/\/www.suno.com.br\/noticias\/eike-batista-oferta-btg-pactual-bpac11\/#article","isPartOf":{"@id":"https:\/\/www.suno.com.br\/noticias\/eike-batista-oferta-btg-pactual-bpac11\/"},"author":{"name":"Eduardo Vargas","@id":"https:\/\/www.suno.com.br\/noticias\/#\/schema\/person\/7f4d362bf3518e76090143ae77bb49a5"},"headline":"Eike Batista e credores se desagradam com oferta do BTG Pactual (BPAC11) por d\u00edvida da MMX","datePublished":"2022-09-09T11:44:30+00:00","mainEntityOfPage":{"@id":"https:\/\/www.suno.com.br\/noticias\/eike-batista-oferta-btg-pactual-bpac11\/"},"wordCount":584,"publisher":{"@id":"https:\/\/www.suno.com.br\/noticias\/#organization"},"image":{"@id":"https:\/\/www.suno.com.br\/noticias\/eike-batista-oferta-btg-pactual-bpac11\/#primaryimage"},"thumbnailUrl":"https:\/\/files.sunoresearch.com.br\/n\/uploads\/2021\/07\/45dfd9a4-1099562-wdoli_abr_112920175803_1-scaled.jpg","keywords":["Ag\u00eancias","BTG Pactual (BPAC11\/BPAC3\/BPAC5)","Eike Batista"],"articleSection":["Neg\u00f3cios"],"inLanguage":"pt-BR"},{"@type":"WebPage","@id":"https:\/\/www.suno.com.br\/noticias\/eike-batista-oferta-btg-pactual-bpac11\/","url":"https:\/\/www.suno.com.br\/noticias\/eike-batista-oferta-btg-pactual-bpac11\/","name":"Eike Batista e credores se desagradam com oferta do BTG (BPAC11)","isPartOf":{"@id":"https:\/\/www.suno.com.br\/noticias\/#website"},"primaryImageOfPage":{"@id":"https:\/\/www.suno.com.br\/noticias\/eike-batista-oferta-btg-pactual-bpac11\/#primaryimage"},"image":{"@id":"https:\/\/www.suno.com.br\/noticias\/eike-batista-oferta-btg-pactual-bpac11\/#primaryimage"},"thumbnailUrl":"https:\/\/files.sunoresearch.com.br\/n\/uploads\/2021\/07\/45dfd9a4-1099562-wdoli_abr_112920175803_1-scaled.jpg","datePublished":"2022-09-09T11:44:30+00:00","description":"Empresa de Eike Batista fez tentativas sucessivas de vender t\u00edtulos de d\u00edvida por pre\u00e7os bilion\u00e1rios, mas sem sucesso. Clique e confira!","breadcrumb":{"@id":"https:\/\/www.suno.com.br\/noticias\/eike-batista-oferta-btg-pactual-bpac11\/#breadcrumb"},"inLanguage":"pt-BR","potentialAction":[{"@type":"ReadAction","target":["https:\/\/www.suno.com.br\/noticias\/eike-batista-oferta-btg-pactual-bpac11\/"]}]},{"@type":"ImageObject","inLanguage":"pt-BR","@id":"https:\/\/www.suno.com.br\/noticias\/eike-batista-oferta-btg-pactual-bpac11\/#primaryimage","url":"https:\/\/files.sunoresearch.com.br\/n\/uploads\/2021\/07\/45dfd9a4-1099562-wdoli_abr_112920175803_1-scaled.jpg","contentUrl":"https:\/\/files.sunoresearch.com.br\/n\/uploads\/2021\/07\/45dfd9a4-1099562-wdoli_abr_112920175803_1-scaled.jpg","width":2560,"height":1707,"caption":"Eike Batista. Foto: Wilson Dias\/Ag\u00eancia Brasil."},{"@type":"BreadcrumbList","@id":"https:\/\/www.suno.com.br\/noticias\/eike-batista-oferta-btg-pactual-bpac11\/#breadcrumb","itemListElement":[{"@type":"ListItem","position":1,"name":"Not\u00edcias","item":"https:\/\/www.suno.com.br\/noticias\/"},{"@type":"ListItem","position":2,"name":"Neg\u00f3cios","item":"https:\/\/www.suno.com.br\/noticias\/negocios\/"},{"@type":"ListItem","position":3,"name":"Eike Batista e credores se desagradam com oferta do BTG Pactual (BPAC11) por d\u00edvida da MMX"}]},{"@type":"WebSite","@id":"https:\/\/www.suno.com.br\/noticias\/#website","url":"https:\/\/www.suno.com.br\/noticias\/","name":"Suno Not\u00edcias","description":"Seu portal de informa\u00e7\u00e3o sobre o mundo dos investimentos","publisher":{"@id":"https:\/\/www.suno.com.br\/noticias\/#organization"},"potentialAction":[{"@type":"SearchAction","target":{"@type":"EntryPoint","urlTemplate":"https:\/\/www.suno.com.br\/noticias\/?s={search_term_string}"},"query-input":{"@type":"PropertyValueSpecification","valueRequired":true,"valueName":"search_term_string"}}],"inLanguage":"pt-BR"},{"@type":"Organization","@id":"https:\/\/www.suno.com.br\/noticias\/#organization","name":"Suno Not\u00edcias","url":"https:\/\/www.suno.com.br\/noticias\/","logo":{"@type":"ImageObject","inLanguage":"pt-BR","@id":"https:\/\/www.suno.com.br\/noticias\/#\/schema\/logo\/image\/","url":"https:\/\/files.sunoresearch.com.br\/n\/uploads\/2021\/09\/suno-logo.png","contentUrl":"https:\/\/files.sunoresearch.com.br\/n\/uploads\/2021\/09\/suno-logo.png","width":180,"height":180,"caption":"Suno Not\u00edcias"},"image":{"@id":"https:\/\/www.suno.com.br\/noticias\/#\/schema\/logo\/image\/"},"sameAs":["https:\/\/facebook.com\/sunoresearch","https:\/\/x.com\/sunoresearch","https:\/\/www.instagram.com\/suno","https:\/\/www.linkedin.com\/company\/suno-research\/","https:\/\/www.youtube.com\/c\/sunoresearch"]},{"@type":"Person","@id":"https:\/\/www.suno.com.br\/noticias\/#\/schema\/person\/7f4d362bf3518e76090143ae77bb49a5","name":"Eduardo Vargas","image":{"@type":"ImageObject","inLanguage":"pt-BR","@id":"https:\/\/www.suno.com.br\/noticias\/#\/schema\/person\/image\/","url":"https:\/\/secure.gravatar.com\/avatar\/dac340933427a22924c9f99d1eb2e3f2?s=96&r=g","contentUrl":"https:\/\/secure.gravatar.com\/avatar\/dac340933427a22924c9f99d1eb2e3f2?s=96&r=g","caption":"Eduardo Vargas"},"description":"Jornalista formado pela UFSC, cobre macroeconomia, neg\u00f3cios e startups para o Suno Not\u00edcias, escrevendo principalmente not\u00edcias sobre o mercado financeiro e a bolsa de valores. No YouTube e no Instagram, \u00e9 respons\u00e1vel pela produ\u00e7\u00e3o de Reels e Shorts do Suno Not\u00edcias. Anteriormente, trabalhou cobrindo economia e cotidiano no ND+ e para o ND, maior jornal impresso de Santa Catarina. Cursou um semestre letivo de Estudos de M\u00eddia na Universidad de Buenos Aires.","url":"https:\/\/www.suno.com.br\/noticias\/author\/eduardo-vargas\/"}]}},"default_loop_html":"<div class=\"cardsPage__listCard__boxs\"><div class=\"cardsPage__listCard__boxs__img\"><a href=\"https:\/\/www.suno.com.br\/noticias\/argentina-novo-emprestimo-banco-mundial\/\"><img class=\"mask\" src=\"https:\/\/www.suno.com.br\/noticias\/wp-content\/themes\/suno\/resources\/images\/spotlight\/spotlight1img\/bg-mask.png\" alt=\"Image Mask\"\/><img src=\"https:\/\/files.sunoresearch.com.br\/n\/uploads\/2020\/08\/f38af246-argentina-400x200.webp\" alt=\"Argentina atinge US$ 2 bilh\u00f5es em empr\u00e9stimos com o Banco Mundial\"\/><\/a><span class=\"spotlightCategory\"><a href=\"https:\/\/www.suno.com.br\/noticias\/internacional\/\">Internacional<\/a><\/span><\/div><div class=\"cardsPage__listCard__boxs__content\"><a href=\"https:\/\/www.suno.com.br\/noticias\/argentina-novo-emprestimo-banco-mundial\/\"><h2 class=\"content__title\">Argentina atinge US$ 2 bilh\u00f5es em empr\u00e9stimos com o Banco Mundial<\/h2><\/a><div class=\"newsContent__article__meta\"><div class=\"newsContent__article__meta__authorBox\"><a href=\"https:\/\/www.suno.com.br\/noticias\/author\/eduardo-vargas\/\" class=\"authorBox__avatar noMobi\"><img src=\"https:\/\/secure.gravatar.com\/avatar\/dac340933427a22924c9f99d1eb2e3f2?s=96&#038;r=g\" alt=\"Eduardo Vargas\"><\/a><div class=\"authorBox__name\"><span>por\n\t\t\t<a href=\"https:\/\/www.suno.com.br\/noticias\/author\/eduardo-vargas\/\"><span itemprop=\"author\">Eduardo Vargas<\/span><\/a><\/span><time datetime=\"2022-09-08T08:37:19-03:00\" itemprop=\"datePublished\">08\/09\/2022 08:37<\/time><\/div><\/div><\/div><\/div><\/div>","single_layout":"posts","amp_enabled":true,"_links":{"self":[{"href":"https:\/\/www.suno.com.br\/noticias\/wp-json\/wp\/v2\/posts\/295380"}],"collection":[{"href":"https:\/\/www.suno.com.br\/noticias\/wp-json\/wp\/v2\/posts"}],"about":[{"href":"https:\/\/www.suno.com.br\/noticias\/wp-json\/wp\/v2\/types\/post"}],"author":[{"embeddable":true,"href":"https:\/\/www.suno.com.br\/noticias\/wp-json\/wp\/v2\/users\/73"}],"replies":[{"embeddable":true,"href":"https:\/\/www.suno.com.br\/noticias\/wp-json\/wp\/v2\/comments?post=295380"}],"version-history":[{"count":3,"href":"https:\/\/www.suno.com.br\/noticias\/wp-json\/wp\/v2\/posts\/295380\/revisions"}],"predecessor-version":[{"id":295430,"href":"https:\/\/www.suno.com.br\/noticias\/wp-json\/wp\/v2\/posts\/295380\/revisions\/295430"}],"wp:featuredmedia":[{"embeddable":true,"href":"https:\/\/www.suno.com.br\/noticias\/wp-json\/wp\/v2\/media\/167300"}],"wp:attachment":[{"href":"https:\/\/www.suno.com.br\/noticias\/wp-json\/wp\/v2\/media?parent=295380"}],"wp:term":[{"taxonomy":"category","embeddable":true,"href":"https:\/\/www.suno.com.br\/noticias\/wp-json\/wp\/v2\/categories?post=295380"},{"taxonomy":"post_tag","embeddable":true,"href":"https:\/\/www.suno.com.br\/noticias\/wp-json\/wp\/v2\/tags?post=295380"},{"taxonomy":"suno_strategy","embeddable":true,"href":"https:\/\/www.suno.com.br\/noticias\/wp-json\/wp\/v2\/suno_strategy?post=295380"}],"curies":[{"name":"wp","href":"https:\/\/api.w.org\/{rel}","templated":true}]}}