{"id":294940,"date":"2022-09-08T15:41:11","date_gmt":"2022-09-08T18:41:11","guid":{"rendered":"https:\/\/www.suno.com.br\/noticias\/?p=294940"},"modified":"2022-09-08T15:41:11","modified_gmt":"2022-09-08T18:41:11","slug":"eletrobras-elet3-justica-bilionario-acoes-compra","status":"publish","type":"post","link":"https:\/\/www.suno.com.br\/noticias\/eletrobras-elet3-justica-bilionario-acoes-compra\/","title":{"rendered":"Eletrobras (ELET3): apesar de a\u00e7\u00e3o bilion\u00e1ria na Justi\u00e7a, Goldman Sachs recomenda compra"},"content":{"rendered":"<p>O Goldman Sachs segue otimista com a <strong>Eletrobras<\/strong> (<a href=\"https:\/\/www.suno.com.br\/acoes\/elet3\/\">ELET3<\/a>) apesar da not\u00edcia recente sobre uma ordem de execu\u00e7\u00e3o para pagar R$ 6,8 bilh\u00f5es.<\/p><div class=\"videoFull \">\n\t\t\t<div class=\"videoWrapper yt-lazyload center\"\n\t\t\t\tdata-width=\"960\"\n\t\t\t\tdata-height=\"540\"\n\t\t\t\tdata-id=\"jcWYyXlc_kM\"\n\t\t\t\tdata-alt=\"V\u00eddeo do YouTube - clique para reproduzir\"\n\t\t\t\tdata-logo=\"3\"\n\t\t\t\tdata-imagequality=\"maxres\">\n\t\t\t<\/div>\n\t\t<\/div><script type=\"application\/ld+json\">{\"@context\":\"https:\/\/schema.org\",\"@type\":\"VideoObject\",\"name\":\"Juros na Europa | Perspectivas econ\u00f4micas fracas nos EUA | Banco eleva proje\u00e7\u00f5es para Magalu (MGLU3)\",\"description\":\"Na manh\u00e3 desta quinta-feira (8), os \u00edndices futuros dos Estados Unidos operam perto da estabilidade e as bolsas da Europa se movimentam de forma mista, tend\u00eancias que v\u00eam seguidas da forte alta do mercado americano e \u00e0 espera da confirma\u00e7\u00e3o de nova eleva\u00e7\u00e3o dos juros pelo Banco Central Europeu (BCE). A infla\u00e7\u00e3o na zona euro\u2026\",\"duration\":\"PT23M7S\",\"embedUrl\":\"https:\/\/www.youtube.com\/embed\/jcWYyXlc_kM\",\"regionsAllowed\":\"pt-BR\",\"interactionStatistic\":{\"@type\":\"InteractionCounter\",\"interactionType\":{\"@type\":\"WatchAction\"},\"userInteractionCount\":3308},\"thumbnailUrl\":\"https:\/\/i.ytimg.com\/vi\/jcWYyXlc_kM\/default.jpg\",\"uploadDate\":\"2022-09-08T12:25:33Z\"}<\/script>\n\n\t<p>\n\t\t<a href=\"\" target=\"_blank\" data-element=\"shortcode-suno-banner\" title=\"Banner SUNO, clique e saiba mais\">\n\t\t\t<picture>\n\t\t\t\t<source media=\"(max-width: 500px)\" srcset=\"\">\n\t\t\t\t<img class=\"newsContent__article__imgCapa newsContent__article__imgCapa--banner\"\n\t\t\t\t\tsrc=\"\"\n\t\t\t\t\tdata-promo-id=\"265372\"\t\t\t\t\t\t\t\t\t\t\t\t\t\t\talt=\"\"\n\t\t\t\t>\n\t\t\t<\/picture>\n\t\t<\/a>\n\t<\/p>\n\n\n<p>Os analistas da casa deram um novo parecer sobre as <strong>a\u00e7\u00f5es da Eletrobras<\/strong>. Em <a class=\"suno-keyword\" href=\"https:\/\/www.suno.com.br\/artigos\/fato-relevante\/\" target=\"_blank\" rel=\"noopener\" data-force=\"no\" data-priority=\"1\">fato relevante<\/a> nesta semana, a companhia informou que recebeu uma ordem de execu\u00e7\u00e3o da Justi\u00e7a para pagar essa cifra bilion\u00e1ria por causa de um empr\u00e9stimo compuls\u00f3rio.<\/p>\n<p>Esse valor, de R$ 6,8 bilh\u00f5es, corresponde a cerca de 6,7% do valor de Capitaliza\u00e7\u00e3o de Mercado (market cap) da Eletrobras.<\/p>\n<p>Ainda assim, a recomenda\u00e7\u00e3o do banco \u00e9 de compra para as a\u00e7\u00f5es, com pre\u00e7o-alvo de R$ 61 para os pap\u00e9is <strong>ELET3<\/strong>. A cota\u00e7\u00e3o atual \u00e9 de cerca de R$ 45.<\/p>\n<p>Para as a\u00e7\u00f5es ELET6, os analistas miram R$ 67 ante uma cota\u00e7\u00e3o atual de R$ 47.<\/p>\n<p>&#8220;A Eletrobras informou que recebeu liminar de execu\u00e7\u00e3o com valor total de R$ 6,8 bilh\u00f5es referente a empr\u00e9stimos compuls\u00f3rios que n\u00e3o est\u00e3o inclusos nos R$ 26 bilh\u00f5es em passivos listados nos seus balan\u00e7os. Embora n\u00e3o tenhamos opini\u00e3o sobre o resultado potencial deste processo, notamos que embora o valor pare\u00e7a relevante, representando 6,7% do <a class=\"suno-keyword\" href=\"https:\/\/www.suno.com.br\/artigos\/valor-de-mercado\/\" target=\"_blank\" rel=\"noopener\" data-force=\"no\" data-priority=\"1\">valor de capitaliza\u00e7\u00e3o de mercado da empresa (market cap)<\/a>, a companhia disse que tomar\u00e1 as medidas cab\u00edveis em sua defesa, pois entende que a quest\u00e3o judicial \u00e9 improcedente&#8221;, diz o Goldman Sachs.<\/p>\n<p>&#8220;Consideramos isso, especialmente, porque houve decis\u00e3o recente do STJ [Superior Tribunal de Justi\u00e7a] em processo semelhante que culminou em decis\u00e3o favor\u00e1vel \u00e0 Eletrobras&#8221;, continuam os analistas.<\/p>\n\n\t<div data-element=\"shortcode-read-more\" class=\"readToo\">\n\t\t\t\t<span class=\"readToo__title\">Leia mais<\/span>\n\t\t\t\t<ul class=\"readToo__list\">\n\t\t\t<li><a href=\"https:\/\/www.suno.com.br\/noticias\/eletrobras-elet3-conselho-de-administracao\/\">Eletrobras (ELET3) quer enxugar Conselho de Administra\u00e7\u00e3o em reforma interna<\/a><\/li><li><a href=\"https:\/\/www.suno.com.br\/noticias\/eletrobras-elet3-santander-sanb11-agenda-dividendos-semana\/\">Eletrobras (ELET3) e Santander (SANB11): Veja as datas de corte e quem vai pagar dividendos na semana<\/a><\/li>\t\t<\/ul>\n\t<\/div>\n\n\n<p>Os pre\u00e7os mirados pelos analistas s\u00e3o baseados em um modelo que avalia o <a class=\"suno-keyword\" href=\"https:\/\/www.suno.com.br\/artigos\/custo-de-capital\/\" target=\"_blank\" rel=\"noopener\" data-force=\"no\" data-priority=\"1\">custo de capital<\/a> m\u00e9dio de 8,8% em termos reais.<\/p>\n<p>Na avalia\u00e7\u00e3o a casa leva em conta, al\u00e9m dos compuls\u00f3rios, a quest\u00e3o h\u00eddrica.<\/p>\n<p>&#8220;Os principais riscos para a empresa incluem qualquer resultado em rela\u00e7\u00e3o aos empr\u00e9stimos compuls\u00f3rios que superam o atual <a class=\"suno-keyword\" href=\"https:\/\/www.suno.com.br\/artigos\/valor-patrimonial\/\" target=\"_blank\" rel=\"noopener\" data-force=\"no\" data-priority=\"1\">valor patrimonial<\/a> (book value), n\u00edveis h\u00eddricos piores do que o esperado, pre\u00e7os de energia inferiores \u00e0s nossas estimativas de R$ 130 a R$ 170 por MWh, e despesas gerais e administrativas acima do esperado&#8221;, explica o Goldman Sachs.<\/p>\n\t<p>\n\t\t<a href=\"https:\/\/lp.suno.com.br\/planilha-controle-gastos\/\" target=\"_blank\" data-element=\"shortcode-suno-banner\" title=\"Banner SUNO, clique e saiba mais\">\n\t\t\t<picture>\n\t\t\t\t<source media=\"(max-width: 500px)\" srcset=\"https:\/\/files.sunoresearch.com.br\/n\/uploads\/2023\/03\/400x300-Planilha-controle-de-gastos.png\">\n\t\t\t\t<img class=\"newsContent__article__imgCapa newsContent__article__imgCapa--banner\"\n\t\t\t\t\tsrc=\"https:\/\/files.sunoresearch.com.br\/n\/uploads\/2023\/03\/1420x240-Planilha-controle-de-gastos.png\"\n\t\t\t\t\tdata-promo-id=\"101751\"\t\t\t\t\t\t\t\t\t\twidth='1420' height='240'\t\t\t\t\talt=\"https:\/\/files.sunoresearch.com.br\/n\/uploads\/2023\/03\/1420x240-Planilha-controle-de-gastos.png\"\n\t\t\t\t>\n\t\t\t<\/picture>\n\t\t<\/a>\n\t<\/p>\n\n\n<h2>Entenda o imbr\u00f3glio da Eletrobras<\/h2>\n<p>Ainda na ter\u00e7a (6) a Eletrobras comunicou a quest\u00e3o da ordem de execu\u00e7\u00e3o da Justi\u00e7a para pagar R$ 6,8 bilh\u00f5es do empr\u00e9stimo compuls\u00f3rio de energia. A a\u00e7\u00e3o da Eagle Equity Funds corre na 1\u00aa Vara de Execu\u00e7\u00e3o de T\u00edtulos Extrajudiciais e Conflitos Arbitrais de Bras\u00edlia.<\/p>\n<p>No seu comunicado, a empresa afirmou que a a\u00e7\u00e3o \u00e9 &#8220;infundada e que os valores n\u00e3o s\u00e3o devidos ao autor&#8221; e que adotar\u00e1 todas as &#8220;medidas cab\u00edveis para a sua defesa na a\u00e7\u00e3o de execu\u00e7\u00e3o&#8221;.<\/p>\n<p>Os valores cobrados s\u00e3o referentes a supostos t\u00edtulos executivos extrajudiciais emitidos nas d\u00e9cadas de 1960 e 1980.\u00a0Esses t\u00edtulos eram para pagamento do empr\u00e9stimo compuls\u00f3rio de energia el\u00e9trica, segundo a Eletrobras.<\/p>\n<p>Esse empr\u00e9stimo compuls\u00f3rio ocorreu para custear expans\u00f5es no <strong>setor el\u00e9trico<\/strong>, segundo a empresa, que reafirmou os R$ 26 bilh\u00f5es de reais em provis\u00f5es sobre processos de compuls\u00f3rios no balan\u00e7o da Eletrobras, segundo informa\u00e7\u00f5es da Ag\u00eancia Reuters.<\/p>\n<h2>Desempenho de ELET3<\/h2>\n<p>Nos \u00faltimos 12 meses, os pap\u00e9is da el\u00e9trica subiram 26,5%, catapultados pela privatiza\u00e7\u00e3o nos meses passados. Al\u00e9m disso, a empresa pagou 1,7% de <a class=\"suno-keyword\" href=\"https:\/\/www.suno.com.br\/artigos\/dividend-yield-como-calcular\/\" target=\"_blank\" rel=\"noopener\" data-force=\"no\" data-priority=\"2\">dividend yield<\/a> (DY) nos \u00faltimos 12 meses, <a href=\"https:\/\/statusinvest.com.br\/acoes\/elet3\">segundo dados do Status Invest<\/a>.<\/p>\n<p>Em m\u00faltiplos, as a\u00e7\u00f5es da <strong>Eletrobras<\/strong> s\u00e3o negociadas a 18,45 em termos de pre\u00e7o sobre lucro e 1,32 em pre\u00e7o sobre valor patrimonial.<\/p>\n\t<p>\n\t\t<a href=\"https:\/\/lp.suno.com.br\/ebook-como-analisar-uma-acao\/\" target=\"_blank\" data-element=\"shortcode-suno-banner\" title=\"Banner SUNO, clique e saiba mais\">\n\t\t\t<picture>\n\t\t\t\t<source media=\"(max-width: 500px)\" srcset=\"https:\/\/files.sunoresearch.com.br\/n\/uploads\/2023\/03\/Ebook-Acoes-Mobile-1.jpg\">\n\t\t\t\t<img class=\"newsContent__article__imgCapa newsContent__article__imgCapa--banner\"\n\t\t\t\t\tsrc=\"https:\/\/files.sunoresearch.com.br\/n\/uploads\/2023\/03\/Ebook-Acoes-Desktop-1.jpg\"\n\t\t\t\t\tdata-promo-id=\"171998\"\t\t\t\t\t\t\t\t\t\twidth='1420' height='286'\t\t\t\t\talt=\"https:\/\/files.sunoresearch.com.br\/n\/uploads\/2023\/03\/Ebook-Acoes-Desktop-1.jpg\"\n\t\t\t\t>\n\t\t\t<\/picture>\n\t\t<\/a>\n\t<\/p>\n\n\n","protected":false},"excerpt":{"rendered":"<p>O Goldman Sachs segue otimista com a Eletrobras (ELET3) apesar da not\u00edcia recente sobre uma ordem de execu\u00e7\u00e3o para pagar R$ 6,8 bilh\u00f5es. FIIs de shopping: XPML11 e VISC11 est\u00e3o entre os maiores pagadores de dividendos de setembro. Foto: Pixabay Os analistas da casa deram um novo parecer sobre as a\u00e7\u00f5es da Eletrobras. Em fato [&hellip;]<\/p>\n","protected":false},"author":73,"featured_media":125973,"comment_status":"closed","ping_status":"closed","sticky":false,"template":"","format":"standard","meta":[],"categories":[64],"tags":[455,105816],"suno_strategy":[],"class_list":["post-294940","post","type-post","status-publish","format-standard","has-post-thumbnail","hentry","category-negocios","tag-eletrobras-elet3-elet5-elet6","tag-especialistas"],"yoast_head":"<!-- This site is optimized with the Yoast SEO plugin v24.4 - https:\/\/yoast.com\/wordpress\/plugins\/seo\/ -->\n<title>Eletrobras (ELET3): apesar de a\u00e7\u00e3o bilion\u00e1ria, analistas sugerem compra<\/title>\n<meta name=\"description\" content=\"Segundo novo parecer dos analistas do Goldman Sachs, a a\u00e7\u00e3o judicial de R$ 6,8 bilh\u00f5es contra a Eletrobras ainda pode ser revertida. Confira!\" \/>\n<meta name=\"robots\" content=\"index, follow, max-snippet:-1, max-image-preview:large, max-video-preview:-1\" \/>\n<link rel=\"canonical\" href=\"https:\/\/www.suno.com.br\/noticias\/eletrobras-elet3-justica-bilionario-acoes-compra\/\" \/>\n<meta property=\"og:locale\" content=\"pt_BR\" \/>\n<meta property=\"og:type\" content=\"article\" \/>\n<meta property=\"og:title\" content=\"Eletrobras (ELET3): apesar de a\u00e7\u00e3o bilion\u00e1ria, analistas sugerem compra\" \/>\n<meta property=\"og:description\" content=\"Segundo novo parecer dos analistas do Goldman Sachs, a a\u00e7\u00e3o judicial de R$ 6,8 bilh\u00f5es contra a Eletrobras ainda pode ser revertida. Confira!\" \/>\n<meta property=\"og:url\" content=\"https:\/\/www.suno.com.br\/noticias\/eletrobras-elet3-justica-bilionario-acoes-compra\/\" \/>\n<meta property=\"og:site_name\" content=\"Suno Not\u00edcias\" \/>\n<meta property=\"article:publisher\" content=\"https:\/\/facebook.com\/sunoresearch\" \/>\n<meta property=\"og:image\" content=\"https:\/\/files.sunoresearch.com.br\/n\/uploads\/2021\/02\/c3b3f26a-eletrobras.jpg\" \/>\n\t<meta property=\"og:image:width\" content=\"1200\" \/>\n\t<meta property=\"og:image:height\" content=\"800\" \/>\n\t<meta property=\"og:image:type\" content=\"image\/jpeg\" \/>\n<meta name=\"author\" content=\"Eduardo Vargas\" \/>\n<meta name=\"twitter:card\" content=\"summary_large_image\" \/>\n<meta name=\"twitter:creator\" content=\"@sunoresearch\" \/>\n<meta name=\"twitter:site\" content=\"@sunoresearch\" \/>\n<meta name=\"twitter:label1\" content=\"Escrito por\" \/>\n\t<meta name=\"twitter:data1\" content=\"Eduardo Vargas\" \/>\n\t<meta name=\"twitter:label2\" content=\"Est. tempo de leitura\" \/>\n\t<meta name=\"twitter:data2\" content=\"4 minutos\" \/>\n<script type=\"application\/ld+json\" class=\"yoast-schema-graph\">{\"@context\":\"https:\/\/schema.org\",\"@graph\":[{\"@type\":\"NewsArticle\",\"@id\":\"https:\/\/www.suno.com.br\/noticias\/eletrobras-elet3-justica-bilionario-acoes-compra\/#article\",\"isPartOf\":{\"@id\":\"https:\/\/www.suno.com.br\/noticias\/eletrobras-elet3-justica-bilionario-acoes-compra\/\"},\"author\":{\"name\":\"Eduardo Vargas\",\"@id\":\"https:\/\/www.suno.com.br\/noticias\/#\/schema\/person\/7f4d362bf3518e76090143ae77bb49a5\"},\"headline\":\"Eletrobras (ELET3): apesar de a\u00e7\u00e3o bilion\u00e1ria na Justi\u00e7a, Goldman Sachs recomenda compra\",\"datePublished\":\"2022-09-08T18:41:11+00:00\",\"mainEntityOfPage\":{\"@id\":\"https:\/\/www.suno.com.br\/noticias\/eletrobras-elet3-justica-bilionario-acoes-compra\/\"},\"wordCount\":640,\"publisher\":{\"@id\":\"https:\/\/www.suno.com.br\/noticias\/#organization\"},\"image\":{\"@id\":\"https:\/\/www.suno.com.br\/noticias\/eletrobras-elet3-justica-bilionario-acoes-compra\/#primaryimage\"},\"thumbnailUrl\":\"https:\/\/files.sunoresearch.com.br\/n\/uploads\/2021\/02\/c3b3f26a-eletrobras-jpg.webp\",\"keywords\":[\"Eletrobras (ELET3\/ELET5\/ELET6)\",\"Especialistas\"],\"articleSection\":[\"Neg\u00f3cios\"],\"inLanguage\":\"pt-BR\"},{\"@type\":\"WebPage\",\"@id\":\"https:\/\/www.suno.com.br\/noticias\/eletrobras-elet3-justica-bilionario-acoes-compra\/\",\"url\":\"https:\/\/www.suno.com.br\/noticias\/eletrobras-elet3-justica-bilionario-acoes-compra\/\",\"name\":\"Eletrobras (ELET3): apesar de a\u00e7\u00e3o bilion\u00e1ria, analistas sugerem compra\",\"isPartOf\":{\"@id\":\"https:\/\/www.suno.com.br\/noticias\/#website\"},\"primaryImageOfPage\":{\"@id\":\"https:\/\/www.suno.com.br\/noticias\/eletrobras-elet3-justica-bilionario-acoes-compra\/#primaryimage\"},\"image\":{\"@id\":\"https:\/\/www.suno.com.br\/noticias\/eletrobras-elet3-justica-bilionario-acoes-compra\/#primaryimage\"},\"thumbnailUrl\":\"https:\/\/files.sunoresearch.com.br\/n\/uploads\/2021\/02\/c3b3f26a-eletrobras-jpg.webp\",\"datePublished\":\"2022-09-08T18:41:11+00:00\",\"description\":\"Segundo novo parecer dos analistas do Goldman Sachs, a a\u00e7\u00e3o judicial de R$ 6,8 bilh\u00f5es contra a Eletrobras ainda pode ser revertida. Confira!\",\"breadcrumb\":{\"@id\":\"https:\/\/www.suno.com.br\/noticias\/eletrobras-elet3-justica-bilionario-acoes-compra\/#breadcrumb\"},\"inLanguage\":\"pt-BR\",\"potentialAction\":[{\"@type\":\"ReadAction\",\"target\":[\"https:\/\/www.suno.com.br\/noticias\/eletrobras-elet3-justica-bilionario-acoes-compra\/\"]}]},{\"@type\":\"ImageObject\",\"inLanguage\":\"pt-BR\",\"@id\":\"https:\/\/www.suno.com.br\/noticias\/eletrobras-elet3-justica-bilionario-acoes-compra\/#primaryimage\",\"url\":\"https:\/\/files.sunoresearch.com.br\/n\/uploads\/2021\/02\/c3b3f26a-eletrobras-jpg.webp\",\"contentUrl\":\"https:\/\/files.sunoresearch.com.br\/n\/uploads\/2021\/02\/c3b3f26a-eletrobras-jpg.webp\",\"width\":1200,\"height\":800,\"caption\":\"Eletrobras (ELET3). Foto: Divulga\u00e7\u00e3o.\"},{\"@type\":\"BreadcrumbList\",\"@id\":\"https:\/\/www.suno.com.br\/noticias\/eletrobras-elet3-justica-bilionario-acoes-compra\/#breadcrumb\",\"itemListElement\":[{\"@type\":\"ListItem\",\"position\":1,\"name\":\"Not\u00edcias\",\"item\":\"https:\/\/www.suno.com.br\/noticias\/\"},{\"@type\":\"ListItem\",\"position\":2,\"name\":\"Neg\u00f3cios\",\"item\":\"https:\/\/www.suno.com.br\/noticias\/negocios\/\"},{\"@type\":\"ListItem\",\"position\":3,\"name\":\"Eletrobras (ELET3): apesar de a\u00e7\u00e3o bilion\u00e1ria na Justi\u00e7a, Goldman Sachs recomenda compra\"}]},{\"@type\":\"WebSite\",\"@id\":\"https:\/\/www.suno.com.br\/noticias\/#website\",\"url\":\"https:\/\/www.suno.com.br\/noticias\/\",\"name\":\"Suno Not\u00edcias\",\"description\":\"Seu portal de informa\u00e7\u00e3o sobre o mundo dos investimentos\",\"publisher\":{\"@id\":\"https:\/\/www.suno.com.br\/noticias\/#organization\"},\"potentialAction\":[{\"@type\":\"SearchAction\",\"target\":{\"@type\":\"EntryPoint\",\"urlTemplate\":\"https:\/\/www.suno.com.br\/noticias\/?s={search_term_string}\"},\"query-input\":{\"@type\":\"PropertyValueSpecification\",\"valueRequired\":true,\"valueName\":\"search_term_string\"}}],\"inLanguage\":\"pt-BR\"},{\"@type\":\"Organization\",\"@id\":\"https:\/\/www.suno.com.br\/noticias\/#organization\",\"name\":\"Suno Not\u00edcias\",\"url\":\"https:\/\/www.suno.com.br\/noticias\/\",\"logo\":{\"@type\":\"ImageObject\",\"inLanguage\":\"pt-BR\",\"@id\":\"https:\/\/www.suno.com.br\/noticias\/#\/schema\/logo\/image\/\",\"url\":\"https:\/\/files.sunoresearch.com.br\/n\/uploads\/2021\/09\/suno-logo.png\",\"contentUrl\":\"https:\/\/files.sunoresearch.com.br\/n\/uploads\/2021\/09\/suno-logo.png\",\"width\":180,\"height\":180,\"caption\":\"Suno Not\u00edcias\"},\"image\":{\"@id\":\"https:\/\/www.suno.com.br\/noticias\/#\/schema\/logo\/image\/\"},\"sameAs\":[\"https:\/\/facebook.com\/sunoresearch\",\"https:\/\/x.com\/sunoresearch\",\"https:\/\/www.instagram.com\/suno\",\"https:\/\/www.linkedin.com\/company\/suno-research\/\",\"https:\/\/www.youtube.com\/c\/sunoresearch\"]},{\"@type\":\"Person\",\"@id\":\"https:\/\/www.suno.com.br\/noticias\/#\/schema\/person\/7f4d362bf3518e76090143ae77bb49a5\",\"name\":\"Eduardo Vargas\",\"image\":{\"@type\":\"ImageObject\",\"inLanguage\":\"pt-BR\",\"@id\":\"https:\/\/www.suno.com.br\/noticias\/#\/schema\/person\/image\/\",\"url\":\"https:\/\/secure.gravatar.com\/avatar\/dac340933427a22924c9f99d1eb2e3f2?s=96&r=g\",\"contentUrl\":\"https:\/\/secure.gravatar.com\/avatar\/dac340933427a22924c9f99d1eb2e3f2?s=96&r=g\",\"caption\":\"Eduardo Vargas\"},\"description\":\"Jornalista formado pela UFSC, cobre macroeconomia, neg\u00f3cios e startups para o Suno Not\u00edcias, escrevendo principalmente not\u00edcias sobre o mercado financeiro e a bolsa de valores. No YouTube e no Instagram, \u00e9 respons\u00e1vel pela produ\u00e7\u00e3o de Reels e Shorts do Suno Not\u00edcias. Anteriormente, trabalhou cobrindo economia e cotidiano no ND+ e para o ND, maior jornal impresso de Santa Catarina. Cursou um semestre letivo de Estudos de M\u00eddia na Universidad de Buenos Aires.\",\"url\":\"https:\/\/www.suno.com.br\/noticias\/author\/eduardo-vargas\/\"}]}<\/script>\n<!-- \/ Yoast SEO plugin. -->","yoast_head_json":{"title":"Eletrobras (ELET3): apesar de a\u00e7\u00e3o bilion\u00e1ria, analistas sugerem compra","description":"Segundo novo parecer dos analistas do Goldman Sachs, a a\u00e7\u00e3o judicial de R$ 6,8 bilh\u00f5es contra a Eletrobras ainda pode ser revertida. Confira!","robots":{"index":"index","follow":"follow","max-snippet":"max-snippet:-1","max-image-preview":"max-image-preview:large","max-video-preview":"max-video-preview:-1"},"canonical":"https:\/\/www.suno.com.br\/noticias\/eletrobras-elet3-justica-bilionario-acoes-compra\/","og_locale":"pt_BR","og_type":"article","og_title":"Eletrobras (ELET3): apesar de a\u00e7\u00e3o bilion\u00e1ria, analistas sugerem compra","og_description":"Segundo novo parecer dos analistas do Goldman Sachs, a a\u00e7\u00e3o judicial de R$ 6,8 bilh\u00f5es contra a Eletrobras ainda pode ser revertida. Confira!","og_url":"https:\/\/www.suno.com.br\/noticias\/eletrobras-elet3-justica-bilionario-acoes-compra\/","og_site_name":"Suno Not\u00edcias","article_publisher":"https:\/\/facebook.com\/sunoresearch","og_image":[{"width":1200,"height":800,"url":"https:\/\/files.sunoresearch.com.br\/n\/uploads\/2021\/02\/c3b3f26a-eletrobras.jpg","type":"image\/jpeg"}],"author":"Eduardo Vargas","twitter_card":"summary_large_image","twitter_creator":"@sunoresearch","twitter_site":"@sunoresearch","twitter_misc":{"Escrito por":"Eduardo Vargas","Est. tempo de leitura":"4 minutos"},"schema":{"@context":"https:\/\/schema.org","@graph":[{"@type":"NewsArticle","@id":"https:\/\/www.suno.com.br\/noticias\/eletrobras-elet3-justica-bilionario-acoes-compra\/#article","isPartOf":{"@id":"https:\/\/www.suno.com.br\/noticias\/eletrobras-elet3-justica-bilionario-acoes-compra\/"},"author":{"name":"Eduardo Vargas","@id":"https:\/\/www.suno.com.br\/noticias\/#\/schema\/person\/7f4d362bf3518e76090143ae77bb49a5"},"headline":"Eletrobras (ELET3): apesar de a\u00e7\u00e3o bilion\u00e1ria na Justi\u00e7a, Goldman Sachs recomenda compra","datePublished":"2022-09-08T18:41:11+00:00","mainEntityOfPage":{"@id":"https:\/\/www.suno.com.br\/noticias\/eletrobras-elet3-justica-bilionario-acoes-compra\/"},"wordCount":640,"publisher":{"@id":"https:\/\/www.suno.com.br\/noticias\/#organization"},"image":{"@id":"https:\/\/www.suno.com.br\/noticias\/eletrobras-elet3-justica-bilionario-acoes-compra\/#primaryimage"},"thumbnailUrl":"https:\/\/files.sunoresearch.com.br\/n\/uploads\/2021\/02\/c3b3f26a-eletrobras-jpg.webp","keywords":["Eletrobras (ELET3\/ELET5\/ELET6)","Especialistas"],"articleSection":["Neg\u00f3cios"],"inLanguage":"pt-BR"},{"@type":"WebPage","@id":"https:\/\/www.suno.com.br\/noticias\/eletrobras-elet3-justica-bilionario-acoes-compra\/","url":"https:\/\/www.suno.com.br\/noticias\/eletrobras-elet3-justica-bilionario-acoes-compra\/","name":"Eletrobras (ELET3): apesar de a\u00e7\u00e3o bilion\u00e1ria, analistas sugerem compra","isPartOf":{"@id":"https:\/\/www.suno.com.br\/noticias\/#website"},"primaryImageOfPage":{"@id":"https:\/\/www.suno.com.br\/noticias\/eletrobras-elet3-justica-bilionario-acoes-compra\/#primaryimage"},"image":{"@id":"https:\/\/www.suno.com.br\/noticias\/eletrobras-elet3-justica-bilionario-acoes-compra\/#primaryimage"},"thumbnailUrl":"https:\/\/files.sunoresearch.com.br\/n\/uploads\/2021\/02\/c3b3f26a-eletrobras-jpg.webp","datePublished":"2022-09-08T18:41:11+00:00","description":"Segundo novo parecer dos analistas do Goldman Sachs, a a\u00e7\u00e3o judicial de R$ 6,8 bilh\u00f5es contra a Eletrobras ainda pode ser revertida. Confira!","breadcrumb":{"@id":"https:\/\/www.suno.com.br\/noticias\/eletrobras-elet3-justica-bilionario-acoes-compra\/#breadcrumb"},"inLanguage":"pt-BR","potentialAction":[{"@type":"ReadAction","target":["https:\/\/www.suno.com.br\/noticias\/eletrobras-elet3-justica-bilionario-acoes-compra\/"]}]},{"@type":"ImageObject","inLanguage":"pt-BR","@id":"https:\/\/www.suno.com.br\/noticias\/eletrobras-elet3-justica-bilionario-acoes-compra\/#primaryimage","url":"https:\/\/files.sunoresearch.com.br\/n\/uploads\/2021\/02\/c3b3f26a-eletrobras-jpg.webp","contentUrl":"https:\/\/files.sunoresearch.com.br\/n\/uploads\/2021\/02\/c3b3f26a-eletrobras-jpg.webp","width":1200,"height":800,"caption":"Eletrobras (ELET3). Foto: Divulga\u00e7\u00e3o."},{"@type":"BreadcrumbList","@id":"https:\/\/www.suno.com.br\/noticias\/eletrobras-elet3-justica-bilionario-acoes-compra\/#breadcrumb","itemListElement":[{"@type":"ListItem","position":1,"name":"Not\u00edcias","item":"https:\/\/www.suno.com.br\/noticias\/"},{"@type":"ListItem","position":2,"name":"Neg\u00f3cios","item":"https:\/\/www.suno.com.br\/noticias\/negocios\/"},{"@type":"ListItem","position":3,"name":"Eletrobras (ELET3): apesar de a\u00e7\u00e3o bilion\u00e1ria na Justi\u00e7a, Goldman Sachs recomenda compra"}]},{"@type":"WebSite","@id":"https:\/\/www.suno.com.br\/noticias\/#website","url":"https:\/\/www.suno.com.br\/noticias\/","name":"Suno Not\u00edcias","description":"Seu portal de informa\u00e7\u00e3o sobre o mundo dos investimentos","publisher":{"@id":"https:\/\/www.suno.com.br\/noticias\/#organization"},"potentialAction":[{"@type":"SearchAction","target":{"@type":"EntryPoint","urlTemplate":"https:\/\/www.suno.com.br\/noticias\/?s={search_term_string}"},"query-input":{"@type":"PropertyValueSpecification","valueRequired":true,"valueName":"search_term_string"}}],"inLanguage":"pt-BR"},{"@type":"Organization","@id":"https:\/\/www.suno.com.br\/noticias\/#organization","name":"Suno Not\u00edcias","url":"https:\/\/www.suno.com.br\/noticias\/","logo":{"@type":"ImageObject","inLanguage":"pt-BR","@id":"https:\/\/www.suno.com.br\/noticias\/#\/schema\/logo\/image\/","url":"https:\/\/files.sunoresearch.com.br\/n\/uploads\/2021\/09\/suno-logo.png","contentUrl":"https:\/\/files.sunoresearch.com.br\/n\/uploads\/2021\/09\/suno-logo.png","width":180,"height":180,"caption":"Suno Not\u00edcias"},"image":{"@id":"https:\/\/www.suno.com.br\/noticias\/#\/schema\/logo\/image\/"},"sameAs":["https:\/\/facebook.com\/sunoresearch","https:\/\/x.com\/sunoresearch","https:\/\/www.instagram.com\/suno","https:\/\/www.linkedin.com\/company\/suno-research\/","https:\/\/www.youtube.com\/c\/sunoresearch"]},{"@type":"Person","@id":"https:\/\/www.suno.com.br\/noticias\/#\/schema\/person\/7f4d362bf3518e76090143ae77bb49a5","name":"Eduardo Vargas","image":{"@type":"ImageObject","inLanguage":"pt-BR","@id":"https:\/\/www.suno.com.br\/noticias\/#\/schema\/person\/image\/","url":"https:\/\/secure.gravatar.com\/avatar\/dac340933427a22924c9f99d1eb2e3f2?s=96&r=g","contentUrl":"https:\/\/secure.gravatar.com\/avatar\/dac340933427a22924c9f99d1eb2e3f2?s=96&r=g","caption":"Eduardo Vargas"},"description":"Jornalista formado pela UFSC, cobre macroeconomia, neg\u00f3cios e startups para o Suno Not\u00edcias, escrevendo principalmente not\u00edcias sobre o mercado financeiro e a bolsa de valores. No YouTube e no Instagram, \u00e9 respons\u00e1vel pela produ\u00e7\u00e3o de Reels e Shorts do Suno Not\u00edcias. Anteriormente, trabalhou cobrindo economia e cotidiano no ND+ e para o ND, maior jornal impresso de Santa Catarina. Cursou um semestre letivo de Estudos de M\u00eddia na Universidad de Buenos Aires.","url":"https:\/\/www.suno.com.br\/noticias\/author\/eduardo-vargas\/"}]}},"default_loop_html":"<div class=\"cardsPage__listCard__boxs\"><div class=\"cardsPage__listCard__boxs__img\"><a href=\"https:\/\/www.suno.com.br\/noticias\/eletrobras-elet3-santander-sanb11-agenda-dividendos-semana\/\"><img class=\"mask\" src=\"https:\/\/www.suno.com.br\/noticias\/wp-content\/themes\/suno\/resources\/images\/spotlight\/spotlight1img\/bg-mask.png\" alt=\"Image Mask\"\/><img src=\"https:\/\/files.sunoresearch.com.br\/n\/uploads\/2022\/06\/dividendos-400x200.jpg\" alt=\"Eletrobras (ELET3) e Santander (SANB11): Veja as datas de corte e quem vai pagar dividendos na semana\"\/><\/a><span class=\"spotlightCategory\"><a href=\"https:\/\/www.suno.com.br\/noticias\/negocios\/\">Neg\u00f3cios<\/a><\/span><\/div><div class=\"cardsPage__listCard__boxs__content\"><a href=\"https:\/\/www.suno.com.br\/noticias\/eletrobras-elet3-santander-sanb11-agenda-dividendos-semana\/\"><h2 class=\"content__title\">Eletrobras (ELET3) e Santander (SANB11): Veja as datas de corte e quem vai pagar dividendos na semana<\/h2><\/a><div class=\"newsContent__article__meta\"><div class=\"newsContent__article__meta__authorBox\"><a href=\"https:\/\/www.suno.com.br\/noticias\/author\/gustavo-silva\/\" class=\"authorBox__avatar noMobi\"><img src=\"https:\/\/files.sunoresearch.com.br\/n\/uploads\/2024\/06\/41337ec3172142e15d749bd3a95a5216.jpeg\" alt=\"Gustavo Bianch\"><\/a><div class=\"authorBox__name\"><span>por\n\t\t\t<a href=\"https:\/\/www.suno.com.br\/noticias\/author\/gustavo-silva\/\"><span itemprop=\"author\">Gustavo Bianch<\/span><\/a><\/span><time datetime=\"2022-09-03T09:10:37-03:00\" itemprop=\"datePublished\">03\/09\/2022 09:10<\/time><\/div><\/div><\/div><\/div><\/div>","single_layout":"posts","amp_enabled":true,"_links":{"self":[{"href":"https:\/\/www.suno.com.br\/noticias\/wp-json\/wp\/v2\/posts\/294940"}],"collection":[{"href":"https:\/\/www.suno.com.br\/noticias\/wp-json\/wp\/v2\/posts"}],"about":[{"href":"https:\/\/www.suno.com.br\/noticias\/wp-json\/wp\/v2\/types\/post"}],"author":[{"embeddable":true,"href":"https:\/\/www.suno.com.br\/noticias\/wp-json\/wp\/v2\/users\/73"}],"replies":[{"embeddable":true,"href":"https:\/\/www.suno.com.br\/noticias\/wp-json\/wp\/v2\/comments?post=294940"}],"version-history":[{"count":3,"href":"https:\/\/www.suno.com.br\/noticias\/wp-json\/wp\/v2\/posts\/294940\/revisions"}],"predecessor-version":[{"id":295197,"href":"https:\/\/www.suno.com.br\/noticias\/wp-json\/wp\/v2\/posts\/294940\/revisions\/295197"}],"wp:featuredmedia":[{"embeddable":true,"href":"https:\/\/www.suno.com.br\/noticias\/wp-json\/wp\/v2\/media\/125973"}],"wp:attachment":[{"href":"https:\/\/www.suno.com.br\/noticias\/wp-json\/wp\/v2\/media?parent=294940"}],"wp:term":[{"taxonomy":"category","embeddable":true,"href":"https:\/\/www.suno.com.br\/noticias\/wp-json\/wp\/v2\/categories?post=294940"},{"taxonomy":"post_tag","embeddable":true,"href":"https:\/\/www.suno.com.br\/noticias\/wp-json\/wp\/v2\/tags?post=294940"},{"taxonomy":"suno_strategy","embeddable":true,"href":"https:\/\/www.suno.com.br\/noticias\/wp-json\/wp\/v2\/suno_strategy?post=294940"}],"curies":[{"name":"wp","href":"https:\/\/api.w.org\/{rel}","templated":true}]}}