{"id":29487,"date":"2019-06-28T15:58:50","date_gmt":"2019-06-28T18:58:50","guid":{"rendered":"https:\/\/www.suno.com.br\/noticias\/?p=29487"},"modified":"2019-06-28T16:01:36","modified_gmt":"2019-06-28T19:01:36","slug":"mercosul-ue-aumentar-pib","status":"publish","type":"post","link":"https:\/\/www.suno.com.br\/noticias\/mercosul-ue-aumentar-pib\/","title":{"rendered":"Acordo do Mercosul com UE pode aumentar PIB do Brasil em US$ 125 bi"},"content":{"rendered":"<p>O<strong> Minist\u00e9rio da Economia<\/strong> informou nesta sexta-feira (28) que o acordo comercial entre o Mercosul e a Uni\u00e3o Europeia pode representar um aumento do PIB nacional de at\u00e9 US$ 125 bilh\u00f5es em 15 anos.<\/p>\t<div class=\"wrapper-featured-image\">\n\t\t<figure class=\"spotlightImg\">\n\n\t\t\t<picture>\n\t\t\t\t<source media=\"(max-width: 768px)\" srcset=\"https:\/\/files.sunoresearch.com.br\/n\/uploads\/2019\/06\/d47d73e2-mercosul-400x200.webp\">\n\t\t\t\t<img loading=\"lazy\" decoding=\"async\" class=\"newsContent__article__imgCapa lazyloadDisabled newsContent__article__imgCapa--noCaption\" src=\"https:\/\/files.sunoresearch.com.br\/n\/uploads\/2019\/06\/d47d73e2-mercosul-jpg.webp\" width=\"800\" height=\"450\" alt=\"Acordo do Mercosul com UE pode aumentar PIB do Brasil em US$ 125 bi\" fetchpriority=high \/>\n\t\t\t<\/picture>\n\n\t\t\t<figcaption class=\"wp-caption-text wp-caption-text--hide\">O Acordo entre o Mercosul e a UE se arrasta desde o ano passado, pendente de aprova\u00e7\u00e3o pelos governos europeus<\/figcaption>\n\t\t<\/figure>\n\t<\/div>\n\n\n<p>Conforme projetado pelo minist\u00e9rio,\u00a0os investimentos no Brasil podem chegar a US$ 113 bilh\u00f5es at\u00e9 2035 por causa do acordo entre o<strong> Mercosul<\/strong> e a<strong> UE<\/strong>.<\/p>\n\t<p>\n\t\t<a href=\"https:\/\/lp.suno.com.br\/nossas-assinaturas\/?utm_campaign=_SNC8166F3A4_\" target=\"_blank\" data-element=\"shortcode-suno-banner\" title=\"Banner SUNO, clique e saiba mais\">\n\t\t\t<picture>\n\t\t\t\t<source media=\"(max-width: 500px)\" srcset=\"https:\/\/files.sunoresearch.com.br\/n\/uploads\/2025\/08\/Artigos-e-Noticias-Banner-Materias-01-Mobile_-400x300-1-png.webp\">\n\t\t\t\t<img class=\"newsContent__article__imgCapa newsContent__article__imgCapa--banner\"\n\t\t\t\t\tsrc=\"https:\/\/files.sunoresearch.com.br\/n\/uploads\/2025\/08\/Artigos-e-Noticias-Banner-Materias-01-Desktop_-1420x240-4-png.webp\"\n\t\t\t\t\tdata-promo-id=\"620371\"\t\t\t\t\t\t\t\t\t\twidth='1420' height='240'\t\t\t\t\talt=\"https:\/\/files.sunoresearch.com.br\/n\/uploads\/2025\/08\/Artigos-e-Noticias-Banner-Materias-01-Desktop_-1420x240-4-png.webp\"\n\t\t\t\t>\n\t\t\t<\/picture>\n\t\t<\/a>\n\t<\/p>\n\n\n<p>&#8220;Com rela\u00e7\u00e3o ao com\u00e9rcio bilateral, as exporta\u00e7\u00f5es brasileiras para a UE apresentar\u00e3o quase US$ 100 bilh\u00f5es de ganhos at\u00e9 2035&#8221;, explicou a \u00e1rea econ\u00f4mica do governo.<\/p>\n<p>O setor econ\u00f4mico informou ainda que as empresas brasileiras poder\u00e3o negociar no mercado de <strong>licita\u00e7\u00f5es <\/strong>p\u00fablicas\u00a0da Uni\u00e3o Europeia, estimado em\u00a0US$ 1,6 trilh\u00e3o.<\/p>\n<p>O valor m\u00e1ximo projetado para o aumento do PIB considera a\u00a0redu\u00e7\u00e3o das<strong> barreiras n\u00e3o-tarif\u00e1rias<\/strong> e o incremento esperado na produtividade total dos dos fatores de produ\u00e7\u00e3o. Contudo, caso essas a\u00e7\u00f5es n\u00e3o ocorram, o valor estimado \u00e9 de\u00a0US$ 87,5 bilh\u00f5es.<\/p>\n\t<p>\n\t\t<a href=\"https:\/\/lp.suno.com.br\/ebook-10-livros\/\" target=\"_blank\" data-element=\"shortcode-suno-banner\" title=\"Banner SUNO, clique e saiba mais\">\n\t\t\t<picture>\n\t\t\t\t<source media=\"(max-width: 500px)\" srcset=\"https:\/\/files.sunoresearch.com.br\/n\/uploads\/2023\/03\/400x300-10-livros.png\">\n\t\t\t\t<img class=\"newsContent__article__imgCapa newsContent__article__imgCapa--banner\"\n\t\t\t\t\tsrc=\"https:\/\/files.sunoresearch.com.br\/n\/uploads\/2023\/03\/1420x240-10-livros.png\"\n\t\t\t\t\tdata-promo-id=\"383159\"\t\t\t\t\t\t\t\t\t\twidth='1420' height='240'\t\t\t\t\talt=\"https:\/\/files.sunoresearch.com.br\/n\/uploads\/2023\/03\/1420x240-10-livros.png\"\n\t\t\t\t>\n\t\t\t<\/picture>\n\t\t<\/a>\n\t<\/p>\n\n\n<h2>Elimina\u00e7\u00e3o de tarifas<\/h2>\n<p>O minist\u00e9rio informou que produtos agr\u00edcolas como o caf\u00e9 sol\u00favel, o suco de laranja e as frutas ter\u00e3o as tarifas eliminadas. Assim, o governo federal ressaltou que\u00a0as condi\u00e7\u00f5es de concorr\u00eancia ser\u00e3o equalizadas com outros pa\u00edses que possuem acordos de livre com\u00e9rcio com a <strong>UE<\/strong>.<\/p>\n<p>Al\u00e9m disso,\u00a0o governo informou que os exportadores brasileiros ter\u00e3o acesso ampliado atrav\u00e9s de\u00a0cotas para carnes, a\u00e7\u00facar, etanol, entre outros. De modo que a elimina\u00e7\u00e3o de tarifas valer\u00e1 para 100% dos produtos industriais.<\/p>\n\t<p>\n\t\t<a href=\"https:\/\/lp.suno.com.br\/planilha-de-controle-de-investimentos\/\" target=\"_blank\" data-element=\"shortcode-suno-banner\" title=\"Banner SUNO, clique e saiba mais\">\n\t\t\t<picture>\n\t\t\t\t<source media=\"(max-width: 500px)\" srcset=\"https:\/\/files.sunoresearch.com.br\/n\/uploads\/2023\/03\/400x300-Controle-de-Investimentos.png\">\n\t\t\t\t<img class=\"newsContent__article__imgCapa newsContent__article__imgCapa--banner\"\n\t\t\t\t\tsrc=\"https:\/\/files.sunoresearch.com.br\/n\/uploads\/2023\/03\/1420x240-Controle-de-Investimentos.png\"\n\t\t\t\t\tdata-promo-id=\"75934\"\t\t\t\t\t\t\t\t\t\twidth='1420' height='240'\t\t\t\t\talt=\"https:\/\/files.sunoresearch.com.br\/n\/uploads\/2023\/03\/1420x240-Controle-de-Investimentos.png\"\n\t\t\t\t>\n\t\t\t<\/picture>\n\t\t<\/a>\n\t<\/p>\n\n\n<p>Por meio do acordo, outros produtos como\u00a0cacha\u00e7as, queijos, vinhos e caf\u00e9s ser\u00e3o considerados emblem\u00e1ticos do Brasil.<\/p>\n<h2>Acordo entre a UE e Mercosul<\/h2>\n<p>O Mercosul e a\u00a0<strong>Uni\u00e3o<\/strong> <strong>Europeia<\/strong> conclu\u00edram as negocia\u00e7\u00f5es para o acordo comercial entre os dois blocos na tarde desta sexta-feira.<\/p>\n<p><a href=\"https:\/\/www.suno.com.br\/noticias\/mercosul-e-uniao-europeia-firmam-acordo-de-livre-comercio\/\">Saiba mais: Mercosul e Uni\u00e3o Europeia firmam acordo de livre-com\u00e9rcio<\/a><\/p>\n<p>O tratado comercial compreende servi\u00e7os, investimentos, bens e compras governamentais.\u00a0Entretanto, o\u00a0<strong>acordo<\/strong> que estava em pauta h\u00e1 20 anos foi oficializado somente nesta sexta.<\/p>\n<p>Por englobar os 28 pa\u00edses da <b>UE\u00a0<\/b>e as quatro principais na\u00e7\u00f5es do <strong>Mercosul<\/strong> (Brasil, Paraguai, Uruguai e Argentina), \u00e9 o segundo maior acordo j\u00e1 feito pelo bloco europeu. Sendo, portanto, o mais audaz acertado pelo <strong>Mercosul<\/strong>.<\/p>\n","protected":false},"excerpt":{"rendered":"<p>O Minist\u00e9rio da Economia informou nesta sexta-feira (28) que o acordo comercial entre o Mercosul e a Uni\u00e3o Europeia pode representar um aumento do PIB nacional de at\u00e9 US$ 125 bilh\u00f5es em 15 anos. O Acordo entre o Mercosul e a UE se arrasta desde o ano passado, pendente de aprova\u00e7\u00e3o pelos governos europeus Conforme [&hellip;]<\/p>\n","protected":false},"author":18,"featured_media":29507,"comment_status":"closed","ping_status":"closed","sticky":false,"template":"","format":"standard","meta":[],"categories":[62],"tags":[868,807,731],"suno_strategy":[],"class_list":["post-29487","post","type-post","status-publish","format-standard","has-post-thumbnail","hentry","category-economia","tag-mercosul","tag-produto-interno-bruto-pib","tag-uniao-europeia"],"yoast_head":"<!-- This site is optimized with the Yoast SEO plugin v24.4 - https:\/\/yoast.com\/wordpress\/plugins\/seo\/ -->\n<title>Acordo do Mercosul com UE pode aumentar PIB do Brasil em US$ 125 bi<\/title>\n<meta name=\"description\" content=\"O governo informou que o acordo entre o Mercosul e a UE pode representar aumento do PIB de at\u00e9 US$ 125 bilh\u00f5es. Clique para saber mais.\" \/>\n<meta name=\"robots\" content=\"index, follow, max-snippet:-1, max-image-preview:large, max-video-preview:-1\" \/>\n<link rel=\"canonical\" href=\"https:\/\/www.suno.com.br\/noticias\/mercosul-ue-aumentar-pib\/\" \/>\n<meta property=\"og:locale\" content=\"pt_BR\" \/>\n<meta property=\"og:type\" content=\"article\" \/>\n<meta property=\"og:title\" content=\"Acordo do Mercosul com UE pode aumentar PIB do Brasil em US$ 125 bi\" \/>\n<meta property=\"og:description\" content=\"O governo informou que o acordo entre o Mercosul e a UE pode representar aumento do PIB de at\u00e9 US$ 125 bilh\u00f5es. Clique para saber mais.\" \/>\n<meta property=\"og:url\" content=\"https:\/\/www.suno.com.br\/noticias\/mercosul-ue-aumentar-pib\/\" \/>\n<meta property=\"og:site_name\" content=\"Suno Not\u00edcias\" \/>\n<meta property=\"article:publisher\" content=\"https:\/\/facebook.com\/sunoresearch\" \/>\n<meta property=\"og:image\" content=\"https:\/\/files.sunoresearch.com.br\/n\/uploads\/2019\/06\/d47d73e2-mercosul.jpg\" \/>\n\t<meta property=\"og:image:width\" content=\"780\" \/>\n\t<meta property=\"og:image:height\" content=\"440\" \/>\n\t<meta property=\"og:image:type\" content=\"image\/jpeg\" \/>\n<meta name=\"author\" content=\"Giovanna Oliveira\" \/>\n<meta name=\"twitter:card\" content=\"summary_large_image\" \/>\n<meta name=\"twitter:creator\" content=\"@sunoresearch\" \/>\n<meta name=\"twitter:site\" content=\"@sunoresearch\" \/>\n<meta name=\"twitter:label1\" content=\"Escrito por\" \/>\n\t<meta name=\"twitter:data1\" content=\"Giovanna Oliveira\" \/>\n\t<meta name=\"twitter:label2\" content=\"Est. tempo de leitura\" \/>\n\t<meta name=\"twitter:data2\" content=\"2 minutos\" \/>\n<script type=\"application\/ld+json\" class=\"yoast-schema-graph\">{\"@context\":\"https:\/\/schema.org\",\"@graph\":[{\"@type\":\"NewsArticle\",\"@id\":\"https:\/\/www.suno.com.br\/noticias\/mercosul-ue-aumentar-pib\/#article\",\"isPartOf\":{\"@id\":\"https:\/\/www.suno.com.br\/noticias\/mercosul-ue-aumentar-pib\/\"},\"author\":{\"name\":\"Giovanna Oliveira\",\"@id\":\"https:\/\/www.suno.com.br\/noticias\/#\/schema\/person\/4e19e3d2575736e5283d58eb3199d120\"},\"headline\":\"Acordo do Mercosul com UE pode aumentar PIB do Brasil em US$ 125 bi\",\"datePublished\":\"2019-06-28T18:58:50+00:00\",\"dateModified\":\"2019-06-28T19:01:36+00:00\",\"mainEntityOfPage\":{\"@id\":\"https:\/\/www.suno.com.br\/noticias\/mercosul-ue-aumentar-pib\/\"},\"wordCount\":409,\"publisher\":{\"@id\":\"https:\/\/www.suno.com.br\/noticias\/#organization\"},\"image\":{\"@id\":\"https:\/\/www.suno.com.br\/noticias\/mercosul-ue-aumentar-pib\/#primaryimage\"},\"thumbnailUrl\":\"https:\/\/files.sunoresearch.com.br\/n\/uploads\/2019\/06\/d47d73e2-mercosul-jpg.webp\",\"keywords\":[\"Mercosul\",\"Produto Interno Bruto (PIB)\",\"Uni\u00e3o Europeia\"],\"articleSection\":[\"Economia\"],\"inLanguage\":\"pt-BR\"},{\"@type\":\"WebPage\",\"@id\":\"https:\/\/www.suno.com.br\/noticias\/mercosul-ue-aumentar-pib\/\",\"url\":\"https:\/\/www.suno.com.br\/noticias\/mercosul-ue-aumentar-pib\/\",\"name\":\"Acordo do Mercosul com UE pode aumentar PIB do Brasil em US$ 125 bi\",\"isPartOf\":{\"@id\":\"https:\/\/www.suno.com.br\/noticias\/#website\"},\"primaryImageOfPage\":{\"@id\":\"https:\/\/www.suno.com.br\/noticias\/mercosul-ue-aumentar-pib\/#primaryimage\"},\"image\":{\"@id\":\"https:\/\/www.suno.com.br\/noticias\/mercosul-ue-aumentar-pib\/#primaryimage\"},\"thumbnailUrl\":\"https:\/\/files.sunoresearch.com.br\/n\/uploads\/2019\/06\/d47d73e2-mercosul-jpg.webp\",\"datePublished\":\"2019-06-28T18:58:50+00:00\",\"dateModified\":\"2019-06-28T19:01:36+00:00\",\"description\":\"O governo informou que o acordo entre o Mercosul e a UE pode representar aumento do PIB de at\u00e9 US$ 125 bilh\u00f5es. Clique para saber mais.\",\"breadcrumb\":{\"@id\":\"https:\/\/www.suno.com.br\/noticias\/mercosul-ue-aumentar-pib\/#breadcrumb\"},\"inLanguage\":\"pt-BR\",\"potentialAction\":[{\"@type\":\"ReadAction\",\"target\":[\"https:\/\/www.suno.com.br\/noticias\/mercosul-ue-aumentar-pib\/\"]}]},{\"@type\":\"ImageObject\",\"inLanguage\":\"pt-BR\",\"@id\":\"https:\/\/www.suno.com.br\/noticias\/mercosul-ue-aumentar-pib\/#primaryimage\",\"url\":\"https:\/\/files.sunoresearch.com.br\/n\/uploads\/2019\/06\/d47d73e2-mercosul-jpg.webp\",\"contentUrl\":\"https:\/\/files.sunoresearch.com.br\/n\/uploads\/2019\/06\/d47d73e2-mercosul-jpg.webp\",\"width\":780,\"height\":440,\"caption\":\"O Acordo entre o Mercosul e a UE se arrasta desde o ano passado, pendente de aprova\u00e7\u00e3o pelos governos europeus\"},{\"@type\":\"BreadcrumbList\",\"@id\":\"https:\/\/www.suno.com.br\/noticias\/mercosul-ue-aumentar-pib\/#breadcrumb\",\"itemListElement\":[{\"@type\":\"ListItem\",\"position\":1,\"name\":\"Not\u00edcias\",\"item\":\"https:\/\/www.suno.com.br\/noticias\/\"},{\"@type\":\"ListItem\",\"position\":2,\"name\":\"Economia\",\"item\":\"https:\/\/www.suno.com.br\/noticias\/economia\/\"},{\"@type\":\"ListItem\",\"position\":3,\"name\":\"Acordo do Mercosul com UE pode aumentar PIB do Brasil em US$ 125 bi\"}]},{\"@type\":\"WebSite\",\"@id\":\"https:\/\/www.suno.com.br\/noticias\/#website\",\"url\":\"https:\/\/www.suno.com.br\/noticias\/\",\"name\":\"Suno Not\u00edcias\",\"description\":\"Seu portal de informa\u00e7\u00e3o sobre o mundo dos investimentos\",\"publisher\":{\"@id\":\"https:\/\/www.suno.com.br\/noticias\/#organization\"},\"potentialAction\":[{\"@type\":\"SearchAction\",\"target\":{\"@type\":\"EntryPoint\",\"urlTemplate\":\"https:\/\/www.suno.com.br\/noticias\/?s={search_term_string}\"},\"query-input\":{\"@type\":\"PropertyValueSpecification\",\"valueRequired\":true,\"valueName\":\"search_term_string\"}}],\"inLanguage\":\"pt-BR\"},{\"@type\":\"Organization\",\"@id\":\"https:\/\/www.suno.com.br\/noticias\/#organization\",\"name\":\"Suno Not\u00edcias\",\"url\":\"https:\/\/www.suno.com.br\/noticias\/\",\"logo\":{\"@type\":\"ImageObject\",\"inLanguage\":\"pt-BR\",\"@id\":\"https:\/\/www.suno.com.br\/noticias\/#\/schema\/logo\/image\/\",\"url\":\"https:\/\/files.sunoresearch.com.br\/n\/uploads\/2021\/09\/suno-logo.png\",\"contentUrl\":\"https:\/\/files.sunoresearch.com.br\/n\/uploads\/2021\/09\/suno-logo.png\",\"width\":180,\"height\":180,\"caption\":\"Suno Not\u00edcias\"},\"image\":{\"@id\":\"https:\/\/www.suno.com.br\/noticias\/#\/schema\/logo\/image\/\"},\"sameAs\":[\"https:\/\/facebook.com\/sunoresearch\",\"https:\/\/x.com\/sunoresearch\",\"https:\/\/www.instagram.com\/suno\",\"https:\/\/www.linkedin.com\/company\/suno-research\/\",\"https:\/\/www.youtube.com\/c\/sunoresearch\"]},{\"@type\":\"Person\",\"@id\":\"https:\/\/www.suno.com.br\/noticias\/#\/schema\/person\/4e19e3d2575736e5283d58eb3199d120\",\"name\":\"Giovanna Oliveira\",\"image\":{\"@type\":\"ImageObject\",\"inLanguage\":\"pt-BR\",\"@id\":\"https:\/\/www.suno.com.br\/noticias\/#\/schema\/person\/image\/\",\"url\":\"https:\/\/secure.gravatar.com\/avatar\/9a37b3ae208962ac568992d0ffdbc2eb?s=96&r=g\",\"contentUrl\":\"https:\/\/secure.gravatar.com\/avatar\/9a37b3ae208962ac568992d0ffdbc2eb?s=96&r=g\",\"caption\":\"Giovanna Oliveira\"},\"description\":\"Giovanna Oliveira escreve sobre economia e pol\u00edtica. Foi rep\u00f3rter do portal de jornalismo da ESPM-SP e produziu conte\u00fado para a Corinthians TV. \u00c9 estudante da ESPM.\",\"url\":\"https:\/\/www.suno.com.br\/noticias\/author\/giovanna\/\"}]}<\/script>\n<!-- \/ Yoast SEO plugin. -->","yoast_head_json":{"title":"Acordo do Mercosul com UE pode aumentar PIB do Brasil em US$ 125 bi","description":"O governo informou que o acordo entre o Mercosul e a UE pode representar aumento do PIB de at\u00e9 US$ 125 bilh\u00f5es. Clique para saber mais.","robots":{"index":"index","follow":"follow","max-snippet":"max-snippet:-1","max-image-preview":"max-image-preview:large","max-video-preview":"max-video-preview:-1"},"canonical":"https:\/\/www.suno.com.br\/noticias\/mercosul-ue-aumentar-pib\/","og_locale":"pt_BR","og_type":"article","og_title":"Acordo do Mercosul com UE pode aumentar PIB do Brasil em US$ 125 bi","og_description":"O governo informou que o acordo entre o Mercosul e a UE pode representar aumento do PIB de at\u00e9 US$ 125 bilh\u00f5es. Clique para saber mais.","og_url":"https:\/\/www.suno.com.br\/noticias\/mercosul-ue-aumentar-pib\/","og_site_name":"Suno Not\u00edcias","article_publisher":"https:\/\/facebook.com\/sunoresearch","og_image":[{"width":780,"height":440,"url":"https:\/\/files.sunoresearch.com.br\/n\/uploads\/2019\/06\/d47d73e2-mercosul.jpg","type":"image\/jpeg"}],"author":"Giovanna Oliveira","twitter_card":"summary_large_image","twitter_creator":"@sunoresearch","twitter_site":"@sunoresearch","twitter_misc":{"Escrito por":"Giovanna Oliveira","Est. tempo de leitura":"2 minutos"},"schema":{"@context":"https:\/\/schema.org","@graph":[{"@type":"NewsArticle","@id":"https:\/\/www.suno.com.br\/noticias\/mercosul-ue-aumentar-pib\/#article","isPartOf":{"@id":"https:\/\/www.suno.com.br\/noticias\/mercosul-ue-aumentar-pib\/"},"author":{"name":"Giovanna Oliveira","@id":"https:\/\/www.suno.com.br\/noticias\/#\/schema\/person\/4e19e3d2575736e5283d58eb3199d120"},"headline":"Acordo do Mercosul com UE pode aumentar PIB do Brasil em US$ 125 bi","datePublished":"2019-06-28T18:58:50+00:00","dateModified":"2019-06-28T19:01:36+00:00","mainEntityOfPage":{"@id":"https:\/\/www.suno.com.br\/noticias\/mercosul-ue-aumentar-pib\/"},"wordCount":409,"publisher":{"@id":"https:\/\/www.suno.com.br\/noticias\/#organization"},"image":{"@id":"https:\/\/www.suno.com.br\/noticias\/mercosul-ue-aumentar-pib\/#primaryimage"},"thumbnailUrl":"https:\/\/files.sunoresearch.com.br\/n\/uploads\/2019\/06\/d47d73e2-mercosul-jpg.webp","keywords":["Mercosul","Produto Interno Bruto (PIB)","Uni\u00e3o Europeia"],"articleSection":["Economia"],"inLanguage":"pt-BR"},{"@type":"WebPage","@id":"https:\/\/www.suno.com.br\/noticias\/mercosul-ue-aumentar-pib\/","url":"https:\/\/www.suno.com.br\/noticias\/mercosul-ue-aumentar-pib\/","name":"Acordo do Mercosul com UE pode aumentar PIB do Brasil em US$ 125 bi","isPartOf":{"@id":"https:\/\/www.suno.com.br\/noticias\/#website"},"primaryImageOfPage":{"@id":"https:\/\/www.suno.com.br\/noticias\/mercosul-ue-aumentar-pib\/#primaryimage"},"image":{"@id":"https:\/\/www.suno.com.br\/noticias\/mercosul-ue-aumentar-pib\/#primaryimage"},"thumbnailUrl":"https:\/\/files.sunoresearch.com.br\/n\/uploads\/2019\/06\/d47d73e2-mercosul-jpg.webp","datePublished":"2019-06-28T18:58:50+00:00","dateModified":"2019-06-28T19:01:36+00:00","description":"O governo informou que o acordo entre o Mercosul e a UE pode representar aumento do PIB de at\u00e9 US$ 125 bilh\u00f5es. Clique para saber mais.","breadcrumb":{"@id":"https:\/\/www.suno.com.br\/noticias\/mercosul-ue-aumentar-pib\/#breadcrumb"},"inLanguage":"pt-BR","potentialAction":[{"@type":"ReadAction","target":["https:\/\/www.suno.com.br\/noticias\/mercosul-ue-aumentar-pib\/"]}]},{"@type":"ImageObject","inLanguage":"pt-BR","@id":"https:\/\/www.suno.com.br\/noticias\/mercosul-ue-aumentar-pib\/#primaryimage","url":"https:\/\/files.sunoresearch.com.br\/n\/uploads\/2019\/06\/d47d73e2-mercosul-jpg.webp","contentUrl":"https:\/\/files.sunoresearch.com.br\/n\/uploads\/2019\/06\/d47d73e2-mercosul-jpg.webp","width":780,"height":440,"caption":"O Acordo entre o Mercosul e a UE se arrasta desde o ano passado, pendente de aprova\u00e7\u00e3o pelos governos europeus"},{"@type":"BreadcrumbList","@id":"https:\/\/www.suno.com.br\/noticias\/mercosul-ue-aumentar-pib\/#breadcrumb","itemListElement":[{"@type":"ListItem","position":1,"name":"Not\u00edcias","item":"https:\/\/www.suno.com.br\/noticias\/"},{"@type":"ListItem","position":2,"name":"Economia","item":"https:\/\/www.suno.com.br\/noticias\/economia\/"},{"@type":"ListItem","position":3,"name":"Acordo do Mercosul com UE pode aumentar PIB do Brasil em US$ 125 bi"}]},{"@type":"WebSite","@id":"https:\/\/www.suno.com.br\/noticias\/#website","url":"https:\/\/www.suno.com.br\/noticias\/","name":"Suno Not\u00edcias","description":"Seu portal de informa\u00e7\u00e3o sobre o mundo dos investimentos","publisher":{"@id":"https:\/\/www.suno.com.br\/noticias\/#organization"},"potentialAction":[{"@type":"SearchAction","target":{"@type":"EntryPoint","urlTemplate":"https:\/\/www.suno.com.br\/noticias\/?s={search_term_string}"},"query-input":{"@type":"PropertyValueSpecification","valueRequired":true,"valueName":"search_term_string"}}],"inLanguage":"pt-BR"},{"@type":"Organization","@id":"https:\/\/www.suno.com.br\/noticias\/#organization","name":"Suno Not\u00edcias","url":"https:\/\/www.suno.com.br\/noticias\/","logo":{"@type":"ImageObject","inLanguage":"pt-BR","@id":"https:\/\/www.suno.com.br\/noticias\/#\/schema\/logo\/image\/","url":"https:\/\/files.sunoresearch.com.br\/n\/uploads\/2021\/09\/suno-logo.png","contentUrl":"https:\/\/files.sunoresearch.com.br\/n\/uploads\/2021\/09\/suno-logo.png","width":180,"height":180,"caption":"Suno Not\u00edcias"},"image":{"@id":"https:\/\/www.suno.com.br\/noticias\/#\/schema\/logo\/image\/"},"sameAs":["https:\/\/facebook.com\/sunoresearch","https:\/\/x.com\/sunoresearch","https:\/\/www.instagram.com\/suno","https:\/\/www.linkedin.com\/company\/suno-research\/","https:\/\/www.youtube.com\/c\/sunoresearch"]},{"@type":"Person","@id":"https:\/\/www.suno.com.br\/noticias\/#\/schema\/person\/4e19e3d2575736e5283d58eb3199d120","name":"Giovanna Oliveira","image":{"@type":"ImageObject","inLanguage":"pt-BR","@id":"https:\/\/www.suno.com.br\/noticias\/#\/schema\/person\/image\/","url":"https:\/\/secure.gravatar.com\/avatar\/9a37b3ae208962ac568992d0ffdbc2eb?s=96&r=g","contentUrl":"https:\/\/secure.gravatar.com\/avatar\/9a37b3ae208962ac568992d0ffdbc2eb?s=96&r=g","caption":"Giovanna Oliveira"},"description":"Giovanna Oliveira escreve sobre economia e pol\u00edtica. Foi rep\u00f3rter do portal de jornalismo da ESPM-SP e produziu conte\u00fado para a Corinthians TV. \u00c9 estudante da ESPM.","url":"https:\/\/www.suno.com.br\/noticias\/author\/giovanna\/"}]}},"default_loop_html":"<div class=\"cardsPage__listCard__boxs\"><div class=\"cardsPage__listCard__boxs__img\"><a href=\"https:\/\/www.suno.com.br\/noticias\/mercosul-ue-aumentar-pib\/\"><img class=\"mask\" src=\"https:\/\/www.suno.com.br\/noticias\/wp-content\/themes\/suno\/resources\/images\/spotlight\/spotlight1img\/bg-mask.png\" alt=\"Image Mask\"\/><img src=\"https:\/\/files.sunoresearch.com.br\/n\/uploads\/2019\/06\/d47d73e2-mercosul-400x200.webp\" alt=\"Acordo do Mercosul com UE pode aumentar PIB do Brasil em US$ 125 bi\"\/><\/a><span class=\"spotlightCategory\"><a href=\"https:\/\/www.suno.com.br\/noticias\/economia\/\">Economia<\/a><\/span><\/div><div class=\"cardsPage__listCard__boxs__content\"><a href=\"https:\/\/www.suno.com.br\/noticias\/mercosul-ue-aumentar-pib\/\"><h2 class=\"content__title\">Acordo do Mercosul com UE pode aumentar PIB do Brasil em US$ 125 bi<\/h2><\/a><div class=\"newsContent__article__meta\"><div class=\"newsContent__article__meta__authorBox\"><a href=\"https:\/\/www.suno.com.br\/noticias\/author\/giovanna\/\" class=\"authorBox__avatar noMobi\"><img src=\"https:\/\/files.sunoresearch.com.br\/n\/uploads\/2019\/06\/952a89ca-screenshot_20190608-171507-150x150.webp\" alt=\"Giovanna Oliveira\"><\/a><div class=\"authorBox__name\"><span>por\n\t\t\t<a href=\"https:\/\/www.suno.com.br\/noticias\/author\/giovanna\/\"><span itemprop=\"author\">Giovanna Oliveira<\/span><\/a><\/span><time datetime=\"2019-06-28T15:58:50-03:00\" itemprop=\"datePublished\">28\/06\/2019 15:58<\/time><\/div><\/div><\/div><\/div><\/div>","single_layout":"posts","amp_enabled":true,"_links":{"self":[{"href":"https:\/\/www.suno.com.br\/noticias\/wp-json\/wp\/v2\/posts\/29487"}],"collection":[{"href":"https:\/\/www.suno.com.br\/noticias\/wp-json\/wp\/v2\/posts"}],"about":[{"href":"https:\/\/www.suno.com.br\/noticias\/wp-json\/wp\/v2\/types\/post"}],"author":[{"embeddable":true,"href":"https:\/\/www.suno.com.br\/noticias\/wp-json\/wp\/v2\/users\/18"}],"replies":[{"embeddable":true,"href":"https:\/\/www.suno.com.br\/noticias\/wp-json\/wp\/v2\/comments?post=29487"}],"version-history":[{"count":0,"href":"https:\/\/www.suno.com.br\/noticias\/wp-json\/wp\/v2\/posts\/29487\/revisions"}],"wp:featuredmedia":[{"embeddable":true,"href":"https:\/\/www.suno.com.br\/noticias\/wp-json\/wp\/v2\/media\/29507"}],"wp:attachment":[{"href":"https:\/\/www.suno.com.br\/noticias\/wp-json\/wp\/v2\/media?parent=29487"}],"wp:term":[{"taxonomy":"category","embeddable":true,"href":"https:\/\/www.suno.com.br\/noticias\/wp-json\/wp\/v2\/categories?post=29487"},{"taxonomy":"post_tag","embeddable":true,"href":"https:\/\/www.suno.com.br\/noticias\/wp-json\/wp\/v2\/tags?post=29487"},{"taxonomy":"suno_strategy","embeddable":true,"href":"https:\/\/www.suno.com.br\/noticias\/wp-json\/wp\/v2\/suno_strategy?post=29487"}],"curies":[{"name":"wp","href":"https:\/\/api.w.org\/{rel}","templated":true}]}}