{"id":29441,"date":"2019-06-28T11:41:32","date_gmt":"2019-06-28T14:41:32","guid":{"rendered":"https:\/\/www.suno.com.br\/noticias\/?p=29441"},"modified":"2019-06-28T11:41:32","modified_gmt":"2019-06-28T14:41:32","slug":"eua-pretoleo-ira-sancoes","status":"publish","type":"post","link":"https:\/\/www.suno.com.br\/noticias\/eua-pretoleo-ira-sancoes\/","title":{"rendered":"EUA v\u00e3o aplicar san\u00e7\u00f5es econ\u00f4micas a pa\u00edses que importarem petr\u00f3leo do Ir\u00e3"},"content":{"rendered":"<p>Em mais um cap\u00edtulo da <strong>tens\u00e3o geopol\u00edtica<\/strong> entre os <strong>Estados Unidos<\/strong> e <strong>Ir\u00e3<\/strong>, o presidente americano vai impor <strong>san\u00e7\u00f5es<\/strong> a qualquer <strong>pa\u00eds<\/strong> que importe <a href=\"https:\/\/www.suno.com.br\/artigos\/cotacao-do-petroleo\/\"><strong>petr\u00f3leo<\/strong><\/a> do pa\u00eds do<strong> Oriente M\u00e9dio<\/strong>. O comunicado foi feito nesta sexta-feira (28), pelo enviado especial dos <strong>EUA<\/strong> ao Ir\u00e3, <strong>Brian Hook<\/strong>.<\/p>\t<div class=\"wrapper-featured-image\">\n\t\t<figure class=\"spotlightImg\">\n\n\t\t\t<picture>\n\t\t\t\t<source media=\"(max-width: 768px)\" srcset=\"https:\/\/files.sunoresearch.com.br\/n\/uploads\/2018\/08\/b46f5256-vip-pt-31443-noticia-eua-donald-trump-tem-irma-gemea-espanhola-400x200.webp\">\n\t\t\t\t<img loading=\"lazy\" decoding=\"async\" class=\"newsContent__article__imgCapa lazyloadDisabled newsContent__article__imgCapa--noCaption\" src=\"https:\/\/files.sunoresearch.com.br\/n\/uploads\/2018\/08\/b46f5256-vip-pt-31443-noticia-eua-donald-trump-tem-irma-gemea-espanhola-800x450.webp\" width=\"800\" height=\"450\" alt=\"EUA v\u00e3o aplicar san\u00e7\u00f5es econ\u00f4micas a pa\u00edses que importarem petr\u00f3leo do Ir\u00e3\" fetchpriority=high \/>\n\t\t\t<\/picture>\n\n\t\t\t<figcaption class=\"wp-caption-text wp-caption-text--hide\">A Agenda do Dia desta quarta-feira (13) movimentar\u00e1 os mercados no Brasil e no mundo. <\/figcaption>\n\t\t<\/figure>\n\t<\/div>\n\n\n<p>&#8220;Vamos sancionar quaisquer<a href=\"https:\/\/www.suno.com.br\/artigos\/imposto-sobre-importacao\/\"><strong> importa\u00e7\u00f5es<\/strong><\/a> de <strong>petr\u00f3leo bruto<\/strong> do<strong> Ir\u00e3<\/strong>&#8230; Agora n\u00e3o h\u00e1 isen\u00e7\u00f5es em vigor. Vamos sancionar quaisquer aquisi\u00e7\u00f5es il\u00edcitas de <strong>petr\u00f3leo bruto iraniano<\/strong>&#8220;, disse o <strong>enviado especial<\/strong> dos <strong>EUA<\/strong>.<\/p>\n<p>Na \u00faltima segunda-feira (24), <a href=\"https:\/\/www.suno.com.br\/tudo-sobre\/donald-trump\/\"><strong>Donald Trump<\/strong><\/a> oficializou as novas san\u00e7\u00f5es ao <strong>Ir\u00e3<\/strong>. O presidente afirmou que n\u00e3o permitir\u00e1 que o pa\u00eds do <strong>Oriente M\u00e9dio<\/strong> tenha acesso a <strong>armas nucleares<\/strong>. As medidas tem como alvo o <strong>l\u00edder do supremo<\/strong>, <strong>aiatol\u00e1 Ali Khamenei<\/strong>.<\/p>\n\t<p>\n\t\t<a href=\"https:\/\/lp2.suno.com.br\/pv\/curso-zero-ao-primeiro-rendimento\/?utm_source=suno-noticias&#038;utm_medium=banner&#038;utm_campaign=_SNC4CCF8112_\" target=\"_blank\" data-element=\"shortcode-suno-banner\" title=\"Banner SUNO, clique e saiba mais\">\n\t\t\t<picture>\n\t\t\t\t<source media=\"(max-width: 500px)\" srcset=\"https:\/\/files.sunoresearch.com.br\/n\/uploads\/2025\/12\/Artigos-e-Noticias-Banner-Materias-02-Mobile_-400x300-1-png.webp\">\n\t\t\t\t<img class=\"newsContent__article__imgCapa newsContent__article__imgCapa--banner\"\n\t\t\t\t\tsrc=\"https:\/\/files.sunoresearch.com.br\/n\/uploads\/2025\/12\/Artigos-e-Noticias-Banner-Materias-01-Desktop_-1420x240-1-png.webp\"\n\t\t\t\t\tdata-promo-id=\"635313\"\t\t\t\t\t\t\t\t\t\twidth='1420' height='240'\t\t\t\t\talt=\"https:\/\/files.sunoresearch.com.br\/n\/uploads\/2025\/12\/Artigos-e-Noticias-Banner-Materias-01-Desktop_-1420x240-1-png.webp\"\n\t\t\t\t>\n\t\t\t<\/picture>\n\t\t<\/a>\n\t<\/p>\n\n\n<h2>Entenda a tens\u00e3o geopol\u00edtica<\/h2>\n<p>Na \u00faltima quinta-feira (20) o <strong>Ir\u00e3<\/strong> derrubou um<strong> drone de vigil\u00e2ncia<\/strong> dos <strong>EUA<\/strong>. Tanto <strong>autoridades americanas<\/strong> quanto<strong> iranianas<\/strong> confirmaram a derrubada. No entanto, o pa\u00eds do <strong>Oriente M\u00e9dio<\/strong> afirmou que a aeronave havia violado o <strong>espa\u00e7o a\u00e9reo iraniano<\/strong>. Por sua vez, os <strong>EUA<\/strong> afirmam que n\u00e3o violou.<\/p>\n<p><a href=\"\/\/www.suno.com.br\/noticias\/estados-unidos-ataque-cibernetico-ira\/\">Saiba Mais:\u00a0Estados Unidos atacam sistemas de intelig\u00eancia do Ir\u00e3<\/a><\/p>\n<p>Dessa forma, o <strong>presidente americano<\/strong> havia aprovado <strong>ataques militares<\/strong> contra o <strong>Ir\u00e3<\/strong>. Desse modo, o ataque seria uma retalia\u00e7\u00e3o pela derrubada. No entanto, minutos antes <strong>Trump<\/strong> desistiu afirmando que as <strong>consequ\u00eancias<\/strong> seriam &#8220;desproporcionais&#8221;.<\/p>\n<p>Entretanto, na mesma quinta-feira, os <strong>EUA<\/strong> atacaram <strong>ciberneticamente<\/strong> o <strong>Ir\u00e3<\/strong>, desligando os <strong>computadores<\/strong> respons\u00e1veis por lan\u00e7amento de<strong> m\u00edsseis<\/strong> e <strong>foguetes<\/strong>.<\/p>\n\t<p>\n\t\t<a href=\"https:\/\/lp.suno.com.br\/ao\/sessao-estrategica-consultoria-c\/?utm_source=suno-noticias&#038;utm_medium=banner&#038;utm_campaign=_SNC36CE4E9F_&#038;utm_content=fundos-imobiliarios-ou-imoveis-onde-investir-500-mil-go\" target=\"_blank\" data-element=\"shortcode-suno-banner\" title=\"Banner SUNO, clique e saiba mais\">\n\t\t\t<picture>\n\t\t\t\t<source media=\"(max-width: 500px)\" srcset=\"https:\/\/files.sunoresearch.com.br\/n\/uploads\/2025\/09\/300x400.webp\">\n\t\t\t\t<img class=\"newsContent__article__imgCapa newsContent__article__imgCapa--banner\"\n\t\t\t\t\tsrc=\"https:\/\/files.sunoresearch.com.br\/n\/uploads\/2025\/09\/SN-DT-1420x240-1.webp\"\n\t\t\t\t\tdata-promo-id=\"635171\"\t\t\t\t\t\t\t\t\t\twidth='1420' height='240'\t\t\t\t\talt=\"https:\/\/files.sunoresearch.com.br\/n\/uploads\/2025\/09\/SN-DT-1420x240-1.webp\"\n\t\t\t\t>\n\t\t\t<\/picture>\n\t\t<\/a>\n\t<\/p>\n\n\n<h2>San\u00e7\u00f5es econ\u00f4micas<\/h2>\n<p>Na \u00faltima segunda foi imposta <strong>novas san\u00e7\u00f5es<\/strong> ao<strong> Ir\u00e3<\/strong>. Dessa forma, o presidente disse que &#8220;san\u00e7\u00f5es impostas por meio de ordem executiva v\u00e3o negar ao <strong>l\u00edder do supremo<\/strong> e ao escrit\u00f3rio do l\u00edder do supremo, e \u00e0queles intimamente ligados a ele e ao escrit\u00f3rio, o acesso a<strong> recursos financeiros<\/strong> essenciais e apoio. O <strong>Ir\u00e3<\/strong> nunca poder\u00e1 ter uma <strong>arma nuclear<\/strong>&#8220;.<\/p>\n<p><a href=\"\/\/www.suno.com.br\/noticias\/donald-trump-sancoes-economicas-ira\/\">Saiba Mais:\u00a0Donald Trump aplica novas san\u00e7\u00f5es econ\u00f4micas ao Ir\u00e3<\/a><\/p>\n<p>&#8220;Impor <strong>san\u00e7\u00f5es in\u00fateis<\/strong> ao<strong> l\u00edder do supremo do Ir\u00e3<\/strong> e ao chefe da diplomacia iraniana \u00e9 fechar permanente o caminho da <strong>diplomacia<\/strong>. O <strong>governo desesperado<\/strong> de <strong>Trump<\/strong> est\u00e1 destruindo os mecanismos <strong>internacionais<\/strong> para a manuten\u00e7\u00e3o da <strong>paz<\/strong> e <strong>seguran\u00e7a<\/strong>&#8220;, disse o porta-voz do Ir\u00e3 em resposta aos <strong>EUA<\/strong>.<\/p>\n","protected":false},"excerpt":{"rendered":"<p>Em mais um cap\u00edtulo da tens\u00e3o geopol\u00edtica entre os Estados Unidos e Ir\u00e3, o presidente americano vai impor san\u00e7\u00f5es a qualquer pa\u00eds que importe petr\u00f3leo do pa\u00eds do Oriente M\u00e9dio. O comunicado foi feito nesta sexta-feira (28), pelo enviado especial dos EUA ao Ir\u00e3, Brian Hook. A Agenda do Dia desta quarta-feira (13) movimentar\u00e1 os [&hellip;]<\/p>\n","protected":false},"author":15,"featured_media":2659,"comment_status":"closed","ping_status":"closed","sticky":false,"template":"","format":"standard","meta":[],"categories":[63],"tags":[793],"suno_strategy":[],"class_list":["post-29441","post","type-post","status-publish","format-standard","has-post-thumbnail","hentry","category-internacional","tag-estados-unidos-eua"],"yoast_head":"<!-- This site is optimized with the Yoast SEO plugin v24.4 - https:\/\/yoast.com\/wordpress\/plugins\/seo\/ -->\n<title>EUA v\u00e3o aplicar san\u00e7\u00f5es a pa\u00edses que importarem petr\u00f3leo Ir\u00e3<\/title>\n<meta name=\"description\" content=\"Nesta sexta (28), o presidente dos EUA afirmou impor san\u00e7\u00f5es econ\u00f4micas a qualquer pa\u00eds que importe petr\u00f3leo do Ir\u00e3. Clique aqui e saiba mais\" \/>\n<meta name=\"robots\" content=\"index, follow, max-snippet:-1, max-image-preview:large, max-video-preview:-1\" \/>\n<link rel=\"canonical\" href=\"https:\/\/www.suno.com.br\/noticias\/eua-pretoleo-ira-sancoes\/\" \/>\n<meta property=\"og:locale\" content=\"pt_BR\" \/>\n<meta property=\"og:type\" content=\"article\" \/>\n<meta property=\"og:title\" content=\"EUA v\u00e3o aplicar san\u00e7\u00f5es a pa\u00edses que importarem petr\u00f3leo Ir\u00e3\" \/>\n<meta property=\"og:description\" content=\"Nesta sexta (28), o presidente dos EUA afirmou impor san\u00e7\u00f5es econ\u00f4micas a qualquer pa\u00eds que importe petr\u00f3leo do Ir\u00e3. Clique aqui e saiba mais\" \/>\n<meta property=\"og:url\" content=\"https:\/\/www.suno.com.br\/noticias\/eua-pretoleo-ira-sancoes\/\" \/>\n<meta property=\"og:site_name\" content=\"Suno Not\u00edcias\" \/>\n<meta property=\"article:publisher\" content=\"https:\/\/facebook.com\/sunoresearch\" \/>\n<meta property=\"og:image\" content=\"https:\/\/files.sunoresearch.com.br\/n\/uploads\/2018\/08\/b46f5256-vip-pt-31443-noticia-eua-donald-trump-tem-irma-gemea-espanhola.jpg\" \/>\n\t<meta property=\"og:image:width\" content=\"855\" \/>\n\t<meta property=\"og:image:height\" content=\"534\" \/>\n\t<meta property=\"og:image:type\" content=\"image\/jpeg\" \/>\n<meta name=\"author\" content=\"Poliana Santos\" \/>\n<meta name=\"twitter:card\" content=\"summary_large_image\" \/>\n<meta name=\"twitter:creator\" content=\"@sunoresearch\" \/>\n<meta name=\"twitter:site\" content=\"@sunoresearch\" \/>\n<meta name=\"twitter:label1\" content=\"Escrito por\" \/>\n\t<meta name=\"twitter:data1\" content=\"Poliana Santos\" \/>\n\t<meta name=\"twitter:label2\" content=\"Est. tempo de leitura\" \/>\n\t<meta name=\"twitter:data2\" content=\"2 minutos\" \/>\n<script type=\"application\/ld+json\" class=\"yoast-schema-graph\">{\"@context\":\"https:\/\/schema.org\",\"@graph\":[{\"@type\":\"NewsArticle\",\"@id\":\"https:\/\/www.suno.com.br\/noticias\/eua-pretoleo-ira-sancoes\/#article\",\"isPartOf\":{\"@id\":\"https:\/\/www.suno.com.br\/noticias\/eua-pretoleo-ira-sancoes\/\"},\"author\":{\"name\":\"Poliana Santos\",\"@id\":\"https:\/\/www.suno.com.br\/noticias\/#\/schema\/person\/02ec1f752758247878a2bf4abee1aeda\"},\"headline\":\"EUA v\u00e3o aplicar san\u00e7\u00f5es econ\u00f4micas a pa\u00edses que importarem petr\u00f3leo do Ir\u00e3\",\"datePublished\":\"2019-06-28T14:41:32+00:00\",\"mainEntityOfPage\":{\"@id\":\"https:\/\/www.suno.com.br\/noticias\/eua-pretoleo-ira-sancoes\/\"},\"wordCount\":420,\"publisher\":{\"@id\":\"https:\/\/www.suno.com.br\/noticias\/#organization\"},\"image\":{\"@id\":\"https:\/\/www.suno.com.br\/noticias\/eua-pretoleo-ira-sancoes\/#primaryimage\"},\"thumbnailUrl\":\"https:\/\/files.sunoresearch.com.br\/n\/uploads\/2018\/08\/b46f5256-vip-pt-31443-noticia-eua-donald-trump-tem-irma-gemea-espanhola-jpg.webp\",\"keywords\":[\"Estados Unidos (EUA)\"],\"articleSection\":[\"Internacional\"],\"inLanguage\":\"pt-BR\"},{\"@type\":\"WebPage\",\"@id\":\"https:\/\/www.suno.com.br\/noticias\/eua-pretoleo-ira-sancoes\/\",\"url\":\"https:\/\/www.suno.com.br\/noticias\/eua-pretoleo-ira-sancoes\/\",\"name\":\"EUA v\u00e3o aplicar san\u00e7\u00f5es a pa\u00edses que importarem petr\u00f3leo Ir\u00e3\",\"isPartOf\":{\"@id\":\"https:\/\/www.suno.com.br\/noticias\/#website\"},\"primaryImageOfPage\":{\"@id\":\"https:\/\/www.suno.com.br\/noticias\/eua-pretoleo-ira-sancoes\/#primaryimage\"},\"image\":{\"@id\":\"https:\/\/www.suno.com.br\/noticias\/eua-pretoleo-ira-sancoes\/#primaryimage\"},\"thumbnailUrl\":\"https:\/\/files.sunoresearch.com.br\/n\/uploads\/2018\/08\/b46f5256-vip-pt-31443-noticia-eua-donald-trump-tem-irma-gemea-espanhola-jpg.webp\",\"datePublished\":\"2019-06-28T14:41:32+00:00\",\"description\":\"Nesta sexta (28), o presidente dos EUA afirmou impor san\u00e7\u00f5es econ\u00f4micas a qualquer pa\u00eds que importe petr\u00f3leo do Ir\u00e3. Clique aqui e saiba mais\",\"breadcrumb\":{\"@id\":\"https:\/\/www.suno.com.br\/noticias\/eua-pretoleo-ira-sancoes\/#breadcrumb\"},\"inLanguage\":\"pt-BR\",\"potentialAction\":[{\"@type\":\"ReadAction\",\"target\":[\"https:\/\/www.suno.com.br\/noticias\/eua-pretoleo-ira-sancoes\/\"]}]},{\"@type\":\"ImageObject\",\"inLanguage\":\"pt-BR\",\"@id\":\"https:\/\/www.suno.com.br\/noticias\/eua-pretoleo-ira-sancoes\/#primaryimage\",\"url\":\"https:\/\/files.sunoresearch.com.br\/n\/uploads\/2018\/08\/b46f5256-vip-pt-31443-noticia-eua-donald-trump-tem-irma-gemea-espanhola-jpg.webp\",\"contentUrl\":\"https:\/\/files.sunoresearch.com.br\/n\/uploads\/2018\/08\/b46f5256-vip-pt-31443-noticia-eua-donald-trump-tem-irma-gemea-espanhola-jpg.webp\",\"width\":855,\"height\":534,\"caption\":\"A Agenda do Dia desta quarta-feira (13) movimentar\u00e1 os mercados no Brasil e no mundo.\"},{\"@type\":\"BreadcrumbList\",\"@id\":\"https:\/\/www.suno.com.br\/noticias\/eua-pretoleo-ira-sancoes\/#breadcrumb\",\"itemListElement\":[{\"@type\":\"ListItem\",\"position\":1,\"name\":\"Not\u00edcias\",\"item\":\"https:\/\/www.suno.com.br\/noticias\/\"},{\"@type\":\"ListItem\",\"position\":2,\"name\":\"Internacional\",\"item\":\"https:\/\/www.suno.com.br\/noticias\/internacional\/\"},{\"@type\":\"ListItem\",\"position\":3,\"name\":\"EUA v\u00e3o aplicar san\u00e7\u00f5es econ\u00f4micas a pa\u00edses que importarem petr\u00f3leo do Ir\u00e3\"}]},{\"@type\":\"WebSite\",\"@id\":\"https:\/\/www.suno.com.br\/noticias\/#website\",\"url\":\"https:\/\/www.suno.com.br\/noticias\/\",\"name\":\"Suno Not\u00edcias\",\"description\":\"Seu portal de informa\u00e7\u00e3o sobre o mundo dos investimentos\",\"publisher\":{\"@id\":\"https:\/\/www.suno.com.br\/noticias\/#organization\"},\"potentialAction\":[{\"@type\":\"SearchAction\",\"target\":{\"@type\":\"EntryPoint\",\"urlTemplate\":\"https:\/\/www.suno.com.br\/noticias\/?s={search_term_string}\"},\"query-input\":{\"@type\":\"PropertyValueSpecification\",\"valueRequired\":true,\"valueName\":\"search_term_string\"}}],\"inLanguage\":\"pt-BR\"},{\"@type\":\"Organization\",\"@id\":\"https:\/\/www.suno.com.br\/noticias\/#organization\",\"name\":\"Suno Not\u00edcias\",\"url\":\"https:\/\/www.suno.com.br\/noticias\/\",\"logo\":{\"@type\":\"ImageObject\",\"inLanguage\":\"pt-BR\",\"@id\":\"https:\/\/www.suno.com.br\/noticias\/#\/schema\/logo\/image\/\",\"url\":\"https:\/\/files.sunoresearch.com.br\/n\/uploads\/2021\/09\/suno-logo.png\",\"contentUrl\":\"https:\/\/files.sunoresearch.com.br\/n\/uploads\/2021\/09\/suno-logo.png\",\"width\":180,\"height\":180,\"caption\":\"Suno Not\u00edcias\"},\"image\":{\"@id\":\"https:\/\/www.suno.com.br\/noticias\/#\/schema\/logo\/image\/\"},\"sameAs\":[\"https:\/\/facebook.com\/sunoresearch\",\"https:\/\/x.com\/sunoresearch\",\"https:\/\/www.instagram.com\/suno\",\"https:\/\/www.linkedin.com\/company\/suno-research\/\",\"https:\/\/www.youtube.com\/c\/sunoresearch\"]},{\"@type\":\"Person\",\"@id\":\"https:\/\/www.suno.com.br\/noticias\/#\/schema\/person\/02ec1f752758247878a2bf4abee1aeda\",\"name\":\"Poliana Santos\",\"image\":{\"@type\":\"ImageObject\",\"inLanguage\":\"pt-BR\",\"@id\":\"https:\/\/www.suno.com.br\/noticias\/#\/schema\/person\/image\/\",\"url\":\"https:\/\/secure.gravatar.com\/avatar\/0645bd32f23d87b2130f2b2dff1d3f8d?s=96&r=g\",\"contentUrl\":\"https:\/\/secure.gravatar.com\/avatar\/0645bd32f23d87b2130f2b2dff1d3f8d?s=96&r=g\",\"caption\":\"Poliana Santos\"},\"description\":\"Rep\u00f3rter no Suno Not\u00edcias, com cobertura em mercado financeiro, economia, finan\u00e7as pessoais, renda fixa e varejo. Jornalista formada pela Faculdade C\u00e1sper L\u00edbero e possui passagem na R\u00e1dio Gazeta AM com a produ\u00e7\u00e3o de conte\u00fado sobre economia, pol\u00edtica, sa\u00fade, moda e m\u00fasica. Possui certificado de conclus\u00e3o do curso de An\u00e1lise de Balan\u00e7os pela Funda\u00e7\u00e3o Bradesco, Agenda Brasil pela FAAP, Educa\u00e7\u00e3o Pol\u00edtica por Alexandre Garcia e do Tesouro Direto e Mercado de A\u00e7\u00f5es pela B3.\",\"url\":\"https:\/\/www.suno.com.br\/noticias\/author\/poliana-santos\/\"}]}<\/script>\n<!-- \/ Yoast SEO plugin. -->","yoast_head_json":{"title":"EUA v\u00e3o aplicar san\u00e7\u00f5es a pa\u00edses que importarem petr\u00f3leo Ir\u00e3","description":"Nesta sexta (28), o presidente dos EUA afirmou impor san\u00e7\u00f5es econ\u00f4micas a qualquer pa\u00eds que importe petr\u00f3leo do Ir\u00e3. Clique aqui e saiba mais","robots":{"index":"index","follow":"follow","max-snippet":"max-snippet:-1","max-image-preview":"max-image-preview:large","max-video-preview":"max-video-preview:-1"},"canonical":"https:\/\/www.suno.com.br\/noticias\/eua-pretoleo-ira-sancoes\/","og_locale":"pt_BR","og_type":"article","og_title":"EUA v\u00e3o aplicar san\u00e7\u00f5es a pa\u00edses que importarem petr\u00f3leo Ir\u00e3","og_description":"Nesta sexta (28), o presidente dos EUA afirmou impor san\u00e7\u00f5es econ\u00f4micas a qualquer pa\u00eds que importe petr\u00f3leo do Ir\u00e3. Clique aqui e saiba mais","og_url":"https:\/\/www.suno.com.br\/noticias\/eua-pretoleo-ira-sancoes\/","og_site_name":"Suno Not\u00edcias","article_publisher":"https:\/\/facebook.com\/sunoresearch","og_image":[{"width":855,"height":534,"url":"https:\/\/files.sunoresearch.com.br\/n\/uploads\/2018\/08\/b46f5256-vip-pt-31443-noticia-eua-donald-trump-tem-irma-gemea-espanhola.jpg","type":"image\/jpeg"}],"author":"Poliana Santos","twitter_card":"summary_large_image","twitter_creator":"@sunoresearch","twitter_site":"@sunoresearch","twitter_misc":{"Escrito por":"Poliana Santos","Est. tempo de leitura":"2 minutos"},"schema":{"@context":"https:\/\/schema.org","@graph":[{"@type":"NewsArticle","@id":"https:\/\/www.suno.com.br\/noticias\/eua-pretoleo-ira-sancoes\/#article","isPartOf":{"@id":"https:\/\/www.suno.com.br\/noticias\/eua-pretoleo-ira-sancoes\/"},"author":{"name":"Poliana Santos","@id":"https:\/\/www.suno.com.br\/noticias\/#\/schema\/person\/02ec1f752758247878a2bf4abee1aeda"},"headline":"EUA v\u00e3o aplicar san\u00e7\u00f5es econ\u00f4micas a pa\u00edses que importarem petr\u00f3leo do Ir\u00e3","datePublished":"2019-06-28T14:41:32+00:00","mainEntityOfPage":{"@id":"https:\/\/www.suno.com.br\/noticias\/eua-pretoleo-ira-sancoes\/"},"wordCount":420,"publisher":{"@id":"https:\/\/www.suno.com.br\/noticias\/#organization"},"image":{"@id":"https:\/\/www.suno.com.br\/noticias\/eua-pretoleo-ira-sancoes\/#primaryimage"},"thumbnailUrl":"https:\/\/files.sunoresearch.com.br\/n\/uploads\/2018\/08\/b46f5256-vip-pt-31443-noticia-eua-donald-trump-tem-irma-gemea-espanhola-jpg.webp","keywords":["Estados Unidos (EUA)"],"articleSection":["Internacional"],"inLanguage":"pt-BR"},{"@type":"WebPage","@id":"https:\/\/www.suno.com.br\/noticias\/eua-pretoleo-ira-sancoes\/","url":"https:\/\/www.suno.com.br\/noticias\/eua-pretoleo-ira-sancoes\/","name":"EUA v\u00e3o aplicar san\u00e7\u00f5es a pa\u00edses que importarem petr\u00f3leo Ir\u00e3","isPartOf":{"@id":"https:\/\/www.suno.com.br\/noticias\/#website"},"primaryImageOfPage":{"@id":"https:\/\/www.suno.com.br\/noticias\/eua-pretoleo-ira-sancoes\/#primaryimage"},"image":{"@id":"https:\/\/www.suno.com.br\/noticias\/eua-pretoleo-ira-sancoes\/#primaryimage"},"thumbnailUrl":"https:\/\/files.sunoresearch.com.br\/n\/uploads\/2018\/08\/b46f5256-vip-pt-31443-noticia-eua-donald-trump-tem-irma-gemea-espanhola-jpg.webp","datePublished":"2019-06-28T14:41:32+00:00","description":"Nesta sexta (28), o presidente dos EUA afirmou impor san\u00e7\u00f5es econ\u00f4micas a qualquer pa\u00eds que importe petr\u00f3leo do Ir\u00e3. Clique aqui e saiba mais","breadcrumb":{"@id":"https:\/\/www.suno.com.br\/noticias\/eua-pretoleo-ira-sancoes\/#breadcrumb"},"inLanguage":"pt-BR","potentialAction":[{"@type":"ReadAction","target":["https:\/\/www.suno.com.br\/noticias\/eua-pretoleo-ira-sancoes\/"]}]},{"@type":"ImageObject","inLanguage":"pt-BR","@id":"https:\/\/www.suno.com.br\/noticias\/eua-pretoleo-ira-sancoes\/#primaryimage","url":"https:\/\/files.sunoresearch.com.br\/n\/uploads\/2018\/08\/b46f5256-vip-pt-31443-noticia-eua-donald-trump-tem-irma-gemea-espanhola-jpg.webp","contentUrl":"https:\/\/files.sunoresearch.com.br\/n\/uploads\/2018\/08\/b46f5256-vip-pt-31443-noticia-eua-donald-trump-tem-irma-gemea-espanhola-jpg.webp","width":855,"height":534,"caption":"A Agenda do Dia desta quarta-feira (13) movimentar\u00e1 os mercados no Brasil e no mundo."},{"@type":"BreadcrumbList","@id":"https:\/\/www.suno.com.br\/noticias\/eua-pretoleo-ira-sancoes\/#breadcrumb","itemListElement":[{"@type":"ListItem","position":1,"name":"Not\u00edcias","item":"https:\/\/www.suno.com.br\/noticias\/"},{"@type":"ListItem","position":2,"name":"Internacional","item":"https:\/\/www.suno.com.br\/noticias\/internacional\/"},{"@type":"ListItem","position":3,"name":"EUA v\u00e3o aplicar san\u00e7\u00f5es econ\u00f4micas a pa\u00edses que importarem petr\u00f3leo do Ir\u00e3"}]},{"@type":"WebSite","@id":"https:\/\/www.suno.com.br\/noticias\/#website","url":"https:\/\/www.suno.com.br\/noticias\/","name":"Suno Not\u00edcias","description":"Seu portal de informa\u00e7\u00e3o sobre o mundo dos investimentos","publisher":{"@id":"https:\/\/www.suno.com.br\/noticias\/#organization"},"potentialAction":[{"@type":"SearchAction","target":{"@type":"EntryPoint","urlTemplate":"https:\/\/www.suno.com.br\/noticias\/?s={search_term_string}"},"query-input":{"@type":"PropertyValueSpecification","valueRequired":true,"valueName":"search_term_string"}}],"inLanguage":"pt-BR"},{"@type":"Organization","@id":"https:\/\/www.suno.com.br\/noticias\/#organization","name":"Suno Not\u00edcias","url":"https:\/\/www.suno.com.br\/noticias\/","logo":{"@type":"ImageObject","inLanguage":"pt-BR","@id":"https:\/\/www.suno.com.br\/noticias\/#\/schema\/logo\/image\/","url":"https:\/\/files.sunoresearch.com.br\/n\/uploads\/2021\/09\/suno-logo.png","contentUrl":"https:\/\/files.sunoresearch.com.br\/n\/uploads\/2021\/09\/suno-logo.png","width":180,"height":180,"caption":"Suno Not\u00edcias"},"image":{"@id":"https:\/\/www.suno.com.br\/noticias\/#\/schema\/logo\/image\/"},"sameAs":["https:\/\/facebook.com\/sunoresearch","https:\/\/x.com\/sunoresearch","https:\/\/www.instagram.com\/suno","https:\/\/www.linkedin.com\/company\/suno-research\/","https:\/\/www.youtube.com\/c\/sunoresearch"]},{"@type":"Person","@id":"https:\/\/www.suno.com.br\/noticias\/#\/schema\/person\/02ec1f752758247878a2bf4abee1aeda","name":"Poliana Santos","image":{"@type":"ImageObject","inLanguage":"pt-BR","@id":"https:\/\/www.suno.com.br\/noticias\/#\/schema\/person\/image\/","url":"https:\/\/secure.gravatar.com\/avatar\/0645bd32f23d87b2130f2b2dff1d3f8d?s=96&r=g","contentUrl":"https:\/\/secure.gravatar.com\/avatar\/0645bd32f23d87b2130f2b2dff1d3f8d?s=96&r=g","caption":"Poliana Santos"},"description":"Rep\u00f3rter no Suno Not\u00edcias, com cobertura em mercado financeiro, economia, finan\u00e7as pessoais, renda fixa e varejo. Jornalista formada pela Faculdade C\u00e1sper L\u00edbero e possui passagem na R\u00e1dio Gazeta AM com a produ\u00e7\u00e3o de conte\u00fado sobre economia, pol\u00edtica, sa\u00fade, moda e m\u00fasica. Possui certificado de conclus\u00e3o do curso de An\u00e1lise de Balan\u00e7os pela Funda\u00e7\u00e3o Bradesco, Agenda Brasil pela FAAP, Educa\u00e7\u00e3o Pol\u00edtica por Alexandre Garcia e do Tesouro Direto e Mercado de A\u00e7\u00f5es pela B3.","url":"https:\/\/www.suno.com.br\/noticias\/author\/poliana-santos\/"}]}},"default_loop_html":"<div class=\"cardsPage__listCard__boxs\"><div class=\"cardsPage__listCard__boxs__img\"><a href=\"https:\/\/www.suno.com.br\/noticias\/eua-pretoleo-ira-sancoes\/\"><img class=\"mask\" src=\"https:\/\/www.suno.com.br\/noticias\/wp-content\/themes\/suno\/resources\/images\/spotlight\/spotlight1img\/bg-mask.png\" alt=\"Image Mask\"\/><img src=\"https:\/\/files.sunoresearch.com.br\/n\/uploads\/2018\/08\/b46f5256-vip-pt-31443-noticia-eua-donald-trump-tem-irma-gemea-espanhola-400x200.webp\" alt=\"EUA v\u00e3o aplicar san\u00e7\u00f5es econ\u00f4micas a pa\u00edses que importarem petr\u00f3leo do Ir\u00e3\"\/><\/a><span class=\"spotlightCategory\"><a href=\"https:\/\/www.suno.com.br\/noticias\/internacional\/\">Internacional<\/a><\/span><\/div><div class=\"cardsPage__listCard__boxs__content\"><a href=\"https:\/\/www.suno.com.br\/noticias\/eua-pretoleo-ira-sancoes\/\"><h2 class=\"content__title\">EUA v\u00e3o aplicar san\u00e7\u00f5es econ\u00f4micas a pa\u00edses que importarem petr\u00f3leo do Ir\u00e3<\/h2><\/a><div class=\"newsContent__article__meta\"><div class=\"newsContent__article__meta__authorBox\"><a href=\"https:\/\/www.suno.com.br\/noticias\/author\/poliana-santos\/\" class=\"authorBox__avatar noMobi\"><img src=\"https:\/\/files.sunoresearch.com.br\/n\/uploads\/2020\/08\/7ef34026-whatsapp-image-2020-08-03-at-12.37.57-150x150.webp\" alt=\"Poliana Santos\"><\/a><div class=\"authorBox__name\"><span>por\n\t\t\t<a href=\"https:\/\/www.suno.com.br\/noticias\/author\/poliana-santos\/\"><span itemprop=\"author\">Poliana Santos<\/span><\/a><\/span><time datetime=\"2019-06-28T11:41:32-03:00\" itemprop=\"datePublished\">28\/06\/2019 11:41<\/time><\/div><\/div><\/div><\/div><\/div>","single_layout":"posts","amp_enabled":true,"_links":{"self":[{"href":"https:\/\/www.suno.com.br\/noticias\/wp-json\/wp\/v2\/posts\/29441"}],"collection":[{"href":"https:\/\/www.suno.com.br\/noticias\/wp-json\/wp\/v2\/posts"}],"about":[{"href":"https:\/\/www.suno.com.br\/noticias\/wp-json\/wp\/v2\/types\/post"}],"author":[{"embeddable":true,"href":"https:\/\/www.suno.com.br\/noticias\/wp-json\/wp\/v2\/users\/15"}],"replies":[{"embeddable":true,"href":"https:\/\/www.suno.com.br\/noticias\/wp-json\/wp\/v2\/comments?post=29441"}],"version-history":[{"count":0,"href":"https:\/\/www.suno.com.br\/noticias\/wp-json\/wp\/v2\/posts\/29441\/revisions"}],"wp:featuredmedia":[{"embeddable":true,"href":"https:\/\/www.suno.com.br\/noticias\/wp-json\/wp\/v2\/media\/2659"}],"wp:attachment":[{"href":"https:\/\/www.suno.com.br\/noticias\/wp-json\/wp\/v2\/media?parent=29441"}],"wp:term":[{"taxonomy":"category","embeddable":true,"href":"https:\/\/www.suno.com.br\/noticias\/wp-json\/wp\/v2\/categories?post=29441"},{"taxonomy":"post_tag","embeddable":true,"href":"https:\/\/www.suno.com.br\/noticias\/wp-json\/wp\/v2\/tags?post=29441"},{"taxonomy":"suno_strategy","embeddable":true,"href":"https:\/\/www.suno.com.br\/noticias\/wp-json\/wp\/v2\/suno_strategy?post=29441"}],"curies":[{"name":"wp","href":"https:\/\/api.w.org\/{rel}","templated":true}]}}