{"id":294369,"date":"2022-09-06T19:58:40","date_gmt":"2022-09-06T22:58:40","guid":{"rendered":"https:\/\/www.suno.com.br\/noticias\/?p=294369"},"modified":"2022-09-21T11:45:50","modified_gmt":"2022-09-21T14:45:50","slug":"petrobras-petr4-gestor-risco-lula","status":"publish","type":"post","link":"https:\/\/www.suno.com.br\/noticias\/petrobras-petr4-gestor-risco-lula\/","title":{"rendered":"Petrobras (PETR4): &#8220;Com elei\u00e7\u00e3o, preferimos n\u00e3o investir na empresa&#8221;, diz gestor"},"content":{"rendered":"<p>Mesmo com um pagamento de <a class=\"suno-keyword\" href=\"https:\/\/www.suno.com.br\/guias\/dividendos\/\" target=\"_blank\" rel=\"noopener\" data-force=\"no\" data-priority=\"1\">dividendos<\/a> relativamente elevado &#8211; e a possibilidade de seguirem altos no futuro &#8211; o risco de investir na <strong>Petrobras<\/strong> (<a href=\"https:\/\/www.suno.com.br\/acoes\/PETR4\/\">PETR4<\/a>) ganha mais espa\u00e7o nos debates de mercado com a proximidade das elei\u00e7\u00f5es.<\/p><div class=\"videoFull videoFull--noRadius\">\n\t\t\t<div class=\"videoWrapper yt-lazyload center\"\n\t\t\t\tdata-width=\"960\"\n\t\t\t\tdata-height=\"540\"\n\t\t\t\tdata-id=\"dmsjHhcxnVM\"\n\t\t\t\tdata-alt=\"Veja a fala do Gestor do Logos Total Return sobre a Petrobras (PETR4)\"\n\t\t\t\tdata-logo=\"3\"\n\t\t\t\tdata-imagequality=\"maxres\">\n\t\t\t<\/div>\n\t\t<\/div><span class=\"videoFull__caption videoFull__caption--show\">Veja a fala do Gestor do Logos Total Return sobre a Petrobras (PETR4)<p><\/p><\/span><script type=\"application\/ld+json\">{\"@context\":\"https:\/\/schema.org\",\"@type\":\"VideoObject\",\"name\":\"Almo\u00e7o com o Gestor: Luiz Guerra, da Logos Capital\",\"description\":\"#almo\u00e7ocomogestor #Not\u00edcias #ibovespa Este \u00e9 o Almo\u00e7o com o Gestor, o novo programa de entrevistas do Suno Not\u00edcias. Toda ter\u00e7a-feira, sempre ao vivo e ao meio-dia, vamos conversar com um gestor diferente e falar sobre as estrat\u00e9gias deste profissional para investimentos. O cen\u00e1rio econ\u00f4mico, as oportunidades e os desafios, al\u00e9m da experi\u00eancia de cada entrevistado\u2026\",\"duration\":\"PT46M35S\",\"embedUrl\":\"https:\/\/www.youtube.com\/embed\/dmsjHhcxnVM\",\"regionsAllowed\":\"pt-BR\",\"interactionStatistic\":{\"@type\":\"InteractionCounter\",\"interactionType\":{\"@type\":\"WatchAction\"},\"userInteractionCount\":568},\"thumbnailUrl\":\"https:\/\/i.ytimg.com\/vi\/dmsjHhcxnVM\/default.jpg\",\"uploadDate\":\"2022-09-06T16:48:04Z\"}<\/script>\n\n\t<p>\n\t\t<a href=\"\" target=\"_blank\" data-element=\"shortcode-suno-banner\" title=\"Banner SUNO, clique e saiba mais\">\n\t\t\t<picture>\n\t\t\t\t<source media=\"(max-width: 500px)\" srcset=\"\">\n\t\t\t\t<img class=\"newsContent__article__imgCapa newsContent__article__imgCapa--banner\"\n\t\t\t\t\tsrc=\"\"\n\t\t\t\t\tdata-promo-id=\"254218\"\t\t\t\t\t\t\t\t\t\t\t\t\t\t\talt=\"\"\n\t\t\t\t>\n\t\t\t<\/picture>\n\t\t<\/a>\n\t<\/p>\n\n\n<p>Em entrevista ao <a href=\"https:\/\/www.youtube.com\/c\/SunoNot%C3%ADcias\/videos\">Almo\u00e7o com Gestor, quadro semanal do YouTube do Suno Not\u00edcias<\/a>, o gestor Luiz Guerra, que \u00e9 respons\u00e1vel pelos fundos Logos Total Return e Logos Long Biased, disse que, mesmo no cen\u00e1rio atual, prefere deixar as <strong>a\u00e7\u00f5es da Petrobras<\/strong> de fora da carteira por causa do &#8216;risco bin\u00e1rio&#8217;.<\/p>\n<p>Com<a href=\"https:\/\/www.suno.com.br\/noticias\/lula-taxacao-dividendos-imposto-de-renda\/\"> Lula (PT) \u00e0 frente em diversas pesquisas eleitorais<\/a>, especialistas discutem os efeitos nas a\u00e7\u00f5es da companhia. Na sua vis\u00e3o, com a nebulosidade de como seria um eventual governo de Lula e como a Petrobras seria gerida, \u00e9 melhor deixar os pap\u00e9is da estatal fora da carteira.<\/p>\n<p>&#8220;N\u00e3o temos na carteira hoje. Achamos que ficou muito &#8216;bin\u00e1rio&#8217; o caso.<a href=\"https:\/\/www.suno.com.br\/noticias\/lula-petrobras-petr4-refinarias-dividendos\/\"> O Lula tem tido como porta-voz para falar sobre a<\/a> Petrobras o [Jos\u00e9 S\u00e9rgio] Gabrielli, que \u00e9 ex-presidente da companhia. Os mais antigos, como eu, sabem que [a gest\u00e3o de Gabrielli] traumatizou muita gente do mercado. E agora ele tem coragem de vir com o mesmo discurso. A quest\u00e3o \u00e9 a aloca\u00e7\u00e3o de capital. A Petrobras alocou muito mal o capital durante a sua hist\u00f3ria&#8221;, afirma Guerra.<\/p>\n\n\t<div data-element=\"shortcode-read-more\" class=\"readToo\">\n\t\t\t\t<span class=\"readToo__title\">Leia mais<\/span>\n\t\t\t\t<ul class=\"readToo__list\">\n\t\t\t<li><a href=\"https:\/\/www.suno.com.br\/noticias\/petrobras-petr4-petroleo-cade\/\">Petrobras (PETR4) \u00e9 alvo de inqu\u00e9rito do Cade por &#8216;tirar vantagem&#8217; de refinarias privadas<\/a><\/li><li><a href=\"https:\/\/www.suno.com.br\/noticias\/fundo-quant-quantitiativo-rio-bravo\/\">&#8216;Independente da crise, nosso fundo nunca caiu mais do que 4%&#8217;, diz gestor de fundo quantitativo da Rio Bravo<\/a><\/li><li><a href=\"https:\/\/www.suno.com.br\/noticias\/knri11-nova-emissao-fala-gestor\/\">KNRI11 far\u00e1 uma nova emiss\u00e3o? Gestor responde; assista \u00e0 entrevista<\/a><\/li><li><a href=\"https:\/\/www.suno.com.br\/noticias\/selic-juros-forpus-bolsa-entrevista\/\">&#8216;N\u00e3o acho necess\u00e1rio nem correto subir mais a Selic&#8217;, diz gestor da Forpus<\/a><\/li>\t\t<\/ul>\n\t<\/div>\n\n\n<p>Segundo o gestor da Logos Capital, se Lula fosse eleito, o cen\u00e1rio &#8216;n\u00e3o seria positivo&#8217; para a Petrobras, embora isso possa mudar ao longo da corrida eleitoral e de um eventual mandato.<\/p>\n<p>O especialista tamb\u00e9m pontuou que, na quest\u00e3o de aloca\u00e7\u00e3o de capital, a &#8220;Petrobras s\u00f3 n\u00e3o quebrou porque \u00e9 estatal&#8221;, citando o endividamento volumoso da petroleira em anos passados.<\/p>\n<p>&#8220;A Petrobras quase quebrou. O <strong>Lula<\/strong> e o Gabrielli est\u00e3o com o mesmo discurso, o que \u00e9 muito ruim. Tor\u00e7o para que eles se corrijam e percebam que a pol\u00edtica [de gest\u00e3o da Petrobras] foi muito errada l\u00e1 atr\u00e1s, mas n\u00e3o temos visto isso&#8221;, segue.<\/p>\n<h2>Privatiza\u00e7\u00e3o do refino, por Bolsonaro, seria &#8216;ponto positivo&#8217;, diz gestor<\/h2>\n<p>Citando o candidato opositor, Jair Bolsonaro (PL), Luiz Guerra destaca que a agenda de privatiza\u00e7\u00e3o poderia ocasionar um destravamento de valor das a\u00e7\u00f5es <strong>PETR4<\/strong>.<\/p>\n<p>&#8220;O Bolsonaro tem falado em privatizar. Esse tem sido visto como o caminho mais correto por n\u00f3s e pelo mercado. A possibilidade, na verdade, \u00e9 ingrata e \u00e9 dif\u00edcil, porque a empresa \u00e9 uma gigante do setor. Se voc\u00ea fatiar a empresa, estruturar, acho que consegue [realizar a <strong>privatiza\u00e7\u00e3o da Petrobras<\/strong>]. Se voc\u00ea vender refino, inclusive, acaba com a interfer\u00eancia pol\u00edtica&#8221;, analisa.<\/p>\n\t<p>\n\t\t<a href=\"https:\/\/lp.suno.com.br\/planilha-controle-gastos\/\" target=\"_blank\" data-element=\"shortcode-suno-banner\" title=\"Banner SUNO, clique e saiba mais\">\n\t\t\t<picture>\n\t\t\t\t<source media=\"(max-width: 500px)\" srcset=\"https:\/\/files.sunoresearch.com.br\/n\/uploads\/2023\/03\/400x300-Planilha-controle-de-gastos.png\">\n\t\t\t\t<img class=\"newsContent__article__imgCapa newsContent__article__imgCapa--banner\"\n\t\t\t\t\tsrc=\"https:\/\/files.sunoresearch.com.br\/n\/uploads\/2023\/03\/1420x240-Planilha-controle-de-gastos.png\"\n\t\t\t\t\tdata-promo-id=\"101751\"\t\t\t\t\t\t\t\t\t\twidth='1420' height='240'\t\t\t\t\talt=\"https:\/\/files.sunoresearch.com.br\/n\/uploads\/2023\/03\/1420x240-Planilha-controle-de-gastos.png\"\n\t\t\t\t>\n\t\t\t<\/picture>\n\t\t<\/a>\n\t<\/p>\n\n\n<p>Segundo o gestor, em uma eventual privatiza\u00e7\u00e3o do refino &#8211; <a href=\"https:\/\/www.suno.com.br\/noticias\/petrobras-petr4-petr3-bofa-dividendos-venda-rlam\/\">como ocorreu em Mataripe, <\/a>com a RLAM, que foi vendida como pol\u00edtica de desinvestimento da empresa &#8211; a situa\u00e7\u00e3o melhoraria para a empresa.<\/p>\n<p>Contudo, destacou que o discurso do Lula \u00e9 justamente de investir mais em refino, o que poderia prejudicar o desempenho futuro da companhia.<\/p>\n<p>&#8220;O discurso de Lula \u00e9 de investir mais em refino. As refinarias investidas pelo governo do PT [Partido dos Trabalhadores] foram investimentos absolutamente horrorosos. Abreu e Lima foi a maior delas, com bilh\u00f5es de d\u00f3lares desperdi\u00e7ados, sendo inclusive uma parceria com o governo venezuelano&#8221;, pontuou.<\/p>\n<p>A obra citada pelo especialista havia sido or\u00e7ada em US$2,3 bilh\u00f5es, contudo, teve um custo total de US$ 19,5 bilh\u00f5es no final.<\/p>\n<h2>Como est\u00e1 a Petrobras<\/h2>\n<p>Atualmente, <a href=\"https:\/\/statusinvest.com.br\/acoes\/petr4\">segundo dados do Status Invest<\/a>, a companhia soma um <a class=\"suno-keyword\" href=\"https:\/\/www.suno.com.br\/artigos\/dividend-yield-como-calcular\/\" target=\"_blank\" rel=\"noopener\" data-force=\"no\" data-priority=\"2\">dividend yield<\/a> (DY) de 52,2%. Ou seja, os\u00a0<strong>dividendos da Petrobras<\/strong> foram de R$ 16,6 nos \u00faltimos 12 meses, ante uma cota\u00e7\u00e3o atual de cerca de R$ 31,90 dos pap\u00e9is.<\/p>\n<p>Al\u00e9m disso, nos \u00faltimos 12 meses a <strong>Petrobras<\/strong> soma uma valoriza\u00e7\u00e3o de 112%, com cota\u00e7\u00e3o m\u00e1xima de R$ 34 nas \u00faltimas 52 semanas.<\/p>\n\t<p>\n\t\t<a href=\"https:\/\/lp.suno.com.br\/ebook-como-analisar-uma-acao\/\" target=\"_blank\" data-element=\"shortcode-suno-banner\" title=\"Banner SUNO, clique e saiba mais\">\n\t\t\t<picture>\n\t\t\t\t<source media=\"(max-width: 500px)\" srcset=\"https:\/\/files.sunoresearch.com.br\/n\/uploads\/2023\/03\/Ebook-Acoes-Mobile-1.jpg\">\n\t\t\t\t<img class=\"newsContent__article__imgCapa newsContent__article__imgCapa--banner\"\n\t\t\t\t\tsrc=\"https:\/\/files.sunoresearch.com.br\/n\/uploads\/2023\/03\/Ebook-Acoes-Desktop-1.jpg\"\n\t\t\t\t\tdata-promo-id=\"171998\"\t\t\t\t\t\t\t\t\t\twidth='1420' height='286'\t\t\t\t\talt=\"https:\/\/files.sunoresearch.com.br\/n\/uploads\/2023\/03\/Ebook-Acoes-Desktop-1.jpg\"\n\t\t\t\t>\n\t\t\t<\/picture>\n\t\t<\/a>\n\t<\/p>\n\n\n","protected":false},"excerpt":{"rendered":"<p>Mesmo com um pagamento de dividendos relativamente elevado &#8211; e a possibilidade de seguirem altos no futuro &#8211; o risco de investir na Petrobras (PETR4) ganha mais espa\u00e7o nos debates de mercado com a proximidade das elei\u00e7\u00f5es. Em entrevista ao Almo\u00e7o com Gestor, quadro semanal do YouTube do Suno Not\u00edcias, o gestor Luiz Guerra, que [&hellip;]<\/p>\n","protected":false},"author":73,"featured_media":270961,"comment_status":"closed","ping_status":"closed","sticky":false,"template":"","format":"standard","meta":[],"categories":[61],"tags":[697,105816,595],"suno_strategy":[],"class_list":["post-294369","post","type-post","status-publish","format-standard","has-post-thumbnail","hentry","category-politica","tag-eleicoes","tag-especialistas","tag-petrobras-petr4"],"yoast_head":"<!-- This site is optimized with the Yoast SEO plugin v24.4 - https:\/\/yoast.com\/wordpress\/plugins\/seo\/ -->\n<title>Petrobras (PETR4): &#039;Com risco Lula, preferimos n\u00e3o investir&#039;, diz gestor<\/title>\n<meta name=\"description\" content=\"Em entrevista ao Almo\u00e7o com Gestor, do Suno Not\u00edcias, Luiz Guerra, da Logos, analisou riscos eleitorais que afetam a Petrobras. Confira!\" \/>\n<meta name=\"robots\" content=\"index, follow, max-snippet:-1, max-image-preview:large, max-video-preview:-1\" \/>\n<link rel=\"canonical\" href=\"https:\/\/www.suno.com.br\/noticias\/petrobras-petr4-gestor-risco-lula\/\" \/>\n<meta property=\"og:locale\" content=\"pt_BR\" \/>\n<meta property=\"og:type\" content=\"article\" \/>\n<meta property=\"og:title\" content=\"Petrobras (PETR4): &#039;Com risco Lula, preferimos n\u00e3o investir&#039;, diz gestor\" \/>\n<meta property=\"og:description\" content=\"Em entrevista ao Almo\u00e7o com Gestor, do Suno Not\u00edcias, Luiz Guerra, da Logos, analisou riscos eleitorais que afetam a Petrobras. Confira!\" \/>\n<meta property=\"og:url\" content=\"https:\/\/www.suno.com.br\/noticias\/petrobras-petr4-gestor-risco-lula\/\" \/>\n<meta property=\"og:site_name\" content=\"Suno Not\u00edcias\" \/>\n<meta property=\"article:publisher\" content=\"https:\/\/facebook.com\/sunoresearch\" \/>\n<meta property=\"og:image\" content=\"https:\/\/files.sunoresearch.com.br\/n\/uploads\/2022\/06\/petrobras.jpg\" \/>\n\t<meta property=\"og:image:width\" content=\"1280\" \/>\n\t<meta property=\"og:image:height\" content=\"853\" \/>\n\t<meta property=\"og:image:type\" content=\"image\/jpeg\" \/>\n<meta name=\"author\" content=\"Eduardo Vargas\" \/>\n<meta name=\"twitter:card\" content=\"summary_large_image\" \/>\n<meta name=\"twitter:creator\" content=\"@sunoresearch\" \/>\n<meta name=\"twitter:site\" content=\"@sunoresearch\" \/>\n<meta name=\"twitter:label1\" content=\"Escrito por\" \/>\n\t<meta name=\"twitter:data1\" content=\"Eduardo Vargas\" \/>\n\t<meta name=\"twitter:label2\" content=\"Est. tempo de leitura\" \/>\n\t<meta name=\"twitter:data2\" content=\"4 minutos\" \/>\n<script type=\"application\/ld+json\" class=\"yoast-schema-graph\">{\"@context\":\"https:\/\/schema.org\",\"@graph\":[{\"@type\":\"NewsArticle\",\"@id\":\"https:\/\/www.suno.com.br\/noticias\/petrobras-petr4-gestor-risco-lula\/#article\",\"isPartOf\":{\"@id\":\"https:\/\/www.suno.com.br\/noticias\/petrobras-petr4-gestor-risco-lula\/\"},\"author\":{\"name\":\"Eduardo Vargas\",\"@id\":\"https:\/\/www.suno.com.br\/noticias\/#\/schema\/person\/7f4d362bf3518e76090143ae77bb49a5\"},\"headline\":\"Petrobras (PETR4): &#8220;Com elei\u00e7\u00e3o, preferimos n\u00e3o investir na empresa&#8221;, diz gestor\",\"datePublished\":\"2022-09-06T22:58:40+00:00\",\"dateModified\":\"2022-09-21T14:45:50+00:00\",\"mainEntityOfPage\":{\"@id\":\"https:\/\/www.suno.com.br\/noticias\/petrobras-petr4-gestor-risco-lula\/\"},\"wordCount\":665,\"publisher\":{\"@id\":\"https:\/\/www.suno.com.br\/noticias\/#organization\"},\"image\":{\"@id\":\"https:\/\/www.suno.com.br\/noticias\/petrobras-petr4-gestor-risco-lula\/#primaryimage\"},\"thumbnailUrl\":\"https:\/\/files.sunoresearch.com.br\/n\/uploads\/2022\/06\/petrobras.jpg\",\"keywords\":[\"Elei\u00e7\u00f5es\",\"Especialistas\",\"Petrobras (PETR4)\"],\"articleSection\":[\"Pol\u00edtica\"],\"inLanguage\":\"pt-BR\"},{\"@type\":\"WebPage\",\"@id\":\"https:\/\/www.suno.com.br\/noticias\/petrobras-petr4-gestor-risco-lula\/\",\"url\":\"https:\/\/www.suno.com.br\/noticias\/petrobras-petr4-gestor-risco-lula\/\",\"name\":\"Petrobras (PETR4): 'Com risco Lula, preferimos n\u00e3o investir', diz gestor\",\"isPartOf\":{\"@id\":\"https:\/\/www.suno.com.br\/noticias\/#website\"},\"primaryImageOfPage\":{\"@id\":\"https:\/\/www.suno.com.br\/noticias\/petrobras-petr4-gestor-risco-lula\/#primaryimage\"},\"image\":{\"@id\":\"https:\/\/www.suno.com.br\/noticias\/petrobras-petr4-gestor-risco-lula\/#primaryimage\"},\"thumbnailUrl\":\"https:\/\/files.sunoresearch.com.br\/n\/uploads\/2022\/06\/petrobras.jpg\",\"datePublished\":\"2022-09-06T22:58:40+00:00\",\"dateModified\":\"2022-09-21T14:45:50+00:00\",\"description\":\"Em entrevista ao Almo\u00e7o com Gestor, do Suno Not\u00edcias, Luiz Guerra, da Logos, analisou riscos eleitorais que afetam a Petrobras. Confira!\",\"breadcrumb\":{\"@id\":\"https:\/\/www.suno.com.br\/noticias\/petrobras-petr4-gestor-risco-lula\/#breadcrumb\"},\"inLanguage\":\"pt-BR\",\"potentialAction\":[{\"@type\":\"ReadAction\",\"target\":[\"https:\/\/www.suno.com.br\/noticias\/petrobras-petr4-gestor-risco-lula\/\"]}]},{\"@type\":\"ImageObject\",\"inLanguage\":\"pt-BR\",\"@id\":\"https:\/\/www.suno.com.br\/noticias\/petrobras-petr4-gestor-risco-lula\/#primaryimage\",\"url\":\"https:\/\/files.sunoresearch.com.br\/n\/uploads\/2022\/06\/petrobras.jpg\",\"contentUrl\":\"https:\/\/files.sunoresearch.com.br\/n\/uploads\/2022\/06\/petrobras.jpg\",\"width\":1280,\"height\":853,\"caption\":\"Petrobras. Foto: Fernando Fraz\u00e3o\/Ag\u00eancia Brasil\"},{\"@type\":\"BreadcrumbList\",\"@id\":\"https:\/\/www.suno.com.br\/noticias\/petrobras-petr4-gestor-risco-lula\/#breadcrumb\",\"itemListElement\":[{\"@type\":\"ListItem\",\"position\":1,\"name\":\"Not\u00edcias\",\"item\":\"https:\/\/www.suno.com.br\/noticias\/\"},{\"@type\":\"ListItem\",\"position\":2,\"name\":\"Pol\u00edtica\",\"item\":\"https:\/\/www.suno.com.br\/noticias\/politica\/\"},{\"@type\":\"ListItem\",\"position\":3,\"name\":\"Petrobras (PETR4): &#8220;Com elei\u00e7\u00e3o, preferimos n\u00e3o investir na empresa&#8221;, diz gestor\"}]},{\"@type\":\"WebSite\",\"@id\":\"https:\/\/www.suno.com.br\/noticias\/#website\",\"url\":\"https:\/\/www.suno.com.br\/noticias\/\",\"name\":\"Suno Not\u00edcias\",\"description\":\"Seu portal de informa\u00e7\u00e3o sobre o mundo dos investimentos\",\"publisher\":{\"@id\":\"https:\/\/www.suno.com.br\/noticias\/#organization\"},\"potentialAction\":[{\"@type\":\"SearchAction\",\"target\":{\"@type\":\"EntryPoint\",\"urlTemplate\":\"https:\/\/www.suno.com.br\/noticias\/?s={search_term_string}\"},\"query-input\":{\"@type\":\"PropertyValueSpecification\",\"valueRequired\":true,\"valueName\":\"search_term_string\"}}],\"inLanguage\":\"pt-BR\"},{\"@type\":\"Organization\",\"@id\":\"https:\/\/www.suno.com.br\/noticias\/#organization\",\"name\":\"Suno Not\u00edcias\",\"url\":\"https:\/\/www.suno.com.br\/noticias\/\",\"logo\":{\"@type\":\"ImageObject\",\"inLanguage\":\"pt-BR\",\"@id\":\"https:\/\/www.suno.com.br\/noticias\/#\/schema\/logo\/image\/\",\"url\":\"https:\/\/files.sunoresearch.com.br\/n\/uploads\/2021\/09\/suno-logo.png\",\"contentUrl\":\"https:\/\/files.sunoresearch.com.br\/n\/uploads\/2021\/09\/suno-logo.png\",\"width\":180,\"height\":180,\"caption\":\"Suno Not\u00edcias\"},\"image\":{\"@id\":\"https:\/\/www.suno.com.br\/noticias\/#\/schema\/logo\/image\/\"},\"sameAs\":[\"https:\/\/facebook.com\/sunoresearch\",\"https:\/\/x.com\/sunoresearch\",\"https:\/\/www.instagram.com\/suno\",\"https:\/\/www.linkedin.com\/company\/suno-research\/\",\"https:\/\/www.youtube.com\/c\/sunoresearch\"]},{\"@type\":\"Person\",\"@id\":\"https:\/\/www.suno.com.br\/noticias\/#\/schema\/person\/7f4d362bf3518e76090143ae77bb49a5\",\"name\":\"Eduardo Vargas\",\"image\":{\"@type\":\"ImageObject\",\"inLanguage\":\"pt-BR\",\"@id\":\"https:\/\/www.suno.com.br\/noticias\/#\/schema\/person\/image\/\",\"url\":\"https:\/\/secure.gravatar.com\/avatar\/dac340933427a22924c9f99d1eb2e3f2?s=96&r=g\",\"contentUrl\":\"https:\/\/secure.gravatar.com\/avatar\/dac340933427a22924c9f99d1eb2e3f2?s=96&r=g\",\"caption\":\"Eduardo Vargas\"},\"description\":\"Jornalista formado pela UFSC, cobre macroeconomia, neg\u00f3cios e startups para o Suno Not\u00edcias, escrevendo principalmente not\u00edcias sobre o mercado financeiro e a bolsa de valores. No YouTube e no Instagram, \u00e9 respons\u00e1vel pela produ\u00e7\u00e3o de Reels e Shorts do Suno Not\u00edcias. Anteriormente, trabalhou cobrindo economia e cotidiano no ND+ e para o ND, maior jornal impresso de Santa Catarina. Cursou um semestre letivo de Estudos de M\u00eddia na Universidad de Buenos Aires.\",\"url\":\"https:\/\/www.suno.com.br\/noticias\/author\/eduardo-vargas\/\"}]}<\/script>\n<!-- \/ Yoast SEO plugin. -->","yoast_head_json":{"title":"Petrobras (PETR4): 'Com risco Lula, preferimos n\u00e3o investir', diz gestor","description":"Em entrevista ao Almo\u00e7o com Gestor, do Suno Not\u00edcias, Luiz Guerra, da Logos, analisou riscos eleitorais que afetam a Petrobras. Confira!","robots":{"index":"index","follow":"follow","max-snippet":"max-snippet:-1","max-image-preview":"max-image-preview:large","max-video-preview":"max-video-preview:-1"},"canonical":"https:\/\/www.suno.com.br\/noticias\/petrobras-petr4-gestor-risco-lula\/","og_locale":"pt_BR","og_type":"article","og_title":"Petrobras (PETR4): 'Com risco Lula, preferimos n\u00e3o investir', diz gestor","og_description":"Em entrevista ao Almo\u00e7o com Gestor, do Suno Not\u00edcias, Luiz Guerra, da Logos, analisou riscos eleitorais que afetam a Petrobras. Confira!","og_url":"https:\/\/www.suno.com.br\/noticias\/petrobras-petr4-gestor-risco-lula\/","og_site_name":"Suno Not\u00edcias","article_publisher":"https:\/\/facebook.com\/sunoresearch","og_image":[{"width":1280,"height":853,"url":"https:\/\/files.sunoresearch.com.br\/n\/uploads\/2022\/06\/petrobras.jpg","type":"image\/jpeg"}],"author":"Eduardo Vargas","twitter_card":"summary_large_image","twitter_creator":"@sunoresearch","twitter_site":"@sunoresearch","twitter_misc":{"Escrito por":"Eduardo Vargas","Est. tempo de leitura":"4 minutos"},"schema":{"@context":"https:\/\/schema.org","@graph":[{"@type":"NewsArticle","@id":"https:\/\/www.suno.com.br\/noticias\/petrobras-petr4-gestor-risco-lula\/#article","isPartOf":{"@id":"https:\/\/www.suno.com.br\/noticias\/petrobras-petr4-gestor-risco-lula\/"},"author":{"name":"Eduardo Vargas","@id":"https:\/\/www.suno.com.br\/noticias\/#\/schema\/person\/7f4d362bf3518e76090143ae77bb49a5"},"headline":"Petrobras (PETR4): &#8220;Com elei\u00e7\u00e3o, preferimos n\u00e3o investir na empresa&#8221;, diz gestor","datePublished":"2022-09-06T22:58:40+00:00","dateModified":"2022-09-21T14:45:50+00:00","mainEntityOfPage":{"@id":"https:\/\/www.suno.com.br\/noticias\/petrobras-petr4-gestor-risco-lula\/"},"wordCount":665,"publisher":{"@id":"https:\/\/www.suno.com.br\/noticias\/#organization"},"image":{"@id":"https:\/\/www.suno.com.br\/noticias\/petrobras-petr4-gestor-risco-lula\/#primaryimage"},"thumbnailUrl":"https:\/\/files.sunoresearch.com.br\/n\/uploads\/2022\/06\/petrobras.jpg","keywords":["Elei\u00e7\u00f5es","Especialistas","Petrobras (PETR4)"],"articleSection":["Pol\u00edtica"],"inLanguage":"pt-BR"},{"@type":"WebPage","@id":"https:\/\/www.suno.com.br\/noticias\/petrobras-petr4-gestor-risco-lula\/","url":"https:\/\/www.suno.com.br\/noticias\/petrobras-petr4-gestor-risco-lula\/","name":"Petrobras (PETR4): 'Com risco Lula, preferimos n\u00e3o investir', diz gestor","isPartOf":{"@id":"https:\/\/www.suno.com.br\/noticias\/#website"},"primaryImageOfPage":{"@id":"https:\/\/www.suno.com.br\/noticias\/petrobras-petr4-gestor-risco-lula\/#primaryimage"},"image":{"@id":"https:\/\/www.suno.com.br\/noticias\/petrobras-petr4-gestor-risco-lula\/#primaryimage"},"thumbnailUrl":"https:\/\/files.sunoresearch.com.br\/n\/uploads\/2022\/06\/petrobras.jpg","datePublished":"2022-09-06T22:58:40+00:00","dateModified":"2022-09-21T14:45:50+00:00","description":"Em entrevista ao Almo\u00e7o com Gestor, do Suno Not\u00edcias, Luiz Guerra, da Logos, analisou riscos eleitorais que afetam a Petrobras. Confira!","breadcrumb":{"@id":"https:\/\/www.suno.com.br\/noticias\/petrobras-petr4-gestor-risco-lula\/#breadcrumb"},"inLanguage":"pt-BR","potentialAction":[{"@type":"ReadAction","target":["https:\/\/www.suno.com.br\/noticias\/petrobras-petr4-gestor-risco-lula\/"]}]},{"@type":"ImageObject","inLanguage":"pt-BR","@id":"https:\/\/www.suno.com.br\/noticias\/petrobras-petr4-gestor-risco-lula\/#primaryimage","url":"https:\/\/files.sunoresearch.com.br\/n\/uploads\/2022\/06\/petrobras.jpg","contentUrl":"https:\/\/files.sunoresearch.com.br\/n\/uploads\/2022\/06\/petrobras.jpg","width":1280,"height":853,"caption":"Petrobras. Foto: Fernando Fraz\u00e3o\/Ag\u00eancia Brasil"},{"@type":"BreadcrumbList","@id":"https:\/\/www.suno.com.br\/noticias\/petrobras-petr4-gestor-risco-lula\/#breadcrumb","itemListElement":[{"@type":"ListItem","position":1,"name":"Not\u00edcias","item":"https:\/\/www.suno.com.br\/noticias\/"},{"@type":"ListItem","position":2,"name":"Pol\u00edtica","item":"https:\/\/www.suno.com.br\/noticias\/politica\/"},{"@type":"ListItem","position":3,"name":"Petrobras (PETR4): &#8220;Com elei\u00e7\u00e3o, preferimos n\u00e3o investir na empresa&#8221;, diz gestor"}]},{"@type":"WebSite","@id":"https:\/\/www.suno.com.br\/noticias\/#website","url":"https:\/\/www.suno.com.br\/noticias\/","name":"Suno Not\u00edcias","description":"Seu portal de informa\u00e7\u00e3o sobre o mundo dos investimentos","publisher":{"@id":"https:\/\/www.suno.com.br\/noticias\/#organization"},"potentialAction":[{"@type":"SearchAction","target":{"@type":"EntryPoint","urlTemplate":"https:\/\/www.suno.com.br\/noticias\/?s={search_term_string}"},"query-input":{"@type":"PropertyValueSpecification","valueRequired":true,"valueName":"search_term_string"}}],"inLanguage":"pt-BR"},{"@type":"Organization","@id":"https:\/\/www.suno.com.br\/noticias\/#organization","name":"Suno Not\u00edcias","url":"https:\/\/www.suno.com.br\/noticias\/","logo":{"@type":"ImageObject","inLanguage":"pt-BR","@id":"https:\/\/www.suno.com.br\/noticias\/#\/schema\/logo\/image\/","url":"https:\/\/files.sunoresearch.com.br\/n\/uploads\/2021\/09\/suno-logo.png","contentUrl":"https:\/\/files.sunoresearch.com.br\/n\/uploads\/2021\/09\/suno-logo.png","width":180,"height":180,"caption":"Suno Not\u00edcias"},"image":{"@id":"https:\/\/www.suno.com.br\/noticias\/#\/schema\/logo\/image\/"},"sameAs":["https:\/\/facebook.com\/sunoresearch","https:\/\/x.com\/sunoresearch","https:\/\/www.instagram.com\/suno","https:\/\/www.linkedin.com\/company\/suno-research\/","https:\/\/www.youtube.com\/c\/sunoresearch"]},{"@type":"Person","@id":"https:\/\/www.suno.com.br\/noticias\/#\/schema\/person\/7f4d362bf3518e76090143ae77bb49a5","name":"Eduardo Vargas","image":{"@type":"ImageObject","inLanguage":"pt-BR","@id":"https:\/\/www.suno.com.br\/noticias\/#\/schema\/person\/image\/","url":"https:\/\/secure.gravatar.com\/avatar\/dac340933427a22924c9f99d1eb2e3f2?s=96&r=g","contentUrl":"https:\/\/secure.gravatar.com\/avatar\/dac340933427a22924c9f99d1eb2e3f2?s=96&r=g","caption":"Eduardo Vargas"},"description":"Jornalista formado pela UFSC, cobre macroeconomia, neg\u00f3cios e startups para o Suno Not\u00edcias, escrevendo principalmente not\u00edcias sobre o mercado financeiro e a bolsa de valores. No YouTube e no Instagram, \u00e9 respons\u00e1vel pela produ\u00e7\u00e3o de Reels e Shorts do Suno Not\u00edcias. Anteriormente, trabalhou cobrindo economia e cotidiano no ND+ e para o ND, maior jornal impresso de Santa Catarina. Cursou um semestre letivo de Estudos de M\u00eddia na Universidad de Buenos Aires.","url":"https:\/\/www.suno.com.br\/noticias\/author\/eduardo-vargas\/"}]}},"default_loop_html":"<div class=\"cardsPage__listCard__boxs\"><div class=\"cardsPage__listCard__boxs__img\"><a href=\"https:\/\/www.suno.com.br\/noticias\/selic-juros-forpus-bolsa-entrevista\/\"><img class=\"mask\" src=\"https:\/\/www.suno.com.br\/noticias\/wp-content\/themes\/suno\/resources\/images\/spotlight\/spotlight1img\/bg-mask.png\" alt=\"Image Mask\"\/><img src=\"https:\/\/files.sunoresearch.com.br\/n\/uploads\/2022\/08\/forpus-400x200.jpg\" alt=\"&#8216;N\u00e3o acho necess\u00e1rio nem correto subir mais a Selic&#8217;, diz gestor da Forpus\"\/><\/a><span class=\"spotlightCategory\"><a href=\"https:\/\/www.suno.com.br\/noticias\/mercado\/\">Mercado<\/a><\/span><\/div><div class=\"cardsPage__listCard__boxs__content\"><a href=\"https:\/\/www.suno.com.br\/noticias\/selic-juros-forpus-bolsa-entrevista\/\"><h2 class=\"content__title\">&#8216;N\u00e3o acho necess\u00e1rio nem correto subir mais a Selic&#8217;, diz gestor da Forpus<\/h2><\/a><div class=\"newsContent__article__meta\"><div class=\"newsContent__article__meta__authorBox\"><a href=\"https:\/\/www.suno.com.br\/noticias\/author\/eduardo-vargas\/\" class=\"authorBox__avatar noMobi\"><img src=\"https:\/\/secure.gravatar.com\/avatar\/dac340933427a22924c9f99d1eb2e3f2?s=96&#038;r=g\" alt=\"Eduardo Vargas\"><\/a><div class=\"authorBox__name\"><span>por\n\t\t\t<a href=\"https:\/\/www.suno.com.br\/noticias\/author\/eduardo-vargas\/\"><span itemprop=\"author\">Eduardo Vargas<\/span><\/a><\/span><time datetime=\"2022-08-17T12:59:59-03:00\" itemprop=\"datePublished\">17\/08\/2022 12:59<\/time><\/div><\/div><\/div><\/div><\/div>","single_layout":"posts","amp_enabled":true,"_links":{"self":[{"href":"https:\/\/www.suno.com.br\/noticias\/wp-json\/wp\/v2\/posts\/294369"}],"collection":[{"href":"https:\/\/www.suno.com.br\/noticias\/wp-json\/wp\/v2\/posts"}],"about":[{"href":"https:\/\/www.suno.com.br\/noticias\/wp-json\/wp\/v2\/types\/post"}],"author":[{"embeddable":true,"href":"https:\/\/www.suno.com.br\/noticias\/wp-json\/wp\/v2\/users\/73"}],"replies":[{"embeddable":true,"href":"https:\/\/www.suno.com.br\/noticias\/wp-json\/wp\/v2\/comments?post=294369"}],"version-history":[{"count":5,"href":"https:\/\/www.suno.com.br\/noticias\/wp-json\/wp\/v2\/posts\/294369\/revisions"}],"predecessor-version":[{"id":300218,"href":"https:\/\/www.suno.com.br\/noticias\/wp-json\/wp\/v2\/posts\/294369\/revisions\/300218"}],"wp:featuredmedia":[{"embeddable":true,"href":"https:\/\/www.suno.com.br\/noticias\/wp-json\/wp\/v2\/media\/270961"}],"wp:attachment":[{"href":"https:\/\/www.suno.com.br\/noticias\/wp-json\/wp\/v2\/media?parent=294369"}],"wp:term":[{"taxonomy":"category","embeddable":true,"href":"https:\/\/www.suno.com.br\/noticias\/wp-json\/wp\/v2\/categories?post=294369"},{"taxonomy":"post_tag","embeddable":true,"href":"https:\/\/www.suno.com.br\/noticias\/wp-json\/wp\/v2\/tags?post=294369"},{"taxonomy":"suno_strategy","embeddable":true,"href":"https:\/\/www.suno.com.br\/noticias\/wp-json\/wp\/v2\/suno_strategy?post=294369"}],"curies":[{"name":"wp","href":"https:\/\/api.w.org\/{rel}","templated":true}]}}