{"id":29434,"date":"2019-06-28T11:16:51","date_gmt":"2019-06-28T14:16:51","guid":{"rendered":"https:\/\/www.suno.com.br\/noticias\/?p=29434"},"modified":"2019-06-28T11:16:51","modified_gmt":"2019-06-28T14:16:51","slug":"taxa-desemprego-diminui-123-maio-de-acordo-ibge","status":"publish","type":"post","link":"https:\/\/www.suno.com.br\/noticias\/taxa-desemprego-diminui-123-maio-de-acordo-ibge\/","title":{"rendered":"Taxa de desemprego diminui para 12,3% em maio, de acordo com IBGE"},"content":{"rendered":"<p>A taxa de <strong>desemprego<\/strong> no Pa\u00eds caiu para 12,3% no trimestre encerrado em maio.\u00a0Desta forma, atingiu 13 milh\u00f5es de pessoas.\u00a0Os dados foram divulgados nesta sexta-feira (28) pelo\u00a0<strong>Instituto Brasileiro de Geografia e Estat\u00edstica<\/strong> <strong>(IBGE)<\/strong>.<\/p>\t<div class=\"wrapper-featured-image\">\n\t\t<figure class=\"spotlightImg\">\n\n\t\t\t<picture>\n\t\t\t\t<source media=\"(max-width: 768px)\" srcset=\"https:\/\/files.sunoresearch.com.br\/n\/uploads\/2018\/12\/9db08560-emprego-400x200.webp\">\n\t\t\t\t<img loading=\"lazy\" decoding=\"async\" class=\"newsContent__article__imgCapa lazyloadDisabled newsContent__article__imgCapa--noCaption\" src=\"https:\/\/files.sunoresearch.com.br\/n\/uploads\/2018\/12\/9db08560-emprego-800x450.webp\" width=\"800\" height=\"450\" alt=\"Taxa de desemprego diminui para 12,3% em maio, de acordo com IBGE\" fetchpriority=high \/>\n\t\t\t<\/picture>\n\n\t\t\t<figcaption class=\"wp-caption-text wp-caption-text--hide\">Pedidos de seguro desemprego refletem o desempenho da economia<\/figcaption>\n\t\t<\/figure>\n\t<\/div>\n\n\n<div class=\"mc-column content-text active-extra-styles \" data-block-type=\"unstyled\" data-block-weight=\"25\" data-block-id=\"3\">\n<p class=\"content-text__container \" data-track-category=\"Link no Texto\" data-track-links=\"\">Trata-se da segunda queda seguida e da menor taxa desde o trimestre encerrado em janeiro (12%). No mesmo trimestre do ano passado estava em 12,7%.<\/p>\n<p data-track-category=\"Link no Texto\" data-track-links=\"\">\t<p>\n\t\t<a href=\"https:\/\/lp.suno.com.br\/planilha-controle-gastos\/\" target=\"_blank\" data-element=\"shortcode-suno-banner\" title=\"Banner SUNO, clique e saiba mais\">\n\t\t\t<picture>\n\t\t\t\t<source media=\"(max-width: 500px)\" srcset=\"https:\/\/files.sunoresearch.com.br\/n\/uploads\/2023\/03\/400x300-Planilha-controle-de-gastos.png\">\n\t\t\t\t<img class=\"newsContent__article__imgCapa newsContent__article__imgCapa--banner\"\n\t\t\t\t\tsrc=\"https:\/\/files.sunoresearch.com.br\/n\/uploads\/2023\/03\/1420x240-Planilha-controle-de-gastos.png\"\n\t\t\t\t\tdata-promo-id=\"311945\"\t\t\t\t\t\t\t\t\t\twidth='1420' height='240'\t\t\t\t\talt=\"https:\/\/files.sunoresearch.com.br\/n\/uploads\/2023\/03\/1420x240-Planilha-controle-de-gastos.png\"\n\t\t\t\t>\n\t\t\t<\/picture>\n\t\t<\/a>\n\t<\/p>\n\n<\/p>\n<\/div>\n<div class=\"mc-column content-text active-extra-styles \" data-block-type=\"unstyled\" data-block-weight=\"31\" data-block-id=\"4\">\n<div class=\"footer-ad\">Esta \u00e9 a segunda queda consecutiva e de menor taxa desde o trimestre que acabou em janeiro. No primeiro m\u00eas deste ano o registro era de 12%. No mesmo trimestre, em 2018, a taxa medida pela <strong>Pesquisa Nacional por Amostra de Domic\u00edlios Cont\u00ednua (Pnad Cont\u00ednua)<\/strong> era de 12,7%.<\/div>\n<\/div>\n<div><\/div>\n<div>\n<h2>Recorde em subutilizados e desalentados<\/h2>\n<\/div>\n<div>\n<p>O grupo de pessoas que n\u00e3o trabalharam ou trabalharam menos do que gostariam no per\u00edodo foi o maior desde 2012. A marca chegou a 28,5 milh\u00f5es de pessoas <strong>subutilizadas<\/strong> e <strong>desalentadas<\/strong> (que desistiram de procurar emprego). Desde as pesquisas de 2012, este n\u00famero \u00e9 o maior da lista.<\/p>\n<p>&#8220;A popula\u00e7\u00e3o <strong>subutilizada<\/strong> (28,5 milh\u00f5es de pessoas) \u00e9 recorde da s\u00e9rie iniciada em 2012, com alta em ambas as compara\u00e7\u00f5es: 2,7% (mais 744 mil pessoas) frente ao trimestre anterior e 3,9% (mais 1.066 mil pessoas) frente ao mesmo trimestre de 2018&#8243;, comunicou o <strong>IBGE<\/strong>.<\/p>\n<div class=\"mc-column content-text active-extra-styles \" data-block-type=\"unstyled\" data-block-weight=\"61\" data-block-id=\"16\">\n<p class=\"content-text__container \" data-track-category=\"Link no Texto\" data-track-links=\"\">Entre os trabalhadores subutilizados est\u00e3o:<\/p>\n<ul>\n<li class=\"content-text__container \" data-track-category=\"Link no Texto\">os desempregados<\/li>\n<li class=\"content-text__container \" data-track-category=\"Link no Texto\">os que est\u00e3o subocupados ou fazendo bicos (e fazem menos de 40 horas por semana)<\/li>\n<li class=\"content-text__container \" data-track-category=\"Link no Texto\">os desalentados (que desistiram de procurar emprego)<\/li>\n<li class=\"content-text__container \" data-track-category=\"Link no Texto\">os que poderiam estar ocupados, mas n\u00e3o trabalham por motivos diversos, geralmente pessoais<\/li>\n<\/ul>\n<\/div>\n<div class=\"mc-column content-text active-extra-styles \" data-block-type=\"unstyled\" data-block-weight=\"32\" data-block-id=\"17\">\n<div class=\"mc-column content-text active-extra-styles \" data-block-type=\"unstyled\" data-block-weight=\"32\" data-block-id=\"17\">\n<p class=\"content-text__container \" data-track-category=\"Link no Texto\" data-track-links=\"\">Ainda segundo a pesquisa, o pa\u00eds terminou maio com\u00a04,9 milh\u00f5es de pessoas desalentadas. Isso significa um recorde hist\u00f3rico.\u00a0No per\u00edodo de 1 ano, a marca subiu 3,7%.<\/p>\n<\/div>\n<div class=\"show-chart mc-column content-media content-media--normal\" data-block-type=\"backstage-chart\" data-block-id=\"18\"><span style=\"font-size: 1.21429rem;\">o n\u00famero de trabalhadores sem carteira assinada bateu recorde no trimestre encerrado em maio, segundo o <strong>IBGE<\/strong>. A taxa \u00e9 a 5\u00aa maior da s\u00e9rie hist\u00f3rica. O recorde aconteceu no trimestre encerrado em novembro de 2018. A informa\u00e7\u00e3o foi corrigida no mesmo dia.<\/span><\/div>\n<\/div>\n<\/div>\n<p>Na v\u00e9spera, o <strong>Minist\u00e9rio da Economia<\/strong> divulgou que\u00a0foram criados 32.140 empregos com carteira assinada no pa\u00eds em maio, o pior resultado para o m\u00eas desde 2016, quando houve fechamento de vagas. No acumulado no ano, foram gerados at\u00e9 maio 351.063 postos formais de trabalho.<\/p>\n<div class=\"mc-column content-text active-extra-styles\" data-block-type=\"raw\" data-block-weight=\"2\" data-block-id=\"24\">\n<div class=\"content-intertitle\">\n<h2>Informalidade<\/h2>\n<p>Em rela\u00e7\u00e3o ao mesmo per\u00edodo do ano passado, o n\u00famero de trabalhadores informais chegou a 11,4 milh\u00f5es. Isso equivale a 18 % dos cidad\u00e3os brasileiros ocupados no Brasil. Desta forma, o n\u00famero teve um aumento de 3,4% em rela\u00e7\u00e3o ao mesmo trimestre de 2018.<\/p>\n<p>Entretanto, o n\u00famero de pessoas com <strong>carteira assinada<\/strong> permaneceu est\u00e1vel, em rela\u00e7\u00e3o ao trimestre anterior, de acordo com dados do <strong>IBGE<\/strong>.\u00a0<span style=\"font-size: 1.21429rem;\">Na compara\u00e7\u00e3o entre os anos ainda houve um aumento de 1,6% (mais 521 mil pessoas).<\/span><\/p>\n\t<p>\n\t\t<a href=\"https:\/\/lp.suno.com.br\/planilha-de-controle-de-investimentos\/\" target=\"_blank\" data-element=\"shortcode-suno-banner\" title=\"Banner SUNO, clique e saiba mais\">\n\t\t\t<picture>\n\t\t\t\t<source media=\"(max-width: 500px)\" srcset=\"https:\/\/files.sunoresearch.com.br\/n\/uploads\/2023\/03\/400x300-Controle-de-Investimentos.png\">\n\t\t\t\t<img class=\"newsContent__article__imgCapa newsContent__article__imgCapa--banner\"\n\t\t\t\t\tsrc=\"https:\/\/files.sunoresearch.com.br\/n\/uploads\/2023\/03\/1420x240-Controle-de-Investimentos.png\"\n\t\t\t\t\tdata-promo-id=\"75934\"\t\t\t\t\t\t\t\t\t\twidth='1420' height='240'\t\t\t\t\talt=\"https:\/\/files.sunoresearch.com.br\/n\/uploads\/2023\/03\/1420x240-Controle-de-Investimentos.png\"\n\t\t\t\t>\n\t\t\t<\/picture>\n\t\t<\/a>\n\t<\/p>\n\n\n<\/div>\n<\/div>\n","protected":false},"excerpt":{"rendered":"<p>A taxa de desemprego no Pa\u00eds caiu para 12,3% no trimestre encerrado em maio.\u00a0Desta forma, atingiu 13 milh\u00f5es de pessoas.\u00a0Os dados foram divulgados nesta sexta-feira (28) pelo\u00a0Instituto Brasileiro de Geografia e Estat\u00edstica (IBGE). Pedidos de seguro desemprego refletem o desempenho da economia Trata-se da segunda queda seguida e da menor taxa desde o trimestre encerrado [&hellip;]<\/p>\n","protected":false},"author":19,"featured_media":9653,"comment_status":"closed","ping_status":"closed","sticky":false,"template":"","format":"standard","meta":[],"categories":[62],"tags":[1296,821],"suno_strategy":[],"class_list":["post-29434","post","type-post","status-publish","format-standard","has-post-thumbnail","hentry","category-economia","tag-desemprego","tag-ibge"],"yoast_head":"<!-- This site is optimized with the Yoast SEO plugin v24.4 - https:\/\/yoast.com\/wordpress\/plugins\/seo\/ -->\n<title>Taxa de desemprego diminui para 12,3% em maio, de acordo com IBGE<\/title>\n<meta name=\"description\" content=\"A taxa de desemprego no Pa\u00eds caiu para 12,3% no trimestre encerrado em maio. Os dados foram divulgados nesta sexta (28). Clique e saiba mais.\" \/>\n<meta name=\"robots\" content=\"index, follow, max-snippet:-1, max-image-preview:large, max-video-preview:-1\" \/>\n<link rel=\"canonical\" href=\"https:\/\/www.suno.com.br\/noticias\/taxa-desemprego-diminui-123-maio-de-acordo-ibge\/\" \/>\n<meta property=\"og:locale\" content=\"pt_BR\" \/>\n<meta property=\"og:type\" content=\"article\" \/>\n<meta property=\"og:title\" content=\"Taxa de desemprego diminui para 12,3% em maio, de acordo com IBGE\" \/>\n<meta property=\"og:description\" content=\"A taxa de desemprego no Pa\u00eds caiu para 12,3% no trimestre encerrado em maio. Os dados foram divulgados nesta sexta (28). Clique e saiba mais.\" \/>\n<meta property=\"og:url\" content=\"https:\/\/www.suno.com.br\/noticias\/taxa-desemprego-diminui-123-maio-de-acordo-ibge\/\" \/>\n<meta property=\"og:site_name\" content=\"Suno Not\u00edcias\" \/>\n<meta property=\"article:publisher\" content=\"https:\/\/facebook.com\/sunoresearch\" \/>\n<meta property=\"og:image\" content=\"https:\/\/files.sunoresearch.com.br\/n\/uploads\/2018\/12\/9db08560-emprego.jpg\" \/>\n\t<meta property=\"og:image:width\" content=\"1140\" \/>\n\t<meta property=\"og:image:height\" content=\"760\" \/>\n\t<meta property=\"og:image:type\" content=\"image\/jpeg\" \/>\n<meta name=\"author\" content=\"Juliano Passaro\" \/>\n<meta name=\"twitter:card\" content=\"summary_large_image\" \/>\n<meta name=\"twitter:creator\" content=\"@sunoresearch\" \/>\n<meta name=\"twitter:site\" content=\"@sunoresearch\" \/>\n<meta name=\"twitter:label1\" content=\"Escrito por\" \/>\n\t<meta name=\"twitter:data1\" content=\"Juliano Passaro\" \/>\n\t<meta name=\"twitter:label2\" content=\"Est. tempo de leitura\" \/>\n\t<meta name=\"twitter:data2\" content=\"2 minutos\" \/>\n<script type=\"application\/ld+json\" class=\"yoast-schema-graph\">{\"@context\":\"https:\/\/schema.org\",\"@graph\":[{\"@type\":\"NewsArticle\",\"@id\":\"https:\/\/www.suno.com.br\/noticias\/taxa-desemprego-diminui-123-maio-de-acordo-ibge\/#article\",\"isPartOf\":{\"@id\":\"https:\/\/www.suno.com.br\/noticias\/taxa-desemprego-diminui-123-maio-de-acordo-ibge\/\"},\"author\":{\"name\":\"Juliano Passaro\",\"@id\":\"https:\/\/www.suno.com.br\/noticias\/#\/schema\/person\/1db762f78ffd8919a648a63e425953e3\"},\"headline\":\"Taxa de desemprego diminui para 12,3% em maio, de acordo com IBGE\",\"datePublished\":\"2019-06-28T14:16:51+00:00\",\"mainEntityOfPage\":{\"@id\":\"https:\/\/www.suno.com.br\/noticias\/taxa-desemprego-diminui-123-maio-de-acordo-ibge\/\"},\"wordCount\":465,\"publisher\":{\"@id\":\"https:\/\/www.suno.com.br\/noticias\/#organization\"},\"image\":{\"@id\":\"https:\/\/www.suno.com.br\/noticias\/taxa-desemprego-diminui-123-maio-de-acordo-ibge\/#primaryimage\"},\"thumbnailUrl\":\"https:\/\/files.sunoresearch.com.br\/n\/uploads\/2018\/12\/9db08560-emprego-jpg.webp\",\"keywords\":[\"Desemprego\",\"IBGE\"],\"articleSection\":[\"Economia\"],\"inLanguage\":\"pt-BR\"},{\"@type\":\"WebPage\",\"@id\":\"https:\/\/www.suno.com.br\/noticias\/taxa-desemprego-diminui-123-maio-de-acordo-ibge\/\",\"url\":\"https:\/\/www.suno.com.br\/noticias\/taxa-desemprego-diminui-123-maio-de-acordo-ibge\/\",\"name\":\"Taxa de desemprego diminui para 12,3% em maio, de acordo com IBGE\",\"isPartOf\":{\"@id\":\"https:\/\/www.suno.com.br\/noticias\/#website\"},\"primaryImageOfPage\":{\"@id\":\"https:\/\/www.suno.com.br\/noticias\/taxa-desemprego-diminui-123-maio-de-acordo-ibge\/#primaryimage\"},\"image\":{\"@id\":\"https:\/\/www.suno.com.br\/noticias\/taxa-desemprego-diminui-123-maio-de-acordo-ibge\/#primaryimage\"},\"thumbnailUrl\":\"https:\/\/files.sunoresearch.com.br\/n\/uploads\/2018\/12\/9db08560-emprego-jpg.webp\",\"datePublished\":\"2019-06-28T14:16:51+00:00\",\"description\":\"A taxa de desemprego no Pa\u00eds caiu para 12,3% no trimestre encerrado em maio. Os dados foram divulgados nesta sexta (28). Clique e saiba mais.\",\"breadcrumb\":{\"@id\":\"https:\/\/www.suno.com.br\/noticias\/taxa-desemprego-diminui-123-maio-de-acordo-ibge\/#breadcrumb\"},\"inLanguage\":\"pt-BR\",\"potentialAction\":[{\"@type\":\"ReadAction\",\"target\":[\"https:\/\/www.suno.com.br\/noticias\/taxa-desemprego-diminui-123-maio-de-acordo-ibge\/\"]}]},{\"@type\":\"ImageObject\",\"inLanguage\":\"pt-BR\",\"@id\":\"https:\/\/www.suno.com.br\/noticias\/taxa-desemprego-diminui-123-maio-de-acordo-ibge\/#primaryimage\",\"url\":\"https:\/\/files.sunoresearch.com.br\/n\/uploads\/2018\/12\/9db08560-emprego-jpg.webp\",\"contentUrl\":\"https:\/\/files.sunoresearch.com.br\/n\/uploads\/2018\/12\/9db08560-emprego-jpg.webp\",\"width\":1140,\"height\":760,\"caption\":\"Pedidos de seguro desemprego refletem o desempenho da economia\"},{\"@type\":\"BreadcrumbList\",\"@id\":\"https:\/\/www.suno.com.br\/noticias\/taxa-desemprego-diminui-123-maio-de-acordo-ibge\/#breadcrumb\",\"itemListElement\":[{\"@type\":\"ListItem\",\"position\":1,\"name\":\"Not\u00edcias\",\"item\":\"https:\/\/www.suno.com.br\/noticias\/\"},{\"@type\":\"ListItem\",\"position\":2,\"name\":\"Economia\",\"item\":\"https:\/\/www.suno.com.br\/noticias\/economia\/\"},{\"@type\":\"ListItem\",\"position\":3,\"name\":\"Taxa de desemprego diminui para 12,3% em maio, de acordo com IBGE\"}]},{\"@type\":\"WebSite\",\"@id\":\"https:\/\/www.suno.com.br\/noticias\/#website\",\"url\":\"https:\/\/www.suno.com.br\/noticias\/\",\"name\":\"Suno Not\u00edcias\",\"description\":\"Seu portal de informa\u00e7\u00e3o sobre o mundo dos investimentos\",\"publisher\":{\"@id\":\"https:\/\/www.suno.com.br\/noticias\/#organization\"},\"potentialAction\":[{\"@type\":\"SearchAction\",\"target\":{\"@type\":\"EntryPoint\",\"urlTemplate\":\"https:\/\/www.suno.com.br\/noticias\/?s={search_term_string}\"},\"query-input\":{\"@type\":\"PropertyValueSpecification\",\"valueRequired\":true,\"valueName\":\"search_term_string\"}}],\"inLanguage\":\"pt-BR\"},{\"@type\":\"Organization\",\"@id\":\"https:\/\/www.suno.com.br\/noticias\/#organization\",\"name\":\"Suno Not\u00edcias\",\"url\":\"https:\/\/www.suno.com.br\/noticias\/\",\"logo\":{\"@type\":\"ImageObject\",\"inLanguage\":\"pt-BR\",\"@id\":\"https:\/\/www.suno.com.br\/noticias\/#\/schema\/logo\/image\/\",\"url\":\"https:\/\/files.sunoresearch.com.br\/n\/uploads\/2021\/09\/suno-logo.png\",\"contentUrl\":\"https:\/\/files.sunoresearch.com.br\/n\/uploads\/2021\/09\/suno-logo.png\",\"width\":180,\"height\":180,\"caption\":\"Suno Not\u00edcias\"},\"image\":{\"@id\":\"https:\/\/www.suno.com.br\/noticias\/#\/schema\/logo\/image\/\"},\"sameAs\":[\"https:\/\/facebook.com\/sunoresearch\",\"https:\/\/x.com\/sunoresearch\",\"https:\/\/www.instagram.com\/suno\",\"https:\/\/www.linkedin.com\/company\/suno-research\/\",\"https:\/\/www.youtube.com\/c\/sunoresearch\"]},{\"@type\":\"Person\",\"@id\":\"https:\/\/www.suno.com.br\/noticias\/#\/schema\/person\/1db762f78ffd8919a648a63e425953e3\",\"name\":\"Juliano Passaro\",\"image\":{\"@type\":\"ImageObject\",\"inLanguage\":\"pt-BR\",\"@id\":\"https:\/\/www.suno.com.br\/noticias\/#\/schema\/person\/image\/\",\"url\":\"https:\/\/secure.gravatar.com\/avatar\/743d4df28eebf6dcc46b4ad03c319e92?s=96&r=g\",\"contentUrl\":\"https:\/\/secure.gravatar.com\/avatar\/743d4df28eebf6dcc46b4ad03c319e92?s=96&r=g\",\"caption\":\"Juliano Passaro\"},\"description\":\"Juliano Passaro escreve sobre pol\u00edtica, economia e neg\u00f3cios para o portal da Suno Research. Antes da Suno, trabalhou no Portal da Band. \u00c9 formado em jornalismo pela Universidade Presbiteriana Mackenzie.\",\"url\":\"https:\/\/www.suno.com.br\/noticias\/author\/juliano\/\"}]}<\/script>\n<!-- \/ Yoast SEO plugin. -->","yoast_head_json":{"title":"Taxa de desemprego diminui para 12,3% em maio, de acordo com IBGE","description":"A taxa de desemprego no Pa\u00eds caiu para 12,3% no trimestre encerrado em maio. Os dados foram divulgados nesta sexta (28). Clique e saiba mais.","robots":{"index":"index","follow":"follow","max-snippet":"max-snippet:-1","max-image-preview":"max-image-preview:large","max-video-preview":"max-video-preview:-1"},"canonical":"https:\/\/www.suno.com.br\/noticias\/taxa-desemprego-diminui-123-maio-de-acordo-ibge\/","og_locale":"pt_BR","og_type":"article","og_title":"Taxa de desemprego diminui para 12,3% em maio, de acordo com IBGE","og_description":"A taxa de desemprego no Pa\u00eds caiu para 12,3% no trimestre encerrado em maio. Os dados foram divulgados nesta sexta (28). Clique e saiba mais.","og_url":"https:\/\/www.suno.com.br\/noticias\/taxa-desemprego-diminui-123-maio-de-acordo-ibge\/","og_site_name":"Suno Not\u00edcias","article_publisher":"https:\/\/facebook.com\/sunoresearch","og_image":[{"width":1140,"height":760,"url":"https:\/\/files.sunoresearch.com.br\/n\/uploads\/2018\/12\/9db08560-emprego.jpg","type":"image\/jpeg"}],"author":"Juliano Passaro","twitter_card":"summary_large_image","twitter_creator":"@sunoresearch","twitter_site":"@sunoresearch","twitter_misc":{"Escrito por":"Juliano Passaro","Est. tempo de leitura":"2 minutos"},"schema":{"@context":"https:\/\/schema.org","@graph":[{"@type":"NewsArticle","@id":"https:\/\/www.suno.com.br\/noticias\/taxa-desemprego-diminui-123-maio-de-acordo-ibge\/#article","isPartOf":{"@id":"https:\/\/www.suno.com.br\/noticias\/taxa-desemprego-diminui-123-maio-de-acordo-ibge\/"},"author":{"name":"Juliano Passaro","@id":"https:\/\/www.suno.com.br\/noticias\/#\/schema\/person\/1db762f78ffd8919a648a63e425953e3"},"headline":"Taxa de desemprego diminui para 12,3% em maio, de acordo com IBGE","datePublished":"2019-06-28T14:16:51+00:00","mainEntityOfPage":{"@id":"https:\/\/www.suno.com.br\/noticias\/taxa-desemprego-diminui-123-maio-de-acordo-ibge\/"},"wordCount":465,"publisher":{"@id":"https:\/\/www.suno.com.br\/noticias\/#organization"},"image":{"@id":"https:\/\/www.suno.com.br\/noticias\/taxa-desemprego-diminui-123-maio-de-acordo-ibge\/#primaryimage"},"thumbnailUrl":"https:\/\/files.sunoresearch.com.br\/n\/uploads\/2018\/12\/9db08560-emprego-jpg.webp","keywords":["Desemprego","IBGE"],"articleSection":["Economia"],"inLanguage":"pt-BR"},{"@type":"WebPage","@id":"https:\/\/www.suno.com.br\/noticias\/taxa-desemprego-diminui-123-maio-de-acordo-ibge\/","url":"https:\/\/www.suno.com.br\/noticias\/taxa-desemprego-diminui-123-maio-de-acordo-ibge\/","name":"Taxa de desemprego diminui para 12,3% em maio, de acordo com IBGE","isPartOf":{"@id":"https:\/\/www.suno.com.br\/noticias\/#website"},"primaryImageOfPage":{"@id":"https:\/\/www.suno.com.br\/noticias\/taxa-desemprego-diminui-123-maio-de-acordo-ibge\/#primaryimage"},"image":{"@id":"https:\/\/www.suno.com.br\/noticias\/taxa-desemprego-diminui-123-maio-de-acordo-ibge\/#primaryimage"},"thumbnailUrl":"https:\/\/files.sunoresearch.com.br\/n\/uploads\/2018\/12\/9db08560-emprego-jpg.webp","datePublished":"2019-06-28T14:16:51+00:00","description":"A taxa de desemprego no Pa\u00eds caiu para 12,3% no trimestre encerrado em maio. Os dados foram divulgados nesta sexta (28). Clique e saiba mais.","breadcrumb":{"@id":"https:\/\/www.suno.com.br\/noticias\/taxa-desemprego-diminui-123-maio-de-acordo-ibge\/#breadcrumb"},"inLanguage":"pt-BR","potentialAction":[{"@type":"ReadAction","target":["https:\/\/www.suno.com.br\/noticias\/taxa-desemprego-diminui-123-maio-de-acordo-ibge\/"]}]},{"@type":"ImageObject","inLanguage":"pt-BR","@id":"https:\/\/www.suno.com.br\/noticias\/taxa-desemprego-diminui-123-maio-de-acordo-ibge\/#primaryimage","url":"https:\/\/files.sunoresearch.com.br\/n\/uploads\/2018\/12\/9db08560-emprego-jpg.webp","contentUrl":"https:\/\/files.sunoresearch.com.br\/n\/uploads\/2018\/12\/9db08560-emprego-jpg.webp","width":1140,"height":760,"caption":"Pedidos de seguro desemprego refletem o desempenho da economia"},{"@type":"BreadcrumbList","@id":"https:\/\/www.suno.com.br\/noticias\/taxa-desemprego-diminui-123-maio-de-acordo-ibge\/#breadcrumb","itemListElement":[{"@type":"ListItem","position":1,"name":"Not\u00edcias","item":"https:\/\/www.suno.com.br\/noticias\/"},{"@type":"ListItem","position":2,"name":"Economia","item":"https:\/\/www.suno.com.br\/noticias\/economia\/"},{"@type":"ListItem","position":3,"name":"Taxa de desemprego diminui para 12,3% em maio, de acordo com IBGE"}]},{"@type":"WebSite","@id":"https:\/\/www.suno.com.br\/noticias\/#website","url":"https:\/\/www.suno.com.br\/noticias\/","name":"Suno Not\u00edcias","description":"Seu portal de informa\u00e7\u00e3o sobre o mundo dos investimentos","publisher":{"@id":"https:\/\/www.suno.com.br\/noticias\/#organization"},"potentialAction":[{"@type":"SearchAction","target":{"@type":"EntryPoint","urlTemplate":"https:\/\/www.suno.com.br\/noticias\/?s={search_term_string}"},"query-input":{"@type":"PropertyValueSpecification","valueRequired":true,"valueName":"search_term_string"}}],"inLanguage":"pt-BR"},{"@type":"Organization","@id":"https:\/\/www.suno.com.br\/noticias\/#organization","name":"Suno Not\u00edcias","url":"https:\/\/www.suno.com.br\/noticias\/","logo":{"@type":"ImageObject","inLanguage":"pt-BR","@id":"https:\/\/www.suno.com.br\/noticias\/#\/schema\/logo\/image\/","url":"https:\/\/files.sunoresearch.com.br\/n\/uploads\/2021\/09\/suno-logo.png","contentUrl":"https:\/\/files.sunoresearch.com.br\/n\/uploads\/2021\/09\/suno-logo.png","width":180,"height":180,"caption":"Suno Not\u00edcias"},"image":{"@id":"https:\/\/www.suno.com.br\/noticias\/#\/schema\/logo\/image\/"},"sameAs":["https:\/\/facebook.com\/sunoresearch","https:\/\/x.com\/sunoresearch","https:\/\/www.instagram.com\/suno","https:\/\/www.linkedin.com\/company\/suno-research\/","https:\/\/www.youtube.com\/c\/sunoresearch"]},{"@type":"Person","@id":"https:\/\/www.suno.com.br\/noticias\/#\/schema\/person\/1db762f78ffd8919a648a63e425953e3","name":"Juliano Passaro","image":{"@type":"ImageObject","inLanguage":"pt-BR","@id":"https:\/\/www.suno.com.br\/noticias\/#\/schema\/person\/image\/","url":"https:\/\/secure.gravatar.com\/avatar\/743d4df28eebf6dcc46b4ad03c319e92?s=96&r=g","contentUrl":"https:\/\/secure.gravatar.com\/avatar\/743d4df28eebf6dcc46b4ad03c319e92?s=96&r=g","caption":"Juliano Passaro"},"description":"Juliano Passaro escreve sobre pol\u00edtica, economia e neg\u00f3cios para o portal da Suno Research. Antes da Suno, trabalhou no Portal da Band. \u00c9 formado em jornalismo pela Universidade Presbiteriana Mackenzie.","url":"https:\/\/www.suno.com.br\/noticias\/author\/juliano\/"}]}},"default_loop_html":"<div class=\"cardsPage__listCard__boxs\"><div class=\"cardsPage__listCard__boxs__img\"><a href=\"https:\/\/www.suno.com.br\/noticias\/taxa-desemprego-diminui-123-maio-de-acordo-ibge\/\"><img class=\"mask\" src=\"https:\/\/www.suno.com.br\/noticias\/wp-content\/themes\/suno\/resources\/images\/spotlight\/spotlight1img\/bg-mask.png\" alt=\"Image Mask\"\/><img src=\"https:\/\/files.sunoresearch.com.br\/n\/uploads\/2018\/12\/9db08560-emprego-400x200.webp\" alt=\"Taxa de desemprego diminui para 12,3% em maio, de acordo com IBGE\"\/><\/a><span class=\"spotlightCategory\"><a href=\"https:\/\/www.suno.com.br\/noticias\/economia\/\">Economia<\/a><\/span><\/div><div class=\"cardsPage__listCard__boxs__content\"><a href=\"https:\/\/www.suno.com.br\/noticias\/taxa-desemprego-diminui-123-maio-de-acordo-ibge\/\"><h2 class=\"content__title\">Taxa de desemprego diminui para 12,3% em maio, de acordo com IBGE<\/h2><\/a><div class=\"newsContent__article__meta\"><div class=\"newsContent__article__meta__authorBox\"><a href=\"https:\/\/www.suno.com.br\/noticias\/author\/juliano\/\" class=\"authorBox__avatar noMobi\"><img src=\"https:\/\/files.sunoresearch.com.br\/n\/uploads\/2019\/06\/7cc3efea-whatsapp-image-2019-07-18-at-21.59.33-e1563499821209-150x150.webp\" alt=\"Juliano Passaro\"><\/a><div class=\"authorBox__name\"><span>por\n\t\t\t<a href=\"https:\/\/www.suno.com.br\/noticias\/author\/juliano\/\"><span itemprop=\"author\">Juliano Passaro<\/span><\/a><\/span><time datetime=\"2019-06-28T11:16:51-03:00\" itemprop=\"datePublished\">28\/06\/2019 11:16<\/time><\/div><\/div><\/div><\/div><\/div>","single_layout":"posts","amp_enabled":true,"_links":{"self":[{"href":"https:\/\/www.suno.com.br\/noticias\/wp-json\/wp\/v2\/posts\/29434"}],"collection":[{"href":"https:\/\/www.suno.com.br\/noticias\/wp-json\/wp\/v2\/posts"}],"about":[{"href":"https:\/\/www.suno.com.br\/noticias\/wp-json\/wp\/v2\/types\/post"}],"author":[{"embeddable":true,"href":"https:\/\/www.suno.com.br\/noticias\/wp-json\/wp\/v2\/users\/19"}],"replies":[{"embeddable":true,"href":"https:\/\/www.suno.com.br\/noticias\/wp-json\/wp\/v2\/comments?post=29434"}],"version-history":[{"count":0,"href":"https:\/\/www.suno.com.br\/noticias\/wp-json\/wp\/v2\/posts\/29434\/revisions"}],"wp:featuredmedia":[{"embeddable":true,"href":"https:\/\/www.suno.com.br\/noticias\/wp-json\/wp\/v2\/media\/9653"}],"wp:attachment":[{"href":"https:\/\/www.suno.com.br\/noticias\/wp-json\/wp\/v2\/media?parent=29434"}],"wp:term":[{"taxonomy":"category","embeddable":true,"href":"https:\/\/www.suno.com.br\/noticias\/wp-json\/wp\/v2\/categories?post=29434"},{"taxonomy":"post_tag","embeddable":true,"href":"https:\/\/www.suno.com.br\/noticias\/wp-json\/wp\/v2\/tags?post=29434"},{"taxonomy":"suno_strategy","embeddable":true,"href":"https:\/\/www.suno.com.br\/noticias\/wp-json\/wp\/v2\/suno_strategy?post=29434"}],"curies":[{"name":"wp","href":"https:\/\/api.w.org\/{rel}","templated":true}]}}