{"id":29430,"date":"2019-06-28T10:33:12","date_gmt":"2019-06-28T13:33:12","guid":{"rendered":"https:\/\/www.suno.com.br\/noticias\/?p=29430"},"modified":"2019-06-28T10:33:12","modified_gmt":"2019-06-28T13:33:12","slug":"confianca-do-setor-de-servicos-junho","status":"publish","type":"post","link":"https:\/\/www.suno.com.br\/noticias\/confianca-do-setor-de-servicos-junho\/","title":{"rendered":"Confian\u00e7a do setor de servi\u00e7os sobe 2,2 pontos em junho, segundo FGV"},"content":{"rendered":"<p>A confian\u00e7a do setor de servi\u00e7os subiu 2,2 pontos em junho, segundo o estudo da Funda\u00e7\u00e3o Get\u00falio Vargas (FGV), divulgado nesta sexta-feira (28). O estudo \u00e9 feito com base no <strong>\u00cdndice de Confian\u00e7a de Servi\u00e7os (ICS)<\/strong>.<\/p>\t<div class=\"wrapper-featured-image\">\n\t\t<figure class=\"spotlightImg\">\n\n\t\t\t<picture>\n\t\t\t\t<source media=\"(max-width: 768px)\" srcset=\"https:\/\/files.sunoresearch.com.br\/n\/uploads\/2019\/06\/6ba669af-confian\u00e7a-do-setor-de-servi\u00e7os-400x200.webp\">\n\t\t\t\t<img loading=\"lazy\" decoding=\"async\" class=\"newsContent__article__imgCapa lazyloadDisabled newsContent__article__imgCapa--noCaption\" src=\"https:\/\/files.sunoresearch.com.br\/n\/uploads\/2019\/06\/6ba669af-confian\u00e7a-do-setor-de-servi\u00e7os-jpg.webp\" width=\"800\" height=\"450\" alt=\"Confian\u00e7a do setor de servi\u00e7os sobe 2,2 pontos em junho, segundo FGV\" fetchpriority=high \/>\n\t\t\t<\/picture>\n\n\t\t\t<figcaption class=\"wp-caption-text wp-caption-text--hide\">Coronav\u00edrus: 19 mi de brasileiros ficaram afastados do emprego em maio<\/figcaption>\n\t\t<\/figure>\n\t<\/div>\n\n\n<p>Ap\u00f3s quatro quedas consecutivas, a <strong>confian\u00e7a do setor de servi\u00e7os<\/strong> registrou alta e atingiu 91,2 pontos. No entanto, comparando com o trimestre m\u00f3vel anterior, o \u00edndice recuou 0,6 pontos, anotando sua quarta queda seguida.<\/p>\n\t<p>\n\t\t<a href=\"https:\/\/lp.suno.com.br\/plataforma-de-controle-de-investimentos\/\" target=\"_blank\" data-element=\"shortcode-suno-banner\" title=\"Banner SUNO, clique e saiba mais\">\n\t\t\t<picture>\n\t\t\t\t<source media=\"(max-width: 500px)\" srcset=\"https:\/\/files.sunoresearch.com.br\/n\/uploads\/2023\/03\/400x300-Controle-de-Investimentos.png\">\n\t\t\t\t<img class=\"newsContent__article__imgCapa newsContent__article__imgCapa--banner\"\n\t\t\t\t\tsrc=\"https:\/\/files.sunoresearch.com.br\/n\/uploads\/2023\/03\/1420x240-Controle-de-Investimentos.png\"\n\t\t\t\t\tdata-promo-id=\"383162\"\t\t\t\t\t\t\t\t\t\twidth='1420' height='240'\t\t\t\t\talt=\"https:\/\/files.sunoresearch.com.br\/n\/uploads\/2023\/03\/1420x240-Controle-de-Investimentos.png\"\n\t\t\t\t>\n\t\t\t<\/picture>\n\t\t<\/a>\n\t<\/p>\n\n\n<h2>Influenciadores da confian\u00e7a<\/h2>\n<p>De acordo com a FGV, houve alta em nove das 13 atividades consultadas pelo \u00edndice. O <strong>\u00cdndice de Expectativas (IE-S)<\/strong> foi o principal influenciador da confian\u00e7a, subindo 3 pontos atingindo a marca de 95 pontos. Outra importante influ\u00eancia foi feita pelo <strong>\u00cdndice de<\/strong> <strong>Situa\u00e7\u00e3o Atual (ISA-S)<\/strong>, subindo 1,2 ponto chegando a 87,5 pontos.<\/p>\n<p>O IE-S foi influenciado por dois fatores. Um deles \u00e9 o indicador que mede o otimismo para neg\u00f3cios futuros, ou seja, seis meses seguintes, que subiu 1,5 ponto e fechou m=o per\u00edodo com o total de 93,2 pontos. Outro aspecto foi o de demanda prevista para os pr\u00f3ximos tr\u00eas meses, que expandiu 4,5 pontos totalizando 96,9 pontos.<\/p>\n<p><a href=\"https:\/\/www.suno.com.br\/noticias\/producao-industrial-sobe-maio\/\">Saiba mais:\u00a0Produ\u00e7\u00e3o industrial sobe em maio em rela\u00e7\u00e3o a abril, diz CNI<\/a><\/p>\n<p>J\u00e1 o ISA-S foi influenciado pelo indicador de situa\u00e7\u00e3o atual de neg\u00f3cios, que teve alta de 1 ponto ficando com o total de 86,3 pontos e tamb\u00e9m pelo volume de demanda atual que subiu 1,5 ponto, atingindo os 88,9 pontos.<\/p>\n<p>&#8220;Apesar da melhora pontual, o resultado sugere que os empres\u00e1rios ainda est\u00e3o calibrando suas expectativas e que ainda n\u00e3o conseguem perceber uma recupera\u00e7\u00e3o significativa do momento atual. Essa combina\u00e7\u00e3o de resultados indica que ainda n\u00e3o \u00e9 poss\u00edvel vislumbrar uma retomada mais forte do setor de servi\u00e7os nos pr\u00f3ximos meses, mantendo o ritmo gradual de recupera\u00e7\u00e3o ao longo do ano&#8221;, afirmou o economista da <strong>FGV\/Ibre<\/strong>, Rodolpho Tobler.<\/p>\n\t<p>\n\t\t<a href=\"https:\/\/lp2.suno.com.br\/onde-investir-2026?utm_campaign=_SNC094D2575_rs.ein26&#038;utm_source=suno.com.br&#038;utm_medium=banner.noticias\" target=\"_blank\" data-element=\"shortcode-suno-banner\" title=\"Banner SUNO, clique e saiba mais\">\n\t\t\t<picture>\n\t\t\t\t<source media=\"(max-width: 500px)\" srcset=\"https:\/\/files.sunoresearch.com.br\/n\/uploads\/2026\/01\/Banner-Materias-01-Mbl_-400x300-1-png.webp\">\n\t\t\t\t<img class=\"newsContent__article__imgCapa newsContent__article__imgCapa--banner\"\n\t\t\t\t\tsrc=\"https:\/\/files.sunoresearch.com.br\/n\/uploads\/2026\/01\/Banner-Materias-01-Dkp_-1420x240-1-png.webp\"\n\t\t\t\t\tdata-promo-id=\"638391\"\t\t\t\t\t\t\t\t\t\twidth='1420' height='240'\t\t\t\t\talt=\"https:\/\/files.sunoresearch.com.br\/n\/uploads\/2026\/01\/Banner-Materias-01-Dkp_-1420x240-1-png.webp\"\n\t\t\t\t>\n\t\t\t<\/picture>\n\t\t<\/a>\n\t<\/p>\n\n\n<p>Al\u00e9m disso, o estudo tamb\u00e9m avaliou o <strong>N\u00edvel de Utiliza\u00e7\u00e3o da Capacidade Instalada (NUCI)<\/strong> do setor de servi\u00e7os subiu 0,6 ponto percentual, para 82,6%, registrando sua segunda alta seguida no ano.<\/p>\n<p>A coleta de dados para a edi\u00e7\u00e3o de junho do <strong>\u00cdndice de Confian\u00e7a de Servi\u00e7os (ICS)<\/strong>, que mede a <strong>confian\u00e7a<\/strong> <strong>do<\/strong> <strong>setor<\/strong> <strong>de servi\u00e7os<\/strong>, foi realizado entre 3 e 25 deste m\u00eas.<\/p>\n","protected":false},"excerpt":{"rendered":"<p>A confian\u00e7a do setor de servi\u00e7os subiu 2,2 pontos em junho, segundo o estudo da Funda\u00e7\u00e3o Get\u00falio Vargas (FGV), divulgado nesta sexta-feira (28). O estudo \u00e9 feito com base no \u00cdndice de Confian\u00e7a de Servi\u00e7os (ICS). Coronav\u00edrus: 19 mi de brasileiros ficaram afastados do emprego em maio Ap\u00f3s quatro quedas consecutivas, a confian\u00e7a do setor [&hellip;]<\/p>\n","protected":false},"author":11,"featured_media":29437,"comment_status":"closed","ping_status":"closed","sticky":false,"template":"","format":"standard","meta":[],"categories":[60],"tags":[797],"suno_strategy":[],"class_list":["post-29430","post","type-post","status-publish","format-standard","has-post-thumbnail","hentry","category-mercado","tag-fgv"],"yoast_head":"<!-- This site is optimized with the Yoast SEO plugin v24.4 - https:\/\/yoast.com\/wordpress\/plugins\/seo\/ -->\n<title>Confian\u00e7a do setor de servi\u00e7os sobe 2,2 pontos em junho, segundo FGV<\/title>\n<meta name=\"description\" content=\"Ap\u00f3s quatro quedas consecutivas, a confian\u00e7a do setor de servi\u00e7os registrou alta e atingiu 91,2 pontos. Clique para saber mais.\" \/>\n<meta name=\"robots\" content=\"index, follow, max-snippet:-1, max-image-preview:large, max-video-preview:-1\" \/>\n<link rel=\"canonical\" href=\"https:\/\/www.suno.com.br\/noticias\/confianca-do-setor-de-servicos-junho\/\" \/>\n<meta property=\"og:locale\" content=\"pt_BR\" \/>\n<meta property=\"og:type\" content=\"article\" \/>\n<meta property=\"og:title\" content=\"Confian\u00e7a do setor de servi\u00e7os sobe 2,2 pontos em junho, segundo FGV\" \/>\n<meta property=\"og:description\" content=\"Ap\u00f3s quatro quedas consecutivas, a confian\u00e7a do setor de servi\u00e7os registrou alta e atingiu 91,2 pontos. Clique para saber mais.\" \/>\n<meta property=\"og:url\" content=\"https:\/\/www.suno.com.br\/noticias\/confianca-do-setor-de-servicos-junho\/\" \/>\n<meta property=\"og:site_name\" content=\"Suno Not\u00edcias\" \/>\n<meta property=\"article:publisher\" content=\"https:\/\/facebook.com\/sunoresearch\" \/>\n<meta property=\"og:image\" content=\"https:\/\/files.sunoresearch.com.br\/n\/uploads\/2019\/06\/6ba669af-confian\u00e7a-do-setor-de-servi\u00e7os.jpg\" \/>\n\t<meta property=\"og:image:width\" content=\"714\" \/>\n\t<meta property=\"og:image:height\" content=\"475\" \/>\n\t<meta property=\"og:image:type\" content=\"image\/jpeg\" \/>\n<meta name=\"author\" content=\"Renan Bandeira\" \/>\n<meta name=\"twitter:card\" content=\"summary_large_image\" \/>\n<meta name=\"twitter:creator\" content=\"@sunoresearch\" \/>\n<meta name=\"twitter:site\" content=\"@sunoresearch\" \/>\n<meta name=\"twitter:label1\" content=\"Escrito por\" \/>\n\t<meta name=\"twitter:data1\" content=\"Renan Bandeira\" \/>\n\t<meta name=\"twitter:label2\" content=\"Est. tempo de leitura\" \/>\n\t<meta name=\"twitter:data2\" content=\"2 minutos\" \/>\n<script type=\"application\/ld+json\" class=\"yoast-schema-graph\">{\"@context\":\"https:\/\/schema.org\",\"@graph\":[{\"@type\":\"NewsArticle\",\"@id\":\"https:\/\/www.suno.com.br\/noticias\/confianca-do-setor-de-servicos-junho\/#article\",\"isPartOf\":{\"@id\":\"https:\/\/www.suno.com.br\/noticias\/confianca-do-setor-de-servicos-junho\/\"},\"author\":{\"name\":\"Renan Bandeira\",\"@id\":\"https:\/\/www.suno.com.br\/noticias\/#\/schema\/person\/fc144a1c6108bd1dcd43784e88a3c138\"},\"headline\":\"Confian\u00e7a do setor de servi\u00e7os sobe 2,2 pontos em junho, segundo FGV\",\"datePublished\":\"2019-06-28T13:33:12+00:00\",\"mainEntityOfPage\":{\"@id\":\"https:\/\/www.suno.com.br\/noticias\/confianca-do-setor-de-servicos-junho\/\"},\"wordCount\":406,\"publisher\":{\"@id\":\"https:\/\/www.suno.com.br\/noticias\/#organization\"},\"image\":{\"@id\":\"https:\/\/www.suno.com.br\/noticias\/confianca-do-setor-de-servicos-junho\/#primaryimage\"},\"thumbnailUrl\":\"https:\/\/files.sunoresearch.com.br\/n\/uploads\/2019\/06\/6ba669af-confian\u00e7a-do-setor-de-servi\u00e7os-jpg.webp\",\"keywords\":[\"FGV\"],\"articleSection\":[\"Mercado\"],\"inLanguage\":\"pt-BR\"},{\"@type\":\"WebPage\",\"@id\":\"https:\/\/www.suno.com.br\/noticias\/confianca-do-setor-de-servicos-junho\/\",\"url\":\"https:\/\/www.suno.com.br\/noticias\/confianca-do-setor-de-servicos-junho\/\",\"name\":\"Confian\u00e7a do setor de servi\u00e7os sobe 2,2 pontos em junho, segundo FGV\",\"isPartOf\":{\"@id\":\"https:\/\/www.suno.com.br\/noticias\/#website\"},\"primaryImageOfPage\":{\"@id\":\"https:\/\/www.suno.com.br\/noticias\/confianca-do-setor-de-servicos-junho\/#primaryimage\"},\"image\":{\"@id\":\"https:\/\/www.suno.com.br\/noticias\/confianca-do-setor-de-servicos-junho\/#primaryimage\"},\"thumbnailUrl\":\"https:\/\/files.sunoresearch.com.br\/n\/uploads\/2019\/06\/6ba669af-confian\u00e7a-do-setor-de-servi\u00e7os-jpg.webp\",\"datePublished\":\"2019-06-28T13:33:12+00:00\",\"description\":\"Ap\u00f3s quatro quedas consecutivas, a confian\u00e7a do setor de servi\u00e7os registrou alta e atingiu 91,2 pontos. Clique para saber mais.\",\"breadcrumb\":{\"@id\":\"https:\/\/www.suno.com.br\/noticias\/confianca-do-setor-de-servicos-junho\/#breadcrumb\"},\"inLanguage\":\"pt-BR\",\"potentialAction\":[{\"@type\":\"ReadAction\",\"target\":[\"https:\/\/www.suno.com.br\/noticias\/confianca-do-setor-de-servicos-junho\/\"]}]},{\"@type\":\"ImageObject\",\"inLanguage\":\"pt-BR\",\"@id\":\"https:\/\/www.suno.com.br\/noticias\/confianca-do-setor-de-servicos-junho\/#primaryimage\",\"url\":\"https:\/\/files.sunoresearch.com.br\/n\/uploads\/2019\/06\/6ba669af-confian\u00e7a-do-setor-de-servi\u00e7os-jpg.webp\",\"contentUrl\":\"https:\/\/files.sunoresearch.com.br\/n\/uploads\/2019\/06\/6ba669af-confian\u00e7a-do-setor-de-servi\u00e7os-jpg.webp\",\"width\":714,\"height\":475,\"caption\":\"Coronav\u00edrus: 19 mi de brasileiros ficaram afastados do emprego em maio\"},{\"@type\":\"BreadcrumbList\",\"@id\":\"https:\/\/www.suno.com.br\/noticias\/confianca-do-setor-de-servicos-junho\/#breadcrumb\",\"itemListElement\":[{\"@type\":\"ListItem\",\"position\":1,\"name\":\"Not\u00edcias\",\"item\":\"https:\/\/www.suno.com.br\/noticias\/\"},{\"@type\":\"ListItem\",\"position\":2,\"name\":\"Mercado\",\"item\":\"https:\/\/www.suno.com.br\/noticias\/mercado\/\"},{\"@type\":\"ListItem\",\"position\":3,\"name\":\"Confian\u00e7a do setor de servi\u00e7os sobe 2,2 pontos em junho, segundo FGV\"}]},{\"@type\":\"WebSite\",\"@id\":\"https:\/\/www.suno.com.br\/noticias\/#website\",\"url\":\"https:\/\/www.suno.com.br\/noticias\/\",\"name\":\"Suno Not\u00edcias\",\"description\":\"Seu portal de informa\u00e7\u00e3o sobre o mundo dos investimentos\",\"publisher\":{\"@id\":\"https:\/\/www.suno.com.br\/noticias\/#organization\"},\"potentialAction\":[{\"@type\":\"SearchAction\",\"target\":{\"@type\":\"EntryPoint\",\"urlTemplate\":\"https:\/\/www.suno.com.br\/noticias\/?s={search_term_string}\"},\"query-input\":{\"@type\":\"PropertyValueSpecification\",\"valueRequired\":true,\"valueName\":\"search_term_string\"}}],\"inLanguage\":\"pt-BR\"},{\"@type\":\"Organization\",\"@id\":\"https:\/\/www.suno.com.br\/noticias\/#organization\",\"name\":\"Suno Not\u00edcias\",\"url\":\"https:\/\/www.suno.com.br\/noticias\/\",\"logo\":{\"@type\":\"ImageObject\",\"inLanguage\":\"pt-BR\",\"@id\":\"https:\/\/www.suno.com.br\/noticias\/#\/schema\/logo\/image\/\",\"url\":\"https:\/\/files.sunoresearch.com.br\/n\/uploads\/2021\/09\/suno-logo.png\",\"contentUrl\":\"https:\/\/files.sunoresearch.com.br\/n\/uploads\/2021\/09\/suno-logo.png\",\"width\":180,\"height\":180,\"caption\":\"Suno Not\u00edcias\"},\"image\":{\"@id\":\"https:\/\/www.suno.com.br\/noticias\/#\/schema\/logo\/image\/\"},\"sameAs\":[\"https:\/\/facebook.com\/sunoresearch\",\"https:\/\/x.com\/sunoresearch\",\"https:\/\/www.instagram.com\/suno\",\"https:\/\/www.linkedin.com\/company\/suno-research\/\",\"https:\/\/www.youtube.com\/c\/sunoresearch\"]},{\"@type\":\"Person\",\"@id\":\"https:\/\/www.suno.com.br\/noticias\/#\/schema\/person\/fc144a1c6108bd1dcd43784e88a3c138\",\"name\":\"Renan Bandeira\",\"image\":{\"@type\":\"ImageObject\",\"inLanguage\":\"pt-BR\",\"@id\":\"https:\/\/www.suno.com.br\/noticias\/#\/schema\/person\/image\/\",\"url\":\"https:\/\/secure.gravatar.com\/avatar\/68359cdb608f14f11bbefcb78f3fc747?s=96&r=g\",\"contentUrl\":\"https:\/\/secure.gravatar.com\/avatar\/68359cdb608f14f11bbefcb78f3fc747?s=96&r=g\",\"caption\":\"Renan Bandeira\"},\"description\":\"Renan Bandeira escreve sobre pol\u00edtica e economia para o portal da Suno Research. Antes da Suno, trabalhou em uma rede de televis\u00e3o, onde fazia reportagens sobre os mesmos temas. Estuda na Universidade Metodista de S\u00e3o Paulo.\",\"url\":\"https:\/\/www.suno.com.br\/noticias\/author\/renan-bandeira\/\"}]}<\/script>\n<!-- \/ Yoast SEO plugin. -->","yoast_head_json":{"title":"Confian\u00e7a do setor de servi\u00e7os sobe 2,2 pontos em junho, segundo FGV","description":"Ap\u00f3s quatro quedas consecutivas, a confian\u00e7a do setor de servi\u00e7os registrou alta e atingiu 91,2 pontos. Clique para saber mais.","robots":{"index":"index","follow":"follow","max-snippet":"max-snippet:-1","max-image-preview":"max-image-preview:large","max-video-preview":"max-video-preview:-1"},"canonical":"https:\/\/www.suno.com.br\/noticias\/confianca-do-setor-de-servicos-junho\/","og_locale":"pt_BR","og_type":"article","og_title":"Confian\u00e7a do setor de servi\u00e7os sobe 2,2 pontos em junho, segundo FGV","og_description":"Ap\u00f3s quatro quedas consecutivas, a confian\u00e7a do setor de servi\u00e7os registrou alta e atingiu 91,2 pontos. Clique para saber mais.","og_url":"https:\/\/www.suno.com.br\/noticias\/confianca-do-setor-de-servicos-junho\/","og_site_name":"Suno Not\u00edcias","article_publisher":"https:\/\/facebook.com\/sunoresearch","og_image":[{"width":714,"height":475,"url":"https:\/\/files.sunoresearch.com.br\/n\/uploads\/2019\/06\/6ba669af-confian\u00e7a-do-setor-de-servi\u00e7os.jpg","type":"image\/jpeg"}],"author":"Renan Bandeira","twitter_card":"summary_large_image","twitter_creator":"@sunoresearch","twitter_site":"@sunoresearch","twitter_misc":{"Escrito por":"Renan Bandeira","Est. tempo de leitura":"2 minutos"},"schema":{"@context":"https:\/\/schema.org","@graph":[{"@type":"NewsArticle","@id":"https:\/\/www.suno.com.br\/noticias\/confianca-do-setor-de-servicos-junho\/#article","isPartOf":{"@id":"https:\/\/www.suno.com.br\/noticias\/confianca-do-setor-de-servicos-junho\/"},"author":{"name":"Renan Bandeira","@id":"https:\/\/www.suno.com.br\/noticias\/#\/schema\/person\/fc144a1c6108bd1dcd43784e88a3c138"},"headline":"Confian\u00e7a do setor de servi\u00e7os sobe 2,2 pontos em junho, segundo FGV","datePublished":"2019-06-28T13:33:12+00:00","mainEntityOfPage":{"@id":"https:\/\/www.suno.com.br\/noticias\/confianca-do-setor-de-servicos-junho\/"},"wordCount":406,"publisher":{"@id":"https:\/\/www.suno.com.br\/noticias\/#organization"},"image":{"@id":"https:\/\/www.suno.com.br\/noticias\/confianca-do-setor-de-servicos-junho\/#primaryimage"},"thumbnailUrl":"https:\/\/files.sunoresearch.com.br\/n\/uploads\/2019\/06\/6ba669af-confian\u00e7a-do-setor-de-servi\u00e7os-jpg.webp","keywords":["FGV"],"articleSection":["Mercado"],"inLanguage":"pt-BR"},{"@type":"WebPage","@id":"https:\/\/www.suno.com.br\/noticias\/confianca-do-setor-de-servicos-junho\/","url":"https:\/\/www.suno.com.br\/noticias\/confianca-do-setor-de-servicos-junho\/","name":"Confian\u00e7a do setor de servi\u00e7os sobe 2,2 pontos em junho, segundo FGV","isPartOf":{"@id":"https:\/\/www.suno.com.br\/noticias\/#website"},"primaryImageOfPage":{"@id":"https:\/\/www.suno.com.br\/noticias\/confianca-do-setor-de-servicos-junho\/#primaryimage"},"image":{"@id":"https:\/\/www.suno.com.br\/noticias\/confianca-do-setor-de-servicos-junho\/#primaryimage"},"thumbnailUrl":"https:\/\/files.sunoresearch.com.br\/n\/uploads\/2019\/06\/6ba669af-confian\u00e7a-do-setor-de-servi\u00e7os-jpg.webp","datePublished":"2019-06-28T13:33:12+00:00","description":"Ap\u00f3s quatro quedas consecutivas, a confian\u00e7a do setor de servi\u00e7os registrou alta e atingiu 91,2 pontos. Clique para saber mais.","breadcrumb":{"@id":"https:\/\/www.suno.com.br\/noticias\/confianca-do-setor-de-servicos-junho\/#breadcrumb"},"inLanguage":"pt-BR","potentialAction":[{"@type":"ReadAction","target":["https:\/\/www.suno.com.br\/noticias\/confianca-do-setor-de-servicos-junho\/"]}]},{"@type":"ImageObject","inLanguage":"pt-BR","@id":"https:\/\/www.suno.com.br\/noticias\/confianca-do-setor-de-servicos-junho\/#primaryimage","url":"https:\/\/files.sunoresearch.com.br\/n\/uploads\/2019\/06\/6ba669af-confian\u00e7a-do-setor-de-servi\u00e7os-jpg.webp","contentUrl":"https:\/\/files.sunoresearch.com.br\/n\/uploads\/2019\/06\/6ba669af-confian\u00e7a-do-setor-de-servi\u00e7os-jpg.webp","width":714,"height":475,"caption":"Coronav\u00edrus: 19 mi de brasileiros ficaram afastados do emprego em maio"},{"@type":"BreadcrumbList","@id":"https:\/\/www.suno.com.br\/noticias\/confianca-do-setor-de-servicos-junho\/#breadcrumb","itemListElement":[{"@type":"ListItem","position":1,"name":"Not\u00edcias","item":"https:\/\/www.suno.com.br\/noticias\/"},{"@type":"ListItem","position":2,"name":"Mercado","item":"https:\/\/www.suno.com.br\/noticias\/mercado\/"},{"@type":"ListItem","position":3,"name":"Confian\u00e7a do setor de servi\u00e7os sobe 2,2 pontos em junho, segundo FGV"}]},{"@type":"WebSite","@id":"https:\/\/www.suno.com.br\/noticias\/#website","url":"https:\/\/www.suno.com.br\/noticias\/","name":"Suno Not\u00edcias","description":"Seu portal de informa\u00e7\u00e3o sobre o mundo dos investimentos","publisher":{"@id":"https:\/\/www.suno.com.br\/noticias\/#organization"},"potentialAction":[{"@type":"SearchAction","target":{"@type":"EntryPoint","urlTemplate":"https:\/\/www.suno.com.br\/noticias\/?s={search_term_string}"},"query-input":{"@type":"PropertyValueSpecification","valueRequired":true,"valueName":"search_term_string"}}],"inLanguage":"pt-BR"},{"@type":"Organization","@id":"https:\/\/www.suno.com.br\/noticias\/#organization","name":"Suno Not\u00edcias","url":"https:\/\/www.suno.com.br\/noticias\/","logo":{"@type":"ImageObject","inLanguage":"pt-BR","@id":"https:\/\/www.suno.com.br\/noticias\/#\/schema\/logo\/image\/","url":"https:\/\/files.sunoresearch.com.br\/n\/uploads\/2021\/09\/suno-logo.png","contentUrl":"https:\/\/files.sunoresearch.com.br\/n\/uploads\/2021\/09\/suno-logo.png","width":180,"height":180,"caption":"Suno Not\u00edcias"},"image":{"@id":"https:\/\/www.suno.com.br\/noticias\/#\/schema\/logo\/image\/"},"sameAs":["https:\/\/facebook.com\/sunoresearch","https:\/\/x.com\/sunoresearch","https:\/\/www.instagram.com\/suno","https:\/\/www.linkedin.com\/company\/suno-research\/","https:\/\/www.youtube.com\/c\/sunoresearch"]},{"@type":"Person","@id":"https:\/\/www.suno.com.br\/noticias\/#\/schema\/person\/fc144a1c6108bd1dcd43784e88a3c138","name":"Renan Bandeira","image":{"@type":"ImageObject","inLanguage":"pt-BR","@id":"https:\/\/www.suno.com.br\/noticias\/#\/schema\/person\/image\/","url":"https:\/\/secure.gravatar.com\/avatar\/68359cdb608f14f11bbefcb78f3fc747?s=96&r=g","contentUrl":"https:\/\/secure.gravatar.com\/avatar\/68359cdb608f14f11bbefcb78f3fc747?s=96&r=g","caption":"Renan Bandeira"},"description":"Renan Bandeira escreve sobre pol\u00edtica e economia para o portal da Suno Research. Antes da Suno, trabalhou em uma rede de televis\u00e3o, onde fazia reportagens sobre os mesmos temas. Estuda na Universidade Metodista de S\u00e3o Paulo.","url":"https:\/\/www.suno.com.br\/noticias\/author\/renan-bandeira\/"}]}},"default_loop_html":"<div class=\"cardsPage__listCard__boxs\"><div class=\"cardsPage__listCard__boxs__img\"><a href=\"https:\/\/www.suno.com.br\/noticias\/confianca-do-setor-de-servicos-junho\/\"><img class=\"mask\" src=\"https:\/\/www.suno.com.br\/noticias\/wp-content\/themes\/suno\/resources\/images\/spotlight\/spotlight1img\/bg-mask.png\" alt=\"Image Mask\"\/><img src=\"https:\/\/files.sunoresearch.com.br\/n\/uploads\/2019\/06\/6ba669af-confian\u00e7a-do-setor-de-servi\u00e7os-400x200.webp\" alt=\"Confian\u00e7a do setor de servi\u00e7os sobe 2,2 pontos em junho, segundo FGV\"\/><\/a><span class=\"spotlightCategory\"><a href=\"https:\/\/www.suno.com.br\/noticias\/mercado\/\">Mercado<\/a><\/span><\/div><div class=\"cardsPage__listCard__boxs__content\"><a href=\"https:\/\/www.suno.com.br\/noticias\/confianca-do-setor-de-servicos-junho\/\"><h2 class=\"content__title\">Confian\u00e7a do setor de servi\u00e7os sobe 2,2 pontos em junho, segundo FGV<\/h2><\/a><div class=\"newsContent__article__meta\"><div class=\"newsContent__article__meta__authorBox\"><a href=\"https:\/\/www.suno.com.br\/noticias\/author\/renan-bandeira\/\" class=\"authorBox__avatar noMobi\"><img src=\"https:\/\/secure.gravatar.com\/avatar\/68359cdb608f14f11bbefcb78f3fc747?s=96&#038;r=g\" alt=\"Renan Bandeira\"><\/a><div class=\"authorBox__name\"><span>por\n\t\t\t<a href=\"https:\/\/www.suno.com.br\/noticias\/author\/renan-bandeira\/\"><span itemprop=\"author\">Renan Bandeira<\/span><\/a><\/span><time datetime=\"2019-06-28T10:33:12-03:00\" itemprop=\"datePublished\">28\/06\/2019 10:33<\/time><\/div><\/div><\/div><\/div><\/div>","single_layout":"posts","amp_enabled":true,"_links":{"self":[{"href":"https:\/\/www.suno.com.br\/noticias\/wp-json\/wp\/v2\/posts\/29430"}],"collection":[{"href":"https:\/\/www.suno.com.br\/noticias\/wp-json\/wp\/v2\/posts"}],"about":[{"href":"https:\/\/www.suno.com.br\/noticias\/wp-json\/wp\/v2\/types\/post"}],"author":[{"embeddable":true,"href":"https:\/\/www.suno.com.br\/noticias\/wp-json\/wp\/v2\/users\/11"}],"replies":[{"embeddable":true,"href":"https:\/\/www.suno.com.br\/noticias\/wp-json\/wp\/v2\/comments?post=29430"}],"version-history":[{"count":0,"href":"https:\/\/www.suno.com.br\/noticias\/wp-json\/wp\/v2\/posts\/29430\/revisions"}],"wp:featuredmedia":[{"embeddable":true,"href":"https:\/\/www.suno.com.br\/noticias\/wp-json\/wp\/v2\/media\/29437"}],"wp:attachment":[{"href":"https:\/\/www.suno.com.br\/noticias\/wp-json\/wp\/v2\/media?parent=29430"}],"wp:term":[{"taxonomy":"category","embeddable":true,"href":"https:\/\/www.suno.com.br\/noticias\/wp-json\/wp\/v2\/categories?post=29430"},{"taxonomy":"post_tag","embeddable":true,"href":"https:\/\/www.suno.com.br\/noticias\/wp-json\/wp\/v2\/tags?post=29430"},{"taxonomy":"suno_strategy","embeddable":true,"href":"https:\/\/www.suno.com.br\/noticias\/wp-json\/wp\/v2\/suno_strategy?post=29430"}],"curies":[{"name":"wp","href":"https:\/\/api.w.org\/{rel}","templated":true}]}}