{"id":29420,"date":"2019-06-28T10:37:46","date_gmt":"2019-06-28T13:37:46","guid":{"rendered":"https:\/\/www.suno.com.br\/noticias\/?p=29420"},"modified":"2019-06-28T12:44:08","modified_gmt":"2019-06-28T15:44:08","slug":"bolsonaro-macron-encontro-g20","status":"publish","type":"post","link":"https:\/\/www.suno.com.br\/noticias\/bolsonaro-macron-encontro-g20\/","title":{"rendered":"Bolsonaro afirma permanecer no Acordo de Paris ap\u00f3s reuni\u00e3o com Macron"},"content":{"rendered":"<p>O<strong> presidente da Rep\u00fablica<\/strong>, Jair Bolsonaro, e o presidente da Fran\u00e7a, <strong>Emmanuel Macron<\/strong>, se reuniram informalmente durante o <a href=\"https:\/\/www.suno.com.br\/artigos\/g20\/\"><strong>G20<\/strong><\/a>, em <strong>Osaka<\/strong>, no <strong>Jap\u00e3o<\/strong>, nesta sexta-feira (28). De acordo com o porta-voz da Presid\u00eancia,o <strong>Brasil<\/strong> continuar\u00e1 no<a href=\"http:\/\/www.mma.gov.br\/clima\/convencao-das-nacoes-unidas\/acordo-de-paris\"><strong> Acordo do Clima de Paris<\/strong><\/a>.<\/p>\t<div class=\"wrapper-featured-image\">\n\t\t<figure class=\"spotlightImg\">\n\n\t\t\t<picture>\n\t\t\t\t<source media=\"(max-width: 768px)\" srcset=\"https:\/\/files.sunoresearch.com.br\/n\/uploads\/2019\/03\/e8ea3313-bolsonaro-400x200.gif\">\n\t\t\t\t<img loading=\"lazy\" decoding=\"async\" class=\"newsContent__article__imgCapa lazyloadDisabled newsContent__article__imgCapa--noCaption\" src=\"https:\/\/files.sunoresearch.com.br\/n\/uploads\/2019\/03\/e8ea3313-bolsonaro.gif\" width=\"800\" height=\"450\" alt=\"Bolsonaro afirma permanecer no Acordo de Paris ap\u00f3s reuni\u00e3o com Macron\" fetchpriority=high \/>\n\t\t\t<\/picture>\n\n\t\t\t<figcaption class=\"wp-caption-text wp-caption-text--hide\">Bolsonaro afirma que permanecer\u00e1 no Acordo de Paris<\/figcaption>\n\t\t<\/figure>\n\t<\/div>\n\n\n<p>Ademais, <strong>Bolsonaro<\/strong> sinalizou ao presidente franc\u00eas que espera apoio do pa\u00eds para o acordo de livre com\u00e9rcio da <strong>Uni\u00e3o Europeia<\/strong> com o<strong> Mercosul<\/strong>. Al\u00e9m disso, o presidente da Rep\u00fablica convidou <strong>Macron<\/strong> para visitar a<strong> regi\u00e3o amaz\u00f4nica<\/strong> do Pa\u00eds.<\/p>\n<p>No final do ano passado, o <strong>presidente franc\u00eas<\/strong> afirmou que o acordo de <strong>UE<\/strong> e <strong>Mercosul<\/strong> dependia da posi\u00e7\u00e3o de <strong>Bolsonaro<\/strong>.<\/p>\n\t<p>\n\t\t<a href=\"https:\/\/lp.suno.com.br\/ebook-10-livros\/\" target=\"_blank\" data-element=\"shortcode-suno-banner\" title=\"Banner SUNO, clique e saiba mais\">\n\t\t\t<picture>\n\t\t\t\t<source media=\"(max-width: 500px)\" srcset=\"https:\/\/files.sunoresearch.com.br\/n\/uploads\/2023\/03\/400x300-10-livros.png\">\n\t\t\t\t<img class=\"newsContent__article__imgCapa newsContent__article__imgCapa--banner\"\n\t\t\t\t\tsrc=\"https:\/\/files.sunoresearch.com.br\/n\/uploads\/2023\/03\/1420x240-10-livros.png\"\n\t\t\t\t\tdata-promo-id=\"383159\"\t\t\t\t\t\t\t\t\t\twidth='1420' height='240'\t\t\t\t\talt=\"https:\/\/files.sunoresearch.com.br\/n\/uploads\/2023\/03\/1420x240-10-livros.png\"\n\t\t\t\t>\n\t\t\t<\/picture>\n\t\t<\/a>\n\t<\/p>\n\n\n<h2>Acordo entre UE e Mercosul<\/h2>\n<p>No dia 29 de novembro do ano passado, <strong>Macron<\/strong> disse em uma entrevista coletiva que seu apoio ao acordo dependia da posi\u00e7\u00e3o de <strong>Bolsonaro<\/strong> em rela\u00e7\u00e3o ao <strong>Acordo Clim\u00e1tico de Paris.<\/strong><\/p>\n<p>&#8220;N\u00e3o podemos pedir aos agricultores e trabalhadores franceses que mudem seus h\u00e1bitos de produ\u00e7\u00e3o para liderar a transi\u00e7\u00e3o<strong> ecol\u00f3gica<\/strong> e assinar acordos comerciais com pa\u00edses que n\u00e3o fazem o mesmo. Queremos acordo equilibrados&#8221;, disse o <strong>presidente franc\u00eas<\/strong>.<\/p>\n<p><a href=\"\/\/www.suno.com.br\/noticias\/g20-acordo-ue-mercosul-bolsonaro-macron\/\">Saiba Mais:\u00a0Macron: Acordo de UE e Mercosul depende de Bolsonaro<\/a><\/p>\n<p>Essa declara\u00e7\u00e3o foi feita em rela\u00e7\u00e3o a <strong>campanha eleitoral<\/strong> de<strong> Bolsonaro<\/strong> que afirmava que poderia retirar o<strong> Brasil<\/strong> do<strong> Acordo de Paris<\/strong>. No entanto, quando eleito, disse que s\u00f3 iria sair do acordo n\u00e3o fosse alterado.<\/p>\n<p>A posi\u00e7\u00e3o de <strong>Bolsonaro<\/strong> durante o encontro entre os presidentes refor\u00e7ou o posicionamento do compromisso firmado pelos <strong>Brics<\/strong>.<\/p>\n<p>&#8220;Continuamos comprometidos com a plena implementa\u00e7\u00e3o do Acordo de Paris, adotado sob os princ\u00edpios da <strong>Conven\u00e7\u00e3o-Quadro das Na\u00e7\u00f5es Unidas<\/strong> sobre a <strong>mudan\u00e7a clim\u00e1tica<\/strong>, inclusive os princ\u00edpios das responsabilidades comuns por\u00e9m diferenciadas e respectivas capacidades, \u00e0 luz de diferentes circunst\u00e2ncias nacionais&#8221;, diz o texto do grupo.<\/p>\n\t<p>\n\t\t<a href=\"https:\/\/lp.suno.com.br\/minicurso-contabilidade\/\" target=\"_blank\" data-element=\"shortcode-suno-banner\" title=\"Banner SUNO, clique e saiba mais\">\n\t\t\t<picture>\n\t\t\t\t<source media=\"(max-width: 500px)\" srcset=\"https:\/\/files.sunoresearch.com.br\/n\/uploads\/2023\/03\/400x300-Minicurso-Contabilidade.png\">\n\t\t\t\t<img class=\"newsContent__article__imgCapa newsContent__article__imgCapa--banner\"\n\t\t\t\t\tsrc=\"https:\/\/files.sunoresearch.com.br\/n\/uploads\/2023\/03\/1420x240-Minicurso-Contabilidade.png\"\n\t\t\t\t\tdata-promo-id=\"383158\"\t\t\t\t\t\t\t\t\t\twidth='1420' height='240'\t\t\t\t\talt=\"https:\/\/files.sunoresearch.com.br\/n\/uploads\/2023\/03\/1420x240-Minicurso-Contabilidade.png\"\n\t\t\t\t>\n\t\t\t<\/picture>\n\t\t<\/a>\n\t<\/p>\n\n\n<h2>Merkel e Bolsonaro<\/h2>\n<p>Al\u00e9m da preocupa\u00e7\u00e3o de Macron com quest\u00f5es clim\u00e1ticas, a <strong>chanceler alem\u00e3<\/strong>,<strong> Angela Merkel<\/strong>, se manifestou \u00e0s v\u00e9speras do <strong>G20<\/strong> sobre o <strong>desmamento do Amazonas<\/strong>.<\/p>\n<p>Em resposta, o <strong>presidente da Rep\u00fablica<\/strong> afirmou que n\u00e3o aceitaria advert\u00eancias de outros pa\u00edses.<\/p>\n<p><a href=\"\/\/www.suno.com.br\/noticias\/acordo-comercial-uniao-europeia-mercosul\/\">Saiba Mais:\u00a0Pa\u00edses europeus querem acordo comercial entre Uni\u00e3o Europeia e Mercosul<\/a><\/p>\n<p>&#8220;Eles [alem\u00e3es] t\u00eam a aprender muito conosco. O<strong> presidente do Brasil<\/strong> que est\u00e1 aqui n\u00e3o \u00e9 como alguns anteriores que vieram aqui para serem advertidos por outros pa\u00edses. N\u00e3o, a situa\u00e7\u00e3o aqui \u00e9 respeito para com o <strong>Brasil<\/strong>. N\u00e3o aceitaremos tratamento como no passado, de alguns casos de chefes de estado que estiveram aqui&#8221;, disse o<strong> presidente<\/strong>.<\/p>\n<p>Nesta sexta,<strong> Merkel<\/strong> e<strong> Bolsonaro<\/strong> se encontraram durante a <strong>c\u00fapula do G20<\/strong>. O assunto discutido n\u00e3o foi revelado. De acordo com o porta-voz, o clima da reuni\u00e3o &#8220;foi amistosa&#8221;.<\/p>\n","protected":false},"excerpt":{"rendered":"<p>O presidente da Rep\u00fablica, Jair Bolsonaro, e o presidente da Fran\u00e7a, Emmanuel Macron, se reuniram informalmente durante o G20, em Osaka, no Jap\u00e3o, nesta sexta-feira (28). De acordo com o porta-voz da Presid\u00eancia,o Brasil continuar\u00e1 no Acordo do Clima de Paris. Bolsonaro afirma que permanecer\u00e1 no Acordo de Paris Ademais, Bolsonaro sinalizou ao presidente franc\u00eas [&hellip;]<\/p>\n","protected":false},"author":15,"featured_media":18237,"comment_status":"closed","ping_status":"closed","sticky":false,"template":"","format":"standard","meta":[],"categories":[63],"tags":[719,868],"suno_strategy":[],"class_list":["post-29420","post","type-post","status-publish","format-standard","has-post-thumbnail","hentry","category-internacional","tag-jair-bolsonaro","tag-mercosul"],"yoast_head":"<!-- This site is optimized with the Yoast SEO plugin v24.4 - https:\/\/yoast.com\/wordpress\/plugins\/seo\/ -->\n<title>Bolsonaro afirma que permanecer\u00e1 no Acordo de Paris<\/title>\n<meta name=\"description\" content=\"Nesta sexta (28), durante o G20 em uma reuni\u00e3o com o presidente da Fran\u00e7a, Bolsonaro afirmou que permanecer\u00e1 no acordo. Clique aqui\" \/>\n<meta name=\"robots\" content=\"index, follow, max-snippet:-1, max-image-preview:large, max-video-preview:-1\" \/>\n<link rel=\"canonical\" href=\"https:\/\/www.suno.com.br\/noticias\/bolsonaro-macron-encontro-g20\/\" \/>\n<meta property=\"og:locale\" content=\"pt_BR\" \/>\n<meta property=\"og:type\" content=\"article\" \/>\n<meta property=\"og:title\" content=\"Bolsonaro afirma que permanecer\u00e1 no Acordo de Paris\" \/>\n<meta property=\"og:description\" content=\"Nesta sexta (28), durante o G20 em uma reuni\u00e3o com o presidente da Fran\u00e7a, Bolsonaro afirmou que permanecer\u00e1 no acordo. Clique aqui\" \/>\n<meta property=\"og:url\" content=\"https:\/\/www.suno.com.br\/noticias\/bolsonaro-macron-encontro-g20\/\" \/>\n<meta property=\"og:site_name\" content=\"Suno Not\u00edcias\" \/>\n<meta property=\"article:publisher\" content=\"https:\/\/facebook.com\/sunoresearch\" \/>\n<meta property=\"og:image\" content=\"https:\/\/files.sunoresearch.com.br\/n\/uploads\/2019\/03\/e8ea3313-bolsonaro.gif\" \/>\n\t<meta property=\"og:image:width\" content=\"680\" \/>\n\t<meta property=\"og:image:height\" content=\"453\" \/>\n\t<meta property=\"og:image:type\" content=\"image\/gif\" \/>\n<meta name=\"author\" content=\"Poliana Santos\" \/>\n<meta name=\"twitter:card\" content=\"summary_large_image\" \/>\n<meta name=\"twitter:creator\" content=\"@sunoresearch\" \/>\n<meta name=\"twitter:site\" content=\"@sunoresearch\" \/>\n<meta name=\"twitter:label1\" content=\"Escrito por\" \/>\n\t<meta name=\"twitter:data1\" content=\"Poliana Santos\" \/>\n\t<meta name=\"twitter:label2\" content=\"Est. tempo de leitura\" \/>\n\t<meta name=\"twitter:data2\" content=\"2 minutos\" \/>\n<script type=\"application\/ld+json\" class=\"yoast-schema-graph\">{\"@context\":\"https:\/\/schema.org\",\"@graph\":[{\"@type\":\"NewsArticle\",\"@id\":\"https:\/\/www.suno.com.br\/noticias\/bolsonaro-macron-encontro-g20\/#article\",\"isPartOf\":{\"@id\":\"https:\/\/www.suno.com.br\/noticias\/bolsonaro-macron-encontro-g20\/\"},\"author\":{\"name\":\"Poliana Santos\",\"@id\":\"https:\/\/www.suno.com.br\/noticias\/#\/schema\/person\/02ec1f752758247878a2bf4abee1aeda\"},\"headline\":\"Bolsonaro afirma permanecer no Acordo de Paris ap\u00f3s reuni\u00e3o com Macron\",\"datePublished\":\"2019-06-28T13:37:46+00:00\",\"dateModified\":\"2019-06-28T15:44:08+00:00\",\"mainEntityOfPage\":{\"@id\":\"https:\/\/www.suno.com.br\/noticias\/bolsonaro-macron-encontro-g20\/\"},\"wordCount\":498,\"publisher\":{\"@id\":\"https:\/\/www.suno.com.br\/noticias\/#organization\"},\"image\":{\"@id\":\"https:\/\/www.suno.com.br\/noticias\/bolsonaro-macron-encontro-g20\/#primaryimage\"},\"thumbnailUrl\":\"https:\/\/files.sunoresearch.com.br\/n\/uploads\/2019\/03\/e8ea3313-bolsonaro.gif\",\"keywords\":[\"Jair Bolsonaro\",\"Mercosul\"],\"articleSection\":[\"Internacional\"],\"inLanguage\":\"pt-BR\"},{\"@type\":\"WebPage\",\"@id\":\"https:\/\/www.suno.com.br\/noticias\/bolsonaro-macron-encontro-g20\/\",\"url\":\"https:\/\/www.suno.com.br\/noticias\/bolsonaro-macron-encontro-g20\/\",\"name\":\"Bolsonaro afirma que permanecer\u00e1 no Acordo de Paris\",\"isPartOf\":{\"@id\":\"https:\/\/www.suno.com.br\/noticias\/#website\"},\"primaryImageOfPage\":{\"@id\":\"https:\/\/www.suno.com.br\/noticias\/bolsonaro-macron-encontro-g20\/#primaryimage\"},\"image\":{\"@id\":\"https:\/\/www.suno.com.br\/noticias\/bolsonaro-macron-encontro-g20\/#primaryimage\"},\"thumbnailUrl\":\"https:\/\/files.sunoresearch.com.br\/n\/uploads\/2019\/03\/e8ea3313-bolsonaro.gif\",\"datePublished\":\"2019-06-28T13:37:46+00:00\",\"dateModified\":\"2019-06-28T15:44:08+00:00\",\"description\":\"Nesta sexta (28), durante o G20 em uma reuni\u00e3o com o presidente da Fran\u00e7a, Bolsonaro afirmou que permanecer\u00e1 no acordo. Clique aqui\",\"breadcrumb\":{\"@id\":\"https:\/\/www.suno.com.br\/noticias\/bolsonaro-macron-encontro-g20\/#breadcrumb\"},\"inLanguage\":\"pt-BR\",\"potentialAction\":[{\"@type\":\"ReadAction\",\"target\":[\"https:\/\/www.suno.com.br\/noticias\/bolsonaro-macron-encontro-g20\/\"]}]},{\"@type\":\"ImageObject\",\"inLanguage\":\"pt-BR\",\"@id\":\"https:\/\/www.suno.com.br\/noticias\/bolsonaro-macron-encontro-g20\/#primaryimage\",\"url\":\"https:\/\/files.sunoresearch.com.br\/n\/uploads\/2019\/03\/e8ea3313-bolsonaro.gif\",\"contentUrl\":\"https:\/\/files.sunoresearch.com.br\/n\/uploads\/2019\/03\/e8ea3313-bolsonaro.gif\",\"width\":680,\"height\":453,\"caption\":\"Bolsonaro afirma que permanecer\u00e1 no Acordo de Paris\"},{\"@type\":\"BreadcrumbList\",\"@id\":\"https:\/\/www.suno.com.br\/noticias\/bolsonaro-macron-encontro-g20\/#breadcrumb\",\"itemListElement\":[{\"@type\":\"ListItem\",\"position\":1,\"name\":\"Not\u00edcias\",\"item\":\"https:\/\/www.suno.com.br\/noticias\/\"},{\"@type\":\"ListItem\",\"position\":2,\"name\":\"Internacional\",\"item\":\"https:\/\/www.suno.com.br\/noticias\/internacional\/\"},{\"@type\":\"ListItem\",\"position\":3,\"name\":\"Bolsonaro afirma permanecer no Acordo de Paris ap\u00f3s reuni\u00e3o com Macron\"}]},{\"@type\":\"WebSite\",\"@id\":\"https:\/\/www.suno.com.br\/noticias\/#website\",\"url\":\"https:\/\/www.suno.com.br\/noticias\/\",\"name\":\"Suno Not\u00edcias\",\"description\":\"Seu portal de informa\u00e7\u00e3o sobre o mundo dos investimentos\",\"publisher\":{\"@id\":\"https:\/\/www.suno.com.br\/noticias\/#organization\"},\"potentialAction\":[{\"@type\":\"SearchAction\",\"target\":{\"@type\":\"EntryPoint\",\"urlTemplate\":\"https:\/\/www.suno.com.br\/noticias\/?s={search_term_string}\"},\"query-input\":{\"@type\":\"PropertyValueSpecification\",\"valueRequired\":true,\"valueName\":\"search_term_string\"}}],\"inLanguage\":\"pt-BR\"},{\"@type\":\"Organization\",\"@id\":\"https:\/\/www.suno.com.br\/noticias\/#organization\",\"name\":\"Suno Not\u00edcias\",\"url\":\"https:\/\/www.suno.com.br\/noticias\/\",\"logo\":{\"@type\":\"ImageObject\",\"inLanguage\":\"pt-BR\",\"@id\":\"https:\/\/www.suno.com.br\/noticias\/#\/schema\/logo\/image\/\",\"url\":\"https:\/\/files.sunoresearch.com.br\/n\/uploads\/2021\/09\/suno-logo.png\",\"contentUrl\":\"https:\/\/files.sunoresearch.com.br\/n\/uploads\/2021\/09\/suno-logo.png\",\"width\":180,\"height\":180,\"caption\":\"Suno Not\u00edcias\"},\"image\":{\"@id\":\"https:\/\/www.suno.com.br\/noticias\/#\/schema\/logo\/image\/\"},\"sameAs\":[\"https:\/\/facebook.com\/sunoresearch\",\"https:\/\/x.com\/sunoresearch\",\"https:\/\/www.instagram.com\/suno\",\"https:\/\/www.linkedin.com\/company\/suno-research\/\",\"https:\/\/www.youtube.com\/c\/sunoresearch\"]},{\"@type\":\"Person\",\"@id\":\"https:\/\/www.suno.com.br\/noticias\/#\/schema\/person\/02ec1f752758247878a2bf4abee1aeda\",\"name\":\"Poliana Santos\",\"image\":{\"@type\":\"ImageObject\",\"inLanguage\":\"pt-BR\",\"@id\":\"https:\/\/www.suno.com.br\/noticias\/#\/schema\/person\/image\/\",\"url\":\"https:\/\/secure.gravatar.com\/avatar\/0645bd32f23d87b2130f2b2dff1d3f8d?s=96&r=g\",\"contentUrl\":\"https:\/\/secure.gravatar.com\/avatar\/0645bd32f23d87b2130f2b2dff1d3f8d?s=96&r=g\",\"caption\":\"Poliana Santos\"},\"description\":\"Rep\u00f3rter no Suno Not\u00edcias, com cobertura em mercado financeiro, economia, finan\u00e7as pessoais, renda fixa e varejo. Jornalista formada pela Faculdade C\u00e1sper L\u00edbero e possui passagem na R\u00e1dio Gazeta AM com a produ\u00e7\u00e3o de conte\u00fado sobre economia, pol\u00edtica, sa\u00fade, moda e m\u00fasica. Possui certificado de conclus\u00e3o do curso de An\u00e1lise de Balan\u00e7os pela Funda\u00e7\u00e3o Bradesco, Agenda Brasil pela FAAP, Educa\u00e7\u00e3o Pol\u00edtica por Alexandre Garcia e do Tesouro Direto e Mercado de A\u00e7\u00f5es pela B3.\",\"url\":\"https:\/\/www.suno.com.br\/noticias\/author\/poliana-santos\/\"}]}<\/script>\n<!-- \/ Yoast SEO plugin. -->","yoast_head_json":{"title":"Bolsonaro afirma que permanecer\u00e1 no Acordo de Paris","description":"Nesta sexta (28), durante o G20 em uma reuni\u00e3o com o presidente da Fran\u00e7a, Bolsonaro afirmou que permanecer\u00e1 no acordo. Clique aqui","robots":{"index":"index","follow":"follow","max-snippet":"max-snippet:-1","max-image-preview":"max-image-preview:large","max-video-preview":"max-video-preview:-1"},"canonical":"https:\/\/www.suno.com.br\/noticias\/bolsonaro-macron-encontro-g20\/","og_locale":"pt_BR","og_type":"article","og_title":"Bolsonaro afirma que permanecer\u00e1 no Acordo de Paris","og_description":"Nesta sexta (28), durante o G20 em uma reuni\u00e3o com o presidente da Fran\u00e7a, Bolsonaro afirmou que permanecer\u00e1 no acordo. Clique aqui","og_url":"https:\/\/www.suno.com.br\/noticias\/bolsonaro-macron-encontro-g20\/","og_site_name":"Suno Not\u00edcias","article_publisher":"https:\/\/facebook.com\/sunoresearch","og_image":[{"width":680,"height":453,"url":"https:\/\/files.sunoresearch.com.br\/n\/uploads\/2019\/03\/e8ea3313-bolsonaro.gif","type":"image\/gif"}],"author":"Poliana Santos","twitter_card":"summary_large_image","twitter_creator":"@sunoresearch","twitter_site":"@sunoresearch","twitter_misc":{"Escrito por":"Poliana Santos","Est. tempo de leitura":"2 minutos"},"schema":{"@context":"https:\/\/schema.org","@graph":[{"@type":"NewsArticle","@id":"https:\/\/www.suno.com.br\/noticias\/bolsonaro-macron-encontro-g20\/#article","isPartOf":{"@id":"https:\/\/www.suno.com.br\/noticias\/bolsonaro-macron-encontro-g20\/"},"author":{"name":"Poliana Santos","@id":"https:\/\/www.suno.com.br\/noticias\/#\/schema\/person\/02ec1f752758247878a2bf4abee1aeda"},"headline":"Bolsonaro afirma permanecer no Acordo de Paris ap\u00f3s reuni\u00e3o com Macron","datePublished":"2019-06-28T13:37:46+00:00","dateModified":"2019-06-28T15:44:08+00:00","mainEntityOfPage":{"@id":"https:\/\/www.suno.com.br\/noticias\/bolsonaro-macron-encontro-g20\/"},"wordCount":498,"publisher":{"@id":"https:\/\/www.suno.com.br\/noticias\/#organization"},"image":{"@id":"https:\/\/www.suno.com.br\/noticias\/bolsonaro-macron-encontro-g20\/#primaryimage"},"thumbnailUrl":"https:\/\/files.sunoresearch.com.br\/n\/uploads\/2019\/03\/e8ea3313-bolsonaro.gif","keywords":["Jair Bolsonaro","Mercosul"],"articleSection":["Internacional"],"inLanguage":"pt-BR"},{"@type":"WebPage","@id":"https:\/\/www.suno.com.br\/noticias\/bolsonaro-macron-encontro-g20\/","url":"https:\/\/www.suno.com.br\/noticias\/bolsonaro-macron-encontro-g20\/","name":"Bolsonaro afirma que permanecer\u00e1 no Acordo de Paris","isPartOf":{"@id":"https:\/\/www.suno.com.br\/noticias\/#website"},"primaryImageOfPage":{"@id":"https:\/\/www.suno.com.br\/noticias\/bolsonaro-macron-encontro-g20\/#primaryimage"},"image":{"@id":"https:\/\/www.suno.com.br\/noticias\/bolsonaro-macron-encontro-g20\/#primaryimage"},"thumbnailUrl":"https:\/\/files.sunoresearch.com.br\/n\/uploads\/2019\/03\/e8ea3313-bolsonaro.gif","datePublished":"2019-06-28T13:37:46+00:00","dateModified":"2019-06-28T15:44:08+00:00","description":"Nesta sexta (28), durante o G20 em uma reuni\u00e3o com o presidente da Fran\u00e7a, Bolsonaro afirmou que permanecer\u00e1 no acordo. Clique aqui","breadcrumb":{"@id":"https:\/\/www.suno.com.br\/noticias\/bolsonaro-macron-encontro-g20\/#breadcrumb"},"inLanguage":"pt-BR","potentialAction":[{"@type":"ReadAction","target":["https:\/\/www.suno.com.br\/noticias\/bolsonaro-macron-encontro-g20\/"]}]},{"@type":"ImageObject","inLanguage":"pt-BR","@id":"https:\/\/www.suno.com.br\/noticias\/bolsonaro-macron-encontro-g20\/#primaryimage","url":"https:\/\/files.sunoresearch.com.br\/n\/uploads\/2019\/03\/e8ea3313-bolsonaro.gif","contentUrl":"https:\/\/files.sunoresearch.com.br\/n\/uploads\/2019\/03\/e8ea3313-bolsonaro.gif","width":680,"height":453,"caption":"Bolsonaro afirma que permanecer\u00e1 no Acordo de Paris"},{"@type":"BreadcrumbList","@id":"https:\/\/www.suno.com.br\/noticias\/bolsonaro-macron-encontro-g20\/#breadcrumb","itemListElement":[{"@type":"ListItem","position":1,"name":"Not\u00edcias","item":"https:\/\/www.suno.com.br\/noticias\/"},{"@type":"ListItem","position":2,"name":"Internacional","item":"https:\/\/www.suno.com.br\/noticias\/internacional\/"},{"@type":"ListItem","position":3,"name":"Bolsonaro afirma permanecer no Acordo de Paris ap\u00f3s reuni\u00e3o com Macron"}]},{"@type":"WebSite","@id":"https:\/\/www.suno.com.br\/noticias\/#website","url":"https:\/\/www.suno.com.br\/noticias\/","name":"Suno Not\u00edcias","description":"Seu portal de informa\u00e7\u00e3o sobre o mundo dos investimentos","publisher":{"@id":"https:\/\/www.suno.com.br\/noticias\/#organization"},"potentialAction":[{"@type":"SearchAction","target":{"@type":"EntryPoint","urlTemplate":"https:\/\/www.suno.com.br\/noticias\/?s={search_term_string}"},"query-input":{"@type":"PropertyValueSpecification","valueRequired":true,"valueName":"search_term_string"}}],"inLanguage":"pt-BR"},{"@type":"Organization","@id":"https:\/\/www.suno.com.br\/noticias\/#organization","name":"Suno Not\u00edcias","url":"https:\/\/www.suno.com.br\/noticias\/","logo":{"@type":"ImageObject","inLanguage":"pt-BR","@id":"https:\/\/www.suno.com.br\/noticias\/#\/schema\/logo\/image\/","url":"https:\/\/files.sunoresearch.com.br\/n\/uploads\/2021\/09\/suno-logo.png","contentUrl":"https:\/\/files.sunoresearch.com.br\/n\/uploads\/2021\/09\/suno-logo.png","width":180,"height":180,"caption":"Suno Not\u00edcias"},"image":{"@id":"https:\/\/www.suno.com.br\/noticias\/#\/schema\/logo\/image\/"},"sameAs":["https:\/\/facebook.com\/sunoresearch","https:\/\/x.com\/sunoresearch","https:\/\/www.instagram.com\/suno","https:\/\/www.linkedin.com\/company\/suno-research\/","https:\/\/www.youtube.com\/c\/sunoresearch"]},{"@type":"Person","@id":"https:\/\/www.suno.com.br\/noticias\/#\/schema\/person\/02ec1f752758247878a2bf4abee1aeda","name":"Poliana Santos","image":{"@type":"ImageObject","inLanguage":"pt-BR","@id":"https:\/\/www.suno.com.br\/noticias\/#\/schema\/person\/image\/","url":"https:\/\/secure.gravatar.com\/avatar\/0645bd32f23d87b2130f2b2dff1d3f8d?s=96&r=g","contentUrl":"https:\/\/secure.gravatar.com\/avatar\/0645bd32f23d87b2130f2b2dff1d3f8d?s=96&r=g","caption":"Poliana Santos"},"description":"Rep\u00f3rter no Suno Not\u00edcias, com cobertura em mercado financeiro, economia, finan\u00e7as pessoais, renda fixa e varejo. Jornalista formada pela Faculdade C\u00e1sper L\u00edbero e possui passagem na R\u00e1dio Gazeta AM com a produ\u00e7\u00e3o de conte\u00fado sobre economia, pol\u00edtica, sa\u00fade, moda e m\u00fasica. Possui certificado de conclus\u00e3o do curso de An\u00e1lise de Balan\u00e7os pela Funda\u00e7\u00e3o Bradesco, Agenda Brasil pela FAAP, Educa\u00e7\u00e3o Pol\u00edtica por Alexandre Garcia e do Tesouro Direto e Mercado de A\u00e7\u00f5es pela B3.","url":"https:\/\/www.suno.com.br\/noticias\/author\/poliana-santos\/"}]}},"default_loop_html":"<div class=\"cardsPage__listCard__boxs\"><div class=\"cardsPage__listCard__boxs__img\"><a href=\"https:\/\/www.suno.com.br\/noticias\/bolsonaro-macron-encontro-g20\/\"><img class=\"mask\" src=\"https:\/\/www.suno.com.br\/noticias\/wp-content\/themes\/suno\/resources\/images\/spotlight\/spotlight1img\/bg-mask.png\" alt=\"Image Mask\"\/><img src=\"https:\/\/files.sunoresearch.com.br\/n\/uploads\/2019\/03\/e8ea3313-bolsonaro-400x200.gif\" alt=\"Bolsonaro afirma permanecer no Acordo de Paris ap\u00f3s reuni\u00e3o com Macron\"\/><\/a><span class=\"spotlightCategory\"><a href=\"https:\/\/www.suno.com.br\/noticias\/internacional\/\">Internacional<\/a><\/span><\/div><div class=\"cardsPage__listCard__boxs__content\"><a href=\"https:\/\/www.suno.com.br\/noticias\/bolsonaro-macron-encontro-g20\/\"><h2 class=\"content__title\">Bolsonaro afirma permanecer no Acordo de Paris ap\u00f3s reuni\u00e3o com Macron<\/h2><\/a><div class=\"newsContent__article__meta\"><div class=\"newsContent__article__meta__authorBox\"><a href=\"https:\/\/www.suno.com.br\/noticias\/author\/poliana-santos\/\" class=\"authorBox__avatar noMobi\"><img src=\"https:\/\/files.sunoresearch.com.br\/n\/uploads\/2020\/08\/7ef34026-whatsapp-image-2020-08-03-at-12.37.57-150x150.webp\" alt=\"Poliana Santos\"><\/a><div class=\"authorBox__name\"><span>por\n\t\t\t<a href=\"https:\/\/www.suno.com.br\/noticias\/author\/poliana-santos\/\"><span itemprop=\"author\">Poliana Santos<\/span><\/a><\/span><time datetime=\"2019-06-28T10:37:46-03:00\" itemprop=\"datePublished\">28\/06\/2019 10:37<\/time><\/div><\/div><\/div><\/div><\/div>","single_layout":"posts","amp_enabled":true,"_links":{"self":[{"href":"https:\/\/www.suno.com.br\/noticias\/wp-json\/wp\/v2\/posts\/29420"}],"collection":[{"href":"https:\/\/www.suno.com.br\/noticias\/wp-json\/wp\/v2\/posts"}],"about":[{"href":"https:\/\/www.suno.com.br\/noticias\/wp-json\/wp\/v2\/types\/post"}],"author":[{"embeddable":true,"href":"https:\/\/www.suno.com.br\/noticias\/wp-json\/wp\/v2\/users\/15"}],"replies":[{"embeddable":true,"href":"https:\/\/www.suno.com.br\/noticias\/wp-json\/wp\/v2\/comments?post=29420"}],"version-history":[{"count":0,"href":"https:\/\/www.suno.com.br\/noticias\/wp-json\/wp\/v2\/posts\/29420\/revisions"}],"wp:featuredmedia":[{"embeddable":true,"href":"https:\/\/www.suno.com.br\/noticias\/wp-json\/wp\/v2\/media\/18237"}],"wp:attachment":[{"href":"https:\/\/www.suno.com.br\/noticias\/wp-json\/wp\/v2\/media?parent=29420"}],"wp:term":[{"taxonomy":"category","embeddable":true,"href":"https:\/\/www.suno.com.br\/noticias\/wp-json\/wp\/v2\/categories?post=29420"},{"taxonomy":"post_tag","embeddable":true,"href":"https:\/\/www.suno.com.br\/noticias\/wp-json\/wp\/v2\/tags?post=29420"},{"taxonomy":"suno_strategy","embeddable":true,"href":"https:\/\/www.suno.com.br\/noticias\/wp-json\/wp\/v2\/suno_strategy?post=29420"}],"curies":[{"name":"wp","href":"https:\/\/api.w.org\/{rel}","templated":true}]}}