{"id":29415,"date":"2019-06-28T08:17:18","date_gmt":"2019-06-28T11:17:18","guid":{"rendered":"https:\/\/www.suno.com.br\/noticias\/?p=29415"},"modified":"2019-06-28T11:29:28","modified_gmt":"2019-06-28T14:29:28","slug":"neoenergia-ipo-oferta-publica-acoes-preco","status":"publish","type":"post","link":"https:\/\/www.suno.com.br\/noticias\/neoenergia-ipo-oferta-publica-acoes-preco\/","title":{"rendered":"Neoenergia encerra oferta inicial em R$ 15,65 por a\u00e7\u00e3o"},"content":{"rendered":"<p>O maior grupo privado do setor el\u00e9trico brasileiro em n\u00fameros de clientes, <a href=\"http:\/\/www.neoenergia.com\/Pages\/Default.aspx\">Neoenergia<\/a> (NEOE3), encerrou sua <strong><a href=\"https:\/\/www.suno.com.br\/artigos\/ipo\/\">oferta inicial de a\u00e7\u00f5es<\/a><\/strong> (IPO), na \u00faltima quinta-feira (27), em R$ 15,65 por a\u00e7\u00e3o.<\/p>\t<div class=\"wrapper-featured-image\">\n\t\t<figure class=\"spotlightImg\">\n\n\t\t\t<picture>\n\t\t\t\t<source media=\"(max-width: 768px)\" srcset=\"https:\/\/files.sunoresearch.com.br\/n\/uploads\/2018\/12\/64b6c507-amazonas-energia3-400x200.webp\">\n\t\t\t\t<img loading=\"lazy\" decoding=\"async\" class=\"newsContent__article__imgCapa lazyloadDisabled newsContent__article__imgCapa--noCaption\" src=\"https:\/\/files.sunoresearch.com.br\/n\/uploads\/2018\/12\/64b6c507-amazonas-energia3.jpg\" width=\"800\" height=\"450\" alt=\"Neoenergia encerra oferta inicial em R$ 15,65 por a\u00e7\u00e3o\" fetchpriority=high \/>\n\t\t\t<\/picture>\n\n\t\t\t<figcaption class=\"wp-caption-text wp-caption-text--hide\">Bolsonaro aprova lei que pro\u00edbe corte de energia sem aviso pr\u00e9vio<\/figcaption>\n\t\t<\/figure>\n\t<\/div>\n\n\n<p>A estimativa pelo mercado era de uma movimenta\u00e7\u00e3o de at\u00e9 R$ 4 bilh\u00f5es. Mas, a<strong> Neoenergia<\/strong> fechou <strong><a href=\"https:\/\/www.youtube.com\/watch?v=HW_EDomi1ws\">IPO<\/a><\/strong> com emiss\u00e3o de at\u00e9 R$ 3,744 bilh\u00f5es. A movimenta\u00e7\u00e3o ocorreu com a venda de um lote secund\u00e1rio de 208 milh\u00f5es de <strong><a href=\"https:\/\/www.suno.com.br\/artigos\/porque-investir-em-acoes\/\">a\u00e7\u00f5es<\/a><\/strong>.<\/p>\n<p>&#8220;Entendemos que o<strong><a href=\"https:\/\/www.suno.com.br\/artigos\/como-fazer-valuation-empresas\/\"> valuation<\/a><\/strong>, at\u00e9 o pre\u00e7o de R$ 15,65 por a\u00e7\u00e3o, que representa um desconto ante os pares, precifica a empresa de forma interessante, e entendemos como um bom neg\u00f3cio&#8221;, disse o fundador da casa de an\u00e1lise de<a href=\"https:\/\/www.suno.com.br\/artigos\/todo-investidor-deveria-imprimir-este-artigo-e-pendurar-na-parede-parte-1\/\"> investimentos<\/a>,<strong><a href=\"https:\/\/www.suno.com.br\/\"> Suno Research<\/a><\/strong>,<strong><a href=\"https:\/\/www.suno.com.br\/autor\/tiago-reis\/\"> Tiago Reis<\/a><\/strong>.<\/p>\n\t<p>\n\t\t<a href=\"https:\/\/lp.suno.com.br\/pv\/sr-premium\/trial-1-real\/\" target=\"_blank\" data-element=\"shortcode-suno-banner\" title=\"Banner SUNO, clique e saiba mais\">\n\t\t\t<picture>\n\t\t\t\t<source media=\"(max-width: 500px)\" srcset=\"https:\/\/files.sunoresearch.com.br\/n\/uploads\/2024\/04\/400x300-Banner-Home-2.png\">\n\t\t\t\t<img class=\"newsContent__article__imgCapa newsContent__article__imgCapa--banner\"\n\t\t\t\t\tsrc=\"https:\/\/files.sunoresearch.com.br\/n\/uploads\/2024\/04\/1420x240-Banner-Home-2.png\"\n\t\t\t\t\tdata-promo-id=\"541556\"\t\t\t\t\t\t\t\t\t\twidth='1420' height='240'\t\t\t\t\talt=\"https:\/\/files.sunoresearch.com.br\/n\/uploads\/2024\/04\/1420x240-Banner-Home-2.png\"\n\t\t\t\t>\n\t\t\t<\/picture>\n\t\t<\/a>\n\t<\/p>\n\n\n<h2>IPO da Neoenergia<\/h2>\n<p>As a\u00e7\u00f5es da Neoenergia come\u00e7am a ser negociadas na<strong><a href=\"https:\/\/www.suno.com.br\/artigos\/como-investir-em-acoes-na-bolsa-de-valores\/\"> Bolsa de Valores de S\u00e3o Paulo<\/a><\/strong>, na pr\u00f3xima segunda-feira (1). O pre\u00e7o ficou dentro do estimado de R$ 14,42 e R$ 16,89 por a\u00e7\u00e3o.<\/p>\n<p>Conforme o jornal &#8220;Estado de S.Paulo&#8221;, a demanda em volume para o IPO foi cinco vezes superior ao ofertado. Ademais, a oferta atraiu <strong><a href=\"https:\/\/www.suno.com.br\/artigos\/devo-investir-no-exterior\/\">i<\/a><a href=\"https:\/\/www.suno.com.br\/artigos\/devo-investir-no-exterior\/\">nvestidores estrangeiros<\/a><\/strong>. De acordo com o jornal, o setor de <strong>distribui\u00e7\u00e3o de energia<\/strong> el\u00e9trica \u00e9 considerado seguro e previs\u00edvel.<\/p>\n<p>As institui\u00e7\u00f5es respons\u00e1veis pela oferta do<strong> IPO<\/strong> foram o <strong>Banco do Brasil<\/strong>, <strong>Bank of America<\/strong>, <strong>Citibank<\/strong>, <strong>J.P.Morgan<\/strong>, <strong>Credit Suisse<\/strong> e <strong>HSBC<\/strong>.<\/p>\n<p><a href=\"\/\/www.suno.com.br\/noticias\/neonergia-ipo-oferta-publica-acoes-demanda\/\">Saiba Mais:\u00a0Neoenergia tem demanda superada em cinco vezes a oferta, diz jornal<\/a><\/p>\n<p>Para os vendedores na <strong>oferta secund\u00e1ria<\/strong> ser\u00e3o o <strong>Banco do Brasil<\/strong>, <strong>Previ<\/strong> (fundo de pens\u00e3o e funcion\u00e1rios do banco), e a <strong><a href=\"https:\/\/www.iberdrola.com\/home\">Iberdrola<\/a><\/strong>. Os principais s\u00f3cios da <strong>Neoenergia<\/strong> s\u00e3o:<\/p>\n<ul>\n<li><strong>Iberdrola<\/strong> com participa\u00e7\u00e3o de 52,45%;<\/li>\n<li>Banco do Brasil <strong>com participa\u00e7\u00e3o de 9,34%;<\/strong><\/li>\n<li>e o <strong>Previ<\/strong> com participa\u00e7\u00e3o de 38,21%.<\/li>\n<\/ul>\n<p>No total, foram disponibilizados 208.044.383 a\u00e7\u00f5es.<\/p>\n\t<p>\n\t\t<a href=\"https:\/\/lp.statusinvest.com.br\/cl\/carteira-automatizada\/\" target=\"_blank\" data-element=\"shortcode-suno-banner\" title=\"Banner SUNO, clique e saiba mais\">\n\t\t\t<picture>\n\t\t\t\t<source media=\"(max-width: 500px)\" srcset=\"https:\/\/files.sunoresearch.com.br\/n\/uploads\/2024\/02\/400x300-Mobile.png\">\n\t\t\t\t<img class=\"newsContent__article__imgCapa newsContent__article__imgCapa--banner\"\n\t\t\t\t\tsrc=\"https:\/\/files.sunoresearch.com.br\/n\/uploads\/2024\/02\/1420x240-Desktop.png\"\n\t\t\t\t\tdata-promo-id=\"518879\"\t\t\t\t\t\t\t\t\t\twidth='1420' height='240'\t\t\t\t\talt=\"https:\/\/files.sunoresearch.com.br\/n\/uploads\/2024\/02\/1420x240-Desktop.png\"\n\t\t\t\t>\n\t\t\t<\/picture>\n\t\t<\/a>\n\t<\/p>\n\n\n<p>A Companhia j\u00e1 havia tentado estrear na <strong><a href=\"https:\/\/www.suno.com.br\/artigos\/bovespa-precedente-b3\/\">Bolsa<\/a><\/strong> em 2017. Entretanto, na \u00e9poca, a precifica\u00e7\u00e3o ofertada pelos investidores n\u00e3o agradou os <strong><a href=\"https:\/\/www.suno.com.br\/artigos\/acionista-companhias-abertas\/\">acionistas<\/a> <\/strong>brasileiros.<\/p>\n<p>&#8220;Ao contr\u00e1rio de 2017, quando tamb\u00e9m analisamos a empresa e recomendamos aos investidores ficarem de fora, hoje \u00e9 poss\u00edvel visualizar uma melhora clara nos n\u00fameros da <strong>Neoenergia<\/strong>&#8220;, disse <strong><a href=\"https:\/\/www.youtube.com\/watch?v=-Z_DPUGHMNE\">Reis<\/a><\/strong> no <strong><a href=\"https:\/\/www.suno.com.br\/nossas-assinaturas\/\">Relat\u00f3rio Especial<\/a><\/strong> do <strong>IPO<\/strong> da companhia.<\/p>\n","protected":false},"excerpt":{"rendered":"<p>O maior grupo privado do setor el\u00e9trico brasileiro em n\u00fameros de clientes, Neoenergia (NEOE3), encerrou sua oferta inicial de a\u00e7\u00f5es (IPO), na \u00faltima quinta-feira (27), em R$ 15,65 por a\u00e7\u00e3o. Bolsonaro aprova lei que pro\u00edbe corte de energia sem aviso pr\u00e9vio A estimativa pelo mercado era de uma movimenta\u00e7\u00e3o de at\u00e9 R$ 4 bilh\u00f5es. Mas, [&hellip;]<\/p>\n","protected":false},"author":15,"featured_media":8369,"comment_status":"closed","ping_status":"closed","sticky":false,"template":"","format":"standard","meta":[],"categories":[64],"tags":[319,575],"suno_strategy":[],"class_list":["post-29415","post","type-post","status-publish","format-standard","has-post-thumbnail","hentry","category-negocios","tag-ipo-oferta-inicial-de-acoes","tag-neoenergia-neoe3"],"yoast_head":"<!-- This site is optimized with the Yoast SEO plugin v24.4 - https:\/\/yoast.com\/wordpress\/plugins\/seo\/ -->\n<title>Neoenergia encerra oferta inicial em R$ 15,65 por a\u00e7\u00e3o<\/title>\n<meta name=\"description\" content=\"Na \u00faltima quinta-feira (27), a Neoenergia fechou IPO com emiss\u00e3o de at\u00e9 R$ 3,744 bilh\u00f5es, com R$ 15,65 por a\u00e7\u00e3o. Para saber mais clique aqui\" \/>\n<meta name=\"robots\" content=\"index, follow, max-snippet:-1, max-image-preview:large, max-video-preview:-1\" \/>\n<link rel=\"canonical\" href=\"https:\/\/www.suno.com.br\/noticias\/neoenergia-ipo-oferta-publica-acoes-preco\/\" \/>\n<meta property=\"og:locale\" content=\"pt_BR\" \/>\n<meta property=\"og:type\" content=\"article\" \/>\n<meta property=\"og:title\" content=\"Neoenergia encerra oferta inicial em R$ 15,65 por a\u00e7\u00e3o\" \/>\n<meta property=\"og:description\" content=\"Na \u00faltima quinta-feira (27), a Neoenergia fechou IPO com emiss\u00e3o de at\u00e9 R$ 3,744 bilh\u00f5es, com R$ 15,65 por a\u00e7\u00e3o. Para saber mais clique aqui\" \/>\n<meta property=\"og:url\" content=\"https:\/\/www.suno.com.br\/noticias\/neoenergia-ipo-oferta-publica-acoes-preco\/\" \/>\n<meta property=\"og:site_name\" content=\"Suno Not\u00edcias\" \/>\n<meta property=\"article:publisher\" content=\"https:\/\/facebook.com\/sunoresearch\" \/>\n<meta property=\"og:image\" content=\"https:\/\/files.sunoresearch.com.br\/n\/uploads\/2018\/12\/64b6c507-amazonas-energia3.jpg\" \/>\n\t<meta property=\"og:image:width\" content=\"610\" \/>\n\t<meta property=\"og:image:height\" content=\"406\" \/>\n\t<meta property=\"og:image:type\" content=\"image\/jpeg\" \/>\n<meta name=\"author\" content=\"Poliana Santos\" \/>\n<meta name=\"twitter:card\" content=\"summary_large_image\" \/>\n<meta name=\"twitter:creator\" content=\"@sunoresearch\" \/>\n<meta name=\"twitter:site\" content=\"@sunoresearch\" \/>\n<meta name=\"twitter:label1\" content=\"Escrito por\" \/>\n\t<meta name=\"twitter:data1\" content=\"Poliana Santos\" \/>\n\t<meta name=\"twitter:label2\" content=\"Est. tempo de leitura\" \/>\n\t<meta name=\"twitter:data2\" content=\"2 minutos\" \/>\n<script type=\"application\/ld+json\" class=\"yoast-schema-graph\">{\"@context\":\"https:\/\/schema.org\",\"@graph\":[{\"@type\":\"NewsArticle\",\"@id\":\"https:\/\/www.suno.com.br\/noticias\/neoenergia-ipo-oferta-publica-acoes-preco\/#article\",\"isPartOf\":{\"@id\":\"https:\/\/www.suno.com.br\/noticias\/neoenergia-ipo-oferta-publica-acoes-preco\/\"},\"author\":{\"name\":\"Poliana Santos\",\"@id\":\"https:\/\/www.suno.com.br\/noticias\/#\/schema\/person\/02ec1f752758247878a2bf4abee1aeda\"},\"headline\":\"Neoenergia encerra oferta inicial em R$ 15,65 por a\u00e7\u00e3o\",\"datePublished\":\"2019-06-28T11:17:18+00:00\",\"dateModified\":\"2019-06-28T14:29:28+00:00\",\"mainEntityOfPage\":{\"@id\":\"https:\/\/www.suno.com.br\/noticias\/neoenergia-ipo-oferta-publica-acoes-preco\/\"},\"wordCount\":384,\"publisher\":{\"@id\":\"https:\/\/www.suno.com.br\/noticias\/#organization\"},\"image\":{\"@id\":\"https:\/\/www.suno.com.br\/noticias\/neoenergia-ipo-oferta-publica-acoes-preco\/#primaryimage\"},\"thumbnailUrl\":\"https:\/\/files.sunoresearch.com.br\/n\/uploads\/2018\/12\/64b6c507-amazonas-energia3.jpg\",\"keywords\":[\"IPO (Oferta Inicial de A\u00e7\u00f5es)\",\"Neoenergia (NEOE3)\"],\"articleSection\":[\"Neg\u00f3cios\"],\"inLanguage\":\"pt-BR\"},{\"@type\":\"WebPage\",\"@id\":\"https:\/\/www.suno.com.br\/noticias\/neoenergia-ipo-oferta-publica-acoes-preco\/\",\"url\":\"https:\/\/www.suno.com.br\/noticias\/neoenergia-ipo-oferta-publica-acoes-preco\/\",\"name\":\"Neoenergia encerra oferta inicial em R$ 15,65 por a\u00e7\u00e3o\",\"isPartOf\":{\"@id\":\"https:\/\/www.suno.com.br\/noticias\/#website\"},\"primaryImageOfPage\":{\"@id\":\"https:\/\/www.suno.com.br\/noticias\/neoenergia-ipo-oferta-publica-acoes-preco\/#primaryimage\"},\"image\":{\"@id\":\"https:\/\/www.suno.com.br\/noticias\/neoenergia-ipo-oferta-publica-acoes-preco\/#primaryimage\"},\"thumbnailUrl\":\"https:\/\/files.sunoresearch.com.br\/n\/uploads\/2018\/12\/64b6c507-amazonas-energia3.jpg\",\"datePublished\":\"2019-06-28T11:17:18+00:00\",\"dateModified\":\"2019-06-28T14:29:28+00:00\",\"description\":\"Na \u00faltima quinta-feira (27), a Neoenergia fechou IPO com emiss\u00e3o de at\u00e9 R$ 3,744 bilh\u00f5es, com R$ 15,65 por a\u00e7\u00e3o. Para saber mais clique aqui\",\"breadcrumb\":{\"@id\":\"https:\/\/www.suno.com.br\/noticias\/neoenergia-ipo-oferta-publica-acoes-preco\/#breadcrumb\"},\"inLanguage\":\"pt-BR\",\"potentialAction\":[{\"@type\":\"ReadAction\",\"target\":[\"https:\/\/www.suno.com.br\/noticias\/neoenergia-ipo-oferta-publica-acoes-preco\/\"]}]},{\"@type\":\"ImageObject\",\"inLanguage\":\"pt-BR\",\"@id\":\"https:\/\/www.suno.com.br\/noticias\/neoenergia-ipo-oferta-publica-acoes-preco\/#primaryimage\",\"url\":\"https:\/\/files.sunoresearch.com.br\/n\/uploads\/2018\/12\/64b6c507-amazonas-energia3.jpg\",\"contentUrl\":\"https:\/\/files.sunoresearch.com.br\/n\/uploads\/2018\/12\/64b6c507-amazonas-energia3.jpg\",\"width\":610,\"height\":406,\"caption\":\"Bolsonaro aprova lei que pro\u00edbe corte de energia sem aviso pr\u00e9vio\"},{\"@type\":\"BreadcrumbList\",\"@id\":\"https:\/\/www.suno.com.br\/noticias\/neoenergia-ipo-oferta-publica-acoes-preco\/#breadcrumb\",\"itemListElement\":[{\"@type\":\"ListItem\",\"position\":1,\"name\":\"Not\u00edcias\",\"item\":\"https:\/\/www.suno.com.br\/noticias\/\"},{\"@type\":\"ListItem\",\"position\":2,\"name\":\"Neg\u00f3cios\",\"item\":\"https:\/\/www.suno.com.br\/noticias\/negocios\/\"},{\"@type\":\"ListItem\",\"position\":3,\"name\":\"Neoenergia encerra oferta inicial em R$ 15,65 por a\u00e7\u00e3o\"}]},{\"@type\":\"WebSite\",\"@id\":\"https:\/\/www.suno.com.br\/noticias\/#website\",\"url\":\"https:\/\/www.suno.com.br\/noticias\/\",\"name\":\"Suno Not\u00edcias\",\"description\":\"Seu portal de informa\u00e7\u00e3o sobre o mundo dos investimentos\",\"publisher\":{\"@id\":\"https:\/\/www.suno.com.br\/noticias\/#organization\"},\"potentialAction\":[{\"@type\":\"SearchAction\",\"target\":{\"@type\":\"EntryPoint\",\"urlTemplate\":\"https:\/\/www.suno.com.br\/noticias\/?s={search_term_string}\"},\"query-input\":{\"@type\":\"PropertyValueSpecification\",\"valueRequired\":true,\"valueName\":\"search_term_string\"}}],\"inLanguage\":\"pt-BR\"},{\"@type\":\"Organization\",\"@id\":\"https:\/\/www.suno.com.br\/noticias\/#organization\",\"name\":\"Suno Not\u00edcias\",\"url\":\"https:\/\/www.suno.com.br\/noticias\/\",\"logo\":{\"@type\":\"ImageObject\",\"inLanguage\":\"pt-BR\",\"@id\":\"https:\/\/www.suno.com.br\/noticias\/#\/schema\/logo\/image\/\",\"url\":\"https:\/\/files.sunoresearch.com.br\/n\/uploads\/2021\/09\/suno-logo.png\",\"contentUrl\":\"https:\/\/files.sunoresearch.com.br\/n\/uploads\/2021\/09\/suno-logo.png\",\"width\":180,\"height\":180,\"caption\":\"Suno Not\u00edcias\"},\"image\":{\"@id\":\"https:\/\/www.suno.com.br\/noticias\/#\/schema\/logo\/image\/\"},\"sameAs\":[\"https:\/\/facebook.com\/sunoresearch\",\"https:\/\/x.com\/sunoresearch\",\"https:\/\/www.instagram.com\/suno\",\"https:\/\/www.linkedin.com\/company\/suno-research\/\",\"https:\/\/www.youtube.com\/c\/sunoresearch\"]},{\"@type\":\"Person\",\"@id\":\"https:\/\/www.suno.com.br\/noticias\/#\/schema\/person\/02ec1f752758247878a2bf4abee1aeda\",\"name\":\"Poliana Santos\",\"image\":{\"@type\":\"ImageObject\",\"inLanguage\":\"pt-BR\",\"@id\":\"https:\/\/www.suno.com.br\/noticias\/#\/schema\/person\/image\/\",\"url\":\"https:\/\/secure.gravatar.com\/avatar\/0645bd32f23d87b2130f2b2dff1d3f8d?s=96&r=g\",\"contentUrl\":\"https:\/\/secure.gravatar.com\/avatar\/0645bd32f23d87b2130f2b2dff1d3f8d?s=96&r=g\",\"caption\":\"Poliana Santos\"},\"description\":\"Rep\u00f3rter no Suno Not\u00edcias, com cobertura em mercado financeiro, economia, finan\u00e7as pessoais, renda fixa e varejo. Jornalista formada pela Faculdade C\u00e1sper L\u00edbero e possui passagem na R\u00e1dio Gazeta AM com a produ\u00e7\u00e3o de conte\u00fado sobre economia, pol\u00edtica, sa\u00fade, moda e m\u00fasica. Possui certificado de conclus\u00e3o do curso de An\u00e1lise de Balan\u00e7os pela Funda\u00e7\u00e3o Bradesco, Agenda Brasil pela FAAP, Educa\u00e7\u00e3o Pol\u00edtica por Alexandre Garcia e do Tesouro Direto e Mercado de A\u00e7\u00f5es pela B3.\",\"url\":\"https:\/\/www.suno.com.br\/noticias\/author\/poliana-santos\/\"}]}<\/script>\n<!-- \/ Yoast SEO plugin. -->","yoast_head_json":{"title":"Neoenergia encerra oferta inicial em R$ 15,65 por a\u00e7\u00e3o","description":"Na \u00faltima quinta-feira (27), a Neoenergia fechou IPO com emiss\u00e3o de at\u00e9 R$ 3,744 bilh\u00f5es, com R$ 15,65 por a\u00e7\u00e3o. Para saber mais clique aqui","robots":{"index":"index","follow":"follow","max-snippet":"max-snippet:-1","max-image-preview":"max-image-preview:large","max-video-preview":"max-video-preview:-1"},"canonical":"https:\/\/www.suno.com.br\/noticias\/neoenergia-ipo-oferta-publica-acoes-preco\/","og_locale":"pt_BR","og_type":"article","og_title":"Neoenergia encerra oferta inicial em R$ 15,65 por a\u00e7\u00e3o","og_description":"Na \u00faltima quinta-feira (27), a Neoenergia fechou IPO com emiss\u00e3o de at\u00e9 R$ 3,744 bilh\u00f5es, com R$ 15,65 por a\u00e7\u00e3o. Para saber mais clique aqui","og_url":"https:\/\/www.suno.com.br\/noticias\/neoenergia-ipo-oferta-publica-acoes-preco\/","og_site_name":"Suno Not\u00edcias","article_publisher":"https:\/\/facebook.com\/sunoresearch","og_image":[{"width":610,"height":406,"url":"https:\/\/files.sunoresearch.com.br\/n\/uploads\/2018\/12\/64b6c507-amazonas-energia3.jpg","type":"image\/jpeg"}],"author":"Poliana Santos","twitter_card":"summary_large_image","twitter_creator":"@sunoresearch","twitter_site":"@sunoresearch","twitter_misc":{"Escrito por":"Poliana Santos","Est. tempo de leitura":"2 minutos"},"schema":{"@context":"https:\/\/schema.org","@graph":[{"@type":"NewsArticle","@id":"https:\/\/www.suno.com.br\/noticias\/neoenergia-ipo-oferta-publica-acoes-preco\/#article","isPartOf":{"@id":"https:\/\/www.suno.com.br\/noticias\/neoenergia-ipo-oferta-publica-acoes-preco\/"},"author":{"name":"Poliana Santos","@id":"https:\/\/www.suno.com.br\/noticias\/#\/schema\/person\/02ec1f752758247878a2bf4abee1aeda"},"headline":"Neoenergia encerra oferta inicial em R$ 15,65 por a\u00e7\u00e3o","datePublished":"2019-06-28T11:17:18+00:00","dateModified":"2019-06-28T14:29:28+00:00","mainEntityOfPage":{"@id":"https:\/\/www.suno.com.br\/noticias\/neoenergia-ipo-oferta-publica-acoes-preco\/"},"wordCount":384,"publisher":{"@id":"https:\/\/www.suno.com.br\/noticias\/#organization"},"image":{"@id":"https:\/\/www.suno.com.br\/noticias\/neoenergia-ipo-oferta-publica-acoes-preco\/#primaryimage"},"thumbnailUrl":"https:\/\/files.sunoresearch.com.br\/n\/uploads\/2018\/12\/64b6c507-amazonas-energia3.jpg","keywords":["IPO (Oferta Inicial de A\u00e7\u00f5es)","Neoenergia (NEOE3)"],"articleSection":["Neg\u00f3cios"],"inLanguage":"pt-BR"},{"@type":"WebPage","@id":"https:\/\/www.suno.com.br\/noticias\/neoenergia-ipo-oferta-publica-acoes-preco\/","url":"https:\/\/www.suno.com.br\/noticias\/neoenergia-ipo-oferta-publica-acoes-preco\/","name":"Neoenergia encerra oferta inicial em R$ 15,65 por a\u00e7\u00e3o","isPartOf":{"@id":"https:\/\/www.suno.com.br\/noticias\/#website"},"primaryImageOfPage":{"@id":"https:\/\/www.suno.com.br\/noticias\/neoenergia-ipo-oferta-publica-acoes-preco\/#primaryimage"},"image":{"@id":"https:\/\/www.suno.com.br\/noticias\/neoenergia-ipo-oferta-publica-acoes-preco\/#primaryimage"},"thumbnailUrl":"https:\/\/files.sunoresearch.com.br\/n\/uploads\/2018\/12\/64b6c507-amazonas-energia3.jpg","datePublished":"2019-06-28T11:17:18+00:00","dateModified":"2019-06-28T14:29:28+00:00","description":"Na \u00faltima quinta-feira (27), a Neoenergia fechou IPO com emiss\u00e3o de at\u00e9 R$ 3,744 bilh\u00f5es, com R$ 15,65 por a\u00e7\u00e3o. Para saber mais clique aqui","breadcrumb":{"@id":"https:\/\/www.suno.com.br\/noticias\/neoenergia-ipo-oferta-publica-acoes-preco\/#breadcrumb"},"inLanguage":"pt-BR","potentialAction":[{"@type":"ReadAction","target":["https:\/\/www.suno.com.br\/noticias\/neoenergia-ipo-oferta-publica-acoes-preco\/"]}]},{"@type":"ImageObject","inLanguage":"pt-BR","@id":"https:\/\/www.suno.com.br\/noticias\/neoenergia-ipo-oferta-publica-acoes-preco\/#primaryimage","url":"https:\/\/files.sunoresearch.com.br\/n\/uploads\/2018\/12\/64b6c507-amazonas-energia3.jpg","contentUrl":"https:\/\/files.sunoresearch.com.br\/n\/uploads\/2018\/12\/64b6c507-amazonas-energia3.jpg","width":610,"height":406,"caption":"Bolsonaro aprova lei que pro\u00edbe corte de energia sem aviso pr\u00e9vio"},{"@type":"BreadcrumbList","@id":"https:\/\/www.suno.com.br\/noticias\/neoenergia-ipo-oferta-publica-acoes-preco\/#breadcrumb","itemListElement":[{"@type":"ListItem","position":1,"name":"Not\u00edcias","item":"https:\/\/www.suno.com.br\/noticias\/"},{"@type":"ListItem","position":2,"name":"Neg\u00f3cios","item":"https:\/\/www.suno.com.br\/noticias\/negocios\/"},{"@type":"ListItem","position":3,"name":"Neoenergia encerra oferta inicial em R$ 15,65 por a\u00e7\u00e3o"}]},{"@type":"WebSite","@id":"https:\/\/www.suno.com.br\/noticias\/#website","url":"https:\/\/www.suno.com.br\/noticias\/","name":"Suno Not\u00edcias","description":"Seu portal de informa\u00e7\u00e3o sobre o mundo dos investimentos","publisher":{"@id":"https:\/\/www.suno.com.br\/noticias\/#organization"},"potentialAction":[{"@type":"SearchAction","target":{"@type":"EntryPoint","urlTemplate":"https:\/\/www.suno.com.br\/noticias\/?s={search_term_string}"},"query-input":{"@type":"PropertyValueSpecification","valueRequired":true,"valueName":"search_term_string"}}],"inLanguage":"pt-BR"},{"@type":"Organization","@id":"https:\/\/www.suno.com.br\/noticias\/#organization","name":"Suno Not\u00edcias","url":"https:\/\/www.suno.com.br\/noticias\/","logo":{"@type":"ImageObject","inLanguage":"pt-BR","@id":"https:\/\/www.suno.com.br\/noticias\/#\/schema\/logo\/image\/","url":"https:\/\/files.sunoresearch.com.br\/n\/uploads\/2021\/09\/suno-logo.png","contentUrl":"https:\/\/files.sunoresearch.com.br\/n\/uploads\/2021\/09\/suno-logo.png","width":180,"height":180,"caption":"Suno Not\u00edcias"},"image":{"@id":"https:\/\/www.suno.com.br\/noticias\/#\/schema\/logo\/image\/"},"sameAs":["https:\/\/facebook.com\/sunoresearch","https:\/\/x.com\/sunoresearch","https:\/\/www.instagram.com\/suno","https:\/\/www.linkedin.com\/company\/suno-research\/","https:\/\/www.youtube.com\/c\/sunoresearch"]},{"@type":"Person","@id":"https:\/\/www.suno.com.br\/noticias\/#\/schema\/person\/02ec1f752758247878a2bf4abee1aeda","name":"Poliana Santos","image":{"@type":"ImageObject","inLanguage":"pt-BR","@id":"https:\/\/www.suno.com.br\/noticias\/#\/schema\/person\/image\/","url":"https:\/\/secure.gravatar.com\/avatar\/0645bd32f23d87b2130f2b2dff1d3f8d?s=96&r=g","contentUrl":"https:\/\/secure.gravatar.com\/avatar\/0645bd32f23d87b2130f2b2dff1d3f8d?s=96&r=g","caption":"Poliana Santos"},"description":"Rep\u00f3rter no Suno Not\u00edcias, com cobertura em mercado financeiro, economia, finan\u00e7as pessoais, renda fixa e varejo. Jornalista formada pela Faculdade C\u00e1sper L\u00edbero e possui passagem na R\u00e1dio Gazeta AM com a produ\u00e7\u00e3o de conte\u00fado sobre economia, pol\u00edtica, sa\u00fade, moda e m\u00fasica. Possui certificado de conclus\u00e3o do curso de An\u00e1lise de Balan\u00e7os pela Funda\u00e7\u00e3o Bradesco, Agenda Brasil pela FAAP, Educa\u00e7\u00e3o Pol\u00edtica por Alexandre Garcia e do Tesouro Direto e Mercado de A\u00e7\u00f5es pela B3.","url":"https:\/\/www.suno.com.br\/noticias\/author\/poliana-santos\/"}]}},"default_loop_html":"<div class=\"cardsPage__listCard__boxs\"><div class=\"cardsPage__listCard__boxs__img\"><a href=\"https:\/\/www.suno.com.br\/noticias\/neoenergia-ipo-oferta-publica-acoes-preco\/\"><img class=\"mask\" src=\"https:\/\/www.suno.com.br\/noticias\/wp-content\/themes\/suno\/resources\/images\/spotlight\/spotlight1img\/bg-mask.png\" alt=\"Image Mask\"\/><img src=\"https:\/\/files.sunoresearch.com.br\/n\/uploads\/2018\/12\/64b6c507-amazonas-energia3-400x200.webp\" alt=\"Neoenergia encerra oferta inicial em R$ 15,65 por a\u00e7\u00e3o\"\/><\/a><span class=\"spotlightCategory\"><a href=\"https:\/\/www.suno.com.br\/noticias\/negocios\/\">Neg\u00f3cios<\/a><\/span><\/div><div class=\"cardsPage__listCard__boxs__content\"><a href=\"https:\/\/www.suno.com.br\/noticias\/neoenergia-ipo-oferta-publica-acoes-preco\/\"><h2 class=\"content__title\">Neoenergia encerra oferta inicial em R$ 15,65 por a\u00e7\u00e3o<\/h2><\/a><div class=\"newsContent__article__meta\"><div class=\"newsContent__article__meta__authorBox\"><a href=\"https:\/\/www.suno.com.br\/noticias\/author\/poliana-santos\/\" class=\"authorBox__avatar noMobi\"><img src=\"https:\/\/files.sunoresearch.com.br\/n\/uploads\/2020\/08\/7ef34026-whatsapp-image-2020-08-03-at-12.37.57-150x150.webp\" alt=\"Poliana Santos\"><\/a><div class=\"authorBox__name\"><span>por\n\t\t\t<a href=\"https:\/\/www.suno.com.br\/noticias\/author\/poliana-santos\/\"><span itemprop=\"author\">Poliana Santos<\/span><\/a><\/span><time datetime=\"2019-06-28T08:17:18-03:00\" itemprop=\"datePublished\">28\/06\/2019 08:17<\/time><\/div><\/div><\/div><\/div><\/div>","single_layout":"posts","amp_enabled":true,"_links":{"self":[{"href":"https:\/\/www.suno.com.br\/noticias\/wp-json\/wp\/v2\/posts\/29415"}],"collection":[{"href":"https:\/\/www.suno.com.br\/noticias\/wp-json\/wp\/v2\/posts"}],"about":[{"href":"https:\/\/www.suno.com.br\/noticias\/wp-json\/wp\/v2\/types\/post"}],"author":[{"embeddable":true,"href":"https:\/\/www.suno.com.br\/noticias\/wp-json\/wp\/v2\/users\/15"}],"replies":[{"embeddable":true,"href":"https:\/\/www.suno.com.br\/noticias\/wp-json\/wp\/v2\/comments?post=29415"}],"version-history":[{"count":0,"href":"https:\/\/www.suno.com.br\/noticias\/wp-json\/wp\/v2\/posts\/29415\/revisions"}],"wp:featuredmedia":[{"embeddable":true,"href":"https:\/\/www.suno.com.br\/noticias\/wp-json\/wp\/v2\/media\/8369"}],"wp:attachment":[{"href":"https:\/\/www.suno.com.br\/noticias\/wp-json\/wp\/v2\/media?parent=29415"}],"wp:term":[{"taxonomy":"category","embeddable":true,"href":"https:\/\/www.suno.com.br\/noticias\/wp-json\/wp\/v2\/categories?post=29415"},{"taxonomy":"post_tag","embeddable":true,"href":"https:\/\/www.suno.com.br\/noticias\/wp-json\/wp\/v2\/tags?post=29415"},{"taxonomy":"suno_strategy","embeddable":true,"href":"https:\/\/www.suno.com.br\/noticias\/wp-json\/wp\/v2\/suno_strategy?post=29415"}],"curies":[{"name":"wp","href":"https:\/\/api.w.org\/{rel}","templated":true}]}}