{"id":29412,"date":"2019-06-28T08:40:42","date_gmt":"2019-06-28T11:40:42","guid":{"rendered":"https:\/\/www.suno.com.br\/noticias\/?p=29412"},"modified":"2019-06-28T08:40:42","modified_gmt":"2019-06-28T11:40:42","slug":"petrobras-nao-gas-castello-branco","status":"publish","type":"post","link":"https:\/\/www.suno.com.br\/noticias\/petrobras-nao-gas-castello-branco\/","title":{"rendered":"Petrobras n\u00e3o vai distribuir nem transportar g\u00e1s, diz Castello Branco"},"content":{"rendered":"<p>A Petrobras deve sair dos setores de transporte e distribui\u00e7\u00e3o de g\u00e1s no Brasil, segundo o presidente da estatal, Roberto Castello Branco, na \u00faltima quinta-feira (27), em evento da <strong>B3<\/strong> onde a Caixa vendeu as a\u00e7\u00f5es da petroleira.<\/p>\t<div class=\"wrapper-featured-image\">\n\t\t<figure class=\"spotlightImg\">\n\n\t\t\t<picture>\n\t\t\t\t<source media=\"(max-width: 768px)\" srcset=\"https:\/\/files.sunoresearch.com.br\/n\/uploads\/2019\/06\/91bf7b57-petrobras-400x200.webp\">\n\t\t\t\t<img loading=\"lazy\" decoding=\"async\" class=\"newsContent__article__imgCapa lazyloadDisabled newsContent__article__imgCapa--noCaption\" src=\"https:\/\/files.sunoresearch.com.br\/n\/uploads\/2019\/06\/91bf7b57-petrobras-800x450.webp\" width=\"800\" height=\"450\" alt=\"Petrobras n\u00e3o vai distribuir nem transportar g\u00e1s, diz Castello Branco\" fetchpriority=high \/>\n\t\t\t<\/picture>\n\n\t\t\t<figcaption class=\"wp-caption-text wp-caption-text--hide\">Petrobras vender\u00e1 escrit\u00f3rios no exterior neste ano, diz Castello Branco<\/figcaption>\n\t\t<\/figure>\n\t<\/div>\n\n\n<p>Nesta semana, o governo anunciou um plano para acabar com monop\u00f3lio no setor de g\u00e1s, que \u00e9 dominado pela <strong>Petrobras<\/strong>. Questionado sobre isso, o presidente da estatal afirmou que a empresa n\u00e3o far\u00e1 &#8220;pol\u00edticas p\u00fablicas&#8221; mas que est\u00e1 alinhada ao governo no plano de desinvestimentos.<\/p>\n\t<p>\n\t\t<a href=\"https:\/\/lp.suno.com.br\/ebook-como-analisar-uma-acao\/\" target=\"_blank\" data-element=\"shortcode-suno-banner\" title=\"Banner SUNO, clique e saiba mais\">\n\t\t\t<picture>\n\t\t\t\t<source media=\"(max-width: 500px)\" srcset=\"https:\/\/files.sunoresearch.com.br\/n\/uploads\/2023\/03\/Ebook-Acoes-Mobile-1.jpg\">\n\t\t\t\t<img class=\"newsContent__article__imgCapa newsContent__article__imgCapa--banner\"\n\t\t\t\t\tsrc=\"https:\/\/files.sunoresearch.com.br\/n\/uploads\/2023\/03\/Ebook-Acoes-Desktop-1.jpg\"\n\t\t\t\t\tdata-promo-id=\"171998\"\t\t\t\t\t\t\t\t\t\twidth='1420' height='286'\t\t\t\t\talt=\"https:\/\/files.sunoresearch.com.br\/n\/uploads\/2023\/03\/Ebook-Acoes-Desktop-1.jpg\"\n\t\t\t\t>\n\t\t\t<\/picture>\n\t\t<\/a>\n\t<\/p>\n\n\n<p>De acordo com <strong>Castello<\/strong> <strong>Branco<\/strong>, a estatal vai &#8220;abrir espa\u00e7o, vendendo empresas, saindo do transporte, j\u00e1 come\u00e7amos a andar com isso, vendendo a <strong>NTS<\/strong> [Nova Transportadora do Sudeste] e a <strong>TAG<\/strong> [Transportadora Associada de G\u00e1s]&#8221;.<\/p>\n<p>Ele ainda falou sobre o aprofundamento na venda de gasodutos e sobre um acordo com o <strong>Conselho Administrativo de Defesa Econ\u00f4mica (Cade).<\/strong><\/p>\n<p>&#8220;Vamos aprofundar a venda de gasodutos, vamos sair da distribui\u00e7\u00e3o de g\u00e1s e outras medidas que est\u00e3o sendo discutidas com o Cade&#8221;, disse o presidente da estatal, que concluiu afirmando que &#8220;a Petrobras vai desenvolver todos os esfor\u00e7os para que tenhamos um mercado competitivo e vibrante, estamos em conversas com o Cade, e posteriormente saber\u00e3o os resultados&#8221;.<\/p>\n<h2>BR Distribuidora<\/h2>\n<p>Sobre a <strong>BR<\/strong> <strong>Distribuidora<\/strong>, o executivo afirmou que far\u00e1 a venda de uma fatia da subsidi\u00e1ria que cuida da distribui\u00e7\u00e3o de combust\u00edveis da estatal e que isso deve acontecer em curto prazo.<\/p>\n<p><a href=\"https:\/\/www.suno.com.br\/noticias\/petrobras-cade-acordo-evitar-multa-60-bilhoes\/\">Saiba mais:\u00a0Petrobras vai ao Cade para acordo que pode evitar multa de at\u00e9 R$ 60 bi<\/a><\/p>\n<p>&#8220;N\u00e3o temos nada ainda definido, mas ela acontecer\u00e1, sem d\u00favida. Esperamos voltar \u00e0 B3 no mais curto espa\u00e7o de tempo poss\u00edvel&#8221;, afirmou o <strong>Castello<\/strong> <strong>Branco<\/strong>. Atualmente, a Petrobras det\u00e9m 71,25% de participa\u00e7\u00e3o da distribuidora, porque em 2017 foi lan\u00e7ado um IPO da BR que levantou cerca de R$ 5 bilh\u00f5es.<\/p>\n<p>A empresa pretende vender oito <strong>refinarias<\/strong>, ou seja, 50% da capacidade de refino. O executivo afirmou que pretende vender uma dessas at\u00e9 o final deste ano.<\/p>\n<h3>Liquig\u00e1s<\/h3>\n<p>Em rela\u00e7\u00e3o a <strong>Liquig\u00e1s<\/strong>, o presidente da estatal afirmou que a empresa j\u00e1 recebeu propostas para venda da <strong>companhia<\/strong> <strong>de<\/strong> <strong>g\u00e1s<\/strong>. No entanto, destacou que limitou a participa\u00e7\u00e3o de empresas que j\u00e1 tem posicionamento relevante no setor de g\u00e1s em botij\u00e3o.<\/p>\n<p>&#8220;Esperamos receber propostas vinculantes no in\u00edcio de agosto&#8221;, disse o executivo, que concluiu afirmando que quer &#8220;abrir m\u00e3o do poder de monop\u00f3lio, mas n\u00e3o transferir o <strong>monop\u00f3lio<\/strong> <strong>estatal<\/strong> para o monop\u00f3lio privado&#8221;.<\/p>\n<h3>Caixa vende a\u00e7\u00f5es<\/h3>\n<p>Castello Branco afirmou que a venda das a\u00e7\u00f5es pela <strong>Caixa<\/strong> foi a maior oferta secund\u00e1ria desde 2010 e movimentou mais de R$ 7 bilh\u00f5es.<\/p>\n\t<p>\n\t\t<a href=\"https:\/\/lp.suno.com.br\/ao\/cadastro-whatsapp\/?utm_source=sunoresearch&#038;utm_medium=banner.sidebar&#038;utm_campaign=_SNC1787C4C9_\" target=\"_blank\" data-element=\"shortcode-suno-banner\" title=\"Banner SUNO, clique e saiba mais\">\n\t\t\t<picture>\n\t\t\t\t<source media=\"(max-width: 500px)\" srcset=\"https:\/\/files.sunoresearch.com.br\/n\/uploads\/2024\/09\/wpp-suno.png\">\n\t\t\t\t<img class=\"newsContent__article__imgCapa newsContent__article__imgCapa--banner\"\n\t\t\t\t\tsrc=\"https:\/\/files.sunoresearch.com.br\/n\/uploads\/2024\/09\/wpp-suno.png\"\n\t\t\t\t\tdata-promo-id=\"574195\"\t\t\t\t\t\t\t\t\t\twidth='360' height='98'\t\t\t\t\talt=\"https:\/\/files.sunoresearch.com.br\/n\/uploads\/2024\/09\/wpp-suno.png\"\n\t\t\t\t>\n\t\t\t<\/picture>\n\t\t<\/a>\n\t<\/p>\n\n\n<p>Para ele, a negocia\u00e7\u00e3o rendeu &#8220;resultados bons do ponto de vista de precifica\u00e7\u00e3o e contribui\u00e7\u00e3o para o desenvolvimento do mercado de capitais brasileiro&#8230; Aumenta a liquidez das a\u00e7\u00f5es ordin\u00e1rias da <strong>Petrobras<\/strong>, o que \u00e9 bom para o comportamento das <strong>a\u00e7\u00f5es<\/strong>&#8220;.<\/p>\n","protected":false},"excerpt":{"rendered":"<p>A Petrobras deve sair dos setores de transporte e distribui\u00e7\u00e3o de g\u00e1s no Brasil, segundo o presidente da estatal, Roberto Castello Branco, na \u00faltima quinta-feira (27), em evento da B3 onde a Caixa vendeu as a\u00e7\u00f5es da petroleira. Petrobras vender\u00e1 escrit\u00f3rios no exterior neste ano, diz Castello Branco Nesta semana, o governo anunciou um plano [&hellip;]<\/p>\n","protected":false},"author":11,"featured_media":29425,"comment_status":"closed","ping_status":"closed","sticky":false,"template":"","format":"standard","meta":[],"categories":[64],"tags":[595],"suno_strategy":[],"class_list":["post-29412","post","type-post","status-publish","format-standard","has-post-thumbnail","hentry","category-negocios","tag-petrobras-petr4"],"yoast_head":"<!-- This site is optimized with the Yoast SEO plugin v24.4 - https:\/\/yoast.com\/wordpress\/plugins\/seo\/ -->\n<title>Petrobras n\u00e3o vai distribuir nem transportar g\u00e1s, diz Castello Branco<\/title>\n<meta name=\"description\" content=\"O presidente da Petrobras fez a afirma\u00e7\u00e3o durante evendo na B3, onde a Caixa vendeu suas a\u00e7\u00f5es da estatal. Clique para saber mais.\" \/>\n<meta name=\"robots\" content=\"index, follow, max-snippet:-1, max-image-preview:large, max-video-preview:-1\" \/>\n<link rel=\"canonical\" href=\"https:\/\/www.suno.com.br\/noticias\/petrobras-nao-gas-castello-branco\/\" \/>\n<meta property=\"og:locale\" content=\"pt_BR\" \/>\n<meta property=\"og:type\" content=\"article\" \/>\n<meta property=\"og:title\" content=\"Petrobras n\u00e3o vai distribuir nem transportar g\u00e1s, diz Castello Branco\" \/>\n<meta property=\"og:description\" content=\"O presidente da Petrobras fez a afirma\u00e7\u00e3o durante evendo na B3, onde a Caixa vendeu suas a\u00e7\u00f5es da estatal. Clique para saber mais.\" \/>\n<meta property=\"og:url\" content=\"https:\/\/www.suno.com.br\/noticias\/petrobras-nao-gas-castello-branco\/\" \/>\n<meta property=\"og:site_name\" content=\"Suno Not\u00edcias\" \/>\n<meta property=\"article:publisher\" content=\"https:\/\/facebook.com\/sunoresearch\" \/>\n<meta property=\"og:image\" content=\"https:\/\/files.sunoresearch.com.br\/n\/uploads\/2019\/06\/91bf7b57-petrobras.jpg\" \/>\n\t<meta property=\"og:image:width\" content=\"1140\" \/>\n\t<meta property=\"og:image:height\" content=\"760\" \/>\n\t<meta property=\"og:image:type\" content=\"image\/jpeg\" \/>\n<meta name=\"author\" content=\"Renan Bandeira\" \/>\n<meta name=\"twitter:card\" content=\"summary_large_image\" \/>\n<meta name=\"twitter:creator\" content=\"@sunoresearch\" \/>\n<meta name=\"twitter:site\" content=\"@sunoresearch\" \/>\n<meta name=\"twitter:label1\" content=\"Escrito por\" \/>\n\t<meta name=\"twitter:data1\" content=\"Renan Bandeira\" \/>\n\t<meta name=\"twitter:label2\" content=\"Est. tempo de leitura\" \/>\n\t<meta name=\"twitter:data2\" content=\"3 minutos\" \/>\n<script type=\"application\/ld+json\" class=\"yoast-schema-graph\">{\"@context\":\"https:\/\/schema.org\",\"@graph\":[{\"@type\":\"NewsArticle\",\"@id\":\"https:\/\/www.suno.com.br\/noticias\/petrobras-nao-gas-castello-branco\/#article\",\"isPartOf\":{\"@id\":\"https:\/\/www.suno.com.br\/noticias\/petrobras-nao-gas-castello-branco\/\"},\"author\":{\"name\":\"Renan Bandeira\",\"@id\":\"https:\/\/www.suno.com.br\/noticias\/#\/schema\/person\/fc144a1c6108bd1dcd43784e88a3c138\"},\"headline\":\"Petrobras n\u00e3o vai distribuir nem transportar g\u00e1s, diz Castello Branco\",\"datePublished\":\"2019-06-28T11:40:42+00:00\",\"mainEntityOfPage\":{\"@id\":\"https:\/\/www.suno.com.br\/noticias\/petrobras-nao-gas-castello-branco\/\"},\"wordCount\":523,\"publisher\":{\"@id\":\"https:\/\/www.suno.com.br\/noticias\/#organization\"},\"image\":{\"@id\":\"https:\/\/www.suno.com.br\/noticias\/petrobras-nao-gas-castello-branco\/#primaryimage\"},\"thumbnailUrl\":\"https:\/\/files.sunoresearch.com.br\/n\/uploads\/2019\/06\/91bf7b57-petrobras-jpg.webp\",\"keywords\":[\"Petrobras (PETR4)\"],\"articleSection\":[\"Neg\u00f3cios\"],\"inLanguage\":\"pt-BR\"},{\"@type\":\"WebPage\",\"@id\":\"https:\/\/www.suno.com.br\/noticias\/petrobras-nao-gas-castello-branco\/\",\"url\":\"https:\/\/www.suno.com.br\/noticias\/petrobras-nao-gas-castello-branco\/\",\"name\":\"Petrobras n\u00e3o vai distribuir nem transportar g\u00e1s, diz Castello Branco\",\"isPartOf\":{\"@id\":\"https:\/\/www.suno.com.br\/noticias\/#website\"},\"primaryImageOfPage\":{\"@id\":\"https:\/\/www.suno.com.br\/noticias\/petrobras-nao-gas-castello-branco\/#primaryimage\"},\"image\":{\"@id\":\"https:\/\/www.suno.com.br\/noticias\/petrobras-nao-gas-castello-branco\/#primaryimage\"},\"thumbnailUrl\":\"https:\/\/files.sunoresearch.com.br\/n\/uploads\/2019\/06\/91bf7b57-petrobras-jpg.webp\",\"datePublished\":\"2019-06-28T11:40:42+00:00\",\"description\":\"O presidente da Petrobras fez a afirma\u00e7\u00e3o durante evendo na B3, onde a Caixa vendeu suas a\u00e7\u00f5es da estatal. Clique para saber mais.\",\"breadcrumb\":{\"@id\":\"https:\/\/www.suno.com.br\/noticias\/petrobras-nao-gas-castello-branco\/#breadcrumb\"},\"inLanguage\":\"pt-BR\",\"potentialAction\":[{\"@type\":\"ReadAction\",\"target\":[\"https:\/\/www.suno.com.br\/noticias\/petrobras-nao-gas-castello-branco\/\"]}]},{\"@type\":\"ImageObject\",\"inLanguage\":\"pt-BR\",\"@id\":\"https:\/\/www.suno.com.br\/noticias\/petrobras-nao-gas-castello-branco\/#primaryimage\",\"url\":\"https:\/\/files.sunoresearch.com.br\/n\/uploads\/2019\/06\/91bf7b57-petrobras-jpg.webp\",\"contentUrl\":\"https:\/\/files.sunoresearch.com.br\/n\/uploads\/2019\/06\/91bf7b57-petrobras-jpg.webp\",\"width\":1140,\"height\":760,\"caption\":\"Petrobras vender\u00e1 escrit\u00f3rios no exterior neste ano, diz Castello Branco\"},{\"@type\":\"BreadcrumbList\",\"@id\":\"https:\/\/www.suno.com.br\/noticias\/petrobras-nao-gas-castello-branco\/#breadcrumb\",\"itemListElement\":[{\"@type\":\"ListItem\",\"position\":1,\"name\":\"Not\u00edcias\",\"item\":\"https:\/\/www.suno.com.br\/noticias\/\"},{\"@type\":\"ListItem\",\"position\":2,\"name\":\"Neg\u00f3cios\",\"item\":\"https:\/\/www.suno.com.br\/noticias\/negocios\/\"},{\"@type\":\"ListItem\",\"position\":3,\"name\":\"Petrobras n\u00e3o vai distribuir nem transportar g\u00e1s, diz Castello Branco\"}]},{\"@type\":\"WebSite\",\"@id\":\"https:\/\/www.suno.com.br\/noticias\/#website\",\"url\":\"https:\/\/www.suno.com.br\/noticias\/\",\"name\":\"Suno Not\u00edcias\",\"description\":\"Seu portal de informa\u00e7\u00e3o sobre o mundo dos investimentos\",\"publisher\":{\"@id\":\"https:\/\/www.suno.com.br\/noticias\/#organization\"},\"potentialAction\":[{\"@type\":\"SearchAction\",\"target\":{\"@type\":\"EntryPoint\",\"urlTemplate\":\"https:\/\/www.suno.com.br\/noticias\/?s={search_term_string}\"},\"query-input\":{\"@type\":\"PropertyValueSpecification\",\"valueRequired\":true,\"valueName\":\"search_term_string\"}}],\"inLanguage\":\"pt-BR\"},{\"@type\":\"Organization\",\"@id\":\"https:\/\/www.suno.com.br\/noticias\/#organization\",\"name\":\"Suno Not\u00edcias\",\"url\":\"https:\/\/www.suno.com.br\/noticias\/\",\"logo\":{\"@type\":\"ImageObject\",\"inLanguage\":\"pt-BR\",\"@id\":\"https:\/\/www.suno.com.br\/noticias\/#\/schema\/logo\/image\/\",\"url\":\"https:\/\/files.sunoresearch.com.br\/n\/uploads\/2021\/09\/suno-logo.png\",\"contentUrl\":\"https:\/\/files.sunoresearch.com.br\/n\/uploads\/2021\/09\/suno-logo.png\",\"width\":180,\"height\":180,\"caption\":\"Suno Not\u00edcias\"},\"image\":{\"@id\":\"https:\/\/www.suno.com.br\/noticias\/#\/schema\/logo\/image\/\"},\"sameAs\":[\"https:\/\/facebook.com\/sunoresearch\",\"https:\/\/x.com\/sunoresearch\",\"https:\/\/www.instagram.com\/suno\",\"https:\/\/www.linkedin.com\/company\/suno-research\/\",\"https:\/\/www.youtube.com\/c\/sunoresearch\"]},{\"@type\":\"Person\",\"@id\":\"https:\/\/www.suno.com.br\/noticias\/#\/schema\/person\/fc144a1c6108bd1dcd43784e88a3c138\",\"name\":\"Renan Bandeira\",\"image\":{\"@type\":\"ImageObject\",\"inLanguage\":\"pt-BR\",\"@id\":\"https:\/\/www.suno.com.br\/noticias\/#\/schema\/person\/image\/\",\"url\":\"https:\/\/secure.gravatar.com\/avatar\/68359cdb608f14f11bbefcb78f3fc747?s=96&r=g\",\"contentUrl\":\"https:\/\/secure.gravatar.com\/avatar\/68359cdb608f14f11bbefcb78f3fc747?s=96&r=g\",\"caption\":\"Renan Bandeira\"},\"description\":\"Renan Bandeira escreve sobre pol\u00edtica e economia para o portal da Suno Research. Antes da Suno, trabalhou em uma rede de televis\u00e3o, onde fazia reportagens sobre os mesmos temas. Estuda na Universidade Metodista de S\u00e3o Paulo.\",\"url\":\"https:\/\/www.suno.com.br\/noticias\/author\/renan-bandeira\/\"}]}<\/script>\n<!-- \/ Yoast SEO plugin. -->","yoast_head_json":{"title":"Petrobras n\u00e3o vai distribuir nem transportar g\u00e1s, diz Castello Branco","description":"O presidente da Petrobras fez a afirma\u00e7\u00e3o durante evendo na B3, onde a Caixa vendeu suas a\u00e7\u00f5es da estatal. Clique para saber mais.","robots":{"index":"index","follow":"follow","max-snippet":"max-snippet:-1","max-image-preview":"max-image-preview:large","max-video-preview":"max-video-preview:-1"},"canonical":"https:\/\/www.suno.com.br\/noticias\/petrobras-nao-gas-castello-branco\/","og_locale":"pt_BR","og_type":"article","og_title":"Petrobras n\u00e3o vai distribuir nem transportar g\u00e1s, diz Castello Branco","og_description":"O presidente da Petrobras fez a afirma\u00e7\u00e3o durante evendo na B3, onde a Caixa vendeu suas a\u00e7\u00f5es da estatal. Clique para saber mais.","og_url":"https:\/\/www.suno.com.br\/noticias\/petrobras-nao-gas-castello-branco\/","og_site_name":"Suno Not\u00edcias","article_publisher":"https:\/\/facebook.com\/sunoresearch","og_image":[{"width":1140,"height":760,"url":"https:\/\/files.sunoresearch.com.br\/n\/uploads\/2019\/06\/91bf7b57-petrobras.jpg","type":"image\/jpeg"}],"author":"Renan Bandeira","twitter_card":"summary_large_image","twitter_creator":"@sunoresearch","twitter_site":"@sunoresearch","twitter_misc":{"Escrito por":"Renan Bandeira","Est. tempo de leitura":"3 minutos"},"schema":{"@context":"https:\/\/schema.org","@graph":[{"@type":"NewsArticle","@id":"https:\/\/www.suno.com.br\/noticias\/petrobras-nao-gas-castello-branco\/#article","isPartOf":{"@id":"https:\/\/www.suno.com.br\/noticias\/petrobras-nao-gas-castello-branco\/"},"author":{"name":"Renan Bandeira","@id":"https:\/\/www.suno.com.br\/noticias\/#\/schema\/person\/fc144a1c6108bd1dcd43784e88a3c138"},"headline":"Petrobras n\u00e3o vai distribuir nem transportar g\u00e1s, diz Castello Branco","datePublished":"2019-06-28T11:40:42+00:00","mainEntityOfPage":{"@id":"https:\/\/www.suno.com.br\/noticias\/petrobras-nao-gas-castello-branco\/"},"wordCount":523,"publisher":{"@id":"https:\/\/www.suno.com.br\/noticias\/#organization"},"image":{"@id":"https:\/\/www.suno.com.br\/noticias\/petrobras-nao-gas-castello-branco\/#primaryimage"},"thumbnailUrl":"https:\/\/files.sunoresearch.com.br\/n\/uploads\/2019\/06\/91bf7b57-petrobras-jpg.webp","keywords":["Petrobras (PETR4)"],"articleSection":["Neg\u00f3cios"],"inLanguage":"pt-BR"},{"@type":"WebPage","@id":"https:\/\/www.suno.com.br\/noticias\/petrobras-nao-gas-castello-branco\/","url":"https:\/\/www.suno.com.br\/noticias\/petrobras-nao-gas-castello-branco\/","name":"Petrobras n\u00e3o vai distribuir nem transportar g\u00e1s, diz Castello Branco","isPartOf":{"@id":"https:\/\/www.suno.com.br\/noticias\/#website"},"primaryImageOfPage":{"@id":"https:\/\/www.suno.com.br\/noticias\/petrobras-nao-gas-castello-branco\/#primaryimage"},"image":{"@id":"https:\/\/www.suno.com.br\/noticias\/petrobras-nao-gas-castello-branco\/#primaryimage"},"thumbnailUrl":"https:\/\/files.sunoresearch.com.br\/n\/uploads\/2019\/06\/91bf7b57-petrobras-jpg.webp","datePublished":"2019-06-28T11:40:42+00:00","description":"O presidente da Petrobras fez a afirma\u00e7\u00e3o durante evendo na B3, onde a Caixa vendeu suas a\u00e7\u00f5es da estatal. Clique para saber mais.","breadcrumb":{"@id":"https:\/\/www.suno.com.br\/noticias\/petrobras-nao-gas-castello-branco\/#breadcrumb"},"inLanguage":"pt-BR","potentialAction":[{"@type":"ReadAction","target":["https:\/\/www.suno.com.br\/noticias\/petrobras-nao-gas-castello-branco\/"]}]},{"@type":"ImageObject","inLanguage":"pt-BR","@id":"https:\/\/www.suno.com.br\/noticias\/petrobras-nao-gas-castello-branco\/#primaryimage","url":"https:\/\/files.sunoresearch.com.br\/n\/uploads\/2019\/06\/91bf7b57-petrobras-jpg.webp","contentUrl":"https:\/\/files.sunoresearch.com.br\/n\/uploads\/2019\/06\/91bf7b57-petrobras-jpg.webp","width":1140,"height":760,"caption":"Petrobras vender\u00e1 escrit\u00f3rios no exterior neste ano, diz Castello Branco"},{"@type":"BreadcrumbList","@id":"https:\/\/www.suno.com.br\/noticias\/petrobras-nao-gas-castello-branco\/#breadcrumb","itemListElement":[{"@type":"ListItem","position":1,"name":"Not\u00edcias","item":"https:\/\/www.suno.com.br\/noticias\/"},{"@type":"ListItem","position":2,"name":"Neg\u00f3cios","item":"https:\/\/www.suno.com.br\/noticias\/negocios\/"},{"@type":"ListItem","position":3,"name":"Petrobras n\u00e3o vai distribuir nem transportar g\u00e1s, diz Castello Branco"}]},{"@type":"WebSite","@id":"https:\/\/www.suno.com.br\/noticias\/#website","url":"https:\/\/www.suno.com.br\/noticias\/","name":"Suno Not\u00edcias","description":"Seu portal de informa\u00e7\u00e3o sobre o mundo dos investimentos","publisher":{"@id":"https:\/\/www.suno.com.br\/noticias\/#organization"},"potentialAction":[{"@type":"SearchAction","target":{"@type":"EntryPoint","urlTemplate":"https:\/\/www.suno.com.br\/noticias\/?s={search_term_string}"},"query-input":{"@type":"PropertyValueSpecification","valueRequired":true,"valueName":"search_term_string"}}],"inLanguage":"pt-BR"},{"@type":"Organization","@id":"https:\/\/www.suno.com.br\/noticias\/#organization","name":"Suno Not\u00edcias","url":"https:\/\/www.suno.com.br\/noticias\/","logo":{"@type":"ImageObject","inLanguage":"pt-BR","@id":"https:\/\/www.suno.com.br\/noticias\/#\/schema\/logo\/image\/","url":"https:\/\/files.sunoresearch.com.br\/n\/uploads\/2021\/09\/suno-logo.png","contentUrl":"https:\/\/files.sunoresearch.com.br\/n\/uploads\/2021\/09\/suno-logo.png","width":180,"height":180,"caption":"Suno Not\u00edcias"},"image":{"@id":"https:\/\/www.suno.com.br\/noticias\/#\/schema\/logo\/image\/"},"sameAs":["https:\/\/facebook.com\/sunoresearch","https:\/\/x.com\/sunoresearch","https:\/\/www.instagram.com\/suno","https:\/\/www.linkedin.com\/company\/suno-research\/","https:\/\/www.youtube.com\/c\/sunoresearch"]},{"@type":"Person","@id":"https:\/\/www.suno.com.br\/noticias\/#\/schema\/person\/fc144a1c6108bd1dcd43784e88a3c138","name":"Renan Bandeira","image":{"@type":"ImageObject","inLanguage":"pt-BR","@id":"https:\/\/www.suno.com.br\/noticias\/#\/schema\/person\/image\/","url":"https:\/\/secure.gravatar.com\/avatar\/68359cdb608f14f11bbefcb78f3fc747?s=96&r=g","contentUrl":"https:\/\/secure.gravatar.com\/avatar\/68359cdb608f14f11bbefcb78f3fc747?s=96&r=g","caption":"Renan Bandeira"},"description":"Renan Bandeira escreve sobre pol\u00edtica e economia para o portal da Suno Research. Antes da Suno, trabalhou em uma rede de televis\u00e3o, onde fazia reportagens sobre os mesmos temas. Estuda na Universidade Metodista de S\u00e3o Paulo.","url":"https:\/\/www.suno.com.br\/noticias\/author\/renan-bandeira\/"}]}},"default_loop_html":"<div class=\"cardsPage__listCard__boxs\"><div class=\"cardsPage__listCard__boxs__img\"><a href=\"https:\/\/www.suno.com.br\/noticias\/petrobras-nao-gas-castello-branco\/\"><img class=\"mask\" src=\"https:\/\/www.suno.com.br\/noticias\/wp-content\/themes\/suno\/resources\/images\/spotlight\/spotlight1img\/bg-mask.png\" alt=\"Image Mask\"\/><img src=\"https:\/\/files.sunoresearch.com.br\/n\/uploads\/2019\/06\/91bf7b57-petrobras-400x200.webp\" alt=\"Petrobras n\u00e3o vai distribuir nem transportar g\u00e1s, diz Castello Branco\"\/><\/a><span class=\"spotlightCategory\"><a href=\"https:\/\/www.suno.com.br\/noticias\/negocios\/\">Neg\u00f3cios<\/a><\/span><\/div><div class=\"cardsPage__listCard__boxs__content\"><a href=\"https:\/\/www.suno.com.br\/noticias\/petrobras-nao-gas-castello-branco\/\"><h2 class=\"content__title\">Petrobras n\u00e3o vai distribuir nem transportar g\u00e1s, diz Castello Branco<\/h2><\/a><div class=\"newsContent__article__meta\"><div class=\"newsContent__article__meta__authorBox\"><a href=\"https:\/\/www.suno.com.br\/noticias\/author\/renan-bandeira\/\" class=\"authorBox__avatar noMobi\"><img src=\"https:\/\/secure.gravatar.com\/avatar\/68359cdb608f14f11bbefcb78f3fc747?s=96&#038;r=g\" alt=\"Renan Bandeira\"><\/a><div class=\"authorBox__name\"><span>por\n\t\t\t<a href=\"https:\/\/www.suno.com.br\/noticias\/author\/renan-bandeira\/\"><span itemprop=\"author\">Renan Bandeira<\/span><\/a><\/span><time datetime=\"2019-06-28T08:40:42-03:00\" itemprop=\"datePublished\">28\/06\/2019 08:40<\/time><\/div><\/div><\/div><\/div><\/div>","single_layout":"posts","amp_enabled":true,"_links":{"self":[{"href":"https:\/\/www.suno.com.br\/noticias\/wp-json\/wp\/v2\/posts\/29412"}],"collection":[{"href":"https:\/\/www.suno.com.br\/noticias\/wp-json\/wp\/v2\/posts"}],"about":[{"href":"https:\/\/www.suno.com.br\/noticias\/wp-json\/wp\/v2\/types\/post"}],"author":[{"embeddable":true,"href":"https:\/\/www.suno.com.br\/noticias\/wp-json\/wp\/v2\/users\/11"}],"replies":[{"embeddable":true,"href":"https:\/\/www.suno.com.br\/noticias\/wp-json\/wp\/v2\/comments?post=29412"}],"version-history":[{"count":0,"href":"https:\/\/www.suno.com.br\/noticias\/wp-json\/wp\/v2\/posts\/29412\/revisions"}],"wp:featuredmedia":[{"embeddable":true,"href":"https:\/\/www.suno.com.br\/noticias\/wp-json\/wp\/v2\/media\/29425"}],"wp:attachment":[{"href":"https:\/\/www.suno.com.br\/noticias\/wp-json\/wp\/v2\/media?parent=29412"}],"wp:term":[{"taxonomy":"category","embeddable":true,"href":"https:\/\/www.suno.com.br\/noticias\/wp-json\/wp\/v2\/categories?post=29412"},{"taxonomy":"post_tag","embeddable":true,"href":"https:\/\/www.suno.com.br\/noticias\/wp-json\/wp\/v2\/tags?post=29412"},{"taxonomy":"suno_strategy","embeddable":true,"href":"https:\/\/www.suno.com.br\/noticias\/wp-json\/wp\/v2\/suno_strategy?post=29412"}],"curies":[{"name":"wp","href":"https:\/\/api.w.org\/{rel}","templated":true}]}}