{"id":294062,"date":"2022-09-05T22:17:59","date_gmt":"2022-09-06T01:17:59","guid":{"rendered":"https:\/\/www.suno.com.br\/noticias\/?p=294062"},"modified":"2022-09-05T22:17:59","modified_gmt":"2022-09-06T01:17:59","slug":"vale-vale3-esta-descontada-banco-safra-corte","status":"publish","type":"post","link":"https:\/\/www.suno.com.br\/noticias\/vale-vale3-esta-descontada-banco-safra-corte\/","title":{"rendered":"Vale (VALE3) est\u00e1 descontada e analistas cortam pre\u00e7o-alvo para 2023. Quais os motivos?"},"content":{"rendered":"<p>O Banco Safra revisou suas estimativas para a <a class=\"suno-keyword\" href=\"https:\/\/www.suno.com.br\/acoes\/VALE3\/\" target=\"_blank\" rel=\"noopener\" data-force=\"yes\" data-priority=\"2\"><strong>Vale<\/strong> (VALE3)<\/a> em 2023 e decidiu cortar o <a class=\"suno-keyword\" href=\"https:\/\/www.suno.com.br\/artigos\/preco-alvo\/\" target=\"_blank\" rel=\"noopener\" data-force=\"no\" data-priority=\"1\">pre\u00e7o-alvo<\/a> de R$ 98 para R$ 91.<\/p>\t<div class=\"wrapper-featured-image\">\n\t\t<figure class=\"spotlightImg\">\n\n\t\t\t<picture>\n\t\t\t\t<source media=\"(max-width: 768px)\" srcset=\"https:\/\/files.sunoresearch.com.br\/n\/uploads\/2021\/02\/aff09bff-c0100329-vale-400x200.webp\">\n\t\t\t\t<img loading=\"lazy\" decoding=\"async\" class=\"newsContent__article__imgCapa lazyloadDisabled \" src=\"https:\/\/files.sunoresearch.com.br\/n\/uploads\/2021\/02\/aff09bff-c0100329-vale-800x450.webp\" width=\"800\" height=\"450\" alt=\"Vale (VALE3) est\u00e1 descontada e analistas cortam pre\u00e7o-alvo para 2023. Quais os motivos?\" fetchpriority=high \/>\n\t\t\t<\/picture>\n\n\t\t\t<figcaption class=\"wp-caption-text wp-caption-text--show\">Vale (VALE3). Foto: Divulga\u00e7\u00e3o.<\/figcaption>\n\t\t<\/figure>\n\t<\/div>\n\n\n\t<p>\n\t\t<a href=\"\" target=\"_blank\" data-element=\"shortcode-suno-banner\" title=\"Banner SUNO, clique e saiba mais\">\n\t\t\t<picture>\n\t\t\t\t<source media=\"(max-width: 500px)\" srcset=\"\">\n\t\t\t\t<img class=\"newsContent__article__imgCapa newsContent__article__imgCapa--banner\"\n\t\t\t\t\tsrc=\"\"\n\t\t\t\t\tdata-promo-id=\"250706\"\t\t\t\t\t\t\t\t\t\t\t\t\t\t\talt=\"\"\n\t\t\t\t>\n\t\t\t<\/picture>\n\t\t<\/a>\n\t<\/p>\n\n\n<p>Os analistas reiteram a classifica\u00e7\u00e3o de compra das <strong>a\u00e7\u00f5es da Vale<\/strong>, &#8220;apesar do fraco desempenho recente da a\u00e7\u00e3o, que em nossa opini\u00e3o se deve principalmente \u00e0s incertezas em rela\u00e7\u00e3o ao crescimento econ\u00f4mico chin\u00eas, vemos que ela est\u00e1 sendo negociada com um <em>valuation<\/em> atraente e oferecendo um bom potencial de rendimento de <a class=\"suno-keyword\" href=\"https:\/\/www.suno.com.br\/guias\/dividendos\/\" target=\"_blank\" rel=\"noopener\" data-force=\"no\" data-priority=\"1\">dividendos<\/a>&#8220;, de acordo com o relat\u00f3rio.<\/p>\n<p>Entre outros aspectos, o Safra estima que a Vale, em 2022, entregue uma produ\u00e7\u00e3o de min\u00e9rio de ferro de 305 Mt, contra os 350 Mt projetados anteriormente, com os n\u00fameros mais fracos do primeiro semestre do ano. Al\u00e9m disso, os analistas levam em consideram os problemas operacionais que impactam o restante do ano.<\/p>\n<p>&#8220;Para 2023, esperamos que os volumes sejam 7% maiores, em 325 Mt, abaixo dos 385 Mt anteriormente&#8221;, diz o texto.<\/p>\n<p>J\u00e1 quando se trata dos pre\u00e7os do <strong>min\u00e9rio de ferro<\/strong>, os analistas apostam em US$ 95 por tonelada no segundo semestre do ano e US$ 91\/ton em 2023, &#8220;ambos acima da nossa premissa anterior que estava abaixo da curva futura&#8221;. O Safra ressalta que os resultado dessas mudan\u00e7as no <strong>Ebitda da Vale<\/strong> foi de +3% e -1% para 2022 e 2023, respectivamente.<\/p>\n\t<p>\n\t\t<a href=\"https:\/\/lp.suno.com.br\/planilha-controle-gastos\/\" target=\"_blank\" data-element=\"shortcode-suno-banner\" title=\"Banner SUNO, clique e saiba mais\">\n\t\t\t<picture>\n\t\t\t\t<source media=\"(max-width: 500px)\" srcset=\"https:\/\/files.sunoresearch.com.br\/n\/uploads\/2023\/03\/400x300-Planilha-controle-de-gastos.png\">\n\t\t\t\t<img class=\"newsContent__article__imgCapa newsContent__article__imgCapa--banner\"\n\t\t\t\t\tsrc=\"https:\/\/files.sunoresearch.com.br\/n\/uploads\/2023\/03\/1420x240-Planilha-controle-de-gastos.png\"\n\t\t\t\t\tdata-promo-id=\"101751\"\t\t\t\t\t\t\t\t\t\twidth='1420' height='240'\t\t\t\t\talt=\"https:\/\/files.sunoresearch.com.br\/n\/uploads\/2023\/03\/1420x240-Planilha-controle-de-gastos.png\"\n\t\t\t\t>\n\t\t\t<\/picture>\n\t\t<\/a>\n\t<\/p>\n\n\n<p>De acordo com o relat\u00f3rio, a Vale est\u00e1 com um desconto consider\u00e1vel quando comparada a suas pares, a BHP e Rio Tinto. Estas est\u00e3o sendo negociadas a 4,8 vezes e 3,9 vezes o <em><a class=\"suno-keyword\" href=\"https:\/\/www.suno.com.br\/artigos\/enterprise-value-valor-da-firma\/\" target=\"_blank\" rel=\"noopener\" data-force=\"no\" data-priority=\"1\">Enterprise Value<\/a><\/em>\/Ebitda 2023, respectivamente.<\/p>\n<p>&#8220;Nos n\u00edveis de pre\u00e7os atuais, a Vale est\u00e1 negociando em 3,3 vezes o EV\/EBITDA para 2023, o que implica um desconto de 24% sobre sua m\u00e9dia de 5 anos e de 34% sobre o m\u00faltiplo de seus pares ante um desconto hist\u00f3rico de 25%&#8221;, afirmam.<\/p>\n<h2>Vale pode virar a tend\u00eancia de queda?<\/h2>\n<p>Os analistas destacam tamb\u00e9m que a Vale parece estar bem posicionada para as tend\u00eancias de descarboniza\u00e7\u00e3o, o que pode trazer <a class=\"suno-keyword\" href=\"https:\/\/www.suno.com.br\/artigos\/duas-empresas-com-vantagens-competitivas-que-pagam-altos-dividendos\/\" target=\"_blank\" rel=\"noopener\" data-force=\"no\" data-priority=\"1\">vantagens competitivas<\/a>.<\/p>\n\t<p>\n\t\t<a href=\"https:\/\/lp.suno.com.br\/ebook-como-analisar-uma-acao\/\" target=\"_blank\" data-element=\"shortcode-suno-banner\" title=\"Banner SUNO, clique e saiba mais\">\n\t\t\t<picture>\n\t\t\t\t<source media=\"(max-width: 500px)\" srcset=\"https:\/\/files.sunoresearch.com.br\/n\/uploads\/2023\/03\/Ebook-Acoes-Mobile-1.jpg\">\n\t\t\t\t<img class=\"newsContent__article__imgCapa newsContent__article__imgCapa--banner\"\n\t\t\t\t\tsrc=\"https:\/\/files.sunoresearch.com.br\/n\/uploads\/2023\/03\/Ebook-Acoes-Desktop-1.jpg\"\n\t\t\t\t\tdata-promo-id=\"171998\"\t\t\t\t\t\t\t\t\t\twidth='1420' height='286'\t\t\t\t\talt=\"https:\/\/files.sunoresearch.com.br\/n\/uploads\/2023\/03\/Ebook-Acoes-Desktop-1.jpg\"\n\t\t\t\t>\n\t\t\t<\/picture>\n\t\t<\/a>\n\t<\/p>\n\n\n<p>&#8220;A participa\u00e7\u00e3o de min\u00e9rio de ferro de alta qualidade em sua produ\u00e7\u00e3o, bem como as iniciativas de P&amp;D da empresa, t\u00eam potencial para ser uma <a class=\"suno-keyword\" href=\"https:\/\/www.suno.com.br\/artigos\/vantagem-competitiva\/\" target=\"_blank\" rel=\"noopener\" data-force=\"no\" data-priority=\"1\">vantagem competitiva<\/a>, j\u00e1 que as sider\u00fargicas buscam redu\u00e7\u00e3o de emiss\u00f5es em seu processo produtivo&#8221;, afirmam.<\/p>\n<p>Em rela\u00e7\u00e3o \u00e0 divis\u00e3o de metais b\u00e1sicos, o Safra acredita que, mesmo ap\u00f3s alguns trimestres desafiadores, a Vale continua em boa posi\u00e7\u00e3o em termos de portf\u00f3lio e recursos minerais para capturar valor da eletrifica\u00e7\u00e3o do transporte.<\/p>\n<p>Por fim, o banco de investimentos elenca os seguintes riscos para a Vale:<\/p>\n<ul>\n<li>Depend\u00eancia de licen\u00e7as ambientais e certifica\u00e7\u00f5es de terceiros para aumentar a produ\u00e7\u00e3o;<\/li>\n<li>Riscos ambientais relacionados \u00e0s barragens de rejeitos existentes da empresa;<\/li>\n<li>Exposi\u00e7\u00e3o aos pre\u00e7os internacionais do min\u00e9rio de ferro; e<\/li>\n<li>Eventuais provis\u00f5es adicionais relacionadas aos eventos de Samarco ou Brumadinho.<\/li>\n<\/ul>\n<h2>Cota\u00e7\u00e3o<\/h2>\n<p>As a\u00e7\u00f5es da\u00a0<strong>Vale<\/strong> subiram 3,66% nesta segunda-feira (5), cotadas a R$ 65,22. No ano, perde 16,38%.<\/p>\n\t<p>\n\t\t<a href=\"https:\/\/lp.suno.com.br\/planilha-de-controle-de-investimentos\/\" target=\"_blank\" data-element=\"shortcode-suno-banner\" title=\"Banner SUNO, clique e saiba mais\">\n\t\t\t<picture>\n\t\t\t\t<source media=\"(max-width: 500px)\" srcset=\"https:\/\/files.sunoresearch.com.br\/n\/uploads\/2023\/03\/400x300-Controle-de-Investimentos.png\">\n\t\t\t\t<img class=\"newsContent__article__imgCapa newsContent__article__imgCapa--banner\"\n\t\t\t\t\tsrc=\"https:\/\/files.sunoresearch.com.br\/n\/uploads\/2023\/03\/1420x240-Controle-de-Investimentos.png\"\n\t\t\t\t\tdata-promo-id=\"75934\"\t\t\t\t\t\t\t\t\t\twidth='1420' height='240'\t\t\t\t\talt=\"https:\/\/files.sunoresearch.com.br\/n\/uploads\/2023\/03\/1420x240-Controle-de-Investimentos.png\"\n\t\t\t\t>\n\t\t\t<\/picture>\n\t\t<\/a>\n\t<\/p>\n\n\n","protected":false},"excerpt":{"rendered":"<p>O Banco Safra revisou suas estimativas para a Vale (VALE3) em 2023 e decidiu cortar o pre\u00e7o-alvo de R$ 98 para R$ 91. Vale (VALE3). Foto: Divulga\u00e7\u00e3o. Os analistas reiteram a classifica\u00e7\u00e3o de compra das a\u00e7\u00f5es da Vale, &#8220;apesar do fraco desempenho recente da a\u00e7\u00e3o, que em nossa opini\u00e3o se deve principalmente \u00e0s incertezas em [&hellip;]<\/p>\n","protected":false},"author":146,"featured_media":126963,"comment_status":"closed","ping_status":"closed","sticky":false,"template":"","format":"standard","meta":[],"categories":[64],"tags":[1518,105816,676],"suno_strategy":[],"class_list":["post-294062","post","type-post","status-publish","format-standard","has-post-thumbnail","hentry","category-negocios","tag-banco-safra","tag-especialistas","tag-vale-vale3"],"yoast_head":"<!-- This site is optimized with the Yoast SEO plugin v24.4 - https:\/\/yoast.com\/wordpress\/plugins\/seo\/ -->\n<title>Vale (VALE3) est\u00e1 descontada e analistas cortam pre\u00e7o-alvo para 2023<\/title>\n<meta name=\"description\" content=\"Na vis\u00e3o do Banco Safra, a Vale (VALE3) est\u00e1 descontada em rela\u00e7\u00e3o aos pares do setor. Os analistas revisaram suas estimativas para 2023.\" \/>\n<meta name=\"robots\" content=\"index, follow, max-snippet:-1, max-image-preview:large, max-video-preview:-1\" \/>\n<link rel=\"canonical\" href=\"https:\/\/www.suno.com.br\/noticias\/vale-vale3-esta-descontada-banco-safra-corte\/\" \/>\n<meta property=\"og:locale\" content=\"pt_BR\" \/>\n<meta property=\"og:type\" content=\"article\" \/>\n<meta property=\"og:title\" content=\"Vale (VALE3) est\u00e1 descontada e analistas cortam pre\u00e7o-alvo para 2023\" \/>\n<meta property=\"og:description\" content=\"Na vis\u00e3o do Banco Safra, a Vale (VALE3) est\u00e1 descontada em rela\u00e7\u00e3o aos pares do setor. Os analistas revisaram suas estimativas para 2023.\" \/>\n<meta property=\"og:url\" content=\"https:\/\/www.suno.com.br\/noticias\/vale-vale3-esta-descontada-banco-safra-corte\/\" \/>\n<meta property=\"og:site_name\" content=\"Suno Not\u00edcias\" \/>\n<meta property=\"article:publisher\" content=\"https:\/\/facebook.com\/sunoresearch\" \/>\n<meta property=\"og:image\" content=\"https:\/\/files.sunoresearch.com.br\/n\/uploads\/2021\/02\/aff09bff-c0100329-vale.jpg\" \/>\n\t<meta property=\"og:image:width\" content=\"1380\" \/>\n\t<meta property=\"og:image:height\" content=\"937\" \/>\n\t<meta property=\"og:image:type\" content=\"image\/jpeg\" \/>\n<meta name=\"author\" content=\"Vict\u00f3ria Anhesini\" \/>\n<meta name=\"twitter:card\" content=\"summary_large_image\" \/>\n<meta name=\"twitter:creator\" content=\"@sunoresearch\" \/>\n<meta name=\"twitter:site\" content=\"@sunoresearch\" \/>\n<meta name=\"twitter:label1\" content=\"Escrito por\" \/>\n\t<meta name=\"twitter:data1\" content=\"Vict\u00f3ria Anhesini\" \/>\n\t<meta name=\"twitter:label2\" content=\"Est. tempo de leitura\" \/>\n\t<meta name=\"twitter:data2\" content=\"3 minutos\" \/>\n<script type=\"application\/ld+json\" class=\"yoast-schema-graph\">{\"@context\":\"https:\/\/schema.org\",\"@graph\":[{\"@type\":\"NewsArticle\",\"@id\":\"https:\/\/www.suno.com.br\/noticias\/vale-vale3-esta-descontada-banco-safra-corte\/#article\",\"isPartOf\":{\"@id\":\"https:\/\/www.suno.com.br\/noticias\/vale-vale3-esta-descontada-banco-safra-corte\/\"},\"author\":{\"name\":\"Vict\u00f3ria Anhesini\",\"@id\":\"https:\/\/www.suno.com.br\/noticias\/#\/schema\/person\/46d847cb19ad53fde0857adca989c23f\"},\"headline\":\"Vale (VALE3) est\u00e1 descontada e analistas cortam pre\u00e7o-alvo para 2023. Quais os motivos?\",\"datePublished\":\"2022-09-06T01:17:59+00:00\",\"mainEntityOfPage\":{\"@id\":\"https:\/\/www.suno.com.br\/noticias\/vale-vale3-esta-descontada-banco-safra-corte\/\"},\"wordCount\":526,\"publisher\":{\"@id\":\"https:\/\/www.suno.com.br\/noticias\/#organization\"},\"image\":{\"@id\":\"https:\/\/www.suno.com.br\/noticias\/vale-vale3-esta-descontada-banco-safra-corte\/#primaryimage\"},\"thumbnailUrl\":\"https:\/\/files.sunoresearch.com.br\/n\/uploads\/2021\/02\/aff09bff-c0100329-vale-jpg.webp\",\"keywords\":[\"Banco Safra\",\"Especialistas\",\"Vale (VALE3)\"],\"articleSection\":[\"Neg\u00f3cios\"],\"inLanguage\":\"pt-BR\"},{\"@type\":\"WebPage\",\"@id\":\"https:\/\/www.suno.com.br\/noticias\/vale-vale3-esta-descontada-banco-safra-corte\/\",\"url\":\"https:\/\/www.suno.com.br\/noticias\/vale-vale3-esta-descontada-banco-safra-corte\/\",\"name\":\"Vale (VALE3) est\u00e1 descontada e analistas cortam pre\u00e7o-alvo para 2023\",\"isPartOf\":{\"@id\":\"https:\/\/www.suno.com.br\/noticias\/#website\"},\"primaryImageOfPage\":{\"@id\":\"https:\/\/www.suno.com.br\/noticias\/vale-vale3-esta-descontada-banco-safra-corte\/#primaryimage\"},\"image\":{\"@id\":\"https:\/\/www.suno.com.br\/noticias\/vale-vale3-esta-descontada-banco-safra-corte\/#primaryimage\"},\"thumbnailUrl\":\"https:\/\/files.sunoresearch.com.br\/n\/uploads\/2021\/02\/aff09bff-c0100329-vale-jpg.webp\",\"datePublished\":\"2022-09-06T01:17:59+00:00\",\"description\":\"Na vis\u00e3o do Banco Safra, a Vale (VALE3) est\u00e1 descontada em rela\u00e7\u00e3o aos pares do setor. Os analistas revisaram suas estimativas para 2023.\",\"breadcrumb\":{\"@id\":\"https:\/\/www.suno.com.br\/noticias\/vale-vale3-esta-descontada-banco-safra-corte\/#breadcrumb\"},\"inLanguage\":\"pt-BR\",\"potentialAction\":[{\"@type\":\"ReadAction\",\"target\":[\"https:\/\/www.suno.com.br\/noticias\/vale-vale3-esta-descontada-banco-safra-corte\/\"]}]},{\"@type\":\"ImageObject\",\"inLanguage\":\"pt-BR\",\"@id\":\"https:\/\/www.suno.com.br\/noticias\/vale-vale3-esta-descontada-banco-safra-corte\/#primaryimage\",\"url\":\"https:\/\/files.sunoresearch.com.br\/n\/uploads\/2021\/02\/aff09bff-c0100329-vale-jpg.webp\",\"contentUrl\":\"https:\/\/files.sunoresearch.com.br\/n\/uploads\/2021\/02\/aff09bff-c0100329-vale-jpg.webp\",\"width\":1380,\"height\":937,\"caption\":\"Vale (VALE3). Foto: Divulga\u00e7\u00e3o.\"},{\"@type\":\"BreadcrumbList\",\"@id\":\"https:\/\/www.suno.com.br\/noticias\/vale-vale3-esta-descontada-banco-safra-corte\/#breadcrumb\",\"itemListElement\":[{\"@type\":\"ListItem\",\"position\":1,\"name\":\"Not\u00edcias\",\"item\":\"https:\/\/www.suno.com.br\/noticias\/\"},{\"@type\":\"ListItem\",\"position\":2,\"name\":\"Neg\u00f3cios\",\"item\":\"https:\/\/www.suno.com.br\/noticias\/negocios\/\"},{\"@type\":\"ListItem\",\"position\":3,\"name\":\"Vale (VALE3) est\u00e1 descontada e analistas cortam pre\u00e7o-alvo para 2023. Quais os motivos?\"}]},{\"@type\":\"WebSite\",\"@id\":\"https:\/\/www.suno.com.br\/noticias\/#website\",\"url\":\"https:\/\/www.suno.com.br\/noticias\/\",\"name\":\"Suno Not\u00edcias\",\"description\":\"Seu portal de informa\u00e7\u00e3o sobre o mundo dos investimentos\",\"publisher\":{\"@id\":\"https:\/\/www.suno.com.br\/noticias\/#organization\"},\"potentialAction\":[{\"@type\":\"SearchAction\",\"target\":{\"@type\":\"EntryPoint\",\"urlTemplate\":\"https:\/\/www.suno.com.br\/noticias\/?s={search_term_string}\"},\"query-input\":{\"@type\":\"PropertyValueSpecification\",\"valueRequired\":true,\"valueName\":\"search_term_string\"}}],\"inLanguage\":\"pt-BR\"},{\"@type\":\"Organization\",\"@id\":\"https:\/\/www.suno.com.br\/noticias\/#organization\",\"name\":\"Suno Not\u00edcias\",\"url\":\"https:\/\/www.suno.com.br\/noticias\/\",\"logo\":{\"@type\":\"ImageObject\",\"inLanguage\":\"pt-BR\",\"@id\":\"https:\/\/www.suno.com.br\/noticias\/#\/schema\/logo\/image\/\",\"url\":\"https:\/\/files.sunoresearch.com.br\/n\/uploads\/2021\/09\/suno-logo.png\",\"contentUrl\":\"https:\/\/files.sunoresearch.com.br\/n\/uploads\/2021\/09\/suno-logo.png\",\"width\":180,\"height\":180,\"caption\":\"Suno Not\u00edcias\"},\"image\":{\"@id\":\"https:\/\/www.suno.com.br\/noticias\/#\/schema\/logo\/image\/\"},\"sameAs\":[\"https:\/\/facebook.com\/sunoresearch\",\"https:\/\/x.com\/sunoresearch\",\"https:\/\/www.instagram.com\/suno\",\"https:\/\/www.linkedin.com\/company\/suno-research\/\",\"https:\/\/www.youtube.com\/c\/sunoresearch\"]},{\"@type\":\"Person\",\"@id\":\"https:\/\/www.suno.com.br\/noticias\/#\/schema\/person\/46d847cb19ad53fde0857adca989c23f\",\"name\":\"Vict\u00f3ria Anhesini\",\"image\":{\"@type\":\"ImageObject\",\"inLanguage\":\"pt-BR\",\"@id\":\"https:\/\/www.suno.com.br\/noticias\/#\/schema\/person\/image\/\",\"url\":\"https:\/\/secure.gravatar.com\/avatar\/0172bdfcd9129dd9dd68794804304e6e?s=96&r=g\",\"contentUrl\":\"https:\/\/secure.gravatar.com\/avatar\/0172bdfcd9129dd9dd68794804304e6e?s=96&r=g\",\"caption\":\"Vict\u00f3ria Anhesini\"},\"description\":\"Rep\u00f3rter no Suno Not\u00edcias, cobre mercados, neg\u00f3cios e economia, escrevendo majoritariamente sobre movimentos das empresas, cobertura de balan\u00e7os trimestrais e Bolsa de Valores. Formada em jornalismo pela Universidade Presbiteriana Mackenzie em 2019, passou pelo portal de economia e finan\u00e7as EuQueroInvestir como rep\u00f3rter e anteriormente, trabalhou na assessoria de imprensa PinePR, onde liderou com startups de inova\u00e7\u00e3o, tecnologia e finan\u00e7as. Em seu tempo livre, fala sobre m\u00fasica para ambos os sites do selo ForMusic, Wikimetal e Mad Sound, e faz trabalho volunt\u00e1rio no programa Escreve Cartas do Poupatempo.\",\"sameAs\":[\"https:\/\/www.linkedin.com\/in\/victoria-anhesini\/\"],\"url\":\"https:\/\/www.suno.com.br\/noticias\/author\/victoria\/\"}]}<\/script>\n<!-- \/ Yoast SEO plugin. -->","yoast_head_json":{"title":"Vale (VALE3) est\u00e1 descontada e analistas cortam pre\u00e7o-alvo para 2023","description":"Na vis\u00e3o do Banco Safra, a Vale (VALE3) est\u00e1 descontada em rela\u00e7\u00e3o aos pares do setor. Os analistas revisaram suas estimativas para 2023.","robots":{"index":"index","follow":"follow","max-snippet":"max-snippet:-1","max-image-preview":"max-image-preview:large","max-video-preview":"max-video-preview:-1"},"canonical":"https:\/\/www.suno.com.br\/noticias\/vale-vale3-esta-descontada-banco-safra-corte\/","og_locale":"pt_BR","og_type":"article","og_title":"Vale (VALE3) est\u00e1 descontada e analistas cortam pre\u00e7o-alvo para 2023","og_description":"Na vis\u00e3o do Banco Safra, a Vale (VALE3) est\u00e1 descontada em rela\u00e7\u00e3o aos pares do setor. Os analistas revisaram suas estimativas para 2023.","og_url":"https:\/\/www.suno.com.br\/noticias\/vale-vale3-esta-descontada-banco-safra-corte\/","og_site_name":"Suno Not\u00edcias","article_publisher":"https:\/\/facebook.com\/sunoresearch","og_image":[{"width":1380,"height":937,"url":"https:\/\/files.sunoresearch.com.br\/n\/uploads\/2021\/02\/aff09bff-c0100329-vale.jpg","type":"image\/jpeg"}],"author":"Vict\u00f3ria Anhesini","twitter_card":"summary_large_image","twitter_creator":"@sunoresearch","twitter_site":"@sunoresearch","twitter_misc":{"Escrito por":"Vict\u00f3ria Anhesini","Est. tempo de leitura":"3 minutos"},"schema":{"@context":"https:\/\/schema.org","@graph":[{"@type":"NewsArticle","@id":"https:\/\/www.suno.com.br\/noticias\/vale-vale3-esta-descontada-banco-safra-corte\/#article","isPartOf":{"@id":"https:\/\/www.suno.com.br\/noticias\/vale-vale3-esta-descontada-banco-safra-corte\/"},"author":{"name":"Vict\u00f3ria Anhesini","@id":"https:\/\/www.suno.com.br\/noticias\/#\/schema\/person\/46d847cb19ad53fde0857adca989c23f"},"headline":"Vale (VALE3) est\u00e1 descontada e analistas cortam pre\u00e7o-alvo para 2023. Quais os motivos?","datePublished":"2022-09-06T01:17:59+00:00","mainEntityOfPage":{"@id":"https:\/\/www.suno.com.br\/noticias\/vale-vale3-esta-descontada-banco-safra-corte\/"},"wordCount":526,"publisher":{"@id":"https:\/\/www.suno.com.br\/noticias\/#organization"},"image":{"@id":"https:\/\/www.suno.com.br\/noticias\/vale-vale3-esta-descontada-banco-safra-corte\/#primaryimage"},"thumbnailUrl":"https:\/\/files.sunoresearch.com.br\/n\/uploads\/2021\/02\/aff09bff-c0100329-vale-jpg.webp","keywords":["Banco Safra","Especialistas","Vale (VALE3)"],"articleSection":["Neg\u00f3cios"],"inLanguage":"pt-BR"},{"@type":"WebPage","@id":"https:\/\/www.suno.com.br\/noticias\/vale-vale3-esta-descontada-banco-safra-corte\/","url":"https:\/\/www.suno.com.br\/noticias\/vale-vale3-esta-descontada-banco-safra-corte\/","name":"Vale (VALE3) est\u00e1 descontada e analistas cortam pre\u00e7o-alvo para 2023","isPartOf":{"@id":"https:\/\/www.suno.com.br\/noticias\/#website"},"primaryImageOfPage":{"@id":"https:\/\/www.suno.com.br\/noticias\/vale-vale3-esta-descontada-banco-safra-corte\/#primaryimage"},"image":{"@id":"https:\/\/www.suno.com.br\/noticias\/vale-vale3-esta-descontada-banco-safra-corte\/#primaryimage"},"thumbnailUrl":"https:\/\/files.sunoresearch.com.br\/n\/uploads\/2021\/02\/aff09bff-c0100329-vale-jpg.webp","datePublished":"2022-09-06T01:17:59+00:00","description":"Na vis\u00e3o do Banco Safra, a Vale (VALE3) est\u00e1 descontada em rela\u00e7\u00e3o aos pares do setor. Os analistas revisaram suas estimativas para 2023.","breadcrumb":{"@id":"https:\/\/www.suno.com.br\/noticias\/vale-vale3-esta-descontada-banco-safra-corte\/#breadcrumb"},"inLanguage":"pt-BR","potentialAction":[{"@type":"ReadAction","target":["https:\/\/www.suno.com.br\/noticias\/vale-vale3-esta-descontada-banco-safra-corte\/"]}]},{"@type":"ImageObject","inLanguage":"pt-BR","@id":"https:\/\/www.suno.com.br\/noticias\/vale-vale3-esta-descontada-banco-safra-corte\/#primaryimage","url":"https:\/\/files.sunoresearch.com.br\/n\/uploads\/2021\/02\/aff09bff-c0100329-vale-jpg.webp","contentUrl":"https:\/\/files.sunoresearch.com.br\/n\/uploads\/2021\/02\/aff09bff-c0100329-vale-jpg.webp","width":1380,"height":937,"caption":"Vale (VALE3). Foto: Divulga\u00e7\u00e3o."},{"@type":"BreadcrumbList","@id":"https:\/\/www.suno.com.br\/noticias\/vale-vale3-esta-descontada-banco-safra-corte\/#breadcrumb","itemListElement":[{"@type":"ListItem","position":1,"name":"Not\u00edcias","item":"https:\/\/www.suno.com.br\/noticias\/"},{"@type":"ListItem","position":2,"name":"Neg\u00f3cios","item":"https:\/\/www.suno.com.br\/noticias\/negocios\/"},{"@type":"ListItem","position":3,"name":"Vale (VALE3) est\u00e1 descontada e analistas cortam pre\u00e7o-alvo para 2023. Quais os motivos?"}]},{"@type":"WebSite","@id":"https:\/\/www.suno.com.br\/noticias\/#website","url":"https:\/\/www.suno.com.br\/noticias\/","name":"Suno Not\u00edcias","description":"Seu portal de informa\u00e7\u00e3o sobre o mundo dos investimentos","publisher":{"@id":"https:\/\/www.suno.com.br\/noticias\/#organization"},"potentialAction":[{"@type":"SearchAction","target":{"@type":"EntryPoint","urlTemplate":"https:\/\/www.suno.com.br\/noticias\/?s={search_term_string}"},"query-input":{"@type":"PropertyValueSpecification","valueRequired":true,"valueName":"search_term_string"}}],"inLanguage":"pt-BR"},{"@type":"Organization","@id":"https:\/\/www.suno.com.br\/noticias\/#organization","name":"Suno Not\u00edcias","url":"https:\/\/www.suno.com.br\/noticias\/","logo":{"@type":"ImageObject","inLanguage":"pt-BR","@id":"https:\/\/www.suno.com.br\/noticias\/#\/schema\/logo\/image\/","url":"https:\/\/files.sunoresearch.com.br\/n\/uploads\/2021\/09\/suno-logo.png","contentUrl":"https:\/\/files.sunoresearch.com.br\/n\/uploads\/2021\/09\/suno-logo.png","width":180,"height":180,"caption":"Suno Not\u00edcias"},"image":{"@id":"https:\/\/www.suno.com.br\/noticias\/#\/schema\/logo\/image\/"},"sameAs":["https:\/\/facebook.com\/sunoresearch","https:\/\/x.com\/sunoresearch","https:\/\/www.instagram.com\/suno","https:\/\/www.linkedin.com\/company\/suno-research\/","https:\/\/www.youtube.com\/c\/sunoresearch"]},{"@type":"Person","@id":"https:\/\/www.suno.com.br\/noticias\/#\/schema\/person\/46d847cb19ad53fde0857adca989c23f","name":"Vict\u00f3ria Anhesini","image":{"@type":"ImageObject","inLanguage":"pt-BR","@id":"https:\/\/www.suno.com.br\/noticias\/#\/schema\/person\/image\/","url":"https:\/\/secure.gravatar.com\/avatar\/0172bdfcd9129dd9dd68794804304e6e?s=96&r=g","contentUrl":"https:\/\/secure.gravatar.com\/avatar\/0172bdfcd9129dd9dd68794804304e6e?s=96&r=g","caption":"Vict\u00f3ria Anhesini"},"description":"Rep\u00f3rter no Suno Not\u00edcias, cobre mercados, neg\u00f3cios e economia, escrevendo majoritariamente sobre movimentos das empresas, cobertura de balan\u00e7os trimestrais e Bolsa de Valores. Formada em jornalismo pela Universidade Presbiteriana Mackenzie em 2019, passou pelo portal de economia e finan\u00e7as EuQueroInvestir como rep\u00f3rter e anteriormente, trabalhou na assessoria de imprensa PinePR, onde liderou com startups de inova\u00e7\u00e3o, tecnologia e finan\u00e7as. Em seu tempo livre, fala sobre m\u00fasica para ambos os sites do selo ForMusic, Wikimetal e Mad Sound, e faz trabalho volunt\u00e1rio no programa Escreve Cartas do Poupatempo.","sameAs":["https:\/\/www.linkedin.com\/in\/victoria-anhesini\/"],"url":"https:\/\/www.suno.com.br\/noticias\/author\/victoria\/"}]}},"default_loop_html":"<div class=\"cardsPage__listCard__boxs\"><div class=\"cardsPage__listCard__boxs__img\"><a href=\"https:\/\/www.suno.com.br\/noticias\/vale-vale3-esta-descontada-banco-safra-corte\/\"><img class=\"mask\" src=\"https:\/\/www.suno.com.br\/noticias\/wp-content\/themes\/suno\/resources\/images\/spotlight\/spotlight1img\/bg-mask.png\" alt=\"Image Mask\"\/><img src=\"https:\/\/files.sunoresearch.com.br\/n\/uploads\/2021\/02\/aff09bff-c0100329-vale-400x200.webp\" alt=\"Vale (VALE3) est\u00e1 descontada e analistas cortam pre\u00e7o-alvo para 2023. Quais os motivos?\"\/><\/a><span class=\"spotlightCategory\"><a href=\"https:\/\/www.suno.com.br\/noticias\/negocios\/\">Neg\u00f3cios<\/a><\/span><\/div><div class=\"cardsPage__listCard__boxs__content\"><a href=\"https:\/\/www.suno.com.br\/noticias\/vale-vale3-esta-descontada-banco-safra-corte\/\"><h2 class=\"content__title\">Vale (VALE3) est\u00e1 descontada e analistas cortam pre\u00e7o-alvo para 2023. Quais os motivos?<\/h2><\/a><div class=\"newsContent__article__meta\"><div class=\"newsContent__article__meta__authorBox\"><a href=\"https:\/\/www.suno.com.br\/noticias\/author\/victoria\/\" class=\"authorBox__avatar noMobi\"><img src=\"https:\/\/files.sunoresearch.com.br\/n\/uploads\/2021\/12\/20190129VickyPINEAPPLE01-1-150x150.jpg\" alt=\"Vict\u00f3ria Anhesini\"><\/a><div class=\"authorBox__name\"><span>por\n\t\t\t<a href=\"https:\/\/www.suno.com.br\/noticias\/author\/victoria\/\"><span itemprop=\"author\">Vict\u00f3ria Anhesini<\/span><\/a><\/span><time datetime=\"2022-09-05T22:17:59-03:00\" itemprop=\"datePublished\">05\/09\/2022 22:17<\/time><\/div><\/div><\/div><\/div><\/div>","single_layout":"posts","amp_enabled":true,"_links":{"self":[{"href":"https:\/\/www.suno.com.br\/noticias\/wp-json\/wp\/v2\/posts\/294062"}],"collection":[{"href":"https:\/\/www.suno.com.br\/noticias\/wp-json\/wp\/v2\/posts"}],"about":[{"href":"https:\/\/www.suno.com.br\/noticias\/wp-json\/wp\/v2\/types\/post"}],"author":[{"embeddable":true,"href":"https:\/\/www.suno.com.br\/noticias\/wp-json\/wp\/v2\/users\/146"}],"replies":[{"embeddable":true,"href":"https:\/\/www.suno.com.br\/noticias\/wp-json\/wp\/v2\/comments?post=294062"}],"version-history":[{"count":3,"href":"https:\/\/www.suno.com.br\/noticias\/wp-json\/wp\/v2\/posts\/294062\/revisions"}],"predecessor-version":[{"id":294106,"href":"https:\/\/www.suno.com.br\/noticias\/wp-json\/wp\/v2\/posts\/294062\/revisions\/294106"}],"wp:featuredmedia":[{"embeddable":true,"href":"https:\/\/www.suno.com.br\/noticias\/wp-json\/wp\/v2\/media\/126963"}],"wp:attachment":[{"href":"https:\/\/www.suno.com.br\/noticias\/wp-json\/wp\/v2\/media?parent=294062"}],"wp:term":[{"taxonomy":"category","embeddable":true,"href":"https:\/\/www.suno.com.br\/noticias\/wp-json\/wp\/v2\/categories?post=294062"},{"taxonomy":"post_tag","embeddable":true,"href":"https:\/\/www.suno.com.br\/noticias\/wp-json\/wp\/v2\/tags?post=294062"},{"taxonomy":"suno_strategy","embeddable":true,"href":"https:\/\/www.suno.com.br\/noticias\/wp-json\/wp\/v2\/suno_strategy?post=294062"}],"curies":[{"name":"wp","href":"https:\/\/api.w.org\/{rel}","templated":true}]}}