{"id":29396,"date":"2019-06-27T20:57:02","date_gmt":"2019-06-27T23:57:02","guid":{"rendered":"https:\/\/www.suno.com.br\/noticias\/?p=29396"},"modified":"2019-06-28T13:25:51","modified_gmt":"2019-06-28T16:25:51","slug":"trabalho-pior-desempenho","status":"publish","type":"post","link":"https:\/\/www.suno.com.br\/noticias\/trabalho-pior-desempenho\/","title":{"rendered":"Mercado de trabalho registra pior desempenho para maio desde 2016"},"content":{"rendered":"<p>O <strong>Minist\u00e9rio da Economia<\/strong>\u00a0declarou que o registro de vagas de emprego formais no Brasil teve o pior desempenho durante o m\u00eas de maio desde 2016. A informa\u00e7\u00e3o foi divulgada nesta quinta-feira (27) no <strong>Cadastro Geral de Empregados e Desempregados (Caged)<\/strong>.<\/p>\t<div class=\"wrapper-featured-image\">\n\t\t<figure class=\"spotlightImg\">\n\n\t\t\t<picture>\n\t\t\t\t<source media=\"(max-width: 768px)\" srcset=\"https:\/\/files.sunoresearch.com.br\/n\/uploads\/2019\/06\/a121ca65-carteira-de-trabalho-400x200.webp\">\n\t\t\t\t<img loading=\"lazy\" decoding=\"async\" class=\"newsContent__article__imgCapa lazyloadDisabled newsContent__article__imgCapa--noCaption\" src=\"https:\/\/files.sunoresearch.com.br\/n\/uploads\/2019\/06\/a121ca65-carteira-de-trabalho-png.webp\" width=\"800\" height=\"450\" alt=\"Mercado de trabalho registra pior desempenho para maio desde 2016\" fetchpriority=high \/>\n\t\t\t<\/picture>\n\n\t\t\t<figcaption class=\"wp-caption-text wp-caption-text--hide\">Os benefici\u00e1rios poder\u00e3o ter o dep\u00f3sito de at\u00e9 R$ 1.045 do FGTS, contabilizando a soma de todas as contas ativas ou inativas com saldo.<\/figcaption>\n\t\t<\/figure>\n\t<\/div>\n\n\n<p>Conforme divulgado no relat\u00f3rio, o mercado de<strong> trabalho\u00a0<\/strong>brasileiro registrou\u00a032.140 vagas formais em maio. Esse n\u00famero \u00e9 resultado de 1.347.304 admiss\u00f5es e de 1.315.164 demiss\u00f5es registradas no per\u00edodo.<\/p>\n<p>Em maio de 2016, a quantia de vagas foi negativa. Assim, durante o m\u00eas\u00a072.615 vagas foram perdidas.<\/p>\n\t<p>\n\t\t<a href=\"https:\/\/lp.suno.com.br\/planilha-de-controle-de-investimentos\/\" target=\"_blank\" data-element=\"shortcode-suno-banner\" title=\"Banner SUNO, clique e saiba mais\">\n\t\t\t<picture>\n\t\t\t\t<source media=\"(max-width: 500px)\" srcset=\"https:\/\/files.sunoresearch.com.br\/n\/uploads\/2023\/03\/400x300-Controle-de-Investimentos.png\">\n\t\t\t\t<img class=\"newsContent__article__imgCapa newsContent__article__imgCapa--banner\"\n\t\t\t\t\tsrc=\"https:\/\/files.sunoresearch.com.br\/n\/uploads\/2023\/03\/1420x240-Controle-de-Investimentos.png\"\n\t\t\t\t\tdata-promo-id=\"75934\"\t\t\t\t\t\t\t\t\t\twidth='1420' height='240'\t\t\t\t\talt=\"https:\/\/files.sunoresearch.com.br\/n\/uploads\/2023\/03\/1420x240-Controle-de-Investimentos.png\"\n\t\t\t\t>\n\t\t\t<\/picture>\n\t\t<\/a>\n\t<\/p>\n\n\n<p>Segundo dados divulgados pelo<a href=\"https:\/\/www.ibge.gov.br\/institucional\/o-ibge.html\"><strong> Instituto Brasileiro de Geografia e Estat\u00edstica (IBGE)<\/strong><\/a>,\u00a0o desemprego no Pa\u00eds subiu para 12,7% com 13,4 milh\u00f5es de desempregados no primeiro trimestre de 2019.<\/p>\n<h2>N\u00famero de vagas por setor<\/h2>\n<p>O Caged acompanhou oito setores. Dentre eles, somente o <strong>com\u00e9rcio<\/strong>, a <strong>ind\u00fastria da transforma\u00e7\u00e3o<\/strong> e o <strong>servi\u00e7os industriais<\/strong> de utilidade p\u00fablica apresentaram n\u00fameros negativos. Nesses setores,\u00a011.305,\u00a06.136 e\u00a0415 vagas foram fechadas, respectivamente.<\/p>\n<p>Por outro lado, outros setores apresentaram saldos positivos no registro de vagas formais. Sendo eles:<\/p>\n<ul>\n<li>Agropecu\u00e1ria: 37.373 vagas<\/li>\n<li>Constru\u00e7\u00e3o Civil: 8.459 vagas<\/li>\n<li>Servi\u00e7os: 2.533\u00a0vagas<\/li>\n<li>Administra\u00e7\u00e3o p\u00fablica: 1.004\u00a0vagas<\/li>\n<li>Extrativa mineral: 627\u00a0vagas<\/li>\n<\/ul>\n<p>A modalidade de emprego que permite que o trabalhador atue em dias alternados ou por poucas horas gerou 7.559 admiss\u00f5es no \u00faltimo m\u00eas. Aos trabalhadores que atuam por at\u00e9 30 horas semanais, 1.377 vagas foram criadas.<\/p>\n\t<p>\n\t\t<a href=\"https:\/\/www.seculus.com.br\/blackfriday\" target=\"_blank\" data-element=\"shortcode-suno-banner\" title=\"Banner SUNO, clique e saiba mais\">\n\t\t\t<picture>\n\t\t\t\t<source media=\"(max-width: 500px)\" srcset=\"https:\/\/files.sunoresearch.com.br\/n\/uploads\/2023\/11\/seculus_suno_mobile_2.jpg\">\n\t\t\t\t<img class=\"newsContent__article__imgCapa newsContent__article__imgCapa--banner\"\n\t\t\t\t\tsrc=\"https:\/\/files.sunoresearch.com.br\/n\/uploads\/2023\/11\/seculus_suno_desktop_2.jpg\"\n\t\t\t\t\tdata-promo-id=\"474123\"\t\t\t\t\t\t\t\t\t\twidth='1420' height='240'\t\t\t\t\talt=\"https:\/\/files.sunoresearch.com.br\/n\/uploads\/2023\/11\/seculus_suno_desktop_2.jpg\"\n\t\t\t\t>\n\t\t\t<\/picture>\n\t\t<\/a>\n\t<\/p>\n\n\n<p>O decr\u00e9scimo no n\u00famero de vagas registrado j\u00e1 era esperado por conta da crise econ\u00f4mica. Al\u00e9m disso, o <strong>IBGE<\/strong> divulgou nesta quinta-feira que o n\u00famero de empresas fechadas no com\u00e9rcio corresponde a 80 mil em quatro anos.<\/p>\n<h2>80 mil empresas fechadas em quatro anos<\/h2>\n<p>O <a href=\"https:\/\/www.ibge.gov.br\/institucional\/o-ibge.html\"><strong>Instituto\u00a0Brasileiro de Geografia e Estat\u00edstica (IBGE)<\/strong><\/a> divulgou que mais de 411 mil postos de trabalho e 80 mil empresas fecharam em quatro anos no Brasil.<\/p>\n<p><a href=\"https:\/\/www.suno.com.br\/noticias\/comercio-perdeu-ibge\/\">Saiba mais: Com\u00e9rcio perdeu 80 mil empresas em 4 anos, divulga IBGE<\/a><\/p>\n<p>Conforme os dados publicados na\u00a0Pesquisa Anual do<strong> Com\u00e9rcio <\/strong>(PAC),\u00a0entre 2014 e 2017, o n\u00famero de empresas do setor de com\u00e9rcios diminuiu em 100 mil. Esse valor indica uma queda de 5%. Al\u00e9m disso, o n\u00famero de postos de <strong>trabalho<\/strong> no setor passou de 10,6 milh\u00f5es para 10,2 milh\u00f5es, com queda de 3,9%.<\/p>\n","protected":false},"excerpt":{"rendered":"<p>O Minist\u00e9rio da Economia\u00a0declarou que o registro de vagas de emprego formais no Brasil teve o pior desempenho durante o m\u00eas de maio desde 2016. A informa\u00e7\u00e3o foi divulgada nesta quinta-feira (27) no Cadastro Geral de Empregados e Desempregados (Caged). Os benefici\u00e1rios poder\u00e3o ter o dep\u00f3sito de at\u00e9 R$ 1.045 do FGTS, contabilizando a soma [&hellip;]<\/p>\n","protected":false},"author":18,"featured_media":29407,"comment_status":"closed","ping_status":"closed","sticky":false,"template":"","format":"standard","meta":[],"categories":[62],"tags":[821,909],"suno_strategy":[],"class_list":["post-29396","post","type-post","status-publish","format-standard","has-post-thumbnail","hentry","category-economia","tag-ibge","tag-ministerio-da-economia"],"yoast_head":"<!-- This site is optimized with the Yoast SEO plugin v24.4 - https:\/\/yoast.com\/wordpress\/plugins\/seo\/ -->\n<title>Mercado de trabalho registra pior desempenho para maio desde 2016<\/title>\n<meta name=\"description\" content=\"O Minist\u00e9rio da Economia\u00a0declarou que o registro de trabalho formal teve pior desempenho em maio desde 2016. Clique para saber mais.\" \/>\n<meta name=\"robots\" content=\"index, follow, max-snippet:-1, max-image-preview:large, max-video-preview:-1\" \/>\n<link rel=\"canonical\" href=\"https:\/\/www.suno.com.br\/noticias\/trabalho-pior-desempenho\/\" \/>\n<meta property=\"og:locale\" content=\"pt_BR\" \/>\n<meta property=\"og:type\" content=\"article\" \/>\n<meta property=\"og:title\" content=\"Mercado de trabalho registra pior desempenho para maio desde 2016\" \/>\n<meta property=\"og:description\" content=\"O Minist\u00e9rio da Economia\u00a0declarou que o registro de trabalho formal teve pior desempenho em maio desde 2016. Clique para saber mais.\" \/>\n<meta property=\"og:url\" content=\"https:\/\/www.suno.com.br\/noticias\/trabalho-pior-desempenho\/\" \/>\n<meta property=\"og:site_name\" content=\"Suno Not\u00edcias\" \/>\n<meta property=\"article:publisher\" content=\"https:\/\/facebook.com\/sunoresearch\" \/>\n<meta property=\"og:image\" content=\"https:\/\/files.sunoresearch.com.br\/n\/uploads\/2019\/06\/a121ca65-carteira-de-trabalho.png\" \/>\n\t<meta property=\"og:image:width\" content=\"700\" \/>\n\t<meta property=\"og:image:height\" content=\"460\" \/>\n\t<meta property=\"og:image:type\" content=\"image\/png\" \/>\n<meta name=\"author\" content=\"Giovanna Oliveira\" \/>\n<meta name=\"twitter:card\" content=\"summary_large_image\" \/>\n<meta name=\"twitter:creator\" content=\"@sunoresearch\" \/>\n<meta name=\"twitter:site\" content=\"@sunoresearch\" \/>\n<meta name=\"twitter:label1\" content=\"Escrito por\" \/>\n\t<meta name=\"twitter:data1\" content=\"Giovanna Oliveira\" \/>\n\t<meta name=\"twitter:label2\" content=\"Est. tempo de leitura\" \/>\n\t<meta name=\"twitter:data2\" content=\"2 minutos\" \/>\n<script type=\"application\/ld+json\" class=\"yoast-schema-graph\">{\"@context\":\"https:\/\/schema.org\",\"@graph\":[{\"@type\":\"NewsArticle\",\"@id\":\"https:\/\/www.suno.com.br\/noticias\/trabalho-pior-desempenho\/#article\",\"isPartOf\":{\"@id\":\"https:\/\/www.suno.com.br\/noticias\/trabalho-pior-desempenho\/\"},\"author\":{\"name\":\"Giovanna Oliveira\",\"@id\":\"https:\/\/www.suno.com.br\/noticias\/#\/schema\/person\/4e19e3d2575736e5283d58eb3199d120\"},\"headline\":\"Mercado de trabalho registra pior desempenho para maio desde 2016\",\"datePublished\":\"2019-06-27T23:57:02+00:00\",\"dateModified\":\"2019-06-28T16:25:51+00:00\",\"mainEntityOfPage\":{\"@id\":\"https:\/\/www.suno.com.br\/noticias\/trabalho-pior-desempenho\/\"},\"wordCount\":382,\"publisher\":{\"@id\":\"https:\/\/www.suno.com.br\/noticias\/#organization\"},\"image\":{\"@id\":\"https:\/\/www.suno.com.br\/noticias\/trabalho-pior-desempenho\/#primaryimage\"},\"thumbnailUrl\":\"https:\/\/files.sunoresearch.com.br\/n\/uploads\/2019\/06\/a121ca65-carteira-de-trabalho-png.webp\",\"keywords\":[\"IBGE\",\"Minist\u00e9rio da Economia\"],\"articleSection\":[\"Economia\"],\"inLanguage\":\"pt-BR\"},{\"@type\":\"WebPage\",\"@id\":\"https:\/\/www.suno.com.br\/noticias\/trabalho-pior-desempenho\/\",\"url\":\"https:\/\/www.suno.com.br\/noticias\/trabalho-pior-desempenho\/\",\"name\":\"Mercado de trabalho registra pior desempenho para maio desde 2016\",\"isPartOf\":{\"@id\":\"https:\/\/www.suno.com.br\/noticias\/#website\"},\"primaryImageOfPage\":{\"@id\":\"https:\/\/www.suno.com.br\/noticias\/trabalho-pior-desempenho\/#primaryimage\"},\"image\":{\"@id\":\"https:\/\/www.suno.com.br\/noticias\/trabalho-pior-desempenho\/#primaryimage\"},\"thumbnailUrl\":\"https:\/\/files.sunoresearch.com.br\/n\/uploads\/2019\/06\/a121ca65-carteira-de-trabalho-png.webp\",\"datePublished\":\"2019-06-27T23:57:02+00:00\",\"dateModified\":\"2019-06-28T16:25:51+00:00\",\"description\":\"O Minist\u00e9rio da Economia\u00a0declarou que o registro de trabalho formal teve pior desempenho em maio desde 2016. Clique para saber mais.\",\"breadcrumb\":{\"@id\":\"https:\/\/www.suno.com.br\/noticias\/trabalho-pior-desempenho\/#breadcrumb\"},\"inLanguage\":\"pt-BR\",\"potentialAction\":[{\"@type\":\"ReadAction\",\"target\":[\"https:\/\/www.suno.com.br\/noticias\/trabalho-pior-desempenho\/\"]}]},{\"@type\":\"ImageObject\",\"inLanguage\":\"pt-BR\",\"@id\":\"https:\/\/www.suno.com.br\/noticias\/trabalho-pior-desempenho\/#primaryimage\",\"url\":\"https:\/\/files.sunoresearch.com.br\/n\/uploads\/2019\/06\/a121ca65-carteira-de-trabalho-png.webp\",\"contentUrl\":\"https:\/\/files.sunoresearch.com.br\/n\/uploads\/2019\/06\/a121ca65-carteira-de-trabalho-png.webp\",\"width\":700,\"height\":460,\"caption\":\"Os benefici\u00e1rios poder\u00e3o ter o dep\u00f3sito de at\u00e9 R$ 1.045 do FGTS, contabilizando a soma de todas as contas ativas ou inativas com saldo.\"},{\"@type\":\"BreadcrumbList\",\"@id\":\"https:\/\/www.suno.com.br\/noticias\/trabalho-pior-desempenho\/#breadcrumb\",\"itemListElement\":[{\"@type\":\"ListItem\",\"position\":1,\"name\":\"Not\u00edcias\",\"item\":\"https:\/\/www.suno.com.br\/noticias\/\"},{\"@type\":\"ListItem\",\"position\":2,\"name\":\"Economia\",\"item\":\"https:\/\/www.suno.com.br\/noticias\/economia\/\"},{\"@type\":\"ListItem\",\"position\":3,\"name\":\"Mercado de trabalho registra pior desempenho para maio desde 2016\"}]},{\"@type\":\"WebSite\",\"@id\":\"https:\/\/www.suno.com.br\/noticias\/#website\",\"url\":\"https:\/\/www.suno.com.br\/noticias\/\",\"name\":\"Suno Not\u00edcias\",\"description\":\"Seu portal de informa\u00e7\u00e3o sobre o mundo dos investimentos\",\"publisher\":{\"@id\":\"https:\/\/www.suno.com.br\/noticias\/#organization\"},\"potentialAction\":[{\"@type\":\"SearchAction\",\"target\":{\"@type\":\"EntryPoint\",\"urlTemplate\":\"https:\/\/www.suno.com.br\/noticias\/?s={search_term_string}\"},\"query-input\":{\"@type\":\"PropertyValueSpecification\",\"valueRequired\":true,\"valueName\":\"search_term_string\"}}],\"inLanguage\":\"pt-BR\"},{\"@type\":\"Organization\",\"@id\":\"https:\/\/www.suno.com.br\/noticias\/#organization\",\"name\":\"Suno Not\u00edcias\",\"url\":\"https:\/\/www.suno.com.br\/noticias\/\",\"logo\":{\"@type\":\"ImageObject\",\"inLanguage\":\"pt-BR\",\"@id\":\"https:\/\/www.suno.com.br\/noticias\/#\/schema\/logo\/image\/\",\"url\":\"https:\/\/files.sunoresearch.com.br\/n\/uploads\/2021\/09\/suno-logo.png\",\"contentUrl\":\"https:\/\/files.sunoresearch.com.br\/n\/uploads\/2021\/09\/suno-logo.png\",\"width\":180,\"height\":180,\"caption\":\"Suno Not\u00edcias\"},\"image\":{\"@id\":\"https:\/\/www.suno.com.br\/noticias\/#\/schema\/logo\/image\/\"},\"sameAs\":[\"https:\/\/facebook.com\/sunoresearch\",\"https:\/\/x.com\/sunoresearch\",\"https:\/\/www.instagram.com\/suno\",\"https:\/\/www.linkedin.com\/company\/suno-research\/\",\"https:\/\/www.youtube.com\/c\/sunoresearch\"]},{\"@type\":\"Person\",\"@id\":\"https:\/\/www.suno.com.br\/noticias\/#\/schema\/person\/4e19e3d2575736e5283d58eb3199d120\",\"name\":\"Giovanna Oliveira\",\"image\":{\"@type\":\"ImageObject\",\"inLanguage\":\"pt-BR\",\"@id\":\"https:\/\/www.suno.com.br\/noticias\/#\/schema\/person\/image\/\",\"url\":\"https:\/\/secure.gravatar.com\/avatar\/9a37b3ae208962ac568992d0ffdbc2eb?s=96&r=g\",\"contentUrl\":\"https:\/\/secure.gravatar.com\/avatar\/9a37b3ae208962ac568992d0ffdbc2eb?s=96&r=g\",\"caption\":\"Giovanna Oliveira\"},\"description\":\"Giovanna Oliveira escreve sobre economia e pol\u00edtica. Foi rep\u00f3rter do portal de jornalismo da ESPM-SP e produziu conte\u00fado para a Corinthians TV. \u00c9 estudante da ESPM.\",\"url\":\"https:\/\/www.suno.com.br\/noticias\/author\/giovanna\/\"}]}<\/script>\n<!-- \/ Yoast SEO plugin. -->","yoast_head_json":{"title":"Mercado de trabalho registra pior desempenho para maio desde 2016","description":"O Minist\u00e9rio da Economia\u00a0declarou que o registro de trabalho formal teve pior desempenho em maio desde 2016. Clique para saber mais.","robots":{"index":"index","follow":"follow","max-snippet":"max-snippet:-1","max-image-preview":"max-image-preview:large","max-video-preview":"max-video-preview:-1"},"canonical":"https:\/\/www.suno.com.br\/noticias\/trabalho-pior-desempenho\/","og_locale":"pt_BR","og_type":"article","og_title":"Mercado de trabalho registra pior desempenho para maio desde 2016","og_description":"O Minist\u00e9rio da Economia\u00a0declarou que o registro de trabalho formal teve pior desempenho em maio desde 2016. Clique para saber mais.","og_url":"https:\/\/www.suno.com.br\/noticias\/trabalho-pior-desempenho\/","og_site_name":"Suno Not\u00edcias","article_publisher":"https:\/\/facebook.com\/sunoresearch","og_image":[{"width":700,"height":460,"url":"https:\/\/files.sunoresearch.com.br\/n\/uploads\/2019\/06\/a121ca65-carteira-de-trabalho.png","type":"image\/png"}],"author":"Giovanna Oliveira","twitter_card":"summary_large_image","twitter_creator":"@sunoresearch","twitter_site":"@sunoresearch","twitter_misc":{"Escrito por":"Giovanna Oliveira","Est. tempo de leitura":"2 minutos"},"schema":{"@context":"https:\/\/schema.org","@graph":[{"@type":"NewsArticle","@id":"https:\/\/www.suno.com.br\/noticias\/trabalho-pior-desempenho\/#article","isPartOf":{"@id":"https:\/\/www.suno.com.br\/noticias\/trabalho-pior-desempenho\/"},"author":{"name":"Giovanna Oliveira","@id":"https:\/\/www.suno.com.br\/noticias\/#\/schema\/person\/4e19e3d2575736e5283d58eb3199d120"},"headline":"Mercado de trabalho registra pior desempenho para maio desde 2016","datePublished":"2019-06-27T23:57:02+00:00","dateModified":"2019-06-28T16:25:51+00:00","mainEntityOfPage":{"@id":"https:\/\/www.suno.com.br\/noticias\/trabalho-pior-desempenho\/"},"wordCount":382,"publisher":{"@id":"https:\/\/www.suno.com.br\/noticias\/#organization"},"image":{"@id":"https:\/\/www.suno.com.br\/noticias\/trabalho-pior-desempenho\/#primaryimage"},"thumbnailUrl":"https:\/\/files.sunoresearch.com.br\/n\/uploads\/2019\/06\/a121ca65-carteira-de-trabalho-png.webp","keywords":["IBGE","Minist\u00e9rio da Economia"],"articleSection":["Economia"],"inLanguage":"pt-BR"},{"@type":"WebPage","@id":"https:\/\/www.suno.com.br\/noticias\/trabalho-pior-desempenho\/","url":"https:\/\/www.suno.com.br\/noticias\/trabalho-pior-desempenho\/","name":"Mercado de trabalho registra pior desempenho para maio desde 2016","isPartOf":{"@id":"https:\/\/www.suno.com.br\/noticias\/#website"},"primaryImageOfPage":{"@id":"https:\/\/www.suno.com.br\/noticias\/trabalho-pior-desempenho\/#primaryimage"},"image":{"@id":"https:\/\/www.suno.com.br\/noticias\/trabalho-pior-desempenho\/#primaryimage"},"thumbnailUrl":"https:\/\/files.sunoresearch.com.br\/n\/uploads\/2019\/06\/a121ca65-carteira-de-trabalho-png.webp","datePublished":"2019-06-27T23:57:02+00:00","dateModified":"2019-06-28T16:25:51+00:00","description":"O Minist\u00e9rio da Economia\u00a0declarou que o registro de trabalho formal teve pior desempenho em maio desde 2016. Clique para saber mais.","breadcrumb":{"@id":"https:\/\/www.suno.com.br\/noticias\/trabalho-pior-desempenho\/#breadcrumb"},"inLanguage":"pt-BR","potentialAction":[{"@type":"ReadAction","target":["https:\/\/www.suno.com.br\/noticias\/trabalho-pior-desempenho\/"]}]},{"@type":"ImageObject","inLanguage":"pt-BR","@id":"https:\/\/www.suno.com.br\/noticias\/trabalho-pior-desempenho\/#primaryimage","url":"https:\/\/files.sunoresearch.com.br\/n\/uploads\/2019\/06\/a121ca65-carteira-de-trabalho-png.webp","contentUrl":"https:\/\/files.sunoresearch.com.br\/n\/uploads\/2019\/06\/a121ca65-carteira-de-trabalho-png.webp","width":700,"height":460,"caption":"Os benefici\u00e1rios poder\u00e3o ter o dep\u00f3sito de at\u00e9 R$ 1.045 do FGTS, contabilizando a soma de todas as contas ativas ou inativas com saldo."},{"@type":"BreadcrumbList","@id":"https:\/\/www.suno.com.br\/noticias\/trabalho-pior-desempenho\/#breadcrumb","itemListElement":[{"@type":"ListItem","position":1,"name":"Not\u00edcias","item":"https:\/\/www.suno.com.br\/noticias\/"},{"@type":"ListItem","position":2,"name":"Economia","item":"https:\/\/www.suno.com.br\/noticias\/economia\/"},{"@type":"ListItem","position":3,"name":"Mercado de trabalho registra pior desempenho para maio desde 2016"}]},{"@type":"WebSite","@id":"https:\/\/www.suno.com.br\/noticias\/#website","url":"https:\/\/www.suno.com.br\/noticias\/","name":"Suno Not\u00edcias","description":"Seu portal de informa\u00e7\u00e3o sobre o mundo dos investimentos","publisher":{"@id":"https:\/\/www.suno.com.br\/noticias\/#organization"},"potentialAction":[{"@type":"SearchAction","target":{"@type":"EntryPoint","urlTemplate":"https:\/\/www.suno.com.br\/noticias\/?s={search_term_string}"},"query-input":{"@type":"PropertyValueSpecification","valueRequired":true,"valueName":"search_term_string"}}],"inLanguage":"pt-BR"},{"@type":"Organization","@id":"https:\/\/www.suno.com.br\/noticias\/#organization","name":"Suno Not\u00edcias","url":"https:\/\/www.suno.com.br\/noticias\/","logo":{"@type":"ImageObject","inLanguage":"pt-BR","@id":"https:\/\/www.suno.com.br\/noticias\/#\/schema\/logo\/image\/","url":"https:\/\/files.sunoresearch.com.br\/n\/uploads\/2021\/09\/suno-logo.png","contentUrl":"https:\/\/files.sunoresearch.com.br\/n\/uploads\/2021\/09\/suno-logo.png","width":180,"height":180,"caption":"Suno Not\u00edcias"},"image":{"@id":"https:\/\/www.suno.com.br\/noticias\/#\/schema\/logo\/image\/"},"sameAs":["https:\/\/facebook.com\/sunoresearch","https:\/\/x.com\/sunoresearch","https:\/\/www.instagram.com\/suno","https:\/\/www.linkedin.com\/company\/suno-research\/","https:\/\/www.youtube.com\/c\/sunoresearch"]},{"@type":"Person","@id":"https:\/\/www.suno.com.br\/noticias\/#\/schema\/person\/4e19e3d2575736e5283d58eb3199d120","name":"Giovanna Oliveira","image":{"@type":"ImageObject","inLanguage":"pt-BR","@id":"https:\/\/www.suno.com.br\/noticias\/#\/schema\/person\/image\/","url":"https:\/\/secure.gravatar.com\/avatar\/9a37b3ae208962ac568992d0ffdbc2eb?s=96&r=g","contentUrl":"https:\/\/secure.gravatar.com\/avatar\/9a37b3ae208962ac568992d0ffdbc2eb?s=96&r=g","caption":"Giovanna Oliveira"},"description":"Giovanna Oliveira escreve sobre economia e pol\u00edtica. Foi rep\u00f3rter do portal de jornalismo da ESPM-SP e produziu conte\u00fado para a Corinthians TV. \u00c9 estudante da ESPM.","url":"https:\/\/www.suno.com.br\/noticias\/author\/giovanna\/"}]}},"default_loop_html":"<div class=\"cardsPage__listCard__boxs\"><div class=\"cardsPage__listCard__boxs__img\"><a href=\"https:\/\/www.suno.com.br\/noticias\/trabalho-pior-desempenho\/\"><img class=\"mask\" src=\"https:\/\/www.suno.com.br\/noticias\/wp-content\/themes\/suno\/resources\/images\/spotlight\/spotlight1img\/bg-mask.png\" alt=\"Image Mask\"\/><img src=\"https:\/\/files.sunoresearch.com.br\/n\/uploads\/2019\/06\/a121ca65-carteira-de-trabalho-400x200.webp\" alt=\"Mercado de trabalho registra pior desempenho para maio desde 2016\"\/><\/a><span class=\"spotlightCategory\"><a href=\"https:\/\/www.suno.com.br\/noticias\/economia\/\">Economia<\/a><\/span><\/div><div class=\"cardsPage__listCard__boxs__content\"><a href=\"https:\/\/www.suno.com.br\/noticias\/trabalho-pior-desempenho\/\"><h2 class=\"content__title\">Mercado de trabalho registra pior desempenho para maio desde 2016<\/h2><\/a><div class=\"newsContent__article__meta\"><div class=\"newsContent__article__meta__authorBox\"><a href=\"https:\/\/www.suno.com.br\/noticias\/author\/giovanna\/\" class=\"authorBox__avatar noMobi\"><img src=\"https:\/\/files.sunoresearch.com.br\/n\/uploads\/2019\/06\/952a89ca-screenshot_20190608-171507-150x150.webp\" alt=\"Giovanna Oliveira\"><\/a><div class=\"authorBox__name\"><span>por\n\t\t\t<a href=\"https:\/\/www.suno.com.br\/noticias\/author\/giovanna\/\"><span itemprop=\"author\">Giovanna Oliveira<\/span><\/a><\/span><time datetime=\"2019-06-27T20:57:02-03:00\" itemprop=\"datePublished\">27\/06\/2019 20:57<\/time><\/div><\/div><\/div><\/div><\/div>","single_layout":"posts","amp_enabled":true,"_links":{"self":[{"href":"https:\/\/www.suno.com.br\/noticias\/wp-json\/wp\/v2\/posts\/29396"}],"collection":[{"href":"https:\/\/www.suno.com.br\/noticias\/wp-json\/wp\/v2\/posts"}],"about":[{"href":"https:\/\/www.suno.com.br\/noticias\/wp-json\/wp\/v2\/types\/post"}],"author":[{"embeddable":true,"href":"https:\/\/www.suno.com.br\/noticias\/wp-json\/wp\/v2\/users\/18"}],"replies":[{"embeddable":true,"href":"https:\/\/www.suno.com.br\/noticias\/wp-json\/wp\/v2\/comments?post=29396"}],"version-history":[{"count":0,"href":"https:\/\/www.suno.com.br\/noticias\/wp-json\/wp\/v2\/posts\/29396\/revisions"}],"wp:featuredmedia":[{"embeddable":true,"href":"https:\/\/www.suno.com.br\/noticias\/wp-json\/wp\/v2\/media\/29407"}],"wp:attachment":[{"href":"https:\/\/www.suno.com.br\/noticias\/wp-json\/wp\/v2\/media?parent=29396"}],"wp:term":[{"taxonomy":"category","embeddable":true,"href":"https:\/\/www.suno.com.br\/noticias\/wp-json\/wp\/v2\/categories?post=29396"},{"taxonomy":"post_tag","embeddable":true,"href":"https:\/\/www.suno.com.br\/noticias\/wp-json\/wp\/v2\/tags?post=29396"},{"taxonomy":"suno_strategy","embeddable":true,"href":"https:\/\/www.suno.com.br\/noticias\/wp-json\/wp\/v2\/suno_strategy?post=29396"}],"curies":[{"name":"wp","href":"https:\/\/api.w.org\/{rel}","templated":true}]}}