{"id":29360,"date":"2019-06-27T17:32:30","date_gmt":"2019-06-27T20:32:30","guid":{"rendered":"https:\/\/www.suno.com.br\/noticias\/?p=29360"},"modified":"2019-06-27T20:36:16","modified_gmt":"2019-06-27T23:36:16","slug":"comercio-perdeu-ibge","status":"publish","type":"post","link":"https:\/\/www.suno.com.br\/noticias\/comercio-perdeu-ibge\/","title":{"rendered":"Com\u00e9rcio perdeu 80 mil empresas em 4 anos, divulga IBGE"},"content":{"rendered":"<p>O <a href=\"https:\/\/www.ibge.gov.br\/institucional\/o-ibge.html\"><strong>Instituto\u00a0Brasileiro de Geografia e Estat\u00edstica (IBGE)<\/strong><\/a> divulgou nesta quinta-feira (27) que mais de 411 mil postos de trabalho e 80 mil empresas fecharam em quatro anos no Brasil.<\/p>\t<div class=\"wrapper-featured-image\">\n\t\t<figure class=\"spotlightImg\">\n\n\t\t\t<picture>\n\t\t\t\t<source media=\"(max-width: 768px)\" srcset=\"https:\/\/files.sunoresearch.com.br\/n\/uploads\/2019\/06\/12b2adb7-shopping-400x200.webp\">\n\t\t\t\t<img loading=\"lazy\" decoding=\"async\" class=\"newsContent__article__imgCapa lazyloadDisabled newsContent__article__imgCapa--noCaption\" src=\"https:\/\/files.sunoresearch.com.br\/n\/uploads\/2019\/06\/12b2adb7-shopping-jpg.webp\" width=\"800\" height=\"450\" alt=\"Com\u00e9rcio perdeu 80 mil empresas em 4 anos, divulga IBGE\" fetchpriority=high \/>\n\t\t\t<\/picture>\n\n\t\t\t<figcaption class=\"wp-caption-text wp-caption-text--hide\">Shopping (divulga\u00e7\u00e3o)<\/figcaption>\n\t\t<\/figure>\n\t<\/div>\n\n\n<p>Conforme os dados publicados na\u00a0Pesquisa Anual do<strong> Com\u00e9rcio <\/strong>(PAC),\u00a0entre 2014 e 2017, o n\u00famero de empresas do setor de com\u00e9rcios diminuiu em 100 mil. Esse valor indica uma queda de 5%. Al\u00e9m disso, o n\u00famero de trabalhadores no setor passou de 10,6 milh\u00f5es para 10,2 mi, com queda de 3,9%.<\/p>\n\t<p>\n\t\t<a href=\"https:\/\/lp.suno.com.br\/planilha-controle-gastos\/\" target=\"_blank\" data-element=\"shortcode-suno-banner\" title=\"Banner SUNO, clique e saiba mais\">\n\t\t\t<picture>\n\t\t\t\t<source media=\"(max-width: 500px)\" srcset=\"https:\/\/files.sunoresearch.com.br\/n\/uploads\/2023\/03\/400x300-Planilha-controle-de-gastos.png\">\n\t\t\t\t<img class=\"newsContent__article__imgCapa newsContent__article__imgCapa--banner\"\n\t\t\t\t\tsrc=\"https:\/\/files.sunoresearch.com.br\/n\/uploads\/2023\/03\/1420x240-Planilha-controle-de-gastos.png\"\n\t\t\t\t\tdata-promo-id=\"311945\"\t\t\t\t\t\t\t\t\t\twidth='1420' height='240'\t\t\t\t\talt=\"https:\/\/files.sunoresearch.com.br\/n\/uploads\/2023\/03\/1420x240-Planilha-controle-de-gastos.png\"\n\t\t\t\t>\n\t\t\t<\/picture>\n\t\t<\/a>\n\t<\/p>\n\n\n<p>Nos quatro anos analisados pela pesquisa, o n\u00famero de lojas tamb\u00e9m apresentou redu\u00e7\u00e3o. Cerca de 62 mil lojas fecharam nesse per\u00edodo, o que representa uma queda de 3,9%.<\/p>\n<p>Como consequ\u00eancia, a receita l\u00edquida do com\u00e9rcio foi de\u00a0R$ 3,4 trilh\u00f5es em 2017. O valor foi\u00a05,2% menor do que a receita registrada em 2014.<\/p>\n<p>Entretanto, o\u00a0t\u00e9cnico da Coordena\u00e7\u00e3o de Servi\u00e7os e Com\u00e9rcio do<strong> IBGE<\/strong>, Jordano Rocha, afirmou que somente o setor do varejo teve decr\u00e9scimo na receita. Assim, o atacado apresentou alta de\u00a019,7% e o setor de ve\u00edculos cresceu\u00a08,9%.<\/p>\n\t<p>\n\t\t<a href=\"https:\/\/lp.suno.com.br\/ebook-como-analisar-uma-acao\/\" target=\"_blank\" data-element=\"shortcode-suno-banner\" title=\"Banner SUNO, clique e saiba mais\">\n\t\t\t<picture>\n\t\t\t\t<source media=\"(max-width: 500px)\" srcset=\"https:\/\/files.sunoresearch.com.br\/n\/uploads\/2023\/03\/Ebook-Acoes-Mobile.jpg\">\n\t\t\t\t<img class=\"newsContent__article__imgCapa newsContent__article__imgCapa--banner\"\n\t\t\t\t\tsrc=\"https:\/\/files.sunoresearch.com.br\/n\/uploads\/2023\/03\/Ebook-Acoes-Desktop.jpg\"\n\t\t\t\t\tdata-promo-id=\"378302\"\t\t\t\t\t\t\t\t\t\twidth='1420' height='286'\t\t\t\t\talt=\"https:\/\/files.sunoresearch.com.br\/n\/uploads\/2023\/03\/Ebook-Acoes-Desktop.jpg\"\n\t\t\t\t>\n\t\t\t<\/picture>\n\t\t<\/a>\n\t<\/p>\n\n\n<h2>Vendas do varejo<\/h2>\n<p>Entre 2008 e 2017, o<strong> IBGE<\/strong> identificou uma mudan\u00e7a estrutural no setor comercial.<\/p>\n<p>\u201cEm termos estruturais, uma coisa que a gente pode chamar a aten\u00e7\u00e3o \u00e9 que, em 2008, a atividade com maior participa\u00e7\u00e3o na receita liquida era o atacado. J\u00e1 em 2017 houve uma invers\u00e3o, com o varejo assumindo a maior participa\u00e7\u00e3o no setor\u201d, informou o instituto.<\/p>\n<p><a href=\"https:\/\/www.suno.com.br\/noticias\/vendas-varejo-comercio-abril-hipermercados\/\">Saiba mais: Vendas do varejo em abril t\u00eam recuo de 0,6% em rela\u00e7\u00e3o a mar\u00e7o<\/a><\/p>\n<p>Durante esse intervalo, o atacado representava a lideran\u00e7a do com\u00e9rcio no Pa\u00eds com 44,4%. Entretanto, o varejo passou a corresponder por 45,5% do setor.<\/p>\n<p>\u201cEsse aumento no varejo veio decorrente de uma queda na participa\u00e7\u00e3o de ve\u00edculos, que passou de 16% [em 2008] para 9,9% [em 2017]\u201d, explicou\u00a0Jordano Rocha.<\/p>\n<h2>Redu\u00e7\u00e3o no mercado de trabalho<\/h2>\n<p>Ainda nesta quinta-feira, o\u00a0Cadastro Geral de Empregados e Desempregados do <strong>minist\u00e9rio da Economia<\/strong>, divulgou que o mercado de trabalho brasileiro apresentou o pior resultado para a cria\u00e7\u00e3o de vagas formais durante o m\u00eas de maio desde 2016.<\/p>\n<p>O Caged acompanhou oito setores. Dentre eles, somente o <strong>com\u00e9rcio<\/strong>, a ind\u00fastria da transforma\u00e7\u00e3o e o servi\u00e7os industriais de utilidade p\u00fablica apresentaram n\u00fameros negativos.<\/p>\n","protected":false},"excerpt":{"rendered":"<p>O Instituto\u00a0Brasileiro de Geografia e Estat\u00edstica (IBGE) divulgou nesta quinta-feira (27) que mais de 411 mil postos de trabalho e 80 mil empresas fecharam em quatro anos no Brasil. Shopping (divulga\u00e7\u00e3o) Conforme os dados publicados na\u00a0Pesquisa Anual do Com\u00e9rcio (PAC),\u00a0entre 2014 e 2017, o n\u00famero de empresas do setor de com\u00e9rcios diminuiu em 100 mil. [&hellip;]<\/p>\n","protected":false},"author":18,"featured_media":29375,"comment_status":"closed","ping_status":"closed","sticky":false,"template":"","format":"standard","meta":[],"categories":[62],"tags":[821,803],"suno_strategy":[],"class_list":["post-29360","post","type-post","status-publish","format-standard","has-post-thumbnail","hentry","category-economia","tag-ibge","tag-varejo"],"yoast_head":"<!-- This site is optimized with the Yoast SEO plugin v24.4 - https:\/\/yoast.com\/wordpress\/plugins\/seo\/ -->\n<title>Com\u00e9rcio perdeu 80 mil empresas em 4 anos, divulga IBGE<\/title>\n<meta name=\"description\" content=\"O IBGE divulgou que mais de 411 mil postos de trabalho e 80 mil empresas fecharam em quatro anos no Brasil.\u00a0Clique para saber mais.\" \/>\n<meta name=\"robots\" content=\"index, follow, max-snippet:-1, max-image-preview:large, max-video-preview:-1\" \/>\n<link rel=\"canonical\" href=\"https:\/\/www.suno.com.br\/noticias\/comercio-perdeu-ibge\/\" \/>\n<meta property=\"og:locale\" content=\"pt_BR\" \/>\n<meta property=\"og:type\" content=\"article\" \/>\n<meta property=\"og:title\" content=\"Com\u00e9rcio perdeu 80 mil empresas em 4 anos, divulga IBGE\" \/>\n<meta property=\"og:description\" content=\"O IBGE divulgou que mais de 411 mil postos de trabalho e 80 mil empresas fecharam em quatro anos no Brasil.\u00a0Clique para saber mais.\" \/>\n<meta property=\"og:url\" content=\"https:\/\/www.suno.com.br\/noticias\/comercio-perdeu-ibge\/\" \/>\n<meta property=\"og:site_name\" content=\"Suno Not\u00edcias\" \/>\n<meta property=\"article:publisher\" content=\"https:\/\/facebook.com\/sunoresearch\" \/>\n<meta property=\"og:image\" content=\"https:\/\/files.sunoresearch.com.br\/n\/uploads\/2019\/06\/12b2adb7-shopping.jpg\" \/>\n\t<meta property=\"og:image:width\" content=\"640\" \/>\n\t<meta property=\"og:image:height\" content=\"370\" \/>\n\t<meta property=\"og:image:type\" content=\"image\/jpeg\" \/>\n<meta name=\"author\" content=\"Giovanna Oliveira\" \/>\n<meta name=\"twitter:card\" content=\"summary_large_image\" \/>\n<meta name=\"twitter:creator\" content=\"@sunoresearch\" \/>\n<meta name=\"twitter:site\" content=\"@sunoresearch\" \/>\n<meta name=\"twitter:label1\" content=\"Escrito por\" \/>\n\t<meta name=\"twitter:data1\" content=\"Giovanna Oliveira\" \/>\n\t<meta name=\"twitter:label2\" content=\"Est. tempo de leitura\" \/>\n\t<meta name=\"twitter:data2\" content=\"2 minutos\" \/>\n<script type=\"application\/ld+json\" class=\"yoast-schema-graph\">{\"@context\":\"https:\/\/schema.org\",\"@graph\":[{\"@type\":\"NewsArticle\",\"@id\":\"https:\/\/www.suno.com.br\/noticias\/comercio-perdeu-ibge\/#article\",\"isPartOf\":{\"@id\":\"https:\/\/www.suno.com.br\/noticias\/comercio-perdeu-ibge\/\"},\"author\":{\"name\":\"Giovanna Oliveira\",\"@id\":\"https:\/\/www.suno.com.br\/noticias\/#\/schema\/person\/4e19e3d2575736e5283d58eb3199d120\"},\"headline\":\"Com\u00e9rcio perdeu 80 mil empresas em 4 anos, divulga IBGE\",\"datePublished\":\"2019-06-27T20:32:30+00:00\",\"dateModified\":\"2019-06-27T23:36:16+00:00\",\"mainEntityOfPage\":{\"@id\":\"https:\/\/www.suno.com.br\/noticias\/comercio-perdeu-ibge\/\"},\"wordCount\":395,\"publisher\":{\"@id\":\"https:\/\/www.suno.com.br\/noticias\/#organization\"},\"image\":{\"@id\":\"https:\/\/www.suno.com.br\/noticias\/comercio-perdeu-ibge\/#primaryimage\"},\"thumbnailUrl\":\"https:\/\/files.sunoresearch.com.br\/n\/uploads\/2019\/06\/12b2adb7-shopping-jpg.webp\",\"keywords\":[\"IBGE\",\"varejo\"],\"articleSection\":[\"Economia\"],\"inLanguage\":\"pt-BR\"},{\"@type\":\"WebPage\",\"@id\":\"https:\/\/www.suno.com.br\/noticias\/comercio-perdeu-ibge\/\",\"url\":\"https:\/\/www.suno.com.br\/noticias\/comercio-perdeu-ibge\/\",\"name\":\"Com\u00e9rcio perdeu 80 mil empresas em 4 anos, divulga IBGE\",\"isPartOf\":{\"@id\":\"https:\/\/www.suno.com.br\/noticias\/#website\"},\"primaryImageOfPage\":{\"@id\":\"https:\/\/www.suno.com.br\/noticias\/comercio-perdeu-ibge\/#primaryimage\"},\"image\":{\"@id\":\"https:\/\/www.suno.com.br\/noticias\/comercio-perdeu-ibge\/#primaryimage\"},\"thumbnailUrl\":\"https:\/\/files.sunoresearch.com.br\/n\/uploads\/2019\/06\/12b2adb7-shopping-jpg.webp\",\"datePublished\":\"2019-06-27T20:32:30+00:00\",\"dateModified\":\"2019-06-27T23:36:16+00:00\",\"description\":\"O IBGE divulgou que mais de 411 mil postos de trabalho e 80 mil empresas fecharam em quatro anos no Brasil.\u00a0Clique para saber mais.\",\"breadcrumb\":{\"@id\":\"https:\/\/www.suno.com.br\/noticias\/comercio-perdeu-ibge\/#breadcrumb\"},\"inLanguage\":\"pt-BR\",\"potentialAction\":[{\"@type\":\"ReadAction\",\"target\":[\"https:\/\/www.suno.com.br\/noticias\/comercio-perdeu-ibge\/\"]}]},{\"@type\":\"ImageObject\",\"inLanguage\":\"pt-BR\",\"@id\":\"https:\/\/www.suno.com.br\/noticias\/comercio-perdeu-ibge\/#primaryimage\",\"url\":\"https:\/\/files.sunoresearch.com.br\/n\/uploads\/2019\/06\/12b2adb7-shopping-jpg.webp\",\"contentUrl\":\"https:\/\/files.sunoresearch.com.br\/n\/uploads\/2019\/06\/12b2adb7-shopping-jpg.webp\",\"width\":640,\"height\":370,\"caption\":\"Shopping (divulga\u00e7\u00e3o)\"},{\"@type\":\"BreadcrumbList\",\"@id\":\"https:\/\/www.suno.com.br\/noticias\/comercio-perdeu-ibge\/#breadcrumb\",\"itemListElement\":[{\"@type\":\"ListItem\",\"position\":1,\"name\":\"Not\u00edcias\",\"item\":\"https:\/\/www.suno.com.br\/noticias\/\"},{\"@type\":\"ListItem\",\"position\":2,\"name\":\"Economia\",\"item\":\"https:\/\/www.suno.com.br\/noticias\/economia\/\"},{\"@type\":\"ListItem\",\"position\":3,\"name\":\"Com\u00e9rcio perdeu 80 mil empresas em 4 anos, divulga IBGE\"}]},{\"@type\":\"WebSite\",\"@id\":\"https:\/\/www.suno.com.br\/noticias\/#website\",\"url\":\"https:\/\/www.suno.com.br\/noticias\/\",\"name\":\"Suno Not\u00edcias\",\"description\":\"Seu portal de informa\u00e7\u00e3o sobre o mundo dos investimentos\",\"publisher\":{\"@id\":\"https:\/\/www.suno.com.br\/noticias\/#organization\"},\"potentialAction\":[{\"@type\":\"SearchAction\",\"target\":{\"@type\":\"EntryPoint\",\"urlTemplate\":\"https:\/\/www.suno.com.br\/noticias\/?s={search_term_string}\"},\"query-input\":{\"@type\":\"PropertyValueSpecification\",\"valueRequired\":true,\"valueName\":\"search_term_string\"}}],\"inLanguage\":\"pt-BR\"},{\"@type\":\"Organization\",\"@id\":\"https:\/\/www.suno.com.br\/noticias\/#organization\",\"name\":\"Suno Not\u00edcias\",\"url\":\"https:\/\/www.suno.com.br\/noticias\/\",\"logo\":{\"@type\":\"ImageObject\",\"inLanguage\":\"pt-BR\",\"@id\":\"https:\/\/www.suno.com.br\/noticias\/#\/schema\/logo\/image\/\",\"url\":\"https:\/\/files.sunoresearch.com.br\/n\/uploads\/2021\/09\/suno-logo.png\",\"contentUrl\":\"https:\/\/files.sunoresearch.com.br\/n\/uploads\/2021\/09\/suno-logo.png\",\"width\":180,\"height\":180,\"caption\":\"Suno Not\u00edcias\"},\"image\":{\"@id\":\"https:\/\/www.suno.com.br\/noticias\/#\/schema\/logo\/image\/\"},\"sameAs\":[\"https:\/\/facebook.com\/sunoresearch\",\"https:\/\/x.com\/sunoresearch\",\"https:\/\/www.instagram.com\/suno\",\"https:\/\/www.linkedin.com\/company\/suno-research\/\",\"https:\/\/www.youtube.com\/c\/sunoresearch\"]},{\"@type\":\"Person\",\"@id\":\"https:\/\/www.suno.com.br\/noticias\/#\/schema\/person\/4e19e3d2575736e5283d58eb3199d120\",\"name\":\"Giovanna Oliveira\",\"image\":{\"@type\":\"ImageObject\",\"inLanguage\":\"pt-BR\",\"@id\":\"https:\/\/www.suno.com.br\/noticias\/#\/schema\/person\/image\/\",\"url\":\"https:\/\/secure.gravatar.com\/avatar\/9a37b3ae208962ac568992d0ffdbc2eb?s=96&r=g\",\"contentUrl\":\"https:\/\/secure.gravatar.com\/avatar\/9a37b3ae208962ac568992d0ffdbc2eb?s=96&r=g\",\"caption\":\"Giovanna Oliveira\"},\"description\":\"Giovanna Oliveira escreve sobre economia e pol\u00edtica. Foi rep\u00f3rter do portal de jornalismo da ESPM-SP e produziu conte\u00fado para a Corinthians TV. \u00c9 estudante da ESPM.\",\"url\":\"https:\/\/www.suno.com.br\/noticias\/author\/giovanna\/\"}]}<\/script>\n<!-- \/ Yoast SEO plugin. -->","yoast_head_json":{"title":"Com\u00e9rcio perdeu 80 mil empresas em 4 anos, divulga IBGE","description":"O IBGE divulgou que mais de 411 mil postos de trabalho e 80 mil empresas fecharam em quatro anos no Brasil.\u00a0Clique para saber mais.","robots":{"index":"index","follow":"follow","max-snippet":"max-snippet:-1","max-image-preview":"max-image-preview:large","max-video-preview":"max-video-preview:-1"},"canonical":"https:\/\/www.suno.com.br\/noticias\/comercio-perdeu-ibge\/","og_locale":"pt_BR","og_type":"article","og_title":"Com\u00e9rcio perdeu 80 mil empresas em 4 anos, divulga IBGE","og_description":"O IBGE divulgou que mais de 411 mil postos de trabalho e 80 mil empresas fecharam em quatro anos no Brasil.\u00a0Clique para saber mais.","og_url":"https:\/\/www.suno.com.br\/noticias\/comercio-perdeu-ibge\/","og_site_name":"Suno Not\u00edcias","article_publisher":"https:\/\/facebook.com\/sunoresearch","og_image":[{"width":640,"height":370,"url":"https:\/\/files.sunoresearch.com.br\/n\/uploads\/2019\/06\/12b2adb7-shopping.jpg","type":"image\/jpeg"}],"author":"Giovanna Oliveira","twitter_card":"summary_large_image","twitter_creator":"@sunoresearch","twitter_site":"@sunoresearch","twitter_misc":{"Escrito por":"Giovanna Oliveira","Est. tempo de leitura":"2 minutos"},"schema":{"@context":"https:\/\/schema.org","@graph":[{"@type":"NewsArticle","@id":"https:\/\/www.suno.com.br\/noticias\/comercio-perdeu-ibge\/#article","isPartOf":{"@id":"https:\/\/www.suno.com.br\/noticias\/comercio-perdeu-ibge\/"},"author":{"name":"Giovanna Oliveira","@id":"https:\/\/www.suno.com.br\/noticias\/#\/schema\/person\/4e19e3d2575736e5283d58eb3199d120"},"headline":"Com\u00e9rcio perdeu 80 mil empresas em 4 anos, divulga IBGE","datePublished":"2019-06-27T20:32:30+00:00","dateModified":"2019-06-27T23:36:16+00:00","mainEntityOfPage":{"@id":"https:\/\/www.suno.com.br\/noticias\/comercio-perdeu-ibge\/"},"wordCount":395,"publisher":{"@id":"https:\/\/www.suno.com.br\/noticias\/#organization"},"image":{"@id":"https:\/\/www.suno.com.br\/noticias\/comercio-perdeu-ibge\/#primaryimage"},"thumbnailUrl":"https:\/\/files.sunoresearch.com.br\/n\/uploads\/2019\/06\/12b2adb7-shopping-jpg.webp","keywords":["IBGE","varejo"],"articleSection":["Economia"],"inLanguage":"pt-BR"},{"@type":"WebPage","@id":"https:\/\/www.suno.com.br\/noticias\/comercio-perdeu-ibge\/","url":"https:\/\/www.suno.com.br\/noticias\/comercio-perdeu-ibge\/","name":"Com\u00e9rcio perdeu 80 mil empresas em 4 anos, divulga IBGE","isPartOf":{"@id":"https:\/\/www.suno.com.br\/noticias\/#website"},"primaryImageOfPage":{"@id":"https:\/\/www.suno.com.br\/noticias\/comercio-perdeu-ibge\/#primaryimage"},"image":{"@id":"https:\/\/www.suno.com.br\/noticias\/comercio-perdeu-ibge\/#primaryimage"},"thumbnailUrl":"https:\/\/files.sunoresearch.com.br\/n\/uploads\/2019\/06\/12b2adb7-shopping-jpg.webp","datePublished":"2019-06-27T20:32:30+00:00","dateModified":"2019-06-27T23:36:16+00:00","description":"O IBGE divulgou que mais de 411 mil postos de trabalho e 80 mil empresas fecharam em quatro anos no Brasil.\u00a0Clique para saber mais.","breadcrumb":{"@id":"https:\/\/www.suno.com.br\/noticias\/comercio-perdeu-ibge\/#breadcrumb"},"inLanguage":"pt-BR","potentialAction":[{"@type":"ReadAction","target":["https:\/\/www.suno.com.br\/noticias\/comercio-perdeu-ibge\/"]}]},{"@type":"ImageObject","inLanguage":"pt-BR","@id":"https:\/\/www.suno.com.br\/noticias\/comercio-perdeu-ibge\/#primaryimage","url":"https:\/\/files.sunoresearch.com.br\/n\/uploads\/2019\/06\/12b2adb7-shopping-jpg.webp","contentUrl":"https:\/\/files.sunoresearch.com.br\/n\/uploads\/2019\/06\/12b2adb7-shopping-jpg.webp","width":640,"height":370,"caption":"Shopping (divulga\u00e7\u00e3o)"},{"@type":"BreadcrumbList","@id":"https:\/\/www.suno.com.br\/noticias\/comercio-perdeu-ibge\/#breadcrumb","itemListElement":[{"@type":"ListItem","position":1,"name":"Not\u00edcias","item":"https:\/\/www.suno.com.br\/noticias\/"},{"@type":"ListItem","position":2,"name":"Economia","item":"https:\/\/www.suno.com.br\/noticias\/economia\/"},{"@type":"ListItem","position":3,"name":"Com\u00e9rcio perdeu 80 mil empresas em 4 anos, divulga IBGE"}]},{"@type":"WebSite","@id":"https:\/\/www.suno.com.br\/noticias\/#website","url":"https:\/\/www.suno.com.br\/noticias\/","name":"Suno Not\u00edcias","description":"Seu portal de informa\u00e7\u00e3o sobre o mundo dos investimentos","publisher":{"@id":"https:\/\/www.suno.com.br\/noticias\/#organization"},"potentialAction":[{"@type":"SearchAction","target":{"@type":"EntryPoint","urlTemplate":"https:\/\/www.suno.com.br\/noticias\/?s={search_term_string}"},"query-input":{"@type":"PropertyValueSpecification","valueRequired":true,"valueName":"search_term_string"}}],"inLanguage":"pt-BR"},{"@type":"Organization","@id":"https:\/\/www.suno.com.br\/noticias\/#organization","name":"Suno Not\u00edcias","url":"https:\/\/www.suno.com.br\/noticias\/","logo":{"@type":"ImageObject","inLanguage":"pt-BR","@id":"https:\/\/www.suno.com.br\/noticias\/#\/schema\/logo\/image\/","url":"https:\/\/files.sunoresearch.com.br\/n\/uploads\/2021\/09\/suno-logo.png","contentUrl":"https:\/\/files.sunoresearch.com.br\/n\/uploads\/2021\/09\/suno-logo.png","width":180,"height":180,"caption":"Suno Not\u00edcias"},"image":{"@id":"https:\/\/www.suno.com.br\/noticias\/#\/schema\/logo\/image\/"},"sameAs":["https:\/\/facebook.com\/sunoresearch","https:\/\/x.com\/sunoresearch","https:\/\/www.instagram.com\/suno","https:\/\/www.linkedin.com\/company\/suno-research\/","https:\/\/www.youtube.com\/c\/sunoresearch"]},{"@type":"Person","@id":"https:\/\/www.suno.com.br\/noticias\/#\/schema\/person\/4e19e3d2575736e5283d58eb3199d120","name":"Giovanna Oliveira","image":{"@type":"ImageObject","inLanguage":"pt-BR","@id":"https:\/\/www.suno.com.br\/noticias\/#\/schema\/person\/image\/","url":"https:\/\/secure.gravatar.com\/avatar\/9a37b3ae208962ac568992d0ffdbc2eb?s=96&r=g","contentUrl":"https:\/\/secure.gravatar.com\/avatar\/9a37b3ae208962ac568992d0ffdbc2eb?s=96&r=g","caption":"Giovanna Oliveira"},"description":"Giovanna Oliveira escreve sobre economia e pol\u00edtica. Foi rep\u00f3rter do portal de jornalismo da ESPM-SP e produziu conte\u00fado para a Corinthians TV. \u00c9 estudante da ESPM.","url":"https:\/\/www.suno.com.br\/noticias\/author\/giovanna\/"}]}},"default_loop_html":"<div class=\"cardsPage__listCard__boxs\"><div class=\"cardsPage__listCard__boxs__img\"><a href=\"https:\/\/www.suno.com.br\/noticias\/comercio-perdeu-ibge\/\"><img class=\"mask\" src=\"https:\/\/www.suno.com.br\/noticias\/wp-content\/themes\/suno\/resources\/images\/spotlight\/spotlight1img\/bg-mask.png\" alt=\"Image Mask\"\/><img src=\"https:\/\/files.sunoresearch.com.br\/n\/uploads\/2019\/06\/12b2adb7-shopping-400x200.webp\" alt=\"Com\u00e9rcio perdeu 80 mil empresas em 4 anos, divulga IBGE\"\/><\/a><span class=\"spotlightCategory\"><a href=\"https:\/\/www.suno.com.br\/noticias\/economia\/\">Economia<\/a><\/span><\/div><div class=\"cardsPage__listCard__boxs__content\"><a href=\"https:\/\/www.suno.com.br\/noticias\/comercio-perdeu-ibge\/\"><h2 class=\"content__title\">Com\u00e9rcio perdeu 80 mil empresas em 4 anos, divulga IBGE<\/h2><\/a><div class=\"newsContent__article__meta\"><div class=\"newsContent__article__meta__authorBox\"><a href=\"https:\/\/www.suno.com.br\/noticias\/author\/giovanna\/\" class=\"authorBox__avatar noMobi\"><img src=\"https:\/\/files.sunoresearch.com.br\/n\/uploads\/2019\/06\/952a89ca-screenshot_20190608-171507-150x150.webp\" alt=\"Giovanna Oliveira\"><\/a><div class=\"authorBox__name\"><span>por\n\t\t\t<a href=\"https:\/\/www.suno.com.br\/noticias\/author\/giovanna\/\"><span itemprop=\"author\">Giovanna Oliveira<\/span><\/a><\/span><time datetime=\"2019-06-27T17:32:30-03:00\" itemprop=\"datePublished\">27\/06\/2019 17:32<\/time><\/div><\/div><\/div><\/div><\/div>","single_layout":"posts","amp_enabled":true,"_links":{"self":[{"href":"https:\/\/www.suno.com.br\/noticias\/wp-json\/wp\/v2\/posts\/29360"}],"collection":[{"href":"https:\/\/www.suno.com.br\/noticias\/wp-json\/wp\/v2\/posts"}],"about":[{"href":"https:\/\/www.suno.com.br\/noticias\/wp-json\/wp\/v2\/types\/post"}],"author":[{"embeddable":true,"href":"https:\/\/www.suno.com.br\/noticias\/wp-json\/wp\/v2\/users\/18"}],"replies":[{"embeddable":true,"href":"https:\/\/www.suno.com.br\/noticias\/wp-json\/wp\/v2\/comments?post=29360"}],"version-history":[{"count":0,"href":"https:\/\/www.suno.com.br\/noticias\/wp-json\/wp\/v2\/posts\/29360\/revisions"}],"wp:featuredmedia":[{"embeddable":true,"href":"https:\/\/www.suno.com.br\/noticias\/wp-json\/wp\/v2\/media\/29375"}],"wp:attachment":[{"href":"https:\/\/www.suno.com.br\/noticias\/wp-json\/wp\/v2\/media?parent=29360"}],"wp:term":[{"taxonomy":"category","embeddable":true,"href":"https:\/\/www.suno.com.br\/noticias\/wp-json\/wp\/v2\/categories?post=29360"},{"taxonomy":"post_tag","embeddable":true,"href":"https:\/\/www.suno.com.br\/noticias\/wp-json\/wp\/v2\/tags?post=29360"},{"taxonomy":"suno_strategy","embeddable":true,"href":"https:\/\/www.suno.com.br\/noticias\/wp-json\/wp\/v2\/suno_strategy?post=29360"}],"curies":[{"name":"wp","href":"https:\/\/api.w.org\/{rel}","templated":true}]}}