{"id":29349,"date":"2019-06-27T15:52:10","date_gmt":"2019-06-27T18:52:10","guid":{"rendered":"https:\/\/www.suno.com.br\/noticias\/?p=29349"},"modified":"2021-02-17T21:42:11","modified_gmt":"2021-02-18T00:42:11","slug":"macron-governo-renault","status":"publish","type":"post","link":"https:\/\/www.suno.com.br\/noticias\/macron-governo-renault\/","title":{"rendered":"Macron: Reduzir participa\u00e7\u00e3o do governo na Renault n\u00e3o \u00e9 necess\u00e1rio"},"content":{"rendered":"<p>O presidente da <strong>Fran\u00e7a<\/strong>, Emmanuel Macron, afirmou que o governo franc\u00eas n\u00e3o precisa reduzir sua participa\u00e7\u00e3o na Renault. A declara\u00e7\u00e3o ocorreu nesta quinta-feira (27) durante uma viagem do presidente franc\u00eas ao Jap\u00e3o para o <a href=\"https:\/\/www.suno.com.br\/artigos\/g20\/\"><strong>G<span style=\"font-size: 1.21429rem;\">20<\/span><\/strong><\/a><span style=\"font-size: 1.21429rem;\">.\u00a0<\/span><\/p>\t<div class=\"wrapper-featured-image\">\n\t\t<figure class=\"spotlightImg\">\n\n\t\t\t<picture>\n\t\t\t\t<source media=\"(max-width: 768px)\" srcset=\"https:\/\/files.sunoresearch.com.br\/n\/uploads\/2019\/06\/60c4aab5-renault-400x200.webp\">\n\t\t\t\t<img loading=\"lazy\" decoding=\"async\" class=\"newsContent__article__imgCapa lazyloadDisabled newsContent__article__imgCapa--noCaption\" src=\"https:\/\/files.sunoresearch.com.br\/n\/uploads\/2019\/06\/60c4aab5-renault-800x450.webp\" width=\"800\" height=\"450\" alt=\"Macron: Reduzir participa\u00e7\u00e3o do governo na Renault n\u00e3o \u00e9 necess\u00e1rio\" fetchpriority=high \/>\n\t\t\t<\/picture>\n\n\t\t\t<figcaption class=\"wp-caption-text wp-caption-text--hide\">Renault<\/figcaption>\n\t\t<\/figure>\n\t<\/div>\n\n\n<p>As rela\u00e7\u00f5es entre <strong>Renault<\/strong> e a <strong>Nissan<\/strong> est\u00e3o enfrentando um cen\u00e1rio de tens\u00e3o ap\u00f3s a deten\u00e7\u00e3o do\u00a0ex-presidente das empresas, <a href=\"https:\/\/www.suno.com.br\/tudo-sobre\/carlos-ghosn\/\">Carlos Ghosn<\/a>. Contudo, Macron ressaltou que essa \u00e9 uma situa\u00e7\u00e3o pontual e n\u00e3o deveria afetar a alian\u00e7a entre as empresas.<\/p>\n\t<p>\n\t\t<a href=\"https:\/\/simulador-aposentadoria.suno.com.br\/?utm_source=suno-noticias&#038;utm_medium=banner&#038;utm_content=como-investir-para-aposentadoria-carteira-go&#038;utm_campaign=_SNC36CE4E9F_\" target=\"_blank\" data-element=\"shortcode-suno-banner\" title=\"Banner SUNO, clique e saiba mais\">\n\t\t\t<picture>\n\t\t\t\t<source media=\"(max-width: 500px)\" srcset=\"https:\/\/files.sunoresearch.com.br\/n\/uploads\/2025\/11\/400x300.webp\">\n\t\t\t\t<img class=\"newsContent__article__imgCapa newsContent__article__imgCapa--banner\"\n\t\t\t\t\tsrc=\"https:\/\/files.sunoresearch.com.br\/n\/uploads\/2025\/11\/1420x240.webp\"\n\t\t\t\t\tdata-promo-id=\"631530\"\t\t\t\t\t\t\t\t\t\twidth='1420' height='240'\t\t\t\t\talt=\"https:\/\/files.sunoresearch.com.br\/n\/uploads\/2025\/11\/1420x240.webp\"\n\t\t\t\t>\n\t\t\t<\/picture>\n\t\t<\/a>\n\t<\/p>\n\n\n<p>\u201cNada nesta situa\u00e7\u00e3o justifica a mudan\u00e7a das participa\u00e7\u00f5es acion\u00e1rias cruzadas, nas regras de governan\u00e7a e na participa\u00e7\u00e3o do Estado franc\u00eas na <strong>Renault<\/strong>, que n\u00e3o tem nada a ver com a <strong>Nissan<\/strong>\u201d, disse o presidente.<\/p>\n<p>Segundo o mandat\u00e1rio, a alian\u00e7a Renault-Nissan deve trabalhar para o fortalecimento de suas sinergias.<\/p>\n<p><a href=\"https:\/\/www.suno.com.br\/noticias\/renault-tem-como-prioridade-o-fortalecimento-da-alianca-com-a-nissan\/\">Saiba mais: Renault tem como prioridade o fortalecimento da alian\u00e7a com a Nissan<\/a><\/p>\n<p>No entanto, o ministro\u00a0das Finan\u00e7as franc\u00eas, Bruno Le Maire, informou h\u00e1 duas semanas que o governo est\u00e1 disposto a reduzir em 15% a participa\u00e7\u00e3o na <strong>Renault<\/strong> visando refor\u00e7ar a alian\u00e7a com a montadora japonesa.<\/p>\n<p>&#8220;N\u00f3s podemos reduzir a participa\u00e7\u00e3o do Estado na Renault. Isso n\u00e3o \u00e9 um problema desde que, no fim do processo, n\u00f3s tenhamos um <strong>setor automobil\u00edstico<\/strong> mais s\u00f3lido e uma alian\u00e7a forte entre as duas montadoras&#8221;, afirmou\u00a0Le Maire.<\/p>\n\t<p>\n\t\t<a href=\"https:\/\/lp.suno.com.br\/ao\/sessao-estrategica-consultoria-c\/?utm_source=suno-noticias&#038;utm_medium=banner&#038;utm_campaing=banco-master-cdbs\" target=\"_blank\" data-element=\"shortcode-suno-banner\" title=\"Banner SUNO, clique e saiba mais\">\n\t\t\t<picture>\n\t\t\t\t<source media=\"(max-width: 500px)\" srcset=\"https:\/\/files.sunoresearch.com.br\/n\/uploads\/2025\/09\/300x400.webp\">\n\t\t\t\t<img class=\"newsContent__article__imgCapa newsContent__article__imgCapa--banner\"\n\t\t\t\t\tsrc=\"https:\/\/files.sunoresearch.com.br\/n\/uploads\/2025\/09\/SN-DT-1420x240-1.webp\"\n\t\t\t\t\tdata-promo-id=\"624064\"\t\t\t\t\t\t\t\t\t\twidth='1420' height='240'\t\t\t\t\talt=\"https:\/\/files.sunoresearch.com.br\/n\/uploads\/2025\/09\/SN-DT-1420x240-1.webp\"\n\t\t\t\t>\n\t\t\t<\/picture>\n\t\t<\/a>\n\t<\/p>\n\n\n<h2>Ghosn denunciado por atos suspeitos<\/h2>\n<p>A montadora francesa ir\u00e1 denunciar seu <strong>ex-presidente<\/strong>,<a href=\"https:\/\/www.suno.com.br\/tudo-sobre\/carlos-ghosn\/\"> <strong>Carlos Ghosn<\/strong><\/a>, por ter identificado gastos suspeitos de 11 milh\u00f5es de euros. O an\u00fancio foi feito nesta no in\u00edcio de junho pelo<strong> ministro da Economia da Fran\u00e7a<\/strong>, <strong>Bruno Le Maire<\/strong>.<\/p>\n<p><a href=\"https:\/\/www.suno.com.br\/noticias\/renault-carlos-ghosn-gastos\/\">Saiba mais:\u00a0Carlos Ghosn ser\u00e1 denunciado pela Renault por gastos suspeitos<\/a><\/p>\n<p>De acordo com a administra\u00e7\u00e3o, algumas despesas n\u00e3o foram especificadas por <strong>Ghosn<\/strong> e outras demonstraram superfaturamento, como viagens de avi\u00e3o. Al\u00e9m disso, consta nas despesas doa\u00e7\u00f5es a organiza\u00e7\u00f5es sem fins lucrativos.<\/p>\n<p>O pa\u00eds franc\u00eas det\u00e9m parte da montadora, portanto, o ministro disse que &#8220;quando o Estado \u00e9 acionista de refer\u00eancia de uma empresa, como no caso da <strong>Renault<\/strong>, na qual temos 15%, seu papel \u00e9 assegurar que a governan\u00e7a funciona bem&#8221;.<\/p>\n","protected":false},"excerpt":{"rendered":"<p>O presidente da Fran\u00e7a, Emmanuel Macron, afirmou que o governo franc\u00eas n\u00e3o precisa reduzir sua participa\u00e7\u00e3o na Renault. A declara\u00e7\u00e3o ocorreu nesta quinta-feira (27) durante uma viagem do presidente franc\u00eas ao Jap\u00e3o para o G20.\u00a0 Renault As rela\u00e7\u00f5es entre Renault e a Nissan est\u00e3o enfrentando um cen\u00e1rio de tens\u00e3o ap\u00f3s a deten\u00e7\u00e3o do\u00a0ex-presidente das empresas, [&hellip;]<\/p>\n","protected":false},"author":18,"featured_media":29358,"comment_status":"closed","ping_status":"closed","sticky":false,"template":"","format":"standard","meta":[],"categories":[64],"tags":[876,1908,773,877,807,929],"suno_strategy":[],"class_list":["post-29349","post","type-post","status-publish","format-standard","has-post-thumbnail","hentry","category-negocios","tag-carlos-ghosn","tag-emmanuel-macron","tag-franca","tag-nissan","tag-produto-interno-bruto-pib","tag-renault"],"yoast_head":"<!-- This site is optimized with the Yoast SEO plugin v24.4 - https:\/\/yoast.com\/wordpress\/plugins\/seo\/ -->\n<title>Macron: Reduzir participa\u00e7\u00e3o do governo na Renault n\u00e3o \u00e9 necess\u00e1rio<\/title>\n<meta name=\"description\" content=\"Emmanuel Macron afirmou que o governo da Fran\u00e7a n\u00e3o precisa reduzir sua participa\u00e7\u00e3o na Renault. Clique para saber mais.\" \/>\n<meta name=\"robots\" content=\"index, follow, max-snippet:-1, max-image-preview:large, max-video-preview:-1\" \/>\n<link rel=\"canonical\" href=\"https:\/\/www.suno.com.br\/noticias\/macron-governo-renault\/\" \/>\n<meta property=\"og:locale\" content=\"pt_BR\" \/>\n<meta property=\"og:type\" content=\"article\" \/>\n<meta property=\"og:title\" content=\"Macron: Reduzir participa\u00e7\u00e3o do governo na Renault n\u00e3o \u00e9 necess\u00e1rio\" \/>\n<meta property=\"og:description\" content=\"Emmanuel Macron afirmou que o governo da Fran\u00e7a n\u00e3o precisa reduzir sua participa\u00e7\u00e3o na Renault. Clique para saber mais.\" \/>\n<meta property=\"og:url\" content=\"https:\/\/www.suno.com.br\/noticias\/macron-governo-renault\/\" \/>\n<meta property=\"og:site_name\" content=\"Suno Not\u00edcias\" \/>\n<meta property=\"article:publisher\" content=\"https:\/\/facebook.com\/sunoresearch\" \/>\n<meta property=\"og:image\" content=\"https:\/\/files.sunoresearch.com.br\/n\/uploads\/2019\/06\/60c4aab5-renault.jpg\" \/>\n\t<meta property=\"og:image:width\" content=\"810\" \/>\n\t<meta property=\"og:image:height\" content=\"540\" \/>\n\t<meta property=\"og:image:type\" content=\"image\/jpeg\" \/>\n<meta name=\"author\" content=\"Giovanna Oliveira\" \/>\n<meta name=\"twitter:card\" content=\"summary_large_image\" \/>\n<meta name=\"twitter:creator\" content=\"@sunoresearch\" \/>\n<meta name=\"twitter:site\" content=\"@sunoresearch\" \/>\n<meta name=\"twitter:label1\" content=\"Escrito por\" \/>\n\t<meta name=\"twitter:data1\" content=\"Giovanna Oliveira\" \/>\n\t<meta name=\"twitter:label2\" content=\"Est. tempo de leitura\" \/>\n\t<meta name=\"twitter:data2\" content=\"2 minutos\" \/>\n<script type=\"application\/ld+json\" class=\"yoast-schema-graph\">{\"@context\":\"https:\/\/schema.org\",\"@graph\":[{\"@type\":\"NewsArticle\",\"@id\":\"https:\/\/www.suno.com.br\/noticias\/macron-governo-renault\/#article\",\"isPartOf\":{\"@id\":\"https:\/\/www.suno.com.br\/noticias\/macron-governo-renault\/\"},\"author\":{\"name\":\"Giovanna Oliveira\",\"@id\":\"https:\/\/www.suno.com.br\/noticias\/#\/schema\/person\/4e19e3d2575736e5283d58eb3199d120\"},\"headline\":\"Macron: Reduzir participa\u00e7\u00e3o do governo na Renault n\u00e3o \u00e9 necess\u00e1rio\",\"datePublished\":\"2019-06-27T18:52:10+00:00\",\"dateModified\":\"2021-02-18T00:42:11+00:00\",\"mainEntityOfPage\":{\"@id\":\"https:\/\/www.suno.com.br\/noticias\/macron-governo-renault\/\"},\"wordCount\":397,\"publisher\":{\"@id\":\"https:\/\/www.suno.com.br\/noticias\/#organization\"},\"image\":{\"@id\":\"https:\/\/www.suno.com.br\/noticias\/macron-governo-renault\/#primaryimage\"},\"thumbnailUrl\":\"https:\/\/files.sunoresearch.com.br\/n\/uploads\/2019\/06\/60c4aab5-renault-jpg.webp\",\"keywords\":[\"Carlos Ghosn\",\"Emmanuel Macron\",\"Fran\u00e7a\",\"Nissan\",\"Produto Interno Bruto (PIB)\",\"Renault\"],\"articleSection\":[\"Neg\u00f3cios\"],\"inLanguage\":\"pt-BR\"},{\"@type\":\"WebPage\",\"@id\":\"https:\/\/www.suno.com.br\/noticias\/macron-governo-renault\/\",\"url\":\"https:\/\/www.suno.com.br\/noticias\/macron-governo-renault\/\",\"name\":\"Macron: Reduzir participa\u00e7\u00e3o do governo na Renault n\u00e3o \u00e9 necess\u00e1rio\",\"isPartOf\":{\"@id\":\"https:\/\/www.suno.com.br\/noticias\/#website\"},\"primaryImageOfPage\":{\"@id\":\"https:\/\/www.suno.com.br\/noticias\/macron-governo-renault\/#primaryimage\"},\"image\":{\"@id\":\"https:\/\/www.suno.com.br\/noticias\/macron-governo-renault\/#primaryimage\"},\"thumbnailUrl\":\"https:\/\/files.sunoresearch.com.br\/n\/uploads\/2019\/06\/60c4aab5-renault-jpg.webp\",\"datePublished\":\"2019-06-27T18:52:10+00:00\",\"dateModified\":\"2021-02-18T00:42:11+00:00\",\"description\":\"Emmanuel Macron afirmou que o governo da Fran\u00e7a n\u00e3o precisa reduzir sua participa\u00e7\u00e3o na Renault. Clique para saber mais.\",\"breadcrumb\":{\"@id\":\"https:\/\/www.suno.com.br\/noticias\/macron-governo-renault\/#breadcrumb\"},\"inLanguage\":\"pt-BR\",\"potentialAction\":[{\"@type\":\"ReadAction\",\"target\":[\"https:\/\/www.suno.com.br\/noticias\/macron-governo-renault\/\"]}]},{\"@type\":\"ImageObject\",\"inLanguage\":\"pt-BR\",\"@id\":\"https:\/\/www.suno.com.br\/noticias\/macron-governo-renault\/#primaryimage\",\"url\":\"https:\/\/files.sunoresearch.com.br\/n\/uploads\/2019\/06\/60c4aab5-renault-jpg.webp\",\"contentUrl\":\"https:\/\/files.sunoresearch.com.br\/n\/uploads\/2019\/06\/60c4aab5-renault-jpg.webp\",\"width\":810,\"height\":540,\"caption\":\"Renault\"},{\"@type\":\"BreadcrumbList\",\"@id\":\"https:\/\/www.suno.com.br\/noticias\/macron-governo-renault\/#breadcrumb\",\"itemListElement\":[{\"@type\":\"ListItem\",\"position\":1,\"name\":\"Not\u00edcias\",\"item\":\"https:\/\/www.suno.com.br\/noticias\/\"},{\"@type\":\"ListItem\",\"position\":2,\"name\":\"Neg\u00f3cios\",\"item\":\"https:\/\/www.suno.com.br\/noticias\/negocios\/\"},{\"@type\":\"ListItem\",\"position\":3,\"name\":\"Macron: Reduzir participa\u00e7\u00e3o do governo na Renault n\u00e3o \u00e9 necess\u00e1rio\"}]},{\"@type\":\"WebSite\",\"@id\":\"https:\/\/www.suno.com.br\/noticias\/#website\",\"url\":\"https:\/\/www.suno.com.br\/noticias\/\",\"name\":\"Suno Not\u00edcias\",\"description\":\"Seu portal de informa\u00e7\u00e3o sobre o mundo dos investimentos\",\"publisher\":{\"@id\":\"https:\/\/www.suno.com.br\/noticias\/#organization\"},\"potentialAction\":[{\"@type\":\"SearchAction\",\"target\":{\"@type\":\"EntryPoint\",\"urlTemplate\":\"https:\/\/www.suno.com.br\/noticias\/?s={search_term_string}\"},\"query-input\":{\"@type\":\"PropertyValueSpecification\",\"valueRequired\":true,\"valueName\":\"search_term_string\"}}],\"inLanguage\":\"pt-BR\"},{\"@type\":\"Organization\",\"@id\":\"https:\/\/www.suno.com.br\/noticias\/#organization\",\"name\":\"Suno Not\u00edcias\",\"url\":\"https:\/\/www.suno.com.br\/noticias\/\",\"logo\":{\"@type\":\"ImageObject\",\"inLanguage\":\"pt-BR\",\"@id\":\"https:\/\/www.suno.com.br\/noticias\/#\/schema\/logo\/image\/\",\"url\":\"https:\/\/files.sunoresearch.com.br\/n\/uploads\/2021\/09\/suno-logo.png\",\"contentUrl\":\"https:\/\/files.sunoresearch.com.br\/n\/uploads\/2021\/09\/suno-logo.png\",\"width\":180,\"height\":180,\"caption\":\"Suno Not\u00edcias\"},\"image\":{\"@id\":\"https:\/\/www.suno.com.br\/noticias\/#\/schema\/logo\/image\/\"},\"sameAs\":[\"https:\/\/facebook.com\/sunoresearch\",\"https:\/\/x.com\/sunoresearch\",\"https:\/\/www.instagram.com\/suno\",\"https:\/\/www.linkedin.com\/company\/suno-research\/\",\"https:\/\/www.youtube.com\/c\/sunoresearch\"]},{\"@type\":\"Person\",\"@id\":\"https:\/\/www.suno.com.br\/noticias\/#\/schema\/person\/4e19e3d2575736e5283d58eb3199d120\",\"name\":\"Giovanna Oliveira\",\"image\":{\"@type\":\"ImageObject\",\"inLanguage\":\"pt-BR\",\"@id\":\"https:\/\/www.suno.com.br\/noticias\/#\/schema\/person\/image\/\",\"url\":\"https:\/\/secure.gravatar.com\/avatar\/9a37b3ae208962ac568992d0ffdbc2eb?s=96&r=g\",\"contentUrl\":\"https:\/\/secure.gravatar.com\/avatar\/9a37b3ae208962ac568992d0ffdbc2eb?s=96&r=g\",\"caption\":\"Giovanna Oliveira\"},\"description\":\"Giovanna Oliveira escreve sobre economia e pol\u00edtica. Foi rep\u00f3rter do portal de jornalismo da ESPM-SP e produziu conte\u00fado para a Corinthians TV. \u00c9 estudante da ESPM.\",\"url\":\"https:\/\/www.suno.com.br\/noticias\/author\/giovanna\/\"}]}<\/script>\n<!-- \/ Yoast SEO plugin. -->","yoast_head_json":{"title":"Macron: Reduzir participa\u00e7\u00e3o do governo na Renault n\u00e3o \u00e9 necess\u00e1rio","description":"Emmanuel Macron afirmou que o governo da Fran\u00e7a n\u00e3o precisa reduzir sua participa\u00e7\u00e3o na Renault. Clique para saber mais.","robots":{"index":"index","follow":"follow","max-snippet":"max-snippet:-1","max-image-preview":"max-image-preview:large","max-video-preview":"max-video-preview:-1"},"canonical":"https:\/\/www.suno.com.br\/noticias\/macron-governo-renault\/","og_locale":"pt_BR","og_type":"article","og_title":"Macron: Reduzir participa\u00e7\u00e3o do governo na Renault n\u00e3o \u00e9 necess\u00e1rio","og_description":"Emmanuel Macron afirmou que o governo da Fran\u00e7a n\u00e3o precisa reduzir sua participa\u00e7\u00e3o na Renault. Clique para saber mais.","og_url":"https:\/\/www.suno.com.br\/noticias\/macron-governo-renault\/","og_site_name":"Suno Not\u00edcias","article_publisher":"https:\/\/facebook.com\/sunoresearch","og_image":[{"width":810,"height":540,"url":"https:\/\/files.sunoresearch.com.br\/n\/uploads\/2019\/06\/60c4aab5-renault.jpg","type":"image\/jpeg"}],"author":"Giovanna Oliveira","twitter_card":"summary_large_image","twitter_creator":"@sunoresearch","twitter_site":"@sunoresearch","twitter_misc":{"Escrito por":"Giovanna Oliveira","Est. tempo de leitura":"2 minutos"},"schema":{"@context":"https:\/\/schema.org","@graph":[{"@type":"NewsArticle","@id":"https:\/\/www.suno.com.br\/noticias\/macron-governo-renault\/#article","isPartOf":{"@id":"https:\/\/www.suno.com.br\/noticias\/macron-governo-renault\/"},"author":{"name":"Giovanna Oliveira","@id":"https:\/\/www.suno.com.br\/noticias\/#\/schema\/person\/4e19e3d2575736e5283d58eb3199d120"},"headline":"Macron: Reduzir participa\u00e7\u00e3o do governo na Renault n\u00e3o \u00e9 necess\u00e1rio","datePublished":"2019-06-27T18:52:10+00:00","dateModified":"2021-02-18T00:42:11+00:00","mainEntityOfPage":{"@id":"https:\/\/www.suno.com.br\/noticias\/macron-governo-renault\/"},"wordCount":397,"publisher":{"@id":"https:\/\/www.suno.com.br\/noticias\/#organization"},"image":{"@id":"https:\/\/www.suno.com.br\/noticias\/macron-governo-renault\/#primaryimage"},"thumbnailUrl":"https:\/\/files.sunoresearch.com.br\/n\/uploads\/2019\/06\/60c4aab5-renault-jpg.webp","keywords":["Carlos Ghosn","Emmanuel Macron","Fran\u00e7a","Nissan","Produto Interno Bruto (PIB)","Renault"],"articleSection":["Neg\u00f3cios"],"inLanguage":"pt-BR"},{"@type":"WebPage","@id":"https:\/\/www.suno.com.br\/noticias\/macron-governo-renault\/","url":"https:\/\/www.suno.com.br\/noticias\/macron-governo-renault\/","name":"Macron: Reduzir participa\u00e7\u00e3o do governo na Renault n\u00e3o \u00e9 necess\u00e1rio","isPartOf":{"@id":"https:\/\/www.suno.com.br\/noticias\/#website"},"primaryImageOfPage":{"@id":"https:\/\/www.suno.com.br\/noticias\/macron-governo-renault\/#primaryimage"},"image":{"@id":"https:\/\/www.suno.com.br\/noticias\/macron-governo-renault\/#primaryimage"},"thumbnailUrl":"https:\/\/files.sunoresearch.com.br\/n\/uploads\/2019\/06\/60c4aab5-renault-jpg.webp","datePublished":"2019-06-27T18:52:10+00:00","dateModified":"2021-02-18T00:42:11+00:00","description":"Emmanuel Macron afirmou que o governo da Fran\u00e7a n\u00e3o precisa reduzir sua participa\u00e7\u00e3o na Renault. Clique para saber mais.","breadcrumb":{"@id":"https:\/\/www.suno.com.br\/noticias\/macron-governo-renault\/#breadcrumb"},"inLanguage":"pt-BR","potentialAction":[{"@type":"ReadAction","target":["https:\/\/www.suno.com.br\/noticias\/macron-governo-renault\/"]}]},{"@type":"ImageObject","inLanguage":"pt-BR","@id":"https:\/\/www.suno.com.br\/noticias\/macron-governo-renault\/#primaryimage","url":"https:\/\/files.sunoresearch.com.br\/n\/uploads\/2019\/06\/60c4aab5-renault-jpg.webp","contentUrl":"https:\/\/files.sunoresearch.com.br\/n\/uploads\/2019\/06\/60c4aab5-renault-jpg.webp","width":810,"height":540,"caption":"Renault"},{"@type":"BreadcrumbList","@id":"https:\/\/www.suno.com.br\/noticias\/macron-governo-renault\/#breadcrumb","itemListElement":[{"@type":"ListItem","position":1,"name":"Not\u00edcias","item":"https:\/\/www.suno.com.br\/noticias\/"},{"@type":"ListItem","position":2,"name":"Neg\u00f3cios","item":"https:\/\/www.suno.com.br\/noticias\/negocios\/"},{"@type":"ListItem","position":3,"name":"Macron: Reduzir participa\u00e7\u00e3o do governo na Renault n\u00e3o \u00e9 necess\u00e1rio"}]},{"@type":"WebSite","@id":"https:\/\/www.suno.com.br\/noticias\/#website","url":"https:\/\/www.suno.com.br\/noticias\/","name":"Suno Not\u00edcias","description":"Seu portal de informa\u00e7\u00e3o sobre o mundo dos investimentos","publisher":{"@id":"https:\/\/www.suno.com.br\/noticias\/#organization"},"potentialAction":[{"@type":"SearchAction","target":{"@type":"EntryPoint","urlTemplate":"https:\/\/www.suno.com.br\/noticias\/?s={search_term_string}"},"query-input":{"@type":"PropertyValueSpecification","valueRequired":true,"valueName":"search_term_string"}}],"inLanguage":"pt-BR"},{"@type":"Organization","@id":"https:\/\/www.suno.com.br\/noticias\/#organization","name":"Suno Not\u00edcias","url":"https:\/\/www.suno.com.br\/noticias\/","logo":{"@type":"ImageObject","inLanguage":"pt-BR","@id":"https:\/\/www.suno.com.br\/noticias\/#\/schema\/logo\/image\/","url":"https:\/\/files.sunoresearch.com.br\/n\/uploads\/2021\/09\/suno-logo.png","contentUrl":"https:\/\/files.sunoresearch.com.br\/n\/uploads\/2021\/09\/suno-logo.png","width":180,"height":180,"caption":"Suno Not\u00edcias"},"image":{"@id":"https:\/\/www.suno.com.br\/noticias\/#\/schema\/logo\/image\/"},"sameAs":["https:\/\/facebook.com\/sunoresearch","https:\/\/x.com\/sunoresearch","https:\/\/www.instagram.com\/suno","https:\/\/www.linkedin.com\/company\/suno-research\/","https:\/\/www.youtube.com\/c\/sunoresearch"]},{"@type":"Person","@id":"https:\/\/www.suno.com.br\/noticias\/#\/schema\/person\/4e19e3d2575736e5283d58eb3199d120","name":"Giovanna Oliveira","image":{"@type":"ImageObject","inLanguage":"pt-BR","@id":"https:\/\/www.suno.com.br\/noticias\/#\/schema\/person\/image\/","url":"https:\/\/secure.gravatar.com\/avatar\/9a37b3ae208962ac568992d0ffdbc2eb?s=96&r=g","contentUrl":"https:\/\/secure.gravatar.com\/avatar\/9a37b3ae208962ac568992d0ffdbc2eb?s=96&r=g","caption":"Giovanna Oliveira"},"description":"Giovanna Oliveira escreve sobre economia e pol\u00edtica. Foi rep\u00f3rter do portal de jornalismo da ESPM-SP e produziu conte\u00fado para a Corinthians TV. \u00c9 estudante da ESPM.","url":"https:\/\/www.suno.com.br\/noticias\/author\/giovanna\/"}]}},"default_loop_html":"<div class=\"cardsPage__listCard__boxs\"><div class=\"cardsPage__listCard__boxs__img\"><a href=\"https:\/\/www.suno.com.br\/noticias\/macron-governo-renault\/\"><img class=\"mask\" src=\"https:\/\/www.suno.com.br\/noticias\/wp-content\/themes\/suno\/resources\/images\/spotlight\/spotlight1img\/bg-mask.png\" alt=\"Image Mask\"\/><img src=\"https:\/\/files.sunoresearch.com.br\/n\/uploads\/2019\/06\/60c4aab5-renault-400x200.webp\" alt=\"Macron: Reduzir participa\u00e7\u00e3o do governo na Renault n\u00e3o \u00e9 necess\u00e1rio\"\/><\/a><span class=\"spotlightCategory\"><a href=\"https:\/\/www.suno.com.br\/noticias\/negocios\/\">Neg\u00f3cios<\/a><\/span><\/div><div class=\"cardsPage__listCard__boxs__content\"><a href=\"https:\/\/www.suno.com.br\/noticias\/macron-governo-renault\/\"><h2 class=\"content__title\">Macron: Reduzir participa\u00e7\u00e3o do governo na Renault n\u00e3o \u00e9 necess\u00e1rio<\/h2><\/a><div class=\"newsContent__article__meta\"><div class=\"newsContent__article__meta__authorBox\"><a href=\"https:\/\/www.suno.com.br\/noticias\/author\/giovanna\/\" class=\"authorBox__avatar noMobi\"><img src=\"https:\/\/files.sunoresearch.com.br\/n\/uploads\/2019\/06\/952a89ca-screenshot_20190608-171507-150x150.webp\" alt=\"Giovanna Oliveira\"><\/a><div class=\"authorBox__name\"><span>por\n\t\t\t<a href=\"https:\/\/www.suno.com.br\/noticias\/author\/giovanna\/\"><span itemprop=\"author\">Giovanna Oliveira<\/span><\/a><\/span><time datetime=\"2019-06-27T15:52:10-03:00\" itemprop=\"datePublished\">27\/06\/2019 15:52<\/time><\/div><\/div><\/div><\/div><\/div>","single_layout":"posts","amp_enabled":true,"_links":{"self":[{"href":"https:\/\/www.suno.com.br\/noticias\/wp-json\/wp\/v2\/posts\/29349"}],"collection":[{"href":"https:\/\/www.suno.com.br\/noticias\/wp-json\/wp\/v2\/posts"}],"about":[{"href":"https:\/\/www.suno.com.br\/noticias\/wp-json\/wp\/v2\/types\/post"}],"author":[{"embeddable":true,"href":"https:\/\/www.suno.com.br\/noticias\/wp-json\/wp\/v2\/users\/18"}],"replies":[{"embeddable":true,"href":"https:\/\/www.suno.com.br\/noticias\/wp-json\/wp\/v2\/comments?post=29349"}],"version-history":[{"count":0,"href":"https:\/\/www.suno.com.br\/noticias\/wp-json\/wp\/v2\/posts\/29349\/revisions"}],"wp:featuredmedia":[{"embeddable":true,"href":"https:\/\/www.suno.com.br\/noticias\/wp-json\/wp\/v2\/media\/29358"}],"wp:attachment":[{"href":"https:\/\/www.suno.com.br\/noticias\/wp-json\/wp\/v2\/media?parent=29349"}],"wp:term":[{"taxonomy":"category","embeddable":true,"href":"https:\/\/www.suno.com.br\/noticias\/wp-json\/wp\/v2\/categories?post=29349"},{"taxonomy":"post_tag","embeddable":true,"href":"https:\/\/www.suno.com.br\/noticias\/wp-json\/wp\/v2\/tags?post=29349"},{"taxonomy":"suno_strategy","embeddable":true,"href":"https:\/\/www.suno.com.br\/noticias\/wp-json\/wp\/v2\/suno_strategy?post=29349"}],"curies":[{"name":"wp","href":"https:\/\/api.w.org\/{rel}","templated":true}]}}