{"id":2934,"date":"2018-08-29T10:56:21","date_gmt":"2018-08-29T13:56:21","guid":{"rendered":"https:\/\/www.suno.com.br\/noticias\/?p=2934"},"modified":"2018-08-29T11:05:21","modified_gmt":"2018-08-29T14:05:21","slug":"banco-central-vai-vender-dolares-de-suas-reservas-internacionais-depois-de-alta-da-moeda","status":"publish","type":"post","link":"https:\/\/www.suno.com.br\/noticias\/banco-central-vai-vender-dolares-de-suas-reservas-internacionais-depois-de-alta-da-moeda\/","title":{"rendered":"Banco Central vai vender d\u00f3lares de suas reservas internacionais depois de alta da moeda"},"content":{"rendered":"<p>Com o fechamento do d\u00f3lar ontem na segunda maior cota\u00e7\u00e3o (R$4,142) desde que o Plano Real foi implementado, em 1994, o Banco Central anunciou que vender\u00e1 d\u00f3lares de suas reservas internacionais para tentar conter a alta da moeda em rela\u00e7\u00e3o ao real, com o compromisso de compr\u00e1-los novamente mais para frente. At\u00e9 US$2,15 bilh\u00f5es ser\u00e3o ofertados na sexta-feira, 31 de agosto.<\/p>\t<div class=\"wrapper-featured-image\">\n\t\t<figure class=\"spotlightImg\">\n\n\t\t\t<picture>\n\t\t\t\t<source media=\"(max-width: 768px)\" srcset=\"https:\/\/files.sunoresearch.com.br\/n\/uploads\/2018\/08\/7e2ac8f1-dolar-400x200.webp\">\n\t\t\t\t<img loading=\"lazy\" decoding=\"async\" class=\"newsContent__article__imgCapa lazyloadDisabled newsContent__article__imgCapa--noCaption\" src=\"https:\/\/files.sunoresearch.com.br\/n\/uploads\/2018\/08\/7e2ac8f1-dolar-800x450.webp\" width=\"800\" height=\"450\" alt=\"Banco Central vai vender d\u00f3lares de suas reservas internacionais depois de alta da moeda\" fetchpriority=high \/>\n\t\t\t<\/picture>\n\n\t\t\t<figcaption class=\"wp-caption-text wp-caption-text--hide\">O d\u00f3lar caiu ap\u00f3s apresentar uma valoriza\u00e7\u00e3o de 1,095% no dia anterior<\/figcaption>\n\t\t<\/figure>\n\t<\/div>\n\n\n<p>Haver\u00e1 dois leil\u00f5es, \u00e0s 12h15 e 12h35. Na verdade, a quantidade de d\u00f3lares no mercado n\u00e3o aumentar\u00e1, pois o Banco Central j\u00e1 teria compromissos de recompra pendentes para o per\u00edodo, e utilizar\u00e1 do recurso de novos leil\u00f5es para adiar esse fato, que levaria a alta ainda maior do d\u00f3lar. O BC teria de comprar os d\u00f3lares em circula\u00e7\u00e3o de volta no dia 5 de setembro, mas usar\u00e1 esses leil\u00f5es para mant\u00ea-los no mercado. Parte deles deve voltar no dia 5 de novembro, e outra no dia 4 de dezembro.<\/p>\n<p>No momento (10:52), o d\u00f3lar opera a R$4,146, em alta de 0,25% em rela\u00e7\u00e3o ao fechamento de ontem, o maior desde janeiro de 2016, quando chegou a 4,166, recorde desde a implementa\u00e7\u00e3o do Plano Real.<\/p>\n","protected":false},"excerpt":{"rendered":"<p>Com o fechamento do d\u00f3lar ontem na segunda maior cota\u00e7\u00e3o (R$4,142) desde que o Plano Real foi implementado, em 1994, o Banco Central anunciou que vender\u00e1 d\u00f3lares de suas reservas internacionais para tentar conter a alta da moeda em rela\u00e7\u00e3o ao real, com o compromisso de compr\u00e1-los novamente mais para frente. At\u00e9 US$2,15 bilh\u00f5es ser\u00e3o [&hellip;]<\/p>\n","protected":false},"author":5,"featured_media":2935,"comment_status":"open","ping_status":"open","sticky":false,"template":"","format":"standard","meta":[],"categories":[62],"tags":[326],"suno_strategy":[],"class_list":["post-2934","post","type-post","status-publish","format-standard","has-post-thumbnail","hentry","category-economia","tag-dolar"],"yoast_head":"<!-- This site is optimized with the Yoast SEO plugin v24.4 - https:\/\/yoast.com\/wordpress\/plugins\/seo\/ -->\n<title>Banco Central vai vender d\u00f3lares de suas reservas internacionais depois de alta da moeda<\/title>\n<meta name=\"description\" content=\"Cota\u00e7\u00e3o no fechamento de ontem \u00e9 a segunda maior desde a implementa\u00e7\u00e3o do Plano Real. Leil\u00f5es ser\u00e3o na sexta-feira. Clique para saber mais.\" \/>\n<meta name=\"robots\" content=\"index, follow, max-snippet:-1, max-image-preview:large, max-video-preview:-1\" \/>\n<link rel=\"canonical\" href=\"https:\/\/www.suno.com.br\/noticias\/banco-central-vai-vender-dolares-de-suas-reservas-internacionais-depois-de-alta-da-moeda\/\" \/>\n<meta property=\"og:locale\" content=\"pt_BR\" \/>\n<meta property=\"og:type\" content=\"article\" \/>\n<meta property=\"og:title\" content=\"Banco Central vai vender d\u00f3lares de suas reservas internacionais depois de alta da moeda\" \/>\n<meta property=\"og:description\" content=\"Cota\u00e7\u00e3o no fechamento de ontem \u00e9 a segunda maior desde a implementa\u00e7\u00e3o do Plano Real. Leil\u00f5es ser\u00e3o na sexta-feira. Clique para saber mais.\" \/>\n<meta property=\"og:url\" content=\"https:\/\/www.suno.com.br\/noticias\/banco-central-vai-vender-dolares-de-suas-reservas-internacionais-depois-de-alta-da-moeda\/\" \/>\n<meta property=\"og:site_name\" content=\"Suno Not\u00edcias\" \/>\n<meta property=\"article:publisher\" content=\"https:\/\/facebook.com\/sunoresearch\" \/>\n<meta property=\"article:author\" content=\"https:\/\/www.linkedin.com\/in\/daniel-quandt-a49985110\/\" \/>\n<meta property=\"og:image\" content=\"https:\/\/files.sunoresearch.com.br\/n\/uploads\/2018\/08\/7e2ac8f1-dolar.jpg\" \/>\n\t<meta property=\"og:image:width\" content=\"1920\" \/>\n\t<meta property=\"og:image:height\" content=\"1357\" \/>\n\t<meta property=\"og:image:type\" content=\"image\/jpeg\" \/>\n<meta name=\"author\" content=\"Daniel Quandt\" \/>\n<meta name=\"twitter:card\" content=\"summary_large_image\" \/>\n<meta name=\"twitter:creator\" content=\"@sunoresearch\" \/>\n<meta name=\"twitter:site\" content=\"@sunoresearch\" \/>\n<meta name=\"twitter:label1\" content=\"Escrito por\" \/>\n\t<meta name=\"twitter:data1\" content=\"Daniel Quandt\" \/>\n\t<meta name=\"twitter:label2\" content=\"Est. tempo de leitura\" \/>\n\t<meta name=\"twitter:data2\" content=\"1 minuto\" \/>\n<script type=\"application\/ld+json\" class=\"yoast-schema-graph\">{\"@context\":\"https:\/\/schema.org\",\"@graph\":[{\"@type\":\"NewsArticle\",\"@id\":\"https:\/\/www.suno.com.br\/noticias\/banco-central-vai-vender-dolares-de-suas-reservas-internacionais-depois-de-alta-da-moeda\/#article\",\"isPartOf\":{\"@id\":\"https:\/\/www.suno.com.br\/noticias\/banco-central-vai-vender-dolares-de-suas-reservas-internacionais-depois-de-alta-da-moeda\/\"},\"author\":{\"name\":\"Daniel Quandt\",\"@id\":\"https:\/\/www.suno.com.br\/noticias\/#\/schema\/person\/eca2bab82984722db00d1e6facd8bb26\"},\"headline\":\"Banco Central vai vender d\u00f3lares de suas reservas internacionais depois de alta da moeda\",\"datePublished\":\"2018-08-29T13:56:21+00:00\",\"dateModified\":\"2018-08-29T14:05:21+00:00\",\"mainEntityOfPage\":{\"@id\":\"https:\/\/www.suno.com.br\/noticias\/banco-central-vai-vender-dolares-de-suas-reservas-internacionais-depois-de-alta-da-moeda\/\"},\"wordCount\":211,\"commentCount\":0,\"publisher\":{\"@id\":\"https:\/\/www.suno.com.br\/noticias\/#organization\"},\"image\":{\"@id\":\"https:\/\/www.suno.com.br\/noticias\/banco-central-vai-vender-dolares-de-suas-reservas-internacionais-depois-de-alta-da-moeda\/#primaryimage\"},\"thumbnailUrl\":\"https:\/\/files.sunoresearch.com.br\/n\/uploads\/2018\/08\/7e2ac8f1-dolar-jpg.webp\",\"keywords\":[\"d\u00f3lar\"],\"articleSection\":[\"Economia\"],\"inLanguage\":\"pt-BR\",\"potentialAction\":[{\"@type\":\"CommentAction\",\"name\":\"Comment\",\"target\":[\"https:\/\/www.suno.com.br\/noticias\/banco-central-vai-vender-dolares-de-suas-reservas-internacionais-depois-de-alta-da-moeda\/#respond\"]}]},{\"@type\":\"WebPage\",\"@id\":\"https:\/\/www.suno.com.br\/noticias\/banco-central-vai-vender-dolares-de-suas-reservas-internacionais-depois-de-alta-da-moeda\/\",\"url\":\"https:\/\/www.suno.com.br\/noticias\/banco-central-vai-vender-dolares-de-suas-reservas-internacionais-depois-de-alta-da-moeda\/\",\"name\":\"Banco Central vai vender d\u00f3lares de suas reservas internacionais depois de alta da moeda\",\"isPartOf\":{\"@id\":\"https:\/\/www.suno.com.br\/noticias\/#website\"},\"primaryImageOfPage\":{\"@id\":\"https:\/\/www.suno.com.br\/noticias\/banco-central-vai-vender-dolares-de-suas-reservas-internacionais-depois-de-alta-da-moeda\/#primaryimage\"},\"image\":{\"@id\":\"https:\/\/www.suno.com.br\/noticias\/banco-central-vai-vender-dolares-de-suas-reservas-internacionais-depois-de-alta-da-moeda\/#primaryimage\"},\"thumbnailUrl\":\"https:\/\/files.sunoresearch.com.br\/n\/uploads\/2018\/08\/7e2ac8f1-dolar-jpg.webp\",\"datePublished\":\"2018-08-29T13:56:21+00:00\",\"dateModified\":\"2018-08-29T14:05:21+00:00\",\"description\":\"Cota\u00e7\u00e3o no fechamento de ontem \u00e9 a segunda maior desde a implementa\u00e7\u00e3o do Plano Real. Leil\u00f5es ser\u00e3o na sexta-feira. Clique para saber mais.\",\"breadcrumb\":{\"@id\":\"https:\/\/www.suno.com.br\/noticias\/banco-central-vai-vender-dolares-de-suas-reservas-internacionais-depois-de-alta-da-moeda\/#breadcrumb\"},\"inLanguage\":\"pt-BR\",\"potentialAction\":[{\"@type\":\"ReadAction\",\"target\":[\"https:\/\/www.suno.com.br\/noticias\/banco-central-vai-vender-dolares-de-suas-reservas-internacionais-depois-de-alta-da-moeda\/\"]}]},{\"@type\":\"ImageObject\",\"inLanguage\":\"pt-BR\",\"@id\":\"https:\/\/www.suno.com.br\/noticias\/banco-central-vai-vender-dolares-de-suas-reservas-internacionais-depois-de-alta-da-moeda\/#primaryimage\",\"url\":\"https:\/\/files.sunoresearch.com.br\/n\/uploads\/2018\/08\/7e2ac8f1-dolar-jpg.webp\",\"contentUrl\":\"https:\/\/files.sunoresearch.com.br\/n\/uploads\/2018\/08\/7e2ac8f1-dolar-jpg.webp\",\"width\":1920,\"height\":1357,\"caption\":\"O d\u00f3lar caiu ap\u00f3s apresentar uma valoriza\u00e7\u00e3o de 1,095% no dia anterior\"},{\"@type\":\"BreadcrumbList\",\"@id\":\"https:\/\/www.suno.com.br\/noticias\/banco-central-vai-vender-dolares-de-suas-reservas-internacionais-depois-de-alta-da-moeda\/#breadcrumb\",\"itemListElement\":[{\"@type\":\"ListItem\",\"position\":1,\"name\":\"Not\u00edcias\",\"item\":\"https:\/\/www.suno.com.br\/noticias\/\"},{\"@type\":\"ListItem\",\"position\":2,\"name\":\"Economia\",\"item\":\"https:\/\/www.suno.com.br\/noticias\/economia\/\"},{\"@type\":\"ListItem\",\"position\":3,\"name\":\"Banco Central vai vender d\u00f3lares de suas reservas internacionais depois de alta da moeda\"}]},{\"@type\":\"WebSite\",\"@id\":\"https:\/\/www.suno.com.br\/noticias\/#website\",\"url\":\"https:\/\/www.suno.com.br\/noticias\/\",\"name\":\"Suno Not\u00edcias\",\"description\":\"Seu portal de informa\u00e7\u00e3o sobre o mundo dos investimentos\",\"publisher\":{\"@id\":\"https:\/\/www.suno.com.br\/noticias\/#organization\"},\"potentialAction\":[{\"@type\":\"SearchAction\",\"target\":{\"@type\":\"EntryPoint\",\"urlTemplate\":\"https:\/\/www.suno.com.br\/noticias\/?s={search_term_string}\"},\"query-input\":{\"@type\":\"PropertyValueSpecification\",\"valueRequired\":true,\"valueName\":\"search_term_string\"}}],\"inLanguage\":\"pt-BR\"},{\"@type\":\"Organization\",\"@id\":\"https:\/\/www.suno.com.br\/noticias\/#organization\",\"name\":\"Suno Not\u00edcias\",\"url\":\"https:\/\/www.suno.com.br\/noticias\/\",\"logo\":{\"@type\":\"ImageObject\",\"inLanguage\":\"pt-BR\",\"@id\":\"https:\/\/www.suno.com.br\/noticias\/#\/schema\/logo\/image\/\",\"url\":\"https:\/\/files.sunoresearch.com.br\/n\/uploads\/2021\/09\/suno-logo.png\",\"contentUrl\":\"https:\/\/files.sunoresearch.com.br\/n\/uploads\/2021\/09\/suno-logo.png\",\"width\":180,\"height\":180,\"caption\":\"Suno Not\u00edcias\"},\"image\":{\"@id\":\"https:\/\/www.suno.com.br\/noticias\/#\/schema\/logo\/image\/\"},\"sameAs\":[\"https:\/\/facebook.com\/sunoresearch\",\"https:\/\/x.com\/sunoresearch\",\"https:\/\/www.instagram.com\/suno\",\"https:\/\/www.linkedin.com\/company\/suno-research\/\",\"https:\/\/www.youtube.com\/c\/sunoresearch\"]},{\"@type\":\"Person\",\"@id\":\"https:\/\/www.suno.com.br\/noticias\/#\/schema\/person\/eca2bab82984722db00d1e6facd8bb26\",\"name\":\"Daniel Quandt\",\"image\":{\"@type\":\"ImageObject\",\"inLanguage\":\"pt-BR\",\"@id\":\"https:\/\/www.suno.com.br\/noticias\/#\/schema\/person\/image\/\",\"url\":\"https:\/\/secure.gravatar.com\/avatar\/5faf4378f9fbf4557a5836a88d66f99a?s=96&r=g\",\"contentUrl\":\"https:\/\/secure.gravatar.com\/avatar\/5faf4378f9fbf4557a5836a88d66f99a?s=96&r=g\",\"caption\":\"Daniel Quandt\"},\"description\":\"Aluno da Universidade de S\u00e3o Paulo, Daniel Quandt escreve sobre economia, mercado financeiro e pol\u00edtica no portal da Suno Research. J\u00e1 passou pela Ag\u00eancia USP de Inova\u00e7\u00e3o e pela startup de v\u00eddeo em blockchain Paratii, desenvolvendo seu conhecimento da aplica\u00e7\u00e3o de tecnologia de ponta ao mercado.\",\"sameAs\":[\"https:\/\/www.suno.com.br\/\",\"https:\/\/www.linkedin.com\/in\/daniel-quandt-a49985110\/\"],\"url\":\"https:\/\/www.suno.com.br\/noticias\/author\/daniel-quandt\/\"}]}<\/script>\n<!-- \/ Yoast SEO plugin. -->","yoast_head_json":{"title":"Banco Central vai vender d\u00f3lares de suas reservas internacionais depois de alta da moeda","description":"Cota\u00e7\u00e3o no fechamento de ontem \u00e9 a segunda maior desde a implementa\u00e7\u00e3o do Plano Real. Leil\u00f5es ser\u00e3o na sexta-feira. Clique para saber mais.","robots":{"index":"index","follow":"follow","max-snippet":"max-snippet:-1","max-image-preview":"max-image-preview:large","max-video-preview":"max-video-preview:-1"},"canonical":"https:\/\/www.suno.com.br\/noticias\/banco-central-vai-vender-dolares-de-suas-reservas-internacionais-depois-de-alta-da-moeda\/","og_locale":"pt_BR","og_type":"article","og_title":"Banco Central vai vender d\u00f3lares de suas reservas internacionais depois de alta da moeda","og_description":"Cota\u00e7\u00e3o no fechamento de ontem \u00e9 a segunda maior desde a implementa\u00e7\u00e3o do Plano Real. Leil\u00f5es ser\u00e3o na sexta-feira. Clique para saber mais.","og_url":"https:\/\/www.suno.com.br\/noticias\/banco-central-vai-vender-dolares-de-suas-reservas-internacionais-depois-de-alta-da-moeda\/","og_site_name":"Suno Not\u00edcias","article_publisher":"https:\/\/facebook.com\/sunoresearch","article_author":"https:\/\/www.linkedin.com\/in\/daniel-quandt-a49985110\/","og_image":[{"width":1920,"height":1357,"url":"https:\/\/files.sunoresearch.com.br\/n\/uploads\/2018\/08\/7e2ac8f1-dolar.jpg","type":"image\/jpeg"}],"author":"Daniel Quandt","twitter_card":"summary_large_image","twitter_creator":"@sunoresearch","twitter_site":"@sunoresearch","twitter_misc":{"Escrito por":"Daniel Quandt","Est. tempo de leitura":"1 minuto"},"schema":{"@context":"https:\/\/schema.org","@graph":[{"@type":"NewsArticle","@id":"https:\/\/www.suno.com.br\/noticias\/banco-central-vai-vender-dolares-de-suas-reservas-internacionais-depois-de-alta-da-moeda\/#article","isPartOf":{"@id":"https:\/\/www.suno.com.br\/noticias\/banco-central-vai-vender-dolares-de-suas-reservas-internacionais-depois-de-alta-da-moeda\/"},"author":{"name":"Daniel Quandt","@id":"https:\/\/www.suno.com.br\/noticias\/#\/schema\/person\/eca2bab82984722db00d1e6facd8bb26"},"headline":"Banco Central vai vender d\u00f3lares de suas reservas internacionais depois de alta da moeda","datePublished":"2018-08-29T13:56:21+00:00","dateModified":"2018-08-29T14:05:21+00:00","mainEntityOfPage":{"@id":"https:\/\/www.suno.com.br\/noticias\/banco-central-vai-vender-dolares-de-suas-reservas-internacionais-depois-de-alta-da-moeda\/"},"wordCount":211,"commentCount":0,"publisher":{"@id":"https:\/\/www.suno.com.br\/noticias\/#organization"},"image":{"@id":"https:\/\/www.suno.com.br\/noticias\/banco-central-vai-vender-dolares-de-suas-reservas-internacionais-depois-de-alta-da-moeda\/#primaryimage"},"thumbnailUrl":"https:\/\/files.sunoresearch.com.br\/n\/uploads\/2018\/08\/7e2ac8f1-dolar-jpg.webp","keywords":["d\u00f3lar"],"articleSection":["Economia"],"inLanguage":"pt-BR","potentialAction":[{"@type":"CommentAction","name":"Comment","target":["https:\/\/www.suno.com.br\/noticias\/banco-central-vai-vender-dolares-de-suas-reservas-internacionais-depois-de-alta-da-moeda\/#respond"]}]},{"@type":"WebPage","@id":"https:\/\/www.suno.com.br\/noticias\/banco-central-vai-vender-dolares-de-suas-reservas-internacionais-depois-de-alta-da-moeda\/","url":"https:\/\/www.suno.com.br\/noticias\/banco-central-vai-vender-dolares-de-suas-reservas-internacionais-depois-de-alta-da-moeda\/","name":"Banco Central vai vender d\u00f3lares de suas reservas internacionais depois de alta da moeda","isPartOf":{"@id":"https:\/\/www.suno.com.br\/noticias\/#website"},"primaryImageOfPage":{"@id":"https:\/\/www.suno.com.br\/noticias\/banco-central-vai-vender-dolares-de-suas-reservas-internacionais-depois-de-alta-da-moeda\/#primaryimage"},"image":{"@id":"https:\/\/www.suno.com.br\/noticias\/banco-central-vai-vender-dolares-de-suas-reservas-internacionais-depois-de-alta-da-moeda\/#primaryimage"},"thumbnailUrl":"https:\/\/files.sunoresearch.com.br\/n\/uploads\/2018\/08\/7e2ac8f1-dolar-jpg.webp","datePublished":"2018-08-29T13:56:21+00:00","dateModified":"2018-08-29T14:05:21+00:00","description":"Cota\u00e7\u00e3o no fechamento de ontem \u00e9 a segunda maior desde a implementa\u00e7\u00e3o do Plano Real. Leil\u00f5es ser\u00e3o na sexta-feira. Clique para saber mais.","breadcrumb":{"@id":"https:\/\/www.suno.com.br\/noticias\/banco-central-vai-vender-dolares-de-suas-reservas-internacionais-depois-de-alta-da-moeda\/#breadcrumb"},"inLanguage":"pt-BR","potentialAction":[{"@type":"ReadAction","target":["https:\/\/www.suno.com.br\/noticias\/banco-central-vai-vender-dolares-de-suas-reservas-internacionais-depois-de-alta-da-moeda\/"]}]},{"@type":"ImageObject","inLanguage":"pt-BR","@id":"https:\/\/www.suno.com.br\/noticias\/banco-central-vai-vender-dolares-de-suas-reservas-internacionais-depois-de-alta-da-moeda\/#primaryimage","url":"https:\/\/files.sunoresearch.com.br\/n\/uploads\/2018\/08\/7e2ac8f1-dolar-jpg.webp","contentUrl":"https:\/\/files.sunoresearch.com.br\/n\/uploads\/2018\/08\/7e2ac8f1-dolar-jpg.webp","width":1920,"height":1357,"caption":"O d\u00f3lar caiu ap\u00f3s apresentar uma valoriza\u00e7\u00e3o de 1,095% no dia anterior"},{"@type":"BreadcrumbList","@id":"https:\/\/www.suno.com.br\/noticias\/banco-central-vai-vender-dolares-de-suas-reservas-internacionais-depois-de-alta-da-moeda\/#breadcrumb","itemListElement":[{"@type":"ListItem","position":1,"name":"Not\u00edcias","item":"https:\/\/www.suno.com.br\/noticias\/"},{"@type":"ListItem","position":2,"name":"Economia","item":"https:\/\/www.suno.com.br\/noticias\/economia\/"},{"@type":"ListItem","position":3,"name":"Banco Central vai vender d\u00f3lares de suas reservas internacionais depois de alta da moeda"}]},{"@type":"WebSite","@id":"https:\/\/www.suno.com.br\/noticias\/#website","url":"https:\/\/www.suno.com.br\/noticias\/","name":"Suno Not\u00edcias","description":"Seu portal de informa\u00e7\u00e3o sobre o mundo dos investimentos","publisher":{"@id":"https:\/\/www.suno.com.br\/noticias\/#organization"},"potentialAction":[{"@type":"SearchAction","target":{"@type":"EntryPoint","urlTemplate":"https:\/\/www.suno.com.br\/noticias\/?s={search_term_string}"},"query-input":{"@type":"PropertyValueSpecification","valueRequired":true,"valueName":"search_term_string"}}],"inLanguage":"pt-BR"},{"@type":"Organization","@id":"https:\/\/www.suno.com.br\/noticias\/#organization","name":"Suno Not\u00edcias","url":"https:\/\/www.suno.com.br\/noticias\/","logo":{"@type":"ImageObject","inLanguage":"pt-BR","@id":"https:\/\/www.suno.com.br\/noticias\/#\/schema\/logo\/image\/","url":"https:\/\/files.sunoresearch.com.br\/n\/uploads\/2021\/09\/suno-logo.png","contentUrl":"https:\/\/files.sunoresearch.com.br\/n\/uploads\/2021\/09\/suno-logo.png","width":180,"height":180,"caption":"Suno Not\u00edcias"},"image":{"@id":"https:\/\/www.suno.com.br\/noticias\/#\/schema\/logo\/image\/"},"sameAs":["https:\/\/facebook.com\/sunoresearch","https:\/\/x.com\/sunoresearch","https:\/\/www.instagram.com\/suno","https:\/\/www.linkedin.com\/company\/suno-research\/","https:\/\/www.youtube.com\/c\/sunoresearch"]},{"@type":"Person","@id":"https:\/\/www.suno.com.br\/noticias\/#\/schema\/person\/eca2bab82984722db00d1e6facd8bb26","name":"Daniel Quandt","image":{"@type":"ImageObject","inLanguage":"pt-BR","@id":"https:\/\/www.suno.com.br\/noticias\/#\/schema\/person\/image\/","url":"https:\/\/secure.gravatar.com\/avatar\/5faf4378f9fbf4557a5836a88d66f99a?s=96&r=g","contentUrl":"https:\/\/secure.gravatar.com\/avatar\/5faf4378f9fbf4557a5836a88d66f99a?s=96&r=g","caption":"Daniel Quandt"},"description":"Aluno da Universidade de S\u00e3o Paulo, Daniel Quandt escreve sobre economia, mercado financeiro e pol\u00edtica no portal da Suno Research. J\u00e1 passou pela Ag\u00eancia USP de Inova\u00e7\u00e3o e pela startup de v\u00eddeo em blockchain Paratii, desenvolvendo seu conhecimento da aplica\u00e7\u00e3o de tecnologia de ponta ao mercado.","sameAs":["https:\/\/www.suno.com.br\/","https:\/\/www.linkedin.com\/in\/daniel-quandt-a49985110\/"],"url":"https:\/\/www.suno.com.br\/noticias\/author\/daniel-quandt\/"}]}},"default_loop_html":"<div class=\"cardsPage__listCard__boxs\"><div class=\"cardsPage__listCard__boxs__img\"><a href=\"https:\/\/www.suno.com.br\/noticias\/banco-central-vai-vender-dolares-de-suas-reservas-internacionais-depois-de-alta-da-moeda\/\"><img class=\"mask\" src=\"https:\/\/www.suno.com.br\/noticias\/wp-content\/themes\/suno\/resources\/images\/spotlight\/spotlight1img\/bg-mask.png\" alt=\"Image Mask\"\/><img src=\"https:\/\/files.sunoresearch.com.br\/n\/uploads\/2018\/08\/7e2ac8f1-dolar-400x200.webp\" alt=\"Banco Central vai vender d\u00f3lares de suas reservas internacionais depois de alta da moeda\"\/><\/a><span class=\"spotlightCategory\"><a href=\"https:\/\/www.suno.com.br\/noticias\/economia\/\">Economia<\/a><\/span><\/div><div class=\"cardsPage__listCard__boxs__content\"><a href=\"https:\/\/www.suno.com.br\/noticias\/banco-central-vai-vender-dolares-de-suas-reservas-internacionais-depois-de-alta-da-moeda\/\"><h2 class=\"content__title\">Banco Central vai vender d\u00f3lares de suas reservas internacionais depois de alta da moeda<\/h2><\/a><div class=\"newsContent__article__meta\"><div class=\"newsContent__article__meta__authorBox\"><a href=\"https:\/\/www.suno.com.br\/noticias\/author\/daniel-quandt\/\" class=\"authorBox__avatar noMobi\"><img src=\"https:\/\/secure.gravatar.com\/avatar\/5faf4378f9fbf4557a5836a88d66f99a?s=96&#038;r=g\" alt=\"Daniel Quandt\"><\/a><div class=\"authorBox__name\"><span>por\n\t\t\t<a href=\"https:\/\/www.suno.com.br\/noticias\/author\/daniel-quandt\/\"><span itemprop=\"author\">Daniel Quandt<\/span><\/a><\/span><time datetime=\"2018-08-29T10:56:21-03:00\" itemprop=\"datePublished\">29\/08\/2018 10:56<\/time><\/div><\/div><\/div><\/div><\/div>","single_layout":"posts","amp_enabled":true,"_links":{"self":[{"href":"https:\/\/www.suno.com.br\/noticias\/wp-json\/wp\/v2\/posts\/2934"}],"collection":[{"href":"https:\/\/www.suno.com.br\/noticias\/wp-json\/wp\/v2\/posts"}],"about":[{"href":"https:\/\/www.suno.com.br\/noticias\/wp-json\/wp\/v2\/types\/post"}],"author":[{"embeddable":true,"href":"https:\/\/www.suno.com.br\/noticias\/wp-json\/wp\/v2\/users\/5"}],"replies":[{"embeddable":true,"href":"https:\/\/www.suno.com.br\/noticias\/wp-json\/wp\/v2\/comments?post=2934"}],"version-history":[{"count":0,"href":"https:\/\/www.suno.com.br\/noticias\/wp-json\/wp\/v2\/posts\/2934\/revisions"}],"wp:featuredmedia":[{"embeddable":true,"href":"https:\/\/www.suno.com.br\/noticias\/wp-json\/wp\/v2\/media\/2935"}],"wp:attachment":[{"href":"https:\/\/www.suno.com.br\/noticias\/wp-json\/wp\/v2\/media?parent=2934"}],"wp:term":[{"taxonomy":"category","embeddable":true,"href":"https:\/\/www.suno.com.br\/noticias\/wp-json\/wp\/v2\/categories?post=2934"},{"taxonomy":"post_tag","embeddable":true,"href":"https:\/\/www.suno.com.br\/noticias\/wp-json\/wp\/v2\/tags?post=2934"},{"taxonomy":"suno_strategy","embeddable":true,"href":"https:\/\/www.suno.com.br\/noticias\/wp-json\/wp\/v2\/suno_strategy?post=2934"}],"curies":[{"name":"wp","href":"https:\/\/api.w.org\/{rel}","templated":true}]}}