{"id":293395,"date":"2022-09-03T11:01:33","date_gmt":"2022-09-03T14:01:33","guid":{"rendered":"https:\/\/www.suno.com.br\/noticias\/?p=293395"},"modified":"2022-09-03T11:01:33","modified_gmt":"2022-09-03T14:01:33","slug":"orcamento-defesa-verbas-investimentos","status":"publish","type":"post","link":"https:\/\/www.suno.com.br\/noticias\/orcamento-defesa-verbas-investimentos\/","title":{"rendered":"Or\u00e7amento: Defesa lidera verbas para investimentos"},"content":{"rendered":"<p>O Minist\u00e9rio da Defesa, respons\u00e1vel pela gest\u00e3o das For\u00e7as Armadas do Brasil, ficou com a maior fatia dos investimentos previstos no Or\u00e7amento de 2023: R$ 7,4 bilh\u00f5es, de um total de R$ 22,4 bilh\u00f5es.<\/p>\t<div class=\"wrapper-featured-image\">\n\t\t<figure class=\"spotlightImg\">\n\n\t\t\t<picture>\n\t\t\t\t<source media=\"(max-width: 768px)\" srcset=\"https:\/\/files.sunoresearch.com.br\/n\/uploads\/2021\/03\/000a1d82-ballots-1195050_1280-400x200.webp\">\n\t\t\t\t<img loading=\"lazy\" decoding=\"async\" class=\"newsContent__article__imgCapa lazyloadDisabled \" src=\"https:\/\/files.sunoresearch.com.br\/n\/uploads\/2021\/03\/000a1d82-ballots-1195050_1280-800x450.webp\" width=\"800\" height=\"450\" alt=\"Or\u00e7amento: Defesa lidera verbas para investimentos\" fetchpriority=high \/>\n\t\t\t<\/picture>\n\n\t\t\t<figcaption class=\"wp-caption-text wp-caption-text--show\">Os 10 maiores bilion\u00e1rios brasileiros da Forbes<\/figcaption>\n\t\t<\/figure>\n\t<\/div>\n\n\n\t<p>\n\t\t<a href=\"\" target=\"_blank\" data-element=\"shortcode-suno-banner\" title=\"Banner SUNO, clique e saiba mais\">\n\t\t\t<picture>\n\t\t\t\t<source media=\"(max-width: 500px)\" srcset=\"\">\n\t\t\t\t<img class=\"newsContent__article__imgCapa newsContent__article__imgCapa--banner\"\n\t\t\t\t\tsrc=\"\"\n\t\t\t\t\tdata-promo-id=\"240038\"\t\t\t\t\t\t\t\t\t\t\t\t\t\t\talt=\"\"\n\t\t\t\t>\n\t\t\t<\/picture>\n\t\t<\/a>\n\t<\/p>\n\n\n<p>J\u00e1 a sa\u00fade ficou com R$ 1,5 bilh\u00e3o, educa\u00e7\u00e3o, R$ 1,7 bilh\u00e3o, e <strong>infraestrutura<\/strong>, R$ 4,7 bilh\u00f5es.<\/p>\n<p>O valor total reservado a novos<strong> investimentos<\/strong> no pr\u00f3ximo ano \u00e9 o menor da hist\u00f3ria. Ele vem caindo ano a ano, mas no caso de 2023 a Defesa perdeu proporcionalmente menos em compara\u00e7\u00e3o ao corte geral.<\/p>\n<p>As emendas parlamentares costumam aumentar os recursos para atender a projetos de interesse dos congressistas, mas n\u00e3o t\u00eam sido suficientes para conter a queda. Em 2021, o projeto do <strong>Executivo<\/strong> mais as emendas levaram os investimentos a R$ 49 bilh\u00f5es, mas s\u00f3 R$ 16,9 bilh\u00f5es foram efetivamente realizados no mesmo ano.<\/p>\n<p>Considerando o custeio dos \u00f3rg\u00e3os p\u00fablicos e os investimentos, o Minist\u00e9rio da Mulher, Fam\u00edlia e Direitos Humanos ficou com o menor valor: a pasta ter\u00e1 R$ 327,9 milh\u00f5es em 2023 para todas as a\u00e7\u00f5es, incluindo sal\u00e1rios, manuten\u00e7\u00e3o das unidades vinculadas ao minist\u00e9rio e a\u00e7\u00f5es de prote\u00e7\u00e3o \u00e0 mulher, \u00e0 crian\u00e7a e ao idoso.<\/p>\n\t<p>\n\t\t<a href=\"https:\/\/lp.suno.com.br\/planilha-controle-gastos\/\" target=\"_blank\" data-element=\"shortcode-suno-banner\" title=\"Banner SUNO, clique e saiba mais\">\n\t\t\t<picture>\n\t\t\t\t<source media=\"(max-width: 500px)\" srcset=\"https:\/\/files.sunoresearch.com.br\/n\/uploads\/2023\/03\/400x300-Planilha-controle-de-gastos.png\">\n\t\t\t\t<img class=\"newsContent__article__imgCapa newsContent__article__imgCapa--banner\"\n\t\t\t\t\tsrc=\"https:\/\/files.sunoresearch.com.br\/n\/uploads\/2023\/03\/1420x240-Planilha-controle-de-gastos.png\"\n\t\t\t\t\tdata-promo-id=\"101751\"\t\t\t\t\t\t\t\t\t\twidth='1420' height='240'\t\t\t\t\talt=\"https:\/\/files.sunoresearch.com.br\/n\/uploads\/2023\/03\/1420x240-Planilha-controle-de-gastos.png\"\n\t\t\t\t>\n\t\t\t<\/picture>\n\t\t<\/a>\n\t<\/p>\n\n\n<p>J\u00e1 o <strong>Minist\u00e9rio do Trabalho e Previd\u00eancia<\/strong>, respons\u00e1vel pelo pagamento de aposentadorias, ter\u00e1 o maior or\u00e7amento (R$ 974 bilh\u00f5es), mas a fatia que representa as despesas de custeio e investimentos n\u00e3o obrigat\u00f3rias soma R$ 2,5 bilh\u00f5es &#8211; menos de 1% do total.<\/p>\n<p>Ao observar o detalhamento das despesas, \u00e9 poss\u00edvel identificar as prioridades da administra\u00e7\u00e3o federal na hora de distribuir os recursos que n\u00e3o t\u00eam destina\u00e7\u00e3o espec\u00edfica. O Executivo reservou R$ 1,4 bilh\u00e3o para a compra de ca\u00e7as da Aeron\u00e1utica, enquanto os investimentos em saneamento b\u00e1sico ficaram com R$ 16 milh\u00f5es.<\/p>\n<p>As informa\u00e7\u00f5es s\u00e3o do jornal <b>O Estado de S. Paulo.<\/b><\/p>\n<h2 class=\"newsContent__article__title\">Or\u00e7amento 2023: governo prev\u00ea <a class=\"suno-keyword\" href=\"https:\/\/www.suno.com.br\/artigos\/salario-minimo\/\" target=\"_blank\" rel=\"noopener\" data-force=\"no\" data-priority=\"3\">sal\u00e1rio m\u00ednimo<\/a> de R$ 1.302<\/h2>\n<div class=\"newsContent__article__meta\">\n<div>\n<p>O governo divulgou nesta quarta-feira (31) que prev\u00ea o\u00a0sal\u00e1rio m\u00ednimo\u00a0em R$ 1.302,00 em 2023, de acordo com o <strong>Projeto de Lei Or\u00e7ament\u00e1ria Anual (PLOA)<\/strong>, do Or\u00e7amento, de 2023.<\/p>\n<p>Na\u00a0Lei de Diretrizes Or\u00e7ament\u00e1rias (LDO)\u00a0enviada ao\u00a0Congresso\u00a0em abril, a estimativa para o m\u00ednimo do pr\u00f3ximo ano era de R$ 1.294,00.<\/p>\n<p>A corre\u00e7\u00e3o do sal\u00e1rio m\u00ednimo prevista no PLOA 2023 considera apenas a infla\u00e7\u00e3o projetada pelo \u00cdndice Nacional de Pre\u00e7os ao Consumidor (INPC) estimada para 2022. Ou seja, mais uma vez os trabalhadores, aposentados e pensionistas que recebem o m\u00ednimo n\u00e3o ter\u00e3o ganho real nos sal\u00e1rios.<\/p>\n<p>A estimativa da equipe econ\u00f4mica para alta da massa salarial nominal \u00e9 de 10,3% em 2023.<\/p>\n<\/div>\n<\/div>\n\t<p>\n\t\t<a href=\"https:\/\/lp.suno.com.br\/planilha-da-vida-financeira\/\" target=\"_blank\" data-element=\"shortcode-suno-banner\" title=\"Banner SUNO, clique e saiba mais\">\n\t\t\t<picture>\n\t\t\t\t<source media=\"(max-width: 500px)\" srcset=\"https:\/\/files.sunoresearch.com.br\/n\/uploads\/2023\/04\/400x300-Planilha-vida-financeira-true.png\">\n\t\t\t\t<img class=\"newsContent__article__imgCapa newsContent__article__imgCapa--banner\"\n\t\t\t\t\tsrc=\"https:\/\/files.sunoresearch.com.br\/n\/uploads\/2023\/04\/1420x240-Planilha-vida-financeira-true.png\"\n\t\t\t\t\tdata-promo-id=\"106682\"\t\t\t\t\t\t\t\t\t\twidth='1420' height='240'\t\t\t\t\talt=\"https:\/\/files.sunoresearch.com.br\/n\/uploads\/2023\/04\/1420x240-Planilha-vida-financeira-true.png\"\n\t\t\t\t>\n\t\t\t<\/picture>\n\t\t<\/a>\n\t<\/p>\n\n\n<p><em>(Com informa\u00e7\u00f5es do Estad\u00e3o Conte\u00fado)<\/em><\/p>\n","protected":false},"excerpt":{"rendered":"<p>O Minist\u00e9rio da Defesa, respons\u00e1vel pela gest\u00e3o das For\u00e7as Armadas do Brasil, ficou com a maior fatia dos investimentos previstos no Or\u00e7amento de 2023: R$ 7,4 bilh\u00f5es, de um total de R$ 22,4 bilh\u00f5es. Os 10 maiores bilion\u00e1rios brasileiros da Forbes J\u00e1 a sa\u00fade ficou com R$ 1,5 bilh\u00e3o, educa\u00e7\u00e3o, R$ 1,7 bilh\u00e3o, e infraestrutura, [&hellip;]<\/p>\n","protected":false},"author":195,"featured_media":135061,"comment_status":"closed","ping_status":"closed","sticky":false,"template":"","format":"standard","meta":[],"categories":[62],"tags":[1128],"suno_strategy":[],"class_list":["post-293395","post","type-post","status-publish","format-standard","has-post-thumbnail","hentry","category-economia","tag-orcamento-publico"],"yoast_head":"<!-- This site is optimized with the Yoast SEO plugin v24.4 - https:\/\/yoast.com\/wordpress\/plugins\/seo\/ -->\n<title>Or\u00e7amento: Defesa lidera verbas para investimentos<\/title>\n<meta name=\"description\" content=\"O Minist\u00e9rio da Defesa, respons\u00e1vel pela gest\u00e3o das For\u00e7as Armadas, ficou com maior fatia de investimentos previstos no Or\u00e7amento: R$ 7,4 bi.\" \/>\n<meta name=\"robots\" content=\"index, follow, max-snippet:-1, max-image-preview:large, max-video-preview:-1\" \/>\n<link rel=\"canonical\" href=\"https:\/\/www.suno.com.br\/noticias\/orcamento-defesa-verbas-investimentos\/\" \/>\n<meta property=\"og:locale\" content=\"pt_BR\" \/>\n<meta property=\"og:type\" content=\"article\" \/>\n<meta property=\"og:title\" content=\"Or\u00e7amento: Defesa lidera verbas para investimentos\" \/>\n<meta property=\"og:description\" content=\"O Minist\u00e9rio da Defesa, respons\u00e1vel pela gest\u00e3o das For\u00e7as Armadas, ficou com maior fatia de investimentos previstos no Or\u00e7amento: R$ 7,4 bi.\" \/>\n<meta property=\"og:url\" content=\"https:\/\/www.suno.com.br\/noticias\/orcamento-defesa-verbas-investimentos\/\" \/>\n<meta property=\"og:site_name\" content=\"Suno Not\u00edcias\" \/>\n<meta property=\"article:publisher\" content=\"https:\/\/facebook.com\/sunoresearch\" \/>\n<meta property=\"og:image\" content=\"https:\/\/files.sunoresearch.com.br\/n\/uploads\/2021\/03\/000a1d82-ballots-1195050_1280.jpg\" \/>\n\t<meta property=\"og:image:width\" content=\"1280\" \/>\n\t<meta property=\"og:image:height\" content=\"853\" \/>\n\t<meta property=\"og:image:type\" content=\"image\/jpeg\" \/>\n<meta name=\"author\" content=\"Ana Clara Macedo\" \/>\n<meta name=\"twitter:card\" content=\"summary_large_image\" \/>\n<meta name=\"twitter:creator\" content=\"@sunoresearch\" \/>\n<meta name=\"twitter:site\" content=\"@sunoresearch\" \/>\n<meta name=\"twitter:label1\" content=\"Escrito por\" \/>\n\t<meta name=\"twitter:data1\" content=\"Ana Clara Macedo\" \/>\n\t<meta name=\"twitter:label2\" content=\"Est. tempo de leitura\" \/>\n\t<meta name=\"twitter:data2\" content=\"3 minutos\" \/>\n<script type=\"application\/ld+json\" class=\"yoast-schema-graph\">{\"@context\":\"https:\/\/schema.org\",\"@graph\":[{\"@type\":\"NewsArticle\",\"@id\":\"https:\/\/www.suno.com.br\/noticias\/orcamento-defesa-verbas-investimentos\/#article\",\"isPartOf\":{\"@id\":\"https:\/\/www.suno.com.br\/noticias\/orcamento-defesa-verbas-investimentos\/\"},\"author\":{\"name\":\"Ana Clara Macedo\",\"@id\":\"https:\/\/www.suno.com.br\/noticias\/#\/schema\/person\/a70f3c52ef8c814d62ed63b30bb30176\"},\"headline\":\"Or\u00e7amento: Defesa lidera verbas para investimentos\",\"datePublished\":\"2022-09-03T14:01:33+00:00\",\"mainEntityOfPage\":{\"@id\":\"https:\/\/www.suno.com.br\/noticias\/orcamento-defesa-verbas-investimentos\/\"},\"wordCount\":480,\"publisher\":{\"@id\":\"https:\/\/www.suno.com.br\/noticias\/#organization\"},\"image\":{\"@id\":\"https:\/\/www.suno.com.br\/noticias\/orcamento-defesa-verbas-investimentos\/#primaryimage\"},\"thumbnailUrl\":\"https:\/\/files.sunoresearch.com.br\/n\/uploads\/2021\/03\/000a1d82-ballots-1195050_1280-jpg.webp\",\"keywords\":[\"Or\u00e7amento P\u00fablico\"],\"articleSection\":[\"Economia\"],\"inLanguage\":\"pt-BR\"},{\"@type\":\"WebPage\",\"@id\":\"https:\/\/www.suno.com.br\/noticias\/orcamento-defesa-verbas-investimentos\/\",\"url\":\"https:\/\/www.suno.com.br\/noticias\/orcamento-defesa-verbas-investimentos\/\",\"name\":\"Or\u00e7amento: Defesa lidera verbas para investimentos\",\"isPartOf\":{\"@id\":\"https:\/\/www.suno.com.br\/noticias\/#website\"},\"primaryImageOfPage\":{\"@id\":\"https:\/\/www.suno.com.br\/noticias\/orcamento-defesa-verbas-investimentos\/#primaryimage\"},\"image\":{\"@id\":\"https:\/\/www.suno.com.br\/noticias\/orcamento-defesa-verbas-investimentos\/#primaryimage\"},\"thumbnailUrl\":\"https:\/\/files.sunoresearch.com.br\/n\/uploads\/2021\/03\/000a1d82-ballots-1195050_1280-jpg.webp\",\"datePublished\":\"2022-09-03T14:01:33+00:00\",\"description\":\"O Minist\u00e9rio da Defesa, respons\u00e1vel pela gest\u00e3o das For\u00e7as Armadas, ficou com maior fatia de investimentos previstos no Or\u00e7amento: R$ 7,4 bi.\",\"breadcrumb\":{\"@id\":\"https:\/\/www.suno.com.br\/noticias\/orcamento-defesa-verbas-investimentos\/#breadcrumb\"},\"inLanguage\":\"pt-BR\",\"potentialAction\":[{\"@type\":\"ReadAction\",\"target\":[\"https:\/\/www.suno.com.br\/noticias\/orcamento-defesa-verbas-investimentos\/\"]}]},{\"@type\":\"ImageObject\",\"inLanguage\":\"pt-BR\",\"@id\":\"https:\/\/www.suno.com.br\/noticias\/orcamento-defesa-verbas-investimentos\/#primaryimage\",\"url\":\"https:\/\/files.sunoresearch.com.br\/n\/uploads\/2021\/03\/000a1d82-ballots-1195050_1280-jpg.webp\",\"contentUrl\":\"https:\/\/files.sunoresearch.com.br\/n\/uploads\/2021\/03\/000a1d82-ballots-1195050_1280-jpg.webp\",\"width\":1280,\"height\":853,\"caption\":\"Os 10 maiores bilion\u00e1rios brasileiros da Forbes\"},{\"@type\":\"BreadcrumbList\",\"@id\":\"https:\/\/www.suno.com.br\/noticias\/orcamento-defesa-verbas-investimentos\/#breadcrumb\",\"itemListElement\":[{\"@type\":\"ListItem\",\"position\":1,\"name\":\"Not\u00edcias\",\"item\":\"https:\/\/www.suno.com.br\/noticias\/\"},{\"@type\":\"ListItem\",\"position\":2,\"name\":\"Economia\",\"item\":\"https:\/\/www.suno.com.br\/noticias\/economia\/\"},{\"@type\":\"ListItem\",\"position\":3,\"name\":\"Or\u00e7amento: Defesa lidera verbas para investimentos\"}]},{\"@type\":\"WebSite\",\"@id\":\"https:\/\/www.suno.com.br\/noticias\/#website\",\"url\":\"https:\/\/www.suno.com.br\/noticias\/\",\"name\":\"Suno Not\u00edcias\",\"description\":\"Seu portal de informa\u00e7\u00e3o sobre o mundo dos investimentos\",\"publisher\":{\"@id\":\"https:\/\/www.suno.com.br\/noticias\/#organization\"},\"potentialAction\":[{\"@type\":\"SearchAction\",\"target\":{\"@type\":\"EntryPoint\",\"urlTemplate\":\"https:\/\/www.suno.com.br\/noticias\/?s={search_term_string}\"},\"query-input\":{\"@type\":\"PropertyValueSpecification\",\"valueRequired\":true,\"valueName\":\"search_term_string\"}}],\"inLanguage\":\"pt-BR\"},{\"@type\":\"Organization\",\"@id\":\"https:\/\/www.suno.com.br\/noticias\/#organization\",\"name\":\"Suno Not\u00edcias\",\"url\":\"https:\/\/www.suno.com.br\/noticias\/\",\"logo\":{\"@type\":\"ImageObject\",\"inLanguage\":\"pt-BR\",\"@id\":\"https:\/\/www.suno.com.br\/noticias\/#\/schema\/logo\/image\/\",\"url\":\"https:\/\/files.sunoresearch.com.br\/n\/uploads\/2021\/09\/suno-logo.png\",\"contentUrl\":\"https:\/\/files.sunoresearch.com.br\/n\/uploads\/2021\/09\/suno-logo.png\",\"width\":180,\"height\":180,\"caption\":\"Suno Not\u00edcias\"},\"image\":{\"@id\":\"https:\/\/www.suno.com.br\/noticias\/#\/schema\/logo\/image\/\"},\"sameAs\":[\"https:\/\/facebook.com\/sunoresearch\",\"https:\/\/x.com\/sunoresearch\",\"https:\/\/www.instagram.com\/suno\",\"https:\/\/www.linkedin.com\/company\/suno-research\/\",\"https:\/\/www.youtube.com\/c\/sunoresearch\"]},{\"@type\":\"Person\",\"@id\":\"https:\/\/www.suno.com.br\/noticias\/#\/schema\/person\/a70f3c52ef8c814d62ed63b30bb30176\",\"name\":\"Ana Clara Macedo\",\"image\":{\"@type\":\"ImageObject\",\"inLanguage\":\"pt-BR\",\"@id\":\"https:\/\/www.suno.com.br\/noticias\/#\/schema\/person\/image\/\",\"url\":\"https:\/\/secure.gravatar.com\/avatar\/40810da86786bd5619f8cd594b0f44ef?s=96&r=g\",\"contentUrl\":\"https:\/\/secure.gravatar.com\/avatar\/40810da86786bd5619f8cd594b0f44ef?s=96&r=g\",\"caption\":\"Ana Clara Macedo\"},\"description\":\"Rep\u00f3rter no Suno Not\u00edcias, cobrindo acontecimentos sobre neg\u00f3cios, mercado financeiro e economia. Anteriormente trabalhou como Rep\u00f3rter no Mercado News e produziu relat\u00f3rios e artigos sobre empresas de capital aberto.\",\"url\":\"https:\/\/www.suno.com.br\/noticias\/author\/ana-clara-macedo\/\"}]}<\/script>\n<!-- \/ Yoast SEO plugin. -->","yoast_head_json":{"title":"Or\u00e7amento: Defesa lidera verbas para investimentos","description":"O Minist\u00e9rio da Defesa, respons\u00e1vel pela gest\u00e3o das For\u00e7as Armadas, ficou com maior fatia de investimentos previstos no Or\u00e7amento: R$ 7,4 bi.","robots":{"index":"index","follow":"follow","max-snippet":"max-snippet:-1","max-image-preview":"max-image-preview:large","max-video-preview":"max-video-preview:-1"},"canonical":"https:\/\/www.suno.com.br\/noticias\/orcamento-defesa-verbas-investimentos\/","og_locale":"pt_BR","og_type":"article","og_title":"Or\u00e7amento: Defesa lidera verbas para investimentos","og_description":"O Minist\u00e9rio da Defesa, respons\u00e1vel pela gest\u00e3o das For\u00e7as Armadas, ficou com maior fatia de investimentos previstos no Or\u00e7amento: R$ 7,4 bi.","og_url":"https:\/\/www.suno.com.br\/noticias\/orcamento-defesa-verbas-investimentos\/","og_site_name":"Suno Not\u00edcias","article_publisher":"https:\/\/facebook.com\/sunoresearch","og_image":[{"width":1280,"height":853,"url":"https:\/\/files.sunoresearch.com.br\/n\/uploads\/2021\/03\/000a1d82-ballots-1195050_1280.jpg","type":"image\/jpeg"}],"author":"Ana Clara Macedo","twitter_card":"summary_large_image","twitter_creator":"@sunoresearch","twitter_site":"@sunoresearch","twitter_misc":{"Escrito por":"Ana Clara Macedo","Est. tempo de leitura":"3 minutos"},"schema":{"@context":"https:\/\/schema.org","@graph":[{"@type":"NewsArticle","@id":"https:\/\/www.suno.com.br\/noticias\/orcamento-defesa-verbas-investimentos\/#article","isPartOf":{"@id":"https:\/\/www.suno.com.br\/noticias\/orcamento-defesa-verbas-investimentos\/"},"author":{"name":"Ana Clara Macedo","@id":"https:\/\/www.suno.com.br\/noticias\/#\/schema\/person\/a70f3c52ef8c814d62ed63b30bb30176"},"headline":"Or\u00e7amento: Defesa lidera verbas para investimentos","datePublished":"2022-09-03T14:01:33+00:00","mainEntityOfPage":{"@id":"https:\/\/www.suno.com.br\/noticias\/orcamento-defesa-verbas-investimentos\/"},"wordCount":480,"publisher":{"@id":"https:\/\/www.suno.com.br\/noticias\/#organization"},"image":{"@id":"https:\/\/www.suno.com.br\/noticias\/orcamento-defesa-verbas-investimentos\/#primaryimage"},"thumbnailUrl":"https:\/\/files.sunoresearch.com.br\/n\/uploads\/2021\/03\/000a1d82-ballots-1195050_1280-jpg.webp","keywords":["Or\u00e7amento P\u00fablico"],"articleSection":["Economia"],"inLanguage":"pt-BR"},{"@type":"WebPage","@id":"https:\/\/www.suno.com.br\/noticias\/orcamento-defesa-verbas-investimentos\/","url":"https:\/\/www.suno.com.br\/noticias\/orcamento-defesa-verbas-investimentos\/","name":"Or\u00e7amento: Defesa lidera verbas para investimentos","isPartOf":{"@id":"https:\/\/www.suno.com.br\/noticias\/#website"},"primaryImageOfPage":{"@id":"https:\/\/www.suno.com.br\/noticias\/orcamento-defesa-verbas-investimentos\/#primaryimage"},"image":{"@id":"https:\/\/www.suno.com.br\/noticias\/orcamento-defesa-verbas-investimentos\/#primaryimage"},"thumbnailUrl":"https:\/\/files.sunoresearch.com.br\/n\/uploads\/2021\/03\/000a1d82-ballots-1195050_1280-jpg.webp","datePublished":"2022-09-03T14:01:33+00:00","description":"O Minist\u00e9rio da Defesa, respons\u00e1vel pela gest\u00e3o das For\u00e7as Armadas, ficou com maior fatia de investimentos previstos no Or\u00e7amento: R$ 7,4 bi.","breadcrumb":{"@id":"https:\/\/www.suno.com.br\/noticias\/orcamento-defesa-verbas-investimentos\/#breadcrumb"},"inLanguage":"pt-BR","potentialAction":[{"@type":"ReadAction","target":["https:\/\/www.suno.com.br\/noticias\/orcamento-defesa-verbas-investimentos\/"]}]},{"@type":"ImageObject","inLanguage":"pt-BR","@id":"https:\/\/www.suno.com.br\/noticias\/orcamento-defesa-verbas-investimentos\/#primaryimage","url":"https:\/\/files.sunoresearch.com.br\/n\/uploads\/2021\/03\/000a1d82-ballots-1195050_1280-jpg.webp","contentUrl":"https:\/\/files.sunoresearch.com.br\/n\/uploads\/2021\/03\/000a1d82-ballots-1195050_1280-jpg.webp","width":1280,"height":853,"caption":"Os 10 maiores bilion\u00e1rios brasileiros da Forbes"},{"@type":"BreadcrumbList","@id":"https:\/\/www.suno.com.br\/noticias\/orcamento-defesa-verbas-investimentos\/#breadcrumb","itemListElement":[{"@type":"ListItem","position":1,"name":"Not\u00edcias","item":"https:\/\/www.suno.com.br\/noticias\/"},{"@type":"ListItem","position":2,"name":"Economia","item":"https:\/\/www.suno.com.br\/noticias\/economia\/"},{"@type":"ListItem","position":3,"name":"Or\u00e7amento: Defesa lidera verbas para investimentos"}]},{"@type":"WebSite","@id":"https:\/\/www.suno.com.br\/noticias\/#website","url":"https:\/\/www.suno.com.br\/noticias\/","name":"Suno Not\u00edcias","description":"Seu portal de informa\u00e7\u00e3o sobre o mundo dos investimentos","publisher":{"@id":"https:\/\/www.suno.com.br\/noticias\/#organization"},"potentialAction":[{"@type":"SearchAction","target":{"@type":"EntryPoint","urlTemplate":"https:\/\/www.suno.com.br\/noticias\/?s={search_term_string}"},"query-input":{"@type":"PropertyValueSpecification","valueRequired":true,"valueName":"search_term_string"}}],"inLanguage":"pt-BR"},{"@type":"Organization","@id":"https:\/\/www.suno.com.br\/noticias\/#organization","name":"Suno Not\u00edcias","url":"https:\/\/www.suno.com.br\/noticias\/","logo":{"@type":"ImageObject","inLanguage":"pt-BR","@id":"https:\/\/www.suno.com.br\/noticias\/#\/schema\/logo\/image\/","url":"https:\/\/files.sunoresearch.com.br\/n\/uploads\/2021\/09\/suno-logo.png","contentUrl":"https:\/\/files.sunoresearch.com.br\/n\/uploads\/2021\/09\/suno-logo.png","width":180,"height":180,"caption":"Suno Not\u00edcias"},"image":{"@id":"https:\/\/www.suno.com.br\/noticias\/#\/schema\/logo\/image\/"},"sameAs":["https:\/\/facebook.com\/sunoresearch","https:\/\/x.com\/sunoresearch","https:\/\/www.instagram.com\/suno","https:\/\/www.linkedin.com\/company\/suno-research\/","https:\/\/www.youtube.com\/c\/sunoresearch"]},{"@type":"Person","@id":"https:\/\/www.suno.com.br\/noticias\/#\/schema\/person\/a70f3c52ef8c814d62ed63b30bb30176","name":"Ana Clara Macedo","image":{"@type":"ImageObject","inLanguage":"pt-BR","@id":"https:\/\/www.suno.com.br\/noticias\/#\/schema\/person\/image\/","url":"https:\/\/secure.gravatar.com\/avatar\/40810da86786bd5619f8cd594b0f44ef?s=96&r=g","contentUrl":"https:\/\/secure.gravatar.com\/avatar\/40810da86786bd5619f8cd594b0f44ef?s=96&r=g","caption":"Ana Clara Macedo"},"description":"Rep\u00f3rter no Suno Not\u00edcias, cobrindo acontecimentos sobre neg\u00f3cios, mercado financeiro e economia. Anteriormente trabalhou como Rep\u00f3rter no Mercado News e produziu relat\u00f3rios e artigos sobre empresas de capital aberto.","url":"https:\/\/www.suno.com.br\/noticias\/author\/ana-clara-macedo\/"}]}},"default_loop_html":"<div class=\"cardsPage__listCard__boxs\"><div class=\"cardsPage__listCard__boxs__img\"><a href=\"https:\/\/www.suno.com.br\/noticias\/orcamento-defesa-verbas-investimentos\/\"><img class=\"mask\" src=\"https:\/\/www.suno.com.br\/noticias\/wp-content\/themes\/suno\/resources\/images\/spotlight\/spotlight1img\/bg-mask.png\" alt=\"Image Mask\"\/><img src=\"https:\/\/files.sunoresearch.com.br\/n\/uploads\/2021\/03\/000a1d82-ballots-1195050_1280-400x200.webp\" alt=\"Or\u00e7amento: Defesa lidera verbas para investimentos\"\/><\/a><span class=\"spotlightCategory\"><a href=\"https:\/\/www.suno.com.br\/noticias\/economia\/\">Economia<\/a><\/span><\/div><div class=\"cardsPage__listCard__boxs__content\"><a href=\"https:\/\/www.suno.com.br\/noticias\/orcamento-defesa-verbas-investimentos\/\"><h2 class=\"content__title\">Or\u00e7amento: Defesa lidera verbas para investimentos<\/h2><\/a><div class=\"newsContent__article__meta\"><div class=\"newsContent__article__meta__authorBox\"><a href=\"https:\/\/www.suno.com.br\/noticias\/author\/ana-clara-macedo\/\" class=\"authorBox__avatar noMobi\"><img src=\"https:\/\/secure.gravatar.com\/avatar\/40810da86786bd5619f8cd594b0f44ef?s=96&#038;r=g\" alt=\"Ana Clara Macedo\"><\/a><div class=\"authorBox__name\"><span>por\n\t\t\t<a href=\"https:\/\/www.suno.com.br\/noticias\/author\/ana-clara-macedo\/\"><span itemprop=\"author\">Ana Clara Macedo<\/span><\/a><\/span><time datetime=\"2022-09-03T11:01:33-03:00\" itemprop=\"datePublished\">03\/09\/2022 11:01<\/time><\/div><\/div><\/div><\/div><\/div>","single_layout":"posts","amp_enabled":true,"_links":{"self":[{"href":"https:\/\/www.suno.com.br\/noticias\/wp-json\/wp\/v2\/posts\/293395"}],"collection":[{"href":"https:\/\/www.suno.com.br\/noticias\/wp-json\/wp\/v2\/posts"}],"about":[{"href":"https:\/\/www.suno.com.br\/noticias\/wp-json\/wp\/v2\/types\/post"}],"author":[{"embeddable":true,"href":"https:\/\/www.suno.com.br\/noticias\/wp-json\/wp\/v2\/users\/195"}],"replies":[{"embeddable":true,"href":"https:\/\/www.suno.com.br\/noticias\/wp-json\/wp\/v2\/comments?post=293395"}],"version-history":[{"count":4,"href":"https:\/\/www.suno.com.br\/noticias\/wp-json\/wp\/v2\/posts\/293395\/revisions"}],"predecessor-version":[{"id":293412,"href":"https:\/\/www.suno.com.br\/noticias\/wp-json\/wp\/v2\/posts\/293395\/revisions\/293412"}],"wp:featuredmedia":[{"embeddable":true,"href":"https:\/\/www.suno.com.br\/noticias\/wp-json\/wp\/v2\/media\/135061"}],"wp:attachment":[{"href":"https:\/\/www.suno.com.br\/noticias\/wp-json\/wp\/v2\/media?parent=293395"}],"wp:term":[{"taxonomy":"category","embeddable":true,"href":"https:\/\/www.suno.com.br\/noticias\/wp-json\/wp\/v2\/categories?post=293395"},{"taxonomy":"post_tag","embeddable":true,"href":"https:\/\/www.suno.com.br\/noticias\/wp-json\/wp\/v2\/tags?post=293395"},{"taxonomy":"suno_strategy","embeddable":true,"href":"https:\/\/www.suno.com.br\/noticias\/wp-json\/wp\/v2\/suno_strategy?post=293395"}],"curies":[{"name":"wp","href":"https:\/\/api.w.org\/{rel}","templated":true}]}}