{"id":293393,"date":"2022-09-03T10:07:12","date_gmt":"2022-09-03T13:07:12","guid":{"rendered":"https:\/\/www.suno.com.br\/noticias\/?p=293393"},"modified":"2022-09-03T10:07:12","modified_gmt":"2022-09-03T13:07:12","slug":"bndes-uniao-guedes","status":"publish","type":"post","link":"https:\/\/www.suno.com.br\/noticias\/bndes-uniao-guedes\/","title":{"rendered":"BNDES deve devolver R$ 90 bi \u00e0 Uni\u00e3o"},"content":{"rendered":"<p><a class=\"suno-keyword\" href=\"https:\/\/www.suno.com.br\/tudo-sobre\/paulo-guedes\/\" target=\"_blank\" rel=\"noopener\" data-force=\"no\" data-priority=\"2\">Paulo Guedes<\/a>, ministro da Economia, concluiu na semana passada uma negocia\u00e7\u00e3o com o <strong>BNDES<\/strong>, intermediada pelo Tribunal de Contas da Uni\u00e3o (TCU), para a devolu\u00e7\u00e3o de R$ 90 bilh\u00f5es que haviam sido injetados pelo Tesouro Nacional no banco estatal e que, por ordem do \u00f3rg\u00e3o, devem retornar \u00e0 Uni\u00e3o.<\/p>\t<div class=\"wrapper-featured-image\">\n\t\t<figure class=\"spotlightImg\">\n\n\t\t\t<picture>\n\t\t\t\t<source media=\"(max-width: 768px)\" srcset=\"https:\/\/files.sunoresearch.com.br\/n\/uploads\/2021\/10\/paulo-guedes_mcamgo_abr_220720211818-6-400x200.jpg\">\n\t\t\t\t<img loading=\"lazy\" decoding=\"async\" class=\"newsContent__article__imgCapa lazyloadDisabled \" src=\"https:\/\/files.sunoresearch.com.br\/n\/uploads\/2021\/10\/paulo-guedes_mcamgo_abr_220720211818-6-800x450.jpg\" width=\"800\" height=\"450\" alt=\"BNDES deve devolver R$ 90 bi \u00e0 Uni\u00e3o\" fetchpriority=high \/>\n\t\t\t<\/picture>\n\n\t\t\t<figcaption class=\"wp-caption-text wp-caption-text--show\">Paulo Guedes Foto: Marcelo Camargo\/Ag\u00eancia Brasil<\/figcaption>\n\t\t<\/figure>\n\t<\/div>\n\n\n\t<p>\n\t\t<a href=\"\" target=\"_blank\" data-element=\"shortcode-suno-banner\" title=\"Banner SUNO, clique e saiba mais\">\n\t\t\t<picture>\n\t\t\t\t<source media=\"(max-width: 500px)\" srcset=\"\">\n\t\t\t\t<img class=\"newsContent__article__imgCapa newsContent__article__imgCapa--banner\"\n\t\t\t\t\tsrc=\"\"\n\t\t\t\t\tdata-promo-id=\"240038\"\t\t\t\t\t\t\t\t\t\t\t\t\t\t\talt=\"\"\n\t\t\t\t>\n\t\t\t<\/picture>\n\t\t<\/a>\n\t<\/p>\n\n\n<p>O valor ser\u00e1 utilizado para abater a <a class=\"suno-keyword\" href=\"https:\/\/www.suno.com.br\/artigos\/divida-publica\/\" target=\"_blank\" rel=\"noopener\" data-force=\"no\" data-priority=\"1\">d\u00edvida p\u00fablica<\/a>, no que <strong>Guedes<\/strong> tem chamado de &#8220;a despedalada final&#8221;, em refer\u00eancia \u00e0 quita\u00e7\u00e3o da d\u00edvida do BNDES com o <strong>governo federal<\/strong>. Os recursos foram injetados no banco entre 2008 e 2014, durante os governos de Luiz In\u00e1cio Lula da Silva (PT) e Dilma Rousseff (PT) para irrigar a pol\u00edtica de campe\u00f5es nacionais. Foi estabelecido um cronograma de devolu\u00e7\u00e3o nos \u00faltimos anos, mas o banco de fomento vinha &#8216;pedalando&#8217; a devolu\u00e7\u00e3o.<\/p>\n<p>Com a devolu\u00e7\u00e3o prevista, o Minist\u00e9rio da Economia prev\u00ea abater 1 ponto porcentual da d\u00edvida p\u00fablica neste ano, fazendo com que ela feche 2022 ao redor de 77,6% do PIB. O valor corresponde ao patamar de endividamento encontrado pela atual equipe econ\u00f4mica quando assumiu a pasta, em janeiro de 2019.<\/p>\n<p>Guedes tem se dedicado a essa negocia\u00e7\u00e3o nas \u00faltimas semanas, em reuni\u00f5es com ministros do TCU, em especial com o relator Aroldo Cedraz e tamb\u00e9m com Jorge Oliveira, a quem coube a relatoria do pedido de urg\u00eancia na tramita\u00e7\u00e3o do acordo. A palavra final da corte dever\u00e1 ser dada no pr\u00f3ximo dia 14, quando o tema tem previs\u00e3o de ser levado a plen\u00e1rio.<\/p>\n\t<p>\n\t\t<a href=\"https:\/\/lp.suno.com.br\/planilha-controle-gastos\/\" target=\"_blank\" data-element=\"shortcode-suno-banner\" title=\"Banner SUNO, clique e saiba mais\">\n\t\t\t<picture>\n\t\t\t\t<source media=\"(max-width: 500px)\" srcset=\"https:\/\/files.sunoresearch.com.br\/n\/uploads\/2023\/03\/400x300-Planilha-controle-de-gastos.png\">\n\t\t\t\t<img class=\"newsContent__article__imgCapa newsContent__article__imgCapa--banner\"\n\t\t\t\t\tsrc=\"https:\/\/files.sunoresearch.com.br\/n\/uploads\/2023\/03\/1420x240-Planilha-controle-de-gastos.png\"\n\t\t\t\t\tdata-promo-id=\"101751\"\t\t\t\t\t\t\t\t\t\twidth='1420' height='240'\t\t\t\t\talt=\"https:\/\/files.sunoresearch.com.br\/n\/uploads\/2023\/03\/1420x240-Planilha-controle-de-gastos.png\"\n\t\t\t\t>\n\t\t\t<\/picture>\n\t\t<\/a>\n\t<\/p>\n\n\n<p>O TCU havia determinado, em 2021, que o banco fizesse as devolu\u00e7\u00f5es em um cronograma estabelecido em negocia\u00e7\u00e3o com a Economia. No ano passado, o BNDES deveria ter repassado R$ 100 bilh\u00f5es \u00e0 Uni\u00e3o, mas acabou efetuando um pagamento menor, de R$ 63 bilh\u00f5es. Neste ano, a previs\u00e3o era a de que o banco pagaria pouco mais de R$ 30 bilh\u00f5es \u00e0 Uni\u00e3o, mas como n\u00e3o devolveu toda a quantia de 2021, o governo federal passou a buscar um valor superior para liquidar esse passivo.<\/p>\n<p>Al\u00e9m da quest\u00e3o econ\u00f4mica, o equacionamento dessa d\u00edvida tem tamb\u00e9m um valor pol\u00edtico, uma vez que a cr\u00edtica \u00e0 gest\u00e3o no BNDES na \u00e9poca dos campe\u00f5es nacionais \u00e9 parte do discurso de Jair Bolsonaro contra o PT.<\/p>\n<p>A administra\u00e7\u00e3o do banco estatal resistia em fazer os pagamentos com o argumento de que, juridicamente, n\u00e3o poderia causar preju\u00edzo \u00e0 institui\u00e7\u00e3o, nem reduzir os par\u00e2metros de seguran\u00e7a banc\u00e1ria de Basil\u00e9ia, um acordo internacional que visa garantir solidez ao sistema financeiro. Por isso, Guedes recorreu \u00e0 intermedia\u00e7\u00e3o do TCU.<\/p>\n<p>O BNDES, no entanto, registrou lucro de R$ 11,7 bilh\u00f5es no segundo trimestre, mais de 120% superior ao do mesmo per\u00edodo do ano passado, o que abriu espa\u00e7o para o pleito da Economia. Um dos argumentos sempre lembrados contra o banco \u00e9 que os elevados resultados engordam tamb\u00e9m os b\u00f4nus pagos aos executivos, o que desestimularia a devolu\u00e7\u00e3o de maneira espont\u00e2nea.<\/p>\n<p class=\"newsProviderSignature\"><em>(Com informa\u00e7\u00f5es do Estad\u00e3o Conte\u00fado)<\/em><\/p>\n\t<p>\n\t\t<a href=\"https:\/\/lp.suno.com.br\/planilha-da-vida-financeira\/\" target=\"_blank\" data-element=\"shortcode-suno-banner\" title=\"Banner SUNO, clique e saiba mais\">\n\t\t\t<picture>\n\t\t\t\t<source media=\"(max-width: 500px)\" srcset=\"https:\/\/files.sunoresearch.com.br\/n\/uploads\/2023\/04\/400x300-Planilha-vida-financeira-true.png\">\n\t\t\t\t<img class=\"newsContent__article__imgCapa newsContent__article__imgCapa--banner\"\n\t\t\t\t\tsrc=\"https:\/\/files.sunoresearch.com.br\/n\/uploads\/2023\/04\/1420x240-Planilha-vida-financeira-true.png\"\n\t\t\t\t\tdata-promo-id=\"106682\"\t\t\t\t\t\t\t\t\t\twidth='1420' height='240'\t\t\t\t\talt=\"https:\/\/files.sunoresearch.com.br\/n\/uploads\/2023\/04\/1420x240-Planilha-vida-financeira-true.png\"\n\t\t\t\t>\n\t\t\t<\/picture>\n\t\t<\/a>\n\t<\/p>\n\n\n","protected":false},"excerpt":{"rendered":"<p>Paulo Guedes, ministro da Economia, concluiu na semana passada uma negocia\u00e7\u00e3o com o BNDES, intermediada pelo Tribunal de Contas da Uni\u00e3o (TCU), para a devolu\u00e7\u00e3o de R$ 90 bilh\u00f5es que haviam sido injetados pelo Tesouro Nacional no banco estatal e que, por ordem do \u00f3rg\u00e3o, devem retornar \u00e0 Uni\u00e3o. Paulo Guedes Foto: Marcelo Camargo\/Ag\u00eancia Brasil [&hellip;]<\/p>\n","protected":false},"author":195,"featured_media":191218,"comment_status":"closed","ping_status":"closed","sticky":false,"template":"","format":"standard","meta":[],"categories":[62],"tags":[757,106467],"suno_strategy":[],"class_list":["post-293393","post","type-post","status-publish","format-standard","has-post-thumbnail","hentry","category-economia","tag-bndes","tag-guedes"],"yoast_head":"<!-- This site is optimized with the Yoast SEO plugin v24.4 - https:\/\/yoast.com\/wordpress\/plugins\/seo\/ -->\n<title>BNDES deve devolver R$ 90 bi \u00e0 Uni\u00e3o<\/title>\n<meta name=\"description\" content=\"Paulo Guedes concluiu na semana passada uma negocia\u00e7\u00e3o com o BNDES para a devolu\u00e7\u00e3o de R$ 90 bilh\u00f5es que haviam sido injetados pelo Tesouro.\" \/>\n<meta name=\"robots\" content=\"index, follow, max-snippet:-1, max-image-preview:large, max-video-preview:-1\" \/>\n<link rel=\"canonical\" href=\"https:\/\/www.suno.com.br\/noticias\/bndes-uniao-guedes\/\" \/>\n<meta property=\"og:locale\" content=\"pt_BR\" \/>\n<meta property=\"og:type\" content=\"article\" \/>\n<meta property=\"og:title\" content=\"BNDES deve devolver R$ 90 bi \u00e0 Uni\u00e3o\" \/>\n<meta property=\"og:description\" content=\"Paulo Guedes concluiu na semana passada uma negocia\u00e7\u00e3o com o BNDES para a devolu\u00e7\u00e3o de R$ 90 bilh\u00f5es que haviam sido injetados pelo Tesouro.\" \/>\n<meta property=\"og:url\" content=\"https:\/\/www.suno.com.br\/noticias\/bndes-uniao-guedes\/\" \/>\n<meta property=\"og:site_name\" content=\"Suno Not\u00edcias\" \/>\n<meta property=\"article:publisher\" content=\"https:\/\/facebook.com\/sunoresearch\" \/>\n<meta property=\"og:image\" content=\"https:\/\/files.sunoresearch.com.br\/n\/uploads\/2021\/10\/paulo-guedes_mcamgo_abr_220720211818-6-scaled.jpg\" \/>\n\t<meta property=\"og:image:width\" content=\"2560\" \/>\n\t<meta property=\"og:image:height\" content=\"1707\" \/>\n\t<meta property=\"og:image:type\" content=\"image\/jpeg\" \/>\n<meta name=\"author\" content=\"Ana Clara Macedo\" \/>\n<meta name=\"twitter:card\" content=\"summary_large_image\" \/>\n<meta name=\"twitter:creator\" content=\"@sunoresearch\" \/>\n<meta name=\"twitter:site\" content=\"@sunoresearch\" \/>\n<meta name=\"twitter:label1\" content=\"Escrito por\" \/>\n\t<meta name=\"twitter:data1\" content=\"Ana Clara Macedo\" \/>\n\t<meta name=\"twitter:label2\" content=\"Est. tempo de leitura\" \/>\n\t<meta name=\"twitter:data2\" content=\"3 minutos\" \/>\n<script type=\"application\/ld+json\" class=\"yoast-schema-graph\">{\"@context\":\"https:\/\/schema.org\",\"@graph\":[{\"@type\":\"NewsArticle\",\"@id\":\"https:\/\/www.suno.com.br\/noticias\/bndes-uniao-guedes\/#article\",\"isPartOf\":{\"@id\":\"https:\/\/www.suno.com.br\/noticias\/bndes-uniao-guedes\/\"},\"author\":{\"name\":\"Ana Clara Macedo\",\"@id\":\"https:\/\/www.suno.com.br\/noticias\/#\/schema\/person\/a70f3c52ef8c814d62ed63b30bb30176\"},\"headline\":\"BNDES deve devolver R$ 90 bi \u00e0 Uni\u00e3o\",\"datePublished\":\"2022-09-03T13:07:12+00:00\",\"mainEntityOfPage\":{\"@id\":\"https:\/\/www.suno.com.br\/noticias\/bndes-uniao-guedes\/\"},\"wordCount\":536,\"publisher\":{\"@id\":\"https:\/\/www.suno.com.br\/noticias\/#organization\"},\"image\":{\"@id\":\"https:\/\/www.suno.com.br\/noticias\/bndes-uniao-guedes\/#primaryimage\"},\"thumbnailUrl\":\"https:\/\/files.sunoresearch.com.br\/n\/uploads\/2021\/10\/paulo-guedes_mcamgo_abr_220720211818-6-scaled.jpg\",\"keywords\":[\"BNDES\",\"guedes\"],\"articleSection\":[\"Economia\"],\"inLanguage\":\"pt-BR\"},{\"@type\":\"WebPage\",\"@id\":\"https:\/\/www.suno.com.br\/noticias\/bndes-uniao-guedes\/\",\"url\":\"https:\/\/www.suno.com.br\/noticias\/bndes-uniao-guedes\/\",\"name\":\"BNDES deve devolver R$ 90 bi \u00e0 Uni\u00e3o\",\"isPartOf\":{\"@id\":\"https:\/\/www.suno.com.br\/noticias\/#website\"},\"primaryImageOfPage\":{\"@id\":\"https:\/\/www.suno.com.br\/noticias\/bndes-uniao-guedes\/#primaryimage\"},\"image\":{\"@id\":\"https:\/\/www.suno.com.br\/noticias\/bndes-uniao-guedes\/#primaryimage\"},\"thumbnailUrl\":\"https:\/\/files.sunoresearch.com.br\/n\/uploads\/2021\/10\/paulo-guedes_mcamgo_abr_220720211818-6-scaled.jpg\",\"datePublished\":\"2022-09-03T13:07:12+00:00\",\"description\":\"Paulo Guedes concluiu na semana passada uma negocia\u00e7\u00e3o com o BNDES para a devolu\u00e7\u00e3o de R$ 90 bilh\u00f5es que haviam sido injetados pelo Tesouro.\",\"breadcrumb\":{\"@id\":\"https:\/\/www.suno.com.br\/noticias\/bndes-uniao-guedes\/#breadcrumb\"},\"inLanguage\":\"pt-BR\",\"potentialAction\":[{\"@type\":\"ReadAction\",\"target\":[\"https:\/\/www.suno.com.br\/noticias\/bndes-uniao-guedes\/\"]}]},{\"@type\":\"ImageObject\",\"inLanguage\":\"pt-BR\",\"@id\":\"https:\/\/www.suno.com.br\/noticias\/bndes-uniao-guedes\/#primaryimage\",\"url\":\"https:\/\/files.sunoresearch.com.br\/n\/uploads\/2021\/10\/paulo-guedes_mcamgo_abr_220720211818-6-scaled.jpg\",\"contentUrl\":\"https:\/\/files.sunoresearch.com.br\/n\/uploads\/2021\/10\/paulo-guedes_mcamgo_abr_220720211818-6-scaled.jpg\",\"width\":2560,\"height\":1707,\"caption\":\"Paulo Guedes Foto: Marcelo Camargo\/Ag\u00eancia Brasil\"},{\"@type\":\"BreadcrumbList\",\"@id\":\"https:\/\/www.suno.com.br\/noticias\/bndes-uniao-guedes\/#breadcrumb\",\"itemListElement\":[{\"@type\":\"ListItem\",\"position\":1,\"name\":\"Not\u00edcias\",\"item\":\"https:\/\/www.suno.com.br\/noticias\/\"},{\"@type\":\"ListItem\",\"position\":2,\"name\":\"Economia\",\"item\":\"https:\/\/www.suno.com.br\/noticias\/economia\/\"},{\"@type\":\"ListItem\",\"position\":3,\"name\":\"BNDES deve devolver R$ 90 bi \u00e0 Uni\u00e3o\"}]},{\"@type\":\"WebSite\",\"@id\":\"https:\/\/www.suno.com.br\/noticias\/#website\",\"url\":\"https:\/\/www.suno.com.br\/noticias\/\",\"name\":\"Suno Not\u00edcias\",\"description\":\"Seu portal de informa\u00e7\u00e3o sobre o mundo dos investimentos\",\"publisher\":{\"@id\":\"https:\/\/www.suno.com.br\/noticias\/#organization\"},\"potentialAction\":[{\"@type\":\"SearchAction\",\"target\":{\"@type\":\"EntryPoint\",\"urlTemplate\":\"https:\/\/www.suno.com.br\/noticias\/?s={search_term_string}\"},\"query-input\":{\"@type\":\"PropertyValueSpecification\",\"valueRequired\":true,\"valueName\":\"search_term_string\"}}],\"inLanguage\":\"pt-BR\"},{\"@type\":\"Organization\",\"@id\":\"https:\/\/www.suno.com.br\/noticias\/#organization\",\"name\":\"Suno Not\u00edcias\",\"url\":\"https:\/\/www.suno.com.br\/noticias\/\",\"logo\":{\"@type\":\"ImageObject\",\"inLanguage\":\"pt-BR\",\"@id\":\"https:\/\/www.suno.com.br\/noticias\/#\/schema\/logo\/image\/\",\"url\":\"https:\/\/files.sunoresearch.com.br\/n\/uploads\/2021\/09\/suno-logo.png\",\"contentUrl\":\"https:\/\/files.sunoresearch.com.br\/n\/uploads\/2021\/09\/suno-logo.png\",\"width\":180,\"height\":180,\"caption\":\"Suno Not\u00edcias\"},\"image\":{\"@id\":\"https:\/\/www.suno.com.br\/noticias\/#\/schema\/logo\/image\/\"},\"sameAs\":[\"https:\/\/facebook.com\/sunoresearch\",\"https:\/\/x.com\/sunoresearch\",\"https:\/\/www.instagram.com\/suno\",\"https:\/\/www.linkedin.com\/company\/suno-research\/\",\"https:\/\/www.youtube.com\/c\/sunoresearch\"]},{\"@type\":\"Person\",\"@id\":\"https:\/\/www.suno.com.br\/noticias\/#\/schema\/person\/a70f3c52ef8c814d62ed63b30bb30176\",\"name\":\"Ana Clara Macedo\",\"image\":{\"@type\":\"ImageObject\",\"inLanguage\":\"pt-BR\",\"@id\":\"https:\/\/www.suno.com.br\/noticias\/#\/schema\/person\/image\/\",\"url\":\"https:\/\/secure.gravatar.com\/avatar\/40810da86786bd5619f8cd594b0f44ef?s=96&r=g\",\"contentUrl\":\"https:\/\/secure.gravatar.com\/avatar\/40810da86786bd5619f8cd594b0f44ef?s=96&r=g\",\"caption\":\"Ana Clara Macedo\"},\"description\":\"Rep\u00f3rter no Suno Not\u00edcias, cobrindo acontecimentos sobre neg\u00f3cios, mercado financeiro e economia. Anteriormente trabalhou como Rep\u00f3rter no Mercado News e produziu relat\u00f3rios e artigos sobre empresas de capital aberto.\",\"url\":\"https:\/\/www.suno.com.br\/noticias\/author\/ana-clara-macedo\/\"}]}<\/script>\n<!-- \/ Yoast SEO plugin. -->","yoast_head_json":{"title":"BNDES deve devolver R$ 90 bi \u00e0 Uni\u00e3o","description":"Paulo Guedes concluiu na semana passada uma negocia\u00e7\u00e3o com o BNDES para a devolu\u00e7\u00e3o de R$ 90 bilh\u00f5es que haviam sido injetados pelo Tesouro.","robots":{"index":"index","follow":"follow","max-snippet":"max-snippet:-1","max-image-preview":"max-image-preview:large","max-video-preview":"max-video-preview:-1"},"canonical":"https:\/\/www.suno.com.br\/noticias\/bndes-uniao-guedes\/","og_locale":"pt_BR","og_type":"article","og_title":"BNDES deve devolver R$ 90 bi \u00e0 Uni\u00e3o","og_description":"Paulo Guedes concluiu na semana passada uma negocia\u00e7\u00e3o com o BNDES para a devolu\u00e7\u00e3o de R$ 90 bilh\u00f5es que haviam sido injetados pelo Tesouro.","og_url":"https:\/\/www.suno.com.br\/noticias\/bndes-uniao-guedes\/","og_site_name":"Suno Not\u00edcias","article_publisher":"https:\/\/facebook.com\/sunoresearch","og_image":[{"width":2560,"height":1707,"url":"https:\/\/files.sunoresearch.com.br\/n\/uploads\/2021\/10\/paulo-guedes_mcamgo_abr_220720211818-6-scaled.jpg","type":"image\/jpeg"}],"author":"Ana Clara Macedo","twitter_card":"summary_large_image","twitter_creator":"@sunoresearch","twitter_site":"@sunoresearch","twitter_misc":{"Escrito por":"Ana Clara Macedo","Est. tempo de leitura":"3 minutos"},"schema":{"@context":"https:\/\/schema.org","@graph":[{"@type":"NewsArticle","@id":"https:\/\/www.suno.com.br\/noticias\/bndes-uniao-guedes\/#article","isPartOf":{"@id":"https:\/\/www.suno.com.br\/noticias\/bndes-uniao-guedes\/"},"author":{"name":"Ana Clara Macedo","@id":"https:\/\/www.suno.com.br\/noticias\/#\/schema\/person\/a70f3c52ef8c814d62ed63b30bb30176"},"headline":"BNDES deve devolver R$ 90 bi \u00e0 Uni\u00e3o","datePublished":"2022-09-03T13:07:12+00:00","mainEntityOfPage":{"@id":"https:\/\/www.suno.com.br\/noticias\/bndes-uniao-guedes\/"},"wordCount":536,"publisher":{"@id":"https:\/\/www.suno.com.br\/noticias\/#organization"},"image":{"@id":"https:\/\/www.suno.com.br\/noticias\/bndes-uniao-guedes\/#primaryimage"},"thumbnailUrl":"https:\/\/files.sunoresearch.com.br\/n\/uploads\/2021\/10\/paulo-guedes_mcamgo_abr_220720211818-6-scaled.jpg","keywords":["BNDES","guedes"],"articleSection":["Economia"],"inLanguage":"pt-BR"},{"@type":"WebPage","@id":"https:\/\/www.suno.com.br\/noticias\/bndes-uniao-guedes\/","url":"https:\/\/www.suno.com.br\/noticias\/bndes-uniao-guedes\/","name":"BNDES deve devolver R$ 90 bi \u00e0 Uni\u00e3o","isPartOf":{"@id":"https:\/\/www.suno.com.br\/noticias\/#website"},"primaryImageOfPage":{"@id":"https:\/\/www.suno.com.br\/noticias\/bndes-uniao-guedes\/#primaryimage"},"image":{"@id":"https:\/\/www.suno.com.br\/noticias\/bndes-uniao-guedes\/#primaryimage"},"thumbnailUrl":"https:\/\/files.sunoresearch.com.br\/n\/uploads\/2021\/10\/paulo-guedes_mcamgo_abr_220720211818-6-scaled.jpg","datePublished":"2022-09-03T13:07:12+00:00","description":"Paulo Guedes concluiu na semana passada uma negocia\u00e7\u00e3o com o BNDES para a devolu\u00e7\u00e3o de R$ 90 bilh\u00f5es que haviam sido injetados pelo Tesouro.","breadcrumb":{"@id":"https:\/\/www.suno.com.br\/noticias\/bndes-uniao-guedes\/#breadcrumb"},"inLanguage":"pt-BR","potentialAction":[{"@type":"ReadAction","target":["https:\/\/www.suno.com.br\/noticias\/bndes-uniao-guedes\/"]}]},{"@type":"ImageObject","inLanguage":"pt-BR","@id":"https:\/\/www.suno.com.br\/noticias\/bndes-uniao-guedes\/#primaryimage","url":"https:\/\/files.sunoresearch.com.br\/n\/uploads\/2021\/10\/paulo-guedes_mcamgo_abr_220720211818-6-scaled.jpg","contentUrl":"https:\/\/files.sunoresearch.com.br\/n\/uploads\/2021\/10\/paulo-guedes_mcamgo_abr_220720211818-6-scaled.jpg","width":2560,"height":1707,"caption":"Paulo Guedes Foto: Marcelo Camargo\/Ag\u00eancia Brasil"},{"@type":"BreadcrumbList","@id":"https:\/\/www.suno.com.br\/noticias\/bndes-uniao-guedes\/#breadcrumb","itemListElement":[{"@type":"ListItem","position":1,"name":"Not\u00edcias","item":"https:\/\/www.suno.com.br\/noticias\/"},{"@type":"ListItem","position":2,"name":"Economia","item":"https:\/\/www.suno.com.br\/noticias\/economia\/"},{"@type":"ListItem","position":3,"name":"BNDES deve devolver R$ 90 bi \u00e0 Uni\u00e3o"}]},{"@type":"WebSite","@id":"https:\/\/www.suno.com.br\/noticias\/#website","url":"https:\/\/www.suno.com.br\/noticias\/","name":"Suno Not\u00edcias","description":"Seu portal de informa\u00e7\u00e3o sobre o mundo dos investimentos","publisher":{"@id":"https:\/\/www.suno.com.br\/noticias\/#organization"},"potentialAction":[{"@type":"SearchAction","target":{"@type":"EntryPoint","urlTemplate":"https:\/\/www.suno.com.br\/noticias\/?s={search_term_string}"},"query-input":{"@type":"PropertyValueSpecification","valueRequired":true,"valueName":"search_term_string"}}],"inLanguage":"pt-BR"},{"@type":"Organization","@id":"https:\/\/www.suno.com.br\/noticias\/#organization","name":"Suno Not\u00edcias","url":"https:\/\/www.suno.com.br\/noticias\/","logo":{"@type":"ImageObject","inLanguage":"pt-BR","@id":"https:\/\/www.suno.com.br\/noticias\/#\/schema\/logo\/image\/","url":"https:\/\/files.sunoresearch.com.br\/n\/uploads\/2021\/09\/suno-logo.png","contentUrl":"https:\/\/files.sunoresearch.com.br\/n\/uploads\/2021\/09\/suno-logo.png","width":180,"height":180,"caption":"Suno Not\u00edcias"},"image":{"@id":"https:\/\/www.suno.com.br\/noticias\/#\/schema\/logo\/image\/"},"sameAs":["https:\/\/facebook.com\/sunoresearch","https:\/\/x.com\/sunoresearch","https:\/\/www.instagram.com\/suno","https:\/\/www.linkedin.com\/company\/suno-research\/","https:\/\/www.youtube.com\/c\/sunoresearch"]},{"@type":"Person","@id":"https:\/\/www.suno.com.br\/noticias\/#\/schema\/person\/a70f3c52ef8c814d62ed63b30bb30176","name":"Ana Clara Macedo","image":{"@type":"ImageObject","inLanguage":"pt-BR","@id":"https:\/\/www.suno.com.br\/noticias\/#\/schema\/person\/image\/","url":"https:\/\/secure.gravatar.com\/avatar\/40810da86786bd5619f8cd594b0f44ef?s=96&r=g","contentUrl":"https:\/\/secure.gravatar.com\/avatar\/40810da86786bd5619f8cd594b0f44ef?s=96&r=g","caption":"Ana Clara Macedo"},"description":"Rep\u00f3rter no Suno Not\u00edcias, cobrindo acontecimentos sobre neg\u00f3cios, mercado financeiro e economia. Anteriormente trabalhou como Rep\u00f3rter no Mercado News e produziu relat\u00f3rios e artigos sobre empresas de capital aberto.","url":"https:\/\/www.suno.com.br\/noticias\/author\/ana-clara-macedo\/"}]}},"default_loop_html":"<div class=\"cardsPage__listCard__boxs\"><div class=\"cardsPage__listCard__boxs__img\"><a href=\"https:\/\/www.suno.com.br\/noticias\/bndes-uniao-guedes\/\"><img class=\"mask\" src=\"https:\/\/www.suno.com.br\/noticias\/wp-content\/themes\/suno\/resources\/images\/spotlight\/spotlight1img\/bg-mask.png\" alt=\"Image Mask\"\/><img src=\"https:\/\/files.sunoresearch.com.br\/n\/uploads\/2021\/10\/paulo-guedes_mcamgo_abr_220720211818-6-400x200.jpg\" alt=\"BNDES deve devolver R$ 90 bi \u00e0 Uni\u00e3o\"\/><\/a><span class=\"spotlightCategory\"><a href=\"https:\/\/www.suno.com.br\/noticias\/economia\/\">Economia<\/a><\/span><\/div><div class=\"cardsPage__listCard__boxs__content\"><a href=\"https:\/\/www.suno.com.br\/noticias\/bndes-uniao-guedes\/\"><h2 class=\"content__title\">BNDES deve devolver R$ 90 bi \u00e0 Uni\u00e3o<\/h2><\/a><div class=\"newsContent__article__meta\"><div class=\"newsContent__article__meta__authorBox\"><a href=\"https:\/\/www.suno.com.br\/noticias\/author\/ana-clara-macedo\/\" class=\"authorBox__avatar noMobi\"><img src=\"https:\/\/secure.gravatar.com\/avatar\/40810da86786bd5619f8cd594b0f44ef?s=96&#038;r=g\" alt=\"Ana Clara Macedo\"><\/a><div class=\"authorBox__name\"><span>por\n\t\t\t<a href=\"https:\/\/www.suno.com.br\/noticias\/author\/ana-clara-macedo\/\"><span itemprop=\"author\">Ana Clara Macedo<\/span><\/a><\/span><time datetime=\"2022-09-03T10:07:12-03:00\" itemprop=\"datePublished\">03\/09\/2022 10:07<\/time><\/div><\/div><\/div><\/div><\/div>","single_layout":"posts","amp_enabled":true,"_links":{"self":[{"href":"https:\/\/www.suno.com.br\/noticias\/wp-json\/wp\/v2\/posts\/293393"}],"collection":[{"href":"https:\/\/www.suno.com.br\/noticias\/wp-json\/wp\/v2\/posts"}],"about":[{"href":"https:\/\/www.suno.com.br\/noticias\/wp-json\/wp\/v2\/types\/post"}],"author":[{"embeddable":true,"href":"https:\/\/www.suno.com.br\/noticias\/wp-json\/wp\/v2\/users\/195"}],"replies":[{"embeddable":true,"href":"https:\/\/www.suno.com.br\/noticias\/wp-json\/wp\/v2\/comments?post=293393"}],"version-history":[{"count":3,"href":"https:\/\/www.suno.com.br\/noticias\/wp-json\/wp\/v2\/posts\/293393\/revisions"}],"predecessor-version":[{"id":293400,"href":"https:\/\/www.suno.com.br\/noticias\/wp-json\/wp\/v2\/posts\/293393\/revisions\/293400"}],"wp:featuredmedia":[{"embeddable":true,"href":"https:\/\/www.suno.com.br\/noticias\/wp-json\/wp\/v2\/media\/191218"}],"wp:attachment":[{"href":"https:\/\/www.suno.com.br\/noticias\/wp-json\/wp\/v2\/media?parent=293393"}],"wp:term":[{"taxonomy":"category","embeddable":true,"href":"https:\/\/www.suno.com.br\/noticias\/wp-json\/wp\/v2\/categories?post=293393"},{"taxonomy":"post_tag","embeddable":true,"href":"https:\/\/www.suno.com.br\/noticias\/wp-json\/wp\/v2\/tags?post=293393"},{"taxonomy":"suno_strategy","embeddable":true,"href":"https:\/\/www.suno.com.br\/noticias\/wp-json\/wp\/v2\/suno_strategy?post=293393"}],"curies":[{"name":"wp","href":"https:\/\/api.w.org\/{rel}","templated":true}]}}