{"id":29301,"date":"2019-06-27T08:24:09","date_gmt":"2019-06-27T11:24:09","guid":{"rendered":"https:\/\/www.suno.com.br\/noticias\/?p=29301"},"modified":"2019-06-27T10:16:54","modified_gmt":"2019-06-27T13:16:54","slug":"via-varejo-michael-klein","status":"publish","type":"post","link":"https:\/\/www.suno.com.br\/noticias\/via-varejo-michael-klein\/","title":{"rendered":"Via Varejo anuncia Michael Klein como novo presidente do conselho de administra\u00e7\u00e3o"},"content":{"rendered":"<p>A empresa de com\u00e9rcio varejista,<a href=\"https:\/\/www.suno.com.br\/artigos\/radar-vvar3-lancamento-banqi\/\"> Via Varejo<\/a>, anunciou na \u00faltima quarta-feira (26), o novo presidente de seu conselho, o empres\u00e1rio <strong><a href=\"https:\/\/www.suno.com.br\/tudo-sobre\/michael-klein\/\">Michael Klein<\/a><\/strong>. Al\u00e9m disso, a dona das <strong>Casas Bahia<\/strong>, anunciou que <strong>Roberto Fulcherberguer<\/strong> foi eleito a diretor presidente.<\/p>\t<div class=\"wrapper-featured-image\">\n\t\t<figure class=\"spotlightImg\">\n\n\t\t\t<picture>\n\t\t\t\t<source media=\"(max-width: 768px)\" srcset=\"https:\/\/files.sunoresearch.com.br\/n\/uploads\/2019\/02\/828c4c15-via-varejo-400x200.webp\">\n\t\t\t\t<img loading=\"lazy\" decoding=\"async\" class=\"newsContent__article__imgCapa lazyloadDisabled newsContent__article__imgCapa--noCaption\" src=\"https:\/\/files.sunoresearch.com.br\/n\/uploads\/2019\/02\/828c4c15-via-varejo-png.webp\" width=\"800\" height=\"450\" alt=\"Via Varejo anuncia Michael Klein como novo presidente do conselho de administra\u00e7\u00e3o\" fetchpriority=high \/>\n\t\t\t<\/picture>\n\n\t\t\t<figcaption class=\"wp-caption-text wp-caption-text--hide\">Via Varejo<\/figcaption>\n\t\t<\/figure>\n\t<\/div>\n\n\n<p>Ademais, o conselho de administra\u00e7\u00e3o da <strong>Via Varejo<\/strong> elegeu <strong>Abel Ornelas Vieira<\/strong> como vice-presidente comercial e <strong>Orivaldo Padilha<\/strong> para diretoria financeira. O conselho aprovou <strong>S\u00e9rgio Augusto Fran\u00e7a Leme<\/strong> para o cargo de vice-presidente administrativo.<\/p>\n<p><strong>Felipe Coragem Negr\u00e3o<\/strong> que atuava como diretor executivo de finan\u00e7as e rela\u00e7\u00f5es com investidores, permanece na empresa mas como direto sem designa\u00e7\u00e3o.<\/p>\n\t<p>\n\t\t<a href=\"https:\/\/lp.suno.com.br\/planilha-de-controle-de-investimentos\/\" target=\"_blank\" data-element=\"shortcode-suno-banner\" title=\"Banner SUNO, clique e saiba mais\">\n\t\t\t<picture>\n\t\t\t\t<source media=\"(max-width: 500px)\" srcset=\"https:\/\/files.sunoresearch.com.br\/n\/uploads\/2023\/03\/400x300-Controle-de-Investimentos.png\">\n\t\t\t\t<img class=\"newsContent__article__imgCapa newsContent__article__imgCapa--banner\"\n\t\t\t\t\tsrc=\"https:\/\/files.sunoresearch.com.br\/n\/uploads\/2023\/03\/1420x240-Controle-de-Investimentos.png\"\n\t\t\t\t\tdata-promo-id=\"75934\"\t\t\t\t\t\t\t\t\t\twidth='1420' height='240'\t\t\t\t\talt=\"https:\/\/files.sunoresearch.com.br\/n\/uploads\/2023\/03\/1420x240-Controle-de-Investimentos.png\"\n\t\t\t\t>\n\t\t\t<\/picture>\n\t\t<\/a>\n\t<\/p>\n\n\n<h2>Klein controla Via Varejo ap\u00f3s leil\u00e3o<\/h2>\n<p>No dia 14 deste m\u00eas, <strong>Michael Klein<\/strong> comprou cerca de R$ 100 milh\u00f5es em a\u00e7\u00f5es da <strong>Via Varejo<\/strong> no leil\u00e3o. A empresa era controlada pelo <strong>Grupo P\u00e3o De A\u00e7\u00facar<\/strong> (GPA) que vendeu sua participa\u00e7\u00e3o de 36,2% no leil\u00e3o na Bolsa de Valores de S\u00e3o Paulo.<\/p>\n<p><a href=\"\/\/www.suno.com.br\/noticias\/michael-klein-via-varejo-leilao\/\">Saiba Mais:\u00a0Michael Klein passa a controlar Via Varejo ap\u00f3s leil\u00e3o do GPA<\/a><\/p>\n<p>As a\u00e7\u00f5es foram vendidas pelo valor de R$ 4,90 cada, e a movimenta\u00e7\u00e3o foi de R$ 2,3 bilh\u00f5es, foram negociados 470.026.600 papeis. <strong>Michael<\/strong> \u00e9 filho do fundador da <strong>Casas Bahia<\/strong>,<strong> Samuel Klein<\/strong>.<\/p>\n<h2>&#8220;P\u00edlula do veneno&#8221; \u00e9 retirada do estatuto<\/h2>\n<p>No dia 3 de junho deste ano foi aprovado a retirada da cl\u00e1usula do estatuto social, conhecida como &#8220;poison pill&#8221; (p\u00edlula veneno) pela<strong> Assembleia Geral Extraordin\u00e1ria<\/strong> dos acionistas da <strong>Via Varejo<\/strong>.<\/p>\n<p>Conforme o <strong><a href=\"https:\/\/www.suno.com.br\/autor\/tiago-reis\/\">Tiago Reis<\/a><\/strong>, fundador da casa de an\u00e1lises de investimentos, <strong><a href=\"https:\/\/www.suno.com.br\/\">Suno Research<\/a><\/strong>, as &#8220;<strong>poison pills<\/strong>&#8221; s\u00e3o &#8220;t\u00e1ticas criadas pelas empresas para desencorajar ou at\u00e9 mesmo impedir aquisi\u00e7\u00f5es hostis e companhias no <strong><a href=\"https:\/\/www.suno.com.br\/artigos\/mercado-de-capitais-conceito\/\">mercado de capitais<\/a><\/strong>&#8220;.<\/p>\n<p><a href=\"\/\/www.suno.com.br\/noticias\/gpa-aprova-venda-via-varejo\/\">Saiba Mais:\u00a0GPA aprova venda de fatia na Via Varejo para Michael Klein<\/a><\/p>\n<p>Desse modo, a varejist removeu de seu estatuto a regra de que: se um acionista atingir a quantidade igual ou superior 20% dos papeis, tal acionista ter\u00e1 que realizar uma <strong><a href=\"https:\/\/www.suno.com.br\/artigos\/oferta-publica-aquisicao\/\">Oferta P\u00fablica de Aquisi\u00e7\u00e3o<\/a><\/strong>.<\/p>\n<p>&#8220;Com a dilui\u00e7\u00e3o do<a href=\"https:\/\/www.suno.com.br\/artigos\/capital-estrangeiro\/\"><strong> capital das empresas<\/strong> <\/a>em v\u00e1rios acionistas minorit\u00e1rios \u00e9 muito comum que ocorra uma disputa pelo poder de voto atrav\u00e9s de aquisi\u00e7\u00f5es de a\u00e7\u00f5es dispersas no mercado. Esse tipo de comportamento \u00e9 denominado no mercado como<strong> hostile takeovers<\/strong>&#8220;, explica Reis.<\/p>\n\t<p>\n\t\t<a href=\"https:\/\/lp.suno.com.br\/minicurso-contabilidade\/\" target=\"_blank\" data-element=\"shortcode-suno-banner\" title=\"Banner SUNO, clique e saiba mais\">\n\t\t\t<picture>\n\t\t\t\t<source media=\"(max-width: 500px)\" srcset=\"https:\/\/files.sunoresearch.com.br\/n\/uploads\/2023\/03\/400x300-Minicurso-Contabilidade.png\">\n\t\t\t\t<img class=\"newsContent__article__imgCapa newsContent__article__imgCapa--banner\"\n\t\t\t\t\tsrc=\"https:\/\/files.sunoresearch.com.br\/n\/uploads\/2023\/03\/1420x240-Minicurso-Contabilidade.png\"\n\t\t\t\t\tdata-promo-id=\"383158\"\t\t\t\t\t\t\t\t\t\twidth='1420' height='240'\t\t\t\t\talt=\"https:\/\/files.sunoresearch.com.br\/n\/uploads\/2023\/03\/1420x240-Minicurso-Contabilidade.png\"\n\t\t\t\t>\n\t\t\t<\/picture>\n\t\t<\/a>\n\t<\/p>\n\n\n<h2>\u00daltima cota\u00e7\u00e3o<\/h2>\n<p>Na \u00faltima sess\u00e3o, na quarta-feira (26), a<a href=\"https:\/\/www.viavarejo.com.br\/\"><strong> Via Varejo<\/strong><\/a> (VVAR3), fechou em queda de -1,19% sendo cotado a R$ 4,98.<\/p>\n","protected":false},"excerpt":{"rendered":"<p>A empresa de com\u00e9rcio varejista, Via Varejo, anunciou na \u00faltima quarta-feira (26), o novo presidente de seu conselho, o empres\u00e1rio Michael Klein. Al\u00e9m disso, a dona das Casas Bahia, anunciou que Roberto Fulcherberguer foi eleito a diretor presidente. Via Varejo Ademais, o conselho de administra\u00e7\u00e3o da Via Varejo elegeu Abel Ornelas Vieira como vice-presidente comercial [&hellip;]<\/p>\n","protected":false},"author":15,"featured_media":16175,"comment_status":"closed","ping_status":"closed","sticky":false,"template":"","format":"standard","meta":[],"categories":[64],"tags":[106935],"suno_strategy":[],"class_list":["post-29301","post","type-post","status-publish","format-standard","has-post-thumbnail","hentry","category-negocios","tag-via-viia3"],"yoast_head":"<!-- This site is optimized with the Yoast SEO plugin v24.4 - https:\/\/yoast.com\/wordpress\/plugins\/seo\/ -->\n<title>Via Varejo anuncia Michael Klein como novo presidente do conselho<\/title>\n<meta name=\"description\" content=\"Al\u00e9m disso, a Via Varejo anunciou que Roberto Fulcherberguer foi eleito a diretor presidente. Para saber mais das mudan\u00e7as, clique aqui\" \/>\n<meta name=\"robots\" content=\"index, follow, max-snippet:-1, max-image-preview:large, max-video-preview:-1\" \/>\n<link rel=\"canonical\" href=\"https:\/\/www.suno.com.br\/noticias\/via-varejo-michael-klein\/\" \/>\n<meta property=\"og:locale\" content=\"pt_BR\" \/>\n<meta property=\"og:type\" content=\"article\" \/>\n<meta property=\"og:title\" content=\"Via Varejo anuncia Michael Klein como novo presidente do conselho\" \/>\n<meta property=\"og:description\" content=\"Al\u00e9m disso, a Via Varejo anunciou que Roberto Fulcherberguer foi eleito a diretor presidente. Para saber mais das mudan\u00e7as, clique aqui\" \/>\n<meta property=\"og:url\" content=\"https:\/\/www.suno.com.br\/noticias\/via-varejo-michael-klein\/\" \/>\n<meta property=\"og:site_name\" content=\"Suno Not\u00edcias\" \/>\n<meta property=\"article:publisher\" content=\"https:\/\/facebook.com\/sunoresearch\" \/>\n<meta property=\"og:image\" content=\"https:\/\/files.sunoresearch.com.br\/n\/uploads\/2019\/02\/828c4c15-via-varejo.png\" \/>\n\t<meta property=\"og:image:width\" content=\"646\" \/>\n\t<meta property=\"og:image:height\" content=\"220\" \/>\n\t<meta property=\"og:image:type\" content=\"image\/png\" \/>\n<meta name=\"author\" content=\"Poliana Santos\" \/>\n<meta name=\"twitter:card\" content=\"summary_large_image\" \/>\n<meta name=\"twitter:creator\" content=\"@sunoresearch\" \/>\n<meta name=\"twitter:site\" content=\"@sunoresearch\" \/>\n<meta name=\"twitter:label1\" content=\"Escrito por\" \/>\n\t<meta name=\"twitter:data1\" content=\"Poliana Santos\" \/>\n\t<meta name=\"twitter:label2\" content=\"Est. tempo de leitura\" \/>\n\t<meta name=\"twitter:data2\" content=\"2 minutos\" \/>\n<script type=\"application\/ld+json\" class=\"yoast-schema-graph\">{\"@context\":\"https:\/\/schema.org\",\"@graph\":[{\"@type\":\"NewsArticle\",\"@id\":\"https:\/\/www.suno.com.br\/noticias\/via-varejo-michael-klein\/#article\",\"isPartOf\":{\"@id\":\"https:\/\/www.suno.com.br\/noticias\/via-varejo-michael-klein\/\"},\"author\":{\"name\":\"Poliana Santos\",\"@id\":\"https:\/\/www.suno.com.br\/noticias\/#\/schema\/person\/02ec1f752758247878a2bf4abee1aeda\"},\"headline\":\"Via Varejo anuncia Michael Klein como novo presidente do conselho de administra\u00e7\u00e3o\",\"datePublished\":\"2019-06-27T11:24:09+00:00\",\"dateModified\":\"2019-06-27T13:16:54+00:00\",\"mainEntityOfPage\":{\"@id\":\"https:\/\/www.suno.com.br\/noticias\/via-varejo-michael-klein\/\"},\"wordCount\":423,\"publisher\":{\"@id\":\"https:\/\/www.suno.com.br\/noticias\/#organization\"},\"image\":{\"@id\":\"https:\/\/www.suno.com.br\/noticias\/via-varejo-michael-klein\/#primaryimage\"},\"thumbnailUrl\":\"https:\/\/files.sunoresearch.com.br\/n\/uploads\/2019\/02\/828c4c15-via-varejo-png.webp\",\"keywords\":[\"Via (VIIA3)\"],\"articleSection\":[\"Neg\u00f3cios\"],\"inLanguage\":\"pt-BR\"},{\"@type\":\"WebPage\",\"@id\":\"https:\/\/www.suno.com.br\/noticias\/via-varejo-michael-klein\/\",\"url\":\"https:\/\/www.suno.com.br\/noticias\/via-varejo-michael-klein\/\",\"name\":\"Via Varejo anuncia Michael Klein como novo presidente do conselho\",\"isPartOf\":{\"@id\":\"https:\/\/www.suno.com.br\/noticias\/#website\"},\"primaryImageOfPage\":{\"@id\":\"https:\/\/www.suno.com.br\/noticias\/via-varejo-michael-klein\/#primaryimage\"},\"image\":{\"@id\":\"https:\/\/www.suno.com.br\/noticias\/via-varejo-michael-klein\/#primaryimage\"},\"thumbnailUrl\":\"https:\/\/files.sunoresearch.com.br\/n\/uploads\/2019\/02\/828c4c15-via-varejo-png.webp\",\"datePublished\":\"2019-06-27T11:24:09+00:00\",\"dateModified\":\"2019-06-27T13:16:54+00:00\",\"description\":\"Al\u00e9m disso, a Via Varejo anunciou que Roberto Fulcherberguer foi eleito a diretor presidente. Para saber mais das mudan\u00e7as, clique aqui\",\"breadcrumb\":{\"@id\":\"https:\/\/www.suno.com.br\/noticias\/via-varejo-michael-klein\/#breadcrumb\"},\"inLanguage\":\"pt-BR\",\"potentialAction\":[{\"@type\":\"ReadAction\",\"target\":[\"https:\/\/www.suno.com.br\/noticias\/via-varejo-michael-klein\/\"]}]},{\"@type\":\"ImageObject\",\"inLanguage\":\"pt-BR\",\"@id\":\"https:\/\/www.suno.com.br\/noticias\/via-varejo-michael-klein\/#primaryimage\",\"url\":\"https:\/\/files.sunoresearch.com.br\/n\/uploads\/2019\/02\/828c4c15-via-varejo-png.webp\",\"contentUrl\":\"https:\/\/files.sunoresearch.com.br\/n\/uploads\/2019\/02\/828c4c15-via-varejo-png.webp\",\"width\":646,\"height\":220,\"caption\":\"Via Varejo\"},{\"@type\":\"BreadcrumbList\",\"@id\":\"https:\/\/www.suno.com.br\/noticias\/via-varejo-michael-klein\/#breadcrumb\",\"itemListElement\":[{\"@type\":\"ListItem\",\"position\":1,\"name\":\"Not\u00edcias\",\"item\":\"https:\/\/www.suno.com.br\/noticias\/\"},{\"@type\":\"ListItem\",\"position\":2,\"name\":\"Neg\u00f3cios\",\"item\":\"https:\/\/www.suno.com.br\/noticias\/negocios\/\"},{\"@type\":\"ListItem\",\"position\":3,\"name\":\"Via Varejo anuncia Michael Klein como novo presidente do conselho de administra\u00e7\u00e3o\"}]},{\"@type\":\"WebSite\",\"@id\":\"https:\/\/www.suno.com.br\/noticias\/#website\",\"url\":\"https:\/\/www.suno.com.br\/noticias\/\",\"name\":\"Suno Not\u00edcias\",\"description\":\"Seu portal de informa\u00e7\u00e3o sobre o mundo dos investimentos\",\"publisher\":{\"@id\":\"https:\/\/www.suno.com.br\/noticias\/#organization\"},\"potentialAction\":[{\"@type\":\"SearchAction\",\"target\":{\"@type\":\"EntryPoint\",\"urlTemplate\":\"https:\/\/www.suno.com.br\/noticias\/?s={search_term_string}\"},\"query-input\":{\"@type\":\"PropertyValueSpecification\",\"valueRequired\":true,\"valueName\":\"search_term_string\"}}],\"inLanguage\":\"pt-BR\"},{\"@type\":\"Organization\",\"@id\":\"https:\/\/www.suno.com.br\/noticias\/#organization\",\"name\":\"Suno Not\u00edcias\",\"url\":\"https:\/\/www.suno.com.br\/noticias\/\",\"logo\":{\"@type\":\"ImageObject\",\"inLanguage\":\"pt-BR\",\"@id\":\"https:\/\/www.suno.com.br\/noticias\/#\/schema\/logo\/image\/\",\"url\":\"https:\/\/files.sunoresearch.com.br\/n\/uploads\/2021\/09\/suno-logo.png\",\"contentUrl\":\"https:\/\/files.sunoresearch.com.br\/n\/uploads\/2021\/09\/suno-logo.png\",\"width\":180,\"height\":180,\"caption\":\"Suno Not\u00edcias\"},\"image\":{\"@id\":\"https:\/\/www.suno.com.br\/noticias\/#\/schema\/logo\/image\/\"},\"sameAs\":[\"https:\/\/facebook.com\/sunoresearch\",\"https:\/\/x.com\/sunoresearch\",\"https:\/\/www.instagram.com\/suno\",\"https:\/\/www.linkedin.com\/company\/suno-research\/\",\"https:\/\/www.youtube.com\/c\/sunoresearch\"]},{\"@type\":\"Person\",\"@id\":\"https:\/\/www.suno.com.br\/noticias\/#\/schema\/person\/02ec1f752758247878a2bf4abee1aeda\",\"name\":\"Poliana Santos\",\"image\":{\"@type\":\"ImageObject\",\"inLanguage\":\"pt-BR\",\"@id\":\"https:\/\/www.suno.com.br\/noticias\/#\/schema\/person\/image\/\",\"url\":\"https:\/\/secure.gravatar.com\/avatar\/0645bd32f23d87b2130f2b2dff1d3f8d?s=96&r=g\",\"contentUrl\":\"https:\/\/secure.gravatar.com\/avatar\/0645bd32f23d87b2130f2b2dff1d3f8d?s=96&r=g\",\"caption\":\"Poliana Santos\"},\"description\":\"Rep\u00f3rter no Suno Not\u00edcias, com cobertura em mercado financeiro, economia, finan\u00e7as pessoais, renda fixa e varejo. Jornalista formada pela Faculdade C\u00e1sper L\u00edbero e possui passagem na R\u00e1dio Gazeta AM com a produ\u00e7\u00e3o de conte\u00fado sobre economia, pol\u00edtica, sa\u00fade, moda e m\u00fasica. Possui certificado de conclus\u00e3o do curso de An\u00e1lise de Balan\u00e7os pela Funda\u00e7\u00e3o Bradesco, Agenda Brasil pela FAAP, Educa\u00e7\u00e3o Pol\u00edtica por Alexandre Garcia e do Tesouro Direto e Mercado de A\u00e7\u00f5es pela B3.\",\"url\":\"https:\/\/www.suno.com.br\/noticias\/author\/poliana-santos\/\"}]}<\/script>\n<!-- \/ Yoast SEO plugin. -->","yoast_head_json":{"title":"Via Varejo anuncia Michael Klein como novo presidente do conselho","description":"Al\u00e9m disso, a Via Varejo anunciou que Roberto Fulcherberguer foi eleito a diretor presidente. Para saber mais das mudan\u00e7as, clique aqui","robots":{"index":"index","follow":"follow","max-snippet":"max-snippet:-1","max-image-preview":"max-image-preview:large","max-video-preview":"max-video-preview:-1"},"canonical":"https:\/\/www.suno.com.br\/noticias\/via-varejo-michael-klein\/","og_locale":"pt_BR","og_type":"article","og_title":"Via Varejo anuncia Michael Klein como novo presidente do conselho","og_description":"Al\u00e9m disso, a Via Varejo anunciou que Roberto Fulcherberguer foi eleito a diretor presidente. Para saber mais das mudan\u00e7as, clique aqui","og_url":"https:\/\/www.suno.com.br\/noticias\/via-varejo-michael-klein\/","og_site_name":"Suno Not\u00edcias","article_publisher":"https:\/\/facebook.com\/sunoresearch","og_image":[{"width":646,"height":220,"url":"https:\/\/files.sunoresearch.com.br\/n\/uploads\/2019\/02\/828c4c15-via-varejo.png","type":"image\/png"}],"author":"Poliana Santos","twitter_card":"summary_large_image","twitter_creator":"@sunoresearch","twitter_site":"@sunoresearch","twitter_misc":{"Escrito por":"Poliana Santos","Est. tempo de leitura":"2 minutos"},"schema":{"@context":"https:\/\/schema.org","@graph":[{"@type":"NewsArticle","@id":"https:\/\/www.suno.com.br\/noticias\/via-varejo-michael-klein\/#article","isPartOf":{"@id":"https:\/\/www.suno.com.br\/noticias\/via-varejo-michael-klein\/"},"author":{"name":"Poliana Santos","@id":"https:\/\/www.suno.com.br\/noticias\/#\/schema\/person\/02ec1f752758247878a2bf4abee1aeda"},"headline":"Via Varejo anuncia Michael Klein como novo presidente do conselho de administra\u00e7\u00e3o","datePublished":"2019-06-27T11:24:09+00:00","dateModified":"2019-06-27T13:16:54+00:00","mainEntityOfPage":{"@id":"https:\/\/www.suno.com.br\/noticias\/via-varejo-michael-klein\/"},"wordCount":423,"publisher":{"@id":"https:\/\/www.suno.com.br\/noticias\/#organization"},"image":{"@id":"https:\/\/www.suno.com.br\/noticias\/via-varejo-michael-klein\/#primaryimage"},"thumbnailUrl":"https:\/\/files.sunoresearch.com.br\/n\/uploads\/2019\/02\/828c4c15-via-varejo-png.webp","keywords":["Via (VIIA3)"],"articleSection":["Neg\u00f3cios"],"inLanguage":"pt-BR"},{"@type":"WebPage","@id":"https:\/\/www.suno.com.br\/noticias\/via-varejo-michael-klein\/","url":"https:\/\/www.suno.com.br\/noticias\/via-varejo-michael-klein\/","name":"Via Varejo anuncia Michael Klein como novo presidente do conselho","isPartOf":{"@id":"https:\/\/www.suno.com.br\/noticias\/#website"},"primaryImageOfPage":{"@id":"https:\/\/www.suno.com.br\/noticias\/via-varejo-michael-klein\/#primaryimage"},"image":{"@id":"https:\/\/www.suno.com.br\/noticias\/via-varejo-michael-klein\/#primaryimage"},"thumbnailUrl":"https:\/\/files.sunoresearch.com.br\/n\/uploads\/2019\/02\/828c4c15-via-varejo-png.webp","datePublished":"2019-06-27T11:24:09+00:00","dateModified":"2019-06-27T13:16:54+00:00","description":"Al\u00e9m disso, a Via Varejo anunciou que Roberto Fulcherberguer foi eleito a diretor presidente. Para saber mais das mudan\u00e7as, clique aqui","breadcrumb":{"@id":"https:\/\/www.suno.com.br\/noticias\/via-varejo-michael-klein\/#breadcrumb"},"inLanguage":"pt-BR","potentialAction":[{"@type":"ReadAction","target":["https:\/\/www.suno.com.br\/noticias\/via-varejo-michael-klein\/"]}]},{"@type":"ImageObject","inLanguage":"pt-BR","@id":"https:\/\/www.suno.com.br\/noticias\/via-varejo-michael-klein\/#primaryimage","url":"https:\/\/files.sunoresearch.com.br\/n\/uploads\/2019\/02\/828c4c15-via-varejo-png.webp","contentUrl":"https:\/\/files.sunoresearch.com.br\/n\/uploads\/2019\/02\/828c4c15-via-varejo-png.webp","width":646,"height":220,"caption":"Via Varejo"},{"@type":"BreadcrumbList","@id":"https:\/\/www.suno.com.br\/noticias\/via-varejo-michael-klein\/#breadcrumb","itemListElement":[{"@type":"ListItem","position":1,"name":"Not\u00edcias","item":"https:\/\/www.suno.com.br\/noticias\/"},{"@type":"ListItem","position":2,"name":"Neg\u00f3cios","item":"https:\/\/www.suno.com.br\/noticias\/negocios\/"},{"@type":"ListItem","position":3,"name":"Via Varejo anuncia Michael Klein como novo presidente do conselho de administra\u00e7\u00e3o"}]},{"@type":"WebSite","@id":"https:\/\/www.suno.com.br\/noticias\/#website","url":"https:\/\/www.suno.com.br\/noticias\/","name":"Suno Not\u00edcias","description":"Seu portal de informa\u00e7\u00e3o sobre o mundo dos investimentos","publisher":{"@id":"https:\/\/www.suno.com.br\/noticias\/#organization"},"potentialAction":[{"@type":"SearchAction","target":{"@type":"EntryPoint","urlTemplate":"https:\/\/www.suno.com.br\/noticias\/?s={search_term_string}"},"query-input":{"@type":"PropertyValueSpecification","valueRequired":true,"valueName":"search_term_string"}}],"inLanguage":"pt-BR"},{"@type":"Organization","@id":"https:\/\/www.suno.com.br\/noticias\/#organization","name":"Suno Not\u00edcias","url":"https:\/\/www.suno.com.br\/noticias\/","logo":{"@type":"ImageObject","inLanguage":"pt-BR","@id":"https:\/\/www.suno.com.br\/noticias\/#\/schema\/logo\/image\/","url":"https:\/\/files.sunoresearch.com.br\/n\/uploads\/2021\/09\/suno-logo.png","contentUrl":"https:\/\/files.sunoresearch.com.br\/n\/uploads\/2021\/09\/suno-logo.png","width":180,"height":180,"caption":"Suno Not\u00edcias"},"image":{"@id":"https:\/\/www.suno.com.br\/noticias\/#\/schema\/logo\/image\/"},"sameAs":["https:\/\/facebook.com\/sunoresearch","https:\/\/x.com\/sunoresearch","https:\/\/www.instagram.com\/suno","https:\/\/www.linkedin.com\/company\/suno-research\/","https:\/\/www.youtube.com\/c\/sunoresearch"]},{"@type":"Person","@id":"https:\/\/www.suno.com.br\/noticias\/#\/schema\/person\/02ec1f752758247878a2bf4abee1aeda","name":"Poliana Santos","image":{"@type":"ImageObject","inLanguage":"pt-BR","@id":"https:\/\/www.suno.com.br\/noticias\/#\/schema\/person\/image\/","url":"https:\/\/secure.gravatar.com\/avatar\/0645bd32f23d87b2130f2b2dff1d3f8d?s=96&r=g","contentUrl":"https:\/\/secure.gravatar.com\/avatar\/0645bd32f23d87b2130f2b2dff1d3f8d?s=96&r=g","caption":"Poliana Santos"},"description":"Rep\u00f3rter no Suno Not\u00edcias, com cobertura em mercado financeiro, economia, finan\u00e7as pessoais, renda fixa e varejo. Jornalista formada pela Faculdade C\u00e1sper L\u00edbero e possui passagem na R\u00e1dio Gazeta AM com a produ\u00e7\u00e3o de conte\u00fado sobre economia, pol\u00edtica, sa\u00fade, moda e m\u00fasica. Possui certificado de conclus\u00e3o do curso de An\u00e1lise de Balan\u00e7os pela Funda\u00e7\u00e3o Bradesco, Agenda Brasil pela FAAP, Educa\u00e7\u00e3o Pol\u00edtica por Alexandre Garcia e do Tesouro Direto e Mercado de A\u00e7\u00f5es pela B3.","url":"https:\/\/www.suno.com.br\/noticias\/author\/poliana-santos\/"}]}},"default_loop_html":"<div class=\"cardsPage__listCard__boxs\"><div class=\"cardsPage__listCard__boxs__img\"><a href=\"https:\/\/www.suno.com.br\/noticias\/via-varejo-michael-klein\/\"><img class=\"mask\" src=\"https:\/\/www.suno.com.br\/noticias\/wp-content\/themes\/suno\/resources\/images\/spotlight\/spotlight1img\/bg-mask.png\" alt=\"Image Mask\"\/><img src=\"https:\/\/files.sunoresearch.com.br\/n\/uploads\/2019\/02\/828c4c15-via-varejo-400x200.webp\" alt=\"Via Varejo anuncia Michael Klein como novo presidente do conselho de administra\u00e7\u00e3o\"\/><\/a><span class=\"spotlightCategory\"><a href=\"https:\/\/www.suno.com.br\/noticias\/negocios\/\">Neg\u00f3cios<\/a><\/span><\/div><div class=\"cardsPage__listCard__boxs__content\"><a href=\"https:\/\/www.suno.com.br\/noticias\/via-varejo-michael-klein\/\"><h2 class=\"content__title\">Via Varejo anuncia Michael Klein como novo presidente do conselho de administra\u00e7\u00e3o<\/h2><\/a><div class=\"newsContent__article__meta\"><div class=\"newsContent__article__meta__authorBox\"><a href=\"https:\/\/www.suno.com.br\/noticias\/author\/poliana-santos\/\" class=\"authorBox__avatar noMobi\"><img src=\"https:\/\/files.sunoresearch.com.br\/n\/uploads\/2020\/08\/7ef34026-whatsapp-image-2020-08-03-at-12.37.57-150x150.webp\" alt=\"Poliana Santos\"><\/a><div class=\"authorBox__name\"><span>por\n\t\t\t<a href=\"https:\/\/www.suno.com.br\/noticias\/author\/poliana-santos\/\"><span itemprop=\"author\">Poliana Santos<\/span><\/a><\/span><time datetime=\"2019-06-27T08:24:09-03:00\" itemprop=\"datePublished\">27\/06\/2019 08:24<\/time><\/div><\/div><\/div><\/div><\/div>","single_layout":"posts","amp_enabled":true,"_links":{"self":[{"href":"https:\/\/www.suno.com.br\/noticias\/wp-json\/wp\/v2\/posts\/29301"}],"collection":[{"href":"https:\/\/www.suno.com.br\/noticias\/wp-json\/wp\/v2\/posts"}],"about":[{"href":"https:\/\/www.suno.com.br\/noticias\/wp-json\/wp\/v2\/types\/post"}],"author":[{"embeddable":true,"href":"https:\/\/www.suno.com.br\/noticias\/wp-json\/wp\/v2\/users\/15"}],"replies":[{"embeddable":true,"href":"https:\/\/www.suno.com.br\/noticias\/wp-json\/wp\/v2\/comments?post=29301"}],"version-history":[{"count":0,"href":"https:\/\/www.suno.com.br\/noticias\/wp-json\/wp\/v2\/posts\/29301\/revisions"}],"wp:featuredmedia":[{"embeddable":true,"href":"https:\/\/www.suno.com.br\/noticias\/wp-json\/wp\/v2\/media\/16175"}],"wp:attachment":[{"href":"https:\/\/www.suno.com.br\/noticias\/wp-json\/wp\/v2\/media?parent=29301"}],"wp:term":[{"taxonomy":"category","embeddable":true,"href":"https:\/\/www.suno.com.br\/noticias\/wp-json\/wp\/v2\/categories?post=29301"},{"taxonomy":"post_tag","embeddable":true,"href":"https:\/\/www.suno.com.br\/noticias\/wp-json\/wp\/v2\/tags?post=29301"},{"taxonomy":"suno_strategy","embeddable":true,"href":"https:\/\/www.suno.com.br\/noticias\/wp-json\/wp\/v2\/suno_strategy?post=29301"}],"curies":[{"name":"wp","href":"https:\/\/api.w.org\/{rel}","templated":true}]}}