{"id":29299,"date":"2019-06-27T08:45:22","date_gmt":"2019-06-27T11:45:22","guid":{"rendered":"https:\/\/www.suno.com.br\/noticias\/?p=29299"},"modified":"2019-06-27T17:51:57","modified_gmt":"2019-06-27T20:51:57","slug":"g20-encontro-trump-xi-jinping","status":"publish","type":"post","link":"https:\/\/www.suno.com.br\/noticias\/g20-encontro-trump-xi-jinping\/","title":{"rendered":"G20: Encontro de Trump e Xi Jinping \u00e9 o mais esperado da reuni\u00e3o"},"content":{"rendered":"<p>O G20 come\u00e7a nesta sexta-feira (28) em Osaka, no Jap\u00e3o e vai at\u00e9 s\u00e1bado (29). Durante a reuni\u00e3o dever\u00e3o ser discutidos os conflitos globais, principalmente as negocia\u00e7\u00f5es entre <strong>China<\/strong> e <strong>Estados<\/strong> <strong>Unidos<\/strong>, as tens\u00f5es entre EUA e <strong>Ir\u00e3<\/strong> e acordo comercial entre <strong>Mercosul<\/strong> e <strong>Uni\u00e3o<\/strong> <strong>Europeia<\/strong>.<\/p>\t<div class=\"wrapper-featured-image\">\n\t\t<figure class=\"spotlightImg\">\n\n\t\t\t<picture>\n\t\t\t\t<source media=\"(max-width: 768px)\" srcset=\"https:\/\/files.sunoresearch.com.br\/n\/uploads\/2019\/06\/629dc6ab-g20-400x200.webp\">\n\t\t\t\t<img loading=\"lazy\" decoding=\"async\" class=\"newsContent__article__imgCapa lazyloadDisabled newsContent__article__imgCapa--noCaption\" src=\"https:\/\/files.sunoresearch.com.br\/n\/uploads\/2019\/06\/629dc6ab-g20-jpg.webp\" width=\"800\" height=\"450\" alt=\"G20: Encontro de Trump e Xi Jinping \u00e9 o mais esperado da reuni\u00e3o\" fetchpriority=high \/>\n\t\t\t<\/picture>\n\n\t\t\t<figcaption class=\"wp-caption-text wp-caption-text--hide\">G20: Encontro de Trump e Xi Jinping \u00e9 o mais esperado da reuni\u00e3o<\/figcaption>\n\t\t<\/figure>\n\t<\/div>\n\n\n<p>O <strong>G20<\/strong> tamb\u00e9m ser\u00e1 marcado pela primeira reuni\u00e3o entre o presidente dos Estados Unidos, <strong>Donald<\/strong> <strong>Trump<\/strong> e o presidente da China, <strong>Xi<\/strong> <strong>Jinping<\/strong>, neste ano. O \u00faltimo encontro entre os l\u00edderes aconteceu na edi\u00e7\u00e3o passada do G20, em Buenos Aires, em 2018.<\/p>\n\t<p>\n\t\t<a href=\"https:\/\/lp.suno.com.br\/ao\/cadastro-whatsapp\/\" target=\"_blank\" data-element=\"shortcode-suno-banner\" title=\"Banner SUNO, clique e saiba mais\">\n\t\t\t<picture>\n\t\t\t\t<source media=\"(max-width: 500px)\" srcset=\"https:\/\/files.sunoresearch.com.br\/n\/uploads\/2024\/02\/400x300-Mobile-Artigos-7.png\">\n\t\t\t\t<img class=\"newsContent__article__imgCapa newsContent__article__imgCapa--banner\"\n\t\t\t\t\tsrc=\"https:\/\/files.sunoresearch.com.br\/n\/uploads\/2024\/01\/1420x240-Banner-Artigos-1-_-Banner-Materias-8.png\"\n\t\t\t\t\tdata-promo-id=\"517344\"\t\t\t\t\t\t\t\t\t\twidth='1420' height='240'\t\t\t\t\talt=\"https:\/\/files.sunoresearch.com.br\/n\/uploads\/2024\/01\/1420x240-Banner-Artigos-1-_-Banner-Materias-8.png\"\n\t\t\t\t>\n\t\t\t<\/picture>\n\t\t<\/a>\n\t<\/p>\n\n\n<p>Nesta edi\u00e7\u00e3o \u00e9 aguardado um acerto entre os presidentes para que China e EUA cheguem a um <strong>acordo<\/strong> <strong>comercial<\/strong>, j\u00e1 que as tens\u00f5es da guerra comercial entre os pa\u00edses gera preocupa\u00e7\u00f5es sobre uma poss\u00edvel recess\u00e3o da economia global. As negocia\u00e7\u00f5es entre as pot\u00eancias econ\u00f4micas come\u00e7aram na \u00faltima edi\u00e7\u00e3o.<\/p>\n<p>Na \u00faltima quarta-feira (26), o presidente dos Estados Unidos afirmou ser &#8220;absolutamente poss\u00edvel&#8221; chegar a um acordo com a China.<\/p>\n<h2>Brasil no G20<\/h2>\n<p>O presidente <strong>Jair<\/strong> <strong>Bolsonaro<\/strong> foi para <strong>Osaka<\/strong>, no Jap\u00e3o, na \u00faltima ter\u00e7a-feira (25), para participar do G20 e chegou nesta quinta-feira (27).<\/p>\n<p>De acordo com o presidente, durante o G20 o Brasil vai tratar &#8220;das perspectivas para o <strong>com\u00e9rcio<\/strong> e os <strong>investimentos<\/strong> e de grandes temas da agenda mundial, como inova\u00e7\u00e3o, infraestrutura e novas matrizes energ\u00e9ticas&#8221;.<\/p>\n<p><a href=\"https:\/\/www.suno.com.br\/noticias\/bolsonaro-participar-g20\/\">Saiba mais:\u00a0Bolsonaro embarca para o Jap\u00e3o para participar do G20; Confira agenda<\/a><\/p>\n<p>Al\u00e9m disso, Bolsonaro falou que vai apresentar da reuni\u00e3o &#8220;uma mensagem de abertura e de apoio \u00e0 <strong>liberdade<\/strong> <strong>econ\u00f4mica<\/strong>. Marcaremos nossa posi\u00e7\u00e3o em favor do sistema multilateral de com\u00e9rcio e apresentaremos, aos demais participantes, nossa agenda de reformas para reerguer a <strong>economia<\/strong> do nosso pa\u00eds&#8221;.<\/p>\n<h3>Agenda do presidente<\/h3>\n<h4>Sexta-feira (28)<\/h4>\n<p>Pela manh\u00e3, o presidente deve acompanhar a audi\u00eancia do presidente do <strong>Banco<\/strong> <strong>Mundial<\/strong>, David Malpass. Al\u00e9m disso, ter\u00e1 uma reuni\u00e3o informa do BRICS e um encontro bilateral com o presidente da China, <strong>Xi Jinping<\/strong>.<\/p>\n<p>Ao meio-dia, a primeira sess\u00e3o plen\u00e1ria da c\u00fapula do G20 ter\u00e1 acesso. Depois disso, durante a tarde ser\u00e3o feitas <strong>reuni\u00f5es<\/strong> <strong>paralelas<\/strong> entre os l\u00edderes sobre a <strong>economia<\/strong> <strong>digital<\/strong> e uma segunda sess\u00e3o plen\u00e1rias entre os l\u00edderes do G20. O dia ser\u00e1 finalizado com um jantar oferecido pelo primeiro-ministro do Jap\u00e3o, Shinzo Abe.<\/p>\n<h4>S\u00e1bado (29)<\/h4>\n<p>Pela manh\u00e3, o presidente participar\u00e1 de uma reuni\u00e3o bilateral com o primeiro-ministro da \u00cdndia, Narendra Modi. Depois disso, ser\u00e1 feita uma reuni\u00e3o paralela entre os l\u00edderes para tratar do empoderamento das mulheres e uma terceira <strong>sess\u00e3o<\/strong> plen\u00e1ria da c\u00fapula do G20.<\/p>\n<p>No meio do dia, Bolsonaro far\u00e1 uma <strong>reuni\u00e3o<\/strong> <strong>bilateral<\/strong> com o l\u00edder da Ar\u00e1bia Saudita, Mohammed bin Salman, e ap\u00f3s isso, ter\u00e1 a quarta sess\u00e3o plen\u00e1ria da c\u00fapula do G20.<\/p>\n\t<p>\n\t\t<a href=\"https:\/\/lp.suno.com.br\/planilha-controle-gastos\/\" target=\"_blank\" data-element=\"shortcode-suno-banner\" title=\"Banner SUNO, clique e saiba mais\">\n\t\t\t<picture>\n\t\t\t\t<source media=\"(max-width: 500px)\" srcset=\"https:\/\/files.sunoresearch.com.br\/n\/uploads\/2023\/03\/400x300-Planilha-controle-de-gastos.png\">\n\t\t\t\t<img class=\"newsContent__article__imgCapa newsContent__article__imgCapa--banner\"\n\t\t\t\t\tsrc=\"https:\/\/files.sunoresearch.com.br\/n\/uploads\/2023\/03\/1420x240-Planilha-controle-de-gastos.png\"\n\t\t\t\t\tdata-promo-id=\"102417\"\t\t\t\t\t\t\t\t\t\twidth='1420' height='240'\t\t\t\t\talt=\"https:\/\/files.sunoresearch.com.br\/n\/uploads\/2023\/03\/1420x240-Planilha-controle-de-gastos.png\"\n\t\t\t\t>\n\t\t\t<\/picture>\n\t\t<\/a>\n\t<\/p>\n\n\n<p>Durante a tarde, acontecer\u00e1 a sess\u00e3o de encerramento do <strong>G20<\/strong> e uma reuni\u00e3o bilateral com o primeiro-ministro de Singapura, Lee Hsien-Loong. Por volta das 18h, <strong>Bolsonaro<\/strong> embarca para o <strong>Brasil<\/strong>.<\/p>\n","protected":false},"excerpt":{"rendered":"<p>O G20 come\u00e7a nesta sexta-feira (28) em Osaka, no Jap\u00e3o e vai at\u00e9 s\u00e1bado (29). Durante a reuni\u00e3o dever\u00e3o ser discutidos os conflitos globais, principalmente as negocia\u00e7\u00f5es entre China e Estados Unidos, as tens\u00f5es entre EUA e Ir\u00e3 e acordo comercial entre Mercosul e Uni\u00e3o Europeia. G20: Encontro de Trump e Xi Jinping \u00e9 o [&hellip;]<\/p>\n","protected":false},"author":11,"featured_media":29308,"comment_status":"closed","ping_status":"closed","sticky":false,"template":"","format":"standard","meta":[],"categories":[63],"tags":[801,719],"suno_strategy":[],"class_list":["post-29299","post","type-post","status-publish","format-standard","has-post-thumbnail","hentry","category-internacional","tag-g20","tag-jair-bolsonaro"],"yoast_head":"<!-- This site is optimized with the Yoast SEO plugin v24.4 - https:\/\/yoast.com\/wordpress\/plugins\/seo\/ -->\n<title>G20: Encontro de Trump e Xi Jinping \u00e9 o mais esperado da reuni\u00e3o<\/title>\n<meta name=\"description\" content=\"O presidente Jair Bolsonaro desembarcou em Osaka, no Jap\u00e3o, nesta quinta-feira (27), para participar do G20. Clique para saber mais.\" \/>\n<meta name=\"robots\" content=\"index, follow, max-snippet:-1, max-image-preview:large, max-video-preview:-1\" \/>\n<link rel=\"canonical\" href=\"https:\/\/www.suno.com.br\/noticias\/g20-encontro-trump-xi-jinping\/\" \/>\n<meta property=\"og:locale\" content=\"pt_BR\" \/>\n<meta property=\"og:type\" content=\"article\" \/>\n<meta property=\"og:title\" content=\"G20: Encontro de Trump e Xi Jinping \u00e9 o mais esperado da reuni\u00e3o\" \/>\n<meta property=\"og:description\" content=\"O presidente Jair Bolsonaro desembarcou em Osaka, no Jap\u00e3o, nesta quinta-feira (27), para participar do G20. Clique para saber mais.\" \/>\n<meta property=\"og:url\" content=\"https:\/\/www.suno.com.br\/noticias\/g20-encontro-trump-xi-jinping\/\" \/>\n<meta property=\"og:site_name\" content=\"Suno Not\u00edcias\" \/>\n<meta property=\"article:publisher\" content=\"https:\/\/facebook.com\/sunoresearch\" \/>\n<meta property=\"og:image\" content=\"https:\/\/files.sunoresearch.com.br\/n\/uploads\/2019\/06\/629dc6ab-g20.jpg\" \/>\n\t<meta property=\"og:image:width\" content=\"1100\" \/>\n\t<meta property=\"og:image:height\" content=\"370\" \/>\n\t<meta property=\"og:image:type\" content=\"image\/jpeg\" \/>\n<meta name=\"author\" content=\"Renan Bandeira\" \/>\n<meta name=\"twitter:card\" content=\"summary_large_image\" \/>\n<meta name=\"twitter:creator\" content=\"@sunoresearch\" \/>\n<meta name=\"twitter:site\" content=\"@sunoresearch\" \/>\n<meta name=\"twitter:label1\" content=\"Escrito por\" \/>\n\t<meta name=\"twitter:data1\" content=\"Renan Bandeira\" \/>\n\t<meta name=\"twitter:label2\" content=\"Est. tempo de leitura\" \/>\n\t<meta name=\"twitter:data2\" content=\"3 minutos\" \/>\n<script type=\"application\/ld+json\" class=\"yoast-schema-graph\">{\"@context\":\"https:\/\/schema.org\",\"@graph\":[{\"@type\":\"NewsArticle\",\"@id\":\"https:\/\/www.suno.com.br\/noticias\/g20-encontro-trump-xi-jinping\/#article\",\"isPartOf\":{\"@id\":\"https:\/\/www.suno.com.br\/noticias\/g20-encontro-trump-xi-jinping\/\"},\"author\":{\"name\":\"Renan Bandeira\",\"@id\":\"https:\/\/www.suno.com.br\/noticias\/#\/schema\/person\/fc144a1c6108bd1dcd43784e88a3c138\"},\"headline\":\"G20: Encontro de Trump e Xi Jinping \u00e9 o mais esperado da reuni\u00e3o\",\"datePublished\":\"2019-06-27T11:45:22+00:00\",\"dateModified\":\"2019-06-27T20:51:57+00:00\",\"mainEntityOfPage\":{\"@id\":\"https:\/\/www.suno.com.br\/noticias\/g20-encontro-trump-xi-jinping\/\"},\"wordCount\":541,\"publisher\":{\"@id\":\"https:\/\/www.suno.com.br\/noticias\/#organization\"},\"image\":{\"@id\":\"https:\/\/www.suno.com.br\/noticias\/g20-encontro-trump-xi-jinping\/#primaryimage\"},\"thumbnailUrl\":\"https:\/\/files.sunoresearch.com.br\/n\/uploads\/2019\/06\/629dc6ab-g20-jpg.webp\",\"keywords\":[\"G20\",\"Jair Bolsonaro\"],\"articleSection\":[\"Internacional\"],\"inLanguage\":\"pt-BR\"},{\"@type\":\"WebPage\",\"@id\":\"https:\/\/www.suno.com.br\/noticias\/g20-encontro-trump-xi-jinping\/\",\"url\":\"https:\/\/www.suno.com.br\/noticias\/g20-encontro-trump-xi-jinping\/\",\"name\":\"G20: Encontro de Trump e Xi Jinping \u00e9 o mais esperado da reuni\u00e3o\",\"isPartOf\":{\"@id\":\"https:\/\/www.suno.com.br\/noticias\/#website\"},\"primaryImageOfPage\":{\"@id\":\"https:\/\/www.suno.com.br\/noticias\/g20-encontro-trump-xi-jinping\/#primaryimage\"},\"image\":{\"@id\":\"https:\/\/www.suno.com.br\/noticias\/g20-encontro-trump-xi-jinping\/#primaryimage\"},\"thumbnailUrl\":\"https:\/\/files.sunoresearch.com.br\/n\/uploads\/2019\/06\/629dc6ab-g20-jpg.webp\",\"datePublished\":\"2019-06-27T11:45:22+00:00\",\"dateModified\":\"2019-06-27T20:51:57+00:00\",\"description\":\"O presidente Jair Bolsonaro desembarcou em Osaka, no Jap\u00e3o, nesta quinta-feira (27), para participar do G20. Clique para saber mais.\",\"breadcrumb\":{\"@id\":\"https:\/\/www.suno.com.br\/noticias\/g20-encontro-trump-xi-jinping\/#breadcrumb\"},\"inLanguage\":\"pt-BR\",\"potentialAction\":[{\"@type\":\"ReadAction\",\"target\":[\"https:\/\/www.suno.com.br\/noticias\/g20-encontro-trump-xi-jinping\/\"]}]},{\"@type\":\"ImageObject\",\"inLanguage\":\"pt-BR\",\"@id\":\"https:\/\/www.suno.com.br\/noticias\/g20-encontro-trump-xi-jinping\/#primaryimage\",\"url\":\"https:\/\/files.sunoresearch.com.br\/n\/uploads\/2019\/06\/629dc6ab-g20-jpg.webp\",\"contentUrl\":\"https:\/\/files.sunoresearch.com.br\/n\/uploads\/2019\/06\/629dc6ab-g20-jpg.webp\",\"width\":1100,\"height\":370,\"caption\":\"G20: Encontro de Trump e Xi Jinping \u00e9 o mais esperado da reuni\u00e3o\"},{\"@type\":\"BreadcrumbList\",\"@id\":\"https:\/\/www.suno.com.br\/noticias\/g20-encontro-trump-xi-jinping\/#breadcrumb\",\"itemListElement\":[{\"@type\":\"ListItem\",\"position\":1,\"name\":\"Not\u00edcias\",\"item\":\"https:\/\/www.suno.com.br\/noticias\/\"},{\"@type\":\"ListItem\",\"position\":2,\"name\":\"Internacional\",\"item\":\"https:\/\/www.suno.com.br\/noticias\/internacional\/\"},{\"@type\":\"ListItem\",\"position\":3,\"name\":\"G20: Encontro de Trump e Xi Jinping \u00e9 o mais esperado da reuni\u00e3o\"}]},{\"@type\":\"WebSite\",\"@id\":\"https:\/\/www.suno.com.br\/noticias\/#website\",\"url\":\"https:\/\/www.suno.com.br\/noticias\/\",\"name\":\"Suno Not\u00edcias\",\"description\":\"Seu portal de informa\u00e7\u00e3o sobre o mundo dos investimentos\",\"publisher\":{\"@id\":\"https:\/\/www.suno.com.br\/noticias\/#organization\"},\"potentialAction\":[{\"@type\":\"SearchAction\",\"target\":{\"@type\":\"EntryPoint\",\"urlTemplate\":\"https:\/\/www.suno.com.br\/noticias\/?s={search_term_string}\"},\"query-input\":{\"@type\":\"PropertyValueSpecification\",\"valueRequired\":true,\"valueName\":\"search_term_string\"}}],\"inLanguage\":\"pt-BR\"},{\"@type\":\"Organization\",\"@id\":\"https:\/\/www.suno.com.br\/noticias\/#organization\",\"name\":\"Suno Not\u00edcias\",\"url\":\"https:\/\/www.suno.com.br\/noticias\/\",\"logo\":{\"@type\":\"ImageObject\",\"inLanguage\":\"pt-BR\",\"@id\":\"https:\/\/www.suno.com.br\/noticias\/#\/schema\/logo\/image\/\",\"url\":\"https:\/\/files.sunoresearch.com.br\/n\/uploads\/2021\/09\/suno-logo.png\",\"contentUrl\":\"https:\/\/files.sunoresearch.com.br\/n\/uploads\/2021\/09\/suno-logo.png\",\"width\":180,\"height\":180,\"caption\":\"Suno Not\u00edcias\"},\"image\":{\"@id\":\"https:\/\/www.suno.com.br\/noticias\/#\/schema\/logo\/image\/\"},\"sameAs\":[\"https:\/\/facebook.com\/sunoresearch\",\"https:\/\/x.com\/sunoresearch\",\"https:\/\/www.instagram.com\/suno\",\"https:\/\/www.linkedin.com\/company\/suno-research\/\",\"https:\/\/www.youtube.com\/c\/sunoresearch\"]},{\"@type\":\"Person\",\"@id\":\"https:\/\/www.suno.com.br\/noticias\/#\/schema\/person\/fc144a1c6108bd1dcd43784e88a3c138\",\"name\":\"Renan Bandeira\",\"image\":{\"@type\":\"ImageObject\",\"inLanguage\":\"pt-BR\",\"@id\":\"https:\/\/www.suno.com.br\/noticias\/#\/schema\/person\/image\/\",\"url\":\"https:\/\/secure.gravatar.com\/avatar\/68359cdb608f14f11bbefcb78f3fc747?s=96&r=g\",\"contentUrl\":\"https:\/\/secure.gravatar.com\/avatar\/68359cdb608f14f11bbefcb78f3fc747?s=96&r=g\",\"caption\":\"Renan Bandeira\"},\"description\":\"Renan Bandeira escreve sobre pol\u00edtica e economia para o portal da Suno Research. Antes da Suno, trabalhou em uma rede de televis\u00e3o, onde fazia reportagens sobre os mesmos temas. Estuda na Universidade Metodista de S\u00e3o Paulo.\",\"url\":\"https:\/\/www.suno.com.br\/noticias\/author\/renan-bandeira\/\"}]}<\/script>\n<!-- \/ Yoast SEO plugin. -->","yoast_head_json":{"title":"G20: Encontro de Trump e Xi Jinping \u00e9 o mais esperado da reuni\u00e3o","description":"O presidente Jair Bolsonaro desembarcou em Osaka, no Jap\u00e3o, nesta quinta-feira (27), para participar do G20. Clique para saber mais.","robots":{"index":"index","follow":"follow","max-snippet":"max-snippet:-1","max-image-preview":"max-image-preview:large","max-video-preview":"max-video-preview:-1"},"canonical":"https:\/\/www.suno.com.br\/noticias\/g20-encontro-trump-xi-jinping\/","og_locale":"pt_BR","og_type":"article","og_title":"G20: Encontro de Trump e Xi Jinping \u00e9 o mais esperado da reuni\u00e3o","og_description":"O presidente Jair Bolsonaro desembarcou em Osaka, no Jap\u00e3o, nesta quinta-feira (27), para participar do G20. Clique para saber mais.","og_url":"https:\/\/www.suno.com.br\/noticias\/g20-encontro-trump-xi-jinping\/","og_site_name":"Suno Not\u00edcias","article_publisher":"https:\/\/facebook.com\/sunoresearch","og_image":[{"width":1100,"height":370,"url":"https:\/\/files.sunoresearch.com.br\/n\/uploads\/2019\/06\/629dc6ab-g20.jpg","type":"image\/jpeg"}],"author":"Renan Bandeira","twitter_card":"summary_large_image","twitter_creator":"@sunoresearch","twitter_site":"@sunoresearch","twitter_misc":{"Escrito por":"Renan Bandeira","Est. tempo de leitura":"3 minutos"},"schema":{"@context":"https:\/\/schema.org","@graph":[{"@type":"NewsArticle","@id":"https:\/\/www.suno.com.br\/noticias\/g20-encontro-trump-xi-jinping\/#article","isPartOf":{"@id":"https:\/\/www.suno.com.br\/noticias\/g20-encontro-trump-xi-jinping\/"},"author":{"name":"Renan Bandeira","@id":"https:\/\/www.suno.com.br\/noticias\/#\/schema\/person\/fc144a1c6108bd1dcd43784e88a3c138"},"headline":"G20: Encontro de Trump e Xi Jinping \u00e9 o mais esperado da reuni\u00e3o","datePublished":"2019-06-27T11:45:22+00:00","dateModified":"2019-06-27T20:51:57+00:00","mainEntityOfPage":{"@id":"https:\/\/www.suno.com.br\/noticias\/g20-encontro-trump-xi-jinping\/"},"wordCount":541,"publisher":{"@id":"https:\/\/www.suno.com.br\/noticias\/#organization"},"image":{"@id":"https:\/\/www.suno.com.br\/noticias\/g20-encontro-trump-xi-jinping\/#primaryimage"},"thumbnailUrl":"https:\/\/files.sunoresearch.com.br\/n\/uploads\/2019\/06\/629dc6ab-g20-jpg.webp","keywords":["G20","Jair Bolsonaro"],"articleSection":["Internacional"],"inLanguage":"pt-BR"},{"@type":"WebPage","@id":"https:\/\/www.suno.com.br\/noticias\/g20-encontro-trump-xi-jinping\/","url":"https:\/\/www.suno.com.br\/noticias\/g20-encontro-trump-xi-jinping\/","name":"G20: Encontro de Trump e Xi Jinping \u00e9 o mais esperado da reuni\u00e3o","isPartOf":{"@id":"https:\/\/www.suno.com.br\/noticias\/#website"},"primaryImageOfPage":{"@id":"https:\/\/www.suno.com.br\/noticias\/g20-encontro-trump-xi-jinping\/#primaryimage"},"image":{"@id":"https:\/\/www.suno.com.br\/noticias\/g20-encontro-trump-xi-jinping\/#primaryimage"},"thumbnailUrl":"https:\/\/files.sunoresearch.com.br\/n\/uploads\/2019\/06\/629dc6ab-g20-jpg.webp","datePublished":"2019-06-27T11:45:22+00:00","dateModified":"2019-06-27T20:51:57+00:00","description":"O presidente Jair Bolsonaro desembarcou em Osaka, no Jap\u00e3o, nesta quinta-feira (27), para participar do G20. Clique para saber mais.","breadcrumb":{"@id":"https:\/\/www.suno.com.br\/noticias\/g20-encontro-trump-xi-jinping\/#breadcrumb"},"inLanguage":"pt-BR","potentialAction":[{"@type":"ReadAction","target":["https:\/\/www.suno.com.br\/noticias\/g20-encontro-trump-xi-jinping\/"]}]},{"@type":"ImageObject","inLanguage":"pt-BR","@id":"https:\/\/www.suno.com.br\/noticias\/g20-encontro-trump-xi-jinping\/#primaryimage","url":"https:\/\/files.sunoresearch.com.br\/n\/uploads\/2019\/06\/629dc6ab-g20-jpg.webp","contentUrl":"https:\/\/files.sunoresearch.com.br\/n\/uploads\/2019\/06\/629dc6ab-g20-jpg.webp","width":1100,"height":370,"caption":"G20: Encontro de Trump e Xi Jinping \u00e9 o mais esperado da reuni\u00e3o"},{"@type":"BreadcrumbList","@id":"https:\/\/www.suno.com.br\/noticias\/g20-encontro-trump-xi-jinping\/#breadcrumb","itemListElement":[{"@type":"ListItem","position":1,"name":"Not\u00edcias","item":"https:\/\/www.suno.com.br\/noticias\/"},{"@type":"ListItem","position":2,"name":"Internacional","item":"https:\/\/www.suno.com.br\/noticias\/internacional\/"},{"@type":"ListItem","position":3,"name":"G20: Encontro de Trump e Xi Jinping \u00e9 o mais esperado da reuni\u00e3o"}]},{"@type":"WebSite","@id":"https:\/\/www.suno.com.br\/noticias\/#website","url":"https:\/\/www.suno.com.br\/noticias\/","name":"Suno Not\u00edcias","description":"Seu portal de informa\u00e7\u00e3o sobre o mundo dos investimentos","publisher":{"@id":"https:\/\/www.suno.com.br\/noticias\/#organization"},"potentialAction":[{"@type":"SearchAction","target":{"@type":"EntryPoint","urlTemplate":"https:\/\/www.suno.com.br\/noticias\/?s={search_term_string}"},"query-input":{"@type":"PropertyValueSpecification","valueRequired":true,"valueName":"search_term_string"}}],"inLanguage":"pt-BR"},{"@type":"Organization","@id":"https:\/\/www.suno.com.br\/noticias\/#organization","name":"Suno Not\u00edcias","url":"https:\/\/www.suno.com.br\/noticias\/","logo":{"@type":"ImageObject","inLanguage":"pt-BR","@id":"https:\/\/www.suno.com.br\/noticias\/#\/schema\/logo\/image\/","url":"https:\/\/files.sunoresearch.com.br\/n\/uploads\/2021\/09\/suno-logo.png","contentUrl":"https:\/\/files.sunoresearch.com.br\/n\/uploads\/2021\/09\/suno-logo.png","width":180,"height":180,"caption":"Suno Not\u00edcias"},"image":{"@id":"https:\/\/www.suno.com.br\/noticias\/#\/schema\/logo\/image\/"},"sameAs":["https:\/\/facebook.com\/sunoresearch","https:\/\/x.com\/sunoresearch","https:\/\/www.instagram.com\/suno","https:\/\/www.linkedin.com\/company\/suno-research\/","https:\/\/www.youtube.com\/c\/sunoresearch"]},{"@type":"Person","@id":"https:\/\/www.suno.com.br\/noticias\/#\/schema\/person\/fc144a1c6108bd1dcd43784e88a3c138","name":"Renan Bandeira","image":{"@type":"ImageObject","inLanguage":"pt-BR","@id":"https:\/\/www.suno.com.br\/noticias\/#\/schema\/person\/image\/","url":"https:\/\/secure.gravatar.com\/avatar\/68359cdb608f14f11bbefcb78f3fc747?s=96&r=g","contentUrl":"https:\/\/secure.gravatar.com\/avatar\/68359cdb608f14f11bbefcb78f3fc747?s=96&r=g","caption":"Renan Bandeira"},"description":"Renan Bandeira escreve sobre pol\u00edtica e economia para o portal da Suno Research. Antes da Suno, trabalhou em uma rede de televis\u00e3o, onde fazia reportagens sobre os mesmos temas. Estuda na Universidade Metodista de S\u00e3o Paulo.","url":"https:\/\/www.suno.com.br\/noticias\/author\/renan-bandeira\/"}]}},"default_loop_html":"<div class=\"cardsPage__listCard__boxs\"><div class=\"cardsPage__listCard__boxs__img\"><a href=\"https:\/\/www.suno.com.br\/noticias\/g20-encontro-trump-xi-jinping\/\"><img class=\"mask\" src=\"https:\/\/www.suno.com.br\/noticias\/wp-content\/themes\/suno\/resources\/images\/spotlight\/spotlight1img\/bg-mask.png\" alt=\"Image Mask\"\/><img src=\"https:\/\/files.sunoresearch.com.br\/n\/uploads\/2019\/06\/629dc6ab-g20-400x200.webp\" alt=\"G20: Encontro de Trump e Xi Jinping \u00e9 o mais esperado da reuni\u00e3o\"\/><\/a><span class=\"spotlightCategory\"><a href=\"https:\/\/www.suno.com.br\/noticias\/internacional\/\">Internacional<\/a><\/span><\/div><div class=\"cardsPage__listCard__boxs__content\"><a href=\"https:\/\/www.suno.com.br\/noticias\/g20-encontro-trump-xi-jinping\/\"><h2 class=\"content__title\">G20: Encontro de Trump e Xi Jinping \u00e9 o mais esperado da reuni\u00e3o<\/h2><\/a><div class=\"newsContent__article__meta\"><div class=\"newsContent__article__meta__authorBox\"><a href=\"https:\/\/www.suno.com.br\/noticias\/author\/renan-bandeira\/\" class=\"authorBox__avatar noMobi\"><img src=\"https:\/\/secure.gravatar.com\/avatar\/68359cdb608f14f11bbefcb78f3fc747?s=96&#038;r=g\" alt=\"Renan Bandeira\"><\/a><div class=\"authorBox__name\"><span>por\n\t\t\t<a href=\"https:\/\/www.suno.com.br\/noticias\/author\/renan-bandeira\/\"><span itemprop=\"author\">Renan Bandeira<\/span><\/a><\/span><time datetime=\"2019-06-27T08:45:22-03:00\" itemprop=\"datePublished\">27\/06\/2019 08:45<\/time><\/div><\/div><\/div><\/div><\/div>","single_layout":"posts","amp_enabled":true,"_links":{"self":[{"href":"https:\/\/www.suno.com.br\/noticias\/wp-json\/wp\/v2\/posts\/29299"}],"collection":[{"href":"https:\/\/www.suno.com.br\/noticias\/wp-json\/wp\/v2\/posts"}],"about":[{"href":"https:\/\/www.suno.com.br\/noticias\/wp-json\/wp\/v2\/types\/post"}],"author":[{"embeddable":true,"href":"https:\/\/www.suno.com.br\/noticias\/wp-json\/wp\/v2\/users\/11"}],"replies":[{"embeddable":true,"href":"https:\/\/www.suno.com.br\/noticias\/wp-json\/wp\/v2\/comments?post=29299"}],"version-history":[{"count":0,"href":"https:\/\/www.suno.com.br\/noticias\/wp-json\/wp\/v2\/posts\/29299\/revisions"}],"wp:featuredmedia":[{"embeddable":true,"href":"https:\/\/www.suno.com.br\/noticias\/wp-json\/wp\/v2\/media\/29308"}],"wp:attachment":[{"href":"https:\/\/www.suno.com.br\/noticias\/wp-json\/wp\/v2\/media?parent=29299"}],"wp:term":[{"taxonomy":"category","embeddable":true,"href":"https:\/\/www.suno.com.br\/noticias\/wp-json\/wp\/v2\/categories?post=29299"},{"taxonomy":"post_tag","embeddable":true,"href":"https:\/\/www.suno.com.br\/noticias\/wp-json\/wp\/v2\/tags?post=29299"},{"taxonomy":"suno_strategy","embeddable":true,"href":"https:\/\/www.suno.com.br\/noticias\/wp-json\/wp\/v2\/suno_strategy?post=29299"}],"curies":[{"name":"wp","href":"https:\/\/api.w.org\/{rel}","templated":true}]}}