{"id":2926,"date":"2018-08-29T10:15:55","date_gmt":"2018-08-29T13:15:55","guid":{"rendered":"https:\/\/www.suno.com.br\/noticias\/?p=2926"},"modified":"2018-08-29T10:15:55","modified_gmt":"2018-08-29T13:15:55","slug":"queda-do-ibovespa-futuro-e-alta-do-dolar-preocupam-na-abertura-do-mercado","status":"publish","type":"post","link":"https:\/\/www.suno.com.br\/noticias\/queda-do-ibovespa-futuro-e-alta-do-dolar-preocupam-na-abertura-do-mercado\/","title":{"rendered":"Queda do Ibovespa Futuro e alta do d\u00f3lar preocupam na abertura do mercado"},"content":{"rendered":"<p>Com a for\u00e7a da economia americana e a incerteza do cen\u00e1rio eleitoral, os mercados fecharam com queda do Ibovespa e alta do d\u00f3lar ontem, ter\u00e7a-feira. A tend\u00eancia na abertura do mercado hoje foi a mesma, com queda do \u00edndice brasileiro e o d\u00f3lar chegando a R$4,154. No momento (9h56), o Ibovespa opera em -0,05%, enquanto o d\u00f3lar chega a 4,138, uma alta de 0,06% em rela\u00e7\u00e3o ao fechamento de ontem, quando a moeda americana fechou no segundo maior pre\u00e7o desde a cria\u00e7\u00e3o do Plano Real, em 1994.<\/p>\t<div class=\"wrapper-featured-image\">\n\t\t<figure class=\"spotlightImg\">\n\n\t\t\t<picture>\n\t\t\t\t<source media=\"(max-width: 768px)\" srcset=\"https:\/\/files.sunoresearch.com.br\/n\/uploads\/2018\/08\/cdb0797a-ibovespa-dolar-400x200.webp\">\n\t\t\t\t<img loading=\"lazy\" decoding=\"async\" class=\"newsContent__article__imgCapa lazyloadDisabled newsContent__article__imgCapa--noCaption\" src=\"https:\/\/files.sunoresearch.com.br\/n\/uploads\/2018\/08\/cdb0797a-ibovespa-dolar-800x450.webp\" width=\"800\" height=\"450\" alt=\"Queda do Ibovespa Futuro e alta do d\u00f3lar preocupam na abertura do mercado\" fetchpriority=high \/>\n\t\t\t<\/picture>\n\n\t\t\t<figcaption class=\"wp-caption-text wp-caption-text--hide\">As bolsas mundiais operam em forte alta nesta segunda-feira (9), no primeiro dia de negocia\u00e7\u00f5es ap\u00f3s a vit\u00f3ria de Joe Biden.<\/figcaption>\n\t\t<\/figure>\n\t<\/div>\n\n\n<p>Como rea\u00e7\u00e3o \u00e0 alta do d\u00f3lar, o Banco Central anunciou a venda de reservas internacionais da moeda, prometendo recompr\u00e1-las no futuro. Na noite de ontem, o BC informou a quantia de at\u00e9 US$2,15 bilh\u00f5es a serem vendidos na pr\u00f3xima sexta-feira.<\/p>\n<p>A economia dos EUA cresceu 4,2% no \u00faltimo trimestre, contra proje\u00e7\u00f5es de 4%. Os gastos de consumidores tamb\u00e9m subiram mais do que o esperado, com 4% em rela\u00e7\u00e3o \u00e0s previs\u00f5es de 3,8%, fortalecendo ainda mais a moeda. Amanh\u00e3, ser\u00e1 anunciado o PCE de junho, que atrai aten\u00e7\u00e3o do mercado ap\u00f3s a declara\u00e7\u00e3o do presidente da Reserva Federal americana de que h\u00e1 dificuldades para manter a infla\u00e7\u00e3o pr\u00f3xima do objetivo de 2%.<\/p>\n<p>No cen\u00e1rio pol\u00edtico nacional, a sabatina de Jair Bolsonaro (PSL) no Jornal Nacional causa incertezas. Para os analistas pol\u00edticos da XP Investimentos, o candidato saiu-se bem ao manter seu discurso e continuar intransigente relativo a conflitos. A quest\u00e3o da diferen\u00e7a de sal\u00e1rio entre homens e mulheres poderia ser um ponto fraco em sua elegibilidade, entretanto. As entrevistas no JN continuar\u00e3o hoje com Geraldo Alckmin e amanh\u00e3 com Marina Silva.<\/p>\n<p>No exterior, as bolsas asi\u00e1ticas reagem com incerteza \u00e0s declara\u00e7\u00f5es do \u00f3rg\u00e3o de planejamento estatal da China de que h\u00e1 riscos ao crescimento no segundo semestre do ano. Segundo o chefe da ag\u00eancia, as autoridades precisam intensificar seus esfor\u00e7os para atingirem suas metas de desenvolvimento. O momento de tens\u00e3o \u00e9 ainda mais preocupante pelo embate comercial com os EUA.<\/p>\n<p>Na Europa, as bolsas recuam enquanto o mercado mant\u00e9m seu olhar voltado para a Am\u00e9rica do Norte e as negocia\u00e7\u00f5es do Nafta. Ap\u00f3s fechar acordo com o M\u00e9xico ontem, os EUA focam em chegar a termos com o Canad\u00e1. A alta do d\u00f3lar n\u00e3o \u00e9 somente em rela\u00e7\u00e3o ao real e houve crescimento em rela\u00e7\u00e3o \u00e0 maior parte das moedas do mundo, e o n\u00edvel de confian\u00e7a do consumidor norte-americano atingiu seu maior patamar em 17 anos. Na turquia, a lira cai ap\u00f3s esfor\u00e7os fracassados do banco central turco para gerar confian\u00e7a na sua moeda, e apresenta a pior performance entre as moedas emergentes.<\/p>\n","protected":false},"excerpt":{"rendered":"<p>Com a for\u00e7a da economia americana e a incerteza do cen\u00e1rio eleitoral, os mercados fecharam com queda do Ibovespa e alta do d\u00f3lar ontem, ter\u00e7a-feira. A tend\u00eancia na abertura do mercado hoje foi a mesma, com queda do \u00edndice brasileiro e o d\u00f3lar chegando a R$4,154. No momento (9h56), o Ibovespa opera em -0,05%, enquanto [&hellip;]<\/p>\n","protected":false},"author":5,"featured_media":2927,"comment_status":"open","ping_status":"open","sticky":false,"template":"","format":"standard","meta":[],"categories":[63,60],"tags":[309],"suno_strategy":[],"class_list":["post-2926","post","type-post","status-publish","format-standard","has-post-thumbnail","hentry","category-internacional","category-mercado","tag-bolsa-de-valores"],"yoast_head":"<!-- This site is optimized with the Yoast SEO plugin v24.4 - https:\/\/yoast.com\/wordpress\/plugins\/seo\/ -->\n<title>Queda do Ibovespa Futuro e alta do d\u00f3lar preocupam na abertura do mercado<\/title>\n<meta name=\"description\" content=\"Economia americana supera expectativas e impulsiona moeda, que fechou ontem na segunda maior cota\u00e7\u00e3o desde 1994. Clique para saber mais.\" \/>\n<meta name=\"robots\" content=\"index, follow, max-snippet:-1, max-image-preview:large, max-video-preview:-1\" \/>\n<link rel=\"canonical\" href=\"https:\/\/www.suno.com.br\/noticias\/queda-do-ibovespa-futuro-e-alta-do-dolar-preocupam-na-abertura-do-mercado\/\" \/>\n<meta property=\"og:locale\" content=\"pt_BR\" \/>\n<meta property=\"og:type\" content=\"article\" \/>\n<meta property=\"og:title\" content=\"Queda do Ibovespa Futuro e alta do d\u00f3lar preocupam na abertura do mercado\" \/>\n<meta property=\"og:description\" content=\"Economia americana supera expectativas e impulsiona moeda, que fechou ontem na segunda maior cota\u00e7\u00e3o desde 1994. Clique para saber mais.\" \/>\n<meta property=\"og:url\" content=\"https:\/\/www.suno.com.br\/noticias\/queda-do-ibovespa-futuro-e-alta-do-dolar-preocupam-na-abertura-do-mercado\/\" \/>\n<meta property=\"og:site_name\" content=\"Suno Not\u00edcias\" \/>\n<meta property=\"article:publisher\" content=\"https:\/\/facebook.com\/sunoresearch\" \/>\n<meta property=\"article:author\" content=\"https:\/\/www.linkedin.com\/in\/daniel-quandt-a49985110\/\" \/>\n<meta property=\"og:image\" content=\"https:\/\/files.sunoresearch.com.br\/n\/uploads\/2018\/08\/cdb0797a-ibovespa-dolar.jpg\" \/>\n\t<meta property=\"og:image:width\" content=\"1920\" \/>\n\t<meta property=\"og:image:height\" content=\"1280\" \/>\n\t<meta property=\"og:image:type\" content=\"image\/jpeg\" \/>\n<meta name=\"author\" content=\"Daniel Quandt\" \/>\n<meta name=\"twitter:card\" content=\"summary_large_image\" \/>\n<meta name=\"twitter:creator\" content=\"@sunoresearch\" \/>\n<meta name=\"twitter:site\" content=\"@sunoresearch\" \/>\n<meta name=\"twitter:label1\" content=\"Escrito por\" \/>\n\t<meta name=\"twitter:data1\" content=\"Daniel Quandt\" \/>\n\t<meta name=\"twitter:label2\" content=\"Est. tempo de leitura\" \/>\n\t<meta name=\"twitter:data2\" content=\"2 minutos\" \/>\n<script type=\"application\/ld+json\" class=\"yoast-schema-graph\">{\"@context\":\"https:\/\/schema.org\",\"@graph\":[{\"@type\":\"NewsArticle\",\"@id\":\"https:\/\/www.suno.com.br\/noticias\/queda-do-ibovespa-futuro-e-alta-do-dolar-preocupam-na-abertura-do-mercado\/#article\",\"isPartOf\":{\"@id\":\"https:\/\/www.suno.com.br\/noticias\/queda-do-ibovespa-futuro-e-alta-do-dolar-preocupam-na-abertura-do-mercado\/\"},\"author\":{\"name\":\"Daniel Quandt\",\"@id\":\"https:\/\/www.suno.com.br\/noticias\/#\/schema\/person\/eca2bab82984722db00d1e6facd8bb26\"},\"headline\":\"Queda do Ibovespa Futuro e alta do d\u00f3lar preocupam na abertura do mercado\",\"datePublished\":\"2018-08-29T13:15:55+00:00\",\"mainEntityOfPage\":{\"@id\":\"https:\/\/www.suno.com.br\/noticias\/queda-do-ibovespa-futuro-e-alta-do-dolar-preocupam-na-abertura-do-mercado\/\"},\"wordCount\":482,\"commentCount\":0,\"publisher\":{\"@id\":\"https:\/\/www.suno.com.br\/noticias\/#organization\"},\"image\":{\"@id\":\"https:\/\/www.suno.com.br\/noticias\/queda-do-ibovespa-futuro-e-alta-do-dolar-preocupam-na-abertura-do-mercado\/#primaryimage\"},\"thumbnailUrl\":\"https:\/\/files.sunoresearch.com.br\/n\/uploads\/2018\/08\/cdb0797a-ibovespa-dolar-jpg.webp\",\"keywords\":[\"Bolsa de Valores\"],\"articleSection\":[\"Internacional\",\"Mercado\"],\"inLanguage\":\"pt-BR\",\"potentialAction\":[{\"@type\":\"CommentAction\",\"name\":\"Comment\",\"target\":[\"https:\/\/www.suno.com.br\/noticias\/queda-do-ibovespa-futuro-e-alta-do-dolar-preocupam-na-abertura-do-mercado\/#respond\"]}]},{\"@type\":\"WebPage\",\"@id\":\"https:\/\/www.suno.com.br\/noticias\/queda-do-ibovespa-futuro-e-alta-do-dolar-preocupam-na-abertura-do-mercado\/\",\"url\":\"https:\/\/www.suno.com.br\/noticias\/queda-do-ibovespa-futuro-e-alta-do-dolar-preocupam-na-abertura-do-mercado\/\",\"name\":\"Queda do Ibovespa Futuro e alta do d\u00f3lar preocupam na abertura do mercado\",\"isPartOf\":{\"@id\":\"https:\/\/www.suno.com.br\/noticias\/#website\"},\"primaryImageOfPage\":{\"@id\":\"https:\/\/www.suno.com.br\/noticias\/queda-do-ibovespa-futuro-e-alta-do-dolar-preocupam-na-abertura-do-mercado\/#primaryimage\"},\"image\":{\"@id\":\"https:\/\/www.suno.com.br\/noticias\/queda-do-ibovespa-futuro-e-alta-do-dolar-preocupam-na-abertura-do-mercado\/#primaryimage\"},\"thumbnailUrl\":\"https:\/\/files.sunoresearch.com.br\/n\/uploads\/2018\/08\/cdb0797a-ibovespa-dolar-jpg.webp\",\"datePublished\":\"2018-08-29T13:15:55+00:00\",\"description\":\"Economia americana supera expectativas e impulsiona moeda, que fechou ontem na segunda maior cota\u00e7\u00e3o desde 1994. Clique para saber mais.\",\"breadcrumb\":{\"@id\":\"https:\/\/www.suno.com.br\/noticias\/queda-do-ibovespa-futuro-e-alta-do-dolar-preocupam-na-abertura-do-mercado\/#breadcrumb\"},\"inLanguage\":\"pt-BR\",\"potentialAction\":[{\"@type\":\"ReadAction\",\"target\":[\"https:\/\/www.suno.com.br\/noticias\/queda-do-ibovespa-futuro-e-alta-do-dolar-preocupam-na-abertura-do-mercado\/\"]}]},{\"@type\":\"ImageObject\",\"inLanguage\":\"pt-BR\",\"@id\":\"https:\/\/www.suno.com.br\/noticias\/queda-do-ibovespa-futuro-e-alta-do-dolar-preocupam-na-abertura-do-mercado\/#primaryimage\",\"url\":\"https:\/\/files.sunoresearch.com.br\/n\/uploads\/2018\/08\/cdb0797a-ibovespa-dolar-jpg.webp\",\"contentUrl\":\"https:\/\/files.sunoresearch.com.br\/n\/uploads\/2018\/08\/cdb0797a-ibovespa-dolar-jpg.webp\",\"width\":1920,\"height\":1280,\"caption\":\"As bolsas mundiais operam em forte alta nesta segunda-feira (9), no primeiro dia de negocia\u00e7\u00f5es ap\u00f3s a vit\u00f3ria de Joe Biden.\"},{\"@type\":\"BreadcrumbList\",\"@id\":\"https:\/\/www.suno.com.br\/noticias\/queda-do-ibovespa-futuro-e-alta-do-dolar-preocupam-na-abertura-do-mercado\/#breadcrumb\",\"itemListElement\":[{\"@type\":\"ListItem\",\"position\":1,\"name\":\"Not\u00edcias\",\"item\":\"https:\/\/www.suno.com.br\/noticias\/\"},{\"@type\":\"ListItem\",\"position\":2,\"name\":\"Mercado\",\"item\":\"https:\/\/www.suno.com.br\/noticias\/mercado\/\"},{\"@type\":\"ListItem\",\"position\":3,\"name\":\"Queda do Ibovespa Futuro e alta do d\u00f3lar preocupam na abertura do mercado\"}]},{\"@type\":\"WebSite\",\"@id\":\"https:\/\/www.suno.com.br\/noticias\/#website\",\"url\":\"https:\/\/www.suno.com.br\/noticias\/\",\"name\":\"Suno Not\u00edcias\",\"description\":\"Seu portal de informa\u00e7\u00e3o sobre o mundo dos investimentos\",\"publisher\":{\"@id\":\"https:\/\/www.suno.com.br\/noticias\/#organization\"},\"potentialAction\":[{\"@type\":\"SearchAction\",\"target\":{\"@type\":\"EntryPoint\",\"urlTemplate\":\"https:\/\/www.suno.com.br\/noticias\/?s={search_term_string}\"},\"query-input\":{\"@type\":\"PropertyValueSpecification\",\"valueRequired\":true,\"valueName\":\"search_term_string\"}}],\"inLanguage\":\"pt-BR\"},{\"@type\":\"Organization\",\"@id\":\"https:\/\/www.suno.com.br\/noticias\/#organization\",\"name\":\"Suno Not\u00edcias\",\"url\":\"https:\/\/www.suno.com.br\/noticias\/\",\"logo\":{\"@type\":\"ImageObject\",\"inLanguage\":\"pt-BR\",\"@id\":\"https:\/\/www.suno.com.br\/noticias\/#\/schema\/logo\/image\/\",\"url\":\"https:\/\/files.sunoresearch.com.br\/n\/uploads\/2021\/09\/suno-logo.png\",\"contentUrl\":\"https:\/\/files.sunoresearch.com.br\/n\/uploads\/2021\/09\/suno-logo.png\",\"width\":180,\"height\":180,\"caption\":\"Suno Not\u00edcias\"},\"image\":{\"@id\":\"https:\/\/www.suno.com.br\/noticias\/#\/schema\/logo\/image\/\"},\"sameAs\":[\"https:\/\/facebook.com\/sunoresearch\",\"https:\/\/x.com\/sunoresearch\",\"https:\/\/www.instagram.com\/suno\",\"https:\/\/www.linkedin.com\/company\/suno-research\/\",\"https:\/\/www.youtube.com\/c\/sunoresearch\"]},{\"@type\":\"Person\",\"@id\":\"https:\/\/www.suno.com.br\/noticias\/#\/schema\/person\/eca2bab82984722db00d1e6facd8bb26\",\"name\":\"Daniel Quandt\",\"image\":{\"@type\":\"ImageObject\",\"inLanguage\":\"pt-BR\",\"@id\":\"https:\/\/www.suno.com.br\/noticias\/#\/schema\/person\/image\/\",\"url\":\"https:\/\/secure.gravatar.com\/avatar\/5faf4378f9fbf4557a5836a88d66f99a?s=96&r=g\",\"contentUrl\":\"https:\/\/secure.gravatar.com\/avatar\/5faf4378f9fbf4557a5836a88d66f99a?s=96&r=g\",\"caption\":\"Daniel Quandt\"},\"description\":\"Aluno da Universidade de S\u00e3o Paulo, Daniel Quandt escreve sobre economia, mercado financeiro e pol\u00edtica no portal da Suno Research. J\u00e1 passou pela Ag\u00eancia USP de Inova\u00e7\u00e3o e pela startup de v\u00eddeo em blockchain Paratii, desenvolvendo seu conhecimento da aplica\u00e7\u00e3o de tecnologia de ponta ao mercado.\",\"sameAs\":[\"https:\/\/www.suno.com.br\/\",\"https:\/\/www.linkedin.com\/in\/daniel-quandt-a49985110\/\"],\"url\":\"https:\/\/www.suno.com.br\/noticias\/author\/daniel-quandt\/\"}]}<\/script>\n<!-- \/ Yoast SEO plugin. -->","yoast_head_json":{"title":"Queda do Ibovespa Futuro e alta do d\u00f3lar preocupam na abertura do mercado","description":"Economia americana supera expectativas e impulsiona moeda, que fechou ontem na segunda maior cota\u00e7\u00e3o desde 1994. Clique para saber mais.","robots":{"index":"index","follow":"follow","max-snippet":"max-snippet:-1","max-image-preview":"max-image-preview:large","max-video-preview":"max-video-preview:-1"},"canonical":"https:\/\/www.suno.com.br\/noticias\/queda-do-ibovespa-futuro-e-alta-do-dolar-preocupam-na-abertura-do-mercado\/","og_locale":"pt_BR","og_type":"article","og_title":"Queda do Ibovespa Futuro e alta do d\u00f3lar preocupam na abertura do mercado","og_description":"Economia americana supera expectativas e impulsiona moeda, que fechou ontem na segunda maior cota\u00e7\u00e3o desde 1994. Clique para saber mais.","og_url":"https:\/\/www.suno.com.br\/noticias\/queda-do-ibovespa-futuro-e-alta-do-dolar-preocupam-na-abertura-do-mercado\/","og_site_name":"Suno Not\u00edcias","article_publisher":"https:\/\/facebook.com\/sunoresearch","article_author":"https:\/\/www.linkedin.com\/in\/daniel-quandt-a49985110\/","og_image":[{"width":1920,"height":1280,"url":"https:\/\/files.sunoresearch.com.br\/n\/uploads\/2018\/08\/cdb0797a-ibovespa-dolar.jpg","type":"image\/jpeg"}],"author":"Daniel Quandt","twitter_card":"summary_large_image","twitter_creator":"@sunoresearch","twitter_site":"@sunoresearch","twitter_misc":{"Escrito por":"Daniel Quandt","Est. tempo de leitura":"2 minutos"},"schema":{"@context":"https:\/\/schema.org","@graph":[{"@type":"NewsArticle","@id":"https:\/\/www.suno.com.br\/noticias\/queda-do-ibovespa-futuro-e-alta-do-dolar-preocupam-na-abertura-do-mercado\/#article","isPartOf":{"@id":"https:\/\/www.suno.com.br\/noticias\/queda-do-ibovespa-futuro-e-alta-do-dolar-preocupam-na-abertura-do-mercado\/"},"author":{"name":"Daniel Quandt","@id":"https:\/\/www.suno.com.br\/noticias\/#\/schema\/person\/eca2bab82984722db00d1e6facd8bb26"},"headline":"Queda do Ibovespa Futuro e alta do d\u00f3lar preocupam na abertura do mercado","datePublished":"2018-08-29T13:15:55+00:00","mainEntityOfPage":{"@id":"https:\/\/www.suno.com.br\/noticias\/queda-do-ibovespa-futuro-e-alta-do-dolar-preocupam-na-abertura-do-mercado\/"},"wordCount":482,"commentCount":0,"publisher":{"@id":"https:\/\/www.suno.com.br\/noticias\/#organization"},"image":{"@id":"https:\/\/www.suno.com.br\/noticias\/queda-do-ibovespa-futuro-e-alta-do-dolar-preocupam-na-abertura-do-mercado\/#primaryimage"},"thumbnailUrl":"https:\/\/files.sunoresearch.com.br\/n\/uploads\/2018\/08\/cdb0797a-ibovespa-dolar-jpg.webp","keywords":["Bolsa de Valores"],"articleSection":["Internacional","Mercado"],"inLanguage":"pt-BR","potentialAction":[{"@type":"CommentAction","name":"Comment","target":["https:\/\/www.suno.com.br\/noticias\/queda-do-ibovespa-futuro-e-alta-do-dolar-preocupam-na-abertura-do-mercado\/#respond"]}]},{"@type":"WebPage","@id":"https:\/\/www.suno.com.br\/noticias\/queda-do-ibovespa-futuro-e-alta-do-dolar-preocupam-na-abertura-do-mercado\/","url":"https:\/\/www.suno.com.br\/noticias\/queda-do-ibovespa-futuro-e-alta-do-dolar-preocupam-na-abertura-do-mercado\/","name":"Queda do Ibovespa Futuro e alta do d\u00f3lar preocupam na abertura do mercado","isPartOf":{"@id":"https:\/\/www.suno.com.br\/noticias\/#website"},"primaryImageOfPage":{"@id":"https:\/\/www.suno.com.br\/noticias\/queda-do-ibovespa-futuro-e-alta-do-dolar-preocupam-na-abertura-do-mercado\/#primaryimage"},"image":{"@id":"https:\/\/www.suno.com.br\/noticias\/queda-do-ibovespa-futuro-e-alta-do-dolar-preocupam-na-abertura-do-mercado\/#primaryimage"},"thumbnailUrl":"https:\/\/files.sunoresearch.com.br\/n\/uploads\/2018\/08\/cdb0797a-ibovespa-dolar-jpg.webp","datePublished":"2018-08-29T13:15:55+00:00","description":"Economia americana supera expectativas e impulsiona moeda, que fechou ontem na segunda maior cota\u00e7\u00e3o desde 1994. Clique para saber mais.","breadcrumb":{"@id":"https:\/\/www.suno.com.br\/noticias\/queda-do-ibovespa-futuro-e-alta-do-dolar-preocupam-na-abertura-do-mercado\/#breadcrumb"},"inLanguage":"pt-BR","potentialAction":[{"@type":"ReadAction","target":["https:\/\/www.suno.com.br\/noticias\/queda-do-ibovespa-futuro-e-alta-do-dolar-preocupam-na-abertura-do-mercado\/"]}]},{"@type":"ImageObject","inLanguage":"pt-BR","@id":"https:\/\/www.suno.com.br\/noticias\/queda-do-ibovespa-futuro-e-alta-do-dolar-preocupam-na-abertura-do-mercado\/#primaryimage","url":"https:\/\/files.sunoresearch.com.br\/n\/uploads\/2018\/08\/cdb0797a-ibovespa-dolar-jpg.webp","contentUrl":"https:\/\/files.sunoresearch.com.br\/n\/uploads\/2018\/08\/cdb0797a-ibovespa-dolar-jpg.webp","width":1920,"height":1280,"caption":"As bolsas mundiais operam em forte alta nesta segunda-feira (9), no primeiro dia de negocia\u00e7\u00f5es ap\u00f3s a vit\u00f3ria de Joe Biden."},{"@type":"BreadcrumbList","@id":"https:\/\/www.suno.com.br\/noticias\/queda-do-ibovespa-futuro-e-alta-do-dolar-preocupam-na-abertura-do-mercado\/#breadcrumb","itemListElement":[{"@type":"ListItem","position":1,"name":"Not\u00edcias","item":"https:\/\/www.suno.com.br\/noticias\/"},{"@type":"ListItem","position":2,"name":"Mercado","item":"https:\/\/www.suno.com.br\/noticias\/mercado\/"},{"@type":"ListItem","position":3,"name":"Queda do Ibovespa Futuro e alta do d\u00f3lar preocupam na abertura do mercado"}]},{"@type":"WebSite","@id":"https:\/\/www.suno.com.br\/noticias\/#website","url":"https:\/\/www.suno.com.br\/noticias\/","name":"Suno Not\u00edcias","description":"Seu portal de informa\u00e7\u00e3o sobre o mundo dos investimentos","publisher":{"@id":"https:\/\/www.suno.com.br\/noticias\/#organization"},"potentialAction":[{"@type":"SearchAction","target":{"@type":"EntryPoint","urlTemplate":"https:\/\/www.suno.com.br\/noticias\/?s={search_term_string}"},"query-input":{"@type":"PropertyValueSpecification","valueRequired":true,"valueName":"search_term_string"}}],"inLanguage":"pt-BR"},{"@type":"Organization","@id":"https:\/\/www.suno.com.br\/noticias\/#organization","name":"Suno Not\u00edcias","url":"https:\/\/www.suno.com.br\/noticias\/","logo":{"@type":"ImageObject","inLanguage":"pt-BR","@id":"https:\/\/www.suno.com.br\/noticias\/#\/schema\/logo\/image\/","url":"https:\/\/files.sunoresearch.com.br\/n\/uploads\/2021\/09\/suno-logo.png","contentUrl":"https:\/\/files.sunoresearch.com.br\/n\/uploads\/2021\/09\/suno-logo.png","width":180,"height":180,"caption":"Suno Not\u00edcias"},"image":{"@id":"https:\/\/www.suno.com.br\/noticias\/#\/schema\/logo\/image\/"},"sameAs":["https:\/\/facebook.com\/sunoresearch","https:\/\/x.com\/sunoresearch","https:\/\/www.instagram.com\/suno","https:\/\/www.linkedin.com\/company\/suno-research\/","https:\/\/www.youtube.com\/c\/sunoresearch"]},{"@type":"Person","@id":"https:\/\/www.suno.com.br\/noticias\/#\/schema\/person\/eca2bab82984722db00d1e6facd8bb26","name":"Daniel Quandt","image":{"@type":"ImageObject","inLanguage":"pt-BR","@id":"https:\/\/www.suno.com.br\/noticias\/#\/schema\/person\/image\/","url":"https:\/\/secure.gravatar.com\/avatar\/5faf4378f9fbf4557a5836a88d66f99a?s=96&r=g","contentUrl":"https:\/\/secure.gravatar.com\/avatar\/5faf4378f9fbf4557a5836a88d66f99a?s=96&r=g","caption":"Daniel Quandt"},"description":"Aluno da Universidade de S\u00e3o Paulo, Daniel Quandt escreve sobre economia, mercado financeiro e pol\u00edtica no portal da Suno Research. J\u00e1 passou pela Ag\u00eancia USP de Inova\u00e7\u00e3o e pela startup de v\u00eddeo em blockchain Paratii, desenvolvendo seu conhecimento da aplica\u00e7\u00e3o de tecnologia de ponta ao mercado.","sameAs":["https:\/\/www.suno.com.br\/","https:\/\/www.linkedin.com\/in\/daniel-quandt-a49985110\/"],"url":"https:\/\/www.suno.com.br\/noticias\/author\/daniel-quandt\/"}]}},"default_loop_html":"<div class=\"cardsPage__listCard__boxs\"><div class=\"cardsPage__listCard__boxs__img\"><a href=\"https:\/\/www.suno.com.br\/noticias\/queda-do-ibovespa-futuro-e-alta-do-dolar-preocupam-na-abertura-do-mercado\/\"><img class=\"mask\" src=\"https:\/\/www.suno.com.br\/noticias\/wp-content\/themes\/suno\/resources\/images\/spotlight\/spotlight1img\/bg-mask.png\" alt=\"Image Mask\"\/><img src=\"https:\/\/files.sunoresearch.com.br\/n\/uploads\/2018\/08\/cdb0797a-ibovespa-dolar-400x200.webp\" alt=\"Queda do Ibovespa Futuro e alta do d\u00f3lar preocupam na abertura do mercado\"\/><\/a><span class=\"spotlightCategory\"><a href=\"https:\/\/www.suno.com.br\/noticias\/internacional\/\">Internacional<\/a><\/span><\/div><div class=\"cardsPage__listCard__boxs__content\"><a href=\"https:\/\/www.suno.com.br\/noticias\/queda-do-ibovespa-futuro-e-alta-do-dolar-preocupam-na-abertura-do-mercado\/\"><h2 class=\"content__title\">Queda do Ibovespa Futuro e alta do d\u00f3lar preocupam na abertura do mercado<\/h2><\/a><div class=\"newsContent__article__meta\"><div class=\"newsContent__article__meta__authorBox\"><a href=\"https:\/\/www.suno.com.br\/noticias\/author\/daniel-quandt\/\" class=\"authorBox__avatar noMobi\"><img src=\"https:\/\/secure.gravatar.com\/avatar\/5faf4378f9fbf4557a5836a88d66f99a?s=96&#038;r=g\" alt=\"Daniel Quandt\"><\/a><div class=\"authorBox__name\"><span>por\n\t\t\t<a href=\"https:\/\/www.suno.com.br\/noticias\/author\/daniel-quandt\/\"><span itemprop=\"author\">Daniel Quandt<\/span><\/a><\/span><time datetime=\"2018-08-29T10:15:55-03:00\" itemprop=\"datePublished\">29\/08\/2018 10:15<\/time><\/div><\/div><\/div><\/div><\/div>","single_layout":"posts","amp_enabled":true,"_links":{"self":[{"href":"https:\/\/www.suno.com.br\/noticias\/wp-json\/wp\/v2\/posts\/2926"}],"collection":[{"href":"https:\/\/www.suno.com.br\/noticias\/wp-json\/wp\/v2\/posts"}],"about":[{"href":"https:\/\/www.suno.com.br\/noticias\/wp-json\/wp\/v2\/types\/post"}],"author":[{"embeddable":true,"href":"https:\/\/www.suno.com.br\/noticias\/wp-json\/wp\/v2\/users\/5"}],"replies":[{"embeddable":true,"href":"https:\/\/www.suno.com.br\/noticias\/wp-json\/wp\/v2\/comments?post=2926"}],"version-history":[{"count":0,"href":"https:\/\/www.suno.com.br\/noticias\/wp-json\/wp\/v2\/posts\/2926\/revisions"}],"wp:featuredmedia":[{"embeddable":true,"href":"https:\/\/www.suno.com.br\/noticias\/wp-json\/wp\/v2\/media\/2927"}],"wp:attachment":[{"href":"https:\/\/www.suno.com.br\/noticias\/wp-json\/wp\/v2\/media?parent=2926"}],"wp:term":[{"taxonomy":"category","embeddable":true,"href":"https:\/\/www.suno.com.br\/noticias\/wp-json\/wp\/v2\/categories?post=2926"},{"taxonomy":"post_tag","embeddable":true,"href":"https:\/\/www.suno.com.br\/noticias\/wp-json\/wp\/v2\/tags?post=2926"},{"taxonomy":"suno_strategy","embeddable":true,"href":"https:\/\/www.suno.com.br\/noticias\/wp-json\/wp\/v2\/suno_strategy?post=2926"}],"curies":[{"name":"wp","href":"https:\/\/api.w.org\/{rel}","templated":true}]}}