{"id":29227,"date":"2019-06-26T13:13:52","date_gmt":"2019-06-26T16:13:52","guid":{"rendered":"https:\/\/www.suno.com.br\/noticias\/?p=29227"},"modified":"2019-06-26T13:13:52","modified_gmt":"2019-06-26T16:13:52","slug":"juros-cartao-credito-taxa","status":"publish","type":"post","link":"https:\/\/www.suno.com.br\/noticias\/juros-cartao-credito-taxa\/","title":{"rendered":"Juros de cart\u00e3o de cr\u00e9dito alcan\u00e7am 299,8% ao ano em maio, diz BC"},"content":{"rendered":"<p>As<a href=\"https:\/\/www.suno.com.br\/artigos\/o-que-sao-juros\/\"><strong> taxas de juros<\/strong><\/a> m\u00e9dias cobradas pela institui\u00e7\u00f5es financeiras no rotativo <a href=\"https:\/\/www.suno.com.br\/artigos\/cartao-de-credito-sem-anuidade\/\">cart\u00e3o do cr\u00e9dito\u00a0<\/a>atingiu o maior patamar desde maio de 2018. As tarifas alcan\u00e7aram a 299,8% ao ano, no m\u00eas anterior. As informa\u00e7\u00f5es foram divulgadas nesta quarta-feira (26), pelo <a href=\"https:\/\/www.bcb.gov.br\/\"><strong>Banco Central<\/strong><\/a>.<\/p>\t<div class=\"wrapper-featured-image\">\n\t\t<figure class=\"spotlightImg\">\n\n\t\t\t<picture>\n\t\t\t\t<source media=\"(max-width: 768px)\" srcset=\"https:\/\/files.sunoresearch.com.br\/n\/uploads\/2019\/05\/43f16798-juros-400x200.webp\">\n\t\t\t\t<img loading=\"lazy\" decoding=\"async\" class=\"newsContent__article__imgCapa lazyloadDisabled newsContent__article__imgCapa--noCaption\" src=\"https:\/\/files.sunoresearch.com.br\/n\/uploads\/2019\/05\/43f16798-juros-800x450.webp\" width=\"800\" height=\"450\" alt=\"Juros de cart\u00e3o de cr\u00e9dito alcan\u00e7am 299,8% ao ano em maio, diz BC\" fetchpriority=high \/>\n\t\t\t<\/picture>\n\n\t\t\t<figcaption class=\"wp-caption-text wp-caption-text--hide\">Novo cadastro positivo pode come\u00e7ar ainda neste ano<\/figcaption>\n\t\t<\/figure>\n\t<\/div>\n\n\n<p>De acordo com o <strong>BC<\/strong>, a tarifa m\u00e9dia \u00e9 formada com base nos dados de consumidores adimplentes e inadimplentes. A\u00a0<strong>taxa m\u00e9dia<\/strong> do<strong> cart\u00e3o de cr\u00e9dito<\/strong> aumentou em 1,2% em compara\u00e7\u00e3o com o abril.<\/p>\n<p>Por sua vez, o parcelamento das<strong> d\u00edvidas<\/strong> do cart\u00e3o alcan\u00e7aram, em maio, 174,1% de <strong>juros<\/strong> ao ano. Al\u00e9m das <strong>taxas m\u00e9dias<\/strong> do <strong>cr\u00e9dito<\/strong> parcelado que tiveram alta de 3,3% em compara\u00e7\u00e3o com abril.<\/p>\n\t<p>\n\t\t<a href=\"https:\/\/lp.suno.com.br\/plataforma-de-controle-de-investimentos\/\" target=\"_blank\" data-element=\"shortcode-suno-banner\" title=\"Banner SUNO, clique e saiba mais\">\n\t\t\t<picture>\n\t\t\t\t<source media=\"(max-width: 500px)\" srcset=\"https:\/\/files.sunoresearch.com.br\/n\/uploads\/2023\/03\/400x300-Controle-de-Investimentos.png\">\n\t\t\t\t<img class=\"newsContent__article__imgCapa newsContent__article__imgCapa--banner\"\n\t\t\t\t\tsrc=\"https:\/\/files.sunoresearch.com.br\/n\/uploads\/2023\/03\/1420x240-Controle-de-Investimentos.png\"\n\t\t\t\t\tdata-promo-id=\"383162\"\t\t\t\t\t\t\t\t\t\twidth='1420' height='240'\t\t\t\t\talt=\"https:\/\/files.sunoresearch.com.br\/n\/uploads\/2023\/03\/1420x240-Controle-de-Investimentos.png\"\n\t\t\t\t>\n\t\t\t<\/picture>\n\t\t<\/a>\n\t<\/p>\n\n\n<h2>Cheque especial e empr\u00e9stimos<\/h2>\n<p>Conforme a institui\u00e7\u00e3o, a<strong> tarifa m\u00e9dia<\/strong> do <strong>cheque especial<\/strong> teve um recuo de 323,6% ao ano, em abril, para 320,9% a.a, em maio. Essa queda \u00e9 correspondente a 2,4 pontos percentuais.<\/p>\n<p>De acordo com a<strong> Federa\u00e7\u00e3o Brasileira de Bancos<\/strong> (Febran), as regras do cheque especial mudaram em julho do ano passado. Dessa forma, os clientes que utilizam mais de 15% do limite do cheque passam a receber oferta de um <strong>parcelamento<\/strong>. Essa oferta possui <strong>juros menores<\/strong> do que a definida pela <strong>institui\u00e7\u00e3o financeira<\/strong>.<\/p>\n<p><a href=\"\/\/www.suno.com.br\/noticias\/bancos-crediario-cartao-credito-10-vezes-sem-juros\/\">Saiba Mais:\u00a0Bancos lan\u00e7am credi\u00e1rio no cart\u00e3o de cr\u00e9dito, alternativa ao 10x sem juros<\/a><\/p>\n<p>Dentre as tarifas, a do <strong>cheque especial<\/strong> e do <strong>cart\u00e3o de cr\u00e9dito<\/strong> <strong>rotativo<\/strong> se destacam como as mais caras. Por sua vez, o <strong>cr\u00e9dito pessoal<\/strong> n\u00e3o consignado representa a <strong>taxa mais baixa<\/strong>, e em maio deste ano registrou uma queda de 7% em compara\u00e7\u00e3o com o m\u00eas de abril. Al\u00e9m disso, a <strong>tarifa m\u00e9dia<\/strong> do <strong>cr\u00e9dito consignado<\/strong> teve recuou de 2%, registrando 23,2% em maio.<\/p>\n<p>Conforme <strong>BC,<\/strong> a<strong> inadimpl\u00eancia do cr\u00e9dito<\/strong> atingiu 4,8% em maio, valor correspondente ao aumento de 0,1%. J\u00e1 no caso de <strong>inadimpl\u00eancia<\/strong> das pessoas f\u00edsicas no <strong>cr\u00e9dito<\/strong> <strong>direcionado<\/strong> registrou estabilidade em 1,8%.<\/p>\n<p><a href=\"\/\/www.suno.com.br\/noticias\/juros-cartao-credito-cheque-especial-fevereiro\/\">Saiba Mais:\u00a0Juros do cart\u00e3o de cr\u00e9dito e do cheque especial sobem em fevereiro<\/a><\/p>\n<p>Os<strong> empr\u00e9stimos<\/strong> concedido pelos bancos, no acumulado dos 12 meses, registrou uma alta de 5,5%. E em maio deste ano, registrou aumento de 0,6%, correspondente a R$ 3,286 trilh\u00f5es.<\/p>\n<p>As novas regras impostas em julho do ano anterior afirmam que o consumidor pode usar o<strong> cart\u00e3o de cr\u00e9dito rotativo<\/strong> por no m\u00e1ximo 30 dias. Ap\u00f3s esse per\u00edodo o<strong> banco<\/strong> dever\u00e1 apresentar outra proposta ao cliente, com <strong>juros mais baixos<\/strong> que o rotativo.<\/p>\n","protected":false},"excerpt":{"rendered":"<p>As taxas de juros m\u00e9dias cobradas pela institui\u00e7\u00f5es financeiras no rotativo cart\u00e3o do cr\u00e9dito\u00a0atingiu o maior patamar desde maio de 2018. As tarifas alcan\u00e7aram a 299,8% ao ano, no m\u00eas anterior. As informa\u00e7\u00f5es foram divulgadas nesta quarta-feira (26), pelo Banco Central. Novo cadastro positivo pode come\u00e7ar ainda neste ano De acordo com o BC, a [&hellip;]<\/p>\n","protected":false},"author":15,"featured_media":26459,"comment_status":"closed","ping_status":"closed","sticky":false,"template":"","format":"standard","meta":[],"categories":[65],"tags":[1188],"suno_strategy":[],"class_list":["post-29227","post","type-post","status-publish","format-standard","has-post-thumbnail","hentry","category-financas-pessoais","tag-cartoes-de-credito"],"yoast_head":"<!-- This site is optimized with the Yoast SEO plugin v24.4 - https:\/\/yoast.com\/wordpress\/plugins\/seo\/ -->\n<title>Juros de cart\u00e3o de cr\u00e9dito alcan\u00e7am 299,8% ao ano em maio, diz BC<\/title>\n<meta name=\"description\" content=\"A taxa de juros m\u00e9dias cobradas pela institui\u00e7\u00f5es financeiras no rotativo cart\u00e3o do cr\u00e9dito, atingiu o maior patamar desde 2018. Clique aqui\" \/>\n<meta name=\"robots\" content=\"index, follow, max-snippet:-1, max-image-preview:large, max-video-preview:-1\" \/>\n<link rel=\"canonical\" href=\"https:\/\/www.suno.com.br\/noticias\/juros-cartao-credito-taxa\/\" \/>\n<meta property=\"og:locale\" content=\"pt_BR\" \/>\n<meta property=\"og:type\" content=\"article\" \/>\n<meta property=\"og:title\" content=\"Juros de cart\u00e3o de cr\u00e9dito alcan\u00e7am 299,8% ao ano em maio, diz BC\" \/>\n<meta property=\"og:description\" content=\"A taxa de juros m\u00e9dias cobradas pela institui\u00e7\u00f5es financeiras no rotativo cart\u00e3o do cr\u00e9dito, atingiu o maior patamar desde 2018. Clique aqui\" \/>\n<meta property=\"og:url\" content=\"https:\/\/www.suno.com.br\/noticias\/juros-cartao-credito-taxa\/\" \/>\n<meta property=\"og:site_name\" content=\"Suno Not\u00edcias\" \/>\n<meta property=\"article:publisher\" content=\"https:\/\/facebook.com\/sunoresearch\" \/>\n<meta property=\"og:image\" content=\"https:\/\/files.sunoresearch.com.br\/n\/uploads\/2019\/05\/43f16798-juros.jpg\" \/>\n\t<meta property=\"og:image:width\" content=\"1200\" \/>\n\t<meta property=\"og:image:height\" content=\"758\" \/>\n\t<meta property=\"og:image:type\" content=\"image\/jpeg\" \/>\n<meta name=\"author\" content=\"Poliana Santos\" \/>\n<meta name=\"twitter:card\" content=\"summary_large_image\" \/>\n<meta name=\"twitter:creator\" content=\"@sunoresearch\" \/>\n<meta name=\"twitter:site\" content=\"@sunoresearch\" \/>\n<meta name=\"twitter:label1\" content=\"Escrito por\" \/>\n\t<meta name=\"twitter:data1\" content=\"Poliana Santos\" \/>\n\t<meta name=\"twitter:label2\" content=\"Est. tempo de leitura\" \/>\n\t<meta name=\"twitter:data2\" content=\"2 minutos\" \/>\n<script type=\"application\/ld+json\" class=\"yoast-schema-graph\">{\"@context\":\"https:\/\/schema.org\",\"@graph\":[{\"@type\":\"NewsArticle\",\"@id\":\"https:\/\/www.suno.com.br\/noticias\/juros-cartao-credito-taxa\/#article\",\"isPartOf\":{\"@id\":\"https:\/\/www.suno.com.br\/noticias\/juros-cartao-credito-taxa\/\"},\"author\":{\"name\":\"Poliana Santos\",\"@id\":\"https:\/\/www.suno.com.br\/noticias\/#\/schema\/person\/02ec1f752758247878a2bf4abee1aeda\"},\"headline\":\"Juros de cart\u00e3o de cr\u00e9dito alcan\u00e7am 299,8% ao ano em maio, diz BC\",\"datePublished\":\"2019-06-26T16:13:52+00:00\",\"mainEntityOfPage\":{\"@id\":\"https:\/\/www.suno.com.br\/noticias\/juros-cartao-credito-taxa\/\"},\"wordCount\":439,\"publisher\":{\"@id\":\"https:\/\/www.suno.com.br\/noticias\/#organization\"},\"image\":{\"@id\":\"https:\/\/www.suno.com.br\/noticias\/juros-cartao-credito-taxa\/#primaryimage\"},\"thumbnailUrl\":\"https:\/\/files.sunoresearch.com.br\/n\/uploads\/2019\/05\/43f16798-juros-jpg.webp\",\"keywords\":[\"cart\u00f5es de cr\u00e9dito\"],\"articleSection\":[\"Finan\u00e7as Pessoais\"],\"inLanguage\":\"pt-BR\"},{\"@type\":\"WebPage\",\"@id\":\"https:\/\/www.suno.com.br\/noticias\/juros-cartao-credito-taxa\/\",\"url\":\"https:\/\/www.suno.com.br\/noticias\/juros-cartao-credito-taxa\/\",\"name\":\"Juros de cart\u00e3o de cr\u00e9dito alcan\u00e7am 299,8% ao ano em maio, diz BC\",\"isPartOf\":{\"@id\":\"https:\/\/www.suno.com.br\/noticias\/#website\"},\"primaryImageOfPage\":{\"@id\":\"https:\/\/www.suno.com.br\/noticias\/juros-cartao-credito-taxa\/#primaryimage\"},\"image\":{\"@id\":\"https:\/\/www.suno.com.br\/noticias\/juros-cartao-credito-taxa\/#primaryimage\"},\"thumbnailUrl\":\"https:\/\/files.sunoresearch.com.br\/n\/uploads\/2019\/05\/43f16798-juros-jpg.webp\",\"datePublished\":\"2019-06-26T16:13:52+00:00\",\"description\":\"A taxa de juros m\u00e9dias cobradas pela institui\u00e7\u00f5es financeiras no rotativo cart\u00e3o do cr\u00e9dito, atingiu o maior patamar desde 2018. Clique aqui\",\"breadcrumb\":{\"@id\":\"https:\/\/www.suno.com.br\/noticias\/juros-cartao-credito-taxa\/#breadcrumb\"},\"inLanguage\":\"pt-BR\",\"potentialAction\":[{\"@type\":\"ReadAction\",\"target\":[\"https:\/\/www.suno.com.br\/noticias\/juros-cartao-credito-taxa\/\"]}]},{\"@type\":\"ImageObject\",\"inLanguage\":\"pt-BR\",\"@id\":\"https:\/\/www.suno.com.br\/noticias\/juros-cartao-credito-taxa\/#primaryimage\",\"url\":\"https:\/\/files.sunoresearch.com.br\/n\/uploads\/2019\/05\/43f16798-juros-jpg.webp\",\"contentUrl\":\"https:\/\/files.sunoresearch.com.br\/n\/uploads\/2019\/05\/43f16798-juros-jpg.webp\",\"width\":1200,\"height\":758,\"caption\":\"Novo cadastro positivo pode come\u00e7ar ainda neste ano\"},{\"@type\":\"BreadcrumbList\",\"@id\":\"https:\/\/www.suno.com.br\/noticias\/juros-cartao-credito-taxa\/#breadcrumb\",\"itemListElement\":[{\"@type\":\"ListItem\",\"position\":1,\"name\":\"Not\u00edcias\",\"item\":\"https:\/\/www.suno.com.br\/noticias\/\"},{\"@type\":\"ListItem\",\"position\":2,\"name\":\"Finan\u00e7as Pessoais\",\"item\":\"https:\/\/www.suno.com.br\/noticias\/financas-pessoais\/\"},{\"@type\":\"ListItem\",\"position\":3,\"name\":\"Juros de cart\u00e3o de cr\u00e9dito alcan\u00e7am 299,8% ao ano em maio, diz BC\"}]},{\"@type\":\"WebSite\",\"@id\":\"https:\/\/www.suno.com.br\/noticias\/#website\",\"url\":\"https:\/\/www.suno.com.br\/noticias\/\",\"name\":\"Suno Not\u00edcias\",\"description\":\"Seu portal de informa\u00e7\u00e3o sobre o mundo dos investimentos\",\"publisher\":{\"@id\":\"https:\/\/www.suno.com.br\/noticias\/#organization\"},\"potentialAction\":[{\"@type\":\"SearchAction\",\"target\":{\"@type\":\"EntryPoint\",\"urlTemplate\":\"https:\/\/www.suno.com.br\/noticias\/?s={search_term_string}\"},\"query-input\":{\"@type\":\"PropertyValueSpecification\",\"valueRequired\":true,\"valueName\":\"search_term_string\"}}],\"inLanguage\":\"pt-BR\"},{\"@type\":\"Organization\",\"@id\":\"https:\/\/www.suno.com.br\/noticias\/#organization\",\"name\":\"Suno Not\u00edcias\",\"url\":\"https:\/\/www.suno.com.br\/noticias\/\",\"logo\":{\"@type\":\"ImageObject\",\"inLanguage\":\"pt-BR\",\"@id\":\"https:\/\/www.suno.com.br\/noticias\/#\/schema\/logo\/image\/\",\"url\":\"https:\/\/files.sunoresearch.com.br\/n\/uploads\/2021\/09\/suno-logo.png\",\"contentUrl\":\"https:\/\/files.sunoresearch.com.br\/n\/uploads\/2021\/09\/suno-logo.png\",\"width\":180,\"height\":180,\"caption\":\"Suno Not\u00edcias\"},\"image\":{\"@id\":\"https:\/\/www.suno.com.br\/noticias\/#\/schema\/logo\/image\/\"},\"sameAs\":[\"https:\/\/facebook.com\/sunoresearch\",\"https:\/\/x.com\/sunoresearch\",\"https:\/\/www.instagram.com\/suno\",\"https:\/\/www.linkedin.com\/company\/suno-research\/\",\"https:\/\/www.youtube.com\/c\/sunoresearch\"]},{\"@type\":\"Person\",\"@id\":\"https:\/\/www.suno.com.br\/noticias\/#\/schema\/person\/02ec1f752758247878a2bf4abee1aeda\",\"name\":\"Poliana Santos\",\"image\":{\"@type\":\"ImageObject\",\"inLanguage\":\"pt-BR\",\"@id\":\"https:\/\/www.suno.com.br\/noticias\/#\/schema\/person\/image\/\",\"url\":\"https:\/\/secure.gravatar.com\/avatar\/0645bd32f23d87b2130f2b2dff1d3f8d?s=96&r=g\",\"contentUrl\":\"https:\/\/secure.gravatar.com\/avatar\/0645bd32f23d87b2130f2b2dff1d3f8d?s=96&r=g\",\"caption\":\"Poliana Santos\"},\"description\":\"Rep\u00f3rter no Suno Not\u00edcias, com cobertura em mercado financeiro, economia, finan\u00e7as pessoais, renda fixa e varejo. Jornalista formada pela Faculdade C\u00e1sper L\u00edbero e possui passagem na R\u00e1dio Gazeta AM com a produ\u00e7\u00e3o de conte\u00fado sobre economia, pol\u00edtica, sa\u00fade, moda e m\u00fasica. Possui certificado de conclus\u00e3o do curso de An\u00e1lise de Balan\u00e7os pela Funda\u00e7\u00e3o Bradesco, Agenda Brasil pela FAAP, Educa\u00e7\u00e3o Pol\u00edtica por Alexandre Garcia e do Tesouro Direto e Mercado de A\u00e7\u00f5es pela B3.\",\"url\":\"https:\/\/www.suno.com.br\/noticias\/author\/poliana-santos\/\"}]}<\/script>\n<!-- \/ Yoast SEO plugin. -->","yoast_head_json":{"title":"Juros de cart\u00e3o de cr\u00e9dito alcan\u00e7am 299,8% ao ano em maio, diz BC","description":"A taxa de juros m\u00e9dias cobradas pela institui\u00e7\u00f5es financeiras no rotativo cart\u00e3o do cr\u00e9dito, atingiu o maior patamar desde 2018. Clique aqui","robots":{"index":"index","follow":"follow","max-snippet":"max-snippet:-1","max-image-preview":"max-image-preview:large","max-video-preview":"max-video-preview:-1"},"canonical":"https:\/\/www.suno.com.br\/noticias\/juros-cartao-credito-taxa\/","og_locale":"pt_BR","og_type":"article","og_title":"Juros de cart\u00e3o de cr\u00e9dito alcan\u00e7am 299,8% ao ano em maio, diz BC","og_description":"A taxa de juros m\u00e9dias cobradas pela institui\u00e7\u00f5es financeiras no rotativo cart\u00e3o do cr\u00e9dito, atingiu o maior patamar desde 2018. Clique aqui","og_url":"https:\/\/www.suno.com.br\/noticias\/juros-cartao-credito-taxa\/","og_site_name":"Suno Not\u00edcias","article_publisher":"https:\/\/facebook.com\/sunoresearch","og_image":[{"width":1200,"height":758,"url":"https:\/\/files.sunoresearch.com.br\/n\/uploads\/2019\/05\/43f16798-juros.jpg","type":"image\/jpeg"}],"author":"Poliana Santos","twitter_card":"summary_large_image","twitter_creator":"@sunoresearch","twitter_site":"@sunoresearch","twitter_misc":{"Escrito por":"Poliana Santos","Est. tempo de leitura":"2 minutos"},"schema":{"@context":"https:\/\/schema.org","@graph":[{"@type":"NewsArticle","@id":"https:\/\/www.suno.com.br\/noticias\/juros-cartao-credito-taxa\/#article","isPartOf":{"@id":"https:\/\/www.suno.com.br\/noticias\/juros-cartao-credito-taxa\/"},"author":{"name":"Poliana Santos","@id":"https:\/\/www.suno.com.br\/noticias\/#\/schema\/person\/02ec1f752758247878a2bf4abee1aeda"},"headline":"Juros de cart\u00e3o de cr\u00e9dito alcan\u00e7am 299,8% ao ano em maio, diz BC","datePublished":"2019-06-26T16:13:52+00:00","mainEntityOfPage":{"@id":"https:\/\/www.suno.com.br\/noticias\/juros-cartao-credito-taxa\/"},"wordCount":439,"publisher":{"@id":"https:\/\/www.suno.com.br\/noticias\/#organization"},"image":{"@id":"https:\/\/www.suno.com.br\/noticias\/juros-cartao-credito-taxa\/#primaryimage"},"thumbnailUrl":"https:\/\/files.sunoresearch.com.br\/n\/uploads\/2019\/05\/43f16798-juros-jpg.webp","keywords":["cart\u00f5es de cr\u00e9dito"],"articleSection":["Finan\u00e7as Pessoais"],"inLanguage":"pt-BR"},{"@type":"WebPage","@id":"https:\/\/www.suno.com.br\/noticias\/juros-cartao-credito-taxa\/","url":"https:\/\/www.suno.com.br\/noticias\/juros-cartao-credito-taxa\/","name":"Juros de cart\u00e3o de cr\u00e9dito alcan\u00e7am 299,8% ao ano em maio, diz BC","isPartOf":{"@id":"https:\/\/www.suno.com.br\/noticias\/#website"},"primaryImageOfPage":{"@id":"https:\/\/www.suno.com.br\/noticias\/juros-cartao-credito-taxa\/#primaryimage"},"image":{"@id":"https:\/\/www.suno.com.br\/noticias\/juros-cartao-credito-taxa\/#primaryimage"},"thumbnailUrl":"https:\/\/files.sunoresearch.com.br\/n\/uploads\/2019\/05\/43f16798-juros-jpg.webp","datePublished":"2019-06-26T16:13:52+00:00","description":"A taxa de juros m\u00e9dias cobradas pela institui\u00e7\u00f5es financeiras no rotativo cart\u00e3o do cr\u00e9dito, atingiu o maior patamar desde 2018. Clique aqui","breadcrumb":{"@id":"https:\/\/www.suno.com.br\/noticias\/juros-cartao-credito-taxa\/#breadcrumb"},"inLanguage":"pt-BR","potentialAction":[{"@type":"ReadAction","target":["https:\/\/www.suno.com.br\/noticias\/juros-cartao-credito-taxa\/"]}]},{"@type":"ImageObject","inLanguage":"pt-BR","@id":"https:\/\/www.suno.com.br\/noticias\/juros-cartao-credito-taxa\/#primaryimage","url":"https:\/\/files.sunoresearch.com.br\/n\/uploads\/2019\/05\/43f16798-juros-jpg.webp","contentUrl":"https:\/\/files.sunoresearch.com.br\/n\/uploads\/2019\/05\/43f16798-juros-jpg.webp","width":1200,"height":758,"caption":"Novo cadastro positivo pode come\u00e7ar ainda neste ano"},{"@type":"BreadcrumbList","@id":"https:\/\/www.suno.com.br\/noticias\/juros-cartao-credito-taxa\/#breadcrumb","itemListElement":[{"@type":"ListItem","position":1,"name":"Not\u00edcias","item":"https:\/\/www.suno.com.br\/noticias\/"},{"@type":"ListItem","position":2,"name":"Finan\u00e7as Pessoais","item":"https:\/\/www.suno.com.br\/noticias\/financas-pessoais\/"},{"@type":"ListItem","position":3,"name":"Juros de cart\u00e3o de cr\u00e9dito alcan\u00e7am 299,8% ao ano em maio, diz BC"}]},{"@type":"WebSite","@id":"https:\/\/www.suno.com.br\/noticias\/#website","url":"https:\/\/www.suno.com.br\/noticias\/","name":"Suno Not\u00edcias","description":"Seu portal de informa\u00e7\u00e3o sobre o mundo dos investimentos","publisher":{"@id":"https:\/\/www.suno.com.br\/noticias\/#organization"},"potentialAction":[{"@type":"SearchAction","target":{"@type":"EntryPoint","urlTemplate":"https:\/\/www.suno.com.br\/noticias\/?s={search_term_string}"},"query-input":{"@type":"PropertyValueSpecification","valueRequired":true,"valueName":"search_term_string"}}],"inLanguage":"pt-BR"},{"@type":"Organization","@id":"https:\/\/www.suno.com.br\/noticias\/#organization","name":"Suno Not\u00edcias","url":"https:\/\/www.suno.com.br\/noticias\/","logo":{"@type":"ImageObject","inLanguage":"pt-BR","@id":"https:\/\/www.suno.com.br\/noticias\/#\/schema\/logo\/image\/","url":"https:\/\/files.sunoresearch.com.br\/n\/uploads\/2021\/09\/suno-logo.png","contentUrl":"https:\/\/files.sunoresearch.com.br\/n\/uploads\/2021\/09\/suno-logo.png","width":180,"height":180,"caption":"Suno Not\u00edcias"},"image":{"@id":"https:\/\/www.suno.com.br\/noticias\/#\/schema\/logo\/image\/"},"sameAs":["https:\/\/facebook.com\/sunoresearch","https:\/\/x.com\/sunoresearch","https:\/\/www.instagram.com\/suno","https:\/\/www.linkedin.com\/company\/suno-research\/","https:\/\/www.youtube.com\/c\/sunoresearch"]},{"@type":"Person","@id":"https:\/\/www.suno.com.br\/noticias\/#\/schema\/person\/02ec1f752758247878a2bf4abee1aeda","name":"Poliana Santos","image":{"@type":"ImageObject","inLanguage":"pt-BR","@id":"https:\/\/www.suno.com.br\/noticias\/#\/schema\/person\/image\/","url":"https:\/\/secure.gravatar.com\/avatar\/0645bd32f23d87b2130f2b2dff1d3f8d?s=96&r=g","contentUrl":"https:\/\/secure.gravatar.com\/avatar\/0645bd32f23d87b2130f2b2dff1d3f8d?s=96&r=g","caption":"Poliana Santos"},"description":"Rep\u00f3rter no Suno Not\u00edcias, com cobertura em mercado financeiro, economia, finan\u00e7as pessoais, renda fixa e varejo. Jornalista formada pela Faculdade C\u00e1sper L\u00edbero e possui passagem na R\u00e1dio Gazeta AM com a produ\u00e7\u00e3o de conte\u00fado sobre economia, pol\u00edtica, sa\u00fade, moda e m\u00fasica. Possui certificado de conclus\u00e3o do curso de An\u00e1lise de Balan\u00e7os pela Funda\u00e7\u00e3o Bradesco, Agenda Brasil pela FAAP, Educa\u00e7\u00e3o Pol\u00edtica por Alexandre Garcia e do Tesouro Direto e Mercado de A\u00e7\u00f5es pela B3.","url":"https:\/\/www.suno.com.br\/noticias\/author\/poliana-santos\/"}]}},"default_loop_html":"<div class=\"cardsPage__listCard__boxs\"><div class=\"cardsPage__listCard__boxs__img\"><a href=\"https:\/\/www.suno.com.br\/noticias\/juros-cartao-credito-taxa\/\"><img class=\"mask\" src=\"https:\/\/www.suno.com.br\/noticias\/wp-content\/themes\/suno\/resources\/images\/spotlight\/spotlight1img\/bg-mask.png\" alt=\"Image Mask\"\/><img src=\"https:\/\/files.sunoresearch.com.br\/n\/uploads\/2019\/05\/43f16798-juros-400x200.webp\" alt=\"Juros de cart\u00e3o de cr\u00e9dito alcan\u00e7am 299,8% ao ano em maio, diz BC\"\/><\/a><span class=\"spotlightCategory\"><a href=\"https:\/\/www.suno.com.br\/noticias\/financas-pessoais\/\">Finan\u00e7as Pessoais<\/a><\/span><\/div><div class=\"cardsPage__listCard__boxs__content\"><a href=\"https:\/\/www.suno.com.br\/noticias\/juros-cartao-credito-taxa\/\"><h2 class=\"content__title\">Juros de cart\u00e3o de cr\u00e9dito alcan\u00e7am 299,8% ao ano em maio, diz BC<\/h2><\/a><div class=\"newsContent__article__meta\"><div class=\"newsContent__article__meta__authorBox\"><a href=\"https:\/\/www.suno.com.br\/noticias\/author\/poliana-santos\/\" class=\"authorBox__avatar noMobi\"><img src=\"https:\/\/files.sunoresearch.com.br\/n\/uploads\/2020\/08\/7ef34026-whatsapp-image-2020-08-03-at-12.37.57-150x150.webp\" alt=\"Poliana Santos\"><\/a><div class=\"authorBox__name\"><span>por\n\t\t\t<a href=\"https:\/\/www.suno.com.br\/noticias\/author\/poliana-santos\/\"><span itemprop=\"author\">Poliana Santos<\/span><\/a><\/span><time datetime=\"2019-06-26T13:13:52-03:00\" itemprop=\"datePublished\">26\/06\/2019 13:13<\/time><\/div><\/div><\/div><\/div><\/div>","single_layout":"posts","amp_enabled":true,"_links":{"self":[{"href":"https:\/\/www.suno.com.br\/noticias\/wp-json\/wp\/v2\/posts\/29227"}],"collection":[{"href":"https:\/\/www.suno.com.br\/noticias\/wp-json\/wp\/v2\/posts"}],"about":[{"href":"https:\/\/www.suno.com.br\/noticias\/wp-json\/wp\/v2\/types\/post"}],"author":[{"embeddable":true,"href":"https:\/\/www.suno.com.br\/noticias\/wp-json\/wp\/v2\/users\/15"}],"replies":[{"embeddable":true,"href":"https:\/\/www.suno.com.br\/noticias\/wp-json\/wp\/v2\/comments?post=29227"}],"version-history":[{"count":0,"href":"https:\/\/www.suno.com.br\/noticias\/wp-json\/wp\/v2\/posts\/29227\/revisions"}],"wp:featuredmedia":[{"embeddable":true,"href":"https:\/\/www.suno.com.br\/noticias\/wp-json\/wp\/v2\/media\/26459"}],"wp:attachment":[{"href":"https:\/\/www.suno.com.br\/noticias\/wp-json\/wp\/v2\/media?parent=29227"}],"wp:term":[{"taxonomy":"category","embeddable":true,"href":"https:\/\/www.suno.com.br\/noticias\/wp-json\/wp\/v2\/categories?post=29227"},{"taxonomy":"post_tag","embeddable":true,"href":"https:\/\/www.suno.com.br\/noticias\/wp-json\/wp\/v2\/tags?post=29227"},{"taxonomy":"suno_strategy","embeddable":true,"href":"https:\/\/www.suno.com.br\/noticias\/wp-json\/wp\/v2\/suno_strategy?post=29227"}],"curies":[{"name":"wp","href":"https:\/\/api.w.org\/{rel}","templated":true}]}}