{"id":29202,"date":"2019-06-26T11:53:13","date_gmt":"2019-06-26T14:53:13","guid":{"rendered":"https:\/\/www.suno.com.br\/noticias\/?p=29202"},"modified":"2019-06-26T11:55:35","modified_gmt":"2019-06-26T14:55:35","slug":"maia-alcolumbre-afirmam-votos-aprovar-reforma","status":"publish","type":"post","link":"https:\/\/www.suno.com.br\/noticias\/maia-alcolumbre-afirmam-votos-aprovar-reforma\/","title":{"rendered":"Maia e Alcolumbre afirmam que h\u00e1 votos suficientes para aprovar reforma"},"content":{"rendered":"<p>Os presidentes do Senado,\u00a0<strong>Davi Alcolumbre<\/strong>\u00a0(DEM-AP), e da C\u00e2mara,\u00a0<strong>Rodrigo Maia<\/strong>\u00a0(DEM-RJ), comunicaram que o Congresso juntou os votos cruciais para aprovar a\u00a0reforma da Previd\u00eancia.<\/p>\t<div class=\"wrapper-featured-image\">\n\t\t<figure class=\"spotlightImg\">\n\n\t\t\t<picture>\n\t\t\t\t<source media=\"(max-width: 768px)\" srcset=\"https:\/\/files.sunoresearch.com.br\/n\/uploads\/2019\/06\/9bb389f7-maia-400x200.webp\">\n\t\t\t\t<img loading=\"lazy\" decoding=\"async\" class=\"newsContent__article__imgCapa lazyloadDisabled newsContent__article__imgCapa--noCaption\" src=\"https:\/\/files.sunoresearch.com.br\/n\/uploads\/2019\/06\/9bb389f7-maia-800x450.webp\" width=\"800\" height=\"450\" alt=\"Maia e Alcolumbre afirmam que h\u00e1 votos suficientes para aprovar reforma\" fetchpriority=high \/>\n\t\t\t<\/picture>\n\n\t\t\t<figcaption class=\"wp-caption-text wp-caption-text--hide\">Maia descarta corte de sal\u00e1rios para financiar coronavoucher<\/figcaption>\n\t\t<\/figure>\n\t<\/div>\n\n\n<p>\u201cA <strong>C\u00e2mara<\/strong> j\u00e1 tem os 308 votos. No <strong>Senado<\/strong>, tem ampla maioria\u201d, afirmou <strong>Alcolumbre\u00a0<\/strong> na \u00faltima segunda-feira (24).<\/p>\n<p>De acordo com <strong>Maia<\/strong>, hoje h\u00e1 de 314 a 320 votos certos. Entretanto, segundo ele, ainda \u00e9 poss\u00edvel chegar a 380 votos.<\/p>\n<p>Conforme <strong>Maia<\/strong>, essa extensa margem \u00e9 relevante porque, se tiver uma perda de 15% desses votos, \u00e9 poss\u00edvel ratificar a reforma com 340 votos.<\/p>\n\t<p>\n\t\t<a href=\"https:\/\/lps.suno.com.br\/asset\/newsletter\/\" target=\"_blank\" data-element=\"shortcode-suno-banner\" title=\"Banner SUNO, clique e saiba mais\">\n\t\t\t<picture>\n\t\t\t\t<source media=\"(max-width: 500px)\" srcset=\"https:\/\/files.sunoresearch.com.br\/n\/uploads\/2023\/04\/400x300-Mobile-Artigos-4.jpg\">\n\t\t\t\t<img class=\"newsContent__article__imgCapa newsContent__article__imgCapa--banner\"\n\t\t\t\t\tsrc=\"https:\/\/files.sunoresearch.com.br\/n\/uploads\/2023\/04\/1420x240-Banner-Artigos-1-_-Banner-Materias-1.jpg\"\n\t\t\t\t\tdata-promo-id=\"386700\"\t\t\t\t\t\t\t\t\t\twidth='1420' height='240'\t\t\t\t\talt=\"https:\/\/files.sunoresearch.com.br\/n\/uploads\/2023\/04\/1420x240-Banner-Artigos-1-_-Banner-Materias-1.jpg\"\n\t\t\t\t>\n\t\t\t<\/picture>\n\t\t<\/a>\n\t<\/p>\n\n\n<p><span style=\"font-size: 1.21429rem;\">Segundo ele, essa ampla margem \u00e9 importante porque, se houver uma perda de 15% desses apoios, pode-se aprovar a reforma com 340 votos. <\/span><\/p>\n<p><span style=\"font-size: 1.21429rem;\">S\u00e3o necess\u00e1rios, no m\u00ednimo, 308 votos, em dois turnos, para que a reforma seja aprovada pelo plen\u00e1rio da <strong>C\u00e2mara<\/strong> e siga para o <strong>Senado<\/strong>.<\/span><\/p>\n<p>O presidente da <strong>C\u00e2mara dos Deputados<\/strong> quer finalizar a vota\u00e7\u00e3o na <strong>C\u00e2mara<\/strong> antes da interrup\u00e7\u00e3o das atividades de julho, que tem in\u00edcio no dia 18.<\/p>\n<p><a href=\"https:\/\/www.suno.com.br\/noticias\/reforma-da-previdencia-definida-proximos-dias\/\">Saiba mais:\u00a0Reforma da Previd\u00eancia ser\u00e1 definida nos pr\u00f3ximos dias, diz relator\u00a0<\/a><\/p>\n<p>Alcolumbre planeja que o <strong>Senado<\/strong> retome a discuss\u00e3o da reforma em agosto. Desta forma, a vota\u00e7\u00e3o seria encerrada em 60 dias.<\/p>\n<p>O senador ainda destacou que a aprova\u00e7\u00e3o da reforma n\u00e3o ser\u00e1 consequ\u00eancia da articula\u00e7\u00e3o pol\u00edtica do governo. Entretanto, disse que a aprova\u00e7\u00e3o ser\u00e1 tomada por consenso de que a medida \u00e9 necess\u00e1ria para a retomar o crescimento da economia.<\/p>\n\t<p>\n\t\t<a href=\"https:\/\/lp.suno.com.br\/minicurso-investindo-fiis\/\" target=\"_blank\" data-element=\"shortcode-suno-banner\" title=\"Banner SUNO, clique e saiba mais\">\n\t\t\t<picture>\n\t\t\t\t<source media=\"(max-width: 500px)\" srcset=\"https:\/\/files.sunoresearch.com.br\/n\/uploads\/2023\/07\/400x300-Minicurso-FIIS.png\">\n\t\t\t\t<img class=\"newsContent__article__imgCapa newsContent__article__imgCapa--banner\"\n\t\t\t\t\tsrc=\"https:\/\/files.sunoresearch.com.br\/n\/uploads\/2023\/07\/1420x240-Minicurso-FIIS.png\"\n\t\t\t\t\tdata-promo-id=\"311935\"\t\t\t\t\t\t\t\t\t\twidth='1420' height='240'\t\t\t\t\talt=\"https:\/\/files.sunoresearch.com.br\/n\/uploads\/2023\/07\/1420x240-Minicurso-FIIS.png\"\n\t\t\t\t>\n\t\t\t<\/picture>\n\t\t<\/a>\n\t<\/p>\n\n\n<p>Maia ainda reiterou que a reforma precisa \u201cestar fora das disputas pol\u00edticas, dos embates, das agress\u00f5es, dos desequil\u00edbrios\u201d para ser aprovada.<\/p>\n<p>Ele avalia que a aprova\u00e7\u00e3o das altera\u00e7\u00f5es nas regras previdenci\u00e1rias, junto \u00e0 reforma tribut\u00e1ria, pode ampliar a margem para investimentos de R$ 60 bilh\u00f5es a R$ 80 bilh\u00f5es para R$ 150 bilh\u00f5es a R$ 200 bilh\u00f5es.<\/p>\n<p>O presidente do Senado,\u00a0<strong>Davi Alcolumbre,<\/strong> afirmou que o trecho da reforma que amplia a al\u00edquota de impostos para os bancos deve ser preservado no <strong>Senado<\/strong>. \u201cBanqueiro ganha muito\u201d, alegou <strong>Alcolumbre<\/strong>.<\/p>\n<p>A conta adicional aos bancos pressup\u00f5e a eleva\u00e7\u00e3o de 15% para 20% da <strong>Contribui\u00e7\u00e3o Social sobre o Lucro L\u00edquido (CSLL)<\/strong>. Desta forma, os cofres do governo devem ganhar mais R$ 5 bilh\u00f5es por ano.<\/p>\n","protected":false},"excerpt":{"rendered":"<p>Os presidentes do Senado,\u00a0Davi Alcolumbre\u00a0(DEM-AP), e da C\u00e2mara,\u00a0Rodrigo Maia\u00a0(DEM-RJ), comunicaram que o Congresso juntou os votos cruciais para aprovar a\u00a0reforma da Previd\u00eancia. Maia descarta corte de sal\u00e1rios para financiar coronavoucher \u201cA C\u00e2mara j\u00e1 tem os 308 votos. No Senado, tem ampla maioria\u201d, afirmou Alcolumbre\u00a0 na \u00faltima segunda-feira (24). De acordo com Maia, hoje h\u00e1 de [&hellip;]<\/p>\n","protected":false},"author":19,"featured_media":29205,"comment_status":"closed","ping_status":"closed","sticky":false,"template":"","format":"standard","meta":[],"categories":[61],"tags":[940,892],"suno_strategy":[],"class_list":["post-29202","post","type-post","status-publish","format-standard","has-post-thumbnail","hentry","category-politica","tag-reforma-da-previdencia","tag-rodrigo-maia"],"yoast_head":"<!-- This site is optimized with the Yoast SEO plugin v24.4 - https:\/\/yoast.com\/wordpress\/plugins\/seo\/ -->\n<title>Maia e Alcolumbre afirmam que h\u00e1 votos suficientes para aprovar reforma<\/title>\n<meta name=\"description\" content=\"Os presidentes do Senado e da C\u00e2mara comunicaram que o Congresso juntou os votos necess\u00e1rios para aprova\u00e7\u00e3o da\u00a0reforma. Clique e saiba mais.\" \/>\n<meta name=\"robots\" content=\"index, follow, max-snippet:-1, max-image-preview:large, max-video-preview:-1\" \/>\n<link rel=\"canonical\" href=\"https:\/\/www.suno.com.br\/noticias\/maia-alcolumbre-afirmam-votos-aprovar-reforma\/\" \/>\n<meta property=\"og:locale\" content=\"pt_BR\" \/>\n<meta property=\"og:type\" content=\"article\" \/>\n<meta property=\"og:title\" content=\"Maia e Alcolumbre afirmam que h\u00e1 votos suficientes para aprovar reforma\" \/>\n<meta property=\"og:description\" content=\"Os presidentes do Senado e da C\u00e2mara comunicaram que o Congresso juntou os votos necess\u00e1rios para aprova\u00e7\u00e3o da\u00a0reforma. Clique e saiba mais.\" \/>\n<meta property=\"og:url\" content=\"https:\/\/www.suno.com.br\/noticias\/maia-alcolumbre-afirmam-votos-aprovar-reforma\/\" \/>\n<meta property=\"og:site_name\" content=\"Suno Not\u00edcias\" \/>\n<meta property=\"article:publisher\" content=\"https:\/\/facebook.com\/sunoresearch\" \/>\n<meta property=\"og:image\" content=\"https:\/\/files.sunoresearch.com.br\/n\/uploads\/2019\/06\/9bb389f7-maia.jpg\" \/>\n\t<meta property=\"og:image:width\" content=\"1140\" \/>\n\t<meta property=\"og:image:height\" content=\"760\" \/>\n\t<meta property=\"og:image:type\" content=\"image\/jpeg\" \/>\n<meta name=\"author\" content=\"Juliano Passaro\" \/>\n<meta name=\"twitter:card\" content=\"summary_large_image\" \/>\n<meta name=\"twitter:creator\" content=\"@sunoresearch\" \/>\n<meta name=\"twitter:site\" content=\"@sunoresearch\" \/>\n<meta name=\"twitter:label1\" content=\"Escrito por\" \/>\n\t<meta name=\"twitter:data1\" content=\"Juliano Passaro\" \/>\n\t<meta name=\"twitter:label2\" content=\"Est. tempo de leitura\" \/>\n\t<meta name=\"twitter:data2\" content=\"2 minutos\" \/>\n<script type=\"application\/ld+json\" class=\"yoast-schema-graph\">{\"@context\":\"https:\/\/schema.org\",\"@graph\":[{\"@type\":\"NewsArticle\",\"@id\":\"https:\/\/www.suno.com.br\/noticias\/maia-alcolumbre-afirmam-votos-aprovar-reforma\/#article\",\"isPartOf\":{\"@id\":\"https:\/\/www.suno.com.br\/noticias\/maia-alcolumbre-afirmam-votos-aprovar-reforma\/\"},\"author\":{\"name\":\"Juliano Passaro\",\"@id\":\"https:\/\/www.suno.com.br\/noticias\/#\/schema\/person\/1db762f78ffd8919a648a63e425953e3\"},\"headline\":\"Maia e Alcolumbre afirmam que h\u00e1 votos suficientes para aprovar reforma\",\"datePublished\":\"2019-06-26T14:53:13+00:00\",\"dateModified\":\"2019-06-26T14:55:35+00:00\",\"mainEntityOfPage\":{\"@id\":\"https:\/\/www.suno.com.br\/noticias\/maia-alcolumbre-afirmam-votos-aprovar-reforma\/\"},\"wordCount\":392,\"publisher\":{\"@id\":\"https:\/\/www.suno.com.br\/noticias\/#organization\"},\"image\":{\"@id\":\"https:\/\/www.suno.com.br\/noticias\/maia-alcolumbre-afirmam-votos-aprovar-reforma\/#primaryimage\"},\"thumbnailUrl\":\"https:\/\/files.sunoresearch.com.br\/n\/uploads\/2019\/06\/9bb389f7-maia-jpg.webp\",\"keywords\":[\"Reforma da Previd\u00eancia\",\"Rodrigo Maia\"],\"articleSection\":[\"Pol\u00edtica\"],\"inLanguage\":\"pt-BR\"},{\"@type\":\"WebPage\",\"@id\":\"https:\/\/www.suno.com.br\/noticias\/maia-alcolumbre-afirmam-votos-aprovar-reforma\/\",\"url\":\"https:\/\/www.suno.com.br\/noticias\/maia-alcolumbre-afirmam-votos-aprovar-reforma\/\",\"name\":\"Maia e Alcolumbre afirmam que h\u00e1 votos suficientes para aprovar reforma\",\"isPartOf\":{\"@id\":\"https:\/\/www.suno.com.br\/noticias\/#website\"},\"primaryImageOfPage\":{\"@id\":\"https:\/\/www.suno.com.br\/noticias\/maia-alcolumbre-afirmam-votos-aprovar-reforma\/#primaryimage\"},\"image\":{\"@id\":\"https:\/\/www.suno.com.br\/noticias\/maia-alcolumbre-afirmam-votos-aprovar-reforma\/#primaryimage\"},\"thumbnailUrl\":\"https:\/\/files.sunoresearch.com.br\/n\/uploads\/2019\/06\/9bb389f7-maia-jpg.webp\",\"datePublished\":\"2019-06-26T14:53:13+00:00\",\"dateModified\":\"2019-06-26T14:55:35+00:00\",\"description\":\"Os presidentes do Senado e da C\u00e2mara comunicaram que o Congresso juntou os votos necess\u00e1rios para aprova\u00e7\u00e3o da\u00a0reforma. Clique e saiba mais.\",\"breadcrumb\":{\"@id\":\"https:\/\/www.suno.com.br\/noticias\/maia-alcolumbre-afirmam-votos-aprovar-reforma\/#breadcrumb\"},\"inLanguage\":\"pt-BR\",\"potentialAction\":[{\"@type\":\"ReadAction\",\"target\":[\"https:\/\/www.suno.com.br\/noticias\/maia-alcolumbre-afirmam-votos-aprovar-reforma\/\"]}]},{\"@type\":\"ImageObject\",\"inLanguage\":\"pt-BR\",\"@id\":\"https:\/\/www.suno.com.br\/noticias\/maia-alcolumbre-afirmam-votos-aprovar-reforma\/#primaryimage\",\"url\":\"https:\/\/files.sunoresearch.com.br\/n\/uploads\/2019\/06\/9bb389f7-maia-jpg.webp\",\"contentUrl\":\"https:\/\/files.sunoresearch.com.br\/n\/uploads\/2019\/06\/9bb389f7-maia-jpg.webp\",\"width\":1140,\"height\":760,\"caption\":\"Maia descarta corte de sal\u00e1rios para financiar coronavoucher\"},{\"@type\":\"BreadcrumbList\",\"@id\":\"https:\/\/www.suno.com.br\/noticias\/maia-alcolumbre-afirmam-votos-aprovar-reforma\/#breadcrumb\",\"itemListElement\":[{\"@type\":\"ListItem\",\"position\":1,\"name\":\"Not\u00edcias\",\"item\":\"https:\/\/www.suno.com.br\/noticias\/\"},{\"@type\":\"ListItem\",\"position\":2,\"name\":\"Pol\u00edtica\",\"item\":\"https:\/\/www.suno.com.br\/noticias\/politica\/\"},{\"@type\":\"ListItem\",\"position\":3,\"name\":\"Maia e Alcolumbre afirmam que h\u00e1 votos suficientes para aprovar reforma\"}]},{\"@type\":\"WebSite\",\"@id\":\"https:\/\/www.suno.com.br\/noticias\/#website\",\"url\":\"https:\/\/www.suno.com.br\/noticias\/\",\"name\":\"Suno Not\u00edcias\",\"description\":\"Seu portal de informa\u00e7\u00e3o sobre o mundo dos investimentos\",\"publisher\":{\"@id\":\"https:\/\/www.suno.com.br\/noticias\/#organization\"},\"potentialAction\":[{\"@type\":\"SearchAction\",\"target\":{\"@type\":\"EntryPoint\",\"urlTemplate\":\"https:\/\/www.suno.com.br\/noticias\/?s={search_term_string}\"},\"query-input\":{\"@type\":\"PropertyValueSpecification\",\"valueRequired\":true,\"valueName\":\"search_term_string\"}}],\"inLanguage\":\"pt-BR\"},{\"@type\":\"Organization\",\"@id\":\"https:\/\/www.suno.com.br\/noticias\/#organization\",\"name\":\"Suno Not\u00edcias\",\"url\":\"https:\/\/www.suno.com.br\/noticias\/\",\"logo\":{\"@type\":\"ImageObject\",\"inLanguage\":\"pt-BR\",\"@id\":\"https:\/\/www.suno.com.br\/noticias\/#\/schema\/logo\/image\/\",\"url\":\"https:\/\/files.sunoresearch.com.br\/n\/uploads\/2021\/09\/suno-logo.png\",\"contentUrl\":\"https:\/\/files.sunoresearch.com.br\/n\/uploads\/2021\/09\/suno-logo.png\",\"width\":180,\"height\":180,\"caption\":\"Suno Not\u00edcias\"},\"image\":{\"@id\":\"https:\/\/www.suno.com.br\/noticias\/#\/schema\/logo\/image\/\"},\"sameAs\":[\"https:\/\/facebook.com\/sunoresearch\",\"https:\/\/x.com\/sunoresearch\",\"https:\/\/www.instagram.com\/suno\",\"https:\/\/www.linkedin.com\/company\/suno-research\/\",\"https:\/\/www.youtube.com\/c\/sunoresearch\"]},{\"@type\":\"Person\",\"@id\":\"https:\/\/www.suno.com.br\/noticias\/#\/schema\/person\/1db762f78ffd8919a648a63e425953e3\",\"name\":\"Juliano Passaro\",\"image\":{\"@type\":\"ImageObject\",\"inLanguage\":\"pt-BR\",\"@id\":\"https:\/\/www.suno.com.br\/noticias\/#\/schema\/person\/image\/\",\"url\":\"https:\/\/secure.gravatar.com\/avatar\/743d4df28eebf6dcc46b4ad03c319e92?s=96&r=g\",\"contentUrl\":\"https:\/\/secure.gravatar.com\/avatar\/743d4df28eebf6dcc46b4ad03c319e92?s=96&r=g\",\"caption\":\"Juliano Passaro\"},\"description\":\"Juliano Passaro escreve sobre pol\u00edtica, economia e neg\u00f3cios para o portal da Suno Research. Antes da Suno, trabalhou no Portal da Band. \u00c9 formado em jornalismo pela Universidade Presbiteriana Mackenzie.\",\"url\":\"https:\/\/www.suno.com.br\/noticias\/author\/juliano\/\"}]}<\/script>\n<!-- \/ Yoast SEO plugin. -->","yoast_head_json":{"title":"Maia e Alcolumbre afirmam que h\u00e1 votos suficientes para aprovar reforma","description":"Os presidentes do Senado e da C\u00e2mara comunicaram que o Congresso juntou os votos necess\u00e1rios para aprova\u00e7\u00e3o da\u00a0reforma. Clique e saiba mais.","robots":{"index":"index","follow":"follow","max-snippet":"max-snippet:-1","max-image-preview":"max-image-preview:large","max-video-preview":"max-video-preview:-1"},"canonical":"https:\/\/www.suno.com.br\/noticias\/maia-alcolumbre-afirmam-votos-aprovar-reforma\/","og_locale":"pt_BR","og_type":"article","og_title":"Maia e Alcolumbre afirmam que h\u00e1 votos suficientes para aprovar reforma","og_description":"Os presidentes do Senado e da C\u00e2mara comunicaram que o Congresso juntou os votos necess\u00e1rios para aprova\u00e7\u00e3o da\u00a0reforma. Clique e saiba mais.","og_url":"https:\/\/www.suno.com.br\/noticias\/maia-alcolumbre-afirmam-votos-aprovar-reforma\/","og_site_name":"Suno Not\u00edcias","article_publisher":"https:\/\/facebook.com\/sunoresearch","og_image":[{"width":1140,"height":760,"url":"https:\/\/files.sunoresearch.com.br\/n\/uploads\/2019\/06\/9bb389f7-maia.jpg","type":"image\/jpeg"}],"author":"Juliano Passaro","twitter_card":"summary_large_image","twitter_creator":"@sunoresearch","twitter_site":"@sunoresearch","twitter_misc":{"Escrito por":"Juliano Passaro","Est. tempo de leitura":"2 minutos"},"schema":{"@context":"https:\/\/schema.org","@graph":[{"@type":"NewsArticle","@id":"https:\/\/www.suno.com.br\/noticias\/maia-alcolumbre-afirmam-votos-aprovar-reforma\/#article","isPartOf":{"@id":"https:\/\/www.suno.com.br\/noticias\/maia-alcolumbre-afirmam-votos-aprovar-reforma\/"},"author":{"name":"Juliano Passaro","@id":"https:\/\/www.suno.com.br\/noticias\/#\/schema\/person\/1db762f78ffd8919a648a63e425953e3"},"headline":"Maia e Alcolumbre afirmam que h\u00e1 votos suficientes para aprovar reforma","datePublished":"2019-06-26T14:53:13+00:00","dateModified":"2019-06-26T14:55:35+00:00","mainEntityOfPage":{"@id":"https:\/\/www.suno.com.br\/noticias\/maia-alcolumbre-afirmam-votos-aprovar-reforma\/"},"wordCount":392,"publisher":{"@id":"https:\/\/www.suno.com.br\/noticias\/#organization"},"image":{"@id":"https:\/\/www.suno.com.br\/noticias\/maia-alcolumbre-afirmam-votos-aprovar-reforma\/#primaryimage"},"thumbnailUrl":"https:\/\/files.sunoresearch.com.br\/n\/uploads\/2019\/06\/9bb389f7-maia-jpg.webp","keywords":["Reforma da Previd\u00eancia","Rodrigo Maia"],"articleSection":["Pol\u00edtica"],"inLanguage":"pt-BR"},{"@type":"WebPage","@id":"https:\/\/www.suno.com.br\/noticias\/maia-alcolumbre-afirmam-votos-aprovar-reforma\/","url":"https:\/\/www.suno.com.br\/noticias\/maia-alcolumbre-afirmam-votos-aprovar-reforma\/","name":"Maia e Alcolumbre afirmam que h\u00e1 votos suficientes para aprovar reforma","isPartOf":{"@id":"https:\/\/www.suno.com.br\/noticias\/#website"},"primaryImageOfPage":{"@id":"https:\/\/www.suno.com.br\/noticias\/maia-alcolumbre-afirmam-votos-aprovar-reforma\/#primaryimage"},"image":{"@id":"https:\/\/www.suno.com.br\/noticias\/maia-alcolumbre-afirmam-votos-aprovar-reforma\/#primaryimage"},"thumbnailUrl":"https:\/\/files.sunoresearch.com.br\/n\/uploads\/2019\/06\/9bb389f7-maia-jpg.webp","datePublished":"2019-06-26T14:53:13+00:00","dateModified":"2019-06-26T14:55:35+00:00","description":"Os presidentes do Senado e da C\u00e2mara comunicaram que o Congresso juntou os votos necess\u00e1rios para aprova\u00e7\u00e3o da\u00a0reforma. Clique e saiba mais.","breadcrumb":{"@id":"https:\/\/www.suno.com.br\/noticias\/maia-alcolumbre-afirmam-votos-aprovar-reforma\/#breadcrumb"},"inLanguage":"pt-BR","potentialAction":[{"@type":"ReadAction","target":["https:\/\/www.suno.com.br\/noticias\/maia-alcolumbre-afirmam-votos-aprovar-reforma\/"]}]},{"@type":"ImageObject","inLanguage":"pt-BR","@id":"https:\/\/www.suno.com.br\/noticias\/maia-alcolumbre-afirmam-votos-aprovar-reforma\/#primaryimage","url":"https:\/\/files.sunoresearch.com.br\/n\/uploads\/2019\/06\/9bb389f7-maia-jpg.webp","contentUrl":"https:\/\/files.sunoresearch.com.br\/n\/uploads\/2019\/06\/9bb389f7-maia-jpg.webp","width":1140,"height":760,"caption":"Maia descarta corte de sal\u00e1rios para financiar coronavoucher"},{"@type":"BreadcrumbList","@id":"https:\/\/www.suno.com.br\/noticias\/maia-alcolumbre-afirmam-votos-aprovar-reforma\/#breadcrumb","itemListElement":[{"@type":"ListItem","position":1,"name":"Not\u00edcias","item":"https:\/\/www.suno.com.br\/noticias\/"},{"@type":"ListItem","position":2,"name":"Pol\u00edtica","item":"https:\/\/www.suno.com.br\/noticias\/politica\/"},{"@type":"ListItem","position":3,"name":"Maia e Alcolumbre afirmam que h\u00e1 votos suficientes para aprovar reforma"}]},{"@type":"WebSite","@id":"https:\/\/www.suno.com.br\/noticias\/#website","url":"https:\/\/www.suno.com.br\/noticias\/","name":"Suno Not\u00edcias","description":"Seu portal de informa\u00e7\u00e3o sobre o mundo dos investimentos","publisher":{"@id":"https:\/\/www.suno.com.br\/noticias\/#organization"},"potentialAction":[{"@type":"SearchAction","target":{"@type":"EntryPoint","urlTemplate":"https:\/\/www.suno.com.br\/noticias\/?s={search_term_string}"},"query-input":{"@type":"PropertyValueSpecification","valueRequired":true,"valueName":"search_term_string"}}],"inLanguage":"pt-BR"},{"@type":"Organization","@id":"https:\/\/www.suno.com.br\/noticias\/#organization","name":"Suno Not\u00edcias","url":"https:\/\/www.suno.com.br\/noticias\/","logo":{"@type":"ImageObject","inLanguage":"pt-BR","@id":"https:\/\/www.suno.com.br\/noticias\/#\/schema\/logo\/image\/","url":"https:\/\/files.sunoresearch.com.br\/n\/uploads\/2021\/09\/suno-logo.png","contentUrl":"https:\/\/files.sunoresearch.com.br\/n\/uploads\/2021\/09\/suno-logo.png","width":180,"height":180,"caption":"Suno Not\u00edcias"},"image":{"@id":"https:\/\/www.suno.com.br\/noticias\/#\/schema\/logo\/image\/"},"sameAs":["https:\/\/facebook.com\/sunoresearch","https:\/\/x.com\/sunoresearch","https:\/\/www.instagram.com\/suno","https:\/\/www.linkedin.com\/company\/suno-research\/","https:\/\/www.youtube.com\/c\/sunoresearch"]},{"@type":"Person","@id":"https:\/\/www.suno.com.br\/noticias\/#\/schema\/person\/1db762f78ffd8919a648a63e425953e3","name":"Juliano Passaro","image":{"@type":"ImageObject","inLanguage":"pt-BR","@id":"https:\/\/www.suno.com.br\/noticias\/#\/schema\/person\/image\/","url":"https:\/\/secure.gravatar.com\/avatar\/743d4df28eebf6dcc46b4ad03c319e92?s=96&r=g","contentUrl":"https:\/\/secure.gravatar.com\/avatar\/743d4df28eebf6dcc46b4ad03c319e92?s=96&r=g","caption":"Juliano Passaro"},"description":"Juliano Passaro escreve sobre pol\u00edtica, economia e neg\u00f3cios para o portal da Suno Research. Antes da Suno, trabalhou no Portal da Band. \u00c9 formado em jornalismo pela Universidade Presbiteriana Mackenzie.","url":"https:\/\/www.suno.com.br\/noticias\/author\/juliano\/"}]}},"default_loop_html":"<div class=\"cardsPage__listCard__boxs\"><div class=\"cardsPage__listCard__boxs__img\"><a href=\"https:\/\/www.suno.com.br\/noticias\/maia-alcolumbre-afirmam-votos-aprovar-reforma\/\"><img class=\"mask\" src=\"https:\/\/www.suno.com.br\/noticias\/wp-content\/themes\/suno\/resources\/images\/spotlight\/spotlight1img\/bg-mask.png\" alt=\"Image Mask\"\/><img src=\"https:\/\/files.sunoresearch.com.br\/n\/uploads\/2019\/06\/9bb389f7-maia-400x200.webp\" alt=\"Maia e Alcolumbre afirmam que h\u00e1 votos suficientes para aprovar reforma\"\/><\/a><span class=\"spotlightCategory\"><a href=\"https:\/\/www.suno.com.br\/noticias\/politica\/\">Pol\u00edtica<\/a><\/span><\/div><div class=\"cardsPage__listCard__boxs__content\"><a href=\"https:\/\/www.suno.com.br\/noticias\/maia-alcolumbre-afirmam-votos-aprovar-reforma\/\"><h2 class=\"content__title\">Maia e Alcolumbre afirmam que h\u00e1 votos suficientes para aprovar reforma<\/h2><\/a><div class=\"newsContent__article__meta\"><div class=\"newsContent__article__meta__authorBox\"><a href=\"https:\/\/www.suno.com.br\/noticias\/author\/juliano\/\" class=\"authorBox__avatar noMobi\"><img src=\"https:\/\/files.sunoresearch.com.br\/n\/uploads\/2019\/06\/7cc3efea-whatsapp-image-2019-07-18-at-21.59.33-e1563499821209-150x150.webp\" alt=\"Juliano Passaro\"><\/a><div class=\"authorBox__name\"><span>por\n\t\t\t<a href=\"https:\/\/www.suno.com.br\/noticias\/author\/juliano\/\"><span itemprop=\"author\">Juliano Passaro<\/span><\/a><\/span><time datetime=\"2019-06-26T11:53:13-03:00\" itemprop=\"datePublished\">26\/06\/2019 11:53<\/time><\/div><\/div><\/div><\/div><\/div>","single_layout":"posts","amp_enabled":true,"_links":{"self":[{"href":"https:\/\/www.suno.com.br\/noticias\/wp-json\/wp\/v2\/posts\/29202"}],"collection":[{"href":"https:\/\/www.suno.com.br\/noticias\/wp-json\/wp\/v2\/posts"}],"about":[{"href":"https:\/\/www.suno.com.br\/noticias\/wp-json\/wp\/v2\/types\/post"}],"author":[{"embeddable":true,"href":"https:\/\/www.suno.com.br\/noticias\/wp-json\/wp\/v2\/users\/19"}],"replies":[{"embeddable":true,"href":"https:\/\/www.suno.com.br\/noticias\/wp-json\/wp\/v2\/comments?post=29202"}],"version-history":[{"count":0,"href":"https:\/\/www.suno.com.br\/noticias\/wp-json\/wp\/v2\/posts\/29202\/revisions"}],"wp:featuredmedia":[{"embeddable":true,"href":"https:\/\/www.suno.com.br\/noticias\/wp-json\/wp\/v2\/media\/29205"}],"wp:attachment":[{"href":"https:\/\/www.suno.com.br\/noticias\/wp-json\/wp\/v2\/media?parent=29202"}],"wp:term":[{"taxonomy":"category","embeddable":true,"href":"https:\/\/www.suno.com.br\/noticias\/wp-json\/wp\/v2\/categories?post=29202"},{"taxonomy":"post_tag","embeddable":true,"href":"https:\/\/www.suno.com.br\/noticias\/wp-json\/wp\/v2\/tags?post=29202"},{"taxonomy":"suno_strategy","embeddable":true,"href":"https:\/\/www.suno.com.br\/noticias\/wp-json\/wp\/v2\/suno_strategy?post=29202"}],"curies":[{"name":"wp","href":"https:\/\/api.w.org\/{rel}","templated":true}]}}