{"id":29177,"date":"2019-06-26T09:42:29","date_gmt":"2019-06-26T12:42:29","guid":{"rendered":"https:\/\/www.suno.com.br\/noticias\/?p=29177"},"modified":"2019-06-27T20:14:56","modified_gmt":"2019-06-27T23:14:56","slug":"privatizacao-correios-apos-reforma","status":"publish","type":"post","link":"https:\/\/www.suno.com.br\/noticias\/privatizacao-correios-apos-reforma\/","title":{"rendered":"Privatiza\u00e7\u00e3o dos Correios ser\u00e1 tratada depois da aprova\u00e7\u00e3o da reforma"},"content":{"rendered":"<p>O governo deixar\u00e1 a privatiza\u00e7\u00e3o dos Correios para ser tratada depois que a reforma da Previd\u00eancia for aprovada no Senado.<\/p>\t<div class=\"wrapper-featured-image\">\n\t\t<figure class=\"spotlightImg\">\n\n\t\t\t<picture>\n\t\t\t\t<source media=\"(max-width: 768px)\" srcset=\"https:\/\/files.sunoresearch.com.br\/n\/uploads\/2019\/03\/34740db7-correios-400x200.webp\">\n\t\t\t\t<img loading=\"lazy\" decoding=\"async\" class=\"newsContent__article__imgCapa lazyloadDisabled newsContent__article__imgCapa--noCaption\" src=\"https:\/\/files.sunoresearch.com.br\/n\/uploads\/2019\/03\/34740db7-correios-800x450.webp\" width=\"800\" height=\"450\" alt=\"Privatiza\u00e7\u00e3o dos Correios ser\u00e1 tratada depois da aprova\u00e7\u00e3o da reforma\" fetchpriority=high \/>\n\t\t\t<\/picture>\n\n\t\t\t<figcaption class=\"wp-caption-text wp-caption-text--hide\">H\u00e1 cerca de dois meses, Guedes afirmou que os Correios e a Eletrobras est\u00e3o nos planos de privatiza\u00e7\u00f5es para 2020. (foto: divulga\u00e7\u00e3o)<\/figcaption>\n\t\t<\/figure>\n\t<\/div>\n\n\n<p>A medida foi tomada pelo governo, porque a maior parte dos 105 mil funcion\u00e1rios dos <strong>Correios<\/strong> s\u00e3o contra a privatiza\u00e7\u00e3o, o que poderia gerar uma greve dos carteiros, prejudicando a tramita\u00e7\u00e3o da <strong>reforma<\/strong> <strong>da<\/strong> <strong>Previd\u00eancia<\/strong>, segundo o &#8220;Estad\u00e3o&#8221;.<\/p>\n\t<p>\n\t\t<a href=\"https:\/\/www.seculus.com.br\/blackfriday\" target=\"_blank\" data-element=\"shortcode-suno-banner\" title=\"Banner SUNO, clique e saiba mais\">\n\t\t\t<picture>\n\t\t\t\t<source media=\"(max-width: 500px)\" srcset=\"https:\/\/files.sunoresearch.com.br\/n\/uploads\/2023\/11\/seculus_suno_mobile_1.jpg\">\n\t\t\t\t<img class=\"newsContent__article__imgCapa newsContent__article__imgCapa--banner\"\n\t\t\t\t\tsrc=\"https:\/\/files.sunoresearch.com.br\/n\/uploads\/2023\/11\/seculus_suno_desktop_1.jpg\"\n\t\t\t\t\tdata-promo-id=\"474122\"\t\t\t\t\t\t\t\t\t\twidth='1420' height='240'\t\t\t\t\talt=\"https:\/\/files.sunoresearch.com.br\/n\/uploads\/2023\/11\/seculus_suno_desktop_1.jpg\"\n\t\t\t\t>\n\t\t\t<\/picture>\n\t\t<\/a>\n\t<\/p>\n\n\n<p>O ex-presidente dos Correios general <strong>Juarez<\/strong> <strong>Aparecido<\/strong> conseguiu evitar a greve. No entanto, o governo n\u00e3o acredita que o novo presidente, <strong>Floriano<\/strong> <strong>Peixoto<\/strong>, conseguiria o mesmo feito. Peixoto substituiu Aparecido, porque o ex-presidente era contra a venda da <strong>estatal<\/strong>.<\/p>\n<p>Em coletiva de imprensa na \u00faltima sexta-feira (21), o presidente <strong>Jair Bolsonaro<\/strong> afirmou que tem inten\u00e7\u00e3o de <strong>privatizar<\/strong> <strong>a estatal<\/strong>, no entanto, n\u00e3o h\u00e1 um prazo para que isso aconte\u00e7a.<\/p>\n<p><iframe loading=\"lazy\" title=\"?Privatiza\u00e7\u00e3o dos Correios fica para depois da previd\u00eancia e Vale vai investir 1,8 bi em Brumadinho\" width=\"200\" height=\"113\" src=\"https:\/\/www.youtube.com\/embed\/THGS87yadHA?feature=oembed\" frameborder=\"0\" allow=\"accelerometer; autoplay; encrypted-media; gyroscope; picture-in-picture\" allowfullscreen><\/iframe><\/p>\n<h2>Amazon e Alibaba mostram interesse<\/h2>\n<p>Ap\u00f3s a declara\u00e7\u00e3o de Bolsonaro, a <strong>Amazon<\/strong> e a <strong>Alibaba<\/strong> demonstraram interesse em comprar os Correios.<\/p>\n<p>De acordo com o &#8220;O Dia&#8221;, o\u00a0grupo Alibaba e a Amazon, contudo, n\u00e3o teriam interesse na entrega de cartas e encomendas. O que atrai as multinacionais \u00e9 a <strong>log\u00edstica<\/strong> de entrega nacional detida pelos\u00a0<strong>Correios<\/strong>.<\/p>\n<p><a href=\"https:\/\/www.suno.com.br\/noticias\/amazon-alibaba-correios-aquisicao\/\">Saiba mais:\u00a0Amazon e Alibaba estariam interessadas na aquisi\u00e7\u00e3o dos Correios<\/a><\/p>\n<p>Al\u00e9m disso, o <strong>Banco Postal<\/strong>, parceria dos Correios com o <strong>Banco do Brasil<\/strong> (BBAS3) tamb\u00e9m estaria na mira das empresas. O Banco Postal atua junto \u00e0 rede de atendimento da estatal, para intermedia\u00e7\u00e3o de servi\u00e7os banc\u00e1rios b\u00e1sicos.<\/p>\n<h2>Novo presidente<\/h2>\n<p>No \u00faltima dia 14, eu reuni\u00e3o com os jornalistas, o presidente Jair Bolsonaro, anunciou a demiss\u00e3o do ent\u00e3o presidente da estatal, general <strong>Juarez<\/strong> <strong>Aparecido<\/strong> <strong>de<\/strong> <strong>Paula<\/strong> <strong>Cunha<\/strong>.<\/p>\n<p><strong>Bolsonaro<\/strong> afirmou que o general tinha uma postura &#8220;sindicalista&#8221; e mostrava-se contra a privatiza\u00e7\u00e3o da empresa e por esse motivo foi desligado do cargo.<\/p>\n\t<p>\n\t\t<a href=\"https:\/\/lp2.suno.com.br\/pv\/curso-zero-ao-primeiro-rendimento\/?utm_source=suno-noticias&#038;utm_medium=banner&#038;utm_campaign=_SNC4CCF8112_\" target=\"_blank\" data-element=\"shortcode-suno-banner\" title=\"Banner SUNO, clique e saiba mais\">\n\t\t\t<picture>\n\t\t\t\t<source media=\"(max-width: 500px)\" srcset=\"https:\/\/files.sunoresearch.com.br\/n\/uploads\/2025\/12\/Artigos-e-Noticias-Banner-Materias-02-Mobile_-400x300-1-png.webp\">\n\t\t\t\t<img class=\"newsContent__article__imgCapa newsContent__article__imgCapa--banner\"\n\t\t\t\t\tsrc=\"https:\/\/files.sunoresearch.com.br\/n\/uploads\/2025\/12\/Artigos-e-Noticias-Banner-Materias-01-Desktop_-1420x240-1-png.webp\"\n\t\t\t\t\tdata-promo-id=\"635313\"\t\t\t\t\t\t\t\t\t\twidth='1420' height='240'\t\t\t\t\talt=\"https:\/\/files.sunoresearch.com.br\/n\/uploads\/2025\/12\/Artigos-e-Noticias-Banner-Materias-01-Desktop_-1420x240-1-png.webp\"\n\t\t\t\t>\n\t\t\t<\/picture>\n\t\t<\/a>\n\t<\/p>\n\n\n<p>Dessa forma, o presidente anunciou, na \u00faltima segunda-feira (24), o ex-ministro da Secretaria-Geral, <strong>Floriano<\/strong> <strong>Peixoto<\/strong>, para presidente do <strong>Correios<\/strong>.<\/p>\n","protected":false},"excerpt":{"rendered":"<p>O governo deixar\u00e1 a privatiza\u00e7\u00e3o dos Correios para ser tratada depois que a reforma da Previd\u00eancia for aprovada no Senado. H\u00e1 cerca de dois meses, Guedes afirmou que os Correios e a Eletrobras est\u00e3o nos planos de privatiza\u00e7\u00f5es para 2020. (foto: divulga\u00e7\u00e3o) A medida foi tomada pelo governo, porque a maior parte dos 105 mil [&hellip;]<\/p>\n","protected":false},"author":11,"featured_media":19013,"comment_status":"closed","ping_status":"closed","sticky":false,"template":"","format":"standard","meta":[],"categories":[64],"tags":[700,940],"suno_strategy":[],"class_list":["post-29177","post","type-post","status-publish","format-standard","has-post-thumbnail","hentry","category-negocios","tag-correios","tag-reforma-da-previdencia"],"yoast_head":"<!-- This site is optimized with the Yoast SEO plugin v24.4 - https:\/\/yoast.com\/wordpress\/plugins\/seo\/ -->\n<title>Privatiza\u00e7\u00e3o dos Correios ser\u00e1 tratada depois da aprova\u00e7\u00e3o da reforma<\/title>\n<meta name=\"description\" content=\"Poss\u00edvel greve de funcion\u00e1rios dos Correios contr\u00e1rios a privatiza\u00e7\u00e3o, prejudicaria a tramita\u00e7\u00e3o da reforma. Clique e saiba mais.\" \/>\n<meta name=\"robots\" content=\"index, follow, max-snippet:-1, max-image-preview:large, max-video-preview:-1\" \/>\n<link rel=\"canonical\" href=\"https:\/\/www.suno.com.br\/noticias\/privatizacao-correios-apos-reforma\/\" \/>\n<meta property=\"og:locale\" content=\"pt_BR\" \/>\n<meta property=\"og:type\" content=\"article\" \/>\n<meta property=\"og:title\" content=\"Privatiza\u00e7\u00e3o dos Correios ser\u00e1 tratada depois da aprova\u00e7\u00e3o da reforma\" \/>\n<meta property=\"og:description\" content=\"Poss\u00edvel greve de funcion\u00e1rios dos Correios contr\u00e1rios a privatiza\u00e7\u00e3o, prejudicaria a tramita\u00e7\u00e3o da reforma. Clique e saiba mais.\" \/>\n<meta property=\"og:url\" content=\"https:\/\/www.suno.com.br\/noticias\/privatizacao-correios-apos-reforma\/\" \/>\n<meta property=\"og:site_name\" content=\"Suno Not\u00edcias\" \/>\n<meta property=\"article:publisher\" content=\"https:\/\/facebook.com\/sunoresearch\" \/>\n<meta property=\"og:image\" content=\"https:\/\/files.sunoresearch.com.br\/n\/uploads\/2019\/03\/34740db7-correios.jpg\" \/>\n\t<meta property=\"og:image:width\" content=\"1024\" \/>\n\t<meta property=\"og:image:height\" content=\"682\" \/>\n\t<meta property=\"og:image:type\" content=\"image\/jpeg\" \/>\n<meta name=\"author\" content=\"Renan Bandeira\" \/>\n<meta name=\"twitter:card\" content=\"summary_large_image\" \/>\n<meta name=\"twitter:creator\" content=\"@sunoresearch\" \/>\n<meta name=\"twitter:site\" content=\"@sunoresearch\" \/>\n<meta name=\"twitter:label1\" content=\"Escrito por\" \/>\n\t<meta name=\"twitter:data1\" content=\"Renan Bandeira\" \/>\n\t<meta name=\"twitter:label2\" content=\"Est. tempo de leitura\" \/>\n\t<meta name=\"twitter:data2\" content=\"2 minutos\" \/>\n<script type=\"application\/ld+json\" class=\"yoast-schema-graph\">{\"@context\":\"https:\/\/schema.org\",\"@graph\":[{\"@type\":\"NewsArticle\",\"@id\":\"https:\/\/www.suno.com.br\/noticias\/privatizacao-correios-apos-reforma\/#article\",\"isPartOf\":{\"@id\":\"https:\/\/www.suno.com.br\/noticias\/privatizacao-correios-apos-reforma\/\"},\"author\":{\"name\":\"Renan Bandeira\",\"@id\":\"https:\/\/www.suno.com.br\/noticias\/#\/schema\/person\/fc144a1c6108bd1dcd43784e88a3c138\"},\"headline\":\"Privatiza\u00e7\u00e3o dos Correios ser\u00e1 tratada depois da aprova\u00e7\u00e3o da reforma\",\"datePublished\":\"2019-06-26T12:42:29+00:00\",\"dateModified\":\"2019-06-27T23:14:56+00:00\",\"mainEntityOfPage\":{\"@id\":\"https:\/\/www.suno.com.br\/noticias\/privatizacao-correios-apos-reforma\/\"},\"wordCount\":356,\"publisher\":{\"@id\":\"https:\/\/www.suno.com.br\/noticias\/#organization\"},\"image\":{\"@id\":\"https:\/\/www.suno.com.br\/noticias\/privatizacao-correios-apos-reforma\/#primaryimage\"},\"thumbnailUrl\":\"https:\/\/files.sunoresearch.com.br\/n\/uploads\/2019\/03\/34740db7-correios-jpg.webp\",\"keywords\":[\"Correios\",\"Reforma da Previd\u00eancia\"],\"articleSection\":[\"Neg\u00f3cios\"],\"inLanguage\":\"pt-BR\"},{\"@type\":\"WebPage\",\"@id\":\"https:\/\/www.suno.com.br\/noticias\/privatizacao-correios-apos-reforma\/\",\"url\":\"https:\/\/www.suno.com.br\/noticias\/privatizacao-correios-apos-reforma\/\",\"name\":\"Privatiza\u00e7\u00e3o dos Correios ser\u00e1 tratada depois da aprova\u00e7\u00e3o da reforma\",\"isPartOf\":{\"@id\":\"https:\/\/www.suno.com.br\/noticias\/#website\"},\"primaryImageOfPage\":{\"@id\":\"https:\/\/www.suno.com.br\/noticias\/privatizacao-correios-apos-reforma\/#primaryimage\"},\"image\":{\"@id\":\"https:\/\/www.suno.com.br\/noticias\/privatizacao-correios-apos-reforma\/#primaryimage\"},\"thumbnailUrl\":\"https:\/\/files.sunoresearch.com.br\/n\/uploads\/2019\/03\/34740db7-correios-jpg.webp\",\"datePublished\":\"2019-06-26T12:42:29+00:00\",\"dateModified\":\"2019-06-27T23:14:56+00:00\",\"description\":\"Poss\u00edvel greve de funcion\u00e1rios dos Correios contr\u00e1rios a privatiza\u00e7\u00e3o, prejudicaria a tramita\u00e7\u00e3o da reforma. Clique e saiba mais.\",\"breadcrumb\":{\"@id\":\"https:\/\/www.suno.com.br\/noticias\/privatizacao-correios-apos-reforma\/#breadcrumb\"},\"inLanguage\":\"pt-BR\",\"potentialAction\":[{\"@type\":\"ReadAction\",\"target\":[\"https:\/\/www.suno.com.br\/noticias\/privatizacao-correios-apos-reforma\/\"]}]},{\"@type\":\"ImageObject\",\"inLanguage\":\"pt-BR\",\"@id\":\"https:\/\/www.suno.com.br\/noticias\/privatizacao-correios-apos-reforma\/#primaryimage\",\"url\":\"https:\/\/files.sunoresearch.com.br\/n\/uploads\/2019\/03\/34740db7-correios-jpg.webp\",\"contentUrl\":\"https:\/\/files.sunoresearch.com.br\/n\/uploads\/2019\/03\/34740db7-correios-jpg.webp\",\"width\":1024,\"height\":682,\"caption\":\"H\u00e1 cerca de dois meses, Guedes afirmou que os Correios e a Eletrobras est\u00e3o nos planos de privatiza\u00e7\u00f5es para 2020. (foto: divulga\u00e7\u00e3o)\"},{\"@type\":\"BreadcrumbList\",\"@id\":\"https:\/\/www.suno.com.br\/noticias\/privatizacao-correios-apos-reforma\/#breadcrumb\",\"itemListElement\":[{\"@type\":\"ListItem\",\"position\":1,\"name\":\"Not\u00edcias\",\"item\":\"https:\/\/www.suno.com.br\/noticias\/\"},{\"@type\":\"ListItem\",\"position\":2,\"name\":\"Neg\u00f3cios\",\"item\":\"https:\/\/www.suno.com.br\/noticias\/negocios\/\"},{\"@type\":\"ListItem\",\"position\":3,\"name\":\"Privatiza\u00e7\u00e3o dos Correios ser\u00e1 tratada depois da aprova\u00e7\u00e3o da reforma\"}]},{\"@type\":\"WebSite\",\"@id\":\"https:\/\/www.suno.com.br\/noticias\/#website\",\"url\":\"https:\/\/www.suno.com.br\/noticias\/\",\"name\":\"Suno Not\u00edcias\",\"description\":\"Seu portal de informa\u00e7\u00e3o sobre o mundo dos investimentos\",\"publisher\":{\"@id\":\"https:\/\/www.suno.com.br\/noticias\/#organization\"},\"potentialAction\":[{\"@type\":\"SearchAction\",\"target\":{\"@type\":\"EntryPoint\",\"urlTemplate\":\"https:\/\/www.suno.com.br\/noticias\/?s={search_term_string}\"},\"query-input\":{\"@type\":\"PropertyValueSpecification\",\"valueRequired\":true,\"valueName\":\"search_term_string\"}}],\"inLanguage\":\"pt-BR\"},{\"@type\":\"Organization\",\"@id\":\"https:\/\/www.suno.com.br\/noticias\/#organization\",\"name\":\"Suno Not\u00edcias\",\"url\":\"https:\/\/www.suno.com.br\/noticias\/\",\"logo\":{\"@type\":\"ImageObject\",\"inLanguage\":\"pt-BR\",\"@id\":\"https:\/\/www.suno.com.br\/noticias\/#\/schema\/logo\/image\/\",\"url\":\"https:\/\/files.sunoresearch.com.br\/n\/uploads\/2021\/09\/suno-logo.png\",\"contentUrl\":\"https:\/\/files.sunoresearch.com.br\/n\/uploads\/2021\/09\/suno-logo.png\",\"width\":180,\"height\":180,\"caption\":\"Suno Not\u00edcias\"},\"image\":{\"@id\":\"https:\/\/www.suno.com.br\/noticias\/#\/schema\/logo\/image\/\"},\"sameAs\":[\"https:\/\/facebook.com\/sunoresearch\",\"https:\/\/x.com\/sunoresearch\",\"https:\/\/www.instagram.com\/suno\",\"https:\/\/www.linkedin.com\/company\/suno-research\/\",\"https:\/\/www.youtube.com\/c\/sunoresearch\"]},{\"@type\":\"Person\",\"@id\":\"https:\/\/www.suno.com.br\/noticias\/#\/schema\/person\/fc144a1c6108bd1dcd43784e88a3c138\",\"name\":\"Renan Bandeira\",\"image\":{\"@type\":\"ImageObject\",\"inLanguage\":\"pt-BR\",\"@id\":\"https:\/\/www.suno.com.br\/noticias\/#\/schema\/person\/image\/\",\"url\":\"https:\/\/secure.gravatar.com\/avatar\/68359cdb608f14f11bbefcb78f3fc747?s=96&r=g\",\"contentUrl\":\"https:\/\/secure.gravatar.com\/avatar\/68359cdb608f14f11bbefcb78f3fc747?s=96&r=g\",\"caption\":\"Renan Bandeira\"},\"description\":\"Renan Bandeira escreve sobre pol\u00edtica e economia para o portal da Suno Research. Antes da Suno, trabalhou em uma rede de televis\u00e3o, onde fazia reportagens sobre os mesmos temas. Estuda na Universidade Metodista de S\u00e3o Paulo.\",\"url\":\"https:\/\/www.suno.com.br\/noticias\/author\/renan-bandeira\/\"}]}<\/script>\n<!-- \/ Yoast SEO plugin. -->","yoast_head_json":{"title":"Privatiza\u00e7\u00e3o dos Correios ser\u00e1 tratada depois da aprova\u00e7\u00e3o da reforma","description":"Poss\u00edvel greve de funcion\u00e1rios dos Correios contr\u00e1rios a privatiza\u00e7\u00e3o, prejudicaria a tramita\u00e7\u00e3o da reforma. Clique e saiba mais.","robots":{"index":"index","follow":"follow","max-snippet":"max-snippet:-1","max-image-preview":"max-image-preview:large","max-video-preview":"max-video-preview:-1"},"canonical":"https:\/\/www.suno.com.br\/noticias\/privatizacao-correios-apos-reforma\/","og_locale":"pt_BR","og_type":"article","og_title":"Privatiza\u00e7\u00e3o dos Correios ser\u00e1 tratada depois da aprova\u00e7\u00e3o da reforma","og_description":"Poss\u00edvel greve de funcion\u00e1rios dos Correios contr\u00e1rios a privatiza\u00e7\u00e3o, prejudicaria a tramita\u00e7\u00e3o da reforma. Clique e saiba mais.","og_url":"https:\/\/www.suno.com.br\/noticias\/privatizacao-correios-apos-reforma\/","og_site_name":"Suno Not\u00edcias","article_publisher":"https:\/\/facebook.com\/sunoresearch","og_image":[{"width":1024,"height":682,"url":"https:\/\/files.sunoresearch.com.br\/n\/uploads\/2019\/03\/34740db7-correios.jpg","type":"image\/jpeg"}],"author":"Renan Bandeira","twitter_card":"summary_large_image","twitter_creator":"@sunoresearch","twitter_site":"@sunoresearch","twitter_misc":{"Escrito por":"Renan Bandeira","Est. tempo de leitura":"2 minutos"},"schema":{"@context":"https:\/\/schema.org","@graph":[{"@type":"NewsArticle","@id":"https:\/\/www.suno.com.br\/noticias\/privatizacao-correios-apos-reforma\/#article","isPartOf":{"@id":"https:\/\/www.suno.com.br\/noticias\/privatizacao-correios-apos-reforma\/"},"author":{"name":"Renan Bandeira","@id":"https:\/\/www.suno.com.br\/noticias\/#\/schema\/person\/fc144a1c6108bd1dcd43784e88a3c138"},"headline":"Privatiza\u00e7\u00e3o dos Correios ser\u00e1 tratada depois da aprova\u00e7\u00e3o da reforma","datePublished":"2019-06-26T12:42:29+00:00","dateModified":"2019-06-27T23:14:56+00:00","mainEntityOfPage":{"@id":"https:\/\/www.suno.com.br\/noticias\/privatizacao-correios-apos-reforma\/"},"wordCount":356,"publisher":{"@id":"https:\/\/www.suno.com.br\/noticias\/#organization"},"image":{"@id":"https:\/\/www.suno.com.br\/noticias\/privatizacao-correios-apos-reforma\/#primaryimage"},"thumbnailUrl":"https:\/\/files.sunoresearch.com.br\/n\/uploads\/2019\/03\/34740db7-correios-jpg.webp","keywords":["Correios","Reforma da Previd\u00eancia"],"articleSection":["Neg\u00f3cios"],"inLanguage":"pt-BR"},{"@type":"WebPage","@id":"https:\/\/www.suno.com.br\/noticias\/privatizacao-correios-apos-reforma\/","url":"https:\/\/www.suno.com.br\/noticias\/privatizacao-correios-apos-reforma\/","name":"Privatiza\u00e7\u00e3o dos Correios ser\u00e1 tratada depois da aprova\u00e7\u00e3o da reforma","isPartOf":{"@id":"https:\/\/www.suno.com.br\/noticias\/#website"},"primaryImageOfPage":{"@id":"https:\/\/www.suno.com.br\/noticias\/privatizacao-correios-apos-reforma\/#primaryimage"},"image":{"@id":"https:\/\/www.suno.com.br\/noticias\/privatizacao-correios-apos-reforma\/#primaryimage"},"thumbnailUrl":"https:\/\/files.sunoresearch.com.br\/n\/uploads\/2019\/03\/34740db7-correios-jpg.webp","datePublished":"2019-06-26T12:42:29+00:00","dateModified":"2019-06-27T23:14:56+00:00","description":"Poss\u00edvel greve de funcion\u00e1rios dos Correios contr\u00e1rios a privatiza\u00e7\u00e3o, prejudicaria a tramita\u00e7\u00e3o da reforma. Clique e saiba mais.","breadcrumb":{"@id":"https:\/\/www.suno.com.br\/noticias\/privatizacao-correios-apos-reforma\/#breadcrumb"},"inLanguage":"pt-BR","potentialAction":[{"@type":"ReadAction","target":["https:\/\/www.suno.com.br\/noticias\/privatizacao-correios-apos-reforma\/"]}]},{"@type":"ImageObject","inLanguage":"pt-BR","@id":"https:\/\/www.suno.com.br\/noticias\/privatizacao-correios-apos-reforma\/#primaryimage","url":"https:\/\/files.sunoresearch.com.br\/n\/uploads\/2019\/03\/34740db7-correios-jpg.webp","contentUrl":"https:\/\/files.sunoresearch.com.br\/n\/uploads\/2019\/03\/34740db7-correios-jpg.webp","width":1024,"height":682,"caption":"H\u00e1 cerca de dois meses, Guedes afirmou que os Correios e a Eletrobras est\u00e3o nos planos de privatiza\u00e7\u00f5es para 2020. (foto: divulga\u00e7\u00e3o)"},{"@type":"BreadcrumbList","@id":"https:\/\/www.suno.com.br\/noticias\/privatizacao-correios-apos-reforma\/#breadcrumb","itemListElement":[{"@type":"ListItem","position":1,"name":"Not\u00edcias","item":"https:\/\/www.suno.com.br\/noticias\/"},{"@type":"ListItem","position":2,"name":"Neg\u00f3cios","item":"https:\/\/www.suno.com.br\/noticias\/negocios\/"},{"@type":"ListItem","position":3,"name":"Privatiza\u00e7\u00e3o dos Correios ser\u00e1 tratada depois da aprova\u00e7\u00e3o da reforma"}]},{"@type":"WebSite","@id":"https:\/\/www.suno.com.br\/noticias\/#website","url":"https:\/\/www.suno.com.br\/noticias\/","name":"Suno Not\u00edcias","description":"Seu portal de informa\u00e7\u00e3o sobre o mundo dos investimentos","publisher":{"@id":"https:\/\/www.suno.com.br\/noticias\/#organization"},"potentialAction":[{"@type":"SearchAction","target":{"@type":"EntryPoint","urlTemplate":"https:\/\/www.suno.com.br\/noticias\/?s={search_term_string}"},"query-input":{"@type":"PropertyValueSpecification","valueRequired":true,"valueName":"search_term_string"}}],"inLanguage":"pt-BR"},{"@type":"Organization","@id":"https:\/\/www.suno.com.br\/noticias\/#organization","name":"Suno Not\u00edcias","url":"https:\/\/www.suno.com.br\/noticias\/","logo":{"@type":"ImageObject","inLanguage":"pt-BR","@id":"https:\/\/www.suno.com.br\/noticias\/#\/schema\/logo\/image\/","url":"https:\/\/files.sunoresearch.com.br\/n\/uploads\/2021\/09\/suno-logo.png","contentUrl":"https:\/\/files.sunoresearch.com.br\/n\/uploads\/2021\/09\/suno-logo.png","width":180,"height":180,"caption":"Suno Not\u00edcias"},"image":{"@id":"https:\/\/www.suno.com.br\/noticias\/#\/schema\/logo\/image\/"},"sameAs":["https:\/\/facebook.com\/sunoresearch","https:\/\/x.com\/sunoresearch","https:\/\/www.instagram.com\/suno","https:\/\/www.linkedin.com\/company\/suno-research\/","https:\/\/www.youtube.com\/c\/sunoresearch"]},{"@type":"Person","@id":"https:\/\/www.suno.com.br\/noticias\/#\/schema\/person\/fc144a1c6108bd1dcd43784e88a3c138","name":"Renan Bandeira","image":{"@type":"ImageObject","inLanguage":"pt-BR","@id":"https:\/\/www.suno.com.br\/noticias\/#\/schema\/person\/image\/","url":"https:\/\/secure.gravatar.com\/avatar\/68359cdb608f14f11bbefcb78f3fc747?s=96&r=g","contentUrl":"https:\/\/secure.gravatar.com\/avatar\/68359cdb608f14f11bbefcb78f3fc747?s=96&r=g","caption":"Renan Bandeira"},"description":"Renan Bandeira escreve sobre pol\u00edtica e economia para o portal da Suno Research. Antes da Suno, trabalhou em uma rede de televis\u00e3o, onde fazia reportagens sobre os mesmos temas. Estuda na Universidade Metodista de S\u00e3o Paulo.","url":"https:\/\/www.suno.com.br\/noticias\/author\/renan-bandeira\/"}]}},"default_loop_html":"<div class=\"cardsPage__listCard__boxs\"><div class=\"cardsPage__listCard__boxs__img\"><a href=\"https:\/\/www.suno.com.br\/noticias\/privatizacao-correios-apos-reforma\/\"><img class=\"mask\" src=\"https:\/\/www.suno.com.br\/noticias\/wp-content\/themes\/suno\/resources\/images\/spotlight\/spotlight1img\/bg-mask.png\" alt=\"Image Mask\"\/><img src=\"https:\/\/files.sunoresearch.com.br\/n\/uploads\/2019\/03\/34740db7-correios-400x200.webp\" alt=\"Privatiza\u00e7\u00e3o dos Correios ser\u00e1 tratada depois da aprova\u00e7\u00e3o da reforma\"\/><\/a><span class=\"spotlightCategory\"><a href=\"https:\/\/www.suno.com.br\/noticias\/negocios\/\">Neg\u00f3cios<\/a><\/span><\/div><div class=\"cardsPage__listCard__boxs__content\"><a href=\"https:\/\/www.suno.com.br\/noticias\/privatizacao-correios-apos-reforma\/\"><h2 class=\"content__title\">Privatiza\u00e7\u00e3o dos Correios ser\u00e1 tratada depois da aprova\u00e7\u00e3o da reforma<\/h2><\/a><div class=\"newsContent__article__meta\"><div class=\"newsContent__article__meta__authorBox\"><a href=\"https:\/\/www.suno.com.br\/noticias\/author\/renan-bandeira\/\" class=\"authorBox__avatar noMobi\"><img src=\"https:\/\/secure.gravatar.com\/avatar\/68359cdb608f14f11bbefcb78f3fc747?s=96&#038;r=g\" alt=\"Renan Bandeira\"><\/a><div class=\"authorBox__name\"><span>por\n\t\t\t<a href=\"https:\/\/www.suno.com.br\/noticias\/author\/renan-bandeira\/\"><span itemprop=\"author\">Renan Bandeira<\/span><\/a><\/span><time datetime=\"2019-06-26T09:42:29-03:00\" itemprop=\"datePublished\">26\/06\/2019 09:42<\/time><\/div><\/div><\/div><\/div><\/div>","single_layout":"posts","amp_enabled":true,"_links":{"self":[{"href":"https:\/\/www.suno.com.br\/noticias\/wp-json\/wp\/v2\/posts\/29177"}],"collection":[{"href":"https:\/\/www.suno.com.br\/noticias\/wp-json\/wp\/v2\/posts"}],"about":[{"href":"https:\/\/www.suno.com.br\/noticias\/wp-json\/wp\/v2\/types\/post"}],"author":[{"embeddable":true,"href":"https:\/\/www.suno.com.br\/noticias\/wp-json\/wp\/v2\/users\/11"}],"replies":[{"embeddable":true,"href":"https:\/\/www.suno.com.br\/noticias\/wp-json\/wp\/v2\/comments?post=29177"}],"version-history":[{"count":0,"href":"https:\/\/www.suno.com.br\/noticias\/wp-json\/wp\/v2\/posts\/29177\/revisions"}],"wp:featuredmedia":[{"embeddable":true,"href":"https:\/\/www.suno.com.br\/noticias\/wp-json\/wp\/v2\/media\/19013"}],"wp:attachment":[{"href":"https:\/\/www.suno.com.br\/noticias\/wp-json\/wp\/v2\/media?parent=29177"}],"wp:term":[{"taxonomy":"category","embeddable":true,"href":"https:\/\/www.suno.com.br\/noticias\/wp-json\/wp\/v2\/categories?post=29177"},{"taxonomy":"post_tag","embeddable":true,"href":"https:\/\/www.suno.com.br\/noticias\/wp-json\/wp\/v2\/tags?post=29177"},{"taxonomy":"suno_strategy","embeddable":true,"href":"https:\/\/www.suno.com.br\/noticias\/wp-json\/wp\/v2\/suno_strategy?post=29177"}],"curies":[{"name":"wp","href":"https:\/\/api.w.org\/{rel}","templated":true}]}}