{"id":29133,"date":"2019-06-25T19:31:03","date_gmt":"2019-06-25T22:31:03","guid":{"rendered":"https:\/\/www.suno.com.br\/noticias\/?p=29133"},"modified":"2019-06-25T20:27:01","modified_gmt":"2019-06-25T23:27:01","slug":"stf-lula-habeas-corpus","status":"publish","type":"post","link":"https:\/\/www.suno.com.br\/noticias\/stf-lula-habeas-corpus\/","title":{"rendered":"STF nega habeas corpus a Lula e mant\u00e9m o ex-presidente preso"},"content":{"rendered":"<p>A Segundo Turma do <strong>Supremo Tribunal Federal (STF)\u00a0<\/strong>negou nesta ter\u00e7a-feira (25) um dos pedidos de liberdade apresentado pela defesa do ex-presidente Luiz In\u00e1cio Lula da Silva.<\/p>\t<div class=\"wrapper-featured-image\">\n\t\t<figure class=\"spotlightImg\">\n\n\t\t\t<picture>\n\t\t\t\t<source media=\"(max-width: 768px)\" srcset=\"https:\/\/files.sunoresearch.com.br\/n\/uploads\/2019\/06\/9fc0ca2e-lula-400x200.webp\">\n\t\t\t\t<img loading=\"lazy\" decoding=\"async\" class=\"newsContent__article__imgCapa lazyloadDisabled newsContent__article__imgCapa--noCaption\" src=\"https:\/\/files.sunoresearch.com.br\/n\/uploads\/2019\/06\/9fc0ca2e-lula-800x450.webp\" width=\"800\" height=\"450\" alt=\"STF nega habeas corpus a Lula e mant\u00e9m o ex-presidente preso\" fetchpriority=high \/>\n\t\t\t<\/picture>\n\n\t\t\t<figcaption class=\"wp-caption-text wp-caption-text--hide\">Campanha de Lula retirou a men\u00e7\u00e3o de &quot;regula\u00e7\u00e3o da agroind\u00fastria&quot; de suas diretrizes de governo. <\/figcaption>\n\t\t<\/figure>\n\t<\/div>\n\n\n<p>No in\u00edcio desta tarde, o <strong>STF<\/strong> decidiu analisar dois pedidos que poderiam colocar <strong>Lula<\/strong> em liberdade. Ao passo que ex-presidente est\u00e1 preso na sede da Pol\u00edcia Federal, em Curitiba, desde abril do ano passado.<\/p>\n\t<p>\n\t\t<a href=\"https:\/\/lp.suno.com.br\/minicurso-contabilidade\/\" target=\"_blank\" data-element=\"shortcode-suno-banner\" title=\"Banner SUNO, clique e saiba mais\">\n\t\t\t<picture>\n\t\t\t\t<source media=\"(max-width: 500px)\" srcset=\"https:\/\/files.sunoresearch.com.br\/n\/uploads\/2023\/03\/400x300-Minicurso-Contabilidade.png\">\n\t\t\t\t<img class=\"newsContent__article__imgCapa newsContent__article__imgCapa--banner\"\n\t\t\t\t\tsrc=\"https:\/\/files.sunoresearch.com.br\/n\/uploads\/2023\/03\/1420x240-Minicurso-Contabilidade.png\"\n\t\t\t\t\tdata-promo-id=\"383158\"\t\t\t\t\t\t\t\t\t\twidth='1420' height='240'\t\t\t\t\talt=\"https:\/\/files.sunoresearch.com.br\/n\/uploads\/2023\/03\/1420x240-Minicurso-Contabilidade.png\"\n\t\t\t\t>\n\t\t\t<\/picture>\n\t\t<\/a>\n\t<\/p>\n\n\n<p>No pedido apresentado, os advogados do petista questionaram a atua\u00e7\u00e3o do relator da opera\u00e7\u00e3o Lava Jato, Felix Fischer, no <strong>STJ<\/strong>.\u00a0Todavia, o relator do STF, ministro Edson Fachin, j\u00e1 havia negado o pedido contra a atua\u00e7\u00e3o de Fischer.<\/p>\n<p>Em 2018, o ministro Felix Fischer rejeitou absolver o ex-presidente. Segundo a defesa de Lula, Fischer n\u00e3o poderia decidir individualmente, visto que a decis\u00e3o deveria ser tomada pela\u00a0Quinta Turma do <strong>STJ<\/strong>.<\/p>\n<p>O ministro <strong>Gilmar Mendes<\/strong> sugeriu que uma medida seja debatida para que o petista fique em liberdade at\u00e9 o t\u00e9rmino do julgamento do caso Moro.<\/p>\n<h2>Outro pedido seria analisado<\/h2>\n<p>Um outro pedido de liberdade tamb\u00e9m seria analisado. No entanto, a\u00a0 Segunda Turma do STF negou a liberdade do ex-presidente e adiou a an\u00e1lise de um segundo pedido.<\/p>\n<p>No segundo <strong>habeas corpus<\/strong>, a defesa do ex-presidente alega que o atual ministro da <strong>Justi\u00e7a<\/strong>, S\u00e9rgio Moro, agiu de forma imparcial no processo do tr\u00edplex no Guaruj\u00e1.<\/p>\n<p><a href=\"https:\/\/www.suno.com.br\/noticias\/lula-stf-moro-parcial\/\">Saiba mais: STF decidir\u00e1 se Moro foi parcial no julgamento do ex-presidente<\/a><\/p>\n<p>\u201cVemos um cen\u00e1rio de manifesta viola\u00e7\u00e3o ao Estado de Direito, h\u00e1 manifesta viola\u00e7\u00e3o a garantias fundamentais, e decis\u00e3o condenat\u00f3ria proferida por juiz claramente suspeito que foi o respons\u00e1vel por formular e processar essa a\u00e7\u00e3o que hoje desemboca nessas a\u00e7\u00f5es&#8221;, afirmou o advogado de Lula, Cristiano Zanin.<\/p>\n\t<p>\n\t\t<a href=\"https:\/\/lp.suno.com.br\/suno-one\/?utm_campaign=_SNC6964518A_\" target=\"_blank\" data-element=\"shortcode-suno-banner\" title=\"Banner SUNO, clique e saiba mais\">\n\t\t\t<picture>\n\t\t\t\t<source media=\"(max-width: 500px)\" srcset=\"https:\/\/files.sunoresearch.com.br\/n\/uploads\/2025\/09\/400x300-Suno-One-png.webp\">\n\t\t\t\t<img class=\"newsContent__article__imgCapa newsContent__article__imgCapa--banner\"\n\t\t\t\t\tsrc=\"https:\/\/files.sunoresearch.com.br\/n\/uploads\/2025\/09\/1420x240-Suno-One-png.webp\"\n\t\t\t\t\tdata-promo-id=\"383121\"\t\t\t\t\t\t\t\t\t\twidth='1420' height='240'\t\t\t\t\talt=\"https:\/\/files.sunoresearch.com.br\/n\/uploads\/2025\/09\/1420x240-Suno-One-png.webp\"\n\t\t\t\t>\n\t\t\t<\/picture>\n\t\t<\/a>\n\t<\/p>\n\n\n<p>Em dezembro de 2018, o habeas corpus que defende a imparcialidade de Moro come\u00e7ou a ser julgado pela\u00a0Segunda Turma do STF. Assim, a\u00a0<span style=\"font-size: 1.21429rem;\">defesa do ex-presidente apresentou o pedido ap\u00f3s o\u00a0<\/span><span style=\"font-size: 1.21429rem;\">ex-juiz federal ter aceitado ser ministro da <\/span><strong style=\"font-size: 1.21429rem;\">Justi\u00e7a<\/strong><span style=\"font-size: 1.21429rem;\"> do governo de<\/span><strong style=\"font-size: 1.21429rem;\"> Jair Bolsonaro<\/strong><span style=\"font-size: 1.21429rem;\">.<\/span><\/p>\n<p>Naquela sess\u00e3o, os ministros Edson Fachin e C\u00e1rmen L\u00facia apresentaram votos contr\u00e1rios ao pedido da defesa de <strong>Lula<\/strong>.<\/p>\n","protected":false},"excerpt":{"rendered":"<p>A Segundo Turma do Supremo Tribunal Federal (STF)\u00a0negou nesta ter\u00e7a-feira (25) um dos pedidos de liberdade apresentado pela defesa do ex-presidente Luiz In\u00e1cio Lula da Silva. Campanha de Lula retirou a men\u00e7\u00e3o de &quot;regula\u00e7\u00e3o da agroind\u00fastria&quot; de suas diretrizes de governo. No in\u00edcio desta tarde, o STF decidiu analisar dois pedidos que poderiam colocar Lula [&hellip;]<\/p>\n","protected":false},"author":18,"featured_media":29143,"comment_status":"closed","ping_status":"closed","sticky":false,"template":"","format":"standard","meta":[],"categories":[61],"tags":[709,1018,785],"suno_strategy":[],"class_list":["post-29133","post","type-post","status-publish","format-standard","has-post-thumbnail","hentry","category-politica","tag-lula","tag-sergio-moro","tag-supremo-tribunal-federal-stf"],"yoast_head":"<!-- This site is optimized with the Yoast SEO plugin v24.4 - https:\/\/yoast.com\/wordpress\/plugins\/seo\/ -->\n<title>STF nega habeas corpus a Lula e mant\u00e9m o ex-presidente preso<\/title>\n<meta name=\"description\" content=\"O STF\u00a0negou um dos pedidos de liberdade apresentado pela defesa do ex-presidente Luiz In\u00e1cio Lula da Silva.\u00a0Clique para saber mais.\" \/>\n<meta name=\"robots\" content=\"index, follow, max-snippet:-1, max-image-preview:large, max-video-preview:-1\" \/>\n<link rel=\"canonical\" href=\"https:\/\/www.suno.com.br\/noticias\/stf-lula-habeas-corpus\/\" \/>\n<meta property=\"og:locale\" content=\"pt_BR\" \/>\n<meta property=\"og:type\" content=\"article\" \/>\n<meta property=\"og:title\" content=\"STF nega habeas corpus a Lula e mant\u00e9m o ex-presidente preso\" \/>\n<meta property=\"og:description\" content=\"O STF\u00a0negou um dos pedidos de liberdade apresentado pela defesa do ex-presidente Luiz In\u00e1cio Lula da Silva.\u00a0Clique para saber mais.\" \/>\n<meta property=\"og:url\" content=\"https:\/\/www.suno.com.br\/noticias\/stf-lula-habeas-corpus\/\" \/>\n<meta property=\"og:site_name\" content=\"Suno Not\u00edcias\" \/>\n<meta property=\"article:publisher\" content=\"https:\/\/facebook.com\/sunoresearch\" \/>\n<meta property=\"og:image\" content=\"https:\/\/files.sunoresearch.com.br\/n\/uploads\/2019\/06\/9fc0ca2e-lula.jpg\" \/>\n\t<meta property=\"og:image:width\" content=\"1533\" \/>\n\t<meta property=\"og:image:height\" content=\"1045\" \/>\n\t<meta property=\"og:image:type\" content=\"image\/jpeg\" \/>\n<meta name=\"author\" content=\"Giovanna Oliveira\" \/>\n<meta name=\"twitter:card\" content=\"summary_large_image\" \/>\n<meta name=\"twitter:creator\" content=\"@sunoresearch\" \/>\n<meta name=\"twitter:site\" content=\"@sunoresearch\" \/>\n<meta name=\"twitter:label1\" content=\"Escrito por\" \/>\n\t<meta name=\"twitter:data1\" content=\"Giovanna Oliveira\" \/>\n\t<meta name=\"twitter:label2\" content=\"Est. tempo de leitura\" \/>\n\t<meta name=\"twitter:data2\" content=\"2 minutos\" \/>\n<script type=\"application\/ld+json\" class=\"yoast-schema-graph\">{\"@context\":\"https:\/\/schema.org\",\"@graph\":[{\"@type\":\"NewsArticle\",\"@id\":\"https:\/\/www.suno.com.br\/noticias\/stf-lula-habeas-corpus\/#article\",\"isPartOf\":{\"@id\":\"https:\/\/www.suno.com.br\/noticias\/stf-lula-habeas-corpus\/\"},\"author\":{\"name\":\"Giovanna Oliveira\",\"@id\":\"https:\/\/www.suno.com.br\/noticias\/#\/schema\/person\/4e19e3d2575736e5283d58eb3199d120\"},\"headline\":\"STF nega habeas corpus a Lula e mant\u00e9m o ex-presidente preso\",\"datePublished\":\"2019-06-25T22:31:03+00:00\",\"dateModified\":\"2019-06-25T23:27:01+00:00\",\"mainEntityOfPage\":{\"@id\":\"https:\/\/www.suno.com.br\/noticias\/stf-lula-habeas-corpus\/\"},\"wordCount\":381,\"publisher\":{\"@id\":\"https:\/\/www.suno.com.br\/noticias\/#organization\"},\"image\":{\"@id\":\"https:\/\/www.suno.com.br\/noticias\/stf-lula-habeas-corpus\/#primaryimage\"},\"thumbnailUrl\":\"https:\/\/files.sunoresearch.com.br\/n\/uploads\/2019\/06\/9fc0ca2e-lula-jpg.webp\",\"keywords\":[\"Lula\",\"Sergio Moro\",\"Supremo Tribunal Federal (STF)\"],\"articleSection\":[\"Pol\u00edtica\"],\"inLanguage\":\"pt-BR\"},{\"@type\":\"WebPage\",\"@id\":\"https:\/\/www.suno.com.br\/noticias\/stf-lula-habeas-corpus\/\",\"url\":\"https:\/\/www.suno.com.br\/noticias\/stf-lula-habeas-corpus\/\",\"name\":\"STF nega habeas corpus a Lula e mant\u00e9m o ex-presidente preso\",\"isPartOf\":{\"@id\":\"https:\/\/www.suno.com.br\/noticias\/#website\"},\"primaryImageOfPage\":{\"@id\":\"https:\/\/www.suno.com.br\/noticias\/stf-lula-habeas-corpus\/#primaryimage\"},\"image\":{\"@id\":\"https:\/\/www.suno.com.br\/noticias\/stf-lula-habeas-corpus\/#primaryimage\"},\"thumbnailUrl\":\"https:\/\/files.sunoresearch.com.br\/n\/uploads\/2019\/06\/9fc0ca2e-lula-jpg.webp\",\"datePublished\":\"2019-06-25T22:31:03+00:00\",\"dateModified\":\"2019-06-25T23:27:01+00:00\",\"description\":\"O STF\u00a0negou um dos pedidos de liberdade apresentado pela defesa do ex-presidente Luiz In\u00e1cio Lula da Silva.\u00a0Clique para saber mais.\",\"breadcrumb\":{\"@id\":\"https:\/\/www.suno.com.br\/noticias\/stf-lula-habeas-corpus\/#breadcrumb\"},\"inLanguage\":\"pt-BR\",\"potentialAction\":[{\"@type\":\"ReadAction\",\"target\":[\"https:\/\/www.suno.com.br\/noticias\/stf-lula-habeas-corpus\/\"]}]},{\"@type\":\"ImageObject\",\"inLanguage\":\"pt-BR\",\"@id\":\"https:\/\/www.suno.com.br\/noticias\/stf-lula-habeas-corpus\/#primaryimage\",\"url\":\"https:\/\/files.sunoresearch.com.br\/n\/uploads\/2019\/06\/9fc0ca2e-lula-jpg.webp\",\"contentUrl\":\"https:\/\/files.sunoresearch.com.br\/n\/uploads\/2019\/06\/9fc0ca2e-lula-jpg.webp\",\"width\":1533,\"height\":1045,\"caption\":\"Campanha de Lula retirou a men\u00e7\u00e3o de \\\"regula\u00e7\u00e3o da agroind\u00fastria\\\" de suas diretrizes de governo.\"},{\"@type\":\"BreadcrumbList\",\"@id\":\"https:\/\/www.suno.com.br\/noticias\/stf-lula-habeas-corpus\/#breadcrumb\",\"itemListElement\":[{\"@type\":\"ListItem\",\"position\":1,\"name\":\"Not\u00edcias\",\"item\":\"https:\/\/www.suno.com.br\/noticias\/\"},{\"@type\":\"ListItem\",\"position\":2,\"name\":\"Pol\u00edtica\",\"item\":\"https:\/\/www.suno.com.br\/noticias\/politica\/\"},{\"@type\":\"ListItem\",\"position\":3,\"name\":\"STF nega habeas corpus a Lula e mant\u00e9m o ex-presidente preso\"}]},{\"@type\":\"WebSite\",\"@id\":\"https:\/\/www.suno.com.br\/noticias\/#website\",\"url\":\"https:\/\/www.suno.com.br\/noticias\/\",\"name\":\"Suno Not\u00edcias\",\"description\":\"Seu portal de informa\u00e7\u00e3o sobre o mundo dos investimentos\",\"publisher\":{\"@id\":\"https:\/\/www.suno.com.br\/noticias\/#organization\"},\"potentialAction\":[{\"@type\":\"SearchAction\",\"target\":{\"@type\":\"EntryPoint\",\"urlTemplate\":\"https:\/\/www.suno.com.br\/noticias\/?s={search_term_string}\"},\"query-input\":{\"@type\":\"PropertyValueSpecification\",\"valueRequired\":true,\"valueName\":\"search_term_string\"}}],\"inLanguage\":\"pt-BR\"},{\"@type\":\"Organization\",\"@id\":\"https:\/\/www.suno.com.br\/noticias\/#organization\",\"name\":\"Suno Not\u00edcias\",\"url\":\"https:\/\/www.suno.com.br\/noticias\/\",\"logo\":{\"@type\":\"ImageObject\",\"inLanguage\":\"pt-BR\",\"@id\":\"https:\/\/www.suno.com.br\/noticias\/#\/schema\/logo\/image\/\",\"url\":\"https:\/\/files.sunoresearch.com.br\/n\/uploads\/2021\/09\/suno-logo.png\",\"contentUrl\":\"https:\/\/files.sunoresearch.com.br\/n\/uploads\/2021\/09\/suno-logo.png\",\"width\":180,\"height\":180,\"caption\":\"Suno Not\u00edcias\"},\"image\":{\"@id\":\"https:\/\/www.suno.com.br\/noticias\/#\/schema\/logo\/image\/\"},\"sameAs\":[\"https:\/\/facebook.com\/sunoresearch\",\"https:\/\/x.com\/sunoresearch\",\"https:\/\/www.instagram.com\/suno\",\"https:\/\/www.linkedin.com\/company\/suno-research\/\",\"https:\/\/www.youtube.com\/c\/sunoresearch\"]},{\"@type\":\"Person\",\"@id\":\"https:\/\/www.suno.com.br\/noticias\/#\/schema\/person\/4e19e3d2575736e5283d58eb3199d120\",\"name\":\"Giovanna Oliveira\",\"image\":{\"@type\":\"ImageObject\",\"inLanguage\":\"pt-BR\",\"@id\":\"https:\/\/www.suno.com.br\/noticias\/#\/schema\/person\/image\/\",\"url\":\"https:\/\/secure.gravatar.com\/avatar\/9a37b3ae208962ac568992d0ffdbc2eb?s=96&r=g\",\"contentUrl\":\"https:\/\/secure.gravatar.com\/avatar\/9a37b3ae208962ac568992d0ffdbc2eb?s=96&r=g\",\"caption\":\"Giovanna Oliveira\"},\"description\":\"Giovanna Oliveira escreve sobre economia e pol\u00edtica. Foi rep\u00f3rter do portal de jornalismo da ESPM-SP e produziu conte\u00fado para a Corinthians TV. \u00c9 estudante da ESPM.\",\"url\":\"https:\/\/www.suno.com.br\/noticias\/author\/giovanna\/\"}]}<\/script>\n<!-- \/ Yoast SEO plugin. -->","yoast_head_json":{"title":"STF nega habeas corpus a Lula e mant\u00e9m o ex-presidente preso","description":"O STF\u00a0negou um dos pedidos de liberdade apresentado pela defesa do ex-presidente Luiz In\u00e1cio Lula da Silva.\u00a0Clique para saber mais.","robots":{"index":"index","follow":"follow","max-snippet":"max-snippet:-1","max-image-preview":"max-image-preview:large","max-video-preview":"max-video-preview:-1"},"canonical":"https:\/\/www.suno.com.br\/noticias\/stf-lula-habeas-corpus\/","og_locale":"pt_BR","og_type":"article","og_title":"STF nega habeas corpus a Lula e mant\u00e9m o ex-presidente preso","og_description":"O STF\u00a0negou um dos pedidos de liberdade apresentado pela defesa do ex-presidente Luiz In\u00e1cio Lula da Silva.\u00a0Clique para saber mais.","og_url":"https:\/\/www.suno.com.br\/noticias\/stf-lula-habeas-corpus\/","og_site_name":"Suno Not\u00edcias","article_publisher":"https:\/\/facebook.com\/sunoresearch","og_image":[{"width":1533,"height":1045,"url":"https:\/\/files.sunoresearch.com.br\/n\/uploads\/2019\/06\/9fc0ca2e-lula.jpg","type":"image\/jpeg"}],"author":"Giovanna Oliveira","twitter_card":"summary_large_image","twitter_creator":"@sunoresearch","twitter_site":"@sunoresearch","twitter_misc":{"Escrito por":"Giovanna Oliveira","Est. tempo de leitura":"2 minutos"},"schema":{"@context":"https:\/\/schema.org","@graph":[{"@type":"NewsArticle","@id":"https:\/\/www.suno.com.br\/noticias\/stf-lula-habeas-corpus\/#article","isPartOf":{"@id":"https:\/\/www.suno.com.br\/noticias\/stf-lula-habeas-corpus\/"},"author":{"name":"Giovanna Oliveira","@id":"https:\/\/www.suno.com.br\/noticias\/#\/schema\/person\/4e19e3d2575736e5283d58eb3199d120"},"headline":"STF nega habeas corpus a Lula e mant\u00e9m o ex-presidente preso","datePublished":"2019-06-25T22:31:03+00:00","dateModified":"2019-06-25T23:27:01+00:00","mainEntityOfPage":{"@id":"https:\/\/www.suno.com.br\/noticias\/stf-lula-habeas-corpus\/"},"wordCount":381,"publisher":{"@id":"https:\/\/www.suno.com.br\/noticias\/#organization"},"image":{"@id":"https:\/\/www.suno.com.br\/noticias\/stf-lula-habeas-corpus\/#primaryimage"},"thumbnailUrl":"https:\/\/files.sunoresearch.com.br\/n\/uploads\/2019\/06\/9fc0ca2e-lula-jpg.webp","keywords":["Lula","Sergio Moro","Supremo Tribunal Federal (STF)"],"articleSection":["Pol\u00edtica"],"inLanguage":"pt-BR"},{"@type":"WebPage","@id":"https:\/\/www.suno.com.br\/noticias\/stf-lula-habeas-corpus\/","url":"https:\/\/www.suno.com.br\/noticias\/stf-lula-habeas-corpus\/","name":"STF nega habeas corpus a Lula e mant\u00e9m o ex-presidente preso","isPartOf":{"@id":"https:\/\/www.suno.com.br\/noticias\/#website"},"primaryImageOfPage":{"@id":"https:\/\/www.suno.com.br\/noticias\/stf-lula-habeas-corpus\/#primaryimage"},"image":{"@id":"https:\/\/www.suno.com.br\/noticias\/stf-lula-habeas-corpus\/#primaryimage"},"thumbnailUrl":"https:\/\/files.sunoresearch.com.br\/n\/uploads\/2019\/06\/9fc0ca2e-lula-jpg.webp","datePublished":"2019-06-25T22:31:03+00:00","dateModified":"2019-06-25T23:27:01+00:00","description":"O STF\u00a0negou um dos pedidos de liberdade apresentado pela defesa do ex-presidente Luiz In\u00e1cio Lula da Silva.\u00a0Clique para saber mais.","breadcrumb":{"@id":"https:\/\/www.suno.com.br\/noticias\/stf-lula-habeas-corpus\/#breadcrumb"},"inLanguage":"pt-BR","potentialAction":[{"@type":"ReadAction","target":["https:\/\/www.suno.com.br\/noticias\/stf-lula-habeas-corpus\/"]}]},{"@type":"ImageObject","inLanguage":"pt-BR","@id":"https:\/\/www.suno.com.br\/noticias\/stf-lula-habeas-corpus\/#primaryimage","url":"https:\/\/files.sunoresearch.com.br\/n\/uploads\/2019\/06\/9fc0ca2e-lula-jpg.webp","contentUrl":"https:\/\/files.sunoresearch.com.br\/n\/uploads\/2019\/06\/9fc0ca2e-lula-jpg.webp","width":1533,"height":1045,"caption":"Campanha de Lula retirou a men\u00e7\u00e3o de \"regula\u00e7\u00e3o da agroind\u00fastria\" de suas diretrizes de governo."},{"@type":"BreadcrumbList","@id":"https:\/\/www.suno.com.br\/noticias\/stf-lula-habeas-corpus\/#breadcrumb","itemListElement":[{"@type":"ListItem","position":1,"name":"Not\u00edcias","item":"https:\/\/www.suno.com.br\/noticias\/"},{"@type":"ListItem","position":2,"name":"Pol\u00edtica","item":"https:\/\/www.suno.com.br\/noticias\/politica\/"},{"@type":"ListItem","position":3,"name":"STF nega habeas corpus a Lula e mant\u00e9m o ex-presidente preso"}]},{"@type":"WebSite","@id":"https:\/\/www.suno.com.br\/noticias\/#website","url":"https:\/\/www.suno.com.br\/noticias\/","name":"Suno Not\u00edcias","description":"Seu portal de informa\u00e7\u00e3o sobre o mundo dos investimentos","publisher":{"@id":"https:\/\/www.suno.com.br\/noticias\/#organization"},"potentialAction":[{"@type":"SearchAction","target":{"@type":"EntryPoint","urlTemplate":"https:\/\/www.suno.com.br\/noticias\/?s={search_term_string}"},"query-input":{"@type":"PropertyValueSpecification","valueRequired":true,"valueName":"search_term_string"}}],"inLanguage":"pt-BR"},{"@type":"Organization","@id":"https:\/\/www.suno.com.br\/noticias\/#organization","name":"Suno Not\u00edcias","url":"https:\/\/www.suno.com.br\/noticias\/","logo":{"@type":"ImageObject","inLanguage":"pt-BR","@id":"https:\/\/www.suno.com.br\/noticias\/#\/schema\/logo\/image\/","url":"https:\/\/files.sunoresearch.com.br\/n\/uploads\/2021\/09\/suno-logo.png","contentUrl":"https:\/\/files.sunoresearch.com.br\/n\/uploads\/2021\/09\/suno-logo.png","width":180,"height":180,"caption":"Suno Not\u00edcias"},"image":{"@id":"https:\/\/www.suno.com.br\/noticias\/#\/schema\/logo\/image\/"},"sameAs":["https:\/\/facebook.com\/sunoresearch","https:\/\/x.com\/sunoresearch","https:\/\/www.instagram.com\/suno","https:\/\/www.linkedin.com\/company\/suno-research\/","https:\/\/www.youtube.com\/c\/sunoresearch"]},{"@type":"Person","@id":"https:\/\/www.suno.com.br\/noticias\/#\/schema\/person\/4e19e3d2575736e5283d58eb3199d120","name":"Giovanna Oliveira","image":{"@type":"ImageObject","inLanguage":"pt-BR","@id":"https:\/\/www.suno.com.br\/noticias\/#\/schema\/person\/image\/","url":"https:\/\/secure.gravatar.com\/avatar\/9a37b3ae208962ac568992d0ffdbc2eb?s=96&r=g","contentUrl":"https:\/\/secure.gravatar.com\/avatar\/9a37b3ae208962ac568992d0ffdbc2eb?s=96&r=g","caption":"Giovanna Oliveira"},"description":"Giovanna Oliveira escreve sobre economia e pol\u00edtica. Foi rep\u00f3rter do portal de jornalismo da ESPM-SP e produziu conte\u00fado para a Corinthians TV. \u00c9 estudante da ESPM.","url":"https:\/\/www.suno.com.br\/noticias\/author\/giovanna\/"}]}},"default_loop_html":"<div class=\"cardsPage__listCard__boxs\"><div class=\"cardsPage__listCard__boxs__img\"><a href=\"https:\/\/www.suno.com.br\/noticias\/stf-lula-habeas-corpus\/\"><img class=\"mask\" src=\"https:\/\/www.suno.com.br\/noticias\/wp-content\/themes\/suno\/resources\/images\/spotlight\/spotlight1img\/bg-mask.png\" alt=\"Image Mask\"\/><img src=\"https:\/\/files.sunoresearch.com.br\/n\/uploads\/2019\/06\/9fc0ca2e-lula-400x200.webp\" alt=\"STF nega habeas corpus a Lula e mant\u00e9m o ex-presidente preso\"\/><\/a><span class=\"spotlightCategory\"><a href=\"https:\/\/www.suno.com.br\/noticias\/politica\/\">Pol\u00edtica<\/a><\/span><\/div><div class=\"cardsPage__listCard__boxs__content\"><a href=\"https:\/\/www.suno.com.br\/noticias\/stf-lula-habeas-corpus\/\"><h2 class=\"content__title\">STF nega habeas corpus a Lula e mant\u00e9m o ex-presidente preso<\/h2><\/a><div class=\"newsContent__article__meta\"><div class=\"newsContent__article__meta__authorBox\"><a href=\"https:\/\/www.suno.com.br\/noticias\/author\/giovanna\/\" class=\"authorBox__avatar noMobi\"><img src=\"https:\/\/files.sunoresearch.com.br\/n\/uploads\/2019\/06\/952a89ca-screenshot_20190608-171507-150x150.webp\" alt=\"Giovanna Oliveira\"><\/a><div class=\"authorBox__name\"><span>por\n\t\t\t<a href=\"https:\/\/www.suno.com.br\/noticias\/author\/giovanna\/\"><span itemprop=\"author\">Giovanna Oliveira<\/span><\/a><\/span><time datetime=\"2019-06-25T19:31:03-03:00\" itemprop=\"datePublished\">25\/06\/2019 19:31<\/time><\/div><\/div><\/div><\/div><\/div>","single_layout":"posts","amp_enabled":true,"_links":{"self":[{"href":"https:\/\/www.suno.com.br\/noticias\/wp-json\/wp\/v2\/posts\/29133"}],"collection":[{"href":"https:\/\/www.suno.com.br\/noticias\/wp-json\/wp\/v2\/posts"}],"about":[{"href":"https:\/\/www.suno.com.br\/noticias\/wp-json\/wp\/v2\/types\/post"}],"author":[{"embeddable":true,"href":"https:\/\/www.suno.com.br\/noticias\/wp-json\/wp\/v2\/users\/18"}],"replies":[{"embeddable":true,"href":"https:\/\/www.suno.com.br\/noticias\/wp-json\/wp\/v2\/comments?post=29133"}],"version-history":[{"count":0,"href":"https:\/\/www.suno.com.br\/noticias\/wp-json\/wp\/v2\/posts\/29133\/revisions"}],"wp:featuredmedia":[{"embeddable":true,"href":"https:\/\/www.suno.com.br\/noticias\/wp-json\/wp\/v2\/media\/29143"}],"wp:attachment":[{"href":"https:\/\/www.suno.com.br\/noticias\/wp-json\/wp\/v2\/media?parent=29133"}],"wp:term":[{"taxonomy":"category","embeddable":true,"href":"https:\/\/www.suno.com.br\/noticias\/wp-json\/wp\/v2\/categories?post=29133"},{"taxonomy":"post_tag","embeddable":true,"href":"https:\/\/www.suno.com.br\/noticias\/wp-json\/wp\/v2\/tags?post=29133"},{"taxonomy":"suno_strategy","embeddable":true,"href":"https:\/\/www.suno.com.br\/noticias\/wp-json\/wp\/v2\/suno_strategy?post=29133"}],"curies":[{"name":"wp","href":"https:\/\/api.w.org\/{rel}","templated":true}]}}