{"id":29123,"date":"2019-06-25T17:55:29","date_gmt":"2019-06-25T20:55:29","guid":{"rendered":"https:\/\/www.suno.com.br\/noticias\/?p=29123"},"modified":"2021-02-17T22:48:43","modified_gmt":"2021-02-18T01:48:43","slug":"dolar-alta-25062019","status":"publish","type":"post","link":"https:\/\/www.suno.com.br\/noticias\/dolar-alta-25062019\/","title":{"rendered":"D\u00f3lar encerra em alta de 0,687% de olho em tens\u00f5es internas e externas"},"content":{"rendered":"<p>O d\u00f3lar encerrou esta ter\u00e7a-feira (25) com alta de 0,687% sendo cotado em R$\u00a03,8528.<\/p>\t<div class=\"wrapper-featured-image\">\n\t\t<figure class=\"spotlightImg\">\n\n\t\t\t<picture>\n\t\t\t\t<source media=\"(max-width: 768px)\" srcset=\"https:\/\/files.sunoresearch.com.br\/n\/uploads\/2018\/11\/b05131e8-d\u00f3lar-400x200.webp\">\n\t\t\t\t<img loading=\"lazy\" decoding=\"async\" class=\"newsContent__article__imgCapa lazyloadDisabled newsContent__article__imgCapa--noCaption\" src=\"https:\/\/files.sunoresearch.com.br\/n\/uploads\/2018\/11\/b05131e8-d\u00f3lar-800x450.webp\" width=\"800\" height=\"450\" alt=\"D\u00f3lar encerra em alta de 0,687% de olho em tens\u00f5es internas e externas\" fetchpriority=high \/>\n\t\t\t<\/picture>\n\n\t\t\t<figcaption class=\"wp-caption-text wp-caption-text--hide\">D\u00f3lar encerra em queda de 0,255%, cotado em R$ 5,1591<\/figcaption>\n\t\t<\/figure>\n\t<\/div>\n\n\n<p>No in\u00edcio do dia, por volta das 9h10, o<strong> d\u00f3lar<\/strong> registrava alta de 0,22% negociando a R$ 3,8339. A cota\u00e7\u00e3o min\u00edma da moeda norte-americana foi de R$ 3,8252 \u00e0s 11h29. A m\u00e1xima foi de R$ 3,8572 por volta das 15h40.<\/p>\n\t<p>\n\t\t<a href=\"https:\/\/lp.suno.com.br\/ebook-investindo-em-dividendos\/\" target=\"_blank\" data-element=\"shortcode-suno-banner\" title=\"Banner SUNO, clique e saiba mais\">\n\t\t\t<picture>\n\t\t\t\t<source media=\"(max-width: 500px)\" srcset=\"https:\/\/files.sunoresearch.com.br\/n\/uploads\/2023\/03\/400x300-Dividendos.png\">\n\t\t\t\t<img class=\"newsContent__article__imgCapa newsContent__article__imgCapa--banner\"\n\t\t\t\t\tsrc=\"https:\/\/files.sunoresearch.com.br\/n\/uploads\/2023\/03\/1420x240-Dividendos.png\"\n\t\t\t\t\tdata-promo-id=\"383163\"\t\t\t\t\t\t\t\t\t\twidth='1420' height='240'\t\t\t\t\talt=\"https:\/\/files.sunoresearch.com.br\/n\/uploads\/2023\/03\/1420x240-Dividendos.png\"\n\t\t\t\t>\n\t\t\t<\/picture>\n\t\t<\/a>\n\t<\/p>\n\n\n<p>No cen\u00e1rio interno, o mercado reagiu aos indicativos de uma nova recess\u00e3o da economia brasileira. Al\u00e9m disso, um poss\u00edvel adiamento da vota\u00e7\u00e3o da\u00a0<strong>reforma da Previd\u00eancia\u00a0<\/strong>preocupou os investidores.<\/p>\n<p>As acusa\u00e7\u00f5es do presidente iraniano,\u00a0<strong>Hassan Rohani<\/strong>, ao governo norte-americano tamb\u00e9m influenciaram na moeda.<\/p>\n<p><iframe loading=\"lazy\" title=\"?Centr\u00e3o adia reforma da previd\u00eancia; Amazon e Alibaba interessadas nos correios e alerta do BC\" width=\"200\" height=\"113\" src=\"https:\/\/www.youtube.com\/embed\/GYPiyvGIM9g?feature=oembed\" frameborder=\"0\" allow=\"accelerometer; autoplay; encrypted-media; gyroscope; picture-in-picture\" allowfullscreen><\/iframe><\/p>\n<h2>Ir\u00e3 e EUA<\/h2>\n<p>O presidente iraniano, <strong>Hassan Rohani<\/strong>, acusou o governo dos <strong>Estados Unidos<\/strong> nesta ter\u00e7a-feira, 25. Ele disse que os <strong>EUA<\/strong> fechou de forma definitiva a via diplom\u00e1tica.<\/p>\n<p><a href=\"https:\/\/www.suno.com.br\/noticias\/ira-diz-que-eua-mente-quando-afirma-que-deseja-negociar\/\">Saiba mais: Ir\u00e3 diz que EUA mente quando afirma que deseja negociar<\/a><\/p>\n<p>Al\u00e9m disso, o <strong>Ir\u00e3<\/strong> acusa os norte-americanos de mentir sobre a inten\u00e7\u00e3o de negociar.<\/p>\n<p>&#8220;Ao mesmo tempo que pedem negocia\u00e7\u00f5es, eles tentam punir o ministro das <strong>Rela\u00e7\u00f5es Exteriores<\/strong>. \u00c9 evidente que mentem. Poderiam pelo menos ter esperado um pouco para que o mundo analisasse se dizem a verdade ou mentem&#8221;, disse <strong>Rohani<\/strong> em <strong>Teer\u00e3<\/strong>.<\/p>\n\t<p>\n\t\t<a href=\"https:\/\/www.suno.com.br\/wealth\/\" target=\"_blank\" data-element=\"shortcode-suno-banner\" title=\"Banner SUNO, clique e saiba mais\">\n\t\t\t<picture>\n\t\t\t\t<source media=\"(max-width: 500px)\" srcset=\"https:\/\/files.sunoresearch.com.br\/n\/uploads\/2024\/01\/400x300-Mobile-WEALTH.png\">\n\t\t\t\t<img class=\"newsContent__article__imgCapa newsContent__article__imgCapa--banner\"\n\t\t\t\t\tsrc=\"https:\/\/files.sunoresearch.com.br\/n\/uploads\/2024\/01\/1420x240-Banner-Artigos-1-_-Banner-Materias-1-6.png\"\n\t\t\t\t\tdata-promo-id=\"512147\"\t\t\t\t\t\t\t\t\t\twidth='1420' height='240'\t\t\t\t\talt=\"https:\/\/files.sunoresearch.com.br\/n\/uploads\/2024\/01\/1420x240-Banner-Artigos-1-_-Banner-Materias-1-6.png\"\n\t\t\t\t>\n\t\t\t<\/picture>\n\t\t<\/a>\n\t<\/p>\n\n\n<h2>PIB no segundo trimestre<\/h2>\n<p>O Produto Interno Bruto (PIB) dever\u00e1 ficar &#8220;pr\u00f3ximo da estabilidade no segundo trimestre&#8221; afirmou o Comit\u00ea de Pol\u00edtica Monet\u00e1ria (Copom) do Banco Central, por meio de ata, nesta ter\u00e7a-feira.<\/p>\n<p><a href=\"https:\/\/www.suno.com.br\/noticias\/pib-estabilidade-segundo-trimestre\/\">Saiba mais: PIB deve ficar pr\u00f3ximo da estabilidade no segundo trimestre, diz Copom<\/a><\/p>\n<p>A defini\u00e7\u00e3o da ata foi divulgado um dia ap\u00f3s o <strong>Boletim<\/strong> <strong>Focus<\/strong> reduzir pela 17\u00aa vez seguida a estimativa de <strong>PIB<\/strong> deste ano. De acordo com o relat\u00f3rio do <strong>Banco<\/strong> <strong>Central<\/strong>, a <strong>economia<\/strong> <strong>nacional<\/strong> deve ter um crescimento de 0,87% neste ano e n\u00e3o mais 0,93% como havia sido estimado na \u00faltima semana.<\/p>\n<h2>Pr\u00e9via da infla\u00e7\u00e3o<\/h2>\n<p>A pr\u00e9via da infla\u00e7\u00e3o medida pelo \u00cdndice Nacional de Pre\u00e7os ao Consumidor Amplo 15<strong> (IPCA-15)<\/strong> ficou em 0,06% em junho, segundo o <strong>Instituto Brasileiro de Geografia e Estat\u00edstica (IBGE)<\/strong>.<\/p>\n<p><a href=\"https:\/\/www.suno.com.br\/noticias\/previa-inflacao-junho-menor-taxa\/\">Saiba mais: Pr\u00e9via da infla\u00e7\u00e3o em junho \u00e9 de 0,06%, menor taxa do m\u00eas em 13 anos<\/a><\/p>\n<p><span style=\"font-size: 1.21429rem;\">Esta \u00e9 a<\/span><span style=\"font-size: 1.21429rem;\">\u00a0menor pr\u00e9via da <\/span><strong style=\"font-size: 1.21429rem;\">infla\u00e7\u00e3o<\/strong><span style=\"font-size: 1.21429rem;\"> para o m\u00eas de junho desde 2006, quando o \u00edndice registrou uma retra\u00e7\u00e3o -0,15%.<\/span><\/p>\n<h2>\u00daltima cota\u00e7\u00e3o<\/h2>\n<p>Na \u00faltima segunda-feira (24),\u00a0o <strong>d\u00f3lar<\/strong> encerrou com baixa de 0,613%, cotado em R$\u00a03,8265.<\/p>\n","protected":false},"excerpt":{"rendered":"<p>O d\u00f3lar encerrou esta ter\u00e7a-feira (25) com alta de 0,687% sendo cotado em R$\u00a03,8528. D\u00f3lar encerra em queda de 0,255%, cotado em R$ 5,1591 No in\u00edcio do dia, por volta das 9h10, o d\u00f3lar registrava alta de 0,22% negociando a R$ 3,8339. A cota\u00e7\u00e3o min\u00edma da moeda norte-americana foi de R$ 3,8252 \u00e0s 11h29. A [&hellip;]<\/p>\n","protected":false},"author":18,"featured_media":7275,"comment_status":"closed","ping_status":"closed","sticky":false,"template":"","format":"standard","meta":[],"categories":[60],"tags":[1842,326,793,850,1458,807],"suno_strategy":[],"class_list":["post-29123","post","type-post","status-publish","format-standard","has-post-thumbnail","hentry","category-mercado","tag-banco-central-bc","tag-dolar","tag-estados-unidos-eua","tag-inflacao","tag-ira","tag-produto-interno-bruto-pib"],"yoast_head":"<!-- This site is optimized with the Yoast SEO plugin v24.4 - https:\/\/yoast.com\/wordpress\/plugins\/seo\/ -->\n<title>D\u00f3lar encerra em alta de 0,687% de olho em tens\u00f5es internas e externas<\/title>\n<meta name=\"description\" content=\"O d\u00f3lar encerrou esta ter\u00e7a-feira (25) com alta de 0,687% sendo cotado em R$\u00a03,8528.\u00a0Clique para saber mais.\" \/>\n<meta name=\"robots\" content=\"index, follow, max-snippet:-1, max-image-preview:large, max-video-preview:-1\" \/>\n<link rel=\"canonical\" href=\"https:\/\/www.suno.com.br\/noticias\/dolar-alta-25062019\/\" \/>\n<meta property=\"og:locale\" content=\"pt_BR\" \/>\n<meta property=\"og:type\" content=\"article\" \/>\n<meta property=\"og:title\" content=\"D\u00f3lar encerra em alta de 0,687% de olho em tens\u00f5es internas e externas\" \/>\n<meta property=\"og:description\" content=\"O d\u00f3lar encerrou esta ter\u00e7a-feira (25) com alta de 0,687% sendo cotado em R$\u00a03,8528.\u00a0Clique para saber mais.\" \/>\n<meta property=\"og:url\" content=\"https:\/\/www.suno.com.br\/noticias\/dolar-alta-25062019\/\" \/>\n<meta property=\"og:site_name\" content=\"Suno Not\u00edcias\" \/>\n<meta property=\"article:publisher\" content=\"https:\/\/facebook.com\/sunoresearch\" \/>\n<meta property=\"og:image\" content=\"https:\/\/files.sunoresearch.com.br\/n\/uploads\/2018\/11\/b05131e8-d\u00f3lar.jpg\" \/>\n\t<meta property=\"og:image:width\" content=\"960\" \/>\n\t<meta property=\"og:image:height\" content=\"640\" \/>\n\t<meta property=\"og:image:type\" content=\"image\/jpeg\" \/>\n<meta name=\"author\" content=\"Giovanna Oliveira\" \/>\n<meta name=\"twitter:card\" content=\"summary_large_image\" \/>\n<meta name=\"twitter:creator\" content=\"@sunoresearch\" \/>\n<meta name=\"twitter:site\" content=\"@sunoresearch\" \/>\n<meta name=\"twitter:label1\" content=\"Escrito por\" \/>\n\t<meta name=\"twitter:data1\" content=\"Giovanna Oliveira\" \/>\n\t<meta name=\"twitter:label2\" content=\"Est. tempo de leitura\" \/>\n\t<meta name=\"twitter:data2\" content=\"2 minutos\" \/>\n<script type=\"application\/ld+json\" class=\"yoast-schema-graph\">{\"@context\":\"https:\/\/schema.org\",\"@graph\":[{\"@type\":\"NewsArticle\",\"@id\":\"https:\/\/www.suno.com.br\/noticias\/dolar-alta-25062019\/#article\",\"isPartOf\":{\"@id\":\"https:\/\/www.suno.com.br\/noticias\/dolar-alta-25062019\/\"},\"author\":{\"name\":\"Giovanna Oliveira\",\"@id\":\"https:\/\/www.suno.com.br\/noticias\/#\/schema\/person\/4e19e3d2575736e5283d58eb3199d120\"},\"headline\":\"D\u00f3lar encerra em alta de 0,687% de olho em tens\u00f5es internas e externas\",\"datePublished\":\"2019-06-25T20:55:29+00:00\",\"dateModified\":\"2021-02-18T01:48:43+00:00\",\"mainEntityOfPage\":{\"@id\":\"https:\/\/www.suno.com.br\/noticias\/dolar-alta-25062019\/\"},\"wordCount\":433,\"publisher\":{\"@id\":\"https:\/\/www.suno.com.br\/noticias\/#organization\"},\"image\":{\"@id\":\"https:\/\/www.suno.com.br\/noticias\/dolar-alta-25062019\/#primaryimage\"},\"thumbnailUrl\":\"https:\/\/files.sunoresearch.com.br\/n\/uploads\/2018\/11\/b05131e8-d\u00f3lar-jpg.webp\",\"keywords\":[\"Banco Central (BC)\",\"d\u00f3lar\",\"Estados Unidos (EUA)\",\"infla\u00e7\u00e3o\",\"Ir\u00e3\",\"Produto Interno Bruto (PIB)\"],\"articleSection\":[\"Mercado\"],\"inLanguage\":\"pt-BR\"},{\"@type\":\"WebPage\",\"@id\":\"https:\/\/www.suno.com.br\/noticias\/dolar-alta-25062019\/\",\"url\":\"https:\/\/www.suno.com.br\/noticias\/dolar-alta-25062019\/\",\"name\":\"D\u00f3lar encerra em alta de 0,687% de olho em tens\u00f5es internas e externas\",\"isPartOf\":{\"@id\":\"https:\/\/www.suno.com.br\/noticias\/#website\"},\"primaryImageOfPage\":{\"@id\":\"https:\/\/www.suno.com.br\/noticias\/dolar-alta-25062019\/#primaryimage\"},\"image\":{\"@id\":\"https:\/\/www.suno.com.br\/noticias\/dolar-alta-25062019\/#primaryimage\"},\"thumbnailUrl\":\"https:\/\/files.sunoresearch.com.br\/n\/uploads\/2018\/11\/b05131e8-d\u00f3lar-jpg.webp\",\"datePublished\":\"2019-06-25T20:55:29+00:00\",\"dateModified\":\"2021-02-18T01:48:43+00:00\",\"description\":\"O d\u00f3lar encerrou esta ter\u00e7a-feira (25) com alta de 0,687% sendo cotado em R$\u00a03,8528.\u00a0Clique para saber mais.\",\"breadcrumb\":{\"@id\":\"https:\/\/www.suno.com.br\/noticias\/dolar-alta-25062019\/#breadcrumb\"},\"inLanguage\":\"pt-BR\",\"potentialAction\":[{\"@type\":\"ReadAction\",\"target\":[\"https:\/\/www.suno.com.br\/noticias\/dolar-alta-25062019\/\"]}]},{\"@type\":\"ImageObject\",\"inLanguage\":\"pt-BR\",\"@id\":\"https:\/\/www.suno.com.br\/noticias\/dolar-alta-25062019\/#primaryimage\",\"url\":\"https:\/\/files.sunoresearch.com.br\/n\/uploads\/2018\/11\/b05131e8-d\u00f3lar-jpg.webp\",\"contentUrl\":\"https:\/\/files.sunoresearch.com.br\/n\/uploads\/2018\/11\/b05131e8-d\u00f3lar-jpg.webp\",\"width\":960,\"height\":640,\"caption\":\"D\u00f3lar encerra em queda de 0,255%, cotado em R$ 5,1591\"},{\"@type\":\"BreadcrumbList\",\"@id\":\"https:\/\/www.suno.com.br\/noticias\/dolar-alta-25062019\/#breadcrumb\",\"itemListElement\":[{\"@type\":\"ListItem\",\"position\":1,\"name\":\"Not\u00edcias\",\"item\":\"https:\/\/www.suno.com.br\/noticias\/\"},{\"@type\":\"ListItem\",\"position\":2,\"name\":\"Mercado\",\"item\":\"https:\/\/www.suno.com.br\/noticias\/mercado\/\"},{\"@type\":\"ListItem\",\"position\":3,\"name\":\"D\u00f3lar encerra em alta de 0,687% de olho em tens\u00f5es internas e externas\"}]},{\"@type\":\"WebSite\",\"@id\":\"https:\/\/www.suno.com.br\/noticias\/#website\",\"url\":\"https:\/\/www.suno.com.br\/noticias\/\",\"name\":\"Suno Not\u00edcias\",\"description\":\"Seu portal de informa\u00e7\u00e3o sobre o mundo dos investimentos\",\"publisher\":{\"@id\":\"https:\/\/www.suno.com.br\/noticias\/#organization\"},\"potentialAction\":[{\"@type\":\"SearchAction\",\"target\":{\"@type\":\"EntryPoint\",\"urlTemplate\":\"https:\/\/www.suno.com.br\/noticias\/?s={search_term_string}\"},\"query-input\":{\"@type\":\"PropertyValueSpecification\",\"valueRequired\":true,\"valueName\":\"search_term_string\"}}],\"inLanguage\":\"pt-BR\"},{\"@type\":\"Organization\",\"@id\":\"https:\/\/www.suno.com.br\/noticias\/#organization\",\"name\":\"Suno Not\u00edcias\",\"url\":\"https:\/\/www.suno.com.br\/noticias\/\",\"logo\":{\"@type\":\"ImageObject\",\"inLanguage\":\"pt-BR\",\"@id\":\"https:\/\/www.suno.com.br\/noticias\/#\/schema\/logo\/image\/\",\"url\":\"https:\/\/files.sunoresearch.com.br\/n\/uploads\/2021\/09\/suno-logo.png\",\"contentUrl\":\"https:\/\/files.sunoresearch.com.br\/n\/uploads\/2021\/09\/suno-logo.png\",\"width\":180,\"height\":180,\"caption\":\"Suno Not\u00edcias\"},\"image\":{\"@id\":\"https:\/\/www.suno.com.br\/noticias\/#\/schema\/logo\/image\/\"},\"sameAs\":[\"https:\/\/facebook.com\/sunoresearch\",\"https:\/\/x.com\/sunoresearch\",\"https:\/\/www.instagram.com\/suno\",\"https:\/\/www.linkedin.com\/company\/suno-research\/\",\"https:\/\/www.youtube.com\/c\/sunoresearch\"]},{\"@type\":\"Person\",\"@id\":\"https:\/\/www.suno.com.br\/noticias\/#\/schema\/person\/4e19e3d2575736e5283d58eb3199d120\",\"name\":\"Giovanna Oliveira\",\"image\":{\"@type\":\"ImageObject\",\"inLanguage\":\"pt-BR\",\"@id\":\"https:\/\/www.suno.com.br\/noticias\/#\/schema\/person\/image\/\",\"url\":\"https:\/\/secure.gravatar.com\/avatar\/9a37b3ae208962ac568992d0ffdbc2eb?s=96&r=g\",\"contentUrl\":\"https:\/\/secure.gravatar.com\/avatar\/9a37b3ae208962ac568992d0ffdbc2eb?s=96&r=g\",\"caption\":\"Giovanna Oliveira\"},\"description\":\"Giovanna Oliveira escreve sobre economia e pol\u00edtica. Foi rep\u00f3rter do portal de jornalismo da ESPM-SP e produziu conte\u00fado para a Corinthians TV. \u00c9 estudante da ESPM.\",\"url\":\"https:\/\/www.suno.com.br\/noticias\/author\/giovanna\/\"}]}<\/script>\n<!-- \/ Yoast SEO plugin. -->","yoast_head_json":{"title":"D\u00f3lar encerra em alta de 0,687% de olho em tens\u00f5es internas e externas","description":"O d\u00f3lar encerrou esta ter\u00e7a-feira (25) com alta de 0,687% sendo cotado em R$\u00a03,8528.\u00a0Clique para saber mais.","robots":{"index":"index","follow":"follow","max-snippet":"max-snippet:-1","max-image-preview":"max-image-preview:large","max-video-preview":"max-video-preview:-1"},"canonical":"https:\/\/www.suno.com.br\/noticias\/dolar-alta-25062019\/","og_locale":"pt_BR","og_type":"article","og_title":"D\u00f3lar encerra em alta de 0,687% de olho em tens\u00f5es internas e externas","og_description":"O d\u00f3lar encerrou esta ter\u00e7a-feira (25) com alta de 0,687% sendo cotado em R$\u00a03,8528.\u00a0Clique para saber mais.","og_url":"https:\/\/www.suno.com.br\/noticias\/dolar-alta-25062019\/","og_site_name":"Suno Not\u00edcias","article_publisher":"https:\/\/facebook.com\/sunoresearch","og_image":[{"width":960,"height":640,"url":"https:\/\/files.sunoresearch.com.br\/n\/uploads\/2018\/11\/b05131e8-d\u00f3lar.jpg","type":"image\/jpeg"}],"author":"Giovanna Oliveira","twitter_card":"summary_large_image","twitter_creator":"@sunoresearch","twitter_site":"@sunoresearch","twitter_misc":{"Escrito por":"Giovanna Oliveira","Est. tempo de leitura":"2 minutos"},"schema":{"@context":"https:\/\/schema.org","@graph":[{"@type":"NewsArticle","@id":"https:\/\/www.suno.com.br\/noticias\/dolar-alta-25062019\/#article","isPartOf":{"@id":"https:\/\/www.suno.com.br\/noticias\/dolar-alta-25062019\/"},"author":{"name":"Giovanna Oliveira","@id":"https:\/\/www.suno.com.br\/noticias\/#\/schema\/person\/4e19e3d2575736e5283d58eb3199d120"},"headline":"D\u00f3lar encerra em alta de 0,687% de olho em tens\u00f5es internas e externas","datePublished":"2019-06-25T20:55:29+00:00","dateModified":"2021-02-18T01:48:43+00:00","mainEntityOfPage":{"@id":"https:\/\/www.suno.com.br\/noticias\/dolar-alta-25062019\/"},"wordCount":433,"publisher":{"@id":"https:\/\/www.suno.com.br\/noticias\/#organization"},"image":{"@id":"https:\/\/www.suno.com.br\/noticias\/dolar-alta-25062019\/#primaryimage"},"thumbnailUrl":"https:\/\/files.sunoresearch.com.br\/n\/uploads\/2018\/11\/b05131e8-d\u00f3lar-jpg.webp","keywords":["Banco Central (BC)","d\u00f3lar","Estados Unidos (EUA)","infla\u00e7\u00e3o","Ir\u00e3","Produto Interno Bruto (PIB)"],"articleSection":["Mercado"],"inLanguage":"pt-BR"},{"@type":"WebPage","@id":"https:\/\/www.suno.com.br\/noticias\/dolar-alta-25062019\/","url":"https:\/\/www.suno.com.br\/noticias\/dolar-alta-25062019\/","name":"D\u00f3lar encerra em alta de 0,687% de olho em tens\u00f5es internas e externas","isPartOf":{"@id":"https:\/\/www.suno.com.br\/noticias\/#website"},"primaryImageOfPage":{"@id":"https:\/\/www.suno.com.br\/noticias\/dolar-alta-25062019\/#primaryimage"},"image":{"@id":"https:\/\/www.suno.com.br\/noticias\/dolar-alta-25062019\/#primaryimage"},"thumbnailUrl":"https:\/\/files.sunoresearch.com.br\/n\/uploads\/2018\/11\/b05131e8-d\u00f3lar-jpg.webp","datePublished":"2019-06-25T20:55:29+00:00","dateModified":"2021-02-18T01:48:43+00:00","description":"O d\u00f3lar encerrou esta ter\u00e7a-feira (25) com alta de 0,687% sendo cotado em R$\u00a03,8528.\u00a0Clique para saber mais.","breadcrumb":{"@id":"https:\/\/www.suno.com.br\/noticias\/dolar-alta-25062019\/#breadcrumb"},"inLanguage":"pt-BR","potentialAction":[{"@type":"ReadAction","target":["https:\/\/www.suno.com.br\/noticias\/dolar-alta-25062019\/"]}]},{"@type":"ImageObject","inLanguage":"pt-BR","@id":"https:\/\/www.suno.com.br\/noticias\/dolar-alta-25062019\/#primaryimage","url":"https:\/\/files.sunoresearch.com.br\/n\/uploads\/2018\/11\/b05131e8-d\u00f3lar-jpg.webp","contentUrl":"https:\/\/files.sunoresearch.com.br\/n\/uploads\/2018\/11\/b05131e8-d\u00f3lar-jpg.webp","width":960,"height":640,"caption":"D\u00f3lar encerra em queda de 0,255%, cotado em R$ 5,1591"},{"@type":"BreadcrumbList","@id":"https:\/\/www.suno.com.br\/noticias\/dolar-alta-25062019\/#breadcrumb","itemListElement":[{"@type":"ListItem","position":1,"name":"Not\u00edcias","item":"https:\/\/www.suno.com.br\/noticias\/"},{"@type":"ListItem","position":2,"name":"Mercado","item":"https:\/\/www.suno.com.br\/noticias\/mercado\/"},{"@type":"ListItem","position":3,"name":"D\u00f3lar encerra em alta de 0,687% de olho em tens\u00f5es internas e externas"}]},{"@type":"WebSite","@id":"https:\/\/www.suno.com.br\/noticias\/#website","url":"https:\/\/www.suno.com.br\/noticias\/","name":"Suno Not\u00edcias","description":"Seu portal de informa\u00e7\u00e3o sobre o mundo dos investimentos","publisher":{"@id":"https:\/\/www.suno.com.br\/noticias\/#organization"},"potentialAction":[{"@type":"SearchAction","target":{"@type":"EntryPoint","urlTemplate":"https:\/\/www.suno.com.br\/noticias\/?s={search_term_string}"},"query-input":{"@type":"PropertyValueSpecification","valueRequired":true,"valueName":"search_term_string"}}],"inLanguage":"pt-BR"},{"@type":"Organization","@id":"https:\/\/www.suno.com.br\/noticias\/#organization","name":"Suno Not\u00edcias","url":"https:\/\/www.suno.com.br\/noticias\/","logo":{"@type":"ImageObject","inLanguage":"pt-BR","@id":"https:\/\/www.suno.com.br\/noticias\/#\/schema\/logo\/image\/","url":"https:\/\/files.sunoresearch.com.br\/n\/uploads\/2021\/09\/suno-logo.png","contentUrl":"https:\/\/files.sunoresearch.com.br\/n\/uploads\/2021\/09\/suno-logo.png","width":180,"height":180,"caption":"Suno Not\u00edcias"},"image":{"@id":"https:\/\/www.suno.com.br\/noticias\/#\/schema\/logo\/image\/"},"sameAs":["https:\/\/facebook.com\/sunoresearch","https:\/\/x.com\/sunoresearch","https:\/\/www.instagram.com\/suno","https:\/\/www.linkedin.com\/company\/suno-research\/","https:\/\/www.youtube.com\/c\/sunoresearch"]},{"@type":"Person","@id":"https:\/\/www.suno.com.br\/noticias\/#\/schema\/person\/4e19e3d2575736e5283d58eb3199d120","name":"Giovanna Oliveira","image":{"@type":"ImageObject","inLanguage":"pt-BR","@id":"https:\/\/www.suno.com.br\/noticias\/#\/schema\/person\/image\/","url":"https:\/\/secure.gravatar.com\/avatar\/9a37b3ae208962ac568992d0ffdbc2eb?s=96&r=g","contentUrl":"https:\/\/secure.gravatar.com\/avatar\/9a37b3ae208962ac568992d0ffdbc2eb?s=96&r=g","caption":"Giovanna Oliveira"},"description":"Giovanna Oliveira escreve sobre economia e pol\u00edtica. Foi rep\u00f3rter do portal de jornalismo da ESPM-SP e produziu conte\u00fado para a Corinthians TV. \u00c9 estudante da ESPM.","url":"https:\/\/www.suno.com.br\/noticias\/author\/giovanna\/"}]}},"default_loop_html":"<div class=\"cardsPage__listCard__boxs\"><div class=\"cardsPage__listCard__boxs__img\"><a href=\"https:\/\/www.suno.com.br\/noticias\/dolar-alta-25062019\/\"><img class=\"mask\" src=\"https:\/\/www.suno.com.br\/noticias\/wp-content\/themes\/suno\/resources\/images\/spotlight\/spotlight1img\/bg-mask.png\" alt=\"Image Mask\"\/><img src=\"https:\/\/files.sunoresearch.com.br\/n\/uploads\/2018\/11\/b05131e8-d\u00f3lar-400x200.webp\" alt=\"D\u00f3lar encerra em alta de 0,687% de olho em tens\u00f5es internas e externas\"\/><\/a><span class=\"spotlightCategory\"><a href=\"https:\/\/www.suno.com.br\/noticias\/mercado\/\">Mercado<\/a><\/span><\/div><div class=\"cardsPage__listCard__boxs__content\"><a href=\"https:\/\/www.suno.com.br\/noticias\/dolar-alta-25062019\/\"><h2 class=\"content__title\">D\u00f3lar encerra em alta de 0,687% de olho em tens\u00f5es internas e externas<\/h2><\/a><div class=\"newsContent__article__meta\"><div class=\"newsContent__article__meta__authorBox\"><a href=\"https:\/\/www.suno.com.br\/noticias\/author\/giovanna\/\" class=\"authorBox__avatar noMobi\"><img src=\"https:\/\/files.sunoresearch.com.br\/n\/uploads\/2019\/06\/952a89ca-screenshot_20190608-171507-150x150.webp\" alt=\"Giovanna Oliveira\"><\/a><div class=\"authorBox__name\"><span>por\n\t\t\t<a href=\"https:\/\/www.suno.com.br\/noticias\/author\/giovanna\/\"><span itemprop=\"author\">Giovanna Oliveira<\/span><\/a><\/span><time datetime=\"2019-06-25T17:55:29-03:00\" itemprop=\"datePublished\">25\/06\/2019 17:55<\/time><\/div><\/div><\/div><\/div><\/div>","single_layout":"posts","amp_enabled":true,"_links":{"self":[{"href":"https:\/\/www.suno.com.br\/noticias\/wp-json\/wp\/v2\/posts\/29123"}],"collection":[{"href":"https:\/\/www.suno.com.br\/noticias\/wp-json\/wp\/v2\/posts"}],"about":[{"href":"https:\/\/www.suno.com.br\/noticias\/wp-json\/wp\/v2\/types\/post"}],"author":[{"embeddable":true,"href":"https:\/\/www.suno.com.br\/noticias\/wp-json\/wp\/v2\/users\/18"}],"replies":[{"embeddable":true,"href":"https:\/\/www.suno.com.br\/noticias\/wp-json\/wp\/v2\/comments?post=29123"}],"version-history":[{"count":0,"href":"https:\/\/www.suno.com.br\/noticias\/wp-json\/wp\/v2\/posts\/29123\/revisions"}],"wp:featuredmedia":[{"embeddable":true,"href":"https:\/\/www.suno.com.br\/noticias\/wp-json\/wp\/v2\/media\/7275"}],"wp:attachment":[{"href":"https:\/\/www.suno.com.br\/noticias\/wp-json\/wp\/v2\/media?parent=29123"}],"wp:term":[{"taxonomy":"category","embeddable":true,"href":"https:\/\/www.suno.com.br\/noticias\/wp-json\/wp\/v2\/categories?post=29123"},{"taxonomy":"post_tag","embeddable":true,"href":"https:\/\/www.suno.com.br\/noticias\/wp-json\/wp\/v2\/tags?post=29123"},{"taxonomy":"suno_strategy","embeddable":true,"href":"https:\/\/www.suno.com.br\/noticias\/wp-json\/wp\/v2\/suno_strategy?post=29123"}],"curies":[{"name":"wp","href":"https:\/\/api.w.org\/{rel}","templated":true}]}}