{"id":291201,"date":"2022-08-30T10:32:22","date_gmt":"2022-08-30T13:32:22","guid":{"rendered":"https:\/\/www.suno.com.br\/noticias\/?p=291201"},"modified":"2022-08-30T10:32:22","modified_gmt":"2022-08-30T13:32:22","slug":"dolar-hoje-cotacao-cambio-3008","status":"publish","type":"post","link":"https:\/\/www.suno.com.br\/noticias\/dolar-hoje-cotacao-cambio-3008\/","title":{"rendered":"D\u00f3lar sobe a R$ 5,05, ap\u00f3s queda com apetite por risco externo"},"content":{"rendered":"<p>O <strong>d\u00f3lar<\/strong> ganha for\u00e7a na manh\u00e3 desta ter\u00e7a-feira (30), e registrou m\u00e1xima a R$ 5,0390 no mercado \u00e0 vista, sob press\u00e3o t\u00e9cnica \u00e0 medida que se aproxima a primeira coleta de taxas nas mesas de opera\u00e7\u00e3o para a forma\u00e7\u00e3o da Ptax di\u00e1ria (por volta das 10h).<\/p>\t<div class=\"wrapper-featured-image\">\n\t\t<figure class=\"spotlightImg\">\n\n\t\t\t<picture>\n\t\t\t\t<source media=\"(max-width: 768px)\" srcset=\"https:\/\/files.sunoresearch.com.br\/n\/uploads\/2022\/06\/Dolar-hoje-1-400x200.jpg\">\n\t\t\t\t<img loading=\"lazy\" decoding=\"async\" class=\"newsContent__article__imgCapa lazyloadDisabled \" src=\"https:\/\/files.sunoresearch.com.br\/n\/uploads\/2022\/06\/Dolar-hoje-1-800x450.jpg\" width=\"800\" height=\"450\" alt=\"D\u00f3lar sobe a R$ 5,05, ap\u00f3s queda com apetite por risco externo\" fetchpriority=high \/>\n\t\t\t<\/picture>\n\n\t\t\t<figcaption class=\"wp-caption-text wp-caption-text--show\">D\u00f3lar sobe ap\u00f3s queda com apetite por risco externo. Foto: Pixabay<\/figcaption>\n\t\t<\/figure>\n\t<\/div>\n\n\n\t<p>\n\t\t<a href=\"\" target=\"_blank\" data-element=\"shortcode-suno-banner\" title=\"Banner SUNO, clique e saiba mais\">\n\t\t\t<picture>\n\t\t\t\t<source media=\"(max-width: 500px)\" srcset=\"\">\n\t\t\t\t<img class=\"newsContent__article__imgCapa newsContent__article__imgCapa--banner\"\n\t\t\t\t\tsrc=\"\"\n\t\t\t\t\tdata-promo-id=\"240038\"\t\t\t\t\t\t\t\t\t\t\t\t\t\t\talt=\"\"\n\t\t\t\t>\n\t\t\t<\/picture>\n\t\t<\/a>\n\t<\/p>\n\n\n<p>Mas o ajuste positivo \u00e9 limitado pela desvaloriza\u00e7\u00e3o da divisa dos EUA no exterior em meio a apetite por risco. A cota\u00e7\u00e3o do d\u00f3lar opera em alta de 0,46%, a R$ 5,057, por volta das 10h25.<\/p>\n<p>Nos primeiros neg\u00f3cios, o <strong>pre\u00e7o do d\u00f3lar<\/strong> operou em baixa, acompanhando a desvaloriza\u00e7\u00e3o externa da divisa americana em meio a recuo dos retornos dos Treasuries. O tombo de commodities favorece ainda a demanda pela moeda americana, segundo operadores.<\/p>\n\t<div data-element=\"shortcode-read-more\" class=\"knowMore\">\n\t\t\t\t<span class=\"knowMore__title\">Leia mais:<\/span>\n\t\t\t\t<a class=\"knowMore__link\" href=\"https:\/\/www.suno.com.br\/noticias\/oi-oibr3-eletrobras-elet3-movida-movi3-ferbasa-fesa4-destaques\/\">\n\t\t\tOi (OIBR3), Eletrobras (ELET3), Movida (MOVI3) e Ferbasa (FESA4) agitam o mercado financeiro\t\t<\/a>\n\t<\/div>\n\n\n<p>A defla\u00e7\u00e3o de 0,70% do IGP-M em agosto, maior que a mediana do mercado (-0,56%), \u00e9 mais um indicador de pre\u00e7os corroborando para o an\u00fancio de fim do ciclo de aperto da Selic em 21 de setembro.<\/p>\n<p>L\u00e1 fora, os investidores ajustam posi\u00e7\u00f5es no <strong>d\u00f3lar hoje<\/strong>, ap\u00f3s ganhos nas \u00faltimas sess\u00f5es, em meio a temores sobre mais aumentos de juros agressivos na <a class=\"suno-keyword\" href=\"https:\/\/www.suno.com.br\/artigos\/zona-do-euro\/\" target=\"_blank\" rel=\"noopener\" data-force=\"no\" data-priority=\"1\">zona do euro<\/a> e nos EUA para combater a infla\u00e7\u00e3o elevada.<\/p>\n<p>Enquanto o <a class=\"suno-keyword\" href=\"https:\/\/www.suno.com.br\/artigos\/dxy\/\" target=\"_blank\" rel=\"noopener\" data-force=\"no\" data-priority=\"1\">\u00edndice DXY<\/a> do d\u00f3lar ante seis moedas relevantes acumula ganhos de cerca de 2,4% no m\u00eas, a divisa dos EUA carrega perdas de cerca de 2,6% ante o real, reagindo a ingressos de fluxo de exportadores e de investidores estrangeiros para a renda vari\u00e1vel e o mercado de renda fixa diante de uma melhor percep\u00e7\u00e3o sobre o Pa\u00eds.<\/p>\n<p>Em v\u00e9spera de defini\u00e7\u00e3o da taxa Ptax de agosto, os investidores comprados em c\u00e2mbio (apostaram na alta) puxam as cota\u00e7\u00f5es para cima, a fim de melhorar o desempenho de suas posi\u00e7\u00f5es cambiais, de acordo com operadores do mercado.<\/p>\n<p>No exterior, o presidente do Federal Reserve de Richmond, Thomas Barkin (n\u00e3o vota este ano), afirmou que a infla\u00e7\u00e3o nos EUA vai diminuir, mas n\u00e3o de forma previs\u00edvel.<\/p>\n<p>Al\u00e9m do d\u00f3lar, est\u00e1 no radar dos investidores as falas de John Williams (presidente do Fed de NY), que pode trazer sinaliza\u00e7\u00f5es sobre o rumo do ciclo de aperto monet\u00e1rio nos EUA, al\u00e9m de evento com o presidente do BC, <a class=\"suno-keyword\" href=\"https:\/\/www.suno.com.br\/tudo-sobre\/roberto-campos-neto\/\" target=\"_blank\" rel=\"noopener\" data-force=\"no\" data-priority=\"2\">Roberto Campos Neto<\/a> (15h).<\/p>\n<p>O economista-chefe do <a class=\"suno-keyword\" href=\"https:\/\/www.suno.com.br\/artigos\/bce\/\" target=\"_blank\" rel=\"noopener\" data-force=\"no\" data-priority=\"1\">Banco Central Europeu (BCE)<\/a>, Philip Lane defendeu nesta ter\u00e7a um &#8220;ritmo constante&#8221; de eleva\u00e7\u00f5es de juros para combater a infla\u00e7\u00e3o recorde na zona do euro e minimizar as consequ\u00eancias negativas, em um aparente recuo ap\u00f3s alguns dirigentes da institui\u00e7\u00e3o cogitarem um aumento de 75 pontos-base na reuni\u00e3o do pr\u00f3ximo dia 8 de setembro.<\/p>\n\t<p>\n\t\t<a href=\"\" target=\"_blank\" data-element=\"shortcode-suno-banner\" title=\"Banner SUNO, clique e saiba mais\">\n\t\t\t<picture>\n\t\t\t\t<source media=\"(max-width: 500px)\" srcset=\"\">\n\t\t\t\t<img class=\"newsContent__article__imgCapa newsContent__article__imgCapa--banner\"\n\t\t\t\t\tsrc=\"\"\n\t\t\t\t\tdata-promo-id=\"274968\"\t\t\t\t\t\t\t\t\t\t\t\t\t\t\talt=\"\"\n\t\t\t\t>\n\t\t\t<\/picture>\n\t\t<\/a>\n\t<\/p>\n\n\n<p>Na Europa, os juros de t\u00edtulos soberanos de pa\u00edses do bloco reduziram levemente o recuo intradia, ap\u00f3s o \u00edndice de pre\u00e7os ao consumidor (CPI) preliminar da Alemanha subir 0,3% entre julho e agosto, como esperado. Por volta das 9h10 (de Bras\u00edlia), o juro do Bund alem\u00e3o para 10 anos ca\u00eda a 1,471%, o do OAT franc\u00eas de mesmo prazo cedia a 2,092% e o do BTP italiano para uma d\u00e9cada tinha queda a 3,755%.<\/p>\n<p>J\u00e1 o euro se fortaleceu ante o <strong>pre\u00e7o do d\u00f3lar<\/strong>, em meio a expectativas de alta de juros pelo BCE em 8 de setembro e ap\u00f3s o \u00edndice de sentimento econ\u00f4mico da zona do euro, que mede a confian\u00e7a de setores corporativos e dos consumidores, cair de 98,9 pontos em julho para 97,6 pontos em agosto, tocando o menor patamar em 18 meses, em meio \u00e0 infla\u00e7\u00e3o recorde e a perspectiva de recess\u00e3o no bloco.<\/p>\n<p>A leitura de julho foi ligeiramente revisada para baixo, de 99 originalmente. O resultado de agosto ficou abaixo da expectativa de analistas consultados pelo <i>The <a class=\"suno-keyword\" href=\"https:\/\/www.suno.com.br\/artigos\/wall-street\/\" target=\"_blank\" rel=\"noopener\" data-force=\"no\" data-priority=\"2\">Wall Street<\/a> Journal<\/i>, que previam queda do indicador a 97,9 pontos.<\/p>\n<p>Entre as mat\u00e9rias-primas, os pre\u00e7os do barril de petr\u00f3leo exibiam perdas entre 2,9% e 3% mais cedo e o min\u00e9rio de ferro caiu abaixo de US$ 100 nesta ter\u00e7a-feira nas Bolsas de Dalian e Cingapura.<\/p>\n<p>O contrato negociado para janeiro em Dalian, na China, teve queda de 5,01%, a 682 yuans, o equivalente a US$ 98,77 a tonelada, informou um operador. \u00c9 a primeira vez em cinco semanas que a commodity cai abaixo de US$ 100. Operadores explicam que os temores de recess\u00e3o global e novas restri\u00e7\u00f5es na China devido a casos de covid-19 pesaram no setor.<\/p>\n<p>Os <a class=\"suno-keyword\" href=\"https:\/\/www.suno.com.br\/artigos\/juros-futuros\/\" target=\"_blank\" rel=\"noopener\" data-force=\"no\" data-priority=\"1\">juros futuros<\/a> recuaram na manh\u00e3 desta ter\u00e7a-feira (30), em sintonia com o d\u00f3lar e ap\u00f3s o IGP-M de agosto mostrar defla\u00e7\u00e3o maior do que a esperada. O \u00edndice de pre\u00e7os caiu 0,70% em agosto, mais que a mediana da pesquisa Proje\u00e7\u00f5es Broadcast (-0,56%). No radar, est\u00e1 o leil\u00e3o de NTN-B e LFT (11h) do Tesouro.<\/p>\n<p>\u00c0s 9h20 desta ter\u00e7a, a taxa do contrato de Dep\u00f3sito Interfinanceiro (DI) para janeiro de 2027 recuava a 11,82%, de 11,87% no ajuste de segunda-feira. O DI para janeiro de 2025 cedia para 12,05%, de 12,10%, e o para janeiro de 2024 ca\u00eda para 13,13%, de 13,16% no ajuste anterior. O vencimento para janeiro de 2023 estava em 13,730%, na m\u00ednima, de 13,741%.<\/p>\n<h2>\u00daltima cota\u00e7\u00e3o do d\u00f3lar<\/h2>\n<p>O<strong> d\u00f3lar<\/strong> terminou a sess\u00e3o de ontem (30) em queda de 0,72%, a R$ 5,033 na venda, registrando sua terceira baixa di\u00e1ria consecutiva.<\/p>\n<p class=\"newsProviderSignature\"><em>(Com informa\u00e7\u00f5es de Estad\u00e3o Conte\u00fado)<\/em><\/p>\n\t<p>\n\t\t<a href=\"https:\/\/lp.suno.com.br\/planilha-controle-gastos\/\" target=\"_blank\" data-element=\"shortcode-suno-banner\" title=\"Banner SUNO, clique e saiba mais\">\n\t\t\t<picture>\n\t\t\t\t<source media=\"(max-width: 500px)\" srcset=\"https:\/\/files.sunoresearch.com.br\/n\/uploads\/2023\/03\/400x300-Planilha-controle-de-gastos.png\">\n\t\t\t\t<img class=\"newsContent__article__imgCapa newsContent__article__imgCapa--banner\"\n\t\t\t\t\tsrc=\"https:\/\/files.sunoresearch.com.br\/n\/uploads\/2023\/03\/1420x240-Planilha-controle-de-gastos.png\"\n\t\t\t\t\tdata-promo-id=\"101751\"\t\t\t\t\t\t\t\t\t\twidth='1420' height='240'\t\t\t\t\talt=\"https:\/\/files.sunoresearch.com.br\/n\/uploads\/2023\/03\/1420x240-Planilha-controle-de-gastos.png\"\n\t\t\t\t>\n\t\t\t<\/picture>\n\t\t<\/a>\n\t<\/p>\n\n\n","protected":false},"excerpt":{"rendered":"<p>O d\u00f3lar ganha for\u00e7a na manh\u00e3 desta ter\u00e7a-feira (30), e registrou m\u00e1xima a R$ 5,0390 no mercado \u00e0 vista, sob press\u00e3o t\u00e9cnica \u00e0 medida que se aproxima a primeira coleta de taxas nas mesas de opera\u00e7\u00e3o para a forma\u00e7\u00e3o da Ptax di\u00e1ria (por volta das 10h). D\u00f3lar sobe ap\u00f3s queda com apetite por risco externo. [&hellip;]<\/p>\n","protected":false},"author":43,"featured_media":267099,"comment_status":"closed","ping_status":"closed","sticky":false,"template":"","format":"standard","meta":[],"categories":[60],"tags":[1853,326,1852],"suno_strategy":[],"class_list":["post-291201","post","type-post","status-publish","format-standard","has-post-thumbnail","hentry","category-mercado","tag-cambio","tag-dolar","tag-dolar-futuro"],"yoast_head":"<!-- This site is optimized with the Yoast SEO plugin v24.4 - https:\/\/yoast.com\/wordpress\/plugins\/seo\/ -->\n<title>D\u00f3lar sobe a R$ 5,05, ap\u00f3s queda com apetite por risco externo<\/title>\n<meta name=\"description\" content=\"O d\u00f3lar sobe a R$ 5,05, ap\u00f3s queda com apetite por risco externo. Veja mais sobre o que afeta a cota\u00e7\u00e3o do d\u00f3lar hoje (30).\" \/>\n<meta name=\"robots\" content=\"index, follow, max-snippet:-1, max-image-preview:large, max-video-preview:-1\" \/>\n<link rel=\"canonical\" href=\"https:\/\/www.suno.com.br\/noticias\/dolar-hoje-cotacao-cambio-3008\/\" \/>\n<meta property=\"og:locale\" content=\"pt_BR\" \/>\n<meta property=\"og:type\" content=\"article\" \/>\n<meta property=\"og:title\" content=\"D\u00f3lar sobe a R$ 5,05, ap\u00f3s queda com apetite por risco externo\" \/>\n<meta property=\"og:description\" content=\"O d\u00f3lar sobe a R$ 5,05, ap\u00f3s queda com apetite por risco externo. Veja mais sobre o que afeta a cota\u00e7\u00e3o do d\u00f3lar hoje (30).\" \/>\n<meta property=\"og:url\" content=\"https:\/\/www.suno.com.br\/noticias\/dolar-hoje-cotacao-cambio-3008\/\" \/>\n<meta property=\"og:site_name\" content=\"Suno Not\u00edcias\" \/>\n<meta property=\"article:publisher\" content=\"https:\/\/facebook.com\/sunoresearch\" \/>\n<meta property=\"article:author\" content=\"https:\/\/www.facebook.com\/sunonoticias\/\" \/>\n<meta property=\"og:image\" content=\"https:\/\/files.sunoresearch.com.br\/n\/uploads\/2022\/06\/Dolar-hoje-1.jpg\" \/>\n\t<meta property=\"og:image:width\" content=\"1280\" \/>\n\t<meta property=\"og:image:height\" content=\"905\" \/>\n\t<meta property=\"og:image:type\" content=\"image\/jpeg\" \/>\n<meta name=\"author\" content=\"Reda\u00e7\u00e3o Suno Not\u00edcias\" \/>\n<meta name=\"twitter:card\" content=\"summary_large_image\" \/>\n<meta name=\"twitter:creator\" content=\"@https:\/\/twitter.com\/sunoresearch\" \/>\n<meta name=\"twitter:site\" content=\"@sunoresearch\" \/>\n<meta name=\"twitter:label1\" content=\"Escrito por\" \/>\n\t<meta name=\"twitter:data1\" content=\"Reda\u00e7\u00e3o Suno Not\u00edcias\" \/>\n\t<meta name=\"twitter:label2\" content=\"Est. tempo de leitura\" \/>\n\t<meta name=\"twitter:data2\" content=\"5 minutos\" \/>\n<script type=\"application\/ld+json\" class=\"yoast-schema-graph\">{\"@context\":\"https:\/\/schema.org\",\"@graph\":[{\"@type\":\"NewsArticle\",\"@id\":\"https:\/\/www.suno.com.br\/noticias\/dolar-hoje-cotacao-cambio-3008\/#article\",\"isPartOf\":{\"@id\":\"https:\/\/www.suno.com.br\/noticias\/dolar-hoje-cotacao-cambio-3008\/\"},\"author\":{\"name\":\"Reda\u00e7\u00e3o Suno Not\u00edcias\",\"@id\":\"https:\/\/www.suno.com.br\/noticias\/#\/schema\/person\/c1b1bd3727fa852bd045e9dbff3673ea\"},\"headline\":\"D\u00f3lar sobe a R$ 5,05, ap\u00f3s queda com apetite por risco externo\",\"datePublished\":\"2022-08-30T13:32:22+00:00\",\"mainEntityOfPage\":{\"@id\":\"https:\/\/www.suno.com.br\/noticias\/dolar-hoje-cotacao-cambio-3008\/\"},\"wordCount\":923,\"publisher\":{\"@id\":\"https:\/\/www.suno.com.br\/noticias\/#organization\"},\"image\":{\"@id\":\"https:\/\/www.suno.com.br\/noticias\/dolar-hoje-cotacao-cambio-3008\/#primaryimage\"},\"thumbnailUrl\":\"https:\/\/files.sunoresearch.com.br\/n\/uploads\/2022\/06\/Dolar-hoje-1.jpg\",\"keywords\":[\"c\u00e2mbio\",\"d\u00f3lar\",\"d\u00f3lar futuro\"],\"articleSection\":[\"Mercado\"],\"inLanguage\":\"pt-BR\"},{\"@type\":\"WebPage\",\"@id\":\"https:\/\/www.suno.com.br\/noticias\/dolar-hoje-cotacao-cambio-3008\/\",\"url\":\"https:\/\/www.suno.com.br\/noticias\/dolar-hoje-cotacao-cambio-3008\/\",\"name\":\"D\u00f3lar sobe a R$ 5,05, ap\u00f3s queda com apetite por risco externo\",\"isPartOf\":{\"@id\":\"https:\/\/www.suno.com.br\/noticias\/#website\"},\"primaryImageOfPage\":{\"@id\":\"https:\/\/www.suno.com.br\/noticias\/dolar-hoje-cotacao-cambio-3008\/#primaryimage\"},\"image\":{\"@id\":\"https:\/\/www.suno.com.br\/noticias\/dolar-hoje-cotacao-cambio-3008\/#primaryimage\"},\"thumbnailUrl\":\"https:\/\/files.sunoresearch.com.br\/n\/uploads\/2022\/06\/Dolar-hoje-1.jpg\",\"datePublished\":\"2022-08-30T13:32:22+00:00\",\"description\":\"O d\u00f3lar sobe a R$ 5,05, ap\u00f3s queda com apetite por risco externo. Veja mais sobre o que afeta a cota\u00e7\u00e3o do d\u00f3lar hoje (30).\",\"breadcrumb\":{\"@id\":\"https:\/\/www.suno.com.br\/noticias\/dolar-hoje-cotacao-cambio-3008\/#breadcrumb\"},\"inLanguage\":\"pt-BR\",\"potentialAction\":[{\"@type\":\"ReadAction\",\"target\":[\"https:\/\/www.suno.com.br\/noticias\/dolar-hoje-cotacao-cambio-3008\/\"]}]},{\"@type\":\"ImageObject\",\"inLanguage\":\"pt-BR\",\"@id\":\"https:\/\/www.suno.com.br\/noticias\/dolar-hoje-cotacao-cambio-3008\/#primaryimage\",\"url\":\"https:\/\/files.sunoresearch.com.br\/n\/uploads\/2022\/06\/Dolar-hoje-1.jpg\",\"contentUrl\":\"https:\/\/files.sunoresearch.com.br\/n\/uploads\/2022\/06\/Dolar-hoje-1.jpg\",\"width\":1280,\"height\":905,\"caption\":\"D\u00f3lar sobe ap\u00f3s queda com apetite por risco externo. Foto: Pixabay\"},{\"@type\":\"BreadcrumbList\",\"@id\":\"https:\/\/www.suno.com.br\/noticias\/dolar-hoje-cotacao-cambio-3008\/#breadcrumb\",\"itemListElement\":[{\"@type\":\"ListItem\",\"position\":1,\"name\":\"Not\u00edcias\",\"item\":\"https:\/\/www.suno.com.br\/noticias\/\"},{\"@type\":\"ListItem\",\"position\":2,\"name\":\"Mercado\",\"item\":\"https:\/\/www.suno.com.br\/noticias\/mercado\/\"},{\"@type\":\"ListItem\",\"position\":3,\"name\":\"D\u00f3lar sobe a R$ 5,05, ap\u00f3s queda com apetite por risco externo\"}]},{\"@type\":\"WebSite\",\"@id\":\"https:\/\/www.suno.com.br\/noticias\/#website\",\"url\":\"https:\/\/www.suno.com.br\/noticias\/\",\"name\":\"Suno Not\u00edcias\",\"description\":\"Seu portal de informa\u00e7\u00e3o sobre o mundo dos investimentos\",\"publisher\":{\"@id\":\"https:\/\/www.suno.com.br\/noticias\/#organization\"},\"potentialAction\":[{\"@type\":\"SearchAction\",\"target\":{\"@type\":\"EntryPoint\",\"urlTemplate\":\"https:\/\/www.suno.com.br\/noticias\/?s={search_term_string}\"},\"query-input\":{\"@type\":\"PropertyValueSpecification\",\"valueRequired\":true,\"valueName\":\"search_term_string\"}}],\"inLanguage\":\"pt-BR\"},{\"@type\":\"Organization\",\"@id\":\"https:\/\/www.suno.com.br\/noticias\/#organization\",\"name\":\"Suno Not\u00edcias\",\"url\":\"https:\/\/www.suno.com.br\/noticias\/\",\"logo\":{\"@type\":\"ImageObject\",\"inLanguage\":\"pt-BR\",\"@id\":\"https:\/\/www.suno.com.br\/noticias\/#\/schema\/logo\/image\/\",\"url\":\"https:\/\/files.sunoresearch.com.br\/n\/uploads\/2021\/09\/suno-logo.png\",\"contentUrl\":\"https:\/\/files.sunoresearch.com.br\/n\/uploads\/2021\/09\/suno-logo.png\",\"width\":180,\"height\":180,\"caption\":\"Suno Not\u00edcias\"},\"image\":{\"@id\":\"https:\/\/www.suno.com.br\/noticias\/#\/schema\/logo\/image\/\"},\"sameAs\":[\"https:\/\/facebook.com\/sunoresearch\",\"https:\/\/x.com\/sunoresearch\",\"https:\/\/www.instagram.com\/suno\",\"https:\/\/www.linkedin.com\/company\/suno-research\/\",\"https:\/\/www.youtube.com\/c\/sunoresearch\"]},{\"@type\":\"Person\",\"@id\":\"https:\/\/www.suno.com.br\/noticias\/#\/schema\/person\/c1b1bd3727fa852bd045e9dbff3673ea\",\"name\":\"Reda\u00e7\u00e3o Suno Not\u00edcias\",\"image\":{\"@type\":\"ImageObject\",\"inLanguage\":\"pt-BR\",\"@id\":\"https:\/\/www.suno.com.br\/noticias\/#\/schema\/person\/image\/\",\"url\":\"https:\/\/secure.gravatar.com\/avatar\/b8104b9b5a71985d5238ee59fbe418af?s=96&r=g\",\"contentUrl\":\"https:\/\/secure.gravatar.com\/avatar\/b8104b9b5a71985d5238ee59fbe418af?s=96&r=g\",\"caption\":\"Reda\u00e7\u00e3o Suno Not\u00edcias\"},\"description\":\"O Suno Not\u00edcias \u00e9 um portal de informa\u00e7\u00f5es sobre Mercado Financeiro, Pol\u00edtica, Neg\u00f3cios, Economia e Finan\u00e7as Pessoais.\",\"sameAs\":[\"https:\/\/www.suno.com.br\/noticias\",\"https:\/\/www.facebook.com\/sunonoticias\/\",\"https:\/\/www.instagram.com\/sunonoticias\/\",\"https:\/\/x.com\/https:\/\/twitter.com\/sunoresearch\",\"https:\/\/www.youtube.com\/sunonoticias\"],\"url\":\"https:\/\/www.suno.com.br\/noticias\/author\/redacao-suno\/\"}]}<\/script>\n<!-- \/ Yoast SEO plugin. -->","yoast_head_json":{"title":"D\u00f3lar sobe a R$ 5,05, ap\u00f3s queda com apetite por risco externo","description":"O d\u00f3lar sobe a R$ 5,05, ap\u00f3s queda com apetite por risco externo. Veja mais sobre o que afeta a cota\u00e7\u00e3o do d\u00f3lar hoje (30).","robots":{"index":"index","follow":"follow","max-snippet":"max-snippet:-1","max-image-preview":"max-image-preview:large","max-video-preview":"max-video-preview:-1"},"canonical":"https:\/\/www.suno.com.br\/noticias\/dolar-hoje-cotacao-cambio-3008\/","og_locale":"pt_BR","og_type":"article","og_title":"D\u00f3lar sobe a R$ 5,05, ap\u00f3s queda com apetite por risco externo","og_description":"O d\u00f3lar sobe a R$ 5,05, ap\u00f3s queda com apetite por risco externo. Veja mais sobre o que afeta a cota\u00e7\u00e3o do d\u00f3lar hoje (30).","og_url":"https:\/\/www.suno.com.br\/noticias\/dolar-hoje-cotacao-cambio-3008\/","og_site_name":"Suno Not\u00edcias","article_publisher":"https:\/\/facebook.com\/sunoresearch","article_author":"https:\/\/www.facebook.com\/sunonoticias\/","og_image":[{"width":1280,"height":905,"url":"https:\/\/files.sunoresearch.com.br\/n\/uploads\/2022\/06\/Dolar-hoje-1.jpg","type":"image\/jpeg"}],"author":"Reda\u00e7\u00e3o Suno Not\u00edcias","twitter_card":"summary_large_image","twitter_creator":"@https:\/\/twitter.com\/sunoresearch","twitter_site":"@sunoresearch","twitter_misc":{"Escrito por":"Reda\u00e7\u00e3o Suno Not\u00edcias","Est. tempo de leitura":"5 minutos"},"schema":{"@context":"https:\/\/schema.org","@graph":[{"@type":"NewsArticle","@id":"https:\/\/www.suno.com.br\/noticias\/dolar-hoje-cotacao-cambio-3008\/#article","isPartOf":{"@id":"https:\/\/www.suno.com.br\/noticias\/dolar-hoje-cotacao-cambio-3008\/"},"author":{"name":"Reda\u00e7\u00e3o Suno Not\u00edcias","@id":"https:\/\/www.suno.com.br\/noticias\/#\/schema\/person\/c1b1bd3727fa852bd045e9dbff3673ea"},"headline":"D\u00f3lar sobe a R$ 5,05, ap\u00f3s queda com apetite por risco externo","datePublished":"2022-08-30T13:32:22+00:00","mainEntityOfPage":{"@id":"https:\/\/www.suno.com.br\/noticias\/dolar-hoje-cotacao-cambio-3008\/"},"wordCount":923,"publisher":{"@id":"https:\/\/www.suno.com.br\/noticias\/#organization"},"image":{"@id":"https:\/\/www.suno.com.br\/noticias\/dolar-hoje-cotacao-cambio-3008\/#primaryimage"},"thumbnailUrl":"https:\/\/files.sunoresearch.com.br\/n\/uploads\/2022\/06\/Dolar-hoje-1.jpg","keywords":["c\u00e2mbio","d\u00f3lar","d\u00f3lar futuro"],"articleSection":["Mercado"],"inLanguage":"pt-BR"},{"@type":"WebPage","@id":"https:\/\/www.suno.com.br\/noticias\/dolar-hoje-cotacao-cambio-3008\/","url":"https:\/\/www.suno.com.br\/noticias\/dolar-hoje-cotacao-cambio-3008\/","name":"D\u00f3lar sobe a R$ 5,05, ap\u00f3s queda com apetite por risco externo","isPartOf":{"@id":"https:\/\/www.suno.com.br\/noticias\/#website"},"primaryImageOfPage":{"@id":"https:\/\/www.suno.com.br\/noticias\/dolar-hoje-cotacao-cambio-3008\/#primaryimage"},"image":{"@id":"https:\/\/www.suno.com.br\/noticias\/dolar-hoje-cotacao-cambio-3008\/#primaryimage"},"thumbnailUrl":"https:\/\/files.sunoresearch.com.br\/n\/uploads\/2022\/06\/Dolar-hoje-1.jpg","datePublished":"2022-08-30T13:32:22+00:00","description":"O d\u00f3lar sobe a R$ 5,05, ap\u00f3s queda com apetite por risco externo. Veja mais sobre o que afeta a cota\u00e7\u00e3o do d\u00f3lar hoje (30).","breadcrumb":{"@id":"https:\/\/www.suno.com.br\/noticias\/dolar-hoje-cotacao-cambio-3008\/#breadcrumb"},"inLanguage":"pt-BR","potentialAction":[{"@type":"ReadAction","target":["https:\/\/www.suno.com.br\/noticias\/dolar-hoje-cotacao-cambio-3008\/"]}]},{"@type":"ImageObject","inLanguage":"pt-BR","@id":"https:\/\/www.suno.com.br\/noticias\/dolar-hoje-cotacao-cambio-3008\/#primaryimage","url":"https:\/\/files.sunoresearch.com.br\/n\/uploads\/2022\/06\/Dolar-hoje-1.jpg","contentUrl":"https:\/\/files.sunoresearch.com.br\/n\/uploads\/2022\/06\/Dolar-hoje-1.jpg","width":1280,"height":905,"caption":"D\u00f3lar sobe ap\u00f3s queda com apetite por risco externo. Foto: Pixabay"},{"@type":"BreadcrumbList","@id":"https:\/\/www.suno.com.br\/noticias\/dolar-hoje-cotacao-cambio-3008\/#breadcrumb","itemListElement":[{"@type":"ListItem","position":1,"name":"Not\u00edcias","item":"https:\/\/www.suno.com.br\/noticias\/"},{"@type":"ListItem","position":2,"name":"Mercado","item":"https:\/\/www.suno.com.br\/noticias\/mercado\/"},{"@type":"ListItem","position":3,"name":"D\u00f3lar sobe a R$ 5,05, ap\u00f3s queda com apetite por risco externo"}]},{"@type":"WebSite","@id":"https:\/\/www.suno.com.br\/noticias\/#website","url":"https:\/\/www.suno.com.br\/noticias\/","name":"Suno Not\u00edcias","description":"Seu portal de informa\u00e7\u00e3o sobre o mundo dos investimentos","publisher":{"@id":"https:\/\/www.suno.com.br\/noticias\/#organization"},"potentialAction":[{"@type":"SearchAction","target":{"@type":"EntryPoint","urlTemplate":"https:\/\/www.suno.com.br\/noticias\/?s={search_term_string}"},"query-input":{"@type":"PropertyValueSpecification","valueRequired":true,"valueName":"search_term_string"}}],"inLanguage":"pt-BR"},{"@type":"Organization","@id":"https:\/\/www.suno.com.br\/noticias\/#organization","name":"Suno Not\u00edcias","url":"https:\/\/www.suno.com.br\/noticias\/","logo":{"@type":"ImageObject","inLanguage":"pt-BR","@id":"https:\/\/www.suno.com.br\/noticias\/#\/schema\/logo\/image\/","url":"https:\/\/files.sunoresearch.com.br\/n\/uploads\/2021\/09\/suno-logo.png","contentUrl":"https:\/\/files.sunoresearch.com.br\/n\/uploads\/2021\/09\/suno-logo.png","width":180,"height":180,"caption":"Suno Not\u00edcias"},"image":{"@id":"https:\/\/www.suno.com.br\/noticias\/#\/schema\/logo\/image\/"},"sameAs":["https:\/\/facebook.com\/sunoresearch","https:\/\/x.com\/sunoresearch","https:\/\/www.instagram.com\/suno","https:\/\/www.linkedin.com\/company\/suno-research\/","https:\/\/www.youtube.com\/c\/sunoresearch"]},{"@type":"Person","@id":"https:\/\/www.suno.com.br\/noticias\/#\/schema\/person\/c1b1bd3727fa852bd045e9dbff3673ea","name":"Reda\u00e7\u00e3o Suno Not\u00edcias","image":{"@type":"ImageObject","inLanguage":"pt-BR","@id":"https:\/\/www.suno.com.br\/noticias\/#\/schema\/person\/image\/","url":"https:\/\/secure.gravatar.com\/avatar\/b8104b9b5a71985d5238ee59fbe418af?s=96&r=g","contentUrl":"https:\/\/secure.gravatar.com\/avatar\/b8104b9b5a71985d5238ee59fbe418af?s=96&r=g","caption":"Reda\u00e7\u00e3o Suno Not\u00edcias"},"description":"O Suno Not\u00edcias \u00e9 um portal de informa\u00e7\u00f5es sobre Mercado Financeiro, Pol\u00edtica, Neg\u00f3cios, Economia e Finan\u00e7as Pessoais.","sameAs":["https:\/\/www.suno.com.br\/noticias","https:\/\/www.facebook.com\/sunonoticias\/","https:\/\/www.instagram.com\/sunonoticias\/","https:\/\/x.com\/https:\/\/twitter.com\/sunoresearch","https:\/\/www.youtube.com\/sunonoticias"],"url":"https:\/\/www.suno.com.br\/noticias\/author\/redacao-suno\/"}]}},"default_loop_html":"<div class=\"cardsPage__listCard__boxs\"><div class=\"cardsPage__listCard__boxs__img\"><a href=\"https:\/\/www.suno.com.br\/noticias\/dolar-hoje-cotacao-cambio-3008\/\"><img class=\"mask\" src=\"https:\/\/www.suno.com.br\/noticias\/wp-content\/themes\/suno\/resources\/images\/spotlight\/spotlight1img\/bg-mask.png\" alt=\"Image Mask\"\/><img src=\"https:\/\/files.sunoresearch.com.br\/n\/uploads\/2022\/06\/Dolar-hoje-1-400x200.jpg\" alt=\"D\u00f3lar sobe a R$ 5,05, ap\u00f3s queda com apetite por risco externo\"\/><\/a><span class=\"spotlightCategory\"><a href=\"https:\/\/www.suno.com.br\/noticias\/mercado\/\">Mercado<\/a><\/span><\/div><div class=\"cardsPage__listCard__boxs__content\"><a href=\"https:\/\/www.suno.com.br\/noticias\/dolar-hoje-cotacao-cambio-3008\/\"><h2 class=\"content__title\">D\u00f3lar sobe a R$ 5,05, ap\u00f3s queda com apetite por risco externo<\/h2><\/a><div class=\"newsContent__article__meta\"><div class=\"newsContent__article__meta__authorBox\"><a href=\"https:\/\/www.suno.com.br\/noticias\/author\/redacao-suno\/\" class=\"authorBox__avatar noMobi\"><img src=\"https:\/\/files.sunoresearch.com.br\/n\/uploads\/2020\/08\/0ace682d-redacao-1-150x150.webp\" alt=\"Reda\u00e7\u00e3o Suno Not\u00edcias\"><\/a><div class=\"authorBox__name\"><span>por\n\t\t\t<a href=\"https:\/\/www.suno.com.br\/noticias\/author\/redacao-suno\/\"><span itemprop=\"author\">Reda\u00e7\u00e3o Suno Not\u00edcias<\/span><\/a><\/span><time datetime=\"2022-08-30T10:32:22-03:00\" itemprop=\"datePublished\">30\/08\/2022 10:32<\/time><\/div><\/div><\/div><\/div><\/div>","single_layout":"posts","amp_enabled":true,"_links":{"self":[{"href":"https:\/\/www.suno.com.br\/noticias\/wp-json\/wp\/v2\/posts\/291201"}],"collection":[{"href":"https:\/\/www.suno.com.br\/noticias\/wp-json\/wp\/v2\/posts"}],"about":[{"href":"https:\/\/www.suno.com.br\/noticias\/wp-json\/wp\/v2\/types\/post"}],"author":[{"embeddable":true,"href":"https:\/\/www.suno.com.br\/noticias\/wp-json\/wp\/v2\/users\/43"}],"replies":[{"embeddable":true,"href":"https:\/\/www.suno.com.br\/noticias\/wp-json\/wp\/v2\/comments?post=291201"}],"version-history":[{"count":2,"href":"https:\/\/www.suno.com.br\/noticias\/wp-json\/wp\/v2\/posts\/291201\/revisions"}],"predecessor-version":[{"id":291223,"href":"https:\/\/www.suno.com.br\/noticias\/wp-json\/wp\/v2\/posts\/291201\/revisions\/291223"}],"wp:featuredmedia":[{"embeddable":true,"href":"https:\/\/www.suno.com.br\/noticias\/wp-json\/wp\/v2\/media\/267099"}],"wp:attachment":[{"href":"https:\/\/www.suno.com.br\/noticias\/wp-json\/wp\/v2\/media?parent=291201"}],"wp:term":[{"taxonomy":"category","embeddable":true,"href":"https:\/\/www.suno.com.br\/noticias\/wp-json\/wp\/v2\/categories?post=291201"},{"taxonomy":"post_tag","embeddable":true,"href":"https:\/\/www.suno.com.br\/noticias\/wp-json\/wp\/v2\/tags?post=291201"},{"taxonomy":"suno_strategy","embeddable":true,"href":"https:\/\/www.suno.com.br\/noticias\/wp-json\/wp\/v2\/suno_strategy?post=291201"}],"curies":[{"name":"wp","href":"https:\/\/api.w.org\/{rel}","templated":true}]}}