{"id":291047,"date":"2022-08-29T19:47:58","date_gmt":"2022-08-29T22:47:58","guid":{"rendered":"https:\/\/www.suno.com.br\/noticias\/?p=291047"},"modified":"2022-08-29T19:47:58","modified_gmt":"2022-08-29T22:47:58","slug":"senado-aprova-texto-derruba-rol-taxativo-ans","status":"publish","type":"post","link":"https:\/\/www.suno.com.br\/noticias\/senado-aprova-texto-derruba-rol-taxativo-ans\/","title":{"rendered":"Senado aprova texto que derruba rol taxativo da ANS"},"content":{"rendered":"<p style=\"font-weight: 400;\"><span style=\"font-weight: 400;\">O Senado Federal aprovou, nesta segunda-feira (29), um projeto de lei que acaba com o chamado <strong>rol taxativo<\/strong> da Ag\u00eancia Nacional de Sa\u00fade Suplementar (ANS). O texto tem como objetivo obrigar os <strong>planos de sa\u00fade<\/strong> a arcarem com qualquer tipo de tratamento, mesmo os que n\u00e3o estejam entre as coberturas m\u00ednimas do \u00f3rg\u00e3o de sa\u00fade.<\/span><\/p>\t<div class=\"wrapper-featured-image\">\n\t\t<figure class=\"spotlightImg\">\n\n\t\t\t<picture>\n\t\t\t\t<source media=\"(max-width: 768px)\" srcset=\"https:\/\/files.sunoresearch.com.br\/n\/uploads\/2022\/08\/Rol-taxativo-ans-400x200.jpg\">\n\t\t\t\t<img loading=\"lazy\" decoding=\"async\" class=\"newsContent__article__imgCapa lazyloadDisabled \" src=\"https:\/\/files.sunoresearch.com.br\/n\/uploads\/2022\/08\/Rol-taxativo-ans-800x450.jpg\" width=\"800\" height=\"450\" alt=\"Senado aprova texto que derruba rol taxativo da ANS\" fetchpriority=high \/>\n\t\t\t<\/picture>\n\n\t\t\t<figcaption class=\"wp-caption-text wp-caption-text--show\">Senadores aprovaram a derrubada do rol taxativo; texto segue para san\u00e7\u00e3o presidencial. Foto: Pixabay<\/figcaption>\n\t\t<\/figure>\n\t<\/div>\n\n<p style=\"font-weight: 400;\"><span style=\"font-weight: 400;\">O Senado Federal aprovou, nesta segunda-feira (29), um projeto de lei que acaba com o chamado <strong>rol taxativo<\/strong> da Ag\u00eancia Nacional de Sa\u00fade Suplementar (ANS). O texto tem como objetivo obrigar os <strong>planos de sa\u00fade<\/strong> a arcarem com qualquer tipo de tratamento, mesmo os que n\u00e3o estejam entre as coberturas m\u00ednimas do \u00f3rg\u00e3o de sa\u00fade.<\/span><\/p>\n\t<p>\n\t\t<a href=\"\" target=\"_blank\" data-element=\"shortcode-suno-banner\" title=\"Banner SUNO, clique e saiba mais\">\n\t\t\t<picture>\n\t\t\t\t<source media=\"(max-width: 500px)\" srcset=\"\">\n\t\t\t\t<img class=\"newsContent__article__imgCapa newsContent__article__imgCapa--banner\"\n\t\t\t\t\tsrc=\"\"\n\t\t\t\t\tdata-promo-id=\"240038\"\t\t\t\t\t\t\t\t\t\t\t\t\t\t\talt=\"\"\n\t\t\t\t>\n\t\t\t<\/picture>\n\t\t<\/a>\n\t<\/p>\n\n\n<p style=\"font-weight: 400;\"><span style=\"font-weight: 400;\">O debate sobre o rol da ANS se arrasta por alguns anos, com a interpreta\u00e7\u00e3o de uma lei promulgada em 1998. Na pr\u00e1tica, a nova vers\u00e3o acaba com as condi\u00e7\u00f5es m\u00e1ximas, tornando-as uma <strong>refer\u00eancia para as coberturas gerais<\/strong>.\u00a0<\/span><\/p>\n<p style=\"font-weight: 400;\"><span style=\"font-weight: 400;\">Aprovado no come\u00e7o deste m\u00eas tamb\u00e9m pela C\u00e2mara dos Deputados, agora o projeto de lei segue para san\u00e7\u00e3o do Presidente da Rep\u00fablica. Caso a presid\u00eancia decida n\u00e3o promulgar as novas regras ou parte delas, o texto volta para as casas legislativas. Deputados e senadores analisar\u00e3o o veto e poder\u00e3o decidir por mant\u00ea-los ou derrub\u00e1-los.\u00a0<\/span><\/p>\n<p style=\"font-weight: 400;\"><span style=\"font-weight: 400;\">Em suas redes sociais, o relator do projeto, <strong>senador Rom\u00e1rio<\/strong> (PL-RJ), comemorou a aprova\u00e7\u00e3o da medida: \u201cVamos at\u00e9 o fim para garantir que os planos de sa\u00fade voltem a cumprir o seu papel: trabalhar para salvar vidas\u201d, escreveu. O presidente do Senado, Rodrigo Pacheco (PSD-MG), disse que &#8220;os direitos dos pacientes ser\u00e3o resguardados\u201d.\u00a0<\/span><\/p>\n<p style=\"font-weight: 400;\"><span style=\"font-weight: 400;\">A Associa\u00e7\u00e3o Brasileira de Planos de Sa\u00fade (Abramge), que representa o setor, se manifestou por meio de nota, lamentando a derrubada do rol taxativo sem um \u201cdebate t\u00e9cnico\u201d, como classificou. \u201c[A san\u00e7\u00e3o] trar\u00e1 s\u00e9rios riscos \u00e0 seguran\u00e7a dos pacientes e pode levar o setor de sa\u00fade brasileiro, privado e p\u00fablico, a um colapso sist\u00eamico\u201d, disse<\/span><\/p>\n<p style=\"font-weight: 400;\">\t<p>\n\t\t<a href=\"https:\/\/lp.suno.com.br\/planilha-controle-gastos\/\" target=\"_blank\" data-element=\"shortcode-suno-banner\" title=\"Banner SUNO, clique e saiba mais\">\n\t\t\t<picture>\n\t\t\t\t<source media=\"(max-width: 500px)\" srcset=\"https:\/\/files.sunoresearch.com.br\/n\/uploads\/2023\/03\/400x300-Planilha-controle-de-gastos.png\">\n\t\t\t\t<img class=\"newsContent__article__imgCapa newsContent__article__imgCapa--banner\"\n\t\t\t\t\tsrc=\"https:\/\/files.sunoresearch.com.br\/n\/uploads\/2023\/03\/1420x240-Planilha-controle-de-gastos.png\"\n\t\t\t\t\tdata-promo-id=\"101751\"\t\t\t\t\t\t\t\t\t\twidth='1420' height='240'\t\t\t\t\talt=\"https:\/\/files.sunoresearch.com.br\/n\/uploads\/2023\/03\/1420x240-Planilha-controle-de-gastos.png\"\n\t\t\t\t>\n\t\t\t<\/picture>\n\t\t<\/a>\n\t<\/p>\n\n<\/p>\n<h2 style=\"font-weight: 400;\"><b>Entenda o rol taxativo<\/b><\/h2>\n<p style=\"font-weight: 400;\"><span style=\"font-weight: 400;\"><strong>Como era:<\/strong> em junho, a Segunda Turma do Superior Tribunal de Justi\u00e7a (STJ) decidiu que os <a href=\"https:\/\/www.suno.com.br\/noticias\/stj-planos-procedimentos-lista-ans-rol-taxativo\/\">conv\u00eanios m\u00e9dicos n\u00e3o eram obrigados a cobrir tratamentos<\/a> que estavam na lista da ANS. A decis\u00e3o, segundo especialistas, influenciava a cobertura de exames, terapias, cirurgias e at\u00e9 na oferta de rem\u00e9dios.<\/span><\/p>\n<p style=\"font-weight: 400;\"><span style=\"font-weight: 400;\"><strong>Como fica:<\/strong> se sancionada, a nova lei coloca o <strong>rol taxativo<\/strong> como exemplificativa. Desta forma, os planos ficam obrigados a arcar com tratamentos m\u00e9dicos que estiverem fora da lista, de acordo com alguns crit\u00e9rios, a exemplo da efic\u00e1cia cient\u00edfica e da recomenda\u00e7\u00e3o de \u00f3rg\u00e3os de sa\u00fade nacionais ou internacionais.<\/span><\/p>\n\n<p style=\"font-weight: 400;\">\t<p>\n\t\t<a href=\"https:\/\/lp.suno.com.br\/planilha-da-vida-financeira\/\" target=\"_blank\" data-element=\"shortcode-suno-banner\" title=\"Banner SUNO, clique e saiba mais\">\n\t\t\t<picture>\n\t\t\t\t<source media=\"(max-width: 500px)\" srcset=\"https:\/\/files.sunoresearch.com.br\/n\/uploads\/2023\/04\/400x300-Planilha-vida-financeira-true.png\">\n\t\t\t\t<img class=\"newsContent__article__imgCapa newsContent__article__imgCapa--banner\"\n\t\t\t\t\tsrc=\"https:\/\/files.sunoresearch.com.br\/n\/uploads\/2023\/04\/1420x240-Planilha-vida-financeira-true.png\"\n\t\t\t\t\tdata-promo-id=\"106682\"\t\t\t\t\t\t\t\t\t\twidth='1420' height='240'\t\t\t\t\talt=\"https:\/\/files.sunoresearch.com.br\/n\/uploads\/2023\/04\/1420x240-Planilha-vida-financeira-true.png\"\n\t\t\t\t>\n\t\t\t<\/picture>\n\t\t<\/a>\n\t<\/p>\n\n<\/p>\n","protected":false},"excerpt":{"rendered":"<p>O Senado Federal aprovou, nesta segunda-feira (29), um projeto de lei que acaba com o chamado rol taxativo da Ag\u00eancia Nacional de Sa\u00fade Suplementar (ANS). O texto tem como objetivo obrigar os planos de sa\u00fade a arcarem com qualquer tipo de tratamento, mesmo os que n\u00e3o estejam entre as coberturas m\u00ednimas do \u00f3rg\u00e3o de sa\u00fade. [&hellip;]<\/p>\n","protected":false},"author":198,"featured_media":291068,"comment_status":"closed","ping_status":"closed","sticky":false,"template":"","format":"standard","meta":[],"categories":[64],"tags":[1208],"suno_strategy":[],"class_list":["post-291047","post","type-post","status-publish","format-standard","has-post-thumbnail","hentry","category-negocios","tag-ans"],"yoast_head":"<!-- This site is optimized with the Yoast SEO plugin v24.4 - https:\/\/yoast.com\/wordpress\/plugins\/seo\/ -->\n<title>Senado aprova texto que derruba rol taxativo da ANS<\/title>\n<meta name=\"description\" content=\"O Senado Federal aprovou, nesta segunda-feira (29), um projeto de lei que acaba com o chamado rol taxativo da ANS.\" \/>\n<meta name=\"robots\" content=\"index, follow, max-snippet:-1, max-image-preview:large, max-video-preview:-1\" \/>\n<link rel=\"canonical\" href=\"https:\/\/www.suno.com.br\/noticias\/senado-aprova-texto-derruba-rol-taxativo-ans\/\" \/>\n<meta property=\"og:locale\" content=\"pt_BR\" \/>\n<meta property=\"og:type\" content=\"article\" \/>\n<meta property=\"og:title\" content=\"Senado aprova texto que derruba rol taxativo da ANS\" \/>\n<meta property=\"og:description\" content=\"O Senado Federal aprovou, nesta segunda-feira (29), um projeto de lei que acaba com o chamado rol taxativo da ANS.\" \/>\n<meta property=\"og:url\" content=\"https:\/\/www.suno.com.br\/noticias\/senado-aprova-texto-derruba-rol-taxativo-ans\/\" \/>\n<meta property=\"og:site_name\" content=\"Suno Not\u00edcias\" \/>\n<meta property=\"article:publisher\" content=\"https:\/\/facebook.com\/sunoresearch\" \/>\n<meta property=\"og:image\" content=\"https:\/\/files.sunoresearch.com.br\/n\/uploads\/2022\/08\/Rol-taxativo-ans.jpg\" \/>\n\t<meta property=\"og:image:width\" content=\"1280\" \/>\n\t<meta property=\"og:image:height\" content=\"960\" \/>\n\t<meta property=\"og:image:type\" content=\"image\/jpeg\" \/>\n<meta name=\"author\" content=\"Wesley Santana\" \/>\n<meta name=\"twitter:card\" content=\"summary_large_image\" \/>\n<meta name=\"twitter:creator\" content=\"@sunoresearch\" \/>\n<meta name=\"twitter:site\" content=\"@sunoresearch\" \/>\n<meta name=\"twitter:label1\" content=\"Escrito por\" \/>\n\t<meta name=\"twitter:data1\" content=\"Wesley Santana\" \/>\n\t<meta name=\"twitter:label2\" content=\"Est. tempo de leitura\" \/>\n\t<meta name=\"twitter:data2\" content=\"3 minutos\" \/>\n<script type=\"application\/ld+json\" class=\"yoast-schema-graph\">{\"@context\":\"https:\/\/schema.org\",\"@graph\":[{\"@type\":\"NewsArticle\",\"@id\":\"https:\/\/www.suno.com.br\/noticias\/senado-aprova-texto-derruba-rol-taxativo-ans\/#article\",\"isPartOf\":{\"@id\":\"https:\/\/www.suno.com.br\/noticias\/senado-aprova-texto-derruba-rol-taxativo-ans\/\"},\"author\":{\"name\":\"Wesley Santana\",\"@id\":\"https:\/\/www.suno.com.br\/noticias\/#\/schema\/person\/92be41176947b0b15780200176c90285\"},\"headline\":\"Senado aprova texto que derruba rol taxativo da ANS\",\"datePublished\":\"2022-08-29T22:47:58+00:00\",\"mainEntityOfPage\":{\"@id\":\"https:\/\/www.suno.com.br\/noticias\/senado-aprova-texto-derruba-rol-taxativo-ans\/\"},\"wordCount\":428,\"publisher\":{\"@id\":\"https:\/\/www.suno.com.br\/noticias\/#organization\"},\"image\":{\"@id\":\"https:\/\/www.suno.com.br\/noticias\/senado-aprova-texto-derruba-rol-taxativo-ans\/#primaryimage\"},\"thumbnailUrl\":\"https:\/\/files.sunoresearch.com.br\/n\/uploads\/2022\/08\/Rol-taxativo-ans.jpg\",\"keywords\":[\"ANS\"],\"articleSection\":[\"Neg\u00f3cios\"],\"inLanguage\":\"pt-BR\"},{\"@type\":\"WebPage\",\"@id\":\"https:\/\/www.suno.com.br\/noticias\/senado-aprova-texto-derruba-rol-taxativo-ans\/\",\"url\":\"https:\/\/www.suno.com.br\/noticias\/senado-aprova-texto-derruba-rol-taxativo-ans\/\",\"name\":\"Senado aprova texto que derruba rol taxativo da ANS\",\"isPartOf\":{\"@id\":\"https:\/\/www.suno.com.br\/noticias\/#website\"},\"primaryImageOfPage\":{\"@id\":\"https:\/\/www.suno.com.br\/noticias\/senado-aprova-texto-derruba-rol-taxativo-ans\/#primaryimage\"},\"image\":{\"@id\":\"https:\/\/www.suno.com.br\/noticias\/senado-aprova-texto-derruba-rol-taxativo-ans\/#primaryimage\"},\"thumbnailUrl\":\"https:\/\/files.sunoresearch.com.br\/n\/uploads\/2022\/08\/Rol-taxativo-ans.jpg\",\"datePublished\":\"2022-08-29T22:47:58+00:00\",\"description\":\"O Senado Federal aprovou, nesta segunda-feira (29), um projeto de lei que acaba com o chamado rol taxativo da ANS.\",\"breadcrumb\":{\"@id\":\"https:\/\/www.suno.com.br\/noticias\/senado-aprova-texto-derruba-rol-taxativo-ans\/#breadcrumb\"},\"inLanguage\":\"pt-BR\",\"potentialAction\":[{\"@type\":\"ReadAction\",\"target\":[\"https:\/\/www.suno.com.br\/noticias\/senado-aprova-texto-derruba-rol-taxativo-ans\/\"]}]},{\"@type\":\"ImageObject\",\"inLanguage\":\"pt-BR\",\"@id\":\"https:\/\/www.suno.com.br\/noticias\/senado-aprova-texto-derruba-rol-taxativo-ans\/#primaryimage\",\"url\":\"https:\/\/files.sunoresearch.com.br\/n\/uploads\/2022\/08\/Rol-taxativo-ans.jpg\",\"contentUrl\":\"https:\/\/files.sunoresearch.com.br\/n\/uploads\/2022\/08\/Rol-taxativo-ans.jpg\",\"width\":1280,\"height\":960,\"caption\":\"Senadores aprovaram a derrubada do rol taxativo; texto segue para san\u00e7\u00e3o presidencial. Foto: Pixabay\"},{\"@type\":\"BreadcrumbList\",\"@id\":\"https:\/\/www.suno.com.br\/noticias\/senado-aprova-texto-derruba-rol-taxativo-ans\/#breadcrumb\",\"itemListElement\":[{\"@type\":\"ListItem\",\"position\":1,\"name\":\"Not\u00edcias\",\"item\":\"https:\/\/www.suno.com.br\/noticias\/\"},{\"@type\":\"ListItem\",\"position\":2,\"name\":\"Neg\u00f3cios\",\"item\":\"https:\/\/www.suno.com.br\/noticias\/negocios\/\"},{\"@type\":\"ListItem\",\"position\":3,\"name\":\"Senado aprova texto que derruba rol taxativo da ANS\"}]},{\"@type\":\"WebSite\",\"@id\":\"https:\/\/www.suno.com.br\/noticias\/#website\",\"url\":\"https:\/\/www.suno.com.br\/noticias\/\",\"name\":\"Suno Not\u00edcias\",\"description\":\"Seu portal de informa\u00e7\u00e3o sobre o mundo dos investimentos\",\"publisher\":{\"@id\":\"https:\/\/www.suno.com.br\/noticias\/#organization\"},\"potentialAction\":[{\"@type\":\"SearchAction\",\"target\":{\"@type\":\"EntryPoint\",\"urlTemplate\":\"https:\/\/www.suno.com.br\/noticias\/?s={search_term_string}\"},\"query-input\":{\"@type\":\"PropertyValueSpecification\",\"valueRequired\":true,\"valueName\":\"search_term_string\"}}],\"inLanguage\":\"pt-BR\"},{\"@type\":\"Organization\",\"@id\":\"https:\/\/www.suno.com.br\/noticias\/#organization\",\"name\":\"Suno Not\u00edcias\",\"url\":\"https:\/\/www.suno.com.br\/noticias\/\",\"logo\":{\"@type\":\"ImageObject\",\"inLanguage\":\"pt-BR\",\"@id\":\"https:\/\/www.suno.com.br\/noticias\/#\/schema\/logo\/image\/\",\"url\":\"https:\/\/files.sunoresearch.com.br\/n\/uploads\/2021\/09\/suno-logo.png\",\"contentUrl\":\"https:\/\/files.sunoresearch.com.br\/n\/uploads\/2021\/09\/suno-logo.png\",\"width\":180,\"height\":180,\"caption\":\"Suno Not\u00edcias\"},\"image\":{\"@id\":\"https:\/\/www.suno.com.br\/noticias\/#\/schema\/logo\/image\/\"},\"sameAs\":[\"https:\/\/facebook.com\/sunoresearch\",\"https:\/\/x.com\/sunoresearch\",\"https:\/\/www.instagram.com\/suno\",\"https:\/\/www.linkedin.com\/company\/suno-research\/\",\"https:\/\/www.youtube.com\/c\/sunoresearch\"]},{\"@type\":\"Person\",\"@id\":\"https:\/\/www.suno.com.br\/noticias\/#\/schema\/person\/92be41176947b0b15780200176c90285\",\"name\":\"Wesley Santana\",\"image\":{\"@type\":\"ImageObject\",\"inLanguage\":\"pt-BR\",\"@id\":\"https:\/\/www.suno.com.br\/noticias\/#\/schema\/person\/image\/\",\"url\":\"https:\/\/secure.gravatar.com\/avatar\/ee1b4ea17db9dc2fc8c10c6dee7b3f79?s=96&r=g\",\"contentUrl\":\"https:\/\/secure.gravatar.com\/avatar\/ee1b4ea17db9dc2fc8c10c6dee7b3f79?s=96&r=g\",\"caption\":\"Wesley Santana\"},\"description\":\"\u00c9 rep\u00f3rter especializado em finan\u00e7as e tecnologia, com passagens por \u00c9poca Neg\u00f3cios, CNN Business e Olhar Digital. Tamb\u00e9m participou do programa de forma\u00e7\u00e3o em mercado de capitais da B3.\",\"url\":\"https:\/\/www.suno.com.br\/noticias\/author\/wesley-santana\/\"}]}<\/script>\n<!-- \/ Yoast SEO plugin. -->","yoast_head_json":{"title":"Senado aprova texto que derruba rol taxativo da ANS","description":"O Senado Federal aprovou, nesta segunda-feira (29), um projeto de lei que acaba com o chamado rol taxativo da ANS.","robots":{"index":"index","follow":"follow","max-snippet":"max-snippet:-1","max-image-preview":"max-image-preview:large","max-video-preview":"max-video-preview:-1"},"canonical":"https:\/\/www.suno.com.br\/noticias\/senado-aprova-texto-derruba-rol-taxativo-ans\/","og_locale":"pt_BR","og_type":"article","og_title":"Senado aprova texto que derruba rol taxativo da ANS","og_description":"O Senado Federal aprovou, nesta segunda-feira (29), um projeto de lei que acaba com o chamado rol taxativo da ANS.","og_url":"https:\/\/www.suno.com.br\/noticias\/senado-aprova-texto-derruba-rol-taxativo-ans\/","og_site_name":"Suno Not\u00edcias","article_publisher":"https:\/\/facebook.com\/sunoresearch","og_image":[{"width":1280,"height":960,"url":"https:\/\/files.sunoresearch.com.br\/n\/uploads\/2022\/08\/Rol-taxativo-ans.jpg","type":"image\/jpeg"}],"author":"Wesley Santana","twitter_card":"summary_large_image","twitter_creator":"@sunoresearch","twitter_site":"@sunoresearch","twitter_misc":{"Escrito por":"Wesley Santana","Est. tempo de leitura":"3 minutos"},"schema":{"@context":"https:\/\/schema.org","@graph":[{"@type":"NewsArticle","@id":"https:\/\/www.suno.com.br\/noticias\/senado-aprova-texto-derruba-rol-taxativo-ans\/#article","isPartOf":{"@id":"https:\/\/www.suno.com.br\/noticias\/senado-aprova-texto-derruba-rol-taxativo-ans\/"},"author":{"name":"Wesley Santana","@id":"https:\/\/www.suno.com.br\/noticias\/#\/schema\/person\/92be41176947b0b15780200176c90285"},"headline":"Senado aprova texto que derruba rol taxativo da ANS","datePublished":"2022-08-29T22:47:58+00:00","mainEntityOfPage":{"@id":"https:\/\/www.suno.com.br\/noticias\/senado-aprova-texto-derruba-rol-taxativo-ans\/"},"wordCount":428,"publisher":{"@id":"https:\/\/www.suno.com.br\/noticias\/#organization"},"image":{"@id":"https:\/\/www.suno.com.br\/noticias\/senado-aprova-texto-derruba-rol-taxativo-ans\/#primaryimage"},"thumbnailUrl":"https:\/\/files.sunoresearch.com.br\/n\/uploads\/2022\/08\/Rol-taxativo-ans.jpg","keywords":["ANS"],"articleSection":["Neg\u00f3cios"],"inLanguage":"pt-BR"},{"@type":"WebPage","@id":"https:\/\/www.suno.com.br\/noticias\/senado-aprova-texto-derruba-rol-taxativo-ans\/","url":"https:\/\/www.suno.com.br\/noticias\/senado-aprova-texto-derruba-rol-taxativo-ans\/","name":"Senado aprova texto que derruba rol taxativo da ANS","isPartOf":{"@id":"https:\/\/www.suno.com.br\/noticias\/#website"},"primaryImageOfPage":{"@id":"https:\/\/www.suno.com.br\/noticias\/senado-aprova-texto-derruba-rol-taxativo-ans\/#primaryimage"},"image":{"@id":"https:\/\/www.suno.com.br\/noticias\/senado-aprova-texto-derruba-rol-taxativo-ans\/#primaryimage"},"thumbnailUrl":"https:\/\/files.sunoresearch.com.br\/n\/uploads\/2022\/08\/Rol-taxativo-ans.jpg","datePublished":"2022-08-29T22:47:58+00:00","description":"O Senado Federal aprovou, nesta segunda-feira (29), um projeto de lei que acaba com o chamado rol taxativo da ANS.","breadcrumb":{"@id":"https:\/\/www.suno.com.br\/noticias\/senado-aprova-texto-derruba-rol-taxativo-ans\/#breadcrumb"},"inLanguage":"pt-BR","potentialAction":[{"@type":"ReadAction","target":["https:\/\/www.suno.com.br\/noticias\/senado-aprova-texto-derruba-rol-taxativo-ans\/"]}]},{"@type":"ImageObject","inLanguage":"pt-BR","@id":"https:\/\/www.suno.com.br\/noticias\/senado-aprova-texto-derruba-rol-taxativo-ans\/#primaryimage","url":"https:\/\/files.sunoresearch.com.br\/n\/uploads\/2022\/08\/Rol-taxativo-ans.jpg","contentUrl":"https:\/\/files.sunoresearch.com.br\/n\/uploads\/2022\/08\/Rol-taxativo-ans.jpg","width":1280,"height":960,"caption":"Senadores aprovaram a derrubada do rol taxativo; texto segue para san\u00e7\u00e3o presidencial. Foto: Pixabay"},{"@type":"BreadcrumbList","@id":"https:\/\/www.suno.com.br\/noticias\/senado-aprova-texto-derruba-rol-taxativo-ans\/#breadcrumb","itemListElement":[{"@type":"ListItem","position":1,"name":"Not\u00edcias","item":"https:\/\/www.suno.com.br\/noticias\/"},{"@type":"ListItem","position":2,"name":"Neg\u00f3cios","item":"https:\/\/www.suno.com.br\/noticias\/negocios\/"},{"@type":"ListItem","position":3,"name":"Senado aprova texto que derruba rol taxativo da ANS"}]},{"@type":"WebSite","@id":"https:\/\/www.suno.com.br\/noticias\/#website","url":"https:\/\/www.suno.com.br\/noticias\/","name":"Suno Not\u00edcias","description":"Seu portal de informa\u00e7\u00e3o sobre o mundo dos investimentos","publisher":{"@id":"https:\/\/www.suno.com.br\/noticias\/#organization"},"potentialAction":[{"@type":"SearchAction","target":{"@type":"EntryPoint","urlTemplate":"https:\/\/www.suno.com.br\/noticias\/?s={search_term_string}"},"query-input":{"@type":"PropertyValueSpecification","valueRequired":true,"valueName":"search_term_string"}}],"inLanguage":"pt-BR"},{"@type":"Organization","@id":"https:\/\/www.suno.com.br\/noticias\/#organization","name":"Suno Not\u00edcias","url":"https:\/\/www.suno.com.br\/noticias\/","logo":{"@type":"ImageObject","inLanguage":"pt-BR","@id":"https:\/\/www.suno.com.br\/noticias\/#\/schema\/logo\/image\/","url":"https:\/\/files.sunoresearch.com.br\/n\/uploads\/2021\/09\/suno-logo.png","contentUrl":"https:\/\/files.sunoresearch.com.br\/n\/uploads\/2021\/09\/suno-logo.png","width":180,"height":180,"caption":"Suno Not\u00edcias"},"image":{"@id":"https:\/\/www.suno.com.br\/noticias\/#\/schema\/logo\/image\/"},"sameAs":["https:\/\/facebook.com\/sunoresearch","https:\/\/x.com\/sunoresearch","https:\/\/www.instagram.com\/suno","https:\/\/www.linkedin.com\/company\/suno-research\/","https:\/\/www.youtube.com\/c\/sunoresearch"]},{"@type":"Person","@id":"https:\/\/www.suno.com.br\/noticias\/#\/schema\/person\/92be41176947b0b15780200176c90285","name":"Wesley Santana","image":{"@type":"ImageObject","inLanguage":"pt-BR","@id":"https:\/\/www.suno.com.br\/noticias\/#\/schema\/person\/image\/","url":"https:\/\/secure.gravatar.com\/avatar\/ee1b4ea17db9dc2fc8c10c6dee7b3f79?s=96&r=g","contentUrl":"https:\/\/secure.gravatar.com\/avatar\/ee1b4ea17db9dc2fc8c10c6dee7b3f79?s=96&r=g","caption":"Wesley Santana"},"description":"\u00c9 rep\u00f3rter especializado em finan\u00e7as e tecnologia, com passagens por \u00c9poca Neg\u00f3cios, CNN Business e Olhar Digital. Tamb\u00e9m participou do programa de forma\u00e7\u00e3o em mercado de capitais da B3.","url":"https:\/\/www.suno.com.br\/noticias\/author\/wesley-santana\/"}]}},"default_loop_html":"<div class=\"cardsPage__listCard__boxs\"><div class=\"cardsPage__listCard__boxs__img\"><a href=\"https:\/\/www.suno.com.br\/noticias\/senado-aprova-texto-derruba-rol-taxativo-ans\/\"><img class=\"mask\" src=\"https:\/\/www.suno.com.br\/noticias\/wp-content\/themes\/suno\/resources\/images\/spotlight\/spotlight1img\/bg-mask.png\" alt=\"Image Mask\"\/><img src=\"https:\/\/files.sunoresearch.com.br\/n\/uploads\/2022\/08\/Rol-taxativo-ans-400x200.jpg\" alt=\"Senado aprova texto que derruba rol taxativo da ANS\"\/><\/a><span class=\"spotlightCategory\"><a href=\"https:\/\/www.suno.com.br\/noticias\/negocios\/\">Neg\u00f3cios<\/a><\/span><\/div><div class=\"cardsPage__listCard__boxs__content\"><a href=\"https:\/\/www.suno.com.br\/noticias\/senado-aprova-texto-derruba-rol-taxativo-ans\/\"><h2 class=\"content__title\">Senado aprova texto que derruba rol taxativo da ANS<\/h2><\/a><div class=\"newsContent__article__meta\"><div class=\"newsContent__article__meta__authorBox\"><a href=\"https:\/\/www.suno.com.br\/noticias\/author\/wesley-santana\/\" class=\"authorBox__avatar noMobi\"><img src=\"https:\/\/secure.gravatar.com\/avatar\/ee1b4ea17db9dc2fc8c10c6dee7b3f79?s=96&#038;r=g\" alt=\"Wesley Santana\"><\/a><div class=\"authorBox__name\"><span>por\n\t\t\t<a href=\"https:\/\/www.suno.com.br\/noticias\/author\/wesley-santana\/\"><span itemprop=\"author\">Wesley Santana<\/span><\/a><\/span><time datetime=\"2022-08-29T19:47:58-03:00\" itemprop=\"datePublished\">29\/08\/2022 19:47<\/time><\/div><\/div><\/div><\/div><\/div>","single_layout":"posts","amp_enabled":true,"_links":{"self":[{"href":"https:\/\/www.suno.com.br\/noticias\/wp-json\/wp\/v2\/posts\/291047"}],"collection":[{"href":"https:\/\/www.suno.com.br\/noticias\/wp-json\/wp\/v2\/posts"}],"about":[{"href":"https:\/\/www.suno.com.br\/noticias\/wp-json\/wp\/v2\/types\/post"}],"author":[{"embeddable":true,"href":"https:\/\/www.suno.com.br\/noticias\/wp-json\/wp\/v2\/users\/198"}],"replies":[{"embeddable":true,"href":"https:\/\/www.suno.com.br\/noticias\/wp-json\/wp\/v2\/comments?post=291047"}],"version-history":[{"count":3,"href":"https:\/\/www.suno.com.br\/noticias\/wp-json\/wp\/v2\/posts\/291047\/revisions"}],"predecessor-version":[{"id":291085,"href":"https:\/\/www.suno.com.br\/noticias\/wp-json\/wp\/v2\/posts\/291047\/revisions\/291085"}],"wp:featuredmedia":[{"embeddable":true,"href":"https:\/\/www.suno.com.br\/noticias\/wp-json\/wp\/v2\/media\/291068"}],"wp:attachment":[{"href":"https:\/\/www.suno.com.br\/noticias\/wp-json\/wp\/v2\/media?parent=291047"}],"wp:term":[{"taxonomy":"category","embeddable":true,"href":"https:\/\/www.suno.com.br\/noticias\/wp-json\/wp\/v2\/categories?post=291047"},{"taxonomy":"post_tag","embeddable":true,"href":"https:\/\/www.suno.com.br\/noticias\/wp-json\/wp\/v2\/tags?post=291047"},{"taxonomy":"suno_strategy","embeddable":true,"href":"https:\/\/www.suno.com.br\/noticias\/wp-json\/wp\/v2\/suno_strategy?post=291047"}],"curies":[{"name":"wp","href":"https:\/\/api.w.org\/{rel}","templated":true}]}}