{"id":2906,"date":"2018-08-28T19:20:18","date_gmt":"2018-08-28T22:20:18","guid":{"rendered":"https:\/\/www.suno.com.br\/noticias\/?p=2906"},"modified":"2018-08-28T19:23:36","modified_gmt":"2018-08-28T22:23:36","slug":"confianca-do-empresario-do-comercio-alcanca-menor-nivel-em-um-ano-diz-cnc","status":"publish","type":"post","link":"https:\/\/www.suno.com.br\/noticias\/confianca-do-empresario-do-comercio-alcanca-menor-nivel-em-um-ano-diz-cnc\/","title":{"rendered":"Confian\u00e7a do empres\u00e1rio do com\u00e9rcio alcan\u00e7a menor n\u00edvel em um ano, diz CNC"},"content":{"rendered":"<p><span style=\"font-weight: 400;\">A confian\u00e7a do empres\u00e1rio do com\u00e9rcio apresentou queda pelo quarto m\u00eas consecutivo.O indicador, realizado pela Confedera\u00e7\u00e3o Nacional do Com\u00e9rcio de Bens, Servi\u00e7os e Turismo, teve o menor n\u00edvel mensurado nos dos \u00faltimos dois anos.<\/span><\/p>\t<div class=\"wrapper-featured-image\">\n\t\t<figure class=\"spotlightImg\">\n\n\t\t\t<picture>\n\t\t\t\t<source media=\"(max-width: 768px)\" srcset=\"https:\/\/files.sunoresearch.com.br\/n\/uploads\/2018\/08\/acce8fed-com\u00e9rcio-400x200.webp\">\n\t\t\t\t<img loading=\"lazy\" decoding=\"async\" class=\"newsContent__article__imgCapa lazyloadDisabled newsContent__article__imgCapa--noCaption\" src=\"https:\/\/files.sunoresearch.com.br\/n\/uploads\/2018\/08\/acce8fed-com\u00e9rcio-800x450.webp\" width=\"800\" height=\"450\" alt=\"Confian\u00e7a do empres\u00e1rio do com\u00e9rcio alcan\u00e7a menor n\u00edvel em um ano, diz CNC\" fetchpriority=high \/>\n\t\t\t<\/picture>\n\n\t\t\t<figcaption class=\"wp-caption-text wp-caption-text--hide\"><\/figcaption>\n\t\t<\/figure>\n\t<\/div>\n\n\n<p><span style=\"font-weight: 400;\">De acordo com a Confedera\u00e7\u00e3o, o Icec, \u00cdndice de Confian\u00e7a do Empres\u00e1rio do Com\u00e9rcio, registrou 103,7 pontos no m\u00eas de agosto. Na compara\u00e7\u00e3o com julho, o \u00edndicador teve uma redu\u00e7\u00e3o de 2,5 na s\u00e9rie com ajuste sazonal.<\/span><\/p>\n<p><span style=\"font-weight: 400;\">O levantamento tamb\u00e9m mostrou que 72% dos empres\u00e1rios do varejo acreditam que existiu queda abrupta no cen\u00e1rio econ\u00f4mico brasileiro durante os \u00faltimos meses. Para, Fabio Bentes, chefe da Divis\u00e3o Econ\u00f4mica da CNC, esta cren\u00e7a empresarial existe pois a conjuntura econ\u00f4mica n\u00e3o demonstra sinais de recupera\u00e7\u00e3o.<\/span><\/p>\n<p><span style=\"font-weight: 400;\">\u201cA desvaloriza\u00e7\u00e3o do real, o ritmo fraco do mercado de trabalho, as press\u00f5es de custos e o cen\u00e1rio externo mais desfavor\u00e1vel t\u00eam levado a economia e o com\u00e9rcio a um ritmo de crescimento mais fraco nos \u00faltimos meses\u201d, disse.<\/span><\/p>\n<p><span style=\"font-weight: 400;\">Mesmo com o cen\u00e1rio desfavor\u00e1vel, a CNC prev\u00ea um crescimento de 3,2% no volume de vendas de varejo no segundo semestre ante ao mesmo per\u00edodo do ano passado. \u00a0Na an\u00e1lise da entidade, \u00e9 &#8220;um resultado tamb\u00e9m frustrante, por\u00e9m mais do que suficiente para garantir o aumento do faturamento real do setor pelo segundo ano consecutivo&#8221;.<\/span><\/p>\n","protected":false},"excerpt":{"rendered":"<p>A confian\u00e7a do empres\u00e1rio do com\u00e9rcio apresentou queda pelo quarto m\u00eas consecutivo.O indicador, realizado pela Confedera\u00e7\u00e3o Nacional do Com\u00e9rcio de Bens, Servi\u00e7os e Turismo, teve o menor n\u00edvel mensurado nos dos \u00faltimos dois anos. De acordo com a Confedera\u00e7\u00e3o, o Icec, \u00cdndice de Confian\u00e7a do Empres\u00e1rio do Com\u00e9rcio, registrou 103,7 pontos no m\u00eas de agosto. [&hellip;]<\/p>\n","protected":false},"author":6,"featured_media":2907,"comment_status":"open","ping_status":"open","sticky":false,"template":"","format":"standard","meta":[],"categories":[60,64],"tags":[],"suno_strategy":[],"class_list":["post-2906","post","type-post","status-publish","format-standard","has-post-thumbnail","hentry","category-mercado","category-negocios"],"yoast_head":"<!-- This site is optimized with the Yoast SEO plugin v24.4 - https:\/\/yoast.com\/wordpress\/plugins\/seo\/ -->\n<title>Confian\u00e7a do empres\u00e1rio do com\u00e9rcio alcan\u00e7a menor n\u00edvel em um ano, diz CNC<\/title>\n<meta name=\"robots\" content=\"index, follow, max-snippet:-1, max-image-preview:large, max-video-preview:-1\" \/>\n<link rel=\"canonical\" href=\"https:\/\/www.suno.com.br\/noticias\/confianca-do-empresario-do-comercio-alcanca-menor-nivel-em-um-ano-diz-cnc\/\" \/>\n<meta property=\"og:locale\" content=\"pt_BR\" \/>\n<meta property=\"og:type\" content=\"article\" \/>\n<meta property=\"og:title\" content=\"Confian\u00e7a do empres\u00e1rio do com\u00e9rcio alcan\u00e7a menor n\u00edvel em um ano, diz CNC\" \/>\n<meta property=\"og:description\" content=\"A confian\u00e7a do empres\u00e1rio do com\u00e9rcio apresentou queda pelo quarto m\u00eas consecutivo.O indicador, realizado pela Confedera\u00e7\u00e3o Nacional do Com\u00e9rcio de Bens, Servi\u00e7os e Turismo, teve o menor n\u00edvel mensurado nos dos \u00faltimos dois anos. De acordo com a Confedera\u00e7\u00e3o, o Icec, \u00cdndice de Confian\u00e7a do Empres\u00e1rio do Com\u00e9rcio, registrou 103,7 pontos no m\u00eas de agosto. [&hellip;]\" \/>\n<meta property=\"og:url\" content=\"https:\/\/www.suno.com.br\/noticias\/confianca-do-empresario-do-comercio-alcanca-menor-nivel-em-um-ano-diz-cnc\/\" \/>\n<meta property=\"og:site_name\" content=\"Suno Not\u00edcias\" \/>\n<meta property=\"article:publisher\" content=\"https:\/\/facebook.com\/sunoresearch\" \/>\n<meta property=\"article:author\" content=\"https:\/\/www.linkedin.com\/in\/paulo-jaschke-328221168\/\" \/>\n<meta property=\"og:image\" content=\"https:\/\/files.sunoresearch.com.br\/n\/uploads\/2018\/08\/acce8fed-com\u00e9rcio.jpg\" \/>\n\t<meta property=\"og:image:width\" content=\"1140\" \/>\n\t<meta property=\"og:image:height\" content=\"760\" \/>\n\t<meta property=\"og:image:type\" content=\"image\/jpeg\" \/>\n<meta name=\"author\" content=\"Paulo Jaschke\" \/>\n<meta name=\"twitter:card\" content=\"summary_large_image\" \/>\n<meta name=\"twitter:creator\" content=\"@sunoresearch\" \/>\n<meta name=\"twitter:site\" content=\"@sunoresearch\" \/>\n<meta name=\"twitter:label1\" content=\"Escrito por\" \/>\n\t<meta name=\"twitter:data1\" content=\"Paulo Jaschke\" \/>\n\t<meta name=\"twitter:label2\" content=\"Est. tempo de leitura\" \/>\n\t<meta name=\"twitter:data2\" content=\"1 minuto\" \/>\n<script type=\"application\/ld+json\" class=\"yoast-schema-graph\">{\"@context\":\"https:\/\/schema.org\",\"@graph\":[{\"@type\":\"NewsArticle\",\"@id\":\"https:\/\/www.suno.com.br\/noticias\/confianca-do-empresario-do-comercio-alcanca-menor-nivel-em-um-ano-diz-cnc\/#article\",\"isPartOf\":{\"@id\":\"https:\/\/www.suno.com.br\/noticias\/confianca-do-empresario-do-comercio-alcanca-menor-nivel-em-um-ano-diz-cnc\/\"},\"author\":{\"name\":\"Paulo Jaschke\",\"@id\":\"https:\/\/www.suno.com.br\/noticias\/#\/schema\/person\/edc78e26bff487bcad4a7d5e75ca2938\"},\"headline\":\"Confian\u00e7a do empres\u00e1rio do com\u00e9rcio alcan\u00e7a menor n\u00edvel em um ano, diz CNC\",\"datePublished\":\"2018-08-28T22:20:18+00:00\",\"dateModified\":\"2018-08-28T22:23:36+00:00\",\"mainEntityOfPage\":{\"@id\":\"https:\/\/www.suno.com.br\/noticias\/confianca-do-empresario-do-comercio-alcanca-menor-nivel-em-um-ano-diz-cnc\/\"},\"wordCount\":262,\"commentCount\":0,\"publisher\":{\"@id\":\"https:\/\/www.suno.com.br\/noticias\/#organization\"},\"image\":{\"@id\":\"https:\/\/www.suno.com.br\/noticias\/confianca-do-empresario-do-comercio-alcanca-menor-nivel-em-um-ano-diz-cnc\/#primaryimage\"},\"thumbnailUrl\":\"https:\/\/files.sunoresearch.com.br\/n\/uploads\/2018\/08\/acce8fed-com\u00e9rcio-jpg.webp\",\"articleSection\":[\"Mercado\",\"Neg\u00f3cios\"],\"inLanguage\":\"pt-BR\",\"potentialAction\":[{\"@type\":\"CommentAction\",\"name\":\"Comment\",\"target\":[\"https:\/\/www.suno.com.br\/noticias\/confianca-do-empresario-do-comercio-alcanca-menor-nivel-em-um-ano-diz-cnc\/#respond\"]}]},{\"@type\":\"WebPage\",\"@id\":\"https:\/\/www.suno.com.br\/noticias\/confianca-do-empresario-do-comercio-alcanca-menor-nivel-em-um-ano-diz-cnc\/\",\"url\":\"https:\/\/www.suno.com.br\/noticias\/confianca-do-empresario-do-comercio-alcanca-menor-nivel-em-um-ano-diz-cnc\/\",\"name\":\"Confian\u00e7a do empres\u00e1rio do com\u00e9rcio alcan\u00e7a menor n\u00edvel em um ano, diz CNC\",\"isPartOf\":{\"@id\":\"https:\/\/www.suno.com.br\/noticias\/#website\"},\"primaryImageOfPage\":{\"@id\":\"https:\/\/www.suno.com.br\/noticias\/confianca-do-empresario-do-comercio-alcanca-menor-nivel-em-um-ano-diz-cnc\/#primaryimage\"},\"image\":{\"@id\":\"https:\/\/www.suno.com.br\/noticias\/confianca-do-empresario-do-comercio-alcanca-menor-nivel-em-um-ano-diz-cnc\/#primaryimage\"},\"thumbnailUrl\":\"https:\/\/files.sunoresearch.com.br\/n\/uploads\/2018\/08\/acce8fed-com\u00e9rcio-jpg.webp\",\"datePublished\":\"2018-08-28T22:20:18+00:00\",\"dateModified\":\"2018-08-28T22:23:36+00:00\",\"breadcrumb\":{\"@id\":\"https:\/\/www.suno.com.br\/noticias\/confianca-do-empresario-do-comercio-alcanca-menor-nivel-em-um-ano-diz-cnc\/#breadcrumb\"},\"inLanguage\":\"pt-BR\",\"potentialAction\":[{\"@type\":\"ReadAction\",\"target\":[\"https:\/\/www.suno.com.br\/noticias\/confianca-do-empresario-do-comercio-alcanca-menor-nivel-em-um-ano-diz-cnc\/\"]}]},{\"@type\":\"ImageObject\",\"inLanguage\":\"pt-BR\",\"@id\":\"https:\/\/www.suno.com.br\/noticias\/confianca-do-empresario-do-comercio-alcanca-menor-nivel-em-um-ano-diz-cnc\/#primaryimage\",\"url\":\"https:\/\/files.sunoresearch.com.br\/n\/uploads\/2018\/08\/acce8fed-com\u00e9rcio-jpg.webp\",\"contentUrl\":\"https:\/\/files.sunoresearch.com.br\/n\/uploads\/2018\/08\/acce8fed-com\u00e9rcio-jpg.webp\",\"width\":1140,\"height\":760},{\"@type\":\"BreadcrumbList\",\"@id\":\"https:\/\/www.suno.com.br\/noticias\/confianca-do-empresario-do-comercio-alcanca-menor-nivel-em-um-ano-diz-cnc\/#breadcrumb\",\"itemListElement\":[{\"@type\":\"ListItem\",\"position\":1,\"name\":\"Not\u00edcias\",\"item\":\"https:\/\/www.suno.com.br\/noticias\/\"},{\"@type\":\"ListItem\",\"position\":2,\"name\":\"Economia\",\"item\":\"https:\/\/www.suno.com.br\/noticias\/economia\/\"},{\"@type\":\"ListItem\",\"position\":3,\"name\":\"Confian\u00e7a do empres\u00e1rio do com\u00e9rcio alcan\u00e7a menor n\u00edvel em um ano, diz CNC\"}]},{\"@type\":\"WebSite\",\"@id\":\"https:\/\/www.suno.com.br\/noticias\/#website\",\"url\":\"https:\/\/www.suno.com.br\/noticias\/\",\"name\":\"Suno Not\u00edcias\",\"description\":\"Seu portal de informa\u00e7\u00e3o sobre o mundo dos investimentos\",\"publisher\":{\"@id\":\"https:\/\/www.suno.com.br\/noticias\/#organization\"},\"potentialAction\":[{\"@type\":\"SearchAction\",\"target\":{\"@type\":\"EntryPoint\",\"urlTemplate\":\"https:\/\/www.suno.com.br\/noticias\/?s={search_term_string}\"},\"query-input\":{\"@type\":\"PropertyValueSpecification\",\"valueRequired\":true,\"valueName\":\"search_term_string\"}}],\"inLanguage\":\"pt-BR\"},{\"@type\":\"Organization\",\"@id\":\"https:\/\/www.suno.com.br\/noticias\/#organization\",\"name\":\"Suno Not\u00edcias\",\"url\":\"https:\/\/www.suno.com.br\/noticias\/\",\"logo\":{\"@type\":\"ImageObject\",\"inLanguage\":\"pt-BR\",\"@id\":\"https:\/\/www.suno.com.br\/noticias\/#\/schema\/logo\/image\/\",\"url\":\"https:\/\/files.sunoresearch.com.br\/n\/uploads\/2021\/09\/suno-logo.png\",\"contentUrl\":\"https:\/\/files.sunoresearch.com.br\/n\/uploads\/2021\/09\/suno-logo.png\",\"width\":180,\"height\":180,\"caption\":\"Suno Not\u00edcias\"},\"image\":{\"@id\":\"https:\/\/www.suno.com.br\/noticias\/#\/schema\/logo\/image\/\"},\"sameAs\":[\"https:\/\/facebook.com\/sunoresearch\",\"https:\/\/x.com\/sunoresearch\",\"https:\/\/www.instagram.com\/suno\",\"https:\/\/www.linkedin.com\/company\/suno-research\/\",\"https:\/\/www.youtube.com\/c\/sunoresearch\"]},{\"@type\":\"Person\",\"@id\":\"https:\/\/www.suno.com.br\/noticias\/#\/schema\/person\/edc78e26bff487bcad4a7d5e75ca2938\",\"name\":\"Paulo Jaschke\",\"image\":{\"@type\":\"ImageObject\",\"inLanguage\":\"pt-BR\",\"@id\":\"https:\/\/www.suno.com.br\/noticias\/#\/schema\/person\/image\/\",\"url\":\"https:\/\/secure.gravatar.com\/avatar\/d866ede420b0a0e4741620ba27841b8f?s=96&r=g\",\"contentUrl\":\"https:\/\/secure.gravatar.com\/avatar\/d866ede420b0a0e4741620ba27841b8f?s=96&r=g\",\"caption\":\"Paulo Jaschke\"},\"description\":\"Paulo Jaschke \u00e9 estudante de jornalismo na ESPM-SP. Escreve sobre o mercado financeiro, economia e pol\u00edtica internacional para o portal da Suno Research. Tamb\u00e9m escreve sobre economia internacional na ag\u00eancia CMA e \u00e9 rep\u00f3rter esportivo pela Web r\u00e1dio EsportesNet. Em 2018, foi rep\u00f3rter esportivo pela R\u00e1dio ESPM na Copa do Mundo 2018 e escreveu para a Revista Plural ESPM.\",\"sameAs\":[\"https:\/\/www.suno.com.br\/\",\"https:\/\/www.linkedin.com\/in\/paulo-jaschke-328221168\/\"],\"url\":\"https:\/\/www.suno.com.br\/noticias\/author\/paulo-jaschke\/\"}]}<\/script>\n<!-- \/ Yoast SEO plugin. -->","yoast_head_json":{"title":"Confian\u00e7a do empres\u00e1rio do com\u00e9rcio alcan\u00e7a menor n\u00edvel em um ano, diz CNC","robots":{"index":"index","follow":"follow","max-snippet":"max-snippet:-1","max-image-preview":"max-image-preview:large","max-video-preview":"max-video-preview:-1"},"canonical":"https:\/\/www.suno.com.br\/noticias\/confianca-do-empresario-do-comercio-alcanca-menor-nivel-em-um-ano-diz-cnc\/","og_locale":"pt_BR","og_type":"article","og_title":"Confian\u00e7a do empres\u00e1rio do com\u00e9rcio alcan\u00e7a menor n\u00edvel em um ano, diz CNC","og_description":"A confian\u00e7a do empres\u00e1rio do com\u00e9rcio apresentou queda pelo quarto m\u00eas consecutivo.O indicador, realizado pela Confedera\u00e7\u00e3o Nacional do Com\u00e9rcio de Bens, Servi\u00e7os e Turismo, teve o menor n\u00edvel mensurado nos dos \u00faltimos dois anos. De acordo com a Confedera\u00e7\u00e3o, o Icec, \u00cdndice de Confian\u00e7a do Empres\u00e1rio do Com\u00e9rcio, registrou 103,7 pontos no m\u00eas de agosto. [&hellip;]","og_url":"https:\/\/www.suno.com.br\/noticias\/confianca-do-empresario-do-comercio-alcanca-menor-nivel-em-um-ano-diz-cnc\/","og_site_name":"Suno Not\u00edcias","article_publisher":"https:\/\/facebook.com\/sunoresearch","article_author":"https:\/\/www.linkedin.com\/in\/paulo-jaschke-328221168\/","og_image":[{"width":1140,"height":760,"url":"https:\/\/files.sunoresearch.com.br\/n\/uploads\/2018\/08\/acce8fed-com\u00e9rcio.jpg","type":"image\/jpeg"}],"author":"Paulo Jaschke","twitter_card":"summary_large_image","twitter_creator":"@sunoresearch","twitter_site":"@sunoresearch","twitter_misc":{"Escrito por":"Paulo Jaschke","Est. tempo de leitura":"1 minuto"},"schema":{"@context":"https:\/\/schema.org","@graph":[{"@type":"NewsArticle","@id":"https:\/\/www.suno.com.br\/noticias\/confianca-do-empresario-do-comercio-alcanca-menor-nivel-em-um-ano-diz-cnc\/#article","isPartOf":{"@id":"https:\/\/www.suno.com.br\/noticias\/confianca-do-empresario-do-comercio-alcanca-menor-nivel-em-um-ano-diz-cnc\/"},"author":{"name":"Paulo Jaschke","@id":"https:\/\/www.suno.com.br\/noticias\/#\/schema\/person\/edc78e26bff487bcad4a7d5e75ca2938"},"headline":"Confian\u00e7a do empres\u00e1rio do com\u00e9rcio alcan\u00e7a menor n\u00edvel em um ano, diz CNC","datePublished":"2018-08-28T22:20:18+00:00","dateModified":"2018-08-28T22:23:36+00:00","mainEntityOfPage":{"@id":"https:\/\/www.suno.com.br\/noticias\/confianca-do-empresario-do-comercio-alcanca-menor-nivel-em-um-ano-diz-cnc\/"},"wordCount":262,"commentCount":0,"publisher":{"@id":"https:\/\/www.suno.com.br\/noticias\/#organization"},"image":{"@id":"https:\/\/www.suno.com.br\/noticias\/confianca-do-empresario-do-comercio-alcanca-menor-nivel-em-um-ano-diz-cnc\/#primaryimage"},"thumbnailUrl":"https:\/\/files.sunoresearch.com.br\/n\/uploads\/2018\/08\/acce8fed-com\u00e9rcio-jpg.webp","articleSection":["Mercado","Neg\u00f3cios"],"inLanguage":"pt-BR","potentialAction":[{"@type":"CommentAction","name":"Comment","target":["https:\/\/www.suno.com.br\/noticias\/confianca-do-empresario-do-comercio-alcanca-menor-nivel-em-um-ano-diz-cnc\/#respond"]}]},{"@type":"WebPage","@id":"https:\/\/www.suno.com.br\/noticias\/confianca-do-empresario-do-comercio-alcanca-menor-nivel-em-um-ano-diz-cnc\/","url":"https:\/\/www.suno.com.br\/noticias\/confianca-do-empresario-do-comercio-alcanca-menor-nivel-em-um-ano-diz-cnc\/","name":"Confian\u00e7a do empres\u00e1rio do com\u00e9rcio alcan\u00e7a menor n\u00edvel em um ano, diz CNC","isPartOf":{"@id":"https:\/\/www.suno.com.br\/noticias\/#website"},"primaryImageOfPage":{"@id":"https:\/\/www.suno.com.br\/noticias\/confianca-do-empresario-do-comercio-alcanca-menor-nivel-em-um-ano-diz-cnc\/#primaryimage"},"image":{"@id":"https:\/\/www.suno.com.br\/noticias\/confianca-do-empresario-do-comercio-alcanca-menor-nivel-em-um-ano-diz-cnc\/#primaryimage"},"thumbnailUrl":"https:\/\/files.sunoresearch.com.br\/n\/uploads\/2018\/08\/acce8fed-com\u00e9rcio-jpg.webp","datePublished":"2018-08-28T22:20:18+00:00","dateModified":"2018-08-28T22:23:36+00:00","breadcrumb":{"@id":"https:\/\/www.suno.com.br\/noticias\/confianca-do-empresario-do-comercio-alcanca-menor-nivel-em-um-ano-diz-cnc\/#breadcrumb"},"inLanguage":"pt-BR","potentialAction":[{"@type":"ReadAction","target":["https:\/\/www.suno.com.br\/noticias\/confianca-do-empresario-do-comercio-alcanca-menor-nivel-em-um-ano-diz-cnc\/"]}]},{"@type":"ImageObject","inLanguage":"pt-BR","@id":"https:\/\/www.suno.com.br\/noticias\/confianca-do-empresario-do-comercio-alcanca-menor-nivel-em-um-ano-diz-cnc\/#primaryimage","url":"https:\/\/files.sunoresearch.com.br\/n\/uploads\/2018\/08\/acce8fed-com\u00e9rcio-jpg.webp","contentUrl":"https:\/\/files.sunoresearch.com.br\/n\/uploads\/2018\/08\/acce8fed-com\u00e9rcio-jpg.webp","width":1140,"height":760},{"@type":"BreadcrumbList","@id":"https:\/\/www.suno.com.br\/noticias\/confianca-do-empresario-do-comercio-alcanca-menor-nivel-em-um-ano-diz-cnc\/#breadcrumb","itemListElement":[{"@type":"ListItem","position":1,"name":"Not\u00edcias","item":"https:\/\/www.suno.com.br\/noticias\/"},{"@type":"ListItem","position":2,"name":"Economia","item":"https:\/\/www.suno.com.br\/noticias\/economia\/"},{"@type":"ListItem","position":3,"name":"Confian\u00e7a do empres\u00e1rio do com\u00e9rcio alcan\u00e7a menor n\u00edvel em um ano, diz CNC"}]},{"@type":"WebSite","@id":"https:\/\/www.suno.com.br\/noticias\/#website","url":"https:\/\/www.suno.com.br\/noticias\/","name":"Suno Not\u00edcias","description":"Seu portal de informa\u00e7\u00e3o sobre o mundo dos investimentos","publisher":{"@id":"https:\/\/www.suno.com.br\/noticias\/#organization"},"potentialAction":[{"@type":"SearchAction","target":{"@type":"EntryPoint","urlTemplate":"https:\/\/www.suno.com.br\/noticias\/?s={search_term_string}"},"query-input":{"@type":"PropertyValueSpecification","valueRequired":true,"valueName":"search_term_string"}}],"inLanguage":"pt-BR"},{"@type":"Organization","@id":"https:\/\/www.suno.com.br\/noticias\/#organization","name":"Suno Not\u00edcias","url":"https:\/\/www.suno.com.br\/noticias\/","logo":{"@type":"ImageObject","inLanguage":"pt-BR","@id":"https:\/\/www.suno.com.br\/noticias\/#\/schema\/logo\/image\/","url":"https:\/\/files.sunoresearch.com.br\/n\/uploads\/2021\/09\/suno-logo.png","contentUrl":"https:\/\/files.sunoresearch.com.br\/n\/uploads\/2021\/09\/suno-logo.png","width":180,"height":180,"caption":"Suno Not\u00edcias"},"image":{"@id":"https:\/\/www.suno.com.br\/noticias\/#\/schema\/logo\/image\/"},"sameAs":["https:\/\/facebook.com\/sunoresearch","https:\/\/x.com\/sunoresearch","https:\/\/www.instagram.com\/suno","https:\/\/www.linkedin.com\/company\/suno-research\/","https:\/\/www.youtube.com\/c\/sunoresearch"]},{"@type":"Person","@id":"https:\/\/www.suno.com.br\/noticias\/#\/schema\/person\/edc78e26bff487bcad4a7d5e75ca2938","name":"Paulo Jaschke","image":{"@type":"ImageObject","inLanguage":"pt-BR","@id":"https:\/\/www.suno.com.br\/noticias\/#\/schema\/person\/image\/","url":"https:\/\/secure.gravatar.com\/avatar\/d866ede420b0a0e4741620ba27841b8f?s=96&r=g","contentUrl":"https:\/\/secure.gravatar.com\/avatar\/d866ede420b0a0e4741620ba27841b8f?s=96&r=g","caption":"Paulo Jaschke"},"description":"Paulo Jaschke \u00e9 estudante de jornalismo na ESPM-SP. Escreve sobre o mercado financeiro, economia e pol\u00edtica internacional para o portal da Suno Research. Tamb\u00e9m escreve sobre economia internacional na ag\u00eancia CMA e \u00e9 rep\u00f3rter esportivo pela Web r\u00e1dio EsportesNet. Em 2018, foi rep\u00f3rter esportivo pela R\u00e1dio ESPM na Copa do Mundo 2018 e escreveu para a Revista Plural ESPM.","sameAs":["https:\/\/www.suno.com.br\/","https:\/\/www.linkedin.com\/in\/paulo-jaschke-328221168\/"],"url":"https:\/\/www.suno.com.br\/noticias\/author\/paulo-jaschke\/"}]}},"default_loop_html":"<div class=\"cardsPage__listCard__boxs\"><div class=\"cardsPage__listCard__boxs__img\"><a href=\"https:\/\/www.suno.com.br\/noticias\/confianca-do-empresario-do-comercio-alcanca-menor-nivel-em-um-ano-diz-cnc\/\"><img class=\"mask\" src=\"https:\/\/www.suno.com.br\/noticias\/wp-content\/themes\/suno\/resources\/images\/spotlight\/spotlight1img\/bg-mask.png\" alt=\"Image Mask\"\/><img src=\"https:\/\/files.sunoresearch.com.br\/n\/uploads\/2018\/08\/acce8fed-com\u00e9rcio-400x200.webp\" alt=\"Confian\u00e7a do empres\u00e1rio do com\u00e9rcio alcan\u00e7a menor n\u00edvel em um ano, diz CNC\"\/><\/a><span class=\"spotlightCategory\"><a href=\"https:\/\/www.suno.com.br\/noticias\/mercado\/\">Mercado<\/a><\/span><\/div><div class=\"cardsPage__listCard__boxs__content\"><a href=\"https:\/\/www.suno.com.br\/noticias\/confianca-do-empresario-do-comercio-alcanca-menor-nivel-em-um-ano-diz-cnc\/\"><h2 class=\"content__title\">Confian\u00e7a do empres\u00e1rio do com\u00e9rcio alcan\u00e7a menor n\u00edvel em um ano, diz CNC<\/h2><\/a><div class=\"newsContent__article__meta\"><div class=\"newsContent__article__meta__authorBox\"><a href=\"https:\/\/www.suno.com.br\/noticias\/author\/paulo-jaschke\/\" class=\"authorBox__avatar noMobi\"><img src=\"https:\/\/secure.gravatar.com\/avatar\/d866ede420b0a0e4741620ba27841b8f?s=96&#038;r=g\" alt=\"Paulo Jaschke\"><\/a><div class=\"authorBox__name\"><span>por\n\t\t\t<a href=\"https:\/\/www.suno.com.br\/noticias\/author\/paulo-jaschke\/\"><span itemprop=\"author\">Paulo Jaschke<\/span><\/a><\/span><time datetime=\"2018-08-28T19:20:18-03:00\" itemprop=\"datePublished\">28\/08\/2018 19:20<\/time><\/div><\/div><\/div><\/div><\/div>","single_layout":"posts","amp_enabled":true,"_links":{"self":[{"href":"https:\/\/www.suno.com.br\/noticias\/wp-json\/wp\/v2\/posts\/2906"}],"collection":[{"href":"https:\/\/www.suno.com.br\/noticias\/wp-json\/wp\/v2\/posts"}],"about":[{"href":"https:\/\/www.suno.com.br\/noticias\/wp-json\/wp\/v2\/types\/post"}],"author":[{"embeddable":true,"href":"https:\/\/www.suno.com.br\/noticias\/wp-json\/wp\/v2\/users\/6"}],"replies":[{"embeddable":true,"href":"https:\/\/www.suno.com.br\/noticias\/wp-json\/wp\/v2\/comments?post=2906"}],"version-history":[{"count":0,"href":"https:\/\/www.suno.com.br\/noticias\/wp-json\/wp\/v2\/posts\/2906\/revisions"}],"wp:featuredmedia":[{"embeddable":true,"href":"https:\/\/www.suno.com.br\/noticias\/wp-json\/wp\/v2\/media\/2907"}],"wp:attachment":[{"href":"https:\/\/www.suno.com.br\/noticias\/wp-json\/wp\/v2\/media?parent=2906"}],"wp:term":[{"taxonomy":"category","embeddable":true,"href":"https:\/\/www.suno.com.br\/noticias\/wp-json\/wp\/v2\/categories?post=2906"},{"taxonomy":"post_tag","embeddable":true,"href":"https:\/\/www.suno.com.br\/noticias\/wp-json\/wp\/v2\/tags?post=2906"},{"taxonomy":"suno_strategy","embeddable":true,"href":"https:\/\/www.suno.com.br\/noticias\/wp-json\/wp\/v2\/suno_strategy?post=2906"}],"curies":[{"name":"wp","href":"https:\/\/api.w.org\/{rel}","templated":true}]}}