{"id":290548,"date":"2022-08-28T23:56:54","date_gmt":"2022-08-29T02:56:54","guid":{"rendered":"https:\/\/www.suno.com.br\/noticias\/?p=290548"},"modified":"2022-08-29T02:01:16","modified_gmt":"2022-08-29T05:01:16","slug":"meta-facebook-processo-dados-vazados","status":"publish","type":"post","link":"https:\/\/www.suno.com.br\/noticias\/meta-facebook-processo-dados-vazados\/","title":{"rendered":"Meta, dona do Facebook (FBOK34), faz acordo para encerrar processo de dados vazados"},"content":{"rendered":"<p>A <strong>Meta<\/strong>, propriet\u00e1ria do <strong>Facebook<\/strong> (<a class=\"suno-keyword\" href=\"https:\/\/www.suno.com.br\/bdrs\/fbok34\/\" target=\"_blank\" rel=\"noopener\" data-force=\"yes\" data-priority=\"2\">FBOK34<\/a>), firmou um acordo para o t\u00e9rmino de uma a\u00e7\u00e3o movida por usu\u00e1rios da plataforma. O processo ocorreu por conta de supostas pr\u00e1ticas ilegais da companhia no compartilhamento de dados com a Cambridge Analytica.<\/p>\t<div class=\"wrapper-featured-image\">\n\t\t<figure class=\"spotlightImg\">\n\n\t\t\t<picture>\n\t\t\t\t<source media=\"(max-width: 768px)\" srcset=\"https:\/\/files.sunoresearch.com.br\/n\/uploads\/2022\/02\/41793468182_b8c6a37f18_o-400x200.jpg\">\n\t\t\t\t<img loading=\"lazy\" decoding=\"async\" class=\"newsContent__article__imgCapa lazyloadDisabled \" src=\"https:\/\/files.sunoresearch.com.br\/n\/uploads\/2022\/02\/41793468182_b8c6a37f18_o-800x450.jpg\" width=\"800\" height=\"450\" alt=\"Meta, dona do Facebook (FBOK34), faz acordo para encerrar processo de dados vazados\" fetchpriority=high \/>\n\t\t\t<\/picture>\n\n\t\t\t<figcaption class=\"wp-caption-text wp-caption-text--show\">Meta (M1TA34), dona do Facebook (FBOK34). Foto: Anthony Quintano\/CC<\/figcaption>\n\t\t<\/figure>\n\t<\/div>\n\n\n\t<p>\n\t\t<a href=\"\" target=\"_blank\" data-element=\"shortcode-suno-banner\" title=\"Banner SUNO, clique e saiba mais\">\n\t\t\t<picture>\n\t\t\t\t<source media=\"(max-width: 500px)\" srcset=\"\">\n\t\t\t\t<img class=\"newsContent__article__imgCapa newsContent__article__imgCapa--banner\"\n\t\t\t\t\tsrc=\"\"\n\t\t\t\t\tdata-promo-id=\"138420\"\t\t\t\t\t\t\t\t\t\t\t\t\t\t\talt=\"\"\n\t\t\t\t>\n\t\t\t<\/picture>\n\t\t<\/a>\n\t<\/p>\n\n\n<p>O <strong>compartilhamento de dados<\/strong> de forma ilegal que teria sido feito pelo Facebook \u00e9 uma das quest\u00f5es tratadas nos arquivos do processo judicial e que foram acessadas nesta \u00faltima sexta-feira (26).<\/p>\n<p>As duas partes no caso trouxeram uma notifica\u00e7\u00e3o conjunta em que declaram que &#8220;a princ\u00edpio chegaram a um acordo&#8221;, pedindo um prazo de 60 dias para entregar o acordo por escrito ao tribunal. Apesar disso, os termos do n\u00e3o foram mostrados.<\/p>\n\t<div data-element=\"shortcode-read-more\" class=\"knowMore\">\n\t\t\t\t<span class=\"knowMore__title\">Leia mais:<\/span>\n\t\t\t\t<a class=\"knowMore__link\" href=\"https:\/\/www.suno.com.br\/noticias\/herdeiro-eggon-silva-weg-wege3\/\">\n\t\t\tHerdeiro de Eggon da Silva, da Weg (WEGE3), vai receber R$ 1 bilh\u00e3o ap\u00f3s disputa judicial, diz site\t\t<\/a>\n\t<\/div>\n\n\n<p>A Bloomberg News noticiou na \u00faltima sexta-feira (26) que a notifica\u00e7\u00e3o do acordo foi realizada antes mesmo de o presidente executivo da companhia, <strong><a class=\"suno-keyword\" href=\"https:\/\/www.suno.com.br\/tudo-sobre\/mark-zuckerberg\/\" target=\"_blank\" rel=\"noopener\" data-force=\"no\" data-priority=\"2\">Mark Zuckerberg<\/a><\/strong>, iniciar o seu interrogat\u00f3rio.<\/p>\n<p>O caso trata do acesso, que teria sido feito sem autoriza\u00e7\u00e3o expressa, dos dados de <strong>usu\u00e1rios do Facebook<\/strong> pela Cambridge Analytica em 2018, conforme informa\u00e7\u00f5es da Dow Jones Newswires.<\/p>\n<h2>Entenda o caso envolvendo o Facebook<\/h2>\n<p>O processo envolvendo a Meta sobre o compartilhamento ilegal de dados dos usu\u00e1rios com a Cambridge Analytica culminou em uma multa aplicada pelo governo brasileiro, no valor de R$ 6,6 milh\u00f5es ao Facebook.<\/p>\n<p>O acordo preliminar foi realizado ainda no m\u00eas passado. Nesse caso, Mark Zuckerberg, que \u00e9 o <strong>CEO da Meta<\/strong>, conseguiu evitar passar algumas horas em um processo interrogat\u00f3rio. De acordo com a programa\u00e7\u00e3o, os depoimentos ocorreriam at\u00e9 20 de setembro.<\/p>\n\t<p>\n\t\t<a href=\"https:\/\/lp.suno.com.br\/planilha-controle-gastos\/\" target=\"_blank\" data-element=\"shortcode-suno-banner\" title=\"Banner SUNO, clique e saiba mais\">\n\t\t\t<picture>\n\t\t\t\t<source media=\"(max-width: 500px)\" srcset=\"https:\/\/files.sunoresearch.com.br\/n\/uploads\/2023\/03\/400x300-Planilha-controle-de-gastos.png\">\n\t\t\t\t<img class=\"newsContent__article__imgCapa newsContent__article__imgCapa--banner\"\n\t\t\t\t\tsrc=\"https:\/\/files.sunoresearch.com.br\/n\/uploads\/2023\/03\/1420x240-Planilha-controle-de-gastos.png\"\n\t\t\t\t\tdata-promo-id=\"101751\"\t\t\t\t\t\t\t\t\t\twidth='1420' height='240'\t\t\t\t\talt=\"https:\/\/files.sunoresearch.com.br\/n\/uploads\/2023\/03\/1420x240-Planilha-controle-de-gastos.png\"\n\t\t\t\t>\n\t\t\t<\/picture>\n\t\t<\/a>\n\t<\/p>\n\n\n<p>As partes envolvidas no processo solicitaram ao juiz do caso que realizasse a suspens\u00e3o da a\u00e7\u00e3o coletiva por um prazo de 60 dias. A medida tem o objetivo de &#8220;facilitar o processo de finaliza\u00e7\u00e3o de um acordo por escrito&#8221;, trazendo assim a possibilidade de apresentar ao tribunal esse acordo para aprov\u00e1-lo.<\/p>\n<p>A empresa respons\u00e1vel pela rede social foi processada no ano de 2018, depois que a Cambridge Analytica teve o acesso aos dados de at\u00e9 87 milh\u00f5es de assinantes do Facebook. A empresa de pesquisa tinha liga\u00e7\u00e3o com a campanha presidencial do at\u00e9 ent\u00e3o candidato <a class=\"suno-keyword\" href=\"https:\/\/www.suno.com.br\/tudo-sobre\/donald-trump\/\" target=\"_blank\" rel=\"noopener\" data-force=\"no\" data-priority=\"2\">Donald Trump<\/a>, no ano de 2016, que mais tarde viria a se tornar de fato o presidente dos Estados Unidos.<\/p>\n<p>Para apoiar o lado da acusa\u00e7\u00e3o, os advogados dos usu\u00e1rios do Facebook procuraram por informa\u00e7\u00f5es nos registros internos da companhia, com a acusa\u00e7\u00e3o de que o Facebook n\u00e3o ofereceu uma prote\u00e7\u00e3o adequada aos dados dos consumidores na rede social. Esse procedimento ocorreu antes mesmo da data do julgamento.<\/p>\n<p>Caso o <strong>Facebook<\/strong> tivesse perdido esse processo, existe a possibilidade de que a Meta pagasse uma cifra milion\u00e1ria. No entanto, a empresa ressalta que teria divulgado as pr\u00e1ticas nos acordos com usu\u00e1rios. Al\u00e9m disso, a companhia argumenta que os consumidores j\u00e1 tinham sido avisados que o compartilhamento de seus pr\u00f3prios dados na rede social n\u00e3o poderia contar com a prote\u00e7\u00e3o e privacidade dessas informa\u00e7\u00f5es.<\/p>\n\t<p>\n\t\t<a href=\"https:\/\/lp.suno.com.br\/planilha-da-vida-financeira\/\" target=\"_blank\" data-element=\"shortcode-suno-banner\" title=\"Banner SUNO, clique e saiba mais\">\n\t\t\t<picture>\n\t\t\t\t<source media=\"(max-width: 500px)\" srcset=\"https:\/\/files.sunoresearch.com.br\/n\/uploads\/2023\/04\/400x300-Planilha-vida-financeira-true.png\">\n\t\t\t\t<img class=\"newsContent__article__imgCapa newsContent__article__imgCapa--banner\"\n\t\t\t\t\tsrc=\"https:\/\/files.sunoresearch.com.br\/n\/uploads\/2023\/04\/1420x240-Planilha-vida-financeira-true.png\"\n\t\t\t\t\tdata-promo-id=\"106682\"\t\t\t\t\t\t\t\t\t\twidth='1420' height='240'\t\t\t\t\talt=\"https:\/\/files.sunoresearch.com.br\/n\/uploads\/2023\/04\/1420x240-Planilha-vida-financeira-true.png\"\n\t\t\t\t>\n\t\t\t<\/picture>\n\t\t<\/a>\n\t<\/p>\n\n\n","protected":false},"excerpt":{"rendered":"<p>A Meta, propriet\u00e1ria do Facebook (FBOK34), firmou um acordo para o t\u00e9rmino de uma a\u00e7\u00e3o movida por usu\u00e1rios da plataforma. O processo ocorreu por conta de supostas pr\u00e1ticas ilegais da companhia no compartilhamento de dados com a Cambridge Analytica. Meta (M1TA34), dona do Facebook (FBOK34). Foto: Anthony Quintano\/CC O compartilhamento de dados de forma ilegal [&hellip;]<\/p>\n","protected":false},"author":173,"featured_media":228474,"comment_status":"closed","ping_status":"closed","sticky":false,"template":"","format":"standard","meta":[],"categories":[64],"tags":[733,1239,1558],"suno_strategy":[],"class_list":["post-290548","post","type-post","status-publish","format-standard","has-post-thumbnail","hentry","category-negocios","tag-facebook-fbok34","tag-mark-zuckerberg","tag-vazamento-de-dados"],"yoast_head":"<!-- This site is optimized with the Yoast SEO plugin v24.4 - https:\/\/yoast.com\/wordpress\/plugins\/seo\/ -->\n<title>Dona do Facebook, faz acordo para encerrar processo de dados vazados<\/title>\n<meta name=\"description\" content=\"A Meta, dona do Facebook (FBOK34), fez um acordo para encerrar o processo de dados vazados. Saiba mais sobre o caso envolvendo o Facebook.\" \/>\n<meta name=\"robots\" content=\"index, follow, max-snippet:-1, max-image-preview:large, max-video-preview:-1\" \/>\n<link rel=\"canonical\" href=\"https:\/\/www.suno.com.br\/noticias\/meta-facebook-processo-dados-vazados\/\" \/>\n<meta property=\"og:locale\" content=\"pt_BR\" \/>\n<meta property=\"og:type\" content=\"article\" \/>\n<meta property=\"og:title\" content=\"Dona do Facebook, faz acordo para encerrar processo de dados vazados\" \/>\n<meta property=\"og:description\" content=\"A Meta, dona do Facebook (FBOK34), fez um acordo para encerrar o processo de dados vazados. Saiba mais sobre o caso envolvendo o Facebook.\" \/>\n<meta property=\"og:url\" content=\"https:\/\/www.suno.com.br\/noticias\/meta-facebook-processo-dados-vazados\/\" \/>\n<meta property=\"og:site_name\" content=\"Suno Not\u00edcias\" \/>\n<meta property=\"article:publisher\" content=\"https:\/\/facebook.com\/sunoresearch\" \/>\n<meta property=\"og:image\" content=\"https:\/\/files.sunoresearch.com.br\/n\/uploads\/2022\/02\/41793468182_b8c6a37f18_o-scaled.jpg\" \/>\n\t<meta property=\"og:image:width\" content=\"2560\" \/>\n\t<meta property=\"og:image:height\" content=\"1700\" \/>\n\t<meta property=\"og:image:type\" content=\"image\/jpeg\" \/>\n<meta name=\"author\" content=\"Jo\u00e3o Vitor\" \/>\n<meta name=\"twitter:card\" content=\"summary_large_image\" \/>\n<meta name=\"twitter:creator\" content=\"@sunoresearch\" \/>\n<meta name=\"twitter:site\" content=\"@sunoresearch\" \/>\n<meta name=\"twitter:label1\" content=\"Escrito por\" \/>\n\t<meta name=\"twitter:data1\" content=\"Jo\u00e3o Vitor\" \/>\n\t<meta name=\"twitter:label2\" content=\"Est. tempo de leitura\" \/>\n\t<meta name=\"twitter:data2\" content=\"3 minutos\" \/>\n<script type=\"application\/ld+json\" class=\"yoast-schema-graph\">{\"@context\":\"https:\/\/schema.org\",\"@graph\":[{\"@type\":\"NewsArticle\",\"@id\":\"https:\/\/www.suno.com.br\/noticias\/meta-facebook-processo-dados-vazados\/#article\",\"isPartOf\":{\"@id\":\"https:\/\/www.suno.com.br\/noticias\/meta-facebook-processo-dados-vazados\/\"},\"author\":{\"name\":\"Jo\u00e3o Vitor\",\"@id\":\"https:\/\/www.suno.com.br\/noticias\/#\/schema\/person\/87fc6973867c52dd884811905c43afba\"},\"headline\":\"Meta, dona do Facebook (FBOK34), faz acordo para encerrar processo de dados vazados\",\"datePublished\":\"2022-08-29T02:56:54+00:00\",\"dateModified\":\"2022-08-29T05:01:16+00:00\",\"mainEntityOfPage\":{\"@id\":\"https:\/\/www.suno.com.br\/noticias\/meta-facebook-processo-dados-vazados\/\"},\"wordCount\":533,\"publisher\":{\"@id\":\"https:\/\/www.suno.com.br\/noticias\/#organization\"},\"image\":{\"@id\":\"https:\/\/www.suno.com.br\/noticias\/meta-facebook-processo-dados-vazados\/#primaryimage\"},\"thumbnailUrl\":\"https:\/\/files.sunoresearch.com.br\/n\/uploads\/2022\/02\/41793468182_b8c6a37f18_o-scaled.jpg\",\"keywords\":[\"Facebook (FBOK34)\",\"Mark Zuckerberg\",\"vazamento de dados\"],\"articleSection\":[\"Neg\u00f3cios\"],\"inLanguage\":\"pt-BR\"},{\"@type\":\"WebPage\",\"@id\":\"https:\/\/www.suno.com.br\/noticias\/meta-facebook-processo-dados-vazados\/\",\"url\":\"https:\/\/www.suno.com.br\/noticias\/meta-facebook-processo-dados-vazados\/\",\"name\":\"Dona do Facebook, faz acordo para encerrar processo de dados vazados\",\"isPartOf\":{\"@id\":\"https:\/\/www.suno.com.br\/noticias\/#website\"},\"primaryImageOfPage\":{\"@id\":\"https:\/\/www.suno.com.br\/noticias\/meta-facebook-processo-dados-vazados\/#primaryimage\"},\"image\":{\"@id\":\"https:\/\/www.suno.com.br\/noticias\/meta-facebook-processo-dados-vazados\/#primaryimage\"},\"thumbnailUrl\":\"https:\/\/files.sunoresearch.com.br\/n\/uploads\/2022\/02\/41793468182_b8c6a37f18_o-scaled.jpg\",\"datePublished\":\"2022-08-29T02:56:54+00:00\",\"dateModified\":\"2022-08-29T05:01:16+00:00\",\"description\":\"A Meta, dona do Facebook (FBOK34), fez um acordo para encerrar o processo de dados vazados. Saiba mais sobre o caso envolvendo o Facebook.\",\"breadcrumb\":{\"@id\":\"https:\/\/www.suno.com.br\/noticias\/meta-facebook-processo-dados-vazados\/#breadcrumb\"},\"inLanguage\":\"pt-BR\",\"potentialAction\":[{\"@type\":\"ReadAction\",\"target\":[\"https:\/\/www.suno.com.br\/noticias\/meta-facebook-processo-dados-vazados\/\"]}]},{\"@type\":\"ImageObject\",\"inLanguage\":\"pt-BR\",\"@id\":\"https:\/\/www.suno.com.br\/noticias\/meta-facebook-processo-dados-vazados\/#primaryimage\",\"url\":\"https:\/\/files.sunoresearch.com.br\/n\/uploads\/2022\/02\/41793468182_b8c6a37f18_o-scaled.jpg\",\"contentUrl\":\"https:\/\/files.sunoresearch.com.br\/n\/uploads\/2022\/02\/41793468182_b8c6a37f18_o-scaled.jpg\",\"width\":2560,\"height\":1700,\"caption\":\"Meta (M1TA34), dona do Facebook (FBOK34). Foto: Anthony Quintano\/CC\"},{\"@type\":\"BreadcrumbList\",\"@id\":\"https:\/\/www.suno.com.br\/noticias\/meta-facebook-processo-dados-vazados\/#breadcrumb\",\"itemListElement\":[{\"@type\":\"ListItem\",\"position\":1,\"name\":\"Not\u00edcias\",\"item\":\"https:\/\/www.suno.com.br\/noticias\/\"},{\"@type\":\"ListItem\",\"position\":2,\"name\":\"Neg\u00f3cios\",\"item\":\"https:\/\/www.suno.com.br\/noticias\/negocios\/\"},{\"@type\":\"ListItem\",\"position\":3,\"name\":\"Meta, dona do Facebook (FBOK34), faz acordo para encerrar processo de dados vazados\"}]},{\"@type\":\"WebSite\",\"@id\":\"https:\/\/www.suno.com.br\/noticias\/#website\",\"url\":\"https:\/\/www.suno.com.br\/noticias\/\",\"name\":\"Suno Not\u00edcias\",\"description\":\"Seu portal de informa\u00e7\u00e3o sobre o mundo dos investimentos\",\"publisher\":{\"@id\":\"https:\/\/www.suno.com.br\/noticias\/#organization\"},\"potentialAction\":[{\"@type\":\"SearchAction\",\"target\":{\"@type\":\"EntryPoint\",\"urlTemplate\":\"https:\/\/www.suno.com.br\/noticias\/?s={search_term_string}\"},\"query-input\":{\"@type\":\"PropertyValueSpecification\",\"valueRequired\":true,\"valueName\":\"search_term_string\"}}],\"inLanguage\":\"pt-BR\"},{\"@type\":\"Organization\",\"@id\":\"https:\/\/www.suno.com.br\/noticias\/#organization\",\"name\":\"Suno Not\u00edcias\",\"url\":\"https:\/\/www.suno.com.br\/noticias\/\",\"logo\":{\"@type\":\"ImageObject\",\"inLanguage\":\"pt-BR\",\"@id\":\"https:\/\/www.suno.com.br\/noticias\/#\/schema\/logo\/image\/\",\"url\":\"https:\/\/files.sunoresearch.com.br\/n\/uploads\/2021\/09\/suno-logo.png\",\"contentUrl\":\"https:\/\/files.sunoresearch.com.br\/n\/uploads\/2021\/09\/suno-logo.png\",\"width\":180,\"height\":180,\"caption\":\"Suno Not\u00edcias\"},\"image\":{\"@id\":\"https:\/\/www.suno.com.br\/noticias\/#\/schema\/logo\/image\/\"},\"sameAs\":[\"https:\/\/facebook.com\/sunoresearch\",\"https:\/\/x.com\/sunoresearch\",\"https:\/\/www.instagram.com\/suno\",\"https:\/\/www.linkedin.com\/company\/suno-research\/\",\"https:\/\/www.youtube.com\/c\/sunoresearch\"]},{\"@type\":\"Person\",\"@id\":\"https:\/\/www.suno.com.br\/noticias\/#\/schema\/person\/87fc6973867c52dd884811905c43afba\",\"name\":\"Jo\u00e3o Vitor\",\"image\":{\"@type\":\"ImageObject\",\"inLanguage\":\"pt-BR\",\"@id\":\"https:\/\/www.suno.com.br\/noticias\/#\/schema\/person\/image\/\",\"url\":\"https:\/\/secure.gravatar.com\/avatar\/2843227ca03ccf8cc7ccca45204c127e?s=96&r=g\",\"contentUrl\":\"https:\/\/secure.gravatar.com\/avatar\/2843227ca03ccf8cc7ccca45204c127e?s=96&r=g\",\"caption\":\"Jo\u00e3o Vitor\"},\"description\":\"Redator profissional, com atua\u00e7\u00e3o no mercado editorial na produ\u00e7\u00e3o de not\u00edcias e conte\u00fados sobre o mercado de a\u00e7\u00f5es, fundos imobili\u00e1rios e economia popular. Graduando em Engenharia Qu\u00edmica pela Unesp, tamb\u00e9m j\u00e1 atuou como consultor financeiro.\",\"url\":\"https:\/\/www.suno.com.br\/noticias\/author\/joao-vitor-jacintho\/\"}]}<\/script>\n<!-- \/ Yoast SEO plugin. -->","yoast_head_json":{"title":"Dona do Facebook, faz acordo para encerrar processo de dados vazados","description":"A Meta, dona do Facebook (FBOK34), fez um acordo para encerrar o processo de dados vazados. Saiba mais sobre o caso envolvendo o Facebook.","robots":{"index":"index","follow":"follow","max-snippet":"max-snippet:-1","max-image-preview":"max-image-preview:large","max-video-preview":"max-video-preview:-1"},"canonical":"https:\/\/www.suno.com.br\/noticias\/meta-facebook-processo-dados-vazados\/","og_locale":"pt_BR","og_type":"article","og_title":"Dona do Facebook, faz acordo para encerrar processo de dados vazados","og_description":"A Meta, dona do Facebook (FBOK34), fez um acordo para encerrar o processo de dados vazados. Saiba mais sobre o caso envolvendo o Facebook.","og_url":"https:\/\/www.suno.com.br\/noticias\/meta-facebook-processo-dados-vazados\/","og_site_name":"Suno Not\u00edcias","article_publisher":"https:\/\/facebook.com\/sunoresearch","og_image":[{"width":2560,"height":1700,"url":"https:\/\/files.sunoresearch.com.br\/n\/uploads\/2022\/02\/41793468182_b8c6a37f18_o-scaled.jpg","type":"image\/jpeg"}],"author":"Jo\u00e3o Vitor","twitter_card":"summary_large_image","twitter_creator":"@sunoresearch","twitter_site":"@sunoresearch","twitter_misc":{"Escrito por":"Jo\u00e3o Vitor","Est. tempo de leitura":"3 minutos"},"schema":{"@context":"https:\/\/schema.org","@graph":[{"@type":"NewsArticle","@id":"https:\/\/www.suno.com.br\/noticias\/meta-facebook-processo-dados-vazados\/#article","isPartOf":{"@id":"https:\/\/www.suno.com.br\/noticias\/meta-facebook-processo-dados-vazados\/"},"author":{"name":"Jo\u00e3o Vitor","@id":"https:\/\/www.suno.com.br\/noticias\/#\/schema\/person\/87fc6973867c52dd884811905c43afba"},"headline":"Meta, dona do Facebook (FBOK34), faz acordo para encerrar processo de dados vazados","datePublished":"2022-08-29T02:56:54+00:00","dateModified":"2022-08-29T05:01:16+00:00","mainEntityOfPage":{"@id":"https:\/\/www.suno.com.br\/noticias\/meta-facebook-processo-dados-vazados\/"},"wordCount":533,"publisher":{"@id":"https:\/\/www.suno.com.br\/noticias\/#organization"},"image":{"@id":"https:\/\/www.suno.com.br\/noticias\/meta-facebook-processo-dados-vazados\/#primaryimage"},"thumbnailUrl":"https:\/\/files.sunoresearch.com.br\/n\/uploads\/2022\/02\/41793468182_b8c6a37f18_o-scaled.jpg","keywords":["Facebook (FBOK34)","Mark Zuckerberg","vazamento de dados"],"articleSection":["Neg\u00f3cios"],"inLanguage":"pt-BR"},{"@type":"WebPage","@id":"https:\/\/www.suno.com.br\/noticias\/meta-facebook-processo-dados-vazados\/","url":"https:\/\/www.suno.com.br\/noticias\/meta-facebook-processo-dados-vazados\/","name":"Dona do Facebook, faz acordo para encerrar processo de dados vazados","isPartOf":{"@id":"https:\/\/www.suno.com.br\/noticias\/#website"},"primaryImageOfPage":{"@id":"https:\/\/www.suno.com.br\/noticias\/meta-facebook-processo-dados-vazados\/#primaryimage"},"image":{"@id":"https:\/\/www.suno.com.br\/noticias\/meta-facebook-processo-dados-vazados\/#primaryimage"},"thumbnailUrl":"https:\/\/files.sunoresearch.com.br\/n\/uploads\/2022\/02\/41793468182_b8c6a37f18_o-scaled.jpg","datePublished":"2022-08-29T02:56:54+00:00","dateModified":"2022-08-29T05:01:16+00:00","description":"A Meta, dona do Facebook (FBOK34), fez um acordo para encerrar o processo de dados vazados. Saiba mais sobre o caso envolvendo o Facebook.","breadcrumb":{"@id":"https:\/\/www.suno.com.br\/noticias\/meta-facebook-processo-dados-vazados\/#breadcrumb"},"inLanguage":"pt-BR","potentialAction":[{"@type":"ReadAction","target":["https:\/\/www.suno.com.br\/noticias\/meta-facebook-processo-dados-vazados\/"]}]},{"@type":"ImageObject","inLanguage":"pt-BR","@id":"https:\/\/www.suno.com.br\/noticias\/meta-facebook-processo-dados-vazados\/#primaryimage","url":"https:\/\/files.sunoresearch.com.br\/n\/uploads\/2022\/02\/41793468182_b8c6a37f18_o-scaled.jpg","contentUrl":"https:\/\/files.sunoresearch.com.br\/n\/uploads\/2022\/02\/41793468182_b8c6a37f18_o-scaled.jpg","width":2560,"height":1700,"caption":"Meta (M1TA34), dona do Facebook (FBOK34). Foto: Anthony Quintano\/CC"},{"@type":"BreadcrumbList","@id":"https:\/\/www.suno.com.br\/noticias\/meta-facebook-processo-dados-vazados\/#breadcrumb","itemListElement":[{"@type":"ListItem","position":1,"name":"Not\u00edcias","item":"https:\/\/www.suno.com.br\/noticias\/"},{"@type":"ListItem","position":2,"name":"Neg\u00f3cios","item":"https:\/\/www.suno.com.br\/noticias\/negocios\/"},{"@type":"ListItem","position":3,"name":"Meta, dona do Facebook (FBOK34), faz acordo para encerrar processo de dados vazados"}]},{"@type":"WebSite","@id":"https:\/\/www.suno.com.br\/noticias\/#website","url":"https:\/\/www.suno.com.br\/noticias\/","name":"Suno Not\u00edcias","description":"Seu portal de informa\u00e7\u00e3o sobre o mundo dos investimentos","publisher":{"@id":"https:\/\/www.suno.com.br\/noticias\/#organization"},"potentialAction":[{"@type":"SearchAction","target":{"@type":"EntryPoint","urlTemplate":"https:\/\/www.suno.com.br\/noticias\/?s={search_term_string}"},"query-input":{"@type":"PropertyValueSpecification","valueRequired":true,"valueName":"search_term_string"}}],"inLanguage":"pt-BR"},{"@type":"Organization","@id":"https:\/\/www.suno.com.br\/noticias\/#organization","name":"Suno Not\u00edcias","url":"https:\/\/www.suno.com.br\/noticias\/","logo":{"@type":"ImageObject","inLanguage":"pt-BR","@id":"https:\/\/www.suno.com.br\/noticias\/#\/schema\/logo\/image\/","url":"https:\/\/files.sunoresearch.com.br\/n\/uploads\/2021\/09\/suno-logo.png","contentUrl":"https:\/\/files.sunoresearch.com.br\/n\/uploads\/2021\/09\/suno-logo.png","width":180,"height":180,"caption":"Suno Not\u00edcias"},"image":{"@id":"https:\/\/www.suno.com.br\/noticias\/#\/schema\/logo\/image\/"},"sameAs":["https:\/\/facebook.com\/sunoresearch","https:\/\/x.com\/sunoresearch","https:\/\/www.instagram.com\/suno","https:\/\/www.linkedin.com\/company\/suno-research\/","https:\/\/www.youtube.com\/c\/sunoresearch"]},{"@type":"Person","@id":"https:\/\/www.suno.com.br\/noticias\/#\/schema\/person\/87fc6973867c52dd884811905c43afba","name":"Jo\u00e3o Vitor","image":{"@type":"ImageObject","inLanguage":"pt-BR","@id":"https:\/\/www.suno.com.br\/noticias\/#\/schema\/person\/image\/","url":"https:\/\/secure.gravatar.com\/avatar\/2843227ca03ccf8cc7ccca45204c127e?s=96&r=g","contentUrl":"https:\/\/secure.gravatar.com\/avatar\/2843227ca03ccf8cc7ccca45204c127e?s=96&r=g","caption":"Jo\u00e3o Vitor"},"description":"Redator profissional, com atua\u00e7\u00e3o no mercado editorial na produ\u00e7\u00e3o de not\u00edcias e conte\u00fados sobre o mercado de a\u00e7\u00f5es, fundos imobili\u00e1rios e economia popular. Graduando em Engenharia Qu\u00edmica pela Unesp, tamb\u00e9m j\u00e1 atuou como consultor financeiro.","url":"https:\/\/www.suno.com.br\/noticias\/author\/joao-vitor-jacintho\/"}]}},"default_loop_html":"<div class=\"cardsPage__listCard__boxs\"><div class=\"cardsPage__listCard__boxs__img\"><a href=\"https:\/\/www.suno.com.br\/noticias\/meta-facebook-processo-dados-vazados\/\"><img class=\"mask\" src=\"https:\/\/www.suno.com.br\/noticias\/wp-content\/themes\/suno\/resources\/images\/spotlight\/spotlight1img\/bg-mask.png\" alt=\"Image Mask\"\/><img src=\"https:\/\/files.sunoresearch.com.br\/n\/uploads\/2022\/02\/41793468182_b8c6a37f18_o-400x200.jpg\" alt=\"Meta, dona do Facebook (FBOK34), faz acordo para encerrar processo de dados vazados\"\/><\/a><span class=\"spotlightCategory\"><a href=\"https:\/\/www.suno.com.br\/noticias\/negocios\/\">Neg\u00f3cios<\/a><\/span><\/div><div class=\"cardsPage__listCard__boxs__content\"><a href=\"https:\/\/www.suno.com.br\/noticias\/meta-facebook-processo-dados-vazados\/\"><h2 class=\"content__title\">Meta, dona do Facebook (FBOK34), faz acordo para encerrar processo de dados vazados<\/h2><\/a><div class=\"newsContent__article__meta\"><div class=\"newsContent__article__meta__authorBox\"><a href=\"https:\/\/www.suno.com.br\/noticias\/author\/joao-vitor-jacintho\/\" class=\"authorBox__avatar noMobi\"><img src=\"https:\/\/secure.gravatar.com\/avatar\/2843227ca03ccf8cc7ccca45204c127e?s=96&#038;r=g\" alt=\"Jo\u00e3o Vitor Jacintho\"><\/a><div class=\"authorBox__name\"><span>por\n\t\t\t<a href=\"https:\/\/www.suno.com.br\/noticias\/author\/joao-vitor-jacintho\/\"><span itemprop=\"author\">Jo\u00e3o Vitor Jacintho<\/span><\/a><\/span><time datetime=\"2022-08-28T23:56:54-03:00\" itemprop=\"datePublished\">28\/08\/2022 23:56<\/time><\/div><\/div><\/div><\/div><\/div>","single_layout":"posts","amp_enabled":true,"_links":{"self":[{"href":"https:\/\/www.suno.com.br\/noticias\/wp-json\/wp\/v2\/posts\/290548"}],"collection":[{"href":"https:\/\/www.suno.com.br\/noticias\/wp-json\/wp\/v2\/posts"}],"about":[{"href":"https:\/\/www.suno.com.br\/noticias\/wp-json\/wp\/v2\/types\/post"}],"author":[{"embeddable":true,"href":"https:\/\/www.suno.com.br\/noticias\/wp-json\/wp\/v2\/users\/173"}],"replies":[{"embeddable":true,"href":"https:\/\/www.suno.com.br\/noticias\/wp-json\/wp\/v2\/comments?post=290548"}],"version-history":[{"count":3,"href":"https:\/\/www.suno.com.br\/noticias\/wp-json\/wp\/v2\/posts\/290548\/revisions"}],"predecessor-version":[{"id":290553,"href":"https:\/\/www.suno.com.br\/noticias\/wp-json\/wp\/v2\/posts\/290548\/revisions\/290553"}],"wp:featuredmedia":[{"embeddable":true,"href":"https:\/\/www.suno.com.br\/noticias\/wp-json\/wp\/v2\/media\/228474"}],"wp:attachment":[{"href":"https:\/\/www.suno.com.br\/noticias\/wp-json\/wp\/v2\/media?parent=290548"}],"wp:term":[{"taxonomy":"category","embeddable":true,"href":"https:\/\/www.suno.com.br\/noticias\/wp-json\/wp\/v2\/categories?post=290548"},{"taxonomy":"post_tag","embeddable":true,"href":"https:\/\/www.suno.com.br\/noticias\/wp-json\/wp\/v2\/tags?post=290548"},{"taxonomy":"suno_strategy","embeddable":true,"href":"https:\/\/www.suno.com.br\/noticias\/wp-json\/wp\/v2\/suno_strategy?post=290548"}],"curies":[{"name":"wp","href":"https:\/\/api.w.org\/{rel}","templated":true}]}}