{"id":29047,"date":"2019-06-25T10:16:31","date_gmt":"2019-06-25T13:16:31","guid":{"rendered":"https:\/\/www.suno.com.br\/noticias\/?p=29047"},"modified":"2019-06-25T10:16:31","modified_gmt":"2019-06-25T13:16:31","slug":"previa-inflacao-junho-menor-taxa","status":"publish","type":"post","link":"https:\/\/www.suno.com.br\/noticias\/previa-inflacao-junho-menor-taxa\/","title":{"rendered":"Pr\u00e9via da infla\u00e7\u00e3o em junho \u00e9 de 0,06%, menor taxa do m\u00eas em 13 anos"},"content":{"rendered":"<p>A pr\u00e9via da infla\u00e7\u00e3o medida pelo \u00cdndice Nacional de Pre\u00e7os ao Consumidor Amplo 15<strong> (IPCA-15)<\/strong> ficou em 0,06% em junho, segundo o <strong>Instituto Brasileiro de Geografia e Estat\u00edstica (IBGE)<\/strong> nesta ter\u00e7a-feira (25).<\/p>\t<div class=\"wrapper-featured-image\">\n\t\t<figure class=\"spotlightImg\">\n\n\t\t\t<picture>\n\t\t\t\t<source media=\"(max-width: 768px)\" srcset=\"https:\/\/files.sunoresearch.com.br\/n\/uploads\/2019\/06\/b271c5bc-infla\u00e7\u00e3o-400x200.webp\">\n\t\t\t\t<img loading=\"lazy\" decoding=\"async\" class=\"newsContent__article__imgCapa lazyloadDisabled newsContent__article__imgCapa--noCaption\" src=\"https:\/\/files.sunoresearch.com.br\/n\/uploads\/2019\/06\/b271c5bc-infla\u00e7\u00e3o-800x450.webp\" width=\"800\" height=\"450\" alt=\"Pr\u00e9via da infla\u00e7\u00e3o em junho \u00e9 de 0,06%, menor taxa do m\u00eas em 13 anos\" fetchpriority=high \/>\n\t\t\t<\/picture>\n\n\t\t\t<figcaption class=\"wp-caption-text wp-caption-text--hide\">O IPC-S tamb\u00e9m deve renovar a sua m\u00e1xima hist\u00f3rica para 8,93% em novo pico - Foto: Ag\u00eancia Brasil <\/figcaption>\n\t\t<\/figure>\n\t<\/div>\n\n\n<p>Esta \u00e9 a menor pr\u00e9via da <strong>infla\u00e7\u00e3o<\/strong> para o m\u00eas de junho desde 2006, quando o \u00edndice registrou uma retra\u00e7\u00e3o -0,15%.<\/p>\n\t<p>\n\t\t<a href=\"https:\/\/lp.suno.com.br\/cl\/webinario-suno-black-2024\/\" target=\"_blank\" data-element=\"shortcode-suno-banner\" title=\"Banner SUNO, clique e saiba mais\">\n\t\t\t<picture>\n\t\t\t\t<source media=\"(max-width: 500px)\" srcset=\"https:\/\/files.sunoresearch.com.br\/n\/uploads\/2024\/04\/400x300-Banner-Home-1.png\">\n\t\t\t\t<img class=\"newsContent__article__imgCapa newsContent__article__imgCapa--banner\"\n\t\t\t\t\tsrc=\"https:\/\/files.sunoresearch.com.br\/n\/uploads\/2024\/04\/400x300-Banner-Home-1.png\"\n\t\t\t\t\tdata-promo-id=\"102411\"\t\t\t\t\t\t\t\t\t\twidth='401' height='300'\t\t\t\t\talt=\"https:\/\/files.sunoresearch.com.br\/n\/uploads\/2024\/04\/400x300-Banner-Home-1.png\"\n\t\t\t\t>\n\t\t\t<\/picture>\n\t\t<\/a>\n\t<\/p>\n\n\n<p>Na \u00faltima segunda-feira (24), o <strong>Boletim<\/strong> <strong>Focus<\/strong>, do <strong>Banco<\/strong> <strong>Central<\/strong>, registrou uma retra\u00e7\u00e3o da infla\u00e7\u00e3o. De acordo com os analistas das institui\u00e7\u00f5es financeiras apontaram que a previs\u00e3o \u00e9 de a infla\u00e7\u00e3o passe de 3,84% para 3,82% neste ano. Essa foi a quarta revis\u00e3o do indicador no ano.<\/p>\n<p>O valor est\u00e1 dentro do intervalo de toler\u00e2ncia estipulado pelo <strong>Conselho Monet\u00e1rio Nacional (CMN)<\/strong> que vai de 2,75% \u00e0 5,75%. No entanto, ainda est\u00e1 abaixo da meta central que \u00e9 de 4,25%.<\/p>\n<p>Enquanto isso, para 2020 o mercado prev\u00ea que o <strong>IPCA<\/strong>, que mede a infla\u00e7\u00e3o, fique em 3,95% e n\u00e3o mais na meta central de 4%.<\/p>\n<p><a href=\"https:\/\/www.suno.com.br\/noticias\/governo-pib-2019\/\">Saiba mais:\u00a0Governo est\u00e1 revendo estimativa do PIB para 2019, diz subsecret\u00e1rio<\/a><\/p>\n<h2>Varia\u00e7\u00e3o por grupo<\/h2>\n<p>De acordo com o <strong>IBGE<\/strong>, a queda nos pre\u00e7os dos <strong>alimentos<\/strong> e dos <strong>combust\u00edveis<\/strong> foram os principais setores que frearam a alta do \u00edndice entre maio e junho. Os alimentos tiveram uma defla\u00e7\u00e3o de -0,64% em junho contra o resultado est\u00e1vel de 0% em maio. J\u00e1 os combust\u00edveis recuaram os -0,67% neste m\u00eas, contra uma alta de +3,30 em no m\u00eas anterior.<\/p>\n<p>O<strong> grupo de Alimentos e bebidas<\/strong> teve baixa puxado pela queda de -0,82% na alimenta\u00e7\u00e3o no domic\u00edlio, com destaque para os alimentos:<\/p>\n<ul>\n<li>Feij\u00e3o-carioca: queda de l-11,49%<\/li>\n<li>Tomate: queda de -13,43%<\/li>\n<li>Feij\u00e3o-mulatinho: queda de -11,48%<\/li>\n<li>Batata-inglesa: queda de -11,30%<\/li>\n<li>Feij\u00e3o-preto: queda de -8,84%<\/li>\n<li>Frutas: queda de -5,25%<\/li>\n<\/ul>\n<p>Em contrapartida, o leite longa vida e carnes registraram alta no per\u00edodo, subindo +2,8% e +0,64% respectivamente.<\/p>\n<p>Os <strong>grupo de Transportes<\/strong> desacelerou sua alta, passando de +0,65% de crescimento em maio, para uma expans\u00e3o de 0,25% em junho. O \u00edndice foi afetado pela queda do combust\u00edvel, que caiu -0,67% frente \u00e0 alta de 3,30% em maio.<\/p>\n<ul>\n<li>Gasolina: alta de 0,10% (maio: +3,29%);<\/li>\n<li>Etanol: alta de 4% (maio: -4,57%);<\/li>\n<\/ul>\n<p>Al\u00e9m disso, as passagens a\u00e9reas tiveram alta de +18,89%, apresentando o maior impacto individual do m\u00eas no \u00edndice (+0,06%).<\/p>\n<p>O<strong> grupo de Sa\u00fade e cuidados pessoais<\/strong> registrou alta de +0,58% frente ao crescimento de +1,01% em maio. O setor teve a alta freada por conta dos rem\u00e9dios, que passaram de uma alta de +2,03% em maio para alta de +0,15% em junho. Mesmo com o crescimento dos itens de higiene pessoal, que foram de +0,62% para +1,10% no per\u00edodo, o \u00edndice desacelerou.<\/p>\n<p>A<strong> Habita\u00e7\u00e3o<\/strong> teve como principal influenciador a energia el\u00e9trica, que teve crescimento desacelerado passando de +0,72% em maio para +0,64% neste m\u00eas. O grupo fechou m\u00eas com uma alta de +0,52%.<\/p>\n\t<p>\n\t\t<a href=\"https:\/\/lps.suno.com.br\/asset\/newsletter\/\" target=\"_blank\" data-element=\"shortcode-suno-banner\" title=\"Banner SUNO, clique e saiba mais\">\n\t\t\t<picture>\n\t\t\t\t<source media=\"(max-width: 500px)\" srcset=\"https:\/\/files.sunoresearch.com.br\/n\/uploads\/2023\/04\/400x300-Mobile-Artigos-4.jpg\">\n\t\t\t\t<img class=\"newsContent__article__imgCapa newsContent__article__imgCapa--banner\"\n\t\t\t\t\tsrc=\"https:\/\/files.sunoresearch.com.br\/n\/uploads\/2023\/04\/1420x240-Banner-Artigos-1-_-Banner-Materias-1.jpg\"\n\t\t\t\t\tdata-promo-id=\"386700\"\t\t\t\t\t\t\t\t\t\twidth='1420' height='240'\t\t\t\t\talt=\"https:\/\/files.sunoresearch.com.br\/n\/uploads\/2023\/04\/1420x240-Banner-Artigos-1-_-Banner-Materias-1.jpg\"\n\t\t\t\t>\n\t\t\t<\/picture>\n\t\t<\/a>\n\t<\/p>\n\n\n<h2>C\u00e1lculo do IPCA-15<\/h2>\n<p>O <strong>IPCA-15<\/strong>, considerado a pr\u00e9via da <strong>infla\u00e7\u00e3o<\/strong>, foi calculado com base em pre\u00e7os coletados entre 16 de maio e 12 de junho. Ap\u00f3s a coleta, os valores foram comparados a \u00faltima pesquisa, que teve os dados adquiridos entre 12 de abril e 15 de maio.<\/p>\n","protected":false},"excerpt":{"rendered":"<p>A pr\u00e9via da infla\u00e7\u00e3o medida pelo \u00cdndice Nacional de Pre\u00e7os ao Consumidor Amplo 15 (IPCA-15) ficou em 0,06% em junho, segundo o Instituto Brasileiro de Geografia e Estat\u00edstica (IBGE) nesta ter\u00e7a-feira (25). O IPC-S tamb\u00e9m deve renovar a sua m\u00e1xima hist\u00f3rica para 8,93% em novo pico &#8211; Foto: Ag\u00eancia Brasil Esta \u00e9 a menor pr\u00e9via [&hellip;]<\/p>\n","protected":false},"author":11,"featured_media":29060,"comment_status":"closed","ping_status":"closed","sticky":false,"template":"","format":"standard","meta":[],"categories":[62],"tags":[850,1361],"suno_strategy":[],"class_list":["post-29047","post","type-post","status-publish","format-standard","has-post-thumbnail","hentry","category-economia","tag-inflacao","tag-ipca-15"],"yoast_head":"<!-- This site is optimized with the Yoast SEO plugin v24.4 - https:\/\/yoast.com\/wordpress\/plugins\/seo\/ -->\n<title>Pr\u00e9via da infla\u00e7\u00e3o em junho \u00e9 de 0,06%, menor taxa do m\u00eas em 13 anos<\/title>\n<meta name=\"description\" content=\"Esta \u00e9 a menor pr\u00e9via da infla\u00e7\u00e3o para o m\u00eas de junho desde 2006, quando o \u00edndice registrou uma retra\u00e7\u00e3o -0,15%. Clique e saiba mais.\" \/>\n<meta name=\"robots\" content=\"index, follow, max-snippet:-1, max-image-preview:large, max-video-preview:-1\" \/>\n<link rel=\"canonical\" href=\"https:\/\/www.suno.com.br\/noticias\/previa-inflacao-junho-menor-taxa\/\" \/>\n<meta property=\"og:locale\" content=\"pt_BR\" \/>\n<meta property=\"og:type\" content=\"article\" \/>\n<meta property=\"og:title\" content=\"Pr\u00e9via da infla\u00e7\u00e3o em junho \u00e9 de 0,06%, menor taxa do m\u00eas em 13 anos\" \/>\n<meta property=\"og:description\" content=\"Esta \u00e9 a menor pr\u00e9via da infla\u00e7\u00e3o para o m\u00eas de junho desde 2006, quando o \u00edndice registrou uma retra\u00e7\u00e3o -0,15%. Clique e saiba mais.\" \/>\n<meta property=\"og:url\" content=\"https:\/\/www.suno.com.br\/noticias\/previa-inflacao-junho-menor-taxa\/\" \/>\n<meta property=\"og:site_name\" content=\"Suno Not\u00edcias\" \/>\n<meta property=\"article:publisher\" content=\"https:\/\/facebook.com\/sunoresearch\" \/>\n<meta property=\"og:image\" content=\"https:\/\/files.sunoresearch.com.br\/n\/uploads\/2019\/06\/b271c5bc-infla\u00e7\u00e3o-1024x685.jpg\" \/>\n\t<meta property=\"og:image:width\" content=\"1024\" \/>\n\t<meta property=\"og:image:height\" content=\"685\" \/>\n\t<meta property=\"og:image:type\" content=\"image\/jpeg\" \/>\n<meta name=\"author\" content=\"Renan Bandeira\" \/>\n<meta name=\"twitter:card\" content=\"summary_large_image\" \/>\n<meta name=\"twitter:creator\" content=\"@sunoresearch\" \/>\n<meta name=\"twitter:site\" content=\"@sunoresearch\" \/>\n<meta name=\"twitter:label1\" content=\"Escrito por\" \/>\n\t<meta name=\"twitter:data1\" content=\"Renan Bandeira\" \/>\n\t<meta name=\"twitter:label2\" content=\"Est. tempo de leitura\" \/>\n\t<meta name=\"twitter:data2\" content=\"3 minutos\" \/>\n<script type=\"application\/ld+json\" class=\"yoast-schema-graph\">{\"@context\":\"https:\/\/schema.org\",\"@graph\":[{\"@type\":\"NewsArticle\",\"@id\":\"https:\/\/www.suno.com.br\/noticias\/previa-inflacao-junho-menor-taxa\/#article\",\"isPartOf\":{\"@id\":\"https:\/\/www.suno.com.br\/noticias\/previa-inflacao-junho-menor-taxa\/\"},\"author\":{\"name\":\"Renan Bandeira\",\"@id\":\"https:\/\/www.suno.com.br\/noticias\/#\/schema\/person\/fc144a1c6108bd1dcd43784e88a3c138\"},\"headline\":\"Pr\u00e9via da infla\u00e7\u00e3o em junho \u00e9 de 0,06%, menor taxa do m\u00eas em 13 anos\",\"datePublished\":\"2019-06-25T13:16:31+00:00\",\"mainEntityOfPage\":{\"@id\":\"https:\/\/www.suno.com.br\/noticias\/previa-inflacao-junho-menor-taxa\/\"},\"wordCount\":537,\"publisher\":{\"@id\":\"https:\/\/www.suno.com.br\/noticias\/#organization\"},\"image\":{\"@id\":\"https:\/\/www.suno.com.br\/noticias\/previa-inflacao-junho-menor-taxa\/#primaryimage\"},\"thumbnailUrl\":\"https:\/\/files.sunoresearch.com.br\/n\/uploads\/2019\/06\/b271c5bc-infla\u00e7\u00e3o-scaled.webp\",\"keywords\":[\"infla\u00e7\u00e3o\",\"IPCA-15\"],\"articleSection\":[\"Economia\"],\"inLanguage\":\"pt-BR\"},{\"@type\":\"WebPage\",\"@id\":\"https:\/\/www.suno.com.br\/noticias\/previa-inflacao-junho-menor-taxa\/\",\"url\":\"https:\/\/www.suno.com.br\/noticias\/previa-inflacao-junho-menor-taxa\/\",\"name\":\"Pr\u00e9via da infla\u00e7\u00e3o em junho \u00e9 de 0,06%, menor taxa do m\u00eas em 13 anos\",\"isPartOf\":{\"@id\":\"https:\/\/www.suno.com.br\/noticias\/#website\"},\"primaryImageOfPage\":{\"@id\":\"https:\/\/www.suno.com.br\/noticias\/previa-inflacao-junho-menor-taxa\/#primaryimage\"},\"image\":{\"@id\":\"https:\/\/www.suno.com.br\/noticias\/previa-inflacao-junho-menor-taxa\/#primaryimage\"},\"thumbnailUrl\":\"https:\/\/files.sunoresearch.com.br\/n\/uploads\/2019\/06\/b271c5bc-infla\u00e7\u00e3o-scaled.webp\",\"datePublished\":\"2019-06-25T13:16:31+00:00\",\"description\":\"Esta \u00e9 a menor pr\u00e9via da infla\u00e7\u00e3o para o m\u00eas de junho desde 2006, quando o \u00edndice registrou uma retra\u00e7\u00e3o -0,15%. Clique e saiba mais.\",\"breadcrumb\":{\"@id\":\"https:\/\/www.suno.com.br\/noticias\/previa-inflacao-junho-menor-taxa\/#breadcrumb\"},\"inLanguage\":\"pt-BR\",\"potentialAction\":[{\"@type\":\"ReadAction\",\"target\":[\"https:\/\/www.suno.com.br\/noticias\/previa-inflacao-junho-menor-taxa\/\"]}]},{\"@type\":\"ImageObject\",\"inLanguage\":\"pt-BR\",\"@id\":\"https:\/\/www.suno.com.br\/noticias\/previa-inflacao-junho-menor-taxa\/#primaryimage\",\"url\":\"https:\/\/files.sunoresearch.com.br\/n\/uploads\/2019\/06\/b271c5bc-infla\u00e7\u00e3o-scaled.webp\",\"contentUrl\":\"https:\/\/files.sunoresearch.com.br\/n\/uploads\/2019\/06\/b271c5bc-infla\u00e7\u00e3o-scaled.webp\",\"width\":2560,\"height\":1713,\"caption\":\"O IPC-S tamb\u00e9m deve renovar a sua m\u00e1xima hist\u00f3rica para 8,93% em novo pico - Foto: Ag\u00eancia Brasil\"},{\"@type\":\"BreadcrumbList\",\"@id\":\"https:\/\/www.suno.com.br\/noticias\/previa-inflacao-junho-menor-taxa\/#breadcrumb\",\"itemListElement\":[{\"@type\":\"ListItem\",\"position\":1,\"name\":\"Not\u00edcias\",\"item\":\"https:\/\/www.suno.com.br\/noticias\/\"},{\"@type\":\"ListItem\",\"position\":2,\"name\":\"Economia\",\"item\":\"https:\/\/www.suno.com.br\/noticias\/economia\/\"},{\"@type\":\"ListItem\",\"position\":3,\"name\":\"Pr\u00e9via da infla\u00e7\u00e3o em junho \u00e9 de 0,06%, menor taxa do m\u00eas em 13 anos\"}]},{\"@type\":\"WebSite\",\"@id\":\"https:\/\/www.suno.com.br\/noticias\/#website\",\"url\":\"https:\/\/www.suno.com.br\/noticias\/\",\"name\":\"Suno Not\u00edcias\",\"description\":\"Seu portal de informa\u00e7\u00e3o sobre o mundo dos investimentos\",\"publisher\":{\"@id\":\"https:\/\/www.suno.com.br\/noticias\/#organization\"},\"potentialAction\":[{\"@type\":\"SearchAction\",\"target\":{\"@type\":\"EntryPoint\",\"urlTemplate\":\"https:\/\/www.suno.com.br\/noticias\/?s={search_term_string}\"},\"query-input\":{\"@type\":\"PropertyValueSpecification\",\"valueRequired\":true,\"valueName\":\"search_term_string\"}}],\"inLanguage\":\"pt-BR\"},{\"@type\":\"Organization\",\"@id\":\"https:\/\/www.suno.com.br\/noticias\/#organization\",\"name\":\"Suno Not\u00edcias\",\"url\":\"https:\/\/www.suno.com.br\/noticias\/\",\"logo\":{\"@type\":\"ImageObject\",\"inLanguage\":\"pt-BR\",\"@id\":\"https:\/\/www.suno.com.br\/noticias\/#\/schema\/logo\/image\/\",\"url\":\"https:\/\/files.sunoresearch.com.br\/n\/uploads\/2021\/09\/suno-logo.png\",\"contentUrl\":\"https:\/\/files.sunoresearch.com.br\/n\/uploads\/2021\/09\/suno-logo.png\",\"width\":180,\"height\":180,\"caption\":\"Suno Not\u00edcias\"},\"image\":{\"@id\":\"https:\/\/www.suno.com.br\/noticias\/#\/schema\/logo\/image\/\"},\"sameAs\":[\"https:\/\/facebook.com\/sunoresearch\",\"https:\/\/x.com\/sunoresearch\",\"https:\/\/www.instagram.com\/suno\",\"https:\/\/www.linkedin.com\/company\/suno-research\/\",\"https:\/\/www.youtube.com\/c\/sunoresearch\"]},{\"@type\":\"Person\",\"@id\":\"https:\/\/www.suno.com.br\/noticias\/#\/schema\/person\/fc144a1c6108bd1dcd43784e88a3c138\",\"name\":\"Renan Bandeira\",\"image\":{\"@type\":\"ImageObject\",\"inLanguage\":\"pt-BR\",\"@id\":\"https:\/\/www.suno.com.br\/noticias\/#\/schema\/person\/image\/\",\"url\":\"https:\/\/secure.gravatar.com\/avatar\/68359cdb608f14f11bbefcb78f3fc747?s=96&r=g\",\"contentUrl\":\"https:\/\/secure.gravatar.com\/avatar\/68359cdb608f14f11bbefcb78f3fc747?s=96&r=g\",\"caption\":\"Renan Bandeira\"},\"description\":\"Renan Bandeira escreve sobre pol\u00edtica e economia para o portal da Suno Research. Antes da Suno, trabalhou em uma rede de televis\u00e3o, onde fazia reportagens sobre os mesmos temas. Estuda na Universidade Metodista de S\u00e3o Paulo.\",\"url\":\"https:\/\/www.suno.com.br\/noticias\/author\/renan-bandeira\/\"}]}<\/script>\n<!-- \/ Yoast SEO plugin. -->","yoast_head_json":{"title":"Pr\u00e9via da infla\u00e7\u00e3o em junho \u00e9 de 0,06%, menor taxa do m\u00eas em 13 anos","description":"Esta \u00e9 a menor pr\u00e9via da infla\u00e7\u00e3o para o m\u00eas de junho desde 2006, quando o \u00edndice registrou uma retra\u00e7\u00e3o -0,15%. Clique e saiba mais.","robots":{"index":"index","follow":"follow","max-snippet":"max-snippet:-1","max-image-preview":"max-image-preview:large","max-video-preview":"max-video-preview:-1"},"canonical":"https:\/\/www.suno.com.br\/noticias\/previa-inflacao-junho-menor-taxa\/","og_locale":"pt_BR","og_type":"article","og_title":"Pr\u00e9via da infla\u00e7\u00e3o em junho \u00e9 de 0,06%, menor taxa do m\u00eas em 13 anos","og_description":"Esta \u00e9 a menor pr\u00e9via da infla\u00e7\u00e3o para o m\u00eas de junho desde 2006, quando o \u00edndice registrou uma retra\u00e7\u00e3o -0,15%. Clique e saiba mais.","og_url":"https:\/\/www.suno.com.br\/noticias\/previa-inflacao-junho-menor-taxa\/","og_site_name":"Suno Not\u00edcias","article_publisher":"https:\/\/facebook.com\/sunoresearch","og_image":[{"width":1024,"height":685,"url":"https:\/\/files.sunoresearch.com.br\/n\/uploads\/2019\/06\/b271c5bc-infla\u00e7\u00e3o-1024x685.jpg","type":"image\/jpeg"}],"author":"Renan Bandeira","twitter_card":"summary_large_image","twitter_creator":"@sunoresearch","twitter_site":"@sunoresearch","twitter_misc":{"Escrito por":"Renan Bandeira","Est. tempo de leitura":"3 minutos"},"schema":{"@context":"https:\/\/schema.org","@graph":[{"@type":"NewsArticle","@id":"https:\/\/www.suno.com.br\/noticias\/previa-inflacao-junho-menor-taxa\/#article","isPartOf":{"@id":"https:\/\/www.suno.com.br\/noticias\/previa-inflacao-junho-menor-taxa\/"},"author":{"name":"Renan Bandeira","@id":"https:\/\/www.suno.com.br\/noticias\/#\/schema\/person\/fc144a1c6108bd1dcd43784e88a3c138"},"headline":"Pr\u00e9via da infla\u00e7\u00e3o em junho \u00e9 de 0,06%, menor taxa do m\u00eas em 13 anos","datePublished":"2019-06-25T13:16:31+00:00","mainEntityOfPage":{"@id":"https:\/\/www.suno.com.br\/noticias\/previa-inflacao-junho-menor-taxa\/"},"wordCount":537,"publisher":{"@id":"https:\/\/www.suno.com.br\/noticias\/#organization"},"image":{"@id":"https:\/\/www.suno.com.br\/noticias\/previa-inflacao-junho-menor-taxa\/#primaryimage"},"thumbnailUrl":"https:\/\/files.sunoresearch.com.br\/n\/uploads\/2019\/06\/b271c5bc-infla\u00e7\u00e3o-scaled.webp","keywords":["infla\u00e7\u00e3o","IPCA-15"],"articleSection":["Economia"],"inLanguage":"pt-BR"},{"@type":"WebPage","@id":"https:\/\/www.suno.com.br\/noticias\/previa-inflacao-junho-menor-taxa\/","url":"https:\/\/www.suno.com.br\/noticias\/previa-inflacao-junho-menor-taxa\/","name":"Pr\u00e9via da infla\u00e7\u00e3o em junho \u00e9 de 0,06%, menor taxa do m\u00eas em 13 anos","isPartOf":{"@id":"https:\/\/www.suno.com.br\/noticias\/#website"},"primaryImageOfPage":{"@id":"https:\/\/www.suno.com.br\/noticias\/previa-inflacao-junho-menor-taxa\/#primaryimage"},"image":{"@id":"https:\/\/www.suno.com.br\/noticias\/previa-inflacao-junho-menor-taxa\/#primaryimage"},"thumbnailUrl":"https:\/\/files.sunoresearch.com.br\/n\/uploads\/2019\/06\/b271c5bc-infla\u00e7\u00e3o-scaled.webp","datePublished":"2019-06-25T13:16:31+00:00","description":"Esta \u00e9 a menor pr\u00e9via da infla\u00e7\u00e3o para o m\u00eas de junho desde 2006, quando o \u00edndice registrou uma retra\u00e7\u00e3o -0,15%. Clique e saiba mais.","breadcrumb":{"@id":"https:\/\/www.suno.com.br\/noticias\/previa-inflacao-junho-menor-taxa\/#breadcrumb"},"inLanguage":"pt-BR","potentialAction":[{"@type":"ReadAction","target":["https:\/\/www.suno.com.br\/noticias\/previa-inflacao-junho-menor-taxa\/"]}]},{"@type":"ImageObject","inLanguage":"pt-BR","@id":"https:\/\/www.suno.com.br\/noticias\/previa-inflacao-junho-menor-taxa\/#primaryimage","url":"https:\/\/files.sunoresearch.com.br\/n\/uploads\/2019\/06\/b271c5bc-infla\u00e7\u00e3o-scaled.webp","contentUrl":"https:\/\/files.sunoresearch.com.br\/n\/uploads\/2019\/06\/b271c5bc-infla\u00e7\u00e3o-scaled.webp","width":2560,"height":1713,"caption":"O IPC-S tamb\u00e9m deve renovar a sua m\u00e1xima hist\u00f3rica para 8,93% em novo pico - Foto: Ag\u00eancia Brasil"},{"@type":"BreadcrumbList","@id":"https:\/\/www.suno.com.br\/noticias\/previa-inflacao-junho-menor-taxa\/#breadcrumb","itemListElement":[{"@type":"ListItem","position":1,"name":"Not\u00edcias","item":"https:\/\/www.suno.com.br\/noticias\/"},{"@type":"ListItem","position":2,"name":"Economia","item":"https:\/\/www.suno.com.br\/noticias\/economia\/"},{"@type":"ListItem","position":3,"name":"Pr\u00e9via da infla\u00e7\u00e3o em junho \u00e9 de 0,06%, menor taxa do m\u00eas em 13 anos"}]},{"@type":"WebSite","@id":"https:\/\/www.suno.com.br\/noticias\/#website","url":"https:\/\/www.suno.com.br\/noticias\/","name":"Suno Not\u00edcias","description":"Seu portal de informa\u00e7\u00e3o sobre o mundo dos investimentos","publisher":{"@id":"https:\/\/www.suno.com.br\/noticias\/#organization"},"potentialAction":[{"@type":"SearchAction","target":{"@type":"EntryPoint","urlTemplate":"https:\/\/www.suno.com.br\/noticias\/?s={search_term_string}"},"query-input":{"@type":"PropertyValueSpecification","valueRequired":true,"valueName":"search_term_string"}}],"inLanguage":"pt-BR"},{"@type":"Organization","@id":"https:\/\/www.suno.com.br\/noticias\/#organization","name":"Suno Not\u00edcias","url":"https:\/\/www.suno.com.br\/noticias\/","logo":{"@type":"ImageObject","inLanguage":"pt-BR","@id":"https:\/\/www.suno.com.br\/noticias\/#\/schema\/logo\/image\/","url":"https:\/\/files.sunoresearch.com.br\/n\/uploads\/2021\/09\/suno-logo.png","contentUrl":"https:\/\/files.sunoresearch.com.br\/n\/uploads\/2021\/09\/suno-logo.png","width":180,"height":180,"caption":"Suno Not\u00edcias"},"image":{"@id":"https:\/\/www.suno.com.br\/noticias\/#\/schema\/logo\/image\/"},"sameAs":["https:\/\/facebook.com\/sunoresearch","https:\/\/x.com\/sunoresearch","https:\/\/www.instagram.com\/suno","https:\/\/www.linkedin.com\/company\/suno-research\/","https:\/\/www.youtube.com\/c\/sunoresearch"]},{"@type":"Person","@id":"https:\/\/www.suno.com.br\/noticias\/#\/schema\/person\/fc144a1c6108bd1dcd43784e88a3c138","name":"Renan Bandeira","image":{"@type":"ImageObject","inLanguage":"pt-BR","@id":"https:\/\/www.suno.com.br\/noticias\/#\/schema\/person\/image\/","url":"https:\/\/secure.gravatar.com\/avatar\/68359cdb608f14f11bbefcb78f3fc747?s=96&r=g","contentUrl":"https:\/\/secure.gravatar.com\/avatar\/68359cdb608f14f11bbefcb78f3fc747?s=96&r=g","caption":"Renan Bandeira"},"description":"Renan Bandeira escreve sobre pol\u00edtica e economia para o portal da Suno Research. Antes da Suno, trabalhou em uma rede de televis\u00e3o, onde fazia reportagens sobre os mesmos temas. Estuda na Universidade Metodista de S\u00e3o Paulo.","url":"https:\/\/www.suno.com.br\/noticias\/author\/renan-bandeira\/"}]}},"default_loop_html":"<div class=\"cardsPage__listCard__boxs\"><div class=\"cardsPage__listCard__boxs__img\"><a href=\"https:\/\/www.suno.com.br\/noticias\/previa-inflacao-junho-menor-taxa\/\"><img class=\"mask\" src=\"https:\/\/www.suno.com.br\/noticias\/wp-content\/themes\/suno\/resources\/images\/spotlight\/spotlight1img\/bg-mask.png\" alt=\"Image Mask\"\/><img src=\"https:\/\/files.sunoresearch.com.br\/n\/uploads\/2019\/06\/b271c5bc-infla\u00e7\u00e3o-400x200.webp\" alt=\"Pr\u00e9via da infla\u00e7\u00e3o em junho \u00e9 de 0,06%, menor taxa do m\u00eas em 13 anos\"\/><\/a><span class=\"spotlightCategory\"><a href=\"https:\/\/www.suno.com.br\/noticias\/economia\/\">Economia<\/a><\/span><\/div><div class=\"cardsPage__listCard__boxs__content\"><a href=\"https:\/\/www.suno.com.br\/noticias\/previa-inflacao-junho-menor-taxa\/\"><h2 class=\"content__title\">Pr\u00e9via da infla\u00e7\u00e3o em junho \u00e9 de 0,06%, menor taxa do m\u00eas em 13 anos<\/h2><\/a><div class=\"newsContent__article__meta\"><div class=\"newsContent__article__meta__authorBox\"><a href=\"https:\/\/www.suno.com.br\/noticias\/author\/renan-bandeira\/\" class=\"authorBox__avatar noMobi\"><img src=\"https:\/\/secure.gravatar.com\/avatar\/68359cdb608f14f11bbefcb78f3fc747?s=96&#038;r=g\" alt=\"Renan Bandeira\"><\/a><div class=\"authorBox__name\"><span>por\n\t\t\t<a href=\"https:\/\/www.suno.com.br\/noticias\/author\/renan-bandeira\/\"><span itemprop=\"author\">Renan Bandeira<\/span><\/a><\/span><time datetime=\"2019-06-25T10:16:31-03:00\" itemprop=\"datePublished\">25\/06\/2019 10:16<\/time><\/div><\/div><\/div><\/div><\/div>","single_layout":"posts","amp_enabled":true,"_links":{"self":[{"href":"https:\/\/www.suno.com.br\/noticias\/wp-json\/wp\/v2\/posts\/29047"}],"collection":[{"href":"https:\/\/www.suno.com.br\/noticias\/wp-json\/wp\/v2\/posts"}],"about":[{"href":"https:\/\/www.suno.com.br\/noticias\/wp-json\/wp\/v2\/types\/post"}],"author":[{"embeddable":true,"href":"https:\/\/www.suno.com.br\/noticias\/wp-json\/wp\/v2\/users\/11"}],"replies":[{"embeddable":true,"href":"https:\/\/www.suno.com.br\/noticias\/wp-json\/wp\/v2\/comments?post=29047"}],"version-history":[{"count":0,"href":"https:\/\/www.suno.com.br\/noticias\/wp-json\/wp\/v2\/posts\/29047\/revisions"}],"wp:featuredmedia":[{"embeddable":true,"href":"https:\/\/www.suno.com.br\/noticias\/wp-json\/wp\/v2\/media\/29060"}],"wp:attachment":[{"href":"https:\/\/www.suno.com.br\/noticias\/wp-json\/wp\/v2\/media?parent=29047"}],"wp:term":[{"taxonomy":"category","embeddable":true,"href":"https:\/\/www.suno.com.br\/noticias\/wp-json\/wp\/v2\/categories?post=29047"},{"taxonomy":"post_tag","embeddable":true,"href":"https:\/\/www.suno.com.br\/noticias\/wp-json\/wp\/v2\/tags?post=29047"},{"taxonomy":"suno_strategy","embeddable":true,"href":"https:\/\/www.suno.com.br\/noticias\/wp-json\/wp\/v2\/suno_strategy?post=29047"}],"curies":[{"name":"wp","href":"https:\/\/api.w.org\/{rel}","templated":true}]}}