{"id":29036,"date":"2019-06-25T08:53:37","date_gmt":"2019-06-25T11:53:37","guid":{"rendered":"https:\/\/www.suno.com.br\/noticias\/?p=29036"},"modified":"2019-06-25T08:56:36","modified_gmt":"2019-06-25T11:56:36","slug":"donald-trump-sancoes-economicas-ira","status":"publish","type":"post","link":"https:\/\/www.suno.com.br\/noticias\/donald-trump-sancoes-economicas-ira\/","title":{"rendered":"Donald Trump aplica novas san\u00e7\u00f5es econ\u00f4micas ao Ir\u00e3"},"content":{"rendered":"<p>O presidente dos Estados Unidos, <strong><a href=\"https:\/\/www.suno.com.br\/tudo-sobre\/donald-trump\/\">Donald Trump<\/a><\/strong>, oficializou na \u00faltima segunda-feira (24), as novas<strong> san\u00e7\u00f5es<\/strong> ao<strong> Ir\u00e3<\/strong>. O presidente afirmou que n\u00e3o permitir\u00e1 que o pa\u00eds do<strong> Oriente M\u00e9dio<\/strong> tenha acesso a <strong>armas nucleares<\/strong>. O objetivo das novas medidas tem como o alvo o L\u00edder do Supremo,\u00a0aiatol\u00e1 <strong>Ali Khamenei<\/strong>.<\/p>\t<div class=\"wrapper-featured-image\">\n\t\t<figure class=\"spotlightImg\">\n\n\t\t\t<picture>\n\t\t\t\t<source media=\"(max-width: 768px)\" srcset=\"https:\/\/files.sunoresearch.com.br\/n\/uploads\/2018\/08\/b46f5256-vip-pt-31443-noticia-eua-donald-trump-tem-irma-gemea-espanhola-400x200.webp\">\n\t\t\t\t<img loading=\"lazy\" decoding=\"async\" class=\"newsContent__article__imgCapa lazyloadDisabled newsContent__article__imgCapa--noCaption\" src=\"https:\/\/files.sunoresearch.com.br\/n\/uploads\/2018\/08\/b46f5256-vip-pt-31443-noticia-eua-donald-trump-tem-irma-gemea-espanhola-800x450.webp\" width=\"800\" height=\"450\" alt=\"Donald Trump aplica novas san\u00e7\u00f5es econ\u00f4micas ao Ir\u00e3\" fetchpriority=high \/>\n\t\t\t<\/picture>\n\n\t\t\t<figcaption class=\"wp-caption-text wp-caption-text--hide\">A Agenda do Dia desta quarta-feira (13) movimentar\u00e1 os mercados no Brasil e no mundo. <\/figcaption>\n\t\t<\/figure>\n\t<\/div>\n\n\n<p>&#8220;San\u00e7\u00f5es impostas por meio de ordem executiva v\u00e3o negar ao <strong>L\u00edder Supremo<\/strong> [do Ir\u00e3] e ao escrit\u00f3rio do L\u00edder Supremo, e \u00e0queles intimamente ligados a ele e ao escrit\u00f3rio, o acesso a <a href=\"https:\/\/www.suno.com.br\/artigos\/recursos-financeiros\/\"><strong>recursos financeiros essenciais<\/strong><\/a> e apoio. O <strong>Ir\u00e3<\/strong> nunca poder\u00e1 ter uma <strong>arma nuclear<\/strong>&#8220;, disse <strong>Trump<\/strong>.<\/p>\n<p>Conforme o<strong> Secret\u00e1rio do Tesouro<\/strong>,<strong> Steven Mnuchin<\/strong>, as novas medidas tem como objetivo bloquear <strong><a href=\"https:\/\/www.suno.com.br\/artigos\/investir-em-dolar\/\">bilh\u00f5es de d\u00f3lares<\/a><\/strong> do pa\u00eds iraniano.<\/p>\n\t<p>\n\t\t<a href=\"https:\/\/lp.suno.com.br\/asset\/fundos\/suno-fic-fia\/\" target=\"_blank\" data-element=\"shortcode-suno-banner\" title=\"Banner SUNO, clique e saiba mais\">\n\t\t\t<picture>\n\t\t\t\t<source media=\"(max-width: 500px)\" srcset=\"https:\/\/files.sunoresearch.com.br\/n\/uploads\/2023\/10\/SUNO-FIC-FIA-400x300-Mobile-Artigos-5-v2.png\">\n\t\t\t\t<img class=\"newsContent__article__imgCapa newsContent__article__imgCapa--banner\"\n\t\t\t\t\tsrc=\"https:\/\/files.sunoresearch.com.br\/n\/uploads\/2023\/10\/SUNO-FIC-FIA-1420x240-Banner-Artigos-1-_-Banner-Materias-4-v2-png.webp\"\n\t\t\t\t\tdata-promo-id=\"478743\"\t\t\t\t\t\t\t\t\t\twidth='2560' height='433'\t\t\t\t\talt=\"https:\/\/files.sunoresearch.com.br\/n\/uploads\/2023\/10\/SUNO-FIC-FIA-1420x240-Banner-Artigos-1-_-Banner-Materias-4-v2-png.webp\"\n\t\t\t\t>\n\t\t\t<\/picture>\n\t\t<\/a>\n\t<\/p>\n\n\n<h2>Novas san\u00e7\u00f5es<\/h2>\n<p>As novas medidas impostas ao<strong> Ir\u00e3<\/strong> ser\u00e3o:<\/p>\n<ol>\n<li>limitar o desenvolvimento do <strong>programa nuclear<\/strong> do pa\u00eds;<\/li>\n<li>impedir o apoio do <strong>Ir\u00e3<\/strong> a milicias \u00e1rabes na regi\u00e3o;<\/li>\n<li>impedir que <strong>autoridades iranianas<\/strong> utilizem o sistema <strong>banc\u00e1rio internacional<\/strong> ou qualquer <strong>institui\u00e7\u00e3o financeira<\/strong> europeia ou de outros pa\u00edses.<\/li>\n<\/ol>\n<p>No entanto, os analistas americanos acreditam que os efeitos de bloqueio de institui\u00e7\u00e3o financeira ter\u00e3o<strong> efeitos m\u00ednimos<\/strong> no pa\u00eds. Conforme o jornal &#8220;The New York Times&#8221;, as <strong>autoridades iranianas<\/strong> n\u00e3o mant\u00eam &#8220;ativos substanciais&#8221; em <strong>bancos internacionais<\/strong>.<\/p>\n<p><a href=\"\/\/www.suno.com.br\/noticias\/trump-sancoes-importantes-ira\/\">Saiba Mais:\u00a0Trump anuncia a aplica\u00e7\u00e3o de san\u00e7\u00f5es \u201cimportantes\u201d ao Ir\u00e3<\/a><\/p>\n<p>O presidente afirmou que faria um acordo com o <strong>Ir\u00e3<\/strong>, mas n\u00e3o permitir\u00e1 que o pa\u00eds tenha acesso a <strong>armas nucleares<\/strong>.<\/p>\n\t<p>\n\t\t<a href=\"https:\/\/lp.suno.com.br\/ao\/cadastro-whatsapp\/\" target=\"_blank\" data-element=\"shortcode-suno-banner\" title=\"Banner SUNO, clique e saiba mais\">\n\t\t\t<picture>\n\t\t\t\t<source media=\"(max-width: 500px)\" srcset=\"https:\/\/files.sunoresearch.com.br\/n\/uploads\/2024\/02\/400x300-Mobile-Artigos-7.png\">\n\t\t\t\t<img class=\"newsContent__article__imgCapa newsContent__article__imgCapa--banner\"\n\t\t\t\t\tsrc=\"https:\/\/files.sunoresearch.com.br\/n\/uploads\/2024\/01\/1420x240-Banner-Artigos-1-_-Banner-Materias-8.png\"\n\t\t\t\t\tdata-promo-id=\"517344\"\t\t\t\t\t\t\t\t\t\twidth='1420' height='240'\t\t\t\t\talt=\"https:\/\/files.sunoresearch.com.br\/n\/uploads\/2024\/01\/1420x240-Banner-Artigos-1-_-Banner-Materias-8.png\"\n\t\t\t\t>\n\t\t\t<\/picture>\n\t\t<\/a>\n\t<\/p>\n\n\n<h2>Disputa<\/h2>\n<p>Na \u00faltima quinta-feira (20), o <strong>Ir\u00e3<\/strong> derrubou um <strong>drone de vigil\u00e2ncia<\/strong> dos Estados Unidos. As autoridades americanas e iranianas confirmaram a derrubada. No entanto, o pa\u00eds do Oriente M\u00e9dio, afirma que a aeronave havia violado o <strong>espa\u00e7o a\u00e9reo iraniano<\/strong>. Por sua vez o pa\u00eds americano diz que n\u00e3o violou.<\/p>\n<p><a href=\"\/\/www.suno.com.br\/noticias\/estados-unidos-ataque-cibernetico-ira\/\">Saiba Mais:\u00a0Estados Unidos atacam sistemas de intelig\u00eancia do Ir\u00e3<\/a><\/p>\n<p>Dessa forma, o <strong>Donald Trump<\/strong> anunciou ataque militar contra o<strong> Ir\u00e3<\/strong>. Mas desistiu minutos antes por acreditar que as consequ\u00eancias seriam desproporcionais. No entanto, no mesmo dia, os <strong>EUA<\/strong> atacaram ciberneticamente o <strong>Ir\u00e3<\/strong>, desligando os computadores respons\u00e1veis por lan\u00e7amento de<strong> m\u00edsseis<\/strong> e <strong>foguetes<\/strong>.<\/p>\n","protected":false},"excerpt":{"rendered":"<p>O presidente dos Estados Unidos, Donald Trump, oficializou na \u00faltima segunda-feira (24), as novas san\u00e7\u00f5es ao Ir\u00e3. O presidente afirmou que n\u00e3o permitir\u00e1 que o pa\u00eds do Oriente M\u00e9dio tenha acesso a armas nucleares. O objetivo das novas medidas tem como o alvo o L\u00edder do Supremo,\u00a0aiatol\u00e1 Ali Khamenei. A Agenda do Dia desta quarta-feira [&hellip;]<\/p>\n","protected":false},"author":15,"featured_media":2659,"comment_status":"closed","ping_status":"closed","sticky":false,"template":"","format":"standard","meta":[],"categories":[63],"tags":[724,793],"suno_strategy":[],"class_list":["post-29036","post","type-post","status-publish","format-standard","has-post-thumbnail","hentry","category-internacional","tag-donald-trump","tag-estados-unidos-eua"],"yoast_head":"<!-- This site is optimized with the Yoast SEO plugin v24.4 - https:\/\/yoast.com\/wordpress\/plugins\/seo\/ -->\n<title>Donald Trump aplica novas san\u00e7\u00f5es econ\u00f4micas ao Ir\u00e3<\/title>\n<meta name=\"description\" content=\"Trump oficializou na \u00faltima segunda(24), as novas san\u00e7\u00f5es ao Ir\u00e3 e afirmou que n\u00e3o permitir\u00e1 que o Ir\u00e3 tenha armas nucleares.\u00a0Clique aqui\" \/>\n<meta name=\"robots\" content=\"index, follow, max-snippet:-1, max-image-preview:large, max-video-preview:-1\" \/>\n<link rel=\"canonical\" href=\"https:\/\/www.suno.com.br\/noticias\/donald-trump-sancoes-economicas-ira\/\" \/>\n<meta property=\"og:locale\" content=\"pt_BR\" \/>\n<meta property=\"og:type\" content=\"article\" \/>\n<meta property=\"og:title\" content=\"Donald Trump aplica novas san\u00e7\u00f5es econ\u00f4micas ao Ir\u00e3\" \/>\n<meta property=\"og:description\" content=\"Trump oficializou na \u00faltima segunda(24), as novas san\u00e7\u00f5es ao Ir\u00e3 e afirmou que n\u00e3o permitir\u00e1 que o Ir\u00e3 tenha armas nucleares.\u00a0Clique aqui\" \/>\n<meta property=\"og:url\" content=\"https:\/\/www.suno.com.br\/noticias\/donald-trump-sancoes-economicas-ira\/\" \/>\n<meta property=\"og:site_name\" content=\"Suno Not\u00edcias\" \/>\n<meta property=\"article:publisher\" content=\"https:\/\/facebook.com\/sunoresearch\" \/>\n<meta property=\"og:image\" content=\"https:\/\/files.sunoresearch.com.br\/n\/uploads\/2018\/08\/b46f5256-vip-pt-31443-noticia-eua-donald-trump-tem-irma-gemea-espanhola.jpg\" \/>\n\t<meta property=\"og:image:width\" content=\"855\" \/>\n\t<meta property=\"og:image:height\" content=\"534\" \/>\n\t<meta property=\"og:image:type\" content=\"image\/jpeg\" \/>\n<meta name=\"author\" content=\"Poliana Santos\" \/>\n<meta name=\"twitter:card\" content=\"summary_large_image\" \/>\n<meta name=\"twitter:creator\" content=\"@sunoresearch\" \/>\n<meta name=\"twitter:site\" content=\"@sunoresearch\" \/>\n<meta name=\"twitter:label1\" content=\"Escrito por\" \/>\n\t<meta name=\"twitter:data1\" content=\"Poliana Santos\" \/>\n\t<meta name=\"twitter:label2\" content=\"Est. tempo de leitura\" \/>\n\t<meta name=\"twitter:data2\" content=\"2 minutos\" \/>\n<script type=\"application\/ld+json\" class=\"yoast-schema-graph\">{\"@context\":\"https:\/\/schema.org\",\"@graph\":[{\"@type\":\"NewsArticle\",\"@id\":\"https:\/\/www.suno.com.br\/noticias\/donald-trump-sancoes-economicas-ira\/#article\",\"isPartOf\":{\"@id\":\"https:\/\/www.suno.com.br\/noticias\/donald-trump-sancoes-economicas-ira\/\"},\"author\":{\"name\":\"Poliana Santos\",\"@id\":\"https:\/\/www.suno.com.br\/noticias\/#\/schema\/person\/02ec1f752758247878a2bf4abee1aeda\"},\"headline\":\"Donald Trump aplica novas san\u00e7\u00f5es econ\u00f4micas ao Ir\u00e3\",\"datePublished\":\"2019-06-25T11:53:37+00:00\",\"dateModified\":\"2019-06-25T11:56:36+00:00\",\"mainEntityOfPage\":{\"@id\":\"https:\/\/www.suno.com.br\/noticias\/donald-trump-sancoes-economicas-ira\/\"},\"wordCount\":391,\"publisher\":{\"@id\":\"https:\/\/www.suno.com.br\/noticias\/#organization\"},\"image\":{\"@id\":\"https:\/\/www.suno.com.br\/noticias\/donald-trump-sancoes-economicas-ira\/#primaryimage\"},\"thumbnailUrl\":\"https:\/\/files.sunoresearch.com.br\/n\/uploads\/2018\/08\/b46f5256-vip-pt-31443-noticia-eua-donald-trump-tem-irma-gemea-espanhola-jpg.webp\",\"keywords\":[\"Donald Trump\",\"Estados Unidos (EUA)\"],\"articleSection\":[\"Internacional\"],\"inLanguage\":\"pt-BR\"},{\"@type\":\"WebPage\",\"@id\":\"https:\/\/www.suno.com.br\/noticias\/donald-trump-sancoes-economicas-ira\/\",\"url\":\"https:\/\/www.suno.com.br\/noticias\/donald-trump-sancoes-economicas-ira\/\",\"name\":\"Donald Trump aplica novas san\u00e7\u00f5es econ\u00f4micas ao Ir\u00e3\",\"isPartOf\":{\"@id\":\"https:\/\/www.suno.com.br\/noticias\/#website\"},\"primaryImageOfPage\":{\"@id\":\"https:\/\/www.suno.com.br\/noticias\/donald-trump-sancoes-economicas-ira\/#primaryimage\"},\"image\":{\"@id\":\"https:\/\/www.suno.com.br\/noticias\/donald-trump-sancoes-economicas-ira\/#primaryimage\"},\"thumbnailUrl\":\"https:\/\/files.sunoresearch.com.br\/n\/uploads\/2018\/08\/b46f5256-vip-pt-31443-noticia-eua-donald-trump-tem-irma-gemea-espanhola-jpg.webp\",\"datePublished\":\"2019-06-25T11:53:37+00:00\",\"dateModified\":\"2019-06-25T11:56:36+00:00\",\"description\":\"Trump oficializou na \u00faltima segunda(24), as novas san\u00e7\u00f5es ao Ir\u00e3 e afirmou que n\u00e3o permitir\u00e1 que o Ir\u00e3 tenha armas nucleares.\u00a0Clique aqui\",\"breadcrumb\":{\"@id\":\"https:\/\/www.suno.com.br\/noticias\/donald-trump-sancoes-economicas-ira\/#breadcrumb\"},\"inLanguage\":\"pt-BR\",\"potentialAction\":[{\"@type\":\"ReadAction\",\"target\":[\"https:\/\/www.suno.com.br\/noticias\/donald-trump-sancoes-economicas-ira\/\"]}]},{\"@type\":\"ImageObject\",\"inLanguage\":\"pt-BR\",\"@id\":\"https:\/\/www.suno.com.br\/noticias\/donald-trump-sancoes-economicas-ira\/#primaryimage\",\"url\":\"https:\/\/files.sunoresearch.com.br\/n\/uploads\/2018\/08\/b46f5256-vip-pt-31443-noticia-eua-donald-trump-tem-irma-gemea-espanhola-jpg.webp\",\"contentUrl\":\"https:\/\/files.sunoresearch.com.br\/n\/uploads\/2018\/08\/b46f5256-vip-pt-31443-noticia-eua-donald-trump-tem-irma-gemea-espanhola-jpg.webp\",\"width\":855,\"height\":534,\"caption\":\"A Agenda do Dia desta quarta-feira (13) movimentar\u00e1 os mercados no Brasil e no mundo.\"},{\"@type\":\"BreadcrumbList\",\"@id\":\"https:\/\/www.suno.com.br\/noticias\/donald-trump-sancoes-economicas-ira\/#breadcrumb\",\"itemListElement\":[{\"@type\":\"ListItem\",\"position\":1,\"name\":\"Not\u00edcias\",\"item\":\"https:\/\/www.suno.com.br\/noticias\/\"},{\"@type\":\"ListItem\",\"position\":2,\"name\":\"Internacional\",\"item\":\"https:\/\/www.suno.com.br\/noticias\/internacional\/\"},{\"@type\":\"ListItem\",\"position\":3,\"name\":\"Donald Trump aplica novas san\u00e7\u00f5es econ\u00f4micas ao Ir\u00e3\"}]},{\"@type\":\"WebSite\",\"@id\":\"https:\/\/www.suno.com.br\/noticias\/#website\",\"url\":\"https:\/\/www.suno.com.br\/noticias\/\",\"name\":\"Suno Not\u00edcias\",\"description\":\"Seu portal de informa\u00e7\u00e3o sobre o mundo dos investimentos\",\"publisher\":{\"@id\":\"https:\/\/www.suno.com.br\/noticias\/#organization\"},\"potentialAction\":[{\"@type\":\"SearchAction\",\"target\":{\"@type\":\"EntryPoint\",\"urlTemplate\":\"https:\/\/www.suno.com.br\/noticias\/?s={search_term_string}\"},\"query-input\":{\"@type\":\"PropertyValueSpecification\",\"valueRequired\":true,\"valueName\":\"search_term_string\"}}],\"inLanguage\":\"pt-BR\"},{\"@type\":\"Organization\",\"@id\":\"https:\/\/www.suno.com.br\/noticias\/#organization\",\"name\":\"Suno Not\u00edcias\",\"url\":\"https:\/\/www.suno.com.br\/noticias\/\",\"logo\":{\"@type\":\"ImageObject\",\"inLanguage\":\"pt-BR\",\"@id\":\"https:\/\/www.suno.com.br\/noticias\/#\/schema\/logo\/image\/\",\"url\":\"https:\/\/files.sunoresearch.com.br\/n\/uploads\/2021\/09\/suno-logo.png\",\"contentUrl\":\"https:\/\/files.sunoresearch.com.br\/n\/uploads\/2021\/09\/suno-logo.png\",\"width\":180,\"height\":180,\"caption\":\"Suno Not\u00edcias\"},\"image\":{\"@id\":\"https:\/\/www.suno.com.br\/noticias\/#\/schema\/logo\/image\/\"},\"sameAs\":[\"https:\/\/facebook.com\/sunoresearch\",\"https:\/\/x.com\/sunoresearch\",\"https:\/\/www.instagram.com\/suno\",\"https:\/\/www.linkedin.com\/company\/suno-research\/\",\"https:\/\/www.youtube.com\/c\/sunoresearch\"]},{\"@type\":\"Person\",\"@id\":\"https:\/\/www.suno.com.br\/noticias\/#\/schema\/person\/02ec1f752758247878a2bf4abee1aeda\",\"name\":\"Poliana Santos\",\"image\":{\"@type\":\"ImageObject\",\"inLanguage\":\"pt-BR\",\"@id\":\"https:\/\/www.suno.com.br\/noticias\/#\/schema\/person\/image\/\",\"url\":\"https:\/\/secure.gravatar.com\/avatar\/0645bd32f23d87b2130f2b2dff1d3f8d?s=96&r=g\",\"contentUrl\":\"https:\/\/secure.gravatar.com\/avatar\/0645bd32f23d87b2130f2b2dff1d3f8d?s=96&r=g\",\"caption\":\"Poliana Santos\"},\"description\":\"Rep\u00f3rter no Suno Not\u00edcias, com cobertura em mercado financeiro, economia, finan\u00e7as pessoais, renda fixa e varejo. Jornalista formada pela Faculdade C\u00e1sper L\u00edbero e possui passagem na R\u00e1dio Gazeta AM com a produ\u00e7\u00e3o de conte\u00fado sobre economia, pol\u00edtica, sa\u00fade, moda e m\u00fasica. Possui certificado de conclus\u00e3o do curso de An\u00e1lise de Balan\u00e7os pela Funda\u00e7\u00e3o Bradesco, Agenda Brasil pela FAAP, Educa\u00e7\u00e3o Pol\u00edtica por Alexandre Garcia e do Tesouro Direto e Mercado de A\u00e7\u00f5es pela B3.\",\"url\":\"https:\/\/www.suno.com.br\/noticias\/author\/poliana-santos\/\"}]}<\/script>\n<!-- \/ Yoast SEO plugin. -->","yoast_head_json":{"title":"Donald Trump aplica novas san\u00e7\u00f5es econ\u00f4micas ao Ir\u00e3","description":"Trump oficializou na \u00faltima segunda(24), as novas san\u00e7\u00f5es ao Ir\u00e3 e afirmou que n\u00e3o permitir\u00e1 que o Ir\u00e3 tenha armas nucleares.\u00a0Clique aqui","robots":{"index":"index","follow":"follow","max-snippet":"max-snippet:-1","max-image-preview":"max-image-preview:large","max-video-preview":"max-video-preview:-1"},"canonical":"https:\/\/www.suno.com.br\/noticias\/donald-trump-sancoes-economicas-ira\/","og_locale":"pt_BR","og_type":"article","og_title":"Donald Trump aplica novas san\u00e7\u00f5es econ\u00f4micas ao Ir\u00e3","og_description":"Trump oficializou na \u00faltima segunda(24), as novas san\u00e7\u00f5es ao Ir\u00e3 e afirmou que n\u00e3o permitir\u00e1 que o Ir\u00e3 tenha armas nucleares.\u00a0Clique aqui","og_url":"https:\/\/www.suno.com.br\/noticias\/donald-trump-sancoes-economicas-ira\/","og_site_name":"Suno Not\u00edcias","article_publisher":"https:\/\/facebook.com\/sunoresearch","og_image":[{"width":855,"height":534,"url":"https:\/\/files.sunoresearch.com.br\/n\/uploads\/2018\/08\/b46f5256-vip-pt-31443-noticia-eua-donald-trump-tem-irma-gemea-espanhola.jpg","type":"image\/jpeg"}],"author":"Poliana Santos","twitter_card":"summary_large_image","twitter_creator":"@sunoresearch","twitter_site":"@sunoresearch","twitter_misc":{"Escrito por":"Poliana Santos","Est. tempo de leitura":"2 minutos"},"schema":{"@context":"https:\/\/schema.org","@graph":[{"@type":"NewsArticle","@id":"https:\/\/www.suno.com.br\/noticias\/donald-trump-sancoes-economicas-ira\/#article","isPartOf":{"@id":"https:\/\/www.suno.com.br\/noticias\/donald-trump-sancoes-economicas-ira\/"},"author":{"name":"Poliana Santos","@id":"https:\/\/www.suno.com.br\/noticias\/#\/schema\/person\/02ec1f752758247878a2bf4abee1aeda"},"headline":"Donald Trump aplica novas san\u00e7\u00f5es econ\u00f4micas ao Ir\u00e3","datePublished":"2019-06-25T11:53:37+00:00","dateModified":"2019-06-25T11:56:36+00:00","mainEntityOfPage":{"@id":"https:\/\/www.suno.com.br\/noticias\/donald-trump-sancoes-economicas-ira\/"},"wordCount":391,"publisher":{"@id":"https:\/\/www.suno.com.br\/noticias\/#organization"},"image":{"@id":"https:\/\/www.suno.com.br\/noticias\/donald-trump-sancoes-economicas-ira\/#primaryimage"},"thumbnailUrl":"https:\/\/files.sunoresearch.com.br\/n\/uploads\/2018\/08\/b46f5256-vip-pt-31443-noticia-eua-donald-trump-tem-irma-gemea-espanhola-jpg.webp","keywords":["Donald Trump","Estados Unidos (EUA)"],"articleSection":["Internacional"],"inLanguage":"pt-BR"},{"@type":"WebPage","@id":"https:\/\/www.suno.com.br\/noticias\/donald-trump-sancoes-economicas-ira\/","url":"https:\/\/www.suno.com.br\/noticias\/donald-trump-sancoes-economicas-ira\/","name":"Donald Trump aplica novas san\u00e7\u00f5es econ\u00f4micas ao Ir\u00e3","isPartOf":{"@id":"https:\/\/www.suno.com.br\/noticias\/#website"},"primaryImageOfPage":{"@id":"https:\/\/www.suno.com.br\/noticias\/donald-trump-sancoes-economicas-ira\/#primaryimage"},"image":{"@id":"https:\/\/www.suno.com.br\/noticias\/donald-trump-sancoes-economicas-ira\/#primaryimage"},"thumbnailUrl":"https:\/\/files.sunoresearch.com.br\/n\/uploads\/2018\/08\/b46f5256-vip-pt-31443-noticia-eua-donald-trump-tem-irma-gemea-espanhola-jpg.webp","datePublished":"2019-06-25T11:53:37+00:00","dateModified":"2019-06-25T11:56:36+00:00","description":"Trump oficializou na \u00faltima segunda(24), as novas san\u00e7\u00f5es ao Ir\u00e3 e afirmou que n\u00e3o permitir\u00e1 que o Ir\u00e3 tenha armas nucleares.\u00a0Clique aqui","breadcrumb":{"@id":"https:\/\/www.suno.com.br\/noticias\/donald-trump-sancoes-economicas-ira\/#breadcrumb"},"inLanguage":"pt-BR","potentialAction":[{"@type":"ReadAction","target":["https:\/\/www.suno.com.br\/noticias\/donald-trump-sancoes-economicas-ira\/"]}]},{"@type":"ImageObject","inLanguage":"pt-BR","@id":"https:\/\/www.suno.com.br\/noticias\/donald-trump-sancoes-economicas-ira\/#primaryimage","url":"https:\/\/files.sunoresearch.com.br\/n\/uploads\/2018\/08\/b46f5256-vip-pt-31443-noticia-eua-donald-trump-tem-irma-gemea-espanhola-jpg.webp","contentUrl":"https:\/\/files.sunoresearch.com.br\/n\/uploads\/2018\/08\/b46f5256-vip-pt-31443-noticia-eua-donald-trump-tem-irma-gemea-espanhola-jpg.webp","width":855,"height":534,"caption":"A Agenda do Dia desta quarta-feira (13) movimentar\u00e1 os mercados no Brasil e no mundo."},{"@type":"BreadcrumbList","@id":"https:\/\/www.suno.com.br\/noticias\/donald-trump-sancoes-economicas-ira\/#breadcrumb","itemListElement":[{"@type":"ListItem","position":1,"name":"Not\u00edcias","item":"https:\/\/www.suno.com.br\/noticias\/"},{"@type":"ListItem","position":2,"name":"Internacional","item":"https:\/\/www.suno.com.br\/noticias\/internacional\/"},{"@type":"ListItem","position":3,"name":"Donald Trump aplica novas san\u00e7\u00f5es econ\u00f4micas ao Ir\u00e3"}]},{"@type":"WebSite","@id":"https:\/\/www.suno.com.br\/noticias\/#website","url":"https:\/\/www.suno.com.br\/noticias\/","name":"Suno Not\u00edcias","description":"Seu portal de informa\u00e7\u00e3o sobre o mundo dos investimentos","publisher":{"@id":"https:\/\/www.suno.com.br\/noticias\/#organization"},"potentialAction":[{"@type":"SearchAction","target":{"@type":"EntryPoint","urlTemplate":"https:\/\/www.suno.com.br\/noticias\/?s={search_term_string}"},"query-input":{"@type":"PropertyValueSpecification","valueRequired":true,"valueName":"search_term_string"}}],"inLanguage":"pt-BR"},{"@type":"Organization","@id":"https:\/\/www.suno.com.br\/noticias\/#organization","name":"Suno Not\u00edcias","url":"https:\/\/www.suno.com.br\/noticias\/","logo":{"@type":"ImageObject","inLanguage":"pt-BR","@id":"https:\/\/www.suno.com.br\/noticias\/#\/schema\/logo\/image\/","url":"https:\/\/files.sunoresearch.com.br\/n\/uploads\/2021\/09\/suno-logo.png","contentUrl":"https:\/\/files.sunoresearch.com.br\/n\/uploads\/2021\/09\/suno-logo.png","width":180,"height":180,"caption":"Suno Not\u00edcias"},"image":{"@id":"https:\/\/www.suno.com.br\/noticias\/#\/schema\/logo\/image\/"},"sameAs":["https:\/\/facebook.com\/sunoresearch","https:\/\/x.com\/sunoresearch","https:\/\/www.instagram.com\/suno","https:\/\/www.linkedin.com\/company\/suno-research\/","https:\/\/www.youtube.com\/c\/sunoresearch"]},{"@type":"Person","@id":"https:\/\/www.suno.com.br\/noticias\/#\/schema\/person\/02ec1f752758247878a2bf4abee1aeda","name":"Poliana Santos","image":{"@type":"ImageObject","inLanguage":"pt-BR","@id":"https:\/\/www.suno.com.br\/noticias\/#\/schema\/person\/image\/","url":"https:\/\/secure.gravatar.com\/avatar\/0645bd32f23d87b2130f2b2dff1d3f8d?s=96&r=g","contentUrl":"https:\/\/secure.gravatar.com\/avatar\/0645bd32f23d87b2130f2b2dff1d3f8d?s=96&r=g","caption":"Poliana Santos"},"description":"Rep\u00f3rter no Suno Not\u00edcias, com cobertura em mercado financeiro, economia, finan\u00e7as pessoais, renda fixa e varejo. Jornalista formada pela Faculdade C\u00e1sper L\u00edbero e possui passagem na R\u00e1dio Gazeta AM com a produ\u00e7\u00e3o de conte\u00fado sobre economia, pol\u00edtica, sa\u00fade, moda e m\u00fasica. Possui certificado de conclus\u00e3o do curso de An\u00e1lise de Balan\u00e7os pela Funda\u00e7\u00e3o Bradesco, Agenda Brasil pela FAAP, Educa\u00e7\u00e3o Pol\u00edtica por Alexandre Garcia e do Tesouro Direto e Mercado de A\u00e7\u00f5es pela B3.","url":"https:\/\/www.suno.com.br\/noticias\/author\/poliana-santos\/"}]}},"default_loop_html":"<div class=\"cardsPage__listCard__boxs\"><div class=\"cardsPage__listCard__boxs__img\"><a href=\"https:\/\/www.suno.com.br\/noticias\/donald-trump-sancoes-economicas-ira\/\"><img class=\"mask\" src=\"https:\/\/www.suno.com.br\/noticias\/wp-content\/themes\/suno\/resources\/images\/spotlight\/spotlight1img\/bg-mask.png\" alt=\"Image Mask\"\/><img src=\"https:\/\/files.sunoresearch.com.br\/n\/uploads\/2018\/08\/b46f5256-vip-pt-31443-noticia-eua-donald-trump-tem-irma-gemea-espanhola-400x200.webp\" alt=\"Donald Trump aplica novas san\u00e7\u00f5es econ\u00f4micas ao Ir\u00e3\"\/><\/a><span class=\"spotlightCategory\"><a href=\"https:\/\/www.suno.com.br\/noticias\/internacional\/\">Internacional<\/a><\/span><\/div><div class=\"cardsPage__listCard__boxs__content\"><a href=\"https:\/\/www.suno.com.br\/noticias\/donald-trump-sancoes-economicas-ira\/\"><h2 class=\"content__title\">Donald Trump aplica novas san\u00e7\u00f5es econ\u00f4micas ao Ir\u00e3<\/h2><\/a><div class=\"newsContent__article__meta\"><div class=\"newsContent__article__meta__authorBox\"><a href=\"https:\/\/www.suno.com.br\/noticias\/author\/poliana-santos\/\" class=\"authorBox__avatar noMobi\"><img src=\"https:\/\/files.sunoresearch.com.br\/n\/uploads\/2020\/08\/7ef34026-whatsapp-image-2020-08-03-at-12.37.57-150x150.webp\" alt=\"Poliana Santos\"><\/a><div class=\"authorBox__name\"><span>por\n\t\t\t<a href=\"https:\/\/www.suno.com.br\/noticias\/author\/poliana-santos\/\"><span itemprop=\"author\">Poliana Santos<\/span><\/a><\/span><time datetime=\"2019-06-25T08:53:37-03:00\" itemprop=\"datePublished\">25\/06\/2019 08:53<\/time><\/div><\/div><\/div><\/div><\/div>","single_layout":"posts","amp_enabled":true,"_links":{"self":[{"href":"https:\/\/www.suno.com.br\/noticias\/wp-json\/wp\/v2\/posts\/29036"}],"collection":[{"href":"https:\/\/www.suno.com.br\/noticias\/wp-json\/wp\/v2\/posts"}],"about":[{"href":"https:\/\/www.suno.com.br\/noticias\/wp-json\/wp\/v2\/types\/post"}],"author":[{"embeddable":true,"href":"https:\/\/www.suno.com.br\/noticias\/wp-json\/wp\/v2\/users\/15"}],"replies":[{"embeddable":true,"href":"https:\/\/www.suno.com.br\/noticias\/wp-json\/wp\/v2\/comments?post=29036"}],"version-history":[{"count":0,"href":"https:\/\/www.suno.com.br\/noticias\/wp-json\/wp\/v2\/posts\/29036\/revisions"}],"wp:featuredmedia":[{"embeddable":true,"href":"https:\/\/www.suno.com.br\/noticias\/wp-json\/wp\/v2\/media\/2659"}],"wp:attachment":[{"href":"https:\/\/www.suno.com.br\/noticias\/wp-json\/wp\/v2\/media?parent=29036"}],"wp:term":[{"taxonomy":"category","embeddable":true,"href":"https:\/\/www.suno.com.br\/noticias\/wp-json\/wp\/v2\/categories?post=29036"},{"taxonomy":"post_tag","embeddable":true,"href":"https:\/\/www.suno.com.br\/noticias\/wp-json\/wp\/v2\/tags?post=29036"},{"taxonomy":"suno_strategy","embeddable":true,"href":"https:\/\/www.suno.com.br\/noticias\/wp-json\/wp\/v2\/suno_strategy?post=29036"}],"curies":[{"name":"wp","href":"https:\/\/api.w.org\/{rel}","templated":true}]}}