{"id":29035,"date":"2019-06-25T09:54:06","date_gmt":"2019-06-25T12:54:06","guid":{"rendered":"https:\/\/www.suno.com.br\/noticias\/?p=29035"},"modified":"2021-02-17T22:01:35","modified_gmt":"2021-02-18T01:01:35","slug":"ira-diz-que-eua-mente-quando-afirma-que-deseja-negociar","status":"publish","type":"post","link":"https:\/\/www.suno.com.br\/noticias\/ira-diz-que-eua-mente-quando-afirma-que-deseja-negociar\/","title":{"rendered":"Ir\u00e3 diz que EUA mente quando afirma que deseja negociar"},"content":{"rendered":"<p>O presidente iraniano, <strong>Hassan Rohani<\/strong>, acusou o governo dos <strong>Estados Unidos<\/strong> nesta ter\u00e7a-feira, 25. Ele disse que os <strong>EUA<\/strong> fechou de forma definitiva a via diplom\u00e1tica.<\/p>\t<div class=\"wrapper-featured-image\">\n\t\t<figure class=\"spotlightImg\">\n\n\t\t\t<picture>\n\t\t\t\t<source media=\"(max-width: 768px)\" srcset=\"https:\/\/files.sunoresearch.com.br\/n\/uploads\/2019\/04\/2fd392b7-trump-1-400x200.webp\">\n\t\t\t\t<img loading=\"lazy\" decoding=\"async\" class=\"newsContent__article__imgCapa lazyloadDisabled newsContent__article__imgCapa--noCaption\" src=\"https:\/\/files.sunoresearch.com.br\/n\/uploads\/2019\/04\/2fd392b7-trump-1-800x450.webp\" width=\"800\" height=\"450\" alt=\"Ir\u00e3 diz que EUA mente quando afirma que deseja negociar\" fetchpriority=high \/>\n\t\t\t<\/picture>\n\n\t\t\t<figcaption class=\"wp-caption-text wp-caption-text--hide\">Trump diz que negocia\u00e7\u00f5es com China est\u00e3o &#039;indo muito bem&#039;<\/figcaption>\n\t\t<\/figure>\n\t<\/div>\n\n\n<p>Al\u00e9m disso, o <strong>Ir\u00e3<\/strong> acusa os norte-americanos de mentir sobre a inten\u00e7\u00e3o de negociar.<\/p>\n\t<p>\n\t\t<a href=\"https:\/\/lp.suno.com.br\/nossas-assinaturas\/?utm_campaign=_SNC8166F3A4_\" target=\"_blank\" data-element=\"shortcode-suno-banner\" title=\"Banner SUNO, clique e saiba mais\">\n\t\t\t<picture>\n\t\t\t\t<source media=\"(max-width: 500px)\" srcset=\"https:\/\/files.sunoresearch.com.br\/n\/uploads\/2025\/08\/Artigos-e-Noticias-Banner-Materias-01-Mobile_-400x300-1-png.webp\">\n\t\t\t\t<img class=\"newsContent__article__imgCapa newsContent__article__imgCapa--banner\"\n\t\t\t\t\tsrc=\"https:\/\/files.sunoresearch.com.br\/n\/uploads\/2025\/08\/Artigos-e-Noticias-Banner-Materias-01-Desktop_-1420x240-4-png.webp\"\n\t\t\t\t\tdata-promo-id=\"620371\"\t\t\t\t\t\t\t\t\t\twidth='1420' height='240'\t\t\t\t\talt=\"https:\/\/files.sunoresearch.com.br\/n\/uploads\/2025\/08\/Artigos-e-Noticias-Banner-Materias-01-Desktop_-1420x240-4-png.webp\"\n\t\t\t\t>\n\t\t\t<\/picture>\n\t\t<\/a>\n\t<\/p>\n\n\n<p>&#8220;Ao mesmo tempo que pedem negocia\u00e7\u00f5es, eles tentam punir o ministro das <strong>Rela\u00e7\u00f5es Exteriores<\/strong>. \u00c9 evidente que mentem. Poderiam pelo menos ter esperado um pouco para que o mundo analisasse se dizem a verdade ou mentem&#8221;, disse <strong>Rohani<\/strong> em <strong>Teer\u00e3<\/strong>.<\/p>\n<p>Na \u00faltima segunda-feira (24) os <strong>EUA<\/strong> anunciou san\u00e7\u00f5es contra o chefe da diplomacia <strong>Mohamad Javad Zarif<\/strong>.<\/p>\n<div class=\"mc-column content-text active-extra-styles\" data-block-type=\"raw\" data-block-weight=\"4\" data-block-id=\"10\">\n<div class=\"content-intertitle\">\n<h2>EUA fecha via diplom\u00e1tica<\/h2>\n<\/div>\n<\/div>\n<div class=\"mc-column content-text active-extra-styles \" data-block-type=\"unstyled\" data-block-weight=\"32\" data-block-id=\"11\">\n<p class=\"content-text__container \" data-track-category=\"Link no Texto\" data-track-links=\"\">Washington e<strong> Teer\u00e3<\/strong> interromperam as rela\u00e7\u00f5es diplom\u00e1ticas em 1980. Mesmo assim, o governo do Ir\u00e3 afirmou que as atitudes norte-americanas encerram permanentemente a via diplom\u00e1tica entre <strong>Washington e Teer\u00e3<\/strong>.<\/p>\n<\/div>\n<div class=\"mc-column content-text active-extra-styles \" data-block-type=\"unstyled\" data-block-weight=\"44\" data-block-id=\"12\">\n<p class=\"content-text__container \" data-track-category=\"Link no Texto\" data-track-links=\"\">&#8220;Impor san\u00e7\u00f5es est\u00e9reis contra o guia supremo do <strong>Ir\u00e3<\/strong> e o chefe da diplomacia iraniana (Zarif) \u00e9 fechar de maneira permanente a via da diplomacia com o desesperado governo <strong>Trump<\/strong>&#8220;, disse em uma rede social o porta-voz do minist\u00e9rio das <strong>Rela\u00e7\u00f5es Exteriores do Ir\u00e3<\/strong>, <strong>Abbas Musavi<\/strong>.<\/p>\n<\/div>\n<div class=\"mc-column content-text active-extra-styles \" data-block-type=\"unstyled\" data-block-weight=\"20\" data-block-id=\"13\">\n<p class=\"content-text__container \" data-track-category=\"Link no Texto\" data-track-links=\"\">&#8220;O governo de <strong>Trump<\/strong> est\u00e1 destruindo todos os mecanismos internacionais existentes destinados a garantir a paz e a seguran\u00e7a mundial&#8221;, afirmou.<\/p>\n<p data-track-category=\"Link no Texto\" data-track-links=\"\">\t<p>\n\t\t<a href=\"https:\/\/lp.statusinvest.com.br\/ao\/assessoria-status-invest\/\" target=\"_blank\" data-element=\"shortcode-suno-banner\" title=\"Banner SUNO, clique e saiba mais\">\n\t\t\t<picture>\n\t\t\t\t<source media=\"(max-width: 500px)\" srcset=\"https:\/\/files.sunoresearch.com.br\/n\/uploads\/2024\/03\/400x300-Mobile.png\">\n\t\t\t\t<img class=\"newsContent__article__imgCapa newsContent__article__imgCapa--banner\"\n\t\t\t\t\tsrc=\"https:\/\/files.sunoresearch.com.br\/n\/uploads\/2024\/03\/1420x240-Desktop.png\"\n\t\t\t\t\tdata-promo-id=\"537248\"\t\t\t\t\t\t\t\t\t\twidth='1400' height='240'\t\t\t\t\talt=\"https:\/\/files.sunoresearch.com.br\/n\/uploads\/2024\/03\/1420x240-Desktop.png\"\n\t\t\t\t>\n\t\t\t<\/picture>\n\t\t<\/a>\n\t<\/p>\n\n<\/p>\n<\/div>\n<div class=\"mc-column content-text active-extra-styles \" data-block-type=\"unstyled\" data-block-weight=\"18\" data-block-id=\"14\">\n<p class=\"content-text__container \" data-track-category=\"Link no Texto\" data-track-links=\"\">Al\u00e9m disso, nesta ter\u00e7a-feira (25) o governo da <strong>China<\/strong> pediu\u00a0 &#8220;modera\u00e7\u00e3o&#8221; a <strong>Estados Unidos<\/strong> e <strong>Ir\u00e3<\/strong>.<\/p>\n<\/div>\n<div data-track-category=\"multicontent\" data-track-action=\"ultimo chunk conteudo\" data-track-noninteraction=\"false\" data-track-scroll=\"view\">\n<div class=\"mc-column content-text active-extra-styles \" data-block-type=\"unstyled\" data-block-weight=\"23\" data-block-id=\"15\">\n<p class=\"content-text__container \" data-track-category=\"Link no Texto\" data-track-links=\"\">&#8220;Pensamos que seguir aplicando uma press\u00e3o m\u00e1xima n\u00e3o ajuda a resolver o problema&#8221;, analisou <strong>Geng Shuang<\/strong>, porta-voz do minist\u00e9rio chin\u00eas das <strong>Rela\u00e7\u00f5es Exteriores<\/strong>.<\/p>\n<h2 data-track-category=\"Link no Texto\">Novas san\u00e7\u00f5es ao Ir\u00e3<\/h2>\n<p>Na \u00faltima semana, o <strong>Ir\u00e3<\/strong> destruiu um <strong>drone de vigil\u00e2ncia<\/strong> dos Estados Unidos, o que provocou a f\u00faria dos norte-americanos.<\/p>\n<p data-track-category=\"Link no Texto\" data-track-links=\"\">O presidente dos<strong> EUA<\/strong>, <strong><a href=\"https:\/\/www.suno.com.br\/tudo-sobre\/donald-trump\/\">Donald Trump<\/a><\/strong>, oficializou na segunda-feira (24), as novas<strong> san\u00e7\u00f5es<\/strong> ao<strong> Ir\u00e3<\/strong>.<\/p>\n<\/div>\n<\/div>\n<p><a href=\"https:\/\/www.suno.com.br\/noticias\/donald-trump-sancoes-economicas-ira\/\">Saiba mais:\u00a0Donald Trump aplica novas san\u00e7\u00f5es econ\u00f4micas ao Ir\u00e3\u00a0<\/a><\/p>\n<p>Trump disse que n\u00e3o permitir\u00e1 que o pa\u00eds do<strong> Oriente M\u00e9dio<\/strong> tenha acesso a <strong>armas nucleares<\/strong>. Dessa forma, o objetivo \u00e9 prejudicar o crescimento econ\u00f4mico do pa\u00eds.<\/p>\n","protected":false},"excerpt":{"rendered":"<p>O presidente iraniano, Hassan Rohani, acusou o governo dos Estados Unidos nesta ter\u00e7a-feira, 25. Ele disse que os EUA fechou de forma definitiva a via diplom\u00e1tica. Trump diz que negocia\u00e7\u00f5es com China est\u00e3o &#039;indo muito bem&#039; Al\u00e9m disso, o Ir\u00e3 acusa os norte-americanos de mentir sobre a inten\u00e7\u00e3o de negociar. &#8220;Ao mesmo tempo que pedem [&hellip;]<\/p>\n","protected":false},"author":19,"featured_media":22557,"comment_status":"closed","ping_status":"closed","sticky":false,"template":"","format":"standard","meta":[],"categories":[63],"tags":[724,793,1458],"suno_strategy":[],"class_list":["post-29035","post","type-post","status-publish","format-standard","has-post-thumbnail","hentry","category-internacional","tag-donald-trump","tag-estados-unidos-eua","tag-ira"],"yoast_head":"<!-- This site is optimized with the Yoast SEO plugin v24.4 - https:\/\/yoast.com\/wordpress\/plugins\/seo\/ -->\n<title>Ir\u00e3 diz que EUA mente quando afirma que deseja negociar<\/title>\n<meta name=\"description\" content=\"O presidente iraniano, Hassan Rohani, acusou o governo dos EUA nesta ter\u00e7a-feira (25) de fechar a via diplom\u00e1tica. Clique aqui e Saiba mais.\" \/>\n<meta name=\"robots\" content=\"index, follow, max-snippet:-1, max-image-preview:large, max-video-preview:-1\" \/>\n<link rel=\"canonical\" href=\"https:\/\/www.suno.com.br\/noticias\/ira-diz-que-eua-mente-quando-afirma-que-deseja-negociar\/\" \/>\n<meta property=\"og:locale\" content=\"pt_BR\" \/>\n<meta property=\"og:type\" content=\"article\" \/>\n<meta property=\"og:title\" content=\"Ir\u00e3 diz que EUA mente quando afirma que deseja negociar\" \/>\n<meta property=\"og:description\" content=\"O presidente iraniano, Hassan Rohani, acusou o governo dos EUA nesta ter\u00e7a-feira (25) de fechar a via diplom\u00e1tica. Clique aqui e Saiba mais.\" \/>\n<meta property=\"og:url\" content=\"https:\/\/www.suno.com.br\/noticias\/ira-diz-que-eua-mente-quando-afirma-que-deseja-negociar\/\" \/>\n<meta property=\"og:site_name\" content=\"Suno Not\u00edcias\" \/>\n<meta property=\"article:publisher\" content=\"https:\/\/facebook.com\/sunoresearch\" \/>\n<meta property=\"og:image\" content=\"https:\/\/files.sunoresearch.com.br\/n\/uploads\/2019\/04\/2fd392b7-trump-1.jpg\" \/>\n\t<meta property=\"og:image:width\" content=\"1000\" \/>\n\t<meta property=\"og:image:height\" content=\"541\" \/>\n\t<meta property=\"og:image:type\" content=\"image\/jpeg\" \/>\n<meta name=\"author\" content=\"Juliano Passaro\" \/>\n<meta name=\"twitter:card\" content=\"summary_large_image\" \/>\n<meta name=\"twitter:creator\" content=\"@sunoresearch\" \/>\n<meta name=\"twitter:site\" content=\"@sunoresearch\" \/>\n<meta name=\"twitter:label1\" content=\"Escrito por\" \/>\n\t<meta name=\"twitter:data1\" content=\"Juliano Passaro\" \/>\n\t<meta name=\"twitter:label2\" content=\"Est. tempo de leitura\" \/>\n\t<meta name=\"twitter:data2\" content=\"2 minutos\" \/>\n<script type=\"application\/ld+json\" class=\"yoast-schema-graph\">{\"@context\":\"https:\/\/schema.org\",\"@graph\":[{\"@type\":\"NewsArticle\",\"@id\":\"https:\/\/www.suno.com.br\/noticias\/ira-diz-que-eua-mente-quando-afirma-que-deseja-negociar\/#article\",\"isPartOf\":{\"@id\":\"https:\/\/www.suno.com.br\/noticias\/ira-diz-que-eua-mente-quando-afirma-que-deseja-negociar\/\"},\"author\":{\"name\":\"Juliano Passaro\",\"@id\":\"https:\/\/www.suno.com.br\/noticias\/#\/schema\/person\/1db762f78ffd8919a648a63e425953e3\"},\"headline\":\"Ir\u00e3 diz que EUA mente quando afirma que deseja negociar\",\"datePublished\":\"2019-06-25T12:54:06+00:00\",\"dateModified\":\"2021-02-18T01:01:35+00:00\",\"mainEntityOfPage\":{\"@id\":\"https:\/\/www.suno.com.br\/noticias\/ira-diz-que-eua-mente-quando-afirma-que-deseja-negociar\/\"},\"wordCount\":355,\"publisher\":{\"@id\":\"https:\/\/www.suno.com.br\/noticias\/#organization\"},\"image\":{\"@id\":\"https:\/\/www.suno.com.br\/noticias\/ira-diz-que-eua-mente-quando-afirma-que-deseja-negociar\/#primaryimage\"},\"thumbnailUrl\":\"https:\/\/files.sunoresearch.com.br\/n\/uploads\/2019\/04\/2fd392b7-trump-1-jpg.webp\",\"keywords\":[\"Donald Trump\",\"Estados Unidos (EUA)\",\"Ir\u00e3\"],\"articleSection\":[\"Internacional\"],\"inLanguage\":\"pt-BR\"},{\"@type\":\"WebPage\",\"@id\":\"https:\/\/www.suno.com.br\/noticias\/ira-diz-que-eua-mente-quando-afirma-que-deseja-negociar\/\",\"url\":\"https:\/\/www.suno.com.br\/noticias\/ira-diz-que-eua-mente-quando-afirma-que-deseja-negociar\/\",\"name\":\"Ir\u00e3 diz que EUA mente quando afirma que deseja negociar\",\"isPartOf\":{\"@id\":\"https:\/\/www.suno.com.br\/noticias\/#website\"},\"primaryImageOfPage\":{\"@id\":\"https:\/\/www.suno.com.br\/noticias\/ira-diz-que-eua-mente-quando-afirma-que-deseja-negociar\/#primaryimage\"},\"image\":{\"@id\":\"https:\/\/www.suno.com.br\/noticias\/ira-diz-que-eua-mente-quando-afirma-que-deseja-negociar\/#primaryimage\"},\"thumbnailUrl\":\"https:\/\/files.sunoresearch.com.br\/n\/uploads\/2019\/04\/2fd392b7-trump-1-jpg.webp\",\"datePublished\":\"2019-06-25T12:54:06+00:00\",\"dateModified\":\"2021-02-18T01:01:35+00:00\",\"description\":\"O presidente iraniano, Hassan Rohani, acusou o governo dos EUA nesta ter\u00e7a-feira (25) de fechar a via diplom\u00e1tica. Clique aqui e Saiba mais.\",\"breadcrumb\":{\"@id\":\"https:\/\/www.suno.com.br\/noticias\/ira-diz-que-eua-mente-quando-afirma-que-deseja-negociar\/#breadcrumb\"},\"inLanguage\":\"pt-BR\",\"potentialAction\":[{\"@type\":\"ReadAction\",\"target\":[\"https:\/\/www.suno.com.br\/noticias\/ira-diz-que-eua-mente-quando-afirma-que-deseja-negociar\/\"]}]},{\"@type\":\"ImageObject\",\"inLanguage\":\"pt-BR\",\"@id\":\"https:\/\/www.suno.com.br\/noticias\/ira-diz-que-eua-mente-quando-afirma-que-deseja-negociar\/#primaryimage\",\"url\":\"https:\/\/files.sunoresearch.com.br\/n\/uploads\/2019\/04\/2fd392b7-trump-1-jpg.webp\",\"contentUrl\":\"https:\/\/files.sunoresearch.com.br\/n\/uploads\/2019\/04\/2fd392b7-trump-1-jpg.webp\",\"width\":1000,\"height\":541,\"caption\":\"Trump diz que negocia\u00e7\u00f5es com China est\u00e3o 'indo muito bem'\"},{\"@type\":\"BreadcrumbList\",\"@id\":\"https:\/\/www.suno.com.br\/noticias\/ira-diz-que-eua-mente-quando-afirma-que-deseja-negociar\/#breadcrumb\",\"itemListElement\":[{\"@type\":\"ListItem\",\"position\":1,\"name\":\"Not\u00edcias\",\"item\":\"https:\/\/www.suno.com.br\/noticias\/\"},{\"@type\":\"ListItem\",\"position\":2,\"name\":\"Internacional\",\"item\":\"https:\/\/www.suno.com.br\/noticias\/internacional\/\"},{\"@type\":\"ListItem\",\"position\":3,\"name\":\"Ir\u00e3 diz que EUA mente quando afirma que deseja negociar\"}]},{\"@type\":\"WebSite\",\"@id\":\"https:\/\/www.suno.com.br\/noticias\/#website\",\"url\":\"https:\/\/www.suno.com.br\/noticias\/\",\"name\":\"Suno Not\u00edcias\",\"description\":\"Seu portal de informa\u00e7\u00e3o sobre o mundo dos investimentos\",\"publisher\":{\"@id\":\"https:\/\/www.suno.com.br\/noticias\/#organization\"},\"potentialAction\":[{\"@type\":\"SearchAction\",\"target\":{\"@type\":\"EntryPoint\",\"urlTemplate\":\"https:\/\/www.suno.com.br\/noticias\/?s={search_term_string}\"},\"query-input\":{\"@type\":\"PropertyValueSpecification\",\"valueRequired\":true,\"valueName\":\"search_term_string\"}}],\"inLanguage\":\"pt-BR\"},{\"@type\":\"Organization\",\"@id\":\"https:\/\/www.suno.com.br\/noticias\/#organization\",\"name\":\"Suno Not\u00edcias\",\"url\":\"https:\/\/www.suno.com.br\/noticias\/\",\"logo\":{\"@type\":\"ImageObject\",\"inLanguage\":\"pt-BR\",\"@id\":\"https:\/\/www.suno.com.br\/noticias\/#\/schema\/logo\/image\/\",\"url\":\"https:\/\/files.sunoresearch.com.br\/n\/uploads\/2021\/09\/suno-logo.png\",\"contentUrl\":\"https:\/\/files.sunoresearch.com.br\/n\/uploads\/2021\/09\/suno-logo.png\",\"width\":180,\"height\":180,\"caption\":\"Suno Not\u00edcias\"},\"image\":{\"@id\":\"https:\/\/www.suno.com.br\/noticias\/#\/schema\/logo\/image\/\"},\"sameAs\":[\"https:\/\/facebook.com\/sunoresearch\",\"https:\/\/x.com\/sunoresearch\",\"https:\/\/www.instagram.com\/suno\",\"https:\/\/www.linkedin.com\/company\/suno-research\/\",\"https:\/\/www.youtube.com\/c\/sunoresearch\"]},{\"@type\":\"Person\",\"@id\":\"https:\/\/www.suno.com.br\/noticias\/#\/schema\/person\/1db762f78ffd8919a648a63e425953e3\",\"name\":\"Juliano Passaro\",\"image\":{\"@type\":\"ImageObject\",\"inLanguage\":\"pt-BR\",\"@id\":\"https:\/\/www.suno.com.br\/noticias\/#\/schema\/person\/image\/\",\"url\":\"https:\/\/secure.gravatar.com\/avatar\/743d4df28eebf6dcc46b4ad03c319e92?s=96&r=g\",\"contentUrl\":\"https:\/\/secure.gravatar.com\/avatar\/743d4df28eebf6dcc46b4ad03c319e92?s=96&r=g\",\"caption\":\"Juliano Passaro\"},\"description\":\"Juliano Passaro escreve sobre pol\u00edtica, economia e neg\u00f3cios para o portal da Suno Research. Antes da Suno, trabalhou no Portal da Band. \u00c9 formado em jornalismo pela Universidade Presbiteriana Mackenzie.\",\"url\":\"https:\/\/www.suno.com.br\/noticias\/author\/juliano\/\"}]}<\/script>\n<!-- \/ Yoast SEO plugin. -->","yoast_head_json":{"title":"Ir\u00e3 diz que EUA mente quando afirma que deseja negociar","description":"O presidente iraniano, Hassan Rohani, acusou o governo dos EUA nesta ter\u00e7a-feira (25) de fechar a via diplom\u00e1tica. Clique aqui e Saiba mais.","robots":{"index":"index","follow":"follow","max-snippet":"max-snippet:-1","max-image-preview":"max-image-preview:large","max-video-preview":"max-video-preview:-1"},"canonical":"https:\/\/www.suno.com.br\/noticias\/ira-diz-que-eua-mente-quando-afirma-que-deseja-negociar\/","og_locale":"pt_BR","og_type":"article","og_title":"Ir\u00e3 diz que EUA mente quando afirma que deseja negociar","og_description":"O presidente iraniano, Hassan Rohani, acusou o governo dos EUA nesta ter\u00e7a-feira (25) de fechar a via diplom\u00e1tica. Clique aqui e Saiba mais.","og_url":"https:\/\/www.suno.com.br\/noticias\/ira-diz-que-eua-mente-quando-afirma-que-deseja-negociar\/","og_site_name":"Suno Not\u00edcias","article_publisher":"https:\/\/facebook.com\/sunoresearch","og_image":[{"width":1000,"height":541,"url":"https:\/\/files.sunoresearch.com.br\/n\/uploads\/2019\/04\/2fd392b7-trump-1.jpg","type":"image\/jpeg"}],"author":"Juliano Passaro","twitter_card":"summary_large_image","twitter_creator":"@sunoresearch","twitter_site":"@sunoresearch","twitter_misc":{"Escrito por":"Juliano Passaro","Est. tempo de leitura":"2 minutos"},"schema":{"@context":"https:\/\/schema.org","@graph":[{"@type":"NewsArticle","@id":"https:\/\/www.suno.com.br\/noticias\/ira-diz-que-eua-mente-quando-afirma-que-deseja-negociar\/#article","isPartOf":{"@id":"https:\/\/www.suno.com.br\/noticias\/ira-diz-que-eua-mente-quando-afirma-que-deseja-negociar\/"},"author":{"name":"Juliano Passaro","@id":"https:\/\/www.suno.com.br\/noticias\/#\/schema\/person\/1db762f78ffd8919a648a63e425953e3"},"headline":"Ir\u00e3 diz que EUA mente quando afirma que deseja negociar","datePublished":"2019-06-25T12:54:06+00:00","dateModified":"2021-02-18T01:01:35+00:00","mainEntityOfPage":{"@id":"https:\/\/www.suno.com.br\/noticias\/ira-diz-que-eua-mente-quando-afirma-que-deseja-negociar\/"},"wordCount":355,"publisher":{"@id":"https:\/\/www.suno.com.br\/noticias\/#organization"},"image":{"@id":"https:\/\/www.suno.com.br\/noticias\/ira-diz-que-eua-mente-quando-afirma-que-deseja-negociar\/#primaryimage"},"thumbnailUrl":"https:\/\/files.sunoresearch.com.br\/n\/uploads\/2019\/04\/2fd392b7-trump-1-jpg.webp","keywords":["Donald Trump","Estados Unidos (EUA)","Ir\u00e3"],"articleSection":["Internacional"],"inLanguage":"pt-BR"},{"@type":"WebPage","@id":"https:\/\/www.suno.com.br\/noticias\/ira-diz-que-eua-mente-quando-afirma-que-deseja-negociar\/","url":"https:\/\/www.suno.com.br\/noticias\/ira-diz-que-eua-mente-quando-afirma-que-deseja-negociar\/","name":"Ir\u00e3 diz que EUA mente quando afirma que deseja negociar","isPartOf":{"@id":"https:\/\/www.suno.com.br\/noticias\/#website"},"primaryImageOfPage":{"@id":"https:\/\/www.suno.com.br\/noticias\/ira-diz-que-eua-mente-quando-afirma-que-deseja-negociar\/#primaryimage"},"image":{"@id":"https:\/\/www.suno.com.br\/noticias\/ira-diz-que-eua-mente-quando-afirma-que-deseja-negociar\/#primaryimage"},"thumbnailUrl":"https:\/\/files.sunoresearch.com.br\/n\/uploads\/2019\/04\/2fd392b7-trump-1-jpg.webp","datePublished":"2019-06-25T12:54:06+00:00","dateModified":"2021-02-18T01:01:35+00:00","description":"O presidente iraniano, Hassan Rohani, acusou o governo dos EUA nesta ter\u00e7a-feira (25) de fechar a via diplom\u00e1tica. Clique aqui e Saiba mais.","breadcrumb":{"@id":"https:\/\/www.suno.com.br\/noticias\/ira-diz-que-eua-mente-quando-afirma-que-deseja-negociar\/#breadcrumb"},"inLanguage":"pt-BR","potentialAction":[{"@type":"ReadAction","target":["https:\/\/www.suno.com.br\/noticias\/ira-diz-que-eua-mente-quando-afirma-que-deseja-negociar\/"]}]},{"@type":"ImageObject","inLanguage":"pt-BR","@id":"https:\/\/www.suno.com.br\/noticias\/ira-diz-que-eua-mente-quando-afirma-que-deseja-negociar\/#primaryimage","url":"https:\/\/files.sunoresearch.com.br\/n\/uploads\/2019\/04\/2fd392b7-trump-1-jpg.webp","contentUrl":"https:\/\/files.sunoresearch.com.br\/n\/uploads\/2019\/04\/2fd392b7-trump-1-jpg.webp","width":1000,"height":541,"caption":"Trump diz que negocia\u00e7\u00f5es com China est\u00e3o 'indo muito bem'"},{"@type":"BreadcrumbList","@id":"https:\/\/www.suno.com.br\/noticias\/ira-diz-que-eua-mente-quando-afirma-que-deseja-negociar\/#breadcrumb","itemListElement":[{"@type":"ListItem","position":1,"name":"Not\u00edcias","item":"https:\/\/www.suno.com.br\/noticias\/"},{"@type":"ListItem","position":2,"name":"Internacional","item":"https:\/\/www.suno.com.br\/noticias\/internacional\/"},{"@type":"ListItem","position":3,"name":"Ir\u00e3 diz que EUA mente quando afirma que deseja negociar"}]},{"@type":"WebSite","@id":"https:\/\/www.suno.com.br\/noticias\/#website","url":"https:\/\/www.suno.com.br\/noticias\/","name":"Suno Not\u00edcias","description":"Seu portal de informa\u00e7\u00e3o sobre o mundo dos investimentos","publisher":{"@id":"https:\/\/www.suno.com.br\/noticias\/#organization"},"potentialAction":[{"@type":"SearchAction","target":{"@type":"EntryPoint","urlTemplate":"https:\/\/www.suno.com.br\/noticias\/?s={search_term_string}"},"query-input":{"@type":"PropertyValueSpecification","valueRequired":true,"valueName":"search_term_string"}}],"inLanguage":"pt-BR"},{"@type":"Organization","@id":"https:\/\/www.suno.com.br\/noticias\/#organization","name":"Suno Not\u00edcias","url":"https:\/\/www.suno.com.br\/noticias\/","logo":{"@type":"ImageObject","inLanguage":"pt-BR","@id":"https:\/\/www.suno.com.br\/noticias\/#\/schema\/logo\/image\/","url":"https:\/\/files.sunoresearch.com.br\/n\/uploads\/2021\/09\/suno-logo.png","contentUrl":"https:\/\/files.sunoresearch.com.br\/n\/uploads\/2021\/09\/suno-logo.png","width":180,"height":180,"caption":"Suno Not\u00edcias"},"image":{"@id":"https:\/\/www.suno.com.br\/noticias\/#\/schema\/logo\/image\/"},"sameAs":["https:\/\/facebook.com\/sunoresearch","https:\/\/x.com\/sunoresearch","https:\/\/www.instagram.com\/suno","https:\/\/www.linkedin.com\/company\/suno-research\/","https:\/\/www.youtube.com\/c\/sunoresearch"]},{"@type":"Person","@id":"https:\/\/www.suno.com.br\/noticias\/#\/schema\/person\/1db762f78ffd8919a648a63e425953e3","name":"Juliano Passaro","image":{"@type":"ImageObject","inLanguage":"pt-BR","@id":"https:\/\/www.suno.com.br\/noticias\/#\/schema\/person\/image\/","url":"https:\/\/secure.gravatar.com\/avatar\/743d4df28eebf6dcc46b4ad03c319e92?s=96&r=g","contentUrl":"https:\/\/secure.gravatar.com\/avatar\/743d4df28eebf6dcc46b4ad03c319e92?s=96&r=g","caption":"Juliano Passaro"},"description":"Juliano Passaro escreve sobre pol\u00edtica, economia e neg\u00f3cios para o portal da Suno Research. Antes da Suno, trabalhou no Portal da Band. \u00c9 formado em jornalismo pela Universidade Presbiteriana Mackenzie.","url":"https:\/\/www.suno.com.br\/noticias\/author\/juliano\/"}]}},"default_loop_html":"<div class=\"cardsPage__listCard__boxs\"><div class=\"cardsPage__listCard__boxs__img\"><a href=\"https:\/\/www.suno.com.br\/noticias\/ira-diz-que-eua-mente-quando-afirma-que-deseja-negociar\/\"><img class=\"mask\" src=\"https:\/\/www.suno.com.br\/noticias\/wp-content\/themes\/suno\/resources\/images\/spotlight\/spotlight1img\/bg-mask.png\" alt=\"Image Mask\"\/><img src=\"https:\/\/files.sunoresearch.com.br\/n\/uploads\/2019\/04\/2fd392b7-trump-1-400x200.webp\" alt=\"Ir\u00e3 diz que EUA mente quando afirma que deseja negociar\"\/><\/a><span class=\"spotlightCategory\"><a href=\"https:\/\/www.suno.com.br\/noticias\/internacional\/\">Internacional<\/a><\/span><\/div><div class=\"cardsPage__listCard__boxs__content\"><a href=\"https:\/\/www.suno.com.br\/noticias\/ira-diz-que-eua-mente-quando-afirma-que-deseja-negociar\/\"><h2 class=\"content__title\">Ir\u00e3 diz que EUA mente quando afirma que deseja negociar<\/h2><\/a><div class=\"newsContent__article__meta\"><div class=\"newsContent__article__meta__authorBox\"><a href=\"https:\/\/www.suno.com.br\/noticias\/author\/juliano\/\" class=\"authorBox__avatar noMobi\"><img src=\"https:\/\/files.sunoresearch.com.br\/n\/uploads\/2019\/06\/7cc3efea-whatsapp-image-2019-07-18-at-21.59.33-e1563499821209-150x150.webp\" alt=\"Juliano Passaro\"><\/a><div class=\"authorBox__name\"><span>por\n\t\t\t<a href=\"https:\/\/www.suno.com.br\/noticias\/author\/juliano\/\"><span itemprop=\"author\">Juliano Passaro<\/span><\/a><\/span><time datetime=\"2019-06-25T09:54:06-03:00\" itemprop=\"datePublished\">25\/06\/2019 09:54<\/time><\/div><\/div><\/div><\/div><\/div>","single_layout":"posts","amp_enabled":true,"_links":{"self":[{"href":"https:\/\/www.suno.com.br\/noticias\/wp-json\/wp\/v2\/posts\/29035"}],"collection":[{"href":"https:\/\/www.suno.com.br\/noticias\/wp-json\/wp\/v2\/posts"}],"about":[{"href":"https:\/\/www.suno.com.br\/noticias\/wp-json\/wp\/v2\/types\/post"}],"author":[{"embeddable":true,"href":"https:\/\/www.suno.com.br\/noticias\/wp-json\/wp\/v2\/users\/19"}],"replies":[{"embeddable":true,"href":"https:\/\/www.suno.com.br\/noticias\/wp-json\/wp\/v2\/comments?post=29035"}],"version-history":[{"count":0,"href":"https:\/\/www.suno.com.br\/noticias\/wp-json\/wp\/v2\/posts\/29035\/revisions"}],"wp:featuredmedia":[{"embeddable":true,"href":"https:\/\/www.suno.com.br\/noticias\/wp-json\/wp\/v2\/media\/22557"}],"wp:attachment":[{"href":"https:\/\/www.suno.com.br\/noticias\/wp-json\/wp\/v2\/media?parent=29035"}],"wp:term":[{"taxonomy":"category","embeddable":true,"href":"https:\/\/www.suno.com.br\/noticias\/wp-json\/wp\/v2\/categories?post=29035"},{"taxonomy":"post_tag","embeddable":true,"href":"https:\/\/www.suno.com.br\/noticias\/wp-json\/wp\/v2\/tags?post=29035"},{"taxonomy":"suno_strategy","embeddable":true,"href":"https:\/\/www.suno.com.br\/noticias\/wp-json\/wp\/v2\/suno_strategy?post=29035"}],"curies":[{"name":"wp","href":"https:\/\/api.w.org\/{rel}","templated":true}]}}