{"id":29022,"date":"2019-06-24T20:59:37","date_gmt":"2019-06-24T23:59:37","guid":{"rendered":"https:\/\/www.suno.com.br\/noticias\/?p=29022"},"modified":"2019-06-24T20:59:37","modified_gmt":"2019-06-24T23:59:37","slug":"gas-natural-preco-energia","status":"publish","type":"post","link":"https:\/\/www.suno.com.br\/noticias\/gas-natural-preco-energia\/","title":{"rendered":"Abertura do mercado de g\u00e1s natural pode reduzir pre\u00e7o da energia"},"content":{"rendered":"<p>O <strong>ministro da Economia<\/strong>, <a href=\"https:\/\/www.suno.com.br\/tudo-sobre\/paulo-guedes\/\">Paulo Guedes<\/a>, afirmou que o pre\u00e7o da energia no Brasil pode ser reduzido em 40% em dois anos. A redu\u00e7\u00e3o nos pre\u00e7os pode ocorrer ap\u00f3s a abertura do mercado de g\u00e1s natural no Pa\u00eds, apresentada\u00a0pelo <strong>Conselho Nacional de Politica Energ\u00e9tica (CNPE)<\/strong> nesta segunda-feira (14).<\/p>\t<div class=\"wrapper-featured-image\">\n\t\t<figure class=\"spotlightImg\">\n\n\t\t\t<picture>\n\t\t\t\t<source media=\"(max-width: 768px)\" srcset=\"https:\/\/files.sunoresearch.com.br\/n\/uploads\/2019\/06\/0bd4d602-g\u00e1s-naturalss-400x200.webp\">\n\t\t\t\t<img loading=\"lazy\" decoding=\"async\" class=\"newsContent__article__imgCapa lazyloadDisabled newsContent__article__imgCapa--noCaption\" src=\"https:\/\/files.sunoresearch.com.br\/n\/uploads\/2019\/06\/0bd4d602-g\u00e1s-naturalss-jpg.webp\" width=\"800\" height=\"450\" alt=\"Abertura do mercado de g\u00e1s natural pode reduzir pre\u00e7o da energia\" fetchpriority=high \/>\n\t\t\t<\/picture>\n\n\t\t\t<figcaption class=\"wp-caption-text wp-caption-text--hide\">Petrobras (PETR4) publica edital para arrendar terminal de GNL na Bahia  <\/figcaption>\n\t\t<\/figure>\n\t<\/div>\n\n\n<p>A resolu\u00e7\u00e3o apresentada pelo CNPE busca promover a concorr\u00eancia e melhorar a infraestrutura do setor de <strong>g\u00e1s natural<\/strong>. Al\u00e9m disso, o intuito \u00e9 de reduzir o pre\u00e7o do g\u00e1s.<\/p>\n<p>Entre as medidas apresentadas est\u00e3o a\u00e7\u00f5es para que a <strong>Petrobras<\/strong> deixe de controlar a venda do g\u00e1s no Brasil e incentivos para que os estados abram m\u00e3o do <strong>monop\u00f3lio<\/strong> de distribui\u00e7\u00e3o.<\/p>\n<p>A <strong>petrol\u00edfera<\/strong> estatal dever\u00e1 ainda abrir m\u00e3o da exclusividade de uso da capacidade dos dutos e vender distribuidoras e transportadoras de g\u00e1s natural.<\/p>\n<h2>Incentivos fiscais para os estados<\/h2>\n<div>Para incentivar o fim do monop\u00f3lio da distribui\u00e7\u00e3o do g\u00e1s, o <strong>Governo<\/strong> pretende fazer com que os estados tenham acesso a empr\u00e9stimos com garantia da Uni\u00e3o nos planos de equil\u00edbrio fiscal.<\/div>\n<div><\/div>\n<div><span style=\"font-size: 1.21429rem;\">&#8220;\u00c9 melhor o estado ter g\u00e1s natural do que ter o monop\u00f3lio&#8221;, declarou Paulo Guedes. O <strong>ministro da Economia<\/strong> ressaltou que diversos estados j\u00e1 afirmaram que est\u00e3o dispostos a abrir m\u00e3o do monop\u00f3lio.<\/span><\/div>\n<div><\/div>\n<div><span style=\"font-size: 1.21429rem;\">Dessa forma, os estados permitir\u00e3o a negocia\u00e7\u00e3o direta entre as ind\u00fastrias e os produtores de g\u00e1s. Assim, gerando contratos de longo prazo que podem levar a redu\u00e7\u00e3o do pre\u00e7o.<\/span><\/div>\n<h2>Arrecada\u00e7\u00e3o de R$\u00a0106 bi com leil\u00f5es de g\u00e1s natural<\/h2>\n<p>O ministro da <strong>Infaestrutura<\/strong>, Tarc\u00edsio de Freitas, afirmou que os leil\u00f5es de petr\u00f3leo e de g\u00e1s natural podem arrecadar R$ 106 bilh\u00f5es para o governo. A informa\u00e7\u00e3o foi divulgada durante um caf\u00e9 da manh\u00e3 com empres\u00e1rios nesta segunda-feira (24), no <strong>Rio de Janeiro<\/strong>.<\/p>\n<p><a href=\"https:\/\/www.suno.com.br\/noticias\/petroleo-gas-natural-106-bi\/\">Saiba mais: Leil\u00f5es de petr\u00f3leo e g\u00e1s natural podem arrecadar R$ 106 bi, diz ministro<\/a><\/p>\n<p>O ministro afirmou que dois leil\u00f5es de \u00e1reas de\u00a0<strong>petr\u00f3leo<\/strong>\u00a0e <strong>g\u00e1s natural<\/strong> j\u00e1 est\u00e3o previstos para este ano.\u00a0Sendo eles, o 6\u00ba leil\u00e3o do pr\u00e9-sal e o leil\u00e3o do excedente da cess\u00e3o onerosa. Apesar de estar prevista para 2019, a 16\u00aa Rodada de Licita\u00e7\u00f5es da ANP n\u00e3o foi mencionada.<\/p>\n","protected":false},"excerpt":{"rendered":"<p>O ministro da Economia, Paulo Guedes, afirmou que o pre\u00e7o da energia no Brasil pode ser reduzido em 40% em dois anos. A redu\u00e7\u00e3o nos pre\u00e7os pode ocorrer ap\u00f3s a abertura do mercado de g\u00e1s natural no Pa\u00eds, apresentada\u00a0pelo Conselho Nacional de Politica Energ\u00e9tica (CNPE) nesta segunda-feira (14). Petrobras (PETR4) publica edital para arrendar terminal [&hellip;]<\/p>\n","protected":false},"author":18,"featured_media":29025,"comment_status":"closed","ping_status":"closed","sticky":false,"template":"","format":"standard","meta":[],"categories":[62],"tags":[1467,796],"suno_strategy":[],"class_list":["post-29022","post","type-post","status-publish","format-standard","has-post-thumbnail","hentry","category-economia","tag-gas-natural","tag-paulo-guedes"],"yoast_head":"<!-- This site is optimized with the Yoast SEO plugin v24.4 - https:\/\/yoast.com\/wordpress\/plugins\/seo\/ -->\n<title>Abertura do mercado de g\u00e1s natural pode reduzir pre\u00e7o da energia<\/title>\n<meta name=\"description\" content=\"Paulo Guedes afirmou que o pre\u00e7o da energia pode ser reduzido em 40% ap\u00f3s a abertura do mercado de g\u00e1s natural. Clique para saber mais.\" \/>\n<meta name=\"robots\" content=\"index, follow, max-snippet:-1, max-image-preview:large, max-video-preview:-1\" \/>\n<link rel=\"canonical\" href=\"https:\/\/www.suno.com.br\/noticias\/gas-natural-preco-energia\/\" \/>\n<meta property=\"og:locale\" content=\"pt_BR\" \/>\n<meta property=\"og:type\" content=\"article\" \/>\n<meta property=\"og:title\" content=\"Abertura do mercado de g\u00e1s natural pode reduzir pre\u00e7o da energia\" \/>\n<meta property=\"og:description\" content=\"Paulo Guedes afirmou que o pre\u00e7o da energia pode ser reduzido em 40% ap\u00f3s a abertura do mercado de g\u00e1s natural. Clique para saber mais.\" \/>\n<meta property=\"og:url\" content=\"https:\/\/www.suno.com.br\/noticias\/gas-natural-preco-energia\/\" \/>\n<meta property=\"og:site_name\" content=\"Suno Not\u00edcias\" \/>\n<meta property=\"article:publisher\" content=\"https:\/\/facebook.com\/sunoresearch\" \/>\n<meta property=\"og:image\" content=\"https:\/\/files.sunoresearch.com.br\/n\/uploads\/2019\/06\/0bd4d602-g\u00e1s-naturalss.jpg\" \/>\n\t<meta property=\"og:image:width\" content=\"699\" \/>\n\t<meta property=\"og:image:height\" content=\"420\" \/>\n\t<meta property=\"og:image:type\" content=\"image\/jpeg\" \/>\n<meta name=\"author\" content=\"Giovanna Oliveira\" \/>\n<meta name=\"twitter:card\" content=\"summary_large_image\" \/>\n<meta name=\"twitter:creator\" content=\"@sunoresearch\" \/>\n<meta name=\"twitter:site\" content=\"@sunoresearch\" \/>\n<meta name=\"twitter:label1\" content=\"Escrito por\" \/>\n\t<meta name=\"twitter:data1\" content=\"Giovanna Oliveira\" \/>\n\t<meta name=\"twitter:label2\" content=\"Est. tempo de leitura\" \/>\n\t<meta name=\"twitter:data2\" content=\"2 minutos\" \/>\n<script type=\"application\/ld+json\" class=\"yoast-schema-graph\">{\"@context\":\"https:\/\/schema.org\",\"@graph\":[{\"@type\":\"NewsArticle\",\"@id\":\"https:\/\/www.suno.com.br\/noticias\/gas-natural-preco-energia\/#article\",\"isPartOf\":{\"@id\":\"https:\/\/www.suno.com.br\/noticias\/gas-natural-preco-energia\/\"},\"author\":{\"name\":\"Giovanna Oliveira\",\"@id\":\"https:\/\/www.suno.com.br\/noticias\/#\/schema\/person\/4e19e3d2575736e5283d58eb3199d120\"},\"headline\":\"Abertura do mercado de g\u00e1s natural pode reduzir pre\u00e7o da energia\",\"datePublished\":\"2019-06-24T23:59:37+00:00\",\"mainEntityOfPage\":{\"@id\":\"https:\/\/www.suno.com.br\/noticias\/gas-natural-preco-energia\/\"},\"wordCount\":412,\"publisher\":{\"@id\":\"https:\/\/www.suno.com.br\/noticias\/#organization\"},\"image\":{\"@id\":\"https:\/\/www.suno.com.br\/noticias\/gas-natural-preco-energia\/#primaryimage\"},\"thumbnailUrl\":\"https:\/\/files.sunoresearch.com.br\/n\/uploads\/2019\/06\/0bd4d602-g\u00e1s-naturalss-jpg.webp\",\"keywords\":[\"g\u00e1s natural\",\"Paulo Guedes\"],\"articleSection\":[\"Economia\"],\"inLanguage\":\"pt-BR\"},{\"@type\":\"WebPage\",\"@id\":\"https:\/\/www.suno.com.br\/noticias\/gas-natural-preco-energia\/\",\"url\":\"https:\/\/www.suno.com.br\/noticias\/gas-natural-preco-energia\/\",\"name\":\"Abertura do mercado de g\u00e1s natural pode reduzir pre\u00e7o da energia\",\"isPartOf\":{\"@id\":\"https:\/\/www.suno.com.br\/noticias\/#website\"},\"primaryImageOfPage\":{\"@id\":\"https:\/\/www.suno.com.br\/noticias\/gas-natural-preco-energia\/#primaryimage\"},\"image\":{\"@id\":\"https:\/\/www.suno.com.br\/noticias\/gas-natural-preco-energia\/#primaryimage\"},\"thumbnailUrl\":\"https:\/\/files.sunoresearch.com.br\/n\/uploads\/2019\/06\/0bd4d602-g\u00e1s-naturalss-jpg.webp\",\"datePublished\":\"2019-06-24T23:59:37+00:00\",\"description\":\"Paulo Guedes afirmou que o pre\u00e7o da energia pode ser reduzido em 40% ap\u00f3s a abertura do mercado de g\u00e1s natural. Clique para saber mais.\",\"breadcrumb\":{\"@id\":\"https:\/\/www.suno.com.br\/noticias\/gas-natural-preco-energia\/#breadcrumb\"},\"inLanguage\":\"pt-BR\",\"potentialAction\":[{\"@type\":\"ReadAction\",\"target\":[\"https:\/\/www.suno.com.br\/noticias\/gas-natural-preco-energia\/\"]}]},{\"@type\":\"ImageObject\",\"inLanguage\":\"pt-BR\",\"@id\":\"https:\/\/www.suno.com.br\/noticias\/gas-natural-preco-energia\/#primaryimage\",\"url\":\"https:\/\/files.sunoresearch.com.br\/n\/uploads\/2019\/06\/0bd4d602-g\u00e1s-naturalss-jpg.webp\",\"contentUrl\":\"https:\/\/files.sunoresearch.com.br\/n\/uploads\/2019\/06\/0bd4d602-g\u00e1s-naturalss-jpg.webp\",\"width\":699,\"height\":420,\"caption\":\"Petrobras (PETR4) publica edital para arrendar terminal de GNL na Bahia\"},{\"@type\":\"BreadcrumbList\",\"@id\":\"https:\/\/www.suno.com.br\/noticias\/gas-natural-preco-energia\/#breadcrumb\",\"itemListElement\":[{\"@type\":\"ListItem\",\"position\":1,\"name\":\"Not\u00edcias\",\"item\":\"https:\/\/www.suno.com.br\/noticias\/\"},{\"@type\":\"ListItem\",\"position\":2,\"name\":\"Economia\",\"item\":\"https:\/\/www.suno.com.br\/noticias\/economia\/\"},{\"@type\":\"ListItem\",\"position\":3,\"name\":\"Abertura do mercado de g\u00e1s natural pode reduzir pre\u00e7o da energia\"}]},{\"@type\":\"WebSite\",\"@id\":\"https:\/\/www.suno.com.br\/noticias\/#website\",\"url\":\"https:\/\/www.suno.com.br\/noticias\/\",\"name\":\"Suno Not\u00edcias\",\"description\":\"Seu portal de informa\u00e7\u00e3o sobre o mundo dos investimentos\",\"publisher\":{\"@id\":\"https:\/\/www.suno.com.br\/noticias\/#organization\"},\"potentialAction\":[{\"@type\":\"SearchAction\",\"target\":{\"@type\":\"EntryPoint\",\"urlTemplate\":\"https:\/\/www.suno.com.br\/noticias\/?s={search_term_string}\"},\"query-input\":{\"@type\":\"PropertyValueSpecification\",\"valueRequired\":true,\"valueName\":\"search_term_string\"}}],\"inLanguage\":\"pt-BR\"},{\"@type\":\"Organization\",\"@id\":\"https:\/\/www.suno.com.br\/noticias\/#organization\",\"name\":\"Suno Not\u00edcias\",\"url\":\"https:\/\/www.suno.com.br\/noticias\/\",\"logo\":{\"@type\":\"ImageObject\",\"inLanguage\":\"pt-BR\",\"@id\":\"https:\/\/www.suno.com.br\/noticias\/#\/schema\/logo\/image\/\",\"url\":\"https:\/\/files.sunoresearch.com.br\/n\/uploads\/2021\/09\/suno-logo.png\",\"contentUrl\":\"https:\/\/files.sunoresearch.com.br\/n\/uploads\/2021\/09\/suno-logo.png\",\"width\":180,\"height\":180,\"caption\":\"Suno Not\u00edcias\"},\"image\":{\"@id\":\"https:\/\/www.suno.com.br\/noticias\/#\/schema\/logo\/image\/\"},\"sameAs\":[\"https:\/\/facebook.com\/sunoresearch\",\"https:\/\/x.com\/sunoresearch\",\"https:\/\/www.instagram.com\/suno\",\"https:\/\/www.linkedin.com\/company\/suno-research\/\",\"https:\/\/www.youtube.com\/c\/sunoresearch\"]},{\"@type\":\"Person\",\"@id\":\"https:\/\/www.suno.com.br\/noticias\/#\/schema\/person\/4e19e3d2575736e5283d58eb3199d120\",\"name\":\"Giovanna Oliveira\",\"image\":{\"@type\":\"ImageObject\",\"inLanguage\":\"pt-BR\",\"@id\":\"https:\/\/www.suno.com.br\/noticias\/#\/schema\/person\/image\/\",\"url\":\"https:\/\/secure.gravatar.com\/avatar\/9a37b3ae208962ac568992d0ffdbc2eb?s=96&r=g\",\"contentUrl\":\"https:\/\/secure.gravatar.com\/avatar\/9a37b3ae208962ac568992d0ffdbc2eb?s=96&r=g\",\"caption\":\"Giovanna Oliveira\"},\"description\":\"Giovanna Oliveira escreve sobre economia e pol\u00edtica. Foi rep\u00f3rter do portal de jornalismo da ESPM-SP e produziu conte\u00fado para a Corinthians TV. \u00c9 estudante da ESPM.\",\"url\":\"https:\/\/www.suno.com.br\/noticias\/author\/giovanna\/\"}]}<\/script>\n<!-- \/ Yoast SEO plugin. -->","yoast_head_json":{"title":"Abertura do mercado de g\u00e1s natural pode reduzir pre\u00e7o da energia","description":"Paulo Guedes afirmou que o pre\u00e7o da energia pode ser reduzido em 40% ap\u00f3s a abertura do mercado de g\u00e1s natural. Clique para saber mais.","robots":{"index":"index","follow":"follow","max-snippet":"max-snippet:-1","max-image-preview":"max-image-preview:large","max-video-preview":"max-video-preview:-1"},"canonical":"https:\/\/www.suno.com.br\/noticias\/gas-natural-preco-energia\/","og_locale":"pt_BR","og_type":"article","og_title":"Abertura do mercado de g\u00e1s natural pode reduzir pre\u00e7o da energia","og_description":"Paulo Guedes afirmou que o pre\u00e7o da energia pode ser reduzido em 40% ap\u00f3s a abertura do mercado de g\u00e1s natural. Clique para saber mais.","og_url":"https:\/\/www.suno.com.br\/noticias\/gas-natural-preco-energia\/","og_site_name":"Suno Not\u00edcias","article_publisher":"https:\/\/facebook.com\/sunoresearch","og_image":[{"width":699,"height":420,"url":"https:\/\/files.sunoresearch.com.br\/n\/uploads\/2019\/06\/0bd4d602-g\u00e1s-naturalss.jpg","type":"image\/jpeg"}],"author":"Giovanna Oliveira","twitter_card":"summary_large_image","twitter_creator":"@sunoresearch","twitter_site":"@sunoresearch","twitter_misc":{"Escrito por":"Giovanna Oliveira","Est. tempo de leitura":"2 minutos"},"schema":{"@context":"https:\/\/schema.org","@graph":[{"@type":"NewsArticle","@id":"https:\/\/www.suno.com.br\/noticias\/gas-natural-preco-energia\/#article","isPartOf":{"@id":"https:\/\/www.suno.com.br\/noticias\/gas-natural-preco-energia\/"},"author":{"name":"Giovanna Oliveira","@id":"https:\/\/www.suno.com.br\/noticias\/#\/schema\/person\/4e19e3d2575736e5283d58eb3199d120"},"headline":"Abertura do mercado de g\u00e1s natural pode reduzir pre\u00e7o da energia","datePublished":"2019-06-24T23:59:37+00:00","mainEntityOfPage":{"@id":"https:\/\/www.suno.com.br\/noticias\/gas-natural-preco-energia\/"},"wordCount":412,"publisher":{"@id":"https:\/\/www.suno.com.br\/noticias\/#organization"},"image":{"@id":"https:\/\/www.suno.com.br\/noticias\/gas-natural-preco-energia\/#primaryimage"},"thumbnailUrl":"https:\/\/files.sunoresearch.com.br\/n\/uploads\/2019\/06\/0bd4d602-g\u00e1s-naturalss-jpg.webp","keywords":["g\u00e1s natural","Paulo Guedes"],"articleSection":["Economia"],"inLanguage":"pt-BR"},{"@type":"WebPage","@id":"https:\/\/www.suno.com.br\/noticias\/gas-natural-preco-energia\/","url":"https:\/\/www.suno.com.br\/noticias\/gas-natural-preco-energia\/","name":"Abertura do mercado de g\u00e1s natural pode reduzir pre\u00e7o da energia","isPartOf":{"@id":"https:\/\/www.suno.com.br\/noticias\/#website"},"primaryImageOfPage":{"@id":"https:\/\/www.suno.com.br\/noticias\/gas-natural-preco-energia\/#primaryimage"},"image":{"@id":"https:\/\/www.suno.com.br\/noticias\/gas-natural-preco-energia\/#primaryimage"},"thumbnailUrl":"https:\/\/files.sunoresearch.com.br\/n\/uploads\/2019\/06\/0bd4d602-g\u00e1s-naturalss-jpg.webp","datePublished":"2019-06-24T23:59:37+00:00","description":"Paulo Guedes afirmou que o pre\u00e7o da energia pode ser reduzido em 40% ap\u00f3s a abertura do mercado de g\u00e1s natural. Clique para saber mais.","breadcrumb":{"@id":"https:\/\/www.suno.com.br\/noticias\/gas-natural-preco-energia\/#breadcrumb"},"inLanguage":"pt-BR","potentialAction":[{"@type":"ReadAction","target":["https:\/\/www.suno.com.br\/noticias\/gas-natural-preco-energia\/"]}]},{"@type":"ImageObject","inLanguage":"pt-BR","@id":"https:\/\/www.suno.com.br\/noticias\/gas-natural-preco-energia\/#primaryimage","url":"https:\/\/files.sunoresearch.com.br\/n\/uploads\/2019\/06\/0bd4d602-g\u00e1s-naturalss-jpg.webp","contentUrl":"https:\/\/files.sunoresearch.com.br\/n\/uploads\/2019\/06\/0bd4d602-g\u00e1s-naturalss-jpg.webp","width":699,"height":420,"caption":"Petrobras (PETR4) publica edital para arrendar terminal de GNL na Bahia"},{"@type":"BreadcrumbList","@id":"https:\/\/www.suno.com.br\/noticias\/gas-natural-preco-energia\/#breadcrumb","itemListElement":[{"@type":"ListItem","position":1,"name":"Not\u00edcias","item":"https:\/\/www.suno.com.br\/noticias\/"},{"@type":"ListItem","position":2,"name":"Economia","item":"https:\/\/www.suno.com.br\/noticias\/economia\/"},{"@type":"ListItem","position":3,"name":"Abertura do mercado de g\u00e1s natural pode reduzir pre\u00e7o da energia"}]},{"@type":"WebSite","@id":"https:\/\/www.suno.com.br\/noticias\/#website","url":"https:\/\/www.suno.com.br\/noticias\/","name":"Suno Not\u00edcias","description":"Seu portal de informa\u00e7\u00e3o sobre o mundo dos investimentos","publisher":{"@id":"https:\/\/www.suno.com.br\/noticias\/#organization"},"potentialAction":[{"@type":"SearchAction","target":{"@type":"EntryPoint","urlTemplate":"https:\/\/www.suno.com.br\/noticias\/?s={search_term_string}"},"query-input":{"@type":"PropertyValueSpecification","valueRequired":true,"valueName":"search_term_string"}}],"inLanguage":"pt-BR"},{"@type":"Organization","@id":"https:\/\/www.suno.com.br\/noticias\/#organization","name":"Suno Not\u00edcias","url":"https:\/\/www.suno.com.br\/noticias\/","logo":{"@type":"ImageObject","inLanguage":"pt-BR","@id":"https:\/\/www.suno.com.br\/noticias\/#\/schema\/logo\/image\/","url":"https:\/\/files.sunoresearch.com.br\/n\/uploads\/2021\/09\/suno-logo.png","contentUrl":"https:\/\/files.sunoresearch.com.br\/n\/uploads\/2021\/09\/suno-logo.png","width":180,"height":180,"caption":"Suno Not\u00edcias"},"image":{"@id":"https:\/\/www.suno.com.br\/noticias\/#\/schema\/logo\/image\/"},"sameAs":["https:\/\/facebook.com\/sunoresearch","https:\/\/x.com\/sunoresearch","https:\/\/www.instagram.com\/suno","https:\/\/www.linkedin.com\/company\/suno-research\/","https:\/\/www.youtube.com\/c\/sunoresearch"]},{"@type":"Person","@id":"https:\/\/www.suno.com.br\/noticias\/#\/schema\/person\/4e19e3d2575736e5283d58eb3199d120","name":"Giovanna Oliveira","image":{"@type":"ImageObject","inLanguage":"pt-BR","@id":"https:\/\/www.suno.com.br\/noticias\/#\/schema\/person\/image\/","url":"https:\/\/secure.gravatar.com\/avatar\/9a37b3ae208962ac568992d0ffdbc2eb?s=96&r=g","contentUrl":"https:\/\/secure.gravatar.com\/avatar\/9a37b3ae208962ac568992d0ffdbc2eb?s=96&r=g","caption":"Giovanna Oliveira"},"description":"Giovanna Oliveira escreve sobre economia e pol\u00edtica. Foi rep\u00f3rter do portal de jornalismo da ESPM-SP e produziu conte\u00fado para a Corinthians TV. \u00c9 estudante da ESPM.","url":"https:\/\/www.suno.com.br\/noticias\/author\/giovanna\/"}]}},"default_loop_html":"<div class=\"cardsPage__listCard__boxs\"><div class=\"cardsPage__listCard__boxs__img\"><a href=\"https:\/\/www.suno.com.br\/noticias\/gas-natural-preco-energia\/\"><img class=\"mask\" src=\"https:\/\/www.suno.com.br\/noticias\/wp-content\/themes\/suno\/resources\/images\/spotlight\/spotlight1img\/bg-mask.png\" alt=\"Image Mask\"\/><img src=\"https:\/\/files.sunoresearch.com.br\/n\/uploads\/2019\/06\/0bd4d602-g\u00e1s-naturalss-400x200.webp\" alt=\"Abertura do mercado de g\u00e1s natural pode reduzir pre\u00e7o da energia\"\/><\/a><span class=\"spotlightCategory\"><a href=\"https:\/\/www.suno.com.br\/noticias\/economia\/\">Economia<\/a><\/span><\/div><div class=\"cardsPage__listCard__boxs__content\"><a href=\"https:\/\/www.suno.com.br\/noticias\/gas-natural-preco-energia\/\"><h2 class=\"content__title\">Abertura do mercado de g\u00e1s natural pode reduzir pre\u00e7o da energia<\/h2><\/a><div class=\"newsContent__article__meta\"><div class=\"newsContent__article__meta__authorBox\"><a href=\"https:\/\/www.suno.com.br\/noticias\/author\/giovanna\/\" class=\"authorBox__avatar noMobi\"><img src=\"https:\/\/files.sunoresearch.com.br\/n\/uploads\/2019\/06\/952a89ca-screenshot_20190608-171507-150x150.webp\" alt=\"Giovanna Oliveira\"><\/a><div class=\"authorBox__name\"><span>por\n\t\t\t<a href=\"https:\/\/www.suno.com.br\/noticias\/author\/giovanna\/\"><span itemprop=\"author\">Giovanna Oliveira<\/span><\/a><\/span><time datetime=\"2019-06-24T20:59:37-03:00\" itemprop=\"datePublished\">24\/06\/2019 20:59<\/time><\/div><\/div><\/div><\/div><\/div>","single_layout":"posts","amp_enabled":true,"_links":{"self":[{"href":"https:\/\/www.suno.com.br\/noticias\/wp-json\/wp\/v2\/posts\/29022"}],"collection":[{"href":"https:\/\/www.suno.com.br\/noticias\/wp-json\/wp\/v2\/posts"}],"about":[{"href":"https:\/\/www.suno.com.br\/noticias\/wp-json\/wp\/v2\/types\/post"}],"author":[{"embeddable":true,"href":"https:\/\/www.suno.com.br\/noticias\/wp-json\/wp\/v2\/users\/18"}],"replies":[{"embeddable":true,"href":"https:\/\/www.suno.com.br\/noticias\/wp-json\/wp\/v2\/comments?post=29022"}],"version-history":[{"count":0,"href":"https:\/\/www.suno.com.br\/noticias\/wp-json\/wp\/v2\/posts\/29022\/revisions"}],"wp:featuredmedia":[{"embeddable":true,"href":"https:\/\/www.suno.com.br\/noticias\/wp-json\/wp\/v2\/media\/29025"}],"wp:attachment":[{"href":"https:\/\/www.suno.com.br\/noticias\/wp-json\/wp\/v2\/media?parent=29022"}],"wp:term":[{"taxonomy":"category","embeddable":true,"href":"https:\/\/www.suno.com.br\/noticias\/wp-json\/wp\/v2\/categories?post=29022"},{"taxonomy":"post_tag","embeddable":true,"href":"https:\/\/www.suno.com.br\/noticias\/wp-json\/wp\/v2\/tags?post=29022"},{"taxonomy":"suno_strategy","embeddable":true,"href":"https:\/\/www.suno.com.br\/noticias\/wp-json\/wp\/v2\/suno_strategy?post=29022"}],"curies":[{"name":"wp","href":"https:\/\/api.w.org\/{rel}","templated":true}]}}