{"id":29016,"date":"2019-06-24T20:14:18","date_gmt":"2019-06-24T23:14:18","guid":{"rendered":"https:\/\/www.suno.com.br\/noticias\/?p=29016"},"modified":"2019-06-24T20:16:31","modified_gmt":"2019-06-24T23:16:31","slug":"caixa-acoes-pan-wiz","status":"publish","type":"post","link":"https:\/\/www.suno.com.br\/noticias\/caixa-acoes-pan-wiz\/","title":{"rendered":"Caixa pretende vender suas a\u00e7\u00f5es no Banco Pan e na corretora Wiz"},"content":{"rendered":"<p>O presidente da Caixa Econ\u00f4mica Federal, Pedro Guimar\u00e3es, afirmou nesta segunda-feira (24) que o banco pretende vender suas a\u00e7\u00f5es no <strong>Banco PAN<\/strong> e na corretora de seguros<strong> Wiz<\/strong>.<\/p>\t<div class=\"wrapper-featured-image\">\n\t\t<figure class=\"spotlightImg\">\n\n\t\t\t<picture>\n\t\t\t\t<source media=\"(max-width: 768px)\" srcset=\"https:\/\/files.sunoresearch.com.br\/n\/uploads\/2019\/06\/74fa11cc-caixa-400x200.webp\">\n\t\t\t\t<img loading=\"lazy\" decoding=\"async\" class=\"newsContent__article__imgCapa lazyloadDisabled newsContent__article__imgCapa--noCaption\" src=\"https:\/\/files.sunoresearch.com.br\/n\/uploads\/2019\/06\/74fa11cc-caixa-800x450.webp\" width=\"800\" height=\"450\" alt=\"Caixa pretende vender suas a\u00e7\u00f5es no Banco Pan e na corretora Wiz\" fetchpriority=high \/>\n\t\t\t<\/picture>\n\n\t\t\t<figcaption class=\"wp-caption-text wp-caption-text--hide\">Recentemente, a Abono salarial de 2019 esquecido por trabalhadores j\u00e1 pode ser pedido. Foto: Marcelo Camargo\/Ag\u00eancia Brasil.<\/figcaption>\n\t\t<\/figure>\n\t<\/div>\n\n\n<p>Segundo as informa\u00e7\u00f5es divulgadas pelo jornal Folha de S. Paulo,\u00a0esse \u00e9 mais um passo da <strong>Caixa<\/strong> para desfazer de neg\u00f3cios que n\u00e3o s\u00e3o fundamentais para o banco.<\/p>\n\t<p>\n\t\t<a href=\"https:\/\/lp.suno.com.br\/ebook-como-analisar-uma-acao\/\" target=\"_blank\" data-element=\"shortcode-suno-banner\" title=\"Banner SUNO, clique e saiba mais\">\n\t\t\t<picture>\n\t\t\t\t<source media=\"(max-width: 500px)\" srcset=\"https:\/\/files.sunoresearch.com.br\/n\/uploads\/2023\/12\/Ebook-Acoes-Mobile.jpg\">\n\t\t\t\t<img class=\"newsContent__article__imgCapa newsContent__article__imgCapa--banner\"\n\t\t\t\t\tsrc=\"https:\/\/files.sunoresearch.com.br\/n\/uploads\/2023\/12\/Ebook-Acoes-Desktop.webp\"\n\t\t\t\t\tdata-promo-id=\"311260\"\t\t\t\t\t\t\t\t\t\twidth='1420' height='286'\t\t\t\t\talt=\"https:\/\/files.sunoresearch.com.br\/n\/uploads\/2023\/12\/Ebook-Acoes-Desktop.webp\"\n\t\t\t\t>\n\t\t\t<\/picture>\n\t\t<\/a>\n\t<\/p>\n\n\n<p>O presidente da Caixa ressaltou que o PAN gerou perdas significativas para o banco. Como forma de reduzir os danos, a institui\u00e7\u00e3o comprou a\u00e7\u00f5es do Banco PAN por R$ 2,50. No entanto, o banco estatal vendeu esses pap\u00e9is por R$ 8. Assim, obteve R$ 600 milh\u00f5es na opera\u00e7\u00e3o.<\/p>\n<p>\u201c\u00c9 a primeira vez que a Caixa Econ\u00f4mica Federal teve um retorno positivo com investimento no banco PAN\u201d, declarou Guimar\u00e3es.<\/p>\n<p>Em 2009, a Caixa comprou\u00a035% do capital social do banco Panamericano visando a expans\u00e3o do cr\u00e9dito imobili\u00e1rio para o setor de baixa renda.<\/p>\n<p>No entanto, em 2017, a <strong>Pol\u00edcia Federal<\/strong> investigou a compra de parte do Banco PAN pela Caixa. A investiga\u00e7\u00e3o da PF era voltada a suspeitas de\u00a0pagamento de propina e lavagem de dinheiro que poderiam ter prejudicado a estatal.<\/p>\n\t<p>\n\t\t<a href=\"https:\/\/lp.suno.com.br\/nossas-assinaturas\/?utm_campaign=_SNC8166F3A4_\" target=\"_blank\" data-element=\"shortcode-suno-banner\" title=\"Banner SUNO, clique e saiba mais\">\n\t\t\t<picture>\n\t\t\t\t<source media=\"(max-width: 500px)\" srcset=\"https:\/\/files.sunoresearch.com.br\/n\/uploads\/2025\/08\/Artigos-e-Noticias-Banner-Materias-01-Mobile_-400x300-1-png.webp\">\n\t\t\t\t<img class=\"newsContent__article__imgCapa newsContent__article__imgCapa--banner\"\n\t\t\t\t\tsrc=\"https:\/\/files.sunoresearch.com.br\/n\/uploads\/2025\/08\/Artigos-e-Noticias-Banner-Materias-01-Desktop_-1420x240-4-png.webp\"\n\t\t\t\t\tdata-promo-id=\"620371\"\t\t\t\t\t\t\t\t\t\twidth='1420' height='240'\t\t\t\t\talt=\"https:\/\/files.sunoresearch.com.br\/n\/uploads\/2025\/08\/Artigos-e-Noticias-Banner-Materias-01-Desktop_-1420x240-4-png.webp\"\n\t\t\t\t>\n\t\t\t<\/picture>\n\t\t<\/a>\n\t<\/p>\n\n\n<h2>Venda de a\u00e7\u00f5es da Petrobras<\/h2>\n<p>A Caixa Econ\u00f4mica Federal vender\u00e1 todas as a\u00e7\u00f5es ordin\u00e1rias da Petrobras que possui. As\u00a0a\u00e7\u00f5es representam 3,24% do capital social da estatal.<\/p>\n<p><a href=\"https:\/\/www.suno.com.br\/noticias\/caixa-vendera-acoes-petrobras\/\">Saiba mais: Caixa vender\u00e1 as a\u00e7\u00f5es ordin\u00e1rias que possui da Petrobras<\/a><\/p>\n<p>A institui\u00e7\u00e3o<strong>\u00a0<\/strong>negociar\u00e1 at\u00e9 24% das a\u00e7\u00f5es da petrol\u00edfera com pessoas f\u00edsicas. O valor de compra varia entre R$ 3 mil e R$ 1 milh\u00e3o.\u00a0H\u00e1 tamb\u00e9m como obter as a\u00e7\u00f5es por meio do <strong>fundo de investimento<\/strong> em a\u00e7\u00f5es. O valor m\u00ednimo do aporte \u00e9 de R$ 100.<\/p>\n<p>Entre as a\u00e7\u00f5es da <strong>Caixa<\/strong> destinadas a pessoas f\u00edsicas, 2% est\u00e3o designadas a venda para empregados.\u00a0Al\u00e9m disso, 4% n\u00e3o poder\u00e3o ser vendidas por 45 dias.\u00a0Esse bloqueio de venda \u00e9 chamado de<strong> lock-up<\/strong>. O objetivo \u00e9 proteger o pre\u00e7o de mercado das <strong>a\u00e7\u00f5es<\/strong>.<\/p>\n","protected":false},"excerpt":{"rendered":"<p>O presidente da Caixa Econ\u00f4mica Federal, Pedro Guimar\u00e3es, afirmou nesta segunda-feira (24) que o banco pretende vender suas a\u00e7\u00f5es no Banco PAN e na corretora de seguros Wiz. Recentemente, a Abono salarial de 2019 esquecido por trabalhadores j\u00e1 pode ser pedido. Foto: Marcelo Camargo\/Ag\u00eancia Brasil. Segundo as informa\u00e7\u00f5es divulgadas pelo jornal Folha de S. Paulo,\u00a0esse [&hellip;]<\/p>\n","protected":false},"author":18,"featured_media":29020,"comment_status":"closed","ping_status":"closed","sticky":false,"template":"","format":"standard","meta":[],"categories":[64],"tags":[370,1199,595,685],"suno_strategy":[],"class_list":["post-29016","post","type-post","status-publish","format-standard","has-post-thumbnail","hentry","category-negocios","tag-banco-pan-bpan4","tag-caixa-economica-federal-cef","tag-petrobras-petr4","tag-wiz-wizs3"],"yoast_head":"<!-- This site is optimized with the Yoast SEO plugin v24.4 - https:\/\/yoast.com\/wordpress\/plugins\/seo\/ -->\n<title>Caixa pretende vender suas a\u00e7\u00f5es no Banco Pan e na corretora Wiz<\/title>\n<meta name=\"description\" content=\"O presidente da Caixa, Pedro Guimar\u00e3es, afirmou que o banco pretende vender suas a\u00e7\u00f5es no Banco PAN e na Wiz. Clique para saber mais.\u00a0\" \/>\n<meta name=\"robots\" content=\"index, follow, max-snippet:-1, max-image-preview:large, max-video-preview:-1\" \/>\n<link rel=\"canonical\" href=\"https:\/\/www.suno.com.br\/noticias\/caixa-acoes-pan-wiz\/\" \/>\n<meta property=\"og:locale\" content=\"pt_BR\" \/>\n<meta property=\"og:type\" content=\"article\" \/>\n<meta property=\"og:title\" content=\"Caixa pretende vender suas a\u00e7\u00f5es no Banco Pan e na corretora Wiz\" \/>\n<meta property=\"og:description\" content=\"O presidente da Caixa, Pedro Guimar\u00e3es, afirmou que o banco pretende vender suas a\u00e7\u00f5es no Banco PAN e na Wiz. Clique para saber mais.\u00a0\" \/>\n<meta property=\"og:url\" content=\"https:\/\/www.suno.com.br\/noticias\/caixa-acoes-pan-wiz\/\" \/>\n<meta property=\"og:site_name\" content=\"Suno Not\u00edcias\" \/>\n<meta property=\"article:publisher\" content=\"https:\/\/facebook.com\/sunoresearch\" \/>\n<meta property=\"og:image\" content=\"https:\/\/files.sunoresearch.com.br\/n\/uploads\/2019\/06\/74fa11cc-caixa.jpg\" \/>\n\t<meta property=\"og:image:width\" content=\"1108\" \/>\n\t<meta property=\"og:image:height\" content=\"739\" \/>\n\t<meta property=\"og:image:type\" content=\"image\/jpeg\" \/>\n<meta name=\"author\" content=\"Giovanna Oliveira\" \/>\n<meta name=\"twitter:card\" content=\"summary_large_image\" \/>\n<meta name=\"twitter:creator\" content=\"@sunoresearch\" \/>\n<meta name=\"twitter:site\" content=\"@sunoresearch\" \/>\n<meta name=\"twitter:label1\" content=\"Escrito por\" \/>\n\t<meta name=\"twitter:data1\" content=\"Giovanna Oliveira\" \/>\n\t<meta name=\"twitter:label2\" content=\"Est. tempo de leitura\" \/>\n\t<meta name=\"twitter:data2\" content=\"2 minutos\" \/>\n<script type=\"application\/ld+json\" class=\"yoast-schema-graph\">{\"@context\":\"https:\/\/schema.org\",\"@graph\":[{\"@type\":\"NewsArticle\",\"@id\":\"https:\/\/www.suno.com.br\/noticias\/caixa-acoes-pan-wiz\/#article\",\"isPartOf\":{\"@id\":\"https:\/\/www.suno.com.br\/noticias\/caixa-acoes-pan-wiz\/\"},\"author\":{\"name\":\"Giovanna Oliveira\",\"@id\":\"https:\/\/www.suno.com.br\/noticias\/#\/schema\/person\/4e19e3d2575736e5283d58eb3199d120\"},\"headline\":\"Caixa pretende vender suas a\u00e7\u00f5es no Banco Pan e na corretora Wiz\",\"datePublished\":\"2019-06-24T23:14:18+00:00\",\"dateModified\":\"2019-06-24T23:16:31+00:00\",\"mainEntityOfPage\":{\"@id\":\"https:\/\/www.suno.com.br\/noticias\/caixa-acoes-pan-wiz\/\"},\"wordCount\":359,\"publisher\":{\"@id\":\"https:\/\/www.suno.com.br\/noticias\/#organization\"},\"image\":{\"@id\":\"https:\/\/www.suno.com.br\/noticias\/caixa-acoes-pan-wiz\/#primaryimage\"},\"thumbnailUrl\":\"https:\/\/files.sunoresearch.com.br\/n\/uploads\/2019\/06\/74fa11cc-caixa-jpg.webp\",\"keywords\":[\"Banco Pan (BPAN4)\",\"Caixa Econ\u00f4mica Federal (CEF)\",\"Petrobras (PETR4)\",\"Wiz (WIZS3)\"],\"articleSection\":[\"Neg\u00f3cios\"],\"inLanguage\":\"pt-BR\"},{\"@type\":\"WebPage\",\"@id\":\"https:\/\/www.suno.com.br\/noticias\/caixa-acoes-pan-wiz\/\",\"url\":\"https:\/\/www.suno.com.br\/noticias\/caixa-acoes-pan-wiz\/\",\"name\":\"Caixa pretende vender suas a\u00e7\u00f5es no Banco Pan e na corretora Wiz\",\"isPartOf\":{\"@id\":\"https:\/\/www.suno.com.br\/noticias\/#website\"},\"primaryImageOfPage\":{\"@id\":\"https:\/\/www.suno.com.br\/noticias\/caixa-acoes-pan-wiz\/#primaryimage\"},\"image\":{\"@id\":\"https:\/\/www.suno.com.br\/noticias\/caixa-acoes-pan-wiz\/#primaryimage\"},\"thumbnailUrl\":\"https:\/\/files.sunoresearch.com.br\/n\/uploads\/2019\/06\/74fa11cc-caixa-jpg.webp\",\"datePublished\":\"2019-06-24T23:14:18+00:00\",\"dateModified\":\"2019-06-24T23:16:31+00:00\",\"description\":\"O presidente da Caixa, Pedro Guimar\u00e3es, afirmou que o banco pretende vender suas a\u00e7\u00f5es no Banco PAN e na Wiz. Clique para saber mais.\u00a0\",\"breadcrumb\":{\"@id\":\"https:\/\/www.suno.com.br\/noticias\/caixa-acoes-pan-wiz\/#breadcrumb\"},\"inLanguage\":\"pt-BR\",\"potentialAction\":[{\"@type\":\"ReadAction\",\"target\":[\"https:\/\/www.suno.com.br\/noticias\/caixa-acoes-pan-wiz\/\"]}]},{\"@type\":\"ImageObject\",\"inLanguage\":\"pt-BR\",\"@id\":\"https:\/\/www.suno.com.br\/noticias\/caixa-acoes-pan-wiz\/#primaryimage\",\"url\":\"https:\/\/files.sunoresearch.com.br\/n\/uploads\/2019\/06\/74fa11cc-caixa-jpg.webp\",\"contentUrl\":\"https:\/\/files.sunoresearch.com.br\/n\/uploads\/2019\/06\/74fa11cc-caixa-jpg.webp\",\"width\":1108,\"height\":739,\"caption\":\"Recentemente, a Abono salarial de 2019 esquecido por trabalhadores j\u00e1 pode ser pedido. Foto: Marcelo Camargo\/Ag\u00eancia Brasil.\"},{\"@type\":\"BreadcrumbList\",\"@id\":\"https:\/\/www.suno.com.br\/noticias\/caixa-acoes-pan-wiz\/#breadcrumb\",\"itemListElement\":[{\"@type\":\"ListItem\",\"position\":1,\"name\":\"Not\u00edcias\",\"item\":\"https:\/\/www.suno.com.br\/noticias\/\"},{\"@type\":\"ListItem\",\"position\":2,\"name\":\"Neg\u00f3cios\",\"item\":\"https:\/\/www.suno.com.br\/noticias\/negocios\/\"},{\"@type\":\"ListItem\",\"position\":3,\"name\":\"Caixa pretende vender suas a\u00e7\u00f5es no Banco Pan e na corretora Wiz\"}]},{\"@type\":\"WebSite\",\"@id\":\"https:\/\/www.suno.com.br\/noticias\/#website\",\"url\":\"https:\/\/www.suno.com.br\/noticias\/\",\"name\":\"Suno Not\u00edcias\",\"description\":\"Seu portal de informa\u00e7\u00e3o sobre o mundo dos investimentos\",\"publisher\":{\"@id\":\"https:\/\/www.suno.com.br\/noticias\/#organization\"},\"potentialAction\":[{\"@type\":\"SearchAction\",\"target\":{\"@type\":\"EntryPoint\",\"urlTemplate\":\"https:\/\/www.suno.com.br\/noticias\/?s={search_term_string}\"},\"query-input\":{\"@type\":\"PropertyValueSpecification\",\"valueRequired\":true,\"valueName\":\"search_term_string\"}}],\"inLanguage\":\"pt-BR\"},{\"@type\":\"Organization\",\"@id\":\"https:\/\/www.suno.com.br\/noticias\/#organization\",\"name\":\"Suno Not\u00edcias\",\"url\":\"https:\/\/www.suno.com.br\/noticias\/\",\"logo\":{\"@type\":\"ImageObject\",\"inLanguage\":\"pt-BR\",\"@id\":\"https:\/\/www.suno.com.br\/noticias\/#\/schema\/logo\/image\/\",\"url\":\"https:\/\/files.sunoresearch.com.br\/n\/uploads\/2021\/09\/suno-logo.png\",\"contentUrl\":\"https:\/\/files.sunoresearch.com.br\/n\/uploads\/2021\/09\/suno-logo.png\",\"width\":180,\"height\":180,\"caption\":\"Suno Not\u00edcias\"},\"image\":{\"@id\":\"https:\/\/www.suno.com.br\/noticias\/#\/schema\/logo\/image\/\"},\"sameAs\":[\"https:\/\/facebook.com\/sunoresearch\",\"https:\/\/x.com\/sunoresearch\",\"https:\/\/www.instagram.com\/suno\",\"https:\/\/www.linkedin.com\/company\/suno-research\/\",\"https:\/\/www.youtube.com\/c\/sunoresearch\"]},{\"@type\":\"Person\",\"@id\":\"https:\/\/www.suno.com.br\/noticias\/#\/schema\/person\/4e19e3d2575736e5283d58eb3199d120\",\"name\":\"Giovanna Oliveira\",\"image\":{\"@type\":\"ImageObject\",\"inLanguage\":\"pt-BR\",\"@id\":\"https:\/\/www.suno.com.br\/noticias\/#\/schema\/person\/image\/\",\"url\":\"https:\/\/secure.gravatar.com\/avatar\/9a37b3ae208962ac568992d0ffdbc2eb?s=96&r=g\",\"contentUrl\":\"https:\/\/secure.gravatar.com\/avatar\/9a37b3ae208962ac568992d0ffdbc2eb?s=96&r=g\",\"caption\":\"Giovanna Oliveira\"},\"description\":\"Giovanna Oliveira escreve sobre economia e pol\u00edtica. Foi rep\u00f3rter do portal de jornalismo da ESPM-SP e produziu conte\u00fado para a Corinthians TV. \u00c9 estudante da ESPM.\",\"url\":\"https:\/\/www.suno.com.br\/noticias\/author\/giovanna\/\"}]}<\/script>\n<!-- \/ Yoast SEO plugin. -->","yoast_head_json":{"title":"Caixa pretende vender suas a\u00e7\u00f5es no Banco Pan e na corretora Wiz","description":"O presidente da Caixa, Pedro Guimar\u00e3es, afirmou que o banco pretende vender suas a\u00e7\u00f5es no Banco PAN e na Wiz. Clique para saber mais.\u00a0","robots":{"index":"index","follow":"follow","max-snippet":"max-snippet:-1","max-image-preview":"max-image-preview:large","max-video-preview":"max-video-preview:-1"},"canonical":"https:\/\/www.suno.com.br\/noticias\/caixa-acoes-pan-wiz\/","og_locale":"pt_BR","og_type":"article","og_title":"Caixa pretende vender suas a\u00e7\u00f5es no Banco Pan e na corretora Wiz","og_description":"O presidente da Caixa, Pedro Guimar\u00e3es, afirmou que o banco pretende vender suas a\u00e7\u00f5es no Banco PAN e na Wiz. Clique para saber mais.\u00a0","og_url":"https:\/\/www.suno.com.br\/noticias\/caixa-acoes-pan-wiz\/","og_site_name":"Suno Not\u00edcias","article_publisher":"https:\/\/facebook.com\/sunoresearch","og_image":[{"width":1108,"height":739,"url":"https:\/\/files.sunoresearch.com.br\/n\/uploads\/2019\/06\/74fa11cc-caixa.jpg","type":"image\/jpeg"}],"author":"Giovanna Oliveira","twitter_card":"summary_large_image","twitter_creator":"@sunoresearch","twitter_site":"@sunoresearch","twitter_misc":{"Escrito por":"Giovanna Oliveira","Est. tempo de leitura":"2 minutos"},"schema":{"@context":"https:\/\/schema.org","@graph":[{"@type":"NewsArticle","@id":"https:\/\/www.suno.com.br\/noticias\/caixa-acoes-pan-wiz\/#article","isPartOf":{"@id":"https:\/\/www.suno.com.br\/noticias\/caixa-acoes-pan-wiz\/"},"author":{"name":"Giovanna Oliveira","@id":"https:\/\/www.suno.com.br\/noticias\/#\/schema\/person\/4e19e3d2575736e5283d58eb3199d120"},"headline":"Caixa pretende vender suas a\u00e7\u00f5es no Banco Pan e na corretora Wiz","datePublished":"2019-06-24T23:14:18+00:00","dateModified":"2019-06-24T23:16:31+00:00","mainEntityOfPage":{"@id":"https:\/\/www.suno.com.br\/noticias\/caixa-acoes-pan-wiz\/"},"wordCount":359,"publisher":{"@id":"https:\/\/www.suno.com.br\/noticias\/#organization"},"image":{"@id":"https:\/\/www.suno.com.br\/noticias\/caixa-acoes-pan-wiz\/#primaryimage"},"thumbnailUrl":"https:\/\/files.sunoresearch.com.br\/n\/uploads\/2019\/06\/74fa11cc-caixa-jpg.webp","keywords":["Banco Pan (BPAN4)","Caixa Econ\u00f4mica Federal (CEF)","Petrobras (PETR4)","Wiz (WIZS3)"],"articleSection":["Neg\u00f3cios"],"inLanguage":"pt-BR"},{"@type":"WebPage","@id":"https:\/\/www.suno.com.br\/noticias\/caixa-acoes-pan-wiz\/","url":"https:\/\/www.suno.com.br\/noticias\/caixa-acoes-pan-wiz\/","name":"Caixa pretende vender suas a\u00e7\u00f5es no Banco Pan e na corretora Wiz","isPartOf":{"@id":"https:\/\/www.suno.com.br\/noticias\/#website"},"primaryImageOfPage":{"@id":"https:\/\/www.suno.com.br\/noticias\/caixa-acoes-pan-wiz\/#primaryimage"},"image":{"@id":"https:\/\/www.suno.com.br\/noticias\/caixa-acoes-pan-wiz\/#primaryimage"},"thumbnailUrl":"https:\/\/files.sunoresearch.com.br\/n\/uploads\/2019\/06\/74fa11cc-caixa-jpg.webp","datePublished":"2019-06-24T23:14:18+00:00","dateModified":"2019-06-24T23:16:31+00:00","description":"O presidente da Caixa, Pedro Guimar\u00e3es, afirmou que o banco pretende vender suas a\u00e7\u00f5es no Banco PAN e na Wiz. Clique para saber mais.\u00a0","breadcrumb":{"@id":"https:\/\/www.suno.com.br\/noticias\/caixa-acoes-pan-wiz\/#breadcrumb"},"inLanguage":"pt-BR","potentialAction":[{"@type":"ReadAction","target":["https:\/\/www.suno.com.br\/noticias\/caixa-acoes-pan-wiz\/"]}]},{"@type":"ImageObject","inLanguage":"pt-BR","@id":"https:\/\/www.suno.com.br\/noticias\/caixa-acoes-pan-wiz\/#primaryimage","url":"https:\/\/files.sunoresearch.com.br\/n\/uploads\/2019\/06\/74fa11cc-caixa-jpg.webp","contentUrl":"https:\/\/files.sunoresearch.com.br\/n\/uploads\/2019\/06\/74fa11cc-caixa-jpg.webp","width":1108,"height":739,"caption":"Recentemente, a Abono salarial de 2019 esquecido por trabalhadores j\u00e1 pode ser pedido. Foto: Marcelo Camargo\/Ag\u00eancia Brasil."},{"@type":"BreadcrumbList","@id":"https:\/\/www.suno.com.br\/noticias\/caixa-acoes-pan-wiz\/#breadcrumb","itemListElement":[{"@type":"ListItem","position":1,"name":"Not\u00edcias","item":"https:\/\/www.suno.com.br\/noticias\/"},{"@type":"ListItem","position":2,"name":"Neg\u00f3cios","item":"https:\/\/www.suno.com.br\/noticias\/negocios\/"},{"@type":"ListItem","position":3,"name":"Caixa pretende vender suas a\u00e7\u00f5es no Banco Pan e na corretora Wiz"}]},{"@type":"WebSite","@id":"https:\/\/www.suno.com.br\/noticias\/#website","url":"https:\/\/www.suno.com.br\/noticias\/","name":"Suno Not\u00edcias","description":"Seu portal de informa\u00e7\u00e3o sobre o mundo dos investimentos","publisher":{"@id":"https:\/\/www.suno.com.br\/noticias\/#organization"},"potentialAction":[{"@type":"SearchAction","target":{"@type":"EntryPoint","urlTemplate":"https:\/\/www.suno.com.br\/noticias\/?s={search_term_string}"},"query-input":{"@type":"PropertyValueSpecification","valueRequired":true,"valueName":"search_term_string"}}],"inLanguage":"pt-BR"},{"@type":"Organization","@id":"https:\/\/www.suno.com.br\/noticias\/#organization","name":"Suno Not\u00edcias","url":"https:\/\/www.suno.com.br\/noticias\/","logo":{"@type":"ImageObject","inLanguage":"pt-BR","@id":"https:\/\/www.suno.com.br\/noticias\/#\/schema\/logo\/image\/","url":"https:\/\/files.sunoresearch.com.br\/n\/uploads\/2021\/09\/suno-logo.png","contentUrl":"https:\/\/files.sunoresearch.com.br\/n\/uploads\/2021\/09\/suno-logo.png","width":180,"height":180,"caption":"Suno Not\u00edcias"},"image":{"@id":"https:\/\/www.suno.com.br\/noticias\/#\/schema\/logo\/image\/"},"sameAs":["https:\/\/facebook.com\/sunoresearch","https:\/\/x.com\/sunoresearch","https:\/\/www.instagram.com\/suno","https:\/\/www.linkedin.com\/company\/suno-research\/","https:\/\/www.youtube.com\/c\/sunoresearch"]},{"@type":"Person","@id":"https:\/\/www.suno.com.br\/noticias\/#\/schema\/person\/4e19e3d2575736e5283d58eb3199d120","name":"Giovanna Oliveira","image":{"@type":"ImageObject","inLanguage":"pt-BR","@id":"https:\/\/www.suno.com.br\/noticias\/#\/schema\/person\/image\/","url":"https:\/\/secure.gravatar.com\/avatar\/9a37b3ae208962ac568992d0ffdbc2eb?s=96&r=g","contentUrl":"https:\/\/secure.gravatar.com\/avatar\/9a37b3ae208962ac568992d0ffdbc2eb?s=96&r=g","caption":"Giovanna Oliveira"},"description":"Giovanna Oliveira escreve sobre economia e pol\u00edtica. Foi rep\u00f3rter do portal de jornalismo da ESPM-SP e produziu conte\u00fado para a Corinthians TV. \u00c9 estudante da ESPM.","url":"https:\/\/www.suno.com.br\/noticias\/author\/giovanna\/"}]}},"default_loop_html":"<div class=\"cardsPage__listCard__boxs\"><div class=\"cardsPage__listCard__boxs__img\"><a href=\"https:\/\/www.suno.com.br\/noticias\/caixa-acoes-pan-wiz\/\"><img class=\"mask\" src=\"https:\/\/www.suno.com.br\/noticias\/wp-content\/themes\/suno\/resources\/images\/spotlight\/spotlight1img\/bg-mask.png\" alt=\"Image Mask\"\/><img src=\"https:\/\/files.sunoresearch.com.br\/n\/uploads\/2019\/06\/74fa11cc-caixa-400x200.webp\" alt=\"Caixa pretende vender suas a\u00e7\u00f5es no Banco Pan e na corretora Wiz\"\/><\/a><span class=\"spotlightCategory\"><a href=\"https:\/\/www.suno.com.br\/noticias\/negocios\/\">Neg\u00f3cios<\/a><\/span><\/div><div class=\"cardsPage__listCard__boxs__content\"><a href=\"https:\/\/www.suno.com.br\/noticias\/caixa-acoes-pan-wiz\/\"><h2 class=\"content__title\">Caixa pretende vender suas a\u00e7\u00f5es no Banco Pan e na corretora Wiz<\/h2><\/a><div class=\"newsContent__article__meta\"><div class=\"newsContent__article__meta__authorBox\"><a href=\"https:\/\/www.suno.com.br\/noticias\/author\/giovanna\/\" class=\"authorBox__avatar noMobi\"><img src=\"https:\/\/files.sunoresearch.com.br\/n\/uploads\/2019\/06\/952a89ca-screenshot_20190608-171507-150x150.webp\" alt=\"Giovanna Oliveira\"><\/a><div class=\"authorBox__name\"><span>por\n\t\t\t<a href=\"https:\/\/www.suno.com.br\/noticias\/author\/giovanna\/\"><span itemprop=\"author\">Giovanna Oliveira<\/span><\/a><\/span><time datetime=\"2019-06-24T20:14:18-03:00\" itemprop=\"datePublished\">24\/06\/2019 20:14<\/time><\/div><\/div><\/div><\/div><\/div>","single_layout":"posts","amp_enabled":true,"_links":{"self":[{"href":"https:\/\/www.suno.com.br\/noticias\/wp-json\/wp\/v2\/posts\/29016"}],"collection":[{"href":"https:\/\/www.suno.com.br\/noticias\/wp-json\/wp\/v2\/posts"}],"about":[{"href":"https:\/\/www.suno.com.br\/noticias\/wp-json\/wp\/v2\/types\/post"}],"author":[{"embeddable":true,"href":"https:\/\/www.suno.com.br\/noticias\/wp-json\/wp\/v2\/users\/18"}],"replies":[{"embeddable":true,"href":"https:\/\/www.suno.com.br\/noticias\/wp-json\/wp\/v2\/comments?post=29016"}],"version-history":[{"count":0,"href":"https:\/\/www.suno.com.br\/noticias\/wp-json\/wp\/v2\/posts\/29016\/revisions"}],"wp:featuredmedia":[{"embeddable":true,"href":"https:\/\/www.suno.com.br\/noticias\/wp-json\/wp\/v2\/media\/29020"}],"wp:attachment":[{"href":"https:\/\/www.suno.com.br\/noticias\/wp-json\/wp\/v2\/media?parent=29016"}],"wp:term":[{"taxonomy":"category","embeddable":true,"href":"https:\/\/www.suno.com.br\/noticias\/wp-json\/wp\/v2\/categories?post=29016"},{"taxonomy":"post_tag","embeddable":true,"href":"https:\/\/www.suno.com.br\/noticias\/wp-json\/wp\/v2\/tags?post=29016"},{"taxonomy":"suno_strategy","embeddable":true,"href":"https:\/\/www.suno.com.br\/noticias\/wp-json\/wp\/v2\/suno_strategy?post=29016"}],"curies":[{"name":"wp","href":"https:\/\/api.w.org\/{rel}","templated":true}]}}