{"id":29000,"date":"2019-06-24T17:58:24","date_gmt":"2019-06-24T20:58:24","guid":{"rendered":"https:\/\/www.suno.com.br\/noticias\/?p=29000"},"modified":"2021-06-13T23:43:10","modified_gmt":"2021-06-14T02:43:10","slug":"ibovespa-fechamento-24062019","status":"publish","type":"post","link":"https:\/\/www.suno.com.br\/noticias\/ibovespa-fechamento-24062019\/","title":{"rendered":"Ibovespa encerra est\u00e1vel com expectativas sobre Previd\u00eancia e G20"},"content":{"rendered":"<p>O Ibovespa encerrou est\u00e1vel nesta segunda-feira (24), com\u00a0<strong>102.062,33 pontos<\/strong> e leve alta de 0,05%. O otimismo interno e externo contribu\u00edram para que o \u00edndice acion\u00e1rio batesse um novo <strong>recorde hist\u00f3rico<\/strong> durante o preg\u00e3o, quando atingiu\u00a0102.617,31.<\/p>\t<div class=\"wrapper-featured-image\">\n\t\t<figure class=\"spotlightImg\">\n\n\t\t\t<picture>\n\t\t\t\t<source media=\"(max-width: 768px)\" srcset=\"https:\/\/files.sunoresearch.com.br\/n\/uploads\/2019\/03\/a43ec7b1-btg-pactual-400x200.webp\">\n\t\t\t\t<img loading=\"lazy\" decoding=\"async\" class=\"newsContent__article__imgCapa lazyloadDisabled newsContent__article__imgCapa--noCaption\" src=\"https:\/\/files.sunoresearch.com.br\/n\/uploads\/2019\/03\/a43ec7b1-btg-pactual-800x450.webp\" width=\"800\" height=\"450\" alt=\"Ibovespa encerra est\u00e1vel com expectativas sobre Previd\u00eancia e G20\" fetchpriority=high \/>\n\t\t\t<\/picture>\n\n\t\t\t<figcaption class=\"wp-caption-text wp-caption-text--hide\">Ibovespa fecha em alta com otimismo interno e externo. (divulga\u00e7\u00e3o)<\/figcaption>\n\t\t<\/figure>\n\t<\/div>\n\n\n<p>No Brasil, a expectativa sobre a vota\u00e7\u00e3o da <strong>reforma da Previd\u00eancia<\/strong> na comiss\u00e3o especial \u00e9 alta. No cen\u00e1rio internacional, os investidores atentam-se ao encontro dos presidentes da <strong>China<\/strong> e dos <strong>Estados Unidos<\/strong>, que deve ocorrer durante o <strong>G20<\/strong>. Assim, o <strong>Ibovespa<\/strong> n\u00e3o sofreu grande oscila\u00e7\u00f5es na sess\u00e3o desta data.<\/p>\n<p>A pontua\u00e7\u00e3o m\u00ednima do <strong>Ibovespa<\/strong> foi de\u00a0101.588,92 pontos. A <strong>CCR<\/strong> ficou entre os destaques negativos do \u00edndice.<\/p>\n\t<p>\n\t\t<a href=\"https:\/\/lp.suno.com.br\/ao\/sessao-estrategica-consultoria-c\/?utm_source=suno-noticias&#038;utm_medium=banner&#038;utm_campaing=dividendos-taxacao-pl\" target=\"_blank\" data-element=\"shortcode-suno-banner\" title=\"Banner SUNO, clique e saiba mais\">\n\t\t\t<picture>\n\t\t\t\t<source media=\"(max-width: 500px)\" srcset=\"https:\/\/files.sunoresearch.com.br\/n\/uploads\/2025\/09\/300x400.webp\">\n\t\t\t\t<img class=\"newsContent__article__imgCapa newsContent__article__imgCapa--banner\"\n\t\t\t\t\tsrc=\"https:\/\/files.sunoresearch.com.br\/n\/uploads\/2025\/09\/SN-DT-1420x240-1.webp\"\n\t\t\t\t\tdata-promo-id=\"628283\"\t\t\t\t\t\t\t\t\t\twidth='1420' height='240'\t\t\t\t\talt=\"https:\/\/files.sunoresearch.com.br\/n\/uploads\/2025\/09\/SN-DT-1420x240-1.webp\"\n\t\t\t\t>\n\t\t\t<\/picture>\n\t\t<\/a>\n\t<\/p>\n\n\n<h2>Vota\u00e7\u00e3o da reforma da Previd\u00eancia est\u00e1 agendada para o dia 27<\/h2>\n<p>A vota\u00e7\u00e3o da <strong>reforma da Previd\u00eancia<\/strong> na comiss\u00e3o especial da <strong>C\u00e2mara<\/strong> deve ocorrer no pr\u00f3ximo dia 27, de acordo com o chefe dos deputados, Rodrigo Maia (DEM-RJ).<\/p>\n<p>Deste modo, <strong>Maia<\/strong> espera que o <strong>plen\u00e1rio<\/strong> da Casa possa analisar a propostas nas duas primeiras de julho, antes de votar.<\/p>\n<p>A informa\u00e7\u00e3o foi passada por Maia no lan\u00e7amento de seu <strong>podcast<\/strong> nesta segunda-feira, intitulado\u00a0\u201c<strong>Resenha com Rodrigo<\/strong>\u201d. O podcast deve ter publica\u00e7\u00e3o semanal \u00e0s segundas-feiras nas redes sociais do deputado.<\/p>\n\t<p>\n\t\t<a href=\"https:\/\/lp.suno.com.br\/minicurso-investindo-fiis\/\" target=\"_blank\" data-element=\"shortcode-suno-banner\" title=\"Banner SUNO, clique e saiba mais\">\n\t\t\t<picture>\n\t\t\t\t<source media=\"(max-width: 500px)\" srcset=\"https:\/\/files.sunoresearch.com.br\/n\/uploads\/2023\/07\/400x300-Minicurso-FIIS.png\">\n\t\t\t\t<img class=\"newsContent__article__imgCapa newsContent__article__imgCapa--banner\"\n\t\t\t\t\tsrc=\"https:\/\/files.sunoresearch.com.br\/n\/uploads\/2023\/07\/1420x240-Minicurso-FIIS.png\"\n\t\t\t\t\tdata-promo-id=\"311935\"\t\t\t\t\t\t\t\t\t\twidth='1420' height='240'\t\t\t\t\talt=\"https:\/\/files.sunoresearch.com.br\/n\/uploads\/2023\/07\/1420x240-Minicurso-FIIS.png\"\n\t\t\t\t>\n\t\t\t<\/picture>\n\t\t<\/a>\n\t<\/p>\n\n\n<h2>Xi e Trump tem encontro confirmado no G20<\/h2>\n<p>A <strong>China<\/strong> confirmou a presen\u00e7a do presidente da na\u00e7\u00e3o, Xi Jinping, em encontro com o presidente dos <strong>EUA<\/strong>, Donald Trump, durante a 14\u00aa c\u00fapula do G20. A c\u00fapula ocorrer\u00e1 entre 28 e 29 de junho em Osaka, Jap\u00e3o.<\/p>\n<p>Em adendo, a China pediu &#8220;<strong>respeito m\u00fatuo<\/strong>&#8221; e \u00e0s regras da <a href=\"https:\/\/www.suno.com.br\/artigos\/omc-organizacao-mundial-do-comercio\/\">Organiza\u00e7\u00e3o Mundial do Com\u00e9rcio<\/a> (OMC) durante o encontro.<\/p>\n<p><a href=\"https:\/\/www.suno.com.br\/noticias\/eua-provocar-china-entrega-huawei\/\">Saiba mais &#8211;\u00a0EUA volta a provocar China com devolu\u00e7\u00e3o de entrega da Huawei\u00a0<\/a><\/p>\n<h2>Bolsonaro tamb\u00e9m tem encontro marcado com Xi<\/h2>\n<p>O presidente da Rep\u00fablica, Jair Bolsonaro (PSL), deve ter <strong>encontro bilateral<\/strong> com o presidente da <strong>China<\/strong>, Xi Jinping na pr\u00f3xima sexta-feira (28), antes do in\u00edcio da c\u00fapula do <strong>G20<\/strong>.<\/p>\n<p>O principal tema do encontro deve ser a <strong>agricultura <\/strong>brasileira. A China \u00e9 o principal <strong>parceiro comercial<\/strong> do Brasil. Entre janeiro e maio deste ano, 27% das exporta\u00e7\u00f5es brasileiras foram para a China, somando US$ 25 milh\u00f5es.<\/p>\n<p><a href=\"https:\/\/www.suno.com.br\/noticias\/bolsonaro-presidente-da-china-encontro-g20\/\">Saiba mais &#8211;\u00a0Bolsonaro se encontrar\u00e1 com presidente da China antes do G20<\/a><\/p>\n<h2>Grupo CCR tem desempenho negativo no Ibovespa<\/h2>\n<p>O governo estuda mudan\u00e7as no modelo de cobran\u00e7a de taxas de <strong>ped\u00e1gio<\/strong> para os pr\u00f3ximos <strong>leil\u00f5es<\/strong> de estradas no pa\u00eds. Sendo assim, a medida serviria como est\u00edmulo para que concession\u00e1rias agilizassem obras e investimentos.<\/p>\n<p>Em adendo, a <strong>Uni\u00e3o<\/strong> pretende repassar \u00e0 iniciativa privada mais de 16 mil quil\u00f4metros de 25 trechos de <strong>rodovia<\/strong>. Contudo, o plano \u00e9 que isso aconte\u00e7a at\u00e9 2022.<\/p>\n<p>Deste modo, o Grupo CCR (CCRO3), <strong>l\u00edder<\/strong> na administra\u00e7\u00e3o de rodovias no Brasil, obteve queda na cota\u00e7\u00e3o das a\u00e7\u00f5es. A <strong>CCR<\/strong> \u00e9 respons\u00e1vel por cerca de\u00a03.265 km de rodovias no Brasil.<\/p>\n\t<p>\n\t\t<a href=\"https:\/\/lp.suno.com.br\/asset\/fundos\/suno-fic-fia\/\" target=\"_blank\" data-element=\"shortcode-suno-banner\" title=\"Banner SUNO, clique e saiba mais\">\n\t\t\t<picture>\n\t\t\t\t<source media=\"(max-width: 500px)\" srcset=\"https:\/\/files.sunoresearch.com.br\/n\/uploads\/2023\/10\/SUNO-FIC-FIA-400x300-Mobile-Artigos-5-v3.png\">\n\t\t\t\t<img class=\"newsContent__article__imgCapa newsContent__article__imgCapa--banner\"\n\t\t\t\t\tsrc=\"https:\/\/files.sunoresearch.com.br\/n\/uploads\/2023\/10\/SUNO-FIC-FIA-1420x240-Banner-Artigos-1-_-Banner-Materias-4-v3-png.webp\"\n\t\t\t\t\tdata-promo-id=\"478744\"\t\t\t\t\t\t\t\t\t\twidth='2560' height='433'\t\t\t\t\talt=\"https:\/\/files.sunoresearch.com.br\/n\/uploads\/2023\/10\/SUNO-FIC-FIA-1420x240-Banner-Artigos-1-_-Banner-Materias-4-v3-png.webp\"\n\t\t\t\t>\n\t\t\t<\/picture>\n\t\t<\/a>\n\t<\/p>\n\n\n<h2>Bolsas internacionais<\/h2>\n<ul>\n<li>Nasdaq (Estados Unidos): queda de 0,32%<\/li>\n<li>FTSE 100 (Reino Unido): alta de 0,12%<\/li>\n<li>Nikkei (Jap\u00e3o): alta de 0,13%<\/li>\n<li>CAC40 (Fran\u00e7a): baixa de 0,12%<\/li>\n<\/ul>\n<h2>Maiores altas do Ibovespa<\/h2>\n<ul>\n<li>SUZB3 alta de 2,25% (R$ 34,52)<\/li>\n<li>BRKM5 alta de 1,89% (R$ 36,17)<\/li>\n<li>HYPE3 alta de 1,75% (R$ 30,22)<\/li>\n<li>RENT3 alta de\u00a01,64% (R$ 41,57)<\/li>\n<li>IRBR3 alta de 1,58% (R$ 101,05)<\/li>\n<\/ul>\n<h2>Maiores quedas do Ibovespa<\/h2>\n<ul>\n<li>BTOW3 queda de 1,88% (R$ 33,90)<\/li>\n<li>CCRO3 queda de 1,86% (R$ 14,25)<\/li>\n<li>NATU3 queda de\u00a01,61% (R$ 58,22)<\/li>\n<li>AZUL4 queda de 1,56% (R$ 43,57)<\/li>\n<li>CIEL3 queda de 1,51% (R$ 7,17)<\/li>\n<\/ul>\n","protected":false},"excerpt":{"rendered":"<p>O Ibovespa encerrou est\u00e1vel nesta segunda-feira (24), com\u00a0102.062,33 pontos e leve alta de 0,05%. O otimismo interno e externo contribu\u00edram para que o \u00edndice acion\u00e1rio batesse um novo recorde hist\u00f3rico durante o preg\u00e3o, quando atingiu\u00a0102.617,31. Ibovespa fecha em alta com otimismo interno e externo. (divulga\u00e7\u00e3o) No Brasil, a expectativa sobre a vota\u00e7\u00e3o da reforma da [&hellip;]<\/p>\n","protected":false},"author":12,"featured_media":18020,"comment_status":"closed","ping_status":"closed","sticky":false,"template":"","format":"standard","meta":[],"categories":[60],"tags":[938,407,711,724,793,721,719,940,892,913],"suno_strategy":[],"class_list":["post-29000","post","type-post","status-publish","format-standard","has-post-thumbnail","hentry","category-mercado","tag-camara-dos-deputados","tag-ccr-ccro3","tag-china","tag-donald-trump","tag-estados-unidos-eua","tag-ibovespa","tag-jair-bolsonaro","tag-reforma-da-previdencia","tag-rodrigo-maia","tag-xi-jinping"],"yoast_head":"<!-- This site is optimized with the Yoast SEO plugin v24.4 - https:\/\/yoast.com\/wordpress\/plugins\/seo\/ -->\n<title>Ibovespa encerra est\u00e1vel com expectativas sobre Previd\u00eancia e G20<\/title>\n<meta name=\"description\" content=\"O Ibovespa fechou est\u00e1vel nesta segunda-feira (24) com expectativas sobre a reforma da Previd\u00eancia e o G20. Clique para saber mais.\" \/>\n<meta name=\"robots\" content=\"index, follow, max-snippet:-1, max-image-preview:large, max-video-preview:-1\" \/>\n<link rel=\"canonical\" href=\"https:\/\/www.suno.com.br\/noticias\/ibovespa-fechamento-24062019\/\" \/>\n<meta property=\"og:locale\" content=\"pt_BR\" \/>\n<meta property=\"og:type\" content=\"article\" \/>\n<meta property=\"og:title\" content=\"Ibovespa encerra est\u00e1vel com expectativas sobre Previd\u00eancia e G20\" \/>\n<meta property=\"og:description\" content=\"O Ibovespa fechou est\u00e1vel nesta segunda-feira (24) com expectativas sobre a reforma da Previd\u00eancia e o G20. Clique para saber mais.\" \/>\n<meta property=\"og:url\" content=\"https:\/\/www.suno.com.br\/noticias\/ibovespa-fechamento-24062019\/\" \/>\n<meta property=\"og:site_name\" content=\"Suno Not\u00edcias\" \/>\n<meta property=\"article:publisher\" content=\"https:\/\/facebook.com\/sunoresearch\" \/>\n<meta property=\"og:image\" content=\"https:\/\/files.sunoresearch.com.br\/n\/uploads\/2019\/03\/a43ec7b1-btg-pactual.jpg\" \/>\n\t<meta property=\"og:image:width\" content=\"1024\" \/>\n\t<meta property=\"og:image:height\" content=\"768\" \/>\n\t<meta property=\"og:image:type\" content=\"image\/jpeg\" \/>\n<meta name=\"author\" content=\"Amanda Gushiken\" \/>\n<meta name=\"twitter:card\" content=\"summary_large_image\" \/>\n<meta name=\"twitter:creator\" content=\"@sunoresearch\" \/>\n<meta name=\"twitter:site\" content=\"@sunoresearch\" \/>\n<meta name=\"twitter:label1\" content=\"Escrito por\" \/>\n\t<meta name=\"twitter:data1\" content=\"Amanda Gushiken\" \/>\n\t<meta name=\"twitter:label2\" content=\"Est. tempo de leitura\" \/>\n\t<meta name=\"twitter:data2\" content=\"3 minutos\" \/>\n<script type=\"application\/ld+json\" class=\"yoast-schema-graph\">{\"@context\":\"https:\/\/schema.org\",\"@graph\":[{\"@type\":\"NewsArticle\",\"@id\":\"https:\/\/www.suno.com.br\/noticias\/ibovespa-fechamento-24062019\/#article\",\"isPartOf\":{\"@id\":\"https:\/\/www.suno.com.br\/noticias\/ibovespa-fechamento-24062019\/\"},\"author\":{\"name\":\"Amanda Gushiken\",\"@id\":\"https:\/\/www.suno.com.br\/noticias\/#\/schema\/person\/a5b06fa4e879d8e8e119c6ed3cd630d1\"},\"headline\":\"Ibovespa encerra est\u00e1vel com expectativas sobre Previd\u00eancia e G20\",\"datePublished\":\"2019-06-24T20:58:24+00:00\",\"dateModified\":\"2021-06-14T02:43:10+00:00\",\"mainEntityOfPage\":{\"@id\":\"https:\/\/www.suno.com.br\/noticias\/ibovespa-fechamento-24062019\/\"},\"wordCount\":584,\"publisher\":{\"@id\":\"https:\/\/www.suno.com.br\/noticias\/#organization\"},\"image\":{\"@id\":\"https:\/\/www.suno.com.br\/noticias\/ibovespa-fechamento-24062019\/#primaryimage\"},\"thumbnailUrl\":\"https:\/\/files.sunoresearch.com.br\/n\/uploads\/2019\/03\/a43ec7b1-btg-pactual-jpg.webp\",\"keywords\":[\"C\u00e2mara dos Deputados\",\"CCR (CCRO3)\",\"China\",\"Donald Trump\",\"Estados Unidos (EUA)\",\"Ibovespa\",\"Jair Bolsonaro\",\"Reforma da Previd\u00eancia\",\"Rodrigo Maia\",\"Xi Jinping\"],\"articleSection\":[\"Mercado\"],\"inLanguage\":\"pt-BR\"},{\"@type\":\"WebPage\",\"@id\":\"https:\/\/www.suno.com.br\/noticias\/ibovespa-fechamento-24062019\/\",\"url\":\"https:\/\/www.suno.com.br\/noticias\/ibovespa-fechamento-24062019\/\",\"name\":\"Ibovespa encerra est\u00e1vel com expectativas sobre Previd\u00eancia e G20\",\"isPartOf\":{\"@id\":\"https:\/\/www.suno.com.br\/noticias\/#website\"},\"primaryImageOfPage\":{\"@id\":\"https:\/\/www.suno.com.br\/noticias\/ibovespa-fechamento-24062019\/#primaryimage\"},\"image\":{\"@id\":\"https:\/\/www.suno.com.br\/noticias\/ibovespa-fechamento-24062019\/#primaryimage\"},\"thumbnailUrl\":\"https:\/\/files.sunoresearch.com.br\/n\/uploads\/2019\/03\/a43ec7b1-btg-pactual-jpg.webp\",\"datePublished\":\"2019-06-24T20:58:24+00:00\",\"dateModified\":\"2021-06-14T02:43:10+00:00\",\"description\":\"O Ibovespa fechou est\u00e1vel nesta segunda-feira (24) com expectativas sobre a reforma da Previd\u00eancia e o G20. Clique para saber mais.\",\"breadcrumb\":{\"@id\":\"https:\/\/www.suno.com.br\/noticias\/ibovespa-fechamento-24062019\/#breadcrumb\"},\"inLanguage\":\"pt-BR\",\"potentialAction\":[{\"@type\":\"ReadAction\",\"target\":[\"https:\/\/www.suno.com.br\/noticias\/ibovespa-fechamento-24062019\/\"]}]},{\"@type\":\"ImageObject\",\"inLanguage\":\"pt-BR\",\"@id\":\"https:\/\/www.suno.com.br\/noticias\/ibovespa-fechamento-24062019\/#primaryimage\",\"url\":\"https:\/\/files.sunoresearch.com.br\/n\/uploads\/2019\/03\/a43ec7b1-btg-pactual-jpg.webp\",\"contentUrl\":\"https:\/\/files.sunoresearch.com.br\/n\/uploads\/2019\/03\/a43ec7b1-btg-pactual-jpg.webp\",\"width\":1024,\"height\":768,\"caption\":\"Ibovespa fecha em alta com otimismo interno e externo. (divulga\u00e7\u00e3o)\"},{\"@type\":\"BreadcrumbList\",\"@id\":\"https:\/\/www.suno.com.br\/noticias\/ibovespa-fechamento-24062019\/#breadcrumb\",\"itemListElement\":[{\"@type\":\"ListItem\",\"position\":1,\"name\":\"Not\u00edcias\",\"item\":\"https:\/\/www.suno.com.br\/noticias\/\"},{\"@type\":\"ListItem\",\"position\":2,\"name\":\"Mercado\",\"item\":\"https:\/\/www.suno.com.br\/noticias\/mercado\/\"},{\"@type\":\"ListItem\",\"position\":3,\"name\":\"Ibovespa encerra est\u00e1vel com expectativas sobre Previd\u00eancia e G20\"}]},{\"@type\":\"WebSite\",\"@id\":\"https:\/\/www.suno.com.br\/noticias\/#website\",\"url\":\"https:\/\/www.suno.com.br\/noticias\/\",\"name\":\"Suno Not\u00edcias\",\"description\":\"Seu portal de informa\u00e7\u00e3o sobre o mundo dos investimentos\",\"publisher\":{\"@id\":\"https:\/\/www.suno.com.br\/noticias\/#organization\"},\"potentialAction\":[{\"@type\":\"SearchAction\",\"target\":{\"@type\":\"EntryPoint\",\"urlTemplate\":\"https:\/\/www.suno.com.br\/noticias\/?s={search_term_string}\"},\"query-input\":{\"@type\":\"PropertyValueSpecification\",\"valueRequired\":true,\"valueName\":\"search_term_string\"}}],\"inLanguage\":\"pt-BR\"},{\"@type\":\"Organization\",\"@id\":\"https:\/\/www.suno.com.br\/noticias\/#organization\",\"name\":\"Suno Not\u00edcias\",\"url\":\"https:\/\/www.suno.com.br\/noticias\/\",\"logo\":{\"@type\":\"ImageObject\",\"inLanguage\":\"pt-BR\",\"@id\":\"https:\/\/www.suno.com.br\/noticias\/#\/schema\/logo\/image\/\",\"url\":\"https:\/\/files.sunoresearch.com.br\/n\/uploads\/2021\/09\/suno-logo.png\",\"contentUrl\":\"https:\/\/files.sunoresearch.com.br\/n\/uploads\/2021\/09\/suno-logo.png\",\"width\":180,\"height\":180,\"caption\":\"Suno Not\u00edcias\"},\"image\":{\"@id\":\"https:\/\/www.suno.com.br\/noticias\/#\/schema\/logo\/image\/\"},\"sameAs\":[\"https:\/\/facebook.com\/sunoresearch\",\"https:\/\/x.com\/sunoresearch\",\"https:\/\/www.instagram.com\/suno\",\"https:\/\/www.linkedin.com\/company\/suno-research\/\",\"https:\/\/www.youtube.com\/c\/sunoresearch\"]},{\"@type\":\"Person\",\"@id\":\"https:\/\/www.suno.com.br\/noticias\/#\/schema\/person\/a5b06fa4e879d8e8e119c6ed3cd630d1\",\"name\":\"Amanda Gushiken\",\"image\":{\"@type\":\"ImageObject\",\"inLanguage\":\"pt-BR\",\"@id\":\"https:\/\/www.suno.com.br\/noticias\/#\/schema\/person\/image\/\",\"url\":\"https:\/\/secure.gravatar.com\/avatar\/ecd84705e6b65e3685ae80d725501fbe?s=96&r=g\",\"contentUrl\":\"https:\/\/secure.gravatar.com\/avatar\/ecd84705e6b65e3685ae80d725501fbe?s=96&r=g\",\"caption\":\"Amanda Gushiken\"},\"description\":\"Amanda Sayuri Gushiken escreve sobre finan\u00e7as e neg\u00f3cios para o portal Suno Not\u00edcias. Antes, trabalhou selecionando not\u00edcias da imprensa para clientes do mercado financeiro. Tamb\u00e9m desenvolveu pesquisa acad\u00eamica pela Universidade Anhembi Morumbi na \u00e1rea de Teorias da Comunica\u00e7\u00e3o e \u00e9 fot\u00f3grafa nas horas vagas.\",\"url\":\"https:\/\/www.suno.com.br\/noticias\/author\/amanda\/\"}]}<\/script>\n<!-- \/ Yoast SEO plugin. -->","yoast_head_json":{"title":"Ibovespa encerra est\u00e1vel com expectativas sobre Previd\u00eancia e G20","description":"O Ibovespa fechou est\u00e1vel nesta segunda-feira (24) com expectativas sobre a reforma da Previd\u00eancia e o G20. Clique para saber mais.","robots":{"index":"index","follow":"follow","max-snippet":"max-snippet:-1","max-image-preview":"max-image-preview:large","max-video-preview":"max-video-preview:-1"},"canonical":"https:\/\/www.suno.com.br\/noticias\/ibovespa-fechamento-24062019\/","og_locale":"pt_BR","og_type":"article","og_title":"Ibovespa encerra est\u00e1vel com expectativas sobre Previd\u00eancia e G20","og_description":"O Ibovespa fechou est\u00e1vel nesta segunda-feira (24) com expectativas sobre a reforma da Previd\u00eancia e o G20. Clique para saber mais.","og_url":"https:\/\/www.suno.com.br\/noticias\/ibovespa-fechamento-24062019\/","og_site_name":"Suno Not\u00edcias","article_publisher":"https:\/\/facebook.com\/sunoresearch","og_image":[{"width":1024,"height":768,"url":"https:\/\/files.sunoresearch.com.br\/n\/uploads\/2019\/03\/a43ec7b1-btg-pactual.jpg","type":"image\/jpeg"}],"author":"Amanda Gushiken","twitter_card":"summary_large_image","twitter_creator":"@sunoresearch","twitter_site":"@sunoresearch","twitter_misc":{"Escrito por":"Amanda Gushiken","Est. tempo de leitura":"3 minutos"},"schema":{"@context":"https:\/\/schema.org","@graph":[{"@type":"NewsArticle","@id":"https:\/\/www.suno.com.br\/noticias\/ibovespa-fechamento-24062019\/#article","isPartOf":{"@id":"https:\/\/www.suno.com.br\/noticias\/ibovespa-fechamento-24062019\/"},"author":{"name":"Amanda Gushiken","@id":"https:\/\/www.suno.com.br\/noticias\/#\/schema\/person\/a5b06fa4e879d8e8e119c6ed3cd630d1"},"headline":"Ibovespa encerra est\u00e1vel com expectativas sobre Previd\u00eancia e G20","datePublished":"2019-06-24T20:58:24+00:00","dateModified":"2021-06-14T02:43:10+00:00","mainEntityOfPage":{"@id":"https:\/\/www.suno.com.br\/noticias\/ibovespa-fechamento-24062019\/"},"wordCount":584,"publisher":{"@id":"https:\/\/www.suno.com.br\/noticias\/#organization"},"image":{"@id":"https:\/\/www.suno.com.br\/noticias\/ibovespa-fechamento-24062019\/#primaryimage"},"thumbnailUrl":"https:\/\/files.sunoresearch.com.br\/n\/uploads\/2019\/03\/a43ec7b1-btg-pactual-jpg.webp","keywords":["C\u00e2mara dos Deputados","CCR (CCRO3)","China","Donald Trump","Estados Unidos (EUA)","Ibovespa","Jair Bolsonaro","Reforma da Previd\u00eancia","Rodrigo Maia","Xi Jinping"],"articleSection":["Mercado"],"inLanguage":"pt-BR"},{"@type":"WebPage","@id":"https:\/\/www.suno.com.br\/noticias\/ibovespa-fechamento-24062019\/","url":"https:\/\/www.suno.com.br\/noticias\/ibovespa-fechamento-24062019\/","name":"Ibovespa encerra est\u00e1vel com expectativas sobre Previd\u00eancia e G20","isPartOf":{"@id":"https:\/\/www.suno.com.br\/noticias\/#website"},"primaryImageOfPage":{"@id":"https:\/\/www.suno.com.br\/noticias\/ibovespa-fechamento-24062019\/#primaryimage"},"image":{"@id":"https:\/\/www.suno.com.br\/noticias\/ibovespa-fechamento-24062019\/#primaryimage"},"thumbnailUrl":"https:\/\/files.sunoresearch.com.br\/n\/uploads\/2019\/03\/a43ec7b1-btg-pactual-jpg.webp","datePublished":"2019-06-24T20:58:24+00:00","dateModified":"2021-06-14T02:43:10+00:00","description":"O Ibovespa fechou est\u00e1vel nesta segunda-feira (24) com expectativas sobre a reforma da Previd\u00eancia e o G20. Clique para saber mais.","breadcrumb":{"@id":"https:\/\/www.suno.com.br\/noticias\/ibovespa-fechamento-24062019\/#breadcrumb"},"inLanguage":"pt-BR","potentialAction":[{"@type":"ReadAction","target":["https:\/\/www.suno.com.br\/noticias\/ibovespa-fechamento-24062019\/"]}]},{"@type":"ImageObject","inLanguage":"pt-BR","@id":"https:\/\/www.suno.com.br\/noticias\/ibovespa-fechamento-24062019\/#primaryimage","url":"https:\/\/files.sunoresearch.com.br\/n\/uploads\/2019\/03\/a43ec7b1-btg-pactual-jpg.webp","contentUrl":"https:\/\/files.sunoresearch.com.br\/n\/uploads\/2019\/03\/a43ec7b1-btg-pactual-jpg.webp","width":1024,"height":768,"caption":"Ibovespa fecha em alta com otimismo interno e externo. (divulga\u00e7\u00e3o)"},{"@type":"BreadcrumbList","@id":"https:\/\/www.suno.com.br\/noticias\/ibovespa-fechamento-24062019\/#breadcrumb","itemListElement":[{"@type":"ListItem","position":1,"name":"Not\u00edcias","item":"https:\/\/www.suno.com.br\/noticias\/"},{"@type":"ListItem","position":2,"name":"Mercado","item":"https:\/\/www.suno.com.br\/noticias\/mercado\/"},{"@type":"ListItem","position":3,"name":"Ibovespa encerra est\u00e1vel com expectativas sobre Previd\u00eancia e G20"}]},{"@type":"WebSite","@id":"https:\/\/www.suno.com.br\/noticias\/#website","url":"https:\/\/www.suno.com.br\/noticias\/","name":"Suno Not\u00edcias","description":"Seu portal de informa\u00e7\u00e3o sobre o mundo dos investimentos","publisher":{"@id":"https:\/\/www.suno.com.br\/noticias\/#organization"},"potentialAction":[{"@type":"SearchAction","target":{"@type":"EntryPoint","urlTemplate":"https:\/\/www.suno.com.br\/noticias\/?s={search_term_string}"},"query-input":{"@type":"PropertyValueSpecification","valueRequired":true,"valueName":"search_term_string"}}],"inLanguage":"pt-BR"},{"@type":"Organization","@id":"https:\/\/www.suno.com.br\/noticias\/#organization","name":"Suno Not\u00edcias","url":"https:\/\/www.suno.com.br\/noticias\/","logo":{"@type":"ImageObject","inLanguage":"pt-BR","@id":"https:\/\/www.suno.com.br\/noticias\/#\/schema\/logo\/image\/","url":"https:\/\/files.sunoresearch.com.br\/n\/uploads\/2021\/09\/suno-logo.png","contentUrl":"https:\/\/files.sunoresearch.com.br\/n\/uploads\/2021\/09\/suno-logo.png","width":180,"height":180,"caption":"Suno Not\u00edcias"},"image":{"@id":"https:\/\/www.suno.com.br\/noticias\/#\/schema\/logo\/image\/"},"sameAs":["https:\/\/facebook.com\/sunoresearch","https:\/\/x.com\/sunoresearch","https:\/\/www.instagram.com\/suno","https:\/\/www.linkedin.com\/company\/suno-research\/","https:\/\/www.youtube.com\/c\/sunoresearch"]},{"@type":"Person","@id":"https:\/\/www.suno.com.br\/noticias\/#\/schema\/person\/a5b06fa4e879d8e8e119c6ed3cd630d1","name":"Amanda Gushiken","image":{"@type":"ImageObject","inLanguage":"pt-BR","@id":"https:\/\/www.suno.com.br\/noticias\/#\/schema\/person\/image\/","url":"https:\/\/secure.gravatar.com\/avatar\/ecd84705e6b65e3685ae80d725501fbe?s=96&r=g","contentUrl":"https:\/\/secure.gravatar.com\/avatar\/ecd84705e6b65e3685ae80d725501fbe?s=96&r=g","caption":"Amanda Gushiken"},"description":"Amanda Sayuri Gushiken escreve sobre finan\u00e7as e neg\u00f3cios para o portal Suno Not\u00edcias. Antes, trabalhou selecionando not\u00edcias da imprensa para clientes do mercado financeiro. Tamb\u00e9m desenvolveu pesquisa acad\u00eamica pela Universidade Anhembi Morumbi na \u00e1rea de Teorias da Comunica\u00e7\u00e3o e \u00e9 fot\u00f3grafa nas horas vagas.","url":"https:\/\/www.suno.com.br\/noticias\/author\/amanda\/"}]}},"default_loop_html":"<div class=\"cardsPage__listCard__boxs\"><div class=\"cardsPage__listCard__boxs__img\"><a href=\"https:\/\/www.suno.com.br\/noticias\/ibovespa-fechamento-24062019\/\"><img class=\"mask\" src=\"https:\/\/www.suno.com.br\/noticias\/wp-content\/themes\/suno\/resources\/images\/spotlight\/spotlight1img\/bg-mask.png\" alt=\"Image Mask\"\/><img src=\"https:\/\/files.sunoresearch.com.br\/n\/uploads\/2019\/03\/a43ec7b1-btg-pactual-400x200.webp\" alt=\"Ibovespa encerra est\u00e1vel com expectativas sobre Previd\u00eancia e G20\"\/><\/a><span class=\"spotlightCategory\"><a href=\"https:\/\/www.suno.com.br\/noticias\/mercado\/\">Mercado<\/a><\/span><\/div><div class=\"cardsPage__listCard__boxs__content\"><a href=\"https:\/\/www.suno.com.br\/noticias\/ibovespa-fechamento-24062019\/\"><h2 class=\"content__title\">Ibovespa encerra est\u00e1vel com expectativas sobre Previd\u00eancia e G20<\/h2><\/a><div class=\"newsContent__article__meta\"><div class=\"newsContent__article__meta__authorBox\"><a href=\"https:\/\/www.suno.com.br\/noticias\/author\/amanda\/\" class=\"authorBox__avatar noMobi\"><img src=\"https:\/\/files.sunoresearch.com.br\/n\/uploads\/2018\/11\/c6ad30be-amanda-150x150.webp\" alt=\"Amanda Gushiken\"><\/a><div class=\"authorBox__name\"><span>por\n\t\t\t<a href=\"https:\/\/www.suno.com.br\/noticias\/author\/amanda\/\"><span itemprop=\"author\">Amanda Gushiken<\/span><\/a><\/span><time datetime=\"2019-06-24T17:58:24-03:00\" itemprop=\"datePublished\">24\/06\/2019 17:58<\/time><\/div><\/div><\/div><\/div><\/div>","single_layout":"posts","amp_enabled":true,"_links":{"self":[{"href":"https:\/\/www.suno.com.br\/noticias\/wp-json\/wp\/v2\/posts\/29000"}],"collection":[{"href":"https:\/\/www.suno.com.br\/noticias\/wp-json\/wp\/v2\/posts"}],"about":[{"href":"https:\/\/www.suno.com.br\/noticias\/wp-json\/wp\/v2\/types\/post"}],"author":[{"embeddable":true,"href":"https:\/\/www.suno.com.br\/noticias\/wp-json\/wp\/v2\/users\/12"}],"replies":[{"embeddable":true,"href":"https:\/\/www.suno.com.br\/noticias\/wp-json\/wp\/v2\/comments?post=29000"}],"version-history":[{"count":1,"href":"https:\/\/www.suno.com.br\/noticias\/wp-json\/wp\/v2\/posts\/29000\/revisions"}],"predecessor-version":[{"id":157318,"href":"https:\/\/www.suno.com.br\/noticias\/wp-json\/wp\/v2\/posts\/29000\/revisions\/157318"}],"wp:featuredmedia":[{"embeddable":true,"href":"https:\/\/www.suno.com.br\/noticias\/wp-json\/wp\/v2\/media\/18020"}],"wp:attachment":[{"href":"https:\/\/www.suno.com.br\/noticias\/wp-json\/wp\/v2\/media?parent=29000"}],"wp:term":[{"taxonomy":"category","embeddable":true,"href":"https:\/\/www.suno.com.br\/noticias\/wp-json\/wp\/v2\/categories?post=29000"},{"taxonomy":"post_tag","embeddable":true,"href":"https:\/\/www.suno.com.br\/noticias\/wp-json\/wp\/v2\/tags?post=29000"},{"taxonomy":"suno_strategy","embeddable":true,"href":"https:\/\/www.suno.com.br\/noticias\/wp-json\/wp\/v2\/suno_strategy?post=29000"}],"curies":[{"name":"wp","href":"https:\/\/api.w.org\/{rel}","templated":true}]}}