{"id":289783,"date":"2022-08-26T10:22:10","date_gmt":"2022-08-26T13:22:10","guid":{"rendered":"https:\/\/www.suno.com.br\/noticias\/?p=289783"},"modified":"2022-09-12T13:01:06","modified_gmt":"2022-09-12T16:01:06","slug":"varejistas-calote-perdas-provisao","status":"publish","type":"post","link":"https:\/\/www.suno.com.br\/noticias\/varejistas-calote-perdas-provisao\/","title":{"rendered":"Calote pode ocasionar perdas de at\u00e9 R$ 7,8 bilh\u00f5es para varejistas"},"content":{"rendered":"<p>Grandes varejistas como <a class=\"suno-keyword\" href=\"https:\/\/www.suno.com.br\/acoes\/asai3\/\" target=\"_blank\" rel=\"noopener\" data-force=\"yes\" data-priority=\"2\">Assa\u00ed (ASAI3)<\/a>, <a class=\"suno-keyword\" href=\"https:\/\/www.suno.com.br\/acoes\/MGLU3\/\" target=\"_blank\" rel=\"noopener\" data-force=\"yes\" data-priority=\"2\">Magazine Luiza (MGLU3)<\/a> e <a href=\"https:\/\/www.suno.com.br\/acoes\/lren3\">Renner (LREN3)<\/a> t\u00eam aumentado a sua provis\u00e3o para perdas com pr\u00e1ticas de <strong>calote<\/strong> por\u00a0consumidores. As informa\u00e7\u00f5es s\u00e3o do Valor Econ\u00f4mico.<\/p>\t<div class=\"wrapper-featured-image\">\n\t\t<figure class=\"spotlightImg\">\n\n\t\t\t<picture>\n\t\t\t\t<source media=\"(max-width: 768px)\" srcset=\"https:\/\/files.sunoresearch.com.br\/n\/uploads\/2021\/08\/c3290aa3-magalu-400x200.jpg\">\n\t\t\t\t<img loading=\"lazy\" decoding=\"async\" class=\"newsContent__article__imgCapa lazyloadDisabled \" src=\"https:\/\/files.sunoresearch.com.br\/n\/uploads\/2021\/08\/c3290aa3-magalu-800x450.jpg\" width=\"800\" height=\"450\" alt=\"Calote pode ocasionar perdas de at\u00e9 R$ 7,8 bilh\u00f5es para varejistas\" fetchpriority=high \/>\n\t\t\t<\/picture>\n\n\t\t\t<figcaption class=\"wp-caption-text wp-caption-text--show\">Magazine Luiza aumentou sua provis\u00e3o para calotes. Foto: Divulga\u00e7\u00e3o<\/figcaption>\n\t\t<\/figure>\n\t<\/div>\n\n\n\t<p>\n\t\t<a href=\"\" target=\"_blank\" data-element=\"shortcode-suno-banner\" title=\"Banner SUNO, clique e saiba mais\">\n\t\t\t<picture>\n\t\t\t\t<source media=\"(max-width: 500px)\" srcset=\"\">\n\t\t\t\t<img class=\"newsContent__article__imgCapa newsContent__article__imgCapa--banner\"\n\t\t\t\t\tsrc=\"\"\n\t\t\t\t\tdata-promo-id=\"250704\"\t\t\t\t\t\t\t\t\t\t\t\t\t\t\talt=\"\"\n\t\t\t\t>\n\t\t\t<\/picture>\n\t\t<\/a>\n\t<\/p>\n\n\n<p>Segundo levantamento realizado pelo jornal, nos balan\u00e7os das dez maiores redes de capital aberto, foram R$ 7,79 bilh\u00f5es em <strong>provis\u00f5es para calote<\/strong>\u00a0de janeiro a junho, uma alta de quase 22% frente aos R$ 6,4 bilh\u00f5es registrados ao fim do ano passado e 42,2% acima do apurado de janeiro a junho de 2021.<\/p>\n<p>O peso das provis\u00f5es de <strong>cr\u00e9dito de devedores duvidosos<\/strong> passou de 4% <a class=\"suno-keyword\" href=\"https:\/\/www.suno.com.br\/artigos\/o-que-receita-liquida\/\" target=\"_blank\" rel=\"noopener\" data-force=\"no\" data-priority=\"1\">receita l\u00edquida<\/a> total das empresas analisadas na metade de 2021 para 4,92% neste ano &#8211; em dezembro, o valor estava em 3,9%.<\/p>\n<p>Segundo o levantamento do jornal Valor Econ\u00f4mico, 12,5% foi o peso do varejo no total das d\u00edvidas por segmento no pa\u00eds em junho.<\/p>\n<p>A taxa de inadimpl\u00eancia dos brasileiros na aquisi\u00e7\u00e3o de bens foi de 3,69% para 4,71% no per\u00edodo de um ano, reflexo de um pa\u00eds com deteriora\u00e7\u00e3o na renda e escalada da infla\u00e7\u00e3o.<\/p>\n<p>Confira a mudan\u00e7a da <a class=\"suno-keyword\" href=\"https:\/\/www.suno.com.br\/artigos\/provisao-para-devedores-duvidosos\/\" target=\"_blank\" rel=\"noopener\" data-force=\"no\" data-priority=\"1\">provis\u00e3o para devedores duvidosos<\/a> nas companhias de janeiro a junho, versus um ano antes:<\/p>\n<ul>\n<li><a class=\"suno-keyword\" href=\"https:\/\/www.suno.com.br\/acoes\/CRFB3\/\" target=\"_blank\" rel=\"noopener\" data-force=\"yes\" data-priority=\"2\">Carrefour (CRFB3)<\/a>: 37,8%<\/li>\n<li><a class=\"suno-keyword\" href=\"https:\/\/www.suno.com.br\/acoes\/PCAR3\/\" target=\"_blank\" rel=\"noopener\" data-force=\"yes\" data-priority=\"2\">GPA (PCAR3)<\/a>: -17,5%<\/li>\n<li>Assa\u00ed (ASAI3): 100%<\/li>\n<li><a class=\"suno-keyword\" href=\"https:\/\/www.suno.com.br\/acoes\/GMAT3\/\" target=\"_blank\" rel=\"noopener\" data-force=\"yes\" data-priority=\"2\">Grupo Mateus (GMAT3)<\/a>: -15.0%<\/li>\n<li><a href=\"https:\/\/www.suno.com.br\/acoes\/amer3\">Americanas (AMER3)<\/a>: 41,9%<\/li>\n<li><a href=\"https:\/\/www.suno.com.br\/acoes\/viia3\">Via (VIIA3)<\/a>: -8,4%<\/li>\n<li><strong>Magazine Luiza<\/strong> (MGLU3): 53,4%<\/li>\n<li>Renner (LREN3): 89,4%<\/li>\n<li><a href=\"https:\/\/www.suno.com.br\/acoes\/guar3\">Riachuelo (GUAR3)<\/a>: 76,6%<\/li>\n<li><a class=\"suno-keyword\" href=\"https:\/\/www.suno.com.br\/acoes\/CEAB3\/\" target=\"_blank\" rel=\"noopener\" data-force=\"yes\" data-priority=\"2\">C&amp;A (CEAB3)<\/a>: 97,4%<\/li>\n<\/ul>\n\t<p>\n\t\t<a href=\"https:\/\/lp.suno.com.br\/planilha-controle-gastos\/\" target=\"_blank\" data-element=\"shortcode-suno-banner\" title=\"Banner SUNO, clique e saiba mais\">\n\t\t\t<picture>\n\t\t\t\t<source media=\"(max-width: 500px)\" srcset=\"https:\/\/files.sunoresearch.com.br\/n\/uploads\/2023\/03\/400x300-Planilha-controle-de-gastos.png\">\n\t\t\t\t<img class=\"newsContent__article__imgCapa newsContent__article__imgCapa--banner\"\n\t\t\t\t\tsrc=\"https:\/\/files.sunoresearch.com.br\/n\/uploads\/2023\/03\/1420x240-Planilha-controle-de-gastos.png\"\n\t\t\t\t\tdata-promo-id=\"101751\"\t\t\t\t\t\t\t\t\t\twidth='1420' height='240'\t\t\t\t\talt=\"https:\/\/files.sunoresearch.com.br\/n\/uploads\/2023\/03\/1420x240-Planilha-controle-de-gastos.png\"\n\t\t\t\t>\n\t\t\t<\/picture>\n\t\t<\/a>\n\t<\/p>\n\n\n<p>Segundo economistas consultados pelo jornal, n\u00e3o h\u00e1 risco para a <a class=\"suno-keyword\" href=\"https:\/\/www.suno.com.br\/artigos\/saude-financeira\/\" target=\"_blank\" rel=\"noopener\" data-force=\"no\" data-priority=\"1\">sa\u00fade financeira<\/a> das companhias, como se viu no final dos anos 90, pois a<strong> <a class=\"suno-keyword\" href=\"https:\/\/www.suno.com.br\/artigos\/concessao-de-credito\/\" target=\"_blank\" rel=\"noopener\" data-force=\"no\" data-priority=\"1\">concess\u00e3o de cr\u00e9dito<\/a> <\/strong>est\u00e1 mais controlada e existe mais caixa dispon\u00edvel.<\/p>\n<p>As maiores impactadas, entretanto, podem ser pequenas e m\u00e9dias cadeias fora do radar do mercado.<\/p>\n<h2>Como funciona a provis\u00e3o para calote<\/h2>\n<p>As <strong>provis\u00f5es para perdas<\/strong> funcionam como uma conta redutora do ativo, j\u00e1 que afetam a linha de <a class=\"suno-keyword\" href=\"https:\/\/www.suno.com.br\/artigos\/contas-a-receber\/\" target=\"_blank\" rel=\"noopener\" data-force=\"no\" data-priority=\"1\">contas a receber<\/a> e ainda t\u00eam efeito direto no fluxo de caixa e na rela\u00e7\u00e3o lucro\/preju\u00edzo da empresa.<\/p>\n<p>Em termos cont\u00e1beis, a perda \u00e9 considerada como uma despesa comercial &#8212; quando a rede considera que o consumidor n\u00e3o ir\u00e1 pagar, provisiona esta perda e segue crit\u00e9rios espec\u00edficos para tal, mesmo que ainda tente receber os recursos.<\/p>\n<p>Uma <strong>d\u00edvida<\/strong> com atraso superior a 180 dias j\u00e1 \u00e9 considerada na conta.<\/p>\n<p>O levantamento mostra uma maior entrada de novas perdas do que pagamentos de d\u00edvidas em atraso sendo feitos.<\/p>\n<p>De janeiro a junho, as dez empresas adicionaram provis\u00f5es para <b>calote<\/b> no valor de R$ 1,59 bilh\u00e3o e sa\u00edram, na forma de &#8220;revers\u00e3o&#8221;, cerca de R$ 1,1 bilh\u00e3o no mesmo per\u00edodo, o que ocasiona um d\u00e9ficit de R$ 500 milh\u00f5es.<\/p>\n\t<p>\n\t\t<a href=\"https:\/\/lp.suno.com.br\/ebook-como-analisar-uma-acao\/\" target=\"_blank\" data-element=\"shortcode-suno-banner\" title=\"Banner SUNO, clique e saiba mais\">\n\t\t\t<picture>\n\t\t\t\t<source media=\"(max-width: 500px)\" srcset=\"https:\/\/files.sunoresearch.com.br\/n\/uploads\/2023\/03\/Ebook-Acoes-Mobile-1.jpg\">\n\t\t\t\t<img class=\"newsContent__article__imgCapa newsContent__article__imgCapa--banner\"\n\t\t\t\t\tsrc=\"https:\/\/files.sunoresearch.com.br\/n\/uploads\/2023\/03\/Ebook-Acoes-Desktop-1.jpg\"\n\t\t\t\t\tdata-promo-id=\"171998\"\t\t\t\t\t\t\t\t\t\twidth='1420' height='286'\t\t\t\t\talt=\"https:\/\/files.sunoresearch.com.br\/n\/uploads\/2023\/03\/Ebook-Acoes-Desktop-1.jpg\"\n\t\t\t\t>\n\t\t\t<\/picture>\n\t\t<\/a>\n\t<\/p>\n\n\n","protected":false},"excerpt":{"rendered":"<p>Grandes varejistas como Assa\u00ed (ASAI3), Magazine Luiza (MGLU3) e Renner (LREN3) t\u00eam aumentado a sua provis\u00e3o para perdas com pr\u00e1ticas de calote por\u00a0consumidores. As informa\u00e7\u00f5es s\u00e3o do Valor Econ\u00f4mico. Magazine Luiza aumentou sua provis\u00e3o para calotes. Foto: Divulga\u00e7\u00e3o Segundo levantamento realizado pelo jornal, nos balan\u00e7os das dez maiores redes de capital aberto, foram R$ 7,79 [&hellip;]<\/p>\n","protected":false},"author":192,"featured_media":174279,"comment_status":"closed","ping_status":"closed","sticky":false,"template":"","format":"standard","meta":[],"categories":[64],"tags":[1187,1898,405,92265,1964,539,542,548,1264,803,106935],"suno_strategy":[],"class_list":["post-289783","post","type-post","status-publish","format-standard","has-post-thumbnail","hentry","category-negocios","tag-assai-asai3","tag-ca-ceab3","tag-carrefour-crfb3","tag-grupo-mateus-gmat3","tag-grupo-pao-de-acucar-pcar3-pcar4","tag-lojas-americanas-lame3-lame4","tag-lojas-renner-lren3","tag-magazine-luiza-mglu3","tag-riachuelo","tag-varejo","tag-via-viia3"],"yoast_head":"<!-- This site is optimized with the Yoast SEO plugin v24.4 - https:\/\/yoast.com\/wordpress\/plugins\/seo\/ -->\n<title>Calote pode ocasionar perdas de at\u00e9 R$ 7,8 bilh\u00f5es para varejistas<\/title>\n<meta name=\"description\" content=\"Assa\u00ed, Magazine Luiza, Renner e outras varejistas aumentaram sua provis\u00e3o para perdas com por conta de calote. Clique aqui e saiba mais.\" \/>\n<meta name=\"robots\" content=\"index, follow, max-snippet:-1, max-image-preview:large, max-video-preview:-1\" \/>\n<link rel=\"canonical\" href=\"https:\/\/www.suno.com.br\/noticias\/varejistas-calote-perdas-provisao\/\" \/>\n<meta property=\"og:locale\" content=\"pt_BR\" \/>\n<meta property=\"og:type\" content=\"article\" \/>\n<meta property=\"og:title\" content=\"Calote pode ocasionar perdas de at\u00e9 R$ 7,8 bilh\u00f5es para varejistas\" \/>\n<meta property=\"og:description\" content=\"Assa\u00ed, Magazine Luiza, Renner e outras varejistas aumentaram sua provis\u00e3o para perdas com por conta de calote. Clique aqui e saiba mais.\" \/>\n<meta property=\"og:url\" content=\"https:\/\/www.suno.com.br\/noticias\/varejistas-calote-perdas-provisao\/\" \/>\n<meta property=\"og:site_name\" content=\"Suno Not\u00edcias\" \/>\n<meta property=\"article:publisher\" content=\"https:\/\/facebook.com\/sunoresearch\" \/>\n<meta property=\"og:image\" content=\"https:\/\/files.sunoresearch.com.br\/n\/uploads\/2021\/08\/c3290aa3-magalu.jpg\" \/>\n\t<meta property=\"og:image:width\" content=\"1280\" \/>\n\t<meta property=\"og:image:height\" content=\"720\" \/>\n\t<meta property=\"og:image:type\" content=\"image\/jpeg\" \/>\n<meta name=\"author\" content=\"Laura Intrieri\" \/>\n<meta name=\"twitter:card\" content=\"summary_large_image\" \/>\n<meta name=\"twitter:creator\" content=\"@sunoresearch\" \/>\n<meta name=\"twitter:site\" content=\"@sunoresearch\" \/>\n<meta name=\"twitter:label1\" content=\"Escrito por\" \/>\n\t<meta name=\"twitter:data1\" content=\"Laura Intrieri\" \/>\n\t<meta name=\"twitter:label2\" content=\"Est. tempo de leitura\" \/>\n\t<meta name=\"twitter:data2\" content=\"3 minutos\" \/>\n<script type=\"application\/ld+json\" class=\"yoast-schema-graph\">{\"@context\":\"https:\/\/schema.org\",\"@graph\":[{\"@type\":\"NewsArticle\",\"@id\":\"https:\/\/www.suno.com.br\/noticias\/varejistas-calote-perdas-provisao\/#article\",\"isPartOf\":{\"@id\":\"https:\/\/www.suno.com.br\/noticias\/varejistas-calote-perdas-provisao\/\"},\"author\":{\"name\":\"Laura Intrieri\",\"@id\":\"https:\/\/www.suno.com.br\/noticias\/#\/schema\/person\/653a8428016d45b19031651c57b94f82\"},\"headline\":\"Calote pode ocasionar perdas de at\u00e9 R$ 7,8 bilh\u00f5es para varejistas\",\"datePublished\":\"2022-08-26T13:22:10+00:00\",\"dateModified\":\"2022-09-12T16:01:06+00:00\",\"mainEntityOfPage\":{\"@id\":\"https:\/\/www.suno.com.br\/noticias\/varejistas-calote-perdas-provisao\/\"},\"wordCount\":468,\"publisher\":{\"@id\":\"https:\/\/www.suno.com.br\/noticias\/#organization\"},\"image\":{\"@id\":\"https:\/\/www.suno.com.br\/noticias\/varejistas-calote-perdas-provisao\/#primaryimage\"},\"thumbnailUrl\":\"https:\/\/files.sunoresearch.com.br\/n\/uploads\/2021\/08\/c3290aa3-magalu.jpg\",\"keywords\":[\"Assa\u00ed (ASAI3)\",\"C&amp;A (CEAB3)\",\"Carrefour (CRFB3)\",\"Grupo Mateus (GMAT3)\",\"Grupo P\u00e3o de A\u00e7\u00facar (PCAR3\/PCAR4)\",\"Lojas Americanas (LAME3\/LAME4)\",\"Lojas Renner (LREN3)\",\"Magazine Luiza (MGLU3)\",\"Riachuelo\",\"varejo\",\"Via (VIIA3)\"],\"articleSection\":[\"Neg\u00f3cios\"],\"inLanguage\":\"pt-BR\"},{\"@type\":\"WebPage\",\"@id\":\"https:\/\/www.suno.com.br\/noticias\/varejistas-calote-perdas-provisao\/\",\"url\":\"https:\/\/www.suno.com.br\/noticias\/varejistas-calote-perdas-provisao\/\",\"name\":\"Calote pode ocasionar perdas de at\u00e9 R$ 7,8 bilh\u00f5es para varejistas\",\"isPartOf\":{\"@id\":\"https:\/\/www.suno.com.br\/noticias\/#website\"},\"primaryImageOfPage\":{\"@id\":\"https:\/\/www.suno.com.br\/noticias\/varejistas-calote-perdas-provisao\/#primaryimage\"},\"image\":{\"@id\":\"https:\/\/www.suno.com.br\/noticias\/varejistas-calote-perdas-provisao\/#primaryimage\"},\"thumbnailUrl\":\"https:\/\/files.sunoresearch.com.br\/n\/uploads\/2021\/08\/c3290aa3-magalu.jpg\",\"datePublished\":\"2022-08-26T13:22:10+00:00\",\"dateModified\":\"2022-09-12T16:01:06+00:00\",\"description\":\"Assa\u00ed, Magazine Luiza, Renner e outras varejistas aumentaram sua provis\u00e3o para perdas com por conta de calote. Clique aqui e saiba mais.\",\"breadcrumb\":{\"@id\":\"https:\/\/www.suno.com.br\/noticias\/varejistas-calote-perdas-provisao\/#breadcrumb\"},\"inLanguage\":\"pt-BR\",\"potentialAction\":[{\"@type\":\"ReadAction\",\"target\":[\"https:\/\/www.suno.com.br\/noticias\/varejistas-calote-perdas-provisao\/\"]}]},{\"@type\":\"ImageObject\",\"inLanguage\":\"pt-BR\",\"@id\":\"https:\/\/www.suno.com.br\/noticias\/varejistas-calote-perdas-provisao\/#primaryimage\",\"url\":\"https:\/\/files.sunoresearch.com.br\/n\/uploads\/2021\/08\/c3290aa3-magalu.jpg\",\"contentUrl\":\"https:\/\/files.sunoresearch.com.br\/n\/uploads\/2021\/08\/c3290aa3-magalu.jpg\",\"width\":1280,\"height\":720,\"caption\":\"Magazine Luiza aumentou sua provis\u00e3o para calotes. Foto: Divulga\u00e7\u00e3o\"},{\"@type\":\"BreadcrumbList\",\"@id\":\"https:\/\/www.suno.com.br\/noticias\/varejistas-calote-perdas-provisao\/#breadcrumb\",\"itemListElement\":[{\"@type\":\"ListItem\",\"position\":1,\"name\":\"Not\u00edcias\",\"item\":\"https:\/\/www.suno.com.br\/noticias\/\"},{\"@type\":\"ListItem\",\"position\":2,\"name\":\"Neg\u00f3cios\",\"item\":\"https:\/\/www.suno.com.br\/noticias\/negocios\/\"},{\"@type\":\"ListItem\",\"position\":3,\"name\":\"Calote pode ocasionar perdas de at\u00e9 R$ 7,8 bilh\u00f5es para varejistas\"}]},{\"@type\":\"WebSite\",\"@id\":\"https:\/\/www.suno.com.br\/noticias\/#website\",\"url\":\"https:\/\/www.suno.com.br\/noticias\/\",\"name\":\"Suno Not\u00edcias\",\"description\":\"Seu portal de informa\u00e7\u00e3o sobre o mundo dos investimentos\",\"publisher\":{\"@id\":\"https:\/\/www.suno.com.br\/noticias\/#organization\"},\"potentialAction\":[{\"@type\":\"SearchAction\",\"target\":{\"@type\":\"EntryPoint\",\"urlTemplate\":\"https:\/\/www.suno.com.br\/noticias\/?s={search_term_string}\"},\"query-input\":{\"@type\":\"PropertyValueSpecification\",\"valueRequired\":true,\"valueName\":\"search_term_string\"}}],\"inLanguage\":\"pt-BR\"},{\"@type\":\"Organization\",\"@id\":\"https:\/\/www.suno.com.br\/noticias\/#organization\",\"name\":\"Suno Not\u00edcias\",\"url\":\"https:\/\/www.suno.com.br\/noticias\/\",\"logo\":{\"@type\":\"ImageObject\",\"inLanguage\":\"pt-BR\",\"@id\":\"https:\/\/www.suno.com.br\/noticias\/#\/schema\/logo\/image\/\",\"url\":\"https:\/\/files.sunoresearch.com.br\/n\/uploads\/2021\/09\/suno-logo.png\",\"contentUrl\":\"https:\/\/files.sunoresearch.com.br\/n\/uploads\/2021\/09\/suno-logo.png\",\"width\":180,\"height\":180,\"caption\":\"Suno Not\u00edcias\"},\"image\":{\"@id\":\"https:\/\/www.suno.com.br\/noticias\/#\/schema\/logo\/image\/\"},\"sameAs\":[\"https:\/\/facebook.com\/sunoresearch\",\"https:\/\/x.com\/sunoresearch\",\"https:\/\/www.instagram.com\/suno\",\"https:\/\/www.linkedin.com\/company\/suno-research\/\",\"https:\/\/www.youtube.com\/c\/sunoresearch\"]},{\"@type\":\"Person\",\"@id\":\"https:\/\/www.suno.com.br\/noticias\/#\/schema\/person\/653a8428016d45b19031651c57b94f82\",\"name\":\"Laura Intrieri\",\"image\":{\"@type\":\"ImageObject\",\"inLanguage\":\"pt-BR\",\"@id\":\"https:\/\/www.suno.com.br\/noticias\/#\/schema\/person\/image\/\",\"url\":\"https:\/\/secure.gravatar.com\/avatar\/27e3058d15d09a0a778c3d387c062d71?s=96&r=g\",\"contentUrl\":\"https:\/\/secure.gravatar.com\/avatar\/27e3058d15d09a0a778c3d387c062d71?s=96&r=g\",\"caption\":\"Laura Intrieri\"},\"description\":\"Rep\u00f3rter no Suno Not\u00edcias, cobre mercados, pol\u00edtica e economia. Escreve sobre Bolsa de Valores. Formada em Administra\u00e7\u00e3o P\u00fablica pela Funda\u00e7\u00e3o Get\u00falio Vargas, j\u00e1 passou pelo portal Money Times, escrevendo sobre pol\u00edtica e economia para a editoria \\\"Brasil\\\". Tamb\u00e9m j\u00e1 contribuiu para Ag\u00eancia Estado, cobrindo balan\u00e7os trimestrais e relat\u00f3rios de casas de an\u00e1lise. J\u00e1 produziu podcasts educativos e corporativos para a FGV EAESP. Durante a gradua\u00e7\u00e3o, desempenhou atividades acad\u00eamicas com enfoque em Finan\u00e7as P\u00fablicas.\",\"url\":\"https:\/\/www.suno.com.br\/noticias\/author\/laura-intrieri\/\"}]}<\/script>\n<!-- \/ Yoast SEO plugin. -->","yoast_head_json":{"title":"Calote pode ocasionar perdas de at\u00e9 R$ 7,8 bilh\u00f5es para varejistas","description":"Assa\u00ed, Magazine Luiza, Renner e outras varejistas aumentaram sua provis\u00e3o para perdas com por conta de calote. Clique aqui e saiba mais.","robots":{"index":"index","follow":"follow","max-snippet":"max-snippet:-1","max-image-preview":"max-image-preview:large","max-video-preview":"max-video-preview:-1"},"canonical":"https:\/\/www.suno.com.br\/noticias\/varejistas-calote-perdas-provisao\/","og_locale":"pt_BR","og_type":"article","og_title":"Calote pode ocasionar perdas de at\u00e9 R$ 7,8 bilh\u00f5es para varejistas","og_description":"Assa\u00ed, Magazine Luiza, Renner e outras varejistas aumentaram sua provis\u00e3o para perdas com por conta de calote. Clique aqui e saiba mais.","og_url":"https:\/\/www.suno.com.br\/noticias\/varejistas-calote-perdas-provisao\/","og_site_name":"Suno Not\u00edcias","article_publisher":"https:\/\/facebook.com\/sunoresearch","og_image":[{"width":1280,"height":720,"url":"https:\/\/files.sunoresearch.com.br\/n\/uploads\/2021\/08\/c3290aa3-magalu.jpg","type":"image\/jpeg"}],"author":"Laura Intrieri","twitter_card":"summary_large_image","twitter_creator":"@sunoresearch","twitter_site":"@sunoresearch","twitter_misc":{"Escrito por":"Laura Intrieri","Est. tempo de leitura":"3 minutos"},"schema":{"@context":"https:\/\/schema.org","@graph":[{"@type":"NewsArticle","@id":"https:\/\/www.suno.com.br\/noticias\/varejistas-calote-perdas-provisao\/#article","isPartOf":{"@id":"https:\/\/www.suno.com.br\/noticias\/varejistas-calote-perdas-provisao\/"},"author":{"name":"Laura Intrieri","@id":"https:\/\/www.suno.com.br\/noticias\/#\/schema\/person\/653a8428016d45b19031651c57b94f82"},"headline":"Calote pode ocasionar perdas de at\u00e9 R$ 7,8 bilh\u00f5es para varejistas","datePublished":"2022-08-26T13:22:10+00:00","dateModified":"2022-09-12T16:01:06+00:00","mainEntityOfPage":{"@id":"https:\/\/www.suno.com.br\/noticias\/varejistas-calote-perdas-provisao\/"},"wordCount":468,"publisher":{"@id":"https:\/\/www.suno.com.br\/noticias\/#organization"},"image":{"@id":"https:\/\/www.suno.com.br\/noticias\/varejistas-calote-perdas-provisao\/#primaryimage"},"thumbnailUrl":"https:\/\/files.sunoresearch.com.br\/n\/uploads\/2021\/08\/c3290aa3-magalu.jpg","keywords":["Assa\u00ed (ASAI3)","C&amp;A (CEAB3)","Carrefour (CRFB3)","Grupo Mateus (GMAT3)","Grupo P\u00e3o de A\u00e7\u00facar (PCAR3\/PCAR4)","Lojas Americanas (LAME3\/LAME4)","Lojas Renner (LREN3)","Magazine Luiza (MGLU3)","Riachuelo","varejo","Via (VIIA3)"],"articleSection":["Neg\u00f3cios"],"inLanguage":"pt-BR"},{"@type":"WebPage","@id":"https:\/\/www.suno.com.br\/noticias\/varejistas-calote-perdas-provisao\/","url":"https:\/\/www.suno.com.br\/noticias\/varejistas-calote-perdas-provisao\/","name":"Calote pode ocasionar perdas de at\u00e9 R$ 7,8 bilh\u00f5es para varejistas","isPartOf":{"@id":"https:\/\/www.suno.com.br\/noticias\/#website"},"primaryImageOfPage":{"@id":"https:\/\/www.suno.com.br\/noticias\/varejistas-calote-perdas-provisao\/#primaryimage"},"image":{"@id":"https:\/\/www.suno.com.br\/noticias\/varejistas-calote-perdas-provisao\/#primaryimage"},"thumbnailUrl":"https:\/\/files.sunoresearch.com.br\/n\/uploads\/2021\/08\/c3290aa3-magalu.jpg","datePublished":"2022-08-26T13:22:10+00:00","dateModified":"2022-09-12T16:01:06+00:00","description":"Assa\u00ed, Magazine Luiza, Renner e outras varejistas aumentaram sua provis\u00e3o para perdas com por conta de calote. Clique aqui e saiba mais.","breadcrumb":{"@id":"https:\/\/www.suno.com.br\/noticias\/varejistas-calote-perdas-provisao\/#breadcrumb"},"inLanguage":"pt-BR","potentialAction":[{"@type":"ReadAction","target":["https:\/\/www.suno.com.br\/noticias\/varejistas-calote-perdas-provisao\/"]}]},{"@type":"ImageObject","inLanguage":"pt-BR","@id":"https:\/\/www.suno.com.br\/noticias\/varejistas-calote-perdas-provisao\/#primaryimage","url":"https:\/\/files.sunoresearch.com.br\/n\/uploads\/2021\/08\/c3290aa3-magalu.jpg","contentUrl":"https:\/\/files.sunoresearch.com.br\/n\/uploads\/2021\/08\/c3290aa3-magalu.jpg","width":1280,"height":720,"caption":"Magazine Luiza aumentou sua provis\u00e3o para calotes. Foto: Divulga\u00e7\u00e3o"},{"@type":"BreadcrumbList","@id":"https:\/\/www.suno.com.br\/noticias\/varejistas-calote-perdas-provisao\/#breadcrumb","itemListElement":[{"@type":"ListItem","position":1,"name":"Not\u00edcias","item":"https:\/\/www.suno.com.br\/noticias\/"},{"@type":"ListItem","position":2,"name":"Neg\u00f3cios","item":"https:\/\/www.suno.com.br\/noticias\/negocios\/"},{"@type":"ListItem","position":3,"name":"Calote pode ocasionar perdas de at\u00e9 R$ 7,8 bilh\u00f5es para varejistas"}]},{"@type":"WebSite","@id":"https:\/\/www.suno.com.br\/noticias\/#website","url":"https:\/\/www.suno.com.br\/noticias\/","name":"Suno Not\u00edcias","description":"Seu portal de informa\u00e7\u00e3o sobre o mundo dos investimentos","publisher":{"@id":"https:\/\/www.suno.com.br\/noticias\/#organization"},"potentialAction":[{"@type":"SearchAction","target":{"@type":"EntryPoint","urlTemplate":"https:\/\/www.suno.com.br\/noticias\/?s={search_term_string}"},"query-input":{"@type":"PropertyValueSpecification","valueRequired":true,"valueName":"search_term_string"}}],"inLanguage":"pt-BR"},{"@type":"Organization","@id":"https:\/\/www.suno.com.br\/noticias\/#organization","name":"Suno Not\u00edcias","url":"https:\/\/www.suno.com.br\/noticias\/","logo":{"@type":"ImageObject","inLanguage":"pt-BR","@id":"https:\/\/www.suno.com.br\/noticias\/#\/schema\/logo\/image\/","url":"https:\/\/files.sunoresearch.com.br\/n\/uploads\/2021\/09\/suno-logo.png","contentUrl":"https:\/\/files.sunoresearch.com.br\/n\/uploads\/2021\/09\/suno-logo.png","width":180,"height":180,"caption":"Suno Not\u00edcias"},"image":{"@id":"https:\/\/www.suno.com.br\/noticias\/#\/schema\/logo\/image\/"},"sameAs":["https:\/\/facebook.com\/sunoresearch","https:\/\/x.com\/sunoresearch","https:\/\/www.instagram.com\/suno","https:\/\/www.linkedin.com\/company\/suno-research\/","https:\/\/www.youtube.com\/c\/sunoresearch"]},{"@type":"Person","@id":"https:\/\/www.suno.com.br\/noticias\/#\/schema\/person\/653a8428016d45b19031651c57b94f82","name":"Laura Intrieri","image":{"@type":"ImageObject","inLanguage":"pt-BR","@id":"https:\/\/www.suno.com.br\/noticias\/#\/schema\/person\/image\/","url":"https:\/\/secure.gravatar.com\/avatar\/27e3058d15d09a0a778c3d387c062d71?s=96&r=g","contentUrl":"https:\/\/secure.gravatar.com\/avatar\/27e3058d15d09a0a778c3d387c062d71?s=96&r=g","caption":"Laura Intrieri"},"description":"Rep\u00f3rter no Suno Not\u00edcias, cobre mercados, pol\u00edtica e economia. Escreve sobre Bolsa de Valores. Formada em Administra\u00e7\u00e3o P\u00fablica pela Funda\u00e7\u00e3o Get\u00falio Vargas, j\u00e1 passou pelo portal Money Times, escrevendo sobre pol\u00edtica e economia para a editoria \"Brasil\". Tamb\u00e9m j\u00e1 contribuiu para Ag\u00eancia Estado, cobrindo balan\u00e7os trimestrais e relat\u00f3rios de casas de an\u00e1lise. J\u00e1 produziu podcasts educativos e corporativos para a FGV EAESP. Durante a gradua\u00e7\u00e3o, desempenhou atividades acad\u00eamicas com enfoque em Finan\u00e7as P\u00fablicas.","url":"https:\/\/www.suno.com.br\/noticias\/author\/laura-intrieri\/"}]}},"default_loop_html":"<div class=\"cardsPage__listCard__boxs\"><div class=\"cardsPage__listCard__boxs__img\"><a href=\"https:\/\/www.suno.com.br\/noticias\/varejistas-calote-perdas-provisao\/\"><img class=\"mask\" src=\"https:\/\/www.suno.com.br\/noticias\/wp-content\/themes\/suno\/resources\/images\/spotlight\/spotlight1img\/bg-mask.png\" alt=\"Image Mask\"\/><img src=\"https:\/\/files.sunoresearch.com.br\/n\/uploads\/2021\/08\/c3290aa3-magalu-400x200.jpg\" alt=\"Calote pode ocasionar perdas de at\u00e9 R$ 7,8 bilh\u00f5es para varejistas\"\/><\/a><span class=\"spotlightCategory\"><a href=\"https:\/\/www.suno.com.br\/noticias\/negocios\/\">Neg\u00f3cios<\/a><\/span><\/div><div class=\"cardsPage__listCard__boxs__content\"><a href=\"https:\/\/www.suno.com.br\/noticias\/varejistas-calote-perdas-provisao\/\"><h2 class=\"content__title\">Calote pode ocasionar perdas de at\u00e9 R$ 7,8 bilh\u00f5es para varejistas<\/h2><\/a><div class=\"newsContent__article__meta\"><div class=\"newsContent__article__meta__authorBox\"><a href=\"https:\/\/www.suno.com.br\/noticias\/author\/laura-intrieri\/\" class=\"authorBox__avatar noMobi\"><img src=\"https:\/\/files.sunoresearch.com.br\/n\/uploads\/2022\/10\/WhatsApp-Image-2022-10-05-at-17.31.14-150x150.jpeg\" alt=\"Laura Intrieri\"><\/a><div class=\"authorBox__name\"><span>por\n\t\t\t<a href=\"https:\/\/www.suno.com.br\/noticias\/author\/laura-intrieri\/\"><span itemprop=\"author\">Laura Intrieri<\/span><\/a><\/span><time datetime=\"2022-08-26T10:22:10-03:00\" itemprop=\"datePublished\">26\/08\/2022 10:22<\/time><\/div><\/div><\/div><\/div><\/div>","single_layout":"posts","amp_enabled":true,"_links":{"self":[{"href":"https:\/\/www.suno.com.br\/noticias\/wp-json\/wp\/v2\/posts\/289783"}],"collection":[{"href":"https:\/\/www.suno.com.br\/noticias\/wp-json\/wp\/v2\/posts"}],"about":[{"href":"https:\/\/www.suno.com.br\/noticias\/wp-json\/wp\/v2\/types\/post"}],"author":[{"embeddable":true,"href":"https:\/\/www.suno.com.br\/noticias\/wp-json\/wp\/v2\/users\/192"}],"replies":[{"embeddable":true,"href":"https:\/\/www.suno.com.br\/noticias\/wp-json\/wp\/v2\/comments?post=289783"}],"version-history":[{"count":3,"href":"https:\/\/www.suno.com.br\/noticias\/wp-json\/wp\/v2\/posts\/289783\/revisions"}],"predecessor-version":[{"id":289828,"href":"https:\/\/www.suno.com.br\/noticias\/wp-json\/wp\/v2\/posts\/289783\/revisions\/289828"}],"wp:featuredmedia":[{"embeddable":true,"href":"https:\/\/www.suno.com.br\/noticias\/wp-json\/wp\/v2\/media\/174279"}],"wp:attachment":[{"href":"https:\/\/www.suno.com.br\/noticias\/wp-json\/wp\/v2\/media?parent=289783"}],"wp:term":[{"taxonomy":"category","embeddable":true,"href":"https:\/\/www.suno.com.br\/noticias\/wp-json\/wp\/v2\/categories?post=289783"},{"taxonomy":"post_tag","embeddable":true,"href":"https:\/\/www.suno.com.br\/noticias\/wp-json\/wp\/v2\/tags?post=289783"},{"taxonomy":"suno_strategy","embeddable":true,"href":"https:\/\/www.suno.com.br\/noticias\/wp-json\/wp\/v2\/suno_strategy?post=289783"}],"curies":[{"name":"wp","href":"https:\/\/api.w.org\/{rel}","templated":true}]}}