{"id":28974,"date":"2019-06-24T16:22:13","date_gmt":"2019-06-24T19:22:13","guid":{"rendered":"https:\/\/www.suno.com.br\/noticias\/?p=28974"},"modified":"2019-06-24T16:22:13","modified_gmt":"2019-06-24T19:22:13","slug":"nissan-renault-acionistas-reuniao","status":"publish","type":"post","link":"https:\/\/www.suno.com.br\/noticias\/nissan-renault-acionistas-reuniao\/","title":{"rendered":"Nissan x Renault: Hiroto deve ter apoio dos acionistas em reuni\u00e3o, entenda"},"content":{"rendered":"<p>Na reuni\u00e3o anual dos acionistas da japonesa Nissan agendada para a pr\u00f3xima ter\u00e7a-feira (25), os acionistas da montadora devem apoiar o plano de governan\u00e7a do presidente-executivo, <strong>Hiroto Saikawa<\/strong>, sucessor do brasileiro\u00a0<a href=\"https:\/\/www.suno.com.br\/tudo-sobre\/carlos-ghosn\/\">Carlos Ghosn<\/a>.<\/p>\t<div class=\"wrapper-featured-image\">\n\t\t<figure class=\"spotlightImg\">\n\n\t\t\t<picture>\n\t\t\t\t<source media=\"(max-width: 768px)\" srcset=\"https:\/\/files.sunoresearch.com.br\/n\/uploads\/2019\/01\/76dc82db-hiroto-saikawa-400x200.webp\">\n\t\t\t\t<img loading=\"lazy\" decoding=\"async\" class=\"newsContent__article__imgCapa lazyloadDisabled newsContent__article__imgCapa--noCaption\" src=\"https:\/\/files.sunoresearch.com.br\/n\/uploads\/2019\/01\/76dc82db-hiroto-saikawa-jpg.webp\" width=\"800\" height=\"450\" alt=\"Nissan x Renault: Hiroto deve ter apoio dos acionistas em reuni\u00e3o, entenda\" fetchpriority=high \/>\n\t\t\t<\/picture>\n\n\t\t\t<figcaption class=\"wp-caption-text wp-caption-text--hide\">CEO da Nissan e sucessor de Ghosn, Hiroto Saikawa. (divulga\u00e7\u00e3o)<\/figcaption>\n\t\t<\/figure>\n\t<\/div>\n\n\n<p>O plano recomendado \u00e0 Saikawa por uma comiss\u00e3o independente visa a cria\u00e7\u00e3o de <strong>tr\u00eas comit\u00eas<\/strong> para a governan\u00e7a da <strong>Nissan<\/strong>.<\/p>\n<p>Contudo, em 8 de junho, o presidente do Conselho de Administra\u00e7\u00e3o da francesa Renault,\u00a0<strong>Jean-Dominique Senard<\/strong>, afirmou que a companhia poderia se abster na vota\u00e7\u00e3o de aprova\u00e7\u00e3o do plano.<\/p>\n\t<p>\n\t\t<a href=\"https:\/\/www.seculus.com.br\/blackfriday\" target=\"_blank\" data-element=\"shortcode-suno-banner\" title=\"Banner SUNO, clique e saiba mais\">\n\t\t\t<picture>\n\t\t\t\t<source media=\"(max-width: 500px)\" srcset=\"https:\/\/files.sunoresearch.com.br\/n\/uploads\/2023\/11\/seculus_suno_mobile_3.jpg\">\n\t\t\t\t<img class=\"newsContent__article__imgCapa newsContent__article__imgCapa--banner\"\n\t\t\t\t\tsrc=\"https:\/\/files.sunoresearch.com.br\/n\/uploads\/2023\/11\/seculus_suno_desktop_3.jpg\"\n\t\t\t\t\tdata-promo-id=\"474124\"\t\t\t\t\t\t\t\t\t\twidth='1420' height='240'\t\t\t\t\talt=\"https:\/\/files.sunoresearch.com.br\/n\/uploads\/2023\/11\/seculus_suno_desktop_3.jpg\"\n\t\t\t\t>\n\t\t\t<\/picture>\n\t\t<\/a>\n\t<\/p>\n\n\n<p>Isto aconteceria caso o CEO da Renault,\u00a0<strong>Thierry Bollor\u00e9<\/strong>, n\u00e3o ocupasse uma das cadeiras do comit\u00ea de <strong>auditoria<\/strong>.\u00a0A not\u00edcia foi dada \u00e0 <strong>Nissan<\/strong> via carta endere\u00e7ada \u00e0 Saikawa.<\/p>\n<p>Os <strong>tr\u00eas comit\u00eas<\/strong> do plano do CEO da Nissan seriam respons\u00e1veis pela fiscaliza\u00e7\u00e3o de:<\/p>\n<ul>\n<li>indica\u00e7\u00e3o para cargos;<\/li>\n<li>remunera\u00e7\u00e3o;<\/li>\n<li>e auditoria.<\/li>\n<\/ul>\n<p>A <strong>Renault<\/strong> \u00e9 a maior acionista da <strong>Nissan<\/strong>, com uma participa\u00e7\u00e3o de 43,4% das a\u00e7\u00f5es da montadora japonesa. Assim, a absten\u00e7\u00e3o da francesa na <strong>vota\u00e7\u00e3o<\/strong> impossibilitaria a maioria de dois ter\u00e7os para aprova\u00e7\u00e3o do plano de <strong>governan\u00e7a<\/strong>.<\/p>\n<h2>Reestrutura\u00e7\u00e3o da governan\u00e7a da ap\u00f3s Ghosn<\/h2>\n<p>A reestrutura\u00e7\u00e3o da governan\u00e7a da montadora japonesa seria uma forma de melhorar a imagem da empresa ap\u00f3s a passagem de <strong>Ghosn<\/strong>. O empres\u00e1rio, que era presidente da <strong>Alian\u00e7a Renault-Nissan-Mitsubishi<\/strong>, foi preso duas vezes nos \u00faltimos anos:<\/p>\n<ul>\n<li>em 19 de novembro de 2018, preventivamente. Foi solto sob pagamento de fian\u00e7a em 6 de mar\u00e7o deste ano.<\/li>\n<li>e em 3 abril de 2019. Novamente foi solto sob pagamento de fian\u00e7a, desta vez em em 25 de abril deste ano.<\/li>\n<\/ul>\n<p>O brasileiro foi demitido da presid\u00eancia da <strong>Nissan<\/strong> e da posi\u00e7\u00e3o de chairman da <strong>Mitsubishi<\/strong>, logo ap\u00f3s ser preso. Em 24 de janeiro deste ano, Ghosn renunciou ao cargo na <strong>Renault<\/strong>.<\/p>\n<p><a href=\"https:\/\/www.suno.com.br\/noticias\/investigacao-ghosn-nissan-brasil\/\">Saiba mais &#8211; Carlos Ghosn \u00e9 alvo de uma investiga\u00e7\u00e3o da Nissan no Brasil<\/a><\/p>\n<p>Ghosn foi acusado de tr\u00eas <strong>irregularidades<\/strong>\u00a0financeiras pela\u00a0Procuradoria do Jap\u00e3o. Duas das acusa\u00e7\u00f5es s\u00e3o referentes \u00e0 oculta\u00e7\u00e3o da renda (cerca de 74 milh\u00f5es de euro no total). Enquanto a terceira remete \u00e0 utiliza\u00e7\u00e3o da montadora japonesapara encobrimento de perdas financeiras pessoais (cerca de 14,5 milh\u00f5es de euros).<\/p>\n<p>Apesar das pol\u00eamicas investiga\u00e7\u00f5es entorno de suas finan\u00e7as e sua rela\u00e7\u00e3o com a <strong>Nissan<\/strong>, Ghosn era pessoa chave na rela\u00e7\u00e3o de alian\u00e7a entre as montadoras.<\/p>\n<p>Al\u00e9m de sua sa\u00edda, outro epis\u00f3dio agravou o relacionamento entre a <strong>Nissan<\/strong> e a <strong>Renault<\/strong>: a poss\u00edvel fus\u00e3o da francesa com a <strong>Fiat Chrysler<\/strong> (FCA).<\/p>\n<h2>Poss\u00edvel fus\u00e3o entre a Fiat Chrysler e a Nissan<\/h2>\n<p>A Fiat Chrysler apresentou o projeto de <strong>fus\u00e3o<\/strong> com a Nissan em 27 de maio.\u00a0Tal fus\u00e3o poderia criar a terceira maior montadora do mundo.<\/p>\n<p>As negocia\u00e7\u00f5es da Renault com a Fiat teriam sido iniciadas ap\u00f3s a proposta de fus\u00e3o de Senard, entre a Nissan e a Renault, ser barrada por executivos. O plano, originalmente de Ghosn, n\u00e3o agradou aos executivos, por uma s\u00e9rie de motivos.<\/p>\n<p>Dentre os quais est\u00e3o:<\/p>\n<ul>\n<li>a despropor\u00e7\u00e3o de participa\u00e7\u00f5es das montadoras, visto que a Nissan det\u00e9m apenas cerca de 12% das a\u00e7\u00f5es da Renault;<\/li>\n<li>e a preocupa\u00e7\u00e3o de que a fus\u00e3o 50\/50 n\u00e3o seja rent\u00e1vel \u00e0 Nissan a longo prazo.<\/li>\n<\/ul>\n\t<p>\n\t\t<a href=\"https:\/\/lp.suno.com.br\/asset\/suno-fundo-de-fundos-snff11\/\" target=\"_blank\" data-element=\"shortcode-suno-banner\" title=\"Banner SUNO, clique e saiba mais\">\n\t\t\t<picture>\n\t\t\t\t<source media=\"(max-width: 500px)\" srcset=\"https:\/\/files.sunoresearch.com.br\/n\/uploads\/2024\/01\/400x300-Mobile-Artigos-3-SNFF-AO.png\">\n\t\t\t\t<img class=\"newsContent__article__imgCapa newsContent__article__imgCapa--banner\"\n\t\t\t\t\tsrc=\"https:\/\/files.sunoresearch.com.br\/n\/uploads\/2024\/01\/1420x240-Banner-Artigos-1-_-Banner-Materias-1-SNFF-AO.png\"\n\t\t\t\t\tdata-promo-id=\"364418\"\t\t\t\t\t\t\t\t\t\twidth='1420' height='240'\t\t\t\t\talt=\"https:\/\/files.sunoresearch.com.br\/n\/uploads\/2024\/01\/1420x240-Banner-Artigos-1-_-Banner-Materias-1-SNFF-AO.png\"\n\t\t\t\t>\n\t\t\t<\/picture>\n\t\t<\/a>\n\t<\/p>\n\n\n<p>Al\u00e9m disso, as investiga\u00e7\u00f5es referentes \u00e0 <strong>Ghosn<\/strong>, que levou a <strong>Renault<\/strong> a tentar interrogar funcion\u00e1rios da <strong>Nissan<\/strong> para procurar evid\u00eancias de delitos financeiros cometidos pelo brasileiro, iniciaram o desconforto na rela\u00e7\u00e3o entre as montadoras.<\/p>\n<p>Assim, Senard iniciou os di\u00e1logos com a <strong>Fiat<\/strong> sem que a Nissan tivesse conhecimento. A japonesa se recusou a apoiar a fus\u00e3o.<\/p>\n<p>Isto fez com que o governo franc\u00eas, que det\u00e9m fatia de 15% na <strong>Renault<\/strong>, pedisse mais tempo para avaliar a proposta da <strong>Fiat<\/strong>. O objetivo do prolongamento da opera\u00e7\u00e3o seria conquistar o apoio da\u00a0japonesa\u00a0na opera\u00e7\u00e3o.\u00a0 Em 5 de junho deste ano, a Fiat retirou a proposta de fus\u00e3o com a francesa. De acordo com a ag\u00eancia &#8220;Reuters&#8221;, as negocia\u00e7\u00f5es podem ser retomadas futuramente.<\/p>\n","protected":false},"excerpt":{"rendered":"<p>Na reuni\u00e3o anual dos acionistas da japonesa Nissan agendada para a pr\u00f3xima ter\u00e7a-feira (25), os acionistas da montadora devem apoiar o plano de governan\u00e7a do presidente-executivo, Hiroto Saikawa, sucessor do brasileiro\u00a0Carlos Ghosn. CEO da Nissan e sucessor de Ghosn, Hiroto Saikawa. (divulga\u00e7\u00e3o) O plano recomendado \u00e0 Saikawa por uma comiss\u00e3o independente visa a cria\u00e7\u00e3o de [&hellip;]<\/p>\n","protected":false},"author":12,"featured_media":10803,"comment_status":"closed","ping_status":"closed","sticky":false,"template":"","format":"standard","meta":[],"categories":[64],"tags":[876,1413,877,929],"suno_strategy":[],"class_list":["post-28974","post","type-post","status-publish","format-standard","has-post-thumbnail","hentry","category-negocios","tag-carlos-ghosn","tag-fiat-chrysler-fca","tag-nissan","tag-renault"],"yoast_head":"<!-- This site is optimized with the Yoast SEO plugin v24.4 - https:\/\/yoast.com\/wordpress\/plugins\/seo\/ -->\n<title>Nissan x Renault: Hiroto deve ter apoio dos acionistas em reuni\u00e3o<\/title>\n<meta name=\"description\" content=\"Acionistas que participar\u00e3o da reuni\u00e3o geral anual da Nissan devem apoiar o CEO, Hiroto Saikawa, na ter\u00e7a-feira (24). Clique para saber mais.\" \/>\n<meta name=\"robots\" content=\"index, follow, max-snippet:-1, max-image-preview:large, max-video-preview:-1\" \/>\n<link rel=\"canonical\" href=\"https:\/\/www.suno.com.br\/noticias\/nissan-renault-acionistas-reuniao\/\" \/>\n<meta property=\"og:locale\" content=\"pt_BR\" \/>\n<meta property=\"og:type\" content=\"article\" \/>\n<meta property=\"og:title\" content=\"Nissan x Renault: Hiroto deve ter apoio dos acionistas em reuni\u00e3o\" \/>\n<meta property=\"og:description\" content=\"Acionistas que participar\u00e3o da reuni\u00e3o geral anual da Nissan devem apoiar o CEO, Hiroto Saikawa, na ter\u00e7a-feira (24). Clique para saber mais.\" \/>\n<meta property=\"og:url\" content=\"https:\/\/www.suno.com.br\/noticias\/nissan-renault-acionistas-reuniao\/\" \/>\n<meta property=\"og:site_name\" content=\"Suno Not\u00edcias\" \/>\n<meta property=\"article:publisher\" content=\"https:\/\/facebook.com\/sunoresearch\" \/>\n<meta property=\"og:image\" content=\"https:\/\/files.sunoresearch.com.br\/n\/uploads\/2019\/01\/76dc82db-hiroto-saikawa.jpg\" \/>\n\t<meta property=\"og:image:width\" content=\"780\" \/>\n\t<meta property=\"og:image:height\" content=\"520\" \/>\n\t<meta property=\"og:image:type\" content=\"image\/jpeg\" \/>\n<meta name=\"author\" content=\"Amanda Gushiken\" \/>\n<meta name=\"twitter:card\" content=\"summary_large_image\" \/>\n<meta name=\"twitter:creator\" content=\"@sunoresearch\" \/>\n<meta name=\"twitter:site\" content=\"@sunoresearch\" \/>\n<meta name=\"twitter:label1\" content=\"Escrito por\" \/>\n\t<meta name=\"twitter:data1\" content=\"Amanda Gushiken\" \/>\n\t<meta name=\"twitter:label2\" content=\"Est. tempo de leitura\" \/>\n\t<meta name=\"twitter:data2\" content=\"4 minutos\" \/>\n<script type=\"application\/ld+json\" class=\"yoast-schema-graph\">{\"@context\":\"https:\/\/schema.org\",\"@graph\":[{\"@type\":\"NewsArticle\",\"@id\":\"https:\/\/www.suno.com.br\/noticias\/nissan-renault-acionistas-reuniao\/#article\",\"isPartOf\":{\"@id\":\"https:\/\/www.suno.com.br\/noticias\/nissan-renault-acionistas-reuniao\/\"},\"author\":{\"name\":\"Amanda Gushiken\",\"@id\":\"https:\/\/www.suno.com.br\/noticias\/#\/schema\/person\/a5b06fa4e879d8e8e119c6ed3cd630d1\"},\"headline\":\"Nissan x Renault: Hiroto deve ter apoio dos acionistas em reuni\u00e3o, entenda\",\"datePublished\":\"2019-06-24T19:22:13+00:00\",\"mainEntityOfPage\":{\"@id\":\"https:\/\/www.suno.com.br\/noticias\/nissan-renault-acionistas-reuniao\/\"},\"wordCount\":716,\"publisher\":{\"@id\":\"https:\/\/www.suno.com.br\/noticias\/#organization\"},\"image\":{\"@id\":\"https:\/\/www.suno.com.br\/noticias\/nissan-renault-acionistas-reuniao\/#primaryimage\"},\"thumbnailUrl\":\"https:\/\/files.sunoresearch.com.br\/n\/uploads\/2019\/01\/76dc82db-hiroto-saikawa-jpg.webp\",\"keywords\":[\"Carlos Ghosn\",\"Fiat Chrysler (FCA)\",\"Nissan\",\"Renault\"],\"articleSection\":[\"Neg\u00f3cios\"],\"inLanguage\":\"pt-BR\"},{\"@type\":\"WebPage\",\"@id\":\"https:\/\/www.suno.com.br\/noticias\/nissan-renault-acionistas-reuniao\/\",\"url\":\"https:\/\/www.suno.com.br\/noticias\/nissan-renault-acionistas-reuniao\/\",\"name\":\"Nissan x Renault: Hiroto deve ter apoio dos acionistas em reuni\u00e3o\",\"isPartOf\":{\"@id\":\"https:\/\/www.suno.com.br\/noticias\/#website\"},\"primaryImageOfPage\":{\"@id\":\"https:\/\/www.suno.com.br\/noticias\/nissan-renault-acionistas-reuniao\/#primaryimage\"},\"image\":{\"@id\":\"https:\/\/www.suno.com.br\/noticias\/nissan-renault-acionistas-reuniao\/#primaryimage\"},\"thumbnailUrl\":\"https:\/\/files.sunoresearch.com.br\/n\/uploads\/2019\/01\/76dc82db-hiroto-saikawa-jpg.webp\",\"datePublished\":\"2019-06-24T19:22:13+00:00\",\"description\":\"Acionistas que participar\u00e3o da reuni\u00e3o geral anual da Nissan devem apoiar o CEO, Hiroto Saikawa, na ter\u00e7a-feira (24). Clique para saber mais.\",\"breadcrumb\":{\"@id\":\"https:\/\/www.suno.com.br\/noticias\/nissan-renault-acionistas-reuniao\/#breadcrumb\"},\"inLanguage\":\"pt-BR\",\"potentialAction\":[{\"@type\":\"ReadAction\",\"target\":[\"https:\/\/www.suno.com.br\/noticias\/nissan-renault-acionistas-reuniao\/\"]}]},{\"@type\":\"ImageObject\",\"inLanguage\":\"pt-BR\",\"@id\":\"https:\/\/www.suno.com.br\/noticias\/nissan-renault-acionistas-reuniao\/#primaryimage\",\"url\":\"https:\/\/files.sunoresearch.com.br\/n\/uploads\/2019\/01\/76dc82db-hiroto-saikawa-jpg.webp\",\"contentUrl\":\"https:\/\/files.sunoresearch.com.br\/n\/uploads\/2019\/01\/76dc82db-hiroto-saikawa-jpg.webp\",\"width\":780,\"height\":520,\"caption\":\"CEO da Nissan e sucessor de Ghosn, Hiroto Saikawa. (divulga\u00e7\u00e3o)\"},{\"@type\":\"BreadcrumbList\",\"@id\":\"https:\/\/www.suno.com.br\/noticias\/nissan-renault-acionistas-reuniao\/#breadcrumb\",\"itemListElement\":[{\"@type\":\"ListItem\",\"position\":1,\"name\":\"Not\u00edcias\",\"item\":\"https:\/\/www.suno.com.br\/noticias\/\"},{\"@type\":\"ListItem\",\"position\":2,\"name\":\"Neg\u00f3cios\",\"item\":\"https:\/\/www.suno.com.br\/noticias\/negocios\/\"},{\"@type\":\"ListItem\",\"position\":3,\"name\":\"Nissan x Renault: Hiroto deve ter apoio dos acionistas em reuni\u00e3o, entenda\"}]},{\"@type\":\"WebSite\",\"@id\":\"https:\/\/www.suno.com.br\/noticias\/#website\",\"url\":\"https:\/\/www.suno.com.br\/noticias\/\",\"name\":\"Suno Not\u00edcias\",\"description\":\"Seu portal de informa\u00e7\u00e3o sobre o mundo dos investimentos\",\"publisher\":{\"@id\":\"https:\/\/www.suno.com.br\/noticias\/#organization\"},\"potentialAction\":[{\"@type\":\"SearchAction\",\"target\":{\"@type\":\"EntryPoint\",\"urlTemplate\":\"https:\/\/www.suno.com.br\/noticias\/?s={search_term_string}\"},\"query-input\":{\"@type\":\"PropertyValueSpecification\",\"valueRequired\":true,\"valueName\":\"search_term_string\"}}],\"inLanguage\":\"pt-BR\"},{\"@type\":\"Organization\",\"@id\":\"https:\/\/www.suno.com.br\/noticias\/#organization\",\"name\":\"Suno Not\u00edcias\",\"url\":\"https:\/\/www.suno.com.br\/noticias\/\",\"logo\":{\"@type\":\"ImageObject\",\"inLanguage\":\"pt-BR\",\"@id\":\"https:\/\/www.suno.com.br\/noticias\/#\/schema\/logo\/image\/\",\"url\":\"https:\/\/files.sunoresearch.com.br\/n\/uploads\/2021\/09\/suno-logo.png\",\"contentUrl\":\"https:\/\/files.sunoresearch.com.br\/n\/uploads\/2021\/09\/suno-logo.png\",\"width\":180,\"height\":180,\"caption\":\"Suno Not\u00edcias\"},\"image\":{\"@id\":\"https:\/\/www.suno.com.br\/noticias\/#\/schema\/logo\/image\/\"},\"sameAs\":[\"https:\/\/facebook.com\/sunoresearch\",\"https:\/\/x.com\/sunoresearch\",\"https:\/\/www.instagram.com\/suno\",\"https:\/\/www.linkedin.com\/company\/suno-research\/\",\"https:\/\/www.youtube.com\/c\/sunoresearch\"]},{\"@type\":\"Person\",\"@id\":\"https:\/\/www.suno.com.br\/noticias\/#\/schema\/person\/a5b06fa4e879d8e8e119c6ed3cd630d1\",\"name\":\"Amanda Gushiken\",\"image\":{\"@type\":\"ImageObject\",\"inLanguage\":\"pt-BR\",\"@id\":\"https:\/\/www.suno.com.br\/noticias\/#\/schema\/person\/image\/\",\"url\":\"https:\/\/secure.gravatar.com\/avatar\/ecd84705e6b65e3685ae80d725501fbe?s=96&r=g\",\"contentUrl\":\"https:\/\/secure.gravatar.com\/avatar\/ecd84705e6b65e3685ae80d725501fbe?s=96&r=g\",\"caption\":\"Amanda Gushiken\"},\"description\":\"Amanda Sayuri Gushiken escreve sobre finan\u00e7as e neg\u00f3cios para o portal Suno Not\u00edcias. Antes, trabalhou selecionando not\u00edcias da imprensa para clientes do mercado financeiro. Tamb\u00e9m desenvolveu pesquisa acad\u00eamica pela Universidade Anhembi Morumbi na \u00e1rea de Teorias da Comunica\u00e7\u00e3o e \u00e9 fot\u00f3grafa nas horas vagas.\",\"url\":\"https:\/\/www.suno.com.br\/noticias\/author\/amanda\/\"}]}<\/script>\n<!-- \/ Yoast SEO plugin. -->","yoast_head_json":{"title":"Nissan x Renault: Hiroto deve ter apoio dos acionistas em reuni\u00e3o","description":"Acionistas que participar\u00e3o da reuni\u00e3o geral anual da Nissan devem apoiar o CEO, Hiroto Saikawa, na ter\u00e7a-feira (24). Clique para saber mais.","robots":{"index":"index","follow":"follow","max-snippet":"max-snippet:-1","max-image-preview":"max-image-preview:large","max-video-preview":"max-video-preview:-1"},"canonical":"https:\/\/www.suno.com.br\/noticias\/nissan-renault-acionistas-reuniao\/","og_locale":"pt_BR","og_type":"article","og_title":"Nissan x Renault: Hiroto deve ter apoio dos acionistas em reuni\u00e3o","og_description":"Acionistas que participar\u00e3o da reuni\u00e3o geral anual da Nissan devem apoiar o CEO, Hiroto Saikawa, na ter\u00e7a-feira (24). Clique para saber mais.","og_url":"https:\/\/www.suno.com.br\/noticias\/nissan-renault-acionistas-reuniao\/","og_site_name":"Suno Not\u00edcias","article_publisher":"https:\/\/facebook.com\/sunoresearch","og_image":[{"width":780,"height":520,"url":"https:\/\/files.sunoresearch.com.br\/n\/uploads\/2019\/01\/76dc82db-hiroto-saikawa.jpg","type":"image\/jpeg"}],"author":"Amanda Gushiken","twitter_card":"summary_large_image","twitter_creator":"@sunoresearch","twitter_site":"@sunoresearch","twitter_misc":{"Escrito por":"Amanda Gushiken","Est. tempo de leitura":"4 minutos"},"schema":{"@context":"https:\/\/schema.org","@graph":[{"@type":"NewsArticle","@id":"https:\/\/www.suno.com.br\/noticias\/nissan-renault-acionistas-reuniao\/#article","isPartOf":{"@id":"https:\/\/www.suno.com.br\/noticias\/nissan-renault-acionistas-reuniao\/"},"author":{"name":"Amanda Gushiken","@id":"https:\/\/www.suno.com.br\/noticias\/#\/schema\/person\/a5b06fa4e879d8e8e119c6ed3cd630d1"},"headline":"Nissan x Renault: Hiroto deve ter apoio dos acionistas em reuni\u00e3o, entenda","datePublished":"2019-06-24T19:22:13+00:00","mainEntityOfPage":{"@id":"https:\/\/www.suno.com.br\/noticias\/nissan-renault-acionistas-reuniao\/"},"wordCount":716,"publisher":{"@id":"https:\/\/www.suno.com.br\/noticias\/#organization"},"image":{"@id":"https:\/\/www.suno.com.br\/noticias\/nissan-renault-acionistas-reuniao\/#primaryimage"},"thumbnailUrl":"https:\/\/files.sunoresearch.com.br\/n\/uploads\/2019\/01\/76dc82db-hiroto-saikawa-jpg.webp","keywords":["Carlos Ghosn","Fiat Chrysler (FCA)","Nissan","Renault"],"articleSection":["Neg\u00f3cios"],"inLanguage":"pt-BR"},{"@type":"WebPage","@id":"https:\/\/www.suno.com.br\/noticias\/nissan-renault-acionistas-reuniao\/","url":"https:\/\/www.suno.com.br\/noticias\/nissan-renault-acionistas-reuniao\/","name":"Nissan x Renault: Hiroto deve ter apoio dos acionistas em reuni\u00e3o","isPartOf":{"@id":"https:\/\/www.suno.com.br\/noticias\/#website"},"primaryImageOfPage":{"@id":"https:\/\/www.suno.com.br\/noticias\/nissan-renault-acionistas-reuniao\/#primaryimage"},"image":{"@id":"https:\/\/www.suno.com.br\/noticias\/nissan-renault-acionistas-reuniao\/#primaryimage"},"thumbnailUrl":"https:\/\/files.sunoresearch.com.br\/n\/uploads\/2019\/01\/76dc82db-hiroto-saikawa-jpg.webp","datePublished":"2019-06-24T19:22:13+00:00","description":"Acionistas que participar\u00e3o da reuni\u00e3o geral anual da Nissan devem apoiar o CEO, Hiroto Saikawa, na ter\u00e7a-feira (24). Clique para saber mais.","breadcrumb":{"@id":"https:\/\/www.suno.com.br\/noticias\/nissan-renault-acionistas-reuniao\/#breadcrumb"},"inLanguage":"pt-BR","potentialAction":[{"@type":"ReadAction","target":["https:\/\/www.suno.com.br\/noticias\/nissan-renault-acionistas-reuniao\/"]}]},{"@type":"ImageObject","inLanguage":"pt-BR","@id":"https:\/\/www.suno.com.br\/noticias\/nissan-renault-acionistas-reuniao\/#primaryimage","url":"https:\/\/files.sunoresearch.com.br\/n\/uploads\/2019\/01\/76dc82db-hiroto-saikawa-jpg.webp","contentUrl":"https:\/\/files.sunoresearch.com.br\/n\/uploads\/2019\/01\/76dc82db-hiroto-saikawa-jpg.webp","width":780,"height":520,"caption":"CEO da Nissan e sucessor de Ghosn, Hiroto Saikawa. (divulga\u00e7\u00e3o)"},{"@type":"BreadcrumbList","@id":"https:\/\/www.suno.com.br\/noticias\/nissan-renault-acionistas-reuniao\/#breadcrumb","itemListElement":[{"@type":"ListItem","position":1,"name":"Not\u00edcias","item":"https:\/\/www.suno.com.br\/noticias\/"},{"@type":"ListItem","position":2,"name":"Neg\u00f3cios","item":"https:\/\/www.suno.com.br\/noticias\/negocios\/"},{"@type":"ListItem","position":3,"name":"Nissan x Renault: Hiroto deve ter apoio dos acionistas em reuni\u00e3o, entenda"}]},{"@type":"WebSite","@id":"https:\/\/www.suno.com.br\/noticias\/#website","url":"https:\/\/www.suno.com.br\/noticias\/","name":"Suno Not\u00edcias","description":"Seu portal de informa\u00e7\u00e3o sobre o mundo dos investimentos","publisher":{"@id":"https:\/\/www.suno.com.br\/noticias\/#organization"},"potentialAction":[{"@type":"SearchAction","target":{"@type":"EntryPoint","urlTemplate":"https:\/\/www.suno.com.br\/noticias\/?s={search_term_string}"},"query-input":{"@type":"PropertyValueSpecification","valueRequired":true,"valueName":"search_term_string"}}],"inLanguage":"pt-BR"},{"@type":"Organization","@id":"https:\/\/www.suno.com.br\/noticias\/#organization","name":"Suno Not\u00edcias","url":"https:\/\/www.suno.com.br\/noticias\/","logo":{"@type":"ImageObject","inLanguage":"pt-BR","@id":"https:\/\/www.suno.com.br\/noticias\/#\/schema\/logo\/image\/","url":"https:\/\/files.sunoresearch.com.br\/n\/uploads\/2021\/09\/suno-logo.png","contentUrl":"https:\/\/files.sunoresearch.com.br\/n\/uploads\/2021\/09\/suno-logo.png","width":180,"height":180,"caption":"Suno Not\u00edcias"},"image":{"@id":"https:\/\/www.suno.com.br\/noticias\/#\/schema\/logo\/image\/"},"sameAs":["https:\/\/facebook.com\/sunoresearch","https:\/\/x.com\/sunoresearch","https:\/\/www.instagram.com\/suno","https:\/\/www.linkedin.com\/company\/suno-research\/","https:\/\/www.youtube.com\/c\/sunoresearch"]},{"@type":"Person","@id":"https:\/\/www.suno.com.br\/noticias\/#\/schema\/person\/a5b06fa4e879d8e8e119c6ed3cd630d1","name":"Amanda Gushiken","image":{"@type":"ImageObject","inLanguage":"pt-BR","@id":"https:\/\/www.suno.com.br\/noticias\/#\/schema\/person\/image\/","url":"https:\/\/secure.gravatar.com\/avatar\/ecd84705e6b65e3685ae80d725501fbe?s=96&r=g","contentUrl":"https:\/\/secure.gravatar.com\/avatar\/ecd84705e6b65e3685ae80d725501fbe?s=96&r=g","caption":"Amanda Gushiken"},"description":"Amanda Sayuri Gushiken escreve sobre finan\u00e7as e neg\u00f3cios para o portal Suno Not\u00edcias. Antes, trabalhou selecionando not\u00edcias da imprensa para clientes do mercado financeiro. Tamb\u00e9m desenvolveu pesquisa acad\u00eamica pela Universidade Anhembi Morumbi na \u00e1rea de Teorias da Comunica\u00e7\u00e3o e \u00e9 fot\u00f3grafa nas horas vagas.","url":"https:\/\/www.suno.com.br\/noticias\/author\/amanda\/"}]}},"default_loop_html":"<div class=\"cardsPage__listCard__boxs\"><div class=\"cardsPage__listCard__boxs__img\"><a href=\"https:\/\/www.suno.com.br\/noticias\/nissan-renault-acionistas-reuniao\/\"><img class=\"mask\" src=\"https:\/\/www.suno.com.br\/noticias\/wp-content\/themes\/suno\/resources\/images\/spotlight\/spotlight1img\/bg-mask.png\" alt=\"Image Mask\"\/><img src=\"https:\/\/files.sunoresearch.com.br\/n\/uploads\/2019\/01\/76dc82db-hiroto-saikawa-400x200.webp\" alt=\"Nissan x Renault: Hiroto deve ter apoio dos acionistas em reuni\u00e3o, entenda\"\/><\/a><span class=\"spotlightCategory\"><a href=\"https:\/\/www.suno.com.br\/noticias\/negocios\/\">Neg\u00f3cios<\/a><\/span><\/div><div class=\"cardsPage__listCard__boxs__content\"><a href=\"https:\/\/www.suno.com.br\/noticias\/nissan-renault-acionistas-reuniao\/\"><h2 class=\"content__title\">Nissan x Renault: Hiroto deve ter apoio dos acionistas em reuni\u00e3o, entenda<\/h2><\/a><div class=\"newsContent__article__meta\"><div class=\"newsContent__article__meta__authorBox\"><a href=\"https:\/\/www.suno.com.br\/noticias\/author\/amanda\/\" class=\"authorBox__avatar noMobi\"><img src=\"https:\/\/files.sunoresearch.com.br\/n\/uploads\/2018\/11\/c6ad30be-amanda-150x150.webp\" alt=\"Amanda Gushiken\"><\/a><div class=\"authorBox__name\"><span>por\n\t\t\t<a href=\"https:\/\/www.suno.com.br\/noticias\/author\/amanda\/\"><span itemprop=\"author\">Amanda Gushiken<\/span><\/a><\/span><time datetime=\"2019-06-24T16:22:13-03:00\" itemprop=\"datePublished\">24\/06\/2019 16:22<\/time><\/div><\/div><\/div><\/div><\/div>","single_layout":"posts","amp_enabled":true,"_links":{"self":[{"href":"https:\/\/www.suno.com.br\/noticias\/wp-json\/wp\/v2\/posts\/28974"}],"collection":[{"href":"https:\/\/www.suno.com.br\/noticias\/wp-json\/wp\/v2\/posts"}],"about":[{"href":"https:\/\/www.suno.com.br\/noticias\/wp-json\/wp\/v2\/types\/post"}],"author":[{"embeddable":true,"href":"https:\/\/www.suno.com.br\/noticias\/wp-json\/wp\/v2\/users\/12"}],"replies":[{"embeddable":true,"href":"https:\/\/www.suno.com.br\/noticias\/wp-json\/wp\/v2\/comments?post=28974"}],"version-history":[{"count":0,"href":"https:\/\/www.suno.com.br\/noticias\/wp-json\/wp\/v2\/posts\/28974\/revisions"}],"wp:featuredmedia":[{"embeddable":true,"href":"https:\/\/www.suno.com.br\/noticias\/wp-json\/wp\/v2\/media\/10803"}],"wp:attachment":[{"href":"https:\/\/www.suno.com.br\/noticias\/wp-json\/wp\/v2\/media?parent=28974"}],"wp:term":[{"taxonomy":"category","embeddable":true,"href":"https:\/\/www.suno.com.br\/noticias\/wp-json\/wp\/v2\/categories?post=28974"},{"taxonomy":"post_tag","embeddable":true,"href":"https:\/\/www.suno.com.br\/noticias\/wp-json\/wp\/v2\/tags?post=28974"},{"taxonomy":"suno_strategy","embeddable":true,"href":"https:\/\/www.suno.com.br\/noticias\/wp-json\/wp\/v2\/suno_strategy?post=28974"}],"curies":[{"name":"wp","href":"https:\/\/api.w.org\/{rel}","templated":true}]}}