{"id":289547,"date":"2022-08-25T22:34:33","date_gmt":"2022-08-26T01:34:33","guid":{"rendered":"https:\/\/www.suno.com.br\/noticias\/?p=289547"},"modified":"2022-08-25T22:34:33","modified_gmt":"2022-08-26T01:34:33","slug":"btg-pactual-bpac11-safra","status":"publish","type":"post","link":"https:\/\/www.suno.com.br\/noticias\/btg-pactual-bpac11-safra\/","title":{"rendered":"BTG Pactual (BPAC11): Safra amplia estimativas e prev\u00ea valoriza\u00e7\u00e3o das a\u00e7\u00f5es"},"content":{"rendered":"<p>O Safra elevou o pre\u00e7o-alvo das a\u00e7\u00f5es do <strong>BTG Pactual<\/strong> (<a href=\"https:\/\/www.suno.com.br\/acoes\/bpac11\/\">BPAC11<\/a>) para R$ 34, versus R$ 30 anteriormente, incorporando os resultados do 2T22 e &#8220;ampliando o horizonte para 2023&#8221;, dizem os analistas.<\/p>\t<div class=\"wrapper-featured-image\">\n\t\t<figure class=\"spotlightImg\">\n\n\t\t\t<picture>\n\t\t\t\t<source media=\"(max-width: 768px)\" srcset=\"https:\/\/files.sunoresearch.com.br\/n\/uploads\/2021\/10\/Btgpactual_101521_1-400x200.jpg\">\n\t\t\t\t<img loading=\"lazy\" decoding=\"async\" class=\"newsContent__article__imgCapa lazyloadDisabled \" src=\"https:\/\/files.sunoresearch.com.br\/n\/uploads\/2021\/10\/Btgpactual_101521_1-800x450.jpg\" width=\"800\" height=\"450\" alt=\"BTG Pactual (BPAC11): Safra amplia estimativas e prev\u00ea valoriza\u00e7\u00e3o das a\u00e7\u00f5es\" fetchpriority=high \/>\n\t\t\t<\/picture>\n\n\t\t\t<figcaption class=\"wp-caption-text wp-caption-text--show\">BTG Pactual (BPAC11) - . Foto: Divulga\u00e7\u00e3o<\/figcaption>\n\t\t<\/figure>\n\t<\/div>\n\n\n\t<p>\n\t\t<a href=\"\" target=\"_blank\" data-element=\"shortcode-suno-banner\" title=\"Banner SUNO, clique e saiba mais\">\n\t\t\t<picture>\n\t\t\t\t<source media=\"(max-width: 500px)\" srcset=\"\">\n\t\t\t\t<img class=\"newsContent__article__imgCapa newsContent__article__imgCapa--banner\"\n\t\t\t\t\tsrc=\"\"\n\t\t\t\t\tdata-promo-id=\"138420\"\t\t\t\t\t\t\t\t\t\t\t\t\t\t\talt=\"\"\n\t\t\t\t>\n\t\t\t<\/picture>\n\t\t<\/a>\n\t<\/p>\n\n\n<p>A favor do BTG, o Safra destacou:<\/p>\n<ul>\n<li>L\u00edder em corporate e <a class=\"suno-keyword\" href=\"https:\/\/www.suno.com.br\/artigos\/investment-banking\/\" target=\"_blank\" rel=\"noopener\" data-force=\"no\" data-priority=\"1\">investment banking<\/a> na Am\u00e9rica Latina, com forte presen\u00e7a em Sales and Trading, Asset e <a class=\"suno-keyword\" href=\"https:\/\/www.suno.com.br\/artigos\/wealth-management\/\" target=\"_blank\" rel=\"noopener\" data-force=\"no\" data-priority=\"1\">Wealth Management<\/a>;<\/li>\n<li>Pode aumentar a presen\u00e7a nos segmentos de varejo de alta renda;<\/li>\n<li>Neg\u00f3cio muito diversificado, desde vendas e negocia\u00e7\u00e3o at\u00e9 gerenciamento de patrim\u00f4nio, o que permite ao banco explorar oportunidades de vendas cruzadas em toda a sua base de clientes;<\/li>\n<\/ul>\n<p>O time de an\u00e1lise do Safra reiterou sua recomenda\u00e7\u00e3o de &#8220;compra&#8221; para as <strong>a\u00e7\u00f5es do BTG<\/strong>, mantendo-o como uma de suas principais escolhas no setor banc\u00e1rio.<\/p>\n<p>Os analistas veem o BTG bem posicionado para registrar crescimento de lucro de dois d\u00edgitos nos pr\u00f3ximos anos, apoiado por um CAGR (taxa de crescimento anual composto) estimado entre 2022-2025 de 12%.<\/p>\n<p>Al\u00e9m disso, o Safra aumentou a estimativa de receita e <a class=\"suno-keyword\" href=\"https:\/\/www.suno.com.br\/artigos\/lucro-liquido\/\" target=\"_blank\" rel=\"noopener\" data-force=\"no\" data-priority=\"1\">lucro l\u00edquido<\/a> para o BTG Pactual. Nas estimativas do <strong>banco<\/strong>, o lucro l\u00edquido do BTG deve totalizar R$ 8,607 bilh\u00f5es este ano, alta de 32,6% contra 2021 e 6,7% acima da sua estimativa anterior. Para 2023, estima um lucro l\u00edquido de\u00a0 R$ 9,583 bilh\u00f5es, crescimento de 11,3% ano a ano e 6,6% acima da expectativa anterior.<\/p>\n\t<p>\n\t\t<a href=\"https:\/\/lp.suno.com.br\/planilha-controle-gastos\/\" target=\"_blank\" data-element=\"shortcode-suno-banner\" title=\"Banner SUNO, clique e saiba mais\">\n\t\t\t<picture>\n\t\t\t\t<source media=\"(max-width: 500px)\" srcset=\"https:\/\/files.sunoresearch.com.br\/n\/uploads\/2023\/03\/400x300-Planilha-controle-de-gastos.png\">\n\t\t\t\t<img class=\"newsContent__article__imgCapa newsContent__article__imgCapa--banner\"\n\t\t\t\t\tsrc=\"https:\/\/files.sunoresearch.com.br\/n\/uploads\/2023\/03\/1420x240-Planilha-controle-de-gastos.png\"\n\t\t\t\t\tdata-promo-id=\"101751\"\t\t\t\t\t\t\t\t\t\twidth='1420' height='240'\t\t\t\t\talt=\"https:\/\/files.sunoresearch.com.br\/n\/uploads\/2023\/03\/1420x240-Planilha-controle-de-gastos.png\"\n\t\t\t\t>\n\t\t\t<\/picture>\n\t\t<\/a>\n\t<\/p>\n\n\n<p>O Safra aumenta as estimativas diante dos resultados acima do esperado do BTG no 2T22 que, segundo os analistas, foram provenientes principalmente de Investment Banking e Juros &amp; Outro.<\/p>\n<p>O Safra tamb\u00e9m destaca que o BTG Pactual conseguiu sustentar n\u00edveis de ROE (Retorno sobre Patrim\u00f4nio) acima de 20% nos \u00faltimos trimestres. &#8220;Acreditamos que essa tend\u00eancia deva continuar no 2\u00ba semestre de 2022 e em 2023&#8221;, pontua o Safra.<\/p>\n<p>Com as estimativas se concretizando, o ROAE (retorno sobre patrim\u00f4nio m\u00e9dio) do BTG ficaria em 21,4% e 20,6%, em 2022 e 2023 respectivamente.<\/p>\n<p>Para o Safra, os <strong>riscos<\/strong> do investimento nas a\u00e7\u00f5es do BTG s\u00e3o:<\/p>\n<ul>\n<li>Condi\u00e7\u00f5es macroecon\u00f4micas podem trazer volatilidade em segmentos IB;<\/li>\n<li>Concorr\u00eancia ainda acirrada de outros bancos;<\/li>\n<li>Risco de execu\u00e7\u00e3o, especialmente em divis\u00f5es com maior crescimento esperado, como\u00a0Wealth management, que incorpora a plataforma de investimentos e <a class=\"suno-keyword\" href=\"https:\/\/www.suno.com.br\/artigos\/banco-digital\/\" target=\"_blank\" rel=\"noopener\" data-force=\"no\" data-priority=\"2\">banco digital<\/a> do BTG;<\/li>\n<li>Mudan\u00e7as regulat\u00f3rias e Disrup\u00e7\u00e3o tecnol\u00f3gica.<\/li>\n<\/ul>\n<h2><strong>Cota\u00e7\u00e3o do BTG Pactual<\/strong><\/h2>\n<p>As units do <strong>BTG Pactual<\/strong> fecharam esta quinta-feira (25) em queda de 0,88%, cotadas a R$ 25,88.<\/p>\n\t<p>\n\t\t<a href=\"https:\/\/lp.suno.com.br\/planilha-da-vida-financeira\/\" target=\"_blank\" data-element=\"shortcode-suno-banner\" title=\"Banner SUNO, clique e saiba mais\">\n\t\t\t<picture>\n\t\t\t\t<source media=\"(max-width: 500px)\" srcset=\"https:\/\/files.sunoresearch.com.br\/n\/uploads\/2023\/04\/400x300-Planilha-vida-financeira-true.png\">\n\t\t\t\t<img class=\"newsContent__article__imgCapa newsContent__article__imgCapa--banner\"\n\t\t\t\t\tsrc=\"https:\/\/files.sunoresearch.com.br\/n\/uploads\/2023\/04\/1420x240-Planilha-vida-financeira-true.png\"\n\t\t\t\t\tdata-promo-id=\"106682\"\t\t\t\t\t\t\t\t\t\twidth='1420' height='240'\t\t\t\t\talt=\"https:\/\/files.sunoresearch.com.br\/n\/uploads\/2023\/04\/1420x240-Planilha-vida-financeira-true.png\"\n\t\t\t\t>\n\t\t\t<\/picture>\n\t\t<\/a>\n\t<\/p>\n\n\n","protected":false},"excerpt":{"rendered":"<p>O Safra elevou o pre\u00e7o-alvo das a\u00e7\u00f5es do BTG Pactual (BPAC11) para R$ 34, versus R$ 30 anteriormente, incorporando os resultados do 2T22 e &#8220;ampliando o horizonte para 2023&#8221;, dizem os analistas. BTG Pactual (BPAC11) &#8211; . Foto: Divulga\u00e7\u00e3o A favor do BTG, o Safra destacou: L\u00edder em corporate e investment banking na Am\u00e9rica Latina, [&hellip;]<\/p>\n","protected":false},"author":195,"featured_media":195576,"comment_status":"closed","ping_status":"closed","sticky":false,"template":"","format":"standard","meta":[],"categories":[64],"tags":[399],"suno_strategy":[],"class_list":["post-289547","post","type-post","status-publish","format-standard","has-post-thumbnail","hentry","category-negocios","tag-btg-pactual-bpac11-bpac3-bpac5"],"yoast_head":"<!-- This site is optimized with the Yoast SEO plugin v24.4 - https:\/\/yoast.com\/wordpress\/plugins\/seo\/ -->\n<title>BTG Pactual (BPAC11): Safra amplia estimativas e prev\u00ea valoriza\u00e7\u00e3o<\/title>\n<meta name=\"description\" content=\"O Safra elevou o pre\u00e7o-alvo das a\u00e7\u00f5es do BTG Pactual (BPAC11) para R$ 34, versus R$ 30 anteriormente, incorporando os resultados do 2T22.\" \/>\n<meta name=\"robots\" content=\"index, follow, max-snippet:-1, max-image-preview:large, max-video-preview:-1\" \/>\n<link rel=\"canonical\" href=\"https:\/\/www.suno.com.br\/noticias\/btg-pactual-bpac11-safra\/\" \/>\n<meta property=\"og:locale\" content=\"pt_BR\" \/>\n<meta property=\"og:type\" content=\"article\" \/>\n<meta property=\"og:title\" content=\"BTG Pactual (BPAC11): Safra amplia estimativas e prev\u00ea valoriza\u00e7\u00e3o\" \/>\n<meta property=\"og:description\" content=\"O Safra elevou o pre\u00e7o-alvo das a\u00e7\u00f5es do BTG Pactual (BPAC11) para R$ 34, versus R$ 30 anteriormente, incorporando os resultados do 2T22.\" \/>\n<meta property=\"og:url\" content=\"https:\/\/www.suno.com.br\/noticias\/btg-pactual-bpac11-safra\/\" \/>\n<meta property=\"og:site_name\" content=\"Suno Not\u00edcias\" \/>\n<meta property=\"article:publisher\" content=\"https:\/\/facebook.com\/sunoresearch\" \/>\n<meta property=\"og:image\" content=\"https:\/\/files.sunoresearch.com.br\/n\/uploads\/2021\/10\/Btgpactual_101521_1-scaled.jpg\" \/>\n\t<meta property=\"og:image:width\" content=\"2560\" \/>\n\t<meta property=\"og:image:height\" content=\"1597\" \/>\n\t<meta property=\"og:image:type\" content=\"image\/jpeg\" \/>\n<meta name=\"author\" content=\"Ana Clara Macedo\" \/>\n<meta name=\"twitter:card\" content=\"summary_large_image\" \/>\n<meta name=\"twitter:creator\" content=\"@sunoresearch\" \/>\n<meta name=\"twitter:site\" content=\"@sunoresearch\" \/>\n<meta name=\"twitter:label1\" content=\"Escrito por\" \/>\n\t<meta name=\"twitter:data1\" content=\"Ana Clara Macedo\" \/>\n\t<meta name=\"twitter:label2\" content=\"Est. tempo de leitura\" \/>\n\t<meta name=\"twitter:data2\" content=\"3 minutos\" \/>\n<script type=\"application\/ld+json\" class=\"yoast-schema-graph\">{\"@context\":\"https:\/\/schema.org\",\"@graph\":[{\"@type\":\"NewsArticle\",\"@id\":\"https:\/\/www.suno.com.br\/noticias\/btg-pactual-bpac11-safra\/#article\",\"isPartOf\":{\"@id\":\"https:\/\/www.suno.com.br\/noticias\/btg-pactual-bpac11-safra\/\"},\"author\":{\"name\":\"Ana Clara Macedo\",\"@id\":\"https:\/\/www.suno.com.br\/noticias\/#\/schema\/person\/a70f3c52ef8c814d62ed63b30bb30176\"},\"headline\":\"BTG Pactual (BPAC11): Safra amplia estimativas e prev\u00ea valoriza\u00e7\u00e3o das a\u00e7\u00f5es\",\"datePublished\":\"2022-08-26T01:34:33+00:00\",\"mainEntityOfPage\":{\"@id\":\"https:\/\/www.suno.com.br\/noticias\/btg-pactual-bpac11-safra\/\"},\"wordCount\":427,\"publisher\":{\"@id\":\"https:\/\/www.suno.com.br\/noticias\/#organization\"},\"image\":{\"@id\":\"https:\/\/www.suno.com.br\/noticias\/btg-pactual-bpac11-safra\/#primaryimage\"},\"thumbnailUrl\":\"https:\/\/files.sunoresearch.com.br\/n\/uploads\/2021\/10\/Btgpactual_101521_1-scaled.jpg\",\"keywords\":[\"BTG Pactual (BPAC11\/BPAC3\/BPAC5)\"],\"articleSection\":[\"Neg\u00f3cios\"],\"inLanguage\":\"pt-BR\"},{\"@type\":\"WebPage\",\"@id\":\"https:\/\/www.suno.com.br\/noticias\/btg-pactual-bpac11-safra\/\",\"url\":\"https:\/\/www.suno.com.br\/noticias\/btg-pactual-bpac11-safra\/\",\"name\":\"BTG Pactual (BPAC11): Safra amplia estimativas e prev\u00ea valoriza\u00e7\u00e3o\",\"isPartOf\":{\"@id\":\"https:\/\/www.suno.com.br\/noticias\/#website\"},\"primaryImageOfPage\":{\"@id\":\"https:\/\/www.suno.com.br\/noticias\/btg-pactual-bpac11-safra\/#primaryimage\"},\"image\":{\"@id\":\"https:\/\/www.suno.com.br\/noticias\/btg-pactual-bpac11-safra\/#primaryimage\"},\"thumbnailUrl\":\"https:\/\/files.sunoresearch.com.br\/n\/uploads\/2021\/10\/Btgpactual_101521_1-scaled.jpg\",\"datePublished\":\"2022-08-26T01:34:33+00:00\",\"description\":\"O Safra elevou o pre\u00e7o-alvo das a\u00e7\u00f5es do BTG Pactual (BPAC11) para R$ 34, versus R$ 30 anteriormente, incorporando os resultados do 2T22.\",\"breadcrumb\":{\"@id\":\"https:\/\/www.suno.com.br\/noticias\/btg-pactual-bpac11-safra\/#breadcrumb\"},\"inLanguage\":\"pt-BR\",\"potentialAction\":[{\"@type\":\"ReadAction\",\"target\":[\"https:\/\/www.suno.com.br\/noticias\/btg-pactual-bpac11-safra\/\"]}]},{\"@type\":\"ImageObject\",\"inLanguage\":\"pt-BR\",\"@id\":\"https:\/\/www.suno.com.br\/noticias\/btg-pactual-bpac11-safra\/#primaryimage\",\"url\":\"https:\/\/files.sunoresearch.com.br\/n\/uploads\/2021\/10\/Btgpactual_101521_1-scaled.jpg\",\"contentUrl\":\"https:\/\/files.sunoresearch.com.br\/n\/uploads\/2021\/10\/Btgpactual_101521_1-scaled.jpg\",\"width\":2560,\"height\":1597,\"caption\":\"BTG Pactual (BPAC11) - . Foto: Divulga\u00e7\u00e3o\"},{\"@type\":\"BreadcrumbList\",\"@id\":\"https:\/\/www.suno.com.br\/noticias\/btg-pactual-bpac11-safra\/#breadcrumb\",\"itemListElement\":[{\"@type\":\"ListItem\",\"position\":1,\"name\":\"Not\u00edcias\",\"item\":\"https:\/\/www.suno.com.br\/noticias\/\"},{\"@type\":\"ListItem\",\"position\":2,\"name\":\"Neg\u00f3cios\",\"item\":\"https:\/\/www.suno.com.br\/noticias\/negocios\/\"},{\"@type\":\"ListItem\",\"position\":3,\"name\":\"BTG Pactual (BPAC11): Safra amplia estimativas e prev\u00ea valoriza\u00e7\u00e3o das a\u00e7\u00f5es\"}]},{\"@type\":\"WebSite\",\"@id\":\"https:\/\/www.suno.com.br\/noticias\/#website\",\"url\":\"https:\/\/www.suno.com.br\/noticias\/\",\"name\":\"Suno Not\u00edcias\",\"description\":\"Seu portal de informa\u00e7\u00e3o sobre o mundo dos investimentos\",\"publisher\":{\"@id\":\"https:\/\/www.suno.com.br\/noticias\/#organization\"},\"potentialAction\":[{\"@type\":\"SearchAction\",\"target\":{\"@type\":\"EntryPoint\",\"urlTemplate\":\"https:\/\/www.suno.com.br\/noticias\/?s={search_term_string}\"},\"query-input\":{\"@type\":\"PropertyValueSpecification\",\"valueRequired\":true,\"valueName\":\"search_term_string\"}}],\"inLanguage\":\"pt-BR\"},{\"@type\":\"Organization\",\"@id\":\"https:\/\/www.suno.com.br\/noticias\/#organization\",\"name\":\"Suno Not\u00edcias\",\"url\":\"https:\/\/www.suno.com.br\/noticias\/\",\"logo\":{\"@type\":\"ImageObject\",\"inLanguage\":\"pt-BR\",\"@id\":\"https:\/\/www.suno.com.br\/noticias\/#\/schema\/logo\/image\/\",\"url\":\"https:\/\/files.sunoresearch.com.br\/n\/uploads\/2021\/09\/suno-logo.png\",\"contentUrl\":\"https:\/\/files.sunoresearch.com.br\/n\/uploads\/2021\/09\/suno-logo.png\",\"width\":180,\"height\":180,\"caption\":\"Suno Not\u00edcias\"},\"image\":{\"@id\":\"https:\/\/www.suno.com.br\/noticias\/#\/schema\/logo\/image\/\"},\"sameAs\":[\"https:\/\/facebook.com\/sunoresearch\",\"https:\/\/x.com\/sunoresearch\",\"https:\/\/www.instagram.com\/suno\",\"https:\/\/www.linkedin.com\/company\/suno-research\/\",\"https:\/\/www.youtube.com\/c\/sunoresearch\"]},{\"@type\":\"Person\",\"@id\":\"https:\/\/www.suno.com.br\/noticias\/#\/schema\/person\/a70f3c52ef8c814d62ed63b30bb30176\",\"name\":\"Ana Clara Macedo\",\"image\":{\"@type\":\"ImageObject\",\"inLanguage\":\"pt-BR\",\"@id\":\"https:\/\/www.suno.com.br\/noticias\/#\/schema\/person\/image\/\",\"url\":\"https:\/\/secure.gravatar.com\/avatar\/40810da86786bd5619f8cd594b0f44ef?s=96&r=g\",\"contentUrl\":\"https:\/\/secure.gravatar.com\/avatar\/40810da86786bd5619f8cd594b0f44ef?s=96&r=g\",\"caption\":\"Ana Clara Macedo\"},\"description\":\"Rep\u00f3rter no Suno Not\u00edcias, cobrindo acontecimentos sobre neg\u00f3cios, mercado financeiro e economia. Anteriormente trabalhou como Rep\u00f3rter no Mercado News e produziu relat\u00f3rios e artigos sobre empresas de capital aberto.\",\"url\":\"https:\/\/www.suno.com.br\/noticias\/author\/ana-clara-macedo\/\"}]}<\/script>\n<!-- \/ Yoast SEO plugin. -->","yoast_head_json":{"title":"BTG Pactual (BPAC11): Safra amplia estimativas e prev\u00ea valoriza\u00e7\u00e3o","description":"O Safra elevou o pre\u00e7o-alvo das a\u00e7\u00f5es do BTG Pactual (BPAC11) para R$ 34, versus R$ 30 anteriormente, incorporando os resultados do 2T22.","robots":{"index":"index","follow":"follow","max-snippet":"max-snippet:-1","max-image-preview":"max-image-preview:large","max-video-preview":"max-video-preview:-1"},"canonical":"https:\/\/www.suno.com.br\/noticias\/btg-pactual-bpac11-safra\/","og_locale":"pt_BR","og_type":"article","og_title":"BTG Pactual (BPAC11): Safra amplia estimativas e prev\u00ea valoriza\u00e7\u00e3o","og_description":"O Safra elevou o pre\u00e7o-alvo das a\u00e7\u00f5es do BTG Pactual (BPAC11) para R$ 34, versus R$ 30 anteriormente, incorporando os resultados do 2T22.","og_url":"https:\/\/www.suno.com.br\/noticias\/btg-pactual-bpac11-safra\/","og_site_name":"Suno Not\u00edcias","article_publisher":"https:\/\/facebook.com\/sunoresearch","og_image":[{"width":2560,"height":1597,"url":"https:\/\/files.sunoresearch.com.br\/n\/uploads\/2021\/10\/Btgpactual_101521_1-scaled.jpg","type":"image\/jpeg"}],"author":"Ana Clara Macedo","twitter_card":"summary_large_image","twitter_creator":"@sunoresearch","twitter_site":"@sunoresearch","twitter_misc":{"Escrito por":"Ana Clara Macedo","Est. tempo de leitura":"3 minutos"},"schema":{"@context":"https:\/\/schema.org","@graph":[{"@type":"NewsArticle","@id":"https:\/\/www.suno.com.br\/noticias\/btg-pactual-bpac11-safra\/#article","isPartOf":{"@id":"https:\/\/www.suno.com.br\/noticias\/btg-pactual-bpac11-safra\/"},"author":{"name":"Ana Clara Macedo","@id":"https:\/\/www.suno.com.br\/noticias\/#\/schema\/person\/a70f3c52ef8c814d62ed63b30bb30176"},"headline":"BTG Pactual (BPAC11): Safra amplia estimativas e prev\u00ea valoriza\u00e7\u00e3o das a\u00e7\u00f5es","datePublished":"2022-08-26T01:34:33+00:00","mainEntityOfPage":{"@id":"https:\/\/www.suno.com.br\/noticias\/btg-pactual-bpac11-safra\/"},"wordCount":427,"publisher":{"@id":"https:\/\/www.suno.com.br\/noticias\/#organization"},"image":{"@id":"https:\/\/www.suno.com.br\/noticias\/btg-pactual-bpac11-safra\/#primaryimage"},"thumbnailUrl":"https:\/\/files.sunoresearch.com.br\/n\/uploads\/2021\/10\/Btgpactual_101521_1-scaled.jpg","keywords":["BTG Pactual (BPAC11\/BPAC3\/BPAC5)"],"articleSection":["Neg\u00f3cios"],"inLanguage":"pt-BR"},{"@type":"WebPage","@id":"https:\/\/www.suno.com.br\/noticias\/btg-pactual-bpac11-safra\/","url":"https:\/\/www.suno.com.br\/noticias\/btg-pactual-bpac11-safra\/","name":"BTG Pactual (BPAC11): Safra amplia estimativas e prev\u00ea valoriza\u00e7\u00e3o","isPartOf":{"@id":"https:\/\/www.suno.com.br\/noticias\/#website"},"primaryImageOfPage":{"@id":"https:\/\/www.suno.com.br\/noticias\/btg-pactual-bpac11-safra\/#primaryimage"},"image":{"@id":"https:\/\/www.suno.com.br\/noticias\/btg-pactual-bpac11-safra\/#primaryimage"},"thumbnailUrl":"https:\/\/files.sunoresearch.com.br\/n\/uploads\/2021\/10\/Btgpactual_101521_1-scaled.jpg","datePublished":"2022-08-26T01:34:33+00:00","description":"O Safra elevou o pre\u00e7o-alvo das a\u00e7\u00f5es do BTG Pactual (BPAC11) para R$ 34, versus R$ 30 anteriormente, incorporando os resultados do 2T22.","breadcrumb":{"@id":"https:\/\/www.suno.com.br\/noticias\/btg-pactual-bpac11-safra\/#breadcrumb"},"inLanguage":"pt-BR","potentialAction":[{"@type":"ReadAction","target":["https:\/\/www.suno.com.br\/noticias\/btg-pactual-bpac11-safra\/"]}]},{"@type":"ImageObject","inLanguage":"pt-BR","@id":"https:\/\/www.suno.com.br\/noticias\/btg-pactual-bpac11-safra\/#primaryimage","url":"https:\/\/files.sunoresearch.com.br\/n\/uploads\/2021\/10\/Btgpactual_101521_1-scaled.jpg","contentUrl":"https:\/\/files.sunoresearch.com.br\/n\/uploads\/2021\/10\/Btgpactual_101521_1-scaled.jpg","width":2560,"height":1597,"caption":"BTG Pactual (BPAC11) - . Foto: Divulga\u00e7\u00e3o"},{"@type":"BreadcrumbList","@id":"https:\/\/www.suno.com.br\/noticias\/btg-pactual-bpac11-safra\/#breadcrumb","itemListElement":[{"@type":"ListItem","position":1,"name":"Not\u00edcias","item":"https:\/\/www.suno.com.br\/noticias\/"},{"@type":"ListItem","position":2,"name":"Neg\u00f3cios","item":"https:\/\/www.suno.com.br\/noticias\/negocios\/"},{"@type":"ListItem","position":3,"name":"BTG Pactual (BPAC11): Safra amplia estimativas e prev\u00ea valoriza\u00e7\u00e3o das a\u00e7\u00f5es"}]},{"@type":"WebSite","@id":"https:\/\/www.suno.com.br\/noticias\/#website","url":"https:\/\/www.suno.com.br\/noticias\/","name":"Suno Not\u00edcias","description":"Seu portal de informa\u00e7\u00e3o sobre o mundo dos investimentos","publisher":{"@id":"https:\/\/www.suno.com.br\/noticias\/#organization"},"potentialAction":[{"@type":"SearchAction","target":{"@type":"EntryPoint","urlTemplate":"https:\/\/www.suno.com.br\/noticias\/?s={search_term_string}"},"query-input":{"@type":"PropertyValueSpecification","valueRequired":true,"valueName":"search_term_string"}}],"inLanguage":"pt-BR"},{"@type":"Organization","@id":"https:\/\/www.suno.com.br\/noticias\/#organization","name":"Suno Not\u00edcias","url":"https:\/\/www.suno.com.br\/noticias\/","logo":{"@type":"ImageObject","inLanguage":"pt-BR","@id":"https:\/\/www.suno.com.br\/noticias\/#\/schema\/logo\/image\/","url":"https:\/\/files.sunoresearch.com.br\/n\/uploads\/2021\/09\/suno-logo.png","contentUrl":"https:\/\/files.sunoresearch.com.br\/n\/uploads\/2021\/09\/suno-logo.png","width":180,"height":180,"caption":"Suno Not\u00edcias"},"image":{"@id":"https:\/\/www.suno.com.br\/noticias\/#\/schema\/logo\/image\/"},"sameAs":["https:\/\/facebook.com\/sunoresearch","https:\/\/x.com\/sunoresearch","https:\/\/www.instagram.com\/suno","https:\/\/www.linkedin.com\/company\/suno-research\/","https:\/\/www.youtube.com\/c\/sunoresearch"]},{"@type":"Person","@id":"https:\/\/www.suno.com.br\/noticias\/#\/schema\/person\/a70f3c52ef8c814d62ed63b30bb30176","name":"Ana Clara Macedo","image":{"@type":"ImageObject","inLanguage":"pt-BR","@id":"https:\/\/www.suno.com.br\/noticias\/#\/schema\/person\/image\/","url":"https:\/\/secure.gravatar.com\/avatar\/40810da86786bd5619f8cd594b0f44ef?s=96&r=g","contentUrl":"https:\/\/secure.gravatar.com\/avatar\/40810da86786bd5619f8cd594b0f44ef?s=96&r=g","caption":"Ana Clara Macedo"},"description":"Rep\u00f3rter no Suno Not\u00edcias, cobrindo acontecimentos sobre neg\u00f3cios, mercado financeiro e economia. Anteriormente trabalhou como Rep\u00f3rter no Mercado News e produziu relat\u00f3rios e artigos sobre empresas de capital aberto.","url":"https:\/\/www.suno.com.br\/noticias\/author\/ana-clara-macedo\/"}]}},"default_loop_html":"<div class=\"cardsPage__listCard__boxs\"><div class=\"cardsPage__listCard__boxs__img\"><a href=\"https:\/\/www.suno.com.br\/noticias\/btg-pactual-bpac11-safra\/\"><img class=\"mask\" src=\"https:\/\/www.suno.com.br\/noticias\/wp-content\/themes\/suno\/resources\/images\/spotlight\/spotlight1img\/bg-mask.png\" alt=\"Image Mask\"\/><img src=\"https:\/\/files.sunoresearch.com.br\/n\/uploads\/2021\/10\/Btgpactual_101521_1-400x200.jpg\" alt=\"BTG Pactual (BPAC11): Safra amplia estimativas e prev\u00ea valoriza\u00e7\u00e3o das a\u00e7\u00f5es\"\/><\/a><span class=\"spotlightCategory\"><a href=\"https:\/\/www.suno.com.br\/noticias\/negocios\/\">Neg\u00f3cios<\/a><\/span><\/div><div class=\"cardsPage__listCard__boxs__content\"><a href=\"https:\/\/www.suno.com.br\/noticias\/btg-pactual-bpac11-safra\/\"><h2 class=\"content__title\">BTG Pactual (BPAC11): Safra amplia estimativas e prev\u00ea valoriza\u00e7\u00e3o das a\u00e7\u00f5es<\/h2><\/a><div class=\"newsContent__article__meta\"><div class=\"newsContent__article__meta__authorBox\"><a href=\"https:\/\/www.suno.com.br\/noticias\/author\/ana-clara-macedo\/\" class=\"authorBox__avatar noMobi\"><img src=\"https:\/\/secure.gravatar.com\/avatar\/40810da86786bd5619f8cd594b0f44ef?s=96&#038;r=g\" alt=\"Ana Clara Macedo\"><\/a><div class=\"authorBox__name\"><span>por\n\t\t\t<a href=\"https:\/\/www.suno.com.br\/noticias\/author\/ana-clara-macedo\/\"><span itemprop=\"author\">Ana Clara Macedo<\/span><\/a><\/span><time datetime=\"2022-08-25T22:34:33-03:00\" itemprop=\"datePublished\">25\/08\/2022 22:34<\/time><\/div><\/div><\/div><\/div><\/div>","single_layout":"posts","amp_enabled":true,"_links":{"self":[{"href":"https:\/\/www.suno.com.br\/noticias\/wp-json\/wp\/v2\/posts\/289547"}],"collection":[{"href":"https:\/\/www.suno.com.br\/noticias\/wp-json\/wp\/v2\/posts"}],"about":[{"href":"https:\/\/www.suno.com.br\/noticias\/wp-json\/wp\/v2\/types\/post"}],"author":[{"embeddable":true,"href":"https:\/\/www.suno.com.br\/noticias\/wp-json\/wp\/v2\/users\/195"}],"replies":[{"embeddable":true,"href":"https:\/\/www.suno.com.br\/noticias\/wp-json\/wp\/v2\/comments?post=289547"}],"version-history":[{"count":3,"href":"https:\/\/www.suno.com.br\/noticias\/wp-json\/wp\/v2\/posts\/289547\/revisions"}],"predecessor-version":[{"id":289742,"href":"https:\/\/www.suno.com.br\/noticias\/wp-json\/wp\/v2\/posts\/289547\/revisions\/289742"}],"wp:featuredmedia":[{"embeddable":true,"href":"https:\/\/www.suno.com.br\/noticias\/wp-json\/wp\/v2\/media\/195576"}],"wp:attachment":[{"href":"https:\/\/www.suno.com.br\/noticias\/wp-json\/wp\/v2\/media?parent=289547"}],"wp:term":[{"taxonomy":"category","embeddable":true,"href":"https:\/\/www.suno.com.br\/noticias\/wp-json\/wp\/v2\/categories?post=289547"},{"taxonomy":"post_tag","embeddable":true,"href":"https:\/\/www.suno.com.br\/noticias\/wp-json\/wp\/v2\/tags?post=289547"},{"taxonomy":"suno_strategy","embeddable":true,"href":"https:\/\/www.suno.com.br\/noticias\/wp-json\/wp\/v2\/suno_strategy?post=289547"}],"curies":[{"name":"wp","href":"https:\/\/api.w.org\/{rel}","templated":true}]}}