{"id":289354,"date":"2022-08-25T15:32:31","date_gmt":"2022-08-25T18:32:31","guid":{"rendered":"https:\/\/www.suno.com.br\/noticias\/?p=289354"},"modified":"2022-08-25T15:32:31","modified_gmt":"2022-08-25T18:32:31","slug":"varejo-fim-alta-selic-impulsionar-setor-especialistas","status":"publish","type":"post","link":"https:\/\/www.suno.com.br\/noticias\/varejo-fim-alta-selic-impulsionar-setor-especialistas\/","title":{"rendered":"Magazine Luiza (MGLU3): entenda como o fim da alta da Selic vai impulsionar o varejo"},"content":{"rendered":"<p>Por que a <a class=\"suno-keyword\" href=\"https:\/\/www.suno.com.br\/artigos\/taxa-selic\/\" target=\"_blank\" rel=\"noopener\" data-force=\"no\" data-priority=\"3\">taxa Selic<\/a> \u00e9 t\u00e3o importante para as empresas de<strong> varejo<\/strong>? Mais do que qualquer outro setor, o varejo est\u00e1 nitidamente relacionado ao ciclo da economia. A demanda de farm\u00e1cias e supermercados costuma ser mais resiliente do que a de lojas que vendem produtos eletroeletr\u00f4nicos. Por isso h\u00e1 a penaliza\u00e7\u00e3o dessas companhias. \u00c9 o que explica o engenheiro e especialista da Genial Investimentos, Iago Souza, em entrevista ao Suno Not\u00edcias no programa Raio-X do Setor.<\/p><div class=\"videoFull videoFull--noRadius\">\n\t\t\t<div class=\"videoWrapper yt-lazyload center\"\n\t\t\t\tdata-width=\"960\"\n\t\t\t\tdata-height=\"540\"\n\t\t\t\tdata-id=\"q63K5jQ-uEw\"\n\t\t\t\tdata-alt=\"VAREJO: VALE A PENA INVESTIR? | MGLU3, AMER3, VIIA3, CASH3 | Raio-X do Setor\"\n\t\t\t\tdata-logo=\"3\"\n\t\t\t\tdata-imagequality=\"maxres\">\n\t\t\t<\/div>\n\t\t<\/div><span class=\"videoFull__caption videoFull__caption--show\">VAREJO: VALE A PENA INVESTIR? | MGLU3, AMER3, VIIA3, CASH3 | Raio-X do Setor<p><\/p><\/span><script type=\"application\/ld+json\">{\"@context\":\"https:\/\/schema.org\",\"@type\":\"VideoObject\",\"name\":\"VAREJO: VALE A PENA INVESTIR? | MGLU3, AMER3, VIIA3, CASH3 | Raio-X do Setor\",\"description\":\"O Raio-X \u00e9 o programa do Suno Not\u00edcias que abre espa\u00e7o para um olhar mais atento aos diferentes setores que comp\u00f5em o \u00edndice de refer\u00eancia da B3, o Ibovespa. Toda quarta-feira, ao meio-dia, gestores e especialistas conversam com nossos jornalistas e explicam as oportunidades e os desafios um setor diferente, falam sobre os pap\u00e9is importantes\u2026\",\"duration\":\"PT36M17S\",\"embedUrl\":\"https:\/\/www.youtube.com\/embed\/q63K5jQ-uEw\",\"regionsAllowed\":\"pt-BR\",\"interactionStatistic\":{\"@type\":\"InteractionCounter\",\"interactionType\":{\"@type\":\"WatchAction\"},\"userInteractionCount\":1736},\"thumbnailUrl\":\"https:\/\/i.ytimg.com\/vi\/q63K5jQ-uEw\/default.jpg\",\"uploadDate\":\"2022-08-24T15:39:06Z\"}<\/script>\n\n\t<p>\n\t\t<a href=\"\" target=\"_blank\" data-element=\"shortcode-suno-banner\" title=\"Banner SUNO, clique e saiba mais\">\n\t\t\t<picture>\n\t\t\t\t<source media=\"(max-width: 500px)\" srcset=\"\">\n\t\t\t\t<img class=\"newsContent__article__imgCapa newsContent__article__imgCapa--banner\"\n\t\t\t\t\tsrc=\"\"\n\t\t\t\t\tdata-promo-id=\"250704\"\t\t\t\t\t\t\t\t\t\t\t\t\t\t\talt=\"\"\n\t\t\t\t>\n\t\t\t<\/picture>\n\t\t<\/a>\n\t<\/p>\n\n\n<p>\u201cO varejo em si apresenta uma maior sensibilidade ao <strong>mercado de cr\u00e9dito<\/strong>. A Selic saiu de 5,25% em agosto de 2021 para 13,75% no mesmo per\u00edodo de 2022. Estamos falando de uma <strong><a class=\"suno-keyword\" href=\"https:\/\/www.suno.com.br\/artigos\/politica-monetaria-contracionista\/\" target=\"_blank\" rel=\"noopener\" data-force=\"no\" data-priority=\"1\">pol\u00edtica monet\u00e1ria contracionista<\/a><\/strong>. O efeito mais claro disso acaba sendo no custo de cr\u00e9dito, que \u00e9 maior\u201d, explica Souza. O mercado percebeu o efeito de <strong>aperto monet\u00e1rio<\/strong> que o Banco Central planejava para a economia, e as<strong> a\u00e7\u00f5es de varejo<\/strong> sofrem desde o in\u00edcio de 2022. No acumulado do ano, <a class=\"suno-keyword\" href=\"https:\/\/www.suno.com.br\/acoes\/MGLU3\/\" target=\"_blank\" rel=\"noopener\" data-force=\"yes\" data-priority=\"2\">Magazine Luiza (MGLU3)<\/a>, Americanas (AMER3) e Via (VIIA3) recuam, respectivamente, 30,06%, 38,87% e 30,32%.<\/p>\n<p>Com o efeito mais contracionista da economia, n\u00e3o s\u00f3 no Brasil mas no mundo, as empresas est\u00e3o sendo mais criteriosas na <strong><a class=\"suno-keyword\" href=\"https:\/\/www.suno.com.br\/artigos\/concessao-de-credito\/\" target=\"_blank\" rel=\"noopener\" data-force=\"no\" data-priority=\"1\">concess\u00e3o de cr\u00e9dito<\/a><\/strong>, j\u00e1 que o risco de inadimpl\u00eancia se torna maior e pode comprometer margens, que s\u00e3o de extrema import\u00e2ncia para o setor.<\/p>\n<h2>Varejo de tecnologia sofre com juros e gera\u00e7\u00e3o de caixa<\/h2>\n<p>Al\u00e9m das varejistas tradicionais, existe o impacto nas <strong>empresas de tecnologia,<\/strong> como o <a class=\"suno-keyword\" href=\"https:\/\/www.suno.com.br\/acoes\/CASH3\/\" target=\"_blank\" rel=\"noopener\" data-force=\"yes\" data-priority=\"2\">M\u00e9liuz (CASH3)<\/a>. O especialista no setor da Genial Investimentos, Igor Guedes, observa que o cen\u00e1rio \u00e9 pior no <a class=\"suno-keyword\" href=\"https:\/\/www.suno.com.br\/artigos\/curto-prazo\/\" target=\"_blank\" rel=\"noopener\" data-force=\"no\" data-priority=\"1\">curto prazo<\/a>. \u201cO M\u00e9liuz, que depende do e-commerce e do varejo tradicional, tamb\u00e9m \u00e9 afetado pela taxa de juros e o crit\u00e9rio para concess\u00e3o de cr\u00e9dito. Al\u00e9m disso, voc\u00ea est\u00e1 na outra ponta em rela\u00e7\u00e3o ao <a class=\"suno-keyword\" href=\"https:\/\/www.suno.com.br\/artigos\/aumento-capital\/\" target=\"_blank\" rel=\"noopener\" data-force=\"no\" data-priority=\"1\">aumento de capital<\/a>\u201d, pondera.<\/p>\n<p>Para empresas de tecnologia, a gera\u00e7\u00e3o de caixa \u00e9 pensada no futuro. Portanto j\u00e1 s\u00e3o negociadas por um valor mais baixo. \u201cQuando houver o desconto desse fluxo de caixa que est\u00e1 l\u00e1 na frente, ser\u00e1 por uma taxa maior, j\u00e1 que o <a class=\"suno-keyword\" href=\"https:\/\/www.suno.com.br\/artigos\/custo-de-capital\/\" target=\"_blank\" rel=\"noopener\" data-force=\"no\" data-priority=\"1\">custo de capital<\/a> subiu\u201d, diz.<\/p>\n<p>Naturalmente, quando a taxa de juros sobe, o valor dessas companhias cai. A partir do momento que h\u00e1 um <strong>arrefecimento da <a class=\"suno-keyword\" href=\"https:\/\/www.suno.com.br\/artigos\/curva-de-juros\/\" target=\"_blank\" rel=\"noopener\" data-force=\"no\" data-priority=\"1\">curva de juros<\/a><\/strong> \u2013 como o mercado come\u00e7a a precificar no Brasil, que subiu os juros antes da maioria das economias do mundo \u2013, pode haver uma vantagem para as empresas do setor.<\/p>\n<p>\u201cO M\u00e9liuz est\u00e1 construindo uma nova linha de neg\u00f3cios, de servi\u00e7os financeiros, para entrar no <strong>mercado de cr\u00e9dito<\/strong> e diversificar seus neg\u00f3cios. O mercado de \u2018shoppings\u2019, o e-commerce e marketplace da empresa, n\u00e3o apresenta muita melhora a curto prazo. A contribui\u00e7\u00e3o dessa vertical d\u00e1-se pela credibilidade de que o <strong>mercado de cashback<\/strong> \u00e9 muito competitivo. H\u00e1 diversos outros <em>players<\/em> competindo com o M\u00e9liuz, ent\u00e3o pode haver uma virada de chave ligada \u00e0 vertical de marketplace. Por\u00e9m, na frente de servi\u00e7os financeiros, h\u00e1 um bom potencial que n\u00e3o est\u00e1 no pre\u00e7o da companhia. \u00c0 medida que a taxa de juros for reprecificada no primeiro semestre do ano que vem, poder\u00e1 haver uma alta nos pre\u00e7os da empresa\u201d, avalia Guedes.<\/p>\n<p><strong>\t<p>\n\t\t<a href=\"https:\/\/lp.suno.com.br\/planilha-controle-gastos\/\" target=\"_blank\" data-element=\"shortcode-suno-banner\" title=\"Banner SUNO, clique e saiba mais\">\n\t\t\t<picture>\n\t\t\t\t<source media=\"(max-width: 500px)\" srcset=\"https:\/\/files.sunoresearch.com.br\/n\/uploads\/2023\/03\/400x300-Planilha-controle-de-gastos.png\">\n\t\t\t\t<img class=\"newsContent__article__imgCapa newsContent__article__imgCapa--banner\"\n\t\t\t\t\tsrc=\"https:\/\/files.sunoresearch.com.br\/n\/uploads\/2023\/03\/1420x240-Planilha-controle-de-gastos.png\"\n\t\t\t\t\tdata-promo-id=\"101751\"\t\t\t\t\t\t\t\t\t\twidth='1420' height='240'\t\t\t\t\talt=\"https:\/\/files.sunoresearch.com.br\/n\/uploads\/2023\/03\/1420x240-Planilha-controle-de-gastos.png\"\n\t\t\t\t>\n\t\t\t<\/picture>\n\t\t<\/a>\n\t<\/p>\n\n<\/strong><\/p>\n<h2>Competitividade no varejo e financeiriza\u00e7\u00e3o das empresas<\/h2>\n<p>Iago Souza observa que h\u00e1 uma demanda muito maior por servi\u00e7os do que por bens no setor atualmente, algo bem diferente de quando a <strong>Selic estava em 2%<\/strong>. \u201cToda essa demanda foi reprimida e agora come\u00e7a a voltar com bastante for\u00e7a. O volume de vendas tamb\u00e9m \u00e9 muito discrepante em rela\u00e7\u00e3o \u00e0 receita. No ano, o dado avan\u00e7ou 1,4%, segundo o IBGE, enquanto a receita avan\u00e7ou 17%. Esse movimento \u00e9 influenciado pelo pre\u00e7o que as varejistas t\u00eam repassado\u201d, explica.<\/p>\n<p>O diferencial das varejistas \u2013 que todas t\u00eam praticado, mas nem sempre com sucesso \u2013 \u00e9 a<strong> financeiriza\u00e7\u00e3o do neg\u00f3cio<\/strong>, principalmente pela depend\u00eancia antiga dessas companhias em cr\u00e9dito. &#8220;Esse setor busca atingir pessoas desbancarizadas, que o<strong> banco n\u00e3o quer conceder cr\u00e9dito<\/strong>. Assim, alavancam seu crescimento com um dinheiro que poder\u00e1 ser utilizado at\u00e9 na pr\u00f3pria loja. O cr\u00e9dito anda em conjunto com as vendas\u201d, exp\u00f5e.<\/p>\n<p>Hoje a postura do varejo \u00e9 muito mais racional, com o<strong> ciclo de altas da <a class=\"suno-keyword\" href=\"https:\/\/www.suno.com.br\/artigos\/taxa-de-juros\/\" target=\"_blank\" rel=\"noopener\" data-force=\"no\" data-priority=\"1\">taxa b\u00e1sica de juros<\/a><\/strong>. N\u00e3o h\u00e1 mais frete gr\u00e1tis, que era a grande vantagem da Shopee, por exemplo. Entre pares, Magalu tem apresentado a melhor performance no setor digital, diz o especialista. \u00c9 a \u00fanica varejista que ultrapassou a marca de 12 mil vendedores no marketplace. &#8220;A ideia \u00e9 que a alavanca de crescimento seja a partir disso.&#8221;<\/p>\n\t<p>\n\t\t<a href=\"https:\/\/lp.suno.com.br\/ebook-como-analisar-uma-acao\/\" target=\"_blank\" data-element=\"shortcode-suno-banner\" title=\"Banner SUNO, clique e saiba mais\">\n\t\t\t<picture>\n\t\t\t\t<source media=\"(max-width: 500px)\" srcset=\"https:\/\/files.sunoresearch.com.br\/n\/uploads\/2023\/03\/Ebook-Acoes-Mobile-1.jpg\">\n\t\t\t\t<img class=\"newsContent__article__imgCapa newsContent__article__imgCapa--banner\"\n\t\t\t\t\tsrc=\"https:\/\/files.sunoresearch.com.br\/n\/uploads\/2023\/03\/Ebook-Acoes-Desktop-1.jpg\"\n\t\t\t\t\tdata-promo-id=\"171998\"\t\t\t\t\t\t\t\t\t\twidth='1420' height='286'\t\t\t\t\talt=\"https:\/\/files.sunoresearch.com.br\/n\/uploads\/2023\/03\/Ebook-Acoes-Desktop-1.jpg\"\n\t\t\t\t>\n\t\t\t<\/picture>\n\t\t<\/a>\n\t<\/p>\n\n\n<p><strong>Shopee, AliExpress, Shein<\/strong> j\u00e1 tomaram a aten\u00e7\u00e3o do consumidor brasileiro em uma concorr\u00eancia \u201cdesleal\u201d, por seus pre\u00e7os baratos e frete gratuito. Mas a alegria do \u2018<em>cross border<\/em>\u2019, como \u00e9 chamado, deve durar pouco: o Legislativo brasileiro pretende taxar esses servi\u00e7os \u2013 e em breve. \u201cExiste uma margem enorme que poderia beneficiar o governo com a tributa\u00e7\u00e3o. Al\u00e9m disso, h\u00e1 um ganho em d\u00f3lar para quem vende, com uma m\u00e3o de obra muito mais barata na China, e uma escalada muito mais f\u00e1cil em um pa\u00eds como o Brasil\u201d, Souza observa.<\/p>\n<p>No entanto, a log\u00edstica ainda pode ser outro fator problem\u00e1tico para o varejo \u2018de fora\u2019, que ter\u00e1 dificuldades para elevar seus servi\u00e7os do tipo no Brasil. \u201cO prazo de entrega ainda \u00e9 uma dificuldade. Sabemos que, falando em varejo, \u00e9 tudo para ontem. Os consumidores querem receber o produto o mais r\u00e1pido poss\u00edvel. Para isso, \u00e9 preciso investir em <strong>centros de distribui\u00e7\u00e3o locais<\/strong>. Agora, com o varejo mais racional, h\u00e1 um sentimento maior de como as opera\u00e7\u00f5es s\u00e3o realizadas no Brasil\u201d, diz o especialista.<\/p>\n\t<p>\n\t\t<a href=\"https:\/\/lp.suno.com.br\/planilha-de-controle-de-investimentos\/\" target=\"_blank\" data-element=\"shortcode-suno-banner\" title=\"Banner SUNO, clique e saiba mais\">\n\t\t\t<picture>\n\t\t\t\t<source media=\"(max-width: 500px)\" srcset=\"https:\/\/files.sunoresearch.com.br\/n\/uploads\/2023\/03\/400x300-Controle-de-Investimentos.png\">\n\t\t\t\t<img class=\"newsContent__article__imgCapa newsContent__article__imgCapa--banner\"\n\t\t\t\t\tsrc=\"https:\/\/files.sunoresearch.com.br\/n\/uploads\/2023\/03\/1420x240-Controle-de-Investimentos.png\"\n\t\t\t\t\tdata-promo-id=\"75934\"\t\t\t\t\t\t\t\t\t\twidth='1420' height='240'\t\t\t\t\talt=\"https:\/\/files.sunoresearch.com.br\/n\/uploads\/2023\/03\/1420x240-Controle-de-Investimentos.png\"\n\t\t\t\t>\n\t\t\t<\/picture>\n\t\t<\/a>\n\t<\/p>\n\n\n","protected":false},"excerpt":{"rendered":"<p>Por que a taxa Selic \u00e9 t\u00e3o importante para as empresas de varejo? Mais do que qualquer outro setor, o varejo est\u00e1 nitidamente relacionado ao ciclo da economia. A demanda de farm\u00e1cias e supermercados costuma ser mais resiliente do que a de lojas que vendem produtos eletroeletr\u00f4nicos. Por isso h\u00e1 a penaliza\u00e7\u00e3o dessas companhias. \u00c9 [&hellip;]<\/p>\n","protected":false},"author":70,"featured_media":159977,"comment_status":"closed","ping_status":"closed","sticky":false,"template":"","format":"standard","meta":[],"categories":[64],"tags":[106605,2073,548,803,106935],"suno_strategy":[],"class_list":["post-289354","post","type-post","status-publish","format-standard","has-post-thumbnail","hentry","category-negocios","tag-americanas-s-a-amer3","tag-e-commerce","tag-magazine-luiza-mglu3","tag-varejo","tag-via-viia3"],"yoast_head":"<!-- This site is optimized with the Yoast SEO plugin v24.4 - https:\/\/yoast.com\/wordpress\/plugins\/seo\/ -->\n<title>Volta do varejo? Fim de alta da Selic deve impulsionar setor<\/title>\n<meta name=\"description\" content=\"Por que a Selic \u00e9 t\u00e3o importante para as empresas de varejo? Especialistas veem volta do setor com fim de altas da taxa de juros.\" \/>\n<meta name=\"robots\" content=\"index, follow, max-snippet:-1, max-image-preview:large, max-video-preview:-1\" \/>\n<link rel=\"canonical\" href=\"https:\/\/www.suno.com.br\/noticias\/varejo-fim-alta-selic-impulsionar-setor-especialistas\/\" \/>\n<meta property=\"og:locale\" content=\"pt_BR\" \/>\n<meta property=\"og:type\" content=\"article\" \/>\n<meta property=\"og:title\" content=\"Volta do varejo? Fim de alta da Selic deve impulsionar setor\" \/>\n<meta property=\"og:description\" content=\"Por que a Selic \u00e9 t\u00e3o importante para as empresas de varejo? Especialistas veem volta do setor com fim de altas da taxa de juros.\" \/>\n<meta property=\"og:url\" content=\"https:\/\/www.suno.com.br\/noticias\/varejo-fim-alta-selic-impulsionar-setor-especialistas\/\" \/>\n<meta property=\"og:site_name\" content=\"Suno Not\u00edcias\" \/>\n<meta property=\"article:publisher\" content=\"https:\/\/facebook.com\/sunoresearch\" \/>\n<meta property=\"og:image\" content=\"https:\/\/files.sunoresearch.com.br\/n\/uploads\/2021\/06\/63c5b3f4-whatsapp-image-2021-06-21-at-2.47.44-pm.jpeg\" \/>\n\t<meta property=\"og:image:width\" content=\"1280\" \/>\n\t<meta property=\"og:image:height\" content=\"854\" \/>\n\t<meta property=\"og:image:type\" content=\"image\/jpeg\" \/>\n<meta name=\"author\" content=\"Beatriz Boyadjian\" \/>\n<meta name=\"twitter:card\" content=\"summary_large_image\" \/>\n<meta name=\"twitter:creator\" content=\"@sunoresearch\" \/>\n<meta name=\"twitter:site\" content=\"@sunoresearch\" \/>\n<meta name=\"twitter:label1\" content=\"Escrito por\" \/>\n\t<meta name=\"twitter:data1\" content=\"Beatriz Boyadjian\" \/>\n\t<meta name=\"twitter:label2\" content=\"Est. tempo de leitura\" \/>\n\t<meta name=\"twitter:data2\" content=\"6 minutos\" \/>\n<script type=\"application\/ld+json\" class=\"yoast-schema-graph\">{\"@context\":\"https:\/\/schema.org\",\"@graph\":[{\"@type\":\"NewsArticle\",\"@id\":\"https:\/\/www.suno.com.br\/noticias\/varejo-fim-alta-selic-impulsionar-setor-especialistas\/#article\",\"isPartOf\":{\"@id\":\"https:\/\/www.suno.com.br\/noticias\/varejo-fim-alta-selic-impulsionar-setor-especialistas\/\"},\"author\":{\"name\":\"Beatriz Boyadjian\",\"@id\":\"https:\/\/www.suno.com.br\/noticias\/#\/schema\/person\/c9d40f227e4ffee8114b1299c28902b0\"},\"headline\":\"Magazine Luiza (MGLU3): entenda como o fim da alta da Selic vai impulsionar o varejo\",\"datePublished\":\"2022-08-25T18:32:31+00:00\",\"mainEntityOfPage\":{\"@id\":\"https:\/\/www.suno.com.br\/noticias\/varejo-fim-alta-selic-impulsionar-setor-especialistas\/\"},\"wordCount\":996,\"publisher\":{\"@id\":\"https:\/\/www.suno.com.br\/noticias\/#organization\"},\"image\":{\"@id\":\"https:\/\/www.suno.com.br\/noticias\/varejo-fim-alta-selic-impulsionar-setor-especialistas\/#primaryimage\"},\"thumbnailUrl\":\"https:\/\/files.sunoresearch.com.br\/n\/uploads\/2021\/06\/63c5b3f4-whatsapp-image-2021-06-21-at-2.47.44-pm-jpeg.webp\",\"keywords\":[\"Americanas (AMER3)\",\"e-commerce\",\"Magazine Luiza (MGLU3)\",\"varejo\",\"Via (VIIA3)\"],\"articleSection\":[\"Neg\u00f3cios\"],\"inLanguage\":\"pt-BR\"},{\"@type\":\"WebPage\",\"@id\":\"https:\/\/www.suno.com.br\/noticias\/varejo-fim-alta-selic-impulsionar-setor-especialistas\/\",\"url\":\"https:\/\/www.suno.com.br\/noticias\/varejo-fim-alta-selic-impulsionar-setor-especialistas\/\",\"name\":\"Volta do varejo? Fim de alta da Selic deve impulsionar setor\",\"isPartOf\":{\"@id\":\"https:\/\/www.suno.com.br\/noticias\/#website\"},\"primaryImageOfPage\":{\"@id\":\"https:\/\/www.suno.com.br\/noticias\/varejo-fim-alta-selic-impulsionar-setor-especialistas\/#primaryimage\"},\"image\":{\"@id\":\"https:\/\/www.suno.com.br\/noticias\/varejo-fim-alta-selic-impulsionar-setor-especialistas\/#primaryimage\"},\"thumbnailUrl\":\"https:\/\/files.sunoresearch.com.br\/n\/uploads\/2021\/06\/63c5b3f4-whatsapp-image-2021-06-21-at-2.47.44-pm-jpeg.webp\",\"datePublished\":\"2022-08-25T18:32:31+00:00\",\"description\":\"Por que a Selic \u00e9 t\u00e3o importante para as empresas de varejo? Especialistas veem volta do setor com fim de altas da taxa de juros.\",\"breadcrumb\":{\"@id\":\"https:\/\/www.suno.com.br\/noticias\/varejo-fim-alta-selic-impulsionar-setor-especialistas\/#breadcrumb\"},\"inLanguage\":\"pt-BR\",\"potentialAction\":[{\"@type\":\"ReadAction\",\"target\":[\"https:\/\/www.suno.com.br\/noticias\/varejo-fim-alta-selic-impulsionar-setor-especialistas\/\"]}]},{\"@type\":\"ImageObject\",\"inLanguage\":\"pt-BR\",\"@id\":\"https:\/\/www.suno.com.br\/noticias\/varejo-fim-alta-selic-impulsionar-setor-especialistas\/#primaryimage\",\"url\":\"https:\/\/files.sunoresearch.com.br\/n\/uploads\/2021\/06\/63c5b3f4-whatsapp-image-2021-06-21-at-2.47.44-pm-jpeg.webp\",\"contentUrl\":\"https:\/\/files.sunoresearch.com.br\/n\/uploads\/2021\/06\/63c5b3f4-whatsapp-image-2021-06-21-at-2.47.44-pm-jpeg.webp\",\"width\":1280,\"height\":854,\"caption\":\"Magazine Luiza. Foto: Divulga\u00e7\u00e3o\"},{\"@type\":\"BreadcrumbList\",\"@id\":\"https:\/\/www.suno.com.br\/noticias\/varejo-fim-alta-selic-impulsionar-setor-especialistas\/#breadcrumb\",\"itemListElement\":[{\"@type\":\"ListItem\",\"position\":1,\"name\":\"Not\u00edcias\",\"item\":\"https:\/\/www.suno.com.br\/noticias\/\"},{\"@type\":\"ListItem\",\"position\":2,\"name\":\"Neg\u00f3cios\",\"item\":\"https:\/\/www.suno.com.br\/noticias\/negocios\/\"},{\"@type\":\"ListItem\",\"position\":3,\"name\":\"Magazine Luiza (MGLU3): entenda como o fim da alta da Selic vai impulsionar o varejo\"}]},{\"@type\":\"WebSite\",\"@id\":\"https:\/\/www.suno.com.br\/noticias\/#website\",\"url\":\"https:\/\/www.suno.com.br\/noticias\/\",\"name\":\"Suno Not\u00edcias\",\"description\":\"Seu portal de informa\u00e7\u00e3o sobre o mundo dos investimentos\",\"publisher\":{\"@id\":\"https:\/\/www.suno.com.br\/noticias\/#organization\"},\"potentialAction\":[{\"@type\":\"SearchAction\",\"target\":{\"@type\":\"EntryPoint\",\"urlTemplate\":\"https:\/\/www.suno.com.br\/noticias\/?s={search_term_string}\"},\"query-input\":{\"@type\":\"PropertyValueSpecification\",\"valueRequired\":true,\"valueName\":\"search_term_string\"}}],\"inLanguage\":\"pt-BR\"},{\"@type\":\"Organization\",\"@id\":\"https:\/\/www.suno.com.br\/noticias\/#organization\",\"name\":\"Suno Not\u00edcias\",\"url\":\"https:\/\/www.suno.com.br\/noticias\/\",\"logo\":{\"@type\":\"ImageObject\",\"inLanguage\":\"pt-BR\",\"@id\":\"https:\/\/www.suno.com.br\/noticias\/#\/schema\/logo\/image\/\",\"url\":\"https:\/\/files.sunoresearch.com.br\/n\/uploads\/2021\/09\/suno-logo.png\",\"contentUrl\":\"https:\/\/files.sunoresearch.com.br\/n\/uploads\/2021\/09\/suno-logo.png\",\"width\":180,\"height\":180,\"caption\":\"Suno Not\u00edcias\"},\"image\":{\"@id\":\"https:\/\/www.suno.com.br\/noticias\/#\/schema\/logo\/image\/\"},\"sameAs\":[\"https:\/\/facebook.com\/sunoresearch\",\"https:\/\/x.com\/sunoresearch\",\"https:\/\/www.instagram.com\/suno\",\"https:\/\/www.linkedin.com\/company\/suno-research\/\",\"https:\/\/www.youtube.com\/c\/sunoresearch\"]},{\"@type\":\"Person\",\"@id\":\"https:\/\/www.suno.com.br\/noticias\/#\/schema\/person\/c9d40f227e4ffee8114b1299c28902b0\",\"name\":\"Beatriz Boyadjian\",\"image\":{\"@type\":\"ImageObject\",\"inLanguage\":\"pt-BR\",\"@id\":\"https:\/\/www.suno.com.br\/noticias\/#\/schema\/person\/image\/\",\"url\":\"https:\/\/secure.gravatar.com\/avatar\/4c3c59f4030e268f950437c4f36e38b7?s=96&r=g\",\"contentUrl\":\"https:\/\/secure.gravatar.com\/avatar\/4c3c59f4030e268f950437c4f36e38b7?s=96&r=g\",\"caption\":\"Beatriz Boyadjian\"},\"description\":\"Rep\u00f3rter multim\u00eddia no Suno Not\u00edcias. Jornalista formada pela Faculdade C\u00e1sper L\u00edbero, foi rep\u00f3rter da Forbes Brasil e atuou na cobertura de hard news, economia, neg\u00f3cios e lifestyle. Gerenciou as redes sociais da edi\u00e7\u00e3o brasileira da tradicional revista de neg\u00f3cios. Na M\u00e1quina Cohn&amp;Wolfe, atuou como rela\u00e7\u00f5es p\u00fablicas de clientes do N\u00facleo de Sa\u00fade da empresa. Produziu releases, notas, relat\u00f3rios, entre outros, para empresas como Biomm, Hypera, FIDI. Anteriormente, respons\u00e1vel pelas redes sociais do Suno Not\u00edcias.\",\"sameAs\":[\"https:\/\/www.linkedin.com\/in\/beatriz-boyadjian\/\"],\"url\":\"https:\/\/www.suno.com.br\/noticias\/author\/beatriz-boyadjian\/\"}]}<\/script>\n<!-- \/ Yoast SEO plugin. -->","yoast_head_json":{"title":"Volta do varejo? Fim de alta da Selic deve impulsionar setor","description":"Por que a Selic \u00e9 t\u00e3o importante para as empresas de varejo? Especialistas veem volta do setor com fim de altas da taxa de juros.","robots":{"index":"index","follow":"follow","max-snippet":"max-snippet:-1","max-image-preview":"max-image-preview:large","max-video-preview":"max-video-preview:-1"},"canonical":"https:\/\/www.suno.com.br\/noticias\/varejo-fim-alta-selic-impulsionar-setor-especialistas\/","og_locale":"pt_BR","og_type":"article","og_title":"Volta do varejo? Fim de alta da Selic deve impulsionar setor","og_description":"Por que a Selic \u00e9 t\u00e3o importante para as empresas de varejo? Especialistas veem volta do setor com fim de altas da taxa de juros.","og_url":"https:\/\/www.suno.com.br\/noticias\/varejo-fim-alta-selic-impulsionar-setor-especialistas\/","og_site_name":"Suno Not\u00edcias","article_publisher":"https:\/\/facebook.com\/sunoresearch","og_image":[{"width":1280,"height":854,"url":"https:\/\/files.sunoresearch.com.br\/n\/uploads\/2021\/06\/63c5b3f4-whatsapp-image-2021-06-21-at-2.47.44-pm.jpeg","type":"image\/jpeg"}],"author":"Beatriz Boyadjian","twitter_card":"summary_large_image","twitter_creator":"@sunoresearch","twitter_site":"@sunoresearch","twitter_misc":{"Escrito por":"Beatriz Boyadjian","Est. tempo de leitura":"6 minutos"},"schema":{"@context":"https:\/\/schema.org","@graph":[{"@type":"NewsArticle","@id":"https:\/\/www.suno.com.br\/noticias\/varejo-fim-alta-selic-impulsionar-setor-especialistas\/#article","isPartOf":{"@id":"https:\/\/www.suno.com.br\/noticias\/varejo-fim-alta-selic-impulsionar-setor-especialistas\/"},"author":{"name":"Beatriz Boyadjian","@id":"https:\/\/www.suno.com.br\/noticias\/#\/schema\/person\/c9d40f227e4ffee8114b1299c28902b0"},"headline":"Magazine Luiza (MGLU3): entenda como o fim da alta da Selic vai impulsionar o varejo","datePublished":"2022-08-25T18:32:31+00:00","mainEntityOfPage":{"@id":"https:\/\/www.suno.com.br\/noticias\/varejo-fim-alta-selic-impulsionar-setor-especialistas\/"},"wordCount":996,"publisher":{"@id":"https:\/\/www.suno.com.br\/noticias\/#organization"},"image":{"@id":"https:\/\/www.suno.com.br\/noticias\/varejo-fim-alta-selic-impulsionar-setor-especialistas\/#primaryimage"},"thumbnailUrl":"https:\/\/files.sunoresearch.com.br\/n\/uploads\/2021\/06\/63c5b3f4-whatsapp-image-2021-06-21-at-2.47.44-pm-jpeg.webp","keywords":["Americanas (AMER3)","e-commerce","Magazine Luiza (MGLU3)","varejo","Via (VIIA3)"],"articleSection":["Neg\u00f3cios"],"inLanguage":"pt-BR"},{"@type":"WebPage","@id":"https:\/\/www.suno.com.br\/noticias\/varejo-fim-alta-selic-impulsionar-setor-especialistas\/","url":"https:\/\/www.suno.com.br\/noticias\/varejo-fim-alta-selic-impulsionar-setor-especialistas\/","name":"Volta do varejo? Fim de alta da Selic deve impulsionar setor","isPartOf":{"@id":"https:\/\/www.suno.com.br\/noticias\/#website"},"primaryImageOfPage":{"@id":"https:\/\/www.suno.com.br\/noticias\/varejo-fim-alta-selic-impulsionar-setor-especialistas\/#primaryimage"},"image":{"@id":"https:\/\/www.suno.com.br\/noticias\/varejo-fim-alta-selic-impulsionar-setor-especialistas\/#primaryimage"},"thumbnailUrl":"https:\/\/files.sunoresearch.com.br\/n\/uploads\/2021\/06\/63c5b3f4-whatsapp-image-2021-06-21-at-2.47.44-pm-jpeg.webp","datePublished":"2022-08-25T18:32:31+00:00","description":"Por que a Selic \u00e9 t\u00e3o importante para as empresas de varejo? Especialistas veem volta do setor com fim de altas da taxa de juros.","breadcrumb":{"@id":"https:\/\/www.suno.com.br\/noticias\/varejo-fim-alta-selic-impulsionar-setor-especialistas\/#breadcrumb"},"inLanguage":"pt-BR","potentialAction":[{"@type":"ReadAction","target":["https:\/\/www.suno.com.br\/noticias\/varejo-fim-alta-selic-impulsionar-setor-especialistas\/"]}]},{"@type":"ImageObject","inLanguage":"pt-BR","@id":"https:\/\/www.suno.com.br\/noticias\/varejo-fim-alta-selic-impulsionar-setor-especialistas\/#primaryimage","url":"https:\/\/files.sunoresearch.com.br\/n\/uploads\/2021\/06\/63c5b3f4-whatsapp-image-2021-06-21-at-2.47.44-pm-jpeg.webp","contentUrl":"https:\/\/files.sunoresearch.com.br\/n\/uploads\/2021\/06\/63c5b3f4-whatsapp-image-2021-06-21-at-2.47.44-pm-jpeg.webp","width":1280,"height":854,"caption":"Magazine Luiza. Foto: Divulga\u00e7\u00e3o"},{"@type":"BreadcrumbList","@id":"https:\/\/www.suno.com.br\/noticias\/varejo-fim-alta-selic-impulsionar-setor-especialistas\/#breadcrumb","itemListElement":[{"@type":"ListItem","position":1,"name":"Not\u00edcias","item":"https:\/\/www.suno.com.br\/noticias\/"},{"@type":"ListItem","position":2,"name":"Neg\u00f3cios","item":"https:\/\/www.suno.com.br\/noticias\/negocios\/"},{"@type":"ListItem","position":3,"name":"Magazine Luiza (MGLU3): entenda como o fim da alta da Selic vai impulsionar o varejo"}]},{"@type":"WebSite","@id":"https:\/\/www.suno.com.br\/noticias\/#website","url":"https:\/\/www.suno.com.br\/noticias\/","name":"Suno Not\u00edcias","description":"Seu portal de informa\u00e7\u00e3o sobre o mundo dos investimentos","publisher":{"@id":"https:\/\/www.suno.com.br\/noticias\/#organization"},"potentialAction":[{"@type":"SearchAction","target":{"@type":"EntryPoint","urlTemplate":"https:\/\/www.suno.com.br\/noticias\/?s={search_term_string}"},"query-input":{"@type":"PropertyValueSpecification","valueRequired":true,"valueName":"search_term_string"}}],"inLanguage":"pt-BR"},{"@type":"Organization","@id":"https:\/\/www.suno.com.br\/noticias\/#organization","name":"Suno Not\u00edcias","url":"https:\/\/www.suno.com.br\/noticias\/","logo":{"@type":"ImageObject","inLanguage":"pt-BR","@id":"https:\/\/www.suno.com.br\/noticias\/#\/schema\/logo\/image\/","url":"https:\/\/files.sunoresearch.com.br\/n\/uploads\/2021\/09\/suno-logo.png","contentUrl":"https:\/\/files.sunoresearch.com.br\/n\/uploads\/2021\/09\/suno-logo.png","width":180,"height":180,"caption":"Suno Not\u00edcias"},"image":{"@id":"https:\/\/www.suno.com.br\/noticias\/#\/schema\/logo\/image\/"},"sameAs":["https:\/\/facebook.com\/sunoresearch","https:\/\/x.com\/sunoresearch","https:\/\/www.instagram.com\/suno","https:\/\/www.linkedin.com\/company\/suno-research\/","https:\/\/www.youtube.com\/c\/sunoresearch"]},{"@type":"Person","@id":"https:\/\/www.suno.com.br\/noticias\/#\/schema\/person\/c9d40f227e4ffee8114b1299c28902b0","name":"Beatriz Boyadjian","image":{"@type":"ImageObject","inLanguage":"pt-BR","@id":"https:\/\/www.suno.com.br\/noticias\/#\/schema\/person\/image\/","url":"https:\/\/secure.gravatar.com\/avatar\/4c3c59f4030e268f950437c4f36e38b7?s=96&r=g","contentUrl":"https:\/\/secure.gravatar.com\/avatar\/4c3c59f4030e268f950437c4f36e38b7?s=96&r=g","caption":"Beatriz Boyadjian"},"description":"Rep\u00f3rter multim\u00eddia no Suno Not\u00edcias. Jornalista formada pela Faculdade C\u00e1sper L\u00edbero, foi rep\u00f3rter da Forbes Brasil e atuou na cobertura de hard news, economia, neg\u00f3cios e lifestyle. Gerenciou as redes sociais da edi\u00e7\u00e3o brasileira da tradicional revista de neg\u00f3cios. Na M\u00e1quina Cohn&amp;Wolfe, atuou como rela\u00e7\u00f5es p\u00fablicas de clientes do N\u00facleo de Sa\u00fade da empresa. Produziu releases, notas, relat\u00f3rios, entre outros, para empresas como Biomm, Hypera, FIDI. Anteriormente, respons\u00e1vel pelas redes sociais do Suno Not\u00edcias.","sameAs":["https:\/\/www.linkedin.com\/in\/beatriz-boyadjian\/"],"url":"https:\/\/www.suno.com.br\/noticias\/author\/beatriz-boyadjian\/"}]}},"default_loop_html":"<div class=\"cardsPage__listCard__boxs\"><div class=\"cardsPage__listCard__boxs__img\"><a href=\"https:\/\/www.suno.com.br\/noticias\/varejo-fim-alta-selic-impulsionar-setor-especialistas\/\"><img class=\"mask\" src=\"https:\/\/www.suno.com.br\/noticias\/wp-content\/themes\/suno\/resources\/images\/spotlight\/spotlight1img\/bg-mask.png\" alt=\"Image Mask\"\/><img src=\"https:\/\/files.sunoresearch.com.br\/n\/uploads\/2021\/06\/63c5b3f4-whatsapp-image-2021-06-21-at-2.47.44-pm-400x200.webp\" alt=\"Magazine Luiza (MGLU3): entenda como o fim da alta da Selic vai impulsionar o varejo\"\/><\/a><span class=\"spotlightCategory\"><a href=\"https:\/\/www.suno.com.br\/noticias\/negocios\/\">Neg\u00f3cios<\/a><\/span><\/div><div class=\"cardsPage__listCard__boxs__content\"><a href=\"https:\/\/www.suno.com.br\/noticias\/varejo-fim-alta-selic-impulsionar-setor-especialistas\/\"><h2 class=\"content__title\">Magazine Luiza (MGLU3): entenda como o fim da alta da Selic vai impulsionar o varejo<\/h2><\/a><div class=\"newsContent__article__meta\"><div class=\"newsContent__article__meta__authorBox\"><a href=\"https:\/\/www.suno.com.br\/noticias\/author\/beatriz-boyadjian\/\" class=\"authorBox__avatar noMobi\"><img src=\"https:\/\/secure.gravatar.com\/avatar\/4c3c59f4030e268f950437c4f36e38b7?s=96&#038;r=g\" alt=\"Beatriz Boyadjian\"><\/a><div class=\"authorBox__name\"><span>por\n\t\t\t<a href=\"https:\/\/www.suno.com.br\/noticias\/author\/beatriz-boyadjian\/\"><span itemprop=\"author\">Beatriz Boyadjian<\/span><\/a><\/span><time datetime=\"2022-08-25T15:32:31-03:00\" itemprop=\"datePublished\">25\/08\/2022 15:32<\/time><\/div><\/div><\/div><\/div><\/div>","single_layout":"posts","amp_enabled":true,"_links":{"self":[{"href":"https:\/\/www.suno.com.br\/noticias\/wp-json\/wp\/v2\/posts\/289354"}],"collection":[{"href":"https:\/\/www.suno.com.br\/noticias\/wp-json\/wp\/v2\/posts"}],"about":[{"href":"https:\/\/www.suno.com.br\/noticias\/wp-json\/wp\/v2\/types\/post"}],"author":[{"embeddable":true,"href":"https:\/\/www.suno.com.br\/noticias\/wp-json\/wp\/v2\/users\/70"}],"replies":[{"embeddable":true,"href":"https:\/\/www.suno.com.br\/noticias\/wp-json\/wp\/v2\/comments?post=289354"}],"version-history":[{"count":3,"href":"https:\/\/www.suno.com.br\/noticias\/wp-json\/wp\/v2\/posts\/289354\/revisions"}],"predecessor-version":[{"id":289490,"href":"https:\/\/www.suno.com.br\/noticias\/wp-json\/wp\/v2\/posts\/289354\/revisions\/289490"}],"wp:featuredmedia":[{"embeddable":true,"href":"https:\/\/www.suno.com.br\/noticias\/wp-json\/wp\/v2\/media\/159977"}],"wp:attachment":[{"href":"https:\/\/www.suno.com.br\/noticias\/wp-json\/wp\/v2\/media?parent=289354"}],"wp:term":[{"taxonomy":"category","embeddable":true,"href":"https:\/\/www.suno.com.br\/noticias\/wp-json\/wp\/v2\/categories?post=289354"},{"taxonomy":"post_tag","embeddable":true,"href":"https:\/\/www.suno.com.br\/noticias\/wp-json\/wp\/v2\/tags?post=289354"},{"taxonomy":"suno_strategy","embeddable":true,"href":"https:\/\/www.suno.com.br\/noticias\/wp-json\/wp\/v2\/suno_strategy?post=289354"}],"curies":[{"name":"wp","href":"https:\/\/api.w.org\/{rel}","templated":true}]}}