{"id":28932,"date":"2019-06-24T11:26:14","date_gmt":"2019-06-24T14:26:14","guid":{"rendered":"https:\/\/www.suno.com.br\/noticias\/?p=28932"},"modified":"2019-06-24T11:26:14","modified_gmt":"2019-06-24T14:26:14","slug":"bolsonaro-presidente-da-china-encontro-g20","status":"publish","type":"post","link":"https:\/\/www.suno.com.br\/noticias\/bolsonaro-presidente-da-china-encontro-g20\/","title":{"rendered":"Bolsonaro se encontrar\u00e1 com presidente da China antes do G20"},"content":{"rendered":"<p>O <strong>presidente da Rep\u00fablica<\/strong>, Jair Bolsonaro, se encontrar\u00e1 na pr\u00f3xima sexta-feira (28), com o <strong>presidente da China<\/strong>, <strong>Xi Jinping<\/strong>. No encontro, o tema abordado ser\u00e1 sobre a <strong>agricultura brasileira<\/strong> e os <a href=\"https:\/\/www.suno.com.br\/artigos\/comercio-internacional\/\"><strong>produtos de exporta\u00e7\u00f5es<\/strong>.<\/a><\/p>\t<div class=\"wrapper-featured-image\">\n\t\t<figure class=\"spotlightImg\">\n\n\t\t\t<picture>\n\t\t\t\t<source media=\"(max-width: 768px)\" srcset=\"https:\/\/files.sunoresearch.com.br\/n\/uploads\/2019\/01\/e8b4f92f-reforma-da-previdencia-400x200.webp\">\n\t\t\t\t<img loading=\"lazy\" decoding=\"async\" class=\"newsContent__article__imgCapa lazyloadDisabled newsContent__article__imgCapa--noCaption\" src=\"https:\/\/files.sunoresearch.com.br\/n\/uploads\/2019\/01\/e8b4f92f-reforma-da-previdencia-800x450.webp\" width=\"800\" height=\"450\" alt=\"Bolsonaro se encontrar\u00e1 com presidente da China antes do G20\" fetchpriority=high \/>\n\t\t\t<\/picture>\n\n\t\t\t<figcaption class=\"wp-caption-text wp-caption-text--hide\">Bolsonaro se encontrar\u00e1 com presidente da China antes do G20<\/figcaption>\n\t\t<\/figure>\n\t<\/div>\n\n\n<p>A <strong>China<\/strong> \u00e9 respons\u00e1vel por 27% das <strong>exporta\u00e7\u00f5es brasileiras<\/strong>. Dessa forma, <strong>Bolsonaro<\/strong> expressar\u00e1 seu desejo de aumentar <strong>produtos<\/strong> de<strong> maior valor agregado<\/strong> \u00e0 China.<\/p>\n\t<p>\n\t\t<a href=\"https:\/\/www.suno.com.br\/asset\/fundos\/suno-acoes-xp-seg-prev\/\" target=\"_blank\" data-element=\"shortcode-suno-banner\" title=\"Banner SUNO, clique e saiba mais\">\n\t\t\t<picture>\n\t\t\t\t<source media=\"(max-width: 500px)\" srcset=\"https:\/\/files.sunoresearch.com.br\/n\/uploads\/2023\/10\/SUNOPREV-400x300-Mobile-Artigos-3.png\">\n\t\t\t\t<img class=\"newsContent__article__imgCapa newsContent__article__imgCapa--banner\"\n\t\t\t\t\tsrc=\"https:\/\/files.sunoresearch.com.br\/n\/uploads\/2023\/10\/SUNOPREV-1420x240-Banner-Artigos-1-_-Banner-Materias-1.png\"\n\t\t\t\t\tdata-promo-id=\"476310\"\t\t\t\t\t\t\t\t\t\twidth='1420' height='240'\t\t\t\t\talt=\"https:\/\/files.sunoresearch.com.br\/n\/uploads\/2023\/10\/SUNOPREV-1420x240-Banner-Artigos-1-_-Banner-Materias-1.png\"\n\t\t\t\t>\n\t\t\t<\/picture>\n\t\t<\/a>\n\t<\/p>\n\n\n<h2>Brasil e China<\/h2>\n<p>As rela\u00e7\u00f5es entre os pa\u00edses tem se estreitado, diferente de como o presidente havia se posicionado quando candidato. Durante a campanha chegou a afirmar que o pa\u00eds asi\u00e1tico &#8220;estava comprando o <strong>Brasil<\/strong>&#8220;.<\/p>\n<p>Em maio deste ano, a <strong>ministra da Agricultura<\/strong>, <strong>Tereza Cristina<\/strong>, viajou a <strong>China<\/strong> com o objetivo de tratar <strong>rela\u00e7\u00f5es comerciais<\/strong>. Al\u00e9m disso, em sua \u00faltima viagem a <strong>Roma<\/strong>, <strong>Cristina<\/strong> manifestou seu apoio a candidatura do <strong>vice-ministro da Agricultura da China<\/strong>.<\/p>\n<p><a href=\"\/\/www.suno.com.br\/noticias\/china-carne-bovina-exportacao-brasil\/\">Saiba Mais:\u00a0Brasil retornar\u00e1 a exportar carne bovina para China<\/a><\/p>\n<p>Por sua vez, em maio, o vice-presidente, <strong>general Hamilton Mour\u00e3o<\/strong>, participou da reuni\u00e3o da<strong> Comiss\u00e3o Sino-Brasileira de Alto N\u00edvel de Concerta\u00e7\u00e3o e Coopera\u00e7\u00e3o<\/strong>. Na reuni\u00e3o, foi discutido sobre vendas e fabrica\u00e7\u00e3o de <strong>aeronaves brasileiras<\/strong> para o pa\u00eds do oriente. Al\u00e9m de, <strong>produtos de frigor\u00edficos brasileiros<\/strong>.<\/p>\n<p>Ademais, na viagem <strong>Mour\u00e3o\u00a0<\/strong>se encontrou com o presidente da <strong>Huawei<\/strong> e ap\u00f3s o encontro anunciou que a tecnologia <strong>5G<\/strong> n\u00e3o ser\u00e1 banida no <strong>Brasil<\/strong>.<\/p>\n<p><a href=\"\/\/www.suno.com.br\/noticias\/mourao-huawei-nao-sera-banida\/\">Saiba Mais:\u00a0Mour\u00e3o: Huawei e sua tecnologia 5G n\u00e3o ser\u00e3o banidas no Brasil<\/a><\/p>\n<p>No entanto, o <strong>chanceler Ernesto Ara\u00fajo<\/strong> e o <strong>escritor Olavo de Carvalho<\/strong>, ambos conselheiros de <strong>Bolsonaro<\/strong>, s\u00e3o contra a aproxima\u00e7\u00e3o entre a<strong> China <\/strong>e o<strong> Brasil<\/strong>.\u00a0 Para eles, \u00e9 necess\u00e1rio que o Pa\u00eds, durante a <a href=\"https:\/\/www.suno.com.br\/artigos\/a-guerra-comercial\/\"><strong>guerra comercial<\/strong><\/a>, se demonstre do lado dos <strong>Estados Unidos<\/strong>.<\/p>\n\t<p>\n\t\t<a href=\"https:\/\/lp.suno.com.br\/planilha-controle-gastos\/\" target=\"_blank\" data-element=\"shortcode-suno-banner\" title=\"Banner SUNO, clique e saiba mais\">\n\t\t\t<picture>\n\t\t\t\t<source media=\"(max-width: 500px)\" srcset=\"https:\/\/files.sunoresearch.com.br\/n\/uploads\/2023\/03\/400x300-Planilha-controle-de-gastos.png\">\n\t\t\t\t<img class=\"newsContent__article__imgCapa newsContent__article__imgCapa--banner\"\n\t\t\t\t\tsrc=\"https:\/\/files.sunoresearch.com.br\/n\/uploads\/2023\/03\/1420x240-Planilha-controle-de-gastos.png\"\n\t\t\t\t\tdata-promo-id=\"102417\"\t\t\t\t\t\t\t\t\t\twidth='1420' height='240'\t\t\t\t\talt=\"https:\/\/files.sunoresearch.com.br\/n\/uploads\/2023\/03\/1420x240-Planilha-controle-de-gastos.png\"\n\t\t\t\t>\n\t\t\t<\/picture>\n\t\t<\/a>\n\t<\/p>\n\n\n<h2>G20<\/h2>\n<p>A reuni\u00e3o da c\u00fapula do <a href=\"https:\/\/www.suno.com.br\/artigos\/g20\/\"><strong>G20<\/strong> <\/a>acontece nos dias 28 e 29 de junho,em <strong>Osaka<\/strong>, <strong>Jap\u00e3o<\/strong>, e ser\u00e1 a primeira participa\u00e7\u00e3o do atual <strong>presidente da rep\u00fablica<\/strong>.<\/p>\n<p><a href=\"\/\/www.suno.com.br\/noticias\/brasil-g20-reforma-previdencia\/\">Saiba Mais:\u00a0Brasil no G20: reforma da Previd\u00eancia \u00e9 apresentada a parceiros<\/a><\/p>\n<p>Os pa\u00edses que comp\u00f5em o <strong>G20<\/strong> s\u00e3o: Estados Unidos da Am\u00e9rica (EUA); China; Jap\u00e3o; Reino Unido; Fran\u00e7a; It\u00e1lia; Canad\u00e1; Cor\u00e9ia do Sul; Austr\u00e1lia; R\u00fassia; M\u00e9xico; Indon\u00e9sia; Turquia; Ar\u00e1bia Saudita; Argentina; Alemanha; Brasil; \u00cdndia; \u00c1frica do Sul.<\/p>\n<p>O <strong>presidente Jair Bolsonaro<\/strong> ser\u00e1 um dos oradores na sess\u00e3o tem\u00e1tica de inova\u00e7\u00e3o e tecnologia. Sendo poss\u00edvel o tema do <strong>Brasil<\/strong> se tornar l\u00edder de <strong>inova\u00e7\u00e3o tecnol\u00f3gica<\/strong> em \u00e1rea de <strong>sa\u00fade p\u00fablica<\/strong> e<strong> biocombust\u00edveis.<\/strong><\/p>\n","protected":false},"excerpt":{"rendered":"<p>O presidente da Rep\u00fablica, Jair Bolsonaro, se encontrar\u00e1 na pr\u00f3xima sexta-feira (28), com o presidente da China, Xi Jinping. No encontro, o tema abordado ser\u00e1 sobre a agricultura brasileira e os produtos de exporta\u00e7\u00f5es. Bolsonaro se encontrar\u00e1 com presidente da China antes do G20 A China \u00e9 respons\u00e1vel por 27% das exporta\u00e7\u00f5es brasileiras. Dessa forma, [&hellip;]<\/p>\n","protected":false},"author":15,"featured_media":10269,"comment_status":"closed","ping_status":"closed","sticky":false,"template":"","format":"standard","meta":[],"categories":[61],"tags":[711,793,801,719],"suno_strategy":[],"class_list":["post-28932","post","type-post","status-publish","format-standard","has-post-thumbnail","hentry","category-politica","tag-china","tag-estados-unidos-eua","tag-g20","tag-jair-bolsonaro"],"yoast_head":"<!-- This site is optimized with the Yoast SEO plugin v24.4 - https:\/\/yoast.com\/wordpress\/plugins\/seo\/ -->\n<title>Bolsonaro se encontrar\u00e1 com presidente da China antes do G20<\/title>\n<meta name=\"description\" content=\"O presidente da Rep\u00fablica, Jair Bolsonaro, se encontrar\u00e1 na pr\u00f3xima sexta-feira (28), com o presidente da China. Para saber mais, clique aqui\" \/>\n<meta name=\"robots\" content=\"index, follow, max-snippet:-1, max-image-preview:large, max-video-preview:-1\" \/>\n<link rel=\"canonical\" href=\"https:\/\/www.suno.com.br\/noticias\/bolsonaro-presidente-da-china-encontro-g20\/\" \/>\n<meta property=\"og:locale\" content=\"pt_BR\" \/>\n<meta property=\"og:type\" content=\"article\" \/>\n<meta property=\"og:title\" content=\"Bolsonaro se encontrar\u00e1 com presidente da China antes do G20\" \/>\n<meta property=\"og:description\" content=\"O presidente da Rep\u00fablica, Jair Bolsonaro, se encontrar\u00e1 na pr\u00f3xima sexta-feira (28), com o presidente da China. Para saber mais, clique aqui\" \/>\n<meta property=\"og:url\" content=\"https:\/\/www.suno.com.br\/noticias\/bolsonaro-presidente-da-china-encontro-g20\/\" \/>\n<meta property=\"og:site_name\" content=\"Suno Not\u00edcias\" \/>\n<meta property=\"article:publisher\" content=\"https:\/\/facebook.com\/sunoresearch\" \/>\n<meta property=\"og:image\" content=\"https:\/\/files.sunoresearch.com.br\/n\/uploads\/2019\/01\/e8b4f92f-reforma-da-previdencia.jpg\" \/>\n\t<meta property=\"og:image:width\" content=\"1140\" \/>\n\t<meta property=\"og:image:height\" content=\"760\" \/>\n\t<meta property=\"og:image:type\" content=\"image\/jpeg\" \/>\n<meta name=\"author\" content=\"Poliana Santos\" \/>\n<meta name=\"twitter:card\" content=\"summary_large_image\" \/>\n<meta name=\"twitter:creator\" content=\"@sunoresearch\" \/>\n<meta name=\"twitter:site\" content=\"@sunoresearch\" \/>\n<meta name=\"twitter:label1\" content=\"Escrito por\" \/>\n\t<meta name=\"twitter:data1\" content=\"Poliana Santos\" \/>\n\t<meta name=\"twitter:label2\" content=\"Est. tempo de leitura\" \/>\n\t<meta name=\"twitter:data2\" content=\"2 minutos\" \/>\n<script type=\"application\/ld+json\" class=\"yoast-schema-graph\">{\"@context\":\"https:\/\/schema.org\",\"@graph\":[{\"@type\":\"NewsArticle\",\"@id\":\"https:\/\/www.suno.com.br\/noticias\/bolsonaro-presidente-da-china-encontro-g20\/#article\",\"isPartOf\":{\"@id\":\"https:\/\/www.suno.com.br\/noticias\/bolsonaro-presidente-da-china-encontro-g20\/\"},\"author\":{\"name\":\"Poliana Santos\",\"@id\":\"https:\/\/www.suno.com.br\/noticias\/#\/schema\/person\/02ec1f752758247878a2bf4abee1aeda\"},\"headline\":\"Bolsonaro se encontrar\u00e1 com presidente da China antes do G20\",\"datePublished\":\"2019-06-24T14:26:14+00:00\",\"mainEntityOfPage\":{\"@id\":\"https:\/\/www.suno.com.br\/noticias\/bolsonaro-presidente-da-china-encontro-g20\/\"},\"wordCount\":450,\"publisher\":{\"@id\":\"https:\/\/www.suno.com.br\/noticias\/#organization\"},\"image\":{\"@id\":\"https:\/\/www.suno.com.br\/noticias\/bolsonaro-presidente-da-china-encontro-g20\/#primaryimage\"},\"thumbnailUrl\":\"https:\/\/files.sunoresearch.com.br\/n\/uploads\/2019\/01\/e8b4f92f-reforma-da-previdencia-jpg.webp\",\"keywords\":[\"China\",\"Estados Unidos (EUA)\",\"G20\",\"Jair Bolsonaro\"],\"articleSection\":[\"Pol\u00edtica\"],\"inLanguage\":\"pt-BR\"},{\"@type\":\"WebPage\",\"@id\":\"https:\/\/www.suno.com.br\/noticias\/bolsonaro-presidente-da-china-encontro-g20\/\",\"url\":\"https:\/\/www.suno.com.br\/noticias\/bolsonaro-presidente-da-china-encontro-g20\/\",\"name\":\"Bolsonaro se encontrar\u00e1 com presidente da China antes do G20\",\"isPartOf\":{\"@id\":\"https:\/\/www.suno.com.br\/noticias\/#website\"},\"primaryImageOfPage\":{\"@id\":\"https:\/\/www.suno.com.br\/noticias\/bolsonaro-presidente-da-china-encontro-g20\/#primaryimage\"},\"image\":{\"@id\":\"https:\/\/www.suno.com.br\/noticias\/bolsonaro-presidente-da-china-encontro-g20\/#primaryimage\"},\"thumbnailUrl\":\"https:\/\/files.sunoresearch.com.br\/n\/uploads\/2019\/01\/e8b4f92f-reforma-da-previdencia-jpg.webp\",\"datePublished\":\"2019-06-24T14:26:14+00:00\",\"description\":\"O presidente da Rep\u00fablica, Jair Bolsonaro, se encontrar\u00e1 na pr\u00f3xima sexta-feira (28), com o presidente da China. Para saber mais, clique aqui\",\"breadcrumb\":{\"@id\":\"https:\/\/www.suno.com.br\/noticias\/bolsonaro-presidente-da-china-encontro-g20\/#breadcrumb\"},\"inLanguage\":\"pt-BR\",\"potentialAction\":[{\"@type\":\"ReadAction\",\"target\":[\"https:\/\/www.suno.com.br\/noticias\/bolsonaro-presidente-da-china-encontro-g20\/\"]}]},{\"@type\":\"ImageObject\",\"inLanguage\":\"pt-BR\",\"@id\":\"https:\/\/www.suno.com.br\/noticias\/bolsonaro-presidente-da-china-encontro-g20\/#primaryimage\",\"url\":\"https:\/\/files.sunoresearch.com.br\/n\/uploads\/2019\/01\/e8b4f92f-reforma-da-previdencia-jpg.webp\",\"contentUrl\":\"https:\/\/files.sunoresearch.com.br\/n\/uploads\/2019\/01\/e8b4f92f-reforma-da-previdencia-jpg.webp\",\"width\":1140,\"height\":760,\"caption\":\"Bolsonaro se encontrar\u00e1 com presidente da China antes do G20\"},{\"@type\":\"BreadcrumbList\",\"@id\":\"https:\/\/www.suno.com.br\/noticias\/bolsonaro-presidente-da-china-encontro-g20\/#breadcrumb\",\"itemListElement\":[{\"@type\":\"ListItem\",\"position\":1,\"name\":\"Not\u00edcias\",\"item\":\"https:\/\/www.suno.com.br\/noticias\/\"},{\"@type\":\"ListItem\",\"position\":2,\"name\":\"Pol\u00edtica\",\"item\":\"https:\/\/www.suno.com.br\/noticias\/politica\/\"},{\"@type\":\"ListItem\",\"position\":3,\"name\":\"Bolsonaro se encontrar\u00e1 com presidente da China antes do G20\"}]},{\"@type\":\"WebSite\",\"@id\":\"https:\/\/www.suno.com.br\/noticias\/#website\",\"url\":\"https:\/\/www.suno.com.br\/noticias\/\",\"name\":\"Suno Not\u00edcias\",\"description\":\"Seu portal de informa\u00e7\u00e3o sobre o mundo dos investimentos\",\"publisher\":{\"@id\":\"https:\/\/www.suno.com.br\/noticias\/#organization\"},\"potentialAction\":[{\"@type\":\"SearchAction\",\"target\":{\"@type\":\"EntryPoint\",\"urlTemplate\":\"https:\/\/www.suno.com.br\/noticias\/?s={search_term_string}\"},\"query-input\":{\"@type\":\"PropertyValueSpecification\",\"valueRequired\":true,\"valueName\":\"search_term_string\"}}],\"inLanguage\":\"pt-BR\"},{\"@type\":\"Organization\",\"@id\":\"https:\/\/www.suno.com.br\/noticias\/#organization\",\"name\":\"Suno Not\u00edcias\",\"url\":\"https:\/\/www.suno.com.br\/noticias\/\",\"logo\":{\"@type\":\"ImageObject\",\"inLanguage\":\"pt-BR\",\"@id\":\"https:\/\/www.suno.com.br\/noticias\/#\/schema\/logo\/image\/\",\"url\":\"https:\/\/files.sunoresearch.com.br\/n\/uploads\/2021\/09\/suno-logo.png\",\"contentUrl\":\"https:\/\/files.sunoresearch.com.br\/n\/uploads\/2021\/09\/suno-logo.png\",\"width\":180,\"height\":180,\"caption\":\"Suno Not\u00edcias\"},\"image\":{\"@id\":\"https:\/\/www.suno.com.br\/noticias\/#\/schema\/logo\/image\/\"},\"sameAs\":[\"https:\/\/facebook.com\/sunoresearch\",\"https:\/\/x.com\/sunoresearch\",\"https:\/\/www.instagram.com\/suno\",\"https:\/\/www.linkedin.com\/company\/suno-research\/\",\"https:\/\/www.youtube.com\/c\/sunoresearch\"]},{\"@type\":\"Person\",\"@id\":\"https:\/\/www.suno.com.br\/noticias\/#\/schema\/person\/02ec1f752758247878a2bf4abee1aeda\",\"name\":\"Poliana Santos\",\"image\":{\"@type\":\"ImageObject\",\"inLanguage\":\"pt-BR\",\"@id\":\"https:\/\/www.suno.com.br\/noticias\/#\/schema\/person\/image\/\",\"url\":\"https:\/\/secure.gravatar.com\/avatar\/0645bd32f23d87b2130f2b2dff1d3f8d?s=96&r=g\",\"contentUrl\":\"https:\/\/secure.gravatar.com\/avatar\/0645bd32f23d87b2130f2b2dff1d3f8d?s=96&r=g\",\"caption\":\"Poliana Santos\"},\"description\":\"Rep\u00f3rter no Suno Not\u00edcias, com cobertura em mercado financeiro, economia, finan\u00e7as pessoais, renda fixa e varejo. Jornalista formada pela Faculdade C\u00e1sper L\u00edbero e possui passagem na R\u00e1dio Gazeta AM com a produ\u00e7\u00e3o de conte\u00fado sobre economia, pol\u00edtica, sa\u00fade, moda e m\u00fasica. Possui certificado de conclus\u00e3o do curso de An\u00e1lise de Balan\u00e7os pela Funda\u00e7\u00e3o Bradesco, Agenda Brasil pela FAAP, Educa\u00e7\u00e3o Pol\u00edtica por Alexandre Garcia e do Tesouro Direto e Mercado de A\u00e7\u00f5es pela B3.\",\"url\":\"https:\/\/www.suno.com.br\/noticias\/author\/poliana-santos\/\"}]}<\/script>\n<!-- \/ Yoast SEO plugin. -->","yoast_head_json":{"title":"Bolsonaro se encontrar\u00e1 com presidente da China antes do G20","description":"O presidente da Rep\u00fablica, Jair Bolsonaro, se encontrar\u00e1 na pr\u00f3xima sexta-feira (28), com o presidente da China. Para saber mais, clique aqui","robots":{"index":"index","follow":"follow","max-snippet":"max-snippet:-1","max-image-preview":"max-image-preview:large","max-video-preview":"max-video-preview:-1"},"canonical":"https:\/\/www.suno.com.br\/noticias\/bolsonaro-presidente-da-china-encontro-g20\/","og_locale":"pt_BR","og_type":"article","og_title":"Bolsonaro se encontrar\u00e1 com presidente da China antes do G20","og_description":"O presidente da Rep\u00fablica, Jair Bolsonaro, se encontrar\u00e1 na pr\u00f3xima sexta-feira (28), com o presidente da China. Para saber mais, clique aqui","og_url":"https:\/\/www.suno.com.br\/noticias\/bolsonaro-presidente-da-china-encontro-g20\/","og_site_name":"Suno Not\u00edcias","article_publisher":"https:\/\/facebook.com\/sunoresearch","og_image":[{"width":1140,"height":760,"url":"https:\/\/files.sunoresearch.com.br\/n\/uploads\/2019\/01\/e8b4f92f-reforma-da-previdencia.jpg","type":"image\/jpeg"}],"author":"Poliana Santos","twitter_card":"summary_large_image","twitter_creator":"@sunoresearch","twitter_site":"@sunoresearch","twitter_misc":{"Escrito por":"Poliana Santos","Est. tempo de leitura":"2 minutos"},"schema":{"@context":"https:\/\/schema.org","@graph":[{"@type":"NewsArticle","@id":"https:\/\/www.suno.com.br\/noticias\/bolsonaro-presidente-da-china-encontro-g20\/#article","isPartOf":{"@id":"https:\/\/www.suno.com.br\/noticias\/bolsonaro-presidente-da-china-encontro-g20\/"},"author":{"name":"Poliana Santos","@id":"https:\/\/www.suno.com.br\/noticias\/#\/schema\/person\/02ec1f752758247878a2bf4abee1aeda"},"headline":"Bolsonaro se encontrar\u00e1 com presidente da China antes do G20","datePublished":"2019-06-24T14:26:14+00:00","mainEntityOfPage":{"@id":"https:\/\/www.suno.com.br\/noticias\/bolsonaro-presidente-da-china-encontro-g20\/"},"wordCount":450,"publisher":{"@id":"https:\/\/www.suno.com.br\/noticias\/#organization"},"image":{"@id":"https:\/\/www.suno.com.br\/noticias\/bolsonaro-presidente-da-china-encontro-g20\/#primaryimage"},"thumbnailUrl":"https:\/\/files.sunoresearch.com.br\/n\/uploads\/2019\/01\/e8b4f92f-reforma-da-previdencia-jpg.webp","keywords":["China","Estados Unidos (EUA)","G20","Jair Bolsonaro"],"articleSection":["Pol\u00edtica"],"inLanguage":"pt-BR"},{"@type":"WebPage","@id":"https:\/\/www.suno.com.br\/noticias\/bolsonaro-presidente-da-china-encontro-g20\/","url":"https:\/\/www.suno.com.br\/noticias\/bolsonaro-presidente-da-china-encontro-g20\/","name":"Bolsonaro se encontrar\u00e1 com presidente da China antes do G20","isPartOf":{"@id":"https:\/\/www.suno.com.br\/noticias\/#website"},"primaryImageOfPage":{"@id":"https:\/\/www.suno.com.br\/noticias\/bolsonaro-presidente-da-china-encontro-g20\/#primaryimage"},"image":{"@id":"https:\/\/www.suno.com.br\/noticias\/bolsonaro-presidente-da-china-encontro-g20\/#primaryimage"},"thumbnailUrl":"https:\/\/files.sunoresearch.com.br\/n\/uploads\/2019\/01\/e8b4f92f-reforma-da-previdencia-jpg.webp","datePublished":"2019-06-24T14:26:14+00:00","description":"O presidente da Rep\u00fablica, Jair Bolsonaro, se encontrar\u00e1 na pr\u00f3xima sexta-feira (28), com o presidente da China. Para saber mais, clique aqui","breadcrumb":{"@id":"https:\/\/www.suno.com.br\/noticias\/bolsonaro-presidente-da-china-encontro-g20\/#breadcrumb"},"inLanguage":"pt-BR","potentialAction":[{"@type":"ReadAction","target":["https:\/\/www.suno.com.br\/noticias\/bolsonaro-presidente-da-china-encontro-g20\/"]}]},{"@type":"ImageObject","inLanguage":"pt-BR","@id":"https:\/\/www.suno.com.br\/noticias\/bolsonaro-presidente-da-china-encontro-g20\/#primaryimage","url":"https:\/\/files.sunoresearch.com.br\/n\/uploads\/2019\/01\/e8b4f92f-reforma-da-previdencia-jpg.webp","contentUrl":"https:\/\/files.sunoresearch.com.br\/n\/uploads\/2019\/01\/e8b4f92f-reforma-da-previdencia-jpg.webp","width":1140,"height":760,"caption":"Bolsonaro se encontrar\u00e1 com presidente da China antes do G20"},{"@type":"BreadcrumbList","@id":"https:\/\/www.suno.com.br\/noticias\/bolsonaro-presidente-da-china-encontro-g20\/#breadcrumb","itemListElement":[{"@type":"ListItem","position":1,"name":"Not\u00edcias","item":"https:\/\/www.suno.com.br\/noticias\/"},{"@type":"ListItem","position":2,"name":"Pol\u00edtica","item":"https:\/\/www.suno.com.br\/noticias\/politica\/"},{"@type":"ListItem","position":3,"name":"Bolsonaro se encontrar\u00e1 com presidente da China antes do G20"}]},{"@type":"WebSite","@id":"https:\/\/www.suno.com.br\/noticias\/#website","url":"https:\/\/www.suno.com.br\/noticias\/","name":"Suno Not\u00edcias","description":"Seu portal de informa\u00e7\u00e3o sobre o mundo dos investimentos","publisher":{"@id":"https:\/\/www.suno.com.br\/noticias\/#organization"},"potentialAction":[{"@type":"SearchAction","target":{"@type":"EntryPoint","urlTemplate":"https:\/\/www.suno.com.br\/noticias\/?s={search_term_string}"},"query-input":{"@type":"PropertyValueSpecification","valueRequired":true,"valueName":"search_term_string"}}],"inLanguage":"pt-BR"},{"@type":"Organization","@id":"https:\/\/www.suno.com.br\/noticias\/#organization","name":"Suno Not\u00edcias","url":"https:\/\/www.suno.com.br\/noticias\/","logo":{"@type":"ImageObject","inLanguage":"pt-BR","@id":"https:\/\/www.suno.com.br\/noticias\/#\/schema\/logo\/image\/","url":"https:\/\/files.sunoresearch.com.br\/n\/uploads\/2021\/09\/suno-logo.png","contentUrl":"https:\/\/files.sunoresearch.com.br\/n\/uploads\/2021\/09\/suno-logo.png","width":180,"height":180,"caption":"Suno Not\u00edcias"},"image":{"@id":"https:\/\/www.suno.com.br\/noticias\/#\/schema\/logo\/image\/"},"sameAs":["https:\/\/facebook.com\/sunoresearch","https:\/\/x.com\/sunoresearch","https:\/\/www.instagram.com\/suno","https:\/\/www.linkedin.com\/company\/suno-research\/","https:\/\/www.youtube.com\/c\/sunoresearch"]},{"@type":"Person","@id":"https:\/\/www.suno.com.br\/noticias\/#\/schema\/person\/02ec1f752758247878a2bf4abee1aeda","name":"Poliana Santos","image":{"@type":"ImageObject","inLanguage":"pt-BR","@id":"https:\/\/www.suno.com.br\/noticias\/#\/schema\/person\/image\/","url":"https:\/\/secure.gravatar.com\/avatar\/0645bd32f23d87b2130f2b2dff1d3f8d?s=96&r=g","contentUrl":"https:\/\/secure.gravatar.com\/avatar\/0645bd32f23d87b2130f2b2dff1d3f8d?s=96&r=g","caption":"Poliana Santos"},"description":"Rep\u00f3rter no Suno Not\u00edcias, com cobertura em mercado financeiro, economia, finan\u00e7as pessoais, renda fixa e varejo. Jornalista formada pela Faculdade C\u00e1sper L\u00edbero e possui passagem na R\u00e1dio Gazeta AM com a produ\u00e7\u00e3o de conte\u00fado sobre economia, pol\u00edtica, sa\u00fade, moda e m\u00fasica. Possui certificado de conclus\u00e3o do curso de An\u00e1lise de Balan\u00e7os pela Funda\u00e7\u00e3o Bradesco, Agenda Brasil pela FAAP, Educa\u00e7\u00e3o Pol\u00edtica por Alexandre Garcia e do Tesouro Direto e Mercado de A\u00e7\u00f5es pela B3.","url":"https:\/\/www.suno.com.br\/noticias\/author\/poliana-santos\/"}]}},"default_loop_html":"<div class=\"cardsPage__listCard__boxs\"><div class=\"cardsPage__listCard__boxs__img\"><a href=\"https:\/\/www.suno.com.br\/noticias\/bolsonaro-presidente-da-china-encontro-g20\/\"><img class=\"mask\" src=\"https:\/\/www.suno.com.br\/noticias\/wp-content\/themes\/suno\/resources\/images\/spotlight\/spotlight1img\/bg-mask.png\" alt=\"Image Mask\"\/><img src=\"https:\/\/files.sunoresearch.com.br\/n\/uploads\/2019\/01\/e8b4f92f-reforma-da-previdencia-400x200.webp\" alt=\"Bolsonaro se encontrar\u00e1 com presidente da China antes do G20\"\/><\/a><span class=\"spotlightCategory\"><a href=\"https:\/\/www.suno.com.br\/noticias\/politica\/\">Pol\u00edtica<\/a><\/span><\/div><div class=\"cardsPage__listCard__boxs__content\"><a href=\"https:\/\/www.suno.com.br\/noticias\/bolsonaro-presidente-da-china-encontro-g20\/\"><h2 class=\"content__title\">Bolsonaro se encontrar\u00e1 com presidente da China antes do G20<\/h2><\/a><div class=\"newsContent__article__meta\"><div class=\"newsContent__article__meta__authorBox\"><a href=\"https:\/\/www.suno.com.br\/noticias\/author\/poliana-santos\/\" class=\"authorBox__avatar noMobi\"><img src=\"https:\/\/files.sunoresearch.com.br\/n\/uploads\/2020\/08\/7ef34026-whatsapp-image-2020-08-03-at-12.37.57-150x150.webp\" alt=\"Poliana Santos\"><\/a><div class=\"authorBox__name\"><span>por\n\t\t\t<a href=\"https:\/\/www.suno.com.br\/noticias\/author\/poliana-santos\/\"><span itemprop=\"author\">Poliana Santos<\/span><\/a><\/span><time datetime=\"2019-06-24T11:26:14-03:00\" itemprop=\"datePublished\">24\/06\/2019 11:26<\/time><\/div><\/div><\/div><\/div><\/div>","single_layout":"posts","amp_enabled":true,"_links":{"self":[{"href":"https:\/\/www.suno.com.br\/noticias\/wp-json\/wp\/v2\/posts\/28932"}],"collection":[{"href":"https:\/\/www.suno.com.br\/noticias\/wp-json\/wp\/v2\/posts"}],"about":[{"href":"https:\/\/www.suno.com.br\/noticias\/wp-json\/wp\/v2\/types\/post"}],"author":[{"embeddable":true,"href":"https:\/\/www.suno.com.br\/noticias\/wp-json\/wp\/v2\/users\/15"}],"replies":[{"embeddable":true,"href":"https:\/\/www.suno.com.br\/noticias\/wp-json\/wp\/v2\/comments?post=28932"}],"version-history":[{"count":0,"href":"https:\/\/www.suno.com.br\/noticias\/wp-json\/wp\/v2\/posts\/28932\/revisions"}],"wp:featuredmedia":[{"embeddable":true,"href":"https:\/\/www.suno.com.br\/noticias\/wp-json\/wp\/v2\/media\/10269"}],"wp:attachment":[{"href":"https:\/\/www.suno.com.br\/noticias\/wp-json\/wp\/v2\/media?parent=28932"}],"wp:term":[{"taxonomy":"category","embeddable":true,"href":"https:\/\/www.suno.com.br\/noticias\/wp-json\/wp\/v2\/categories?post=28932"},{"taxonomy":"post_tag","embeddable":true,"href":"https:\/\/www.suno.com.br\/noticias\/wp-json\/wp\/v2\/tags?post=28932"},{"taxonomy":"suno_strategy","embeddable":true,"href":"https:\/\/www.suno.com.br\/noticias\/wp-json\/wp\/v2\/suno_strategy?post=28932"}],"curies":[{"name":"wp","href":"https:\/\/api.w.org\/{rel}","templated":true}]}}