{"id":28906,"date":"2019-06-23T15:01:53","date_gmt":"2019-06-23T18:01:53","guid":{"rendered":"https:\/\/www.suno.com.br\/noticias\/?p=28906"},"modified":"2019-06-23T15:01:53","modified_gmt":"2019-06-23T18:01:53","slug":"reforma-da-previdencia-definida-proximos-dias","status":"publish","type":"post","link":"https:\/\/www.suno.com.br\/noticias\/reforma-da-previdencia-definida-proximos-dias\/","title":{"rendered":"Reforma da Previd\u00eancia ser\u00e1 definida nos pr\u00f3ximos dias, diz relator"},"content":{"rendered":"<p>O relator da reforma da Previd\u00eancia na Comiss\u00e3o Especial da C\u00e2mara dos Deputados, Samuel Moreira, afirmou neste domingo (23) que o texto &#8220;ser\u00e1 definido nos pr\u00f3ximos dias e votado&#8221;.<\/p>\t<div class=\"wrapper-featured-image\">\n\t\t<figure class=\"spotlightImg\">\n\n\t\t\t<picture>\n\t\t\t\t<source media=\"(max-width: 768px)\" srcset=\"https:\/\/files.sunoresearch.com.br\/n\/uploads\/2019\/06\/87f1f24b-reforma-da-previd\u00eancia-400x200.webp\">\n\t\t\t\t<img loading=\"lazy\" decoding=\"async\" class=\"newsContent__article__imgCapa lazyloadDisabled newsContent__article__imgCapa--noCaption\" src=\"https:\/\/files.sunoresearch.com.br\/n\/uploads\/2019\/06\/87f1f24b-reforma-da-previd\u00eancia-800x450.webp\" width=\"800\" height=\"450\" alt=\"Reforma da Previd\u00eancia ser\u00e1 definida nos pr\u00f3ximos dias, diz relator\" fetchpriority=high \/>\n\t\t\t<\/picture>\n\n\t\t\t<figcaption class=\"wp-caption-text wp-caption-text--hide\">Reforma da Previd\u00eancia ser\u00e1 definida nos pr\u00f3ximos dias, diz relator<\/figcaption>\n\t\t<\/figure>\n\t<\/div>\n\n\n\t<p>\n\t\t<a href=\"https:\/\/lp.suno.com.br\/asset\/fundos\/suno-fiagro-snag11\/\" target=\"_blank\" data-element=\"shortcode-suno-banner\" title=\"Banner SUNO, clique e saiba mais\">\n\t\t\t<picture>\n\t\t\t\t<source media=\"(max-width: 500px)\" srcset=\"https:\/\/files.sunoresearch.com.br\/n\/uploads\/2024\/03\/400x300-Mobile-Artigos-1_SNAG.png\">\n\t\t\t\t<img class=\"newsContent__article__imgCapa newsContent__article__imgCapa--banner\"\n\t\t\t\t\tsrc=\"https:\/\/files.sunoresearch.com.br\/n\/uploads\/2024\/03\/1420x240-Banner-Artigos-1-_-Banner-Materias-1_SNAG.png\"\n\t\t\t\t\tdata-promo-id=\"364416\"\t\t\t\t\t\t\t\t\t\twidth='1420' height='240'\t\t\t\t\talt=\"https:\/\/files.sunoresearch.com.br\/n\/uploads\/2024\/03\/1420x240-Banner-Artigos-1-_-Banner-Materias-1_SNAG.png\"\n\t\t\t\t>\n\t\t\t<\/picture>\n\t\t<\/a>\n\t<\/p>\n\n\n<p>Al\u00e9m disso, Moreira afirma que o texto substitutivo da <strong>reforma<\/strong> <strong>da<\/strong>\u00a0<strong>Previd\u00eancia<\/strong> &#8220;p\u00f5e, sim, fim a privil\u00e9gios e tamb\u00e9m corrige distor\u00e7\u00f5es. N\u00e3o deixamos a conta da reforma para os mais pobres!&#8221;<\/p>\n<p class=\"twitter-tweet\" data-lang=\"pt\">\n<p dir=\"ltr\" lang=\"pt\">O texto do relat\u00f3rio ser\u00e1 definido nos pr\u00f3ximos dias e votado na comiss\u00e3o especial da reforma da previd\u00eancia.<br \/>\nO nosso substitutivo p\u00f5e, sim, fim a privil\u00e9gios e tamb\u00e9m corrige distor\u00e7\u00f5es. N\u00e3o deixamos a conta da reforma para os mais pobres !<a href=\"https:\/\/twitter.com\/hashtag\/semprivil%C3%A9gio?src=hash&amp;ref_src=twsrc%5Etfw\">#semprivil\u00e9gio<\/a> <a href=\"https:\/\/t.co\/RMw8mqYkx6\">pic.twitter.com\/RMw8mqYkx6<\/a><\/p>\n<p>\u2014 Samuel Moreira (@samuelmoreira) <a href=\"https:\/\/twitter.com\/samuelmoreira\/status\/1142813938201038855?ref_src=twsrc%5Etfw\">23 de junho de 2019<\/a><\/p>\n<p><script async src=\"https:\/\/platform.twitter.com\/widgets.js\" charset=\"utf-8\"><\/script><\/p>\n<p>Segundo o relator, o novo texto pro\u00edbe que servidores estaduais e municipais de cargos comissionadas recebam gratifica\u00e7\u00f5es. Ele afirma que que a medida trar\u00e1 &#8220;al\u00edvio enorme para as contas de Estados e munic\u00edpios&#8221;.<\/p>\n<h2>Economia do texto substitutivo<\/h2>\n<p>Em 13 de junho, na proposta apresentada a comiss\u00e3o especial da C\u00e2mara dos Deputados, o relator afirmou que o novo texto da\u00a0<strong>reforma<\/strong> da <strong>Previd\u00eancia<\/strong> dar\u00e1 uma economia de\u00a0R$ 913,4 bilh\u00f5es em dez anos.<\/p>\n<p><a href=\"https:\/\/www.suno.com.br\/noticias\/reforma-previdencia-economia-9134\/\">Saiba mais:\u00a0Reforma da previd\u00eancia ter\u00e1 economia de R$ 913,4 bi em dez anos<\/a><\/p>\n<p>Al\u00e9m disso,\u00a0ser\u00e1 realizada\u00a0uma receita extra de R$ 217 bilh\u00f5es em dez anos gra\u00e7as ao fim da transfer\u00eancia de recursos do Fundo de Amparo ao Trabalhador (FAT) para o<strong> <a href=\"https:\/\/www.suno.com.br\/artigos\/bndespar\/\">Banco Nacional de Desenvolvimento Econ\u00f4mico e Social (BNDES)<\/a>.<\/strong><\/p>\n<p>Dessa forma,\u00a0com a economia adicional, a <strong>Proposta de Emenda Constitucional (PEC)<\/strong> poder\u00e1 alcan\u00e7ar R$ 1,13 trilh\u00e3o.<\/p>\n<p>A vers\u00e3o original da reforma, enviada ao <strong>Congresso<\/strong> pelo governo do presidente <strong>Jair Bolsonaro<\/strong> em fevereiro, previa uma economia de R$ 1,2 trilh\u00e3o em dez anos.<\/p>\n\t<p>\n\t\t<a href=\"https:\/\/lp.suno.com.br\/asset\/fundos\/suno-fiagro-snag11\/\" target=\"_blank\" data-element=\"shortcode-suno-banner\" title=\"Banner SUNO, clique e saiba mais\">\n\t\t\t<picture>\n\t\t\t\t<source media=\"(max-width: 500px)\" srcset=\"https:\/\/files.sunoresearch.com.br\/n\/uploads\/2024\/03\/400x300-Mobile-Artigos-1_SNAG.png\">\n\t\t\t\t<img class=\"newsContent__article__imgCapa newsContent__article__imgCapa--banner\"\n\t\t\t\t\tsrc=\"https:\/\/files.sunoresearch.com.br\/n\/uploads\/2024\/03\/1420x240-Banner-Artigos-1-_-Banner-Materias-1_SNAG.png\"\n\t\t\t\t\tdata-promo-id=\"364416\"\t\t\t\t\t\t\t\t\t\twidth='1420' height='240'\t\t\t\t\talt=\"https:\/\/files.sunoresearch.com.br\/n\/uploads\/2024\/03\/1420x240-Banner-Artigos-1-_-Banner-Materias-1_SNAG.png\"\n\t\t\t\t>\n\t\t\t<\/picture>\n\t\t<\/a>\n\t<\/p>\n\n\n<p>O presidente da Comiss\u00e3o Especial, <strong>Marcelo<\/strong> <strong>Ramos<\/strong>, declarou na \u00faltima semana que acredita que o texto substitutivo da <strong>reforma<\/strong> <strong>da<\/strong> <strong>Previd\u00eancia<\/strong> ser\u00e1 votado nesta semana. Para a aprova\u00e7\u00e3o, a proposta precisa ter 25 dos 49 votos totais da sess\u00e3o.<\/p>\n","protected":false},"excerpt":{"rendered":"<p>O relator da reforma da Previd\u00eancia na Comiss\u00e3o Especial da C\u00e2mara dos Deputados, Samuel Moreira, afirmou neste domingo (23) que o texto &#8220;ser\u00e1 definido nos pr\u00f3ximos dias e votado&#8221;. Reforma da Previd\u00eancia ser\u00e1 definida nos pr\u00f3ximos dias, diz relator Al\u00e9m disso, Moreira afirma que o texto substitutivo da reforma da\u00a0Previd\u00eancia &#8220;p\u00f5e, sim, fim a privil\u00e9gios [&hellip;]<\/p>\n","protected":false},"author":11,"featured_media":28907,"comment_status":"closed","ping_status":"closed","sticky":false,"template":"","format":"standard","meta":[],"categories":[61],"tags":[940],"suno_strategy":[],"class_list":["post-28906","post","type-post","status-publish","format-standard","has-post-thumbnail","hentry","category-politica","tag-reforma-da-previdencia"],"yoast_head":"<!-- This site is optimized with the Yoast SEO plugin v24.4 - https:\/\/yoast.com\/wordpress\/plugins\/seo\/ -->\n<title>Reforma da Previd\u00eancia ser\u00e1 definida nos pr\u00f3ximos dias, diz relator<\/title>\n<meta name=\"description\" content=\"Moreira afirma que a reforma da Previd\u00eancia tamb\u00e9m ser\u00e1 votada nesta semana e colocar\u00e1 fim a alguns privil\u00e9gios. Clique para saber mais.\" \/>\n<meta name=\"robots\" content=\"index, follow, max-snippet:-1, max-image-preview:large, max-video-preview:-1\" \/>\n<link rel=\"canonical\" href=\"https:\/\/www.suno.com.br\/noticias\/reforma-da-previdencia-definida-proximos-dias\/\" \/>\n<meta property=\"og:locale\" content=\"pt_BR\" \/>\n<meta property=\"og:type\" content=\"article\" \/>\n<meta property=\"og:title\" content=\"Reforma da Previd\u00eancia ser\u00e1 definida nos pr\u00f3ximos dias, diz relator\" \/>\n<meta property=\"og:description\" content=\"Moreira afirma que a reforma da Previd\u00eancia tamb\u00e9m ser\u00e1 votada nesta semana e colocar\u00e1 fim a alguns privil\u00e9gios. Clique para saber mais.\" \/>\n<meta property=\"og:url\" content=\"https:\/\/www.suno.com.br\/noticias\/reforma-da-previdencia-definida-proximos-dias\/\" \/>\n<meta property=\"og:site_name\" content=\"Suno Not\u00edcias\" \/>\n<meta property=\"article:publisher\" content=\"https:\/\/facebook.com\/sunoresearch\" \/>\n<meta property=\"og:image\" content=\"https:\/\/files.sunoresearch.com.br\/n\/uploads\/2019\/06\/87f1f24b-reforma-da-previd\u00eancia.jpg\" \/>\n\t<meta property=\"og:image:width\" content=\"1140\" \/>\n\t<meta property=\"og:image:height\" content=\"760\" \/>\n\t<meta property=\"og:image:type\" content=\"image\/jpeg\" \/>\n<meta name=\"author\" content=\"Renan Bandeira\" \/>\n<meta name=\"twitter:card\" content=\"summary_large_image\" \/>\n<meta name=\"twitter:creator\" content=\"@sunoresearch\" \/>\n<meta name=\"twitter:site\" content=\"@sunoresearch\" \/>\n<meta name=\"twitter:label1\" content=\"Escrito por\" \/>\n\t<meta name=\"twitter:data1\" content=\"Renan Bandeira\" \/>\n\t<meta name=\"twitter:label2\" content=\"Est. tempo de leitura\" \/>\n\t<meta name=\"twitter:data2\" content=\"2 minutos\" \/>\n<script type=\"application\/ld+json\" class=\"yoast-schema-graph\">{\"@context\":\"https:\/\/schema.org\",\"@graph\":[{\"@type\":\"NewsArticle\",\"@id\":\"https:\/\/www.suno.com.br\/noticias\/reforma-da-previdencia-definida-proximos-dias\/#article\",\"isPartOf\":{\"@id\":\"https:\/\/www.suno.com.br\/noticias\/reforma-da-previdencia-definida-proximos-dias\/\"},\"author\":{\"name\":\"Renan Bandeira\",\"@id\":\"https:\/\/www.suno.com.br\/noticias\/#\/schema\/person\/fc144a1c6108bd1dcd43784e88a3c138\"},\"headline\":\"Reforma da Previd\u00eancia ser\u00e1 definida nos pr\u00f3ximos dias, diz relator\",\"datePublished\":\"2019-06-23T18:01:53+00:00\",\"mainEntityOfPage\":{\"@id\":\"https:\/\/www.suno.com.br\/noticias\/reforma-da-previdencia-definida-proximos-dias\/\"},\"wordCount\":370,\"publisher\":{\"@id\":\"https:\/\/www.suno.com.br\/noticias\/#organization\"},\"image\":{\"@id\":\"https:\/\/www.suno.com.br\/noticias\/reforma-da-previdencia-definida-proximos-dias\/#primaryimage\"},\"thumbnailUrl\":\"https:\/\/files.sunoresearch.com.br\/n\/uploads\/2019\/06\/87f1f24b-reforma-da-previd\u00eancia-jpg.webp\",\"keywords\":[\"Reforma da Previd\u00eancia\"],\"articleSection\":[\"Pol\u00edtica\"],\"inLanguage\":\"pt-BR\"},{\"@type\":\"WebPage\",\"@id\":\"https:\/\/www.suno.com.br\/noticias\/reforma-da-previdencia-definida-proximos-dias\/\",\"url\":\"https:\/\/www.suno.com.br\/noticias\/reforma-da-previdencia-definida-proximos-dias\/\",\"name\":\"Reforma da Previd\u00eancia ser\u00e1 definida nos pr\u00f3ximos dias, diz relator\",\"isPartOf\":{\"@id\":\"https:\/\/www.suno.com.br\/noticias\/#website\"},\"primaryImageOfPage\":{\"@id\":\"https:\/\/www.suno.com.br\/noticias\/reforma-da-previdencia-definida-proximos-dias\/#primaryimage\"},\"image\":{\"@id\":\"https:\/\/www.suno.com.br\/noticias\/reforma-da-previdencia-definida-proximos-dias\/#primaryimage\"},\"thumbnailUrl\":\"https:\/\/files.sunoresearch.com.br\/n\/uploads\/2019\/06\/87f1f24b-reforma-da-previd\u00eancia-jpg.webp\",\"datePublished\":\"2019-06-23T18:01:53+00:00\",\"description\":\"Moreira afirma que a reforma da Previd\u00eancia tamb\u00e9m ser\u00e1 votada nesta semana e colocar\u00e1 fim a alguns privil\u00e9gios. Clique para saber mais.\",\"breadcrumb\":{\"@id\":\"https:\/\/www.suno.com.br\/noticias\/reforma-da-previdencia-definida-proximos-dias\/#breadcrumb\"},\"inLanguage\":\"pt-BR\",\"potentialAction\":[{\"@type\":\"ReadAction\",\"target\":[\"https:\/\/www.suno.com.br\/noticias\/reforma-da-previdencia-definida-proximos-dias\/\"]}]},{\"@type\":\"ImageObject\",\"inLanguage\":\"pt-BR\",\"@id\":\"https:\/\/www.suno.com.br\/noticias\/reforma-da-previdencia-definida-proximos-dias\/#primaryimage\",\"url\":\"https:\/\/files.sunoresearch.com.br\/n\/uploads\/2019\/06\/87f1f24b-reforma-da-previd\u00eancia-jpg.webp\",\"contentUrl\":\"https:\/\/files.sunoresearch.com.br\/n\/uploads\/2019\/06\/87f1f24b-reforma-da-previd\u00eancia-jpg.webp\",\"width\":1140,\"height\":760,\"caption\":\"Reforma da Previd\u00eancia ser\u00e1 definida nos pr\u00f3ximos dias, diz relator\"},{\"@type\":\"BreadcrumbList\",\"@id\":\"https:\/\/www.suno.com.br\/noticias\/reforma-da-previdencia-definida-proximos-dias\/#breadcrumb\",\"itemListElement\":[{\"@type\":\"ListItem\",\"position\":1,\"name\":\"Not\u00edcias\",\"item\":\"https:\/\/www.suno.com.br\/noticias\/\"},{\"@type\":\"ListItem\",\"position\":2,\"name\":\"Pol\u00edtica\",\"item\":\"https:\/\/www.suno.com.br\/noticias\/politica\/\"},{\"@type\":\"ListItem\",\"position\":3,\"name\":\"Reforma da Previd\u00eancia ser\u00e1 definida nos pr\u00f3ximos dias, diz relator\"}]},{\"@type\":\"WebSite\",\"@id\":\"https:\/\/www.suno.com.br\/noticias\/#website\",\"url\":\"https:\/\/www.suno.com.br\/noticias\/\",\"name\":\"Suno Not\u00edcias\",\"description\":\"Seu portal de informa\u00e7\u00e3o sobre o mundo dos investimentos\",\"publisher\":{\"@id\":\"https:\/\/www.suno.com.br\/noticias\/#organization\"},\"potentialAction\":[{\"@type\":\"SearchAction\",\"target\":{\"@type\":\"EntryPoint\",\"urlTemplate\":\"https:\/\/www.suno.com.br\/noticias\/?s={search_term_string}\"},\"query-input\":{\"@type\":\"PropertyValueSpecification\",\"valueRequired\":true,\"valueName\":\"search_term_string\"}}],\"inLanguage\":\"pt-BR\"},{\"@type\":\"Organization\",\"@id\":\"https:\/\/www.suno.com.br\/noticias\/#organization\",\"name\":\"Suno Not\u00edcias\",\"url\":\"https:\/\/www.suno.com.br\/noticias\/\",\"logo\":{\"@type\":\"ImageObject\",\"inLanguage\":\"pt-BR\",\"@id\":\"https:\/\/www.suno.com.br\/noticias\/#\/schema\/logo\/image\/\",\"url\":\"https:\/\/files.sunoresearch.com.br\/n\/uploads\/2021\/09\/suno-logo.png\",\"contentUrl\":\"https:\/\/files.sunoresearch.com.br\/n\/uploads\/2021\/09\/suno-logo.png\",\"width\":180,\"height\":180,\"caption\":\"Suno Not\u00edcias\"},\"image\":{\"@id\":\"https:\/\/www.suno.com.br\/noticias\/#\/schema\/logo\/image\/\"},\"sameAs\":[\"https:\/\/facebook.com\/sunoresearch\",\"https:\/\/x.com\/sunoresearch\",\"https:\/\/www.instagram.com\/suno\",\"https:\/\/www.linkedin.com\/company\/suno-research\/\",\"https:\/\/www.youtube.com\/c\/sunoresearch\"]},{\"@type\":\"Person\",\"@id\":\"https:\/\/www.suno.com.br\/noticias\/#\/schema\/person\/fc144a1c6108bd1dcd43784e88a3c138\",\"name\":\"Renan Bandeira\",\"image\":{\"@type\":\"ImageObject\",\"inLanguage\":\"pt-BR\",\"@id\":\"https:\/\/www.suno.com.br\/noticias\/#\/schema\/person\/image\/\",\"url\":\"https:\/\/secure.gravatar.com\/avatar\/68359cdb608f14f11bbefcb78f3fc747?s=96&r=g\",\"contentUrl\":\"https:\/\/secure.gravatar.com\/avatar\/68359cdb608f14f11bbefcb78f3fc747?s=96&r=g\",\"caption\":\"Renan Bandeira\"},\"description\":\"Renan Bandeira escreve sobre pol\u00edtica e economia para o portal da Suno Research. Antes da Suno, trabalhou em uma rede de televis\u00e3o, onde fazia reportagens sobre os mesmos temas. Estuda na Universidade Metodista de S\u00e3o Paulo.\",\"url\":\"https:\/\/www.suno.com.br\/noticias\/author\/renan-bandeira\/\"}]}<\/script>\n<!-- \/ Yoast SEO plugin. -->","yoast_head_json":{"title":"Reforma da Previd\u00eancia ser\u00e1 definida nos pr\u00f3ximos dias, diz relator","description":"Moreira afirma que a reforma da Previd\u00eancia tamb\u00e9m ser\u00e1 votada nesta semana e colocar\u00e1 fim a alguns privil\u00e9gios. Clique para saber mais.","robots":{"index":"index","follow":"follow","max-snippet":"max-snippet:-1","max-image-preview":"max-image-preview:large","max-video-preview":"max-video-preview:-1"},"canonical":"https:\/\/www.suno.com.br\/noticias\/reforma-da-previdencia-definida-proximos-dias\/","og_locale":"pt_BR","og_type":"article","og_title":"Reforma da Previd\u00eancia ser\u00e1 definida nos pr\u00f3ximos dias, diz relator","og_description":"Moreira afirma que a reforma da Previd\u00eancia tamb\u00e9m ser\u00e1 votada nesta semana e colocar\u00e1 fim a alguns privil\u00e9gios. Clique para saber mais.","og_url":"https:\/\/www.suno.com.br\/noticias\/reforma-da-previdencia-definida-proximos-dias\/","og_site_name":"Suno Not\u00edcias","article_publisher":"https:\/\/facebook.com\/sunoresearch","og_image":[{"width":1140,"height":760,"url":"https:\/\/files.sunoresearch.com.br\/n\/uploads\/2019\/06\/87f1f24b-reforma-da-previd\u00eancia.jpg","type":"image\/jpeg"}],"author":"Renan Bandeira","twitter_card":"summary_large_image","twitter_creator":"@sunoresearch","twitter_site":"@sunoresearch","twitter_misc":{"Escrito por":"Renan Bandeira","Est. tempo de leitura":"2 minutos"},"schema":{"@context":"https:\/\/schema.org","@graph":[{"@type":"NewsArticle","@id":"https:\/\/www.suno.com.br\/noticias\/reforma-da-previdencia-definida-proximos-dias\/#article","isPartOf":{"@id":"https:\/\/www.suno.com.br\/noticias\/reforma-da-previdencia-definida-proximos-dias\/"},"author":{"name":"Renan Bandeira","@id":"https:\/\/www.suno.com.br\/noticias\/#\/schema\/person\/fc144a1c6108bd1dcd43784e88a3c138"},"headline":"Reforma da Previd\u00eancia ser\u00e1 definida nos pr\u00f3ximos dias, diz relator","datePublished":"2019-06-23T18:01:53+00:00","mainEntityOfPage":{"@id":"https:\/\/www.suno.com.br\/noticias\/reforma-da-previdencia-definida-proximos-dias\/"},"wordCount":370,"publisher":{"@id":"https:\/\/www.suno.com.br\/noticias\/#organization"},"image":{"@id":"https:\/\/www.suno.com.br\/noticias\/reforma-da-previdencia-definida-proximos-dias\/#primaryimage"},"thumbnailUrl":"https:\/\/files.sunoresearch.com.br\/n\/uploads\/2019\/06\/87f1f24b-reforma-da-previd\u00eancia-jpg.webp","keywords":["Reforma da Previd\u00eancia"],"articleSection":["Pol\u00edtica"],"inLanguage":"pt-BR"},{"@type":"WebPage","@id":"https:\/\/www.suno.com.br\/noticias\/reforma-da-previdencia-definida-proximos-dias\/","url":"https:\/\/www.suno.com.br\/noticias\/reforma-da-previdencia-definida-proximos-dias\/","name":"Reforma da Previd\u00eancia ser\u00e1 definida nos pr\u00f3ximos dias, diz relator","isPartOf":{"@id":"https:\/\/www.suno.com.br\/noticias\/#website"},"primaryImageOfPage":{"@id":"https:\/\/www.suno.com.br\/noticias\/reforma-da-previdencia-definida-proximos-dias\/#primaryimage"},"image":{"@id":"https:\/\/www.suno.com.br\/noticias\/reforma-da-previdencia-definida-proximos-dias\/#primaryimage"},"thumbnailUrl":"https:\/\/files.sunoresearch.com.br\/n\/uploads\/2019\/06\/87f1f24b-reforma-da-previd\u00eancia-jpg.webp","datePublished":"2019-06-23T18:01:53+00:00","description":"Moreira afirma que a reforma da Previd\u00eancia tamb\u00e9m ser\u00e1 votada nesta semana e colocar\u00e1 fim a alguns privil\u00e9gios. Clique para saber mais.","breadcrumb":{"@id":"https:\/\/www.suno.com.br\/noticias\/reforma-da-previdencia-definida-proximos-dias\/#breadcrumb"},"inLanguage":"pt-BR","potentialAction":[{"@type":"ReadAction","target":["https:\/\/www.suno.com.br\/noticias\/reforma-da-previdencia-definida-proximos-dias\/"]}]},{"@type":"ImageObject","inLanguage":"pt-BR","@id":"https:\/\/www.suno.com.br\/noticias\/reforma-da-previdencia-definida-proximos-dias\/#primaryimage","url":"https:\/\/files.sunoresearch.com.br\/n\/uploads\/2019\/06\/87f1f24b-reforma-da-previd\u00eancia-jpg.webp","contentUrl":"https:\/\/files.sunoresearch.com.br\/n\/uploads\/2019\/06\/87f1f24b-reforma-da-previd\u00eancia-jpg.webp","width":1140,"height":760,"caption":"Reforma da Previd\u00eancia ser\u00e1 definida nos pr\u00f3ximos dias, diz relator"},{"@type":"BreadcrumbList","@id":"https:\/\/www.suno.com.br\/noticias\/reforma-da-previdencia-definida-proximos-dias\/#breadcrumb","itemListElement":[{"@type":"ListItem","position":1,"name":"Not\u00edcias","item":"https:\/\/www.suno.com.br\/noticias\/"},{"@type":"ListItem","position":2,"name":"Pol\u00edtica","item":"https:\/\/www.suno.com.br\/noticias\/politica\/"},{"@type":"ListItem","position":3,"name":"Reforma da Previd\u00eancia ser\u00e1 definida nos pr\u00f3ximos dias, diz relator"}]},{"@type":"WebSite","@id":"https:\/\/www.suno.com.br\/noticias\/#website","url":"https:\/\/www.suno.com.br\/noticias\/","name":"Suno Not\u00edcias","description":"Seu portal de informa\u00e7\u00e3o sobre o mundo dos investimentos","publisher":{"@id":"https:\/\/www.suno.com.br\/noticias\/#organization"},"potentialAction":[{"@type":"SearchAction","target":{"@type":"EntryPoint","urlTemplate":"https:\/\/www.suno.com.br\/noticias\/?s={search_term_string}"},"query-input":{"@type":"PropertyValueSpecification","valueRequired":true,"valueName":"search_term_string"}}],"inLanguage":"pt-BR"},{"@type":"Organization","@id":"https:\/\/www.suno.com.br\/noticias\/#organization","name":"Suno Not\u00edcias","url":"https:\/\/www.suno.com.br\/noticias\/","logo":{"@type":"ImageObject","inLanguage":"pt-BR","@id":"https:\/\/www.suno.com.br\/noticias\/#\/schema\/logo\/image\/","url":"https:\/\/files.sunoresearch.com.br\/n\/uploads\/2021\/09\/suno-logo.png","contentUrl":"https:\/\/files.sunoresearch.com.br\/n\/uploads\/2021\/09\/suno-logo.png","width":180,"height":180,"caption":"Suno Not\u00edcias"},"image":{"@id":"https:\/\/www.suno.com.br\/noticias\/#\/schema\/logo\/image\/"},"sameAs":["https:\/\/facebook.com\/sunoresearch","https:\/\/x.com\/sunoresearch","https:\/\/www.instagram.com\/suno","https:\/\/www.linkedin.com\/company\/suno-research\/","https:\/\/www.youtube.com\/c\/sunoresearch"]},{"@type":"Person","@id":"https:\/\/www.suno.com.br\/noticias\/#\/schema\/person\/fc144a1c6108bd1dcd43784e88a3c138","name":"Renan Bandeira","image":{"@type":"ImageObject","inLanguage":"pt-BR","@id":"https:\/\/www.suno.com.br\/noticias\/#\/schema\/person\/image\/","url":"https:\/\/secure.gravatar.com\/avatar\/68359cdb608f14f11bbefcb78f3fc747?s=96&r=g","contentUrl":"https:\/\/secure.gravatar.com\/avatar\/68359cdb608f14f11bbefcb78f3fc747?s=96&r=g","caption":"Renan Bandeira"},"description":"Renan Bandeira escreve sobre pol\u00edtica e economia para o portal da Suno Research. Antes da Suno, trabalhou em uma rede de televis\u00e3o, onde fazia reportagens sobre os mesmos temas. Estuda na Universidade Metodista de S\u00e3o Paulo.","url":"https:\/\/www.suno.com.br\/noticias\/author\/renan-bandeira\/"}]}},"default_loop_html":"<div class=\"cardsPage__listCard__boxs\"><div class=\"cardsPage__listCard__boxs__img\"><a href=\"https:\/\/www.suno.com.br\/noticias\/reforma-da-previdencia-definida-proximos-dias\/\"><img class=\"mask\" src=\"https:\/\/www.suno.com.br\/noticias\/wp-content\/themes\/suno\/resources\/images\/spotlight\/spotlight1img\/bg-mask.png\" alt=\"Image Mask\"\/><img src=\"https:\/\/files.sunoresearch.com.br\/n\/uploads\/2019\/06\/87f1f24b-reforma-da-previd\u00eancia-400x200.webp\" alt=\"Reforma da Previd\u00eancia ser\u00e1 definida nos pr\u00f3ximos dias, diz relator\"\/><\/a><span class=\"spotlightCategory\"><a href=\"https:\/\/www.suno.com.br\/noticias\/politica\/\">Pol\u00edtica<\/a><\/span><\/div><div class=\"cardsPage__listCard__boxs__content\"><a href=\"https:\/\/www.suno.com.br\/noticias\/reforma-da-previdencia-definida-proximos-dias\/\"><h2 class=\"content__title\">Reforma da Previd\u00eancia ser\u00e1 definida nos pr\u00f3ximos dias, diz relator<\/h2><\/a><div class=\"newsContent__article__meta\"><div class=\"newsContent__article__meta__authorBox\"><a href=\"https:\/\/www.suno.com.br\/noticias\/author\/renan-bandeira\/\" class=\"authorBox__avatar noMobi\"><img src=\"https:\/\/secure.gravatar.com\/avatar\/68359cdb608f14f11bbefcb78f3fc747?s=96&#038;r=g\" alt=\"Renan Bandeira\"><\/a><div class=\"authorBox__name\"><span>por\n\t\t\t<a href=\"https:\/\/www.suno.com.br\/noticias\/author\/renan-bandeira\/\"><span itemprop=\"author\">Renan Bandeira<\/span><\/a><\/span><time datetime=\"2019-06-23T15:01:53-03:00\" itemprop=\"datePublished\">23\/06\/2019 15:01<\/time><\/div><\/div><\/div><\/div><\/div>","single_layout":"posts","amp_enabled":true,"_links":{"self":[{"href":"https:\/\/www.suno.com.br\/noticias\/wp-json\/wp\/v2\/posts\/28906"}],"collection":[{"href":"https:\/\/www.suno.com.br\/noticias\/wp-json\/wp\/v2\/posts"}],"about":[{"href":"https:\/\/www.suno.com.br\/noticias\/wp-json\/wp\/v2\/types\/post"}],"author":[{"embeddable":true,"href":"https:\/\/www.suno.com.br\/noticias\/wp-json\/wp\/v2\/users\/11"}],"replies":[{"embeddable":true,"href":"https:\/\/www.suno.com.br\/noticias\/wp-json\/wp\/v2\/comments?post=28906"}],"version-history":[{"count":0,"href":"https:\/\/www.suno.com.br\/noticias\/wp-json\/wp\/v2\/posts\/28906\/revisions"}],"wp:featuredmedia":[{"embeddable":true,"href":"https:\/\/www.suno.com.br\/noticias\/wp-json\/wp\/v2\/media\/28907"}],"wp:attachment":[{"href":"https:\/\/www.suno.com.br\/noticias\/wp-json\/wp\/v2\/media?parent=28906"}],"wp:term":[{"taxonomy":"category","embeddable":true,"href":"https:\/\/www.suno.com.br\/noticias\/wp-json\/wp\/v2\/categories?post=28906"},{"taxonomy":"post_tag","embeddable":true,"href":"https:\/\/www.suno.com.br\/noticias\/wp-json\/wp\/v2\/tags?post=28906"},{"taxonomy":"suno_strategy","embeddable":true,"href":"https:\/\/www.suno.com.br\/noticias\/wp-json\/wp\/v2\/suno_strategy?post=28906"}],"curies":[{"name":"wp","href":"https:\/\/api.w.org\/{rel}","templated":true}]}}