{"id":28902,"date":"2019-06-23T13:08:23","date_gmt":"2019-06-23T16:08:23","guid":{"rendered":"https:\/\/www.suno.com.br\/noticias\/?p=28902"},"modified":"2019-06-23T13:08:23","modified_gmt":"2019-06-23T16:08:23","slug":"vale-deslocamento-talude-mina","status":"publish","type":"post","link":"https:\/\/www.suno.com.br\/noticias\/vale-deslocamento-talude-mina\/","title":{"rendered":"Vale: Deslocamento do talude da mina de Gongo Soco \u00e9 de 51 cm\/dia"},"content":{"rendered":"<p>O talude norte da mina de Gongo Soco, da Vale, em Bar\u00e3o de Cocais, registrou um deslocamento de 51,8 cent\u00edmetros por dia neste domingo (23), segundo o Corpo de Bombeiros de Minas Gerais.<\/p>\t<div class=\"wrapper-featured-image\">\n\t\t<figure class=\"spotlightImg\">\n\n\t\t\t<picture>\n\t\t\t\t<source media=\"(max-width: 768px)\" srcset=\"https:\/\/files.sunoresearch.com.br\/n\/uploads\/2019\/05\/2deb5387-vale-e1559314192166-400x200.webp\">\n\t\t\t\t<img loading=\"lazy\" decoding=\"async\" class=\"newsContent__article__imgCapa lazyloadDisabled newsContent__article__imgCapa--noCaption\" src=\"https:\/\/files.sunoresearch.com.br\/n\/uploads\/2019\/05\/2deb5387-vale-e1559314192166-800x450.webp\" width=\"800\" height=\"450\" alt=\"Vale: Deslocamento do talude da mina de Gongo Soco \u00e9 de 51 cm\/dia\" fetchpriority=high \/>\n\t\t\t<\/picture>\n\n\t\t\t<figcaption class=\"wp-caption-text wp-caption-text--hide\">Vale: Deslocamento do talude da mina de Gongo Soco \u00e9 de 51 cm\/dia<\/figcaption>\n\t\t<\/figure>\n\t<\/div>\n\n\n<p>No \u00faltimo domingo (16), a movimenta\u00e7\u00e3o do <strong>talude<\/strong> da mina da <strong>Vale<\/strong> bateu o recorde de movimenta\u00e7\u00e3o se deslocando 56 cent\u00edmetros por dia. A estrutura come\u00e7ou a se movimentar em 2012, mas a velocidade de deslocamento era de 10 cent\u00edmetros por ano.<\/p>\n\t<p>\n\t\t<a href=\"https:\/\/lp.suno.com.br\/ao\/sessao-estrategica-consultoria-c\/?utm_source=suno-noticias&#038;utm_medium=banner&#038;utm_campaing=dolar-cair-juros\" target=\"_blank\" data-element=\"shortcode-suno-banner\" title=\"Banner SUNO, clique e saiba mais\">\n\t\t\t<picture>\n\t\t\t\t<source media=\"(max-width: 500px)\" srcset=\"https:\/\/files.sunoresearch.com.br\/n\/uploads\/2025\/09\/300x400.webp\">\n\t\t\t\t<img class=\"newsContent__article__imgCapa newsContent__article__imgCapa--banner\"\n\t\t\t\t\tsrc=\"https:\/\/files.sunoresearch.com.br\/n\/uploads\/2025\/09\/SN-DT-1420x240-1.webp\"\n\t\t\t\t\tdata-promo-id=\"624946\"\t\t\t\t\t\t\t\t\t\twidth='1420' height='240'\t\t\t\t\talt=\"https:\/\/files.sunoresearch.com.br\/n\/uploads\/2025\/09\/SN-DT-1420x240-1.webp\"\n\t\t\t\t>\n\t\t\t<\/picture>\n\t\t<\/a>\n\t<\/p>\n\n\n<p>Em maio deste ano, um bloco de 600 m\u00b2, se desprendeu da estrutura e foi para o fundo da <strong>cava<\/strong> gerando grande tens\u00e3o e deixando a regi\u00e3o em alerta m\u00e1ximo sobre um poss\u00edvel rompimento. No entanto, a movimenta\u00e7\u00e3o do peda\u00e7o n\u00e3o afetou a estrutura a <strong>mina<\/strong> <strong>da<\/strong> <strong>Vale<\/strong>.<\/p>\n<p>A estrutura segue deslizando para a cava da mina mantendo a cidade de<strong> Bar\u00e3o de Cocais<\/strong> em alerta. O temor \u00e9 de que rompimento do talude norte gere um efeito cascata, criando uma sobrecarga na <strong>barragem Sul Superior<\/strong> levando-a ao rompimento tamb\u00e9m.<\/p>\n<p><a href=\"https:\/\/www.suno.com.br\/noticias\/vale-operacoes-brucutu-retomadas\/\">Saiba mais:\u00a0Vale diz que opera\u00e7\u00f5es em Brucutu (MG) foram integralmente retomadas<\/a><\/p>\n<h2>Poss\u00edvel rompimento<\/h2>\n<p>No \u00faltimo m\u00eas, a <strong>Defesa Civil de Minas Gerais<\/strong> havia informado que com a movimenta\u00e7\u00e3o do talude o rompimento iria acontecer entre 19 e 25 de maio. No entanto, com o erro da estimativa a regi\u00e3o segue em alerta h\u00e1 mais de um m\u00eas.<\/p>\n<p>A <strong>mina de Gogo Soco<\/strong> est\u00e1 sem operar desde 2016. Al\u00e9m disso, a barragem Sul Superior \u00e9 uma das dez que a <strong>Vale<\/strong> pretende eliminar.<\/p>\n<p>A estrutura da mina \u00e9 do tipo alteamento montante, considerado ultrapassado e menos seguro que os novos m\u00e9todos de conten\u00e7\u00e3o. Esse \u00e9 o mesmo m\u00e9todo das barragens de <strong>Mariana<\/strong> e <strong>Brumadinho<\/strong>, que foram rompidas e novembro de 2015 e janeiro de 2019, respectivamente.<\/p>\n\t<p>\n\t\t<a href=\"https:\/\/www.suno.com.br\/asset\/fundos\/suno-acoes-xp-seg-prev\/\" target=\"_blank\" data-element=\"shortcode-suno-banner\" title=\"Banner SUNO, clique e saiba mais\">\n\t\t\t<picture>\n\t\t\t\t<source media=\"(max-width: 500px)\" srcset=\"https:\/\/files.sunoresearch.com.br\/n\/uploads\/2023\/10\/SUNOPREV-v2-400x300-Mobile-Artigos-3.png\">\n\t\t\t\t<img class=\"newsContent__article__imgCapa newsContent__article__imgCapa--banner\"\n\t\t\t\t\tsrc=\"https:\/\/files.sunoresearch.com.br\/n\/uploads\/2023\/10\/SUNOPREV-v2-1420x240-Banner-Artigos-1-_-Banner-Materias-1.png\"\n\t\t\t\t\tdata-promo-id=\"476311\"\t\t\t\t\t\t\t\t\t\twidth='1420' height='240'\t\t\t\t\talt=\"https:\/\/files.sunoresearch.com.br\/n\/uploads\/2023\/10\/SUNOPREV-v2-1420x240-Banner-Artigos-1-_-Banner-Materias-1.png\"\n\t\t\t\t>\n\t\t\t<\/picture>\n\t\t<\/a>\n\t<\/p>\n\n\n<p>No \u00faltimo domingo, a <strong>Vale<\/strong> afirmou que\u00a0at\u00e9 o momento o deslizamento gradual da <strong>estrutura<\/strong> <strong>da<\/strong> <strong>mina<\/strong> &#8220;corrobora as estimativas de que o desprendimento do talude dever\u00e1 ocorrer sem maiores consequ\u00eancias&#8221;.<\/p>\n","protected":false},"excerpt":{"rendered":"<p>O talude norte da mina de Gongo Soco, da Vale, em Bar\u00e3o de Cocais, registrou um deslocamento de 51,8 cent\u00edmetros por dia neste domingo (23), segundo o Corpo de Bombeiros de Minas Gerais. Vale: Deslocamento do talude da mina de Gongo Soco \u00e9 de 51 cm\/dia No \u00faltimo domingo (16), a movimenta\u00e7\u00e3o do talude da [&hellip;]<\/p>\n","protected":false},"author":11,"featured_media":26757,"comment_status":"closed","ping_status":"closed","sticky":false,"template":"","format":"standard","meta":[],"categories":[64],"tags":[676],"suno_strategy":[],"class_list":["post-28902","post","type-post","status-publish","format-standard","has-post-thumbnail","hentry","category-negocios","tag-vale-vale3"],"yoast_head":"<!-- This site is optimized with the Yoast SEO plugin v24.4 - https:\/\/yoast.com\/wordpress\/plugins\/seo\/ -->\n<title>Vale: Deslocamento do talude da mina de Gongo Soco \u00e9 de 51 cm\/dia<\/title>\n<meta name=\"description\" content=\"No domingo (16), a movimenta\u00e7\u00e3o do talude da mina da Vale bateu o recorde de movimenta\u00e7\u00e3o se deslocando 56 cm\/dia. Clique e saiba disso.\" \/>\n<meta name=\"robots\" content=\"index, follow, max-snippet:-1, max-image-preview:large, max-video-preview:-1\" \/>\n<link rel=\"canonical\" href=\"https:\/\/www.suno.com.br\/noticias\/vale-deslocamento-talude-mina\/\" \/>\n<meta property=\"og:locale\" content=\"pt_BR\" \/>\n<meta property=\"og:type\" content=\"article\" \/>\n<meta property=\"og:title\" content=\"Vale: Deslocamento do talude da mina de Gongo Soco \u00e9 de 51 cm\/dia\" \/>\n<meta property=\"og:description\" content=\"No domingo (16), a movimenta\u00e7\u00e3o do talude da mina da Vale bateu o recorde de movimenta\u00e7\u00e3o se deslocando 56 cm\/dia. Clique e saiba disso.\" \/>\n<meta property=\"og:url\" content=\"https:\/\/www.suno.com.br\/noticias\/vale-deslocamento-talude-mina\/\" \/>\n<meta property=\"og:site_name\" content=\"Suno Not\u00edcias\" \/>\n<meta property=\"article:publisher\" content=\"https:\/\/facebook.com\/sunoresearch\" \/>\n<meta property=\"og:image\" content=\"https:\/\/files.sunoresearch.com.br\/n\/uploads\/2019\/05\/2deb5387-vale-e1559314192166.jpg\" \/>\n\t<meta property=\"og:image:width\" content=\"906\" \/>\n\t<meta property=\"og:image:height\" content=\"487\" \/>\n\t<meta property=\"og:image:type\" content=\"image\/jpeg\" \/>\n<meta name=\"author\" content=\"Renan Bandeira\" \/>\n<meta name=\"twitter:card\" content=\"summary_large_image\" \/>\n<meta name=\"twitter:creator\" content=\"@sunoresearch\" \/>\n<meta name=\"twitter:site\" content=\"@sunoresearch\" \/>\n<meta name=\"twitter:label1\" content=\"Escrito por\" \/>\n\t<meta name=\"twitter:data1\" content=\"Renan Bandeira\" \/>\n\t<meta name=\"twitter:label2\" content=\"Est. tempo de leitura\" \/>\n\t<meta name=\"twitter:data2\" content=\"2 minutos\" \/>\n<script type=\"application\/ld+json\" class=\"yoast-schema-graph\">{\"@context\":\"https:\/\/schema.org\",\"@graph\":[{\"@type\":\"NewsArticle\",\"@id\":\"https:\/\/www.suno.com.br\/noticias\/vale-deslocamento-talude-mina\/#article\",\"isPartOf\":{\"@id\":\"https:\/\/www.suno.com.br\/noticias\/vale-deslocamento-talude-mina\/\"},\"author\":{\"name\":\"Renan Bandeira\",\"@id\":\"https:\/\/www.suno.com.br\/noticias\/#\/schema\/person\/fc144a1c6108bd1dcd43784e88a3c138\"},\"headline\":\"Vale: Deslocamento do talude da mina de Gongo Soco \u00e9 de 51 cm\/dia\",\"datePublished\":\"2019-06-23T16:08:23+00:00\",\"mainEntityOfPage\":{\"@id\":\"https:\/\/www.suno.com.br\/noticias\/vale-deslocamento-talude-mina\/\"},\"wordCount\":351,\"publisher\":{\"@id\":\"https:\/\/www.suno.com.br\/noticias\/#organization\"},\"image\":{\"@id\":\"https:\/\/www.suno.com.br\/noticias\/vale-deslocamento-talude-mina\/#primaryimage\"},\"thumbnailUrl\":\"https:\/\/files.sunoresearch.com.br\/n\/uploads\/2019\/05\/2deb5387-vale-e1559314192166-jpg.webp\",\"keywords\":[\"Vale (VALE3)\"],\"articleSection\":[\"Neg\u00f3cios\"],\"inLanguage\":\"pt-BR\"},{\"@type\":\"WebPage\",\"@id\":\"https:\/\/www.suno.com.br\/noticias\/vale-deslocamento-talude-mina\/\",\"url\":\"https:\/\/www.suno.com.br\/noticias\/vale-deslocamento-talude-mina\/\",\"name\":\"Vale: Deslocamento do talude da mina de Gongo Soco \u00e9 de 51 cm\/dia\",\"isPartOf\":{\"@id\":\"https:\/\/www.suno.com.br\/noticias\/#website\"},\"primaryImageOfPage\":{\"@id\":\"https:\/\/www.suno.com.br\/noticias\/vale-deslocamento-talude-mina\/#primaryimage\"},\"image\":{\"@id\":\"https:\/\/www.suno.com.br\/noticias\/vale-deslocamento-talude-mina\/#primaryimage\"},\"thumbnailUrl\":\"https:\/\/files.sunoresearch.com.br\/n\/uploads\/2019\/05\/2deb5387-vale-e1559314192166-jpg.webp\",\"datePublished\":\"2019-06-23T16:08:23+00:00\",\"description\":\"No domingo (16), a movimenta\u00e7\u00e3o do talude da mina da Vale bateu o recorde de movimenta\u00e7\u00e3o se deslocando 56 cm\/dia. Clique e saiba disso.\",\"breadcrumb\":{\"@id\":\"https:\/\/www.suno.com.br\/noticias\/vale-deslocamento-talude-mina\/#breadcrumb\"},\"inLanguage\":\"pt-BR\",\"potentialAction\":[{\"@type\":\"ReadAction\",\"target\":[\"https:\/\/www.suno.com.br\/noticias\/vale-deslocamento-talude-mina\/\"]}]},{\"@type\":\"ImageObject\",\"inLanguage\":\"pt-BR\",\"@id\":\"https:\/\/www.suno.com.br\/noticias\/vale-deslocamento-talude-mina\/#primaryimage\",\"url\":\"https:\/\/files.sunoresearch.com.br\/n\/uploads\/2019\/05\/2deb5387-vale-e1559314192166-jpg.webp\",\"contentUrl\":\"https:\/\/files.sunoresearch.com.br\/n\/uploads\/2019\/05\/2deb5387-vale-e1559314192166-jpg.webp\",\"width\":906,\"height\":487,\"caption\":\"Vale: Deslocamento do talude da mina de Gongo Soco \u00e9 de 51 cm\/dia\"},{\"@type\":\"BreadcrumbList\",\"@id\":\"https:\/\/www.suno.com.br\/noticias\/vale-deslocamento-talude-mina\/#breadcrumb\",\"itemListElement\":[{\"@type\":\"ListItem\",\"position\":1,\"name\":\"Not\u00edcias\",\"item\":\"https:\/\/www.suno.com.br\/noticias\/\"},{\"@type\":\"ListItem\",\"position\":2,\"name\":\"Neg\u00f3cios\",\"item\":\"https:\/\/www.suno.com.br\/noticias\/negocios\/\"},{\"@type\":\"ListItem\",\"position\":3,\"name\":\"Vale: Deslocamento do talude da mina de Gongo Soco \u00e9 de 51 cm\/dia\"}]},{\"@type\":\"WebSite\",\"@id\":\"https:\/\/www.suno.com.br\/noticias\/#website\",\"url\":\"https:\/\/www.suno.com.br\/noticias\/\",\"name\":\"Suno Not\u00edcias\",\"description\":\"Seu portal de informa\u00e7\u00e3o sobre o mundo dos investimentos\",\"publisher\":{\"@id\":\"https:\/\/www.suno.com.br\/noticias\/#organization\"},\"potentialAction\":[{\"@type\":\"SearchAction\",\"target\":{\"@type\":\"EntryPoint\",\"urlTemplate\":\"https:\/\/www.suno.com.br\/noticias\/?s={search_term_string}\"},\"query-input\":{\"@type\":\"PropertyValueSpecification\",\"valueRequired\":true,\"valueName\":\"search_term_string\"}}],\"inLanguage\":\"pt-BR\"},{\"@type\":\"Organization\",\"@id\":\"https:\/\/www.suno.com.br\/noticias\/#organization\",\"name\":\"Suno Not\u00edcias\",\"url\":\"https:\/\/www.suno.com.br\/noticias\/\",\"logo\":{\"@type\":\"ImageObject\",\"inLanguage\":\"pt-BR\",\"@id\":\"https:\/\/www.suno.com.br\/noticias\/#\/schema\/logo\/image\/\",\"url\":\"https:\/\/files.sunoresearch.com.br\/n\/uploads\/2021\/09\/suno-logo.png\",\"contentUrl\":\"https:\/\/files.sunoresearch.com.br\/n\/uploads\/2021\/09\/suno-logo.png\",\"width\":180,\"height\":180,\"caption\":\"Suno Not\u00edcias\"},\"image\":{\"@id\":\"https:\/\/www.suno.com.br\/noticias\/#\/schema\/logo\/image\/\"},\"sameAs\":[\"https:\/\/facebook.com\/sunoresearch\",\"https:\/\/x.com\/sunoresearch\",\"https:\/\/www.instagram.com\/suno\",\"https:\/\/www.linkedin.com\/company\/suno-research\/\",\"https:\/\/www.youtube.com\/c\/sunoresearch\"]},{\"@type\":\"Person\",\"@id\":\"https:\/\/www.suno.com.br\/noticias\/#\/schema\/person\/fc144a1c6108bd1dcd43784e88a3c138\",\"name\":\"Renan Bandeira\",\"image\":{\"@type\":\"ImageObject\",\"inLanguage\":\"pt-BR\",\"@id\":\"https:\/\/www.suno.com.br\/noticias\/#\/schema\/person\/image\/\",\"url\":\"https:\/\/secure.gravatar.com\/avatar\/68359cdb608f14f11bbefcb78f3fc747?s=96&r=g\",\"contentUrl\":\"https:\/\/secure.gravatar.com\/avatar\/68359cdb608f14f11bbefcb78f3fc747?s=96&r=g\",\"caption\":\"Renan Bandeira\"},\"description\":\"Renan Bandeira escreve sobre pol\u00edtica e economia para o portal da Suno Research. Antes da Suno, trabalhou em uma rede de televis\u00e3o, onde fazia reportagens sobre os mesmos temas. Estuda na Universidade Metodista de S\u00e3o Paulo.\",\"url\":\"https:\/\/www.suno.com.br\/noticias\/author\/renan-bandeira\/\"}]}<\/script>\n<!-- \/ Yoast SEO plugin. -->","yoast_head_json":{"title":"Vale: Deslocamento do talude da mina de Gongo Soco \u00e9 de 51 cm\/dia","description":"No domingo (16), a movimenta\u00e7\u00e3o do talude da mina da Vale bateu o recorde de movimenta\u00e7\u00e3o se deslocando 56 cm\/dia. Clique e saiba disso.","robots":{"index":"index","follow":"follow","max-snippet":"max-snippet:-1","max-image-preview":"max-image-preview:large","max-video-preview":"max-video-preview:-1"},"canonical":"https:\/\/www.suno.com.br\/noticias\/vale-deslocamento-talude-mina\/","og_locale":"pt_BR","og_type":"article","og_title":"Vale: Deslocamento do talude da mina de Gongo Soco \u00e9 de 51 cm\/dia","og_description":"No domingo (16), a movimenta\u00e7\u00e3o do talude da mina da Vale bateu o recorde de movimenta\u00e7\u00e3o se deslocando 56 cm\/dia. Clique e saiba disso.","og_url":"https:\/\/www.suno.com.br\/noticias\/vale-deslocamento-talude-mina\/","og_site_name":"Suno Not\u00edcias","article_publisher":"https:\/\/facebook.com\/sunoresearch","og_image":[{"width":906,"height":487,"url":"https:\/\/files.sunoresearch.com.br\/n\/uploads\/2019\/05\/2deb5387-vale-e1559314192166.jpg","type":"image\/jpeg"}],"author":"Renan Bandeira","twitter_card":"summary_large_image","twitter_creator":"@sunoresearch","twitter_site":"@sunoresearch","twitter_misc":{"Escrito por":"Renan Bandeira","Est. tempo de leitura":"2 minutos"},"schema":{"@context":"https:\/\/schema.org","@graph":[{"@type":"NewsArticle","@id":"https:\/\/www.suno.com.br\/noticias\/vale-deslocamento-talude-mina\/#article","isPartOf":{"@id":"https:\/\/www.suno.com.br\/noticias\/vale-deslocamento-talude-mina\/"},"author":{"name":"Renan Bandeira","@id":"https:\/\/www.suno.com.br\/noticias\/#\/schema\/person\/fc144a1c6108bd1dcd43784e88a3c138"},"headline":"Vale: Deslocamento do talude da mina de Gongo Soco \u00e9 de 51 cm\/dia","datePublished":"2019-06-23T16:08:23+00:00","mainEntityOfPage":{"@id":"https:\/\/www.suno.com.br\/noticias\/vale-deslocamento-talude-mina\/"},"wordCount":351,"publisher":{"@id":"https:\/\/www.suno.com.br\/noticias\/#organization"},"image":{"@id":"https:\/\/www.suno.com.br\/noticias\/vale-deslocamento-talude-mina\/#primaryimage"},"thumbnailUrl":"https:\/\/files.sunoresearch.com.br\/n\/uploads\/2019\/05\/2deb5387-vale-e1559314192166-jpg.webp","keywords":["Vale (VALE3)"],"articleSection":["Neg\u00f3cios"],"inLanguage":"pt-BR"},{"@type":"WebPage","@id":"https:\/\/www.suno.com.br\/noticias\/vale-deslocamento-talude-mina\/","url":"https:\/\/www.suno.com.br\/noticias\/vale-deslocamento-talude-mina\/","name":"Vale: Deslocamento do talude da mina de Gongo Soco \u00e9 de 51 cm\/dia","isPartOf":{"@id":"https:\/\/www.suno.com.br\/noticias\/#website"},"primaryImageOfPage":{"@id":"https:\/\/www.suno.com.br\/noticias\/vale-deslocamento-talude-mina\/#primaryimage"},"image":{"@id":"https:\/\/www.suno.com.br\/noticias\/vale-deslocamento-talude-mina\/#primaryimage"},"thumbnailUrl":"https:\/\/files.sunoresearch.com.br\/n\/uploads\/2019\/05\/2deb5387-vale-e1559314192166-jpg.webp","datePublished":"2019-06-23T16:08:23+00:00","description":"No domingo (16), a movimenta\u00e7\u00e3o do talude da mina da Vale bateu o recorde de movimenta\u00e7\u00e3o se deslocando 56 cm\/dia. Clique e saiba disso.","breadcrumb":{"@id":"https:\/\/www.suno.com.br\/noticias\/vale-deslocamento-talude-mina\/#breadcrumb"},"inLanguage":"pt-BR","potentialAction":[{"@type":"ReadAction","target":["https:\/\/www.suno.com.br\/noticias\/vale-deslocamento-talude-mina\/"]}]},{"@type":"ImageObject","inLanguage":"pt-BR","@id":"https:\/\/www.suno.com.br\/noticias\/vale-deslocamento-talude-mina\/#primaryimage","url":"https:\/\/files.sunoresearch.com.br\/n\/uploads\/2019\/05\/2deb5387-vale-e1559314192166-jpg.webp","contentUrl":"https:\/\/files.sunoresearch.com.br\/n\/uploads\/2019\/05\/2deb5387-vale-e1559314192166-jpg.webp","width":906,"height":487,"caption":"Vale: Deslocamento do talude da mina de Gongo Soco \u00e9 de 51 cm\/dia"},{"@type":"BreadcrumbList","@id":"https:\/\/www.suno.com.br\/noticias\/vale-deslocamento-talude-mina\/#breadcrumb","itemListElement":[{"@type":"ListItem","position":1,"name":"Not\u00edcias","item":"https:\/\/www.suno.com.br\/noticias\/"},{"@type":"ListItem","position":2,"name":"Neg\u00f3cios","item":"https:\/\/www.suno.com.br\/noticias\/negocios\/"},{"@type":"ListItem","position":3,"name":"Vale: Deslocamento do talude da mina de Gongo Soco \u00e9 de 51 cm\/dia"}]},{"@type":"WebSite","@id":"https:\/\/www.suno.com.br\/noticias\/#website","url":"https:\/\/www.suno.com.br\/noticias\/","name":"Suno Not\u00edcias","description":"Seu portal de informa\u00e7\u00e3o sobre o mundo dos investimentos","publisher":{"@id":"https:\/\/www.suno.com.br\/noticias\/#organization"},"potentialAction":[{"@type":"SearchAction","target":{"@type":"EntryPoint","urlTemplate":"https:\/\/www.suno.com.br\/noticias\/?s={search_term_string}"},"query-input":{"@type":"PropertyValueSpecification","valueRequired":true,"valueName":"search_term_string"}}],"inLanguage":"pt-BR"},{"@type":"Organization","@id":"https:\/\/www.suno.com.br\/noticias\/#organization","name":"Suno Not\u00edcias","url":"https:\/\/www.suno.com.br\/noticias\/","logo":{"@type":"ImageObject","inLanguage":"pt-BR","@id":"https:\/\/www.suno.com.br\/noticias\/#\/schema\/logo\/image\/","url":"https:\/\/files.sunoresearch.com.br\/n\/uploads\/2021\/09\/suno-logo.png","contentUrl":"https:\/\/files.sunoresearch.com.br\/n\/uploads\/2021\/09\/suno-logo.png","width":180,"height":180,"caption":"Suno Not\u00edcias"},"image":{"@id":"https:\/\/www.suno.com.br\/noticias\/#\/schema\/logo\/image\/"},"sameAs":["https:\/\/facebook.com\/sunoresearch","https:\/\/x.com\/sunoresearch","https:\/\/www.instagram.com\/suno","https:\/\/www.linkedin.com\/company\/suno-research\/","https:\/\/www.youtube.com\/c\/sunoresearch"]},{"@type":"Person","@id":"https:\/\/www.suno.com.br\/noticias\/#\/schema\/person\/fc144a1c6108bd1dcd43784e88a3c138","name":"Renan Bandeira","image":{"@type":"ImageObject","inLanguage":"pt-BR","@id":"https:\/\/www.suno.com.br\/noticias\/#\/schema\/person\/image\/","url":"https:\/\/secure.gravatar.com\/avatar\/68359cdb608f14f11bbefcb78f3fc747?s=96&r=g","contentUrl":"https:\/\/secure.gravatar.com\/avatar\/68359cdb608f14f11bbefcb78f3fc747?s=96&r=g","caption":"Renan Bandeira"},"description":"Renan Bandeira escreve sobre pol\u00edtica e economia para o portal da Suno Research. Antes da Suno, trabalhou em uma rede de televis\u00e3o, onde fazia reportagens sobre os mesmos temas. Estuda na Universidade Metodista de S\u00e3o Paulo.","url":"https:\/\/www.suno.com.br\/noticias\/author\/renan-bandeira\/"}]}},"default_loop_html":"<div class=\"cardsPage__listCard__boxs\"><div class=\"cardsPage__listCard__boxs__img\"><a href=\"https:\/\/www.suno.com.br\/noticias\/vale-deslocamento-talude-mina\/\"><img class=\"mask\" src=\"https:\/\/www.suno.com.br\/noticias\/wp-content\/themes\/suno\/resources\/images\/spotlight\/spotlight1img\/bg-mask.png\" alt=\"Image Mask\"\/><img src=\"https:\/\/files.sunoresearch.com.br\/n\/uploads\/2019\/05\/2deb5387-vale-e1559314192166-400x200.webp\" alt=\"Vale: Deslocamento do talude da mina de Gongo Soco \u00e9 de 51 cm\/dia\"\/><\/a><span class=\"spotlightCategory\"><a href=\"https:\/\/www.suno.com.br\/noticias\/negocios\/\">Neg\u00f3cios<\/a><\/span><\/div><div class=\"cardsPage__listCard__boxs__content\"><a href=\"https:\/\/www.suno.com.br\/noticias\/vale-deslocamento-talude-mina\/\"><h2 class=\"content__title\">Vale: Deslocamento do talude da mina de Gongo Soco \u00e9 de 51 cm\/dia<\/h2><\/a><div class=\"newsContent__article__meta\"><div class=\"newsContent__article__meta__authorBox\"><a href=\"https:\/\/www.suno.com.br\/noticias\/author\/renan-bandeira\/\" class=\"authorBox__avatar noMobi\"><img src=\"https:\/\/secure.gravatar.com\/avatar\/68359cdb608f14f11bbefcb78f3fc747?s=96&#038;r=g\" alt=\"Renan Bandeira\"><\/a><div class=\"authorBox__name\"><span>por\n\t\t\t<a href=\"https:\/\/www.suno.com.br\/noticias\/author\/renan-bandeira\/\"><span itemprop=\"author\">Renan Bandeira<\/span><\/a><\/span><time datetime=\"2019-06-23T13:08:23-03:00\" itemprop=\"datePublished\">23\/06\/2019 13:08<\/time><\/div><\/div><\/div><\/div><\/div>","single_layout":"posts","amp_enabled":true,"_links":{"self":[{"href":"https:\/\/www.suno.com.br\/noticias\/wp-json\/wp\/v2\/posts\/28902"}],"collection":[{"href":"https:\/\/www.suno.com.br\/noticias\/wp-json\/wp\/v2\/posts"}],"about":[{"href":"https:\/\/www.suno.com.br\/noticias\/wp-json\/wp\/v2\/types\/post"}],"author":[{"embeddable":true,"href":"https:\/\/www.suno.com.br\/noticias\/wp-json\/wp\/v2\/users\/11"}],"replies":[{"embeddable":true,"href":"https:\/\/www.suno.com.br\/noticias\/wp-json\/wp\/v2\/comments?post=28902"}],"version-history":[{"count":0,"href":"https:\/\/www.suno.com.br\/noticias\/wp-json\/wp\/v2\/posts\/28902\/revisions"}],"wp:featuredmedia":[{"embeddable":true,"href":"https:\/\/www.suno.com.br\/noticias\/wp-json\/wp\/v2\/media\/26757"}],"wp:attachment":[{"href":"https:\/\/www.suno.com.br\/noticias\/wp-json\/wp\/v2\/media?parent=28902"}],"wp:term":[{"taxonomy":"category","embeddable":true,"href":"https:\/\/www.suno.com.br\/noticias\/wp-json\/wp\/v2\/categories?post=28902"},{"taxonomy":"post_tag","embeddable":true,"href":"https:\/\/www.suno.com.br\/noticias\/wp-json\/wp\/v2\/tags?post=28902"},{"taxonomy":"suno_strategy","embeddable":true,"href":"https:\/\/www.suno.com.br\/noticias\/wp-json\/wp\/v2\/suno_strategy?post=28902"}],"curies":[{"name":"wp","href":"https:\/\/api.w.org\/{rel}","templated":true}]}}