{"id":28892,"date":"2019-06-23T10:19:31","date_gmt":"2019-06-23T13:19:31","guid":{"rendered":"https:\/\/www.suno.com.br\/noticias\/?p=28892"},"modified":"2021-06-13T23:43:12","modified_gmt":"2021-06-14T02:43:12","slug":"trump-sancoes-importantes-ira","status":"publish","type":"post","link":"https:\/\/www.suno.com.br\/noticias\/trump-sancoes-importantes-ira\/","title":{"rendered":"Trump anuncia a aplica\u00e7\u00e3o de san\u00e7\u00f5es &#8220;importantes&#8221; ao Ir\u00e3"},"content":{"rendered":"<p>O presidente dos Estados Unidos, Donald Trump, afirmou no \u00faltimo s\u00e1bado (22), que vai aplicar novas san\u00e7\u00f5es sobre o Ir\u00e3 a partir de segunda-feira (24).<\/p>\t<div class=\"wrapper-featured-image\">\n\t\t<figure class=\"spotlightImg\">\n\n\t\t\t<picture>\n\t\t\t\t<source media=\"(max-width: 768px)\" srcset=\"https:\/\/files.sunoresearch.com.br\/n\/uploads\/2019\/06\/f836752b-trump-400x200.webp\">\n\t\t\t\t<img loading=\"lazy\" decoding=\"async\" class=\"newsContent__article__imgCapa lazyloadDisabled newsContent__article__imgCapa--noCaption\" src=\"https:\/\/files.sunoresearch.com.br\/n\/uploads\/2019\/06\/f836752b-trump-800x450.webp\" width=\"800\" height=\"450\" alt=\"Trump anuncia a aplica\u00e7\u00e3o de san\u00e7\u00f5es &#8220;importantes&#8221; ao Ir\u00e3\" fetchpriority=high \/>\n\t\t\t<\/picture>\n\n\t\t\t<figcaption class=\"wp-caption-text wp-caption-text--hide\">Trump afirma que Boeing \u00e9 uma &quot;grande decep\u00e7\u00e3o&quot;<\/figcaption>\n\t\t<\/figure>\n\t<\/div>\n\n\n<p>&#8220;Vamos por san\u00e7\u00f5es adicionais importantes sobre o Ir\u00e3 na segunda-feira (24)&#8221;, afirmou <strong>Trump<\/strong>. O presidente norte-americano ainda diz que a imposi\u00e7\u00e3o das san\u00e7\u00f5es vai fazer do Ir\u00e3 uma na\u00e7\u00e3o pr\u00f3spera e produtiva novamente.<\/p>\n\t<p>\n\t\t<a href=\"https:\/\/lp2.suno.com.br\/onde-investir-2026?utm_campaign=_SNC094D2575_rs.ein26&#038;utm_source=suno.com.br&#038;utm_medium=banner.noticias\" target=\"_blank\" data-element=\"shortcode-suno-banner\" title=\"Banner SUNO, clique e saiba mais\">\n\t\t\t<picture>\n\t\t\t\t<source media=\"(max-width: 500px)\" srcset=\"https:\/\/files.sunoresearch.com.br\/n\/uploads\/2026\/01\/Banner-Materias-01-Mbl_-400x300-1-png.webp\">\n\t\t\t\t<img class=\"newsContent__article__imgCapa newsContent__article__imgCapa--banner\"\n\t\t\t\t\tsrc=\"https:\/\/files.sunoresearch.com.br\/n\/uploads\/2026\/01\/Banner-Materias-01-Dkp_-1420x240-1-png.webp\"\n\t\t\t\t\tdata-promo-id=\"638391\"\t\t\t\t\t\t\t\t\t\twidth='1420' height='240'\t\t\t\t\talt=\"https:\/\/files.sunoresearch.com.br\/n\/uploads\/2026\/01\/Banner-Materias-01-Dkp_-1420x240-1-png.webp\"\n\t\t\t\t>\n\t\t\t<\/picture>\n\t\t<\/a>\n\t<\/p>\n\n\n<p>&#8220;Chamaremos de &#8216;Vamos fazer o Ir\u00e3 grande de novo&#8221;, disse o americano.<\/p>\n<p>A afirma\u00e7\u00e3o foi feita pouco depois de declarar que os <strong>Estados<\/strong> <strong>Unidos<\/strong> e o <strong>Ir\u00e3<\/strong> seriam melhores amigos, caso o pa\u00eds desistisse de suas armas nucleares.<\/p>\n<h2>EUA x Ir\u00e3<\/h2>\n<p>As tens\u00f5es foram iniciadas na \u00faltima semana, quando dois navios petroleiros no <strong>golfo<\/strong> <strong>de<\/strong> <strong>Om\u00e3<\/strong> foram atacados. A partir disso os pa\u00edses passaram a se acusar sobre quem seria o mentor do ataque, que ainda n\u00e3o possui um culpado.<\/p>\n<p>No entanto, a troca de farpas foi intensificada na \u00faltima quinta-feira (20), quando o Ir\u00e3 derrubou um drone de espionagem dos Estados Unidos.<\/p>\n<p>O abate foi feito pr\u00f3ximo ao <strong>Estreito<\/strong> <strong>de<\/strong> <strong>Ormuz<\/strong>, uma passagem importante na rota de petroleiros que saem do Oriente M\u00e9dio, mesmo local em que os navios foram atingidos na semana anterior.<\/p>\n<p>Em resposta, o presidente dos Estados Unidos, <strong>Donald<\/strong> <strong>Trump<\/strong>, afirmou que o ataque feito pelo Ir\u00e3 foi um grande erro.<\/p>\n<p><a href=\"https:\/\/www.suno.com.br\/noticias\/trump-reeleicao-tucker-carlson\/\">Saiba mais:\u00a0Trump cancelou ataque ao Ir\u00e3 ap\u00f3s conselho de que n\u00e3o seria reeleito<\/a><\/p>\n<p>Ap\u00f3s sua resposta nas rede sociais ao ataque iraniano, o presidente americano, aprovou ataques militares ao <strong>Ir\u00e3<\/strong> como retalia\u00e7\u00e3o ao <strong>abate<\/strong> <strong>do drone<\/strong>, mas acabou desistindo por conta da crescente nas tens\u00f5es entre os dois pa\u00edses, segundo o &#8220;The New Yor Times&#8221;.<\/p>\n<p>Em entrevista ao jornal, uma autoridade norte-americana afirmou que <strong>Trump<\/strong> havia aprovado os ataques a baterias de radar e m\u00edsseis, mas a opera\u00e7\u00e3o que estava em est\u00e1gio inicial foi cancelada. &#8220;Avi\u00f5es no ar e navios estavam em posi\u00e7\u00e3o, mas nenhum m\u00edssil foi disparado&#8221;.<\/p>\n<h3>Ir\u00e3 sobre poss\u00edvel ataque<\/h3>\n<p>No \u00faltimo s\u00e1bado (22), o Ir\u00e3 afirmou que se os<strong> Estados Unidos<\/strong> atacar seu territ\u00f3rio ter\u00e3o consequ\u00eancias devastadoras. A ame\u00e7a foi feita ap\u00f3s o presidente <a href=\"https:\/\/www.suno.com.br\/tudo-sobre\/donald-trump\/\"><strong>Donald Trump<\/strong><\/a> pronunciar, na \u00faltima sexta-feira (21), que desistiu do <strong>ataque militar<\/strong>\u00a0para evitar o alto n\u00famero de <strong>v\u00edtimas<\/strong>.<\/p>\n<p>As consequ\u00eancias ditas pelo pa\u00eds do <strong>Oriente M\u00e9dio<\/strong> s\u00e3o relacionadas a regi\u00e3o de muito interesse do pa\u00eds norte-americano. &#8220;Atirar uma bala em dire\u00e7\u00e3o ao <strong>Ir\u00e3<\/strong> ir\u00e1 provocar a destrui\u00e7\u00e3o dos interesses da <strong>Am\u00e9rica<\/strong> e de seus aliados na regi\u00e3o&#8221;, disse o porta-voz das<strong> For\u00e7as Armadas iranianas<\/strong>, <strong>Abolfazl Shekarchi<\/strong>.<\/p>\n\t<p>\n\t\t<a href=\"https:\/\/lp.suno.com.br\/suno-one\/?utm_campaign=_SNC6964518A_\" target=\"_blank\" data-element=\"shortcode-suno-banner\" title=\"Banner SUNO, clique e saiba mais\">\n\t\t\t<picture>\n\t\t\t\t<source media=\"(max-width: 500px)\" srcset=\"https:\/\/files.sunoresearch.com.br\/n\/uploads\/2025\/09\/400x300-Suno-One-png.webp\">\n\t\t\t\t<img class=\"newsContent__article__imgCapa newsContent__article__imgCapa--banner\"\n\t\t\t\t\tsrc=\"https:\/\/files.sunoresearch.com.br\/n\/uploads\/2025\/09\/1420x240-Suno-One-png.webp\"\n\t\t\t\t\tdata-promo-id=\"85810\"\t\t\t\t\t\t\t\t\t\twidth='1420' height='240'\t\t\t\t\talt=\"https:\/\/files.sunoresearch.com.br\/n\/uploads\/2025\/09\/1420x240-Suno-One-png.webp\"\n\t\t\t\t>\n\t\t\t<\/picture>\n\t\t<\/a>\n\t<\/p>\n\n\n<p>O ataque proposto pelo presidente americano seria uma retalia\u00e7\u00e3o pela derrubada de um <strong>drone <\/strong>de<strong> vigil\u00e2ncia <\/strong>dos<strong> EUA<\/strong> no espa\u00e7o a\u00e9reo sobre o <strong>Estreito de Ormuz<\/strong>. Mas\u00a0<strong>Trump<\/strong> desistiu de ideia nos \u00faltimos minutos.<\/p>\n","protected":false},"excerpt":{"rendered":"<p>O presidente dos Estados Unidos, Donald Trump, afirmou no \u00faltimo s\u00e1bado (22), que vai aplicar novas san\u00e7\u00f5es sobre o Ir\u00e3 a partir de segunda-feira (24). Trump afirma que Boeing \u00e9 uma &quot;grande decep\u00e7\u00e3o&quot; &#8220;Vamos por san\u00e7\u00f5es adicionais importantes sobre o Ir\u00e3 na segunda-feira (24)&#8221;, afirmou Trump. O presidente norte-americano ainda diz que a imposi\u00e7\u00e3o das [&hellip;]<\/p>\n","protected":false},"author":11,"featured_media":28893,"comment_status":"closed","ping_status":"closed","sticky":false,"template":"","format":"standard","meta":[],"categories":[63],"tags":[724,793,1458],"suno_strategy":[],"class_list":["post-28892","post","type-post","status-publish","format-standard","has-post-thumbnail","hentry","category-internacional","tag-donald-trump","tag-estados-unidos-eua","tag-ira"],"yoast_head":"<!-- This site is optimized with the Yoast SEO plugin v24.4 - https:\/\/yoast.com\/wordpress\/plugins\/seo\/ -->\n<title>Trump anuncia a aplica\u00e7\u00e3o de san\u00e7\u00f5es &quot;importantes&quot; ao Ir\u00e3<\/title>\n<meta name=\"description\" content=\"&quot;Vamos por san\u00e7\u00f5es adicionais importantes sobre o Ir\u00e3 na segunda-feira (24)&quot;, afirmou o presidente Donald Trump. Clique para saber mais.\" \/>\n<meta name=\"robots\" content=\"index, follow, max-snippet:-1, max-image-preview:large, max-video-preview:-1\" \/>\n<link rel=\"canonical\" href=\"https:\/\/www.suno.com.br\/noticias\/trump-sancoes-importantes-ira\/\" \/>\n<meta property=\"og:locale\" content=\"pt_BR\" \/>\n<meta property=\"og:type\" content=\"article\" \/>\n<meta property=\"og:title\" content=\"Trump anuncia a aplica\u00e7\u00e3o de san\u00e7\u00f5es &quot;importantes&quot; ao Ir\u00e3\" \/>\n<meta property=\"og:description\" content=\"&quot;Vamos por san\u00e7\u00f5es adicionais importantes sobre o Ir\u00e3 na segunda-feira (24)&quot;, afirmou o presidente Donald Trump. Clique para saber mais.\" \/>\n<meta property=\"og:url\" content=\"https:\/\/www.suno.com.br\/noticias\/trump-sancoes-importantes-ira\/\" \/>\n<meta property=\"og:site_name\" content=\"Suno Not\u00edcias\" \/>\n<meta property=\"article:publisher\" content=\"https:\/\/facebook.com\/sunoresearch\" \/>\n<meta property=\"og:image\" content=\"https:\/\/files.sunoresearch.com.br\/n\/uploads\/2019\/06\/f836752b-trump.jpg\" \/>\n\t<meta property=\"og:image:width\" content=\"1140\" \/>\n\t<meta property=\"og:image:height\" content=\"760\" \/>\n\t<meta property=\"og:image:type\" content=\"image\/jpeg\" \/>\n<meta name=\"author\" content=\"Renan Bandeira\" \/>\n<meta name=\"twitter:card\" content=\"summary_large_image\" \/>\n<meta name=\"twitter:creator\" content=\"@sunoresearch\" \/>\n<meta name=\"twitter:site\" content=\"@sunoresearch\" \/>\n<meta name=\"twitter:label1\" content=\"Escrito por\" \/>\n\t<meta name=\"twitter:data1\" content=\"Renan Bandeira\" \/>\n\t<meta name=\"twitter:label2\" content=\"Est. tempo de leitura\" \/>\n\t<meta name=\"twitter:data2\" content=\"2 minutos\" \/>\n<script type=\"application\/ld+json\" class=\"yoast-schema-graph\">{\"@context\":\"https:\/\/schema.org\",\"@graph\":[{\"@type\":\"NewsArticle\",\"@id\":\"https:\/\/www.suno.com.br\/noticias\/trump-sancoes-importantes-ira\/#article\",\"isPartOf\":{\"@id\":\"https:\/\/www.suno.com.br\/noticias\/trump-sancoes-importantes-ira\/\"},\"author\":{\"name\":\"Renan Bandeira\",\"@id\":\"https:\/\/www.suno.com.br\/noticias\/#\/schema\/person\/fc144a1c6108bd1dcd43784e88a3c138\"},\"headline\":\"Trump anuncia a aplica\u00e7\u00e3o de san\u00e7\u00f5es &#8220;importantes&#8221; ao Ir\u00e3\",\"datePublished\":\"2019-06-23T13:19:31+00:00\",\"dateModified\":\"2021-06-14T02:43:12+00:00\",\"mainEntityOfPage\":{\"@id\":\"https:\/\/www.suno.com.br\/noticias\/trump-sancoes-importantes-ira\/\"},\"wordCount\":503,\"publisher\":{\"@id\":\"https:\/\/www.suno.com.br\/noticias\/#organization\"},\"image\":{\"@id\":\"https:\/\/www.suno.com.br\/noticias\/trump-sancoes-importantes-ira\/#primaryimage\"},\"thumbnailUrl\":\"https:\/\/files.sunoresearch.com.br\/n\/uploads\/2019\/06\/f836752b-trump-jpg.webp\",\"keywords\":[\"Donald Trump\",\"Estados Unidos (EUA)\",\"Ir\u00e3\"],\"articleSection\":[\"Internacional\"],\"inLanguage\":\"pt-BR\"},{\"@type\":\"WebPage\",\"@id\":\"https:\/\/www.suno.com.br\/noticias\/trump-sancoes-importantes-ira\/\",\"url\":\"https:\/\/www.suno.com.br\/noticias\/trump-sancoes-importantes-ira\/\",\"name\":\"Trump anuncia a aplica\u00e7\u00e3o de san\u00e7\u00f5es \\\"importantes\\\" ao Ir\u00e3\",\"isPartOf\":{\"@id\":\"https:\/\/www.suno.com.br\/noticias\/#website\"},\"primaryImageOfPage\":{\"@id\":\"https:\/\/www.suno.com.br\/noticias\/trump-sancoes-importantes-ira\/#primaryimage\"},\"image\":{\"@id\":\"https:\/\/www.suno.com.br\/noticias\/trump-sancoes-importantes-ira\/#primaryimage\"},\"thumbnailUrl\":\"https:\/\/files.sunoresearch.com.br\/n\/uploads\/2019\/06\/f836752b-trump-jpg.webp\",\"datePublished\":\"2019-06-23T13:19:31+00:00\",\"dateModified\":\"2021-06-14T02:43:12+00:00\",\"description\":\"\\\"Vamos por san\u00e7\u00f5es adicionais importantes sobre o Ir\u00e3 na segunda-feira (24)\\\", afirmou o presidente Donald Trump. Clique para saber mais.\",\"breadcrumb\":{\"@id\":\"https:\/\/www.suno.com.br\/noticias\/trump-sancoes-importantes-ira\/#breadcrumb\"},\"inLanguage\":\"pt-BR\",\"potentialAction\":[{\"@type\":\"ReadAction\",\"target\":[\"https:\/\/www.suno.com.br\/noticias\/trump-sancoes-importantes-ira\/\"]}]},{\"@type\":\"ImageObject\",\"inLanguage\":\"pt-BR\",\"@id\":\"https:\/\/www.suno.com.br\/noticias\/trump-sancoes-importantes-ira\/#primaryimage\",\"url\":\"https:\/\/files.sunoresearch.com.br\/n\/uploads\/2019\/06\/f836752b-trump-jpg.webp\",\"contentUrl\":\"https:\/\/files.sunoresearch.com.br\/n\/uploads\/2019\/06\/f836752b-trump-jpg.webp\",\"width\":1140,\"height\":760,\"caption\":\"Trump afirma que Boeing \u00e9 uma \\\"grande decep\u00e7\u00e3o\\\"\"},{\"@type\":\"BreadcrumbList\",\"@id\":\"https:\/\/www.suno.com.br\/noticias\/trump-sancoes-importantes-ira\/#breadcrumb\",\"itemListElement\":[{\"@type\":\"ListItem\",\"position\":1,\"name\":\"Not\u00edcias\",\"item\":\"https:\/\/www.suno.com.br\/noticias\/\"},{\"@type\":\"ListItem\",\"position\":2,\"name\":\"Internacional\",\"item\":\"https:\/\/www.suno.com.br\/noticias\/internacional\/\"},{\"@type\":\"ListItem\",\"position\":3,\"name\":\"Trump anuncia a aplica\u00e7\u00e3o de san\u00e7\u00f5es &#8220;importantes&#8221; ao Ir\u00e3\"}]},{\"@type\":\"WebSite\",\"@id\":\"https:\/\/www.suno.com.br\/noticias\/#website\",\"url\":\"https:\/\/www.suno.com.br\/noticias\/\",\"name\":\"Suno Not\u00edcias\",\"description\":\"Seu portal de informa\u00e7\u00e3o sobre o mundo dos investimentos\",\"publisher\":{\"@id\":\"https:\/\/www.suno.com.br\/noticias\/#organization\"},\"potentialAction\":[{\"@type\":\"SearchAction\",\"target\":{\"@type\":\"EntryPoint\",\"urlTemplate\":\"https:\/\/www.suno.com.br\/noticias\/?s={search_term_string}\"},\"query-input\":{\"@type\":\"PropertyValueSpecification\",\"valueRequired\":true,\"valueName\":\"search_term_string\"}}],\"inLanguage\":\"pt-BR\"},{\"@type\":\"Organization\",\"@id\":\"https:\/\/www.suno.com.br\/noticias\/#organization\",\"name\":\"Suno Not\u00edcias\",\"url\":\"https:\/\/www.suno.com.br\/noticias\/\",\"logo\":{\"@type\":\"ImageObject\",\"inLanguage\":\"pt-BR\",\"@id\":\"https:\/\/www.suno.com.br\/noticias\/#\/schema\/logo\/image\/\",\"url\":\"https:\/\/files.sunoresearch.com.br\/n\/uploads\/2021\/09\/suno-logo.png\",\"contentUrl\":\"https:\/\/files.sunoresearch.com.br\/n\/uploads\/2021\/09\/suno-logo.png\",\"width\":180,\"height\":180,\"caption\":\"Suno Not\u00edcias\"},\"image\":{\"@id\":\"https:\/\/www.suno.com.br\/noticias\/#\/schema\/logo\/image\/\"},\"sameAs\":[\"https:\/\/facebook.com\/sunoresearch\",\"https:\/\/x.com\/sunoresearch\",\"https:\/\/www.instagram.com\/suno\",\"https:\/\/www.linkedin.com\/company\/suno-research\/\",\"https:\/\/www.youtube.com\/c\/sunoresearch\"]},{\"@type\":\"Person\",\"@id\":\"https:\/\/www.suno.com.br\/noticias\/#\/schema\/person\/fc144a1c6108bd1dcd43784e88a3c138\",\"name\":\"Renan Bandeira\",\"image\":{\"@type\":\"ImageObject\",\"inLanguage\":\"pt-BR\",\"@id\":\"https:\/\/www.suno.com.br\/noticias\/#\/schema\/person\/image\/\",\"url\":\"https:\/\/secure.gravatar.com\/avatar\/68359cdb608f14f11bbefcb78f3fc747?s=96&r=g\",\"contentUrl\":\"https:\/\/secure.gravatar.com\/avatar\/68359cdb608f14f11bbefcb78f3fc747?s=96&r=g\",\"caption\":\"Renan Bandeira\"},\"description\":\"Renan Bandeira escreve sobre pol\u00edtica e economia para o portal da Suno Research. Antes da Suno, trabalhou em uma rede de televis\u00e3o, onde fazia reportagens sobre os mesmos temas. Estuda na Universidade Metodista de S\u00e3o Paulo.\",\"url\":\"https:\/\/www.suno.com.br\/noticias\/author\/renan-bandeira\/\"}]}<\/script>\n<!-- \/ Yoast SEO plugin. -->","yoast_head_json":{"title":"Trump anuncia a aplica\u00e7\u00e3o de san\u00e7\u00f5es \"importantes\" ao Ir\u00e3","description":"\"Vamos por san\u00e7\u00f5es adicionais importantes sobre o Ir\u00e3 na segunda-feira (24)\", afirmou o presidente Donald Trump. Clique para saber mais.","robots":{"index":"index","follow":"follow","max-snippet":"max-snippet:-1","max-image-preview":"max-image-preview:large","max-video-preview":"max-video-preview:-1"},"canonical":"https:\/\/www.suno.com.br\/noticias\/trump-sancoes-importantes-ira\/","og_locale":"pt_BR","og_type":"article","og_title":"Trump anuncia a aplica\u00e7\u00e3o de san\u00e7\u00f5es \"importantes\" ao Ir\u00e3","og_description":"\"Vamos por san\u00e7\u00f5es adicionais importantes sobre o Ir\u00e3 na segunda-feira (24)\", afirmou o presidente Donald Trump. Clique para saber mais.","og_url":"https:\/\/www.suno.com.br\/noticias\/trump-sancoes-importantes-ira\/","og_site_name":"Suno Not\u00edcias","article_publisher":"https:\/\/facebook.com\/sunoresearch","og_image":[{"width":1140,"height":760,"url":"https:\/\/files.sunoresearch.com.br\/n\/uploads\/2019\/06\/f836752b-trump.jpg","type":"image\/jpeg"}],"author":"Renan Bandeira","twitter_card":"summary_large_image","twitter_creator":"@sunoresearch","twitter_site":"@sunoresearch","twitter_misc":{"Escrito por":"Renan Bandeira","Est. tempo de leitura":"2 minutos"},"schema":{"@context":"https:\/\/schema.org","@graph":[{"@type":"NewsArticle","@id":"https:\/\/www.suno.com.br\/noticias\/trump-sancoes-importantes-ira\/#article","isPartOf":{"@id":"https:\/\/www.suno.com.br\/noticias\/trump-sancoes-importantes-ira\/"},"author":{"name":"Renan Bandeira","@id":"https:\/\/www.suno.com.br\/noticias\/#\/schema\/person\/fc144a1c6108bd1dcd43784e88a3c138"},"headline":"Trump anuncia a aplica\u00e7\u00e3o de san\u00e7\u00f5es &#8220;importantes&#8221; ao Ir\u00e3","datePublished":"2019-06-23T13:19:31+00:00","dateModified":"2021-06-14T02:43:12+00:00","mainEntityOfPage":{"@id":"https:\/\/www.suno.com.br\/noticias\/trump-sancoes-importantes-ira\/"},"wordCount":503,"publisher":{"@id":"https:\/\/www.suno.com.br\/noticias\/#organization"},"image":{"@id":"https:\/\/www.suno.com.br\/noticias\/trump-sancoes-importantes-ira\/#primaryimage"},"thumbnailUrl":"https:\/\/files.sunoresearch.com.br\/n\/uploads\/2019\/06\/f836752b-trump-jpg.webp","keywords":["Donald Trump","Estados Unidos (EUA)","Ir\u00e3"],"articleSection":["Internacional"],"inLanguage":"pt-BR"},{"@type":"WebPage","@id":"https:\/\/www.suno.com.br\/noticias\/trump-sancoes-importantes-ira\/","url":"https:\/\/www.suno.com.br\/noticias\/trump-sancoes-importantes-ira\/","name":"Trump anuncia a aplica\u00e7\u00e3o de san\u00e7\u00f5es \"importantes\" ao Ir\u00e3","isPartOf":{"@id":"https:\/\/www.suno.com.br\/noticias\/#website"},"primaryImageOfPage":{"@id":"https:\/\/www.suno.com.br\/noticias\/trump-sancoes-importantes-ira\/#primaryimage"},"image":{"@id":"https:\/\/www.suno.com.br\/noticias\/trump-sancoes-importantes-ira\/#primaryimage"},"thumbnailUrl":"https:\/\/files.sunoresearch.com.br\/n\/uploads\/2019\/06\/f836752b-trump-jpg.webp","datePublished":"2019-06-23T13:19:31+00:00","dateModified":"2021-06-14T02:43:12+00:00","description":"\"Vamos por san\u00e7\u00f5es adicionais importantes sobre o Ir\u00e3 na segunda-feira (24)\", afirmou o presidente Donald Trump. Clique para saber mais.","breadcrumb":{"@id":"https:\/\/www.suno.com.br\/noticias\/trump-sancoes-importantes-ira\/#breadcrumb"},"inLanguage":"pt-BR","potentialAction":[{"@type":"ReadAction","target":["https:\/\/www.suno.com.br\/noticias\/trump-sancoes-importantes-ira\/"]}]},{"@type":"ImageObject","inLanguage":"pt-BR","@id":"https:\/\/www.suno.com.br\/noticias\/trump-sancoes-importantes-ira\/#primaryimage","url":"https:\/\/files.sunoresearch.com.br\/n\/uploads\/2019\/06\/f836752b-trump-jpg.webp","contentUrl":"https:\/\/files.sunoresearch.com.br\/n\/uploads\/2019\/06\/f836752b-trump-jpg.webp","width":1140,"height":760,"caption":"Trump afirma que Boeing \u00e9 uma \"grande decep\u00e7\u00e3o\""},{"@type":"BreadcrumbList","@id":"https:\/\/www.suno.com.br\/noticias\/trump-sancoes-importantes-ira\/#breadcrumb","itemListElement":[{"@type":"ListItem","position":1,"name":"Not\u00edcias","item":"https:\/\/www.suno.com.br\/noticias\/"},{"@type":"ListItem","position":2,"name":"Internacional","item":"https:\/\/www.suno.com.br\/noticias\/internacional\/"},{"@type":"ListItem","position":3,"name":"Trump anuncia a aplica\u00e7\u00e3o de san\u00e7\u00f5es &#8220;importantes&#8221; ao Ir\u00e3"}]},{"@type":"WebSite","@id":"https:\/\/www.suno.com.br\/noticias\/#website","url":"https:\/\/www.suno.com.br\/noticias\/","name":"Suno Not\u00edcias","description":"Seu portal de informa\u00e7\u00e3o sobre o mundo dos investimentos","publisher":{"@id":"https:\/\/www.suno.com.br\/noticias\/#organization"},"potentialAction":[{"@type":"SearchAction","target":{"@type":"EntryPoint","urlTemplate":"https:\/\/www.suno.com.br\/noticias\/?s={search_term_string}"},"query-input":{"@type":"PropertyValueSpecification","valueRequired":true,"valueName":"search_term_string"}}],"inLanguage":"pt-BR"},{"@type":"Organization","@id":"https:\/\/www.suno.com.br\/noticias\/#organization","name":"Suno Not\u00edcias","url":"https:\/\/www.suno.com.br\/noticias\/","logo":{"@type":"ImageObject","inLanguage":"pt-BR","@id":"https:\/\/www.suno.com.br\/noticias\/#\/schema\/logo\/image\/","url":"https:\/\/files.sunoresearch.com.br\/n\/uploads\/2021\/09\/suno-logo.png","contentUrl":"https:\/\/files.sunoresearch.com.br\/n\/uploads\/2021\/09\/suno-logo.png","width":180,"height":180,"caption":"Suno Not\u00edcias"},"image":{"@id":"https:\/\/www.suno.com.br\/noticias\/#\/schema\/logo\/image\/"},"sameAs":["https:\/\/facebook.com\/sunoresearch","https:\/\/x.com\/sunoresearch","https:\/\/www.instagram.com\/suno","https:\/\/www.linkedin.com\/company\/suno-research\/","https:\/\/www.youtube.com\/c\/sunoresearch"]},{"@type":"Person","@id":"https:\/\/www.suno.com.br\/noticias\/#\/schema\/person\/fc144a1c6108bd1dcd43784e88a3c138","name":"Renan Bandeira","image":{"@type":"ImageObject","inLanguage":"pt-BR","@id":"https:\/\/www.suno.com.br\/noticias\/#\/schema\/person\/image\/","url":"https:\/\/secure.gravatar.com\/avatar\/68359cdb608f14f11bbefcb78f3fc747?s=96&r=g","contentUrl":"https:\/\/secure.gravatar.com\/avatar\/68359cdb608f14f11bbefcb78f3fc747?s=96&r=g","caption":"Renan Bandeira"},"description":"Renan Bandeira escreve sobre pol\u00edtica e economia para o portal da Suno Research. Antes da Suno, trabalhou em uma rede de televis\u00e3o, onde fazia reportagens sobre os mesmos temas. Estuda na Universidade Metodista de S\u00e3o Paulo.","url":"https:\/\/www.suno.com.br\/noticias\/author\/renan-bandeira\/"}]}},"default_loop_html":"<div class=\"cardsPage__listCard__boxs\"><div class=\"cardsPage__listCard__boxs__img\"><a href=\"https:\/\/www.suno.com.br\/noticias\/trump-sancoes-importantes-ira\/\"><img class=\"mask\" src=\"https:\/\/www.suno.com.br\/noticias\/wp-content\/themes\/suno\/resources\/images\/spotlight\/spotlight1img\/bg-mask.png\" alt=\"Image Mask\"\/><img src=\"https:\/\/files.sunoresearch.com.br\/n\/uploads\/2019\/06\/f836752b-trump-400x200.webp\" alt=\"Trump anuncia a aplica\u00e7\u00e3o de san\u00e7\u00f5es &#8220;importantes&#8221; ao Ir\u00e3\"\/><\/a><span class=\"spotlightCategory\"><a href=\"https:\/\/www.suno.com.br\/noticias\/internacional\/\">Internacional<\/a><\/span><\/div><div class=\"cardsPage__listCard__boxs__content\"><a href=\"https:\/\/www.suno.com.br\/noticias\/trump-sancoes-importantes-ira\/\"><h2 class=\"content__title\">Trump anuncia a aplica\u00e7\u00e3o de san\u00e7\u00f5es &#8220;importantes&#8221; ao Ir\u00e3<\/h2><\/a><div class=\"newsContent__article__meta\"><div class=\"newsContent__article__meta__authorBox\"><a href=\"https:\/\/www.suno.com.br\/noticias\/author\/renan-bandeira\/\" class=\"authorBox__avatar noMobi\"><img src=\"https:\/\/secure.gravatar.com\/avatar\/68359cdb608f14f11bbefcb78f3fc747?s=96&#038;r=g\" alt=\"Renan Bandeira\"><\/a><div class=\"authorBox__name\"><span>por\n\t\t\t<a href=\"https:\/\/www.suno.com.br\/noticias\/author\/renan-bandeira\/\"><span itemprop=\"author\">Renan Bandeira<\/span><\/a><\/span><time datetime=\"2019-06-23T10:19:31-03:00\" itemprop=\"datePublished\">23\/06\/2019 10:19<\/time><\/div><\/div><\/div><\/div><\/div>","single_layout":"posts","amp_enabled":true,"_links":{"self":[{"href":"https:\/\/www.suno.com.br\/noticias\/wp-json\/wp\/v2\/posts\/28892"}],"collection":[{"href":"https:\/\/www.suno.com.br\/noticias\/wp-json\/wp\/v2\/posts"}],"about":[{"href":"https:\/\/www.suno.com.br\/noticias\/wp-json\/wp\/v2\/types\/post"}],"author":[{"embeddable":true,"href":"https:\/\/www.suno.com.br\/noticias\/wp-json\/wp\/v2\/users\/11"}],"replies":[{"embeddable":true,"href":"https:\/\/www.suno.com.br\/noticias\/wp-json\/wp\/v2\/comments?post=28892"}],"version-history":[{"count":1,"href":"https:\/\/www.suno.com.br\/noticias\/wp-json\/wp\/v2\/posts\/28892\/revisions"}],"predecessor-version":[{"id":157319,"href":"https:\/\/www.suno.com.br\/noticias\/wp-json\/wp\/v2\/posts\/28892\/revisions\/157319"}],"wp:featuredmedia":[{"embeddable":true,"href":"https:\/\/www.suno.com.br\/noticias\/wp-json\/wp\/v2\/media\/28893"}],"wp:attachment":[{"href":"https:\/\/www.suno.com.br\/noticias\/wp-json\/wp\/v2\/media?parent=28892"}],"wp:term":[{"taxonomy":"category","embeddable":true,"href":"https:\/\/www.suno.com.br\/noticias\/wp-json\/wp\/v2\/categories?post=28892"},{"taxonomy":"post_tag","embeddable":true,"href":"https:\/\/www.suno.com.br\/noticias\/wp-json\/wp\/v2\/tags?post=28892"},{"taxonomy":"suno_strategy","embeddable":true,"href":"https:\/\/www.suno.com.br\/noticias\/wp-json\/wp\/v2\/suno_strategy?post=28892"}],"curies":[{"name":"wp","href":"https:\/\/api.w.org\/{rel}","templated":true}]}}