{"id":28874,"date":"2019-06-22T11:25:44","date_gmt":"2019-06-22T14:25:44","guid":{"rendered":"https:\/\/www.suno.com.br\/noticias\/?p=28874"},"modified":"2019-06-22T11:25:44","modified_gmt":"2019-06-22T14:25:44","slug":"ira-ameaca-ataque-guerra-eua","status":"publish","type":"post","link":"https:\/\/www.suno.com.br\/noticias\/ira-ameaca-ataque-guerra-eua\/","title":{"rendered":"Ir\u00e3 afirma consequ\u00eancias devastadoras em caso de ataque dos EUA"},"content":{"rendered":"<p>O Ir\u00e3 se manifestou neste s\u00e1bado (22) afirmando que se os<strong> Estados Unidos<\/strong> atacar seu territ\u00f3rio ter\u00e3o consequ\u00eancias devastadoras. A ame\u00e7a foi feita ap\u00f3s o presidente <a href=\"https:\/\/www.suno.com.br\/tudo-sobre\/donald-trump\/\"><strong>Donald Trump<\/strong><\/a> pronunciar, na \u00faltima sexta-feira (21), que desistiu do <strong>ataque militar<\/strong>\u00a0para evitar o alto n\u00famero de <strong>v\u00edtimas<\/strong>.<\/p>\t<div class=\"wrapper-featured-image\">\n\t\t<figure class=\"spotlightImg\">\n\n\t\t\t<picture>\n\t\t\t\t<source media=\"(max-width: 768px)\" srcset=\"https:\/\/files.sunoresearch.com.br\/n\/uploads\/2019\/06\/d38a09be-petr\u00f3leo-400x200.webp\">\n\t\t\t\t<img loading=\"lazy\" decoding=\"async\" class=\"newsContent__article__imgCapa lazyloadDisabled newsContent__article__imgCapa--noCaption\" src=\"https:\/\/files.sunoresearch.com.br\/n\/uploads\/2019\/06\/d38a09be-petr\u00f3leo-800x450.webp\" width=\"800\" height=\"450\" alt=\"Ir\u00e3 afirma consequ\u00eancias devastadoras em caso de ataque dos EUA\" fetchpriority=high \/>\n\t\t\t<\/picture>\n\n\t\t\t<figcaption class=\"wp-caption-text wp-caption-text--hide\">Veja quais foram as not\u00edcias enquanto voc\u00ea se desligou no fim de ano<\/figcaption>\n\t\t<\/figure>\n\t<\/div>\n\n\n<p>As consequ\u00eancias ditas pelo pa\u00eds do <strong>Oriente M\u00e9dio<\/strong> s\u00e3o relacionadas a regi\u00e3o de muito interesse do pa\u00eds norte-americano. &#8220;Atirar uma bala em dire\u00e7\u00e3o ao <strong>Ir\u00e3<\/strong> ir\u00e1 provocar a destrui\u00e7\u00e3o dos interesses da <strong>Am\u00e9rica<\/strong> e de seus aliados na regi\u00e3o&#8221;, disse o porta-voz das<strong> For\u00e7as Armadas iranianas<\/strong>, <strong>Abolfazl Shekarchi<\/strong>.<\/p>\n<p>O ataque proposto pelo presidente americano seria uma retalia\u00e7\u00e3o pela derrubada de um <strong>drone <\/strong>de<strong> vigil\u00e2ncia <\/strong>dos<strong> EUA<\/strong> no espa\u00e7o a\u00e9reo sobre o <strong>Estreito de Ormuz<\/strong>. Mas\u00a0<strong>Trump<\/strong> desistiu de ideia nos \u00faltimos minutos.<\/p>\n\t<p>\n\t\t<a href=\"https:\/\/lp.statusinvest.com.br\/ao\/assessoria-status-invest\/\" target=\"_blank\" data-element=\"shortcode-suno-banner\" title=\"Banner SUNO, clique e saiba mais\">\n\t\t\t<picture>\n\t\t\t\t<source media=\"(max-width: 500px)\" srcset=\"https:\/\/files.sunoresearch.com.br\/n\/uploads\/2024\/03\/400x300-Mobile.png\">\n\t\t\t\t<img class=\"newsContent__article__imgCapa newsContent__article__imgCapa--banner\"\n\t\t\t\t\tsrc=\"https:\/\/files.sunoresearch.com.br\/n\/uploads\/2024\/03\/1420x240-Desktop.png\"\n\t\t\t\t\tdata-promo-id=\"537248\"\t\t\t\t\t\t\t\t\t\twidth='1400' height='240'\t\t\t\t\talt=\"https:\/\/files.sunoresearch.com.br\/n\/uploads\/2024\/03\/1420x240-Desktop.png\"\n\t\t\t\t>\n\t\t\t<\/picture>\n\t\t<\/a>\n\t<\/p>\n\n\n<h2>Amea\u00e7as<\/h2>\n<p>Em sua conta no Twitter o presidente americano afirmou que &#8220;est\u00e1vamos armados e prontos para <strong>revidar<\/strong> contra tr\u00eas locais diferentes quando perguntei quantas [pessoas] iriam morrer. 150 pessoas, senhor. Foi a resposta de um general 10 minutos antes do<strong> ataque<\/strong>, eu o parei, seria <strong>desproporcional<\/strong> comparado a um ataque a um <strong>drone<\/strong>.&#8221;<\/p>\n<p class=\"twitter-tweet\" data-lang=\"pt\">\n<p dir=\"ltr\" lang=\"en\">&#8230;.On Monday they shot down an unmanned drone flying in International Waters. We were cocked &amp; loaded to retaliate last night on 3 different sights when I asked, how many will die. 150 people, sir, was the answer from a General. 10 minutes before the strike I stopped it, not&#8230;.<\/p>\n<p>\u2014 Donald J. Trump (@realDonaldTrump) <a href=\"https:\/\/twitter.com\/realDonaldTrump\/status\/1142055388965212161?ref_src=twsrc%5Etfw\">21 de junho de 2019<\/a><\/p>\n<p><script async src=\"https:\/\/platform.twitter.com\/widgets.js\" charset=\"utf-8\"><\/script><\/p>\n<p>Ademais, <strong>Trump<\/strong> afirmou que n\u00e3o quer guerra com o pa\u00eds do <strong>Oriente M\u00e9dio<\/strong>, no entanto, se acontecesse, seria &#8220;uma <strong>aniquila\u00e7\u00e3o<\/strong> como nunca vista antes&#8221;. Dessa forma, <strong>Shekarchi<\/strong> disse que se acontecesse, &#8220;a <strong>Am\u00e9rica<\/strong>, seus interesses e os de seus aliados ser\u00e3o consumidos pelo fogo&#8221;.<\/p>\n<h2>Drone<\/h2>\n<p>As <strong>autoridades americanas <\/strong>e<strong> iranianas<\/strong> confirmaram a derrubada de um <strong>drone <\/strong>de<strong> vigil\u00e2ncia<\/strong> dos<strong> Estados Unidos<\/strong> na \u00faltima quinta-feira (20). Entretanto, o pa\u00eds do <strong>Oriente M\u00e9dio<\/strong> afirma que a aeronave havia violado o <strong>espa\u00e7o a\u00e9reo iraniano<\/strong>. Por sua vez, o pa\u00eds americano diz que n\u00e3o violou.<\/p>\n<p><a href=\"\/\/www.suno.com.br\/noticias\/petroleo-alta-eua-ira\/\">Saiba Mais:\u00a0Petr\u00f3leo opera em alta; Tens\u00f5es entre EUA e Ir\u00e3 aumentam<\/a><\/p>\n<p>O drone &#8220;foi abatido por um sistema de <strong>m\u00edsseis terra-ar iraniano<\/strong> enquanto operava no espa\u00e7o a\u00e9reo internacional sobre o <strong>Estreito de Ormuz<\/strong>. Este foi um ataque n\u00e3o provocado em um ativo de <strong>vigil\u00e2ncia <\/strong>dos EUA no <strong>espa\u00e7o a\u00e9reo internacional<\/strong>&#8220;, disse o<strong> Comando Central dos EUA<\/strong>.<\/p>\n<p>No entanto, o <strong>Ir\u00e3<\/strong> afirma ter &#8220;provas irrefut\u00e1veis&#8221; de que aeronave violou o espa\u00e7o a\u00e9reo iraniano. Al\u00e9m disso, o pa\u00eds escreveu ao<strong> Conselho de Seguran\u00e7a da ONU<\/strong> afirmando que foram medidas provocativas e muito perigosa dos EUA.<\/p>\n\t<p>\n\t\t<a href=\"https:\/\/lp.suno.com.br\/planilha-controle-gastos\/\" target=\"_blank\" data-element=\"shortcode-suno-banner\" title=\"Banner SUNO, clique e saiba mais\">\n\t\t\t<picture>\n\t\t\t\t<source media=\"(max-width: 500px)\" srcset=\"https:\/\/files.sunoresearch.com.br\/n\/uploads\/2023\/03\/400x300-Planilha-controle-de-gastos.png\">\n\t\t\t\t<img class=\"newsContent__article__imgCapa newsContent__article__imgCapa--banner\"\n\t\t\t\t\tsrc=\"https:\/\/files.sunoresearch.com.br\/n\/uploads\/2023\/03\/1420x240-Planilha-controle-de-gastos.png\"\n\t\t\t\t\tdata-promo-id=\"311945\"\t\t\t\t\t\t\t\t\t\twidth='1420' height='240'\t\t\t\t\talt=\"https:\/\/files.sunoresearch.com.br\/n\/uploads\/2023\/03\/1420x240-Planilha-controle-de-gastos.png\"\n\t\t\t\t>\n\t\t\t<\/picture>\n\t\t<\/a>\n\t<\/p>\n\n\n<h2>Companhias a\u00e9reas mudam de rota<\/h2>\n<p>As companhias a\u00e9reas <strong>KLM<\/strong>, <strong>Qantas<\/strong>, <strong>Singapore Airlines<\/strong>, <strong>Malaysia Airlines<\/strong> e <strong>Lufthansa<\/strong> est\u00e3o modificando suas rotas para evitar a regi\u00e3o do <strong>Estreito de Ormuz<\/strong>.<\/p>\n<p><a href=\"\/\/www.suno.com.br\/noticias\/companhias-aereas-mudam-rotas-para-evitar-regiao-do-ira\/\">Saiba Mais:\u00a0Companhias a\u00e9reas mudam rotas para evitar regi\u00e3o do Ir\u00e3<\/a><\/p>\n<p>As empresas n\u00e3o querem<strong> sobrevoar<\/strong> a \u00e1rea por causa do aumento das <strong>tens\u00f5es<\/strong> entre os <strong>EUA<\/strong> e o <strong>Ir\u00e3<\/strong>.<\/p>\n","protected":false},"excerpt":{"rendered":"<p>O Ir\u00e3 se manifestou neste s\u00e1bado (22) afirmando que se os Estados Unidos atacar seu territ\u00f3rio ter\u00e3o consequ\u00eancias devastadoras. A ame\u00e7a foi feita ap\u00f3s o presidente Donald Trump pronunciar, na \u00faltima sexta-feira (21), que desistiu do ataque militar\u00a0para evitar o alto n\u00famero de v\u00edtimas. Veja quais foram as not\u00edcias enquanto voc\u00ea se desligou no fim [&hellip;]<\/p>\n","protected":false},"author":15,"featured_media":28760,"comment_status":"closed","ping_status":"closed","sticky":false,"template":"","format":"standard","meta":[],"categories":[63],"tags":[793,1458],"suno_strategy":[],"class_list":["post-28874","post","type-post","status-publish","format-standard","has-post-thumbnail","hentry","category-internacional","tag-estados-unidos-eua","tag-ira"],"yoast_head":"<!-- This site is optimized with the Yoast SEO plugin v24.4 - https:\/\/yoast.com\/wordpress\/plugins\/seo\/ -->\n<title>Ir\u00e3 afirma consequ\u00eancias devastadoras em caso de ataque dos EUA<\/title>\n<meta name=\"description\" content=\"Neste s\u00e1bado (22), o Ir\u00e3 amea\u00e7ou os EUA caso o pa\u00eds americano decida atacar o seu territ\u00f3rio. Clique aqui e saiba mais\" \/>\n<meta name=\"robots\" content=\"index, follow, max-snippet:-1, max-image-preview:large, max-video-preview:-1\" \/>\n<link rel=\"canonical\" href=\"https:\/\/www.suno.com.br\/noticias\/ira-ameaca-ataque-guerra-eua\/\" \/>\n<meta property=\"og:locale\" content=\"pt_BR\" \/>\n<meta property=\"og:type\" content=\"article\" \/>\n<meta property=\"og:title\" content=\"Ir\u00e3 afirma consequ\u00eancias devastadoras em caso de ataque dos EUA\" \/>\n<meta property=\"og:description\" content=\"Neste s\u00e1bado (22), o Ir\u00e3 amea\u00e7ou os EUA caso o pa\u00eds americano decida atacar o seu territ\u00f3rio. Clique aqui e saiba mais\" \/>\n<meta property=\"og:url\" content=\"https:\/\/www.suno.com.br\/noticias\/ira-ameaca-ataque-guerra-eua\/\" \/>\n<meta property=\"og:site_name\" content=\"Suno Not\u00edcias\" \/>\n<meta property=\"article:publisher\" content=\"https:\/\/facebook.com\/sunoresearch\" \/>\n<meta property=\"og:image\" content=\"https:\/\/files.sunoresearch.com.br\/n\/uploads\/2019\/06\/d38a09be-petr\u00f3leo.jpeg\" \/>\n\t<meta property=\"og:image:width\" content=\"1250\" \/>\n\t<meta property=\"og:image:height\" content=\"1250\" \/>\n\t<meta property=\"og:image:type\" content=\"image\/jpeg\" \/>\n<meta name=\"author\" content=\"Poliana Santos\" \/>\n<meta name=\"twitter:card\" content=\"summary_large_image\" \/>\n<meta name=\"twitter:creator\" content=\"@sunoresearch\" \/>\n<meta name=\"twitter:site\" content=\"@sunoresearch\" \/>\n<meta name=\"twitter:label1\" content=\"Escrito por\" \/>\n\t<meta name=\"twitter:data1\" content=\"Poliana Santos\" \/>\n\t<meta name=\"twitter:label2\" content=\"Est. tempo de leitura\" \/>\n\t<meta name=\"twitter:data2\" content=\"3 minutos\" \/>\n<script type=\"application\/ld+json\" class=\"yoast-schema-graph\">{\"@context\":\"https:\/\/schema.org\",\"@graph\":[{\"@type\":\"NewsArticle\",\"@id\":\"https:\/\/www.suno.com.br\/noticias\/ira-ameaca-ataque-guerra-eua\/#article\",\"isPartOf\":{\"@id\":\"https:\/\/www.suno.com.br\/noticias\/ira-ameaca-ataque-guerra-eua\/\"},\"author\":{\"name\":\"Poliana Santos\",\"@id\":\"https:\/\/www.suno.com.br\/noticias\/#\/schema\/person\/02ec1f752758247878a2bf4abee1aeda\"},\"headline\":\"Ir\u00e3 afirma consequ\u00eancias devastadoras em caso de ataque dos EUA\",\"datePublished\":\"2019-06-22T14:25:44+00:00\",\"mainEntityOfPage\":{\"@id\":\"https:\/\/www.suno.com.br\/noticias\/ira-ameaca-ataque-guerra-eua\/\"},\"wordCount\":551,\"publisher\":{\"@id\":\"https:\/\/www.suno.com.br\/noticias\/#organization\"},\"image\":{\"@id\":\"https:\/\/www.suno.com.br\/noticias\/ira-ameaca-ataque-guerra-eua\/#primaryimage\"},\"thumbnailUrl\":\"https:\/\/files.sunoresearch.com.br\/n\/uploads\/2019\/06\/d38a09be-petr\u00f3leo-jpeg.webp\",\"keywords\":[\"Estados Unidos (EUA)\",\"Ir\u00e3\"],\"articleSection\":[\"Internacional\"],\"inLanguage\":\"pt-BR\"},{\"@type\":\"WebPage\",\"@id\":\"https:\/\/www.suno.com.br\/noticias\/ira-ameaca-ataque-guerra-eua\/\",\"url\":\"https:\/\/www.suno.com.br\/noticias\/ira-ameaca-ataque-guerra-eua\/\",\"name\":\"Ir\u00e3 afirma consequ\u00eancias devastadoras em caso de ataque dos EUA\",\"isPartOf\":{\"@id\":\"https:\/\/www.suno.com.br\/noticias\/#website\"},\"primaryImageOfPage\":{\"@id\":\"https:\/\/www.suno.com.br\/noticias\/ira-ameaca-ataque-guerra-eua\/#primaryimage\"},\"image\":{\"@id\":\"https:\/\/www.suno.com.br\/noticias\/ira-ameaca-ataque-guerra-eua\/#primaryimage\"},\"thumbnailUrl\":\"https:\/\/files.sunoresearch.com.br\/n\/uploads\/2019\/06\/d38a09be-petr\u00f3leo-jpeg.webp\",\"datePublished\":\"2019-06-22T14:25:44+00:00\",\"description\":\"Neste s\u00e1bado (22), o Ir\u00e3 amea\u00e7ou os EUA caso o pa\u00eds americano decida atacar o seu territ\u00f3rio. Clique aqui e saiba mais\",\"breadcrumb\":{\"@id\":\"https:\/\/www.suno.com.br\/noticias\/ira-ameaca-ataque-guerra-eua\/#breadcrumb\"},\"inLanguage\":\"pt-BR\",\"potentialAction\":[{\"@type\":\"ReadAction\",\"target\":[\"https:\/\/www.suno.com.br\/noticias\/ira-ameaca-ataque-guerra-eua\/\"]}]},{\"@type\":\"ImageObject\",\"inLanguage\":\"pt-BR\",\"@id\":\"https:\/\/www.suno.com.br\/noticias\/ira-ameaca-ataque-guerra-eua\/#primaryimage\",\"url\":\"https:\/\/files.sunoresearch.com.br\/n\/uploads\/2019\/06\/d38a09be-petr\u00f3leo-jpeg.webp\",\"contentUrl\":\"https:\/\/files.sunoresearch.com.br\/n\/uploads\/2019\/06\/d38a09be-petr\u00f3leo-jpeg.webp\",\"width\":1250,\"height\":1250,\"caption\":\"Veja quais foram as not\u00edcias enquanto voc\u00ea se desligou no fim de ano\"},{\"@type\":\"BreadcrumbList\",\"@id\":\"https:\/\/www.suno.com.br\/noticias\/ira-ameaca-ataque-guerra-eua\/#breadcrumb\",\"itemListElement\":[{\"@type\":\"ListItem\",\"position\":1,\"name\":\"Not\u00edcias\",\"item\":\"https:\/\/www.suno.com.br\/noticias\/\"},{\"@type\":\"ListItem\",\"position\":2,\"name\":\"Internacional\",\"item\":\"https:\/\/www.suno.com.br\/noticias\/internacional\/\"},{\"@type\":\"ListItem\",\"position\":3,\"name\":\"Ir\u00e3 afirma consequ\u00eancias devastadoras em caso de ataque dos EUA\"}]},{\"@type\":\"WebSite\",\"@id\":\"https:\/\/www.suno.com.br\/noticias\/#website\",\"url\":\"https:\/\/www.suno.com.br\/noticias\/\",\"name\":\"Suno Not\u00edcias\",\"description\":\"Seu portal de informa\u00e7\u00e3o sobre o mundo dos investimentos\",\"publisher\":{\"@id\":\"https:\/\/www.suno.com.br\/noticias\/#organization\"},\"potentialAction\":[{\"@type\":\"SearchAction\",\"target\":{\"@type\":\"EntryPoint\",\"urlTemplate\":\"https:\/\/www.suno.com.br\/noticias\/?s={search_term_string}\"},\"query-input\":{\"@type\":\"PropertyValueSpecification\",\"valueRequired\":true,\"valueName\":\"search_term_string\"}}],\"inLanguage\":\"pt-BR\"},{\"@type\":\"Organization\",\"@id\":\"https:\/\/www.suno.com.br\/noticias\/#organization\",\"name\":\"Suno Not\u00edcias\",\"url\":\"https:\/\/www.suno.com.br\/noticias\/\",\"logo\":{\"@type\":\"ImageObject\",\"inLanguage\":\"pt-BR\",\"@id\":\"https:\/\/www.suno.com.br\/noticias\/#\/schema\/logo\/image\/\",\"url\":\"https:\/\/files.sunoresearch.com.br\/n\/uploads\/2021\/09\/suno-logo.png\",\"contentUrl\":\"https:\/\/files.sunoresearch.com.br\/n\/uploads\/2021\/09\/suno-logo.png\",\"width\":180,\"height\":180,\"caption\":\"Suno Not\u00edcias\"},\"image\":{\"@id\":\"https:\/\/www.suno.com.br\/noticias\/#\/schema\/logo\/image\/\"},\"sameAs\":[\"https:\/\/facebook.com\/sunoresearch\",\"https:\/\/x.com\/sunoresearch\",\"https:\/\/www.instagram.com\/suno\",\"https:\/\/www.linkedin.com\/company\/suno-research\/\",\"https:\/\/www.youtube.com\/c\/sunoresearch\"]},{\"@type\":\"Person\",\"@id\":\"https:\/\/www.suno.com.br\/noticias\/#\/schema\/person\/02ec1f752758247878a2bf4abee1aeda\",\"name\":\"Poliana Santos\",\"image\":{\"@type\":\"ImageObject\",\"inLanguage\":\"pt-BR\",\"@id\":\"https:\/\/www.suno.com.br\/noticias\/#\/schema\/person\/image\/\",\"url\":\"https:\/\/secure.gravatar.com\/avatar\/0645bd32f23d87b2130f2b2dff1d3f8d?s=96&r=g\",\"contentUrl\":\"https:\/\/secure.gravatar.com\/avatar\/0645bd32f23d87b2130f2b2dff1d3f8d?s=96&r=g\",\"caption\":\"Poliana Santos\"},\"description\":\"Rep\u00f3rter no Suno Not\u00edcias, com cobertura em mercado financeiro, economia, finan\u00e7as pessoais, renda fixa e varejo. Jornalista formada pela Faculdade C\u00e1sper L\u00edbero e possui passagem na R\u00e1dio Gazeta AM com a produ\u00e7\u00e3o de conte\u00fado sobre economia, pol\u00edtica, sa\u00fade, moda e m\u00fasica. Possui certificado de conclus\u00e3o do curso de An\u00e1lise de Balan\u00e7os pela Funda\u00e7\u00e3o Bradesco, Agenda Brasil pela FAAP, Educa\u00e7\u00e3o Pol\u00edtica por Alexandre Garcia e do Tesouro Direto e Mercado de A\u00e7\u00f5es pela B3.\",\"url\":\"https:\/\/www.suno.com.br\/noticias\/author\/poliana-santos\/\"}]}<\/script>\n<!-- \/ Yoast SEO plugin. -->","yoast_head_json":{"title":"Ir\u00e3 afirma consequ\u00eancias devastadoras em caso de ataque dos EUA","description":"Neste s\u00e1bado (22), o Ir\u00e3 amea\u00e7ou os EUA caso o pa\u00eds americano decida atacar o seu territ\u00f3rio. Clique aqui e saiba mais","robots":{"index":"index","follow":"follow","max-snippet":"max-snippet:-1","max-image-preview":"max-image-preview:large","max-video-preview":"max-video-preview:-1"},"canonical":"https:\/\/www.suno.com.br\/noticias\/ira-ameaca-ataque-guerra-eua\/","og_locale":"pt_BR","og_type":"article","og_title":"Ir\u00e3 afirma consequ\u00eancias devastadoras em caso de ataque dos EUA","og_description":"Neste s\u00e1bado (22), o Ir\u00e3 amea\u00e7ou os EUA caso o pa\u00eds americano decida atacar o seu territ\u00f3rio. Clique aqui e saiba mais","og_url":"https:\/\/www.suno.com.br\/noticias\/ira-ameaca-ataque-guerra-eua\/","og_site_name":"Suno Not\u00edcias","article_publisher":"https:\/\/facebook.com\/sunoresearch","og_image":[{"width":1250,"height":1250,"url":"https:\/\/files.sunoresearch.com.br\/n\/uploads\/2019\/06\/d38a09be-petr\u00f3leo.jpeg","type":"image\/jpeg"}],"author":"Poliana Santos","twitter_card":"summary_large_image","twitter_creator":"@sunoresearch","twitter_site":"@sunoresearch","twitter_misc":{"Escrito por":"Poliana Santos","Est. tempo de leitura":"3 minutos"},"schema":{"@context":"https:\/\/schema.org","@graph":[{"@type":"NewsArticle","@id":"https:\/\/www.suno.com.br\/noticias\/ira-ameaca-ataque-guerra-eua\/#article","isPartOf":{"@id":"https:\/\/www.suno.com.br\/noticias\/ira-ameaca-ataque-guerra-eua\/"},"author":{"name":"Poliana Santos","@id":"https:\/\/www.suno.com.br\/noticias\/#\/schema\/person\/02ec1f752758247878a2bf4abee1aeda"},"headline":"Ir\u00e3 afirma consequ\u00eancias devastadoras em caso de ataque dos EUA","datePublished":"2019-06-22T14:25:44+00:00","mainEntityOfPage":{"@id":"https:\/\/www.suno.com.br\/noticias\/ira-ameaca-ataque-guerra-eua\/"},"wordCount":551,"publisher":{"@id":"https:\/\/www.suno.com.br\/noticias\/#organization"},"image":{"@id":"https:\/\/www.suno.com.br\/noticias\/ira-ameaca-ataque-guerra-eua\/#primaryimage"},"thumbnailUrl":"https:\/\/files.sunoresearch.com.br\/n\/uploads\/2019\/06\/d38a09be-petr\u00f3leo-jpeg.webp","keywords":["Estados Unidos (EUA)","Ir\u00e3"],"articleSection":["Internacional"],"inLanguage":"pt-BR"},{"@type":"WebPage","@id":"https:\/\/www.suno.com.br\/noticias\/ira-ameaca-ataque-guerra-eua\/","url":"https:\/\/www.suno.com.br\/noticias\/ira-ameaca-ataque-guerra-eua\/","name":"Ir\u00e3 afirma consequ\u00eancias devastadoras em caso de ataque dos EUA","isPartOf":{"@id":"https:\/\/www.suno.com.br\/noticias\/#website"},"primaryImageOfPage":{"@id":"https:\/\/www.suno.com.br\/noticias\/ira-ameaca-ataque-guerra-eua\/#primaryimage"},"image":{"@id":"https:\/\/www.suno.com.br\/noticias\/ira-ameaca-ataque-guerra-eua\/#primaryimage"},"thumbnailUrl":"https:\/\/files.sunoresearch.com.br\/n\/uploads\/2019\/06\/d38a09be-petr\u00f3leo-jpeg.webp","datePublished":"2019-06-22T14:25:44+00:00","description":"Neste s\u00e1bado (22), o Ir\u00e3 amea\u00e7ou os EUA caso o pa\u00eds americano decida atacar o seu territ\u00f3rio. Clique aqui e saiba mais","breadcrumb":{"@id":"https:\/\/www.suno.com.br\/noticias\/ira-ameaca-ataque-guerra-eua\/#breadcrumb"},"inLanguage":"pt-BR","potentialAction":[{"@type":"ReadAction","target":["https:\/\/www.suno.com.br\/noticias\/ira-ameaca-ataque-guerra-eua\/"]}]},{"@type":"ImageObject","inLanguage":"pt-BR","@id":"https:\/\/www.suno.com.br\/noticias\/ira-ameaca-ataque-guerra-eua\/#primaryimage","url":"https:\/\/files.sunoresearch.com.br\/n\/uploads\/2019\/06\/d38a09be-petr\u00f3leo-jpeg.webp","contentUrl":"https:\/\/files.sunoresearch.com.br\/n\/uploads\/2019\/06\/d38a09be-petr\u00f3leo-jpeg.webp","width":1250,"height":1250,"caption":"Veja quais foram as not\u00edcias enquanto voc\u00ea se desligou no fim de ano"},{"@type":"BreadcrumbList","@id":"https:\/\/www.suno.com.br\/noticias\/ira-ameaca-ataque-guerra-eua\/#breadcrumb","itemListElement":[{"@type":"ListItem","position":1,"name":"Not\u00edcias","item":"https:\/\/www.suno.com.br\/noticias\/"},{"@type":"ListItem","position":2,"name":"Internacional","item":"https:\/\/www.suno.com.br\/noticias\/internacional\/"},{"@type":"ListItem","position":3,"name":"Ir\u00e3 afirma consequ\u00eancias devastadoras em caso de ataque dos EUA"}]},{"@type":"WebSite","@id":"https:\/\/www.suno.com.br\/noticias\/#website","url":"https:\/\/www.suno.com.br\/noticias\/","name":"Suno Not\u00edcias","description":"Seu portal de informa\u00e7\u00e3o sobre o mundo dos investimentos","publisher":{"@id":"https:\/\/www.suno.com.br\/noticias\/#organization"},"potentialAction":[{"@type":"SearchAction","target":{"@type":"EntryPoint","urlTemplate":"https:\/\/www.suno.com.br\/noticias\/?s={search_term_string}"},"query-input":{"@type":"PropertyValueSpecification","valueRequired":true,"valueName":"search_term_string"}}],"inLanguage":"pt-BR"},{"@type":"Organization","@id":"https:\/\/www.suno.com.br\/noticias\/#organization","name":"Suno Not\u00edcias","url":"https:\/\/www.suno.com.br\/noticias\/","logo":{"@type":"ImageObject","inLanguage":"pt-BR","@id":"https:\/\/www.suno.com.br\/noticias\/#\/schema\/logo\/image\/","url":"https:\/\/files.sunoresearch.com.br\/n\/uploads\/2021\/09\/suno-logo.png","contentUrl":"https:\/\/files.sunoresearch.com.br\/n\/uploads\/2021\/09\/suno-logo.png","width":180,"height":180,"caption":"Suno Not\u00edcias"},"image":{"@id":"https:\/\/www.suno.com.br\/noticias\/#\/schema\/logo\/image\/"},"sameAs":["https:\/\/facebook.com\/sunoresearch","https:\/\/x.com\/sunoresearch","https:\/\/www.instagram.com\/suno","https:\/\/www.linkedin.com\/company\/suno-research\/","https:\/\/www.youtube.com\/c\/sunoresearch"]},{"@type":"Person","@id":"https:\/\/www.suno.com.br\/noticias\/#\/schema\/person\/02ec1f752758247878a2bf4abee1aeda","name":"Poliana Santos","image":{"@type":"ImageObject","inLanguage":"pt-BR","@id":"https:\/\/www.suno.com.br\/noticias\/#\/schema\/person\/image\/","url":"https:\/\/secure.gravatar.com\/avatar\/0645bd32f23d87b2130f2b2dff1d3f8d?s=96&r=g","contentUrl":"https:\/\/secure.gravatar.com\/avatar\/0645bd32f23d87b2130f2b2dff1d3f8d?s=96&r=g","caption":"Poliana Santos"},"description":"Rep\u00f3rter no Suno Not\u00edcias, com cobertura em mercado financeiro, economia, finan\u00e7as pessoais, renda fixa e varejo. Jornalista formada pela Faculdade C\u00e1sper L\u00edbero e possui passagem na R\u00e1dio Gazeta AM com a produ\u00e7\u00e3o de conte\u00fado sobre economia, pol\u00edtica, sa\u00fade, moda e m\u00fasica. Possui certificado de conclus\u00e3o do curso de An\u00e1lise de Balan\u00e7os pela Funda\u00e7\u00e3o Bradesco, Agenda Brasil pela FAAP, Educa\u00e7\u00e3o Pol\u00edtica por Alexandre Garcia e do Tesouro Direto e Mercado de A\u00e7\u00f5es pela B3.","url":"https:\/\/www.suno.com.br\/noticias\/author\/poliana-santos\/"}]}},"default_loop_html":"<div class=\"cardsPage__listCard__boxs\"><div class=\"cardsPage__listCard__boxs__img\"><a href=\"https:\/\/www.suno.com.br\/noticias\/ira-ameaca-ataque-guerra-eua\/\"><img class=\"mask\" src=\"https:\/\/www.suno.com.br\/noticias\/wp-content\/themes\/suno\/resources\/images\/spotlight\/spotlight1img\/bg-mask.png\" alt=\"Image Mask\"\/><img src=\"https:\/\/files.sunoresearch.com.br\/n\/uploads\/2019\/06\/d38a09be-petr\u00f3leo-400x200.webp\" alt=\"Ir\u00e3 afirma consequ\u00eancias devastadoras em caso de ataque dos EUA\"\/><\/a><span class=\"spotlightCategory\"><a href=\"https:\/\/www.suno.com.br\/noticias\/internacional\/\">Internacional<\/a><\/span><\/div><div class=\"cardsPage__listCard__boxs__content\"><a href=\"https:\/\/www.suno.com.br\/noticias\/ira-ameaca-ataque-guerra-eua\/\"><h2 class=\"content__title\">Ir\u00e3 afirma consequ\u00eancias devastadoras em caso de ataque dos EUA<\/h2><\/a><div class=\"newsContent__article__meta\"><div class=\"newsContent__article__meta__authorBox\"><a href=\"https:\/\/www.suno.com.br\/noticias\/author\/poliana-santos\/\" class=\"authorBox__avatar noMobi\"><img src=\"https:\/\/files.sunoresearch.com.br\/n\/uploads\/2020\/08\/7ef34026-whatsapp-image-2020-08-03-at-12.37.57-150x150.webp\" alt=\"Poliana Santos\"><\/a><div class=\"authorBox__name\"><span>por\n\t\t\t<a href=\"https:\/\/www.suno.com.br\/noticias\/author\/poliana-santos\/\"><span itemprop=\"author\">Poliana Santos<\/span><\/a><\/span><time datetime=\"2019-06-22T11:25:44-03:00\" itemprop=\"datePublished\">22\/06\/2019 11:25<\/time><\/div><\/div><\/div><\/div><\/div>","single_layout":"posts","amp_enabled":true,"_links":{"self":[{"href":"https:\/\/www.suno.com.br\/noticias\/wp-json\/wp\/v2\/posts\/28874"}],"collection":[{"href":"https:\/\/www.suno.com.br\/noticias\/wp-json\/wp\/v2\/posts"}],"about":[{"href":"https:\/\/www.suno.com.br\/noticias\/wp-json\/wp\/v2\/types\/post"}],"author":[{"embeddable":true,"href":"https:\/\/www.suno.com.br\/noticias\/wp-json\/wp\/v2\/users\/15"}],"replies":[{"embeddable":true,"href":"https:\/\/www.suno.com.br\/noticias\/wp-json\/wp\/v2\/comments?post=28874"}],"version-history":[{"count":0,"href":"https:\/\/www.suno.com.br\/noticias\/wp-json\/wp\/v2\/posts\/28874\/revisions"}],"wp:featuredmedia":[{"embeddable":true,"href":"https:\/\/www.suno.com.br\/noticias\/wp-json\/wp\/v2\/media\/28760"}],"wp:attachment":[{"href":"https:\/\/www.suno.com.br\/noticias\/wp-json\/wp\/v2\/media?parent=28874"}],"wp:term":[{"taxonomy":"category","embeddable":true,"href":"https:\/\/www.suno.com.br\/noticias\/wp-json\/wp\/v2\/categories?post=28874"},{"taxonomy":"post_tag","embeddable":true,"href":"https:\/\/www.suno.com.br\/noticias\/wp-json\/wp\/v2\/tags?post=28874"},{"taxonomy":"suno_strategy","embeddable":true,"href":"https:\/\/www.suno.com.br\/noticias\/wp-json\/wp\/v2\/suno_strategy?post=28874"}],"curies":[{"name":"wp","href":"https:\/\/api.w.org\/{rel}","templated":true}]}}