{"id":28863,"date":"2019-06-21T20:23:46","date_gmt":"2019-06-21T23:23:46","guid":{"rendered":"https:\/\/www.suno.com.br\/noticias\/?p=28863"},"modified":"2021-06-13T23:43:14","modified_gmt":"2021-06-14T02:43:14","slug":"companhias-aereas-mudam-rotas-para-evitar-regiao-do-ira","status":"publish","type":"post","link":"https:\/\/www.suno.com.br\/noticias\/companhias-aereas-mudam-rotas-para-evitar-regiao-do-ira\/","title":{"rendered":"Companhias a\u00e9reas mudam rotas para evitar regi\u00e3o do Ir\u00e3"},"content":{"rendered":"<p>As grandes companhias a\u00e9reas internacional est\u00e3o modificando suas rotas para evitar a regi\u00e3o do <strong>Estreito<\/strong> <strong>de<\/strong> <strong>Ormuz.<\/strong> As empresas n\u00e3o querem sobrevoar a \u00e1rea por causa do aumento das tens\u00f5es entre os <strong>Estados Unidos<\/strong> e o Ir\u00e3.<\/p>\t<div class=\"wrapper-featured-image\">\n\t\t<figure class=\"spotlightImg\">\n\n\t\t\t<picture>\n\t\t\t\t<source media=\"(max-width: 768px)\" srcset=\"https:\/\/files.sunoresearch.com.br\/n\/uploads\/2019\/04\/3a5c2da3-avianca-400x200.webp\">\n\t\t\t\t<img loading=\"lazy\" decoding=\"async\" class=\"newsContent__article__imgCapa lazyloadDisabled newsContent__article__imgCapa--noCaption\" src=\"https:\/\/files.sunoresearch.com.br\/n\/uploads\/2019\/04\/3a5c2da3-avianca-jpg.webp\" width=\"800\" height=\"450\" alt=\"Companhias a\u00e9reas mudam rotas para evitar regi\u00e3o do Ir\u00e3\" fetchpriority=high \/>\n\t\t\t<\/picture>\n\n\t\t\t<figcaption class=\"wp-caption-text wp-caption-text--hide\">Transporte a\u00e9reo registrou um preju\u00edzo de R$ 397 mi no 1\u00ba tri de 2019<\/figcaption>\n\t\t<\/figure>\n\t<\/div>\n\n\n<p><a href=\"https:\/\/www.suno.com.br\/noticias\/petroleo-alta-tensoes-eua-ira\/\">Saiba mais: Petr\u00f3leo fecha em forte alta por causa das tens\u00f5es entre EUA e Ir\u00e3\u00a0<\/a><\/p>\n<p>Os militares iranianos derrubaram um drone norte-americano na madrugada da \u00faltima quinta-feira (22). Os <strong>EUA<\/strong> acusaram a <strong>Rep\u00fablica Isl\u00e2mica<\/strong> de ter atacado o vel\u00edvolo enquanto sobrevoava \u00e1guas internacionais. Por outro lado, o <strong>Ir\u00e3<\/strong> afirmou que a aeronave tinha invadido seu espa\u00e7o a\u00e9reo de maneira desautorizada.<\/p>\n<h2>EUA alertaram as a\u00e9reas<\/h2>\n<p>O governo dos <strong>Estados Unidos<\/strong> alertou as companhias a\u00e9reas que avi\u00f5es comerciais poderiam ser atacados por engano se sobrevoassem a regi\u00e3o. Por isso, a <strong>Qantas, British Airways, KLM<\/strong> e <strong>Lufthansa<\/strong> j\u00e1 est\u00e3o seguindo a orienta\u00e7\u00e3o e mudaram de rota.<\/p>\n<p>As tens\u00f5es entre <strong>Washington<\/strong> e <strong>Teer\u00e3<\/strong> aumentaram na madrugada desta sexta-feira (21). O presidente americano, <strong>Donald Trump,<\/strong> autorizou um ataque contra o <strong>Ir\u00e3,<\/strong> recuando poucos minutos antes do in\u00edcio dos bombardeios.<\/p>\n\t<p>\n\t\t<a href=\"https:\/\/www.suno.com.br\/asset\/fundos\/suno-acoes-xp-seg-prev\/\" target=\"_blank\" data-element=\"shortcode-suno-banner\" title=\"Banner SUNO, clique e saiba mais\">\n\t\t\t<picture>\n\t\t\t\t<source media=\"(max-width: 500px)\" srcset=\"https:\/\/files.sunoresearch.com.br\/n\/uploads\/2023\/10\/SUNOPREV-400x300-Mobile-Artigos-3.png\">\n\t\t\t\t<img class=\"newsContent__article__imgCapa newsContent__article__imgCapa--banner\"\n\t\t\t\t\tsrc=\"https:\/\/files.sunoresearch.com.br\/n\/uploads\/2023\/10\/SUNOPREV-1420x240-Banner-Artigos-1-_-Banner-Materias-1.png\"\n\t\t\t\t\tdata-promo-id=\"476310\"\t\t\t\t\t\t\t\t\t\twidth='1420' height='240'\t\t\t\t\talt=\"https:\/\/files.sunoresearch.com.br\/n\/uploads\/2023\/10\/SUNOPREV-1420x240-Banner-Artigos-1-_-Banner-Materias-1.png\"\n\t\t\t\t>\n\t\t\t<\/picture>\n\t\t<\/a>\n\t<\/p>\n\n\n<p>Por sua vez, o comandante da Guarda Revolucion\u00e1ria da <strong>Rep\u00fablica Isl\u00e2mica,<\/strong> general Hossein Salami, declarou que o pa\u00eds n\u00e3o tem &#8220;qualquer inten\u00e7\u00e3o de guerra&#8221;. Entretanto, segundo o militar, o <strong>Ir\u00e3<\/strong> est\u00e1 &#8220;totalmente pronto para a guerra&#8221;.<\/p>\n<h2>Pre\u00e7o do petr\u00f3leo nas alturas<\/h2>\n<p>O abatimento do drone norte-americano por parte dos iranianos e a poss\u00edvel resposta militar de <strong>Washington<\/strong> geram temores de um poss\u00edvel fechamento do <strong>Estreito<\/strong> <strong>de<\/strong> <strong>Ormuz.<\/strong> A art\u00e9ria naval \u00e9 fundamental para o fornecimento petrol\u00edfero mundial, j\u00e1 que \u00e9 atravessada por 25% do total de petr\u00f3leo produzido no planeta.<\/p>\n<p><a href=\"https:\/\/www.suno.com.br\/noticias\/petroleo-alta-eua-ira\/\">Saiba mais:\u00a0Petr\u00f3leo opera em alta; Tens\u00f5es entre EUA e Ir\u00e3 aumentam<\/a><\/p>\n<p>Por isso, as cota\u00e7\u00f5es internacionais do petr\u00f3leo est\u00e3o subindo sensivelmente. Na \u00faltima quinta-feira (20), o <strong>petr\u00f3leo Brent<\/strong> &#8211; usado como refer\u00eancia pela Petrobras &#8211; fechou com uma alta de 4,4% sendo negociado a US$ 64,50. Nesta sexta-feira (21) o <strong>barril<\/strong>\u00a0do Brent registrava uma alta de 0,2% sendo cotado a R$ 65,33.<\/p>\n\t<p>\n\t\t<a href=\"https:\/\/lp.suno.com.br\/ebook-como-analisar-uma-acao\/\" target=\"_blank\" data-element=\"shortcode-suno-banner\" title=\"Banner SUNO, clique e saiba mais\">\n\t\t\t<picture>\n\t\t\t\t<source media=\"(max-width: 500px)\" srcset=\"https:\/\/files.sunoresearch.com.br\/n\/uploads\/2023\/03\/Ebook-Acoes-Mobile.jpg\">\n\t\t\t\t<img class=\"newsContent__article__imgCapa newsContent__article__imgCapa--banner\"\n\t\t\t\t\tsrc=\"https:\/\/files.sunoresearch.com.br\/n\/uploads\/2023\/03\/Ebook-Acoes-Desktop.jpg\"\n\t\t\t\t\tdata-promo-id=\"311946\"\t\t\t\t\t\t\t\t\t\twidth='1420' height='286'\t\t\t\t\talt=\"https:\/\/files.sunoresearch.com.br\/n\/uploads\/2023\/03\/Ebook-Acoes-Desktop.jpg\"\n\t\t\t\t>\n\t\t\t<\/picture>\n\t\t<\/a>\n\t<\/p>\n\n\n<p>Na semana passada, os <strong>EUA<\/strong> acusaram os iranianos de atacar dois navios petroleiros que navegavam na regi\u00e3o. Por sua vez, o <strong>Ir\u00e3<\/strong> informou que na pr\u00f3xima semana seu estoque de ur\u00e2nio enriquecido ir\u00e1 ultrapassar os limites estabelecidos pelo acordo nuclear assinado com uma s\u00e9rie de pa\u00edses, entre os quais os <strong>Estados Unidos.<\/strong> Entretanto, o presidente <strong>Trump<\/strong> decidiu retirar os EUA do acordo<\/p>\n","protected":false},"excerpt":{"rendered":"<p>As grandes companhias a\u00e9reas internacional est\u00e3o modificando suas rotas para evitar a regi\u00e3o do Estreito de Ormuz. As empresas n\u00e3o querem sobrevoar a \u00e1rea por causa do aumento das tens\u00f5es entre os Estados Unidos e o Ir\u00e3. Transporte a\u00e9reo registrou um preju\u00edzo de R$ 397 mi no 1\u00ba tri de 2019 Saiba mais: Petr\u00f3leo fecha [&hellip;]<\/p>\n","protected":false},"author":9,"featured_media":20777,"comment_status":"closed","ping_status":"closed","sticky":false,"template":"","format":"standard","meta":[],"categories":[63],"tags":[793,1458,766],"suno_strategy":[],"class_list":["post-28863","post","type-post","status-publish","format-standard","has-post-thumbnail","hentry","category-internacional","tag-estados-unidos-eua","tag-ira","tag-petroleo"],"yoast_head":"<!-- This site is optimized with the Yoast SEO plugin v24.4 - https:\/\/yoast.com\/wordpress\/plugins\/seo\/ -->\n<title>Companhias a\u00e9reas mudam rotas para evitar regi\u00e3o do Ir\u00e3<\/title>\n<meta name=\"description\" content=\"As empresas n\u00e3o querem sobrevoar o Estreito de Ormuz por causa do aumento das tens\u00f5es entre os EUA e o Ir\u00e3. Clique aqui para saber mais.\" \/>\n<meta name=\"robots\" content=\"index, follow, max-snippet:-1, max-image-preview:large, max-video-preview:-1\" \/>\n<link rel=\"canonical\" href=\"https:\/\/www.suno.com.br\/noticias\/companhias-aereas-mudam-rotas-para-evitar-regiao-do-ira\/\" \/>\n<meta property=\"og:locale\" content=\"pt_BR\" \/>\n<meta property=\"og:type\" content=\"article\" \/>\n<meta property=\"og:title\" content=\"Companhias a\u00e9reas mudam rotas para evitar regi\u00e3o do Ir\u00e3\" \/>\n<meta property=\"og:description\" content=\"As empresas n\u00e3o querem sobrevoar o Estreito de Ormuz por causa do aumento das tens\u00f5es entre os EUA e o Ir\u00e3. Clique aqui para saber mais.\" \/>\n<meta property=\"og:url\" content=\"https:\/\/www.suno.com.br\/noticias\/companhias-aereas-mudam-rotas-para-evitar-regiao-do-ira\/\" \/>\n<meta property=\"og:site_name\" content=\"Suno Not\u00edcias\" \/>\n<meta property=\"article:publisher\" content=\"https:\/\/facebook.com\/sunoresearch\" \/>\n<meta property=\"og:image\" content=\"https:\/\/files.sunoresearch.com.br\/n\/uploads\/2019\/04\/3a5c2da3-avianca.jpg\" \/>\n\t<meta property=\"og:image:width\" content=\"727\" \/>\n\t<meta property=\"og:image:height\" content=\"474\" \/>\n\t<meta property=\"og:image:type\" content=\"image\/jpeg\" \/>\n<meta name=\"author\" content=\"Carlo Cauti\" \/>\n<meta name=\"twitter:card\" content=\"summary_large_image\" \/>\n<meta name=\"twitter:creator\" content=\"@sunoresearch\" \/>\n<meta name=\"twitter:site\" content=\"@sunoresearch\" \/>\n<meta name=\"twitter:label1\" content=\"Escrito por\" \/>\n\t<meta name=\"twitter:data1\" content=\"Carlo Cauti\" \/>\n\t<meta name=\"twitter:label2\" content=\"Est. tempo de leitura\" \/>\n\t<meta name=\"twitter:data2\" content=\"2 minutos\" \/>\n<script type=\"application\/ld+json\" class=\"yoast-schema-graph\">{\"@context\":\"https:\/\/schema.org\",\"@graph\":[{\"@type\":\"NewsArticle\",\"@id\":\"https:\/\/www.suno.com.br\/noticias\/companhias-aereas-mudam-rotas-para-evitar-regiao-do-ira\/#article\",\"isPartOf\":{\"@id\":\"https:\/\/www.suno.com.br\/noticias\/companhias-aereas-mudam-rotas-para-evitar-regiao-do-ira\/\"},\"author\":{\"name\":\"Carlo Cauti\",\"@id\":\"https:\/\/www.suno.com.br\/noticias\/#\/schema\/person\/e6e0f723cc177805027f4566c1d5e0c8\"},\"headline\":\"Companhias a\u00e9reas mudam rotas para evitar regi\u00e3o do Ir\u00e3\",\"datePublished\":\"2019-06-21T23:23:46+00:00\",\"dateModified\":\"2021-06-14T02:43:14+00:00\",\"mainEntityOfPage\":{\"@id\":\"https:\/\/www.suno.com.br\/noticias\/companhias-aereas-mudam-rotas-para-evitar-regiao-do-ira\/\"},\"wordCount\":438,\"publisher\":{\"@id\":\"https:\/\/www.suno.com.br\/noticias\/#organization\"},\"image\":{\"@id\":\"https:\/\/www.suno.com.br\/noticias\/companhias-aereas-mudam-rotas-para-evitar-regiao-do-ira\/#primaryimage\"},\"thumbnailUrl\":\"https:\/\/files.sunoresearch.com.br\/n\/uploads\/2019\/04\/3a5c2da3-avianca-jpg.webp\",\"keywords\":[\"Estados Unidos (EUA)\",\"Ir\u00e3\",\"Petr\u00f3leo\"],\"articleSection\":[\"Internacional\"],\"inLanguage\":\"pt-BR\"},{\"@type\":\"WebPage\",\"@id\":\"https:\/\/www.suno.com.br\/noticias\/companhias-aereas-mudam-rotas-para-evitar-regiao-do-ira\/\",\"url\":\"https:\/\/www.suno.com.br\/noticias\/companhias-aereas-mudam-rotas-para-evitar-regiao-do-ira\/\",\"name\":\"Companhias a\u00e9reas mudam rotas para evitar regi\u00e3o do Ir\u00e3\",\"isPartOf\":{\"@id\":\"https:\/\/www.suno.com.br\/noticias\/#website\"},\"primaryImageOfPage\":{\"@id\":\"https:\/\/www.suno.com.br\/noticias\/companhias-aereas-mudam-rotas-para-evitar-regiao-do-ira\/#primaryimage\"},\"image\":{\"@id\":\"https:\/\/www.suno.com.br\/noticias\/companhias-aereas-mudam-rotas-para-evitar-regiao-do-ira\/#primaryimage\"},\"thumbnailUrl\":\"https:\/\/files.sunoresearch.com.br\/n\/uploads\/2019\/04\/3a5c2da3-avianca-jpg.webp\",\"datePublished\":\"2019-06-21T23:23:46+00:00\",\"dateModified\":\"2021-06-14T02:43:14+00:00\",\"description\":\"As empresas n\u00e3o querem sobrevoar o Estreito de Ormuz por causa do aumento das tens\u00f5es entre os EUA e o Ir\u00e3. Clique aqui para saber mais.\",\"breadcrumb\":{\"@id\":\"https:\/\/www.suno.com.br\/noticias\/companhias-aereas-mudam-rotas-para-evitar-regiao-do-ira\/#breadcrumb\"},\"inLanguage\":\"pt-BR\",\"potentialAction\":[{\"@type\":\"ReadAction\",\"target\":[\"https:\/\/www.suno.com.br\/noticias\/companhias-aereas-mudam-rotas-para-evitar-regiao-do-ira\/\"]}]},{\"@type\":\"ImageObject\",\"inLanguage\":\"pt-BR\",\"@id\":\"https:\/\/www.suno.com.br\/noticias\/companhias-aereas-mudam-rotas-para-evitar-regiao-do-ira\/#primaryimage\",\"url\":\"https:\/\/files.sunoresearch.com.br\/n\/uploads\/2019\/04\/3a5c2da3-avianca-jpg.webp\",\"contentUrl\":\"https:\/\/files.sunoresearch.com.br\/n\/uploads\/2019\/04\/3a5c2da3-avianca-jpg.webp\",\"width\":727,\"height\":474,\"caption\":\"Transporte a\u00e9reo registrou um preju\u00edzo de R$ 397 mi no 1\u00ba tri de 2019\"},{\"@type\":\"BreadcrumbList\",\"@id\":\"https:\/\/www.suno.com.br\/noticias\/companhias-aereas-mudam-rotas-para-evitar-regiao-do-ira\/#breadcrumb\",\"itemListElement\":[{\"@type\":\"ListItem\",\"position\":1,\"name\":\"Not\u00edcias\",\"item\":\"https:\/\/www.suno.com.br\/noticias\/\"},{\"@type\":\"ListItem\",\"position\":2,\"name\":\"Internacional\",\"item\":\"https:\/\/www.suno.com.br\/noticias\/internacional\/\"},{\"@type\":\"ListItem\",\"position\":3,\"name\":\"Companhias a\u00e9reas mudam rotas para evitar regi\u00e3o do Ir\u00e3\"}]},{\"@type\":\"WebSite\",\"@id\":\"https:\/\/www.suno.com.br\/noticias\/#website\",\"url\":\"https:\/\/www.suno.com.br\/noticias\/\",\"name\":\"Suno Not\u00edcias\",\"description\":\"Seu portal de informa\u00e7\u00e3o sobre o mundo dos investimentos\",\"publisher\":{\"@id\":\"https:\/\/www.suno.com.br\/noticias\/#organization\"},\"potentialAction\":[{\"@type\":\"SearchAction\",\"target\":{\"@type\":\"EntryPoint\",\"urlTemplate\":\"https:\/\/www.suno.com.br\/noticias\/?s={search_term_string}\"},\"query-input\":{\"@type\":\"PropertyValueSpecification\",\"valueRequired\":true,\"valueName\":\"search_term_string\"}}],\"inLanguage\":\"pt-BR\"},{\"@type\":\"Organization\",\"@id\":\"https:\/\/www.suno.com.br\/noticias\/#organization\",\"name\":\"Suno Not\u00edcias\",\"url\":\"https:\/\/www.suno.com.br\/noticias\/\",\"logo\":{\"@type\":\"ImageObject\",\"inLanguage\":\"pt-BR\",\"@id\":\"https:\/\/www.suno.com.br\/noticias\/#\/schema\/logo\/image\/\",\"url\":\"https:\/\/files.sunoresearch.com.br\/n\/uploads\/2021\/09\/suno-logo.png\",\"contentUrl\":\"https:\/\/files.sunoresearch.com.br\/n\/uploads\/2021\/09\/suno-logo.png\",\"width\":180,\"height\":180,\"caption\":\"Suno Not\u00edcias\"},\"image\":{\"@id\":\"https:\/\/www.suno.com.br\/noticias\/#\/schema\/logo\/image\/\"},\"sameAs\":[\"https:\/\/facebook.com\/sunoresearch\",\"https:\/\/x.com\/sunoresearch\",\"https:\/\/www.instagram.com\/suno\",\"https:\/\/www.linkedin.com\/company\/suno-research\/\",\"https:\/\/www.youtube.com\/c\/sunoresearch\"]},{\"@type\":\"Person\",\"@id\":\"https:\/\/www.suno.com.br\/noticias\/#\/schema\/person\/e6e0f723cc177805027f4566c1d5e0c8\",\"name\":\"Carlo Cauti\",\"image\":{\"@type\":\"ImageObject\",\"inLanguage\":\"pt-BR\",\"@id\":\"https:\/\/www.suno.com.br\/noticias\/#\/schema\/person\/image\/\",\"url\":\"https:\/\/secure.gravatar.com\/avatar\/3ada9e0bd164c23abd4792a9606d583c?s=96&r=g\",\"contentUrl\":\"https:\/\/secure.gravatar.com\/avatar\/3ada9e0bd164c23abd4792a9606d583c?s=96&r=g\",\"caption\":\"Carlo Cauti\"},\"description\":\"Editor multim\u00eddia do SUNO Not\u00edcias. Italiano, formado em Ci\u00eancias Pol\u00edticas pela universidade LUISS G. Carli de Roma e mestre cum laude em Rela\u00e7\u00f5es Internacionais, Jornalismo Internacional e de Guerra e em Economia Internacional. Concluiu tamb\u00e9m um MBA em Finan\u00e7as na B3. No Brasil, teve passagem por ve\u00edculos como Estad\u00e3o, Globo, Veja e EXAME. e nas ag\u00eancias de not\u00edcias italianas ANSA e NOVA.\",\"url\":\"https:\/\/www.suno.com.br\/noticias\/author\/carlo-cauti\/\"}]}<\/script>\n<!-- \/ Yoast SEO plugin. -->","yoast_head_json":{"title":"Companhias a\u00e9reas mudam rotas para evitar regi\u00e3o do Ir\u00e3","description":"As empresas n\u00e3o querem sobrevoar o Estreito de Ormuz por causa do aumento das tens\u00f5es entre os EUA e o Ir\u00e3. Clique aqui para saber mais.","robots":{"index":"index","follow":"follow","max-snippet":"max-snippet:-1","max-image-preview":"max-image-preview:large","max-video-preview":"max-video-preview:-1"},"canonical":"https:\/\/www.suno.com.br\/noticias\/companhias-aereas-mudam-rotas-para-evitar-regiao-do-ira\/","og_locale":"pt_BR","og_type":"article","og_title":"Companhias a\u00e9reas mudam rotas para evitar regi\u00e3o do Ir\u00e3","og_description":"As empresas n\u00e3o querem sobrevoar o Estreito de Ormuz por causa do aumento das tens\u00f5es entre os EUA e o Ir\u00e3. Clique aqui para saber mais.","og_url":"https:\/\/www.suno.com.br\/noticias\/companhias-aereas-mudam-rotas-para-evitar-regiao-do-ira\/","og_site_name":"Suno Not\u00edcias","article_publisher":"https:\/\/facebook.com\/sunoresearch","og_image":[{"width":727,"height":474,"url":"https:\/\/files.sunoresearch.com.br\/n\/uploads\/2019\/04\/3a5c2da3-avianca.jpg","type":"image\/jpeg"}],"author":"Carlo Cauti","twitter_card":"summary_large_image","twitter_creator":"@sunoresearch","twitter_site":"@sunoresearch","twitter_misc":{"Escrito por":"Carlo Cauti","Est. tempo de leitura":"2 minutos"},"schema":{"@context":"https:\/\/schema.org","@graph":[{"@type":"NewsArticle","@id":"https:\/\/www.suno.com.br\/noticias\/companhias-aereas-mudam-rotas-para-evitar-regiao-do-ira\/#article","isPartOf":{"@id":"https:\/\/www.suno.com.br\/noticias\/companhias-aereas-mudam-rotas-para-evitar-regiao-do-ira\/"},"author":{"name":"Carlo Cauti","@id":"https:\/\/www.suno.com.br\/noticias\/#\/schema\/person\/e6e0f723cc177805027f4566c1d5e0c8"},"headline":"Companhias a\u00e9reas mudam rotas para evitar regi\u00e3o do Ir\u00e3","datePublished":"2019-06-21T23:23:46+00:00","dateModified":"2021-06-14T02:43:14+00:00","mainEntityOfPage":{"@id":"https:\/\/www.suno.com.br\/noticias\/companhias-aereas-mudam-rotas-para-evitar-regiao-do-ira\/"},"wordCount":438,"publisher":{"@id":"https:\/\/www.suno.com.br\/noticias\/#organization"},"image":{"@id":"https:\/\/www.suno.com.br\/noticias\/companhias-aereas-mudam-rotas-para-evitar-regiao-do-ira\/#primaryimage"},"thumbnailUrl":"https:\/\/files.sunoresearch.com.br\/n\/uploads\/2019\/04\/3a5c2da3-avianca-jpg.webp","keywords":["Estados Unidos (EUA)","Ir\u00e3","Petr\u00f3leo"],"articleSection":["Internacional"],"inLanguage":"pt-BR"},{"@type":"WebPage","@id":"https:\/\/www.suno.com.br\/noticias\/companhias-aereas-mudam-rotas-para-evitar-regiao-do-ira\/","url":"https:\/\/www.suno.com.br\/noticias\/companhias-aereas-mudam-rotas-para-evitar-regiao-do-ira\/","name":"Companhias a\u00e9reas mudam rotas para evitar regi\u00e3o do Ir\u00e3","isPartOf":{"@id":"https:\/\/www.suno.com.br\/noticias\/#website"},"primaryImageOfPage":{"@id":"https:\/\/www.suno.com.br\/noticias\/companhias-aereas-mudam-rotas-para-evitar-regiao-do-ira\/#primaryimage"},"image":{"@id":"https:\/\/www.suno.com.br\/noticias\/companhias-aereas-mudam-rotas-para-evitar-regiao-do-ira\/#primaryimage"},"thumbnailUrl":"https:\/\/files.sunoresearch.com.br\/n\/uploads\/2019\/04\/3a5c2da3-avianca-jpg.webp","datePublished":"2019-06-21T23:23:46+00:00","dateModified":"2021-06-14T02:43:14+00:00","description":"As empresas n\u00e3o querem sobrevoar o Estreito de Ormuz por causa do aumento das tens\u00f5es entre os EUA e o Ir\u00e3. Clique aqui para saber mais.","breadcrumb":{"@id":"https:\/\/www.suno.com.br\/noticias\/companhias-aereas-mudam-rotas-para-evitar-regiao-do-ira\/#breadcrumb"},"inLanguage":"pt-BR","potentialAction":[{"@type":"ReadAction","target":["https:\/\/www.suno.com.br\/noticias\/companhias-aereas-mudam-rotas-para-evitar-regiao-do-ira\/"]}]},{"@type":"ImageObject","inLanguage":"pt-BR","@id":"https:\/\/www.suno.com.br\/noticias\/companhias-aereas-mudam-rotas-para-evitar-regiao-do-ira\/#primaryimage","url":"https:\/\/files.sunoresearch.com.br\/n\/uploads\/2019\/04\/3a5c2da3-avianca-jpg.webp","contentUrl":"https:\/\/files.sunoresearch.com.br\/n\/uploads\/2019\/04\/3a5c2da3-avianca-jpg.webp","width":727,"height":474,"caption":"Transporte a\u00e9reo registrou um preju\u00edzo de R$ 397 mi no 1\u00ba tri de 2019"},{"@type":"BreadcrumbList","@id":"https:\/\/www.suno.com.br\/noticias\/companhias-aereas-mudam-rotas-para-evitar-regiao-do-ira\/#breadcrumb","itemListElement":[{"@type":"ListItem","position":1,"name":"Not\u00edcias","item":"https:\/\/www.suno.com.br\/noticias\/"},{"@type":"ListItem","position":2,"name":"Internacional","item":"https:\/\/www.suno.com.br\/noticias\/internacional\/"},{"@type":"ListItem","position":3,"name":"Companhias a\u00e9reas mudam rotas para evitar regi\u00e3o do Ir\u00e3"}]},{"@type":"WebSite","@id":"https:\/\/www.suno.com.br\/noticias\/#website","url":"https:\/\/www.suno.com.br\/noticias\/","name":"Suno Not\u00edcias","description":"Seu portal de informa\u00e7\u00e3o sobre o mundo dos investimentos","publisher":{"@id":"https:\/\/www.suno.com.br\/noticias\/#organization"},"potentialAction":[{"@type":"SearchAction","target":{"@type":"EntryPoint","urlTemplate":"https:\/\/www.suno.com.br\/noticias\/?s={search_term_string}"},"query-input":{"@type":"PropertyValueSpecification","valueRequired":true,"valueName":"search_term_string"}}],"inLanguage":"pt-BR"},{"@type":"Organization","@id":"https:\/\/www.suno.com.br\/noticias\/#organization","name":"Suno Not\u00edcias","url":"https:\/\/www.suno.com.br\/noticias\/","logo":{"@type":"ImageObject","inLanguage":"pt-BR","@id":"https:\/\/www.suno.com.br\/noticias\/#\/schema\/logo\/image\/","url":"https:\/\/files.sunoresearch.com.br\/n\/uploads\/2021\/09\/suno-logo.png","contentUrl":"https:\/\/files.sunoresearch.com.br\/n\/uploads\/2021\/09\/suno-logo.png","width":180,"height":180,"caption":"Suno Not\u00edcias"},"image":{"@id":"https:\/\/www.suno.com.br\/noticias\/#\/schema\/logo\/image\/"},"sameAs":["https:\/\/facebook.com\/sunoresearch","https:\/\/x.com\/sunoresearch","https:\/\/www.instagram.com\/suno","https:\/\/www.linkedin.com\/company\/suno-research\/","https:\/\/www.youtube.com\/c\/sunoresearch"]},{"@type":"Person","@id":"https:\/\/www.suno.com.br\/noticias\/#\/schema\/person\/e6e0f723cc177805027f4566c1d5e0c8","name":"Carlo Cauti","image":{"@type":"ImageObject","inLanguage":"pt-BR","@id":"https:\/\/www.suno.com.br\/noticias\/#\/schema\/person\/image\/","url":"https:\/\/secure.gravatar.com\/avatar\/3ada9e0bd164c23abd4792a9606d583c?s=96&r=g","contentUrl":"https:\/\/secure.gravatar.com\/avatar\/3ada9e0bd164c23abd4792a9606d583c?s=96&r=g","caption":"Carlo Cauti"},"description":"Editor multim\u00eddia do SUNO Not\u00edcias. Italiano, formado em Ci\u00eancias Pol\u00edticas pela universidade LUISS G. Carli de Roma e mestre cum laude em Rela\u00e7\u00f5es Internacionais, Jornalismo Internacional e de Guerra e em Economia Internacional. Concluiu tamb\u00e9m um MBA em Finan\u00e7as na B3. No Brasil, teve passagem por ve\u00edculos como Estad\u00e3o, Globo, Veja e EXAME. e nas ag\u00eancias de not\u00edcias italianas ANSA e NOVA.","url":"https:\/\/www.suno.com.br\/noticias\/author\/carlo-cauti\/"}]}},"default_loop_html":"<div class=\"cardsPage__listCard__boxs\"><div class=\"cardsPage__listCard__boxs__img\"><a href=\"https:\/\/www.suno.com.br\/noticias\/companhias-aereas-mudam-rotas-para-evitar-regiao-do-ira\/\"><img class=\"mask\" src=\"https:\/\/www.suno.com.br\/noticias\/wp-content\/themes\/suno\/resources\/images\/spotlight\/spotlight1img\/bg-mask.png\" alt=\"Image Mask\"\/><img src=\"https:\/\/files.sunoresearch.com.br\/n\/uploads\/2019\/04\/3a5c2da3-avianca-400x200.webp\" alt=\"Companhias a\u00e9reas mudam rotas para evitar regi\u00e3o do Ir\u00e3\"\/><\/a><span class=\"spotlightCategory\"><a href=\"https:\/\/www.suno.com.br\/noticias\/internacional\/\">Internacional<\/a><\/span><\/div><div class=\"cardsPage__listCard__boxs__content\"><a href=\"https:\/\/www.suno.com.br\/noticias\/companhias-aereas-mudam-rotas-para-evitar-regiao-do-ira\/\"><h2 class=\"content__title\">Companhias a\u00e9reas mudam rotas para evitar regi\u00e3o do Ir\u00e3<\/h2><\/a><div class=\"newsContent__article__meta\"><div class=\"newsContent__article__meta__authorBox\"><a href=\"https:\/\/www.suno.com.br\/noticias\/author\/carlo-cauti\/\" class=\"authorBox__avatar noMobi\"><img src=\"https:\/\/files.sunoresearch.com.br\/n\/uploads\/2020\/08\/e3745f9a-perfil-carlo-cauti-150x150.webp\" alt=\"Carlo Cauti\"><\/a><div class=\"authorBox__name\"><span>por\n\t\t\t<a href=\"https:\/\/www.suno.com.br\/noticias\/author\/carlo-cauti\/\"><span itemprop=\"author\">Carlo Cauti<\/span><\/a><\/span><time datetime=\"2019-06-21T20:23:46-03:00\" itemprop=\"datePublished\">21\/06\/2019 20:23<\/time><\/div><\/div><\/div><\/div><\/div>","single_layout":"posts","amp_enabled":true,"_links":{"self":[{"href":"https:\/\/www.suno.com.br\/noticias\/wp-json\/wp\/v2\/posts\/28863"}],"collection":[{"href":"https:\/\/www.suno.com.br\/noticias\/wp-json\/wp\/v2\/posts"}],"about":[{"href":"https:\/\/www.suno.com.br\/noticias\/wp-json\/wp\/v2\/types\/post"}],"author":[{"embeddable":true,"href":"https:\/\/www.suno.com.br\/noticias\/wp-json\/wp\/v2\/users\/9"}],"replies":[{"embeddable":true,"href":"https:\/\/www.suno.com.br\/noticias\/wp-json\/wp\/v2\/comments?post=28863"}],"version-history":[{"count":1,"href":"https:\/\/www.suno.com.br\/noticias\/wp-json\/wp\/v2\/posts\/28863\/revisions"}],"predecessor-version":[{"id":157320,"href":"https:\/\/www.suno.com.br\/noticias\/wp-json\/wp\/v2\/posts\/28863\/revisions\/157320"}],"wp:featuredmedia":[{"embeddable":true,"href":"https:\/\/www.suno.com.br\/noticias\/wp-json\/wp\/v2\/media\/20777"}],"wp:attachment":[{"href":"https:\/\/www.suno.com.br\/noticias\/wp-json\/wp\/v2\/media?parent=28863"}],"wp:term":[{"taxonomy":"category","embeddable":true,"href":"https:\/\/www.suno.com.br\/noticias\/wp-json\/wp\/v2\/categories?post=28863"},{"taxonomy":"post_tag","embeddable":true,"href":"https:\/\/www.suno.com.br\/noticias\/wp-json\/wp\/v2\/tags?post=28863"},{"taxonomy":"suno_strategy","embeddable":true,"href":"https:\/\/www.suno.com.br\/noticias\/wp-json\/wp\/v2\/suno_strategy?post=28863"}],"curies":[{"name":"wp","href":"https:\/\/api.w.org\/{rel}","templated":true}]}}