{"id":28859,"date":"2019-06-21T20:13:37","date_gmt":"2019-06-21T23:13:37","guid":{"rendered":"https:\/\/www.suno.com.br\/noticias\/?p=28859"},"modified":"2019-06-21T20:48:46","modified_gmt":"2019-06-21T23:48:46","slug":"pgr-dividendos-braskem","status":"publish","type":"post","link":"https:\/\/www.suno.com.br\/noticias\/pgr-dividendos-braskem\/","title":{"rendered":"PGR tenta barrar distribui\u00e7\u00e3o de dividendos da Braskem"},"content":{"rendered":"<p>A procuradora-geral da Rep\u00fablica, Raquel Dodge,\u00a0recorreu da decis\u00e3o concedida pela presid\u00eancia do <strong>Superior Tribunal da Justi\u00e7a (STJ)<\/strong> de liberar dividendos da Braskem.<\/p>\t<div class=\"wrapper-featured-image\">\n\t\t<figure class=\"spotlightImg\">\n\n\t\t\t<picture>\n\t\t\t\t<source media=\"(max-width: 768px)\" srcset=\"https:\/\/files.sunoresearch.com.br\/n\/uploads\/2019\/06\/5a2053f2-braskem-400x200.webp\">\n\t\t\t\t<img loading=\"lazy\" decoding=\"async\" class=\"newsContent__article__imgCapa lazyloadDisabled newsContent__article__imgCapa--noCaption\" src=\"https:\/\/files.sunoresearch.com.br\/n\/uploads\/2019\/06\/5a2053f2-braskem-jpg.webp\" width=\"800\" height=\"450\" alt=\"PGR tenta barrar distribui\u00e7\u00e3o de dividendos da Braskem\" fetchpriority=high \/>\n\t\t\t<\/picture>\n\n\t\t\t<figcaption class=\"wp-caption-text wp-caption-text--hide\">PGR tenta barrar distribui\u00e7\u00e3o de dividendos da Braskem<\/figcaption>\n\t\t<\/figure>\n\t<\/div>\n\n\n<p>Na \u00faltima semana, o\u00a0ministro Jo\u00e3o Ot\u00e1vio de Noronha, presidente do STJ,\u00a0liberou a distribui\u00e7\u00e3o de R$ 2,6 bilh\u00f5es de dividendos da <strong>Braskem<\/strong> para seus acionistas.<\/p>\n<p>A empresa \u00e9 alvo de\u00a0uma a\u00e7\u00e3o civil p\u00fablica conjunta do <strong>Minist\u00e9rio P\u00fablico<\/strong> e da <strong>Defensoria P\u00fablica<\/strong> de Alagoas.<\/p>\n\t<p>\n\t\t<a href=\"https:\/\/lp.suno.com.br\/minicurso-investindo-fiis\/\" target=\"_blank\" data-element=\"shortcode-suno-banner\" title=\"Banner SUNO, clique e saiba mais\">\n\t\t\t<picture>\n\t\t\t\t<source media=\"(max-width: 500px)\" srcset=\"https:\/\/files.sunoresearch.com.br\/n\/uploads\/2023\/03\/400x300-Minicurso-FIIS.png\">\n\t\t\t\t<img class=\"newsContent__article__imgCapa newsContent__article__imgCapa--banner\"\n\t\t\t\t\tsrc=\"https:\/\/files.sunoresearch.com.br\/n\/uploads\/2023\/03\/1420x240-Minicurso-FIIS.png\"\n\t\t\t\t\tdata-promo-id=\"383125\"\t\t\t\t\t\t\t\t\t\twidth='1420' height='240'\t\t\t\t\talt=\"https:\/\/files.sunoresearch.com.br\/n\/uploads\/2023\/03\/1420x240-Minicurso-FIIS.png\"\n\t\t\t\t>\n\t\t\t<\/picture>\n\t\t<\/a>\n\t<\/p>\n\n\n<p>Segundo \u00f3rg\u00e3os p\u00fablicos de Alagoas, a Braskem \u00e9 respons\u00e1vel por uma s\u00e9rie de danos estruturais em Macei\u00f3 que podem levar ao afundamento de bairros da cidade.<\/p>\n<p>A Justi\u00e7a de Alagoas solicitou o bloqueio de R$ 6,7 bilh\u00f5es da empresa para indenizar as pessoas que foram afetadas pelos danos causados pela companhia. Assim, a\u00a0procuradora Raquel Dodge pediu ao <strong>STF<\/strong> o restabelecimento da decis\u00e3o da <strong>Justi\u00e7a de Alagoas<\/strong>.<\/p>\n<p><a href=\"https:\/\/www.suno.com.br\/noticias\/lyondelbasell-desiste-comprar-braskem\/\">Saiba mais: Grupo holand\u00eas LyondelBasell desiste de comprar a Braskem<\/a><\/p>\n<p>\u201cA manuten\u00e7\u00e3o da decis\u00e3o ora questionada, ao tempo em que colabora para o atendimento de interesse exclusivo da empresa, tem potencial de causar enorme gravame aos milhares de cidad\u00e3os seriamente afetados pela explora\u00e7\u00e3o da <strong>atividade mineradora<\/strong> da Braskem S\/A, o que caracteriza ineg\u00e1vel les\u00e3o \u00e0 ordem p\u00fablica\u201d, afirmou\u00a0Dodge.<\/p>\n<p>Segundo a <strong>procuradora-geral<\/strong>, por meio do pagamento dos dividendos, os recursos ser\u00e3o transferidos aos acionistas que n\u00e3o ir\u00e3o responder pelos danos causados pela mineradora.<\/p>\n\t<p>\n\t\t<a href=\"https:\/\/lp.suno.com.br\/ao\/servico-especializado-suno-tf\/?utm_source=adwords&#038;utm_medium=search&#038;utm_campaign=search.servico.funilconsultoria&#038;utm_content=1147_responsivo-a&#038;hsa_acc=2326072784&#038;hsa_cam=18022897917&#038;hsa_grp=141470255993&#038;hsa_ad=616145467912&#038;hsa_src=g&#038;hsa_tgt=kwd-303658942458&#038;hsa_kw=gestora+de+investimentos&#038;hsa_mt=b&#038;hsa_net=adwords&#038;hsa_ver=3&#038;gad_source=1&#038;gclid=CjwKCAjw1emzBhB8EiwAHwZZxQMvA3xJVRzLGZ70LmuSzR55X-KvxijSay8c5Hm88Sznnq97j8XbORoC-sMQAvD_BwE\" target=\"_blank\" data-element=\"shortcode-suno-banner\" title=\"Banner SUNO, clique e saiba mais\">\n\t\t\t<picture>\n\t\t\t\t<source media=\"(max-width: 500px)\" srcset=\"https:\/\/files.sunoresearch.com.br\/n\/uploads\/2024\/06\/400x300-Mobile-Artigos-5.png\">\n\t\t\t\t<img class=\"newsContent__article__imgCapa newsContent__article__imgCapa--banner\"\n\t\t\t\t\tsrc=\"https:\/\/files.sunoresearch.com.br\/n\/uploads\/2024\/06\/1420x240-Banner-Artigos-1-_-Banner-Materias-3.png\"\n\t\t\t\t\tdata-promo-id=\"563605\"\t\t\t\t\t\t\t\t\t\twidth='1420' height='240'\t\t\t\t\talt=\"https:\/\/files.sunoresearch.com.br\/n\/uploads\/2024\/06\/1420x240-Banner-Artigos-1-_-Banner-Materias-3.png\"\n\t\t\t\t>\n\t\t\t<\/picture>\n\t\t<\/a>\n\t<\/p>\n\n\n<h2>Acordo de leni\u00eancia com a Petrobras<\/h2>\n<p>A Petrobras recebeu cerca de R$ 265 milh\u00f5es em acordo de leni\u00eancia da Braskem com a Controladoria-Geral da Uni\u00e3o (CGU) e a Advocacia-Geral da Uni\u00e3o (AGU).<\/p>\n<p><a href=\"https:\/\/www.suno.com.br\/noticias\/petrobras-recebe-braskem-acordo\/\">Saiba mais: Petrobras recebe R$ 265 milh\u00f5es da Braskem em acordo de leni\u00eancia<\/a><\/p>\n<p>Em dezembro de 2017, a\u00a0 empresa j\u00e1 havia pago R$ 363 milh\u00f5es para a <strong>Petrobras<\/strong>. Ap\u00f3s isso, em agosto do \u00faltimo ano, foi paga uma segunda parcela no valor de R$ 201 milh\u00f5es. Com o valor recebido nesta semana pela petrol\u00edfera, o total devolvido chega a R$ 829 milh\u00f5es.<\/p>\n<p>Al\u00e9m do valor pago para a estatal, a\u00a0<strong>Braskem<\/strong> pagar\u00e1 para a <strong>Uni\u00e3o<\/strong> cerca de R$ 2 bilh\u00f5es.<\/p>\n","protected":false},"excerpt":{"rendered":"<p>A procuradora-geral da Rep\u00fablica, Raquel Dodge,\u00a0recorreu da decis\u00e3o concedida pela presid\u00eancia do Superior Tribunal da Justi\u00e7a (STJ) de liberar dividendos da Braskem. PGR tenta barrar distribui\u00e7\u00e3o de dividendos da Braskem Na \u00faltima semana, o\u00a0ministro Jo\u00e3o Ot\u00e1vio de Noronha, presidente do STJ,\u00a0liberou a distribui\u00e7\u00e3o de R$ 2,6 bilh\u00f5es de dividendos da Braskem para seus acionistas. A [&hellip;]<\/p>\n","protected":false},"author":18,"featured_media":28868,"comment_status":"closed","ping_status":"closed","sticky":false,"template":"","format":"standard","meta":[],"categories":[64],"tags":[395,1229,763],"suno_strategy":[],"class_list":["post-28859","post","type-post","status-publish","format-standard","has-post-thumbnail","hentry","category-negocios","tag-braskem-brkm3-brkm5-brkm6","tag-procuradoria-geral-republica-pgr","tag-superior-tribunal-justica-stj"],"yoast_head":"<!-- This site is optimized with the Yoast SEO plugin v24.4 - https:\/\/yoast.com\/wordpress\/plugins\/seo\/ -->\n<title>PGR tenta barrar distribui\u00e7\u00e3o de dividendos da Braskem<\/title>\n<meta name=\"description\" content=\"Raquel Dodge\u00a0recorreu da decis\u00e3o concedida pela presid\u00eancia do STJ de liberar dividendos da Braskem. Clique para saber mais.\" \/>\n<meta name=\"robots\" content=\"index, follow, max-snippet:-1, max-image-preview:large, max-video-preview:-1\" \/>\n<link rel=\"canonical\" href=\"https:\/\/www.suno.com.br\/noticias\/pgr-dividendos-braskem\/\" \/>\n<meta property=\"og:locale\" content=\"pt_BR\" \/>\n<meta property=\"og:type\" content=\"article\" \/>\n<meta property=\"og:title\" content=\"PGR tenta barrar distribui\u00e7\u00e3o de dividendos da Braskem\" \/>\n<meta property=\"og:description\" content=\"Raquel Dodge\u00a0recorreu da decis\u00e3o concedida pela presid\u00eancia do STJ de liberar dividendos da Braskem. Clique para saber mais.\" \/>\n<meta property=\"og:url\" content=\"https:\/\/www.suno.com.br\/noticias\/pgr-dividendos-braskem\/\" \/>\n<meta property=\"og:site_name\" content=\"Suno Not\u00edcias\" \/>\n<meta property=\"article:publisher\" content=\"https:\/\/facebook.com\/sunoresearch\" \/>\n<meta property=\"og:image\" content=\"https:\/\/files.sunoresearch.com.br\/n\/uploads\/2019\/06\/5a2053f2-braskem.jpg\" \/>\n\t<meta property=\"og:image:width\" content=\"620\" \/>\n\t<meta property=\"og:image:height\" content=\"430\" \/>\n\t<meta property=\"og:image:type\" content=\"image\/jpeg\" \/>\n<meta name=\"author\" content=\"Giovanna Oliveira\" \/>\n<meta name=\"twitter:card\" content=\"summary_large_image\" \/>\n<meta name=\"twitter:creator\" content=\"@sunoresearch\" \/>\n<meta name=\"twitter:site\" content=\"@sunoresearch\" \/>\n<meta name=\"twitter:label1\" content=\"Escrito por\" \/>\n\t<meta name=\"twitter:data1\" content=\"Giovanna Oliveira\" \/>\n\t<meta name=\"twitter:label2\" content=\"Est. tempo de leitura\" \/>\n\t<meta name=\"twitter:data2\" content=\"2 minutos\" \/>\n<script type=\"application\/ld+json\" class=\"yoast-schema-graph\">{\"@context\":\"https:\/\/schema.org\",\"@graph\":[{\"@type\":\"NewsArticle\",\"@id\":\"https:\/\/www.suno.com.br\/noticias\/pgr-dividendos-braskem\/#article\",\"isPartOf\":{\"@id\":\"https:\/\/www.suno.com.br\/noticias\/pgr-dividendos-braskem\/\"},\"author\":{\"name\":\"Giovanna Oliveira\",\"@id\":\"https:\/\/www.suno.com.br\/noticias\/#\/schema\/person\/4e19e3d2575736e5283d58eb3199d120\"},\"headline\":\"PGR tenta barrar distribui\u00e7\u00e3o de dividendos da Braskem\",\"datePublished\":\"2019-06-21T23:13:37+00:00\",\"dateModified\":\"2019-06-21T23:48:46+00:00\",\"mainEntityOfPage\":{\"@id\":\"https:\/\/www.suno.com.br\/noticias\/pgr-dividendos-braskem\/\"},\"wordCount\":381,\"publisher\":{\"@id\":\"https:\/\/www.suno.com.br\/noticias\/#organization\"},\"image\":{\"@id\":\"https:\/\/www.suno.com.br\/noticias\/pgr-dividendos-braskem\/#primaryimage\"},\"thumbnailUrl\":\"https:\/\/files.sunoresearch.com.br\/n\/uploads\/2019\/06\/5a2053f2-braskem-jpg.webp\",\"keywords\":[\"Braskem (BRKM3\/BRKM5\/BRKM6)\",\"Procuradoria-Geral da Rep\u00fablica (PGR)\",\"Superior Tribunal de Justi\u00e7a (STJ)\"],\"articleSection\":[\"Neg\u00f3cios\"],\"inLanguage\":\"pt-BR\"},{\"@type\":\"WebPage\",\"@id\":\"https:\/\/www.suno.com.br\/noticias\/pgr-dividendos-braskem\/\",\"url\":\"https:\/\/www.suno.com.br\/noticias\/pgr-dividendos-braskem\/\",\"name\":\"PGR tenta barrar distribui\u00e7\u00e3o de dividendos da Braskem\",\"isPartOf\":{\"@id\":\"https:\/\/www.suno.com.br\/noticias\/#website\"},\"primaryImageOfPage\":{\"@id\":\"https:\/\/www.suno.com.br\/noticias\/pgr-dividendos-braskem\/#primaryimage\"},\"image\":{\"@id\":\"https:\/\/www.suno.com.br\/noticias\/pgr-dividendos-braskem\/#primaryimage\"},\"thumbnailUrl\":\"https:\/\/files.sunoresearch.com.br\/n\/uploads\/2019\/06\/5a2053f2-braskem-jpg.webp\",\"datePublished\":\"2019-06-21T23:13:37+00:00\",\"dateModified\":\"2019-06-21T23:48:46+00:00\",\"description\":\"Raquel Dodge\u00a0recorreu da decis\u00e3o concedida pela presid\u00eancia do STJ de liberar dividendos da Braskem. Clique para saber mais.\",\"breadcrumb\":{\"@id\":\"https:\/\/www.suno.com.br\/noticias\/pgr-dividendos-braskem\/#breadcrumb\"},\"inLanguage\":\"pt-BR\",\"potentialAction\":[{\"@type\":\"ReadAction\",\"target\":[\"https:\/\/www.suno.com.br\/noticias\/pgr-dividendos-braskem\/\"]}]},{\"@type\":\"ImageObject\",\"inLanguage\":\"pt-BR\",\"@id\":\"https:\/\/www.suno.com.br\/noticias\/pgr-dividendos-braskem\/#primaryimage\",\"url\":\"https:\/\/files.sunoresearch.com.br\/n\/uploads\/2019\/06\/5a2053f2-braskem-jpg.webp\",\"contentUrl\":\"https:\/\/files.sunoresearch.com.br\/n\/uploads\/2019\/06\/5a2053f2-braskem-jpg.webp\",\"width\":620,\"height\":430,\"caption\":\"PGR tenta barrar distribui\u00e7\u00e3o de dividendos da Braskem\"},{\"@type\":\"BreadcrumbList\",\"@id\":\"https:\/\/www.suno.com.br\/noticias\/pgr-dividendos-braskem\/#breadcrumb\",\"itemListElement\":[{\"@type\":\"ListItem\",\"position\":1,\"name\":\"Not\u00edcias\",\"item\":\"https:\/\/www.suno.com.br\/noticias\/\"},{\"@type\":\"ListItem\",\"position\":2,\"name\":\"Neg\u00f3cios\",\"item\":\"https:\/\/www.suno.com.br\/noticias\/negocios\/\"},{\"@type\":\"ListItem\",\"position\":3,\"name\":\"PGR tenta barrar distribui\u00e7\u00e3o de dividendos da Braskem\"}]},{\"@type\":\"WebSite\",\"@id\":\"https:\/\/www.suno.com.br\/noticias\/#website\",\"url\":\"https:\/\/www.suno.com.br\/noticias\/\",\"name\":\"Suno Not\u00edcias\",\"description\":\"Seu portal de informa\u00e7\u00e3o sobre o mundo dos investimentos\",\"publisher\":{\"@id\":\"https:\/\/www.suno.com.br\/noticias\/#organization\"},\"potentialAction\":[{\"@type\":\"SearchAction\",\"target\":{\"@type\":\"EntryPoint\",\"urlTemplate\":\"https:\/\/www.suno.com.br\/noticias\/?s={search_term_string}\"},\"query-input\":{\"@type\":\"PropertyValueSpecification\",\"valueRequired\":true,\"valueName\":\"search_term_string\"}}],\"inLanguage\":\"pt-BR\"},{\"@type\":\"Organization\",\"@id\":\"https:\/\/www.suno.com.br\/noticias\/#organization\",\"name\":\"Suno Not\u00edcias\",\"url\":\"https:\/\/www.suno.com.br\/noticias\/\",\"logo\":{\"@type\":\"ImageObject\",\"inLanguage\":\"pt-BR\",\"@id\":\"https:\/\/www.suno.com.br\/noticias\/#\/schema\/logo\/image\/\",\"url\":\"https:\/\/files.sunoresearch.com.br\/n\/uploads\/2021\/09\/suno-logo.png\",\"contentUrl\":\"https:\/\/files.sunoresearch.com.br\/n\/uploads\/2021\/09\/suno-logo.png\",\"width\":180,\"height\":180,\"caption\":\"Suno Not\u00edcias\"},\"image\":{\"@id\":\"https:\/\/www.suno.com.br\/noticias\/#\/schema\/logo\/image\/\"},\"sameAs\":[\"https:\/\/facebook.com\/sunoresearch\",\"https:\/\/x.com\/sunoresearch\",\"https:\/\/www.instagram.com\/suno\",\"https:\/\/www.linkedin.com\/company\/suno-research\/\",\"https:\/\/www.youtube.com\/c\/sunoresearch\"]},{\"@type\":\"Person\",\"@id\":\"https:\/\/www.suno.com.br\/noticias\/#\/schema\/person\/4e19e3d2575736e5283d58eb3199d120\",\"name\":\"Giovanna Oliveira\",\"image\":{\"@type\":\"ImageObject\",\"inLanguage\":\"pt-BR\",\"@id\":\"https:\/\/www.suno.com.br\/noticias\/#\/schema\/person\/image\/\",\"url\":\"https:\/\/secure.gravatar.com\/avatar\/9a37b3ae208962ac568992d0ffdbc2eb?s=96&r=g\",\"contentUrl\":\"https:\/\/secure.gravatar.com\/avatar\/9a37b3ae208962ac568992d0ffdbc2eb?s=96&r=g\",\"caption\":\"Giovanna Oliveira\"},\"description\":\"Giovanna Oliveira escreve sobre economia e pol\u00edtica. Foi rep\u00f3rter do portal de jornalismo da ESPM-SP e produziu conte\u00fado para a Corinthians TV. \u00c9 estudante da ESPM.\",\"url\":\"https:\/\/www.suno.com.br\/noticias\/author\/giovanna\/\"}]}<\/script>\n<!-- \/ Yoast SEO plugin. -->","yoast_head_json":{"title":"PGR tenta barrar distribui\u00e7\u00e3o de dividendos da Braskem","description":"Raquel Dodge\u00a0recorreu da decis\u00e3o concedida pela presid\u00eancia do STJ de liberar dividendos da Braskem. Clique para saber mais.","robots":{"index":"index","follow":"follow","max-snippet":"max-snippet:-1","max-image-preview":"max-image-preview:large","max-video-preview":"max-video-preview:-1"},"canonical":"https:\/\/www.suno.com.br\/noticias\/pgr-dividendos-braskem\/","og_locale":"pt_BR","og_type":"article","og_title":"PGR tenta barrar distribui\u00e7\u00e3o de dividendos da Braskem","og_description":"Raquel Dodge\u00a0recorreu da decis\u00e3o concedida pela presid\u00eancia do STJ de liberar dividendos da Braskem. Clique para saber mais.","og_url":"https:\/\/www.suno.com.br\/noticias\/pgr-dividendos-braskem\/","og_site_name":"Suno Not\u00edcias","article_publisher":"https:\/\/facebook.com\/sunoresearch","og_image":[{"width":620,"height":430,"url":"https:\/\/files.sunoresearch.com.br\/n\/uploads\/2019\/06\/5a2053f2-braskem.jpg","type":"image\/jpeg"}],"author":"Giovanna Oliveira","twitter_card":"summary_large_image","twitter_creator":"@sunoresearch","twitter_site":"@sunoresearch","twitter_misc":{"Escrito por":"Giovanna Oliveira","Est. tempo de leitura":"2 minutos"},"schema":{"@context":"https:\/\/schema.org","@graph":[{"@type":"NewsArticle","@id":"https:\/\/www.suno.com.br\/noticias\/pgr-dividendos-braskem\/#article","isPartOf":{"@id":"https:\/\/www.suno.com.br\/noticias\/pgr-dividendos-braskem\/"},"author":{"name":"Giovanna Oliveira","@id":"https:\/\/www.suno.com.br\/noticias\/#\/schema\/person\/4e19e3d2575736e5283d58eb3199d120"},"headline":"PGR tenta barrar distribui\u00e7\u00e3o de dividendos da Braskem","datePublished":"2019-06-21T23:13:37+00:00","dateModified":"2019-06-21T23:48:46+00:00","mainEntityOfPage":{"@id":"https:\/\/www.suno.com.br\/noticias\/pgr-dividendos-braskem\/"},"wordCount":381,"publisher":{"@id":"https:\/\/www.suno.com.br\/noticias\/#organization"},"image":{"@id":"https:\/\/www.suno.com.br\/noticias\/pgr-dividendos-braskem\/#primaryimage"},"thumbnailUrl":"https:\/\/files.sunoresearch.com.br\/n\/uploads\/2019\/06\/5a2053f2-braskem-jpg.webp","keywords":["Braskem (BRKM3\/BRKM5\/BRKM6)","Procuradoria-Geral da Rep\u00fablica (PGR)","Superior Tribunal de Justi\u00e7a (STJ)"],"articleSection":["Neg\u00f3cios"],"inLanguage":"pt-BR"},{"@type":"WebPage","@id":"https:\/\/www.suno.com.br\/noticias\/pgr-dividendos-braskem\/","url":"https:\/\/www.suno.com.br\/noticias\/pgr-dividendos-braskem\/","name":"PGR tenta barrar distribui\u00e7\u00e3o de dividendos da Braskem","isPartOf":{"@id":"https:\/\/www.suno.com.br\/noticias\/#website"},"primaryImageOfPage":{"@id":"https:\/\/www.suno.com.br\/noticias\/pgr-dividendos-braskem\/#primaryimage"},"image":{"@id":"https:\/\/www.suno.com.br\/noticias\/pgr-dividendos-braskem\/#primaryimage"},"thumbnailUrl":"https:\/\/files.sunoresearch.com.br\/n\/uploads\/2019\/06\/5a2053f2-braskem-jpg.webp","datePublished":"2019-06-21T23:13:37+00:00","dateModified":"2019-06-21T23:48:46+00:00","description":"Raquel Dodge\u00a0recorreu da decis\u00e3o concedida pela presid\u00eancia do STJ de liberar dividendos da Braskem. Clique para saber mais.","breadcrumb":{"@id":"https:\/\/www.suno.com.br\/noticias\/pgr-dividendos-braskem\/#breadcrumb"},"inLanguage":"pt-BR","potentialAction":[{"@type":"ReadAction","target":["https:\/\/www.suno.com.br\/noticias\/pgr-dividendos-braskem\/"]}]},{"@type":"ImageObject","inLanguage":"pt-BR","@id":"https:\/\/www.suno.com.br\/noticias\/pgr-dividendos-braskem\/#primaryimage","url":"https:\/\/files.sunoresearch.com.br\/n\/uploads\/2019\/06\/5a2053f2-braskem-jpg.webp","contentUrl":"https:\/\/files.sunoresearch.com.br\/n\/uploads\/2019\/06\/5a2053f2-braskem-jpg.webp","width":620,"height":430,"caption":"PGR tenta barrar distribui\u00e7\u00e3o de dividendos da Braskem"},{"@type":"BreadcrumbList","@id":"https:\/\/www.suno.com.br\/noticias\/pgr-dividendos-braskem\/#breadcrumb","itemListElement":[{"@type":"ListItem","position":1,"name":"Not\u00edcias","item":"https:\/\/www.suno.com.br\/noticias\/"},{"@type":"ListItem","position":2,"name":"Neg\u00f3cios","item":"https:\/\/www.suno.com.br\/noticias\/negocios\/"},{"@type":"ListItem","position":3,"name":"PGR tenta barrar distribui\u00e7\u00e3o de dividendos da Braskem"}]},{"@type":"WebSite","@id":"https:\/\/www.suno.com.br\/noticias\/#website","url":"https:\/\/www.suno.com.br\/noticias\/","name":"Suno Not\u00edcias","description":"Seu portal de informa\u00e7\u00e3o sobre o mundo dos investimentos","publisher":{"@id":"https:\/\/www.suno.com.br\/noticias\/#organization"},"potentialAction":[{"@type":"SearchAction","target":{"@type":"EntryPoint","urlTemplate":"https:\/\/www.suno.com.br\/noticias\/?s={search_term_string}"},"query-input":{"@type":"PropertyValueSpecification","valueRequired":true,"valueName":"search_term_string"}}],"inLanguage":"pt-BR"},{"@type":"Organization","@id":"https:\/\/www.suno.com.br\/noticias\/#organization","name":"Suno Not\u00edcias","url":"https:\/\/www.suno.com.br\/noticias\/","logo":{"@type":"ImageObject","inLanguage":"pt-BR","@id":"https:\/\/www.suno.com.br\/noticias\/#\/schema\/logo\/image\/","url":"https:\/\/files.sunoresearch.com.br\/n\/uploads\/2021\/09\/suno-logo.png","contentUrl":"https:\/\/files.sunoresearch.com.br\/n\/uploads\/2021\/09\/suno-logo.png","width":180,"height":180,"caption":"Suno Not\u00edcias"},"image":{"@id":"https:\/\/www.suno.com.br\/noticias\/#\/schema\/logo\/image\/"},"sameAs":["https:\/\/facebook.com\/sunoresearch","https:\/\/x.com\/sunoresearch","https:\/\/www.instagram.com\/suno","https:\/\/www.linkedin.com\/company\/suno-research\/","https:\/\/www.youtube.com\/c\/sunoresearch"]},{"@type":"Person","@id":"https:\/\/www.suno.com.br\/noticias\/#\/schema\/person\/4e19e3d2575736e5283d58eb3199d120","name":"Giovanna Oliveira","image":{"@type":"ImageObject","inLanguage":"pt-BR","@id":"https:\/\/www.suno.com.br\/noticias\/#\/schema\/person\/image\/","url":"https:\/\/secure.gravatar.com\/avatar\/9a37b3ae208962ac568992d0ffdbc2eb?s=96&r=g","contentUrl":"https:\/\/secure.gravatar.com\/avatar\/9a37b3ae208962ac568992d0ffdbc2eb?s=96&r=g","caption":"Giovanna Oliveira"},"description":"Giovanna Oliveira escreve sobre economia e pol\u00edtica. Foi rep\u00f3rter do portal de jornalismo da ESPM-SP e produziu conte\u00fado para a Corinthians TV. \u00c9 estudante da ESPM.","url":"https:\/\/www.suno.com.br\/noticias\/author\/giovanna\/"}]}},"default_loop_html":"<div class=\"cardsPage__listCard__boxs\"><div class=\"cardsPage__listCard__boxs__img\"><a href=\"https:\/\/www.suno.com.br\/noticias\/pgr-dividendos-braskem\/\"><img class=\"mask\" src=\"https:\/\/www.suno.com.br\/noticias\/wp-content\/themes\/suno\/resources\/images\/spotlight\/spotlight1img\/bg-mask.png\" alt=\"Image Mask\"\/><img src=\"https:\/\/files.sunoresearch.com.br\/n\/uploads\/2019\/06\/5a2053f2-braskem-400x200.webp\" alt=\"PGR tenta barrar distribui\u00e7\u00e3o de dividendos da Braskem\"\/><\/a><span class=\"spotlightCategory\"><a href=\"https:\/\/www.suno.com.br\/noticias\/negocios\/\">Neg\u00f3cios<\/a><\/span><\/div><div class=\"cardsPage__listCard__boxs__content\"><a href=\"https:\/\/www.suno.com.br\/noticias\/pgr-dividendos-braskem\/\"><h2 class=\"content__title\">PGR tenta barrar distribui\u00e7\u00e3o de dividendos da Braskem<\/h2><\/a><div class=\"newsContent__article__meta\"><div class=\"newsContent__article__meta__authorBox\"><a href=\"https:\/\/www.suno.com.br\/noticias\/author\/giovanna\/\" class=\"authorBox__avatar noMobi\"><img src=\"https:\/\/files.sunoresearch.com.br\/n\/uploads\/2019\/06\/952a89ca-screenshot_20190608-171507-150x150.webp\" alt=\"Giovanna Oliveira\"><\/a><div class=\"authorBox__name\"><span>por\n\t\t\t<a href=\"https:\/\/www.suno.com.br\/noticias\/author\/giovanna\/\"><span itemprop=\"author\">Giovanna Oliveira<\/span><\/a><\/span><time datetime=\"2019-06-21T20:13:37-03:00\" itemprop=\"datePublished\">21\/06\/2019 20:13<\/time><\/div><\/div><\/div><\/div><\/div>","single_layout":"posts","amp_enabled":true,"_links":{"self":[{"href":"https:\/\/www.suno.com.br\/noticias\/wp-json\/wp\/v2\/posts\/28859"}],"collection":[{"href":"https:\/\/www.suno.com.br\/noticias\/wp-json\/wp\/v2\/posts"}],"about":[{"href":"https:\/\/www.suno.com.br\/noticias\/wp-json\/wp\/v2\/types\/post"}],"author":[{"embeddable":true,"href":"https:\/\/www.suno.com.br\/noticias\/wp-json\/wp\/v2\/users\/18"}],"replies":[{"embeddable":true,"href":"https:\/\/www.suno.com.br\/noticias\/wp-json\/wp\/v2\/comments?post=28859"}],"version-history":[{"count":0,"href":"https:\/\/www.suno.com.br\/noticias\/wp-json\/wp\/v2\/posts\/28859\/revisions"}],"wp:featuredmedia":[{"embeddable":true,"href":"https:\/\/www.suno.com.br\/noticias\/wp-json\/wp\/v2\/media\/28868"}],"wp:attachment":[{"href":"https:\/\/www.suno.com.br\/noticias\/wp-json\/wp\/v2\/media?parent=28859"}],"wp:term":[{"taxonomy":"category","embeddable":true,"href":"https:\/\/www.suno.com.br\/noticias\/wp-json\/wp\/v2\/categories?post=28859"},{"taxonomy":"post_tag","embeddable":true,"href":"https:\/\/www.suno.com.br\/noticias\/wp-json\/wp\/v2\/tags?post=28859"},{"taxonomy":"suno_strategy","embeddable":true,"href":"https:\/\/www.suno.com.br\/noticias\/wp-json\/wp\/v2\/suno_strategy?post=28859"}],"curies":[{"name":"wp","href":"https:\/\/api.w.org\/{rel}","templated":true}]}}