{"id":288584,"date":"2022-08-24T09:45:19","date_gmt":"2022-08-24T12:45:19","guid":{"rendered":"https:\/\/www.suno.com.br\/noticias\/?p=288584"},"modified":"2022-09-12T13:02:02","modified_gmt":"2022-09-12T16:02:02","slug":"prio-prio3-possivel-compra-dommo-dmmo3","status":"publish","type":"post","link":"https:\/\/www.suno.com.br\/noticias\/prio-prio3-possivel-compra-dommo-dmmo3\/","title":{"rendered":"PRIO (PRIO3) se pronuncia sobre poss\u00edvel compra da Dommo (DMMO3)"},"content":{"rendered":"<p>A <a href=\"https:\/\/www.suno.com.br\/acoes\/PRIO3\/\">PRIO (PRIO3)<\/a>, antiga PetroRio, afirmou que n\u00e3o h\u00e1 qualquer documento vinculante ou decis\u00e3o tomada sobre a compra da <strong><a href=\"https:\/\/www.suno.com.br\/acoes\/DMMO3\/\">Dommo<\/a><\/strong> (DMMO3), ex-OGX, que pertenceu ao empres\u00e1rio <a class=\"suno-keyword\" href=\"https:\/\/www.suno.com.br\/tudo-sobre\/eike-batista\/\" target=\"_blank\" rel=\"noopener\" data-force=\"no\" data-priority=\"2\">Eike Batista<\/a>.<\/p>\t<div class=\"wrapper-featured-image\">\n\t\t<figure class=\"spotlightImg\">\n\n\t\t\t<picture>\n\t\t\t\t<source media=\"(max-width: 768px)\" srcset=\"https:\/\/files.sunoresearch.com.br\/n\/uploads\/2021\/03\/47efdb3e-petrorio1-400x200.webp\">\n\t\t\t\t<img loading=\"lazy\" decoding=\"async\" class=\"newsContent__article__imgCapa lazyloadDisabled \" src=\"https:\/\/files.sunoresearch.com.br\/n\/uploads\/2021\/03\/47efdb3e-petrorio1-800x450.webp\" width=\"800\" height=\"450\" alt=\"PRIO (PRIO3) se pronuncia sobre poss\u00edvel compra da Dommo (DMMO3)\" fetchpriority=high \/>\n\t\t\t<\/picture>\n\n\t\t\t<figcaption class=\"wp-caption-text wp-caption-text--show\">PetroRio (PRIO3), B3 (B3SA3) e Taesa (TAEE11) s\u00e3o destaques de empresas nesta sexta<\/figcaption>\n\t\t<\/figure>\n\t<\/div>\n\n\n\t<p>\n\t\t<a href=\"\" target=\"_blank\" data-element=\"shortcode-suno-banner\" title=\"Banner SUNO, clique e saiba mais\">\n\t\t\t<picture>\n\t\t\t\t<source media=\"(max-width: 500px)\" srcset=\"\">\n\t\t\t\t<img class=\"newsContent__article__imgCapa newsContent__article__imgCapa--banner\"\n\t\t\t\t\tsrc=\"\"\n\t\t\t\t\tdata-promo-id=\"138420\"\t\t\t\t\t\t\t\t\t\t\t\t\t\t\talt=\"\"\n\t\t\t\t>\n\t\t\t<\/picture>\n\t\t<\/a>\n\t<\/p>\n\n\n<p>O comunicado veio ap\u00f3s o colunista Lauro Jardim divulgar que a compra da Dommo estava em vias de acontecer. De acordo com o blog, a <strong>aquisi\u00e7\u00e3o da Dommo pela PRIO<\/strong>\u00a0deveria ocorrer quando os cr\u00e9ditos tribut\u00e1rios da compradora fossem validados pela Receita Federal.<\/p>\n<p>&#8220;A PetroRio, de Nelson Tanure, vai comprar a Dommo (exOGX). Mas n\u00e3o agora. E, sim, quando os cr\u00e9ditos tribut\u00e1rios que possui forem validados pela Receita Federal&#8221;, escreveu Jardim.<\/p>\n<p>Em <a class=\"suno-keyword\" href=\"https:\/\/www.suno.com.br\/artigos\/fato-relevante\/\" target=\"_blank\" rel=\"noopener\" data-force=\"no\" data-priority=\"1\">fato relevante<\/a> divulgado ao mercado, a PRIO afirmou que analisa a potencial oportunidade de neg\u00f3cio, mas que isso se insere em um contexto de avalia\u00e7\u00e3o cont\u00ednua de oportunidades de investimento em linha com sua estrat\u00e9gia de crescimento inorg\u00e2nico.<\/p>\n<p>A PRIO tamb\u00e9m esclareceu que a companhia det\u00e9m capital pulverizado, sem <a class=\"suno-keyword\" href=\"https:\/\/www.suno.com.br\/artigos\/acionista-controlador\/\" target=\"_blank\" rel=\"noopener\" data-force=\"no\" data-priority=\"1\">acionista controlador<\/a> definido, como uma resposta ao trecho da coluna de Jardim que vincula a companhia a Nelson Tanure.<\/p>\n<p>Na vis\u00e3o da Ativa Investimentos, a <strong>aquisi\u00e7\u00e3o da Dommo<\/strong> pela petroleira era esperada pelo mercado e disp\u00f5e apenas de vi\u00e9s financeiro.<\/p>\n<p>&#8220;Ainda assim, o movimento pode ser positivo para compr\u00e1veis de cr\u00e9ditos tribut\u00e1rios superarem os valores pagos efetivamente&#8221;, afirmam os analistas da Ativa, em nota.<\/p>\n<p>A<strong> a\u00e7\u00e3o da\u00a0Dommo <\/strong>\u00e9 um dos destaques do ano, com disparada de 224%.<\/p>\n<p>A PRIO informou, ainda, que manter\u00e1 seus acionistas e o mercado geral informados sobre qualquer ocorr\u00eancia ou fato relevante envolvendo uma eventual compra da<strong> Dommo<\/strong>.<\/p>\n\t<p>\n\t\t<a href=\"https:\/\/lp.suno.com.br\/planilha-controle-gastos\/\" target=\"_blank\" data-element=\"shortcode-suno-banner\" title=\"Banner SUNO, clique e saiba mais\">\n\t\t\t<picture>\n\t\t\t\t<source media=\"(max-width: 500px)\" srcset=\"https:\/\/files.sunoresearch.com.br\/n\/uploads\/2023\/03\/400x300-Planilha-controle-de-gastos.png\">\n\t\t\t\t<img class=\"newsContent__article__imgCapa newsContent__article__imgCapa--banner\"\n\t\t\t\t\tsrc=\"https:\/\/files.sunoresearch.com.br\/n\/uploads\/2023\/03\/1420x240-Planilha-controle-de-gastos.png\"\n\t\t\t\t\tdata-promo-id=\"101751\"\t\t\t\t\t\t\t\t\t\twidth='1420' height='240'\t\t\t\t\talt=\"https:\/\/files.sunoresearch.com.br\/n\/uploads\/2023\/03\/1420x240-Planilha-controle-de-gastos.png\"\n\t\t\t\t>\n\t\t\t<\/picture>\n\t\t<\/a>\n\t<\/p>\n\n\n","protected":false},"excerpt":{"rendered":"<p>A PRIO (PRIO3), antiga PetroRio, afirmou que n\u00e3o h\u00e1 qualquer documento vinculante ou decis\u00e3o tomada sobre a compra da Dommo (DMMO3), ex-OGX, que pertenceu ao empres\u00e1rio Eike Batista. PetroRio (PRIO3), B3 (B3SA3) e Taesa (TAEE11) s\u00e3o destaques de empresas nesta sexta O comunicado veio ap\u00f3s o colunista Lauro Jardim divulgar que a compra da Dommo [&hellip;]<\/p>\n","protected":false},"author":192,"featured_media":130428,"comment_status":"closed","ping_status":"closed","sticky":false,"template":"","format":"standard","meta":[],"categories":[64],"tags":[105685,1415,597],"suno_strategy":[],"class_list":["post-288584","post","type-post","status-publish","format-standard","has-post-thumbnail","hentry","category-negocios","tag-dommo-energia-dmmo11-dmmo3","tag-eike-batista","tag-petrorio-prio3"],"yoast_head":"<!-- This site is optimized with the Yoast SEO plugin v24.4 - https:\/\/yoast.com\/wordpress\/plugins\/seo\/ -->\n<title>PRIO (PRIO3) se pronuncia sobre poss\u00edvel compra da Dommo (DMMO3)<\/title>\n<meta name=\"description\" content=\"A PRIO, antiga PetroRio, afirmou que n\u00e3o h\u00e1 qualquer documento vinculante ou decis\u00e3o tomada sobre a compra da Dommo Energia. Saiba mais.\" \/>\n<meta name=\"robots\" content=\"index, follow, max-snippet:-1, max-image-preview:large, max-video-preview:-1\" \/>\n<link rel=\"canonical\" href=\"https:\/\/www.suno.com.br\/noticias\/prio-prio3-possivel-compra-dommo-dmmo3\/\" \/>\n<meta property=\"og:locale\" content=\"pt_BR\" \/>\n<meta property=\"og:type\" content=\"article\" \/>\n<meta property=\"og:title\" content=\"PRIO (PRIO3) se pronuncia sobre poss\u00edvel compra da Dommo (DMMO3)\" \/>\n<meta property=\"og:description\" content=\"A PRIO, antiga PetroRio, afirmou que n\u00e3o h\u00e1 qualquer documento vinculante ou decis\u00e3o tomada sobre a compra da Dommo Energia. Saiba mais.\" \/>\n<meta property=\"og:url\" content=\"https:\/\/www.suno.com.br\/noticias\/prio-prio3-possivel-compra-dommo-dmmo3\/\" \/>\n<meta property=\"og:site_name\" content=\"Suno Not\u00edcias\" \/>\n<meta property=\"article:publisher\" content=\"https:\/\/facebook.com\/sunoresearch\" \/>\n<meta property=\"og:image\" content=\"https:\/\/files.sunoresearch.com.br\/n\/uploads\/2021\/03\/47efdb3e-petrorio1.jpg\" \/>\n\t<meta property=\"og:image:width\" content=\"1200\" \/>\n\t<meta property=\"og:image:height\" content=\"900\" \/>\n\t<meta property=\"og:image:type\" content=\"image\/jpeg\" \/>\n<meta name=\"author\" content=\"Laura Intrieri\" \/>\n<meta name=\"twitter:card\" content=\"summary_large_image\" \/>\n<meta name=\"twitter:creator\" content=\"@sunoresearch\" \/>\n<meta name=\"twitter:site\" content=\"@sunoresearch\" \/>\n<meta name=\"twitter:label1\" content=\"Escrito por\" \/>\n\t<meta name=\"twitter:data1\" content=\"Laura Intrieri\" \/>\n\t<meta name=\"twitter:label2\" content=\"Est. tempo de leitura\" \/>\n\t<meta name=\"twitter:data2\" content=\"2 minutos\" \/>\n<script type=\"application\/ld+json\" class=\"yoast-schema-graph\">{\"@context\":\"https:\/\/schema.org\",\"@graph\":[{\"@type\":\"NewsArticle\",\"@id\":\"https:\/\/www.suno.com.br\/noticias\/prio-prio3-possivel-compra-dommo-dmmo3\/#article\",\"isPartOf\":{\"@id\":\"https:\/\/www.suno.com.br\/noticias\/prio-prio3-possivel-compra-dommo-dmmo3\/\"},\"author\":{\"name\":\"Laura Intrieri\",\"@id\":\"https:\/\/www.suno.com.br\/noticias\/#\/schema\/person\/653a8428016d45b19031651c57b94f82\"},\"headline\":\"PRIO (PRIO3) se pronuncia sobre poss\u00edvel compra da Dommo (DMMO3)\",\"datePublished\":\"2022-08-24T12:45:19+00:00\",\"dateModified\":\"2022-09-12T16:02:02+00:00\",\"mainEntityOfPage\":{\"@id\":\"https:\/\/www.suno.com.br\/noticias\/prio-prio3-possivel-compra-dommo-dmmo3\/\"},\"wordCount\":293,\"publisher\":{\"@id\":\"https:\/\/www.suno.com.br\/noticias\/#organization\"},\"image\":{\"@id\":\"https:\/\/www.suno.com.br\/noticias\/prio-prio3-possivel-compra-dommo-dmmo3\/#primaryimage\"},\"thumbnailUrl\":\"https:\/\/files.sunoresearch.com.br\/n\/uploads\/2021\/03\/47efdb3e-petrorio1-jpg.webp\",\"keywords\":[\"Dommo Energia (DMMO11\/DMMO3)\",\"Eike Batista\",\"PetroRio (PRIO3)\"],\"articleSection\":[\"Neg\u00f3cios\"],\"inLanguage\":\"pt-BR\"},{\"@type\":\"WebPage\",\"@id\":\"https:\/\/www.suno.com.br\/noticias\/prio-prio3-possivel-compra-dommo-dmmo3\/\",\"url\":\"https:\/\/www.suno.com.br\/noticias\/prio-prio3-possivel-compra-dommo-dmmo3\/\",\"name\":\"PRIO (PRIO3) se pronuncia sobre poss\u00edvel compra da Dommo (DMMO3)\",\"isPartOf\":{\"@id\":\"https:\/\/www.suno.com.br\/noticias\/#website\"},\"primaryImageOfPage\":{\"@id\":\"https:\/\/www.suno.com.br\/noticias\/prio-prio3-possivel-compra-dommo-dmmo3\/#primaryimage\"},\"image\":{\"@id\":\"https:\/\/www.suno.com.br\/noticias\/prio-prio3-possivel-compra-dommo-dmmo3\/#primaryimage\"},\"thumbnailUrl\":\"https:\/\/files.sunoresearch.com.br\/n\/uploads\/2021\/03\/47efdb3e-petrorio1-jpg.webp\",\"datePublished\":\"2022-08-24T12:45:19+00:00\",\"dateModified\":\"2022-09-12T16:02:02+00:00\",\"description\":\"A PRIO, antiga PetroRio, afirmou que n\u00e3o h\u00e1 qualquer documento vinculante ou decis\u00e3o tomada sobre a compra da Dommo Energia. Saiba mais.\",\"breadcrumb\":{\"@id\":\"https:\/\/www.suno.com.br\/noticias\/prio-prio3-possivel-compra-dommo-dmmo3\/#breadcrumb\"},\"inLanguage\":\"pt-BR\",\"potentialAction\":[{\"@type\":\"ReadAction\",\"target\":[\"https:\/\/www.suno.com.br\/noticias\/prio-prio3-possivel-compra-dommo-dmmo3\/\"]}]},{\"@type\":\"ImageObject\",\"inLanguage\":\"pt-BR\",\"@id\":\"https:\/\/www.suno.com.br\/noticias\/prio-prio3-possivel-compra-dommo-dmmo3\/#primaryimage\",\"url\":\"https:\/\/files.sunoresearch.com.br\/n\/uploads\/2021\/03\/47efdb3e-petrorio1-jpg.webp\",\"contentUrl\":\"https:\/\/files.sunoresearch.com.br\/n\/uploads\/2021\/03\/47efdb3e-petrorio1-jpg.webp\",\"width\":1200,\"height\":900,\"caption\":\"PetroRio (PRIO3), B3 (B3SA3) e Taesa (TAEE11) s\u00e3o destaques de empresas nesta sexta\"},{\"@type\":\"BreadcrumbList\",\"@id\":\"https:\/\/www.suno.com.br\/noticias\/prio-prio3-possivel-compra-dommo-dmmo3\/#breadcrumb\",\"itemListElement\":[{\"@type\":\"ListItem\",\"position\":1,\"name\":\"Not\u00edcias\",\"item\":\"https:\/\/www.suno.com.br\/noticias\/\"},{\"@type\":\"ListItem\",\"position\":2,\"name\":\"Neg\u00f3cios\",\"item\":\"https:\/\/www.suno.com.br\/noticias\/negocios\/\"},{\"@type\":\"ListItem\",\"position\":3,\"name\":\"PRIO (PRIO3) se pronuncia sobre poss\u00edvel compra da Dommo (DMMO3)\"}]},{\"@type\":\"WebSite\",\"@id\":\"https:\/\/www.suno.com.br\/noticias\/#website\",\"url\":\"https:\/\/www.suno.com.br\/noticias\/\",\"name\":\"Suno Not\u00edcias\",\"description\":\"Seu portal de informa\u00e7\u00e3o sobre o mundo dos investimentos\",\"publisher\":{\"@id\":\"https:\/\/www.suno.com.br\/noticias\/#organization\"},\"potentialAction\":[{\"@type\":\"SearchAction\",\"target\":{\"@type\":\"EntryPoint\",\"urlTemplate\":\"https:\/\/www.suno.com.br\/noticias\/?s={search_term_string}\"},\"query-input\":{\"@type\":\"PropertyValueSpecification\",\"valueRequired\":true,\"valueName\":\"search_term_string\"}}],\"inLanguage\":\"pt-BR\"},{\"@type\":\"Organization\",\"@id\":\"https:\/\/www.suno.com.br\/noticias\/#organization\",\"name\":\"Suno Not\u00edcias\",\"url\":\"https:\/\/www.suno.com.br\/noticias\/\",\"logo\":{\"@type\":\"ImageObject\",\"inLanguage\":\"pt-BR\",\"@id\":\"https:\/\/www.suno.com.br\/noticias\/#\/schema\/logo\/image\/\",\"url\":\"https:\/\/files.sunoresearch.com.br\/n\/uploads\/2021\/09\/suno-logo.png\",\"contentUrl\":\"https:\/\/files.sunoresearch.com.br\/n\/uploads\/2021\/09\/suno-logo.png\",\"width\":180,\"height\":180,\"caption\":\"Suno Not\u00edcias\"},\"image\":{\"@id\":\"https:\/\/www.suno.com.br\/noticias\/#\/schema\/logo\/image\/\"},\"sameAs\":[\"https:\/\/facebook.com\/sunoresearch\",\"https:\/\/x.com\/sunoresearch\",\"https:\/\/www.instagram.com\/suno\",\"https:\/\/www.linkedin.com\/company\/suno-research\/\",\"https:\/\/www.youtube.com\/c\/sunoresearch\"]},{\"@type\":\"Person\",\"@id\":\"https:\/\/www.suno.com.br\/noticias\/#\/schema\/person\/653a8428016d45b19031651c57b94f82\",\"name\":\"Laura Intrieri\",\"image\":{\"@type\":\"ImageObject\",\"inLanguage\":\"pt-BR\",\"@id\":\"https:\/\/www.suno.com.br\/noticias\/#\/schema\/person\/image\/\",\"url\":\"https:\/\/secure.gravatar.com\/avatar\/27e3058d15d09a0a778c3d387c062d71?s=96&r=g\",\"contentUrl\":\"https:\/\/secure.gravatar.com\/avatar\/27e3058d15d09a0a778c3d387c062d71?s=96&r=g\",\"caption\":\"Laura Intrieri\"},\"description\":\"Rep\u00f3rter no Suno Not\u00edcias, cobre mercados, pol\u00edtica e economia. Escreve sobre Bolsa de Valores. Formada em Administra\u00e7\u00e3o P\u00fablica pela Funda\u00e7\u00e3o Get\u00falio Vargas, j\u00e1 passou pelo portal Money Times, escrevendo sobre pol\u00edtica e economia para a editoria \\\"Brasil\\\". Tamb\u00e9m j\u00e1 contribuiu para Ag\u00eancia Estado, cobrindo balan\u00e7os trimestrais e relat\u00f3rios de casas de an\u00e1lise. J\u00e1 produziu podcasts educativos e corporativos para a FGV EAESP. Durante a gradua\u00e7\u00e3o, desempenhou atividades acad\u00eamicas com enfoque em Finan\u00e7as P\u00fablicas.\",\"url\":\"https:\/\/www.suno.com.br\/noticias\/author\/laura-intrieri\/\"}]}<\/script>\n<!-- \/ Yoast SEO plugin. -->","yoast_head_json":{"title":"PRIO (PRIO3) se pronuncia sobre poss\u00edvel compra da Dommo (DMMO3)","description":"A PRIO, antiga PetroRio, afirmou que n\u00e3o h\u00e1 qualquer documento vinculante ou decis\u00e3o tomada sobre a compra da Dommo Energia. Saiba mais.","robots":{"index":"index","follow":"follow","max-snippet":"max-snippet:-1","max-image-preview":"max-image-preview:large","max-video-preview":"max-video-preview:-1"},"canonical":"https:\/\/www.suno.com.br\/noticias\/prio-prio3-possivel-compra-dommo-dmmo3\/","og_locale":"pt_BR","og_type":"article","og_title":"PRIO (PRIO3) se pronuncia sobre poss\u00edvel compra da Dommo (DMMO3)","og_description":"A PRIO, antiga PetroRio, afirmou que n\u00e3o h\u00e1 qualquer documento vinculante ou decis\u00e3o tomada sobre a compra da Dommo Energia. Saiba mais.","og_url":"https:\/\/www.suno.com.br\/noticias\/prio-prio3-possivel-compra-dommo-dmmo3\/","og_site_name":"Suno Not\u00edcias","article_publisher":"https:\/\/facebook.com\/sunoresearch","og_image":[{"width":1200,"height":900,"url":"https:\/\/files.sunoresearch.com.br\/n\/uploads\/2021\/03\/47efdb3e-petrorio1.jpg","type":"image\/jpeg"}],"author":"Laura Intrieri","twitter_card":"summary_large_image","twitter_creator":"@sunoresearch","twitter_site":"@sunoresearch","twitter_misc":{"Escrito por":"Laura Intrieri","Est. tempo de leitura":"2 minutos"},"schema":{"@context":"https:\/\/schema.org","@graph":[{"@type":"NewsArticle","@id":"https:\/\/www.suno.com.br\/noticias\/prio-prio3-possivel-compra-dommo-dmmo3\/#article","isPartOf":{"@id":"https:\/\/www.suno.com.br\/noticias\/prio-prio3-possivel-compra-dommo-dmmo3\/"},"author":{"name":"Laura Intrieri","@id":"https:\/\/www.suno.com.br\/noticias\/#\/schema\/person\/653a8428016d45b19031651c57b94f82"},"headline":"PRIO (PRIO3) se pronuncia sobre poss\u00edvel compra da Dommo (DMMO3)","datePublished":"2022-08-24T12:45:19+00:00","dateModified":"2022-09-12T16:02:02+00:00","mainEntityOfPage":{"@id":"https:\/\/www.suno.com.br\/noticias\/prio-prio3-possivel-compra-dommo-dmmo3\/"},"wordCount":293,"publisher":{"@id":"https:\/\/www.suno.com.br\/noticias\/#organization"},"image":{"@id":"https:\/\/www.suno.com.br\/noticias\/prio-prio3-possivel-compra-dommo-dmmo3\/#primaryimage"},"thumbnailUrl":"https:\/\/files.sunoresearch.com.br\/n\/uploads\/2021\/03\/47efdb3e-petrorio1-jpg.webp","keywords":["Dommo Energia (DMMO11\/DMMO3)","Eike Batista","PetroRio (PRIO3)"],"articleSection":["Neg\u00f3cios"],"inLanguage":"pt-BR"},{"@type":"WebPage","@id":"https:\/\/www.suno.com.br\/noticias\/prio-prio3-possivel-compra-dommo-dmmo3\/","url":"https:\/\/www.suno.com.br\/noticias\/prio-prio3-possivel-compra-dommo-dmmo3\/","name":"PRIO (PRIO3) se pronuncia sobre poss\u00edvel compra da Dommo (DMMO3)","isPartOf":{"@id":"https:\/\/www.suno.com.br\/noticias\/#website"},"primaryImageOfPage":{"@id":"https:\/\/www.suno.com.br\/noticias\/prio-prio3-possivel-compra-dommo-dmmo3\/#primaryimage"},"image":{"@id":"https:\/\/www.suno.com.br\/noticias\/prio-prio3-possivel-compra-dommo-dmmo3\/#primaryimage"},"thumbnailUrl":"https:\/\/files.sunoresearch.com.br\/n\/uploads\/2021\/03\/47efdb3e-petrorio1-jpg.webp","datePublished":"2022-08-24T12:45:19+00:00","dateModified":"2022-09-12T16:02:02+00:00","description":"A PRIO, antiga PetroRio, afirmou que n\u00e3o h\u00e1 qualquer documento vinculante ou decis\u00e3o tomada sobre a compra da Dommo Energia. Saiba mais.","breadcrumb":{"@id":"https:\/\/www.suno.com.br\/noticias\/prio-prio3-possivel-compra-dommo-dmmo3\/#breadcrumb"},"inLanguage":"pt-BR","potentialAction":[{"@type":"ReadAction","target":["https:\/\/www.suno.com.br\/noticias\/prio-prio3-possivel-compra-dommo-dmmo3\/"]}]},{"@type":"ImageObject","inLanguage":"pt-BR","@id":"https:\/\/www.suno.com.br\/noticias\/prio-prio3-possivel-compra-dommo-dmmo3\/#primaryimage","url":"https:\/\/files.sunoresearch.com.br\/n\/uploads\/2021\/03\/47efdb3e-petrorio1-jpg.webp","contentUrl":"https:\/\/files.sunoresearch.com.br\/n\/uploads\/2021\/03\/47efdb3e-petrorio1-jpg.webp","width":1200,"height":900,"caption":"PetroRio (PRIO3), B3 (B3SA3) e Taesa (TAEE11) s\u00e3o destaques de empresas nesta sexta"},{"@type":"BreadcrumbList","@id":"https:\/\/www.suno.com.br\/noticias\/prio-prio3-possivel-compra-dommo-dmmo3\/#breadcrumb","itemListElement":[{"@type":"ListItem","position":1,"name":"Not\u00edcias","item":"https:\/\/www.suno.com.br\/noticias\/"},{"@type":"ListItem","position":2,"name":"Neg\u00f3cios","item":"https:\/\/www.suno.com.br\/noticias\/negocios\/"},{"@type":"ListItem","position":3,"name":"PRIO (PRIO3) se pronuncia sobre poss\u00edvel compra da Dommo (DMMO3)"}]},{"@type":"WebSite","@id":"https:\/\/www.suno.com.br\/noticias\/#website","url":"https:\/\/www.suno.com.br\/noticias\/","name":"Suno Not\u00edcias","description":"Seu portal de informa\u00e7\u00e3o sobre o mundo dos investimentos","publisher":{"@id":"https:\/\/www.suno.com.br\/noticias\/#organization"},"potentialAction":[{"@type":"SearchAction","target":{"@type":"EntryPoint","urlTemplate":"https:\/\/www.suno.com.br\/noticias\/?s={search_term_string}"},"query-input":{"@type":"PropertyValueSpecification","valueRequired":true,"valueName":"search_term_string"}}],"inLanguage":"pt-BR"},{"@type":"Organization","@id":"https:\/\/www.suno.com.br\/noticias\/#organization","name":"Suno Not\u00edcias","url":"https:\/\/www.suno.com.br\/noticias\/","logo":{"@type":"ImageObject","inLanguage":"pt-BR","@id":"https:\/\/www.suno.com.br\/noticias\/#\/schema\/logo\/image\/","url":"https:\/\/files.sunoresearch.com.br\/n\/uploads\/2021\/09\/suno-logo.png","contentUrl":"https:\/\/files.sunoresearch.com.br\/n\/uploads\/2021\/09\/suno-logo.png","width":180,"height":180,"caption":"Suno Not\u00edcias"},"image":{"@id":"https:\/\/www.suno.com.br\/noticias\/#\/schema\/logo\/image\/"},"sameAs":["https:\/\/facebook.com\/sunoresearch","https:\/\/x.com\/sunoresearch","https:\/\/www.instagram.com\/suno","https:\/\/www.linkedin.com\/company\/suno-research\/","https:\/\/www.youtube.com\/c\/sunoresearch"]},{"@type":"Person","@id":"https:\/\/www.suno.com.br\/noticias\/#\/schema\/person\/653a8428016d45b19031651c57b94f82","name":"Laura Intrieri","image":{"@type":"ImageObject","inLanguage":"pt-BR","@id":"https:\/\/www.suno.com.br\/noticias\/#\/schema\/person\/image\/","url":"https:\/\/secure.gravatar.com\/avatar\/27e3058d15d09a0a778c3d387c062d71?s=96&r=g","contentUrl":"https:\/\/secure.gravatar.com\/avatar\/27e3058d15d09a0a778c3d387c062d71?s=96&r=g","caption":"Laura Intrieri"},"description":"Rep\u00f3rter no Suno Not\u00edcias, cobre mercados, pol\u00edtica e economia. Escreve sobre Bolsa de Valores. Formada em Administra\u00e7\u00e3o P\u00fablica pela Funda\u00e7\u00e3o Get\u00falio Vargas, j\u00e1 passou pelo portal Money Times, escrevendo sobre pol\u00edtica e economia para a editoria \"Brasil\". Tamb\u00e9m j\u00e1 contribuiu para Ag\u00eancia Estado, cobrindo balan\u00e7os trimestrais e relat\u00f3rios de casas de an\u00e1lise. J\u00e1 produziu podcasts educativos e corporativos para a FGV EAESP. Durante a gradua\u00e7\u00e3o, desempenhou atividades acad\u00eamicas com enfoque em Finan\u00e7as P\u00fablicas.","url":"https:\/\/www.suno.com.br\/noticias\/author\/laura-intrieri\/"}]}},"default_loop_html":"<div class=\"cardsPage__listCard__boxs\"><div class=\"cardsPage__listCard__boxs__img\"><a href=\"https:\/\/www.suno.com.br\/noticias\/prio-prio3-possivel-compra-dommo-dmmo3\/\"><img class=\"mask\" src=\"https:\/\/www.suno.com.br\/noticias\/wp-content\/themes\/suno\/resources\/images\/spotlight\/spotlight1img\/bg-mask.png\" alt=\"Image Mask\"\/><img src=\"https:\/\/files.sunoresearch.com.br\/n\/uploads\/2021\/03\/47efdb3e-petrorio1-400x200.webp\" alt=\"PRIO (PRIO3) se pronuncia sobre poss\u00edvel compra da Dommo (DMMO3)\"\/><\/a><span class=\"spotlightCategory\"><a href=\"https:\/\/www.suno.com.br\/noticias\/negocios\/\">Neg\u00f3cios<\/a><\/span><\/div><div class=\"cardsPage__listCard__boxs__content\"><a href=\"https:\/\/www.suno.com.br\/noticias\/prio-prio3-possivel-compra-dommo-dmmo3\/\"><h2 class=\"content__title\">PRIO (PRIO3) se pronuncia sobre poss\u00edvel compra da Dommo (DMMO3)<\/h2><\/a><div class=\"newsContent__article__meta\"><div class=\"newsContent__article__meta__authorBox\"><a href=\"https:\/\/www.suno.com.br\/noticias\/author\/laura-intrieri\/\" class=\"authorBox__avatar noMobi\"><img src=\"https:\/\/files.sunoresearch.com.br\/n\/uploads\/2022\/10\/WhatsApp-Image-2022-10-05-at-17.31.14-150x150.jpeg\" alt=\"Laura Intrieri\"><\/a><div class=\"authorBox__name\"><span>por\n\t\t\t<a href=\"https:\/\/www.suno.com.br\/noticias\/author\/laura-intrieri\/\"><span itemprop=\"author\">Laura Intrieri<\/span><\/a><\/span><time datetime=\"2022-08-24T09:45:19-03:00\" itemprop=\"datePublished\">24\/08\/2022 09:45<\/time><\/div><\/div><\/div><\/div><\/div>","single_layout":"posts","amp_enabled":true,"_links":{"self":[{"href":"https:\/\/www.suno.com.br\/noticias\/wp-json\/wp\/v2\/posts\/288584"}],"collection":[{"href":"https:\/\/www.suno.com.br\/noticias\/wp-json\/wp\/v2\/posts"}],"about":[{"href":"https:\/\/www.suno.com.br\/noticias\/wp-json\/wp\/v2\/types\/post"}],"author":[{"embeddable":true,"href":"https:\/\/www.suno.com.br\/noticias\/wp-json\/wp\/v2\/users\/192"}],"replies":[{"embeddable":true,"href":"https:\/\/www.suno.com.br\/noticias\/wp-json\/wp\/v2\/comments?post=288584"}],"version-history":[{"count":3,"href":"https:\/\/www.suno.com.br\/noticias\/wp-json\/wp\/v2\/posts\/288584\/revisions"}],"predecessor-version":[{"id":288607,"href":"https:\/\/www.suno.com.br\/noticias\/wp-json\/wp\/v2\/posts\/288584\/revisions\/288607"}],"wp:featuredmedia":[{"embeddable":true,"href":"https:\/\/www.suno.com.br\/noticias\/wp-json\/wp\/v2\/media\/130428"}],"wp:attachment":[{"href":"https:\/\/www.suno.com.br\/noticias\/wp-json\/wp\/v2\/media?parent=288584"}],"wp:term":[{"taxonomy":"category","embeddable":true,"href":"https:\/\/www.suno.com.br\/noticias\/wp-json\/wp\/v2\/categories?post=288584"},{"taxonomy":"post_tag","embeddable":true,"href":"https:\/\/www.suno.com.br\/noticias\/wp-json\/wp\/v2\/tags?post=288584"},{"taxonomy":"suno_strategy","embeddable":true,"href":"https:\/\/www.suno.com.br\/noticias\/wp-json\/wp\/v2\/suno_strategy?post=288584"}],"curies":[{"name":"wp","href":"https:\/\/api.w.org\/{rel}","templated":true}]}}