{"id":28853,"date":"2019-06-21T20:08:47","date_gmt":"2019-06-21T23:08:47","guid":{"rendered":"https:\/\/www.suno.com.br\/noticias\/?p=28853"},"modified":"2019-06-21T20:08:47","modified_gmt":"2019-06-21T23:08:47","slug":"alexandre-moraes-suspende-processo-petrobras","status":"publish","type":"post","link":"https:\/\/www.suno.com.br\/noticias\/alexandre-moraes-suspende-processo-petrobras\/","title":{"rendered":"Petrobras: processo no TST \u00e9 suspenso por Alexandre de Moraes"},"content":{"rendered":"<p>O ministro Alexandre de Moraes determinou a suspens\u00e3o do andamento de um processo contra a Petrobras\u00a0(PETR3;PETR4) no <strong>Tribunal Superior do Trabalho (TST)<\/strong>. A decis\u00e3o do ministro do\u00a0<strong>Supremo Tribunal Federal (STF)<\/strong> ocorreu nesta sexta-feira (21).<\/p>\t<div class=\"wrapper-featured-image\">\n\t\t<figure class=\"spotlightImg\">\n\n\t\t\t<picture>\n\t\t\t\t<source media=\"(max-width: 768px)\" srcset=\"https:\/\/files.sunoresearch.com.br\/n\/uploads\/2019\/05\/d7bd28e4-petrobras-400x200.webp\">\n\t\t\t\t<img loading=\"lazy\" decoding=\"async\" class=\"newsContent__article__imgCapa lazyloadDisabled newsContent__article__imgCapa--noCaption\" src=\"https:\/\/files.sunoresearch.com.br\/n\/uploads\/2019\/05\/d7bd28e4-petrobras-800x450.webp\" width=\"800\" height=\"450\" alt=\"Petrobras: processo no TST \u00e9 suspenso por Alexandre de Moraes\" fetchpriority=high \/>\n\t\t\t<\/picture>\n\n\t\t\t<figcaption class=\"wp-caption-text wp-caption-text--hide\">Petrobras no Tribunal Superior do Trabalho (TST)<\/figcaption>\n\t\t<\/figure>\n\t<\/div>\n\n\n<p>O processo em andamento no <strong>TST<\/strong> trata do pagamento de ajustes salariais a um empregado da <strong>Petrobras.<\/strong> A disputa judicial iniciou ap\u00f3s uma reclama\u00e7\u00e3o trabalhista ajuizada por um petroleiro. Ele processou a <strong><a href=\"https:\/\/www.suno.com.br\/artigos\/estatal-so-se-for-de-graca\/\">estatal<\/a><\/strong>\u00a0petrol\u00edfera sobre o pagamento de diferen\u00e7as salariais decorrentes do c\u00e1lculo da chamada <strong>Remunera\u00e7\u00e3o M\u00ednima por N\u00edvel e Regi\u00e3o (RMNR)<\/strong>.<\/p>\n<p><a href=\"https:\/\/www.suno.com.br\/noticias\/petrobras-venda-tag\/\">Saiba mais: Petrobras conclui venda da TAG; Outros polos recebem proposta\u00a0<\/a><\/p>\n<p>O pedido foi julgado procedente em todas as inst\u00e2ncias da <strong>Justi\u00e7a do Trabalho.<\/strong> A <strong>Petrobras<\/strong> tentou apresentar um recurso, que foi negado.<\/p>\n\t<p>\n\t\t<a href=\"https:\/\/www.suno.com.br\/asset\/fundos\/suno-acoes-xp-seg-prev\/\" target=\"_blank\" data-element=\"shortcode-suno-banner\" title=\"Banner SUNO, clique e saiba mais\">\n\t\t\t<picture>\n\t\t\t\t<source media=\"(max-width: 500px)\" srcset=\"https:\/\/files.sunoresearch.com.br\/n\/uploads\/2023\/10\/SUNOPREV-400x300-Mobile-Artigos-3.png\">\n\t\t\t\t<img class=\"newsContent__article__imgCapa newsContent__article__imgCapa--banner\"\n\t\t\t\t\tsrc=\"https:\/\/files.sunoresearch.com.br\/n\/uploads\/2023\/10\/SUNOPREV-1420x240-Banner-Artigos-1-_-Banner-Materias-1.png\"\n\t\t\t\t\tdata-promo-id=\"476310\"\t\t\t\t\t\t\t\t\t\twidth='1420' height='240'\t\t\t\t\talt=\"https:\/\/files.sunoresearch.com.br\/n\/uploads\/2023\/10\/SUNOPREV-1420x240-Banner-Artigos-1-_-Banner-Materias-1.png\"\n\t\t\t\t>\n\t\t\t<\/picture>\n\t\t<\/a>\n\t<\/p>\n\n\n<p>A petrol\u00edfera recorreu ent\u00e3o ao <strong>STF,<\/strong> argumentando como a decis\u00e3o do <strong>TST<\/strong> desrespeitava uma medida cautelar\u00a0deferida pelo pr\u00f3prio <strong>Supremo.<\/strong> O STF tinha suspenso a tramita\u00e7\u00e3o de todas as a\u00e7\u00f5es individuais e coletivas que discutem a parcela.<\/p>\n<p><a href=\"https:\/\/www.suno.com.br\/noticias\/cade-aprova-acordo-venda-petrobras\/\">Saiba mais: Cade aprova acordo para a venda de refinarias da Petrobras\u00a0<\/a><\/p>\n<p>Em meados de 2018 o ministro <strong>Moraes<\/strong> decidiu suspender a condena\u00e7\u00e3o da <strong>Petrobras<\/strong> imposta pelo <strong>TST.<\/strong> A petrol\u00edfera teria que pagar\u00a0R$ 17 bilh\u00f5es em ajustes salariais. A decis\u00e3o tamb\u00e9m suspendeu o andamento de todas as a\u00e7\u00f5es individuais e coletivas, de qualquer inst\u00e2ncia judicial, sobre a pol\u00edtica de remunera\u00e7\u00e3o da Petrobras.<\/p>\n\t<p>\n\t\t<a href=\"https:\/\/www.seculus.com.br\/blackfriday\" target=\"_blank\" data-element=\"shortcode-suno-banner\" title=\"Banner SUNO, clique e saiba mais\">\n\t\t\t<picture>\n\t\t\t\t<source media=\"(max-width: 500px)\" srcset=\"https:\/\/files.sunoresearch.com.br\/n\/uploads\/2023\/11\/seculus_suno_mobile_1.jpg\">\n\t\t\t\t<img class=\"newsContent__article__imgCapa newsContent__article__imgCapa--banner\"\n\t\t\t\t\tsrc=\"https:\/\/files.sunoresearch.com.br\/n\/uploads\/2023\/11\/seculus_suno_desktop_1.jpg\"\n\t\t\t\t\tdata-promo-id=\"474122\"\t\t\t\t\t\t\t\t\t\twidth='1420' height='240'\t\t\t\t\talt=\"https:\/\/files.sunoresearch.com.br\/n\/uploads\/2023\/11\/seculus_suno_desktop_1.jpg\"\n\t\t\t\t>\n\t\t\t<\/picture>\n\t\t<\/a>\n\t<\/p>\n\n\n<p>Segundo o ministro <strong>Moraes,<\/strong> o seguimento da a\u00e7\u00e3o no <strong>TST<\/strong> foi uma &#8220;inconteste afronta a esta decis\u00e3o&#8221;. Por isso a a\u00e7\u00e3o deve ser suspensa at\u00e9 que o caso seja julgado pelo plen\u00e1rio.<\/p>\n<h2>Segunda decis\u00e3o judicial favor\u00e1vel<\/h2>\n<p>Essa \u00e9 a segunda decis\u00e3o favor\u00e1vel a <strong>Petrobras<\/strong> obtida em poucos dias. No come\u00e7o da semana, a\u00a024\u00aa Vara Federal do <strong>Rio de Janeiro<\/strong> revogou a decis\u00e3o liminar que suspendia a venda de 100% da Arauc\u00e1ria Nitrogenados S.A. (Ansa) e da Unidade de Fertilizantes Nitrogenados III (UFN-III).<\/p>\n<p><a href=\"https:\/\/www.suno.com.br\/noticias\/petrobras-retoma-vendas-unidades-fertilizantes\/\">Saiba mais: Petrobras retoma vendas de unidades de produ\u00e7\u00e3o de fertilizantes\u00a0<\/a><\/p>\n<p>Gra\u00e7as a essas decis\u00f5es judiciais, a <strong>Petrobras<\/strong> poder\u00e1 retomar o processo de cess\u00e3o dessas duas plantas. Em nota, a petrol\u00edfera explicou que o\u00a0objetivo do processo \u00e9 otimizar o portf\u00f3lio e melhorar a aloca\u00e7\u00e3o do capital, gerando valor aos acionistas.<\/p>\n","protected":false},"excerpt":{"rendered":"<p>O ministro Alexandre de Moraes determinou a suspens\u00e3o do andamento de um processo contra a Petrobras\u00a0(PETR3;PETR4) no Tribunal Superior do Trabalho (TST). A decis\u00e3o do ministro do\u00a0Supremo Tribunal Federal (STF) ocorreu nesta sexta-feira (21). Petrobras no Tribunal Superior do Trabalho (TST) O processo em andamento no TST trata do pagamento de ajustes salariais a um [&hellip;]<\/p>\n","protected":false},"author":9,"featured_media":26044,"comment_status":"closed","ping_status":"closed","sticky":false,"template":"","format":"standard","meta":[],"categories":[64],"tags":[595,785,1480],"suno_strategy":[],"class_list":["post-28853","post","type-post","status-publish","format-standard","has-post-thumbnail","hentry","category-negocios","tag-petrobras-petr4","tag-supremo-tribunal-federal-stf","tag-tst"],"yoast_head":"<!-- This site is optimized with the Yoast SEO plugin v24.4 - https:\/\/yoast.com\/wordpress\/plugins\/seo\/ -->\n<title>Petrobras: processo no TST \u00e9 suspenso por Alexandre de Moraes<\/title>\n<meta name=\"description\" content=\"O processo em andamento no TST trata do pagamento de ajustes salariais a um empregado da Petrobras. Clique aqui para saber mais.\" \/>\n<meta name=\"robots\" content=\"index, follow, max-snippet:-1, max-image-preview:large, max-video-preview:-1\" \/>\n<link rel=\"canonical\" href=\"https:\/\/www.suno.com.br\/noticias\/alexandre-moraes-suspende-processo-petrobras\/\" \/>\n<meta property=\"og:locale\" content=\"pt_BR\" \/>\n<meta property=\"og:type\" content=\"article\" \/>\n<meta property=\"og:title\" content=\"Petrobras: processo no TST \u00e9 suspenso por Alexandre de Moraes\" \/>\n<meta property=\"og:description\" content=\"O processo em andamento no TST trata do pagamento de ajustes salariais a um empregado da Petrobras. Clique aqui para saber mais.\" \/>\n<meta property=\"og:url\" content=\"https:\/\/www.suno.com.br\/noticias\/alexandre-moraes-suspende-processo-petrobras\/\" \/>\n<meta property=\"og:site_name\" content=\"Suno Not\u00edcias\" \/>\n<meta property=\"article:publisher\" content=\"https:\/\/facebook.com\/sunoresearch\" \/>\n<meta property=\"og:image\" content=\"https:\/\/files.sunoresearch.com.br\/n\/uploads\/2019\/05\/d7bd28e4-petrobras.jpg\" \/>\n\t<meta property=\"og:image:width\" content=\"1024\" \/>\n\t<meta property=\"og:image:height\" content=\"683\" \/>\n\t<meta property=\"og:image:type\" content=\"image\/jpeg\" \/>\n<meta name=\"author\" content=\"Carlo Cauti\" \/>\n<meta name=\"twitter:card\" content=\"summary_large_image\" \/>\n<meta name=\"twitter:creator\" content=\"@sunoresearch\" \/>\n<meta name=\"twitter:site\" content=\"@sunoresearch\" \/>\n<meta name=\"twitter:label1\" content=\"Escrito por\" \/>\n\t<meta name=\"twitter:data1\" content=\"Carlo Cauti\" \/>\n\t<meta name=\"twitter:label2\" content=\"Est. tempo de leitura\" \/>\n\t<meta name=\"twitter:data2\" content=\"2 minutos\" \/>\n<script type=\"application\/ld+json\" class=\"yoast-schema-graph\">{\"@context\":\"https:\/\/schema.org\",\"@graph\":[{\"@type\":\"NewsArticle\",\"@id\":\"https:\/\/www.suno.com.br\/noticias\/alexandre-moraes-suspende-processo-petrobras\/#article\",\"isPartOf\":{\"@id\":\"https:\/\/www.suno.com.br\/noticias\/alexandre-moraes-suspende-processo-petrobras\/\"},\"author\":{\"name\":\"Carlo Cauti\",\"@id\":\"https:\/\/www.suno.com.br\/noticias\/#\/schema\/person\/e6e0f723cc177805027f4566c1d5e0c8\"},\"headline\":\"Petrobras: processo no TST \u00e9 suspenso por Alexandre de Moraes\",\"datePublished\":\"2019-06-21T23:08:47+00:00\",\"mainEntityOfPage\":{\"@id\":\"https:\/\/www.suno.com.br\/noticias\/alexandre-moraes-suspende-processo-petrobras\/\"},\"wordCount\":411,\"publisher\":{\"@id\":\"https:\/\/www.suno.com.br\/noticias\/#organization\"},\"image\":{\"@id\":\"https:\/\/www.suno.com.br\/noticias\/alexandre-moraes-suspende-processo-petrobras\/#primaryimage\"},\"thumbnailUrl\":\"https:\/\/files.sunoresearch.com.br\/n\/uploads\/2019\/05\/d7bd28e4-petrobras-jpg.webp\",\"keywords\":[\"Petrobras (PETR4)\",\"Supremo Tribunal Federal (STF)\",\"TST\"],\"articleSection\":[\"Neg\u00f3cios\"],\"inLanguage\":\"pt-BR\"},{\"@type\":\"WebPage\",\"@id\":\"https:\/\/www.suno.com.br\/noticias\/alexandre-moraes-suspende-processo-petrobras\/\",\"url\":\"https:\/\/www.suno.com.br\/noticias\/alexandre-moraes-suspende-processo-petrobras\/\",\"name\":\"Petrobras: processo no TST \u00e9 suspenso por Alexandre de Moraes\",\"isPartOf\":{\"@id\":\"https:\/\/www.suno.com.br\/noticias\/#website\"},\"primaryImageOfPage\":{\"@id\":\"https:\/\/www.suno.com.br\/noticias\/alexandre-moraes-suspende-processo-petrobras\/#primaryimage\"},\"image\":{\"@id\":\"https:\/\/www.suno.com.br\/noticias\/alexandre-moraes-suspende-processo-petrobras\/#primaryimage\"},\"thumbnailUrl\":\"https:\/\/files.sunoresearch.com.br\/n\/uploads\/2019\/05\/d7bd28e4-petrobras-jpg.webp\",\"datePublished\":\"2019-06-21T23:08:47+00:00\",\"description\":\"O processo em andamento no TST trata do pagamento de ajustes salariais a um empregado da Petrobras. Clique aqui para saber mais.\",\"breadcrumb\":{\"@id\":\"https:\/\/www.suno.com.br\/noticias\/alexandre-moraes-suspende-processo-petrobras\/#breadcrumb\"},\"inLanguage\":\"pt-BR\",\"potentialAction\":[{\"@type\":\"ReadAction\",\"target\":[\"https:\/\/www.suno.com.br\/noticias\/alexandre-moraes-suspende-processo-petrobras\/\"]}]},{\"@type\":\"ImageObject\",\"inLanguage\":\"pt-BR\",\"@id\":\"https:\/\/www.suno.com.br\/noticias\/alexandre-moraes-suspende-processo-petrobras\/#primaryimage\",\"url\":\"https:\/\/files.sunoresearch.com.br\/n\/uploads\/2019\/05\/d7bd28e4-petrobras-jpg.webp\",\"contentUrl\":\"https:\/\/files.sunoresearch.com.br\/n\/uploads\/2019\/05\/d7bd28e4-petrobras-jpg.webp\",\"width\":1024,\"height\":683,\"caption\":\"Petrobras no Tribunal Superior do Trabalho (TST)\"},{\"@type\":\"BreadcrumbList\",\"@id\":\"https:\/\/www.suno.com.br\/noticias\/alexandre-moraes-suspende-processo-petrobras\/#breadcrumb\",\"itemListElement\":[{\"@type\":\"ListItem\",\"position\":1,\"name\":\"Not\u00edcias\",\"item\":\"https:\/\/www.suno.com.br\/noticias\/\"},{\"@type\":\"ListItem\",\"position\":2,\"name\":\"Neg\u00f3cios\",\"item\":\"https:\/\/www.suno.com.br\/noticias\/negocios\/\"},{\"@type\":\"ListItem\",\"position\":3,\"name\":\"Petrobras: processo no TST \u00e9 suspenso por Alexandre de Moraes\"}]},{\"@type\":\"WebSite\",\"@id\":\"https:\/\/www.suno.com.br\/noticias\/#website\",\"url\":\"https:\/\/www.suno.com.br\/noticias\/\",\"name\":\"Suno Not\u00edcias\",\"description\":\"Seu portal de informa\u00e7\u00e3o sobre o mundo dos investimentos\",\"publisher\":{\"@id\":\"https:\/\/www.suno.com.br\/noticias\/#organization\"},\"potentialAction\":[{\"@type\":\"SearchAction\",\"target\":{\"@type\":\"EntryPoint\",\"urlTemplate\":\"https:\/\/www.suno.com.br\/noticias\/?s={search_term_string}\"},\"query-input\":{\"@type\":\"PropertyValueSpecification\",\"valueRequired\":true,\"valueName\":\"search_term_string\"}}],\"inLanguage\":\"pt-BR\"},{\"@type\":\"Organization\",\"@id\":\"https:\/\/www.suno.com.br\/noticias\/#organization\",\"name\":\"Suno Not\u00edcias\",\"url\":\"https:\/\/www.suno.com.br\/noticias\/\",\"logo\":{\"@type\":\"ImageObject\",\"inLanguage\":\"pt-BR\",\"@id\":\"https:\/\/www.suno.com.br\/noticias\/#\/schema\/logo\/image\/\",\"url\":\"https:\/\/files.sunoresearch.com.br\/n\/uploads\/2021\/09\/suno-logo.png\",\"contentUrl\":\"https:\/\/files.sunoresearch.com.br\/n\/uploads\/2021\/09\/suno-logo.png\",\"width\":180,\"height\":180,\"caption\":\"Suno Not\u00edcias\"},\"image\":{\"@id\":\"https:\/\/www.suno.com.br\/noticias\/#\/schema\/logo\/image\/\"},\"sameAs\":[\"https:\/\/facebook.com\/sunoresearch\",\"https:\/\/x.com\/sunoresearch\",\"https:\/\/www.instagram.com\/suno\",\"https:\/\/www.linkedin.com\/company\/suno-research\/\",\"https:\/\/www.youtube.com\/c\/sunoresearch\"]},{\"@type\":\"Person\",\"@id\":\"https:\/\/www.suno.com.br\/noticias\/#\/schema\/person\/e6e0f723cc177805027f4566c1d5e0c8\",\"name\":\"Carlo Cauti\",\"image\":{\"@type\":\"ImageObject\",\"inLanguage\":\"pt-BR\",\"@id\":\"https:\/\/www.suno.com.br\/noticias\/#\/schema\/person\/image\/\",\"url\":\"https:\/\/secure.gravatar.com\/avatar\/3ada9e0bd164c23abd4792a9606d583c?s=96&r=g\",\"contentUrl\":\"https:\/\/secure.gravatar.com\/avatar\/3ada9e0bd164c23abd4792a9606d583c?s=96&r=g\",\"caption\":\"Carlo Cauti\"},\"description\":\"Editor multim\u00eddia do SUNO Not\u00edcias. Italiano, formado em Ci\u00eancias Pol\u00edticas pela universidade LUISS G. Carli de Roma e mestre cum laude em Rela\u00e7\u00f5es Internacionais, Jornalismo Internacional e de Guerra e em Economia Internacional. Concluiu tamb\u00e9m um MBA em Finan\u00e7as na B3. No Brasil, teve passagem por ve\u00edculos como Estad\u00e3o, Globo, Veja e EXAME. e nas ag\u00eancias de not\u00edcias italianas ANSA e NOVA.\",\"url\":\"https:\/\/www.suno.com.br\/noticias\/author\/carlo-cauti\/\"}]}<\/script>\n<!-- \/ Yoast SEO plugin. -->","yoast_head_json":{"title":"Petrobras: processo no TST \u00e9 suspenso por Alexandre de Moraes","description":"O processo em andamento no TST trata do pagamento de ajustes salariais a um empregado da Petrobras. Clique aqui para saber mais.","robots":{"index":"index","follow":"follow","max-snippet":"max-snippet:-1","max-image-preview":"max-image-preview:large","max-video-preview":"max-video-preview:-1"},"canonical":"https:\/\/www.suno.com.br\/noticias\/alexandre-moraes-suspende-processo-petrobras\/","og_locale":"pt_BR","og_type":"article","og_title":"Petrobras: processo no TST \u00e9 suspenso por Alexandre de Moraes","og_description":"O processo em andamento no TST trata do pagamento de ajustes salariais a um empregado da Petrobras. Clique aqui para saber mais.","og_url":"https:\/\/www.suno.com.br\/noticias\/alexandre-moraes-suspende-processo-petrobras\/","og_site_name":"Suno Not\u00edcias","article_publisher":"https:\/\/facebook.com\/sunoresearch","og_image":[{"width":1024,"height":683,"url":"https:\/\/files.sunoresearch.com.br\/n\/uploads\/2019\/05\/d7bd28e4-petrobras.jpg","type":"image\/jpeg"}],"author":"Carlo Cauti","twitter_card":"summary_large_image","twitter_creator":"@sunoresearch","twitter_site":"@sunoresearch","twitter_misc":{"Escrito por":"Carlo Cauti","Est. tempo de leitura":"2 minutos"},"schema":{"@context":"https:\/\/schema.org","@graph":[{"@type":"NewsArticle","@id":"https:\/\/www.suno.com.br\/noticias\/alexandre-moraes-suspende-processo-petrobras\/#article","isPartOf":{"@id":"https:\/\/www.suno.com.br\/noticias\/alexandre-moraes-suspende-processo-petrobras\/"},"author":{"name":"Carlo Cauti","@id":"https:\/\/www.suno.com.br\/noticias\/#\/schema\/person\/e6e0f723cc177805027f4566c1d5e0c8"},"headline":"Petrobras: processo no TST \u00e9 suspenso por Alexandre de Moraes","datePublished":"2019-06-21T23:08:47+00:00","mainEntityOfPage":{"@id":"https:\/\/www.suno.com.br\/noticias\/alexandre-moraes-suspende-processo-petrobras\/"},"wordCount":411,"publisher":{"@id":"https:\/\/www.suno.com.br\/noticias\/#organization"},"image":{"@id":"https:\/\/www.suno.com.br\/noticias\/alexandre-moraes-suspende-processo-petrobras\/#primaryimage"},"thumbnailUrl":"https:\/\/files.sunoresearch.com.br\/n\/uploads\/2019\/05\/d7bd28e4-petrobras-jpg.webp","keywords":["Petrobras (PETR4)","Supremo Tribunal Federal (STF)","TST"],"articleSection":["Neg\u00f3cios"],"inLanguage":"pt-BR"},{"@type":"WebPage","@id":"https:\/\/www.suno.com.br\/noticias\/alexandre-moraes-suspende-processo-petrobras\/","url":"https:\/\/www.suno.com.br\/noticias\/alexandre-moraes-suspende-processo-petrobras\/","name":"Petrobras: processo no TST \u00e9 suspenso por Alexandre de Moraes","isPartOf":{"@id":"https:\/\/www.suno.com.br\/noticias\/#website"},"primaryImageOfPage":{"@id":"https:\/\/www.suno.com.br\/noticias\/alexandre-moraes-suspende-processo-petrobras\/#primaryimage"},"image":{"@id":"https:\/\/www.suno.com.br\/noticias\/alexandre-moraes-suspende-processo-petrobras\/#primaryimage"},"thumbnailUrl":"https:\/\/files.sunoresearch.com.br\/n\/uploads\/2019\/05\/d7bd28e4-petrobras-jpg.webp","datePublished":"2019-06-21T23:08:47+00:00","description":"O processo em andamento no TST trata do pagamento de ajustes salariais a um empregado da Petrobras. Clique aqui para saber mais.","breadcrumb":{"@id":"https:\/\/www.suno.com.br\/noticias\/alexandre-moraes-suspende-processo-petrobras\/#breadcrumb"},"inLanguage":"pt-BR","potentialAction":[{"@type":"ReadAction","target":["https:\/\/www.suno.com.br\/noticias\/alexandre-moraes-suspende-processo-petrobras\/"]}]},{"@type":"ImageObject","inLanguage":"pt-BR","@id":"https:\/\/www.suno.com.br\/noticias\/alexandre-moraes-suspende-processo-petrobras\/#primaryimage","url":"https:\/\/files.sunoresearch.com.br\/n\/uploads\/2019\/05\/d7bd28e4-petrobras-jpg.webp","contentUrl":"https:\/\/files.sunoresearch.com.br\/n\/uploads\/2019\/05\/d7bd28e4-petrobras-jpg.webp","width":1024,"height":683,"caption":"Petrobras no Tribunal Superior do Trabalho (TST)"},{"@type":"BreadcrumbList","@id":"https:\/\/www.suno.com.br\/noticias\/alexandre-moraes-suspende-processo-petrobras\/#breadcrumb","itemListElement":[{"@type":"ListItem","position":1,"name":"Not\u00edcias","item":"https:\/\/www.suno.com.br\/noticias\/"},{"@type":"ListItem","position":2,"name":"Neg\u00f3cios","item":"https:\/\/www.suno.com.br\/noticias\/negocios\/"},{"@type":"ListItem","position":3,"name":"Petrobras: processo no TST \u00e9 suspenso por Alexandre de Moraes"}]},{"@type":"WebSite","@id":"https:\/\/www.suno.com.br\/noticias\/#website","url":"https:\/\/www.suno.com.br\/noticias\/","name":"Suno Not\u00edcias","description":"Seu portal de informa\u00e7\u00e3o sobre o mundo dos investimentos","publisher":{"@id":"https:\/\/www.suno.com.br\/noticias\/#organization"},"potentialAction":[{"@type":"SearchAction","target":{"@type":"EntryPoint","urlTemplate":"https:\/\/www.suno.com.br\/noticias\/?s={search_term_string}"},"query-input":{"@type":"PropertyValueSpecification","valueRequired":true,"valueName":"search_term_string"}}],"inLanguage":"pt-BR"},{"@type":"Organization","@id":"https:\/\/www.suno.com.br\/noticias\/#organization","name":"Suno Not\u00edcias","url":"https:\/\/www.suno.com.br\/noticias\/","logo":{"@type":"ImageObject","inLanguage":"pt-BR","@id":"https:\/\/www.suno.com.br\/noticias\/#\/schema\/logo\/image\/","url":"https:\/\/files.sunoresearch.com.br\/n\/uploads\/2021\/09\/suno-logo.png","contentUrl":"https:\/\/files.sunoresearch.com.br\/n\/uploads\/2021\/09\/suno-logo.png","width":180,"height":180,"caption":"Suno Not\u00edcias"},"image":{"@id":"https:\/\/www.suno.com.br\/noticias\/#\/schema\/logo\/image\/"},"sameAs":["https:\/\/facebook.com\/sunoresearch","https:\/\/x.com\/sunoresearch","https:\/\/www.instagram.com\/suno","https:\/\/www.linkedin.com\/company\/suno-research\/","https:\/\/www.youtube.com\/c\/sunoresearch"]},{"@type":"Person","@id":"https:\/\/www.suno.com.br\/noticias\/#\/schema\/person\/e6e0f723cc177805027f4566c1d5e0c8","name":"Carlo Cauti","image":{"@type":"ImageObject","inLanguage":"pt-BR","@id":"https:\/\/www.suno.com.br\/noticias\/#\/schema\/person\/image\/","url":"https:\/\/secure.gravatar.com\/avatar\/3ada9e0bd164c23abd4792a9606d583c?s=96&r=g","contentUrl":"https:\/\/secure.gravatar.com\/avatar\/3ada9e0bd164c23abd4792a9606d583c?s=96&r=g","caption":"Carlo Cauti"},"description":"Editor multim\u00eddia do SUNO Not\u00edcias. Italiano, formado em Ci\u00eancias Pol\u00edticas pela universidade LUISS G. Carli de Roma e mestre cum laude em Rela\u00e7\u00f5es Internacionais, Jornalismo Internacional e de Guerra e em Economia Internacional. Concluiu tamb\u00e9m um MBA em Finan\u00e7as na B3. No Brasil, teve passagem por ve\u00edculos como Estad\u00e3o, Globo, Veja e EXAME. e nas ag\u00eancias de not\u00edcias italianas ANSA e NOVA.","url":"https:\/\/www.suno.com.br\/noticias\/author\/carlo-cauti\/"}]}},"default_loop_html":"<div class=\"cardsPage__listCard__boxs\"><div class=\"cardsPage__listCard__boxs__img\"><a href=\"https:\/\/www.suno.com.br\/noticias\/alexandre-moraes-suspende-processo-petrobras\/\"><img class=\"mask\" src=\"https:\/\/www.suno.com.br\/noticias\/wp-content\/themes\/suno\/resources\/images\/spotlight\/spotlight1img\/bg-mask.png\" alt=\"Image Mask\"\/><img src=\"https:\/\/files.sunoresearch.com.br\/n\/uploads\/2019\/05\/d7bd28e4-petrobras-400x200.webp\" alt=\"Petrobras: processo no TST \u00e9 suspenso por Alexandre de Moraes\"\/><\/a><span class=\"spotlightCategory\"><a href=\"https:\/\/www.suno.com.br\/noticias\/negocios\/\">Neg\u00f3cios<\/a><\/span><\/div><div class=\"cardsPage__listCard__boxs__content\"><a href=\"https:\/\/www.suno.com.br\/noticias\/alexandre-moraes-suspende-processo-petrobras\/\"><h2 class=\"content__title\">Petrobras: processo no TST \u00e9 suspenso por Alexandre de Moraes<\/h2><\/a><div class=\"newsContent__article__meta\"><div class=\"newsContent__article__meta__authorBox\"><a href=\"https:\/\/www.suno.com.br\/noticias\/author\/carlo-cauti\/\" class=\"authorBox__avatar noMobi\"><img src=\"https:\/\/files.sunoresearch.com.br\/n\/uploads\/2020\/08\/e3745f9a-perfil-carlo-cauti-150x150.webp\" alt=\"Carlo Cauti\"><\/a><div class=\"authorBox__name\"><span>por\n\t\t\t<a href=\"https:\/\/www.suno.com.br\/noticias\/author\/carlo-cauti\/\"><span itemprop=\"author\">Carlo Cauti<\/span><\/a><\/span><time datetime=\"2019-06-21T20:08:47-03:00\" itemprop=\"datePublished\">21\/06\/2019 20:08<\/time><\/div><\/div><\/div><\/div><\/div>","single_layout":"posts","amp_enabled":true,"_links":{"self":[{"href":"https:\/\/www.suno.com.br\/noticias\/wp-json\/wp\/v2\/posts\/28853"}],"collection":[{"href":"https:\/\/www.suno.com.br\/noticias\/wp-json\/wp\/v2\/posts"}],"about":[{"href":"https:\/\/www.suno.com.br\/noticias\/wp-json\/wp\/v2\/types\/post"}],"author":[{"embeddable":true,"href":"https:\/\/www.suno.com.br\/noticias\/wp-json\/wp\/v2\/users\/9"}],"replies":[{"embeddable":true,"href":"https:\/\/www.suno.com.br\/noticias\/wp-json\/wp\/v2\/comments?post=28853"}],"version-history":[{"count":0,"href":"https:\/\/www.suno.com.br\/noticias\/wp-json\/wp\/v2\/posts\/28853\/revisions"}],"wp:featuredmedia":[{"embeddable":true,"href":"https:\/\/www.suno.com.br\/noticias\/wp-json\/wp\/v2\/media\/26044"}],"wp:attachment":[{"href":"https:\/\/www.suno.com.br\/noticias\/wp-json\/wp\/v2\/media?parent=28853"}],"wp:term":[{"taxonomy":"category","embeddable":true,"href":"https:\/\/www.suno.com.br\/noticias\/wp-json\/wp\/v2\/categories?post=28853"},{"taxonomy":"post_tag","embeddable":true,"href":"https:\/\/www.suno.com.br\/noticias\/wp-json\/wp\/v2\/tags?post=28853"},{"taxonomy":"suno_strategy","embeddable":true,"href":"https:\/\/www.suno.com.br\/noticias\/wp-json\/wp\/v2\/suno_strategy?post=28853"}],"curies":[{"name":"wp","href":"https:\/\/api.w.org\/{rel}","templated":true}]}}